{"id":48643,"date":"2022-11-25T14:09:26","date_gmt":"2022-11-25T12:09:26","guid":{"rendered":"https:\/\/buletin.de\/bucuresti\/?p=48643"},"modified":"2022-11-25T14:09:27","modified_gmt":"2022-11-25T12:09:27","slug":"sector-1-voucherele-anticriza-au-trecut-de-votul-consiliul-local-dar-cu-10-amendamente","status":"publish","type":"post","link":"https:\/\/buletin.de\/bucuresti\/sector-1-voucherele-anticriza-au-trecut-de-votul-consiliul-local-dar-cu-10-amendamente\/","title":{"rendered":"Sector 1 | Voucherele anticriz\u0103 au trecut de votul Consiliul Local. Dar cu 10 amendamente"},"content":{"rendered":"\n<p class=\"has-pale-cyan-blue-background-color has-background\">Proiectul tichetelor anticriz\u0103 a trecut, vineri, de votul Consiliului Local al Sectorului 1, \u00eens\u0103 cu 10 amendamente depuse de consilierii PNL \u015fi PSD. Potrivit amendamentelor men\u0163ionate, nu se vor mai acorda c\u00e2te 1.000 de lei pentru fiecare locuitor al sectorului, <a href=\"https:\/\/buletin.de\/bucuresti\/sectorul-1-tichete-de-criza-de-cate-1-000-de-lei-pentru-fiecare-locuitor\/\">cum anun\u0163ase ini\u0163ial Clotilde Armand<\/a>.<\/p>\n\n\n\n<p>Acestea se vor da diferen\u0163iat, pe gospod\u0103rie, \u00een func\u0163ie de veniturile pe fiecare membru al familiei:<\/p>\n\n\n\n<ul class=\"wp-block-list\"><li>Pentru gospod\u0103riile \u00een care se realizeaz\u0103 venituri\/cap\/membru de familie p\u00e2n\u0103 \u00een pragul maxim al salariului minim net pe economie, vor fi acordate stimulente financiare \u00een valoare de 3.000 lei\/gospod\u0103rie;<\/li><li>Pentru gospod\u0103riile \u00een care se realizeaz\u0103 venituri\/ cap\/ membru de familie \u00eentre salariul minim net pe economie \u0219i salariul mediu net pe economie vor fi acordate stimulente financiare \u00een valoare de 2.000 lei\/ gospod\u0103rie;<\/li><li>Pentru gospod\u0103riile \u00een care se realizeaz\u0103 venituri\/ cap\/ membru de familie peste salariul mediu net pe economie, vor fi acordate stimulente financiare, \u00een valoare de 1.000 lei\/gospod\u0103rie.<\/li><\/ul>\n\n\n\n<p>\u201eSe aprob\u0103 m\u0103suri locale destinate asigur\u0103rii nevoilor energetice \u015fi eficientiz\u0103rii consumului de energie \u00een gospod\u0103riile din Sectorul 1, \u00een sezonul rece 2022-2023, sub forma unor stimulente financiare pentru:<\/p>\n\n\n\n<p>a) ajutoare pentru \u00eenc\u0103lzire plata facturilor la serviciile destinate asigur\u0103rii nevoilor energetice minimale pentru iluminat, \u00eenc\u0103lzirea optim\u0103 a locuin\u0163ei pe timp de iarn\u0103, sus\u0163inerea facilit\u0103\u0163ilor de g\u0103tit \u015fi asigurarea apei calde \u00een locuin\u0163\u0103;<\/p>\n\n\n\n<p>b) achizi\u0163ionarea, \u00een cadrul locuin\u0163ei, de echipamente eficiente din punct de vedere energetic, necesare pentru iluminarea, r\u0103cirea, \u00eenc\u0103lzirea \u015fi asigurarea apei calde de consum, pentru \u00eenlocuirea aparatelor de uz casnic dep\u0103\u015fite din punct de vedere tehnic \u015fi moral cu aparate de uz casnic eficiente din punct de vedere energetic, pentru utilizarea mijloacelor de comunicare care presupun consum de energie;<\/p>\n\n\n\n<p>c) achizi\u0163ionarea de produse \u015fi servicii \u00een vederea cre\u015fterii performan\u0163ei energetice a cl\u0103dirilor ori pentru conectarea la surse de energie, locuitorilor Sectorului 1\u201d, se precizeaz\u0103 \u00een amendamentele PNL \u015fi PSD.<\/p>\n\n\n\n<p>Documentele doveditoare vor fi depuse spre decontare p\u00e2n\u0103 la data de 31 martie 2023.<\/p>\n\n\n\n<p>Totodat\u0103, fondurile necesare pentru finan\u0163area acestui proiect vor fi asigurate din bugetul local al Sectorului 1, \u00eens\u0103 \u00eenc\u0103 nu se \u015ftie care este impactul financiar al acestuia.<\/p>\n","protected":false},"excerpt":{"rendered":"<p>Proiectul tichetelor anticriz\u0103 a trecut, vineri, de votul Consiliului Local al Sectorului 1, \u00eens\u0103 cu 10 amendamente depuse de consilierii PNL \u015fi PSD. Potrivit amendamentelor men\u0163ionate, nu se vor mai acorda c\u00e2te 1.000 de lei pentru fiecare locuitor al sectorului, cum anun\u0163ase ini\u0163ial Clotilde Armand. Acestea se vor da diferen\u0163iat, pe gospod\u0103rie, \u00een func\u0163ie de [&hellip;]<\/p>\n","protected":false},"author":38,"featured_media":48644,"comment_status":"closed","ping_status":"open","sticky":false,"template":"","format":"standard","meta":{"_acf_changed":false,"inline_featured_image":false,"ngg_post_thumbnail":0,"footnotes":""},"categories":[24,62],"tags":[],"ppma_author":[22601],"class_list":["post-48643","post","type-post","status-publish","format-standard","has-post-thumbnail","hentry","category-primarie","category-stiri"],"acf":[],"yoast_head":"<!-- This site is optimized with the Yoast SEO Premium plugin v25.3 (Yoast SEO v27.5) - https:\/\/yoast.com\/product\/yoast-seo-premium-wordpress\/ -->\n<title>Sector 1 | Voucherele anticriz\u0103 au trecut de votul Consiliul Local. Dar cu 10 amendamente - Buletin de Bucure\u0219ti<\/title>\n<meta name=\"robots\" content=\"index, follow, max-snippet:-1, max-image-preview:large, max-video-preview:-1\" \/>\n<link rel=\"canonical\" href=\"https:\/\/buletin.de\/bucuresti\/sector-1-voucherele-anticriza-au-trecut-de-votul-consiliul-local-dar-cu-10-amendamente\/\" \/>\n<meta property=\"og:locale\" content=\"en_GB\" \/>\n<meta property=\"og:type\" content=\"article\" \/>\n<meta property=\"og:title\" content=\"Sector 1 | Voucherele anticriz\u0103 au trecut de votul Consiliul Local. Dar cu 10 amendamente\" \/>\n<meta property=\"og:description\" content=\"Proiectul tichetelor anticriz\u0103 a trecut, vineri, de votul Consiliului Local al Sectorului 1, \u00eens\u0103 cu 10 amendamente depuse de consilierii PNL \u015fi PSD. Potrivit amendamentelor men\u0163ionate, nu se vor mai acorda c\u00e2te 1.000 de lei pentru fiecare locuitor al sectorului, cum anun\u0163ase ini\u0163ial Clotilde Armand. Acestea se vor da diferen\u0163iat, pe gospod\u0103rie, \u00een func\u0163ie de [&hellip;]\" \/>\n<meta property=\"og:url\" content=\"https:\/\/buletin.de\/bucuresti\/sector-1-voucherele-anticriza-au-trecut-de-votul-consiliul-local-dar-cu-10-amendamente\/\" \/>\n<meta property=\"og:site_name\" content=\"Buletin de Bucure\u0219ti\" \/>\n<meta property=\"article:publisher\" content=\"https:\/\/www.facebook.com\/buletin.de.buc\" \/>\n<meta property=\"article:published_time\" content=\"2022-11-25T12:09:26+00:00\" \/>\n<meta property=\"article:modified_time\" content=\"2022-11-25T12:09:27+00:00\" \/>\n<meta property=\"og:image\" content=\"https:\/\/buletin.de\/bucuresti\/wp-content\/uploads\/primaria-sector-1.jpg\" \/>\n\t<meta property=\"og:image:width\" content=\"1600\" \/>\n\t<meta property=\"og:image:height\" content=\"1066\" \/>\n\t<meta property=\"og:image:type\" content=\"image\/jpeg\" \/>\n<meta name=\"author\" content=\"Anamaria Nedelcoff\" \/>\n<meta name=\"twitter:card\" content=\"summary_large_image\" \/>\n<meta name=\"twitter:label1\" content=\"Written by\" \/>\n\t<meta name=\"twitter:data1\" content=\"Anamaria Nedelcoff\" \/>\n\t<meta name=\"twitter:label2\" content=\"Estimated reading time\" \/>\n\t<meta name=\"twitter:data2\" content=\"2 minutes\" \/>\n<script type=\"application\/ld+json\" class=\"yoast-schema-graph\">{\"@context\":\"https:\\\/\\\/schema.org\",\"@graph\":[{\"@type\":\"Article\",\"@id\":\"https:\\\/\\\/buletin.de\\\/bucuresti\\\/sector-1-voucherele-anticriza-au-trecut-de-votul-consiliul-local-dar-cu-10-amendamente\\\/#article\",\"isPartOf\":{\"@id\":\"https:\\\/\\\/buletin.de\\\/bucuresti\\\/sector-1-voucherele-anticriza-au-trecut-de-votul-consiliul-local-dar-cu-10-amendamente\\\/\"},\"author\":{\"name\":\"Anamaria Nedelcoff\",\"@id\":\"https:\\\/\\\/buletin.de\\\/bucuresti\\\/#\\\/schema\\\/person\\\/bfa22994f12f5d3353b170aca494f1f9\"},\"headline\":\"Sector 1 | Voucherele anticriz\u0103 au trecut de votul Consiliul Local. Dar cu 10 amendamente\",\"datePublished\":\"2022-11-25T12:09:26+00:00\",\"dateModified\":\"2022-11-25T12:09:27+00:00\",\"mainEntityOfPage\":{\"@id\":\"https:\\\/\\\/buletin.de\\\/bucuresti\\\/sector-1-voucherele-anticriza-au-trecut-de-votul-consiliul-local-dar-cu-10-amendamente\\\/\"},\"wordCount\":383,\"publisher\":{\"@id\":\"https:\\\/\\\/buletin.de\\\/bucuresti\\\/#organization\"},\"image\":{\"@id\":\"https:\\\/\\\/buletin.de\\\/bucuresti\\\/sector-1-voucherele-anticriza-au-trecut-de-votul-consiliul-local-dar-cu-10-amendamente\\\/#primaryimage\"},\"thumbnailUrl\":\"https:\\\/\\\/buletin.de\\\/bucuresti\\\/wp-content\\\/uploads\\\/primaria-sector-1.jpg\",\"articleSection\":[\"Prim\u0103rie\",\"\u0218tiri\"],\"inLanguage\":\"en-GB\",\"copyrightYear\":\"2022\",\"copyrightHolder\":{\"@id\":\"https:\\\/\\\/buletin.de\\\/bucuresti\\\/#organization\"}},{\"@type\":\"WebPage\",\"@id\":\"https:\\\/\\\/buletin.de\\\/bucuresti\\\/sector-1-voucherele-anticriza-au-trecut-de-votul-consiliul-local-dar-cu-10-amendamente\\\/\",\"url\":\"https:\\\/\\\/buletin.de\\\/bucuresti\\\/sector-1-voucherele-anticriza-au-trecut-de-votul-consiliul-local-dar-cu-10-amendamente\\\/\",\"name\":\"Sector 1 | Voucherele anticriz\u0103 au trecut de votul Consiliul Local. Dar cu 10 amendamente - Buletin de Bucure\u0219ti\",\"isPartOf\":{\"@id\":\"https:\\\/\\\/buletin.de\\\/bucuresti\\\/#website\"},\"primaryImageOfPage\":{\"@id\":\"https:\\\/\\\/buletin.de\\\/bucuresti\\\/sector-1-voucherele-anticriza-au-trecut-de-votul-consiliul-local-dar-cu-10-amendamente\\\/#primaryimage\"},\"image\":{\"@id\":\"https:\\\/\\\/buletin.de\\\/bucuresti\\\/sector-1-voucherele-anticriza-au-trecut-de-votul-consiliul-local-dar-cu-10-amendamente\\\/#primaryimage\"},\"thumbnailUrl\":\"https:\\\/\\\/buletin.de\\\/bucuresti\\\/wp-content\\\/uploads\\\/primaria-sector-1.jpg\",\"datePublished\":\"2022-11-25T12:09:26+00:00\",\"dateModified\":\"2022-11-25T12:09:27+00:00\",\"breadcrumb\":{\"@id\":\"https:\\\/\\\/buletin.de\\\/bucuresti\\\/sector-1-voucherele-anticriza-au-trecut-de-votul-consiliul-local-dar-cu-10-amendamente\\\/#breadcrumb\"},\"inLanguage\":\"en-GB\",\"potentialAction\":[{\"@type\":\"ReadAction\",\"target\":[\"https:\\\/\\\/buletin.de\\\/bucuresti\\\/sector-1-voucherele-anticriza-au-trecut-de-votul-consiliul-local-dar-cu-10-amendamente\\\/\"]}]},{\"@type\":\"ImageObject\",\"inLanguage\":\"en-GB\",\"@id\":\"https:\\\/\\\/buletin.de\\\/bucuresti\\\/sector-1-voucherele-anticriza-au-trecut-de-votul-consiliul-local-dar-cu-10-amendamente\\\/#primaryimage\",\"url\":\"https:\\\/\\\/buletin.de\\\/bucuresti\\\/wp-content\\\/uploads\\\/primaria-sector-1.jpg\",\"contentUrl\":\"https:\\\/\\\/buletin.de\\\/bucuresti\\\/wp-content\\\/uploads\\\/primaria-sector-1.jpg\",\"width\":1600,\"height\":1066},{\"@type\":\"BreadcrumbList\",\"@id\":\"https:\\\/\\\/buletin.de\\\/bucuresti\\\/sector-1-voucherele-anticriza-au-trecut-de-votul-consiliul-local-dar-cu-10-amendamente\\\/#breadcrumb\",\"itemListElement\":[{\"@type\":\"ListItem\",\"position\":1,\"name\":\"Acas\u0103\",\"item\":\"https:\\\/\\\/buletin.de\\\/bucuresti\\\/\"},{\"@type\":\"ListItem\",\"position\":2,\"name\":\"Sector 1 | Voucherele anticriz\u0103 au trecut de votul Consiliul Local. Dar cu 10 amendamente\"}]},{\"@type\":\"WebSite\",\"@id\":\"https:\\\/\\\/buletin.de\\\/bucuresti\\\/#website\",\"url\":\"https:\\\/\\\/buletin.de\\\/bucuresti\\\/\",\"name\":\"Buletin de Bucure\u0219ti\",\"description\":\"\u0218tiri \u0219i investiga\u021bii esen\u021biale din capital\u0103\",\"publisher\":{\"@id\":\"https:\\\/\\\/buletin.de\\\/bucuresti\\\/#organization\"},\"potentialAction\":[{\"@type\":\"SearchAction\",\"target\":{\"@type\":\"EntryPoint\",\"urlTemplate\":\"https:\\\/\\\/buletin.de\\\/bucuresti\\\/?s={search_term_string}\"},\"query-input\":{\"@type\":\"PropertyValueSpecification\",\"valueRequired\":true,\"valueName\":\"search_term_string\"}}],\"inLanguage\":\"en-GB\"},{\"@type\":\"Organization\",\"@id\":\"https:\\\/\\\/buletin.de\\\/bucuresti\\\/#organization\",\"name\":\"Buletin de Bucure\u0219ti\",\"url\":\"https:\\\/\\\/buletin.de\\\/bucuresti\\\/\",\"logo\":{\"@type\":\"ImageObject\",\"inLanguage\":\"en-GB\",\"@id\":\"https:\\\/\\\/buletin.de\\\/bucuresti\\\/#\\\/schema\\\/logo\\\/image\\\/\",\"url\":\"https:\\\/\\\/buletin.de\\\/bucuresti\\\/wp-content\\\/uploads\\\/logo-bdb-full-wide-vernil-transparent.png\",\"contentUrl\":\"https:\\\/\\\/buletin.de\\\/bucuresti\\\/wp-content\\\/uploads\\\/logo-bdb-full-wide-vernil-transparent.png\",\"width\":1782,\"height\":626,\"caption\":\"Buletin de Bucure\u0219ti\"},\"image\":{\"@id\":\"https:\\\/\\\/buletin.de\\\/bucuresti\\\/#\\\/schema\\\/logo\\\/image\\\/\"},\"sameAs\":[\"https:\\\/\\\/www.facebook.com\\\/buletin.de.buc\",\"https:\\\/\\\/www.instagram.com\\\/buletinde.bucuresti\\\/\"]},{\"@type\":\"Person\",\"@id\":\"https:\\\/\\\/buletin.de\\\/bucuresti\\\/#\\\/schema\\\/person\\\/bfa22994f12f5d3353b170aca494f1f9\",\"name\":\"Anamaria Nedelcoff\",\"image\":{\"@type\":\"ImageObject\",\"inLanguage\":\"en-GB\",\"@id\":\"https:\\\/\\\/secure.gravatar.com\\\/avatar\\\/409df91a26b98006111557131cc35236962765b734317e1dcf94c6bc1d010629?s=96&d=monsterid&r=g9bc3ae6c8e1522e913d1a0debd6aec89\",\"url\":\"https:\\\/\\\/secure.gravatar.com\\\/avatar\\\/409df91a26b98006111557131cc35236962765b734317e1dcf94c6bc1d010629?s=96&d=monsterid&r=g\",\"contentUrl\":\"https:\\\/\\\/secure.gravatar.com\\\/avatar\\\/409df91a26b98006111557131cc35236962765b734317e1dcf94c6bc1d010629?s=96&d=monsterid&r=g\",\"caption\":\"Anamaria Nedelcoff\"},\"url\":\"https:\\\/\\\/buletin.de\\\/bucuresti\\\/author\\\/nedelcoff\\\/\"}]}<\/script>\n<!-- \/ Yoast SEO Premium plugin. -->","yoast_head_json":{"title":"Sector 1 | Voucherele anticriz\u0103 au trecut de votul Consiliul Local. Dar cu 10 amendamente - Buletin de Bucure\u0219ti","robots":{"index":"index","follow":"follow","max-snippet":"max-snippet:-1","max-image-preview":"max-image-preview:large","max-video-preview":"max-video-preview:-1"},"canonical":"https:\/\/buletin.de\/bucuresti\/sector-1-voucherele-anticriza-au-trecut-de-votul-consiliul-local-dar-cu-10-amendamente\/","og_locale":"en_GB","og_type":"article","og_title":"Sector 1 | Voucherele anticriz\u0103 au trecut de votul Consiliul Local. Dar cu 10 amendamente","og_description":"Proiectul tichetelor anticriz\u0103 a trecut, vineri, de votul Consiliului Local al Sectorului 1, \u00eens\u0103 cu 10 amendamente depuse de consilierii PNL \u015fi PSD. Potrivit amendamentelor men\u0163ionate, nu se vor mai acorda c\u00e2te 1.000 de lei pentru fiecare locuitor al sectorului, cum anun\u0163ase ini\u0163ial Clotilde Armand. Acestea se vor da diferen\u0163iat, pe gospod\u0103rie, \u00een func\u0163ie de [&hellip;]","og_url":"https:\/\/buletin.de\/bucuresti\/sector-1-voucherele-anticriza-au-trecut-de-votul-consiliul-local-dar-cu-10-amendamente\/","og_site_name":"Buletin de Bucure\u0219ti","article_publisher":"https:\/\/www.facebook.com\/buletin.de.buc","article_published_time":"2022-11-25T12:09:26+00:00","article_modified_time":"2022-11-25T12:09:27+00:00","og_image":[{"width":1600,"height":1066,"url":"https:\/\/buletin.de\/bucuresti\/wp-content\/uploads\/primaria-sector-1.jpg","type":"image\/jpeg"}],"author":"Anamaria Nedelcoff","twitter_card":"summary_large_image","twitter_misc":{"Written by":"Anamaria Nedelcoff","Estimated reading time":"2 minutes"},"schema":{"@context":"https:\/\/schema.org","@graph":[{"@type":"Article","@id":"https:\/\/buletin.de\/bucuresti\/sector-1-voucherele-anticriza-au-trecut-de-votul-consiliul-local-dar-cu-10-amendamente\/#article","isPartOf":{"@id":"https:\/\/buletin.de\/bucuresti\/sector-1-voucherele-anticriza-au-trecut-de-votul-consiliul-local-dar-cu-10-amendamente\/"},"author":{"name":"Anamaria Nedelcoff","@id":"https:\/\/buletin.de\/bucuresti\/#\/schema\/person\/bfa22994f12f5d3353b170aca494f1f9"},"headline":"Sector 1 | Voucherele anticriz\u0103 au trecut de votul Consiliul Local. Dar cu 10 amendamente","datePublished":"2022-11-25T12:09:26+00:00","dateModified":"2022-11-25T12:09:27+00:00","mainEntityOfPage":{"@id":"https:\/\/buletin.de\/bucuresti\/sector-1-voucherele-anticriza-au-trecut-de-votul-consiliul-local-dar-cu-10-amendamente\/"},"wordCount":383,"publisher":{"@id":"https:\/\/buletin.de\/bucuresti\/#organization"},"image":{"@id":"https:\/\/buletin.de\/bucuresti\/sector-1-voucherele-anticriza-au-trecut-de-votul-consiliul-local-dar-cu-10-amendamente\/#primaryimage"},"thumbnailUrl":"https:\/\/buletin.de\/bucuresti\/wp-content\/uploads\/primaria-sector-1.jpg","articleSection":["Prim\u0103rie","\u0218tiri"],"inLanguage":"en-GB","copyrightYear":"2022","copyrightHolder":{"@id":"https:\/\/buletin.de\/bucuresti\/#organization"}},{"@type":"WebPage","@id":"https:\/\/buletin.de\/bucuresti\/sector-1-voucherele-anticriza-au-trecut-de-votul-consiliul-local-dar-cu-10-amendamente\/","url":"https:\/\/buletin.de\/bucuresti\/sector-1-voucherele-anticriza-au-trecut-de-votul-consiliul-local-dar-cu-10-amendamente\/","name":"Sector 1 | Voucherele anticriz\u0103 au trecut de votul Consiliul Local. Dar cu 10 amendamente - Buletin de Bucure\u0219ti","isPartOf":{"@id":"https:\/\/buletin.de\/bucuresti\/#website"},"primaryImageOfPage":{"@id":"https:\/\/buletin.de\/bucuresti\/sector-1-voucherele-anticriza-au-trecut-de-votul-consiliul-local-dar-cu-10-amendamente\/#primaryimage"},"image":{"@id":"https:\/\/buletin.de\/bucuresti\/sector-1-voucherele-anticriza-au-trecut-de-votul-consiliul-local-dar-cu-10-amendamente\/#primaryimage"},"thumbnailUrl":"https:\/\/buletin.de\/bucuresti\/wp-content\/uploads\/primaria-sector-1.jpg","datePublished":"2022-11-25T12:09:26+00:00","dateModified":"2022-11-25T12:09:27+00:00","breadcrumb":{"@id":"https:\/\/buletin.de\/bucuresti\/sector-1-voucherele-anticriza-au-trecut-de-votul-consiliul-local-dar-cu-10-amendamente\/#breadcrumb"},"inLanguage":"en-GB","potentialAction":[{"@type":"ReadAction","target":["https:\/\/buletin.de\/bucuresti\/sector-1-voucherele-anticriza-au-trecut-de-votul-consiliul-local-dar-cu-10-amendamente\/"]}]},{"@type":"ImageObject","inLanguage":"en-GB","@id":"https:\/\/buletin.de\/bucuresti\/sector-1-voucherele-anticriza-au-trecut-de-votul-consiliul-local-dar-cu-10-amendamente\/#primaryimage","url":"https:\/\/buletin.de\/bucuresti\/wp-content\/uploads\/primaria-sector-1.jpg","contentUrl":"https:\/\/buletin.de\/bucuresti\/wp-content\/uploads\/primaria-sector-1.jpg","width":1600,"height":1066},{"@type":"BreadcrumbList","@id":"https:\/\/buletin.de\/bucuresti\/sector-1-voucherele-anticriza-au-trecut-de-votul-consiliul-local-dar-cu-10-amendamente\/#breadcrumb","itemListElement":[{"@type":"ListItem","position":1,"name":"Acas\u0103","item":"https:\/\/buletin.de\/bucuresti\/"},{"@type":"ListItem","position":2,"name":"Sector 1 | Voucherele anticriz\u0103 au trecut de votul Consiliul Local. Dar cu 10 amendamente"}]},{"@type":"WebSite","@id":"https:\/\/buletin.de\/bucuresti\/#website","url":"https:\/\/buletin.de\/bucuresti\/","name":"Buletin de Bucure\u0219ti","description":"\u0218tiri \u0219i investiga\u021bii esen\u021biale din capital\u0103","publisher":{"@id":"https:\/\/buletin.de\/bucuresti\/#organization"},"potentialAction":[{"@type":"SearchAction","target":{"@type":"EntryPoint","urlTemplate":"https:\/\/buletin.de\/bucuresti\/?s={search_term_string}"},"query-input":{"@type":"PropertyValueSpecification","valueRequired":true,"valueName":"search_term_string"}}],"inLanguage":"en-GB"},{"@type":"Organization","@id":"https:\/\/buletin.de\/bucuresti\/#organization","name":"Buletin de Bucure\u0219ti","url":"https:\/\/buletin.de\/bucuresti\/","logo":{"@type":"ImageObject","inLanguage":"en-GB","@id":"https:\/\/buletin.de\/bucuresti\/#\/schema\/logo\/image\/","url":"https:\/\/buletin.de\/bucuresti\/wp-content\/uploads\/logo-bdb-full-wide-vernil-transparent.png","contentUrl":"https:\/\/buletin.de\/bucuresti\/wp-content\/uploads\/logo-bdb-full-wide-vernil-transparent.png","width":1782,"height":626,"caption":"Buletin de Bucure\u0219ti"},"image":{"@id":"https:\/\/buletin.de\/bucuresti\/#\/schema\/logo\/image\/"},"sameAs":["https:\/\/www.facebook.com\/buletin.de.buc","https:\/\/www.instagram.com\/buletinde.bucuresti\/"]},{"@type":"Person","@id":"https:\/\/buletin.de\/bucuresti\/#\/schema\/person\/bfa22994f12f5d3353b170aca494f1f9","name":"Anamaria Nedelcoff","image":{"@type":"ImageObject","inLanguage":"en-GB","@id":"https:\/\/secure.gravatar.com\/avatar\/409df91a26b98006111557131cc35236962765b734317e1dcf94c6bc1d010629?s=96&d=monsterid&r=g9bc3ae6c8e1522e913d1a0debd6aec89","url":"https:\/\/secure.gravatar.com\/avatar\/409df91a26b98006111557131cc35236962765b734317e1dcf94c6bc1d010629?s=96&d=monsterid&r=g","contentUrl":"https:\/\/secure.gravatar.com\/avatar\/409df91a26b98006111557131cc35236962765b734317e1dcf94c6bc1d010629?s=96&d=monsterid&r=g","caption":"Anamaria Nedelcoff"},"url":"https:\/\/buletin.de\/bucuresti\/author\/nedelcoff\/"}]}},"authors":[{"term_id":22601,"user_id":38,"is_guest":0,"slug":"nedelcoff","display_name":"Anamaria Nedelcoff","avatar_url":"https:\/\/secure.gravatar.com\/avatar\/409df91a26b98006111557131cc35236962765b734317e1dcf94c6bc1d010629?s=96&d=monsterid&r=g","0":null,"1":"","2":"","3":"","4":"","5":"","6":"","7":"","8":""}],"_links":{"self":[{"href":"https:\/\/buletin.de\/bucuresti\/wp-json\/wp\/v2\/posts\/48643","targetHints":{"allow":["GET"]}}],"collection":[{"href":"https:\/\/buletin.de\/bucuresti\/wp-json\/wp\/v2\/posts"}],"about":[{"href":"https:\/\/buletin.de\/bucuresti\/wp-json\/wp\/v2\/types\/post"}],"author":[{"embeddable":true,"href":"https:\/\/buletin.de\/bucuresti\/wp-json\/wp\/v2\/users\/38"}],"replies":[{"embeddable":true,"href":"https:\/\/buletin.de\/bucuresti\/wp-json\/wp\/v2\/comments?post=48643"}],"version-history":[{"count":3,"href":"https:\/\/buletin.de\/bucuresti\/wp-json\/wp\/v2\/posts\/48643\/revisions"}],"predecessor-version":[{"id":48647,"href":"https:\/\/buletin.de\/bucuresti\/wp-json\/wp\/v2\/posts\/48643\/revisions\/48647"}],"wp:featuredmedia":[{"embeddable":true,"href":"https:\/\/buletin.de\/bucuresti\/wp-json\/wp\/v2\/media\/48644"}],"wp:attachment":[{"href":"https:\/\/buletin.de\/bucuresti\/wp-json\/wp\/v2\/media?parent=48643"}],"wp:term":[{"taxonomy":"category","embeddable":true,"href":"https:\/\/buletin.de\/bucuresti\/wp-json\/wp\/v2\/categories?post=48643"},{"taxonomy":"post_tag","embeddable":true,"href":"https:\/\/buletin.de\/bucuresti\/wp-json\/wp\/v2\/tags?post=48643"},{"taxonomy":"author","embeddable":true,"href":"https:\/\/buletin.de\/bucuresti\/wp-json\/wp\/v2\/ppma_author?post=48643"}],"curies":[{"name":"wp","href":"https:\/\/api.w.org\/{rel}","templated":true}]}}