{"id":48508,"date":"2022-11-24T10:52:37","date_gmt":"2022-11-24T08:52:37","guid":{"rendered":"https:\/\/buletin.de\/bucuresti\/?p=48508"},"modified":"2022-11-24T11:01:57","modified_gmt":"2022-11-24T09:01:57","slug":"parada-militara-cu-peste-1500-de-militari-de-ziua-nationala-a-romaniei-in-bucuresti-repetitiile-vor-avea-loc-in-acest-weekend","status":"publish","type":"post","link":"https:\/\/buletin.de\/bucuresti\/parada-militara-cu-peste-1500-de-militari-de-ziua-nationala-a-romaniei-in-bucuresti-repetitiile-vor-avea-loc-in-acest-weekend\/","title":{"rendered":"Parad\u0103 militar\u0103 cu peste 1500 de militari, de Ziua Na\u021bional\u0103 a Rom\u00e2niei, \u00een Bucure\u0219ti. Repeti\u021biile vor  avea loc \u00een acest weekend"},"content":{"rendered":"\n<p><strong>Cu ocazia Zilei Na\u021bionale a Rom\u00e2niei, Ministerul Ap\u0103r\u0103rii Na\u021bionale organizeaz\u0103 la Bucure\u0219ti o parad\u0103 militar\u0103 cu depuneri de coroane \u0219i 21 salve de tun. Peste 1500 de militari \u0219i speciali\u015fti din Ministerul Ap\u0103r\u0103rii Na\u0163ionale, Ministerul Afacerilor Interne, Serviciul Rom\u00e2n de Informa\u0163ii, Serviciul de Telecomunica\u021bii Speciale \u015fi Administra\u021bia Na\u021bional\u0103 a Penitenciarelor, vor fi prezen\u021bi pe 1 Decembrie, de la ora 11, \u00een Pia\u021ba Arcului de Triumf din Bucure\u0219ti. De asemenea, 120 de mijloce tehnice, dintre care 40 de aeronave, vor participa la eveniment.<\/strong><\/p>\n\n\n\n<p>La parada militar\u0103 vor lua parte \u0219i deta\u0219amente din&nbsp; Belgia, Fran\u021ba, Macedonia de Nord, Republica Moldova, Portugalia, Statele Unite ale Americii \u0219i \u021a\u0103rile de Jos, precum \u0219i militari reprezent\u00e2nd \u021b\u0103rile aliate contributoare la structurile NATO.<\/p>\n\n\n\n<p>\u201eLa \u00eenceputul ceremoniei se va intona Imnul Na\u021bional al Rom\u00e2niei, concomitent cu executarea a 21 de salve de tun, urmat de depunerea unei coroane de flori de c\u0103tre Pre\u0219edintele Rom\u00e2niei, Klaus Iohannis, \u00een memoria eroilor rom\u00e2ni c\u0103zu\u021bi pe c\u00e2mpurile de b\u0103t\u0103lie pentru re\u00eentregirea neamului rom\u00e2nesc, \u0219i de p\u0103strarea unui moment de reculegere.\u201d, se precizeaz\u0103 \u00een <a href=\"https:\/\/www.mapn.ro\/cpresa\/17709_parada-militara-la-bucuresti,-de-ziua-nationala-a-romaniei\" target=\"_blank\" rel=\"noreferrer noopener\">comunicatul<\/a> Ministerului Ap\u0103r\u0103rii Na\u021bionale.<\/p>\n\n\n\n<figure class=\"wp-block-image size-large\"><img fetchpriority=\"high\" decoding=\"async\" width=\"900\" height=\"675\" src=\"data:image\/gif;base64,R0lGODlhAQABAAAAACH5BAEKAAEALAAAAAABAAEAAAICTAEAOw==\" data-src=\"https:\/\/buletin.de\/bucuresti\/wp-content\/uploads\/78696973_2749672795090947_1844860875094097920_n-900x675.jpg\" alt=\"\" class=\"wp-image-48511 lazyload\" data-sizes=\"auto\" data-srcset=\"https:\/\/buletin.de\/bucuresti\/wp-content\/uploads\/78696973_2749672795090947_1844860875094097920_n-900x675.jpg 900w, https:\/\/buletin.de\/bucuresti\/wp-content\/uploads\/78696973_2749672795090947_1844860875094097920_n-300x225.jpg 300w, https:\/\/buletin.de\/bucuresti\/wp-content\/uploads\/78696973_2749672795090947_1844860875094097920_n-768x576.jpg 768w, https:\/\/buletin.de\/bucuresti\/wp-content\/uploads\/78696973_2749672795090947_1844860875094097920_n-1536x1152.jpg 1536w, https:\/\/buletin.de\/bucuresti\/wp-content\/uploads\/78696973_2749672795090947_1844860875094097920_n-1060x795.jpg 1060w, https:\/\/buletin.de\/bucuresti\/wp-content\/uploads\/78696973_2749672795090947_1844860875094097920_n-550x413.jpg 550w, https:\/\/buletin.de\/bucuresti\/wp-content\/uploads\/78696973_2749672795090947_1844860875094097920_n-667x500.jpg 667w, https:\/\/buletin.de\/bucuresti\/wp-content\/uploads\/78696973_2749672795090947_1844860875094097920_n-1920x1440.jpg 1920w, https:\/\/buletin.de\/bucuresti\/wp-content\/uploads\/78696973_2749672795090947_1844860875094097920_n-1440x1080.jpg 1440w, https:\/\/buletin.de\/bucuresti\/wp-content\/uploads\/78696973_2749672795090947_1844860875094097920_n-600x450.jpg 600w, https:\/\/buletin.de\/bucuresti\/wp-content\/uploads\/78696973_2749672795090947_1844860875094097920_n.jpg 2000w\" sizes=\"(max-width: 900px) 100vw, 900px\" \/><figcaption>Parada militar\u0103 din 2019 <br>Surs\u0103 foto: Andreea Gelatu<\/figcaption><\/figure>\n\n\n\n<p>\u00cen acest weekend, vor avea loc repeti\u021bii.<\/p>\n\n\n\n<p> Pentru preg\u0103tirea paradei militare, organizat\u0103 de Ziua Na\u021bional\u0103 a Rom\u00e2niei, \u00een acest weekend se vor desf\u0103\u0219ura repeti\u021bii.<\/p>\n\n\n\n<p>Astfel, s\u00e2mb\u0103t\u0103, 26 noiembrie, \u00een Poligonul Ghencea, de la ora 10.00, va avea loc o repeti\u021bie deschis\u0103. Duminic\u0103, 27 noiembrie, \u00een Pia\u021ba Arcului de Triumf, de la ora 09.00, se va desf\u0103\u0219ura repeti\u021bia general\u0103.<\/p>\n","protected":false},"excerpt":{"rendered":"<p>Cu ocazia Zilei Na\u021bionale a Rom\u00e2niei, Ministerul Ap\u0103r\u0103rii Na\u021bionale organizeaz\u0103 la Bucure\u0219ti o parad\u0103 militar\u0103 cu depuneri de coroane \u0219i 21 salve de tun. Peste 1500 de militari \u0219i speciali\u015fti din Ministerul Ap\u0103r\u0103rii Na\u0163ionale, Ministerul Afacerilor Interne, Serviciul Rom\u00e2n de Informa\u0163ii, Serviciul de Telecomunica\u021bii Speciale \u015fi Administra\u021bia Na\u021bional\u0103 a Penitenciarelor, vor fi prezen\u021bi pe 1 [&hellip;]<\/p>\n","protected":false},"author":46,"featured_media":48513,"comment_status":"closed","ping_status":"open","sticky":false,"template":"","format":"standard","meta":{"_acf_changed":false,"inline_featured_image":false,"ngg_post_thumbnail":0,"footnotes":""},"categories":[62],"tags":[],"ppma_author":[22605],"class_list":["post-48508","post","type-post","status-publish","format-standard","has-post-thumbnail","hentry","category-stiri"],"acf":[],"yoast_head":"<!-- This site is optimized with the Yoast SEO Premium plugin v25.3 (Yoast SEO v27.4) - https:\/\/yoast.com\/product\/yoast-seo-premium-wordpress\/ -->\n<title>Parad\u0103 militar\u0103 cu peste 1500 de militari, de Ziua Na\u021bional\u0103 a Rom\u00e2niei, \u00een Bucure\u0219ti. Repeti\u021biile vor avea loc \u00een acest weekend - Buletin de Bucure\u0219ti<\/title>\n<meta name=\"robots\" content=\"index, follow, max-snippet:-1, max-image-preview:large, max-video-preview:-1\" \/>\n<link rel=\"canonical\" href=\"https:\/\/buletin.de\/bucuresti\/parada-militara-cu-peste-1500-de-militari-de-ziua-nationala-a-romaniei-in-bucuresti-repetitiile-vor-avea-loc-in-acest-weekend\/\" \/>\n<meta property=\"og:locale\" content=\"en_GB\" \/>\n<meta property=\"og:type\" content=\"article\" \/>\n<meta property=\"og:title\" content=\"Parad\u0103 militar\u0103 cu peste 1500 de militari, de Ziua Na\u021bional\u0103 a Rom\u00e2niei, \u00een Bucure\u0219ti. Repeti\u021biile vor avea loc \u00een acest weekend\" \/>\n<meta property=\"og:description\" content=\"Cu ocazia Zilei Na\u021bionale a Rom\u00e2niei, Ministerul Ap\u0103r\u0103rii Na\u021bionale organizeaz\u0103 la Bucure\u0219ti o parad\u0103 militar\u0103 cu depuneri de coroane \u0219i 21 salve de tun. Peste 1500 de militari \u0219i speciali\u015fti din Ministerul Ap\u0103r\u0103rii Na\u0163ionale, Ministerul Afacerilor Interne, Serviciul Rom\u00e2n de Informa\u0163ii, Serviciul de Telecomunica\u021bii Speciale \u015fi Administra\u021bia Na\u021bional\u0103 a Penitenciarelor, vor fi prezen\u021bi pe 1 [&hellip;]\" \/>\n<meta property=\"og:url\" content=\"https:\/\/buletin.de\/bucuresti\/parada-militara-cu-peste-1500-de-militari-de-ziua-nationala-a-romaniei-in-bucuresti-repetitiile-vor-avea-loc-in-acest-weekend\/\" \/>\n<meta property=\"og:site_name\" content=\"Buletin de Bucure\u0219ti\" \/>\n<meta property=\"article:publisher\" content=\"https:\/\/www.facebook.com\/buletin.de.buc\" \/>\n<meta property=\"article:published_time\" content=\"2022-11-24T08:52:37+00:00\" \/>\n<meta property=\"article:modified_time\" content=\"2022-11-24T09:01:57+00:00\" \/>\n<meta property=\"og:image\" content=\"https:\/\/buletin.de\/bucuresti\/wp-content\/uploads\/Parada.jpg\" \/>\n\t<meta property=\"og:image:width\" content=\"1499\" \/>\n\t<meta property=\"og:image:height\" content=\"1131\" \/>\n\t<meta property=\"og:image:type\" content=\"image\/jpeg\" \/>\n<meta name=\"author\" content=\"Andreea Gelatu\" \/>\n<meta name=\"twitter:card\" content=\"summary_large_image\" \/>\n<meta name=\"twitter:label1\" content=\"Written by\" \/>\n\t<meta name=\"twitter:data1\" content=\"Andreea Gelatu\" \/>\n\t<meta name=\"twitter:label2\" content=\"Estimated reading time\" \/>\n\t<meta name=\"twitter:data2\" content=\"2 minutes\" \/>\n<script type=\"application\/ld+json\" class=\"yoast-schema-graph\">{\"@context\":\"https:\\\/\\\/schema.org\",\"@graph\":[{\"@type\":\"Article\",\"@id\":\"https:\\\/\\\/buletin.de\\\/bucuresti\\\/parada-militara-cu-peste-1500-de-militari-de-ziua-nationala-a-romaniei-in-bucuresti-repetitiile-vor-avea-loc-in-acest-weekend\\\/#article\",\"isPartOf\":{\"@id\":\"https:\\\/\\\/buletin.de\\\/bucuresti\\\/parada-militara-cu-peste-1500-de-militari-de-ziua-nationala-a-romaniei-in-bucuresti-repetitiile-vor-avea-loc-in-acest-weekend\\\/\"},\"author\":{\"name\":\"Andreea Gelatu\",\"@id\":\"https:\\\/\\\/buletin.de\\\/bucuresti\\\/#\\\/schema\\\/person\\\/87734700b2c7f8608881f7e93b8834de\"},\"headline\":\"Parad\u0103 militar\u0103 cu peste 1500 de militari, de Ziua Na\u021bional\u0103 a Rom\u00e2niei, \u00een Bucure\u0219ti. Repeti\u021biile vor avea loc \u00een acest weekend\",\"datePublished\":\"2022-11-24T08:52:37+00:00\",\"dateModified\":\"2022-11-24T09:01:57+00:00\",\"mainEntityOfPage\":{\"@id\":\"https:\\\/\\\/buletin.de\\\/bucuresti\\\/parada-militara-cu-peste-1500-de-militari-de-ziua-nationala-a-romaniei-in-bucuresti-repetitiile-vor-avea-loc-in-acest-weekend\\\/\"},\"wordCount\":305,\"publisher\":{\"@id\":\"https:\\\/\\\/buletin.de\\\/bucuresti\\\/#organization\"},\"image\":{\"@id\":\"https:\\\/\\\/buletin.de\\\/bucuresti\\\/parada-militara-cu-peste-1500-de-militari-de-ziua-nationala-a-romaniei-in-bucuresti-repetitiile-vor-avea-loc-in-acest-weekend\\\/#primaryimage\"},\"thumbnailUrl\":\"https:\\\/\\\/buletin.de\\\/bucuresti\\\/wp-content\\\/uploads\\\/Parada.jpg\",\"articleSection\":[\"\u0218tiri\"],\"inLanguage\":\"en-GB\",\"copyrightYear\":\"2022\",\"copyrightHolder\":{\"@id\":\"https:\\\/\\\/buletin.de\\\/bucuresti\\\/#organization\"}},{\"@type\":\"WebPage\",\"@id\":\"https:\\\/\\\/buletin.de\\\/bucuresti\\\/parada-militara-cu-peste-1500-de-militari-de-ziua-nationala-a-romaniei-in-bucuresti-repetitiile-vor-avea-loc-in-acest-weekend\\\/\",\"url\":\"https:\\\/\\\/buletin.de\\\/bucuresti\\\/parada-militara-cu-peste-1500-de-militari-de-ziua-nationala-a-romaniei-in-bucuresti-repetitiile-vor-avea-loc-in-acest-weekend\\\/\",\"name\":\"Parad\u0103 militar\u0103 cu peste 1500 de militari, de Ziua Na\u021bional\u0103 a Rom\u00e2niei, \u00een Bucure\u0219ti. Repeti\u021biile vor avea loc \u00een acest weekend - Buletin de Bucure\u0219ti\",\"isPartOf\":{\"@id\":\"https:\\\/\\\/buletin.de\\\/bucuresti\\\/#website\"},\"primaryImageOfPage\":{\"@id\":\"https:\\\/\\\/buletin.de\\\/bucuresti\\\/parada-militara-cu-peste-1500-de-militari-de-ziua-nationala-a-romaniei-in-bucuresti-repetitiile-vor-avea-loc-in-acest-weekend\\\/#primaryimage\"},\"image\":{\"@id\":\"https:\\\/\\\/buletin.de\\\/bucuresti\\\/parada-militara-cu-peste-1500-de-militari-de-ziua-nationala-a-romaniei-in-bucuresti-repetitiile-vor-avea-loc-in-acest-weekend\\\/#primaryimage\"},\"thumbnailUrl\":\"https:\\\/\\\/buletin.de\\\/bucuresti\\\/wp-content\\\/uploads\\\/Parada.jpg\",\"datePublished\":\"2022-11-24T08:52:37+00:00\",\"dateModified\":\"2022-11-24T09:01:57+00:00\",\"breadcrumb\":{\"@id\":\"https:\\\/\\\/buletin.de\\\/bucuresti\\\/parada-militara-cu-peste-1500-de-militari-de-ziua-nationala-a-romaniei-in-bucuresti-repetitiile-vor-avea-loc-in-acest-weekend\\\/#breadcrumb\"},\"inLanguage\":\"en-GB\",\"potentialAction\":[{\"@type\":\"ReadAction\",\"target\":[\"https:\\\/\\\/buletin.de\\\/bucuresti\\\/parada-militara-cu-peste-1500-de-militari-de-ziua-nationala-a-romaniei-in-bucuresti-repetitiile-vor-avea-loc-in-acest-weekend\\\/\"]}]},{\"@type\":\"ImageObject\",\"inLanguage\":\"en-GB\",\"@id\":\"https:\\\/\\\/buletin.de\\\/bucuresti\\\/parada-militara-cu-peste-1500-de-militari-de-ziua-nationala-a-romaniei-in-bucuresti-repetitiile-vor-avea-loc-in-acest-weekend\\\/#primaryimage\",\"url\":\"https:\\\/\\\/buletin.de\\\/bucuresti\\\/wp-content\\\/uploads\\\/Parada.jpg\",\"contentUrl\":\"https:\\\/\\\/buletin.de\\\/bucuresti\\\/wp-content\\\/uploads\\\/Parada.jpg\",\"width\":1499,\"height\":1131,\"caption\":\"Parada de Ziua Na\u021bional\u0103, la Arcul de Triumf. Programul evenimentelor. Foto Arhiv\u0103\"},{\"@type\":\"BreadcrumbList\",\"@id\":\"https:\\\/\\\/buletin.de\\\/bucuresti\\\/parada-militara-cu-peste-1500-de-militari-de-ziua-nationala-a-romaniei-in-bucuresti-repetitiile-vor-avea-loc-in-acest-weekend\\\/#breadcrumb\",\"itemListElement\":[{\"@type\":\"ListItem\",\"position\":1,\"name\":\"Acas\u0103\",\"item\":\"https:\\\/\\\/buletin.de\\\/bucuresti\\\/\"},{\"@type\":\"ListItem\",\"position\":2,\"name\":\"Parad\u0103 militar\u0103 cu peste 1500 de militari, de Ziua Na\u021bional\u0103 a Rom\u00e2niei, \u00een Bucure\u0219ti. Repeti\u021biile vor avea loc \u00een acest weekend\"}]},{\"@type\":\"WebSite\",\"@id\":\"https:\\\/\\\/buletin.de\\\/bucuresti\\\/#website\",\"url\":\"https:\\\/\\\/buletin.de\\\/bucuresti\\\/\",\"name\":\"Buletin de Bucure\u0219ti\",\"description\":\"\u0218tiri \u0219i investiga\u021bii esen\u021biale din capital\u0103\",\"publisher\":{\"@id\":\"https:\\\/\\\/buletin.de\\\/bucuresti\\\/#organization\"},\"potentialAction\":[{\"@type\":\"SearchAction\",\"target\":{\"@type\":\"EntryPoint\",\"urlTemplate\":\"https:\\\/\\\/buletin.de\\\/bucuresti\\\/?s={search_term_string}\"},\"query-input\":{\"@type\":\"PropertyValueSpecification\",\"valueRequired\":true,\"valueName\":\"search_term_string\"}}],\"inLanguage\":\"en-GB\"},{\"@type\":\"Organization\",\"@id\":\"https:\\\/\\\/buletin.de\\\/bucuresti\\\/#organization\",\"name\":\"Buletin de Bucure\u0219ti\",\"url\":\"https:\\\/\\\/buletin.de\\\/bucuresti\\\/\",\"logo\":{\"@type\":\"ImageObject\",\"inLanguage\":\"en-GB\",\"@id\":\"https:\\\/\\\/buletin.de\\\/bucuresti\\\/#\\\/schema\\\/logo\\\/image\\\/\",\"url\":\"https:\\\/\\\/buletin.de\\\/bucuresti\\\/wp-content\\\/uploads\\\/logo-bdb-full-wide-vernil-transparent.png\",\"contentUrl\":\"https:\\\/\\\/buletin.de\\\/bucuresti\\\/wp-content\\\/uploads\\\/logo-bdb-full-wide-vernil-transparent.png\",\"width\":1782,\"height\":626,\"caption\":\"Buletin de Bucure\u0219ti\"},\"image\":{\"@id\":\"https:\\\/\\\/buletin.de\\\/bucuresti\\\/#\\\/schema\\\/logo\\\/image\\\/\"},\"sameAs\":[\"https:\\\/\\\/www.facebook.com\\\/buletin.de.buc\",\"https:\\\/\\\/www.instagram.com\\\/buletinde.bucuresti\\\/\"]},{\"@type\":\"Person\",\"@id\":\"https:\\\/\\\/buletin.de\\\/bucuresti\\\/#\\\/schema\\\/person\\\/87734700b2c7f8608881f7e93b8834de\",\"name\":\"Andreea Gelatu\",\"image\":{\"@type\":\"ImageObject\",\"inLanguage\":\"en-GB\",\"@id\":\"https:\\\/\\\/secure.gravatar.com\\\/avatar\\\/b716eca2f984b9b65bdd87118b4b909d940b619cbe6e8cb725fe11c1b1f4194f?s=96&d=monsterid&r=g9b5eff4996c6b842a29b3057a7b4746f\",\"url\":\"https:\\\/\\\/secure.gravatar.com\\\/avatar\\\/b716eca2f984b9b65bdd87118b4b909d940b619cbe6e8cb725fe11c1b1f4194f?s=96&d=monsterid&r=g\",\"contentUrl\":\"https:\\\/\\\/secure.gravatar.com\\\/avatar\\\/b716eca2f984b9b65bdd87118b4b909d940b619cbe6e8cb725fe11c1b1f4194f?s=96&d=monsterid&r=g\",\"caption\":\"Andreea Gelatu\"},\"url\":\"https:\\\/\\\/buletin.de\\\/bucuresti\\\/author\\\/andreeagelatu\\\/\"}]}<\/script>\n<!-- \/ Yoast SEO Premium plugin. -->","yoast_head_json":{"title":"Parad\u0103 militar\u0103 cu peste 1500 de militari, de Ziua Na\u021bional\u0103 a Rom\u00e2niei, \u00een Bucure\u0219ti. Repeti\u021biile vor avea loc \u00een acest weekend - Buletin de Bucure\u0219ti","robots":{"index":"index","follow":"follow","max-snippet":"max-snippet:-1","max-image-preview":"max-image-preview:large","max-video-preview":"max-video-preview:-1"},"canonical":"https:\/\/buletin.de\/bucuresti\/parada-militara-cu-peste-1500-de-militari-de-ziua-nationala-a-romaniei-in-bucuresti-repetitiile-vor-avea-loc-in-acest-weekend\/","og_locale":"en_GB","og_type":"article","og_title":"Parad\u0103 militar\u0103 cu peste 1500 de militari, de Ziua Na\u021bional\u0103 a Rom\u00e2niei, \u00een Bucure\u0219ti. Repeti\u021biile vor avea loc \u00een acest weekend","og_description":"Cu ocazia Zilei Na\u021bionale a Rom\u00e2niei, Ministerul Ap\u0103r\u0103rii Na\u021bionale organizeaz\u0103 la Bucure\u0219ti o parad\u0103 militar\u0103 cu depuneri de coroane \u0219i 21 salve de tun. Peste 1500 de militari \u0219i speciali\u015fti din Ministerul Ap\u0103r\u0103rii Na\u0163ionale, Ministerul Afacerilor Interne, Serviciul Rom\u00e2n de Informa\u0163ii, Serviciul de Telecomunica\u021bii Speciale \u015fi Administra\u021bia Na\u021bional\u0103 a Penitenciarelor, vor fi prezen\u021bi pe 1 [&hellip;]","og_url":"https:\/\/buletin.de\/bucuresti\/parada-militara-cu-peste-1500-de-militari-de-ziua-nationala-a-romaniei-in-bucuresti-repetitiile-vor-avea-loc-in-acest-weekend\/","og_site_name":"Buletin de Bucure\u0219ti","article_publisher":"https:\/\/www.facebook.com\/buletin.de.buc","article_published_time":"2022-11-24T08:52:37+00:00","article_modified_time":"2022-11-24T09:01:57+00:00","og_image":[{"width":1499,"height":1131,"url":"https:\/\/buletin.de\/bucuresti\/wp-content\/uploads\/Parada.jpg","type":"image\/jpeg"}],"author":"Andreea Gelatu","twitter_card":"summary_large_image","twitter_misc":{"Written by":"Andreea Gelatu","Estimated reading time":"2 minutes"},"schema":{"@context":"https:\/\/schema.org","@graph":[{"@type":"Article","@id":"https:\/\/buletin.de\/bucuresti\/parada-militara-cu-peste-1500-de-militari-de-ziua-nationala-a-romaniei-in-bucuresti-repetitiile-vor-avea-loc-in-acest-weekend\/#article","isPartOf":{"@id":"https:\/\/buletin.de\/bucuresti\/parada-militara-cu-peste-1500-de-militari-de-ziua-nationala-a-romaniei-in-bucuresti-repetitiile-vor-avea-loc-in-acest-weekend\/"},"author":{"name":"Andreea Gelatu","@id":"https:\/\/buletin.de\/bucuresti\/#\/schema\/person\/87734700b2c7f8608881f7e93b8834de"},"headline":"Parad\u0103 militar\u0103 cu peste 1500 de militari, de Ziua Na\u021bional\u0103 a Rom\u00e2niei, \u00een Bucure\u0219ti. Repeti\u021biile vor avea loc \u00een acest weekend","datePublished":"2022-11-24T08:52:37+00:00","dateModified":"2022-11-24T09:01:57+00:00","mainEntityOfPage":{"@id":"https:\/\/buletin.de\/bucuresti\/parada-militara-cu-peste-1500-de-militari-de-ziua-nationala-a-romaniei-in-bucuresti-repetitiile-vor-avea-loc-in-acest-weekend\/"},"wordCount":305,"publisher":{"@id":"https:\/\/buletin.de\/bucuresti\/#organization"},"image":{"@id":"https:\/\/buletin.de\/bucuresti\/parada-militara-cu-peste-1500-de-militari-de-ziua-nationala-a-romaniei-in-bucuresti-repetitiile-vor-avea-loc-in-acest-weekend\/#primaryimage"},"thumbnailUrl":"https:\/\/buletin.de\/bucuresti\/wp-content\/uploads\/Parada.jpg","articleSection":["\u0218tiri"],"inLanguage":"en-GB","copyrightYear":"2022","copyrightHolder":{"@id":"https:\/\/buletin.de\/bucuresti\/#organization"}},{"@type":"WebPage","@id":"https:\/\/buletin.de\/bucuresti\/parada-militara-cu-peste-1500-de-militari-de-ziua-nationala-a-romaniei-in-bucuresti-repetitiile-vor-avea-loc-in-acest-weekend\/","url":"https:\/\/buletin.de\/bucuresti\/parada-militara-cu-peste-1500-de-militari-de-ziua-nationala-a-romaniei-in-bucuresti-repetitiile-vor-avea-loc-in-acest-weekend\/","name":"Parad\u0103 militar\u0103 cu peste 1500 de militari, de Ziua Na\u021bional\u0103 a Rom\u00e2niei, \u00een Bucure\u0219ti. Repeti\u021biile vor avea loc \u00een acest weekend - Buletin de Bucure\u0219ti","isPartOf":{"@id":"https:\/\/buletin.de\/bucuresti\/#website"},"primaryImageOfPage":{"@id":"https:\/\/buletin.de\/bucuresti\/parada-militara-cu-peste-1500-de-militari-de-ziua-nationala-a-romaniei-in-bucuresti-repetitiile-vor-avea-loc-in-acest-weekend\/#primaryimage"},"image":{"@id":"https:\/\/buletin.de\/bucuresti\/parada-militara-cu-peste-1500-de-militari-de-ziua-nationala-a-romaniei-in-bucuresti-repetitiile-vor-avea-loc-in-acest-weekend\/#primaryimage"},"thumbnailUrl":"https:\/\/buletin.de\/bucuresti\/wp-content\/uploads\/Parada.jpg","datePublished":"2022-11-24T08:52:37+00:00","dateModified":"2022-11-24T09:01:57+00:00","breadcrumb":{"@id":"https:\/\/buletin.de\/bucuresti\/parada-militara-cu-peste-1500-de-militari-de-ziua-nationala-a-romaniei-in-bucuresti-repetitiile-vor-avea-loc-in-acest-weekend\/#breadcrumb"},"inLanguage":"en-GB","potentialAction":[{"@type":"ReadAction","target":["https:\/\/buletin.de\/bucuresti\/parada-militara-cu-peste-1500-de-militari-de-ziua-nationala-a-romaniei-in-bucuresti-repetitiile-vor-avea-loc-in-acest-weekend\/"]}]},{"@type":"ImageObject","inLanguage":"en-GB","@id":"https:\/\/buletin.de\/bucuresti\/parada-militara-cu-peste-1500-de-militari-de-ziua-nationala-a-romaniei-in-bucuresti-repetitiile-vor-avea-loc-in-acest-weekend\/#primaryimage","url":"https:\/\/buletin.de\/bucuresti\/wp-content\/uploads\/Parada.jpg","contentUrl":"https:\/\/buletin.de\/bucuresti\/wp-content\/uploads\/Parada.jpg","width":1499,"height":1131,"caption":"Parada de Ziua Na\u021bional\u0103, la Arcul de Triumf. Programul evenimentelor. Foto Arhiv\u0103"},{"@type":"BreadcrumbList","@id":"https:\/\/buletin.de\/bucuresti\/parada-militara-cu-peste-1500-de-militari-de-ziua-nationala-a-romaniei-in-bucuresti-repetitiile-vor-avea-loc-in-acest-weekend\/#breadcrumb","itemListElement":[{"@type":"ListItem","position":1,"name":"Acas\u0103","item":"https:\/\/buletin.de\/bucuresti\/"},{"@type":"ListItem","position":2,"name":"Parad\u0103 militar\u0103 cu peste 1500 de militari, de Ziua Na\u021bional\u0103 a Rom\u00e2niei, \u00een Bucure\u0219ti. Repeti\u021biile vor avea loc \u00een acest weekend"}]},{"@type":"WebSite","@id":"https:\/\/buletin.de\/bucuresti\/#website","url":"https:\/\/buletin.de\/bucuresti\/","name":"Buletin de Bucure\u0219ti","description":"\u0218tiri \u0219i investiga\u021bii esen\u021biale din capital\u0103","publisher":{"@id":"https:\/\/buletin.de\/bucuresti\/#organization"},"potentialAction":[{"@type":"SearchAction","target":{"@type":"EntryPoint","urlTemplate":"https:\/\/buletin.de\/bucuresti\/?s={search_term_string}"},"query-input":{"@type":"PropertyValueSpecification","valueRequired":true,"valueName":"search_term_string"}}],"inLanguage":"en-GB"},{"@type":"Organization","@id":"https:\/\/buletin.de\/bucuresti\/#organization","name":"Buletin de Bucure\u0219ti","url":"https:\/\/buletin.de\/bucuresti\/","logo":{"@type":"ImageObject","inLanguage":"en-GB","@id":"https:\/\/buletin.de\/bucuresti\/#\/schema\/logo\/image\/","url":"https:\/\/buletin.de\/bucuresti\/wp-content\/uploads\/logo-bdb-full-wide-vernil-transparent.png","contentUrl":"https:\/\/buletin.de\/bucuresti\/wp-content\/uploads\/logo-bdb-full-wide-vernil-transparent.png","width":1782,"height":626,"caption":"Buletin de Bucure\u0219ti"},"image":{"@id":"https:\/\/buletin.de\/bucuresti\/#\/schema\/logo\/image\/"},"sameAs":["https:\/\/www.facebook.com\/buletin.de.buc","https:\/\/www.instagram.com\/buletinde.bucuresti\/"]},{"@type":"Person","@id":"https:\/\/buletin.de\/bucuresti\/#\/schema\/person\/87734700b2c7f8608881f7e93b8834de","name":"Andreea Gelatu","image":{"@type":"ImageObject","inLanguage":"en-GB","@id":"https:\/\/secure.gravatar.com\/avatar\/b716eca2f984b9b65bdd87118b4b909d940b619cbe6e8cb725fe11c1b1f4194f?s=96&d=monsterid&r=g9b5eff4996c6b842a29b3057a7b4746f","url":"https:\/\/secure.gravatar.com\/avatar\/b716eca2f984b9b65bdd87118b4b909d940b619cbe6e8cb725fe11c1b1f4194f?s=96&d=monsterid&r=g","contentUrl":"https:\/\/secure.gravatar.com\/avatar\/b716eca2f984b9b65bdd87118b4b909d940b619cbe6e8cb725fe11c1b1f4194f?s=96&d=monsterid&r=g","caption":"Andreea Gelatu"},"url":"https:\/\/buletin.de\/bucuresti\/author\/andreeagelatu\/"}]}},"authors":[{"term_id":22605,"user_id":46,"is_guest":0,"slug":"andreeagelatu","display_name":"Andreea Gelatu","avatar_url":"https:\/\/secure.gravatar.com\/avatar\/b716eca2f984b9b65bdd87118b4b909d940b619cbe6e8cb725fe11c1b1f4194f?s=96&d=monsterid&r=g","0":null,"1":"","2":"","3":"","4":"","5":"","6":"","7":"","8":""}],"_links":{"self":[{"href":"https:\/\/buletin.de\/bucuresti\/wp-json\/wp\/v2\/posts\/48508","targetHints":{"allow":["GET"]}}],"collection":[{"href":"https:\/\/buletin.de\/bucuresti\/wp-json\/wp\/v2\/posts"}],"about":[{"href":"https:\/\/buletin.de\/bucuresti\/wp-json\/wp\/v2\/types\/post"}],"author":[{"embeddable":true,"href":"https:\/\/buletin.de\/bucuresti\/wp-json\/wp\/v2\/users\/46"}],"replies":[{"embeddable":true,"href":"https:\/\/buletin.de\/bucuresti\/wp-json\/wp\/v2\/comments?post=48508"}],"version-history":[{"count":7,"href":"https:\/\/buletin.de\/bucuresti\/wp-json\/wp\/v2\/posts\/48508\/revisions"}],"predecessor-version":[{"id":48521,"href":"https:\/\/buletin.de\/bucuresti\/wp-json\/wp\/v2\/posts\/48508\/revisions\/48521"}],"wp:featuredmedia":[{"embeddable":true,"href":"https:\/\/buletin.de\/bucuresti\/wp-json\/wp\/v2\/media\/48513"}],"wp:attachment":[{"href":"https:\/\/buletin.de\/bucuresti\/wp-json\/wp\/v2\/media?parent=48508"}],"wp:term":[{"taxonomy":"category","embeddable":true,"href":"https:\/\/buletin.de\/bucuresti\/wp-json\/wp\/v2\/categories?post=48508"},{"taxonomy":"post_tag","embeddable":true,"href":"https:\/\/buletin.de\/bucuresti\/wp-json\/wp\/v2\/tags?post=48508"},{"taxonomy":"author","embeddable":true,"href":"https:\/\/buletin.de\/bucuresti\/wp-json\/wp\/v2\/ppma_author?post=48508"}],"curies":[{"name":"wp","href":"https:\/\/api.w.org\/{rel}","templated":true}]}}