{"id":48463,"date":"2022-11-23T21:00:53","date_gmt":"2022-11-23T19:00:53","guid":{"rendered":"https:\/\/buletin.de\/bucuresti\/?p=48463"},"modified":"2022-11-23T21:00:54","modified_gmt":"2022-11-23T19:00:54","slug":"cateva-firme-din-bucuresti-sunt-urmarite-de-dna-intr-un-dosar-legat-de-coruptia-din-vami","status":"publish","type":"post","link":"https:\/\/buletin.de\/bucuresti\/cateva-firme-din-bucuresti-sunt-urmarite-de-dna-intr-un-dosar-legat-de-coruptia-din-vami\/","title":{"rendered":"C\u00e2teva firme din Bucure\u0219ti sunt urm\u0103rite de DNA \u00eentr-un dosar legat de corup\u021bia din v\u0103mi"},"content":{"rendered":"\n<p>Procurorii DNA Ia\u0219i fac ast\u0103zi 162 de perchezi\u021bii \u00eentr-un dosar legat de corup\u021bia din v\u0103mi, potrivit unui comunicat de pres\u0103 al institu\u021biei. Printre cei viza\u021bi \u00een achet\u0103 se afl\u0103 c\u00e2teva societ\u0103\u021bi comerciale din Municipiul Bucure\u0219ti.<\/p>\n\n\n\n<p>\u00cen acest dosar sunt suspecta\u021bi nou\u0103 func\u021bionari vamali din cadrul Direc\u021biei Regionale Vamale Ia\u0219i, dar \u0219i societ\u0103\u021bi comerciale situate \u00een jude\u021bele Ia\u0219i, Suceava, Boto\u0219ani, Ilfov, Ialomi\u021ba, Arad, Sibiu \u0219i municipiul Bucure\u0219ti. Cauza perchezi\u021biilor sunt identificarea activit\u0103\u021bilor ilegale a 14 firme care importau din Turcia haine \u0219i parfumuri contraf\u0103cute \u0219i pentru realizarea de evaziune fiscal\u0103, \u00een perioada ianuarie 2022-prezent. Prejudiciul estimat \u00een acest moment este de 58 milioane de lei.<\/p>\n\n\n\n<p><br>\u00cen cadrul unui interviu oferit pentru G4Media, Laura Codru\u021ba Kovesi, \u0219efa Parchetului European, avertiza c\u0103 \u201d\u00een primele 8 luni de activitate am primit zero cazuri pe ceea ce \u00eenseamn\u0103 fraud\u0103 cu TVA \u0219i contraband\u0103. \u0218i Rom\u00e2nia este frontier\u0103 extern\u0103\u201d. Potrivit informa\u021biilor oferite, exist\u0103 trei explica\u021bii pentru lipsa sesiz\u0103rilor: nu exist\u0103 interes s\u0103 fie constatate infrac\u021biunile, nu exist\u0103 preg\u0103tirea necesar\u0103 pentru constatarea lor sau nu se cunoa\u0219te modul \u00een care se sesizeaz\u0103 infrac\u021biunile la Parchetul European.<\/p>\n\n\n\n<p><br>Surs\u0103 foto: Poli\u021bia de frontier\u0103<\/p>\n","protected":false},"excerpt":{"rendered":"<p>Procurorii DNA Ia\u0219i fac ast\u0103zi 162 de perchezi\u021bii \u00eentr-un dosar legat de corup\u021bia din v\u0103mi, potrivit unui comunicat de pres\u0103 al institu\u021biei. Printre cei viza\u021bi \u00een achet\u0103 se afl\u0103 c\u00e2teva societ\u0103\u021bi comerciale din Municipiul Bucure\u0219ti. \u00cen acest dosar sunt suspecta\u021bi nou\u0103 func\u021bionari vamali din cadrul Direc\u021biei Regionale Vamale Ia\u0219i, dar \u0219i societ\u0103\u021bi comerciale situate \u00een [&hellip;]<\/p>\n","protected":false},"author":45,"featured_media":48464,"comment_status":"closed","ping_status":"open","sticky":false,"template":"","format":"standard","meta":{"_acf_changed":false,"inline_featured_image":false,"ngg_post_thumbnail":0,"footnotes":""},"categories":[62],"tags":[],"ppma_author":[22604],"class_list":["post-48463","post","type-post","status-publish","format-standard","has-post-thumbnail","hentry","category-stiri"],"acf":[],"yoast_head":"<!-- This site is optimized with the Yoast SEO Premium plugin v25.3 (Yoast SEO v27.4) - https:\/\/yoast.com\/product\/yoast-seo-premium-wordpress\/ -->\n<title>C\u00e2teva firme din Bucure\u0219ti sunt urm\u0103rite de DNA \u00eentr-un dosar legat de corup\u021bia din v\u0103mi - Buletin de Bucure\u0219ti<\/title>\n<meta name=\"robots\" content=\"index, follow, max-snippet:-1, max-image-preview:large, max-video-preview:-1\" \/>\n<link rel=\"canonical\" href=\"https:\/\/buletin.de\/bucuresti\/cateva-firme-din-bucuresti-sunt-urmarite-de-dna-intr-un-dosar-legat-de-coruptia-din-vami\/\" \/>\n<meta property=\"og:locale\" content=\"en_GB\" \/>\n<meta property=\"og:type\" content=\"article\" \/>\n<meta property=\"og:title\" content=\"C\u00e2teva firme din Bucure\u0219ti sunt urm\u0103rite de DNA \u00eentr-un dosar legat de corup\u021bia din v\u0103mi\" \/>\n<meta property=\"og:description\" content=\"Procurorii DNA Ia\u0219i fac ast\u0103zi 162 de perchezi\u021bii \u00eentr-un dosar legat de corup\u021bia din v\u0103mi, potrivit unui comunicat de pres\u0103 al institu\u021biei. Printre cei viza\u021bi \u00een achet\u0103 se afl\u0103 c\u00e2teva societ\u0103\u021bi comerciale din Municipiul Bucure\u0219ti. \u00cen acest dosar sunt suspecta\u021bi nou\u0103 func\u021bionari vamali din cadrul Direc\u021biei Regionale Vamale Ia\u0219i, dar \u0219i societ\u0103\u021bi comerciale situate \u00een [&hellip;]\" \/>\n<meta property=\"og:url\" content=\"https:\/\/buletin.de\/bucuresti\/cateva-firme-din-bucuresti-sunt-urmarite-de-dna-intr-un-dosar-legat-de-coruptia-din-vami\/\" \/>\n<meta property=\"og:site_name\" content=\"Buletin de Bucure\u0219ti\" \/>\n<meta property=\"article:publisher\" content=\"https:\/\/www.facebook.com\/buletin.de.buc\" \/>\n<meta property=\"article:published_time\" content=\"2022-11-23T19:00:53+00:00\" \/>\n<meta property=\"article:modified_time\" content=\"2022-11-23T19:00:54+00:00\" \/>\n<meta property=\"og:image\" content=\"https:\/\/buletin.de\/bucuresti\/wp-content\/uploads\/1669203042159-brbatdepistatcupermisdeconducerefantezist-S4.jpg\" \/>\n\t<meta property=\"og:image:width\" content=\"1188\" \/>\n\t<meta property=\"og:image:height\" content=\"612\" \/>\n\t<meta property=\"og:image:type\" content=\"image\/jpeg\" \/>\n<meta name=\"author\" content=\"Teodora \u0218uta\" \/>\n<meta name=\"twitter:card\" content=\"summary_large_image\" \/>\n<meta name=\"twitter:label1\" content=\"Written by\" \/>\n\t<meta name=\"twitter:data1\" content=\"Teodora \u0218uta\" \/>\n\t<meta name=\"twitter:label2\" content=\"Estimated reading time\" \/>\n\t<meta name=\"twitter:data2\" content=\"1 minute\" \/>\n<script type=\"application\/ld+json\" class=\"yoast-schema-graph\">{\"@context\":\"https:\\\/\\\/schema.org\",\"@graph\":[{\"@type\":\"Article\",\"@id\":\"https:\\\/\\\/buletin.de\\\/bucuresti\\\/cateva-firme-din-bucuresti-sunt-urmarite-de-dna-intr-un-dosar-legat-de-coruptia-din-vami\\\/#article\",\"isPartOf\":{\"@id\":\"https:\\\/\\\/buletin.de\\\/bucuresti\\\/cateva-firme-din-bucuresti-sunt-urmarite-de-dna-intr-un-dosar-legat-de-coruptia-din-vami\\\/\"},\"author\":{\"name\":\"Teodora \u0218uta\",\"@id\":\"https:\\\/\\\/buletin.de\\\/bucuresti\\\/#\\\/schema\\\/person\\\/5d54908fa90ab7ad3b2e88152efd6845\"},\"headline\":\"C\u00e2teva firme din Bucure\u0219ti sunt urm\u0103rite de DNA \u00eentr-un dosar legat de corup\u021bia din v\u0103mi\",\"datePublished\":\"2022-11-23T19:00:53+00:00\",\"dateModified\":\"2022-11-23T19:00:54+00:00\",\"mainEntityOfPage\":{\"@id\":\"https:\\\/\\\/buletin.de\\\/bucuresti\\\/cateva-firme-din-bucuresti-sunt-urmarite-de-dna-intr-un-dosar-legat-de-coruptia-din-vami\\\/\"},\"wordCount\":234,\"publisher\":{\"@id\":\"https:\\\/\\\/buletin.de\\\/bucuresti\\\/#organization\"},\"image\":{\"@id\":\"https:\\\/\\\/buletin.de\\\/bucuresti\\\/cateva-firme-din-bucuresti-sunt-urmarite-de-dna-intr-un-dosar-legat-de-coruptia-din-vami\\\/#primaryimage\"},\"thumbnailUrl\":\"https:\\\/\\\/buletin.de\\\/bucuresti\\\/wp-content\\\/uploads\\\/1669203042159-brbatdepistatcupermisdeconducerefantezist-S4.jpg\",\"articleSection\":[\"\u0218tiri\"],\"inLanguage\":\"en-GB\",\"copyrightYear\":\"2022\",\"copyrightHolder\":{\"@id\":\"https:\\\/\\\/buletin.de\\\/bucuresti\\\/#organization\"}},{\"@type\":\"WebPage\",\"@id\":\"https:\\\/\\\/buletin.de\\\/bucuresti\\\/cateva-firme-din-bucuresti-sunt-urmarite-de-dna-intr-un-dosar-legat-de-coruptia-din-vami\\\/\",\"url\":\"https:\\\/\\\/buletin.de\\\/bucuresti\\\/cateva-firme-din-bucuresti-sunt-urmarite-de-dna-intr-un-dosar-legat-de-coruptia-din-vami\\\/\",\"name\":\"C\u00e2teva firme din Bucure\u0219ti sunt urm\u0103rite de DNA \u00eentr-un dosar legat de corup\u021bia din v\u0103mi - Buletin de Bucure\u0219ti\",\"isPartOf\":{\"@id\":\"https:\\\/\\\/buletin.de\\\/bucuresti\\\/#website\"},\"primaryImageOfPage\":{\"@id\":\"https:\\\/\\\/buletin.de\\\/bucuresti\\\/cateva-firme-din-bucuresti-sunt-urmarite-de-dna-intr-un-dosar-legat-de-coruptia-din-vami\\\/#primaryimage\"},\"image\":{\"@id\":\"https:\\\/\\\/buletin.de\\\/bucuresti\\\/cateva-firme-din-bucuresti-sunt-urmarite-de-dna-intr-un-dosar-legat-de-coruptia-din-vami\\\/#primaryimage\"},\"thumbnailUrl\":\"https:\\\/\\\/buletin.de\\\/bucuresti\\\/wp-content\\\/uploads\\\/1669203042159-brbatdepistatcupermisdeconducerefantezist-S4.jpg\",\"datePublished\":\"2022-11-23T19:00:53+00:00\",\"dateModified\":\"2022-11-23T19:00:54+00:00\",\"breadcrumb\":{\"@id\":\"https:\\\/\\\/buletin.de\\\/bucuresti\\\/cateva-firme-din-bucuresti-sunt-urmarite-de-dna-intr-un-dosar-legat-de-coruptia-din-vami\\\/#breadcrumb\"},\"inLanguage\":\"en-GB\",\"potentialAction\":[{\"@type\":\"ReadAction\",\"target\":[\"https:\\\/\\\/buletin.de\\\/bucuresti\\\/cateva-firme-din-bucuresti-sunt-urmarite-de-dna-intr-un-dosar-legat-de-coruptia-din-vami\\\/\"]}]},{\"@type\":\"ImageObject\",\"inLanguage\":\"en-GB\",\"@id\":\"https:\\\/\\\/buletin.de\\\/bucuresti\\\/cateva-firme-din-bucuresti-sunt-urmarite-de-dna-intr-un-dosar-legat-de-coruptia-din-vami\\\/#primaryimage\",\"url\":\"https:\\\/\\\/buletin.de\\\/bucuresti\\\/wp-content\\\/uploads\\\/1669203042159-brbatdepistatcupermisdeconducerefantezist-S4.jpg\",\"contentUrl\":\"https:\\\/\\\/buletin.de\\\/bucuresti\\\/wp-content\\\/uploads\\\/1669203042159-brbatdepistatcupermisdeconducerefantezist-S4.jpg\",\"width\":1188,\"height\":612},{\"@type\":\"BreadcrumbList\",\"@id\":\"https:\\\/\\\/buletin.de\\\/bucuresti\\\/cateva-firme-din-bucuresti-sunt-urmarite-de-dna-intr-un-dosar-legat-de-coruptia-din-vami\\\/#breadcrumb\",\"itemListElement\":[{\"@type\":\"ListItem\",\"position\":1,\"name\":\"Acas\u0103\",\"item\":\"https:\\\/\\\/buletin.de\\\/bucuresti\\\/\"},{\"@type\":\"ListItem\",\"position\":2,\"name\":\"C\u00e2teva firme din Bucure\u0219ti sunt urm\u0103rite de DNA \u00eentr-un dosar legat de corup\u021bia din v\u0103mi\"}]},{\"@type\":\"WebSite\",\"@id\":\"https:\\\/\\\/buletin.de\\\/bucuresti\\\/#website\",\"url\":\"https:\\\/\\\/buletin.de\\\/bucuresti\\\/\",\"name\":\"Buletin de Bucure\u0219ti\",\"description\":\"\u0218tiri \u0219i investiga\u021bii esen\u021biale din capital\u0103\",\"publisher\":{\"@id\":\"https:\\\/\\\/buletin.de\\\/bucuresti\\\/#organization\"},\"potentialAction\":[{\"@type\":\"SearchAction\",\"target\":{\"@type\":\"EntryPoint\",\"urlTemplate\":\"https:\\\/\\\/buletin.de\\\/bucuresti\\\/?s={search_term_string}\"},\"query-input\":{\"@type\":\"PropertyValueSpecification\",\"valueRequired\":true,\"valueName\":\"search_term_string\"}}],\"inLanguage\":\"en-GB\"},{\"@type\":\"Organization\",\"@id\":\"https:\\\/\\\/buletin.de\\\/bucuresti\\\/#organization\",\"name\":\"Buletin de Bucure\u0219ti\",\"url\":\"https:\\\/\\\/buletin.de\\\/bucuresti\\\/\",\"logo\":{\"@type\":\"ImageObject\",\"inLanguage\":\"en-GB\",\"@id\":\"https:\\\/\\\/buletin.de\\\/bucuresti\\\/#\\\/schema\\\/logo\\\/image\\\/\",\"url\":\"https:\\\/\\\/buletin.de\\\/bucuresti\\\/wp-content\\\/uploads\\\/logo-bdb-full-wide-vernil-transparent.png\",\"contentUrl\":\"https:\\\/\\\/buletin.de\\\/bucuresti\\\/wp-content\\\/uploads\\\/logo-bdb-full-wide-vernil-transparent.png\",\"width\":1782,\"height\":626,\"caption\":\"Buletin de Bucure\u0219ti\"},\"image\":{\"@id\":\"https:\\\/\\\/buletin.de\\\/bucuresti\\\/#\\\/schema\\\/logo\\\/image\\\/\"},\"sameAs\":[\"https:\\\/\\\/www.facebook.com\\\/buletin.de.buc\",\"https:\\\/\\\/www.instagram.com\\\/buletinde.bucuresti\\\/\"]},{\"@type\":\"Person\",\"@id\":\"https:\\\/\\\/buletin.de\\\/bucuresti\\\/#\\\/schema\\\/person\\\/5d54908fa90ab7ad3b2e88152efd6845\",\"name\":\"Teodora \u0218uta\",\"image\":{\"@type\":\"ImageObject\",\"inLanguage\":\"en-GB\",\"@id\":\"https:\\\/\\\/secure.gravatar.com\\\/avatar\\\/0c709226af9845d97b126aa0aa80ab42778847ec3d11d741016b74a61174088d?s=96&d=monsterid&r=gf2e0c6a01d766272c6fa8af9e494be28\",\"url\":\"https:\\\/\\\/secure.gravatar.com\\\/avatar\\\/0c709226af9845d97b126aa0aa80ab42778847ec3d11d741016b74a61174088d?s=96&d=monsterid&r=g\",\"contentUrl\":\"https:\\\/\\\/secure.gravatar.com\\\/avatar\\\/0c709226af9845d97b126aa0aa80ab42778847ec3d11d741016b74a61174088d?s=96&d=monsterid&r=g\",\"caption\":\"Teodora \u0218uta\"},\"url\":\"https:\\\/\\\/buletin.de\\\/bucuresti\\\/author\\\/mariasuta\\\/\"}]}<\/script>\n<!-- \/ Yoast SEO Premium plugin. -->","yoast_head_json":{"title":"C\u00e2teva firme din Bucure\u0219ti sunt urm\u0103rite de DNA \u00eentr-un dosar legat de corup\u021bia din v\u0103mi - Buletin de Bucure\u0219ti","robots":{"index":"index","follow":"follow","max-snippet":"max-snippet:-1","max-image-preview":"max-image-preview:large","max-video-preview":"max-video-preview:-1"},"canonical":"https:\/\/buletin.de\/bucuresti\/cateva-firme-din-bucuresti-sunt-urmarite-de-dna-intr-un-dosar-legat-de-coruptia-din-vami\/","og_locale":"en_GB","og_type":"article","og_title":"C\u00e2teva firme din Bucure\u0219ti sunt urm\u0103rite de DNA \u00eentr-un dosar legat de corup\u021bia din v\u0103mi","og_description":"Procurorii DNA Ia\u0219i fac ast\u0103zi 162 de perchezi\u021bii \u00eentr-un dosar legat de corup\u021bia din v\u0103mi, potrivit unui comunicat de pres\u0103 al institu\u021biei. Printre cei viza\u021bi \u00een achet\u0103 se afl\u0103 c\u00e2teva societ\u0103\u021bi comerciale din Municipiul Bucure\u0219ti. \u00cen acest dosar sunt suspecta\u021bi nou\u0103 func\u021bionari vamali din cadrul Direc\u021biei Regionale Vamale Ia\u0219i, dar \u0219i societ\u0103\u021bi comerciale situate \u00een [&hellip;]","og_url":"https:\/\/buletin.de\/bucuresti\/cateva-firme-din-bucuresti-sunt-urmarite-de-dna-intr-un-dosar-legat-de-coruptia-din-vami\/","og_site_name":"Buletin de Bucure\u0219ti","article_publisher":"https:\/\/www.facebook.com\/buletin.de.buc","article_published_time":"2022-11-23T19:00:53+00:00","article_modified_time":"2022-11-23T19:00:54+00:00","og_image":[{"width":1188,"height":612,"url":"https:\/\/buletin.de\/bucuresti\/wp-content\/uploads\/1669203042159-brbatdepistatcupermisdeconducerefantezist-S4.jpg","type":"image\/jpeg"}],"author":"Teodora \u0218uta","twitter_card":"summary_large_image","twitter_misc":{"Written by":"Teodora \u0218uta","Estimated reading time":"1 minute"},"schema":{"@context":"https:\/\/schema.org","@graph":[{"@type":"Article","@id":"https:\/\/buletin.de\/bucuresti\/cateva-firme-din-bucuresti-sunt-urmarite-de-dna-intr-un-dosar-legat-de-coruptia-din-vami\/#article","isPartOf":{"@id":"https:\/\/buletin.de\/bucuresti\/cateva-firme-din-bucuresti-sunt-urmarite-de-dna-intr-un-dosar-legat-de-coruptia-din-vami\/"},"author":{"name":"Teodora \u0218uta","@id":"https:\/\/buletin.de\/bucuresti\/#\/schema\/person\/5d54908fa90ab7ad3b2e88152efd6845"},"headline":"C\u00e2teva firme din Bucure\u0219ti sunt urm\u0103rite de DNA \u00eentr-un dosar legat de corup\u021bia din v\u0103mi","datePublished":"2022-11-23T19:00:53+00:00","dateModified":"2022-11-23T19:00:54+00:00","mainEntityOfPage":{"@id":"https:\/\/buletin.de\/bucuresti\/cateva-firme-din-bucuresti-sunt-urmarite-de-dna-intr-un-dosar-legat-de-coruptia-din-vami\/"},"wordCount":234,"publisher":{"@id":"https:\/\/buletin.de\/bucuresti\/#organization"},"image":{"@id":"https:\/\/buletin.de\/bucuresti\/cateva-firme-din-bucuresti-sunt-urmarite-de-dna-intr-un-dosar-legat-de-coruptia-din-vami\/#primaryimage"},"thumbnailUrl":"https:\/\/buletin.de\/bucuresti\/wp-content\/uploads\/1669203042159-brbatdepistatcupermisdeconducerefantezist-S4.jpg","articleSection":["\u0218tiri"],"inLanguage":"en-GB","copyrightYear":"2022","copyrightHolder":{"@id":"https:\/\/buletin.de\/bucuresti\/#organization"}},{"@type":"WebPage","@id":"https:\/\/buletin.de\/bucuresti\/cateva-firme-din-bucuresti-sunt-urmarite-de-dna-intr-un-dosar-legat-de-coruptia-din-vami\/","url":"https:\/\/buletin.de\/bucuresti\/cateva-firme-din-bucuresti-sunt-urmarite-de-dna-intr-un-dosar-legat-de-coruptia-din-vami\/","name":"C\u00e2teva firme din Bucure\u0219ti sunt urm\u0103rite de DNA \u00eentr-un dosar legat de corup\u021bia din v\u0103mi - Buletin de Bucure\u0219ti","isPartOf":{"@id":"https:\/\/buletin.de\/bucuresti\/#website"},"primaryImageOfPage":{"@id":"https:\/\/buletin.de\/bucuresti\/cateva-firme-din-bucuresti-sunt-urmarite-de-dna-intr-un-dosar-legat-de-coruptia-din-vami\/#primaryimage"},"image":{"@id":"https:\/\/buletin.de\/bucuresti\/cateva-firme-din-bucuresti-sunt-urmarite-de-dna-intr-un-dosar-legat-de-coruptia-din-vami\/#primaryimage"},"thumbnailUrl":"https:\/\/buletin.de\/bucuresti\/wp-content\/uploads\/1669203042159-brbatdepistatcupermisdeconducerefantezist-S4.jpg","datePublished":"2022-11-23T19:00:53+00:00","dateModified":"2022-11-23T19:00:54+00:00","breadcrumb":{"@id":"https:\/\/buletin.de\/bucuresti\/cateva-firme-din-bucuresti-sunt-urmarite-de-dna-intr-un-dosar-legat-de-coruptia-din-vami\/#breadcrumb"},"inLanguage":"en-GB","potentialAction":[{"@type":"ReadAction","target":["https:\/\/buletin.de\/bucuresti\/cateva-firme-din-bucuresti-sunt-urmarite-de-dna-intr-un-dosar-legat-de-coruptia-din-vami\/"]}]},{"@type":"ImageObject","inLanguage":"en-GB","@id":"https:\/\/buletin.de\/bucuresti\/cateva-firme-din-bucuresti-sunt-urmarite-de-dna-intr-un-dosar-legat-de-coruptia-din-vami\/#primaryimage","url":"https:\/\/buletin.de\/bucuresti\/wp-content\/uploads\/1669203042159-brbatdepistatcupermisdeconducerefantezist-S4.jpg","contentUrl":"https:\/\/buletin.de\/bucuresti\/wp-content\/uploads\/1669203042159-brbatdepistatcupermisdeconducerefantezist-S4.jpg","width":1188,"height":612},{"@type":"BreadcrumbList","@id":"https:\/\/buletin.de\/bucuresti\/cateva-firme-din-bucuresti-sunt-urmarite-de-dna-intr-un-dosar-legat-de-coruptia-din-vami\/#breadcrumb","itemListElement":[{"@type":"ListItem","position":1,"name":"Acas\u0103","item":"https:\/\/buletin.de\/bucuresti\/"},{"@type":"ListItem","position":2,"name":"C\u00e2teva firme din Bucure\u0219ti sunt urm\u0103rite de DNA \u00eentr-un dosar legat de corup\u021bia din v\u0103mi"}]},{"@type":"WebSite","@id":"https:\/\/buletin.de\/bucuresti\/#website","url":"https:\/\/buletin.de\/bucuresti\/","name":"Buletin de Bucure\u0219ti","description":"\u0218tiri \u0219i investiga\u021bii esen\u021biale din capital\u0103","publisher":{"@id":"https:\/\/buletin.de\/bucuresti\/#organization"},"potentialAction":[{"@type":"SearchAction","target":{"@type":"EntryPoint","urlTemplate":"https:\/\/buletin.de\/bucuresti\/?s={search_term_string}"},"query-input":{"@type":"PropertyValueSpecification","valueRequired":true,"valueName":"search_term_string"}}],"inLanguage":"en-GB"},{"@type":"Organization","@id":"https:\/\/buletin.de\/bucuresti\/#organization","name":"Buletin de Bucure\u0219ti","url":"https:\/\/buletin.de\/bucuresti\/","logo":{"@type":"ImageObject","inLanguage":"en-GB","@id":"https:\/\/buletin.de\/bucuresti\/#\/schema\/logo\/image\/","url":"https:\/\/buletin.de\/bucuresti\/wp-content\/uploads\/logo-bdb-full-wide-vernil-transparent.png","contentUrl":"https:\/\/buletin.de\/bucuresti\/wp-content\/uploads\/logo-bdb-full-wide-vernil-transparent.png","width":1782,"height":626,"caption":"Buletin de Bucure\u0219ti"},"image":{"@id":"https:\/\/buletin.de\/bucuresti\/#\/schema\/logo\/image\/"},"sameAs":["https:\/\/www.facebook.com\/buletin.de.buc","https:\/\/www.instagram.com\/buletinde.bucuresti\/"]},{"@type":"Person","@id":"https:\/\/buletin.de\/bucuresti\/#\/schema\/person\/5d54908fa90ab7ad3b2e88152efd6845","name":"Teodora \u0218uta","image":{"@type":"ImageObject","inLanguage":"en-GB","@id":"https:\/\/secure.gravatar.com\/avatar\/0c709226af9845d97b126aa0aa80ab42778847ec3d11d741016b74a61174088d?s=96&d=monsterid&r=gf2e0c6a01d766272c6fa8af9e494be28","url":"https:\/\/secure.gravatar.com\/avatar\/0c709226af9845d97b126aa0aa80ab42778847ec3d11d741016b74a61174088d?s=96&d=monsterid&r=g","contentUrl":"https:\/\/secure.gravatar.com\/avatar\/0c709226af9845d97b126aa0aa80ab42778847ec3d11d741016b74a61174088d?s=96&d=monsterid&r=g","caption":"Teodora \u0218uta"},"url":"https:\/\/buletin.de\/bucuresti\/author\/mariasuta\/"}]}},"authors":[{"term_id":22604,"user_id":45,"is_guest":0,"slug":"mariasuta","display_name":"Teodora \u0218uta","avatar_url":"https:\/\/secure.gravatar.com\/avatar\/0c709226af9845d97b126aa0aa80ab42778847ec3d11d741016b74a61174088d?s=96&d=monsterid&r=g","0":null,"1":"","2":"","3":"","4":"","5":"","6":"","7":"","8":""}],"_links":{"self":[{"href":"https:\/\/buletin.de\/bucuresti\/wp-json\/wp\/v2\/posts\/48463","targetHints":{"allow":["GET"]}}],"collection":[{"href":"https:\/\/buletin.de\/bucuresti\/wp-json\/wp\/v2\/posts"}],"about":[{"href":"https:\/\/buletin.de\/bucuresti\/wp-json\/wp\/v2\/types\/post"}],"author":[{"embeddable":true,"href":"https:\/\/buletin.de\/bucuresti\/wp-json\/wp\/v2\/users\/45"}],"replies":[{"embeddable":true,"href":"https:\/\/buletin.de\/bucuresti\/wp-json\/wp\/v2\/comments?post=48463"}],"version-history":[{"count":3,"href":"https:\/\/buletin.de\/bucuresti\/wp-json\/wp\/v2\/posts\/48463\/revisions"}],"predecessor-version":[{"id":48492,"href":"https:\/\/buletin.de\/bucuresti\/wp-json\/wp\/v2\/posts\/48463\/revisions\/48492"}],"wp:featuredmedia":[{"embeddable":true,"href":"https:\/\/buletin.de\/bucuresti\/wp-json\/wp\/v2\/media\/48464"}],"wp:attachment":[{"href":"https:\/\/buletin.de\/bucuresti\/wp-json\/wp\/v2\/media?parent=48463"}],"wp:term":[{"taxonomy":"category","embeddable":true,"href":"https:\/\/buletin.de\/bucuresti\/wp-json\/wp\/v2\/categories?post=48463"},{"taxonomy":"post_tag","embeddable":true,"href":"https:\/\/buletin.de\/bucuresti\/wp-json\/wp\/v2\/tags?post=48463"},{"taxonomy":"author","embeddable":true,"href":"https:\/\/buletin.de\/bucuresti\/wp-json\/wp\/v2\/ppma_author?post=48463"}],"curies":[{"name":"wp","href":"https:\/\/api.w.org\/{rel}","templated":true}]}}