{"id":48446,"date":"2022-11-23T12:04:22","date_gmt":"2022-11-23T10:04:22","guid":{"rendered":"https:\/\/buletin.de\/bucuresti\/?p=48446"},"modified":"2022-11-23T12:04:23","modified_gmt":"2022-11-23T10:04:23","slug":"aproape-jumatate-dintre-imobille-din-sistemul-centralizat-din-captala-au-probleme-cu-apa-calda-si-caldura","status":"publish","type":"post","link":"https:\/\/buletin.de\/bucuresti\/aproape-jumatate-dintre-imobille-din-sistemul-centralizat-din-captala-au-probleme-cu-apa-calda-si-caldura\/","title":{"rendered":"Aproape jum\u0103tate dintre imobille din sistemul centralizat din Captal\u0103 au probleme cu apa cald\u0103 \u0219i c\u0103ldura"},"content":{"rendered":"\n<p><strong>Peste 4.500 de blocuri din Bucure\u0219ti nu au ap\u0103 cald\u0103, \u00eenc\u0103lzire sau au deficien\u021be din cauza unor avarii produse \u00een re\u021beaua de termoficare sau  din cauza lipsei de parametri pentru livrarea apei calde de consum \u0219i \u00eenc\u0103lzire, conform datelor furnizate de c\u0103tre Termoenergetica. Doar 51% dintre imobile func\u021bionaz\u0103 \u00een parametri normali. Majoritatea problemelor vor fi rezolvat pe parcursul zilei de ast\u0103zi, p\u00e2n\u0103 la cel t\u00e2rziu 23:30. <\/strong><\/p>\n\n\n\n<p>Conform Termoenergetica, defcien\u021be cu apa cald\u0103 \u0219i c\u0103ldura au 36,3% dintre imobilele din sistemul centralizat, \u00een timp ce 12,8% nu au deloc ap\u0103 cald\u0103 \u0219i c\u0103ldur\u0103.  <\/p>\n\n\n\n<figure class=\"wp-block-gallery has-nested-images columns-default is-cropped wp-block-gallery-1 is-layout-flex wp-block-gallery-is-layout-flex\">\n<figure class=\"wp-block-image size-full\"><img fetchpriority=\"high\" decoding=\"async\" width=\"750\" height=\"805\" data-id=\"48451\" src=\"data:image\/gif;base64,R0lGODlhAQABAAAAACH5BAEKAAEALAAAAAABAAEAAAICTAEAOw==\" data-src=\"https:\/\/buletin.de\/bucuresti\/wp-content\/uploads\/WhatsApp-Image-2022-11-23-at-11.54.01.jpeg\" alt=\"\" class=\"wp-image-48451 lazyload\" data-sizes=\"auto\" data-srcset=\"https:\/\/buletin.de\/bucuresti\/wp-content\/uploads\/WhatsApp-Image-2022-11-23-at-11.54.01.jpeg 750w, https:\/\/buletin.de\/bucuresti\/wp-content\/uploads\/WhatsApp-Image-2022-11-23-at-11.54.01-280x300.jpeg 280w, https:\/\/buletin.de\/bucuresti\/wp-content\/uploads\/WhatsApp-Image-2022-11-23-at-11.54.01-550x590.jpeg 550w, https:\/\/buletin.de\/bucuresti\/wp-content\/uploads\/WhatsApp-Image-2022-11-23-at-11.54.01-466x500.jpeg 466w, https:\/\/buletin.de\/bucuresti\/wp-content\/uploads\/WhatsApp-Image-2022-11-23-at-11.54.01-600x644.jpeg 600w\" sizes=\"(max-width: 750px) 100vw, 750px\" \/><\/figure>\n\n\n\n<figure class=\"wp-block-image size-full\"><img decoding=\"async\" width=\"750\" height=\"728\" data-id=\"48452\" src=\"data:image\/gif;base64,R0lGODlhAQABAAAAACH5BAEKAAEALAAAAAABAAEAAAICTAEAOw==\" data-src=\"https:\/\/buletin.de\/bucuresti\/wp-content\/uploads\/WhatsApp-Image-2022-11-23-at-11.54.01-1.jpeg\" alt=\"\" class=\"wp-image-48452 lazyload\" data-sizes=\"auto\" data-srcset=\"https:\/\/buletin.de\/bucuresti\/wp-content\/uploads\/WhatsApp-Image-2022-11-23-at-11.54.01-1.jpeg 750w, https:\/\/buletin.de\/bucuresti\/wp-content\/uploads\/WhatsApp-Image-2022-11-23-at-11.54.01-1-300x291.jpeg 300w, https:\/\/buletin.de\/bucuresti\/wp-content\/uploads\/WhatsApp-Image-2022-11-23-at-11.54.01-1-550x534.jpeg 550w, https:\/\/buletin.de\/bucuresti\/wp-content\/uploads\/WhatsApp-Image-2022-11-23-at-11.54.01-1-515x500.jpeg 515w, https:\/\/buletin.de\/bucuresti\/wp-content\/uploads\/WhatsApp-Image-2022-11-23-at-11.54.01-1-45x45.jpeg 45w, https:\/\/buletin.de\/bucuresti\/wp-content\/uploads\/WhatsApp-Image-2022-11-23-at-11.54.01-1-600x582.jpeg 600w\" sizes=\"(max-width: 750px) 100vw, 750px\" \/><\/figure>\n\n\n\n<figure class=\"wp-block-image size-full\"><img decoding=\"async\" width=\"750\" height=\"744\" data-id=\"48453\" src=\"data:image\/gif;base64,R0lGODlhAQABAAAAACH5BAEKAAEALAAAAAABAAEAAAICTAEAOw==\" data-src=\"https:\/\/buletin.de\/bucuresti\/wp-content\/uploads\/WhatsApp-Image-2022-11-23-at-11.54.01-2.jpeg\" alt=\"\" class=\"wp-image-48453 lazyload\" data-sizes=\"auto\" data-srcset=\"https:\/\/buletin.de\/bucuresti\/wp-content\/uploads\/WhatsApp-Image-2022-11-23-at-11.54.01-2.jpeg 750w, https:\/\/buletin.de\/bucuresti\/wp-content\/uploads\/WhatsApp-Image-2022-11-23-at-11.54.01-2-300x298.jpeg 300w, https:\/\/buletin.de\/bucuresti\/wp-content\/uploads\/WhatsApp-Image-2022-11-23-at-11.54.01-2-150x150.jpeg 150w, https:\/\/buletin.de\/bucuresti\/wp-content\/uploads\/WhatsApp-Image-2022-11-23-at-11.54.01-2-550x546.jpeg 550w, https:\/\/buletin.de\/bucuresti\/wp-content\/uploads\/WhatsApp-Image-2022-11-23-at-11.54.01-2-504x500.jpeg 504w, https:\/\/buletin.de\/bucuresti\/wp-content\/uploads\/WhatsApp-Image-2022-11-23-at-11.54.01-2-45x45.jpeg 45w, https:\/\/buletin.de\/bucuresti\/wp-content\/uploads\/WhatsApp-Image-2022-11-23-at-11.54.01-2-600x595.jpeg 600w, https:\/\/buletin.de\/bucuresti\/wp-content\/uploads\/WhatsApp-Image-2022-11-23-at-11.54.01-2-100x100.jpeg 100w\" sizes=\"(max-width: 750px) 100vw, 750px\" \/><\/figure>\n<figcaption class=\"blocks-gallery-caption\">Surs\u0103 Foto: Captur\u0103 ecran Termo Alert<\/figcaption><\/figure>\n\n\n\n<p><\/p>\n\n\n\n<p>Cel mai afectat sector din Capital\u0103 este sectorul 3, acolo unde datele Termoenergetica arat\u0103 c\u0103 pentru aproape&nbsp;peste 1800 de blocuri&nbsp;lipsesc parametri de furnizare a apei calde \u0219i a c\u0103ldurii.<\/p>\n\n\n\n<p>\u00cen sectorul 5 sunt peste 650 de blocuri pentru care lipsesc parametri de furnizare a apei calde \u0219i a c\u0103ldurii, iar \u00een sectorul 6 sunt&nbsp;321 de blocuri care nu au ap\u0103 cald\u0103 \u0219i c\u0103ldur\u0103.<\/p>\n\n\n\n<p>De asemenea, echipele Companiei Municipale Termoenergetica Bucure\u0219ti S.A. lucreaz\u0103 \u00een regim continuu pentru finalizarea \u00een cel mai scurt timp a tuturor lucr\u0103rilor.<\/p>\n","protected":false},"excerpt":{"rendered":"<p>Peste 4.500 de blocuri din Bucure\u0219ti nu au ap\u0103 cald\u0103, \u00eenc\u0103lzire sau au deficien\u021be din cauza unor avarii produse \u00een re\u021beaua de termoficare sau din cauza lipsei de parametri pentru livrarea apei calde de consum \u0219i \u00eenc\u0103lzire, conform datelor furnizate de c\u0103tre Termoenergetica. Doar 51% dintre imobile func\u021bionaz\u0103 \u00een parametri normali. Majoritatea problemelor vor fi [&hellip;]<\/p>\n","protected":false},"author":17,"featured_media":2024,"comment_status":"closed","ping_status":"open","sticky":false,"template":"","format":"standard","meta":{"_acf_changed":false,"inline_featured_image":false,"ngg_post_thumbnail":0,"footnotes":""},"categories":[62],"tags":[],"ppma_author":[22576],"class_list":["post-48446","post","type-post","status-publish","format-standard","has-post-thumbnail","hentry","category-stiri"],"acf":[],"yoast_head":"<!-- This site is optimized with the Yoast SEO Premium plugin v25.3 (Yoast SEO v27.4) - https:\/\/yoast.com\/product\/yoast-seo-premium-wordpress\/ -->\n<title>Aproape jum\u0103tate dintre imobille din sistemul centralizat din Captal\u0103 au probleme cu apa cald\u0103 \u0219i c\u0103ldura - Buletin de Bucure\u0219ti<\/title>\n<meta name=\"robots\" content=\"index, follow, max-snippet:-1, max-image-preview:large, max-video-preview:-1\" \/>\n<link rel=\"canonical\" href=\"https:\/\/buletin.de\/bucuresti\/aproape-jumatate-dintre-imobille-din-sistemul-centralizat-din-captala-au-probleme-cu-apa-calda-si-caldura\/\" \/>\n<meta property=\"og:locale\" content=\"en_GB\" \/>\n<meta property=\"og:type\" content=\"article\" \/>\n<meta property=\"og:title\" content=\"Aproape jum\u0103tate dintre imobille din sistemul centralizat din Captal\u0103 au probleme cu apa cald\u0103 \u0219i c\u0103ldura\" \/>\n<meta property=\"og:description\" content=\"Peste 4.500 de blocuri din Bucure\u0219ti nu au ap\u0103 cald\u0103, \u00eenc\u0103lzire sau au deficien\u021be din cauza unor avarii produse \u00een re\u021beaua de termoficare sau din cauza lipsei de parametri pentru livrarea apei calde de consum \u0219i \u00eenc\u0103lzire, conform datelor furnizate de c\u0103tre Termoenergetica. Doar 51% dintre imobile func\u021bionaz\u0103 \u00een parametri normali. Majoritatea problemelor vor fi [&hellip;]\" \/>\n<meta property=\"og:url\" content=\"https:\/\/buletin.de\/bucuresti\/aproape-jumatate-dintre-imobille-din-sistemul-centralizat-din-captala-au-probleme-cu-apa-calda-si-caldura\/\" \/>\n<meta property=\"og:site_name\" content=\"Buletin de Bucure\u0219ti\" \/>\n<meta property=\"article:publisher\" content=\"https:\/\/www.facebook.com\/buletin.de.buc\" \/>\n<meta property=\"article:published_time\" content=\"2022-11-23T10:04:22+00:00\" \/>\n<meta property=\"article:modified_time\" content=\"2022-11-23T10:04:23+00:00\" \/>\n<meta property=\"og:image\" content=\"https:\/\/buletin.de\/bucuresti\/wp-content\/uploads\/avarii-radet.jpg\" \/>\n\t<meta property=\"og:image:width\" content=\"500\" \/>\n\t<meta property=\"og:image:height\" content=\"360\" \/>\n\t<meta property=\"og:image:type\" content=\"image\/jpeg\" \/>\n<meta name=\"author\" content=\"Florin R\u00e2\u0219teiu\" \/>\n<meta name=\"twitter:card\" content=\"summary_large_image\" \/>\n<meta name=\"twitter:label1\" content=\"Written by\" \/>\n\t<meta name=\"twitter:data1\" content=\"Florin R\u00e2\u0219teiu\" \/>\n\t<meta name=\"twitter:label2\" content=\"Estimated reading time\" \/>\n\t<meta name=\"twitter:data2\" content=\"2 minutes\" \/>\n<script type=\"application\/ld+json\" class=\"yoast-schema-graph\">{\"@context\":\"https:\\\/\\\/schema.org\",\"@graph\":[{\"@type\":\"Article\",\"@id\":\"https:\\\/\\\/buletin.de\\\/bucuresti\\\/aproape-jumatate-dintre-imobille-din-sistemul-centralizat-din-captala-au-probleme-cu-apa-calda-si-caldura\\\/#article\",\"isPartOf\":{\"@id\":\"https:\\\/\\\/buletin.de\\\/bucuresti\\\/aproape-jumatate-dintre-imobille-din-sistemul-centralizat-din-captala-au-probleme-cu-apa-calda-si-caldura\\\/\"},\"author\":{\"name\":\"Florin R\u00e2\u0219teiu\",\"@id\":\"https:\\\/\\\/buletin.de\\\/bucuresti\\\/#\\\/schema\\\/person\\\/b0686d7a8b666c6afc78239777fd8a89\"},\"headline\":\"Aproape jum\u0103tate dintre imobille din sistemul centralizat din Captal\u0103 au probleme cu apa cald\u0103 \u0219i c\u0103ldura\",\"datePublished\":\"2022-11-23T10:04:22+00:00\",\"dateModified\":\"2022-11-23T10:04:23+00:00\",\"mainEntityOfPage\":{\"@id\":\"https:\\\/\\\/buletin.de\\\/bucuresti\\\/aproape-jumatate-dintre-imobille-din-sistemul-centralizat-din-captala-au-probleme-cu-apa-calda-si-caldura\\\/\"},\"wordCount\":215,\"publisher\":{\"@id\":\"https:\\\/\\\/buletin.de\\\/bucuresti\\\/#organization\"},\"image\":{\"@id\":\"https:\\\/\\\/buletin.de\\\/bucuresti\\\/aproape-jumatate-dintre-imobille-din-sistemul-centralizat-din-captala-au-probleme-cu-apa-calda-si-caldura\\\/#primaryimage\"},\"thumbnailUrl\":\"https:\\\/\\\/buletin.de\\\/bucuresti\\\/wp-content\\\/uploads\\\/avarii-radet.jpg\",\"articleSection\":[\"\u0218tiri\"],\"inLanguage\":\"en-GB\",\"copyrightYear\":\"2022\",\"copyrightHolder\":{\"@id\":\"https:\\\/\\\/buletin.de\\\/bucuresti\\\/#organization\"}},{\"@type\":\"WebPage\",\"@id\":\"https:\\\/\\\/buletin.de\\\/bucuresti\\\/aproape-jumatate-dintre-imobille-din-sistemul-centralizat-din-captala-au-probleme-cu-apa-calda-si-caldura\\\/\",\"url\":\"https:\\\/\\\/buletin.de\\\/bucuresti\\\/aproape-jumatate-dintre-imobille-din-sistemul-centralizat-din-captala-au-probleme-cu-apa-calda-si-caldura\\\/\",\"name\":\"Aproape jum\u0103tate dintre imobille din sistemul centralizat din Captal\u0103 au probleme cu apa cald\u0103 \u0219i c\u0103ldura - Buletin de Bucure\u0219ti\",\"isPartOf\":{\"@id\":\"https:\\\/\\\/buletin.de\\\/bucuresti\\\/#website\"},\"primaryImageOfPage\":{\"@id\":\"https:\\\/\\\/buletin.de\\\/bucuresti\\\/aproape-jumatate-dintre-imobille-din-sistemul-centralizat-din-captala-au-probleme-cu-apa-calda-si-caldura\\\/#primaryimage\"},\"image\":{\"@id\":\"https:\\\/\\\/buletin.de\\\/bucuresti\\\/aproape-jumatate-dintre-imobille-din-sistemul-centralizat-din-captala-au-probleme-cu-apa-calda-si-caldura\\\/#primaryimage\"},\"thumbnailUrl\":\"https:\\\/\\\/buletin.de\\\/bucuresti\\\/wp-content\\\/uploads\\\/avarii-radet.jpg\",\"datePublished\":\"2022-11-23T10:04:22+00:00\",\"dateModified\":\"2022-11-23T10:04:23+00:00\",\"breadcrumb\":{\"@id\":\"https:\\\/\\\/buletin.de\\\/bucuresti\\\/aproape-jumatate-dintre-imobille-din-sistemul-centralizat-din-captala-au-probleme-cu-apa-calda-si-caldura\\\/#breadcrumb\"},\"inLanguage\":\"en-GB\",\"potentialAction\":[{\"@type\":\"ReadAction\",\"target\":[\"https:\\\/\\\/buletin.de\\\/bucuresti\\\/aproape-jumatate-dintre-imobille-din-sistemul-centralizat-din-captala-au-probleme-cu-apa-calda-si-caldura\\\/\"]}]},{\"@type\":\"ImageObject\",\"inLanguage\":\"en-GB\",\"@id\":\"https:\\\/\\\/buletin.de\\\/bucuresti\\\/aproape-jumatate-dintre-imobille-din-sistemul-centralizat-din-captala-au-probleme-cu-apa-calda-si-caldura\\\/#primaryimage\",\"url\":\"https:\\\/\\\/buletin.de\\\/bucuresti\\\/wp-content\\\/uploads\\\/avarii-radet.jpg\",\"contentUrl\":\"https:\\\/\\\/buletin.de\\\/bucuresti\\\/wp-content\\\/uploads\\\/avarii-radet.jpg\",\"width\":500,\"height\":360},{\"@type\":\"BreadcrumbList\",\"@id\":\"https:\\\/\\\/buletin.de\\\/bucuresti\\\/aproape-jumatate-dintre-imobille-din-sistemul-centralizat-din-captala-au-probleme-cu-apa-calda-si-caldura\\\/#breadcrumb\",\"itemListElement\":[{\"@type\":\"ListItem\",\"position\":1,\"name\":\"Acas\u0103\",\"item\":\"https:\\\/\\\/buletin.de\\\/bucuresti\\\/\"},{\"@type\":\"ListItem\",\"position\":2,\"name\":\"Aproape jum\u0103tate dintre imobille din sistemul centralizat din Captal\u0103 au probleme cu apa cald\u0103 \u0219i c\u0103ldura\"}]},{\"@type\":\"WebSite\",\"@id\":\"https:\\\/\\\/buletin.de\\\/bucuresti\\\/#website\",\"url\":\"https:\\\/\\\/buletin.de\\\/bucuresti\\\/\",\"name\":\"Buletin de Bucure\u0219ti\",\"description\":\"\u0218tiri \u0219i investiga\u021bii esen\u021biale din capital\u0103\",\"publisher\":{\"@id\":\"https:\\\/\\\/buletin.de\\\/bucuresti\\\/#organization\"},\"potentialAction\":[{\"@type\":\"SearchAction\",\"target\":{\"@type\":\"EntryPoint\",\"urlTemplate\":\"https:\\\/\\\/buletin.de\\\/bucuresti\\\/?s={search_term_string}\"},\"query-input\":{\"@type\":\"PropertyValueSpecification\",\"valueRequired\":true,\"valueName\":\"search_term_string\"}}],\"inLanguage\":\"en-GB\"},{\"@type\":\"Organization\",\"@id\":\"https:\\\/\\\/buletin.de\\\/bucuresti\\\/#organization\",\"name\":\"Buletin de Bucure\u0219ti\",\"url\":\"https:\\\/\\\/buletin.de\\\/bucuresti\\\/\",\"logo\":{\"@type\":\"ImageObject\",\"inLanguage\":\"en-GB\",\"@id\":\"https:\\\/\\\/buletin.de\\\/bucuresti\\\/#\\\/schema\\\/logo\\\/image\\\/\",\"url\":\"https:\\\/\\\/buletin.de\\\/bucuresti\\\/wp-content\\\/uploads\\\/logo-bdb-full-wide-vernil-transparent.png\",\"contentUrl\":\"https:\\\/\\\/buletin.de\\\/bucuresti\\\/wp-content\\\/uploads\\\/logo-bdb-full-wide-vernil-transparent.png\",\"width\":1782,\"height\":626,\"caption\":\"Buletin de Bucure\u0219ti\"},\"image\":{\"@id\":\"https:\\\/\\\/buletin.de\\\/bucuresti\\\/#\\\/schema\\\/logo\\\/image\\\/\"},\"sameAs\":[\"https:\\\/\\\/www.facebook.com\\\/buletin.de.buc\",\"https:\\\/\\\/www.instagram.com\\\/buletinde.bucuresti\\\/\"]},{\"@type\":\"Person\",\"@id\":\"https:\\\/\\\/buletin.de\\\/bucuresti\\\/#\\\/schema\\\/person\\\/b0686d7a8b666c6afc78239777fd8a89\",\"name\":\"Florin R\u00e2\u0219teiu\",\"image\":{\"@type\":\"ImageObject\",\"inLanguage\":\"en-GB\",\"@id\":\"https:\\\/\\\/buletin.de\\\/bucuresti\\\/wp-content\\\/uploads\\\/Florin-Rasteiu-96x96.jpgf0a6fe28453aa12f0a60e4d0a2e3a78c\",\"url\":\"https:\\\/\\\/buletin.de\\\/bucuresti\\\/wp-content\\\/uploads\\\/Florin-Rasteiu-96x96.jpg\",\"contentUrl\":\"https:\\\/\\\/buletin.de\\\/bucuresti\\\/wp-content\\\/uploads\\\/Florin-Rasteiu-96x96.jpg\",\"caption\":\"Florin R\u00e2\u0219teiu\"},\"description\":\"Jurnalist de investiga\u021bie. Lucreaz\u0103 de aproape 6 ani la Buletin de Bucure\u0219ti, unde a publicat articole care scot la suprafa\u021b\u0103 corup\u021bia din Capital\u0103. Analizeaz\u0103 baze de date zilnic \u0219i scoate pove\u0219ti din exceluri pline de cifre. Pune reflectorul pe adev\u0103r cu fiecare ocazie. A c\u00e2\u0219tigat premiul I la categoria Pres\u0103 Local\u0103 \u00een 2025 \u0219i locul al II-lea la aceea\u0219i categorie \u00een 2024 \u00een cadrul Premiilor Superscrieri pentru jurnalism independent.\",\"url\":\"https:\\\/\\\/buletin.de\\\/bucuresti\\\/author\\\/florinrasteiu\\\/\"}]}<\/script>\n<!-- \/ Yoast SEO Premium plugin. -->","yoast_head_json":{"title":"Aproape jum\u0103tate dintre imobille din sistemul centralizat din Captal\u0103 au probleme cu apa cald\u0103 \u0219i c\u0103ldura - Buletin de Bucure\u0219ti","robots":{"index":"index","follow":"follow","max-snippet":"max-snippet:-1","max-image-preview":"max-image-preview:large","max-video-preview":"max-video-preview:-1"},"canonical":"https:\/\/buletin.de\/bucuresti\/aproape-jumatate-dintre-imobille-din-sistemul-centralizat-din-captala-au-probleme-cu-apa-calda-si-caldura\/","og_locale":"en_GB","og_type":"article","og_title":"Aproape jum\u0103tate dintre imobille din sistemul centralizat din Captal\u0103 au probleme cu apa cald\u0103 \u0219i c\u0103ldura","og_description":"Peste 4.500 de blocuri din Bucure\u0219ti nu au ap\u0103 cald\u0103, \u00eenc\u0103lzire sau au deficien\u021be din cauza unor avarii produse \u00een re\u021beaua de termoficare sau din cauza lipsei de parametri pentru livrarea apei calde de consum \u0219i \u00eenc\u0103lzire, conform datelor furnizate de c\u0103tre Termoenergetica. Doar 51% dintre imobile func\u021bionaz\u0103 \u00een parametri normali. Majoritatea problemelor vor fi [&hellip;]","og_url":"https:\/\/buletin.de\/bucuresti\/aproape-jumatate-dintre-imobille-din-sistemul-centralizat-din-captala-au-probleme-cu-apa-calda-si-caldura\/","og_site_name":"Buletin de Bucure\u0219ti","article_publisher":"https:\/\/www.facebook.com\/buletin.de.buc","article_published_time":"2022-11-23T10:04:22+00:00","article_modified_time":"2022-11-23T10:04:23+00:00","og_image":[{"width":500,"height":360,"url":"https:\/\/buletin.de\/bucuresti\/wp-content\/uploads\/avarii-radet.jpg","type":"image\/jpeg"}],"author":"Florin R\u00e2\u0219teiu","twitter_card":"summary_large_image","twitter_misc":{"Written by":"Florin R\u00e2\u0219teiu","Estimated reading time":"2 minutes"},"schema":{"@context":"https:\/\/schema.org","@graph":[{"@type":"Article","@id":"https:\/\/buletin.de\/bucuresti\/aproape-jumatate-dintre-imobille-din-sistemul-centralizat-din-captala-au-probleme-cu-apa-calda-si-caldura\/#article","isPartOf":{"@id":"https:\/\/buletin.de\/bucuresti\/aproape-jumatate-dintre-imobille-din-sistemul-centralizat-din-captala-au-probleme-cu-apa-calda-si-caldura\/"},"author":{"name":"Florin R\u00e2\u0219teiu","@id":"https:\/\/buletin.de\/bucuresti\/#\/schema\/person\/b0686d7a8b666c6afc78239777fd8a89"},"headline":"Aproape jum\u0103tate dintre imobille din sistemul centralizat din Captal\u0103 au probleme cu apa cald\u0103 \u0219i c\u0103ldura","datePublished":"2022-11-23T10:04:22+00:00","dateModified":"2022-11-23T10:04:23+00:00","mainEntityOfPage":{"@id":"https:\/\/buletin.de\/bucuresti\/aproape-jumatate-dintre-imobille-din-sistemul-centralizat-din-captala-au-probleme-cu-apa-calda-si-caldura\/"},"wordCount":215,"publisher":{"@id":"https:\/\/buletin.de\/bucuresti\/#organization"},"image":{"@id":"https:\/\/buletin.de\/bucuresti\/aproape-jumatate-dintre-imobille-din-sistemul-centralizat-din-captala-au-probleme-cu-apa-calda-si-caldura\/#primaryimage"},"thumbnailUrl":"https:\/\/buletin.de\/bucuresti\/wp-content\/uploads\/avarii-radet.jpg","articleSection":["\u0218tiri"],"inLanguage":"en-GB","copyrightYear":"2022","copyrightHolder":{"@id":"https:\/\/buletin.de\/bucuresti\/#organization"}},{"@type":"WebPage","@id":"https:\/\/buletin.de\/bucuresti\/aproape-jumatate-dintre-imobille-din-sistemul-centralizat-din-captala-au-probleme-cu-apa-calda-si-caldura\/","url":"https:\/\/buletin.de\/bucuresti\/aproape-jumatate-dintre-imobille-din-sistemul-centralizat-din-captala-au-probleme-cu-apa-calda-si-caldura\/","name":"Aproape jum\u0103tate dintre imobille din sistemul centralizat din Captal\u0103 au probleme cu apa cald\u0103 \u0219i c\u0103ldura - Buletin de Bucure\u0219ti","isPartOf":{"@id":"https:\/\/buletin.de\/bucuresti\/#website"},"primaryImageOfPage":{"@id":"https:\/\/buletin.de\/bucuresti\/aproape-jumatate-dintre-imobille-din-sistemul-centralizat-din-captala-au-probleme-cu-apa-calda-si-caldura\/#primaryimage"},"image":{"@id":"https:\/\/buletin.de\/bucuresti\/aproape-jumatate-dintre-imobille-din-sistemul-centralizat-din-captala-au-probleme-cu-apa-calda-si-caldura\/#primaryimage"},"thumbnailUrl":"https:\/\/buletin.de\/bucuresti\/wp-content\/uploads\/avarii-radet.jpg","datePublished":"2022-11-23T10:04:22+00:00","dateModified":"2022-11-23T10:04:23+00:00","breadcrumb":{"@id":"https:\/\/buletin.de\/bucuresti\/aproape-jumatate-dintre-imobille-din-sistemul-centralizat-din-captala-au-probleme-cu-apa-calda-si-caldura\/#breadcrumb"},"inLanguage":"en-GB","potentialAction":[{"@type":"ReadAction","target":["https:\/\/buletin.de\/bucuresti\/aproape-jumatate-dintre-imobille-din-sistemul-centralizat-din-captala-au-probleme-cu-apa-calda-si-caldura\/"]}]},{"@type":"ImageObject","inLanguage":"en-GB","@id":"https:\/\/buletin.de\/bucuresti\/aproape-jumatate-dintre-imobille-din-sistemul-centralizat-din-captala-au-probleme-cu-apa-calda-si-caldura\/#primaryimage","url":"https:\/\/buletin.de\/bucuresti\/wp-content\/uploads\/avarii-radet.jpg","contentUrl":"https:\/\/buletin.de\/bucuresti\/wp-content\/uploads\/avarii-radet.jpg","width":500,"height":360},{"@type":"BreadcrumbList","@id":"https:\/\/buletin.de\/bucuresti\/aproape-jumatate-dintre-imobille-din-sistemul-centralizat-din-captala-au-probleme-cu-apa-calda-si-caldura\/#breadcrumb","itemListElement":[{"@type":"ListItem","position":1,"name":"Acas\u0103","item":"https:\/\/buletin.de\/bucuresti\/"},{"@type":"ListItem","position":2,"name":"Aproape jum\u0103tate dintre imobille din sistemul centralizat din Captal\u0103 au probleme cu apa cald\u0103 \u0219i c\u0103ldura"}]},{"@type":"WebSite","@id":"https:\/\/buletin.de\/bucuresti\/#website","url":"https:\/\/buletin.de\/bucuresti\/","name":"Buletin de Bucure\u0219ti","description":"\u0218tiri \u0219i investiga\u021bii esen\u021biale din capital\u0103","publisher":{"@id":"https:\/\/buletin.de\/bucuresti\/#organization"},"potentialAction":[{"@type":"SearchAction","target":{"@type":"EntryPoint","urlTemplate":"https:\/\/buletin.de\/bucuresti\/?s={search_term_string}"},"query-input":{"@type":"PropertyValueSpecification","valueRequired":true,"valueName":"search_term_string"}}],"inLanguage":"en-GB"},{"@type":"Organization","@id":"https:\/\/buletin.de\/bucuresti\/#organization","name":"Buletin de Bucure\u0219ti","url":"https:\/\/buletin.de\/bucuresti\/","logo":{"@type":"ImageObject","inLanguage":"en-GB","@id":"https:\/\/buletin.de\/bucuresti\/#\/schema\/logo\/image\/","url":"https:\/\/buletin.de\/bucuresti\/wp-content\/uploads\/logo-bdb-full-wide-vernil-transparent.png","contentUrl":"https:\/\/buletin.de\/bucuresti\/wp-content\/uploads\/logo-bdb-full-wide-vernil-transparent.png","width":1782,"height":626,"caption":"Buletin de Bucure\u0219ti"},"image":{"@id":"https:\/\/buletin.de\/bucuresti\/#\/schema\/logo\/image\/"},"sameAs":["https:\/\/www.facebook.com\/buletin.de.buc","https:\/\/www.instagram.com\/buletinde.bucuresti\/"]},{"@type":"Person","@id":"https:\/\/buletin.de\/bucuresti\/#\/schema\/person\/b0686d7a8b666c6afc78239777fd8a89","name":"Florin R\u00e2\u0219teiu","image":{"@type":"ImageObject","inLanguage":"en-GB","@id":"https:\/\/buletin.de\/bucuresti\/wp-content\/uploads\/Florin-Rasteiu-96x96.jpgf0a6fe28453aa12f0a60e4d0a2e3a78c","url":"https:\/\/buletin.de\/bucuresti\/wp-content\/uploads\/Florin-Rasteiu-96x96.jpg","contentUrl":"https:\/\/buletin.de\/bucuresti\/wp-content\/uploads\/Florin-Rasteiu-96x96.jpg","caption":"Florin R\u00e2\u0219teiu"},"description":"Jurnalist de investiga\u021bie. Lucreaz\u0103 de aproape 6 ani la Buletin de Bucure\u0219ti, unde a publicat articole care scot la suprafa\u021b\u0103 corup\u021bia din Capital\u0103. Analizeaz\u0103 baze de date zilnic \u0219i scoate pove\u0219ti din exceluri pline de cifre. Pune reflectorul pe adev\u0103r cu fiecare ocazie. A c\u00e2\u0219tigat premiul I la categoria Pres\u0103 Local\u0103 \u00een 2025 \u0219i locul al II-lea la aceea\u0219i categorie \u00een 2024 \u00een cadrul Premiilor Superscrieri pentru jurnalism independent.","url":"https:\/\/buletin.de\/bucuresti\/author\/florinrasteiu\/"}]}},"authors":[{"term_id":22576,"user_id":17,"is_guest":0,"slug":"florinrasteiu","display_name":"Florin R\u00e2\u0219teiu","avatar_url":"https:\/\/buletin.de\/bucuresti\/wp-content\/uploads\/Florin-Rasteiu-96x96.jpg","0":null,"1":"","2":"","3":"","4":"","5":"","6":"","7":"","8":""}],"_links":{"self":[{"href":"https:\/\/buletin.de\/bucuresti\/wp-json\/wp\/v2\/posts\/48446","targetHints":{"allow":["GET"]}}],"collection":[{"href":"https:\/\/buletin.de\/bucuresti\/wp-json\/wp\/v2\/posts"}],"about":[{"href":"https:\/\/buletin.de\/bucuresti\/wp-json\/wp\/v2\/types\/post"}],"author":[{"embeddable":true,"href":"https:\/\/buletin.de\/bucuresti\/wp-json\/wp\/v2\/users\/17"}],"replies":[{"embeddable":true,"href":"https:\/\/buletin.de\/bucuresti\/wp-json\/wp\/v2\/comments?post=48446"}],"version-history":[{"count":3,"href":"https:\/\/buletin.de\/bucuresti\/wp-json\/wp\/v2\/posts\/48446\/revisions"}],"predecessor-version":[{"id":48456,"href":"https:\/\/buletin.de\/bucuresti\/wp-json\/wp\/v2\/posts\/48446\/revisions\/48456"}],"wp:featuredmedia":[{"embeddable":true,"href":"https:\/\/buletin.de\/bucuresti\/wp-json\/wp\/v2\/media\/2024"}],"wp:attachment":[{"href":"https:\/\/buletin.de\/bucuresti\/wp-json\/wp\/v2\/media?parent=48446"}],"wp:term":[{"taxonomy":"category","embeddable":true,"href":"https:\/\/buletin.de\/bucuresti\/wp-json\/wp\/v2\/categories?post=48446"},{"taxonomy":"post_tag","embeddable":true,"href":"https:\/\/buletin.de\/bucuresti\/wp-json\/wp\/v2\/tags?post=48446"},{"taxonomy":"author","embeddable":true,"href":"https:\/\/buletin.de\/bucuresti\/wp-json\/wp\/v2\/ppma_author?post=48446"}],"curies":[{"name":"wp","href":"https:\/\/api.w.org\/{rel}","templated":true}]}}