{"id":48310,"date":"2022-11-19T09:09:00","date_gmt":"2022-11-19T07:09:00","guid":{"rendered":"https:\/\/buletin.de\/bucuresti\/?p=48310"},"modified":"2022-11-19T09:09:02","modified_gmt":"2022-11-19T07:09:02","slug":"tramvaiele-516-si-n103-circula-in-weekend-pe-trasee-modificate","status":"publish","type":"post","link":"https:\/\/buletin.de\/bucuresti\/tramvaiele-516-si-n103-circula-in-weekend-pe-trasee-modificate\/","title":{"rendered":"Tramvaiele 5,16 \u0219i N103 circul\u0103, \u00een weekend,&nbsp;pe trasee modificate"},"content":{"rendered":"\n<p>\u00cen perioada 18 noiembrie-20 noiembrie, liniile de tramvai 5,16 \u0219i N103 vor circula pe trasee diferite pe ambele sensuri. Motivul este remedierea unei defec\u021biuni la re\u021beaua public\u0103 de canalizare de pe str. Vasile Laz\u0103r, potrivit&nbsp;Societa\u021bii&nbsp;de Transport Bucure\u0219ti.&nbsp;<\/p>\n\n\n\n<p><br>Tramvaiele liniei 5 vor circula pe traseul urm\u0103tor:<\/p>\n\n\n\n<p>*<strong>Pe sen<\/strong><strong>sul de mers spre Pia\u021ba B\u0103neasa<\/strong><strong>:<\/strong>&nbsp;terminal&nbsp;<a><\/a>Pia\u021ba Sf. Gheorghe, Str. Sf\u00e2ntul Gheorghe, Str. Lipscani, Calea Mo\u0219ilor, \u015eos. Colentina, Str. Turmelor, Str. Re\u00eenvierii, Str. Lizeanu, \u015eos. \u015etefan cel Mare, Str. Barbu V\u0103c\u0103rescu, Str. Cpt. Aviator Alexandru \u0218erb\u0103nescu, Bd. Aerog\u0103rii, sta\u021bia &#8216;Pia\u021ba B\u0103neasa&#8217;.\u201d<\/p>\n\n\n\n<p>*<strong>Pe sensul de mers spre Pia\u021ba Sf. Gheorghe<\/strong>: sta\u021bia&nbsp;Pia\u021ba B\u0103neasa, Bd. Aerog\u0103rii, Str. Cpt. Aviator Alexandru \u0218erb\u0103nescu, Str. Barbu V\u0103c\u0103rescu, \u015eos. \u015etefan cel Mare, Calea Mo\u015filor, Str. Cavafii Vechi, Str. B\u0103niei, Str. Sf\u00e2ntul Gheorghe, terminal &#8216;Pia\u021ba Sf. Gheorghe&nbsp;&#8216;.\u201d<\/p>\n\n\n\n<p>Tramvaiele liniei 16 vor circula pe urm\u0103torul traseu:<\/p>\n\n\n\n<p><strong>*<\/strong><strong>Pe sensul de mers spre Platforma Industrial\u0103 Pipera:&nbsp;<\/strong>terminal Pia\u0163a Sf. Vineri, Str. Sf. Vineri, Cal. Mo\u015filor, \u015eos. Colentina, Str. Turmelor, Str. Re\u00eenvierii, Str. Maica Domnului, Bd. Lacul Tei, \u015eos. Petricani,&nbsp;Bd. Dimitrie Pompeiu, terminal&nbsp;Platforma Industrial\u0103 Pipera.<\/p>\n\n\n\n<p><strong>*<\/strong><strong>Pe sensul de mers spre Pia\u021ba Sf. Vineri<\/strong><strong>:<\/strong>&nbsp;terminal Platforma Industrial\u0103 Pipera,&nbsp;Bd. Dimitrie Pompeiu, \u015eos. Petricani, Bd. Lacul Tei, Str. Maica Domnului, Str. Re\u00eenvierii, Str. Turmelor, \u015eos. Colentina, Calea Mosilor,&nbsp;Str. Sf. Vineri, terminal&nbsp;Pia\u0163a Sf. Vineri.\u201f<\/p>\n\n\n\n<p>\u0218i linia de noapte N103 va&nbsp;circula pe un traseu modificat, astfel:<\/p>\n\n\n\n<p><strong>*<\/strong><strong>Pe sensul de mers spre Pia\u021ba Unirii 2:<\/strong>&nbsp;terminal Institutul Oncologic, \u0218os. Fundeni, \u0218os. Colentina, Str. Teiul Doamnei, Bd. Lacul Tei, Str. Barbu V\u0103c\u0103rescu, Str. Tunari, Str. Alecu Russo, Bd. Dacia, Cal. Mo\u015filor, Str. Sf. Vineri, Bd. Corneliu Coposu, rond Pia\u021ba Unirii, terminal&nbsp;Pia\u021ba Unirii 2.\u201d<\/p>\n\n\n\n<p><strong>*<\/strong><strong>Pe sensul de mers spre Institutul Oncologic:<\/strong>&nbsp;terminal Pia\u021ba Unirii 2, rond Pia\u021ba Unirii, Bd. Corneliu Coposu, Str. M\u00e2ntuleasa, Str. Paleologu, Bd. Carol I, Cal. Mo\u015filor, Str. Traian, \u020bntoarcere la scuarul central dup\u0103 f\u0203nt\u0203na artezian\u0103, Str. Traian, Bd. Dacia, Str. Alecu Russo, Str. Tunari, Str. Barbu V\u0103c\u0103rescu, Bd. Lacul Tei, Str. Teiul Doamnei, \u0218os. Colentina, \u0218os. Fundeni, bretele pasaj Fundeni, terminal&nbsp;Institutul Oncologic.\u201f<\/p>\n\n\n\n<p>Articol scris de \u0218uta Teodora<\/p>\n","protected":false},"excerpt":{"rendered":"<p>\u00cen perioada 18 noiembrie-20 noiembrie, liniile de tramvai 5,16 \u0219i N103 vor circula pe trasee diferite pe ambele sensuri. Motivul este remedierea unei defec\u021biuni la re\u021beaua public\u0103 de canalizare de pe str. Vasile Laz\u0103r, potrivit&nbsp;Societa\u021bii&nbsp;de Transport Bucure\u0219ti.&nbsp; Tramvaiele liniei 5 vor circula pe traseul urm\u0103tor: *Pe sensul de mers spre Pia\u021ba B\u0103neasa:&nbsp;terminal&nbsp;Pia\u021ba Sf. Gheorghe, Str. [&hellip;]<\/p>\n","protected":false},"author":1,"featured_media":8750,"comment_status":"closed","ping_status":"open","sticky":false,"template":"","format":"standard","meta":{"_acf_changed":false,"inline_featured_image":false,"ngg_post_thumbnail":0,"footnotes":""},"categories":[62,650],"tags":[399],"ppma_author":[22583],"class_list":["post-48310","post","type-post","status-publish","format-standard","has-post-thumbnail","hentry","category-stiri","category-transport","tag-tramvaie"],"acf":[],"yoast_head":"<!-- This site is optimized with the Yoast SEO Premium plugin v25.3 (Yoast SEO v27.5) - https:\/\/yoast.com\/product\/yoast-seo-premium-wordpress\/ -->\n<title>Tramvaiele 5,16 \u0219i N103 circul\u0103, \u00een weekend,&nbsp;pe trasee modificate - Buletin de Bucure\u0219ti<\/title>\n<meta name=\"robots\" content=\"index, follow, max-snippet:-1, max-image-preview:large, max-video-preview:-1\" \/>\n<link rel=\"canonical\" href=\"https:\/\/buletin.de\/bucuresti\/tramvaiele-516-si-n103-circula-in-weekend-pe-trasee-modificate\/\" \/>\n<meta property=\"og:locale\" content=\"en_GB\" \/>\n<meta property=\"og:type\" content=\"article\" \/>\n<meta property=\"og:title\" content=\"Tramvaiele 5,16 \u0219i N103 circul\u0103, \u00een weekend,&nbsp;pe trasee modificate\" \/>\n<meta property=\"og:description\" content=\"\u00cen perioada 18 noiembrie-20 noiembrie, liniile de tramvai 5,16 \u0219i N103 vor circula pe trasee diferite pe ambele sensuri. Motivul este remedierea unei defec\u021biuni la re\u021beaua public\u0103 de canalizare de pe str. Vasile Laz\u0103r, potrivit&nbsp;Societa\u021bii&nbsp;de Transport Bucure\u0219ti.&nbsp; Tramvaiele liniei 5 vor circula pe traseul urm\u0103tor: *Pe sensul de mers spre Pia\u021ba B\u0103neasa:&nbsp;terminal&nbsp;Pia\u021ba Sf. Gheorghe, Str. [&hellip;]\" \/>\n<meta property=\"og:url\" content=\"https:\/\/buletin.de\/bucuresti\/tramvaiele-516-si-n103-circula-in-weekend-pe-trasee-modificate\/\" \/>\n<meta property=\"og:site_name\" content=\"Buletin de Bucure\u0219ti\" \/>\n<meta property=\"article:publisher\" content=\"https:\/\/www.facebook.com\/buletin.de.buc\" \/>\n<meta property=\"article:published_time\" content=\"2022-11-19T07:09:00+00:00\" \/>\n<meta property=\"article:modified_time\" content=\"2022-11-19T07:09:02+00:00\" \/>\n<meta property=\"og:image\" content=\"https:\/\/buletin.de\/bucuresti\/wp-content\/uploads\/Tramvai-Electroputere-autor-Victor-Silaghi.jpg\" \/>\n\t<meta property=\"og:image:width\" content=\"1024\" \/>\n\t<meta property=\"og:image:height\" content=\"683\" \/>\n\t<meta property=\"og:image:type\" content=\"image\/jpeg\" \/>\n<meta name=\"author\" content=\"Redac\u021bia Buletin de Bucure\u0219ti\" \/>\n<meta name=\"twitter:card\" content=\"summary_large_image\" \/>\n<meta name=\"twitter:label1\" content=\"Written by\" \/>\n\t<meta name=\"twitter:data1\" content=\"Redac\u021bia Buletin de Bucure\u0219ti\" \/>\n\t<meta name=\"twitter:label2\" content=\"Estimated reading time\" \/>\n\t<meta name=\"twitter:data2\" content=\"2 minutes\" \/>\n<script type=\"application\/ld+json\" class=\"yoast-schema-graph\">{\"@context\":\"https:\\\/\\\/schema.org\",\"@graph\":[{\"@type\":\"Article\",\"@id\":\"https:\\\/\\\/buletin.de\\\/bucuresti\\\/tramvaiele-516-si-n103-circula-in-weekend-pe-trasee-modificate\\\/#article\",\"isPartOf\":{\"@id\":\"https:\\\/\\\/buletin.de\\\/bucuresti\\\/tramvaiele-516-si-n103-circula-in-weekend-pe-trasee-modificate\\\/\"},\"author\":{\"name\":\"Redac\u021bia Buletin de Bucure\u0219ti\",\"@id\":\"https:\\\/\\\/buletin.de\\\/bucuresti\\\/#\\\/schema\\\/person\\\/2bbcf854e5f2419a13804af574d06ab1\"},\"headline\":\"Tramvaiele 5,16 \u0219i N103 circul\u0103, \u00een weekend,&nbsp;pe trasee modificate\",\"datePublished\":\"2022-11-19T07:09:00+00:00\",\"dateModified\":\"2022-11-19T07:09:02+00:00\",\"mainEntityOfPage\":{\"@id\":\"https:\\\/\\\/buletin.de\\\/bucuresti\\\/tramvaiele-516-si-n103-circula-in-weekend-pe-trasee-modificate\\\/\"},\"wordCount\":414,\"publisher\":{\"@id\":\"https:\\\/\\\/buletin.de\\\/bucuresti\\\/#organization\"},\"image\":{\"@id\":\"https:\\\/\\\/buletin.de\\\/bucuresti\\\/tramvaiele-516-si-n103-circula-in-weekend-pe-trasee-modificate\\\/#primaryimage\"},\"thumbnailUrl\":\"https:\\\/\\\/buletin.de\\\/bucuresti\\\/wp-content\\\/uploads\\\/Tramvai-Electroputere-autor-Victor-Silaghi.jpg\",\"keywords\":[\"tramvaie\"],\"articleSection\":[\"\u0218tiri\",\"Transport\"],\"inLanguage\":\"en-GB\",\"copyrightYear\":\"2022\",\"copyrightHolder\":{\"@id\":\"https:\\\/\\\/buletin.de\\\/bucuresti\\\/#organization\"}},{\"@type\":\"WebPage\",\"@id\":\"https:\\\/\\\/buletin.de\\\/bucuresti\\\/tramvaiele-516-si-n103-circula-in-weekend-pe-trasee-modificate\\\/\",\"url\":\"https:\\\/\\\/buletin.de\\\/bucuresti\\\/tramvaiele-516-si-n103-circula-in-weekend-pe-trasee-modificate\\\/\",\"name\":\"Tramvaiele 5,16 \u0219i N103 circul\u0103, \u00een weekend,&nbsp;pe trasee modificate - Buletin de Bucure\u0219ti\",\"isPartOf\":{\"@id\":\"https:\\\/\\\/buletin.de\\\/bucuresti\\\/#website\"},\"primaryImageOfPage\":{\"@id\":\"https:\\\/\\\/buletin.de\\\/bucuresti\\\/tramvaiele-516-si-n103-circula-in-weekend-pe-trasee-modificate\\\/#primaryimage\"},\"image\":{\"@id\":\"https:\\\/\\\/buletin.de\\\/bucuresti\\\/tramvaiele-516-si-n103-circula-in-weekend-pe-trasee-modificate\\\/#primaryimage\"},\"thumbnailUrl\":\"https:\\\/\\\/buletin.de\\\/bucuresti\\\/wp-content\\\/uploads\\\/Tramvai-Electroputere-autor-Victor-Silaghi.jpg\",\"datePublished\":\"2022-11-19T07:09:00+00:00\",\"dateModified\":\"2022-11-19T07:09:02+00:00\",\"breadcrumb\":{\"@id\":\"https:\\\/\\\/buletin.de\\\/bucuresti\\\/tramvaiele-516-si-n103-circula-in-weekend-pe-trasee-modificate\\\/#breadcrumb\"},\"inLanguage\":\"en-GB\",\"potentialAction\":[{\"@type\":\"ReadAction\",\"target\":[\"https:\\\/\\\/buletin.de\\\/bucuresti\\\/tramvaiele-516-si-n103-circula-in-weekend-pe-trasee-modificate\\\/\"]}]},{\"@type\":\"ImageObject\",\"inLanguage\":\"en-GB\",\"@id\":\"https:\\\/\\\/buletin.de\\\/bucuresti\\\/tramvaiele-516-si-n103-circula-in-weekend-pe-trasee-modificate\\\/#primaryimage\",\"url\":\"https:\\\/\\\/buletin.de\\\/bucuresti\\\/wp-content\\\/uploads\\\/Tramvai-Electroputere-autor-Victor-Silaghi.jpg\",\"contentUrl\":\"https:\\\/\\\/buletin.de\\\/bucuresti\\\/wp-content\\\/uploads\\\/Tramvai-Electroputere-autor-Victor-Silaghi.jpg\",\"width\":1024,\"height\":683},{\"@type\":\"BreadcrumbList\",\"@id\":\"https:\\\/\\\/buletin.de\\\/bucuresti\\\/tramvaiele-516-si-n103-circula-in-weekend-pe-trasee-modificate\\\/#breadcrumb\",\"itemListElement\":[{\"@type\":\"ListItem\",\"position\":1,\"name\":\"Acas\u0103\",\"item\":\"https:\\\/\\\/buletin.de\\\/bucuresti\\\/\"},{\"@type\":\"ListItem\",\"position\":2,\"name\":\"Tramvaiele 5,16 \u0219i N103 circul\u0103, \u00een weekend,&nbsp;pe trasee modificate\"}]},{\"@type\":\"WebSite\",\"@id\":\"https:\\\/\\\/buletin.de\\\/bucuresti\\\/#website\",\"url\":\"https:\\\/\\\/buletin.de\\\/bucuresti\\\/\",\"name\":\"Buletin de Bucure\u0219ti\",\"description\":\"\u0218tiri \u0219i investiga\u021bii esen\u021biale din capital\u0103\",\"publisher\":{\"@id\":\"https:\\\/\\\/buletin.de\\\/bucuresti\\\/#organization\"},\"potentialAction\":[{\"@type\":\"SearchAction\",\"target\":{\"@type\":\"EntryPoint\",\"urlTemplate\":\"https:\\\/\\\/buletin.de\\\/bucuresti\\\/?s={search_term_string}\"},\"query-input\":{\"@type\":\"PropertyValueSpecification\",\"valueRequired\":true,\"valueName\":\"search_term_string\"}}],\"inLanguage\":\"en-GB\"},{\"@type\":\"Organization\",\"@id\":\"https:\\\/\\\/buletin.de\\\/bucuresti\\\/#organization\",\"name\":\"Buletin de Bucure\u0219ti\",\"url\":\"https:\\\/\\\/buletin.de\\\/bucuresti\\\/\",\"logo\":{\"@type\":\"ImageObject\",\"inLanguage\":\"en-GB\",\"@id\":\"https:\\\/\\\/buletin.de\\\/bucuresti\\\/#\\\/schema\\\/logo\\\/image\\\/\",\"url\":\"https:\\\/\\\/buletin.de\\\/bucuresti\\\/wp-content\\\/uploads\\\/logo-bdb-full-wide-vernil-transparent.png\",\"contentUrl\":\"https:\\\/\\\/buletin.de\\\/bucuresti\\\/wp-content\\\/uploads\\\/logo-bdb-full-wide-vernil-transparent.png\",\"width\":1782,\"height\":626,\"caption\":\"Buletin de Bucure\u0219ti\"},\"image\":{\"@id\":\"https:\\\/\\\/buletin.de\\\/bucuresti\\\/#\\\/schema\\\/logo\\\/image\\\/\"},\"sameAs\":[\"https:\\\/\\\/www.facebook.com\\\/buletin.de.buc\",\"https:\\\/\\\/www.instagram.com\\\/buletinde.bucuresti\\\/\"]},{\"@type\":\"Person\",\"@id\":\"https:\\\/\\\/buletin.de\\\/bucuresti\\\/#\\\/schema\\\/person\\\/2bbcf854e5f2419a13804af574d06ab1\",\"name\":\"Redac\u021bia Buletin de Bucure\u0219ti\",\"image\":{\"@type\":\"ImageObject\",\"inLanguage\":\"en-GB\",\"@id\":\"https:\\\/\\\/secure.gravatar.com\\\/avatar\\\/18c5342381ed1a08620e6280424e3e5efc958618f5d67c522c9e44c1bc6f9226?s=96&d=monsterid&r=g60c7cd0ad92c68c049fcd4bb3504d609\",\"url\":\"https:\\\/\\\/secure.gravatar.com\\\/avatar\\\/18c5342381ed1a08620e6280424e3e5efc958618f5d67c522c9e44c1bc6f9226?s=96&d=monsterid&r=g\",\"contentUrl\":\"https:\\\/\\\/secure.gravatar.com\\\/avatar\\\/18c5342381ed1a08620e6280424e3e5efc958618f5d67c522c9e44c1bc6f9226?s=96&d=monsterid&r=g\",\"caption\":\"Redac\u021bia Buletin de Bucure\u0219ti\"},\"description\":\"Buletin de Bucure\u0219ti exist\u0103 din vara anului 2019.\",\"url\":\"https:\\\/\\\/buletin.de\\\/bucuresti\\\/author\\\/adminbuletin\\\/\"}]}<\/script>\n<!-- \/ Yoast SEO Premium plugin. -->","yoast_head_json":{"title":"Tramvaiele 5,16 \u0219i N103 circul\u0103, \u00een weekend,&nbsp;pe trasee modificate - Buletin de Bucure\u0219ti","robots":{"index":"index","follow":"follow","max-snippet":"max-snippet:-1","max-image-preview":"max-image-preview:large","max-video-preview":"max-video-preview:-1"},"canonical":"https:\/\/buletin.de\/bucuresti\/tramvaiele-516-si-n103-circula-in-weekend-pe-trasee-modificate\/","og_locale":"en_GB","og_type":"article","og_title":"Tramvaiele 5,16 \u0219i N103 circul\u0103, \u00een weekend,&nbsp;pe trasee modificate","og_description":"\u00cen perioada 18 noiembrie-20 noiembrie, liniile de tramvai 5,16 \u0219i N103 vor circula pe trasee diferite pe ambele sensuri. Motivul este remedierea unei defec\u021biuni la re\u021beaua public\u0103 de canalizare de pe str. Vasile Laz\u0103r, potrivit&nbsp;Societa\u021bii&nbsp;de Transport Bucure\u0219ti.&nbsp; Tramvaiele liniei 5 vor circula pe traseul urm\u0103tor: *Pe sensul de mers spre Pia\u021ba B\u0103neasa:&nbsp;terminal&nbsp;Pia\u021ba Sf. Gheorghe, Str. [&hellip;]","og_url":"https:\/\/buletin.de\/bucuresti\/tramvaiele-516-si-n103-circula-in-weekend-pe-trasee-modificate\/","og_site_name":"Buletin de Bucure\u0219ti","article_publisher":"https:\/\/www.facebook.com\/buletin.de.buc","article_published_time":"2022-11-19T07:09:00+00:00","article_modified_time":"2022-11-19T07:09:02+00:00","og_image":[{"width":1024,"height":683,"url":"https:\/\/buletin.de\/bucuresti\/wp-content\/uploads\/Tramvai-Electroputere-autor-Victor-Silaghi.jpg","type":"image\/jpeg"}],"author":"Redac\u021bia Buletin de Bucure\u0219ti","twitter_card":"summary_large_image","twitter_misc":{"Written by":"Redac\u021bia Buletin de Bucure\u0219ti","Estimated reading time":"2 minutes"},"schema":{"@context":"https:\/\/schema.org","@graph":[{"@type":"Article","@id":"https:\/\/buletin.de\/bucuresti\/tramvaiele-516-si-n103-circula-in-weekend-pe-trasee-modificate\/#article","isPartOf":{"@id":"https:\/\/buletin.de\/bucuresti\/tramvaiele-516-si-n103-circula-in-weekend-pe-trasee-modificate\/"},"author":{"name":"Redac\u021bia Buletin de Bucure\u0219ti","@id":"https:\/\/buletin.de\/bucuresti\/#\/schema\/person\/2bbcf854e5f2419a13804af574d06ab1"},"headline":"Tramvaiele 5,16 \u0219i N103 circul\u0103, \u00een weekend,&nbsp;pe trasee modificate","datePublished":"2022-11-19T07:09:00+00:00","dateModified":"2022-11-19T07:09:02+00:00","mainEntityOfPage":{"@id":"https:\/\/buletin.de\/bucuresti\/tramvaiele-516-si-n103-circula-in-weekend-pe-trasee-modificate\/"},"wordCount":414,"publisher":{"@id":"https:\/\/buletin.de\/bucuresti\/#organization"},"image":{"@id":"https:\/\/buletin.de\/bucuresti\/tramvaiele-516-si-n103-circula-in-weekend-pe-trasee-modificate\/#primaryimage"},"thumbnailUrl":"https:\/\/buletin.de\/bucuresti\/wp-content\/uploads\/Tramvai-Electroputere-autor-Victor-Silaghi.jpg","keywords":["tramvaie"],"articleSection":["\u0218tiri","Transport"],"inLanguage":"en-GB","copyrightYear":"2022","copyrightHolder":{"@id":"https:\/\/buletin.de\/bucuresti\/#organization"}},{"@type":"WebPage","@id":"https:\/\/buletin.de\/bucuresti\/tramvaiele-516-si-n103-circula-in-weekend-pe-trasee-modificate\/","url":"https:\/\/buletin.de\/bucuresti\/tramvaiele-516-si-n103-circula-in-weekend-pe-trasee-modificate\/","name":"Tramvaiele 5,16 \u0219i N103 circul\u0103, \u00een weekend,&nbsp;pe trasee modificate - Buletin de Bucure\u0219ti","isPartOf":{"@id":"https:\/\/buletin.de\/bucuresti\/#website"},"primaryImageOfPage":{"@id":"https:\/\/buletin.de\/bucuresti\/tramvaiele-516-si-n103-circula-in-weekend-pe-trasee-modificate\/#primaryimage"},"image":{"@id":"https:\/\/buletin.de\/bucuresti\/tramvaiele-516-si-n103-circula-in-weekend-pe-trasee-modificate\/#primaryimage"},"thumbnailUrl":"https:\/\/buletin.de\/bucuresti\/wp-content\/uploads\/Tramvai-Electroputere-autor-Victor-Silaghi.jpg","datePublished":"2022-11-19T07:09:00+00:00","dateModified":"2022-11-19T07:09:02+00:00","breadcrumb":{"@id":"https:\/\/buletin.de\/bucuresti\/tramvaiele-516-si-n103-circula-in-weekend-pe-trasee-modificate\/#breadcrumb"},"inLanguage":"en-GB","potentialAction":[{"@type":"ReadAction","target":["https:\/\/buletin.de\/bucuresti\/tramvaiele-516-si-n103-circula-in-weekend-pe-trasee-modificate\/"]}]},{"@type":"ImageObject","inLanguage":"en-GB","@id":"https:\/\/buletin.de\/bucuresti\/tramvaiele-516-si-n103-circula-in-weekend-pe-trasee-modificate\/#primaryimage","url":"https:\/\/buletin.de\/bucuresti\/wp-content\/uploads\/Tramvai-Electroputere-autor-Victor-Silaghi.jpg","contentUrl":"https:\/\/buletin.de\/bucuresti\/wp-content\/uploads\/Tramvai-Electroputere-autor-Victor-Silaghi.jpg","width":1024,"height":683},{"@type":"BreadcrumbList","@id":"https:\/\/buletin.de\/bucuresti\/tramvaiele-516-si-n103-circula-in-weekend-pe-trasee-modificate\/#breadcrumb","itemListElement":[{"@type":"ListItem","position":1,"name":"Acas\u0103","item":"https:\/\/buletin.de\/bucuresti\/"},{"@type":"ListItem","position":2,"name":"Tramvaiele 5,16 \u0219i N103 circul\u0103, \u00een weekend,&nbsp;pe trasee modificate"}]},{"@type":"WebSite","@id":"https:\/\/buletin.de\/bucuresti\/#website","url":"https:\/\/buletin.de\/bucuresti\/","name":"Buletin de Bucure\u0219ti","description":"\u0218tiri \u0219i investiga\u021bii esen\u021biale din capital\u0103","publisher":{"@id":"https:\/\/buletin.de\/bucuresti\/#organization"},"potentialAction":[{"@type":"SearchAction","target":{"@type":"EntryPoint","urlTemplate":"https:\/\/buletin.de\/bucuresti\/?s={search_term_string}"},"query-input":{"@type":"PropertyValueSpecification","valueRequired":true,"valueName":"search_term_string"}}],"inLanguage":"en-GB"},{"@type":"Organization","@id":"https:\/\/buletin.de\/bucuresti\/#organization","name":"Buletin de Bucure\u0219ti","url":"https:\/\/buletin.de\/bucuresti\/","logo":{"@type":"ImageObject","inLanguage":"en-GB","@id":"https:\/\/buletin.de\/bucuresti\/#\/schema\/logo\/image\/","url":"https:\/\/buletin.de\/bucuresti\/wp-content\/uploads\/logo-bdb-full-wide-vernil-transparent.png","contentUrl":"https:\/\/buletin.de\/bucuresti\/wp-content\/uploads\/logo-bdb-full-wide-vernil-transparent.png","width":1782,"height":626,"caption":"Buletin de Bucure\u0219ti"},"image":{"@id":"https:\/\/buletin.de\/bucuresti\/#\/schema\/logo\/image\/"},"sameAs":["https:\/\/www.facebook.com\/buletin.de.buc","https:\/\/www.instagram.com\/buletinde.bucuresti\/"]},{"@type":"Person","@id":"https:\/\/buletin.de\/bucuresti\/#\/schema\/person\/2bbcf854e5f2419a13804af574d06ab1","name":"Redac\u021bia Buletin de Bucure\u0219ti","image":{"@type":"ImageObject","inLanguage":"en-GB","@id":"https:\/\/secure.gravatar.com\/avatar\/18c5342381ed1a08620e6280424e3e5efc958618f5d67c522c9e44c1bc6f9226?s=96&d=monsterid&r=g60c7cd0ad92c68c049fcd4bb3504d609","url":"https:\/\/secure.gravatar.com\/avatar\/18c5342381ed1a08620e6280424e3e5efc958618f5d67c522c9e44c1bc6f9226?s=96&d=monsterid&r=g","contentUrl":"https:\/\/secure.gravatar.com\/avatar\/18c5342381ed1a08620e6280424e3e5efc958618f5d67c522c9e44c1bc6f9226?s=96&d=monsterid&r=g","caption":"Redac\u021bia Buletin de Bucure\u0219ti"},"description":"Buletin de Bucure\u0219ti exist\u0103 din vara anului 2019.","url":"https:\/\/buletin.de\/bucuresti\/author\/adminbuletin\/"}]}},"authors":[{"term_id":22583,"user_id":1,"is_guest":0,"slug":"adminbuletin","display_name":"Redac\u021bia Buletin de Bucure\u0219ti","avatar_url":"https:\/\/secure.gravatar.com\/avatar\/18c5342381ed1a08620e6280424e3e5efc958618f5d67c522c9e44c1bc6f9226?s=96&d=monsterid&r=g","0":null,"1":"","2":"","3":"","4":"","5":"","6":"","7":"","8":""}],"_links":{"self":[{"href":"https:\/\/buletin.de\/bucuresti\/wp-json\/wp\/v2\/posts\/48310","targetHints":{"allow":["GET"]}}],"collection":[{"href":"https:\/\/buletin.de\/bucuresti\/wp-json\/wp\/v2\/posts"}],"about":[{"href":"https:\/\/buletin.de\/bucuresti\/wp-json\/wp\/v2\/types\/post"}],"author":[{"embeddable":true,"href":"https:\/\/buletin.de\/bucuresti\/wp-json\/wp\/v2\/users\/1"}],"replies":[{"embeddable":true,"href":"https:\/\/buletin.de\/bucuresti\/wp-json\/wp\/v2\/comments?post=48310"}],"version-history":[{"count":1,"href":"https:\/\/buletin.de\/bucuresti\/wp-json\/wp\/v2\/posts\/48310\/revisions"}],"predecessor-version":[{"id":48311,"href":"https:\/\/buletin.de\/bucuresti\/wp-json\/wp\/v2\/posts\/48310\/revisions\/48311"}],"wp:featuredmedia":[{"embeddable":true,"href":"https:\/\/buletin.de\/bucuresti\/wp-json\/wp\/v2\/media\/8750"}],"wp:attachment":[{"href":"https:\/\/buletin.de\/bucuresti\/wp-json\/wp\/v2\/media?parent=48310"}],"wp:term":[{"taxonomy":"category","embeddable":true,"href":"https:\/\/buletin.de\/bucuresti\/wp-json\/wp\/v2\/categories?post=48310"},{"taxonomy":"post_tag","embeddable":true,"href":"https:\/\/buletin.de\/bucuresti\/wp-json\/wp\/v2\/tags?post=48310"},{"taxonomy":"author","embeddable":true,"href":"https:\/\/buletin.de\/bucuresti\/wp-json\/wp\/v2\/ppma_author?post=48310"}],"curies":[{"name":"wp","href":"https:\/\/api.w.org\/{rel}","templated":true}]}}