{"id":48299,"date":"2022-11-18T19:22:21","date_gmt":"2022-11-18T17:22:21","guid":{"rendered":"https:\/\/buletin.de\/bucuresti\/?p=48299"},"modified":"2022-11-18T19:22:22","modified_gmt":"2022-11-18T17:22:22","slug":"instanta-blocheaza-construirea-blocurilor-de-28-de-etaje-de-la-baza-radet","status":"publish","type":"post","link":"https:\/\/buletin.de\/bucuresti\/instanta-blocheaza-construirea-blocurilor-de-28-de-etaje-de-la-baza-radet\/","title":{"rendered":"Instan\u021ba blocheaz\u0103 construirea blocurilor de 28 de etaje, de la baza Radet"},"content":{"rendered":"\n<p><strong>Curtea de Apel Bucure\u0219ti a suspendat judecarea dosarului \u00een care controversatul investitor  Manochehr Saadati Sohi a cerut instan\u021bei s\u0103 oblige Prim\u0103ria Sectorului 2 s\u0103 emit\u0103 certificatul de urbanism pentru construirea unui ansamblu de blocuri de 28 de etaje \u00een baza sportiv\u0103, p\u00e2n\u0103 nu se l\u0103mure\u0219te soarta PUZ sector 2.  Astfel, baza de sport r\u0103m\u00e2ne verde, cel pu\u0163in p\u00e2n\u0103 la decizia definitiv\u0103 privind PUZ sector 2, care momentan este suspendat de instan\u021b\u0103. Decizia de suspendare a procesului poate fi atacat\u0103 cu recurs.<\/strong><\/p>\n\n\n\n<blockquote class=\"wp-block-quote is-layout-flow wp-block-quote-is-layout-flow\"><p>R\u0103m\u00e2ne cum am stabilit: nu se construiesc blocuri la baza Radet! (&#8230;) Este, v\u0103 reamintesc, acel teren pentru care domnul Manochehr Sohi Saadati amenin\u0163a c\u0103 \u00eemi cere daune de 200 de milioane de euro, dac\u0103 nu \u00eei autorizez turnurile. (&#8230;) Iat\u0103 c\u0103 s-a dovedit c\u0103 to\u0163i acei avoca\u0163i celebri cu care s-a perindat domnul Manochehr, care au venit pentru intimidare, nu au fost mai buni dec\u00e2t avoca\u0163ii prim\u0103riei, c\u0103rora vreau s\u0103 le mul\u0163umesc cu aceast\u0103 ocazie.<\/p><cite>A scris pe Facebook Radu Mihaiu, primarul Sectorului 2<\/cite><\/blockquote>\n\n\n\n<p>\u00cen baza PUZ-ului Coordonator al Sectorului 2, momentan suspendat de instan\u021b\u0103, investitorul Saadati Sohi a solicitat, \u00een 2021, emiterea unui certificat de urbanism pentru terenul de pe bd. Barbu V\u0103c\u0103rescu 275 &#8211; 277 &#8211; 291 pentru construire ansamblu de blocuri cu 3S+P+13E + 14 Duplex \u0219i 3S+P+27E + 28 Duplex.<\/p>\n\n\n\n<p>Omul de afaceri a amenin\u021bat c\u0103 va cere Prim\u0103riei Sectorului 2 desp\u0103gubiri de 200 de milioane de euro \u00een care institu\u021bia nu \u00eei permite s\u0103 construiasc\u0103 blocurile turn.<\/p>\n\n\n\n<p>Investitorul Saadati Sohi este un controversat om de afaceri, unul dintre beneficiarii desp\u0103gubirilor de 50 de milioane de euro pentru p\u0103r\u021bi din Parcul Verdi, dup\u0103 relateaz\u0103 G4Media. Omul de afaceri a fost reprezentat \u00een afacerea Parcul Verdi de c\u0103tre fugarul Drago\u0219 S\u0103vulescu, care e condamnat la 5 ani de \u00eenchisoare cu executare \u0219i care se afl\u0103 acum \u00een Grecia.<\/p>\n\n\n\n<p>Pe l\u00e2ng\u0103 astea, Sohi are trei societ\u0103\u021bi comerciale \u0219i a fost implicat \u00eentr-o afacere controversat\u0103 \u00een satul francez. Este vorba despre Complexul Persepolis, \u00een apropierea parcului Her\u0103str\u0103u cl\u0103dire care a fost supra\u00een\u0103l\u021bat\u0103 cu dou\u0103 etaje, f\u0103r\u0103 autoriza\u021bie de construire, potrivit Ziarului de Investiga\u021bii.<\/p>\n\n\n\n<p>Mai mult, iranianul este \u0219i&nbsp;principalul beneficiar al desp\u0103gubirilor pl\u0103tite de Prim\u0103ria Capitalei pentru l\u0103rgirea str\u0103zii Fabrica de Glucoz\u0103.<\/p>\n\n\n\n<p><strong>CITE\u0218TE \u0218I: <\/strong><\/p>\n\n\n\n<p><a href=\"https:\/\/buletin.de\/bucuresti\/primaria-capitalei-vrea-sa-recupeze-unele-terenuri-instrainate-ilegal\/\">Prim\u0103ria Capitalei vrea s\u0103 recupeze unele terenuri \u00eenstr\u0103inate ilegal<\/a><\/p>\n\n\n\n<p><a href=\"https:\/\/buletin.de\/bucuresti\/victorie-de-etapa-pentru-primaria-sector-2-tribunalul-bucuresti-respinge-cererea-unui-investitor-care-voia-certificat-de-urbanism-in-lipsa-unui-puz\/\">Victorie de etap\u0103 pentru Prim\u0103ria Sector 2. Tribunalul Bucure\u0219ti respinge cererea unui investitor care voia Certificat de urbanism \u00een lipsa unui PUZ<\/a><\/p>\n","protected":false},"excerpt":{"rendered":"<p>Curtea de Apel Bucure\u0219ti a suspendat judecarea dosarului \u00een care controversatul investitor Manochehr Saadati Sohi a cerut instan\u021bei s\u0103 oblige Prim\u0103ria Sectorului 2 s\u0103 emit\u0103 certificatul de urbanism pentru construirea unui ansamblu de blocuri de 28 de etaje \u00een baza sportiv\u0103, p\u00e2n\u0103 nu se l\u0103mure\u0219te soarta PUZ sector 2. Astfel, baza de sport r\u0103m\u00e2ne verde, [&hellip;]<\/p>\n","protected":false},"author":17,"featured_media":47697,"comment_status":"closed","ping_status":"open","sticky":false,"template":"","format":"standard","meta":{"_acf_changed":false,"inline_featured_image":false,"ngg_post_thumbnail":0,"footnotes":""},"categories":[24],"tags":[4344,4754,4547,4755,247,1919,229],"ppma_author":[22576],"class_list":["post-48299","post","type-post","status-publish","format-standard","has-post-thumbnail","hentry","category-primarie","tag-baza-sportiva","tag-curtea-de-apel-bucuresti","tag-manochehr-saadati-sohi","tag-primaria-sectorului-2-2","tag-radet","tag-radu-mihaiu","tag-sector-2"],"acf":[],"yoast_head":"<!-- This site is optimized with the Yoast SEO Premium plugin v25.3 (Yoast SEO v27.5) - https:\/\/yoast.com\/product\/yoast-seo-premium-wordpress\/ -->\n<title>Instan\u021ba blocheaz\u0103 construirea blocurilor de 28 de etaje, de la baza Radet - Buletin de Bucure\u0219ti<\/title>\n<meta name=\"robots\" content=\"index, follow, max-snippet:-1, max-image-preview:large, max-video-preview:-1\" \/>\n<link rel=\"canonical\" href=\"https:\/\/buletin.de\/bucuresti\/instanta-blocheaza-construirea-blocurilor-de-28-de-etaje-de-la-baza-radet\/\" \/>\n<meta property=\"og:locale\" content=\"en_GB\" \/>\n<meta property=\"og:type\" content=\"article\" \/>\n<meta property=\"og:title\" content=\"Instan\u021ba blocheaz\u0103 construirea blocurilor de 28 de etaje, de la baza Radet\" \/>\n<meta property=\"og:description\" content=\"Curtea de Apel Bucure\u0219ti a suspendat judecarea dosarului \u00een care controversatul investitor Manochehr Saadati Sohi a cerut instan\u021bei s\u0103 oblige Prim\u0103ria Sectorului 2 s\u0103 emit\u0103 certificatul de urbanism pentru construirea unui ansamblu de blocuri de 28 de etaje \u00een baza sportiv\u0103, p\u00e2n\u0103 nu se l\u0103mure\u0219te soarta PUZ sector 2. Astfel, baza de sport r\u0103m\u00e2ne verde, [&hellip;]\" \/>\n<meta property=\"og:url\" content=\"https:\/\/buletin.de\/bucuresti\/instanta-blocheaza-construirea-blocurilor-de-28-de-etaje-de-la-baza-radet\/\" \/>\n<meta property=\"og:site_name\" content=\"Buletin de Bucure\u0219ti\" \/>\n<meta property=\"article:publisher\" content=\"https:\/\/www.facebook.com\/buletin.de.buc\" \/>\n<meta property=\"article:published_time\" content=\"2022-11-18T17:22:21+00:00\" \/>\n<meta property=\"article:modified_time\" content=\"2022-11-18T17:22:22+00:00\" \/>\n<meta property=\"og:image\" content=\"https:\/\/buletin.de\/bucuresti\/wp-content\/uploads\/download.png\" \/>\n\t<meta property=\"og:image:width\" content=\"500\" \/>\n\t<meta property=\"og:image:height\" content=\"375\" \/>\n\t<meta property=\"og:image:type\" content=\"image\/png\" \/>\n<meta name=\"author\" content=\"Florin R\u00e2\u0219teiu\" \/>\n<meta name=\"twitter:card\" content=\"summary_large_image\" \/>\n<meta name=\"twitter:label1\" content=\"Written by\" \/>\n\t<meta name=\"twitter:data1\" content=\"Florin R\u00e2\u0219teiu\" \/>\n\t<meta name=\"twitter:label2\" content=\"Estimated reading time\" \/>\n\t<meta name=\"twitter:data2\" content=\"2 minutes\" \/>\n<script type=\"application\/ld+json\" class=\"yoast-schema-graph\">{\"@context\":\"https:\\\/\\\/schema.org\",\"@graph\":[{\"@type\":\"Article\",\"@id\":\"https:\\\/\\\/buletin.de\\\/bucuresti\\\/instanta-blocheaza-construirea-blocurilor-de-28-de-etaje-de-la-baza-radet\\\/#article\",\"isPartOf\":{\"@id\":\"https:\\\/\\\/buletin.de\\\/bucuresti\\\/instanta-blocheaza-construirea-blocurilor-de-28-de-etaje-de-la-baza-radet\\\/\"},\"author\":{\"name\":\"Florin R\u00e2\u0219teiu\",\"@id\":\"https:\\\/\\\/buletin.de\\\/bucuresti\\\/#\\\/schema\\\/person\\\/b0686d7a8b666c6afc78239777fd8a89\"},\"headline\":\"Instan\u021ba blocheaz\u0103 construirea blocurilor de 28 de etaje, de la baza Radet\",\"datePublished\":\"2022-11-18T17:22:21+00:00\",\"dateModified\":\"2022-11-18T17:22:22+00:00\",\"mainEntityOfPage\":{\"@id\":\"https:\\\/\\\/buletin.de\\\/bucuresti\\\/instanta-blocheaza-construirea-blocurilor-de-28-de-etaje-de-la-baza-radet\\\/\"},\"wordCount\":446,\"publisher\":{\"@id\":\"https:\\\/\\\/buletin.de\\\/bucuresti\\\/#organization\"},\"image\":{\"@id\":\"https:\\\/\\\/buletin.de\\\/bucuresti\\\/instanta-blocheaza-construirea-blocurilor-de-28-de-etaje-de-la-baza-radet\\\/#primaryimage\"},\"thumbnailUrl\":\"https:\\\/\\\/buletin.de\\\/bucuresti\\\/wp-content\\\/uploads\\\/download.png\",\"keywords\":[\"baza sportiva\",\"Curtea de Apel Bucure\u0219ti\",\"Manochehr Saadati Sohi\",\"Prim\u0103ria Sectorului 2\",\"radet\",\"Radu Mihaiu\",\"Sector 2\"],\"articleSection\":[\"Prim\u0103rie\"],\"inLanguage\":\"en-GB\",\"copyrightYear\":\"2022\",\"copyrightHolder\":{\"@id\":\"https:\\\/\\\/buletin.de\\\/bucuresti\\\/#organization\"}},{\"@type\":\"WebPage\",\"@id\":\"https:\\\/\\\/buletin.de\\\/bucuresti\\\/instanta-blocheaza-construirea-blocurilor-de-28-de-etaje-de-la-baza-radet\\\/\",\"url\":\"https:\\\/\\\/buletin.de\\\/bucuresti\\\/instanta-blocheaza-construirea-blocurilor-de-28-de-etaje-de-la-baza-radet\\\/\",\"name\":\"Instan\u021ba blocheaz\u0103 construirea blocurilor de 28 de etaje, de la baza Radet - Buletin de Bucure\u0219ti\",\"isPartOf\":{\"@id\":\"https:\\\/\\\/buletin.de\\\/bucuresti\\\/#website\"},\"primaryImageOfPage\":{\"@id\":\"https:\\\/\\\/buletin.de\\\/bucuresti\\\/instanta-blocheaza-construirea-blocurilor-de-28-de-etaje-de-la-baza-radet\\\/#primaryimage\"},\"image\":{\"@id\":\"https:\\\/\\\/buletin.de\\\/bucuresti\\\/instanta-blocheaza-construirea-blocurilor-de-28-de-etaje-de-la-baza-radet\\\/#primaryimage\"},\"thumbnailUrl\":\"https:\\\/\\\/buletin.de\\\/bucuresti\\\/wp-content\\\/uploads\\\/download.png\",\"datePublished\":\"2022-11-18T17:22:21+00:00\",\"dateModified\":\"2022-11-18T17:22:22+00:00\",\"breadcrumb\":{\"@id\":\"https:\\\/\\\/buletin.de\\\/bucuresti\\\/instanta-blocheaza-construirea-blocurilor-de-28-de-etaje-de-la-baza-radet\\\/#breadcrumb\"},\"inLanguage\":\"en-GB\",\"potentialAction\":[{\"@type\":\"ReadAction\",\"target\":[\"https:\\\/\\\/buletin.de\\\/bucuresti\\\/instanta-blocheaza-construirea-blocurilor-de-28-de-etaje-de-la-baza-radet\\\/\"]}]},{\"@type\":\"ImageObject\",\"inLanguage\":\"en-GB\",\"@id\":\"https:\\\/\\\/buletin.de\\\/bucuresti\\\/instanta-blocheaza-construirea-blocurilor-de-28-de-etaje-de-la-baza-radet\\\/#primaryimage\",\"url\":\"https:\\\/\\\/buletin.de\\\/bucuresti\\\/wp-content\\\/uploads\\\/download.png\",\"contentUrl\":\"https:\\\/\\\/buletin.de\\\/bucuresti\\\/wp-content\\\/uploads\\\/download.png\",\"width\":500,\"height\":375},{\"@type\":\"BreadcrumbList\",\"@id\":\"https:\\\/\\\/buletin.de\\\/bucuresti\\\/instanta-blocheaza-construirea-blocurilor-de-28-de-etaje-de-la-baza-radet\\\/#breadcrumb\",\"itemListElement\":[{\"@type\":\"ListItem\",\"position\":1,\"name\":\"Acas\u0103\",\"item\":\"https:\\\/\\\/buletin.de\\\/bucuresti\\\/\"},{\"@type\":\"ListItem\",\"position\":2,\"name\":\"Instan\u021ba blocheaz\u0103 construirea blocurilor de 28 de etaje, de la baza Radet\"}]},{\"@type\":\"WebSite\",\"@id\":\"https:\\\/\\\/buletin.de\\\/bucuresti\\\/#website\",\"url\":\"https:\\\/\\\/buletin.de\\\/bucuresti\\\/\",\"name\":\"Buletin de Bucure\u0219ti\",\"description\":\"\u0218tiri \u0219i investiga\u021bii esen\u021biale din capital\u0103\",\"publisher\":{\"@id\":\"https:\\\/\\\/buletin.de\\\/bucuresti\\\/#organization\"},\"potentialAction\":[{\"@type\":\"SearchAction\",\"target\":{\"@type\":\"EntryPoint\",\"urlTemplate\":\"https:\\\/\\\/buletin.de\\\/bucuresti\\\/?s={search_term_string}\"},\"query-input\":{\"@type\":\"PropertyValueSpecification\",\"valueRequired\":true,\"valueName\":\"search_term_string\"}}],\"inLanguage\":\"en-GB\"},{\"@type\":\"Organization\",\"@id\":\"https:\\\/\\\/buletin.de\\\/bucuresti\\\/#organization\",\"name\":\"Buletin de Bucure\u0219ti\",\"url\":\"https:\\\/\\\/buletin.de\\\/bucuresti\\\/\",\"logo\":{\"@type\":\"ImageObject\",\"inLanguage\":\"en-GB\",\"@id\":\"https:\\\/\\\/buletin.de\\\/bucuresti\\\/#\\\/schema\\\/logo\\\/image\\\/\",\"url\":\"https:\\\/\\\/buletin.de\\\/bucuresti\\\/wp-content\\\/uploads\\\/logo-bdb-full-wide-vernil-transparent.png\",\"contentUrl\":\"https:\\\/\\\/buletin.de\\\/bucuresti\\\/wp-content\\\/uploads\\\/logo-bdb-full-wide-vernil-transparent.png\",\"width\":1782,\"height\":626,\"caption\":\"Buletin de Bucure\u0219ti\"},\"image\":{\"@id\":\"https:\\\/\\\/buletin.de\\\/bucuresti\\\/#\\\/schema\\\/logo\\\/image\\\/\"},\"sameAs\":[\"https:\\\/\\\/www.facebook.com\\\/buletin.de.buc\",\"https:\\\/\\\/www.instagram.com\\\/buletinde.bucuresti\\\/\"]},{\"@type\":\"Person\",\"@id\":\"https:\\\/\\\/buletin.de\\\/bucuresti\\\/#\\\/schema\\\/person\\\/b0686d7a8b666c6afc78239777fd8a89\",\"name\":\"Florin R\u00e2\u0219teiu\",\"image\":{\"@type\":\"ImageObject\",\"inLanguage\":\"en-GB\",\"@id\":\"https:\\\/\\\/buletin.de\\\/bucuresti\\\/wp-content\\\/uploads\\\/Florin-Rasteiu-96x96.jpgf0a6fe28453aa12f0a60e4d0a2e3a78c\",\"url\":\"https:\\\/\\\/buletin.de\\\/bucuresti\\\/wp-content\\\/uploads\\\/Florin-Rasteiu-96x96.jpg\",\"contentUrl\":\"https:\\\/\\\/buletin.de\\\/bucuresti\\\/wp-content\\\/uploads\\\/Florin-Rasteiu-96x96.jpg\",\"caption\":\"Florin R\u00e2\u0219teiu\"},\"description\":\"Jurnalist de investiga\u021bie. Lucreaz\u0103 de aproape 6 ani la Buletin de Bucure\u0219ti, unde a publicat articole care scot la suprafa\u021b\u0103 corup\u021bia din Capital\u0103. Analizeaz\u0103 baze de date zilnic \u0219i scoate pove\u0219ti din exceluri pline de cifre. Pune reflectorul pe adev\u0103r cu fiecare ocazie. A c\u00e2\u0219tigat premiul I la categoria Pres\u0103 Local\u0103 \u00een 2025 \u0219i locul al II-lea la aceea\u0219i categorie \u00een 2024 \u00een cadrul Premiilor Superscrieri pentru jurnalism independent.\",\"url\":\"https:\\\/\\\/buletin.de\\\/bucuresti\\\/author\\\/florinrasteiu\\\/\"}]}<\/script>\n<!-- \/ Yoast SEO Premium plugin. -->","yoast_head_json":{"title":"Instan\u021ba blocheaz\u0103 construirea blocurilor de 28 de etaje, de la baza Radet - Buletin de Bucure\u0219ti","robots":{"index":"index","follow":"follow","max-snippet":"max-snippet:-1","max-image-preview":"max-image-preview:large","max-video-preview":"max-video-preview:-1"},"canonical":"https:\/\/buletin.de\/bucuresti\/instanta-blocheaza-construirea-blocurilor-de-28-de-etaje-de-la-baza-radet\/","og_locale":"en_GB","og_type":"article","og_title":"Instan\u021ba blocheaz\u0103 construirea blocurilor de 28 de etaje, de la baza Radet","og_description":"Curtea de Apel Bucure\u0219ti a suspendat judecarea dosarului \u00een care controversatul investitor Manochehr Saadati Sohi a cerut instan\u021bei s\u0103 oblige Prim\u0103ria Sectorului 2 s\u0103 emit\u0103 certificatul de urbanism pentru construirea unui ansamblu de blocuri de 28 de etaje \u00een baza sportiv\u0103, p\u00e2n\u0103 nu se l\u0103mure\u0219te soarta PUZ sector 2. Astfel, baza de sport r\u0103m\u00e2ne verde, [&hellip;]","og_url":"https:\/\/buletin.de\/bucuresti\/instanta-blocheaza-construirea-blocurilor-de-28-de-etaje-de-la-baza-radet\/","og_site_name":"Buletin de Bucure\u0219ti","article_publisher":"https:\/\/www.facebook.com\/buletin.de.buc","article_published_time":"2022-11-18T17:22:21+00:00","article_modified_time":"2022-11-18T17:22:22+00:00","og_image":[{"width":500,"height":375,"url":"https:\/\/buletin.de\/bucuresti\/wp-content\/uploads\/download.png","type":"image\/png"}],"author":"Florin R\u00e2\u0219teiu","twitter_card":"summary_large_image","twitter_misc":{"Written by":"Florin R\u00e2\u0219teiu","Estimated reading time":"2 minutes"},"schema":{"@context":"https:\/\/schema.org","@graph":[{"@type":"Article","@id":"https:\/\/buletin.de\/bucuresti\/instanta-blocheaza-construirea-blocurilor-de-28-de-etaje-de-la-baza-radet\/#article","isPartOf":{"@id":"https:\/\/buletin.de\/bucuresti\/instanta-blocheaza-construirea-blocurilor-de-28-de-etaje-de-la-baza-radet\/"},"author":{"name":"Florin R\u00e2\u0219teiu","@id":"https:\/\/buletin.de\/bucuresti\/#\/schema\/person\/b0686d7a8b666c6afc78239777fd8a89"},"headline":"Instan\u021ba blocheaz\u0103 construirea blocurilor de 28 de etaje, de la baza Radet","datePublished":"2022-11-18T17:22:21+00:00","dateModified":"2022-11-18T17:22:22+00:00","mainEntityOfPage":{"@id":"https:\/\/buletin.de\/bucuresti\/instanta-blocheaza-construirea-blocurilor-de-28-de-etaje-de-la-baza-radet\/"},"wordCount":446,"publisher":{"@id":"https:\/\/buletin.de\/bucuresti\/#organization"},"image":{"@id":"https:\/\/buletin.de\/bucuresti\/instanta-blocheaza-construirea-blocurilor-de-28-de-etaje-de-la-baza-radet\/#primaryimage"},"thumbnailUrl":"https:\/\/buletin.de\/bucuresti\/wp-content\/uploads\/download.png","keywords":["baza sportiva","Curtea de Apel Bucure\u0219ti","Manochehr Saadati Sohi","Prim\u0103ria Sectorului 2","radet","Radu Mihaiu","Sector 2"],"articleSection":["Prim\u0103rie"],"inLanguage":"en-GB","copyrightYear":"2022","copyrightHolder":{"@id":"https:\/\/buletin.de\/bucuresti\/#organization"}},{"@type":"WebPage","@id":"https:\/\/buletin.de\/bucuresti\/instanta-blocheaza-construirea-blocurilor-de-28-de-etaje-de-la-baza-radet\/","url":"https:\/\/buletin.de\/bucuresti\/instanta-blocheaza-construirea-blocurilor-de-28-de-etaje-de-la-baza-radet\/","name":"Instan\u021ba blocheaz\u0103 construirea blocurilor de 28 de etaje, de la baza Radet - Buletin de Bucure\u0219ti","isPartOf":{"@id":"https:\/\/buletin.de\/bucuresti\/#website"},"primaryImageOfPage":{"@id":"https:\/\/buletin.de\/bucuresti\/instanta-blocheaza-construirea-blocurilor-de-28-de-etaje-de-la-baza-radet\/#primaryimage"},"image":{"@id":"https:\/\/buletin.de\/bucuresti\/instanta-blocheaza-construirea-blocurilor-de-28-de-etaje-de-la-baza-radet\/#primaryimage"},"thumbnailUrl":"https:\/\/buletin.de\/bucuresti\/wp-content\/uploads\/download.png","datePublished":"2022-11-18T17:22:21+00:00","dateModified":"2022-11-18T17:22:22+00:00","breadcrumb":{"@id":"https:\/\/buletin.de\/bucuresti\/instanta-blocheaza-construirea-blocurilor-de-28-de-etaje-de-la-baza-radet\/#breadcrumb"},"inLanguage":"en-GB","potentialAction":[{"@type":"ReadAction","target":["https:\/\/buletin.de\/bucuresti\/instanta-blocheaza-construirea-blocurilor-de-28-de-etaje-de-la-baza-radet\/"]}]},{"@type":"ImageObject","inLanguage":"en-GB","@id":"https:\/\/buletin.de\/bucuresti\/instanta-blocheaza-construirea-blocurilor-de-28-de-etaje-de-la-baza-radet\/#primaryimage","url":"https:\/\/buletin.de\/bucuresti\/wp-content\/uploads\/download.png","contentUrl":"https:\/\/buletin.de\/bucuresti\/wp-content\/uploads\/download.png","width":500,"height":375},{"@type":"BreadcrumbList","@id":"https:\/\/buletin.de\/bucuresti\/instanta-blocheaza-construirea-blocurilor-de-28-de-etaje-de-la-baza-radet\/#breadcrumb","itemListElement":[{"@type":"ListItem","position":1,"name":"Acas\u0103","item":"https:\/\/buletin.de\/bucuresti\/"},{"@type":"ListItem","position":2,"name":"Instan\u021ba blocheaz\u0103 construirea blocurilor de 28 de etaje, de la baza Radet"}]},{"@type":"WebSite","@id":"https:\/\/buletin.de\/bucuresti\/#website","url":"https:\/\/buletin.de\/bucuresti\/","name":"Buletin de Bucure\u0219ti","description":"\u0218tiri \u0219i investiga\u021bii esen\u021biale din capital\u0103","publisher":{"@id":"https:\/\/buletin.de\/bucuresti\/#organization"},"potentialAction":[{"@type":"SearchAction","target":{"@type":"EntryPoint","urlTemplate":"https:\/\/buletin.de\/bucuresti\/?s={search_term_string}"},"query-input":{"@type":"PropertyValueSpecification","valueRequired":true,"valueName":"search_term_string"}}],"inLanguage":"en-GB"},{"@type":"Organization","@id":"https:\/\/buletin.de\/bucuresti\/#organization","name":"Buletin de Bucure\u0219ti","url":"https:\/\/buletin.de\/bucuresti\/","logo":{"@type":"ImageObject","inLanguage":"en-GB","@id":"https:\/\/buletin.de\/bucuresti\/#\/schema\/logo\/image\/","url":"https:\/\/buletin.de\/bucuresti\/wp-content\/uploads\/logo-bdb-full-wide-vernil-transparent.png","contentUrl":"https:\/\/buletin.de\/bucuresti\/wp-content\/uploads\/logo-bdb-full-wide-vernil-transparent.png","width":1782,"height":626,"caption":"Buletin de Bucure\u0219ti"},"image":{"@id":"https:\/\/buletin.de\/bucuresti\/#\/schema\/logo\/image\/"},"sameAs":["https:\/\/www.facebook.com\/buletin.de.buc","https:\/\/www.instagram.com\/buletinde.bucuresti\/"]},{"@type":"Person","@id":"https:\/\/buletin.de\/bucuresti\/#\/schema\/person\/b0686d7a8b666c6afc78239777fd8a89","name":"Florin R\u00e2\u0219teiu","image":{"@type":"ImageObject","inLanguage":"en-GB","@id":"https:\/\/buletin.de\/bucuresti\/wp-content\/uploads\/Florin-Rasteiu-96x96.jpgf0a6fe28453aa12f0a60e4d0a2e3a78c","url":"https:\/\/buletin.de\/bucuresti\/wp-content\/uploads\/Florin-Rasteiu-96x96.jpg","contentUrl":"https:\/\/buletin.de\/bucuresti\/wp-content\/uploads\/Florin-Rasteiu-96x96.jpg","caption":"Florin R\u00e2\u0219teiu"},"description":"Jurnalist de investiga\u021bie. Lucreaz\u0103 de aproape 6 ani la Buletin de Bucure\u0219ti, unde a publicat articole care scot la suprafa\u021b\u0103 corup\u021bia din Capital\u0103. Analizeaz\u0103 baze de date zilnic \u0219i scoate pove\u0219ti din exceluri pline de cifre. Pune reflectorul pe adev\u0103r cu fiecare ocazie. A c\u00e2\u0219tigat premiul I la categoria Pres\u0103 Local\u0103 \u00een 2025 \u0219i locul al II-lea la aceea\u0219i categorie \u00een 2024 \u00een cadrul Premiilor Superscrieri pentru jurnalism independent.","url":"https:\/\/buletin.de\/bucuresti\/author\/florinrasteiu\/"}]}},"authors":[{"term_id":22576,"user_id":17,"is_guest":0,"slug":"florinrasteiu","display_name":"Florin R\u00e2\u0219teiu","avatar_url":"https:\/\/buletin.de\/bucuresti\/wp-content\/uploads\/Florin-Rasteiu-96x96.jpg","0":null,"1":"","2":"","3":"","4":"","5":"","6":"","7":"","8":""}],"_links":{"self":[{"href":"https:\/\/buletin.de\/bucuresti\/wp-json\/wp\/v2\/posts\/48299","targetHints":{"allow":["GET"]}}],"collection":[{"href":"https:\/\/buletin.de\/bucuresti\/wp-json\/wp\/v2\/posts"}],"about":[{"href":"https:\/\/buletin.de\/bucuresti\/wp-json\/wp\/v2\/types\/post"}],"author":[{"embeddable":true,"href":"https:\/\/buletin.de\/bucuresti\/wp-json\/wp\/v2\/users\/17"}],"replies":[{"embeddable":true,"href":"https:\/\/buletin.de\/bucuresti\/wp-json\/wp\/v2\/comments?post=48299"}],"version-history":[{"count":4,"href":"https:\/\/buletin.de\/bucuresti\/wp-json\/wp\/v2\/posts\/48299\/revisions"}],"predecessor-version":[{"id":48306,"href":"https:\/\/buletin.de\/bucuresti\/wp-json\/wp\/v2\/posts\/48299\/revisions\/48306"}],"wp:featuredmedia":[{"embeddable":true,"href":"https:\/\/buletin.de\/bucuresti\/wp-json\/wp\/v2\/media\/47697"}],"wp:attachment":[{"href":"https:\/\/buletin.de\/bucuresti\/wp-json\/wp\/v2\/media?parent=48299"}],"wp:term":[{"taxonomy":"category","embeddable":true,"href":"https:\/\/buletin.de\/bucuresti\/wp-json\/wp\/v2\/categories?post=48299"},{"taxonomy":"post_tag","embeddable":true,"href":"https:\/\/buletin.de\/bucuresti\/wp-json\/wp\/v2\/tags?post=48299"},{"taxonomy":"author","embeddable":true,"href":"https:\/\/buletin.de\/bucuresti\/wp-json\/wp\/v2\/ppma_author?post=48299"}],"curies":[{"name":"wp","href":"https:\/\/api.w.org\/{rel}","templated":true}]}}