{"id":48214,"date":"2022-11-17T11:20:33","date_gmt":"2022-11-17T09:20:33","guid":{"rendered":"https:\/\/buletin.de\/bucuresti\/?p=48214"},"modified":"2022-11-17T11:20:33","modified_gmt":"2022-11-17T09:20:33","slug":"ziua-portilor-deschise-la-metrorex-pe-18-noiembrie","status":"publish","type":"post","link":"https:\/\/buletin.de\/bucuresti\/ziua-portilor-deschise-la-metrorex-pe-18-noiembrie\/","title":{"rendered":"Ziua Por\u021bilor Deschise la Metrorex, pe 18 noiembrie"},"content":{"rendered":"\n<p><strong>Metrorex organizaeaz\u0103, m\u00e2ine, ziua por\u021bilor deschise. Evenimentul marcheaz\u0103 \u00eemplinirea a 43 de ani de existen\u021b\u0103 a metroului bucure\u0219tean. \u00cen intervalul orar 10:00-14:00, \u00een sta\u021bia de metrou Pia\u021ba Unirii 1, c\u0103l\u0103torii sunt a\u0219teptati s\u0103 descopere cum func\u021bioneaz\u0103 \u201einima metroului\u201c, adic\u0103 Dispeceratul Central. Persoanele care doresc s\u0103 participe la \u201eZiua Por\u021bilor Deschise\u201c vor beneficia de un tur ghidat \u00een locul de unde se coordoneaz\u0103 at\u00e2t circula\u021bia trenurilor de metrou, c\u00e2t \u0219i activit\u0103\u021bile adiacente, inclusiv lucr\u0103rile din timpul nop\u021bii.<\/strong><\/p>\n\n\n\n<p>Persoanele cu v\u00e2rsta de peste 14 ani vor putea intra \u00een Dispecerat \u00een baza c\u0103r\u021bii de identitate. Din motive de securitate, accesul \u00een dispecerat se va face \u00een grupuri de maxim 10-15 de persoane, far\u0103 a fi permis\u0103 intrarea cu bagaje voluminoase (rucsacuri, gen\u021bi) \u0219i obiecte interzise. Copiii vor trebui s\u0103 vin\u0103 \u00eenso\u021bi\u021bi de adul\u021bi.<\/p>\n\n\n\n<p>Intrarea se face pe calea de acces din Pia\u021ba Constitu\u021biei, a sta\u021biei Unirii 1 (covrig\u0103ria Luca).&nbsp;Dispeceratul Central se afl\u0103 la nivel vestibul, l\u00e2ng\u0103 Casieria Special\u0103 Elevi-Studen\u021bi.<\/p>\n\n\n\n<h2 class=\"wp-block-heading\"><strong>De c\u00e2nd exist\u0103 metrou \u00een Bucure\u0219ti <\/strong><\/h2>\n\n\n\n<p>\u00cen luna noiembrie 1979, din Depoul Ciurel, primul tren de metrou intr\u0103 \u00een circula\u021bie pe cei 8,1 km ai primului tronson al Magistralei I. Tronsonul avea 6 sta\u021bii (Sem\u0103n\u0103toarea, Groz\u0103ve\u0219ti, Eroilor, Izvor, Pia\u021ba Unirii, Timpuri Noi) \u0219i un depou.<\/p>\n\n\n\n<p>\u00cen prezent, lungimea re\u021belei de metrou a municipiului Bucure\u0219ti se \u00eentinde pe 78 km cale dubl\u0103, distribui\u021bi pe 5 magistrale, 63 de sta\u021bii cu 190 de cai de acces \u0219i 6 depouri. Metroul transporta sute de mii de c\u0103l\u0103tori, zilnic, fiind o solu\u021bie de transport rapid\u0103, ecologic\u0103 \u0219i sigur\u0103.<\/p>\n\n\n\n<p><strong>Surs\u0103 Cover:<\/strong> Inquam Photos \/ Alexandru Busca<\/p>\n","protected":false},"excerpt":{"rendered":"<p>Metrorex organizaeaz\u0103, m\u00e2ine, ziua por\u021bilor deschise. Evenimentul marcheaz\u0103 \u00eemplinirea a 43 de ani de existen\u021b\u0103 a metroului bucure\u0219tean. \u00cen intervalul orar 10:00-14:00, \u00een sta\u021bia de metrou Pia\u021ba Unirii 1, c\u0103l\u0103torii sunt a\u0219teptati s\u0103 descopere cum func\u021bioneaz\u0103 \u201einima metroului\u201c, adic\u0103 Dispeceratul Central. Persoanele care doresc s\u0103 participe la \u201eZiua Por\u021bilor Deschise\u201c vor beneficia de un tur [&hellip;]<\/p>\n","protected":false},"author":17,"featured_media":21062,"comment_status":"closed","ping_status":"open","sticky":false,"template":"","format":"standard","meta":{"_acf_changed":false,"inline_featured_image":false,"ngg_post_thumbnail":0,"footnotes":""},"categories":[650],"tags":[4742,377,376,4741],"ppma_author":[22576],"class_list":["post-48214","post","type-post","status-publish","format-standard","has-post-thumbnail","hentry","category-transport","tag-dispecerat","tag-metrorex","tag-metrou","tag-piata-unirii-2"],"acf":[],"yoast_head":"<!-- This site is optimized with the Yoast SEO Premium plugin v25.3 (Yoast SEO v27.5) - https:\/\/yoast.com\/product\/yoast-seo-premium-wordpress\/ -->\n<title>Ziua Por\u021bilor Deschise la Metrorex, pe 18 noiembrie - Buletin de Bucure\u0219ti<\/title>\n<meta name=\"robots\" content=\"index, follow, max-snippet:-1, max-image-preview:large, max-video-preview:-1\" \/>\n<link rel=\"canonical\" href=\"https:\/\/buletin.de\/bucuresti\/ziua-portilor-deschise-la-metrorex-pe-18-noiembrie\/\" \/>\n<meta property=\"og:locale\" content=\"en_GB\" \/>\n<meta property=\"og:type\" content=\"article\" \/>\n<meta property=\"og:title\" content=\"Ziua Por\u021bilor Deschise la Metrorex, pe 18 noiembrie\" \/>\n<meta property=\"og:description\" content=\"Metrorex organizaeaz\u0103, m\u00e2ine, ziua por\u021bilor deschise. Evenimentul marcheaz\u0103 \u00eemplinirea a 43 de ani de existen\u021b\u0103 a metroului bucure\u0219tean. \u00cen intervalul orar 10:00-14:00, \u00een sta\u021bia de metrou Pia\u021ba Unirii 1, c\u0103l\u0103torii sunt a\u0219teptati s\u0103 descopere cum func\u021bioneaz\u0103 \u201einima metroului\u201c, adic\u0103 Dispeceratul Central. Persoanele care doresc s\u0103 participe la \u201eZiua Por\u021bilor Deschise\u201c vor beneficia de un tur [&hellip;]\" \/>\n<meta property=\"og:url\" content=\"https:\/\/buletin.de\/bucuresti\/ziua-portilor-deschise-la-metrorex-pe-18-noiembrie\/\" \/>\n<meta property=\"og:site_name\" content=\"Buletin de Bucure\u0219ti\" \/>\n<meta property=\"article:publisher\" content=\"https:\/\/www.facebook.com\/buletin.de.buc\" \/>\n<meta property=\"article:published_time\" content=\"2022-11-17T09:20:33+00:00\" \/>\n<meta property=\"og:image\" content=\"https:\/\/buletin.de\/bucuresti\/wp-content\/uploads\/ID147132_INQUAM_Photos_Alexandru_Busca.jpg\" \/>\n\t<meta property=\"og:image:width\" content=\"2000\" \/>\n\t<meta property=\"og:image:height\" content=\"1333\" \/>\n\t<meta property=\"og:image:type\" content=\"image\/jpeg\" \/>\n<meta name=\"author\" content=\"Florin R\u00e2\u0219teiu\" \/>\n<meta name=\"twitter:card\" content=\"summary_large_image\" \/>\n<meta name=\"twitter:label1\" content=\"Written by\" \/>\n\t<meta name=\"twitter:data1\" content=\"Florin R\u00e2\u0219teiu\" \/>\n\t<meta name=\"twitter:label2\" content=\"Estimated reading time\" \/>\n\t<meta name=\"twitter:data2\" content=\"2 minutes\" \/>\n<script type=\"application\/ld+json\" class=\"yoast-schema-graph\">{\"@context\":\"https:\\\/\\\/schema.org\",\"@graph\":[{\"@type\":\"Article\",\"@id\":\"https:\\\/\\\/buletin.de\\\/bucuresti\\\/ziua-portilor-deschise-la-metrorex-pe-18-noiembrie\\\/#article\",\"isPartOf\":{\"@id\":\"https:\\\/\\\/buletin.de\\\/bucuresti\\\/ziua-portilor-deschise-la-metrorex-pe-18-noiembrie\\\/\"},\"author\":{\"name\":\"Florin R\u00e2\u0219teiu\",\"@id\":\"https:\\\/\\\/buletin.de\\\/bucuresti\\\/#\\\/schema\\\/person\\\/b0686d7a8b666c6afc78239777fd8a89\"},\"headline\":\"Ziua Por\u021bilor Deschise la Metrorex, pe 18 noiembrie\",\"datePublished\":\"2022-11-17T09:20:33+00:00\",\"mainEntityOfPage\":{\"@id\":\"https:\\\/\\\/buletin.de\\\/bucuresti\\\/ziua-portilor-deschise-la-metrorex-pe-18-noiembrie\\\/\"},\"wordCount\":300,\"publisher\":{\"@id\":\"https:\\\/\\\/buletin.de\\\/bucuresti\\\/#organization\"},\"image\":{\"@id\":\"https:\\\/\\\/buletin.de\\\/bucuresti\\\/ziua-portilor-deschise-la-metrorex-pe-18-noiembrie\\\/#primaryimage\"},\"thumbnailUrl\":\"https:\\\/\\\/buletin.de\\\/bucuresti\\\/wp-content\\\/uploads\\\/ID147132_INQUAM_Photos_Alexandru_Busca.jpg\",\"keywords\":[\"Dispecerat\",\"metrorex\",\"metrou\",\"Pia\u021ba Unirii\"],\"articleSection\":[\"Transport\"],\"inLanguage\":\"en-GB\",\"copyrightYear\":\"2022\",\"copyrightHolder\":{\"@id\":\"https:\\\/\\\/buletin.de\\\/bucuresti\\\/#organization\"}},{\"@type\":\"WebPage\",\"@id\":\"https:\\\/\\\/buletin.de\\\/bucuresti\\\/ziua-portilor-deschise-la-metrorex-pe-18-noiembrie\\\/\",\"url\":\"https:\\\/\\\/buletin.de\\\/bucuresti\\\/ziua-portilor-deschise-la-metrorex-pe-18-noiembrie\\\/\",\"name\":\"Ziua Por\u021bilor Deschise la Metrorex, pe 18 noiembrie - Buletin de Bucure\u0219ti\",\"isPartOf\":{\"@id\":\"https:\\\/\\\/buletin.de\\\/bucuresti\\\/#website\"},\"primaryImageOfPage\":{\"@id\":\"https:\\\/\\\/buletin.de\\\/bucuresti\\\/ziua-portilor-deschise-la-metrorex-pe-18-noiembrie\\\/#primaryimage\"},\"image\":{\"@id\":\"https:\\\/\\\/buletin.de\\\/bucuresti\\\/ziua-portilor-deschise-la-metrorex-pe-18-noiembrie\\\/#primaryimage\"},\"thumbnailUrl\":\"https:\\\/\\\/buletin.de\\\/bucuresti\\\/wp-content\\\/uploads\\\/ID147132_INQUAM_Photos_Alexandru_Busca.jpg\",\"datePublished\":\"2022-11-17T09:20:33+00:00\",\"breadcrumb\":{\"@id\":\"https:\\\/\\\/buletin.de\\\/bucuresti\\\/ziua-portilor-deschise-la-metrorex-pe-18-noiembrie\\\/#breadcrumb\"},\"inLanguage\":\"en-GB\",\"potentialAction\":[{\"@type\":\"ReadAction\",\"target\":[\"https:\\\/\\\/buletin.de\\\/bucuresti\\\/ziua-portilor-deschise-la-metrorex-pe-18-noiembrie\\\/\"]}]},{\"@type\":\"ImageObject\",\"inLanguage\":\"en-GB\",\"@id\":\"https:\\\/\\\/buletin.de\\\/bucuresti\\\/ziua-portilor-deschise-la-metrorex-pe-18-noiembrie\\\/#primaryimage\",\"url\":\"https:\\\/\\\/buletin.de\\\/bucuresti\\\/wp-content\\\/uploads\\\/ID147132_INQUAM_Photos_Alexandru_Busca.jpg\",\"contentUrl\":\"https:\\\/\\\/buletin.de\\\/bucuresti\\\/wp-content\\\/uploads\\\/ID147132_INQUAM_Photos_Alexandru_Busca.jpg\",\"width\":2000,\"height\":1333,\"caption\":\"Inquam Photos \\\/ Alexandru Busca\"},{\"@type\":\"BreadcrumbList\",\"@id\":\"https:\\\/\\\/buletin.de\\\/bucuresti\\\/ziua-portilor-deschise-la-metrorex-pe-18-noiembrie\\\/#breadcrumb\",\"itemListElement\":[{\"@type\":\"ListItem\",\"position\":1,\"name\":\"Acas\u0103\",\"item\":\"https:\\\/\\\/buletin.de\\\/bucuresti\\\/\"},{\"@type\":\"ListItem\",\"position\":2,\"name\":\"Ziua Por\u021bilor Deschise la Metrorex, pe 18 noiembrie\"}]},{\"@type\":\"WebSite\",\"@id\":\"https:\\\/\\\/buletin.de\\\/bucuresti\\\/#website\",\"url\":\"https:\\\/\\\/buletin.de\\\/bucuresti\\\/\",\"name\":\"Buletin de Bucure\u0219ti\",\"description\":\"\u0218tiri \u0219i investiga\u021bii esen\u021biale din capital\u0103\",\"publisher\":{\"@id\":\"https:\\\/\\\/buletin.de\\\/bucuresti\\\/#organization\"},\"potentialAction\":[{\"@type\":\"SearchAction\",\"target\":{\"@type\":\"EntryPoint\",\"urlTemplate\":\"https:\\\/\\\/buletin.de\\\/bucuresti\\\/?s={search_term_string}\"},\"query-input\":{\"@type\":\"PropertyValueSpecification\",\"valueRequired\":true,\"valueName\":\"search_term_string\"}}],\"inLanguage\":\"en-GB\"},{\"@type\":\"Organization\",\"@id\":\"https:\\\/\\\/buletin.de\\\/bucuresti\\\/#organization\",\"name\":\"Buletin de Bucure\u0219ti\",\"url\":\"https:\\\/\\\/buletin.de\\\/bucuresti\\\/\",\"logo\":{\"@type\":\"ImageObject\",\"inLanguage\":\"en-GB\",\"@id\":\"https:\\\/\\\/buletin.de\\\/bucuresti\\\/#\\\/schema\\\/logo\\\/image\\\/\",\"url\":\"https:\\\/\\\/buletin.de\\\/bucuresti\\\/wp-content\\\/uploads\\\/logo-bdb-full-wide-vernil-transparent.png\",\"contentUrl\":\"https:\\\/\\\/buletin.de\\\/bucuresti\\\/wp-content\\\/uploads\\\/logo-bdb-full-wide-vernil-transparent.png\",\"width\":1782,\"height\":626,\"caption\":\"Buletin de Bucure\u0219ti\"},\"image\":{\"@id\":\"https:\\\/\\\/buletin.de\\\/bucuresti\\\/#\\\/schema\\\/logo\\\/image\\\/\"},\"sameAs\":[\"https:\\\/\\\/www.facebook.com\\\/buletin.de.buc\",\"https:\\\/\\\/www.instagram.com\\\/buletinde.bucuresti\\\/\"]},{\"@type\":\"Person\",\"@id\":\"https:\\\/\\\/buletin.de\\\/bucuresti\\\/#\\\/schema\\\/person\\\/b0686d7a8b666c6afc78239777fd8a89\",\"name\":\"Florin R\u00e2\u0219teiu\",\"image\":{\"@type\":\"ImageObject\",\"inLanguage\":\"en-GB\",\"@id\":\"https:\\\/\\\/buletin.de\\\/bucuresti\\\/wp-content\\\/uploads\\\/Florin-Rasteiu-96x96.jpgf0a6fe28453aa12f0a60e4d0a2e3a78c\",\"url\":\"https:\\\/\\\/buletin.de\\\/bucuresti\\\/wp-content\\\/uploads\\\/Florin-Rasteiu-96x96.jpg\",\"contentUrl\":\"https:\\\/\\\/buletin.de\\\/bucuresti\\\/wp-content\\\/uploads\\\/Florin-Rasteiu-96x96.jpg\",\"caption\":\"Florin R\u00e2\u0219teiu\"},\"description\":\"Jurnalist de investiga\u021bie. Lucreaz\u0103 de aproape 6 ani la Buletin de Bucure\u0219ti, unde a publicat articole care scot la suprafa\u021b\u0103 corup\u021bia din Capital\u0103. Analizeaz\u0103 baze de date zilnic \u0219i scoate pove\u0219ti din exceluri pline de cifre. Pune reflectorul pe adev\u0103r cu fiecare ocazie. A c\u00e2\u0219tigat premiul I la categoria Pres\u0103 Local\u0103 \u00een 2025 \u0219i locul al II-lea la aceea\u0219i categorie \u00een 2024 \u00een cadrul Premiilor Superscrieri pentru jurnalism independent.\",\"url\":\"https:\\\/\\\/buletin.de\\\/bucuresti\\\/author\\\/florinrasteiu\\\/\"}]}<\/script>\n<!-- \/ Yoast SEO Premium plugin. -->","yoast_head_json":{"title":"Ziua Por\u021bilor Deschise la Metrorex, pe 18 noiembrie - Buletin de Bucure\u0219ti","robots":{"index":"index","follow":"follow","max-snippet":"max-snippet:-1","max-image-preview":"max-image-preview:large","max-video-preview":"max-video-preview:-1"},"canonical":"https:\/\/buletin.de\/bucuresti\/ziua-portilor-deschise-la-metrorex-pe-18-noiembrie\/","og_locale":"en_GB","og_type":"article","og_title":"Ziua Por\u021bilor Deschise la Metrorex, pe 18 noiembrie","og_description":"Metrorex organizaeaz\u0103, m\u00e2ine, ziua por\u021bilor deschise. Evenimentul marcheaz\u0103 \u00eemplinirea a 43 de ani de existen\u021b\u0103 a metroului bucure\u0219tean. \u00cen intervalul orar 10:00-14:00, \u00een sta\u021bia de metrou Pia\u021ba Unirii 1, c\u0103l\u0103torii sunt a\u0219teptati s\u0103 descopere cum func\u021bioneaz\u0103 \u201einima metroului\u201c, adic\u0103 Dispeceratul Central. Persoanele care doresc s\u0103 participe la \u201eZiua Por\u021bilor Deschise\u201c vor beneficia de un tur [&hellip;]","og_url":"https:\/\/buletin.de\/bucuresti\/ziua-portilor-deschise-la-metrorex-pe-18-noiembrie\/","og_site_name":"Buletin de Bucure\u0219ti","article_publisher":"https:\/\/www.facebook.com\/buletin.de.buc","article_published_time":"2022-11-17T09:20:33+00:00","og_image":[{"width":2000,"height":1333,"url":"https:\/\/buletin.de\/bucuresti\/wp-content\/uploads\/ID147132_INQUAM_Photos_Alexandru_Busca.jpg","type":"image\/jpeg"}],"author":"Florin R\u00e2\u0219teiu","twitter_card":"summary_large_image","twitter_misc":{"Written by":"Florin R\u00e2\u0219teiu","Estimated reading time":"2 minutes"},"schema":{"@context":"https:\/\/schema.org","@graph":[{"@type":"Article","@id":"https:\/\/buletin.de\/bucuresti\/ziua-portilor-deschise-la-metrorex-pe-18-noiembrie\/#article","isPartOf":{"@id":"https:\/\/buletin.de\/bucuresti\/ziua-portilor-deschise-la-metrorex-pe-18-noiembrie\/"},"author":{"name":"Florin R\u00e2\u0219teiu","@id":"https:\/\/buletin.de\/bucuresti\/#\/schema\/person\/b0686d7a8b666c6afc78239777fd8a89"},"headline":"Ziua Por\u021bilor Deschise la Metrorex, pe 18 noiembrie","datePublished":"2022-11-17T09:20:33+00:00","mainEntityOfPage":{"@id":"https:\/\/buletin.de\/bucuresti\/ziua-portilor-deschise-la-metrorex-pe-18-noiembrie\/"},"wordCount":300,"publisher":{"@id":"https:\/\/buletin.de\/bucuresti\/#organization"},"image":{"@id":"https:\/\/buletin.de\/bucuresti\/ziua-portilor-deschise-la-metrorex-pe-18-noiembrie\/#primaryimage"},"thumbnailUrl":"https:\/\/buletin.de\/bucuresti\/wp-content\/uploads\/ID147132_INQUAM_Photos_Alexandru_Busca.jpg","keywords":["Dispecerat","metrorex","metrou","Pia\u021ba Unirii"],"articleSection":["Transport"],"inLanguage":"en-GB","copyrightYear":"2022","copyrightHolder":{"@id":"https:\/\/buletin.de\/bucuresti\/#organization"}},{"@type":"WebPage","@id":"https:\/\/buletin.de\/bucuresti\/ziua-portilor-deschise-la-metrorex-pe-18-noiembrie\/","url":"https:\/\/buletin.de\/bucuresti\/ziua-portilor-deschise-la-metrorex-pe-18-noiembrie\/","name":"Ziua Por\u021bilor Deschise la Metrorex, pe 18 noiembrie - Buletin de Bucure\u0219ti","isPartOf":{"@id":"https:\/\/buletin.de\/bucuresti\/#website"},"primaryImageOfPage":{"@id":"https:\/\/buletin.de\/bucuresti\/ziua-portilor-deschise-la-metrorex-pe-18-noiembrie\/#primaryimage"},"image":{"@id":"https:\/\/buletin.de\/bucuresti\/ziua-portilor-deschise-la-metrorex-pe-18-noiembrie\/#primaryimage"},"thumbnailUrl":"https:\/\/buletin.de\/bucuresti\/wp-content\/uploads\/ID147132_INQUAM_Photos_Alexandru_Busca.jpg","datePublished":"2022-11-17T09:20:33+00:00","breadcrumb":{"@id":"https:\/\/buletin.de\/bucuresti\/ziua-portilor-deschise-la-metrorex-pe-18-noiembrie\/#breadcrumb"},"inLanguage":"en-GB","potentialAction":[{"@type":"ReadAction","target":["https:\/\/buletin.de\/bucuresti\/ziua-portilor-deschise-la-metrorex-pe-18-noiembrie\/"]}]},{"@type":"ImageObject","inLanguage":"en-GB","@id":"https:\/\/buletin.de\/bucuresti\/ziua-portilor-deschise-la-metrorex-pe-18-noiembrie\/#primaryimage","url":"https:\/\/buletin.de\/bucuresti\/wp-content\/uploads\/ID147132_INQUAM_Photos_Alexandru_Busca.jpg","contentUrl":"https:\/\/buletin.de\/bucuresti\/wp-content\/uploads\/ID147132_INQUAM_Photos_Alexandru_Busca.jpg","width":2000,"height":1333,"caption":"Inquam Photos \/ Alexandru Busca"},{"@type":"BreadcrumbList","@id":"https:\/\/buletin.de\/bucuresti\/ziua-portilor-deschise-la-metrorex-pe-18-noiembrie\/#breadcrumb","itemListElement":[{"@type":"ListItem","position":1,"name":"Acas\u0103","item":"https:\/\/buletin.de\/bucuresti\/"},{"@type":"ListItem","position":2,"name":"Ziua Por\u021bilor Deschise la Metrorex, pe 18 noiembrie"}]},{"@type":"WebSite","@id":"https:\/\/buletin.de\/bucuresti\/#website","url":"https:\/\/buletin.de\/bucuresti\/","name":"Buletin de Bucure\u0219ti","description":"\u0218tiri \u0219i investiga\u021bii esen\u021biale din capital\u0103","publisher":{"@id":"https:\/\/buletin.de\/bucuresti\/#organization"},"potentialAction":[{"@type":"SearchAction","target":{"@type":"EntryPoint","urlTemplate":"https:\/\/buletin.de\/bucuresti\/?s={search_term_string}"},"query-input":{"@type":"PropertyValueSpecification","valueRequired":true,"valueName":"search_term_string"}}],"inLanguage":"en-GB"},{"@type":"Organization","@id":"https:\/\/buletin.de\/bucuresti\/#organization","name":"Buletin de Bucure\u0219ti","url":"https:\/\/buletin.de\/bucuresti\/","logo":{"@type":"ImageObject","inLanguage":"en-GB","@id":"https:\/\/buletin.de\/bucuresti\/#\/schema\/logo\/image\/","url":"https:\/\/buletin.de\/bucuresti\/wp-content\/uploads\/logo-bdb-full-wide-vernil-transparent.png","contentUrl":"https:\/\/buletin.de\/bucuresti\/wp-content\/uploads\/logo-bdb-full-wide-vernil-transparent.png","width":1782,"height":626,"caption":"Buletin de Bucure\u0219ti"},"image":{"@id":"https:\/\/buletin.de\/bucuresti\/#\/schema\/logo\/image\/"},"sameAs":["https:\/\/www.facebook.com\/buletin.de.buc","https:\/\/www.instagram.com\/buletinde.bucuresti\/"]},{"@type":"Person","@id":"https:\/\/buletin.de\/bucuresti\/#\/schema\/person\/b0686d7a8b666c6afc78239777fd8a89","name":"Florin R\u00e2\u0219teiu","image":{"@type":"ImageObject","inLanguage":"en-GB","@id":"https:\/\/buletin.de\/bucuresti\/wp-content\/uploads\/Florin-Rasteiu-96x96.jpgf0a6fe28453aa12f0a60e4d0a2e3a78c","url":"https:\/\/buletin.de\/bucuresti\/wp-content\/uploads\/Florin-Rasteiu-96x96.jpg","contentUrl":"https:\/\/buletin.de\/bucuresti\/wp-content\/uploads\/Florin-Rasteiu-96x96.jpg","caption":"Florin R\u00e2\u0219teiu"},"description":"Jurnalist de investiga\u021bie. Lucreaz\u0103 de aproape 6 ani la Buletin de Bucure\u0219ti, unde a publicat articole care scot la suprafa\u021b\u0103 corup\u021bia din Capital\u0103. Analizeaz\u0103 baze de date zilnic \u0219i scoate pove\u0219ti din exceluri pline de cifre. Pune reflectorul pe adev\u0103r cu fiecare ocazie. A c\u00e2\u0219tigat premiul I la categoria Pres\u0103 Local\u0103 \u00een 2025 \u0219i locul al II-lea la aceea\u0219i categorie \u00een 2024 \u00een cadrul Premiilor Superscrieri pentru jurnalism independent.","url":"https:\/\/buletin.de\/bucuresti\/author\/florinrasteiu\/"}]}},"authors":[{"term_id":22576,"user_id":17,"is_guest":0,"slug":"florinrasteiu","display_name":"Florin R\u00e2\u0219teiu","avatar_url":"https:\/\/buletin.de\/bucuresti\/wp-content\/uploads\/Florin-Rasteiu-96x96.jpg","0":null,"1":"","2":"","3":"","4":"","5":"","6":"","7":"","8":""}],"_links":{"self":[{"href":"https:\/\/buletin.de\/bucuresti\/wp-json\/wp\/v2\/posts\/48214","targetHints":{"allow":["GET"]}}],"collection":[{"href":"https:\/\/buletin.de\/bucuresti\/wp-json\/wp\/v2\/posts"}],"about":[{"href":"https:\/\/buletin.de\/bucuresti\/wp-json\/wp\/v2\/types\/post"}],"author":[{"embeddable":true,"href":"https:\/\/buletin.de\/bucuresti\/wp-json\/wp\/v2\/users\/17"}],"replies":[{"embeddable":true,"href":"https:\/\/buletin.de\/bucuresti\/wp-json\/wp\/v2\/comments?post=48214"}],"version-history":[{"count":3,"href":"https:\/\/buletin.de\/bucuresti\/wp-json\/wp\/v2\/posts\/48214\/revisions"}],"predecessor-version":[{"id":48218,"href":"https:\/\/buletin.de\/bucuresti\/wp-json\/wp\/v2\/posts\/48214\/revisions\/48218"}],"wp:featuredmedia":[{"embeddable":true,"href":"https:\/\/buletin.de\/bucuresti\/wp-json\/wp\/v2\/media\/21062"}],"wp:attachment":[{"href":"https:\/\/buletin.de\/bucuresti\/wp-json\/wp\/v2\/media?parent=48214"}],"wp:term":[{"taxonomy":"category","embeddable":true,"href":"https:\/\/buletin.de\/bucuresti\/wp-json\/wp\/v2\/categories?post=48214"},{"taxonomy":"post_tag","embeddable":true,"href":"https:\/\/buletin.de\/bucuresti\/wp-json\/wp\/v2\/tags?post=48214"},{"taxonomy":"author","embeddable":true,"href":"https:\/\/buletin.de\/bucuresti\/wp-json\/wp\/v2\/ppma_author?post=48214"}],"curies":[{"name":"wp","href":"https:\/\/api.w.org\/{rel}","templated":true}]}}