{"id":48194,"date":"2022-11-16T14:04:14","date_gmt":"2022-11-16T12:04:14","guid":{"rendered":"https:\/\/buletin.de\/bucuresti\/?p=48194"},"modified":"2022-11-16T14:04:15","modified_gmt":"2022-11-16T12:04:15","slug":"dna-solicita-acordul-camerei-deputatilor-pentru-perchezitia-informatica-a-fostului-primar-daniel-tudorache","status":"publish","type":"post","link":"https:\/\/buletin.de\/bucuresti\/dna-solicita-acordul-camerei-deputatilor-pentru-perchezitia-informatica-a-fostului-primar-daniel-tudorache\/","title":{"rendered":"DNA solicit\u0103 acordul Camerei Deputa\u021bilor pentru perchezi\u021bia informatic\u0103 a fostului primar Daniel Tudorache"},"content":{"rendered":"\n<p><strong>Direc\u021bia Na\u021bional\u0103 Anticorup\u021bie (DNA) a solicitat, ast\u0103zi, Camerei Deputa\u021bilor s\u0103-\u0219i dea acordul pentru a face o perchezi\u021bie informatic\u0103 \u00een dosarul \u00een care deputatul Daniel Tudorache, fost primar al Sectorului 1, este urm\u0103rit penal pentru achizi\u0163ii ilegale \u015fi supraevaluate \u00een timpul pandemiei de COVID-19. \u00cen timpul pandemiei, fostul edil al Sectorului 1 a cump\u0103rat tablete, termoscanere, nebulizatoare la un pre\u021b supraevaluat, fapt care ar fi cauzat pentru prim\u0103ria pe care o conducea un prejudiciu de 68,7 milioane lei.<\/strong><\/p>\n\n\n\n<blockquote class=\"wp-block-quote is-layout-flow wp-block-quote-is-layout-flow\"><p>(&#8230;) Procurorul \u0219ef al DNA Crin Bologa a ini\u021biat procedura necesar\u0103 \u00een vederea \u00eencuviin\u021b\u0103rii, de c\u0103tre Camera Deputa\u021bilor, a unei perchezi\u021bii informatice \u00een dosarul penal privind pe&nbsp;<strong>TUDORACHE DANIEL<\/strong>, \u00een prezent deputat \u00een Parlamentul Rom\u00e2niei, suspect pentru s\u0103v\u00e2r\u0219irea infrac\u021biunii de complicitate la abuz \u00een serviciu, dac\u0103 func\u021bionarul public a ob\u021binut pentru sine ori pentru altul un folos necuvenit, cu consecin\u021be deosebit de grave.<\/p><cite>Se arat\u0103 \u00een comunicatul de pres\u0103 al DNA <\/cite><\/blockquote>\n\n\n\n<p>Conform DNA, \u00een cazul membrilor Parlamentului perchezi\u0163ia informatic\u0103 este condi\u0163ionat\u0103 strict de votul plenului Camerei din care face parte parlamentarul respectiv.<\/p>\n\n\n\n<p>Actualul primar al Sectorului 1, Clotilde Armand, \u00eel acuz\u0103 pe Marcel Ciolacu, \u0219eful PSD, c\u0103 l-ar fi trecut pe Daniel tudorache pe lista de deputa\u021bi a partidului pentru a \u00eengreuna sau chiar bloca investiga\u021bia procurorilor \u00een cazul lui Daniel Tudorache. <\/p>\n\n\n\n<blockquote class=\"wp-block-quote is-layout-flow wp-block-quote-is-layout-flow\"><p>(&#8230;) Vede\u021bi acum de ce era important pentru deputatul diamantelor s\u0103 prind\u0103 un loc eligibil pe listele PSD pentru Camera Deputa\u021bilor, pentru c\u0103 imunitatea parlamentar\u0103 poate \u00eengreuna sau chiar bloca ancheta DNA. Marcel Ciolacu, \u00een calitate de \u0219ef al PSD, a garantat aceast\u0103 list\u0103 de candida\u021bi. Potrivit procedurii, efectuarea perchezi\u021biei informatice este condi\u021bionat\u0103 strict de votul plenului Camerei Deputa\u021bilor, condus\u0103 chiar de Marcel Ciolacu.<\/p><cite>A scris Clotilde Armand pe Facebook<\/cite><\/blockquote>\n\n\n\n<p>Pe 21 octombrie, DNA a anun\u021bat c\u0103 Daniel Tudorache \u0219i Marian Vanghelie sunt urm\u0103ri\u021bi penal, al\u0103turi de alte 54 de persoane, pentru pentru achizi\u021bii supraevaluate \u00een pandemie. Achizi\u021biile supraevaluate ar fi vizat tablete pentru elevi (75.500 buc\u0103\u021bi), dar \u0219i produse necesare \u00een perioada pandemiei de COVID-19, respectiv nebulizatoare de biodecontaminare (1200 buc\u0103\u021bi) \u0219i termoscannere (200 buc\u0103\u021bi).<\/p>\n\n\n\n<p>Ca exemplu, pentru un nebulizator s-ar fi pl\u0103tit un pre\u021b de 3,5 ori mai mare dec\u00e2t cel practicat de furnizorul ini\u021bial. \u00cen ceea ce prive\u0219te contractele de atribuire a tabletelor, pentru a acorda o aparen\u021b\u0103 de legalitate, func\u021bionarii publici din cadrul AUIPUSP Sector 1 \u0219i al ECONOMAT Sector 5 Bucure\u0219ti, cu sprijinul expertului \u00een achizi\u021bii publice, consultant al celor dou\u0103 autorit\u0103\u021bi contractante, ar fi \u00eentocmit documenta\u021bii false de licita\u021bie deschis\u0103 \u0219i ar fi simulat derularea unor proceduri de licita\u021bie deschis\u0103 pentru atribuirea contractelor respective, manipul\u00e2nd Sistemul Electronic de Achizi\u021bii Publice (SEAP). <\/p>\n\n\n\n<p>\u00cen realitate, atribuirea acestor tablete s-ar fi f\u0103cut anterior simul\u0103rii procedurilor de licita\u021bie, prin proceduri nelegale de negociere f\u0103r\u0103 publicarea prealabil\u0103.<\/p>\n\n\n\n<p>Dosarul de cercetare penal\u0103 \u00een acest caz a fost deschis \u00een 2020 c\u00e2nd, \u00een luna noiembrie, procurorii au deschins la mai multe adrese, inclusiv la sediile prim\u0103riilor de la sectoarele 1 \u0219i 5.<\/p>\n\n\n\n<p><strong>CITE\u0218TE \u0218I: <\/strong><\/p>\n\n\n\n<p><a href=\"https:\/\/buletin.de\/bucuresti\/vanghelie-si-tudorache-urmariti-penal-pentru-achizitii-in-pandemie-grupul-infractional-din-care-au-facut-parte-ar-fi-obtinut-foloase-necuvenite-de-aproape-68-de-milioane-de-lei\/\">Vanghelie \u0219i Tudorache, urm\u0103ri\u021bi penal pentru achizi\u021bii \u00een pandemie. DNA estimeaz\u0103 \u201cfoloase necuvenite\u201d de aproape 14 milioane de euro<\/a><\/p>\n\n\n\n<p><a href=\"https:\/\/buletin.de\/bucuresti\/dezinfectantul-neconform-din-scoli-afacerea-de-17-milioane-de-lei-dintre-economat-sector-5-si-apropiatii-lui-marian-vanghelie\/\">Dezinfectantul neconform din \u0219coli. Afacerea de 17 milioane de lei dintre Economat Sector 5 \u0219i apropia\u021bii lui Marian Vanghelie<\/a><\/p>\n\n\n\n<p><a href=\"https:\/\/buletin.de\/bucuresti\/contractul-de-93-milioane-de-lei-pentru-tabletele-impartite-gratuit-de-fostul-primar-tudorache-castigat-de-o-firma-care-face-afaceri-cu-mae\/\">Contractul de 93 milioane de lei pentru tabletele \u00eemp\u0103r\u021bite gratuit de fostul primar Tudorache, c\u00e2\u0219tigat de o firm\u0103 care face afaceri cu MAE<\/a><\/p>\n\n\n\n<p>Surs\u0103 Cover: Facebook, Daniel Tudorache <\/p>\n","protected":false},"excerpt":{"rendered":"<p>Direc\u021bia Na\u021bional\u0103 Anticorup\u021bie (DNA) a solicitat, ast\u0103zi, Camerei Deputa\u021bilor s\u0103-\u0219i dea acordul pentru a face o perchezi\u021bie informatic\u0103 \u00een dosarul \u00een care deputatul Daniel Tudorache, fost primar al Sectorului 1, este urm\u0103rit penal pentru achizi\u0163ii ilegale \u015fi supraevaluate \u00een timpul pandemiei de COVID-19. \u00cen timpul pandemiei, fostul edil al Sectorului 1 a cump\u0103rat tablete, termoscanere, [&hellip;]<\/p>\n","protected":false},"author":17,"featured_media":8616,"comment_status":"closed","ping_status":"open","sticky":false,"template":"","format":"standard","meta":{"_acf_changed":false,"inline_featured_image":false,"ngg_post_thumbnail":0,"footnotes":""},"categories":[24],"tags":[308],"ppma_author":[22576],"class_list":["post-48194","post","type-post","status-publish","format-standard","has-post-thumbnail","hentry","category-primarie","tag-sector-1"],"acf":[],"yoast_head":"<!-- This site is optimized with the Yoast SEO Premium plugin v25.3 (Yoast SEO v27.4) - https:\/\/yoast.com\/product\/yoast-seo-premium-wordpress\/ -->\n<title>DNA solicit\u0103 acordul Camerei Deputa\u021bilor pentru perchezi\u021bia informatic\u0103 a fostului primar Daniel Tudorache - Buletin de Bucure\u0219ti<\/title>\n<meta name=\"robots\" content=\"index, follow, max-snippet:-1, max-image-preview:large, max-video-preview:-1\" \/>\n<link rel=\"canonical\" href=\"https:\/\/buletin.de\/bucuresti\/dna-solicita-acordul-camerei-deputatilor-pentru-perchezitia-informatica-a-fostului-primar-daniel-tudorache\/\" \/>\n<meta property=\"og:locale\" content=\"en_GB\" \/>\n<meta property=\"og:type\" content=\"article\" \/>\n<meta property=\"og:title\" content=\"DNA solicit\u0103 acordul Camerei Deputa\u021bilor pentru perchezi\u021bia informatic\u0103 a fostului primar Daniel Tudorache\" \/>\n<meta property=\"og:description\" content=\"Direc\u021bia Na\u021bional\u0103 Anticorup\u021bie (DNA) a solicitat, ast\u0103zi, Camerei Deputa\u021bilor s\u0103-\u0219i dea acordul pentru a face o perchezi\u021bie informatic\u0103 \u00een dosarul \u00een care deputatul Daniel Tudorache, fost primar al Sectorului 1, este urm\u0103rit penal pentru achizi\u0163ii ilegale \u015fi supraevaluate \u00een timpul pandemiei de COVID-19. \u00cen timpul pandemiei, fostul edil al Sectorului 1 a cump\u0103rat tablete, termoscanere, [&hellip;]\" \/>\n<meta property=\"og:url\" content=\"https:\/\/buletin.de\/bucuresti\/dna-solicita-acordul-camerei-deputatilor-pentru-perchezitia-informatica-a-fostului-primar-daniel-tudorache\/\" \/>\n<meta property=\"og:site_name\" content=\"Buletin de Bucure\u0219ti\" \/>\n<meta property=\"article:publisher\" content=\"https:\/\/www.facebook.com\/buletin.de.buc\" \/>\n<meta property=\"article:published_time\" content=\"2022-11-16T12:04:14+00:00\" \/>\n<meta property=\"article:modified_time\" content=\"2022-11-16T12:04:15+00:00\" \/>\n<meta property=\"og:image\" content=\"https:\/\/buletin.de\/bucuresti\/wp-content\/uploads\/Dan-Tudorache.jpg\" \/>\n\t<meta property=\"og:image:width\" content=\"800\" \/>\n\t<meta property=\"og:image:height\" content=\"450\" \/>\n\t<meta property=\"og:image:type\" content=\"image\/jpeg\" \/>\n<meta name=\"author\" content=\"Florin R\u00e2\u0219teiu\" \/>\n<meta name=\"twitter:card\" content=\"summary_large_image\" \/>\n<meta name=\"twitter:label1\" content=\"Written by\" \/>\n\t<meta name=\"twitter:data1\" content=\"Florin R\u00e2\u0219teiu\" \/>\n\t<meta name=\"twitter:label2\" content=\"Estimated reading time\" \/>\n\t<meta name=\"twitter:data2\" content=\"3 minutes\" \/>\n<script type=\"application\/ld+json\" class=\"yoast-schema-graph\">{\"@context\":\"https:\\\/\\\/schema.org\",\"@graph\":[{\"@type\":\"Article\",\"@id\":\"https:\\\/\\\/buletin.de\\\/bucuresti\\\/dna-solicita-acordul-camerei-deputatilor-pentru-perchezitia-informatica-a-fostului-primar-daniel-tudorache\\\/#article\",\"isPartOf\":{\"@id\":\"https:\\\/\\\/buletin.de\\\/bucuresti\\\/dna-solicita-acordul-camerei-deputatilor-pentru-perchezitia-informatica-a-fostului-primar-daniel-tudorache\\\/\"},\"author\":{\"name\":\"Florin R\u00e2\u0219teiu\",\"@id\":\"https:\\\/\\\/buletin.de\\\/bucuresti\\\/#\\\/schema\\\/person\\\/b0686d7a8b666c6afc78239777fd8a89\"},\"headline\":\"DNA solicit\u0103 acordul Camerei Deputa\u021bilor pentru perchezi\u021bia informatic\u0103 a fostului primar Daniel Tudorache\",\"datePublished\":\"2022-11-16T12:04:14+00:00\",\"dateModified\":\"2022-11-16T12:04:15+00:00\",\"mainEntityOfPage\":{\"@id\":\"https:\\\/\\\/buletin.de\\\/bucuresti\\\/dna-solicita-acordul-camerei-deputatilor-pentru-perchezitia-informatica-a-fostului-primar-daniel-tudorache\\\/\"},\"wordCount\":614,\"publisher\":{\"@id\":\"https:\\\/\\\/buletin.de\\\/bucuresti\\\/#organization\"},\"image\":{\"@id\":\"https:\\\/\\\/buletin.de\\\/bucuresti\\\/dna-solicita-acordul-camerei-deputatilor-pentru-perchezitia-informatica-a-fostului-primar-daniel-tudorache\\\/#primaryimage\"},\"thumbnailUrl\":\"https:\\\/\\\/buletin.de\\\/bucuresti\\\/wp-content\\\/uploads\\\/Dan-Tudorache.jpg\",\"keywords\":[\"Sector 1\"],\"articleSection\":[\"Prim\u0103rie\"],\"inLanguage\":\"en-GB\",\"copyrightYear\":\"2022\",\"copyrightHolder\":{\"@id\":\"https:\\\/\\\/buletin.de\\\/bucuresti\\\/#organization\"}},{\"@type\":\"WebPage\",\"@id\":\"https:\\\/\\\/buletin.de\\\/bucuresti\\\/dna-solicita-acordul-camerei-deputatilor-pentru-perchezitia-informatica-a-fostului-primar-daniel-tudorache\\\/\",\"url\":\"https:\\\/\\\/buletin.de\\\/bucuresti\\\/dna-solicita-acordul-camerei-deputatilor-pentru-perchezitia-informatica-a-fostului-primar-daniel-tudorache\\\/\",\"name\":\"DNA solicit\u0103 acordul Camerei Deputa\u021bilor pentru perchezi\u021bia informatic\u0103 a fostului primar Daniel Tudorache - Buletin de Bucure\u0219ti\",\"isPartOf\":{\"@id\":\"https:\\\/\\\/buletin.de\\\/bucuresti\\\/#website\"},\"primaryImageOfPage\":{\"@id\":\"https:\\\/\\\/buletin.de\\\/bucuresti\\\/dna-solicita-acordul-camerei-deputatilor-pentru-perchezitia-informatica-a-fostului-primar-daniel-tudorache\\\/#primaryimage\"},\"image\":{\"@id\":\"https:\\\/\\\/buletin.de\\\/bucuresti\\\/dna-solicita-acordul-camerei-deputatilor-pentru-perchezitia-informatica-a-fostului-primar-daniel-tudorache\\\/#primaryimage\"},\"thumbnailUrl\":\"https:\\\/\\\/buletin.de\\\/bucuresti\\\/wp-content\\\/uploads\\\/Dan-Tudorache.jpg\",\"datePublished\":\"2022-11-16T12:04:14+00:00\",\"dateModified\":\"2022-11-16T12:04:15+00:00\",\"breadcrumb\":{\"@id\":\"https:\\\/\\\/buletin.de\\\/bucuresti\\\/dna-solicita-acordul-camerei-deputatilor-pentru-perchezitia-informatica-a-fostului-primar-daniel-tudorache\\\/#breadcrumb\"},\"inLanguage\":\"en-GB\",\"potentialAction\":[{\"@type\":\"ReadAction\",\"target\":[\"https:\\\/\\\/buletin.de\\\/bucuresti\\\/dna-solicita-acordul-camerei-deputatilor-pentru-perchezitia-informatica-a-fostului-primar-daniel-tudorache\\\/\"]}]},{\"@type\":\"ImageObject\",\"inLanguage\":\"en-GB\",\"@id\":\"https:\\\/\\\/buletin.de\\\/bucuresti\\\/dna-solicita-acordul-camerei-deputatilor-pentru-perchezitia-informatica-a-fostului-primar-daniel-tudorache\\\/#primaryimage\",\"url\":\"https:\\\/\\\/buletin.de\\\/bucuresti\\\/wp-content\\\/uploads\\\/Dan-Tudorache.jpg\",\"contentUrl\":\"https:\\\/\\\/buletin.de\\\/bucuresti\\\/wp-content\\\/uploads\\\/Dan-Tudorache.jpg\",\"width\":800,\"height\":450,\"caption\":\"Foto: Arhiva\"},{\"@type\":\"BreadcrumbList\",\"@id\":\"https:\\\/\\\/buletin.de\\\/bucuresti\\\/dna-solicita-acordul-camerei-deputatilor-pentru-perchezitia-informatica-a-fostului-primar-daniel-tudorache\\\/#breadcrumb\",\"itemListElement\":[{\"@type\":\"ListItem\",\"position\":1,\"name\":\"Acas\u0103\",\"item\":\"https:\\\/\\\/buletin.de\\\/bucuresti\\\/\"},{\"@type\":\"ListItem\",\"position\":2,\"name\":\"DNA solicit\u0103 acordul Camerei Deputa\u021bilor pentru perchezi\u021bia informatic\u0103 a fostului primar Daniel Tudorache\"}]},{\"@type\":\"WebSite\",\"@id\":\"https:\\\/\\\/buletin.de\\\/bucuresti\\\/#website\",\"url\":\"https:\\\/\\\/buletin.de\\\/bucuresti\\\/\",\"name\":\"Buletin de Bucure\u0219ti\",\"description\":\"\u0218tiri \u0219i investiga\u021bii esen\u021biale din capital\u0103\",\"publisher\":{\"@id\":\"https:\\\/\\\/buletin.de\\\/bucuresti\\\/#organization\"},\"potentialAction\":[{\"@type\":\"SearchAction\",\"target\":{\"@type\":\"EntryPoint\",\"urlTemplate\":\"https:\\\/\\\/buletin.de\\\/bucuresti\\\/?s={search_term_string}\"},\"query-input\":{\"@type\":\"PropertyValueSpecification\",\"valueRequired\":true,\"valueName\":\"search_term_string\"}}],\"inLanguage\":\"en-GB\"},{\"@type\":\"Organization\",\"@id\":\"https:\\\/\\\/buletin.de\\\/bucuresti\\\/#organization\",\"name\":\"Buletin de Bucure\u0219ti\",\"url\":\"https:\\\/\\\/buletin.de\\\/bucuresti\\\/\",\"logo\":{\"@type\":\"ImageObject\",\"inLanguage\":\"en-GB\",\"@id\":\"https:\\\/\\\/buletin.de\\\/bucuresti\\\/#\\\/schema\\\/logo\\\/image\\\/\",\"url\":\"https:\\\/\\\/buletin.de\\\/bucuresti\\\/wp-content\\\/uploads\\\/logo-bdb-full-wide-vernil-transparent.png\",\"contentUrl\":\"https:\\\/\\\/buletin.de\\\/bucuresti\\\/wp-content\\\/uploads\\\/logo-bdb-full-wide-vernil-transparent.png\",\"width\":1782,\"height\":626,\"caption\":\"Buletin de Bucure\u0219ti\"},\"image\":{\"@id\":\"https:\\\/\\\/buletin.de\\\/bucuresti\\\/#\\\/schema\\\/logo\\\/image\\\/\"},\"sameAs\":[\"https:\\\/\\\/www.facebook.com\\\/buletin.de.buc\",\"https:\\\/\\\/www.instagram.com\\\/buletinde.bucuresti\\\/\"]},{\"@type\":\"Person\",\"@id\":\"https:\\\/\\\/buletin.de\\\/bucuresti\\\/#\\\/schema\\\/person\\\/b0686d7a8b666c6afc78239777fd8a89\",\"name\":\"Florin R\u00e2\u0219teiu\",\"image\":{\"@type\":\"ImageObject\",\"inLanguage\":\"en-GB\",\"@id\":\"https:\\\/\\\/buletin.de\\\/bucuresti\\\/wp-content\\\/uploads\\\/Florin-Rasteiu-96x96.jpgf0a6fe28453aa12f0a60e4d0a2e3a78c\",\"url\":\"https:\\\/\\\/buletin.de\\\/bucuresti\\\/wp-content\\\/uploads\\\/Florin-Rasteiu-96x96.jpg\",\"contentUrl\":\"https:\\\/\\\/buletin.de\\\/bucuresti\\\/wp-content\\\/uploads\\\/Florin-Rasteiu-96x96.jpg\",\"caption\":\"Florin R\u00e2\u0219teiu\"},\"description\":\"Jurnalist de investiga\u021bie. Lucreaz\u0103 de aproape 6 ani la Buletin de Bucure\u0219ti, unde a publicat articole care scot la suprafa\u021b\u0103 corup\u021bia din Capital\u0103. Analizeaz\u0103 baze de date zilnic \u0219i scoate pove\u0219ti din exceluri pline de cifre. Pune reflectorul pe adev\u0103r cu fiecare ocazie. A c\u00e2\u0219tigat premiul I la categoria Pres\u0103 Local\u0103 \u00een 2025 \u0219i locul al II-lea la aceea\u0219i categorie \u00een 2024 \u00een cadrul Premiilor Superscrieri pentru jurnalism independent.\",\"url\":\"https:\\\/\\\/buletin.de\\\/bucuresti\\\/author\\\/florinrasteiu\\\/\"}]}<\/script>\n<!-- \/ Yoast SEO Premium plugin. -->","yoast_head_json":{"title":"DNA solicit\u0103 acordul Camerei Deputa\u021bilor pentru perchezi\u021bia informatic\u0103 a fostului primar Daniel Tudorache - Buletin de Bucure\u0219ti","robots":{"index":"index","follow":"follow","max-snippet":"max-snippet:-1","max-image-preview":"max-image-preview:large","max-video-preview":"max-video-preview:-1"},"canonical":"https:\/\/buletin.de\/bucuresti\/dna-solicita-acordul-camerei-deputatilor-pentru-perchezitia-informatica-a-fostului-primar-daniel-tudorache\/","og_locale":"en_GB","og_type":"article","og_title":"DNA solicit\u0103 acordul Camerei Deputa\u021bilor pentru perchezi\u021bia informatic\u0103 a fostului primar Daniel Tudorache","og_description":"Direc\u021bia Na\u021bional\u0103 Anticorup\u021bie (DNA) a solicitat, ast\u0103zi, Camerei Deputa\u021bilor s\u0103-\u0219i dea acordul pentru a face o perchezi\u021bie informatic\u0103 \u00een dosarul \u00een care deputatul Daniel Tudorache, fost primar al Sectorului 1, este urm\u0103rit penal pentru achizi\u0163ii ilegale \u015fi supraevaluate \u00een timpul pandemiei de COVID-19. \u00cen timpul pandemiei, fostul edil al Sectorului 1 a cump\u0103rat tablete, termoscanere, [&hellip;]","og_url":"https:\/\/buletin.de\/bucuresti\/dna-solicita-acordul-camerei-deputatilor-pentru-perchezitia-informatica-a-fostului-primar-daniel-tudorache\/","og_site_name":"Buletin de Bucure\u0219ti","article_publisher":"https:\/\/www.facebook.com\/buletin.de.buc","article_published_time":"2022-11-16T12:04:14+00:00","article_modified_time":"2022-11-16T12:04:15+00:00","og_image":[{"width":800,"height":450,"url":"https:\/\/buletin.de\/bucuresti\/wp-content\/uploads\/Dan-Tudorache.jpg","type":"image\/jpeg"}],"author":"Florin R\u00e2\u0219teiu","twitter_card":"summary_large_image","twitter_misc":{"Written by":"Florin R\u00e2\u0219teiu","Estimated reading time":"3 minutes"},"schema":{"@context":"https:\/\/schema.org","@graph":[{"@type":"Article","@id":"https:\/\/buletin.de\/bucuresti\/dna-solicita-acordul-camerei-deputatilor-pentru-perchezitia-informatica-a-fostului-primar-daniel-tudorache\/#article","isPartOf":{"@id":"https:\/\/buletin.de\/bucuresti\/dna-solicita-acordul-camerei-deputatilor-pentru-perchezitia-informatica-a-fostului-primar-daniel-tudorache\/"},"author":{"name":"Florin R\u00e2\u0219teiu","@id":"https:\/\/buletin.de\/bucuresti\/#\/schema\/person\/b0686d7a8b666c6afc78239777fd8a89"},"headline":"DNA solicit\u0103 acordul Camerei Deputa\u021bilor pentru perchezi\u021bia informatic\u0103 a fostului primar Daniel Tudorache","datePublished":"2022-11-16T12:04:14+00:00","dateModified":"2022-11-16T12:04:15+00:00","mainEntityOfPage":{"@id":"https:\/\/buletin.de\/bucuresti\/dna-solicita-acordul-camerei-deputatilor-pentru-perchezitia-informatica-a-fostului-primar-daniel-tudorache\/"},"wordCount":614,"publisher":{"@id":"https:\/\/buletin.de\/bucuresti\/#organization"},"image":{"@id":"https:\/\/buletin.de\/bucuresti\/dna-solicita-acordul-camerei-deputatilor-pentru-perchezitia-informatica-a-fostului-primar-daniel-tudorache\/#primaryimage"},"thumbnailUrl":"https:\/\/buletin.de\/bucuresti\/wp-content\/uploads\/Dan-Tudorache.jpg","keywords":["Sector 1"],"articleSection":["Prim\u0103rie"],"inLanguage":"en-GB","copyrightYear":"2022","copyrightHolder":{"@id":"https:\/\/buletin.de\/bucuresti\/#organization"}},{"@type":"WebPage","@id":"https:\/\/buletin.de\/bucuresti\/dna-solicita-acordul-camerei-deputatilor-pentru-perchezitia-informatica-a-fostului-primar-daniel-tudorache\/","url":"https:\/\/buletin.de\/bucuresti\/dna-solicita-acordul-camerei-deputatilor-pentru-perchezitia-informatica-a-fostului-primar-daniel-tudorache\/","name":"DNA solicit\u0103 acordul Camerei Deputa\u021bilor pentru perchezi\u021bia informatic\u0103 a fostului primar Daniel Tudorache - Buletin de Bucure\u0219ti","isPartOf":{"@id":"https:\/\/buletin.de\/bucuresti\/#website"},"primaryImageOfPage":{"@id":"https:\/\/buletin.de\/bucuresti\/dna-solicita-acordul-camerei-deputatilor-pentru-perchezitia-informatica-a-fostului-primar-daniel-tudorache\/#primaryimage"},"image":{"@id":"https:\/\/buletin.de\/bucuresti\/dna-solicita-acordul-camerei-deputatilor-pentru-perchezitia-informatica-a-fostului-primar-daniel-tudorache\/#primaryimage"},"thumbnailUrl":"https:\/\/buletin.de\/bucuresti\/wp-content\/uploads\/Dan-Tudorache.jpg","datePublished":"2022-11-16T12:04:14+00:00","dateModified":"2022-11-16T12:04:15+00:00","breadcrumb":{"@id":"https:\/\/buletin.de\/bucuresti\/dna-solicita-acordul-camerei-deputatilor-pentru-perchezitia-informatica-a-fostului-primar-daniel-tudorache\/#breadcrumb"},"inLanguage":"en-GB","potentialAction":[{"@type":"ReadAction","target":["https:\/\/buletin.de\/bucuresti\/dna-solicita-acordul-camerei-deputatilor-pentru-perchezitia-informatica-a-fostului-primar-daniel-tudorache\/"]}]},{"@type":"ImageObject","inLanguage":"en-GB","@id":"https:\/\/buletin.de\/bucuresti\/dna-solicita-acordul-camerei-deputatilor-pentru-perchezitia-informatica-a-fostului-primar-daniel-tudorache\/#primaryimage","url":"https:\/\/buletin.de\/bucuresti\/wp-content\/uploads\/Dan-Tudorache.jpg","contentUrl":"https:\/\/buletin.de\/bucuresti\/wp-content\/uploads\/Dan-Tudorache.jpg","width":800,"height":450,"caption":"Foto: Arhiva"},{"@type":"BreadcrumbList","@id":"https:\/\/buletin.de\/bucuresti\/dna-solicita-acordul-camerei-deputatilor-pentru-perchezitia-informatica-a-fostului-primar-daniel-tudorache\/#breadcrumb","itemListElement":[{"@type":"ListItem","position":1,"name":"Acas\u0103","item":"https:\/\/buletin.de\/bucuresti\/"},{"@type":"ListItem","position":2,"name":"DNA solicit\u0103 acordul Camerei Deputa\u021bilor pentru perchezi\u021bia informatic\u0103 a fostului primar Daniel Tudorache"}]},{"@type":"WebSite","@id":"https:\/\/buletin.de\/bucuresti\/#website","url":"https:\/\/buletin.de\/bucuresti\/","name":"Buletin de Bucure\u0219ti","description":"\u0218tiri \u0219i investiga\u021bii esen\u021biale din capital\u0103","publisher":{"@id":"https:\/\/buletin.de\/bucuresti\/#organization"},"potentialAction":[{"@type":"SearchAction","target":{"@type":"EntryPoint","urlTemplate":"https:\/\/buletin.de\/bucuresti\/?s={search_term_string}"},"query-input":{"@type":"PropertyValueSpecification","valueRequired":true,"valueName":"search_term_string"}}],"inLanguage":"en-GB"},{"@type":"Organization","@id":"https:\/\/buletin.de\/bucuresti\/#organization","name":"Buletin de Bucure\u0219ti","url":"https:\/\/buletin.de\/bucuresti\/","logo":{"@type":"ImageObject","inLanguage":"en-GB","@id":"https:\/\/buletin.de\/bucuresti\/#\/schema\/logo\/image\/","url":"https:\/\/buletin.de\/bucuresti\/wp-content\/uploads\/logo-bdb-full-wide-vernil-transparent.png","contentUrl":"https:\/\/buletin.de\/bucuresti\/wp-content\/uploads\/logo-bdb-full-wide-vernil-transparent.png","width":1782,"height":626,"caption":"Buletin de Bucure\u0219ti"},"image":{"@id":"https:\/\/buletin.de\/bucuresti\/#\/schema\/logo\/image\/"},"sameAs":["https:\/\/www.facebook.com\/buletin.de.buc","https:\/\/www.instagram.com\/buletinde.bucuresti\/"]},{"@type":"Person","@id":"https:\/\/buletin.de\/bucuresti\/#\/schema\/person\/b0686d7a8b666c6afc78239777fd8a89","name":"Florin R\u00e2\u0219teiu","image":{"@type":"ImageObject","inLanguage":"en-GB","@id":"https:\/\/buletin.de\/bucuresti\/wp-content\/uploads\/Florin-Rasteiu-96x96.jpgf0a6fe28453aa12f0a60e4d0a2e3a78c","url":"https:\/\/buletin.de\/bucuresti\/wp-content\/uploads\/Florin-Rasteiu-96x96.jpg","contentUrl":"https:\/\/buletin.de\/bucuresti\/wp-content\/uploads\/Florin-Rasteiu-96x96.jpg","caption":"Florin R\u00e2\u0219teiu"},"description":"Jurnalist de investiga\u021bie. Lucreaz\u0103 de aproape 6 ani la Buletin de Bucure\u0219ti, unde a publicat articole care scot la suprafa\u021b\u0103 corup\u021bia din Capital\u0103. Analizeaz\u0103 baze de date zilnic \u0219i scoate pove\u0219ti din exceluri pline de cifre. Pune reflectorul pe adev\u0103r cu fiecare ocazie. A c\u00e2\u0219tigat premiul I la categoria Pres\u0103 Local\u0103 \u00een 2025 \u0219i locul al II-lea la aceea\u0219i categorie \u00een 2024 \u00een cadrul Premiilor Superscrieri pentru jurnalism independent.","url":"https:\/\/buletin.de\/bucuresti\/author\/florinrasteiu\/"}]}},"authors":[{"term_id":22576,"user_id":17,"is_guest":0,"slug":"florinrasteiu","display_name":"Florin R\u00e2\u0219teiu","avatar_url":"https:\/\/buletin.de\/bucuresti\/wp-content\/uploads\/Florin-Rasteiu-96x96.jpg","0":null,"1":"","2":"","3":"","4":"","5":"","6":"","7":"","8":""}],"_links":{"self":[{"href":"https:\/\/buletin.de\/bucuresti\/wp-json\/wp\/v2\/posts\/48194","targetHints":{"allow":["GET"]}}],"collection":[{"href":"https:\/\/buletin.de\/bucuresti\/wp-json\/wp\/v2\/posts"}],"about":[{"href":"https:\/\/buletin.de\/bucuresti\/wp-json\/wp\/v2\/types\/post"}],"author":[{"embeddable":true,"href":"https:\/\/buletin.de\/bucuresti\/wp-json\/wp\/v2\/users\/17"}],"replies":[{"embeddable":true,"href":"https:\/\/buletin.de\/bucuresti\/wp-json\/wp\/v2\/comments?post=48194"}],"version-history":[{"count":3,"href":"https:\/\/buletin.de\/bucuresti\/wp-json\/wp\/v2\/posts\/48194\/revisions"}],"predecessor-version":[{"id":48199,"href":"https:\/\/buletin.de\/bucuresti\/wp-json\/wp\/v2\/posts\/48194\/revisions\/48199"}],"wp:featuredmedia":[{"embeddable":true,"href":"https:\/\/buletin.de\/bucuresti\/wp-json\/wp\/v2\/media\/8616"}],"wp:attachment":[{"href":"https:\/\/buletin.de\/bucuresti\/wp-json\/wp\/v2\/media?parent=48194"}],"wp:term":[{"taxonomy":"category","embeddable":true,"href":"https:\/\/buletin.de\/bucuresti\/wp-json\/wp\/v2\/categories?post=48194"},{"taxonomy":"post_tag","embeddable":true,"href":"https:\/\/buletin.de\/bucuresti\/wp-json\/wp\/v2\/tags?post=48194"},{"taxonomy":"author","embeddable":true,"href":"https:\/\/buletin.de\/bucuresti\/wp-json\/wp\/v2\/ppma_author?post=48194"}],"curies":[{"name":"wp","href":"https:\/\/api.w.org\/{rel}","templated":true}]}}