{"id":48066,"date":"2022-11-11T13:03:24","date_gmt":"2022-11-11T11:03:24","guid":{"rendered":"https:\/\/buletin.de\/bucuresti\/?p=48066"},"modified":"2022-11-11T13:03:26","modified_gmt":"2022-11-11T11:03:26","slug":"un-piroman-care-a-incendiat-mai-multe-masini-in-bucuresti-prins-in-flagrat","status":"publish","type":"post","link":"https:\/\/buletin.de\/bucuresti\/un-piroman-care-a-incendiat-mai-multe-masini-in-bucuresti-prins-in-flagrat\/","title":{"rendered":"Un piroman care a incendiat mai multe ma\u0219ini \u00een Bucure\u0219ti, prins \u00een flagrat"},"content":{"rendered":"\n<p><strong>Poli\u021bia Local\u0103 Sector 4 l-a prins \u00een flagrant, miercuri seara, pe piromanul care a incendiat mai multe ma\u0219ini din Capital\u0103. B\u0103rbatul, \u00een v\u00e2rst\u0103 de 27 de ani, era c\u0103utat pentru incendierea a dou\u0103 ma\u0219ini \u0219i a fost prins de c\u0103tre echipajele de poli\u021bie pe \u0218oseaua Giurgiului, exact c\u00e2nd voia s\u0103 incendieze \u0219i al treilea autoturism.<\/strong><\/p>\n\n\n\n<blockquote class=\"wp-block-quote is-layout-flow wp-block-quote-is-layout-flow\"><p>\u00cen astfel de situa\u021bii \u0219i \u00een fa\u021ba unor astfel de oameni, nu putem face altceva dec\u00e2t s\u0103 alert\u0103m \u00een regim de urgen\u021b\u0103 autorit\u0103\u021bile! Sub nicio form\u0103 nu trebuie s\u0103 \u00eencerc\u0103m s\u0103 intervenim personal, pentru c\u0103 ne-am pune serios via\u021ba \u00een pericol! Suna\u021bi la num\u0103rul de urgen\u021b\u0103 112 \u0219i l\u0103sa\u021bi-i pe oamenii legii s\u0103 \u00ee\u0219i fac\u0103 datoria!<\/p><cite>A scris pe Facebook primarul Sectorului 4 <\/cite><\/blockquote>\n\n\n\n<figure class=\"wp-block-video\"><video controls src=\"https:\/\/buletin.de\/bucuresti\/wp-content\/uploads\/314909299_667014914825187_9071673341523429338_n.mp4\"><\/video><figcaption>Surs\u0103 video: Facebook, Daniel B\u0103lu\u021b\u0103<\/figcaption><\/figure>\n\n\n\n<p><\/p>\n\n\n\n<p>Momentan, b\u0103rbatul este \u00een arest, iar autorit\u0103\u021bile competente urmeaz\u0103 s\u0103 deschid\u0103 un dosar penal pentru incendierea a dou\u0103 autoturisme \u00een urm\u0103 cu o lun\u0103 de zile. <\/p>\n\n\n\n<p>\u00cen cazul celor dou\u0103 ma\u0219ini incendiate, chiar dac\u0103 pompierii au ajuns destul de repede la fa\u021ba locului, autoturismele au fost grav avariate.<\/p>\n\n\n\n<p><\/p>\n","protected":false},"excerpt":{"rendered":"<p>Poli\u021bia Local\u0103 Sector 4 l-a prins \u00een flagrant, miercuri seara, pe piromanul care a incendiat mai multe ma\u0219ini din Capital\u0103. B\u0103rbatul, \u00een v\u00e2rst\u0103 de 27 de ani, era c\u0103utat pentru incendierea a dou\u0103 ma\u0219ini \u0219i a fost prins de c\u0103tre echipajele de poli\u021bie pe \u0218oseaua Giurgiului, exact c\u00e2nd voia s\u0103 incendieze \u0219i al treilea autoturism. [&hellip;]<\/p>\n","protected":false},"author":17,"featured_media":13192,"comment_status":"closed","ping_status":"open","sticky":false,"template":"","format":"standard","meta":{"_acf_changed":false,"inline_featured_image":false,"ngg_post_thumbnail":0,"footnotes":""},"categories":[24],"tags":[],"ppma_author":[22576],"class_list":["post-48066","post","type-post","status-publish","format-standard","has-post-thumbnail","hentry","category-primarie"],"acf":[],"yoast_head":"<!-- This site is optimized with the Yoast SEO Premium plugin v25.3 (Yoast SEO v27.4) - https:\/\/yoast.com\/product\/yoast-seo-premium-wordpress\/ -->\n<title>Un piroman care a incendiat mai multe ma\u0219ini \u00een Bucure\u0219ti, prins \u00een flagrat - Buletin de Bucure\u0219ti<\/title>\n<meta name=\"robots\" content=\"index, follow, max-snippet:-1, max-image-preview:large, max-video-preview:-1\" \/>\n<link rel=\"canonical\" href=\"https:\/\/buletin.de\/bucuresti\/un-piroman-care-a-incendiat-mai-multe-masini-in-bucuresti-prins-in-flagrat\/\" \/>\n<meta property=\"og:locale\" content=\"en_GB\" \/>\n<meta property=\"og:type\" content=\"article\" \/>\n<meta property=\"og:title\" content=\"Un piroman care a incendiat mai multe ma\u0219ini \u00een Bucure\u0219ti, prins \u00een flagrat\" \/>\n<meta property=\"og:description\" content=\"Poli\u021bia Local\u0103 Sector 4 l-a prins \u00een flagrant, miercuri seara, pe piromanul care a incendiat mai multe ma\u0219ini din Capital\u0103. B\u0103rbatul, \u00een v\u00e2rst\u0103 de 27 de ani, era c\u0103utat pentru incendierea a dou\u0103 ma\u0219ini \u0219i a fost prins de c\u0103tre echipajele de poli\u021bie pe \u0218oseaua Giurgiului, exact c\u00e2nd voia s\u0103 incendieze \u0219i al treilea autoturism. [&hellip;]\" \/>\n<meta property=\"og:url\" content=\"https:\/\/buletin.de\/bucuresti\/un-piroman-care-a-incendiat-mai-multe-masini-in-bucuresti-prins-in-flagrat\/\" \/>\n<meta property=\"og:site_name\" content=\"Buletin de Bucure\u0219ti\" \/>\n<meta property=\"article:publisher\" content=\"https:\/\/www.facebook.com\/buletin.de.buc\" \/>\n<meta property=\"article:published_time\" content=\"2022-11-11T11:03:24+00:00\" \/>\n<meta property=\"article:modified_time\" content=\"2022-11-11T11:03:26+00:00\" \/>\n<meta property=\"og:image\" content=\"https:\/\/buletin.de\/bucuresti\/wp-content\/uploads\/politie-2.jpg\" \/>\n\t<meta property=\"og:image:width\" content=\"979\" \/>\n\t<meta property=\"og:image:height\" content=\"877\" \/>\n\t<meta property=\"og:image:type\" content=\"image\/jpeg\" \/>\n<meta name=\"author\" content=\"Florin R\u00e2\u0219teiu\" \/>\n<meta name=\"twitter:card\" content=\"summary_large_image\" \/>\n<meta name=\"twitter:label1\" content=\"Written by\" \/>\n\t<meta name=\"twitter:data1\" content=\"Florin R\u00e2\u0219teiu\" \/>\n\t<meta name=\"twitter:label2\" content=\"Estimated reading time\" \/>\n\t<meta name=\"twitter:data2\" content=\"1 minute\" \/>\n<script type=\"application\/ld+json\" class=\"yoast-schema-graph\">{\"@context\":\"https:\\\/\\\/schema.org\",\"@graph\":[{\"@type\":\"Article\",\"@id\":\"https:\\\/\\\/buletin.de\\\/bucuresti\\\/un-piroman-care-a-incendiat-mai-multe-masini-in-bucuresti-prins-in-flagrat\\\/#article\",\"isPartOf\":{\"@id\":\"https:\\\/\\\/buletin.de\\\/bucuresti\\\/un-piroman-care-a-incendiat-mai-multe-masini-in-bucuresti-prins-in-flagrat\\\/\"},\"author\":{\"name\":\"Florin R\u00e2\u0219teiu\",\"@id\":\"https:\\\/\\\/buletin.de\\\/bucuresti\\\/#\\\/schema\\\/person\\\/b0686d7a8b666c6afc78239777fd8a89\"},\"headline\":\"Un piroman care a incendiat mai multe ma\u0219ini \u00een Bucure\u0219ti, prins \u00een flagrat\",\"datePublished\":\"2022-11-11T11:03:24+00:00\",\"dateModified\":\"2022-11-11T11:03:26+00:00\",\"mainEntityOfPage\":{\"@id\":\"https:\\\/\\\/buletin.de\\\/bucuresti\\\/un-piroman-care-a-incendiat-mai-multe-masini-in-bucuresti-prins-in-flagrat\\\/\"},\"wordCount\":207,\"publisher\":{\"@id\":\"https:\\\/\\\/buletin.de\\\/bucuresti\\\/#organization\"},\"image\":{\"@id\":\"https:\\\/\\\/buletin.de\\\/bucuresti\\\/un-piroman-care-a-incendiat-mai-multe-masini-in-bucuresti-prins-in-flagrat\\\/#primaryimage\"},\"thumbnailUrl\":\"https:\\\/\\\/buletin.de\\\/bucuresti\\\/wp-content\\\/uploads\\\/politie-2.jpg\",\"articleSection\":[\"Prim\u0103rie\"],\"inLanguage\":\"en-GB\",\"copyrightYear\":\"2022\",\"copyrightHolder\":{\"@id\":\"https:\\\/\\\/buletin.de\\\/bucuresti\\\/#organization\"}},{\"@type\":\"WebPage\",\"@id\":\"https:\\\/\\\/buletin.de\\\/bucuresti\\\/un-piroman-care-a-incendiat-mai-multe-masini-in-bucuresti-prins-in-flagrat\\\/\",\"url\":\"https:\\\/\\\/buletin.de\\\/bucuresti\\\/un-piroman-care-a-incendiat-mai-multe-masini-in-bucuresti-prins-in-flagrat\\\/\",\"name\":\"Un piroman care a incendiat mai multe ma\u0219ini \u00een Bucure\u0219ti, prins \u00een flagrat - Buletin de Bucure\u0219ti\",\"isPartOf\":{\"@id\":\"https:\\\/\\\/buletin.de\\\/bucuresti\\\/#website\"},\"primaryImageOfPage\":{\"@id\":\"https:\\\/\\\/buletin.de\\\/bucuresti\\\/un-piroman-care-a-incendiat-mai-multe-masini-in-bucuresti-prins-in-flagrat\\\/#primaryimage\"},\"image\":{\"@id\":\"https:\\\/\\\/buletin.de\\\/bucuresti\\\/un-piroman-care-a-incendiat-mai-multe-masini-in-bucuresti-prins-in-flagrat\\\/#primaryimage\"},\"thumbnailUrl\":\"https:\\\/\\\/buletin.de\\\/bucuresti\\\/wp-content\\\/uploads\\\/politie-2.jpg\",\"datePublished\":\"2022-11-11T11:03:24+00:00\",\"dateModified\":\"2022-11-11T11:03:26+00:00\",\"breadcrumb\":{\"@id\":\"https:\\\/\\\/buletin.de\\\/bucuresti\\\/un-piroman-care-a-incendiat-mai-multe-masini-in-bucuresti-prins-in-flagrat\\\/#breadcrumb\"},\"inLanguage\":\"en-GB\",\"potentialAction\":[{\"@type\":\"ReadAction\",\"target\":[\"https:\\\/\\\/buletin.de\\\/bucuresti\\\/un-piroman-care-a-incendiat-mai-multe-masini-in-bucuresti-prins-in-flagrat\\\/\"]}]},{\"@type\":\"ImageObject\",\"inLanguage\":\"en-GB\",\"@id\":\"https:\\\/\\\/buletin.de\\\/bucuresti\\\/un-piroman-care-a-incendiat-mai-multe-masini-in-bucuresti-prins-in-flagrat\\\/#primaryimage\",\"url\":\"https:\\\/\\\/buletin.de\\\/bucuresti\\\/wp-content\\\/uploads\\\/politie-2.jpg\",\"contentUrl\":\"https:\\\/\\\/buletin.de\\\/bucuresti\\\/wp-content\\\/uploads\\\/politie-2.jpg\",\"width\":979,\"height\":877,\"caption\":\"Foto: Arhiva\"},{\"@type\":\"BreadcrumbList\",\"@id\":\"https:\\\/\\\/buletin.de\\\/bucuresti\\\/un-piroman-care-a-incendiat-mai-multe-masini-in-bucuresti-prins-in-flagrat\\\/#breadcrumb\",\"itemListElement\":[{\"@type\":\"ListItem\",\"position\":1,\"name\":\"Acas\u0103\",\"item\":\"https:\\\/\\\/buletin.de\\\/bucuresti\\\/\"},{\"@type\":\"ListItem\",\"position\":2,\"name\":\"Un piroman care a incendiat mai multe ma\u0219ini \u00een Bucure\u0219ti, prins \u00een flagrat\"}]},{\"@type\":\"WebSite\",\"@id\":\"https:\\\/\\\/buletin.de\\\/bucuresti\\\/#website\",\"url\":\"https:\\\/\\\/buletin.de\\\/bucuresti\\\/\",\"name\":\"Buletin de Bucure\u0219ti\",\"description\":\"\u0218tiri \u0219i investiga\u021bii esen\u021biale din capital\u0103\",\"publisher\":{\"@id\":\"https:\\\/\\\/buletin.de\\\/bucuresti\\\/#organization\"},\"potentialAction\":[{\"@type\":\"SearchAction\",\"target\":{\"@type\":\"EntryPoint\",\"urlTemplate\":\"https:\\\/\\\/buletin.de\\\/bucuresti\\\/?s={search_term_string}\"},\"query-input\":{\"@type\":\"PropertyValueSpecification\",\"valueRequired\":true,\"valueName\":\"search_term_string\"}}],\"inLanguage\":\"en-GB\"},{\"@type\":\"Organization\",\"@id\":\"https:\\\/\\\/buletin.de\\\/bucuresti\\\/#organization\",\"name\":\"Buletin de Bucure\u0219ti\",\"url\":\"https:\\\/\\\/buletin.de\\\/bucuresti\\\/\",\"logo\":{\"@type\":\"ImageObject\",\"inLanguage\":\"en-GB\",\"@id\":\"https:\\\/\\\/buletin.de\\\/bucuresti\\\/#\\\/schema\\\/logo\\\/image\\\/\",\"url\":\"https:\\\/\\\/buletin.de\\\/bucuresti\\\/wp-content\\\/uploads\\\/logo-bdb-full-wide-vernil-transparent.png\",\"contentUrl\":\"https:\\\/\\\/buletin.de\\\/bucuresti\\\/wp-content\\\/uploads\\\/logo-bdb-full-wide-vernil-transparent.png\",\"width\":1782,\"height\":626,\"caption\":\"Buletin de Bucure\u0219ti\"},\"image\":{\"@id\":\"https:\\\/\\\/buletin.de\\\/bucuresti\\\/#\\\/schema\\\/logo\\\/image\\\/\"},\"sameAs\":[\"https:\\\/\\\/www.facebook.com\\\/buletin.de.buc\",\"https:\\\/\\\/www.instagram.com\\\/buletinde.bucuresti\\\/\"]},{\"@type\":\"Person\",\"@id\":\"https:\\\/\\\/buletin.de\\\/bucuresti\\\/#\\\/schema\\\/person\\\/b0686d7a8b666c6afc78239777fd8a89\",\"name\":\"Florin R\u00e2\u0219teiu\",\"image\":{\"@type\":\"ImageObject\",\"inLanguage\":\"en-GB\",\"@id\":\"https:\\\/\\\/buletin.de\\\/bucuresti\\\/wp-content\\\/uploads\\\/Florin-Rasteiu-96x96.jpgf0a6fe28453aa12f0a60e4d0a2e3a78c\",\"url\":\"https:\\\/\\\/buletin.de\\\/bucuresti\\\/wp-content\\\/uploads\\\/Florin-Rasteiu-96x96.jpg\",\"contentUrl\":\"https:\\\/\\\/buletin.de\\\/bucuresti\\\/wp-content\\\/uploads\\\/Florin-Rasteiu-96x96.jpg\",\"caption\":\"Florin R\u00e2\u0219teiu\"},\"description\":\"Jurnalist de investiga\u021bie. Lucreaz\u0103 de aproape 6 ani la Buletin de Bucure\u0219ti, unde a publicat articole care scot la suprafa\u021b\u0103 corup\u021bia din Capital\u0103. Analizeaz\u0103 baze de date zilnic \u0219i scoate pove\u0219ti din exceluri pline de cifre. Pune reflectorul pe adev\u0103r cu fiecare ocazie. A c\u00e2\u0219tigat premiul I la categoria Pres\u0103 Local\u0103 \u00een 2025 \u0219i locul al II-lea la aceea\u0219i categorie \u00een 2024 \u00een cadrul Premiilor Superscrieri pentru jurnalism independent.\",\"url\":\"https:\\\/\\\/buletin.de\\\/bucuresti\\\/author\\\/florinrasteiu\\\/\"}]}<\/script>\n<!-- \/ Yoast SEO Premium plugin. -->","yoast_head_json":{"title":"Un piroman care a incendiat mai multe ma\u0219ini \u00een Bucure\u0219ti, prins \u00een flagrat - Buletin de Bucure\u0219ti","robots":{"index":"index","follow":"follow","max-snippet":"max-snippet:-1","max-image-preview":"max-image-preview:large","max-video-preview":"max-video-preview:-1"},"canonical":"https:\/\/buletin.de\/bucuresti\/un-piroman-care-a-incendiat-mai-multe-masini-in-bucuresti-prins-in-flagrat\/","og_locale":"en_GB","og_type":"article","og_title":"Un piroman care a incendiat mai multe ma\u0219ini \u00een Bucure\u0219ti, prins \u00een flagrat","og_description":"Poli\u021bia Local\u0103 Sector 4 l-a prins \u00een flagrant, miercuri seara, pe piromanul care a incendiat mai multe ma\u0219ini din Capital\u0103. B\u0103rbatul, \u00een v\u00e2rst\u0103 de 27 de ani, era c\u0103utat pentru incendierea a dou\u0103 ma\u0219ini \u0219i a fost prins de c\u0103tre echipajele de poli\u021bie pe \u0218oseaua Giurgiului, exact c\u00e2nd voia s\u0103 incendieze \u0219i al treilea autoturism. [&hellip;]","og_url":"https:\/\/buletin.de\/bucuresti\/un-piroman-care-a-incendiat-mai-multe-masini-in-bucuresti-prins-in-flagrat\/","og_site_name":"Buletin de Bucure\u0219ti","article_publisher":"https:\/\/www.facebook.com\/buletin.de.buc","article_published_time":"2022-11-11T11:03:24+00:00","article_modified_time":"2022-11-11T11:03:26+00:00","og_image":[{"width":979,"height":877,"url":"https:\/\/buletin.de\/bucuresti\/wp-content\/uploads\/politie-2.jpg","type":"image\/jpeg"}],"author":"Florin R\u00e2\u0219teiu","twitter_card":"summary_large_image","twitter_misc":{"Written by":"Florin R\u00e2\u0219teiu","Estimated reading time":"1 minute"},"schema":{"@context":"https:\/\/schema.org","@graph":[{"@type":"Article","@id":"https:\/\/buletin.de\/bucuresti\/un-piroman-care-a-incendiat-mai-multe-masini-in-bucuresti-prins-in-flagrat\/#article","isPartOf":{"@id":"https:\/\/buletin.de\/bucuresti\/un-piroman-care-a-incendiat-mai-multe-masini-in-bucuresti-prins-in-flagrat\/"},"author":{"name":"Florin R\u00e2\u0219teiu","@id":"https:\/\/buletin.de\/bucuresti\/#\/schema\/person\/b0686d7a8b666c6afc78239777fd8a89"},"headline":"Un piroman care a incendiat mai multe ma\u0219ini \u00een Bucure\u0219ti, prins \u00een flagrat","datePublished":"2022-11-11T11:03:24+00:00","dateModified":"2022-11-11T11:03:26+00:00","mainEntityOfPage":{"@id":"https:\/\/buletin.de\/bucuresti\/un-piroman-care-a-incendiat-mai-multe-masini-in-bucuresti-prins-in-flagrat\/"},"wordCount":207,"publisher":{"@id":"https:\/\/buletin.de\/bucuresti\/#organization"},"image":{"@id":"https:\/\/buletin.de\/bucuresti\/un-piroman-care-a-incendiat-mai-multe-masini-in-bucuresti-prins-in-flagrat\/#primaryimage"},"thumbnailUrl":"https:\/\/buletin.de\/bucuresti\/wp-content\/uploads\/politie-2.jpg","articleSection":["Prim\u0103rie"],"inLanguage":"en-GB","copyrightYear":"2022","copyrightHolder":{"@id":"https:\/\/buletin.de\/bucuresti\/#organization"}},{"@type":"WebPage","@id":"https:\/\/buletin.de\/bucuresti\/un-piroman-care-a-incendiat-mai-multe-masini-in-bucuresti-prins-in-flagrat\/","url":"https:\/\/buletin.de\/bucuresti\/un-piroman-care-a-incendiat-mai-multe-masini-in-bucuresti-prins-in-flagrat\/","name":"Un piroman care a incendiat mai multe ma\u0219ini \u00een Bucure\u0219ti, prins \u00een flagrat - Buletin de Bucure\u0219ti","isPartOf":{"@id":"https:\/\/buletin.de\/bucuresti\/#website"},"primaryImageOfPage":{"@id":"https:\/\/buletin.de\/bucuresti\/un-piroman-care-a-incendiat-mai-multe-masini-in-bucuresti-prins-in-flagrat\/#primaryimage"},"image":{"@id":"https:\/\/buletin.de\/bucuresti\/un-piroman-care-a-incendiat-mai-multe-masini-in-bucuresti-prins-in-flagrat\/#primaryimage"},"thumbnailUrl":"https:\/\/buletin.de\/bucuresti\/wp-content\/uploads\/politie-2.jpg","datePublished":"2022-11-11T11:03:24+00:00","dateModified":"2022-11-11T11:03:26+00:00","breadcrumb":{"@id":"https:\/\/buletin.de\/bucuresti\/un-piroman-care-a-incendiat-mai-multe-masini-in-bucuresti-prins-in-flagrat\/#breadcrumb"},"inLanguage":"en-GB","potentialAction":[{"@type":"ReadAction","target":["https:\/\/buletin.de\/bucuresti\/un-piroman-care-a-incendiat-mai-multe-masini-in-bucuresti-prins-in-flagrat\/"]}]},{"@type":"ImageObject","inLanguage":"en-GB","@id":"https:\/\/buletin.de\/bucuresti\/un-piroman-care-a-incendiat-mai-multe-masini-in-bucuresti-prins-in-flagrat\/#primaryimage","url":"https:\/\/buletin.de\/bucuresti\/wp-content\/uploads\/politie-2.jpg","contentUrl":"https:\/\/buletin.de\/bucuresti\/wp-content\/uploads\/politie-2.jpg","width":979,"height":877,"caption":"Foto: Arhiva"},{"@type":"BreadcrumbList","@id":"https:\/\/buletin.de\/bucuresti\/un-piroman-care-a-incendiat-mai-multe-masini-in-bucuresti-prins-in-flagrat\/#breadcrumb","itemListElement":[{"@type":"ListItem","position":1,"name":"Acas\u0103","item":"https:\/\/buletin.de\/bucuresti\/"},{"@type":"ListItem","position":2,"name":"Un piroman care a incendiat mai multe ma\u0219ini \u00een Bucure\u0219ti, prins \u00een flagrat"}]},{"@type":"WebSite","@id":"https:\/\/buletin.de\/bucuresti\/#website","url":"https:\/\/buletin.de\/bucuresti\/","name":"Buletin de Bucure\u0219ti","description":"\u0218tiri \u0219i investiga\u021bii esen\u021biale din capital\u0103","publisher":{"@id":"https:\/\/buletin.de\/bucuresti\/#organization"},"potentialAction":[{"@type":"SearchAction","target":{"@type":"EntryPoint","urlTemplate":"https:\/\/buletin.de\/bucuresti\/?s={search_term_string}"},"query-input":{"@type":"PropertyValueSpecification","valueRequired":true,"valueName":"search_term_string"}}],"inLanguage":"en-GB"},{"@type":"Organization","@id":"https:\/\/buletin.de\/bucuresti\/#organization","name":"Buletin de Bucure\u0219ti","url":"https:\/\/buletin.de\/bucuresti\/","logo":{"@type":"ImageObject","inLanguage":"en-GB","@id":"https:\/\/buletin.de\/bucuresti\/#\/schema\/logo\/image\/","url":"https:\/\/buletin.de\/bucuresti\/wp-content\/uploads\/logo-bdb-full-wide-vernil-transparent.png","contentUrl":"https:\/\/buletin.de\/bucuresti\/wp-content\/uploads\/logo-bdb-full-wide-vernil-transparent.png","width":1782,"height":626,"caption":"Buletin de Bucure\u0219ti"},"image":{"@id":"https:\/\/buletin.de\/bucuresti\/#\/schema\/logo\/image\/"},"sameAs":["https:\/\/www.facebook.com\/buletin.de.buc","https:\/\/www.instagram.com\/buletinde.bucuresti\/"]},{"@type":"Person","@id":"https:\/\/buletin.de\/bucuresti\/#\/schema\/person\/b0686d7a8b666c6afc78239777fd8a89","name":"Florin R\u00e2\u0219teiu","image":{"@type":"ImageObject","inLanguage":"en-GB","@id":"https:\/\/buletin.de\/bucuresti\/wp-content\/uploads\/Florin-Rasteiu-96x96.jpgf0a6fe28453aa12f0a60e4d0a2e3a78c","url":"https:\/\/buletin.de\/bucuresti\/wp-content\/uploads\/Florin-Rasteiu-96x96.jpg","contentUrl":"https:\/\/buletin.de\/bucuresti\/wp-content\/uploads\/Florin-Rasteiu-96x96.jpg","caption":"Florin R\u00e2\u0219teiu"},"description":"Jurnalist de investiga\u021bie. Lucreaz\u0103 de aproape 6 ani la Buletin de Bucure\u0219ti, unde a publicat articole care scot la suprafa\u021b\u0103 corup\u021bia din Capital\u0103. Analizeaz\u0103 baze de date zilnic \u0219i scoate pove\u0219ti din exceluri pline de cifre. Pune reflectorul pe adev\u0103r cu fiecare ocazie. A c\u00e2\u0219tigat premiul I la categoria Pres\u0103 Local\u0103 \u00een 2025 \u0219i locul al II-lea la aceea\u0219i categorie \u00een 2024 \u00een cadrul Premiilor Superscrieri pentru jurnalism independent.","url":"https:\/\/buletin.de\/bucuresti\/author\/florinrasteiu\/"}]}},"authors":[{"term_id":22576,"user_id":17,"is_guest":0,"slug":"florinrasteiu","display_name":"Florin R\u00e2\u0219teiu","avatar_url":"https:\/\/buletin.de\/bucuresti\/wp-content\/uploads\/Florin-Rasteiu-96x96.jpg","0":null,"1":"","2":"","3":"","4":"","5":"","6":"","7":"","8":""}],"_links":{"self":[{"href":"https:\/\/buletin.de\/bucuresti\/wp-json\/wp\/v2\/posts\/48066","targetHints":{"allow":["GET"]}}],"collection":[{"href":"https:\/\/buletin.de\/bucuresti\/wp-json\/wp\/v2\/posts"}],"about":[{"href":"https:\/\/buletin.de\/bucuresti\/wp-json\/wp\/v2\/types\/post"}],"author":[{"embeddable":true,"href":"https:\/\/buletin.de\/bucuresti\/wp-json\/wp\/v2\/users\/17"}],"replies":[{"embeddable":true,"href":"https:\/\/buletin.de\/bucuresti\/wp-json\/wp\/v2\/comments?post=48066"}],"version-history":[{"count":2,"href":"https:\/\/buletin.de\/bucuresti\/wp-json\/wp\/v2\/posts\/48066\/revisions"}],"predecessor-version":[{"id":48073,"href":"https:\/\/buletin.de\/bucuresti\/wp-json\/wp\/v2\/posts\/48066\/revisions\/48073"}],"wp:featuredmedia":[{"embeddable":true,"href":"https:\/\/buletin.de\/bucuresti\/wp-json\/wp\/v2\/media\/13192"}],"wp:attachment":[{"href":"https:\/\/buletin.de\/bucuresti\/wp-json\/wp\/v2\/media?parent=48066"}],"wp:term":[{"taxonomy":"category","embeddable":true,"href":"https:\/\/buletin.de\/bucuresti\/wp-json\/wp\/v2\/categories?post=48066"},{"taxonomy":"post_tag","embeddable":true,"href":"https:\/\/buletin.de\/bucuresti\/wp-json\/wp\/v2\/tags?post=48066"},{"taxonomy":"author","embeddable":true,"href":"https:\/\/buletin.de\/bucuresti\/wp-json\/wp\/v2\/ppma_author?post=48066"}],"curies":[{"name":"wp","href":"https:\/\/api.w.org\/{rel}","templated":true}]}}