{"id":48048,"date":"2022-11-10T17:18:36","date_gmt":"2022-11-10T15:18:36","guid":{"rendered":"https:\/\/buletin.de\/bucuresti\/?p=48048"},"modified":"2022-11-10T17:18:37","modified_gmt":"2022-11-10T15:18:37","slug":"robert-negoita-in-piata-unirii-nu-s-au-schimbat-bordurile-cu-unele-noi-au-fost-inlocuite-cu-prefabricate","status":"publish","type":"post","link":"https:\/\/buletin.de\/bucuresti\/robert-negoita-in-piata-unirii-nu-s-au-schimbat-bordurile-cu-unele-noi-au-fost-inlocuite-cu-prefabricate\/","title":{"rendered":"Robert Negoi\u021b\u0103: \u00cen Pia\u021ba Unirii nu s-au schimbat bordurile cu unele noi. Au fost \u00eenlocuite cu prefabricate"},"content":{"rendered":"\n<p><strong>Robert Negoi\u021b\u0103, primarul Sectorului 3, a declarat la o lun\u0103 \u0219i jum\u0103tate de c\u00e2nd au \u00eenceput lucr\u0103rile din Pia\u021ba Unirii c\u0103 nu a montat borduri, ci prefabricate pentru amenajarea spa\u021biilor verzi, lucr\u0103ri care nu au nevoie de avize. Declara\u021biile edilului vin dup\u0103 ce reprezentan\u021bii Prim\u0103riei Capitalei, institu\u021bia care administreaz\u0103 calea rutier\u0103, au declarat c\u0103 nu au fost constulta\u021bi cu privire la lucr\u0103rile efectuate de Prim\u0103ria Sectorului 3<\/strong>. <\/p>\n\n\n\n<blockquote class=\"wp-block-quote is-layout-flow wp-block-quote-is-layout-flow\"><p>Nu era nevoie acolo de niciun fel de aviz, pentru c\u0103 e vorba de amenajare spa\u0163ii verzi, iar spa\u0163iile verzi nu necesit\u0103 autoriza\u0163ie pentru amenajare. (&#8230;) Bordurile nu au fost schimbate \u00een niciun caz de noi. Am pus ni\u015fte prefabricate, care nu sunt borduri, ni\u015fte prefabricate mai \u00eenalte, pentru c\u0103 acolo avem nevoie de \u00een\u0103l\u0163ime.<\/p><cite>A declarat Robert Negoi\u021b\u0103, primarul Sectorului 3, potrivit Agerpres<\/cite><\/blockquote>\n\n\n\n<p>De asemenea, edilul Sectorului 3 sus\u021bine c\u0103 aceste prefabricate vor proteja spa\u021biul verde de ma\u0219ini \u0219i ajut\u0103 plantele s\u0103 tr\u0103iasc\u0103 \u00een p\u0103m\u00e2ntul din jurul lor. Acesta spune \u0219i c\u0103 la fel ca la Pia\u021ba Unirii a procedat \u00een mai multe locuri din Sectorul 3. <\/p>\n\n\n\n<blockquote class=\"wp-block-quote is-layout-flow wp-block-quote-is-layout-flow\"><p>Pe de o parte, s\u0103 protej\u0103m spa\u0163iul verde de ma\u015fini, s\u0103 nu mai poat\u0103 intra cu ma\u015finile peste spa\u0163iile verzi. Pe de alt\u0103 parte, avem nevoie de o cantitate, de o grosime de p\u0103m\u00e2nt, ca s\u0103 poat\u0103 tr\u0103i plantele acolo. Deci nu este nimic altceva dec\u00e2t am f\u0103cut \u00een tot ce \u00eenseamn\u0103 Sectorul 3, care este cel mai verde sector \u015fi cea mai verde zon\u0103 urban\u0103 din Rom\u00e2nia. Nu trebuie s\u0103 m\u0103 crede\u0163i, ideea ar fi s\u0103 ie\u015fi\u0163i pe strad\u0103, s\u0103 v\u0103 convinge\u0163i personal<\/p><cite>A ad\u0103ugat Robert Negoi\u021b\u0103 <\/cite><\/blockquote>\n\n\n\n<p>Pe perioada lucr\u0103rilor, timp de mai multe s\u0103pt\u00e2m\u00e2ni, semafoarele nu au func\u021bionat, iar traficul a fost dirijat de poli\u021bi\u0219tii rutieri. Declara\u021bia edilului din Sectorul 3 vine dup\u0103 ce reprezentan\u021bii Prim\u0103riei Capitalei au transmis, printr-un r\u0103spuns dat c\u0103tre <a href=\"https:\/\/www.hotnews.ro\/stiri-administratie_locala-25895012-primarul-sectorului-3-robert-negoita-spune-nu-schimbat-bordurile-piata-unirii-pus-prefabricate.htm\">HotNews.ro<\/a>, c\u0103 Prim\u0103ria Sectorului 3 nu le-a cerut acordul.<\/p>\n\n\n\n<blockquote class=\"wp-block-quote is-layout-flow wp-block-quote-is-layout-flow\"><p>Lucr\u0103rile efectuate de Prim\u0103ria Sectorului 3 \u00een Pia\u021ba Unirii fac parte din categoria celor de reabilitare (\u00eenlocuire borduri, reasfaltare, reabilitare spa\u021bii verzi), astfel nu este necesar avizul Comisiei Tehnice de Circula\u021bie (care ar fi necesar \u00een cazul moderniz\u0103rilor\/reconfigur\u0103rilor).<\/p><p>Acordul \u00een acest caz (al lucr\u0103rilor f\u0103cute de Prim\u0103ria sectorului 3 &#8211; n.r.) revine \u00een sarcina administratorului drumului, care, pentru Pia\u021ba Unirii, este Administra\u021bia Str\u0103zilor Bucure\u015fti. Facem precizarea c\u0103 Administra\u021bia Str\u0103zilor nu a primit nicio solicitare pentru eliberarea unui acord pentru lucr\u0103rile executate de Prim\u0103ria Sector 3 \u00een zona Pia\u0163a Unirii se arat\u0103 \u00een r\u0103spunsul transmis de Prim\u0103ria Capitalei la solicitarea HotNews.ro.<\/p><cite>Se arat\u0103 \u00een r\u0103spunsul transmis de Prim\u0103ria Capitalei la solicitarea <a href=\"https:\/\/www.hotnews.ro\/stiri-administratie_locala-25895012-primarul-sectorului-3-robert-negoita-spune-nu-schimbat-bordurile-piata-unirii-pus-prefabricate.htm\">HotNews.ro.<\/a><\/cite><\/blockquote>\n\n\n\n<p>Prefabricatele pe care Prim\u0103ria Sectorului 3 a \u00eenceput s\u0103 le monteze fac parte dintr-o achizi\u021bie de 15 milioane de lei \u0219i au fost cump\u0103rate dup\u0103 ce consilierii locali \u0219i-au dat acordul. Al\u0103turi de prefabricate, Robert Negoi\u021b\u0103 a cump\u0103rat \u0219i jardiniere \u0219i capace de canal, toate fiind achizi\u021bionate de la companile din subordinea prim\u0103riei, Algorithm Construc\u021bii S3 \u0219i Administrare Active S3. <\/p>\n\n\n\n<p>Pre\u021bul contractului a fost stabilit plec\u00e2nd de la nevoile identificate de Prim\u0103ria Sector 3. Astfel, 1687 de borduri au costat 3,2 milioane de lei f\u0103r\u0103 TVA, iar jardinierele, ramele \u0219i capacele de canal, aproape 6000 de buc\u0103\u021bi au costat 9,7 milioane de lei, f\u0103r\u0103 TVA.<\/p>\n\n\n\n<figure class=\"wp-block-image size-full\"><img fetchpriority=\"high\" decoding=\"async\" width=\"668\" height=\"199\" src=\"data:image\/gif;base64,R0lGODlhAQABAAAAACH5BAEKAAEALAAAAAABAAEAAAICTAEAOw==\" data-src=\"https:\/\/buletin.de\/bucuresti\/wp-content\/uploads\/image-1320-1.png\" alt=\"\" class=\"wp-image-48054 lazyload\" data-sizes=\"auto\" data-srcset=\"https:\/\/buletin.de\/bucuresti\/wp-content\/uploads\/image-1320-1.png 668w, https:\/\/buletin.de\/bucuresti\/wp-content\/uploads\/image-1320-1-300x89.png 300w, https:\/\/buletin.de\/bucuresti\/wp-content\/uploads\/image-1320-1-550x164.png 550w, https:\/\/buletin.de\/bucuresti\/wp-content\/uploads\/image-1320-1-600x179.png 600w\" sizes=\"(max-width: 668px) 100vw, 668px\" \/><figcaption>Sursa: Raport de Specialitate<\/figcaption><\/figure>\n\n\n\n<p><\/p>\n\n\n\n<p>\u00cen ultimii 2 ani, Prim\u0103ria Sectorului 3 a lansat alte 4 licita\u021bii pentru prefabricate din beton. \u00cen total, f\u0103r\u0103 contractul direct cu Algorithm Construc\u021bii S3, Prim\u0103ria mai are contracte \u00een valoare de p\u00e2n\u0103 la 3,7 milioane de lei.<\/p>\n\n\n\n<ul class=\"wp-block-list\"><li>18 mai 2021 \u2013&nbsp;<a href=\"http:\/\/e-licitatie.ro\/pub\/notices\/ca-notices\/view-snc\/100277534?fbclid=IwAR30Sw0ywh7Jz0ZkmbYC9LZcYd4IgmdnsujnWRj91DM47sTntSbZTyD0SIU\">contract cadru Furnizare borduri<\/a>&nbsp;\u2013 valoare maxim\u0103 700.000 de lei \u2013 c\u00e2\u0219tig\u0103tori Symmetrica SRL, Elis Pavaje, Oyl Expert Pavaje SRL<\/li><li>7 decembrie 2021 \u2013&nbsp;<a href=\"https:\/\/e-licitatie.ro\/pub\/notices\/ca-notices\/view-c\/100270473\">contract cadru Furnizare prefabricate atipice din beton armat<\/a>&nbsp;\u2013 valoare maxim\u0103 1 milion de lei \u2013 c\u00e2\u0219tig\u0103tori Bloc Beton SRL \u0219i Administrare Active S3<\/li><li>19 aprilie 2021 \u2013 contract cadru &nbsp;<a href=\"https:\/\/e-licitatie.ro\/pub\/notices\/ca-notices\/view-c\/100248136\">Furnizare elemente prefabricat din beton colorat<\/a>&nbsp;\u2013 valoare maxim\u0103 1 milion de lei \u2013 c\u00e2\u0219tig\u0103tor Administrare Active S3<\/li><li>9 mai 2022 \u2013<a href=\"https:\/\/e-licitatie.ro\/pub\/notices\/ca-notices\/view-c\/100300802\">&nbsp;contract cadru &nbsp;Furnizare prefabricate din beton<\/a>&nbsp;\u2013 \u2013 valoare maxim\u0103 954 mii lei \u2013 c\u00e2\u0219tig\u0103tori Selesi Mariela Aurelia Intreprindere Individual\u0103 \u0219i Administrare Active S3<\/li><\/ul>\n","protected":false},"excerpt":{"rendered":"<p>Robert Negoi\u021b\u0103, primarul Sectorului 3, a declarat la o lun\u0103 \u0219i jum\u0103tate de c\u00e2nd au \u00eenceput lucr\u0103rile din Pia\u021ba Unirii c\u0103 nu a montat borduri, ci prefabricate pentru amenajarea spa\u021biilor verzi, lucr\u0103ri care nu au nevoie de avize. Declara\u021biile edilului vin dup\u0103 ce reprezentan\u021bii Prim\u0103riei Capitalei, institu\u021bia care administreaz\u0103 calea rutier\u0103, au declarat c\u0103 nu [&hellip;]<\/p>\n","protected":false},"author":17,"featured_media":42480,"comment_status":"closed","ping_status":"open","sticky":false,"template":"","format":"standard","meta":{"_acf_changed":false,"inline_featured_image":false,"ngg_post_thumbnail":0,"footnotes":""},"categories":[24],"tags":[],"ppma_author":[22576],"class_list":["post-48048","post","type-post","status-publish","format-standard","has-post-thumbnail","hentry","category-primarie"],"acf":[],"yoast_head":"<!-- This site is optimized with the Yoast SEO Premium plugin v25.3 (Yoast SEO v27.4) - https:\/\/yoast.com\/product\/yoast-seo-premium-wordpress\/ -->\n<title>Robert Negoi\u021b\u0103: \u00cen Pia\u021ba Unirii nu s-au schimbat bordurile cu unele noi. Au fost \u00eenlocuite cu prefabricate - Buletin de Bucure\u0219ti<\/title>\n<meta name=\"robots\" content=\"index, follow, max-snippet:-1, max-image-preview:large, max-video-preview:-1\" \/>\n<link rel=\"canonical\" href=\"https:\/\/buletin.de\/bucuresti\/robert-negoita-in-piata-unirii-nu-s-au-schimbat-bordurile-cu-unele-noi-au-fost-inlocuite-cu-prefabricate\/\" \/>\n<meta property=\"og:locale\" content=\"en_GB\" \/>\n<meta property=\"og:type\" content=\"article\" \/>\n<meta property=\"og:title\" content=\"Robert Negoi\u021b\u0103: \u00cen Pia\u021ba Unirii nu s-au schimbat bordurile cu unele noi. Au fost \u00eenlocuite cu prefabricate\" \/>\n<meta property=\"og:description\" content=\"Robert Negoi\u021b\u0103, primarul Sectorului 3, a declarat la o lun\u0103 \u0219i jum\u0103tate de c\u00e2nd au \u00eenceput lucr\u0103rile din Pia\u021ba Unirii c\u0103 nu a montat borduri, ci prefabricate pentru amenajarea spa\u021biilor verzi, lucr\u0103ri care nu au nevoie de avize. Declara\u021biile edilului vin dup\u0103 ce reprezentan\u021bii Prim\u0103riei Capitalei, institu\u021bia care administreaz\u0103 calea rutier\u0103, au declarat c\u0103 nu [&hellip;]\" \/>\n<meta property=\"og:url\" content=\"https:\/\/buletin.de\/bucuresti\/robert-negoita-in-piata-unirii-nu-s-au-schimbat-bordurile-cu-unele-noi-au-fost-inlocuite-cu-prefabricate\/\" \/>\n<meta property=\"og:site_name\" content=\"Buletin de Bucure\u0219ti\" \/>\n<meta property=\"article:publisher\" content=\"https:\/\/www.facebook.com\/buletin.de.buc\" \/>\n<meta property=\"article:published_time\" content=\"2022-11-10T15:18:36+00:00\" \/>\n<meta property=\"article:modified_time\" content=\"2022-11-10T15:18:37+00:00\" \/>\n<meta property=\"og:image\" content=\"https:\/\/buletin.de\/bucuresti\/wp-content\/uploads\/negoita.jpg\" \/>\n\t<meta property=\"og:image:width\" content=\"1728\" \/>\n\t<meta property=\"og:image:height\" content=\"1152\" \/>\n\t<meta property=\"og:image:type\" content=\"image\/jpeg\" \/>\n<meta name=\"author\" content=\"Florin R\u00e2\u0219teiu\" \/>\n<meta name=\"twitter:card\" content=\"summary_large_image\" \/>\n<meta name=\"twitter:label1\" content=\"Written by\" \/>\n\t<meta name=\"twitter:data1\" content=\"Florin R\u00e2\u0219teiu\" \/>\n\t<meta name=\"twitter:label2\" content=\"Estimated reading time\" \/>\n\t<meta name=\"twitter:data2\" content=\"4 minutes\" \/>\n<script type=\"application\/ld+json\" class=\"yoast-schema-graph\">{\"@context\":\"https:\\\/\\\/schema.org\",\"@graph\":[{\"@type\":\"Article\",\"@id\":\"https:\\\/\\\/buletin.de\\\/bucuresti\\\/robert-negoita-in-piata-unirii-nu-s-au-schimbat-bordurile-cu-unele-noi-au-fost-inlocuite-cu-prefabricate\\\/#article\",\"isPartOf\":{\"@id\":\"https:\\\/\\\/buletin.de\\\/bucuresti\\\/robert-negoita-in-piata-unirii-nu-s-au-schimbat-bordurile-cu-unele-noi-au-fost-inlocuite-cu-prefabricate\\\/\"},\"author\":{\"name\":\"Florin R\u00e2\u0219teiu\",\"@id\":\"https:\\\/\\\/buletin.de\\\/bucuresti\\\/#\\\/schema\\\/person\\\/b0686d7a8b666c6afc78239777fd8a89\"},\"headline\":\"Robert Negoi\u021b\u0103: \u00cen Pia\u021ba Unirii nu s-au schimbat bordurile cu unele noi. Au fost \u00eenlocuite cu prefabricate\",\"datePublished\":\"2022-11-10T15:18:36+00:00\",\"dateModified\":\"2022-11-10T15:18:37+00:00\",\"mainEntityOfPage\":{\"@id\":\"https:\\\/\\\/buletin.de\\\/bucuresti\\\/robert-negoita-in-piata-unirii-nu-s-au-schimbat-bordurile-cu-unele-noi-au-fost-inlocuite-cu-prefabricate\\\/\"},\"wordCount\":762,\"publisher\":{\"@id\":\"https:\\\/\\\/buletin.de\\\/bucuresti\\\/#organization\"},\"image\":{\"@id\":\"https:\\\/\\\/buletin.de\\\/bucuresti\\\/robert-negoita-in-piata-unirii-nu-s-au-schimbat-bordurile-cu-unele-noi-au-fost-inlocuite-cu-prefabricate\\\/#primaryimage\"},\"thumbnailUrl\":\"https:\\\/\\\/buletin.de\\\/bucuresti\\\/wp-content\\\/uploads\\\/negoita.jpg\",\"articleSection\":[\"Prim\u0103rie\"],\"inLanguage\":\"en-GB\",\"copyrightYear\":\"2022\",\"copyrightHolder\":{\"@id\":\"https:\\\/\\\/buletin.de\\\/bucuresti\\\/#organization\"}},{\"@type\":\"WebPage\",\"@id\":\"https:\\\/\\\/buletin.de\\\/bucuresti\\\/robert-negoita-in-piata-unirii-nu-s-au-schimbat-bordurile-cu-unele-noi-au-fost-inlocuite-cu-prefabricate\\\/\",\"url\":\"https:\\\/\\\/buletin.de\\\/bucuresti\\\/robert-negoita-in-piata-unirii-nu-s-au-schimbat-bordurile-cu-unele-noi-au-fost-inlocuite-cu-prefabricate\\\/\",\"name\":\"Robert Negoi\u021b\u0103: \u00cen Pia\u021ba Unirii nu s-au schimbat bordurile cu unele noi. Au fost \u00eenlocuite cu prefabricate - Buletin de Bucure\u0219ti\",\"isPartOf\":{\"@id\":\"https:\\\/\\\/buletin.de\\\/bucuresti\\\/#website\"},\"primaryImageOfPage\":{\"@id\":\"https:\\\/\\\/buletin.de\\\/bucuresti\\\/robert-negoita-in-piata-unirii-nu-s-au-schimbat-bordurile-cu-unele-noi-au-fost-inlocuite-cu-prefabricate\\\/#primaryimage\"},\"image\":{\"@id\":\"https:\\\/\\\/buletin.de\\\/bucuresti\\\/robert-negoita-in-piata-unirii-nu-s-au-schimbat-bordurile-cu-unele-noi-au-fost-inlocuite-cu-prefabricate\\\/#primaryimage\"},\"thumbnailUrl\":\"https:\\\/\\\/buletin.de\\\/bucuresti\\\/wp-content\\\/uploads\\\/negoita.jpg\",\"datePublished\":\"2022-11-10T15:18:36+00:00\",\"dateModified\":\"2022-11-10T15:18:37+00:00\",\"breadcrumb\":{\"@id\":\"https:\\\/\\\/buletin.de\\\/bucuresti\\\/robert-negoita-in-piata-unirii-nu-s-au-schimbat-bordurile-cu-unele-noi-au-fost-inlocuite-cu-prefabricate\\\/#breadcrumb\"},\"inLanguage\":\"en-GB\",\"potentialAction\":[{\"@type\":\"ReadAction\",\"target\":[\"https:\\\/\\\/buletin.de\\\/bucuresti\\\/robert-negoita-in-piata-unirii-nu-s-au-schimbat-bordurile-cu-unele-noi-au-fost-inlocuite-cu-prefabricate\\\/\"]}]},{\"@type\":\"ImageObject\",\"inLanguage\":\"en-GB\",\"@id\":\"https:\\\/\\\/buletin.de\\\/bucuresti\\\/robert-negoita-in-piata-unirii-nu-s-au-schimbat-bordurile-cu-unele-noi-au-fost-inlocuite-cu-prefabricate\\\/#primaryimage\",\"url\":\"https:\\\/\\\/buletin.de\\\/bucuresti\\\/wp-content\\\/uploads\\\/negoita.jpg\",\"contentUrl\":\"https:\\\/\\\/buletin.de\\\/bucuresti\\\/wp-content\\\/uploads\\\/negoita.jpg\",\"width\":1728,\"height\":1152,\"caption\":\"Foto: Facebook \\\/ Robert Negoi\u021b\u0103\"},{\"@type\":\"BreadcrumbList\",\"@id\":\"https:\\\/\\\/buletin.de\\\/bucuresti\\\/robert-negoita-in-piata-unirii-nu-s-au-schimbat-bordurile-cu-unele-noi-au-fost-inlocuite-cu-prefabricate\\\/#breadcrumb\",\"itemListElement\":[{\"@type\":\"ListItem\",\"position\":1,\"name\":\"Acas\u0103\",\"item\":\"https:\\\/\\\/buletin.de\\\/bucuresti\\\/\"},{\"@type\":\"ListItem\",\"position\":2,\"name\":\"Robert Negoi\u021b\u0103: \u00cen Pia\u021ba Unirii nu s-au schimbat bordurile cu unele noi. Au fost \u00eenlocuite cu prefabricate\"}]},{\"@type\":\"WebSite\",\"@id\":\"https:\\\/\\\/buletin.de\\\/bucuresti\\\/#website\",\"url\":\"https:\\\/\\\/buletin.de\\\/bucuresti\\\/\",\"name\":\"Buletin de Bucure\u0219ti\",\"description\":\"\u0218tiri \u0219i investiga\u021bii esen\u021biale din capital\u0103\",\"publisher\":{\"@id\":\"https:\\\/\\\/buletin.de\\\/bucuresti\\\/#organization\"},\"potentialAction\":[{\"@type\":\"SearchAction\",\"target\":{\"@type\":\"EntryPoint\",\"urlTemplate\":\"https:\\\/\\\/buletin.de\\\/bucuresti\\\/?s={search_term_string}\"},\"query-input\":{\"@type\":\"PropertyValueSpecification\",\"valueRequired\":true,\"valueName\":\"search_term_string\"}}],\"inLanguage\":\"en-GB\"},{\"@type\":\"Organization\",\"@id\":\"https:\\\/\\\/buletin.de\\\/bucuresti\\\/#organization\",\"name\":\"Buletin de Bucure\u0219ti\",\"url\":\"https:\\\/\\\/buletin.de\\\/bucuresti\\\/\",\"logo\":{\"@type\":\"ImageObject\",\"inLanguage\":\"en-GB\",\"@id\":\"https:\\\/\\\/buletin.de\\\/bucuresti\\\/#\\\/schema\\\/logo\\\/image\\\/\",\"url\":\"https:\\\/\\\/buletin.de\\\/bucuresti\\\/wp-content\\\/uploads\\\/logo-bdb-full-wide-vernil-transparent.png\",\"contentUrl\":\"https:\\\/\\\/buletin.de\\\/bucuresti\\\/wp-content\\\/uploads\\\/logo-bdb-full-wide-vernil-transparent.png\",\"width\":1782,\"height\":626,\"caption\":\"Buletin de Bucure\u0219ti\"},\"image\":{\"@id\":\"https:\\\/\\\/buletin.de\\\/bucuresti\\\/#\\\/schema\\\/logo\\\/image\\\/\"},\"sameAs\":[\"https:\\\/\\\/www.facebook.com\\\/buletin.de.buc\",\"https:\\\/\\\/www.instagram.com\\\/buletinde.bucuresti\\\/\"]},{\"@type\":\"Person\",\"@id\":\"https:\\\/\\\/buletin.de\\\/bucuresti\\\/#\\\/schema\\\/person\\\/b0686d7a8b666c6afc78239777fd8a89\",\"name\":\"Florin R\u00e2\u0219teiu\",\"image\":{\"@type\":\"ImageObject\",\"inLanguage\":\"en-GB\",\"@id\":\"https:\\\/\\\/buletin.de\\\/bucuresti\\\/wp-content\\\/uploads\\\/Florin-Rasteiu-96x96.jpgf0a6fe28453aa12f0a60e4d0a2e3a78c\",\"url\":\"https:\\\/\\\/buletin.de\\\/bucuresti\\\/wp-content\\\/uploads\\\/Florin-Rasteiu-96x96.jpg\",\"contentUrl\":\"https:\\\/\\\/buletin.de\\\/bucuresti\\\/wp-content\\\/uploads\\\/Florin-Rasteiu-96x96.jpg\",\"caption\":\"Florin R\u00e2\u0219teiu\"},\"description\":\"Jurnalist de investiga\u021bie. Lucreaz\u0103 de aproape 6 ani la Buletin de Bucure\u0219ti, unde a publicat articole care scot la suprafa\u021b\u0103 corup\u021bia din Capital\u0103. Analizeaz\u0103 baze de date zilnic \u0219i scoate pove\u0219ti din exceluri pline de cifre. Pune reflectorul pe adev\u0103r cu fiecare ocazie. A c\u00e2\u0219tigat premiul I la categoria Pres\u0103 Local\u0103 \u00een 2025 \u0219i locul al II-lea la aceea\u0219i categorie \u00een 2024 \u00een cadrul Premiilor Superscrieri pentru jurnalism independent.\",\"url\":\"https:\\\/\\\/buletin.de\\\/bucuresti\\\/author\\\/florinrasteiu\\\/\"}]}<\/script>\n<!-- \/ Yoast SEO Premium plugin. -->","yoast_head_json":{"title":"Robert Negoi\u021b\u0103: \u00cen Pia\u021ba Unirii nu s-au schimbat bordurile cu unele noi. Au fost \u00eenlocuite cu prefabricate - Buletin de Bucure\u0219ti","robots":{"index":"index","follow":"follow","max-snippet":"max-snippet:-1","max-image-preview":"max-image-preview:large","max-video-preview":"max-video-preview:-1"},"canonical":"https:\/\/buletin.de\/bucuresti\/robert-negoita-in-piata-unirii-nu-s-au-schimbat-bordurile-cu-unele-noi-au-fost-inlocuite-cu-prefabricate\/","og_locale":"en_GB","og_type":"article","og_title":"Robert Negoi\u021b\u0103: \u00cen Pia\u021ba Unirii nu s-au schimbat bordurile cu unele noi. Au fost \u00eenlocuite cu prefabricate","og_description":"Robert Negoi\u021b\u0103, primarul Sectorului 3, a declarat la o lun\u0103 \u0219i jum\u0103tate de c\u00e2nd au \u00eenceput lucr\u0103rile din Pia\u021ba Unirii c\u0103 nu a montat borduri, ci prefabricate pentru amenajarea spa\u021biilor verzi, lucr\u0103ri care nu au nevoie de avize. Declara\u021biile edilului vin dup\u0103 ce reprezentan\u021bii Prim\u0103riei Capitalei, institu\u021bia care administreaz\u0103 calea rutier\u0103, au declarat c\u0103 nu [&hellip;]","og_url":"https:\/\/buletin.de\/bucuresti\/robert-negoita-in-piata-unirii-nu-s-au-schimbat-bordurile-cu-unele-noi-au-fost-inlocuite-cu-prefabricate\/","og_site_name":"Buletin de Bucure\u0219ti","article_publisher":"https:\/\/www.facebook.com\/buletin.de.buc","article_published_time":"2022-11-10T15:18:36+00:00","article_modified_time":"2022-11-10T15:18:37+00:00","og_image":[{"width":1728,"height":1152,"url":"https:\/\/buletin.de\/bucuresti\/wp-content\/uploads\/negoita.jpg","type":"image\/jpeg"}],"author":"Florin R\u00e2\u0219teiu","twitter_card":"summary_large_image","twitter_misc":{"Written by":"Florin R\u00e2\u0219teiu","Estimated reading time":"4 minutes"},"schema":{"@context":"https:\/\/schema.org","@graph":[{"@type":"Article","@id":"https:\/\/buletin.de\/bucuresti\/robert-negoita-in-piata-unirii-nu-s-au-schimbat-bordurile-cu-unele-noi-au-fost-inlocuite-cu-prefabricate\/#article","isPartOf":{"@id":"https:\/\/buletin.de\/bucuresti\/robert-negoita-in-piata-unirii-nu-s-au-schimbat-bordurile-cu-unele-noi-au-fost-inlocuite-cu-prefabricate\/"},"author":{"name":"Florin R\u00e2\u0219teiu","@id":"https:\/\/buletin.de\/bucuresti\/#\/schema\/person\/b0686d7a8b666c6afc78239777fd8a89"},"headline":"Robert Negoi\u021b\u0103: \u00cen Pia\u021ba Unirii nu s-au schimbat bordurile cu unele noi. Au fost \u00eenlocuite cu prefabricate","datePublished":"2022-11-10T15:18:36+00:00","dateModified":"2022-11-10T15:18:37+00:00","mainEntityOfPage":{"@id":"https:\/\/buletin.de\/bucuresti\/robert-negoita-in-piata-unirii-nu-s-au-schimbat-bordurile-cu-unele-noi-au-fost-inlocuite-cu-prefabricate\/"},"wordCount":762,"publisher":{"@id":"https:\/\/buletin.de\/bucuresti\/#organization"},"image":{"@id":"https:\/\/buletin.de\/bucuresti\/robert-negoita-in-piata-unirii-nu-s-au-schimbat-bordurile-cu-unele-noi-au-fost-inlocuite-cu-prefabricate\/#primaryimage"},"thumbnailUrl":"https:\/\/buletin.de\/bucuresti\/wp-content\/uploads\/negoita.jpg","articleSection":["Prim\u0103rie"],"inLanguage":"en-GB","copyrightYear":"2022","copyrightHolder":{"@id":"https:\/\/buletin.de\/bucuresti\/#organization"}},{"@type":"WebPage","@id":"https:\/\/buletin.de\/bucuresti\/robert-negoita-in-piata-unirii-nu-s-au-schimbat-bordurile-cu-unele-noi-au-fost-inlocuite-cu-prefabricate\/","url":"https:\/\/buletin.de\/bucuresti\/robert-negoita-in-piata-unirii-nu-s-au-schimbat-bordurile-cu-unele-noi-au-fost-inlocuite-cu-prefabricate\/","name":"Robert Negoi\u021b\u0103: \u00cen Pia\u021ba Unirii nu s-au schimbat bordurile cu unele noi. Au fost \u00eenlocuite cu prefabricate - Buletin de Bucure\u0219ti","isPartOf":{"@id":"https:\/\/buletin.de\/bucuresti\/#website"},"primaryImageOfPage":{"@id":"https:\/\/buletin.de\/bucuresti\/robert-negoita-in-piata-unirii-nu-s-au-schimbat-bordurile-cu-unele-noi-au-fost-inlocuite-cu-prefabricate\/#primaryimage"},"image":{"@id":"https:\/\/buletin.de\/bucuresti\/robert-negoita-in-piata-unirii-nu-s-au-schimbat-bordurile-cu-unele-noi-au-fost-inlocuite-cu-prefabricate\/#primaryimage"},"thumbnailUrl":"https:\/\/buletin.de\/bucuresti\/wp-content\/uploads\/negoita.jpg","datePublished":"2022-11-10T15:18:36+00:00","dateModified":"2022-11-10T15:18:37+00:00","breadcrumb":{"@id":"https:\/\/buletin.de\/bucuresti\/robert-negoita-in-piata-unirii-nu-s-au-schimbat-bordurile-cu-unele-noi-au-fost-inlocuite-cu-prefabricate\/#breadcrumb"},"inLanguage":"en-GB","potentialAction":[{"@type":"ReadAction","target":["https:\/\/buletin.de\/bucuresti\/robert-negoita-in-piata-unirii-nu-s-au-schimbat-bordurile-cu-unele-noi-au-fost-inlocuite-cu-prefabricate\/"]}]},{"@type":"ImageObject","inLanguage":"en-GB","@id":"https:\/\/buletin.de\/bucuresti\/robert-negoita-in-piata-unirii-nu-s-au-schimbat-bordurile-cu-unele-noi-au-fost-inlocuite-cu-prefabricate\/#primaryimage","url":"https:\/\/buletin.de\/bucuresti\/wp-content\/uploads\/negoita.jpg","contentUrl":"https:\/\/buletin.de\/bucuresti\/wp-content\/uploads\/negoita.jpg","width":1728,"height":1152,"caption":"Foto: Facebook \/ Robert Negoi\u021b\u0103"},{"@type":"BreadcrumbList","@id":"https:\/\/buletin.de\/bucuresti\/robert-negoita-in-piata-unirii-nu-s-au-schimbat-bordurile-cu-unele-noi-au-fost-inlocuite-cu-prefabricate\/#breadcrumb","itemListElement":[{"@type":"ListItem","position":1,"name":"Acas\u0103","item":"https:\/\/buletin.de\/bucuresti\/"},{"@type":"ListItem","position":2,"name":"Robert Negoi\u021b\u0103: \u00cen Pia\u021ba Unirii nu s-au schimbat bordurile cu unele noi. Au fost \u00eenlocuite cu prefabricate"}]},{"@type":"WebSite","@id":"https:\/\/buletin.de\/bucuresti\/#website","url":"https:\/\/buletin.de\/bucuresti\/","name":"Buletin de Bucure\u0219ti","description":"\u0218tiri \u0219i investiga\u021bii esen\u021biale din capital\u0103","publisher":{"@id":"https:\/\/buletin.de\/bucuresti\/#organization"},"potentialAction":[{"@type":"SearchAction","target":{"@type":"EntryPoint","urlTemplate":"https:\/\/buletin.de\/bucuresti\/?s={search_term_string}"},"query-input":{"@type":"PropertyValueSpecification","valueRequired":true,"valueName":"search_term_string"}}],"inLanguage":"en-GB"},{"@type":"Organization","@id":"https:\/\/buletin.de\/bucuresti\/#organization","name":"Buletin de Bucure\u0219ti","url":"https:\/\/buletin.de\/bucuresti\/","logo":{"@type":"ImageObject","inLanguage":"en-GB","@id":"https:\/\/buletin.de\/bucuresti\/#\/schema\/logo\/image\/","url":"https:\/\/buletin.de\/bucuresti\/wp-content\/uploads\/logo-bdb-full-wide-vernil-transparent.png","contentUrl":"https:\/\/buletin.de\/bucuresti\/wp-content\/uploads\/logo-bdb-full-wide-vernil-transparent.png","width":1782,"height":626,"caption":"Buletin de Bucure\u0219ti"},"image":{"@id":"https:\/\/buletin.de\/bucuresti\/#\/schema\/logo\/image\/"},"sameAs":["https:\/\/www.facebook.com\/buletin.de.buc","https:\/\/www.instagram.com\/buletinde.bucuresti\/"]},{"@type":"Person","@id":"https:\/\/buletin.de\/bucuresti\/#\/schema\/person\/b0686d7a8b666c6afc78239777fd8a89","name":"Florin R\u00e2\u0219teiu","image":{"@type":"ImageObject","inLanguage":"en-GB","@id":"https:\/\/buletin.de\/bucuresti\/wp-content\/uploads\/Florin-Rasteiu-96x96.jpgf0a6fe28453aa12f0a60e4d0a2e3a78c","url":"https:\/\/buletin.de\/bucuresti\/wp-content\/uploads\/Florin-Rasteiu-96x96.jpg","contentUrl":"https:\/\/buletin.de\/bucuresti\/wp-content\/uploads\/Florin-Rasteiu-96x96.jpg","caption":"Florin R\u00e2\u0219teiu"},"description":"Jurnalist de investiga\u021bie. Lucreaz\u0103 de aproape 6 ani la Buletin de Bucure\u0219ti, unde a publicat articole care scot la suprafa\u021b\u0103 corup\u021bia din Capital\u0103. Analizeaz\u0103 baze de date zilnic \u0219i scoate pove\u0219ti din exceluri pline de cifre. Pune reflectorul pe adev\u0103r cu fiecare ocazie. A c\u00e2\u0219tigat premiul I la categoria Pres\u0103 Local\u0103 \u00een 2025 \u0219i locul al II-lea la aceea\u0219i categorie \u00een 2024 \u00een cadrul Premiilor Superscrieri pentru jurnalism independent.","url":"https:\/\/buletin.de\/bucuresti\/author\/florinrasteiu\/"}]}},"authors":[{"term_id":22576,"user_id":17,"is_guest":0,"slug":"florinrasteiu","display_name":"Florin R\u00e2\u0219teiu","avatar_url":"https:\/\/buletin.de\/bucuresti\/wp-content\/uploads\/Florin-Rasteiu-96x96.jpg","0":null,"1":"","2":"","3":"","4":"","5":"","6":"","7":"","8":""}],"_links":{"self":[{"href":"https:\/\/buletin.de\/bucuresti\/wp-json\/wp\/v2\/posts\/48048","targetHints":{"allow":["GET"]}}],"collection":[{"href":"https:\/\/buletin.de\/bucuresti\/wp-json\/wp\/v2\/posts"}],"about":[{"href":"https:\/\/buletin.de\/bucuresti\/wp-json\/wp\/v2\/types\/post"}],"author":[{"embeddable":true,"href":"https:\/\/buletin.de\/bucuresti\/wp-json\/wp\/v2\/users\/17"}],"replies":[{"embeddable":true,"href":"https:\/\/buletin.de\/bucuresti\/wp-json\/wp\/v2\/comments?post=48048"}],"version-history":[{"count":4,"href":"https:\/\/buletin.de\/bucuresti\/wp-json\/wp\/v2\/posts\/48048\/revisions"}],"predecessor-version":[{"id":48060,"href":"https:\/\/buletin.de\/bucuresti\/wp-json\/wp\/v2\/posts\/48048\/revisions\/48060"}],"wp:featuredmedia":[{"embeddable":true,"href":"https:\/\/buletin.de\/bucuresti\/wp-json\/wp\/v2\/media\/42480"}],"wp:attachment":[{"href":"https:\/\/buletin.de\/bucuresti\/wp-json\/wp\/v2\/media?parent=48048"}],"wp:term":[{"taxonomy":"category","embeddable":true,"href":"https:\/\/buletin.de\/bucuresti\/wp-json\/wp\/v2\/categories?post=48048"},{"taxonomy":"post_tag","embeddable":true,"href":"https:\/\/buletin.de\/bucuresti\/wp-json\/wp\/v2\/tags?post=48048"},{"taxonomy":"author","embeddable":true,"href":"https:\/\/buletin.de\/bucuresti\/wp-json\/wp\/v2\/ppma_author?post=48048"}],"curies":[{"name":"wp","href":"https:\/\/api.w.org\/{rel}","templated":true}]}}