{"id":48046,"date":"2022-11-10T15:54:21","date_gmt":"2022-11-10T13:54:21","guid":{"rendered":"https:\/\/buletin.de\/bucuresti\/?p=48046"},"modified":"2022-11-10T15:55:28","modified_gmt":"2022-11-10T13:55:28","slug":"patinoarul-flamaropol-unda-verde-pentru-continuarea-lucrarilor-devizul-e-aproape-dublu-fata-de-proiectul-initial","status":"publish","type":"post","link":"https:\/\/buletin.de\/bucuresti\/patinoarul-flamaropol-unda-verde-pentru-continuarea-lucrarilor-devizul-e-aproape-dublu-fata-de-proiectul-initial\/","title":{"rendered":"Patinoarul Flamaropol, und\u0103 verde pentru continuarea lucr\u0103rilor. Devizul e aproape dublu fa\u021b\u0103 de proiectul ini\u021bial"},"content":{"rendered":"\n<p>Consilierii generali au aprobat, ast\u0103zi, noul deviz pentru construc\u021bia patinoarului Flamaropol. Primarul Nicu\u0219or Dan a anun\u021bat, s\u0103pt\u0103m\u00e2na trecut\u0103, c\u0103 expertiza tehnic\u0103 a construc\u021biei a stabilit c\u0103 pot fi continuate lucr\u0103rile. A fost \u00eentocmit \u0219i indicatorii tehnico economici ai viitoarelor lucr\u0103ri care sunt de dou\u0103 ori mai mult fa\u021b\u0103 de cei aproba\u021bi ini\u021bial, \u00een 2013. <\/p>\n\n\n\n<p>Patinoarul ar urma s\u0103 aib\u0103 3.100 de locuri \u0219i o suprafa\u021b\u0103 de 9.500 de metri p\u0103tra\u021bi, iar lucr\u0103rile au fost executate \u00een propor\u021bie de 35%. <\/p>\n\n\n\n<h2 class=\"wp-block-heading\">Primul proiect &#8211; 108,5 milioane de lei f\u0103r\u0103 TVA<\/h2>\n\n\n\n<p>\u00cen  2013, proiectul de <em>Refacere \u0219i modernizare a patinoarului artficial Mihai Flamaropol \u0219i realizarea de spa\u021bii adiacente<\/em> a ajuns pe masa consilierilor locali.<\/p>\n\n\n\n<p>Investi\u021bia, estimat\u0103 la 108.5 milioane de lei, prevedea pe l\u00e2ng\u0103 patinoar, o sal\u0103 de sport, centru spa, de escalad\u0103, spa\u021bii de comer\u021b \u0219i alimenta\u021bie public\u0103.<\/p>\n\n\n\n<p>Date tehnice generale:<\/p>\n\n\n\n<ul class=\"wp-block-list\"><li>suprafa\u021b\u0103 construita &#8211; 8.555 mp <\/li><li>nivel \u00een\u0103l\u021bime constructie &#8211; Corp 1 S+P+3, Corp 2-S+P &#8211; <\/li><li>suprafa\u021b\u0103 construit\u0103 dest\u0101\u015furat\u0103 &#8211; 22.615 mp <\/li><li>suprafat\u0103 \u00eenvelitoare teras\u0103 pietonal\u0103, amenajare parc+skate park -9000 mp, din care 7000 mp spatii verzi <\/li><\/ul>\n\n\n\n<p>Capacit\u0103\u021bi:<\/p>\n\n\n\n<ul class=\"wp-block-list\"><li>numar locuri patinoar: 3100, inclusiv VIP <\/li><li>num\u0103r locuri parcare: 77 public \/ 31 sportivi si VIP <\/li><li>capacitate centru spa: 1200 clien\u021bi\/zi<\/li><\/ul>\n\n\n\n<p>Contractul a ajuns la asocierea firmelor Astaldi-Uti \u0219i \u00een 2016 au \u00eenceput lucr\u0103rile iar termenul de execu\u021bie era de 24 de luni. <\/p>\n\n\n\n<p>\u00cen 2019, din cauza \u00eent\u00e2rzierilor majore \u00eenregistrate de constructor, contractul este denun\u021bat \u0219i investi\u021bia blocat\u0103. <\/p>\n\n\n\n<h2 class=\"wp-block-heading\">Al doilea proiect, 191.5 milioane, f\u0103r\u0103 TVA<\/h2>\n\n\n\n<p>\u00cen octombrie, Nicu\u0219or Dan a anun\u021bat c\u0103 a fost finalizat\u0103 expertiza tehnic\u0103 pentru patinoarul artificial Mihai Flamaropol \u0219i c\u0103 exist\u0103 variante pentru continuarea \u0219antierului: schimbarea unor elemente metalice din structura acoperi\u0219ului, repararea acestora sau schimbarea func\u021bionalit\u0103\u021bii terasei de pe Arena Sportiv\u0103 prin eliminarea pl\u0103cii de beton armat \u0219i \u00eenlocuirea acestuia cu un alt tip de material<strong>.<\/strong><\/p>\n\n\n\n<p>A fost aleas\u0103 varianta a doua, a consolid\u0103rii fermelor metalice in situ la acoperi\u0219 \u0219i un prestator de servicii a \u00eentocmit un deviz general actualizat.<\/p>\n\n\n\n<p>Investi\u021bia total\u0103, incluz\u00e2nd lucr\u0103rile deja executate, va costa 191.5 milioane de lei, aproape dublu dec\u00e2t acum 9 ani. Termenul de execu\u021bie a lucr\u0103rilor ar urma s\u0103 fie tot de 24 de luni.<\/p>\n\n\n\n<p>Odat\u0103 aproba\u021bi indicatorii tehnico economici, Prim\u0103ria Bucure\u0219ti poate scoate la licita\u021bie contractul de execu\u021bie.<\/p>\n\n\n\n<p><\/p>\n\n\n\n<p><\/p>\n\n\n\n<p><\/p>\n\n\n\n<p><\/p>\n\n\n\n<p><\/p>\n\n\n\n<figure class=\"wp-block-embed is-type-wp-embed is-provider-buletin-de-bucure\u0219ti wp-block-embed-buletin-de-bucure\u0219ti\"><div class=\"wp-block-embed__wrapper\">\n<blockquote class=\"wp-embedded-content\" data-secret=\"JO8CLHwLkA\"><a href=\"https:\/\/buletin.de\/bucuresti\/lucrarile-de-la-patinoarul-artificial-mihai-flamaropol-vor-continua\/\">Lucr\u0103rile de la patinoarul artificial Mihai Flamaropol vor continua<\/a><\/blockquote><iframe class=\"wp-embedded-content\" sandbox=\"allow-scripts\" security=\"restricted\" style=\"position: absolute; clip: rect(1px, 1px, 1px, 1px);\" title=\"&#8222;Lucr\u0103rile de la patinoarul artificial Mihai Flamaropol vor continua&#8221; &#8212; Buletin de Bucure\u0219ti\" src=\"https:\/\/buletin.de\/bucuresti\/lucrarile-de-la-patinoarul-artificial-mihai-flamaropol-vor-continua\/embed\/#?secret=hicuS9VrPp#?secret=JO8CLHwLkA\" data-secret=\"JO8CLHwLkA\" width=\"600\" height=\"338\" frameborder=\"0\" marginwidth=\"0\" marginheight=\"0\" scrolling=\"no\"><\/iframe>\n<\/div><\/figure>\n\n\n\n<p><\/p>\n\n\n\n<p><\/p>\n","protected":false},"excerpt":{"rendered":"<p>Consilierii generali au aprobat, ast\u0103zi, noul deviz pentru construc\u021bia patinoarului Flamaropol. Primarul Nicu\u0219or Dan a anun\u021bat, s\u0103pt\u0103m\u00e2na trecut\u0103, c\u0103 expertiza tehnic\u0103 a construc\u021biei a stabilit c\u0103 pot fi continuate lucr\u0103rile. A fost \u00eentocmit \u0219i indicatorii tehnico economici ai viitoarelor lucr\u0103ri care sunt de dou\u0103 ori mai mult fa\u021b\u0103 de cei aproba\u021bi ini\u021bial, \u00een 2013. Patinoarul [&hellip;]<\/p>\n","protected":false},"author":18,"featured_media":47822,"comment_status":"closed","ping_status":"open","sticky":false,"template":"","format":"standard","meta":{"_acf_changed":false,"inline_featured_image":false,"ngg_post_thumbnail":0,"footnotes":""},"categories":[62],"tags":[9,4729,439],"ppma_author":[22579],"class_list":["post-48046","post","type-post","status-publish","format-standard","has-post-thumbnail","hentry","category-stiri","tag-bucuresti","tag-flamaropol","tag-lucrari"],"acf":[],"yoast_head":"<!-- This site is optimized with the Yoast SEO Premium plugin v25.3 (Yoast SEO v27.4) - https:\/\/yoast.com\/product\/yoast-seo-premium-wordpress\/ -->\n<title>Patinoarul Flamaropol, und\u0103 verde pentru continuarea lucr\u0103rilor. Devizul e aproape dublu fa\u021b\u0103 de proiectul ini\u021bial - Buletin de Bucure\u0219ti<\/title>\n<meta name=\"robots\" content=\"index, follow, max-snippet:-1, max-image-preview:large, max-video-preview:-1\" \/>\n<link rel=\"canonical\" href=\"https:\/\/buletin.de\/bucuresti\/patinoarul-flamaropol-unda-verde-pentru-continuarea-lucrarilor-devizul-e-aproape-dublu-fata-de-proiectul-initial\/\" \/>\n<meta property=\"og:locale\" content=\"en_GB\" \/>\n<meta property=\"og:type\" content=\"article\" \/>\n<meta property=\"og:title\" content=\"Patinoarul Flamaropol, und\u0103 verde pentru continuarea lucr\u0103rilor. Devizul e aproape dublu fa\u021b\u0103 de proiectul ini\u021bial\" \/>\n<meta property=\"og:description\" content=\"Consilierii generali au aprobat, ast\u0103zi, noul deviz pentru construc\u021bia patinoarului Flamaropol. Primarul Nicu\u0219or Dan a anun\u021bat, s\u0103pt\u0103m\u00e2na trecut\u0103, c\u0103 expertiza tehnic\u0103 a construc\u021biei a stabilit c\u0103 pot fi continuate lucr\u0103rile. A fost \u00eentocmit \u0219i indicatorii tehnico economici ai viitoarelor lucr\u0103ri care sunt de dou\u0103 ori mai mult fa\u021b\u0103 de cei aproba\u021bi ini\u021bial, \u00een 2013. Patinoarul [&hellip;]\" \/>\n<meta property=\"og:url\" content=\"https:\/\/buletin.de\/bucuresti\/patinoarul-flamaropol-unda-verde-pentru-continuarea-lucrarilor-devizul-e-aproape-dublu-fata-de-proiectul-initial\/\" \/>\n<meta property=\"og:site_name\" content=\"Buletin de Bucure\u0219ti\" \/>\n<meta property=\"article:publisher\" content=\"https:\/\/www.facebook.com\/buletin.de.buc\" \/>\n<meta property=\"article:published_time\" content=\"2022-11-10T13:54:21+00:00\" \/>\n<meta property=\"article:modified_time\" content=\"2022-11-10T13:55:28+00:00\" \/>\n<meta property=\"og:image\" content=\"https:\/\/buletin.de\/bucuresti\/wp-content\/uploads\/313871848_663846458425105_6146515725679331422_n.jpeg\" \/>\n\t<meta property=\"og:image:width\" content=\"1600\" \/>\n\t<meta property=\"og:image:height\" content=\"900\" \/>\n\t<meta property=\"og:image:type\" content=\"image\/jpeg\" \/>\n<meta name=\"author\" content=\"Teodora Stroe\" \/>\n<meta name=\"twitter:card\" content=\"summary_large_image\" \/>\n<meta name=\"twitter:label1\" content=\"Written by\" \/>\n\t<meta name=\"twitter:data1\" content=\"Teodora Stroe\" \/>\n\t<meta name=\"twitter:label2\" content=\"Estimated reading time\" \/>\n\t<meta name=\"twitter:data2\" content=\"2 minutes\" \/>\n<script type=\"application\/ld+json\" class=\"yoast-schema-graph\">{\"@context\":\"https:\\\/\\\/schema.org\",\"@graph\":[{\"@type\":\"Article\",\"@id\":\"https:\\\/\\\/buletin.de\\\/bucuresti\\\/patinoarul-flamaropol-unda-verde-pentru-continuarea-lucrarilor-devizul-e-aproape-dublu-fata-de-proiectul-initial\\\/#article\",\"isPartOf\":{\"@id\":\"https:\\\/\\\/buletin.de\\\/bucuresti\\\/patinoarul-flamaropol-unda-verde-pentru-continuarea-lucrarilor-devizul-e-aproape-dublu-fata-de-proiectul-initial\\\/\"},\"author\":{\"name\":\"Teodora Stroe\",\"@id\":\"https:\\\/\\\/buletin.de\\\/bucuresti\\\/#\\\/schema\\\/person\\\/d369d7ddc775abece205795e0b804614\"},\"headline\":\"Patinoarul Flamaropol, und\u0103 verde pentru continuarea lucr\u0103rilor. Devizul e aproape dublu fa\u021b\u0103 de proiectul ini\u021bial\",\"datePublished\":\"2022-11-10T13:54:21+00:00\",\"dateModified\":\"2022-11-10T13:55:28+00:00\",\"mainEntityOfPage\":{\"@id\":\"https:\\\/\\\/buletin.de\\\/bucuresti\\\/patinoarul-flamaropol-unda-verde-pentru-continuarea-lucrarilor-devizul-e-aproape-dublu-fata-de-proiectul-initial\\\/\"},\"wordCount\":423,\"publisher\":{\"@id\":\"https:\\\/\\\/buletin.de\\\/bucuresti\\\/#organization\"},\"image\":{\"@id\":\"https:\\\/\\\/buletin.de\\\/bucuresti\\\/patinoarul-flamaropol-unda-verde-pentru-continuarea-lucrarilor-devizul-e-aproape-dublu-fata-de-proiectul-initial\\\/#primaryimage\"},\"thumbnailUrl\":\"https:\\\/\\\/buletin.de\\\/bucuresti\\\/wp-content\\\/uploads\\\/313871848_663846458425105_6146515725679331422_n.jpeg\",\"keywords\":[\"bucuresti\",\"flamaropol\",\"lucrari\"],\"articleSection\":[\"\u0218tiri\"],\"inLanguage\":\"en-GB\",\"copyrightYear\":\"2022\",\"copyrightHolder\":{\"@id\":\"https:\\\/\\\/buletin.de\\\/bucuresti\\\/#organization\"}},{\"@type\":\"WebPage\",\"@id\":\"https:\\\/\\\/buletin.de\\\/bucuresti\\\/patinoarul-flamaropol-unda-verde-pentru-continuarea-lucrarilor-devizul-e-aproape-dublu-fata-de-proiectul-initial\\\/\",\"url\":\"https:\\\/\\\/buletin.de\\\/bucuresti\\\/patinoarul-flamaropol-unda-verde-pentru-continuarea-lucrarilor-devizul-e-aproape-dublu-fata-de-proiectul-initial\\\/\",\"name\":\"Patinoarul Flamaropol, und\u0103 verde pentru continuarea lucr\u0103rilor. Devizul e aproape dublu fa\u021b\u0103 de proiectul ini\u021bial - Buletin de Bucure\u0219ti\",\"isPartOf\":{\"@id\":\"https:\\\/\\\/buletin.de\\\/bucuresti\\\/#website\"},\"primaryImageOfPage\":{\"@id\":\"https:\\\/\\\/buletin.de\\\/bucuresti\\\/patinoarul-flamaropol-unda-verde-pentru-continuarea-lucrarilor-devizul-e-aproape-dublu-fata-de-proiectul-initial\\\/#primaryimage\"},\"image\":{\"@id\":\"https:\\\/\\\/buletin.de\\\/bucuresti\\\/patinoarul-flamaropol-unda-verde-pentru-continuarea-lucrarilor-devizul-e-aproape-dublu-fata-de-proiectul-initial\\\/#primaryimage\"},\"thumbnailUrl\":\"https:\\\/\\\/buletin.de\\\/bucuresti\\\/wp-content\\\/uploads\\\/313871848_663846458425105_6146515725679331422_n.jpeg\",\"datePublished\":\"2022-11-10T13:54:21+00:00\",\"dateModified\":\"2022-11-10T13:55:28+00:00\",\"breadcrumb\":{\"@id\":\"https:\\\/\\\/buletin.de\\\/bucuresti\\\/patinoarul-flamaropol-unda-verde-pentru-continuarea-lucrarilor-devizul-e-aproape-dublu-fata-de-proiectul-initial\\\/#breadcrumb\"},\"inLanguage\":\"en-GB\",\"potentialAction\":[{\"@type\":\"ReadAction\",\"target\":[\"https:\\\/\\\/buletin.de\\\/bucuresti\\\/patinoarul-flamaropol-unda-verde-pentru-continuarea-lucrarilor-devizul-e-aproape-dublu-fata-de-proiectul-initial\\\/\"]}]},{\"@type\":\"ImageObject\",\"inLanguage\":\"en-GB\",\"@id\":\"https:\\\/\\\/buletin.de\\\/bucuresti\\\/patinoarul-flamaropol-unda-verde-pentru-continuarea-lucrarilor-devizul-e-aproape-dublu-fata-de-proiectul-initial\\\/#primaryimage\",\"url\":\"https:\\\/\\\/buletin.de\\\/bucuresti\\\/wp-content\\\/uploads\\\/313871848_663846458425105_6146515725679331422_n.jpeg\",\"contentUrl\":\"https:\\\/\\\/buletin.de\\\/bucuresti\\\/wp-content\\\/uploads\\\/313871848_663846458425105_6146515725679331422_n.jpeg\",\"width\":1600,\"height\":900},{\"@type\":\"BreadcrumbList\",\"@id\":\"https:\\\/\\\/buletin.de\\\/bucuresti\\\/patinoarul-flamaropol-unda-verde-pentru-continuarea-lucrarilor-devizul-e-aproape-dublu-fata-de-proiectul-initial\\\/#breadcrumb\",\"itemListElement\":[{\"@type\":\"ListItem\",\"position\":1,\"name\":\"Acas\u0103\",\"item\":\"https:\\\/\\\/buletin.de\\\/bucuresti\\\/\"},{\"@type\":\"ListItem\",\"position\":2,\"name\":\"Patinoarul Flamaropol, und\u0103 verde pentru continuarea lucr\u0103rilor. Devizul e aproape dublu fa\u021b\u0103 de proiectul ini\u021bial\"}]},{\"@type\":\"WebSite\",\"@id\":\"https:\\\/\\\/buletin.de\\\/bucuresti\\\/#website\",\"url\":\"https:\\\/\\\/buletin.de\\\/bucuresti\\\/\",\"name\":\"Buletin de Bucure\u0219ti\",\"description\":\"\u0218tiri \u0219i investiga\u021bii esen\u021biale din capital\u0103\",\"publisher\":{\"@id\":\"https:\\\/\\\/buletin.de\\\/bucuresti\\\/#organization\"},\"potentialAction\":[{\"@type\":\"SearchAction\",\"target\":{\"@type\":\"EntryPoint\",\"urlTemplate\":\"https:\\\/\\\/buletin.de\\\/bucuresti\\\/?s={search_term_string}\"},\"query-input\":{\"@type\":\"PropertyValueSpecification\",\"valueRequired\":true,\"valueName\":\"search_term_string\"}}],\"inLanguage\":\"en-GB\"},{\"@type\":\"Organization\",\"@id\":\"https:\\\/\\\/buletin.de\\\/bucuresti\\\/#organization\",\"name\":\"Buletin de Bucure\u0219ti\",\"url\":\"https:\\\/\\\/buletin.de\\\/bucuresti\\\/\",\"logo\":{\"@type\":\"ImageObject\",\"inLanguage\":\"en-GB\",\"@id\":\"https:\\\/\\\/buletin.de\\\/bucuresti\\\/#\\\/schema\\\/logo\\\/image\\\/\",\"url\":\"https:\\\/\\\/buletin.de\\\/bucuresti\\\/wp-content\\\/uploads\\\/logo-bdb-full-wide-vernil-transparent.png\",\"contentUrl\":\"https:\\\/\\\/buletin.de\\\/bucuresti\\\/wp-content\\\/uploads\\\/logo-bdb-full-wide-vernil-transparent.png\",\"width\":1782,\"height\":626,\"caption\":\"Buletin de Bucure\u0219ti\"},\"image\":{\"@id\":\"https:\\\/\\\/buletin.de\\\/bucuresti\\\/#\\\/schema\\\/logo\\\/image\\\/\"},\"sameAs\":[\"https:\\\/\\\/www.facebook.com\\\/buletin.de.buc\",\"https:\\\/\\\/www.instagram.com\\\/buletinde.bucuresti\\\/\"]},{\"@type\":\"Person\",\"@id\":\"https:\\\/\\\/buletin.de\\\/bucuresti\\\/#\\\/schema\\\/person\\\/d369d7ddc775abece205795e0b804614\",\"name\":\"Teodora Stroe\",\"image\":{\"@type\":\"ImageObject\",\"inLanguage\":\"en-GB\",\"@id\":\"https:\\\/\\\/secure.gravatar.com\\\/avatar\\\/2560b4cd9f5f1bc100b123158e657d75584bd1c3e1d9c69285720b9457c1b78d?s=96&d=monsterid&r=gc104800242ba5f2d78dd5d7dc4df08b6\",\"url\":\"https:\\\/\\\/secure.gravatar.com\\\/avatar\\\/2560b4cd9f5f1bc100b123158e657d75584bd1c3e1d9c69285720b9457c1b78d?s=96&d=monsterid&r=g\",\"contentUrl\":\"https:\\\/\\\/secure.gravatar.com\\\/avatar\\\/2560b4cd9f5f1bc100b123158e657d75584bd1c3e1d9c69285720b9457c1b78d?s=96&d=monsterid&r=g\",\"caption\":\"Teodora Stroe\"},\"url\":\"https:\\\/\\\/buletin.de\\\/bucuresti\\\/author\\\/simonacarlugea\\\/\"}]}<\/script>\n<!-- \/ Yoast SEO Premium plugin. -->","yoast_head_json":{"title":"Patinoarul Flamaropol, und\u0103 verde pentru continuarea lucr\u0103rilor. Devizul e aproape dublu fa\u021b\u0103 de proiectul ini\u021bial - Buletin de Bucure\u0219ti","robots":{"index":"index","follow":"follow","max-snippet":"max-snippet:-1","max-image-preview":"max-image-preview:large","max-video-preview":"max-video-preview:-1"},"canonical":"https:\/\/buletin.de\/bucuresti\/patinoarul-flamaropol-unda-verde-pentru-continuarea-lucrarilor-devizul-e-aproape-dublu-fata-de-proiectul-initial\/","og_locale":"en_GB","og_type":"article","og_title":"Patinoarul Flamaropol, und\u0103 verde pentru continuarea lucr\u0103rilor. Devizul e aproape dublu fa\u021b\u0103 de proiectul ini\u021bial","og_description":"Consilierii generali au aprobat, ast\u0103zi, noul deviz pentru construc\u021bia patinoarului Flamaropol. Primarul Nicu\u0219or Dan a anun\u021bat, s\u0103pt\u0103m\u00e2na trecut\u0103, c\u0103 expertiza tehnic\u0103 a construc\u021biei a stabilit c\u0103 pot fi continuate lucr\u0103rile. A fost \u00eentocmit \u0219i indicatorii tehnico economici ai viitoarelor lucr\u0103ri care sunt de dou\u0103 ori mai mult fa\u021b\u0103 de cei aproba\u021bi ini\u021bial, \u00een 2013. Patinoarul [&hellip;]","og_url":"https:\/\/buletin.de\/bucuresti\/patinoarul-flamaropol-unda-verde-pentru-continuarea-lucrarilor-devizul-e-aproape-dublu-fata-de-proiectul-initial\/","og_site_name":"Buletin de Bucure\u0219ti","article_publisher":"https:\/\/www.facebook.com\/buletin.de.buc","article_published_time":"2022-11-10T13:54:21+00:00","article_modified_time":"2022-11-10T13:55:28+00:00","og_image":[{"width":1600,"height":900,"url":"https:\/\/buletin.de\/bucuresti\/wp-content\/uploads\/313871848_663846458425105_6146515725679331422_n.jpeg","type":"image\/jpeg"}],"author":"Teodora Stroe","twitter_card":"summary_large_image","twitter_misc":{"Written by":"Teodora Stroe","Estimated reading time":"2 minutes"},"schema":{"@context":"https:\/\/schema.org","@graph":[{"@type":"Article","@id":"https:\/\/buletin.de\/bucuresti\/patinoarul-flamaropol-unda-verde-pentru-continuarea-lucrarilor-devizul-e-aproape-dublu-fata-de-proiectul-initial\/#article","isPartOf":{"@id":"https:\/\/buletin.de\/bucuresti\/patinoarul-flamaropol-unda-verde-pentru-continuarea-lucrarilor-devizul-e-aproape-dublu-fata-de-proiectul-initial\/"},"author":{"name":"Teodora Stroe","@id":"https:\/\/buletin.de\/bucuresti\/#\/schema\/person\/d369d7ddc775abece205795e0b804614"},"headline":"Patinoarul Flamaropol, und\u0103 verde pentru continuarea lucr\u0103rilor. Devizul e aproape dublu fa\u021b\u0103 de proiectul ini\u021bial","datePublished":"2022-11-10T13:54:21+00:00","dateModified":"2022-11-10T13:55:28+00:00","mainEntityOfPage":{"@id":"https:\/\/buletin.de\/bucuresti\/patinoarul-flamaropol-unda-verde-pentru-continuarea-lucrarilor-devizul-e-aproape-dublu-fata-de-proiectul-initial\/"},"wordCount":423,"publisher":{"@id":"https:\/\/buletin.de\/bucuresti\/#organization"},"image":{"@id":"https:\/\/buletin.de\/bucuresti\/patinoarul-flamaropol-unda-verde-pentru-continuarea-lucrarilor-devizul-e-aproape-dublu-fata-de-proiectul-initial\/#primaryimage"},"thumbnailUrl":"https:\/\/buletin.de\/bucuresti\/wp-content\/uploads\/313871848_663846458425105_6146515725679331422_n.jpeg","keywords":["bucuresti","flamaropol","lucrari"],"articleSection":["\u0218tiri"],"inLanguage":"en-GB","copyrightYear":"2022","copyrightHolder":{"@id":"https:\/\/buletin.de\/bucuresti\/#organization"}},{"@type":"WebPage","@id":"https:\/\/buletin.de\/bucuresti\/patinoarul-flamaropol-unda-verde-pentru-continuarea-lucrarilor-devizul-e-aproape-dublu-fata-de-proiectul-initial\/","url":"https:\/\/buletin.de\/bucuresti\/patinoarul-flamaropol-unda-verde-pentru-continuarea-lucrarilor-devizul-e-aproape-dublu-fata-de-proiectul-initial\/","name":"Patinoarul Flamaropol, und\u0103 verde pentru continuarea lucr\u0103rilor. Devizul e aproape dublu fa\u021b\u0103 de proiectul ini\u021bial - Buletin de Bucure\u0219ti","isPartOf":{"@id":"https:\/\/buletin.de\/bucuresti\/#website"},"primaryImageOfPage":{"@id":"https:\/\/buletin.de\/bucuresti\/patinoarul-flamaropol-unda-verde-pentru-continuarea-lucrarilor-devizul-e-aproape-dublu-fata-de-proiectul-initial\/#primaryimage"},"image":{"@id":"https:\/\/buletin.de\/bucuresti\/patinoarul-flamaropol-unda-verde-pentru-continuarea-lucrarilor-devizul-e-aproape-dublu-fata-de-proiectul-initial\/#primaryimage"},"thumbnailUrl":"https:\/\/buletin.de\/bucuresti\/wp-content\/uploads\/313871848_663846458425105_6146515725679331422_n.jpeg","datePublished":"2022-11-10T13:54:21+00:00","dateModified":"2022-11-10T13:55:28+00:00","breadcrumb":{"@id":"https:\/\/buletin.de\/bucuresti\/patinoarul-flamaropol-unda-verde-pentru-continuarea-lucrarilor-devizul-e-aproape-dublu-fata-de-proiectul-initial\/#breadcrumb"},"inLanguage":"en-GB","potentialAction":[{"@type":"ReadAction","target":["https:\/\/buletin.de\/bucuresti\/patinoarul-flamaropol-unda-verde-pentru-continuarea-lucrarilor-devizul-e-aproape-dublu-fata-de-proiectul-initial\/"]}]},{"@type":"ImageObject","inLanguage":"en-GB","@id":"https:\/\/buletin.de\/bucuresti\/patinoarul-flamaropol-unda-verde-pentru-continuarea-lucrarilor-devizul-e-aproape-dublu-fata-de-proiectul-initial\/#primaryimage","url":"https:\/\/buletin.de\/bucuresti\/wp-content\/uploads\/313871848_663846458425105_6146515725679331422_n.jpeg","contentUrl":"https:\/\/buletin.de\/bucuresti\/wp-content\/uploads\/313871848_663846458425105_6146515725679331422_n.jpeg","width":1600,"height":900},{"@type":"BreadcrumbList","@id":"https:\/\/buletin.de\/bucuresti\/patinoarul-flamaropol-unda-verde-pentru-continuarea-lucrarilor-devizul-e-aproape-dublu-fata-de-proiectul-initial\/#breadcrumb","itemListElement":[{"@type":"ListItem","position":1,"name":"Acas\u0103","item":"https:\/\/buletin.de\/bucuresti\/"},{"@type":"ListItem","position":2,"name":"Patinoarul Flamaropol, und\u0103 verde pentru continuarea lucr\u0103rilor. Devizul e aproape dublu fa\u021b\u0103 de proiectul ini\u021bial"}]},{"@type":"WebSite","@id":"https:\/\/buletin.de\/bucuresti\/#website","url":"https:\/\/buletin.de\/bucuresti\/","name":"Buletin de Bucure\u0219ti","description":"\u0218tiri \u0219i investiga\u021bii esen\u021biale din capital\u0103","publisher":{"@id":"https:\/\/buletin.de\/bucuresti\/#organization"},"potentialAction":[{"@type":"SearchAction","target":{"@type":"EntryPoint","urlTemplate":"https:\/\/buletin.de\/bucuresti\/?s={search_term_string}"},"query-input":{"@type":"PropertyValueSpecification","valueRequired":true,"valueName":"search_term_string"}}],"inLanguage":"en-GB"},{"@type":"Organization","@id":"https:\/\/buletin.de\/bucuresti\/#organization","name":"Buletin de Bucure\u0219ti","url":"https:\/\/buletin.de\/bucuresti\/","logo":{"@type":"ImageObject","inLanguage":"en-GB","@id":"https:\/\/buletin.de\/bucuresti\/#\/schema\/logo\/image\/","url":"https:\/\/buletin.de\/bucuresti\/wp-content\/uploads\/logo-bdb-full-wide-vernil-transparent.png","contentUrl":"https:\/\/buletin.de\/bucuresti\/wp-content\/uploads\/logo-bdb-full-wide-vernil-transparent.png","width":1782,"height":626,"caption":"Buletin de Bucure\u0219ti"},"image":{"@id":"https:\/\/buletin.de\/bucuresti\/#\/schema\/logo\/image\/"},"sameAs":["https:\/\/www.facebook.com\/buletin.de.buc","https:\/\/www.instagram.com\/buletinde.bucuresti\/"]},{"@type":"Person","@id":"https:\/\/buletin.de\/bucuresti\/#\/schema\/person\/d369d7ddc775abece205795e0b804614","name":"Teodora Stroe","image":{"@type":"ImageObject","inLanguage":"en-GB","@id":"https:\/\/secure.gravatar.com\/avatar\/2560b4cd9f5f1bc100b123158e657d75584bd1c3e1d9c69285720b9457c1b78d?s=96&d=monsterid&r=gc104800242ba5f2d78dd5d7dc4df08b6","url":"https:\/\/secure.gravatar.com\/avatar\/2560b4cd9f5f1bc100b123158e657d75584bd1c3e1d9c69285720b9457c1b78d?s=96&d=monsterid&r=g","contentUrl":"https:\/\/secure.gravatar.com\/avatar\/2560b4cd9f5f1bc100b123158e657d75584bd1c3e1d9c69285720b9457c1b78d?s=96&d=monsterid&r=g","caption":"Teodora Stroe"},"url":"https:\/\/buletin.de\/bucuresti\/author\/simonacarlugea\/"}]}},"authors":[{"term_id":22579,"user_id":18,"is_guest":0,"slug":"simonacarlugea","display_name":"Teodora Stroe","avatar_url":"https:\/\/secure.gravatar.com\/avatar\/2560b4cd9f5f1bc100b123158e657d75584bd1c3e1d9c69285720b9457c1b78d?s=96&d=monsterid&r=g","0":null,"1":"","2":"","3":"","4":"","5":"","6":"","7":"","8":""}],"_links":{"self":[{"href":"https:\/\/buletin.de\/bucuresti\/wp-json\/wp\/v2\/posts\/48046","targetHints":{"allow":["GET"]}}],"collection":[{"href":"https:\/\/buletin.de\/bucuresti\/wp-json\/wp\/v2\/posts"}],"about":[{"href":"https:\/\/buletin.de\/bucuresti\/wp-json\/wp\/v2\/types\/post"}],"author":[{"embeddable":true,"href":"https:\/\/buletin.de\/bucuresti\/wp-json\/wp\/v2\/users\/18"}],"replies":[{"embeddable":true,"href":"https:\/\/buletin.de\/bucuresti\/wp-json\/wp\/v2\/comments?post=48046"}],"version-history":[{"count":5,"href":"https:\/\/buletin.de\/bucuresti\/wp-json\/wp\/v2\/posts\/48046\/revisions"}],"predecessor-version":[{"id":48053,"href":"https:\/\/buletin.de\/bucuresti\/wp-json\/wp\/v2\/posts\/48046\/revisions\/48053"}],"wp:featuredmedia":[{"embeddable":true,"href":"https:\/\/buletin.de\/bucuresti\/wp-json\/wp\/v2\/media\/47822"}],"wp:attachment":[{"href":"https:\/\/buletin.de\/bucuresti\/wp-json\/wp\/v2\/media?parent=48046"}],"wp:term":[{"taxonomy":"category","embeddable":true,"href":"https:\/\/buletin.de\/bucuresti\/wp-json\/wp\/v2\/categories?post=48046"},{"taxonomy":"post_tag","embeddable":true,"href":"https:\/\/buletin.de\/bucuresti\/wp-json\/wp\/v2\/tags?post=48046"},{"taxonomy":"author","embeddable":true,"href":"https:\/\/buletin.de\/bucuresti\/wp-json\/wp\/v2\/ppma_author?post=48046"}],"curies":[{"name":"wp","href":"https:\/\/api.w.org\/{rel}","templated":true}]}}