{"id":48038,"date":"2022-11-10T15:26:11","date_gmt":"2022-11-10T13:26:11","guid":{"rendered":"https:\/\/buletin.de\/bucuresti\/?p=48038"},"modified":"2022-11-10T15:26:12","modified_gmt":"2022-11-10T13:26:12","slug":"targul-de-craciun-din-parcul-drumul-taberei-va-avea-patinoar-60-de-casute-si-o-roata-de-33-de-metri-inaltime","status":"publish","type":"post","link":"https:\/\/buletin.de\/bucuresti\/targul-de-craciun-din-parcul-drumul-taberei-va-avea-patinoar-60-de-casute-si-o-roata-de-33-de-metri-inaltime\/","title":{"rendered":"T\u00e2rgul de Cr\u0103ciun din Parcul Drumul Taberei va avea patinoar, 60 de c\u0103su\u021be \u0219i o roat\u0103 de 33 de metri \u00een\u0103l\u021bime"},"content":{"rendered":"\n<p><strong>T\u00e2rgul de Cr\u0103ciun din Parcul Drumul Taberei, \u201eWest Side Christmas Market\u201d, \u00ee\u0219i va deschide por\u021bile \u00een mai pu\u021bin de trei s\u0103pt\u0103m\u00e2ni, pe 25 noiembrie iar accesul va fi gratuit. Organizatorul, UNTOLD Universe, a anun\u021bat c\u0103 \u00een t\u00e2rg vor fi instalate o roat\u0103 de 33 de metri \u00een\u0103l\u021bime, un carusel, un patinoar de 660 mp \u0219i nu mai pu\u021bin de 60 de c\u0103su\u021be de unde pot fi cump\u0103rate cadouri, m\u00e2ncare \u0219i b\u0103uturi specifice sezonului rece. <\/strong><\/p>\n\n\n\n<blockquote class=\"wp-block-quote is-layout-flow wp-block-quote-is-layout-flow\"><p><em>&nbsp;\u00cei ajut\u0103m pe organizatori cu tot ce este nevoie, desigur, nu l\u0103s\u0103m toat\u0103 povara pe ei. T\u00e2rgul se va autofinan\u021ba, va aduce bani la buget. Totul e g\u00e2ndit ca s\u0103 ias\u0103 bine. Am emo\u021bii! E prima dat\u0103 c\u00e2nd se organzieaz\u0103 a\u0219a ceva \u00een Rom\u00e2nia<\/em>. <\/p><cite>A declara Ciprian Ciucu, primarul Sectorului 6<\/cite><\/blockquote>\n\n\n\n<figure class=\"wp-block-gallery has-nested-images columns-default is-cropped wp-block-gallery-1 is-layout-flex wp-block-gallery-is-layout-flex\">\n<figure class=\"wp-block-image size-large\"><a href=\"https:\/\/buletin.de\/bucuresti\/wp-content\/uploads\/WhatsApp-Image-2022-11-10-at-10.53.28.jpeg\"><img fetchpriority=\"high\" decoding=\"async\" width=\"900\" height=\"506\" data-id=\"48040\" src=\"data:image\/gif;base64,R0lGODlhAQABAAAAACH5BAEKAAEALAAAAAABAAEAAAICTAEAOw==\" data-src=\"https:\/\/buletin.de\/bucuresti\/wp-content\/uploads\/WhatsApp-Image-2022-11-10-at-10.53.28-900x506.jpeg\" alt=\"\" class=\"wp-image-48040 lazyload\" data-sizes=\"auto\" data-srcset=\"https:\/\/buletin.de\/bucuresti\/wp-content\/uploads\/WhatsApp-Image-2022-11-10-at-10.53.28-900x506.jpeg 900w, https:\/\/buletin.de\/bucuresti\/wp-content\/uploads\/WhatsApp-Image-2022-11-10-at-10.53.28-300x169.jpeg 300w, https:\/\/buletin.de\/bucuresti\/wp-content\/uploads\/WhatsApp-Image-2022-11-10-at-10.53.28-768x432.jpeg 768w, https:\/\/buletin.de\/bucuresti\/wp-content\/uploads\/WhatsApp-Image-2022-11-10-at-10.53.28-550x309.jpeg 550w, https:\/\/buletin.de\/bucuresti\/wp-content\/uploads\/WhatsApp-Image-2022-11-10-at-10.53.28-889x500.jpeg 889w, https:\/\/buletin.de\/bucuresti\/wp-content\/uploads\/WhatsApp-Image-2022-11-10-at-10.53.28-600x338.jpeg 600w, https:\/\/buletin.de\/bucuresti\/wp-content\/uploads\/WhatsApp-Image-2022-11-10-at-10.53.28.jpeg 1024w\" sizes=\"(max-width: 900px) 100vw, 900px\" \/><\/a><\/figure>\n\n\n\n<figure class=\"wp-block-image size-large\"><a href=\"https:\/\/buletin.de\/bucuresti\/wp-content\/uploads\/WhatsApp-Image-2022-11-10-at-10.53.28-1.jpeg\"><img decoding=\"async\" width=\"900\" height=\"506\" data-id=\"48041\" src=\"data:image\/gif;base64,R0lGODlhAQABAAAAACH5BAEKAAEALAAAAAABAAEAAAICTAEAOw==\" data-src=\"https:\/\/buletin.de\/bucuresti\/wp-content\/uploads\/WhatsApp-Image-2022-11-10-at-10.53.28-1-900x506.jpeg\" alt=\"\" class=\"wp-image-48041 lazyload\" data-sizes=\"auto\" data-srcset=\"https:\/\/buletin.de\/bucuresti\/wp-content\/uploads\/WhatsApp-Image-2022-11-10-at-10.53.28-1-900x506.jpeg 900w, https:\/\/buletin.de\/bucuresti\/wp-content\/uploads\/WhatsApp-Image-2022-11-10-at-10.53.28-1-300x169.jpeg 300w, https:\/\/buletin.de\/bucuresti\/wp-content\/uploads\/WhatsApp-Image-2022-11-10-at-10.53.28-1-768x432.jpeg 768w, https:\/\/buletin.de\/bucuresti\/wp-content\/uploads\/WhatsApp-Image-2022-11-10-at-10.53.28-1-550x309.jpeg 550w, https:\/\/buletin.de\/bucuresti\/wp-content\/uploads\/WhatsApp-Image-2022-11-10-at-10.53.28-1-889x500.jpeg 889w, https:\/\/buletin.de\/bucuresti\/wp-content\/uploads\/WhatsApp-Image-2022-11-10-at-10.53.28-1-600x338.jpeg 600w, https:\/\/buletin.de\/bucuresti\/wp-content\/uploads\/WhatsApp-Image-2022-11-10-at-10.53.28-1.jpeg 1024w\" sizes=\"(max-width: 900px) 100vw, 900px\" \/><\/a><\/figure>\n<figcaption class=\"blocks-gallery-caption\"><em>Cum va ar\u0103ta T\u00e2rgul de Cr\u0103ciun din Parcul Drumul Taberei. Surs\u0103 Foto: Prim\u0103ria Sectorului 6<\/em><\/figcaption><\/figure>\n\n\n\n<p><\/p>\n\n\n\n<p>\u00cen plus, tot parcul va fi&nbsp; \u00eempodobit cu lumini\u021be, pentru a sim\u021bi cu adev\u0103rat S\u0103rb\u0103torile de Iarn\u0103.&nbsp;Vor fi seri cu muzic\u0103, concerte, dar \u0219i spectacole pentru cei mici, iar intrarea va fi liber\u0103. Programul va fi anun\u021bat \u00een perioada urm\u0103toare at\u00e2t de Prim\u0103ria Sectorului 6, c\u00e2t \u0219i de c\u0103tre organizatori.&nbsp;\u201dUNTOLD Universe presents West Side Christmas Market\u201d se va desf\u0103\u0219ura \u00een cuva lacului secat, ce va fi transformat\u0103 \u00een satul Mo\u0219ului \u0219i al personajelor de basm.<\/p>\n\n\n\n<p>Prim\u0103ria Sectorului 6 a anun\u021bat c\u0103 T\u00e2rgul de Cr\u0103ciun \u201eWest Side Christmas\u201c este finan\u021bat \u00een totalitate din fonduri private, \u00een baza unui contract de \u00eenchiriere de spa\u021biu semnat cu prim\u0103ria conds\u0103 de Ciprian Ciucu.<\/p>\n","protected":false},"excerpt":{"rendered":"<p>T\u00e2rgul de Cr\u0103ciun din Parcul Drumul Taberei, \u201eWest Side Christmas Market\u201d, \u00ee\u0219i va deschide por\u021bile \u00een mai pu\u021bin de trei s\u0103pt\u0103m\u00e2ni, pe 25 noiembrie iar accesul va fi gratuit. Organizatorul, UNTOLD Universe, a anun\u021bat c\u0103 \u00een t\u00e2rg vor fi instalate o roat\u0103 de 33 de metri \u00een\u0103l\u021bime, un carusel, un patinoar de 660 mp \u0219i [&hellip;]<\/p>\n","protected":false},"author":17,"featured_media":48040,"comment_status":"closed","ping_status":"open","sticky":false,"template":"","format":"standard","meta":{"_acf_changed":false,"inline_featured_image":false,"ngg_post_thumbnail":0,"footnotes":""},"categories":[62],"tags":[],"ppma_author":[22576],"class_list":["post-48038","post","type-post","status-publish","format-standard","has-post-thumbnail","hentry","category-stiri"],"acf":[],"yoast_head":"<!-- This site is optimized with the Yoast SEO Premium plugin v25.3 (Yoast SEO v27.4) - https:\/\/yoast.com\/product\/yoast-seo-premium-wordpress\/ -->\n<title>T\u00e2rgul de Cr\u0103ciun din Parcul Drumul Taberei va avea patinoar, 60 de c\u0103su\u021be \u0219i o roat\u0103 de 33 de metri \u00een\u0103l\u021bime - Buletin de Bucure\u0219ti<\/title>\n<meta name=\"robots\" content=\"index, follow, max-snippet:-1, max-image-preview:large, max-video-preview:-1\" \/>\n<link rel=\"canonical\" href=\"https:\/\/buletin.de\/bucuresti\/targul-de-craciun-din-parcul-drumul-taberei-va-avea-patinoar-60-de-casute-si-o-roata-de-33-de-metri-inaltime\/\" \/>\n<meta property=\"og:locale\" content=\"en_GB\" \/>\n<meta property=\"og:type\" content=\"article\" \/>\n<meta property=\"og:title\" content=\"T\u00e2rgul de Cr\u0103ciun din Parcul Drumul Taberei va avea patinoar, 60 de c\u0103su\u021be \u0219i o roat\u0103 de 33 de metri \u00een\u0103l\u021bime\" \/>\n<meta property=\"og:description\" content=\"T\u00e2rgul de Cr\u0103ciun din Parcul Drumul Taberei, \u201eWest Side Christmas Market\u201d, \u00ee\u0219i va deschide por\u021bile \u00een mai pu\u021bin de trei s\u0103pt\u0103m\u00e2ni, pe 25 noiembrie iar accesul va fi gratuit. Organizatorul, UNTOLD Universe, a anun\u021bat c\u0103 \u00een t\u00e2rg vor fi instalate o roat\u0103 de 33 de metri \u00een\u0103l\u021bime, un carusel, un patinoar de 660 mp \u0219i [&hellip;]\" \/>\n<meta property=\"og:url\" content=\"https:\/\/buletin.de\/bucuresti\/targul-de-craciun-din-parcul-drumul-taberei-va-avea-patinoar-60-de-casute-si-o-roata-de-33-de-metri-inaltime\/\" \/>\n<meta property=\"og:site_name\" content=\"Buletin de Bucure\u0219ti\" \/>\n<meta property=\"article:publisher\" content=\"https:\/\/www.facebook.com\/buletin.de.buc\" \/>\n<meta property=\"article:published_time\" content=\"2022-11-10T13:26:11+00:00\" \/>\n<meta property=\"article:modified_time\" content=\"2022-11-10T13:26:12+00:00\" \/>\n<meta property=\"og:image\" content=\"https:\/\/buletin.de\/bucuresti\/wp-content\/uploads\/WhatsApp-Image-2022-11-10-at-10.53.28.jpeg\" \/>\n\t<meta property=\"og:image:width\" content=\"1024\" \/>\n\t<meta property=\"og:image:height\" content=\"576\" \/>\n\t<meta property=\"og:image:type\" content=\"image\/jpeg\" \/>\n<meta name=\"author\" content=\"Florin R\u00e2\u0219teiu\" \/>\n<meta name=\"twitter:card\" content=\"summary_large_image\" \/>\n<meta name=\"twitter:label1\" content=\"Written by\" \/>\n\t<meta name=\"twitter:data1\" content=\"Florin R\u00e2\u0219teiu\" \/>\n\t<meta name=\"twitter:label2\" content=\"Estimated reading time\" \/>\n\t<meta name=\"twitter:data2\" content=\"2 minutes\" \/>\n<script type=\"application\/ld+json\" class=\"yoast-schema-graph\">{\"@context\":\"https:\\\/\\\/schema.org\",\"@graph\":[{\"@type\":\"Article\",\"@id\":\"https:\\\/\\\/buletin.de\\\/bucuresti\\\/targul-de-craciun-din-parcul-drumul-taberei-va-avea-patinoar-60-de-casute-si-o-roata-de-33-de-metri-inaltime\\\/#article\",\"isPartOf\":{\"@id\":\"https:\\\/\\\/buletin.de\\\/bucuresti\\\/targul-de-craciun-din-parcul-drumul-taberei-va-avea-patinoar-60-de-casute-si-o-roata-de-33-de-metri-inaltime\\\/\"},\"author\":{\"name\":\"Florin R\u00e2\u0219teiu\",\"@id\":\"https:\\\/\\\/buletin.de\\\/bucuresti\\\/#\\\/schema\\\/person\\\/b0686d7a8b666c6afc78239777fd8a89\"},\"headline\":\"T\u00e2rgul de Cr\u0103ciun din Parcul Drumul Taberei va avea patinoar, 60 de c\u0103su\u021be \u0219i o roat\u0103 de 33 de metri \u00een\u0103l\u021bime\",\"datePublished\":\"2022-11-10T13:26:11+00:00\",\"dateModified\":\"2022-11-10T13:26:12+00:00\",\"mainEntityOfPage\":{\"@id\":\"https:\\\/\\\/buletin.de\\\/bucuresti\\\/targul-de-craciun-din-parcul-drumul-taberei-va-avea-patinoar-60-de-casute-si-o-roata-de-33-de-metri-inaltime\\\/\"},\"wordCount\":323,\"publisher\":{\"@id\":\"https:\\\/\\\/buletin.de\\\/bucuresti\\\/#organization\"},\"image\":{\"@id\":\"https:\\\/\\\/buletin.de\\\/bucuresti\\\/targul-de-craciun-din-parcul-drumul-taberei-va-avea-patinoar-60-de-casute-si-o-roata-de-33-de-metri-inaltime\\\/#primaryimage\"},\"thumbnailUrl\":\"https:\\\/\\\/buletin.de\\\/bucuresti\\\/wp-content\\\/uploads\\\/WhatsApp-Image-2022-11-10-at-10.53.28.jpeg\",\"articleSection\":[\"\u0218tiri\"],\"inLanguage\":\"en-GB\",\"copyrightYear\":\"2022\",\"copyrightHolder\":{\"@id\":\"https:\\\/\\\/buletin.de\\\/bucuresti\\\/#organization\"}},{\"@type\":\"WebPage\",\"@id\":\"https:\\\/\\\/buletin.de\\\/bucuresti\\\/targul-de-craciun-din-parcul-drumul-taberei-va-avea-patinoar-60-de-casute-si-o-roata-de-33-de-metri-inaltime\\\/\",\"url\":\"https:\\\/\\\/buletin.de\\\/bucuresti\\\/targul-de-craciun-din-parcul-drumul-taberei-va-avea-patinoar-60-de-casute-si-o-roata-de-33-de-metri-inaltime\\\/\",\"name\":\"T\u00e2rgul de Cr\u0103ciun din Parcul Drumul Taberei va avea patinoar, 60 de c\u0103su\u021be \u0219i o roat\u0103 de 33 de metri \u00een\u0103l\u021bime - Buletin de Bucure\u0219ti\",\"isPartOf\":{\"@id\":\"https:\\\/\\\/buletin.de\\\/bucuresti\\\/#website\"},\"primaryImageOfPage\":{\"@id\":\"https:\\\/\\\/buletin.de\\\/bucuresti\\\/targul-de-craciun-din-parcul-drumul-taberei-va-avea-patinoar-60-de-casute-si-o-roata-de-33-de-metri-inaltime\\\/#primaryimage\"},\"image\":{\"@id\":\"https:\\\/\\\/buletin.de\\\/bucuresti\\\/targul-de-craciun-din-parcul-drumul-taberei-va-avea-patinoar-60-de-casute-si-o-roata-de-33-de-metri-inaltime\\\/#primaryimage\"},\"thumbnailUrl\":\"https:\\\/\\\/buletin.de\\\/bucuresti\\\/wp-content\\\/uploads\\\/WhatsApp-Image-2022-11-10-at-10.53.28.jpeg\",\"datePublished\":\"2022-11-10T13:26:11+00:00\",\"dateModified\":\"2022-11-10T13:26:12+00:00\",\"breadcrumb\":{\"@id\":\"https:\\\/\\\/buletin.de\\\/bucuresti\\\/targul-de-craciun-din-parcul-drumul-taberei-va-avea-patinoar-60-de-casute-si-o-roata-de-33-de-metri-inaltime\\\/#breadcrumb\"},\"inLanguage\":\"en-GB\",\"potentialAction\":[{\"@type\":\"ReadAction\",\"target\":[\"https:\\\/\\\/buletin.de\\\/bucuresti\\\/targul-de-craciun-din-parcul-drumul-taberei-va-avea-patinoar-60-de-casute-si-o-roata-de-33-de-metri-inaltime\\\/\"]}]},{\"@type\":\"ImageObject\",\"inLanguage\":\"en-GB\",\"@id\":\"https:\\\/\\\/buletin.de\\\/bucuresti\\\/targul-de-craciun-din-parcul-drumul-taberei-va-avea-patinoar-60-de-casute-si-o-roata-de-33-de-metri-inaltime\\\/#primaryimage\",\"url\":\"https:\\\/\\\/buletin.de\\\/bucuresti\\\/wp-content\\\/uploads\\\/WhatsApp-Image-2022-11-10-at-10.53.28.jpeg\",\"contentUrl\":\"https:\\\/\\\/buletin.de\\\/bucuresti\\\/wp-content\\\/uploads\\\/WhatsApp-Image-2022-11-10-at-10.53.28.jpeg\",\"width\":1024,\"height\":576},{\"@type\":\"BreadcrumbList\",\"@id\":\"https:\\\/\\\/buletin.de\\\/bucuresti\\\/targul-de-craciun-din-parcul-drumul-taberei-va-avea-patinoar-60-de-casute-si-o-roata-de-33-de-metri-inaltime\\\/#breadcrumb\",\"itemListElement\":[{\"@type\":\"ListItem\",\"position\":1,\"name\":\"Acas\u0103\",\"item\":\"https:\\\/\\\/buletin.de\\\/bucuresti\\\/\"},{\"@type\":\"ListItem\",\"position\":2,\"name\":\"T\u00e2rgul de Cr\u0103ciun din Parcul Drumul Taberei va avea patinoar, 60 de c\u0103su\u021be \u0219i o roat\u0103 de 33 de metri \u00een\u0103l\u021bime\"}]},{\"@type\":\"WebSite\",\"@id\":\"https:\\\/\\\/buletin.de\\\/bucuresti\\\/#website\",\"url\":\"https:\\\/\\\/buletin.de\\\/bucuresti\\\/\",\"name\":\"Buletin de Bucure\u0219ti\",\"description\":\"\u0218tiri \u0219i investiga\u021bii esen\u021biale din capital\u0103\",\"publisher\":{\"@id\":\"https:\\\/\\\/buletin.de\\\/bucuresti\\\/#organization\"},\"potentialAction\":[{\"@type\":\"SearchAction\",\"target\":{\"@type\":\"EntryPoint\",\"urlTemplate\":\"https:\\\/\\\/buletin.de\\\/bucuresti\\\/?s={search_term_string}\"},\"query-input\":{\"@type\":\"PropertyValueSpecification\",\"valueRequired\":true,\"valueName\":\"search_term_string\"}}],\"inLanguage\":\"en-GB\"},{\"@type\":\"Organization\",\"@id\":\"https:\\\/\\\/buletin.de\\\/bucuresti\\\/#organization\",\"name\":\"Buletin de Bucure\u0219ti\",\"url\":\"https:\\\/\\\/buletin.de\\\/bucuresti\\\/\",\"logo\":{\"@type\":\"ImageObject\",\"inLanguage\":\"en-GB\",\"@id\":\"https:\\\/\\\/buletin.de\\\/bucuresti\\\/#\\\/schema\\\/logo\\\/image\\\/\",\"url\":\"https:\\\/\\\/buletin.de\\\/bucuresti\\\/wp-content\\\/uploads\\\/logo-bdb-full-wide-vernil-transparent.png\",\"contentUrl\":\"https:\\\/\\\/buletin.de\\\/bucuresti\\\/wp-content\\\/uploads\\\/logo-bdb-full-wide-vernil-transparent.png\",\"width\":1782,\"height\":626,\"caption\":\"Buletin de Bucure\u0219ti\"},\"image\":{\"@id\":\"https:\\\/\\\/buletin.de\\\/bucuresti\\\/#\\\/schema\\\/logo\\\/image\\\/\"},\"sameAs\":[\"https:\\\/\\\/www.facebook.com\\\/buletin.de.buc\",\"https:\\\/\\\/www.instagram.com\\\/buletinde.bucuresti\\\/\"]},{\"@type\":\"Person\",\"@id\":\"https:\\\/\\\/buletin.de\\\/bucuresti\\\/#\\\/schema\\\/person\\\/b0686d7a8b666c6afc78239777fd8a89\",\"name\":\"Florin R\u00e2\u0219teiu\",\"image\":{\"@type\":\"ImageObject\",\"inLanguage\":\"en-GB\",\"@id\":\"https:\\\/\\\/buletin.de\\\/bucuresti\\\/wp-content\\\/uploads\\\/Florin-Rasteiu-96x96.jpgf0a6fe28453aa12f0a60e4d0a2e3a78c\",\"url\":\"https:\\\/\\\/buletin.de\\\/bucuresti\\\/wp-content\\\/uploads\\\/Florin-Rasteiu-96x96.jpg\",\"contentUrl\":\"https:\\\/\\\/buletin.de\\\/bucuresti\\\/wp-content\\\/uploads\\\/Florin-Rasteiu-96x96.jpg\",\"caption\":\"Florin R\u00e2\u0219teiu\"},\"description\":\"Jurnalist de investiga\u021bie. Lucreaz\u0103 de aproape 6 ani la Buletin de Bucure\u0219ti, unde a publicat articole care scot la suprafa\u021b\u0103 corup\u021bia din Capital\u0103. Analizeaz\u0103 baze de date zilnic \u0219i scoate pove\u0219ti din exceluri pline de cifre. Pune reflectorul pe adev\u0103r cu fiecare ocazie. A c\u00e2\u0219tigat premiul I la categoria Pres\u0103 Local\u0103 \u00een 2025 \u0219i locul al II-lea la aceea\u0219i categorie \u00een 2024 \u00een cadrul Premiilor Superscrieri pentru jurnalism independent.\",\"url\":\"https:\\\/\\\/buletin.de\\\/bucuresti\\\/author\\\/florinrasteiu\\\/\"}]}<\/script>\n<!-- \/ Yoast SEO Premium plugin. -->","yoast_head_json":{"title":"T\u00e2rgul de Cr\u0103ciun din Parcul Drumul Taberei va avea patinoar, 60 de c\u0103su\u021be \u0219i o roat\u0103 de 33 de metri \u00een\u0103l\u021bime - Buletin de Bucure\u0219ti","robots":{"index":"index","follow":"follow","max-snippet":"max-snippet:-1","max-image-preview":"max-image-preview:large","max-video-preview":"max-video-preview:-1"},"canonical":"https:\/\/buletin.de\/bucuresti\/targul-de-craciun-din-parcul-drumul-taberei-va-avea-patinoar-60-de-casute-si-o-roata-de-33-de-metri-inaltime\/","og_locale":"en_GB","og_type":"article","og_title":"T\u00e2rgul de Cr\u0103ciun din Parcul Drumul Taberei va avea patinoar, 60 de c\u0103su\u021be \u0219i o roat\u0103 de 33 de metri \u00een\u0103l\u021bime","og_description":"T\u00e2rgul de Cr\u0103ciun din Parcul Drumul Taberei, \u201eWest Side Christmas Market\u201d, \u00ee\u0219i va deschide por\u021bile \u00een mai pu\u021bin de trei s\u0103pt\u0103m\u00e2ni, pe 25 noiembrie iar accesul va fi gratuit. Organizatorul, UNTOLD Universe, a anun\u021bat c\u0103 \u00een t\u00e2rg vor fi instalate o roat\u0103 de 33 de metri \u00een\u0103l\u021bime, un carusel, un patinoar de 660 mp \u0219i [&hellip;]","og_url":"https:\/\/buletin.de\/bucuresti\/targul-de-craciun-din-parcul-drumul-taberei-va-avea-patinoar-60-de-casute-si-o-roata-de-33-de-metri-inaltime\/","og_site_name":"Buletin de Bucure\u0219ti","article_publisher":"https:\/\/www.facebook.com\/buletin.de.buc","article_published_time":"2022-11-10T13:26:11+00:00","article_modified_time":"2022-11-10T13:26:12+00:00","og_image":[{"width":1024,"height":576,"url":"https:\/\/buletin.de\/bucuresti\/wp-content\/uploads\/WhatsApp-Image-2022-11-10-at-10.53.28.jpeg","type":"image\/jpeg"}],"author":"Florin R\u00e2\u0219teiu","twitter_card":"summary_large_image","twitter_misc":{"Written by":"Florin R\u00e2\u0219teiu","Estimated reading time":"2 minutes"},"schema":{"@context":"https:\/\/schema.org","@graph":[{"@type":"Article","@id":"https:\/\/buletin.de\/bucuresti\/targul-de-craciun-din-parcul-drumul-taberei-va-avea-patinoar-60-de-casute-si-o-roata-de-33-de-metri-inaltime\/#article","isPartOf":{"@id":"https:\/\/buletin.de\/bucuresti\/targul-de-craciun-din-parcul-drumul-taberei-va-avea-patinoar-60-de-casute-si-o-roata-de-33-de-metri-inaltime\/"},"author":{"name":"Florin R\u00e2\u0219teiu","@id":"https:\/\/buletin.de\/bucuresti\/#\/schema\/person\/b0686d7a8b666c6afc78239777fd8a89"},"headline":"T\u00e2rgul de Cr\u0103ciun din Parcul Drumul Taberei va avea patinoar, 60 de c\u0103su\u021be \u0219i o roat\u0103 de 33 de metri \u00een\u0103l\u021bime","datePublished":"2022-11-10T13:26:11+00:00","dateModified":"2022-11-10T13:26:12+00:00","mainEntityOfPage":{"@id":"https:\/\/buletin.de\/bucuresti\/targul-de-craciun-din-parcul-drumul-taberei-va-avea-patinoar-60-de-casute-si-o-roata-de-33-de-metri-inaltime\/"},"wordCount":323,"publisher":{"@id":"https:\/\/buletin.de\/bucuresti\/#organization"},"image":{"@id":"https:\/\/buletin.de\/bucuresti\/targul-de-craciun-din-parcul-drumul-taberei-va-avea-patinoar-60-de-casute-si-o-roata-de-33-de-metri-inaltime\/#primaryimage"},"thumbnailUrl":"https:\/\/buletin.de\/bucuresti\/wp-content\/uploads\/WhatsApp-Image-2022-11-10-at-10.53.28.jpeg","articleSection":["\u0218tiri"],"inLanguage":"en-GB","copyrightYear":"2022","copyrightHolder":{"@id":"https:\/\/buletin.de\/bucuresti\/#organization"}},{"@type":"WebPage","@id":"https:\/\/buletin.de\/bucuresti\/targul-de-craciun-din-parcul-drumul-taberei-va-avea-patinoar-60-de-casute-si-o-roata-de-33-de-metri-inaltime\/","url":"https:\/\/buletin.de\/bucuresti\/targul-de-craciun-din-parcul-drumul-taberei-va-avea-patinoar-60-de-casute-si-o-roata-de-33-de-metri-inaltime\/","name":"T\u00e2rgul de Cr\u0103ciun din Parcul Drumul Taberei va avea patinoar, 60 de c\u0103su\u021be \u0219i o roat\u0103 de 33 de metri \u00een\u0103l\u021bime - Buletin de Bucure\u0219ti","isPartOf":{"@id":"https:\/\/buletin.de\/bucuresti\/#website"},"primaryImageOfPage":{"@id":"https:\/\/buletin.de\/bucuresti\/targul-de-craciun-din-parcul-drumul-taberei-va-avea-patinoar-60-de-casute-si-o-roata-de-33-de-metri-inaltime\/#primaryimage"},"image":{"@id":"https:\/\/buletin.de\/bucuresti\/targul-de-craciun-din-parcul-drumul-taberei-va-avea-patinoar-60-de-casute-si-o-roata-de-33-de-metri-inaltime\/#primaryimage"},"thumbnailUrl":"https:\/\/buletin.de\/bucuresti\/wp-content\/uploads\/WhatsApp-Image-2022-11-10-at-10.53.28.jpeg","datePublished":"2022-11-10T13:26:11+00:00","dateModified":"2022-11-10T13:26:12+00:00","breadcrumb":{"@id":"https:\/\/buletin.de\/bucuresti\/targul-de-craciun-din-parcul-drumul-taberei-va-avea-patinoar-60-de-casute-si-o-roata-de-33-de-metri-inaltime\/#breadcrumb"},"inLanguage":"en-GB","potentialAction":[{"@type":"ReadAction","target":["https:\/\/buletin.de\/bucuresti\/targul-de-craciun-din-parcul-drumul-taberei-va-avea-patinoar-60-de-casute-si-o-roata-de-33-de-metri-inaltime\/"]}]},{"@type":"ImageObject","inLanguage":"en-GB","@id":"https:\/\/buletin.de\/bucuresti\/targul-de-craciun-din-parcul-drumul-taberei-va-avea-patinoar-60-de-casute-si-o-roata-de-33-de-metri-inaltime\/#primaryimage","url":"https:\/\/buletin.de\/bucuresti\/wp-content\/uploads\/WhatsApp-Image-2022-11-10-at-10.53.28.jpeg","contentUrl":"https:\/\/buletin.de\/bucuresti\/wp-content\/uploads\/WhatsApp-Image-2022-11-10-at-10.53.28.jpeg","width":1024,"height":576},{"@type":"BreadcrumbList","@id":"https:\/\/buletin.de\/bucuresti\/targul-de-craciun-din-parcul-drumul-taberei-va-avea-patinoar-60-de-casute-si-o-roata-de-33-de-metri-inaltime\/#breadcrumb","itemListElement":[{"@type":"ListItem","position":1,"name":"Acas\u0103","item":"https:\/\/buletin.de\/bucuresti\/"},{"@type":"ListItem","position":2,"name":"T\u00e2rgul de Cr\u0103ciun din Parcul Drumul Taberei va avea patinoar, 60 de c\u0103su\u021be \u0219i o roat\u0103 de 33 de metri \u00een\u0103l\u021bime"}]},{"@type":"WebSite","@id":"https:\/\/buletin.de\/bucuresti\/#website","url":"https:\/\/buletin.de\/bucuresti\/","name":"Buletin de Bucure\u0219ti","description":"\u0218tiri \u0219i investiga\u021bii esen\u021biale din capital\u0103","publisher":{"@id":"https:\/\/buletin.de\/bucuresti\/#organization"},"potentialAction":[{"@type":"SearchAction","target":{"@type":"EntryPoint","urlTemplate":"https:\/\/buletin.de\/bucuresti\/?s={search_term_string}"},"query-input":{"@type":"PropertyValueSpecification","valueRequired":true,"valueName":"search_term_string"}}],"inLanguage":"en-GB"},{"@type":"Organization","@id":"https:\/\/buletin.de\/bucuresti\/#organization","name":"Buletin de Bucure\u0219ti","url":"https:\/\/buletin.de\/bucuresti\/","logo":{"@type":"ImageObject","inLanguage":"en-GB","@id":"https:\/\/buletin.de\/bucuresti\/#\/schema\/logo\/image\/","url":"https:\/\/buletin.de\/bucuresti\/wp-content\/uploads\/logo-bdb-full-wide-vernil-transparent.png","contentUrl":"https:\/\/buletin.de\/bucuresti\/wp-content\/uploads\/logo-bdb-full-wide-vernil-transparent.png","width":1782,"height":626,"caption":"Buletin de Bucure\u0219ti"},"image":{"@id":"https:\/\/buletin.de\/bucuresti\/#\/schema\/logo\/image\/"},"sameAs":["https:\/\/www.facebook.com\/buletin.de.buc","https:\/\/www.instagram.com\/buletinde.bucuresti\/"]},{"@type":"Person","@id":"https:\/\/buletin.de\/bucuresti\/#\/schema\/person\/b0686d7a8b666c6afc78239777fd8a89","name":"Florin R\u00e2\u0219teiu","image":{"@type":"ImageObject","inLanguage":"en-GB","@id":"https:\/\/buletin.de\/bucuresti\/wp-content\/uploads\/Florin-Rasteiu-96x96.jpgf0a6fe28453aa12f0a60e4d0a2e3a78c","url":"https:\/\/buletin.de\/bucuresti\/wp-content\/uploads\/Florin-Rasteiu-96x96.jpg","contentUrl":"https:\/\/buletin.de\/bucuresti\/wp-content\/uploads\/Florin-Rasteiu-96x96.jpg","caption":"Florin R\u00e2\u0219teiu"},"description":"Jurnalist de investiga\u021bie. Lucreaz\u0103 de aproape 6 ani la Buletin de Bucure\u0219ti, unde a publicat articole care scot la suprafa\u021b\u0103 corup\u021bia din Capital\u0103. Analizeaz\u0103 baze de date zilnic \u0219i scoate pove\u0219ti din exceluri pline de cifre. Pune reflectorul pe adev\u0103r cu fiecare ocazie. A c\u00e2\u0219tigat premiul I la categoria Pres\u0103 Local\u0103 \u00een 2025 \u0219i locul al II-lea la aceea\u0219i categorie \u00een 2024 \u00een cadrul Premiilor Superscrieri pentru jurnalism independent.","url":"https:\/\/buletin.de\/bucuresti\/author\/florinrasteiu\/"}]}},"authors":[{"term_id":22576,"user_id":17,"is_guest":0,"slug":"florinrasteiu","display_name":"Florin R\u00e2\u0219teiu","avatar_url":"https:\/\/buletin.de\/bucuresti\/wp-content\/uploads\/Florin-Rasteiu-96x96.jpg","0":null,"1":"","2":"","3":"","4":"","5":"","6":"","7":"","8":""}],"_links":{"self":[{"href":"https:\/\/buletin.de\/bucuresti\/wp-json\/wp\/v2\/posts\/48038","targetHints":{"allow":["GET"]}}],"collection":[{"href":"https:\/\/buletin.de\/bucuresti\/wp-json\/wp\/v2\/posts"}],"about":[{"href":"https:\/\/buletin.de\/bucuresti\/wp-json\/wp\/v2\/types\/post"}],"author":[{"embeddable":true,"href":"https:\/\/buletin.de\/bucuresti\/wp-json\/wp\/v2\/users\/17"}],"replies":[{"embeddable":true,"href":"https:\/\/buletin.de\/bucuresti\/wp-json\/wp\/v2\/comments?post=48038"}],"version-history":[{"count":4,"href":"https:\/\/buletin.de\/bucuresti\/wp-json\/wp\/v2\/posts\/48038\/revisions"}],"predecessor-version":[{"id":48049,"href":"https:\/\/buletin.de\/bucuresti\/wp-json\/wp\/v2\/posts\/48038\/revisions\/48049"}],"wp:featuredmedia":[{"embeddable":true,"href":"https:\/\/buletin.de\/bucuresti\/wp-json\/wp\/v2\/media\/48040"}],"wp:attachment":[{"href":"https:\/\/buletin.de\/bucuresti\/wp-json\/wp\/v2\/media?parent=48038"}],"wp:term":[{"taxonomy":"category","embeddable":true,"href":"https:\/\/buletin.de\/bucuresti\/wp-json\/wp\/v2\/categories?post=48038"},{"taxonomy":"post_tag","embeddable":true,"href":"https:\/\/buletin.de\/bucuresti\/wp-json\/wp\/v2\/tags?post=48038"},{"taxonomy":"author","embeddable":true,"href":"https:\/\/buletin.de\/bucuresti\/wp-json\/wp\/v2\/ppma_author?post=48038"}],"curies":[{"name":"wp","href":"https:\/\/api.w.org\/{rel}","templated":true}]}}