{"id":48032,"date":"2022-11-10T13:52:14","date_gmt":"2022-11-10T11:52:14","guid":{"rendered":"https:\/\/buletin.de\/bucuresti\/?p=48032"},"modified":"2022-11-10T13:53:26","modified_gmt":"2022-11-10T11:53:26","slug":"pasajul-unirii-semnalizari-suplimentare-de-gabarit-maxim-si-au-inceput-forajele-geotehnice-in-planseu-in-vederea-consolidarii","status":"publish","type":"post","link":"https:\/\/buletin.de\/bucuresti\/pasajul-unirii-semnalizari-suplimentare-de-gabarit-maxim-si-au-inceput-forajele-geotehnice-in-planseu-in-vederea-consolidarii\/","title":{"rendered":"Pasajul Unirii, semnaliz\u0103ri suplimentare de gabarit maxim. \u0218i au \u00eenceput forajele geotehnice \u00een plan\u0219eu \u00een vederea consolid\u0103rii"},"content":{"rendered":"\n<p><strong>Prim\u0103ria Sector 4 a instalat marcaje rutiere suplimentare \u0219i por\u021bi la intr\u0103rile de pe cele dou\u0103 sensuri de mers ale Pasajului Unirii. Marcajele vin \u00een completarea celor existente deja, pentru a atrage aten\u021bia \u00een privin\u021ba respect\u0103rii limitei omologate de \u00een\u0103l\u021bime, de 3,5 metri. Zilele acestea au \u00eenceput \u0219i forajele geotehnice \u00een plan\u0219eul Pasajului Unirii \u00een vederea consolid\u0103rii.<\/strong><\/p>\n\n\n\n<p>Noile marcaje, de culoare ro\u0219ie montate la intr\u0103rile \u00een pasaj au fost trasate pe partea carosabil\u0103 a celor dou\u0103 sensuri de circula\u021bie, la o distan\u021b\u0103 de 50 de metri fa\u021b\u0103 de intrarea \u00een tunel, \u0219i au o suprafa\u021b\u0103 de 5 metri p\u0103tra\u021bi fiecare . <\/p>\n\n\n\n<p>\u00cenaintea celor dou\u0103 por\u021bi gabaritice ale pasajului existente, au fost montate alte dou\u0103 por\u021bi de presemnalizare, la o distan\u021b\u0103 de 30 de metri fa\u021b\u0103 de intr\u0103rile \u00een pasaj.<\/p>\n\n\n\n<p>Noile limitatoare sunt prev\u0103zute cu indicatoare pe care este trecut\u0103 \u00een\u0103l\u021bimea maxim\u0103 admis\u0103 pentru ca vehiculele s\u0103 poat\u0103 traversa \u00een siguran\u021b\u0103 tunelul rutier, f\u0103r\u0103 riscul bloc\u0103rii acestora \u00een interior. Mai mult, bara transversal\u0103 a noilor por\u021bi este prev\u0103zut\u0103 cu o serie de elemente de aten\u021bionare, sub forma unei \u201eperdele metalice.\u201d<\/p>\n\n\n\n<figure class=\"wp-block-image size-large\"><img fetchpriority=\"high\" decoding=\"async\" width=\"900\" height=\"675\" src=\"data:image\/gif;base64,R0lGODlhAQABAAAAACH5BAEKAAEALAAAAAABAAEAAAICTAEAOw==\" data-src=\"https:\/\/buletin.de\/bucuresti\/wp-content\/uploads\/foto-4-1024x768-1-900x675.jpg\" alt=\"\" class=\"wp-image-48035 lazyload\" data-sizes=\"auto\" data-srcset=\"https:\/\/buletin.de\/bucuresti\/wp-content\/uploads\/foto-4-1024x768-1-900x675.jpg 900w, https:\/\/buletin.de\/bucuresti\/wp-content\/uploads\/foto-4-1024x768-1-300x225.jpg 300w, https:\/\/buletin.de\/bucuresti\/wp-content\/uploads\/foto-4-1024x768-1-768x576.jpg 768w, https:\/\/buletin.de\/bucuresti\/wp-content\/uploads\/foto-4-1024x768-1-550x413.jpg 550w, https:\/\/buletin.de\/bucuresti\/wp-content\/uploads\/foto-4-1024x768-1-667x500.jpg 667w, https:\/\/buletin.de\/bucuresti\/wp-content\/uploads\/foto-4-1024x768-1-600x450.jpg 600w, https:\/\/buletin.de\/bucuresti\/wp-content\/uploads\/foto-4-1024x768-1.jpg 1024w\" sizes=\"(max-width: 900px) 100vw, 900px\" \/><\/figure>\n\n\n\n<figure class=\"wp-block-image size-large\"><img decoding=\"async\" width=\"675\" height=\"900\" src=\"data:image\/gif;base64,R0lGODlhAQABAAAAACH5BAEKAAEALAAAAAABAAEAAAICTAEAOw==\" data-src=\"https:\/\/buletin.de\/bucuresti\/wp-content\/uploads\/foto-5-768x1024-1-675x900.jpg\" alt=\"\" class=\"wp-image-48036 lazyload\" data-sizes=\"auto\" data-srcset=\"https:\/\/buletin.de\/bucuresti\/wp-content\/uploads\/foto-5-768x1024-1-675x900.jpg 675w, https:\/\/buletin.de\/bucuresti\/wp-content\/uploads\/foto-5-768x1024-1-225x300.jpg 225w, https:\/\/buletin.de\/bucuresti\/wp-content\/uploads\/foto-5-768x1024-1-550x733.jpg 550w, https:\/\/buletin.de\/bucuresti\/wp-content\/uploads\/foto-5-768x1024-1-375x500.jpg 375w, https:\/\/buletin.de\/bucuresti\/wp-content\/uploads\/foto-5-768x1024-1-600x800.jpg 600w, https:\/\/buletin.de\/bucuresti\/wp-content\/uploads\/foto-5-768x1024-1.jpg 768w\" sizes=\"(max-width: 675px) 100vw, 675px\" \/><figcaption>sursa foto Prim\u0103ria Sector 4<\/figcaption><\/figure>\n\n\n\n<p>Toate aceste mijloace de presemnalizare, avizate de c\u0103tre Comisia Tehnic\u0103 de Circula\u021bie a Capitalei, au fost instalate \u00een urma incidentelor ce au avut loc \u00een Pasajul Unirii, \u00een cele dou\u0103 luni de zile de la redeschiderea acestuia, dup\u0103 finalizarea lucr\u0103rilor de punere \u00een siguran\u021b\u0103.<\/p>\n\n\n\n<p><a href=\"https:\/\/buletin.de\/bucuresti\/pasajul-unirii-prea-scund-pentru-autocare\/\">Pasajul Unirii, prea scund pentru autocare<\/a><\/p>\n\n\n\n<p>\u0218oferii vor fi informa\u021bi \u0219i aten\u021biona\u021bi \u00een privin\u021ba limitei de \u00een\u0103l\u021bime din zon\u0103 \u0219i prin intermediul aplica\u021biei de naviga\u021bie, WAZE, care transmite, \u00een momentul de fa\u021b\u0103, at\u00e2t un avertisment grafic referitor la limita de \u00een\u0103l\u021bime de 3,5 metri a por\u021bilor gabaritice, c\u00e2t \u0219i un semnal sonor.<\/p>\n\n\n\n<p><strong>\u00cencepe \u0219i consolidarea plan\u0219eului<\/strong><\/p>\n\n\n\n<p>Primarul sectorului 4, Daniel B\u0103lu\u021b\u0103, a anun\u021bat c\u0103 au \u00eenceput forajele geotehnice \u00een vederea consolid\u0103rii plan\u0219eului de la Pia\u021ba Unirii.<\/p>\n\n\n\n<p>&#8220;\u00cen acest moment, speciali\u0219tii fac s\u0103p\u0103turi la mare ad\u00e2ncime, \u00een \u0219apte puncte diferite, \u00een centrul Capitalei, pentru a verifica structura solului pe care se sprijin\u0103 construc\u021bia plan\u0219eului ce dateaz\u0103 din anii \u201940.<\/p>\n\n\n\n<p>Este vorba despre o construc\u021bie din fier \u0219i beton \u00eencadrat\u0103, conform expertizei din anul 2018, \u00een clasa st\u0103rii tehnice IV \u2013 nesatisf\u0103c\u0103tor, asupra c\u0103reia nu s-a mai intervenit vreme de mai bine de 80 de ani \u0219i care are nevoie de m\u0103suri urgente de consolidare \u0219i de punere \u00een siguran\u021b\u0103.<\/p>\n\n\n\n<p>Rezultatele investiga\u021biilor f\u0103cute vor fi incluse \u00een expertiza prin care speciali\u0219tii ne vor spune care sunt cele mai potrivite solu\u021bii tehnice pentru consolidarea plan\u0219eului, costul estimativ al lucr\u0103rilor precum \u0219i durata acestora&#8221;, a scris Daniel B\u0103lu\u021b\u0103, pe pagina sa de Facebook. <\/p>\n\n\n\n<p><\/p>\n\n\n\n<figure class=\"wp-block-image size-large\"><img decoding=\"async\" width=\"900\" height=\"560\" src=\"data:image\/gif;base64,R0lGODlhAQABAAAAACH5BAEKAAEALAAAAAABAAEAAAICTAEAOw==\" data-src=\"https:\/\/buletin.de\/bucuresti\/wp-content\/uploads\/Foto-1-min-900x560.jpeg\" alt=\"\" class=\"wp-image-48033 lazyload\" data-sizes=\"auto\" data-srcset=\"https:\/\/buletin.de\/bucuresti\/wp-content\/uploads\/Foto-1-min-900x560.jpeg 900w, https:\/\/buletin.de\/bucuresti\/wp-content\/uploads\/Foto-1-min-300x187.jpeg 300w, https:\/\/buletin.de\/bucuresti\/wp-content\/uploads\/Foto-1-min-768x478.jpeg 768w, https:\/\/buletin.de\/bucuresti\/wp-content\/uploads\/Foto-1-min-550x342.jpeg 550w, https:\/\/buletin.de\/bucuresti\/wp-content\/uploads\/Foto-1-min-803x500.jpeg 803w, https:\/\/buletin.de\/bucuresti\/wp-content\/uploads\/Foto-1-min-600x373.jpeg 600w, https:\/\/buletin.de\/bucuresti\/wp-content\/uploads\/Foto-1-min.jpeg 964w\" sizes=\"(max-width: 900px) 100vw, 900px\" \/><figcaption>sursa foto Prim\u0103ria Sector 4<\/figcaption><\/figure>\n\n\n\n<p>\u00cen mai 2022, primarul Daniel B\u0103lu\u021b\u0103 a declarat c\u0103 lucrarile ce privesc pasajul sunt mult mai complexe \u0219i au dou\u0103 componente: una legat\u0103 de plan\u0219eu \u0219i una de pasajul rutier propriu-zis.<\/p>\n\n\n\n<p>Conform acestuia, cea mai periculoas\u0103 zon\u0103 este plan\u0219eul pasajului, care la expertiza din 2017 din 5 puncte de risc a acumulat 4.  <\/p>\n\n\n\n<p>&#8220;E important pentru c\u0103 surparea pasajului ar pune mari probleme la tunelurile de metrou din zon\u0103, magazinului Unirea, locuin\u021belor din zon\u0103 etc. Ar fi o real\u0103 catastrof\u0103. Doar prin pasajul rutier trec 60.000 de autovehicule \u0219i avem un trafic rutier intens.<\/p>\n\n\n\n<p>Sper\u0103m ca \u00eentr-un an s\u0103 reu\u0219im s\u0103 \u00eenchidem studiul de fezabilitate \u0219i s\u0103 ne apuc\u0103m de consolidare sau \u00eenlocuire, ce vor decide speciali\u0219tii c\u0103 trebuie f\u0103cut&#8221;, a explicat Daniel B\u0103lu\u021b\u0103.<\/p>\n\n\n\n<p>Prima parte a lucr\u0103rilor, cea de reabilitare a pasajului rutier s-a \u00eencheiat pe 4 septembrie <\/p>\n\n\n\n<p><\/p>\n\n\n\n<p><\/p>\n\n\n\n<p>sursa foto cover Prim\u0103ria Sector 4<\/p>\n\n\n\n<p><\/p>\n\n\n\n<p><\/p>\n","protected":false},"excerpt":{"rendered":"<p>Prim\u0103ria Sector 4 a instalat marcaje rutiere suplimentare \u0219i por\u021bi la intr\u0103rile de pe cele dou\u0103 sensuri de mers ale Pasajului Unirii. Marcajele vin \u00een completarea celor existente deja, pentru a atrage aten\u021bia \u00een privin\u021ba respect\u0103rii limitei omologate de \u00een\u0103l\u021bime, de 3,5 metri. Zilele acestea au \u00eenceput \u0219i forajele geotehnice \u00een plan\u0219eul Pasajului Unirii \u00een [&hellip;]<\/p>\n","protected":false},"author":18,"featured_media":48034,"comment_status":"closed","ping_status":"open","sticky":false,"template":"","format":"standard","meta":{"_acf_changed":false,"inline_featured_image":false,"ngg_post_thumbnail":0,"footnotes":""},"categories":[3419,24,62],"tags":[9,4536,4728,4727],"ppma_author":[22579],"class_list":["post-48032","post","type-post","status-publish","format-standard","has-post-thumbnail","hentry","category-featured","category-primarie","category-stiri","tag-bucuresti","tag-pasajul-unirii","tag-prospectiuni","tag-semnalizare"],"acf":[],"yoast_head":"<!-- This site is optimized with the Yoast SEO Premium plugin v25.3 (Yoast SEO v27.4) - https:\/\/yoast.com\/product\/yoast-seo-premium-wordpress\/ -->\n<title>Pasajul Unirii, semnaliz\u0103ri suplimentare de gabarit maxim. \u0218i au \u00eenceput forajele geotehnice \u00een plan\u0219eu \u00een vederea consolid\u0103rii - Buletin de Bucure\u0219ti<\/title>\n<meta name=\"robots\" content=\"index, follow, max-snippet:-1, max-image-preview:large, max-video-preview:-1\" \/>\n<link rel=\"canonical\" href=\"https:\/\/buletin.de\/bucuresti\/pasajul-unirii-semnalizari-suplimentare-de-gabarit-maxim-si-au-inceput-forajele-geotehnice-in-planseu-in-vederea-consolidarii\/\" \/>\n<meta property=\"og:locale\" content=\"en_GB\" \/>\n<meta property=\"og:type\" content=\"article\" \/>\n<meta property=\"og:title\" content=\"Pasajul Unirii, semnaliz\u0103ri suplimentare de gabarit maxim. \u0218i au \u00eenceput forajele geotehnice \u00een plan\u0219eu \u00een vederea consolid\u0103rii\" \/>\n<meta property=\"og:description\" content=\"Prim\u0103ria Sector 4 a instalat marcaje rutiere suplimentare \u0219i por\u021bi la intr\u0103rile de pe cele dou\u0103 sensuri de mers ale Pasajului Unirii. Marcajele vin \u00een completarea celor existente deja, pentru a atrage aten\u021bia \u00een privin\u021ba respect\u0103rii limitei omologate de \u00een\u0103l\u021bime, de 3,5 metri. Zilele acestea au \u00eenceput \u0219i forajele geotehnice \u00een plan\u0219eul Pasajului Unirii \u00een [&hellip;]\" \/>\n<meta property=\"og:url\" content=\"https:\/\/buletin.de\/bucuresti\/pasajul-unirii-semnalizari-suplimentare-de-gabarit-maxim-si-au-inceput-forajele-geotehnice-in-planseu-in-vederea-consolidarii\/\" \/>\n<meta property=\"og:site_name\" content=\"Buletin de Bucure\u0219ti\" \/>\n<meta property=\"article:publisher\" content=\"https:\/\/www.facebook.com\/buletin.de.buc\" \/>\n<meta property=\"article:published_time\" content=\"2022-11-10T11:52:14+00:00\" \/>\n<meta property=\"article:modified_time\" content=\"2022-11-10T11:53:26+00:00\" \/>\n<meta property=\"og:image\" content=\"https:\/\/buletin.de\/bucuresti\/wp-content\/uploads\/Foto-1-1024x682-1.jpeg\" \/>\n\t<meta property=\"og:image:width\" content=\"1024\" \/>\n\t<meta property=\"og:image:height\" content=\"682\" \/>\n\t<meta property=\"og:image:type\" content=\"image\/jpeg\" \/>\n<meta name=\"author\" content=\"Teodora Stroe\" \/>\n<meta name=\"twitter:card\" content=\"summary_large_image\" \/>\n<meta name=\"twitter:label1\" content=\"Written by\" \/>\n\t<meta name=\"twitter:data1\" content=\"Teodora Stroe\" \/>\n\t<meta name=\"twitter:label2\" content=\"Estimated reading time\" \/>\n\t<meta name=\"twitter:data2\" content=\"4 minutes\" \/>\n<script type=\"application\/ld+json\" class=\"yoast-schema-graph\">{\"@context\":\"https:\\\/\\\/schema.org\",\"@graph\":[{\"@type\":\"Article\",\"@id\":\"https:\\\/\\\/buletin.de\\\/bucuresti\\\/pasajul-unirii-semnalizari-suplimentare-de-gabarit-maxim-si-au-inceput-forajele-geotehnice-in-planseu-in-vederea-consolidarii\\\/#article\",\"isPartOf\":{\"@id\":\"https:\\\/\\\/buletin.de\\\/bucuresti\\\/pasajul-unirii-semnalizari-suplimentare-de-gabarit-maxim-si-au-inceput-forajele-geotehnice-in-planseu-in-vederea-consolidarii\\\/\"},\"author\":{\"name\":\"Teodora Stroe\",\"@id\":\"https:\\\/\\\/buletin.de\\\/bucuresti\\\/#\\\/schema\\\/person\\\/d369d7ddc775abece205795e0b804614\"},\"headline\":\"Pasajul Unirii, semnaliz\u0103ri suplimentare de gabarit maxim. \u0218i au \u00eenceput forajele geotehnice \u00een plan\u0219eu \u00een vederea consolid\u0103rii\",\"datePublished\":\"2022-11-10T11:52:14+00:00\",\"dateModified\":\"2022-11-10T11:53:26+00:00\",\"mainEntityOfPage\":{\"@id\":\"https:\\\/\\\/buletin.de\\\/bucuresti\\\/pasajul-unirii-semnalizari-suplimentare-de-gabarit-maxim-si-au-inceput-forajele-geotehnice-in-planseu-in-vederea-consolidarii\\\/\"},\"wordCount\":657,\"publisher\":{\"@id\":\"https:\\\/\\\/buletin.de\\\/bucuresti\\\/#organization\"},\"image\":{\"@id\":\"https:\\\/\\\/buletin.de\\\/bucuresti\\\/pasajul-unirii-semnalizari-suplimentare-de-gabarit-maxim-si-au-inceput-forajele-geotehnice-in-planseu-in-vederea-consolidarii\\\/#primaryimage\"},\"thumbnailUrl\":\"https:\\\/\\\/buletin.de\\\/bucuresti\\\/wp-content\\\/uploads\\\/Foto-1-1024x682-1.jpeg\",\"keywords\":[\"bucuresti\",\"pasajul unirii\",\"prospectiuni\",\"semnalizare\"],\"articleSection\":[\"Featured\",\"Prim\u0103rie\",\"\u0218tiri\"],\"inLanguage\":\"en-GB\",\"copyrightYear\":\"2022\",\"copyrightHolder\":{\"@id\":\"https:\\\/\\\/buletin.de\\\/bucuresti\\\/#organization\"}},{\"@type\":\"WebPage\",\"@id\":\"https:\\\/\\\/buletin.de\\\/bucuresti\\\/pasajul-unirii-semnalizari-suplimentare-de-gabarit-maxim-si-au-inceput-forajele-geotehnice-in-planseu-in-vederea-consolidarii\\\/\",\"url\":\"https:\\\/\\\/buletin.de\\\/bucuresti\\\/pasajul-unirii-semnalizari-suplimentare-de-gabarit-maxim-si-au-inceput-forajele-geotehnice-in-planseu-in-vederea-consolidarii\\\/\",\"name\":\"Pasajul Unirii, semnaliz\u0103ri suplimentare de gabarit maxim. \u0218i au \u00eenceput forajele geotehnice \u00een plan\u0219eu \u00een vederea consolid\u0103rii - Buletin de Bucure\u0219ti\",\"isPartOf\":{\"@id\":\"https:\\\/\\\/buletin.de\\\/bucuresti\\\/#website\"},\"primaryImageOfPage\":{\"@id\":\"https:\\\/\\\/buletin.de\\\/bucuresti\\\/pasajul-unirii-semnalizari-suplimentare-de-gabarit-maxim-si-au-inceput-forajele-geotehnice-in-planseu-in-vederea-consolidarii\\\/#primaryimage\"},\"image\":{\"@id\":\"https:\\\/\\\/buletin.de\\\/bucuresti\\\/pasajul-unirii-semnalizari-suplimentare-de-gabarit-maxim-si-au-inceput-forajele-geotehnice-in-planseu-in-vederea-consolidarii\\\/#primaryimage\"},\"thumbnailUrl\":\"https:\\\/\\\/buletin.de\\\/bucuresti\\\/wp-content\\\/uploads\\\/Foto-1-1024x682-1.jpeg\",\"datePublished\":\"2022-11-10T11:52:14+00:00\",\"dateModified\":\"2022-11-10T11:53:26+00:00\",\"breadcrumb\":{\"@id\":\"https:\\\/\\\/buletin.de\\\/bucuresti\\\/pasajul-unirii-semnalizari-suplimentare-de-gabarit-maxim-si-au-inceput-forajele-geotehnice-in-planseu-in-vederea-consolidarii\\\/#breadcrumb\"},\"inLanguage\":\"en-GB\",\"potentialAction\":[{\"@type\":\"ReadAction\",\"target\":[\"https:\\\/\\\/buletin.de\\\/bucuresti\\\/pasajul-unirii-semnalizari-suplimentare-de-gabarit-maxim-si-au-inceput-forajele-geotehnice-in-planseu-in-vederea-consolidarii\\\/\"]}]},{\"@type\":\"ImageObject\",\"inLanguage\":\"en-GB\",\"@id\":\"https:\\\/\\\/buletin.de\\\/bucuresti\\\/pasajul-unirii-semnalizari-suplimentare-de-gabarit-maxim-si-au-inceput-forajele-geotehnice-in-planseu-in-vederea-consolidarii\\\/#primaryimage\",\"url\":\"https:\\\/\\\/buletin.de\\\/bucuresti\\\/wp-content\\\/uploads\\\/Foto-1-1024x682-1.jpeg\",\"contentUrl\":\"https:\\\/\\\/buletin.de\\\/bucuresti\\\/wp-content\\\/uploads\\\/Foto-1-1024x682-1.jpeg\",\"width\":1024,\"height\":682},{\"@type\":\"BreadcrumbList\",\"@id\":\"https:\\\/\\\/buletin.de\\\/bucuresti\\\/pasajul-unirii-semnalizari-suplimentare-de-gabarit-maxim-si-au-inceput-forajele-geotehnice-in-planseu-in-vederea-consolidarii\\\/#breadcrumb\",\"itemListElement\":[{\"@type\":\"ListItem\",\"position\":1,\"name\":\"Acas\u0103\",\"item\":\"https:\\\/\\\/buletin.de\\\/bucuresti\\\/\"},{\"@type\":\"ListItem\",\"position\":2,\"name\":\"Pasajul Unirii, semnaliz\u0103ri suplimentare de gabarit maxim. \u0218i au \u00eenceput forajele geotehnice \u00een plan\u0219eu \u00een vederea consolid\u0103rii\"}]},{\"@type\":\"WebSite\",\"@id\":\"https:\\\/\\\/buletin.de\\\/bucuresti\\\/#website\",\"url\":\"https:\\\/\\\/buletin.de\\\/bucuresti\\\/\",\"name\":\"Buletin de Bucure\u0219ti\",\"description\":\"\u0218tiri \u0219i investiga\u021bii esen\u021biale din capital\u0103\",\"publisher\":{\"@id\":\"https:\\\/\\\/buletin.de\\\/bucuresti\\\/#organization\"},\"potentialAction\":[{\"@type\":\"SearchAction\",\"target\":{\"@type\":\"EntryPoint\",\"urlTemplate\":\"https:\\\/\\\/buletin.de\\\/bucuresti\\\/?s={search_term_string}\"},\"query-input\":{\"@type\":\"PropertyValueSpecification\",\"valueRequired\":true,\"valueName\":\"search_term_string\"}}],\"inLanguage\":\"en-GB\"},{\"@type\":\"Organization\",\"@id\":\"https:\\\/\\\/buletin.de\\\/bucuresti\\\/#organization\",\"name\":\"Buletin de Bucure\u0219ti\",\"url\":\"https:\\\/\\\/buletin.de\\\/bucuresti\\\/\",\"logo\":{\"@type\":\"ImageObject\",\"inLanguage\":\"en-GB\",\"@id\":\"https:\\\/\\\/buletin.de\\\/bucuresti\\\/#\\\/schema\\\/logo\\\/image\\\/\",\"url\":\"https:\\\/\\\/buletin.de\\\/bucuresti\\\/wp-content\\\/uploads\\\/logo-bdb-full-wide-vernil-transparent.png\",\"contentUrl\":\"https:\\\/\\\/buletin.de\\\/bucuresti\\\/wp-content\\\/uploads\\\/logo-bdb-full-wide-vernil-transparent.png\",\"width\":1782,\"height\":626,\"caption\":\"Buletin de Bucure\u0219ti\"},\"image\":{\"@id\":\"https:\\\/\\\/buletin.de\\\/bucuresti\\\/#\\\/schema\\\/logo\\\/image\\\/\"},\"sameAs\":[\"https:\\\/\\\/www.facebook.com\\\/buletin.de.buc\",\"https:\\\/\\\/www.instagram.com\\\/buletinde.bucuresti\\\/\"]},{\"@type\":\"Person\",\"@id\":\"https:\\\/\\\/buletin.de\\\/bucuresti\\\/#\\\/schema\\\/person\\\/d369d7ddc775abece205795e0b804614\",\"name\":\"Teodora Stroe\",\"image\":{\"@type\":\"ImageObject\",\"inLanguage\":\"en-GB\",\"@id\":\"https:\\\/\\\/secure.gravatar.com\\\/avatar\\\/2560b4cd9f5f1bc100b123158e657d75584bd1c3e1d9c69285720b9457c1b78d?s=96&d=monsterid&r=gc104800242ba5f2d78dd5d7dc4df08b6\",\"url\":\"https:\\\/\\\/secure.gravatar.com\\\/avatar\\\/2560b4cd9f5f1bc100b123158e657d75584bd1c3e1d9c69285720b9457c1b78d?s=96&d=monsterid&r=g\",\"contentUrl\":\"https:\\\/\\\/secure.gravatar.com\\\/avatar\\\/2560b4cd9f5f1bc100b123158e657d75584bd1c3e1d9c69285720b9457c1b78d?s=96&d=monsterid&r=g\",\"caption\":\"Teodora Stroe\"},\"url\":\"https:\\\/\\\/buletin.de\\\/bucuresti\\\/author\\\/simonacarlugea\\\/\"}]}<\/script>\n<!-- \/ Yoast SEO Premium plugin. -->","yoast_head_json":{"title":"Pasajul Unirii, semnaliz\u0103ri suplimentare de gabarit maxim. \u0218i au \u00eenceput forajele geotehnice \u00een plan\u0219eu \u00een vederea consolid\u0103rii - Buletin de Bucure\u0219ti","robots":{"index":"index","follow":"follow","max-snippet":"max-snippet:-1","max-image-preview":"max-image-preview:large","max-video-preview":"max-video-preview:-1"},"canonical":"https:\/\/buletin.de\/bucuresti\/pasajul-unirii-semnalizari-suplimentare-de-gabarit-maxim-si-au-inceput-forajele-geotehnice-in-planseu-in-vederea-consolidarii\/","og_locale":"en_GB","og_type":"article","og_title":"Pasajul Unirii, semnaliz\u0103ri suplimentare de gabarit maxim. \u0218i au \u00eenceput forajele geotehnice \u00een plan\u0219eu \u00een vederea consolid\u0103rii","og_description":"Prim\u0103ria Sector 4 a instalat marcaje rutiere suplimentare \u0219i por\u021bi la intr\u0103rile de pe cele dou\u0103 sensuri de mers ale Pasajului Unirii. Marcajele vin \u00een completarea celor existente deja, pentru a atrage aten\u021bia \u00een privin\u021ba respect\u0103rii limitei omologate de \u00een\u0103l\u021bime, de 3,5 metri. Zilele acestea au \u00eenceput \u0219i forajele geotehnice \u00een plan\u0219eul Pasajului Unirii \u00een [&hellip;]","og_url":"https:\/\/buletin.de\/bucuresti\/pasajul-unirii-semnalizari-suplimentare-de-gabarit-maxim-si-au-inceput-forajele-geotehnice-in-planseu-in-vederea-consolidarii\/","og_site_name":"Buletin de Bucure\u0219ti","article_publisher":"https:\/\/www.facebook.com\/buletin.de.buc","article_published_time":"2022-11-10T11:52:14+00:00","article_modified_time":"2022-11-10T11:53:26+00:00","og_image":[{"width":1024,"height":682,"url":"https:\/\/buletin.de\/bucuresti\/wp-content\/uploads\/Foto-1-1024x682-1.jpeg","type":"image\/jpeg"}],"author":"Teodora Stroe","twitter_card":"summary_large_image","twitter_misc":{"Written by":"Teodora Stroe","Estimated reading time":"4 minutes"},"schema":{"@context":"https:\/\/schema.org","@graph":[{"@type":"Article","@id":"https:\/\/buletin.de\/bucuresti\/pasajul-unirii-semnalizari-suplimentare-de-gabarit-maxim-si-au-inceput-forajele-geotehnice-in-planseu-in-vederea-consolidarii\/#article","isPartOf":{"@id":"https:\/\/buletin.de\/bucuresti\/pasajul-unirii-semnalizari-suplimentare-de-gabarit-maxim-si-au-inceput-forajele-geotehnice-in-planseu-in-vederea-consolidarii\/"},"author":{"name":"Teodora Stroe","@id":"https:\/\/buletin.de\/bucuresti\/#\/schema\/person\/d369d7ddc775abece205795e0b804614"},"headline":"Pasajul Unirii, semnaliz\u0103ri suplimentare de gabarit maxim. \u0218i au \u00eenceput forajele geotehnice \u00een plan\u0219eu \u00een vederea consolid\u0103rii","datePublished":"2022-11-10T11:52:14+00:00","dateModified":"2022-11-10T11:53:26+00:00","mainEntityOfPage":{"@id":"https:\/\/buletin.de\/bucuresti\/pasajul-unirii-semnalizari-suplimentare-de-gabarit-maxim-si-au-inceput-forajele-geotehnice-in-planseu-in-vederea-consolidarii\/"},"wordCount":657,"publisher":{"@id":"https:\/\/buletin.de\/bucuresti\/#organization"},"image":{"@id":"https:\/\/buletin.de\/bucuresti\/pasajul-unirii-semnalizari-suplimentare-de-gabarit-maxim-si-au-inceput-forajele-geotehnice-in-planseu-in-vederea-consolidarii\/#primaryimage"},"thumbnailUrl":"https:\/\/buletin.de\/bucuresti\/wp-content\/uploads\/Foto-1-1024x682-1.jpeg","keywords":["bucuresti","pasajul unirii","prospectiuni","semnalizare"],"articleSection":["Featured","Prim\u0103rie","\u0218tiri"],"inLanguage":"en-GB","copyrightYear":"2022","copyrightHolder":{"@id":"https:\/\/buletin.de\/bucuresti\/#organization"}},{"@type":"WebPage","@id":"https:\/\/buletin.de\/bucuresti\/pasajul-unirii-semnalizari-suplimentare-de-gabarit-maxim-si-au-inceput-forajele-geotehnice-in-planseu-in-vederea-consolidarii\/","url":"https:\/\/buletin.de\/bucuresti\/pasajul-unirii-semnalizari-suplimentare-de-gabarit-maxim-si-au-inceput-forajele-geotehnice-in-planseu-in-vederea-consolidarii\/","name":"Pasajul Unirii, semnaliz\u0103ri suplimentare de gabarit maxim. \u0218i au \u00eenceput forajele geotehnice \u00een plan\u0219eu \u00een vederea consolid\u0103rii - Buletin de Bucure\u0219ti","isPartOf":{"@id":"https:\/\/buletin.de\/bucuresti\/#website"},"primaryImageOfPage":{"@id":"https:\/\/buletin.de\/bucuresti\/pasajul-unirii-semnalizari-suplimentare-de-gabarit-maxim-si-au-inceput-forajele-geotehnice-in-planseu-in-vederea-consolidarii\/#primaryimage"},"image":{"@id":"https:\/\/buletin.de\/bucuresti\/pasajul-unirii-semnalizari-suplimentare-de-gabarit-maxim-si-au-inceput-forajele-geotehnice-in-planseu-in-vederea-consolidarii\/#primaryimage"},"thumbnailUrl":"https:\/\/buletin.de\/bucuresti\/wp-content\/uploads\/Foto-1-1024x682-1.jpeg","datePublished":"2022-11-10T11:52:14+00:00","dateModified":"2022-11-10T11:53:26+00:00","breadcrumb":{"@id":"https:\/\/buletin.de\/bucuresti\/pasajul-unirii-semnalizari-suplimentare-de-gabarit-maxim-si-au-inceput-forajele-geotehnice-in-planseu-in-vederea-consolidarii\/#breadcrumb"},"inLanguage":"en-GB","potentialAction":[{"@type":"ReadAction","target":["https:\/\/buletin.de\/bucuresti\/pasajul-unirii-semnalizari-suplimentare-de-gabarit-maxim-si-au-inceput-forajele-geotehnice-in-planseu-in-vederea-consolidarii\/"]}]},{"@type":"ImageObject","inLanguage":"en-GB","@id":"https:\/\/buletin.de\/bucuresti\/pasajul-unirii-semnalizari-suplimentare-de-gabarit-maxim-si-au-inceput-forajele-geotehnice-in-planseu-in-vederea-consolidarii\/#primaryimage","url":"https:\/\/buletin.de\/bucuresti\/wp-content\/uploads\/Foto-1-1024x682-1.jpeg","contentUrl":"https:\/\/buletin.de\/bucuresti\/wp-content\/uploads\/Foto-1-1024x682-1.jpeg","width":1024,"height":682},{"@type":"BreadcrumbList","@id":"https:\/\/buletin.de\/bucuresti\/pasajul-unirii-semnalizari-suplimentare-de-gabarit-maxim-si-au-inceput-forajele-geotehnice-in-planseu-in-vederea-consolidarii\/#breadcrumb","itemListElement":[{"@type":"ListItem","position":1,"name":"Acas\u0103","item":"https:\/\/buletin.de\/bucuresti\/"},{"@type":"ListItem","position":2,"name":"Pasajul Unirii, semnaliz\u0103ri suplimentare de gabarit maxim. \u0218i au \u00eenceput forajele geotehnice \u00een plan\u0219eu \u00een vederea consolid\u0103rii"}]},{"@type":"WebSite","@id":"https:\/\/buletin.de\/bucuresti\/#website","url":"https:\/\/buletin.de\/bucuresti\/","name":"Buletin de Bucure\u0219ti","description":"\u0218tiri \u0219i investiga\u021bii esen\u021biale din capital\u0103","publisher":{"@id":"https:\/\/buletin.de\/bucuresti\/#organization"},"potentialAction":[{"@type":"SearchAction","target":{"@type":"EntryPoint","urlTemplate":"https:\/\/buletin.de\/bucuresti\/?s={search_term_string}"},"query-input":{"@type":"PropertyValueSpecification","valueRequired":true,"valueName":"search_term_string"}}],"inLanguage":"en-GB"},{"@type":"Organization","@id":"https:\/\/buletin.de\/bucuresti\/#organization","name":"Buletin de Bucure\u0219ti","url":"https:\/\/buletin.de\/bucuresti\/","logo":{"@type":"ImageObject","inLanguage":"en-GB","@id":"https:\/\/buletin.de\/bucuresti\/#\/schema\/logo\/image\/","url":"https:\/\/buletin.de\/bucuresti\/wp-content\/uploads\/logo-bdb-full-wide-vernil-transparent.png","contentUrl":"https:\/\/buletin.de\/bucuresti\/wp-content\/uploads\/logo-bdb-full-wide-vernil-transparent.png","width":1782,"height":626,"caption":"Buletin de Bucure\u0219ti"},"image":{"@id":"https:\/\/buletin.de\/bucuresti\/#\/schema\/logo\/image\/"},"sameAs":["https:\/\/www.facebook.com\/buletin.de.buc","https:\/\/www.instagram.com\/buletinde.bucuresti\/"]},{"@type":"Person","@id":"https:\/\/buletin.de\/bucuresti\/#\/schema\/person\/d369d7ddc775abece205795e0b804614","name":"Teodora Stroe","image":{"@type":"ImageObject","inLanguage":"en-GB","@id":"https:\/\/secure.gravatar.com\/avatar\/2560b4cd9f5f1bc100b123158e657d75584bd1c3e1d9c69285720b9457c1b78d?s=96&d=monsterid&r=gc104800242ba5f2d78dd5d7dc4df08b6","url":"https:\/\/secure.gravatar.com\/avatar\/2560b4cd9f5f1bc100b123158e657d75584bd1c3e1d9c69285720b9457c1b78d?s=96&d=monsterid&r=g","contentUrl":"https:\/\/secure.gravatar.com\/avatar\/2560b4cd9f5f1bc100b123158e657d75584bd1c3e1d9c69285720b9457c1b78d?s=96&d=monsterid&r=g","caption":"Teodora Stroe"},"url":"https:\/\/buletin.de\/bucuresti\/author\/simonacarlugea\/"}]}},"authors":[{"term_id":22579,"user_id":18,"is_guest":0,"slug":"simonacarlugea","display_name":"Teodora Stroe","avatar_url":"https:\/\/secure.gravatar.com\/avatar\/2560b4cd9f5f1bc100b123158e657d75584bd1c3e1d9c69285720b9457c1b78d?s=96&d=monsterid&r=g","0":null,"1":"","2":"","3":"","4":"","5":"","6":"","7":"","8":""}],"_links":{"self":[{"href":"https:\/\/buletin.de\/bucuresti\/wp-json\/wp\/v2\/posts\/48032","targetHints":{"allow":["GET"]}}],"collection":[{"href":"https:\/\/buletin.de\/bucuresti\/wp-json\/wp\/v2\/posts"}],"about":[{"href":"https:\/\/buletin.de\/bucuresti\/wp-json\/wp\/v2\/types\/post"}],"author":[{"embeddable":true,"href":"https:\/\/buletin.de\/bucuresti\/wp-json\/wp\/v2\/users\/18"}],"replies":[{"embeddable":true,"href":"https:\/\/buletin.de\/bucuresti\/wp-json\/wp\/v2\/comments?post=48032"}],"version-history":[{"count":2,"href":"https:\/\/buletin.de\/bucuresti\/wp-json\/wp\/v2\/posts\/48032\/revisions"}],"predecessor-version":[{"id":48039,"href":"https:\/\/buletin.de\/bucuresti\/wp-json\/wp\/v2\/posts\/48032\/revisions\/48039"}],"wp:featuredmedia":[{"embeddable":true,"href":"https:\/\/buletin.de\/bucuresti\/wp-json\/wp\/v2\/media\/48034"}],"wp:attachment":[{"href":"https:\/\/buletin.de\/bucuresti\/wp-json\/wp\/v2\/media?parent=48032"}],"wp:term":[{"taxonomy":"category","embeddable":true,"href":"https:\/\/buletin.de\/bucuresti\/wp-json\/wp\/v2\/categories?post=48032"},{"taxonomy":"post_tag","embeddable":true,"href":"https:\/\/buletin.de\/bucuresti\/wp-json\/wp\/v2\/tags?post=48032"},{"taxonomy":"author","embeddable":true,"href":"https:\/\/buletin.de\/bucuresti\/wp-json\/wp\/v2\/ppma_author?post=48032"}],"curies":[{"name":"wp","href":"https:\/\/api.w.org\/{rel}","templated":true}]}}