{"id":48027,"date":"2022-11-10T12:52:19","date_gmt":"2022-11-10T10:52:19","guid":{"rendered":"https:\/\/buletin.de\/bucuresti\/?p=48027"},"modified":"2022-11-11T08:48:25","modified_gmt":"2022-11-11T06:48:25","slug":"tribunalul-bucuresti-a-anulat-infiintarea-sectorului-zero-de-la-mogosoaia-decizia-nu-e-definitiva","status":"publish","type":"post","link":"https:\/\/buletin.de\/bucuresti\/tribunalul-bucuresti-a-anulat-infiintarea-sectorului-zero-de-la-mogosoaia-decizia-nu-e-definitiva\/","title":{"rendered":"Tribunalul Bucure\u0219ti a anulat \u00eenfiin\u021barea Sectorului Zero de la Mogo\u0219oaia. Decizia nu e definitiv\u0103"},"content":{"rendered":"\n<p>Magistra\u021bii de la Tribunalul Bucure\u0219ti s-au pronun\u021bat \u00eentr-unul din nenum\u0103ratele dosare \u00een care persoane fizice sau consilieri locali ai opozi\u021biei cer anularea actelor de na\u0219tere ale Sectorului Zero, la Mogo\u0219oaia. E vorba de trei decizii de Consiliu Local prin care s-a aprobat reconfigurarea teritorial\u0103 a comunei. Instan\u021ba a decis, \u00een premier\u0103, anularea hot\u0103r\u00e2rilor de consiliu. Decizia nu e, \u00eens\u0103, definitiv\u0103. La sf\u00e2r\u0219itul lunii e a\u0219teptat\u0103 \u0219i decizia Cur\u021bii Constitu\u021bionale care se va pronun\u021ba asupra <a href=\"https:\/\/buletin.de\/bucuresti\/curtea-constitutionala-va-dezbate-teorema-lui-precup-vom-afla-daca-doua-treimi-din-15-este-egal-cu-9-99\/\">Teoremei Precup<\/a>. <\/p>\n\n\n\n<p>Dosarul judecat la Tribunalul Bucure\u0219ti a fost deschis dup\u0103 ce, unul dintre proprietarii de terenuri care urmeaz\u0103 s\u0103 fie expropria\u021bi pentru a face loc Sectorului Zero a reclamat Consiliul Local \u0219i Prim\u0103ria Mogo\u0219oaia. B\u0103rbatul a cerut anularea hot\u0103r\u00e2rilor prin care se aproba documenta\u021bia de reconfigurare teritorial\u0103 a comunei. Iar judec\u0103torii i-au dat dreptate \u00een prim\u0103 instan\u021b\u0103.<\/p>\n\n\n\n<p><em>Admite \u00een parte cererea de chemare \u00een judecat\u0103. Anuleaz\u0103 H.C.L. Mogo\u015foaia nr. 59\/02.07.2021, H.C.L. Mogo\u015foaia nr. 60\/02.07.2021, H.C.L. Mogo\u015foaia nr. 115\/14.12.2021. Respinge cererea de anulare a H.C.L. Mogo\u015foaia nr. 107\/26.11.2021 \u015fi H.C.L. Mogo\u015foaia nr. 114\/14.12.2021, ca ne\u00eentemeiat\u0103. Suspend\u0103 executarea H.C.L. Mogo\u015foaia nr. 115\/14.12.2021. Respinge cererea de suspendare a execut\u0103rii H.C.L. Mogo\u015foaia nr. 107\/26.11.2021 \u015fi H.C.L. Mogo\u015foaia nr. 114\/14.12.2021. Oblig\u0103 p\u00e2r\u00e2\u0163ii, \u00een solidar, la plata c\u0103tre reclamant a sumei de 2095 lei cu titlu de cheltuieli de judecat\u0103, const\u00e2nd \u00een tax\u0103 judiciar\u0103 de timbru \u015fi onorariu de avocat. Cu recurs \u00een termen de 15 zile de la comunicare, care se va depune la Tribunalul Bucure\u015fti &#8211; Sec\u0163ia a II-a de Contencios Administrativ \u015fi Fiscal, pentru cap\u0103tul de cerere av\u00e2nd ca obiect anularea actului administrativ fiscal. Cu recurs \u00een termen de 5 zile de la comunicare, care se va depune la Tribunalul Bucure\u015fti &#8211; Sec\u0163ia a II-a de Contencios Administrativ \u015fi Fiscal, pentru cap\u0103tul de cerere av\u00e2nd ca obiect suspendarea execut\u0103rii actului administrativ fiscal. &#8211; <\/em>sursa Tribunalul Bucure\u0219ti<\/p>\n\n\n\n<h2 class=\"wp-block-heading\">Proiectul Sector Zero pus pe pauz\u0103 de instan\u021be<\/h2>\n\n\n\n<p>\u00cen iulie 2021, consilierii locali din Mogo\u0219oaia au aprobat, \u00een dou\u0103 hot\u0103r\u00e2ri, na\u0219terea Sectorului Zero. Prima, <a href=\"https:\/\/www.eprim.ro\/portal\/ilfov\/mogosoaia\/2021\/hotarari.nsf\/vwHotarariByAn\/1F91591CA0A43BD8C22587070033C386\/$FILE\/HCL%20nr.%2059%20din%2002.07.2021_Redacted.pdf\">HCL 59\/2021<\/a>, aproba <em>Documenta\u021bia topo castral\u0103, documenta\u021bie tehnic\u0103 pentru reconfigurarea parcelelor \u00een vederea dezvolt\u0103rii urbanistice a terenurilor agricole prin schimbarea regimului juridic, economic sau tehnic, cu modificarea geometriei, pozi\u021bion\u0103rii \u0219i a suprafe\u021bei parcelelor, de preg\u0103tire a terenului \u00een Sectorul Zero, comunica Mogo\u0219oaia, jude\u021bul Ilfov.<\/em><\/p>\n\n\n\n<p>A doua hot\u0103r\u00e2re, <a href=\"https:\/\/primaria.mogosoaia.ro\/hotararea-60-02-07-2021\/\">HCL 60\/2021<\/a>, stabilea <em>&nbsp;Regulamentul privind reconfigurarea parcelelor \u00een vederea dezvolt\u0103rii urbanistice a terenurilor agricole prin schimbarea regimului juridic, economic sau tehnic cu modificarea geometriei, pozi\u021bion\u0103rii \u0219i a suprafe\u021bei parcelelor \u0219i de preg\u0103tire a terenului \u00een Sectorul Zero, Comuna Mogo\u0219oaia, jude\u021b Ilfov \u00een suprafa\u021b\u0103 total\u0103 de 1168,51 hectare din cadrul unit\u0103\u021bii administrativ \u2013 teritoriale Mogo\u0219oaia, jude\u021b Ilfov<\/em>.<\/p>\n\n\n\n<p>A treia hot\u0103r\u00e2re anulat\u0103 de judec\u0103tori este din decembrie 2021, <a href=\"https:\/\/primaria.mogosoaia.ro\/hotararea-115-14-12-2021\/\">HCL 115\/2021<\/a>, hot\u0103r\u00e2re ce d\u0103dea startul exproprierilor. <\/p>\n\n\n\n<p>Decizia Tribunalului Bucure\u0219ti \u00een acest dosar este o premier\u0103. Mai exist\u0103, \u00eens\u0103, mai multe solu\u021bii de suspendare a execut\u0103rii hot\u0103r\u00e2rilor, p\u00e2n\u0103 la judecata pe fond, date de judec\u0103tori \u00een alte dosare.<\/p>\n\n\n\n<p><a href=\"https:\/\/buletin.de\/bucuresti\/tribunalul-bucuresti-suspenda-exproprierile-la-mogosoaia-decizia-nu-e-definitiva\/\">CITE\u0218TE AICI<\/a><\/p>\n\n\n\n<p>Pe rolul instan\u021belor sunt nu mai pu\u021bin de 50 de procese pentru desfiin\u021barea Sectorului Zero.<\/p>\n\n\n\n<h2 class=\"wp-block-heading\">Megaproiectul Sector Zero, indirect, \u0219i la Curtea Constitu\u021bional\u0103<\/h2>\n\n\n\n<p>Toate deciziile legate de \u00eenfiin\u021barea Sectorului Zero sau de exproprieri trebuiau luate, conform Codului Administrativ, cu majoritatea calificat\u0103 a voturilor din Consiliul Local Mogo\u0219oaia, fiind vorba de decizii care afecteaz\u0103 proprietatea. \u0218i aici a intervenit o rescriere a aritmeticii \u00eencercat\u0103 de primarul Paul Precup, creatorul proiectului Sector Zero. <\/p>\n\n\n\n<p>Primarul a vrut neap\u0103rat ca num\u0103rul necesar de voturi pentru aprobarea exproprierilor din comuna sa s\u0103 nu mai fie 11, a\u0219a cum stabilise acela\u0219i Consiliu Local prin regulamentul de func\u021bionare, ca fiind majoritatea calificat\u0103 \u00een consiliul din Mogo\u0219oaia cu 15 ale\u0219i, ci 10. \u0218i a demonstrat, cu creta pe tabl\u0103, c\u0103 2\/3*15=9.99. <\/p>\n\n\n\n<figure class=\"wp-block-embed is-type-wp-embed is-provider-buletin-de-bucure\u0219ti wp-block-embed-buletin-de-bucure\u0219ti\"><div class=\"wp-block-embed__wrapper\">\n<blockquote class=\"wp-embedded-content\" data-secret=\"nxjY0grse4\"><a href=\"https:\/\/buletin.de\/bucuresti\/teorema-precup-doua-treimi-din-15-fac-9-99-10-consilieri-locali-din-mogosoaia-au-fost-de-acord\/\">Teorema Precup: dou\u0103 treimi din 15 fac 9.99. 10 consilieri locali din Mogo\u0219oaia au fost de acord<\/a><\/blockquote><iframe class=\"wp-embedded-content\" sandbox=\"allow-scripts\" security=\"restricted\" style=\"position: absolute; clip: rect(1px, 1px, 1px, 1px);\" title=\"&#8222;Teorema Precup: dou\u0103 treimi din 15 fac 9.99. 10 consilieri locali din Mogo\u0219oaia au fost de acord&#8221; &#8212; Buletin de Bucure\u0219ti\" src=\"https:\/\/buletin.de\/bucuresti\/teorema-precup-doua-treimi-din-15-fac-9-99-10-consilieri-locali-din-mogosoaia-au-fost-de-acord\/embed\/#?secret=3MCk54t1tP#?secret=nxjY0grse4\" data-secret=\"nxjY0grse4\" width=\"600\" height=\"338\" frameborder=\"0\" marginwidth=\"0\" marginheight=\"0\" scrolling=\"no\"><\/iframe>\n<\/div><\/figure>\n\n\n\n<p>Dezbaterea privind modul \u00een care se calculeaz\u0103 majoritatea calificat\u0103 a ajuns, la prim\u0103riei din Mogo\u0219oaia, la Curtea Constitu\u021bional\u0103 care se va pronun\u021ba, pe <a href=\"https:\/\/buletin.de\/bucuresti\/curtea-constitutionala-va-dezbate-teorema-lui-precup-vom-afla-daca-doua-treimi-din-15-este-egal-cu-9-99\/\">23 noiembrie<\/a>. <\/p>\n\n\n\n<p><\/p>\n\n\n\n<figure class=\"wp-block-embed is-type-wp-embed is-provider-buletin-de-bucure\u0219ti wp-block-embed-buletin-de-bucure\u0219ti\"><div class=\"wp-block-embed__wrapper\">\n<blockquote class=\"wp-embedded-content\" data-secret=\"GMZjbXiJoJ\"><a href=\"https:\/\/buletin.de\/bucuresti\/megaproiectul-sectorul-0-mogosoaia-de-la-lanuri-si-paduri-la-blocuri-de-10-etaje-consilierii-dezbat-vineri-reconfigurarea-teritoriala-a-comunei\/\">Megaproiectul \u201eSectorul 0 Mogo\u0219oaia\u201d | De la lanuri \u0219i p\u0103duri, la blocuri de 10 etaje. Reconfigurarea teritorial\u0103 a comunei, dezb\u0103tut\u0103 de Consiliul Local<\/a><\/blockquote><iframe class=\"wp-embedded-content\" sandbox=\"allow-scripts\" security=\"restricted\" style=\"position: absolute; clip: rect(1px, 1px, 1px, 1px);\" title=\"&#8222;Megaproiectul \u201eSectorul 0 Mogo\u0219oaia\u201d | De la lanuri \u0219i p\u0103duri, la blocuri de 10 etaje. Reconfigurarea teritorial\u0103 a comunei, dezb\u0103tut\u0103 de Consiliul Local&#8221; &#8212; Buletin de Bucure\u0219ti\" src=\"https:\/\/buletin.de\/bucuresti\/megaproiectul-sectorul-0-mogosoaia-de-la-lanuri-si-paduri-la-blocuri-de-10-etaje-consilierii-dezbat-vineri-reconfigurarea-teritoriala-a-comunei\/embed\/#?secret=f2lrZwydPz#?secret=GMZjbXiJoJ\" data-secret=\"GMZjbXiJoJ\" width=\"600\" height=\"338\" frameborder=\"0\" marginwidth=\"0\" marginheight=\"0\" scrolling=\"no\"><\/iframe>\n<\/div><\/figure>\n","protected":false},"excerpt":{"rendered":"<p>Magistra\u021bii de la Tribunalul Bucure\u0219ti s-au pronun\u021bat \u00eentr-unul din nenum\u0103ratele dosare \u00een care persoane fizice sau consilieri locali ai opozi\u021biei cer anularea actelor de na\u0219tere ale Sectorului Zero, la Mogo\u0219oaia. E vorba de trei decizii de Consiliu Local prin care s-a aprobat reconfigurarea teritorial\u0103 a comunei. Instan\u021ba a decis, \u00een premier\u0103, anularea hot\u0103r\u00e2rilor de consiliu. [&hellip;]<\/p>\n","protected":false},"author":18,"featured_media":35508,"comment_status":"closed","ping_status":"open","sticky":false,"template":"","format":"standard","meta":{"_acf_changed":false,"inline_featured_image":false,"ngg_post_thumbnail":0,"footnotes":""},"categories":[1432,62],"tags":[4054,820,1888,3730],"ppma_author":[22579],"class_list":["post-48027","post","type-post","status-publish","format-standard","has-post-thumbnail","hentry","category-buletin-de-ilfov","category-stiri","tag-anulare","tag-ilfov","tag-mogosoaia","tag-sectorul-zero"],"acf":[],"yoast_head":"<!-- This site is optimized with the Yoast SEO Premium plugin v25.3 (Yoast SEO v27.4) - https:\/\/yoast.com\/product\/yoast-seo-premium-wordpress\/ -->\n<title>Tribunalul Bucure\u0219ti a anulat \u00eenfiin\u021barea Sectorului Zero de la Mogo\u0219oaia. Decizia nu e definitiv\u0103 - Buletin de Bucure\u0219ti<\/title>\n<meta name=\"robots\" content=\"index, follow, max-snippet:-1, max-image-preview:large, max-video-preview:-1\" \/>\n<link rel=\"canonical\" href=\"https:\/\/buletin.de\/bucuresti\/tribunalul-bucuresti-a-anulat-infiintarea-sectorului-zero-de-la-mogosoaia-decizia-nu-e-definitiva\/\" \/>\n<meta property=\"og:locale\" content=\"en_GB\" \/>\n<meta property=\"og:type\" content=\"article\" \/>\n<meta property=\"og:title\" content=\"Tribunalul Bucure\u0219ti a anulat \u00eenfiin\u021barea Sectorului Zero de la Mogo\u0219oaia. Decizia nu e definitiv\u0103\" \/>\n<meta property=\"og:description\" content=\"Magistra\u021bii de la Tribunalul Bucure\u0219ti s-au pronun\u021bat \u00eentr-unul din nenum\u0103ratele dosare \u00een care persoane fizice sau consilieri locali ai opozi\u021biei cer anularea actelor de na\u0219tere ale Sectorului Zero, la Mogo\u0219oaia. E vorba de trei decizii de Consiliu Local prin care s-a aprobat reconfigurarea teritorial\u0103 a comunei. Instan\u021ba a decis, \u00een premier\u0103, anularea hot\u0103r\u00e2rilor de consiliu. [&hellip;]\" \/>\n<meta property=\"og:url\" content=\"https:\/\/buletin.de\/bucuresti\/tribunalul-bucuresti-a-anulat-infiintarea-sectorului-zero-de-la-mogosoaia-decizia-nu-e-definitiva\/\" \/>\n<meta property=\"og:site_name\" content=\"Buletin de Bucure\u0219ti\" \/>\n<meta property=\"article:publisher\" content=\"https:\/\/www.facebook.com\/buletin.de.buc\" \/>\n<meta property=\"article:published_time\" content=\"2022-11-10T10:52:19+00:00\" \/>\n<meta property=\"article:modified_time\" content=\"2022-11-11T06:48:25+00:00\" \/>\n<meta property=\"og:image\" content=\"https:\/\/buletin.de\/bucuresti\/wp-content\/uploads\/image-996-900x723.png\" \/>\n\t<meta property=\"og:image:width\" content=\"900\" \/>\n\t<meta property=\"og:image:height\" content=\"723\" \/>\n\t<meta property=\"og:image:type\" content=\"image\/png\" \/>\n<meta name=\"author\" content=\"Teodora Stroe\" \/>\n<meta name=\"twitter:card\" content=\"summary_large_image\" \/>\n<meta name=\"twitter:label1\" content=\"Written by\" \/>\n\t<meta name=\"twitter:data1\" content=\"Teodora Stroe\" \/>\n\t<meta name=\"twitter:label2\" content=\"Estimated reading time\" \/>\n\t<meta name=\"twitter:data2\" content=\"3 minutes\" \/>\n<script type=\"application\/ld+json\" class=\"yoast-schema-graph\">{\"@context\":\"https:\\\/\\\/schema.org\",\"@graph\":[{\"@type\":\"Article\",\"@id\":\"https:\\\/\\\/buletin.de\\\/bucuresti\\\/tribunalul-bucuresti-a-anulat-infiintarea-sectorului-zero-de-la-mogosoaia-decizia-nu-e-definitiva\\\/#article\",\"isPartOf\":{\"@id\":\"https:\\\/\\\/buletin.de\\\/bucuresti\\\/tribunalul-bucuresti-a-anulat-infiintarea-sectorului-zero-de-la-mogosoaia-decizia-nu-e-definitiva\\\/\"},\"author\":{\"name\":\"Teodora Stroe\",\"@id\":\"https:\\\/\\\/buletin.de\\\/bucuresti\\\/#\\\/schema\\\/person\\\/d369d7ddc775abece205795e0b804614\"},\"headline\":\"Tribunalul Bucure\u0219ti a anulat \u00eenfiin\u021barea Sectorului Zero de la Mogo\u0219oaia. Decizia nu e definitiv\u0103\",\"datePublished\":\"2022-11-10T10:52:19+00:00\",\"dateModified\":\"2022-11-11T06:48:25+00:00\",\"mainEntityOfPage\":{\"@id\":\"https:\\\/\\\/buletin.de\\\/bucuresti\\\/tribunalul-bucuresti-a-anulat-infiintarea-sectorului-zero-de-la-mogosoaia-decizia-nu-e-definitiva\\\/\"},\"wordCount\":753,\"publisher\":{\"@id\":\"https:\\\/\\\/buletin.de\\\/bucuresti\\\/#organization\"},\"image\":{\"@id\":\"https:\\\/\\\/buletin.de\\\/bucuresti\\\/tribunalul-bucuresti-a-anulat-infiintarea-sectorului-zero-de-la-mogosoaia-decizia-nu-e-definitiva\\\/#primaryimage\"},\"thumbnailUrl\":\"https:\\\/\\\/buletin.de\\\/bucuresti\\\/wp-content\\\/uploads\\\/image-996.png\",\"keywords\":[\"anulare\",\"Ilfov\",\"Mogo\u0219oaia\",\"sectorul zero\"],\"articleSection\":[\"Buletin de Ilfov\",\"\u0218tiri\"],\"inLanguage\":\"en-GB\",\"copyrightYear\":\"2022\",\"copyrightHolder\":{\"@id\":\"https:\\\/\\\/buletin.de\\\/bucuresti\\\/#organization\"}},{\"@type\":\"WebPage\",\"@id\":\"https:\\\/\\\/buletin.de\\\/bucuresti\\\/tribunalul-bucuresti-a-anulat-infiintarea-sectorului-zero-de-la-mogosoaia-decizia-nu-e-definitiva\\\/\",\"url\":\"https:\\\/\\\/buletin.de\\\/bucuresti\\\/tribunalul-bucuresti-a-anulat-infiintarea-sectorului-zero-de-la-mogosoaia-decizia-nu-e-definitiva\\\/\",\"name\":\"Tribunalul Bucure\u0219ti a anulat \u00eenfiin\u021barea Sectorului Zero de la Mogo\u0219oaia. Decizia nu e definitiv\u0103 - Buletin de Bucure\u0219ti\",\"isPartOf\":{\"@id\":\"https:\\\/\\\/buletin.de\\\/bucuresti\\\/#website\"},\"primaryImageOfPage\":{\"@id\":\"https:\\\/\\\/buletin.de\\\/bucuresti\\\/tribunalul-bucuresti-a-anulat-infiintarea-sectorului-zero-de-la-mogosoaia-decizia-nu-e-definitiva\\\/#primaryimage\"},\"image\":{\"@id\":\"https:\\\/\\\/buletin.de\\\/bucuresti\\\/tribunalul-bucuresti-a-anulat-infiintarea-sectorului-zero-de-la-mogosoaia-decizia-nu-e-definitiva\\\/#primaryimage\"},\"thumbnailUrl\":\"https:\\\/\\\/buletin.de\\\/bucuresti\\\/wp-content\\\/uploads\\\/image-996.png\",\"datePublished\":\"2022-11-10T10:52:19+00:00\",\"dateModified\":\"2022-11-11T06:48:25+00:00\",\"breadcrumb\":{\"@id\":\"https:\\\/\\\/buletin.de\\\/bucuresti\\\/tribunalul-bucuresti-a-anulat-infiintarea-sectorului-zero-de-la-mogosoaia-decizia-nu-e-definitiva\\\/#breadcrumb\"},\"inLanguage\":\"en-GB\",\"potentialAction\":[{\"@type\":\"ReadAction\",\"target\":[\"https:\\\/\\\/buletin.de\\\/bucuresti\\\/tribunalul-bucuresti-a-anulat-infiintarea-sectorului-zero-de-la-mogosoaia-decizia-nu-e-definitiva\\\/\"]}]},{\"@type\":\"ImageObject\",\"inLanguage\":\"en-GB\",\"@id\":\"https:\\\/\\\/buletin.de\\\/bucuresti\\\/tribunalul-bucuresti-a-anulat-infiintarea-sectorului-zero-de-la-mogosoaia-decizia-nu-e-definitiva\\\/#primaryimage\",\"url\":\"https:\\\/\\\/buletin.de\\\/bucuresti\\\/wp-content\\\/uploads\\\/image-996.png\",\"contentUrl\":\"https:\\\/\\\/buletin.de\\\/bucuresti\\\/wp-content\\\/uploads\\\/image-996.png\",\"width\":1401,\"height\":1125},{\"@type\":\"BreadcrumbList\",\"@id\":\"https:\\\/\\\/buletin.de\\\/bucuresti\\\/tribunalul-bucuresti-a-anulat-infiintarea-sectorului-zero-de-la-mogosoaia-decizia-nu-e-definitiva\\\/#breadcrumb\",\"itemListElement\":[{\"@type\":\"ListItem\",\"position\":1,\"name\":\"Acas\u0103\",\"item\":\"https:\\\/\\\/buletin.de\\\/bucuresti\\\/\"},{\"@type\":\"ListItem\",\"position\":2,\"name\":\"Tribunalul Bucure\u0219ti a anulat \u00eenfiin\u021barea Sectorului Zero de la Mogo\u0219oaia. Decizia nu e definitiv\u0103\"}]},{\"@type\":\"WebSite\",\"@id\":\"https:\\\/\\\/buletin.de\\\/bucuresti\\\/#website\",\"url\":\"https:\\\/\\\/buletin.de\\\/bucuresti\\\/\",\"name\":\"Buletin de Bucure\u0219ti\",\"description\":\"\u0218tiri \u0219i investiga\u021bii esen\u021biale din capital\u0103\",\"publisher\":{\"@id\":\"https:\\\/\\\/buletin.de\\\/bucuresti\\\/#organization\"},\"potentialAction\":[{\"@type\":\"SearchAction\",\"target\":{\"@type\":\"EntryPoint\",\"urlTemplate\":\"https:\\\/\\\/buletin.de\\\/bucuresti\\\/?s={search_term_string}\"},\"query-input\":{\"@type\":\"PropertyValueSpecification\",\"valueRequired\":true,\"valueName\":\"search_term_string\"}}],\"inLanguage\":\"en-GB\"},{\"@type\":\"Organization\",\"@id\":\"https:\\\/\\\/buletin.de\\\/bucuresti\\\/#organization\",\"name\":\"Buletin de Bucure\u0219ti\",\"url\":\"https:\\\/\\\/buletin.de\\\/bucuresti\\\/\",\"logo\":{\"@type\":\"ImageObject\",\"inLanguage\":\"en-GB\",\"@id\":\"https:\\\/\\\/buletin.de\\\/bucuresti\\\/#\\\/schema\\\/logo\\\/image\\\/\",\"url\":\"https:\\\/\\\/buletin.de\\\/bucuresti\\\/wp-content\\\/uploads\\\/logo-bdb-full-wide-vernil-transparent.png\",\"contentUrl\":\"https:\\\/\\\/buletin.de\\\/bucuresti\\\/wp-content\\\/uploads\\\/logo-bdb-full-wide-vernil-transparent.png\",\"width\":1782,\"height\":626,\"caption\":\"Buletin de Bucure\u0219ti\"},\"image\":{\"@id\":\"https:\\\/\\\/buletin.de\\\/bucuresti\\\/#\\\/schema\\\/logo\\\/image\\\/\"},\"sameAs\":[\"https:\\\/\\\/www.facebook.com\\\/buletin.de.buc\",\"https:\\\/\\\/www.instagram.com\\\/buletinde.bucuresti\\\/\"]},{\"@type\":\"Person\",\"@id\":\"https:\\\/\\\/buletin.de\\\/bucuresti\\\/#\\\/schema\\\/person\\\/d369d7ddc775abece205795e0b804614\",\"name\":\"Teodora Stroe\",\"image\":{\"@type\":\"ImageObject\",\"inLanguage\":\"en-GB\",\"@id\":\"https:\\\/\\\/secure.gravatar.com\\\/avatar\\\/2560b4cd9f5f1bc100b123158e657d75584bd1c3e1d9c69285720b9457c1b78d?s=96&d=monsterid&r=gc104800242ba5f2d78dd5d7dc4df08b6\",\"url\":\"https:\\\/\\\/secure.gravatar.com\\\/avatar\\\/2560b4cd9f5f1bc100b123158e657d75584bd1c3e1d9c69285720b9457c1b78d?s=96&d=monsterid&r=g\",\"contentUrl\":\"https:\\\/\\\/secure.gravatar.com\\\/avatar\\\/2560b4cd9f5f1bc100b123158e657d75584bd1c3e1d9c69285720b9457c1b78d?s=96&d=monsterid&r=g\",\"caption\":\"Teodora Stroe\"},\"url\":\"https:\\\/\\\/buletin.de\\\/bucuresti\\\/author\\\/simonacarlugea\\\/\"}]}<\/script>\n<!-- \/ Yoast SEO Premium plugin. -->","yoast_head_json":{"title":"Tribunalul Bucure\u0219ti a anulat \u00eenfiin\u021barea Sectorului Zero de la Mogo\u0219oaia. Decizia nu e definitiv\u0103 - Buletin de Bucure\u0219ti","robots":{"index":"index","follow":"follow","max-snippet":"max-snippet:-1","max-image-preview":"max-image-preview:large","max-video-preview":"max-video-preview:-1"},"canonical":"https:\/\/buletin.de\/bucuresti\/tribunalul-bucuresti-a-anulat-infiintarea-sectorului-zero-de-la-mogosoaia-decizia-nu-e-definitiva\/","og_locale":"en_GB","og_type":"article","og_title":"Tribunalul Bucure\u0219ti a anulat \u00eenfiin\u021barea Sectorului Zero de la Mogo\u0219oaia. Decizia nu e definitiv\u0103","og_description":"Magistra\u021bii de la Tribunalul Bucure\u0219ti s-au pronun\u021bat \u00eentr-unul din nenum\u0103ratele dosare \u00een care persoane fizice sau consilieri locali ai opozi\u021biei cer anularea actelor de na\u0219tere ale Sectorului Zero, la Mogo\u0219oaia. E vorba de trei decizii de Consiliu Local prin care s-a aprobat reconfigurarea teritorial\u0103 a comunei. Instan\u021ba a decis, \u00een premier\u0103, anularea hot\u0103r\u00e2rilor de consiliu. [&hellip;]","og_url":"https:\/\/buletin.de\/bucuresti\/tribunalul-bucuresti-a-anulat-infiintarea-sectorului-zero-de-la-mogosoaia-decizia-nu-e-definitiva\/","og_site_name":"Buletin de Bucure\u0219ti","article_publisher":"https:\/\/www.facebook.com\/buletin.de.buc","article_published_time":"2022-11-10T10:52:19+00:00","article_modified_time":"2022-11-11T06:48:25+00:00","og_image":[{"width":900,"height":723,"url":"https:\/\/buletin.de\/bucuresti\/wp-content\/uploads\/image-996-900x723.png","type":"image\/png"}],"author":"Teodora Stroe","twitter_card":"summary_large_image","twitter_misc":{"Written by":"Teodora Stroe","Estimated reading time":"3 minutes"},"schema":{"@context":"https:\/\/schema.org","@graph":[{"@type":"Article","@id":"https:\/\/buletin.de\/bucuresti\/tribunalul-bucuresti-a-anulat-infiintarea-sectorului-zero-de-la-mogosoaia-decizia-nu-e-definitiva\/#article","isPartOf":{"@id":"https:\/\/buletin.de\/bucuresti\/tribunalul-bucuresti-a-anulat-infiintarea-sectorului-zero-de-la-mogosoaia-decizia-nu-e-definitiva\/"},"author":{"name":"Teodora Stroe","@id":"https:\/\/buletin.de\/bucuresti\/#\/schema\/person\/d369d7ddc775abece205795e0b804614"},"headline":"Tribunalul Bucure\u0219ti a anulat \u00eenfiin\u021barea Sectorului Zero de la Mogo\u0219oaia. Decizia nu e definitiv\u0103","datePublished":"2022-11-10T10:52:19+00:00","dateModified":"2022-11-11T06:48:25+00:00","mainEntityOfPage":{"@id":"https:\/\/buletin.de\/bucuresti\/tribunalul-bucuresti-a-anulat-infiintarea-sectorului-zero-de-la-mogosoaia-decizia-nu-e-definitiva\/"},"wordCount":753,"publisher":{"@id":"https:\/\/buletin.de\/bucuresti\/#organization"},"image":{"@id":"https:\/\/buletin.de\/bucuresti\/tribunalul-bucuresti-a-anulat-infiintarea-sectorului-zero-de-la-mogosoaia-decizia-nu-e-definitiva\/#primaryimage"},"thumbnailUrl":"https:\/\/buletin.de\/bucuresti\/wp-content\/uploads\/image-996.png","keywords":["anulare","Ilfov","Mogo\u0219oaia","sectorul zero"],"articleSection":["Buletin de Ilfov","\u0218tiri"],"inLanguage":"en-GB","copyrightYear":"2022","copyrightHolder":{"@id":"https:\/\/buletin.de\/bucuresti\/#organization"}},{"@type":"WebPage","@id":"https:\/\/buletin.de\/bucuresti\/tribunalul-bucuresti-a-anulat-infiintarea-sectorului-zero-de-la-mogosoaia-decizia-nu-e-definitiva\/","url":"https:\/\/buletin.de\/bucuresti\/tribunalul-bucuresti-a-anulat-infiintarea-sectorului-zero-de-la-mogosoaia-decizia-nu-e-definitiva\/","name":"Tribunalul Bucure\u0219ti a anulat \u00eenfiin\u021barea Sectorului Zero de la Mogo\u0219oaia. Decizia nu e definitiv\u0103 - Buletin de Bucure\u0219ti","isPartOf":{"@id":"https:\/\/buletin.de\/bucuresti\/#website"},"primaryImageOfPage":{"@id":"https:\/\/buletin.de\/bucuresti\/tribunalul-bucuresti-a-anulat-infiintarea-sectorului-zero-de-la-mogosoaia-decizia-nu-e-definitiva\/#primaryimage"},"image":{"@id":"https:\/\/buletin.de\/bucuresti\/tribunalul-bucuresti-a-anulat-infiintarea-sectorului-zero-de-la-mogosoaia-decizia-nu-e-definitiva\/#primaryimage"},"thumbnailUrl":"https:\/\/buletin.de\/bucuresti\/wp-content\/uploads\/image-996.png","datePublished":"2022-11-10T10:52:19+00:00","dateModified":"2022-11-11T06:48:25+00:00","breadcrumb":{"@id":"https:\/\/buletin.de\/bucuresti\/tribunalul-bucuresti-a-anulat-infiintarea-sectorului-zero-de-la-mogosoaia-decizia-nu-e-definitiva\/#breadcrumb"},"inLanguage":"en-GB","potentialAction":[{"@type":"ReadAction","target":["https:\/\/buletin.de\/bucuresti\/tribunalul-bucuresti-a-anulat-infiintarea-sectorului-zero-de-la-mogosoaia-decizia-nu-e-definitiva\/"]}]},{"@type":"ImageObject","inLanguage":"en-GB","@id":"https:\/\/buletin.de\/bucuresti\/tribunalul-bucuresti-a-anulat-infiintarea-sectorului-zero-de-la-mogosoaia-decizia-nu-e-definitiva\/#primaryimage","url":"https:\/\/buletin.de\/bucuresti\/wp-content\/uploads\/image-996.png","contentUrl":"https:\/\/buletin.de\/bucuresti\/wp-content\/uploads\/image-996.png","width":1401,"height":1125},{"@type":"BreadcrumbList","@id":"https:\/\/buletin.de\/bucuresti\/tribunalul-bucuresti-a-anulat-infiintarea-sectorului-zero-de-la-mogosoaia-decizia-nu-e-definitiva\/#breadcrumb","itemListElement":[{"@type":"ListItem","position":1,"name":"Acas\u0103","item":"https:\/\/buletin.de\/bucuresti\/"},{"@type":"ListItem","position":2,"name":"Tribunalul Bucure\u0219ti a anulat \u00eenfiin\u021barea Sectorului Zero de la Mogo\u0219oaia. Decizia nu e definitiv\u0103"}]},{"@type":"WebSite","@id":"https:\/\/buletin.de\/bucuresti\/#website","url":"https:\/\/buletin.de\/bucuresti\/","name":"Buletin de Bucure\u0219ti","description":"\u0218tiri \u0219i investiga\u021bii esen\u021biale din capital\u0103","publisher":{"@id":"https:\/\/buletin.de\/bucuresti\/#organization"},"potentialAction":[{"@type":"SearchAction","target":{"@type":"EntryPoint","urlTemplate":"https:\/\/buletin.de\/bucuresti\/?s={search_term_string}"},"query-input":{"@type":"PropertyValueSpecification","valueRequired":true,"valueName":"search_term_string"}}],"inLanguage":"en-GB"},{"@type":"Organization","@id":"https:\/\/buletin.de\/bucuresti\/#organization","name":"Buletin de Bucure\u0219ti","url":"https:\/\/buletin.de\/bucuresti\/","logo":{"@type":"ImageObject","inLanguage":"en-GB","@id":"https:\/\/buletin.de\/bucuresti\/#\/schema\/logo\/image\/","url":"https:\/\/buletin.de\/bucuresti\/wp-content\/uploads\/logo-bdb-full-wide-vernil-transparent.png","contentUrl":"https:\/\/buletin.de\/bucuresti\/wp-content\/uploads\/logo-bdb-full-wide-vernil-transparent.png","width":1782,"height":626,"caption":"Buletin de Bucure\u0219ti"},"image":{"@id":"https:\/\/buletin.de\/bucuresti\/#\/schema\/logo\/image\/"},"sameAs":["https:\/\/www.facebook.com\/buletin.de.buc","https:\/\/www.instagram.com\/buletinde.bucuresti\/"]},{"@type":"Person","@id":"https:\/\/buletin.de\/bucuresti\/#\/schema\/person\/d369d7ddc775abece205795e0b804614","name":"Teodora Stroe","image":{"@type":"ImageObject","inLanguage":"en-GB","@id":"https:\/\/secure.gravatar.com\/avatar\/2560b4cd9f5f1bc100b123158e657d75584bd1c3e1d9c69285720b9457c1b78d?s=96&d=monsterid&r=gc104800242ba5f2d78dd5d7dc4df08b6","url":"https:\/\/secure.gravatar.com\/avatar\/2560b4cd9f5f1bc100b123158e657d75584bd1c3e1d9c69285720b9457c1b78d?s=96&d=monsterid&r=g","contentUrl":"https:\/\/secure.gravatar.com\/avatar\/2560b4cd9f5f1bc100b123158e657d75584bd1c3e1d9c69285720b9457c1b78d?s=96&d=monsterid&r=g","caption":"Teodora Stroe"},"url":"https:\/\/buletin.de\/bucuresti\/author\/simonacarlugea\/"}]}},"authors":[{"term_id":22579,"user_id":18,"is_guest":0,"slug":"simonacarlugea","display_name":"Teodora Stroe","avatar_url":"https:\/\/secure.gravatar.com\/avatar\/2560b4cd9f5f1bc100b123158e657d75584bd1c3e1d9c69285720b9457c1b78d?s=96&d=monsterid&r=g","0":null,"1":"","2":"","3":"","4":"","5":"","6":"","7":"","8":""}],"_links":{"self":[{"href":"https:\/\/buletin.de\/bucuresti\/wp-json\/wp\/v2\/posts\/48027","targetHints":{"allow":["GET"]}}],"collection":[{"href":"https:\/\/buletin.de\/bucuresti\/wp-json\/wp\/v2\/posts"}],"about":[{"href":"https:\/\/buletin.de\/bucuresti\/wp-json\/wp\/v2\/types\/post"}],"author":[{"embeddable":true,"href":"https:\/\/buletin.de\/bucuresti\/wp-json\/wp\/v2\/users\/18"}],"replies":[{"embeddable":true,"href":"https:\/\/buletin.de\/bucuresti\/wp-json\/wp\/v2\/comments?post=48027"}],"version-history":[{"count":5,"href":"https:\/\/buletin.de\/bucuresti\/wp-json\/wp\/v2\/posts\/48027\/revisions"}],"predecessor-version":[{"id":48061,"href":"https:\/\/buletin.de\/bucuresti\/wp-json\/wp\/v2\/posts\/48027\/revisions\/48061"}],"wp:featuredmedia":[{"embeddable":true,"href":"https:\/\/buletin.de\/bucuresti\/wp-json\/wp\/v2\/media\/35508"}],"wp:attachment":[{"href":"https:\/\/buletin.de\/bucuresti\/wp-json\/wp\/v2\/media?parent=48027"}],"wp:term":[{"taxonomy":"category","embeddable":true,"href":"https:\/\/buletin.de\/bucuresti\/wp-json\/wp\/v2\/categories?post=48027"},{"taxonomy":"post_tag","embeddable":true,"href":"https:\/\/buletin.de\/bucuresti\/wp-json\/wp\/v2\/tags?post=48027"},{"taxonomy":"author","embeddable":true,"href":"https:\/\/buletin.de\/bucuresti\/wp-json\/wp\/v2\/ppma_author?post=48027"}],"curies":[{"name":"wp","href":"https:\/\/api.w.org\/{rel}","templated":true}]}}