{"id":47939,"date":"2022-11-07T07:52:57","date_gmt":"2022-11-07T05:52:57","guid":{"rendered":"https:\/\/buletin.de\/bucuresti\/?p=47939"},"modified":"2022-11-07T07:52:58","modified_gmt":"2022-11-07T05:52:58","slug":"plata-contactless-la-55-de-automate-de-cartele-de-la-metrou","status":"publish","type":"post","link":"https:\/\/buletin.de\/bucuresti\/plata-contactless-la-55-de-automate-de-cartele-de-la-metrou\/","title":{"rendered":"Plata contactless la 55 de automate de cartele de la metrou"},"content":{"rendered":"\n<p><strong>Metrorex a anun\u021bat c\u0103 a finalizat montarea de terminale contactless la toate aparatele de v\u00e2ndut titluri de c\u0103l\u0103torie din toate sta\u021biile Magistralei 2 de metrou.<\/strong><\/p>\n\n\n\n<p>Persoanele care vor s\u0103 utilizeze metroul ca mijloc de transport \u00een comun pot pl\u0103ti contactless cu cardul bancar Visa\/Mastercard, smartphone-ul sau smartwatch-ul la cele 55 de aparate de v\u00e2ndut cartele aflate \u00een cele 14 sta\u021bii ale Magistralei 2. Este vorba despre sta\u021biile Berceni, Dimitrie Leonida, Ap\u0103r\u0103torii Patriei, Pia\u021ba Sudului, Constantin Br\u00e2ncoveanu, Eroii Revolu\u021biei, Tineretului, Pia\u021ba Unirii 2, Universitate, Pia\u021ba Roman\u0103, Pia\u021ba Victoriei 1, Aviatorilor, Aurel Vlaicu\u00a0\u0219i\u00a0Pipera.<\/p>\n\n\n\n<p>\u201c<em>Accesul la metroul din Bucure\u0219ti se poate face mult mai u\u0219or, prin simpla apropiere a cardului bancar contactless MasterCard sau Visa, indiferent de banca emitent\u0103, la por\u021bile de acces. \u00cen cazul \u00een care un c\u0103l\u0103tor dore\u0219te s\u0103 achite mai multe intr\u0103ri cu acela\u0219i card sau dispozitiv, trebuie s\u0103 apese, \u00eencep\u00e2nd cu a doua tranzac\u021bie consecutiv\u0103, tasta \u201e+\u201d de pe ecranul por\u021bilor de acces \u0219i apoi s\u0103 apropie cardul de semnul\u00a0contactless<\/em>\u201d, se arat\u0103 \u00een comunicatul Metrorex.<\/p>\n","protected":false},"excerpt":{"rendered":"<p>Metrorex a anun\u021bat c\u0103 a finalizat montarea de terminale contactless la toate aparatele de v\u00e2ndut titluri de c\u0103l\u0103torie din toate sta\u021biile Magistralei 2 de metrou. Persoanele care vor s\u0103 utilizeze metroul ca mijloc de transport \u00een comun pot pl\u0103ti contactless cu cardul bancar Visa\/Mastercard, smartphone-ul sau smartwatch-ul la cele 55 de aparate de v\u00e2ndut cartele [&hellip;]<\/p>\n","protected":false},"author":10,"featured_media":47940,"comment_status":"closed","ping_status":"open","sticky":false,"template":"","format":"standard","meta":{"_acf_changed":false,"inline_featured_image":false,"ngg_post_thumbnail":0,"footnotes":""},"categories":[62,650],"tags":[951,2048,4717,377],"ppma_author":[22575],"class_list":["post-47939","post","type-post","status-publish","format-standard","has-post-thumbnail","hentry","category-stiri","category-transport","tag-cartele","tag-contactless","tag-magistrala-2","tag-metrorex"],"acf":[],"yoast_head":"<!-- This site is optimized with the Yoast SEO Premium plugin v25.3 (Yoast SEO v27.5) - https:\/\/yoast.com\/product\/yoast-seo-premium-wordpress\/ -->\n<title>Plata contactless la 55 de automate de cartele de la metrou - Buletin de Bucure\u0219ti<\/title>\n<meta name=\"robots\" content=\"index, follow, max-snippet:-1, max-image-preview:large, max-video-preview:-1\" \/>\n<link rel=\"canonical\" href=\"https:\/\/buletin.de\/bucuresti\/plata-contactless-la-55-de-automate-de-cartele-de-la-metrou\/\" \/>\n<meta property=\"og:locale\" content=\"en_GB\" \/>\n<meta property=\"og:type\" content=\"article\" \/>\n<meta property=\"og:title\" content=\"Plata contactless la 55 de automate de cartele de la metrou\" \/>\n<meta property=\"og:description\" content=\"Metrorex a anun\u021bat c\u0103 a finalizat montarea de terminale contactless la toate aparatele de v\u00e2ndut titluri de c\u0103l\u0103torie din toate sta\u021biile Magistralei 2 de metrou. Persoanele care vor s\u0103 utilizeze metroul ca mijloc de transport \u00een comun pot pl\u0103ti contactless cu cardul bancar Visa\/Mastercard, smartphone-ul sau smartwatch-ul la cele 55 de aparate de v\u00e2ndut cartele [&hellip;]\" \/>\n<meta property=\"og:url\" content=\"https:\/\/buletin.de\/bucuresti\/plata-contactless-la-55-de-automate-de-cartele-de-la-metrou\/\" \/>\n<meta property=\"og:site_name\" content=\"Buletin de Bucure\u0219ti\" \/>\n<meta property=\"article:publisher\" content=\"https:\/\/www.facebook.com\/buletin.de.buc\" \/>\n<meta property=\"article:published_time\" content=\"2022-11-07T05:52:57+00:00\" \/>\n<meta property=\"article:modified_time\" content=\"2022-11-07T05:52:58+00:00\" \/>\n<meta property=\"og:image\" content=\"https:\/\/buletin.de\/bucuresti\/wp-content\/uploads\/validare-multipla.png\" \/>\n\t<meta property=\"og:image:width\" content=\"1415\" \/>\n\t<meta property=\"og:image:height\" content=\"2000\" \/>\n\t<meta property=\"og:image:type\" content=\"image\/png\" \/>\n<meta name=\"author\" content=\"C\u0103t\u0103lin Dosca\u0219\" \/>\n<meta name=\"twitter:card\" content=\"summary_large_image\" \/>\n<meta name=\"twitter:label1\" content=\"Written by\" \/>\n\t<meta name=\"twitter:data1\" content=\"C\u0103t\u0103lin Dosca\u0219\" \/>\n\t<meta name=\"twitter:label2\" content=\"Estimated reading time\" \/>\n\t<meta name=\"twitter:data2\" content=\"1 minute\" \/>\n<script type=\"application\/ld+json\" class=\"yoast-schema-graph\">{\"@context\":\"https:\\\/\\\/schema.org\",\"@graph\":[{\"@type\":\"Article\",\"@id\":\"https:\\\/\\\/buletin.de\\\/bucuresti\\\/plata-contactless-la-55-de-automate-de-cartele-de-la-metrou\\\/#article\",\"isPartOf\":{\"@id\":\"https:\\\/\\\/buletin.de\\\/bucuresti\\\/plata-contactless-la-55-de-automate-de-cartele-de-la-metrou\\\/\"},\"author\":{\"name\":\"C\u0103t\u0103lin Dosca\u0219\",\"@id\":\"https:\\\/\\\/buletin.de\\\/bucuresti\\\/#\\\/schema\\\/person\\\/31117187ed4d0bdb0a4c7d6acc79d0f8\"},\"headline\":\"Plata contactless la 55 de automate de cartele de la metrou\",\"datePublished\":\"2022-11-07T05:52:57+00:00\",\"dateModified\":\"2022-11-07T05:52:58+00:00\",\"mainEntityOfPage\":{\"@id\":\"https:\\\/\\\/buletin.de\\\/bucuresti\\\/plata-contactless-la-55-de-automate-de-cartele-de-la-metrou\\\/\"},\"wordCount\":201,\"publisher\":{\"@id\":\"https:\\\/\\\/buletin.de\\\/bucuresti\\\/#organization\"},\"image\":{\"@id\":\"https:\\\/\\\/buletin.de\\\/bucuresti\\\/plata-contactless-la-55-de-automate-de-cartele-de-la-metrou\\\/#primaryimage\"},\"thumbnailUrl\":\"https:\\\/\\\/buletin.de\\\/bucuresti\\\/wp-content\\\/uploads\\\/validare-multipla.png\",\"keywords\":[\"cartele\",\"Contactless\",\"magistrala 2\",\"metrorex\"],\"articleSection\":[\"\u0218tiri\",\"Transport\"],\"inLanguage\":\"en-GB\",\"copyrightYear\":\"2022\",\"copyrightHolder\":{\"@id\":\"https:\\\/\\\/buletin.de\\\/bucuresti\\\/#organization\"}},{\"@type\":\"WebPage\",\"@id\":\"https:\\\/\\\/buletin.de\\\/bucuresti\\\/plata-contactless-la-55-de-automate-de-cartele-de-la-metrou\\\/\",\"url\":\"https:\\\/\\\/buletin.de\\\/bucuresti\\\/plata-contactless-la-55-de-automate-de-cartele-de-la-metrou\\\/\",\"name\":\"Plata contactless la 55 de automate de cartele de la metrou - Buletin de Bucure\u0219ti\",\"isPartOf\":{\"@id\":\"https:\\\/\\\/buletin.de\\\/bucuresti\\\/#website\"},\"primaryImageOfPage\":{\"@id\":\"https:\\\/\\\/buletin.de\\\/bucuresti\\\/plata-contactless-la-55-de-automate-de-cartele-de-la-metrou\\\/#primaryimage\"},\"image\":{\"@id\":\"https:\\\/\\\/buletin.de\\\/bucuresti\\\/plata-contactless-la-55-de-automate-de-cartele-de-la-metrou\\\/#primaryimage\"},\"thumbnailUrl\":\"https:\\\/\\\/buletin.de\\\/bucuresti\\\/wp-content\\\/uploads\\\/validare-multipla.png\",\"datePublished\":\"2022-11-07T05:52:57+00:00\",\"dateModified\":\"2022-11-07T05:52:58+00:00\",\"breadcrumb\":{\"@id\":\"https:\\\/\\\/buletin.de\\\/bucuresti\\\/plata-contactless-la-55-de-automate-de-cartele-de-la-metrou\\\/#breadcrumb\"},\"inLanguage\":\"en-GB\",\"potentialAction\":[{\"@type\":\"ReadAction\",\"target\":[\"https:\\\/\\\/buletin.de\\\/bucuresti\\\/plata-contactless-la-55-de-automate-de-cartele-de-la-metrou\\\/\"]}]},{\"@type\":\"ImageObject\",\"inLanguage\":\"en-GB\",\"@id\":\"https:\\\/\\\/buletin.de\\\/bucuresti\\\/plata-contactless-la-55-de-automate-de-cartele-de-la-metrou\\\/#primaryimage\",\"url\":\"https:\\\/\\\/buletin.de\\\/bucuresti\\\/wp-content\\\/uploads\\\/validare-multipla.png\",\"contentUrl\":\"https:\\\/\\\/buletin.de\\\/bucuresti\\\/wp-content\\\/uploads\\\/validare-multipla.png\",\"width\":1415,\"height\":2000},{\"@type\":\"BreadcrumbList\",\"@id\":\"https:\\\/\\\/buletin.de\\\/bucuresti\\\/plata-contactless-la-55-de-automate-de-cartele-de-la-metrou\\\/#breadcrumb\",\"itemListElement\":[{\"@type\":\"ListItem\",\"position\":1,\"name\":\"Acas\u0103\",\"item\":\"https:\\\/\\\/buletin.de\\\/bucuresti\\\/\"},{\"@type\":\"ListItem\",\"position\":2,\"name\":\"Plata contactless la 55 de automate de cartele de la metrou\"}]},{\"@type\":\"WebSite\",\"@id\":\"https:\\\/\\\/buletin.de\\\/bucuresti\\\/#website\",\"url\":\"https:\\\/\\\/buletin.de\\\/bucuresti\\\/\",\"name\":\"Buletin de Bucure\u0219ti\",\"description\":\"\u0218tiri \u0219i investiga\u021bii esen\u021biale din capital\u0103\",\"publisher\":{\"@id\":\"https:\\\/\\\/buletin.de\\\/bucuresti\\\/#organization\"},\"potentialAction\":[{\"@type\":\"SearchAction\",\"target\":{\"@type\":\"EntryPoint\",\"urlTemplate\":\"https:\\\/\\\/buletin.de\\\/bucuresti\\\/?s={search_term_string}\"},\"query-input\":{\"@type\":\"PropertyValueSpecification\",\"valueRequired\":true,\"valueName\":\"search_term_string\"}}],\"inLanguage\":\"en-GB\"},{\"@type\":\"Organization\",\"@id\":\"https:\\\/\\\/buletin.de\\\/bucuresti\\\/#organization\",\"name\":\"Buletin de Bucure\u0219ti\",\"url\":\"https:\\\/\\\/buletin.de\\\/bucuresti\\\/\",\"logo\":{\"@type\":\"ImageObject\",\"inLanguage\":\"en-GB\",\"@id\":\"https:\\\/\\\/buletin.de\\\/bucuresti\\\/#\\\/schema\\\/logo\\\/image\\\/\",\"url\":\"https:\\\/\\\/buletin.de\\\/bucuresti\\\/wp-content\\\/uploads\\\/logo-bdb-full-wide-vernil-transparent.png\",\"contentUrl\":\"https:\\\/\\\/buletin.de\\\/bucuresti\\\/wp-content\\\/uploads\\\/logo-bdb-full-wide-vernil-transparent.png\",\"width\":1782,\"height\":626,\"caption\":\"Buletin de Bucure\u0219ti\"},\"image\":{\"@id\":\"https:\\\/\\\/buletin.de\\\/bucuresti\\\/#\\\/schema\\\/logo\\\/image\\\/\"},\"sameAs\":[\"https:\\\/\\\/www.facebook.com\\\/buletin.de.buc\",\"https:\\\/\\\/www.instagram.com\\\/buletinde.bucuresti\\\/\"]},{\"@type\":\"Person\",\"@id\":\"https:\\\/\\\/buletin.de\\\/bucuresti\\\/#\\\/schema\\\/person\\\/31117187ed4d0bdb0a4c7d6acc79d0f8\",\"name\":\"C\u0103t\u0103lin Dosca\u0219\",\"image\":{\"@type\":\"ImageObject\",\"inLanguage\":\"en-GB\",\"@id\":\"https:\\\/\\\/buletin.de\\\/bucuresti\\\/wp-content\\\/uploads\\\/Catalin-Doscas-e1732731064764-96x96.jpga93e2943bb3b1c1f9ead823df6e6317a\",\"url\":\"https:\\\/\\\/buletin.de\\\/bucuresti\\\/wp-content\\\/uploads\\\/Catalin-Doscas-e1732731064764-96x96.jpg\",\"contentUrl\":\"https:\\\/\\\/buletin.de\\\/bucuresti\\\/wp-content\\\/uploads\\\/Catalin-Doscas-e1732731064764-96x96.jpg\",\"caption\":\"C\u0103t\u0103lin Dosca\u0219\"},\"description\":\"Reporter \u0219i redactor-\u0219ef Buletin de Bucure\u0219ti. Lucreaz\u0103 \u00een mass-media de la v\u00e2rsta de 15 ani, c\u00e2nd a publicat primele articole \u00een presa local\u0103 din Tecuci. \u00cen Bucure\u0219ti a lucrat \u00een redac\u021bii radio ca reporter, redactor \u0219i prezentator (StudentFM, Na\u021bionalFM, Radio Total, Smart FM), unde a acoperit domeniile politic, economic, social \u0219i externe. Ulterior, a fost editor-coordonator al postului Realitatea FM. Experien\u021ba \u00een jurnalismul online a dob\u00e2ndit-o la portalul B365.ro, unde a fost editor. \u00cen 2012 s-a angajat \u00een televiziune. La Realitatea TV a fost, pe r\u00e2nd, reporter la sec\u021bia Social, reporter special la emisiunea de reportaje \u0219i anchete \u201eReporterii Realit\u0103\u021bii\u201d, dar \u0219i editor al jurnalelor de \u0219tiri. Ulterior, a f\u0103cut parte din sec\u021bia de Investiga\u021bii de la Digi24 \u0219i a lucrat la campania \u201eRom\u00e2nia furat\u0103\u201d. A revenit \u00een presa scris\u0103 \u00een 2017, ca reporter special, \u00een cadrul unui proiect de repozi\u021bionare a tabloidului Libertatea \u00een cotidian generalist. Este jurnalist Buletin de Bucure\u0219ti din 2019.\",\"url\":\"https:\\\/\\\/buletin.de\\\/bucuresti\\\/author\\\/catalin\\\/\"}]}<\/script>\n<!-- \/ Yoast SEO Premium plugin. -->","yoast_head_json":{"title":"Plata contactless la 55 de automate de cartele de la metrou - Buletin de Bucure\u0219ti","robots":{"index":"index","follow":"follow","max-snippet":"max-snippet:-1","max-image-preview":"max-image-preview:large","max-video-preview":"max-video-preview:-1"},"canonical":"https:\/\/buletin.de\/bucuresti\/plata-contactless-la-55-de-automate-de-cartele-de-la-metrou\/","og_locale":"en_GB","og_type":"article","og_title":"Plata contactless la 55 de automate de cartele de la metrou","og_description":"Metrorex a anun\u021bat c\u0103 a finalizat montarea de terminale contactless la toate aparatele de v\u00e2ndut titluri de c\u0103l\u0103torie din toate sta\u021biile Magistralei 2 de metrou. Persoanele care vor s\u0103 utilizeze metroul ca mijloc de transport \u00een comun pot pl\u0103ti contactless cu cardul bancar Visa\/Mastercard, smartphone-ul sau smartwatch-ul la cele 55 de aparate de v\u00e2ndut cartele [&hellip;]","og_url":"https:\/\/buletin.de\/bucuresti\/plata-contactless-la-55-de-automate-de-cartele-de-la-metrou\/","og_site_name":"Buletin de Bucure\u0219ti","article_publisher":"https:\/\/www.facebook.com\/buletin.de.buc","article_published_time":"2022-11-07T05:52:57+00:00","article_modified_time":"2022-11-07T05:52:58+00:00","og_image":[{"width":1415,"height":2000,"url":"https:\/\/buletin.de\/bucuresti\/wp-content\/uploads\/validare-multipla.png","type":"image\/png"}],"author":"C\u0103t\u0103lin Dosca\u0219","twitter_card":"summary_large_image","twitter_misc":{"Written by":"C\u0103t\u0103lin Dosca\u0219","Estimated reading time":"1 minute"},"schema":{"@context":"https:\/\/schema.org","@graph":[{"@type":"Article","@id":"https:\/\/buletin.de\/bucuresti\/plata-contactless-la-55-de-automate-de-cartele-de-la-metrou\/#article","isPartOf":{"@id":"https:\/\/buletin.de\/bucuresti\/plata-contactless-la-55-de-automate-de-cartele-de-la-metrou\/"},"author":{"name":"C\u0103t\u0103lin Dosca\u0219","@id":"https:\/\/buletin.de\/bucuresti\/#\/schema\/person\/31117187ed4d0bdb0a4c7d6acc79d0f8"},"headline":"Plata contactless la 55 de automate de cartele de la metrou","datePublished":"2022-11-07T05:52:57+00:00","dateModified":"2022-11-07T05:52:58+00:00","mainEntityOfPage":{"@id":"https:\/\/buletin.de\/bucuresti\/plata-contactless-la-55-de-automate-de-cartele-de-la-metrou\/"},"wordCount":201,"publisher":{"@id":"https:\/\/buletin.de\/bucuresti\/#organization"},"image":{"@id":"https:\/\/buletin.de\/bucuresti\/plata-contactless-la-55-de-automate-de-cartele-de-la-metrou\/#primaryimage"},"thumbnailUrl":"https:\/\/buletin.de\/bucuresti\/wp-content\/uploads\/validare-multipla.png","keywords":["cartele","Contactless","magistrala 2","metrorex"],"articleSection":["\u0218tiri","Transport"],"inLanguage":"en-GB","copyrightYear":"2022","copyrightHolder":{"@id":"https:\/\/buletin.de\/bucuresti\/#organization"}},{"@type":"WebPage","@id":"https:\/\/buletin.de\/bucuresti\/plata-contactless-la-55-de-automate-de-cartele-de-la-metrou\/","url":"https:\/\/buletin.de\/bucuresti\/plata-contactless-la-55-de-automate-de-cartele-de-la-metrou\/","name":"Plata contactless la 55 de automate de cartele de la metrou - Buletin de Bucure\u0219ti","isPartOf":{"@id":"https:\/\/buletin.de\/bucuresti\/#website"},"primaryImageOfPage":{"@id":"https:\/\/buletin.de\/bucuresti\/plata-contactless-la-55-de-automate-de-cartele-de-la-metrou\/#primaryimage"},"image":{"@id":"https:\/\/buletin.de\/bucuresti\/plata-contactless-la-55-de-automate-de-cartele-de-la-metrou\/#primaryimage"},"thumbnailUrl":"https:\/\/buletin.de\/bucuresti\/wp-content\/uploads\/validare-multipla.png","datePublished":"2022-11-07T05:52:57+00:00","dateModified":"2022-11-07T05:52:58+00:00","breadcrumb":{"@id":"https:\/\/buletin.de\/bucuresti\/plata-contactless-la-55-de-automate-de-cartele-de-la-metrou\/#breadcrumb"},"inLanguage":"en-GB","potentialAction":[{"@type":"ReadAction","target":["https:\/\/buletin.de\/bucuresti\/plata-contactless-la-55-de-automate-de-cartele-de-la-metrou\/"]}]},{"@type":"ImageObject","inLanguage":"en-GB","@id":"https:\/\/buletin.de\/bucuresti\/plata-contactless-la-55-de-automate-de-cartele-de-la-metrou\/#primaryimage","url":"https:\/\/buletin.de\/bucuresti\/wp-content\/uploads\/validare-multipla.png","contentUrl":"https:\/\/buletin.de\/bucuresti\/wp-content\/uploads\/validare-multipla.png","width":1415,"height":2000},{"@type":"BreadcrumbList","@id":"https:\/\/buletin.de\/bucuresti\/plata-contactless-la-55-de-automate-de-cartele-de-la-metrou\/#breadcrumb","itemListElement":[{"@type":"ListItem","position":1,"name":"Acas\u0103","item":"https:\/\/buletin.de\/bucuresti\/"},{"@type":"ListItem","position":2,"name":"Plata contactless la 55 de automate de cartele de la metrou"}]},{"@type":"WebSite","@id":"https:\/\/buletin.de\/bucuresti\/#website","url":"https:\/\/buletin.de\/bucuresti\/","name":"Buletin de Bucure\u0219ti","description":"\u0218tiri \u0219i investiga\u021bii esen\u021biale din capital\u0103","publisher":{"@id":"https:\/\/buletin.de\/bucuresti\/#organization"},"potentialAction":[{"@type":"SearchAction","target":{"@type":"EntryPoint","urlTemplate":"https:\/\/buletin.de\/bucuresti\/?s={search_term_string}"},"query-input":{"@type":"PropertyValueSpecification","valueRequired":true,"valueName":"search_term_string"}}],"inLanguage":"en-GB"},{"@type":"Organization","@id":"https:\/\/buletin.de\/bucuresti\/#organization","name":"Buletin de Bucure\u0219ti","url":"https:\/\/buletin.de\/bucuresti\/","logo":{"@type":"ImageObject","inLanguage":"en-GB","@id":"https:\/\/buletin.de\/bucuresti\/#\/schema\/logo\/image\/","url":"https:\/\/buletin.de\/bucuresti\/wp-content\/uploads\/logo-bdb-full-wide-vernil-transparent.png","contentUrl":"https:\/\/buletin.de\/bucuresti\/wp-content\/uploads\/logo-bdb-full-wide-vernil-transparent.png","width":1782,"height":626,"caption":"Buletin de Bucure\u0219ti"},"image":{"@id":"https:\/\/buletin.de\/bucuresti\/#\/schema\/logo\/image\/"},"sameAs":["https:\/\/www.facebook.com\/buletin.de.buc","https:\/\/www.instagram.com\/buletinde.bucuresti\/"]},{"@type":"Person","@id":"https:\/\/buletin.de\/bucuresti\/#\/schema\/person\/31117187ed4d0bdb0a4c7d6acc79d0f8","name":"C\u0103t\u0103lin Dosca\u0219","image":{"@type":"ImageObject","inLanguage":"en-GB","@id":"https:\/\/buletin.de\/bucuresti\/wp-content\/uploads\/Catalin-Doscas-e1732731064764-96x96.jpga93e2943bb3b1c1f9ead823df6e6317a","url":"https:\/\/buletin.de\/bucuresti\/wp-content\/uploads\/Catalin-Doscas-e1732731064764-96x96.jpg","contentUrl":"https:\/\/buletin.de\/bucuresti\/wp-content\/uploads\/Catalin-Doscas-e1732731064764-96x96.jpg","caption":"C\u0103t\u0103lin Dosca\u0219"},"description":"Reporter \u0219i redactor-\u0219ef Buletin de Bucure\u0219ti. Lucreaz\u0103 \u00een mass-media de la v\u00e2rsta de 15 ani, c\u00e2nd a publicat primele articole \u00een presa local\u0103 din Tecuci. \u00cen Bucure\u0219ti a lucrat \u00een redac\u021bii radio ca reporter, redactor \u0219i prezentator (StudentFM, Na\u021bionalFM, Radio Total, Smart FM), unde a acoperit domeniile politic, economic, social \u0219i externe. Ulterior, a fost editor-coordonator al postului Realitatea FM. Experien\u021ba \u00een jurnalismul online a dob\u00e2ndit-o la portalul B365.ro, unde a fost editor. \u00cen 2012 s-a angajat \u00een televiziune. La Realitatea TV a fost, pe r\u00e2nd, reporter la sec\u021bia Social, reporter special la emisiunea de reportaje \u0219i anchete \u201eReporterii Realit\u0103\u021bii\u201d, dar \u0219i editor al jurnalelor de \u0219tiri. Ulterior, a f\u0103cut parte din sec\u021bia de Investiga\u021bii de la Digi24 \u0219i a lucrat la campania \u201eRom\u00e2nia furat\u0103\u201d. A revenit \u00een presa scris\u0103 \u00een 2017, ca reporter special, \u00een cadrul unui proiect de repozi\u021bionare a tabloidului Libertatea \u00een cotidian generalist. Este jurnalist Buletin de Bucure\u0219ti din 2019.","url":"https:\/\/buletin.de\/bucuresti\/author\/catalin\/"}]}},"authors":[{"term_id":22575,"user_id":10,"is_guest":0,"slug":"catalin","display_name":"C\u0103t\u0103lin Dosca\u0219","avatar_url":"https:\/\/buletin.de\/bucuresti\/wp-content\/uploads\/Catalin-Doscas-e1732731064764-96x96.jpg","0":null,"1":"","2":"","3":"","4":"","5":"","6":"","7":"","8":""}],"_links":{"self":[{"href":"https:\/\/buletin.de\/bucuresti\/wp-json\/wp\/v2\/posts\/47939","targetHints":{"allow":["GET"]}}],"collection":[{"href":"https:\/\/buletin.de\/bucuresti\/wp-json\/wp\/v2\/posts"}],"about":[{"href":"https:\/\/buletin.de\/bucuresti\/wp-json\/wp\/v2\/types\/post"}],"author":[{"embeddable":true,"href":"https:\/\/buletin.de\/bucuresti\/wp-json\/wp\/v2\/users\/10"}],"replies":[{"embeddable":true,"href":"https:\/\/buletin.de\/bucuresti\/wp-json\/wp\/v2\/comments?post=47939"}],"version-history":[{"count":1,"href":"https:\/\/buletin.de\/bucuresti\/wp-json\/wp\/v2\/posts\/47939\/revisions"}],"predecessor-version":[{"id":47941,"href":"https:\/\/buletin.de\/bucuresti\/wp-json\/wp\/v2\/posts\/47939\/revisions\/47941"}],"wp:featuredmedia":[{"embeddable":true,"href":"https:\/\/buletin.de\/bucuresti\/wp-json\/wp\/v2\/media\/47940"}],"wp:attachment":[{"href":"https:\/\/buletin.de\/bucuresti\/wp-json\/wp\/v2\/media?parent=47939"}],"wp:term":[{"taxonomy":"category","embeddable":true,"href":"https:\/\/buletin.de\/bucuresti\/wp-json\/wp\/v2\/categories?post=47939"},{"taxonomy":"post_tag","embeddable":true,"href":"https:\/\/buletin.de\/bucuresti\/wp-json\/wp\/v2\/tags?post=47939"},{"taxonomy":"author","embeddable":true,"href":"https:\/\/buletin.de\/bucuresti\/wp-json\/wp\/v2\/ppma_author?post=47939"}],"curies":[{"name":"wp","href":"https:\/\/api.w.org\/{rel}","templated":true}]}}