{"id":47810,"date":"2022-10-31T15:16:56","date_gmt":"2022-10-31T13:16:56","guid":{"rendered":"https:\/\/buletin.de\/bucuresti\/?p=47810"},"modified":"2022-10-31T15:16:57","modified_gmt":"2022-10-31T13:16:57","slug":"federatia-romana-de-arte-martiale-primeste-gratuit-o-cladire-unde-vor-avea-loc-antrenamentele-loturilor-nationale-si-ale-copiilor-din-sectorul-1","status":"publish","type":"post","link":"https:\/\/buletin.de\/bucuresti\/federatia-romana-de-arte-martiale-primeste-gratuit-o-cladire-unde-vor-avea-loc-antrenamentele-loturilor-nationale-si-ale-copiilor-din-sectorul-1\/","title":{"rendered":"Federa\u021bia Rom\u00e2n\u0103 de Arte Mar\u021biale prime\u0219te gratuit o cl\u0103dire unde vor avea loc antrenamentele loturilor na\u021bionale \u0219i ale copiilor din Sectorul 1"},"content":{"rendered":"\n<p><strong>\u00cen urm\u0103torii patru ani, Prim\u0103ria Capitalei va da \u00een folosin\u021b\u0103, gratuit, Federa\u021biei Rom\u00e2ne de Arte Mar\u021biale o cl\u0103dire de pe strada Pajurei, nr.13. \u00cen aceast\u0103 cl\u0103dire vor avea loc at\u00e2t antrenamentele loturilor na\u021bionale de arte mar\u021biale ale Rom\u00e2niei, c\u00e2t \u0219i ini\u021bierea copiilor din Sectorul 1 \u00een artele mar\u021biale. Imobilul are o suprafa\u021b\u0103 total\u0103 de 476,24 mp. <\/strong><\/p>\n\n\n\n<p>Plata tuturor utilit\u0103\u021bilor, a cheltuielilor aferente lucr\u0103rilor de renovare, igienizare, recompartimentare, racordare la utilit\u0103\u021bi, precum \u0219i a tuturor taxelor aferente acestui spa\u021biu trebuie s\u0103 fie asigurate integral de c\u0103tre Federa\u021bia Rom\u00e2n\u0103 de Arte Mar\u021biale. Contractul de \u00eenchiriere va fi semnat \u00eentre Prim\u0103ria Sectorului 1 \u0219i Federa\u021bia Rom\u00e2n\u0103 de Arte Mar\u021biale, la 30 de zile de la adoptarea hot\u0103r\u00e2rii. <\/p>\n\n\n\n<p>Federa\u0163ia Rom\u00e2n\u0103 de Arte Mar\u0163iale (FRAM) a fost \u00eenfiin\u0163at\u0103 \u00een ianuarie 1990 prin Hot\u0103r\u00e2re de Guvern \u015fi a avut \u00een componen\u0163\u0103 toate stilurile de arte mar\u0163iale care se practicau \u00een Rom\u00e2nia la acea dat\u0103.&nbsp;FRAM are afiliate un num\u0103r de 217 structuri sportive \u0219i peste 4700 de sportivi cu viza la zi. \u00cen plan competi\u0163ional, la ramurile sportive din cadrul federa\u0163iei s-au ob\u021binut \u00een fiecare an rezultate foarte bune \u00een competi\u021biile interna\u021bionale, informeaz\u0103 Ministrul TIneretului \u0219i Sportului. <\/p>\n\n\n\n<p>Consilierii generali au aprobat, ast\u0103zi, dare \u00een folosin\u021b\u0103 imobilului cu 29 voturi pentru, dintre care 25 s-au exprimat din sala de sedn\u021b\u0103 \u0219i patru online.  <\/p>\n\n\n\n<p>Surs\u0103 Cover: FRAM.ro<\/p>\n","protected":false},"excerpt":{"rendered":"<p>\u00cen urm\u0103torii patru ani, Prim\u0103ria Capitalei va da \u00een folosin\u021b\u0103, gratuit, Federa\u021biei Rom\u00e2ne de Arte Mar\u021biale o cl\u0103dire de pe strada Pajurei, nr.13. \u00cen aceast\u0103 cl\u0103dire vor avea loc at\u00e2t antrenamentele loturilor na\u021bionale de arte mar\u021biale ale Rom\u00e2niei, c\u00e2t \u0219i ini\u021bierea copiilor din Sectorul 1 \u00een artele mar\u021biale. Imobilul are o suprafa\u021b\u0103 total\u0103 de 476,24 [&hellip;]<\/p>\n","protected":false},"author":17,"featured_media":47812,"comment_status":"closed","ping_status":"open","sticky":false,"template":"","format":"standard","meta":{"_acf_changed":false,"inline_featured_image":false,"ngg_post_thumbnail":0,"footnotes":""},"categories":[62],"tags":[],"ppma_author":[22576],"class_list":["post-47810","post","type-post","status-publish","format-standard","has-post-thumbnail","hentry","category-stiri"],"acf":[],"yoast_head":"<!-- This site is optimized with the Yoast SEO Premium plugin v25.3 (Yoast SEO v27.4) - https:\/\/yoast.com\/product\/yoast-seo-premium-wordpress\/ -->\n<title>Federa\u021bia Rom\u00e2n\u0103 de Arte Mar\u021biale prime\u0219te gratuit o cl\u0103dire unde vor avea loc antrenamentele loturilor na\u021bionale \u0219i ale copiilor din Sectorul 1 - Buletin de Bucure\u0219ti<\/title>\n<meta name=\"robots\" content=\"index, follow, max-snippet:-1, max-image-preview:large, max-video-preview:-1\" \/>\n<link rel=\"canonical\" href=\"https:\/\/buletin.de\/bucuresti\/federatia-romana-de-arte-martiale-primeste-gratuit-o-cladire-unde-vor-avea-loc-antrenamentele-loturilor-nationale-si-ale-copiilor-din-sectorul-1\/\" \/>\n<meta property=\"og:locale\" content=\"en_GB\" \/>\n<meta property=\"og:type\" content=\"article\" \/>\n<meta property=\"og:title\" content=\"Federa\u021bia Rom\u00e2n\u0103 de Arte Mar\u021biale prime\u0219te gratuit o cl\u0103dire unde vor avea loc antrenamentele loturilor na\u021bionale \u0219i ale copiilor din Sectorul 1\" \/>\n<meta property=\"og:description\" content=\"\u00cen urm\u0103torii patru ani, Prim\u0103ria Capitalei va da \u00een folosin\u021b\u0103, gratuit, Federa\u021biei Rom\u00e2ne de Arte Mar\u021biale o cl\u0103dire de pe strada Pajurei, nr.13. \u00cen aceast\u0103 cl\u0103dire vor avea loc at\u00e2t antrenamentele loturilor na\u021bionale de arte mar\u021biale ale Rom\u00e2niei, c\u00e2t \u0219i ini\u021bierea copiilor din Sectorul 1 \u00een artele mar\u021biale. Imobilul are o suprafa\u021b\u0103 total\u0103 de 476,24 [&hellip;]\" \/>\n<meta property=\"og:url\" content=\"https:\/\/buletin.de\/bucuresti\/federatia-romana-de-arte-martiale-primeste-gratuit-o-cladire-unde-vor-avea-loc-antrenamentele-loturilor-nationale-si-ale-copiilor-din-sectorul-1\/\" \/>\n<meta property=\"og:site_name\" content=\"Buletin de Bucure\u0219ti\" \/>\n<meta property=\"article:publisher\" content=\"https:\/\/www.facebook.com\/buletin.de.buc\" \/>\n<meta property=\"article:published_time\" content=\"2022-10-31T13:16:56+00:00\" \/>\n<meta property=\"article:modified_time\" content=\"2022-10-31T13:16:57+00:00\" \/>\n<meta property=\"og:image\" content=\"https:\/\/buletin.de\/bucuresti\/wp-content\/uploads\/martial-arts-fight-training-in-action-2021-08-26-16-26-04-utc-1140x700-1.jpeg\" \/>\n\t<meta property=\"og:image:width\" content=\"1140\" \/>\n\t<meta property=\"og:image:height\" content=\"700\" \/>\n\t<meta property=\"og:image:type\" content=\"image\/jpeg\" \/>\n<meta name=\"author\" content=\"Florin R\u00e2\u0219teiu\" \/>\n<meta name=\"twitter:card\" content=\"summary_large_image\" \/>\n<meta name=\"twitter:label1\" content=\"Written by\" \/>\n\t<meta name=\"twitter:data1\" content=\"Florin R\u00e2\u0219teiu\" \/>\n\t<meta name=\"twitter:label2\" content=\"Estimated reading time\" \/>\n\t<meta name=\"twitter:data2\" content=\"1 minute\" \/>\n<script type=\"application\/ld+json\" class=\"yoast-schema-graph\">{\"@context\":\"https:\\\/\\\/schema.org\",\"@graph\":[{\"@type\":\"Article\",\"@id\":\"https:\\\/\\\/buletin.de\\\/bucuresti\\\/federatia-romana-de-arte-martiale-primeste-gratuit-o-cladire-unde-vor-avea-loc-antrenamentele-loturilor-nationale-si-ale-copiilor-din-sectorul-1\\\/#article\",\"isPartOf\":{\"@id\":\"https:\\\/\\\/buletin.de\\\/bucuresti\\\/federatia-romana-de-arte-martiale-primeste-gratuit-o-cladire-unde-vor-avea-loc-antrenamentele-loturilor-nationale-si-ale-copiilor-din-sectorul-1\\\/\"},\"author\":{\"name\":\"Florin R\u00e2\u0219teiu\",\"@id\":\"https:\\\/\\\/buletin.de\\\/bucuresti\\\/#\\\/schema\\\/person\\\/b0686d7a8b666c6afc78239777fd8a89\"},\"headline\":\"Federa\u021bia Rom\u00e2n\u0103 de Arte Mar\u021biale prime\u0219te gratuit o cl\u0103dire unde vor avea loc antrenamentele loturilor na\u021bionale \u0219i ale copiilor din Sectorul 1\",\"datePublished\":\"2022-10-31T13:16:56+00:00\",\"dateModified\":\"2022-10-31T13:16:57+00:00\",\"mainEntityOfPage\":{\"@id\":\"https:\\\/\\\/buletin.de\\\/bucuresti\\\/federatia-romana-de-arte-martiale-primeste-gratuit-o-cladire-unde-vor-avea-loc-antrenamentele-loturilor-nationale-si-ale-copiilor-din-sectorul-1\\\/\"},\"wordCount\":282,\"publisher\":{\"@id\":\"https:\\\/\\\/buletin.de\\\/bucuresti\\\/#organization\"},\"image\":{\"@id\":\"https:\\\/\\\/buletin.de\\\/bucuresti\\\/federatia-romana-de-arte-martiale-primeste-gratuit-o-cladire-unde-vor-avea-loc-antrenamentele-loturilor-nationale-si-ale-copiilor-din-sectorul-1\\\/#primaryimage\"},\"thumbnailUrl\":\"https:\\\/\\\/buletin.de\\\/bucuresti\\\/wp-content\\\/uploads\\\/martial-arts-fight-training-in-action-2021-08-26-16-26-04-utc-1140x700-1.jpeg\",\"articleSection\":[\"\u0218tiri\"],\"inLanguage\":\"en-GB\",\"copyrightYear\":\"2022\",\"copyrightHolder\":{\"@id\":\"https:\\\/\\\/buletin.de\\\/bucuresti\\\/#organization\"}},{\"@type\":\"WebPage\",\"@id\":\"https:\\\/\\\/buletin.de\\\/bucuresti\\\/federatia-romana-de-arte-martiale-primeste-gratuit-o-cladire-unde-vor-avea-loc-antrenamentele-loturilor-nationale-si-ale-copiilor-din-sectorul-1\\\/\",\"url\":\"https:\\\/\\\/buletin.de\\\/bucuresti\\\/federatia-romana-de-arte-martiale-primeste-gratuit-o-cladire-unde-vor-avea-loc-antrenamentele-loturilor-nationale-si-ale-copiilor-din-sectorul-1\\\/\",\"name\":\"Federa\u021bia Rom\u00e2n\u0103 de Arte Mar\u021biale prime\u0219te gratuit o cl\u0103dire unde vor avea loc antrenamentele loturilor na\u021bionale \u0219i ale copiilor din Sectorul 1 - Buletin de Bucure\u0219ti\",\"isPartOf\":{\"@id\":\"https:\\\/\\\/buletin.de\\\/bucuresti\\\/#website\"},\"primaryImageOfPage\":{\"@id\":\"https:\\\/\\\/buletin.de\\\/bucuresti\\\/federatia-romana-de-arte-martiale-primeste-gratuit-o-cladire-unde-vor-avea-loc-antrenamentele-loturilor-nationale-si-ale-copiilor-din-sectorul-1\\\/#primaryimage\"},\"image\":{\"@id\":\"https:\\\/\\\/buletin.de\\\/bucuresti\\\/federatia-romana-de-arte-martiale-primeste-gratuit-o-cladire-unde-vor-avea-loc-antrenamentele-loturilor-nationale-si-ale-copiilor-din-sectorul-1\\\/#primaryimage\"},\"thumbnailUrl\":\"https:\\\/\\\/buletin.de\\\/bucuresti\\\/wp-content\\\/uploads\\\/martial-arts-fight-training-in-action-2021-08-26-16-26-04-utc-1140x700-1.jpeg\",\"datePublished\":\"2022-10-31T13:16:56+00:00\",\"dateModified\":\"2022-10-31T13:16:57+00:00\",\"breadcrumb\":{\"@id\":\"https:\\\/\\\/buletin.de\\\/bucuresti\\\/federatia-romana-de-arte-martiale-primeste-gratuit-o-cladire-unde-vor-avea-loc-antrenamentele-loturilor-nationale-si-ale-copiilor-din-sectorul-1\\\/#breadcrumb\"},\"inLanguage\":\"en-GB\",\"potentialAction\":[{\"@type\":\"ReadAction\",\"target\":[\"https:\\\/\\\/buletin.de\\\/bucuresti\\\/federatia-romana-de-arte-martiale-primeste-gratuit-o-cladire-unde-vor-avea-loc-antrenamentele-loturilor-nationale-si-ale-copiilor-din-sectorul-1\\\/\"]}]},{\"@type\":\"ImageObject\",\"inLanguage\":\"en-GB\",\"@id\":\"https:\\\/\\\/buletin.de\\\/bucuresti\\\/federatia-romana-de-arte-martiale-primeste-gratuit-o-cladire-unde-vor-avea-loc-antrenamentele-loturilor-nationale-si-ale-copiilor-din-sectorul-1\\\/#primaryimage\",\"url\":\"https:\\\/\\\/buletin.de\\\/bucuresti\\\/wp-content\\\/uploads\\\/martial-arts-fight-training-in-action-2021-08-26-16-26-04-utc-1140x700-1.jpeg\",\"contentUrl\":\"https:\\\/\\\/buletin.de\\\/bucuresti\\\/wp-content\\\/uploads\\\/martial-arts-fight-training-in-action-2021-08-26-16-26-04-utc-1140x700-1.jpeg\",\"width\":1140,\"height\":700,\"caption\":\"Martial arts karate master and his disciples in white uniform and black belts, fight training in action, workout in gym\"},{\"@type\":\"BreadcrumbList\",\"@id\":\"https:\\\/\\\/buletin.de\\\/bucuresti\\\/federatia-romana-de-arte-martiale-primeste-gratuit-o-cladire-unde-vor-avea-loc-antrenamentele-loturilor-nationale-si-ale-copiilor-din-sectorul-1\\\/#breadcrumb\",\"itemListElement\":[{\"@type\":\"ListItem\",\"position\":1,\"name\":\"Acas\u0103\",\"item\":\"https:\\\/\\\/buletin.de\\\/bucuresti\\\/\"},{\"@type\":\"ListItem\",\"position\":2,\"name\":\"Federa\u021bia Rom\u00e2n\u0103 de Arte Mar\u021biale prime\u0219te gratuit o cl\u0103dire unde vor avea loc antrenamentele loturilor na\u021bionale \u0219i ale copiilor din Sectorul 1\"}]},{\"@type\":\"WebSite\",\"@id\":\"https:\\\/\\\/buletin.de\\\/bucuresti\\\/#website\",\"url\":\"https:\\\/\\\/buletin.de\\\/bucuresti\\\/\",\"name\":\"Buletin de Bucure\u0219ti\",\"description\":\"\u0218tiri \u0219i investiga\u021bii esen\u021biale din capital\u0103\",\"publisher\":{\"@id\":\"https:\\\/\\\/buletin.de\\\/bucuresti\\\/#organization\"},\"potentialAction\":[{\"@type\":\"SearchAction\",\"target\":{\"@type\":\"EntryPoint\",\"urlTemplate\":\"https:\\\/\\\/buletin.de\\\/bucuresti\\\/?s={search_term_string}\"},\"query-input\":{\"@type\":\"PropertyValueSpecification\",\"valueRequired\":true,\"valueName\":\"search_term_string\"}}],\"inLanguage\":\"en-GB\"},{\"@type\":\"Organization\",\"@id\":\"https:\\\/\\\/buletin.de\\\/bucuresti\\\/#organization\",\"name\":\"Buletin de Bucure\u0219ti\",\"url\":\"https:\\\/\\\/buletin.de\\\/bucuresti\\\/\",\"logo\":{\"@type\":\"ImageObject\",\"inLanguage\":\"en-GB\",\"@id\":\"https:\\\/\\\/buletin.de\\\/bucuresti\\\/#\\\/schema\\\/logo\\\/image\\\/\",\"url\":\"https:\\\/\\\/buletin.de\\\/bucuresti\\\/wp-content\\\/uploads\\\/logo-bdb-full-wide-vernil-transparent.png\",\"contentUrl\":\"https:\\\/\\\/buletin.de\\\/bucuresti\\\/wp-content\\\/uploads\\\/logo-bdb-full-wide-vernil-transparent.png\",\"width\":1782,\"height\":626,\"caption\":\"Buletin de Bucure\u0219ti\"},\"image\":{\"@id\":\"https:\\\/\\\/buletin.de\\\/bucuresti\\\/#\\\/schema\\\/logo\\\/image\\\/\"},\"sameAs\":[\"https:\\\/\\\/www.facebook.com\\\/buletin.de.buc\",\"https:\\\/\\\/www.instagram.com\\\/buletinde.bucuresti\\\/\"]},{\"@type\":\"Person\",\"@id\":\"https:\\\/\\\/buletin.de\\\/bucuresti\\\/#\\\/schema\\\/person\\\/b0686d7a8b666c6afc78239777fd8a89\",\"name\":\"Florin R\u00e2\u0219teiu\",\"image\":{\"@type\":\"ImageObject\",\"inLanguage\":\"en-GB\",\"@id\":\"https:\\\/\\\/buletin.de\\\/bucuresti\\\/wp-content\\\/uploads\\\/Florin-Rasteiu-96x96.jpgf0a6fe28453aa12f0a60e4d0a2e3a78c\",\"url\":\"https:\\\/\\\/buletin.de\\\/bucuresti\\\/wp-content\\\/uploads\\\/Florin-Rasteiu-96x96.jpg\",\"contentUrl\":\"https:\\\/\\\/buletin.de\\\/bucuresti\\\/wp-content\\\/uploads\\\/Florin-Rasteiu-96x96.jpg\",\"caption\":\"Florin R\u00e2\u0219teiu\"},\"description\":\"Jurnalist de investiga\u021bie. Lucreaz\u0103 de aproape 6 ani la Buletin de Bucure\u0219ti, unde a publicat articole care scot la suprafa\u021b\u0103 corup\u021bia din Capital\u0103. Analizeaz\u0103 baze de date zilnic \u0219i scoate pove\u0219ti din exceluri pline de cifre. Pune reflectorul pe adev\u0103r cu fiecare ocazie. A c\u00e2\u0219tigat premiul I la categoria Pres\u0103 Local\u0103 \u00een 2025 \u0219i locul al II-lea la aceea\u0219i categorie \u00een 2024 \u00een cadrul Premiilor Superscrieri pentru jurnalism independent.\",\"url\":\"https:\\\/\\\/buletin.de\\\/bucuresti\\\/author\\\/florinrasteiu\\\/\"}]}<\/script>\n<!-- \/ Yoast SEO Premium plugin. -->","yoast_head_json":{"title":"Federa\u021bia Rom\u00e2n\u0103 de Arte Mar\u021biale prime\u0219te gratuit o cl\u0103dire unde vor avea loc antrenamentele loturilor na\u021bionale \u0219i ale copiilor din Sectorul 1 - Buletin de Bucure\u0219ti","robots":{"index":"index","follow":"follow","max-snippet":"max-snippet:-1","max-image-preview":"max-image-preview:large","max-video-preview":"max-video-preview:-1"},"canonical":"https:\/\/buletin.de\/bucuresti\/federatia-romana-de-arte-martiale-primeste-gratuit-o-cladire-unde-vor-avea-loc-antrenamentele-loturilor-nationale-si-ale-copiilor-din-sectorul-1\/","og_locale":"en_GB","og_type":"article","og_title":"Federa\u021bia Rom\u00e2n\u0103 de Arte Mar\u021biale prime\u0219te gratuit o cl\u0103dire unde vor avea loc antrenamentele loturilor na\u021bionale \u0219i ale copiilor din Sectorul 1","og_description":"\u00cen urm\u0103torii patru ani, Prim\u0103ria Capitalei va da \u00een folosin\u021b\u0103, gratuit, Federa\u021biei Rom\u00e2ne de Arte Mar\u021biale o cl\u0103dire de pe strada Pajurei, nr.13. \u00cen aceast\u0103 cl\u0103dire vor avea loc at\u00e2t antrenamentele loturilor na\u021bionale de arte mar\u021biale ale Rom\u00e2niei, c\u00e2t \u0219i ini\u021bierea copiilor din Sectorul 1 \u00een artele mar\u021biale. Imobilul are o suprafa\u021b\u0103 total\u0103 de 476,24 [&hellip;]","og_url":"https:\/\/buletin.de\/bucuresti\/federatia-romana-de-arte-martiale-primeste-gratuit-o-cladire-unde-vor-avea-loc-antrenamentele-loturilor-nationale-si-ale-copiilor-din-sectorul-1\/","og_site_name":"Buletin de Bucure\u0219ti","article_publisher":"https:\/\/www.facebook.com\/buletin.de.buc","article_published_time":"2022-10-31T13:16:56+00:00","article_modified_time":"2022-10-31T13:16:57+00:00","og_image":[{"width":1140,"height":700,"url":"https:\/\/buletin.de\/bucuresti\/wp-content\/uploads\/martial-arts-fight-training-in-action-2021-08-26-16-26-04-utc-1140x700-1.jpeg","type":"image\/jpeg"}],"author":"Florin R\u00e2\u0219teiu","twitter_card":"summary_large_image","twitter_misc":{"Written by":"Florin R\u00e2\u0219teiu","Estimated reading time":"1 minute"},"schema":{"@context":"https:\/\/schema.org","@graph":[{"@type":"Article","@id":"https:\/\/buletin.de\/bucuresti\/federatia-romana-de-arte-martiale-primeste-gratuit-o-cladire-unde-vor-avea-loc-antrenamentele-loturilor-nationale-si-ale-copiilor-din-sectorul-1\/#article","isPartOf":{"@id":"https:\/\/buletin.de\/bucuresti\/federatia-romana-de-arte-martiale-primeste-gratuit-o-cladire-unde-vor-avea-loc-antrenamentele-loturilor-nationale-si-ale-copiilor-din-sectorul-1\/"},"author":{"name":"Florin R\u00e2\u0219teiu","@id":"https:\/\/buletin.de\/bucuresti\/#\/schema\/person\/b0686d7a8b666c6afc78239777fd8a89"},"headline":"Federa\u021bia Rom\u00e2n\u0103 de Arte Mar\u021biale prime\u0219te gratuit o cl\u0103dire unde vor avea loc antrenamentele loturilor na\u021bionale \u0219i ale copiilor din Sectorul 1","datePublished":"2022-10-31T13:16:56+00:00","dateModified":"2022-10-31T13:16:57+00:00","mainEntityOfPage":{"@id":"https:\/\/buletin.de\/bucuresti\/federatia-romana-de-arte-martiale-primeste-gratuit-o-cladire-unde-vor-avea-loc-antrenamentele-loturilor-nationale-si-ale-copiilor-din-sectorul-1\/"},"wordCount":282,"publisher":{"@id":"https:\/\/buletin.de\/bucuresti\/#organization"},"image":{"@id":"https:\/\/buletin.de\/bucuresti\/federatia-romana-de-arte-martiale-primeste-gratuit-o-cladire-unde-vor-avea-loc-antrenamentele-loturilor-nationale-si-ale-copiilor-din-sectorul-1\/#primaryimage"},"thumbnailUrl":"https:\/\/buletin.de\/bucuresti\/wp-content\/uploads\/martial-arts-fight-training-in-action-2021-08-26-16-26-04-utc-1140x700-1.jpeg","articleSection":["\u0218tiri"],"inLanguage":"en-GB","copyrightYear":"2022","copyrightHolder":{"@id":"https:\/\/buletin.de\/bucuresti\/#organization"}},{"@type":"WebPage","@id":"https:\/\/buletin.de\/bucuresti\/federatia-romana-de-arte-martiale-primeste-gratuit-o-cladire-unde-vor-avea-loc-antrenamentele-loturilor-nationale-si-ale-copiilor-din-sectorul-1\/","url":"https:\/\/buletin.de\/bucuresti\/federatia-romana-de-arte-martiale-primeste-gratuit-o-cladire-unde-vor-avea-loc-antrenamentele-loturilor-nationale-si-ale-copiilor-din-sectorul-1\/","name":"Federa\u021bia Rom\u00e2n\u0103 de Arte Mar\u021biale prime\u0219te gratuit o cl\u0103dire unde vor avea loc antrenamentele loturilor na\u021bionale \u0219i ale copiilor din Sectorul 1 - Buletin de Bucure\u0219ti","isPartOf":{"@id":"https:\/\/buletin.de\/bucuresti\/#website"},"primaryImageOfPage":{"@id":"https:\/\/buletin.de\/bucuresti\/federatia-romana-de-arte-martiale-primeste-gratuit-o-cladire-unde-vor-avea-loc-antrenamentele-loturilor-nationale-si-ale-copiilor-din-sectorul-1\/#primaryimage"},"image":{"@id":"https:\/\/buletin.de\/bucuresti\/federatia-romana-de-arte-martiale-primeste-gratuit-o-cladire-unde-vor-avea-loc-antrenamentele-loturilor-nationale-si-ale-copiilor-din-sectorul-1\/#primaryimage"},"thumbnailUrl":"https:\/\/buletin.de\/bucuresti\/wp-content\/uploads\/martial-arts-fight-training-in-action-2021-08-26-16-26-04-utc-1140x700-1.jpeg","datePublished":"2022-10-31T13:16:56+00:00","dateModified":"2022-10-31T13:16:57+00:00","breadcrumb":{"@id":"https:\/\/buletin.de\/bucuresti\/federatia-romana-de-arte-martiale-primeste-gratuit-o-cladire-unde-vor-avea-loc-antrenamentele-loturilor-nationale-si-ale-copiilor-din-sectorul-1\/#breadcrumb"},"inLanguage":"en-GB","potentialAction":[{"@type":"ReadAction","target":["https:\/\/buletin.de\/bucuresti\/federatia-romana-de-arte-martiale-primeste-gratuit-o-cladire-unde-vor-avea-loc-antrenamentele-loturilor-nationale-si-ale-copiilor-din-sectorul-1\/"]}]},{"@type":"ImageObject","inLanguage":"en-GB","@id":"https:\/\/buletin.de\/bucuresti\/federatia-romana-de-arte-martiale-primeste-gratuit-o-cladire-unde-vor-avea-loc-antrenamentele-loturilor-nationale-si-ale-copiilor-din-sectorul-1\/#primaryimage","url":"https:\/\/buletin.de\/bucuresti\/wp-content\/uploads\/martial-arts-fight-training-in-action-2021-08-26-16-26-04-utc-1140x700-1.jpeg","contentUrl":"https:\/\/buletin.de\/bucuresti\/wp-content\/uploads\/martial-arts-fight-training-in-action-2021-08-26-16-26-04-utc-1140x700-1.jpeg","width":1140,"height":700,"caption":"Martial arts karate master and his disciples in white uniform and black belts, fight training in action, workout in gym"},{"@type":"BreadcrumbList","@id":"https:\/\/buletin.de\/bucuresti\/federatia-romana-de-arte-martiale-primeste-gratuit-o-cladire-unde-vor-avea-loc-antrenamentele-loturilor-nationale-si-ale-copiilor-din-sectorul-1\/#breadcrumb","itemListElement":[{"@type":"ListItem","position":1,"name":"Acas\u0103","item":"https:\/\/buletin.de\/bucuresti\/"},{"@type":"ListItem","position":2,"name":"Federa\u021bia Rom\u00e2n\u0103 de Arte Mar\u021biale prime\u0219te gratuit o cl\u0103dire unde vor avea loc antrenamentele loturilor na\u021bionale \u0219i ale copiilor din Sectorul 1"}]},{"@type":"WebSite","@id":"https:\/\/buletin.de\/bucuresti\/#website","url":"https:\/\/buletin.de\/bucuresti\/","name":"Buletin de Bucure\u0219ti","description":"\u0218tiri \u0219i investiga\u021bii esen\u021biale din capital\u0103","publisher":{"@id":"https:\/\/buletin.de\/bucuresti\/#organization"},"potentialAction":[{"@type":"SearchAction","target":{"@type":"EntryPoint","urlTemplate":"https:\/\/buletin.de\/bucuresti\/?s={search_term_string}"},"query-input":{"@type":"PropertyValueSpecification","valueRequired":true,"valueName":"search_term_string"}}],"inLanguage":"en-GB"},{"@type":"Organization","@id":"https:\/\/buletin.de\/bucuresti\/#organization","name":"Buletin de Bucure\u0219ti","url":"https:\/\/buletin.de\/bucuresti\/","logo":{"@type":"ImageObject","inLanguage":"en-GB","@id":"https:\/\/buletin.de\/bucuresti\/#\/schema\/logo\/image\/","url":"https:\/\/buletin.de\/bucuresti\/wp-content\/uploads\/logo-bdb-full-wide-vernil-transparent.png","contentUrl":"https:\/\/buletin.de\/bucuresti\/wp-content\/uploads\/logo-bdb-full-wide-vernil-transparent.png","width":1782,"height":626,"caption":"Buletin de Bucure\u0219ti"},"image":{"@id":"https:\/\/buletin.de\/bucuresti\/#\/schema\/logo\/image\/"},"sameAs":["https:\/\/www.facebook.com\/buletin.de.buc","https:\/\/www.instagram.com\/buletinde.bucuresti\/"]},{"@type":"Person","@id":"https:\/\/buletin.de\/bucuresti\/#\/schema\/person\/b0686d7a8b666c6afc78239777fd8a89","name":"Florin R\u00e2\u0219teiu","image":{"@type":"ImageObject","inLanguage":"en-GB","@id":"https:\/\/buletin.de\/bucuresti\/wp-content\/uploads\/Florin-Rasteiu-96x96.jpgf0a6fe28453aa12f0a60e4d0a2e3a78c","url":"https:\/\/buletin.de\/bucuresti\/wp-content\/uploads\/Florin-Rasteiu-96x96.jpg","contentUrl":"https:\/\/buletin.de\/bucuresti\/wp-content\/uploads\/Florin-Rasteiu-96x96.jpg","caption":"Florin R\u00e2\u0219teiu"},"description":"Jurnalist de investiga\u021bie. Lucreaz\u0103 de aproape 6 ani la Buletin de Bucure\u0219ti, unde a publicat articole care scot la suprafa\u021b\u0103 corup\u021bia din Capital\u0103. Analizeaz\u0103 baze de date zilnic \u0219i scoate pove\u0219ti din exceluri pline de cifre. Pune reflectorul pe adev\u0103r cu fiecare ocazie. A c\u00e2\u0219tigat premiul I la categoria Pres\u0103 Local\u0103 \u00een 2025 \u0219i locul al II-lea la aceea\u0219i categorie \u00een 2024 \u00een cadrul Premiilor Superscrieri pentru jurnalism independent.","url":"https:\/\/buletin.de\/bucuresti\/author\/florinrasteiu\/"}]}},"authors":[{"term_id":22576,"user_id":17,"is_guest":0,"slug":"florinrasteiu","display_name":"Florin R\u00e2\u0219teiu","avatar_url":"https:\/\/buletin.de\/bucuresti\/wp-content\/uploads\/Florin-Rasteiu-96x96.jpg","0":null,"1":"","2":"","3":"","4":"","5":"","6":"","7":"","8":""}],"_links":{"self":[{"href":"https:\/\/buletin.de\/bucuresti\/wp-json\/wp\/v2\/posts\/47810","targetHints":{"allow":["GET"]}}],"collection":[{"href":"https:\/\/buletin.de\/bucuresti\/wp-json\/wp\/v2\/posts"}],"about":[{"href":"https:\/\/buletin.de\/bucuresti\/wp-json\/wp\/v2\/types\/post"}],"author":[{"embeddable":true,"href":"https:\/\/buletin.de\/bucuresti\/wp-json\/wp\/v2\/users\/17"}],"replies":[{"embeddable":true,"href":"https:\/\/buletin.de\/bucuresti\/wp-json\/wp\/v2\/comments?post=47810"}],"version-history":[{"count":4,"href":"https:\/\/buletin.de\/bucuresti\/wp-json\/wp\/v2\/posts\/47810\/revisions"}],"predecessor-version":[{"id":47817,"href":"https:\/\/buletin.de\/bucuresti\/wp-json\/wp\/v2\/posts\/47810\/revisions\/47817"}],"wp:featuredmedia":[{"embeddable":true,"href":"https:\/\/buletin.de\/bucuresti\/wp-json\/wp\/v2\/media\/47812"}],"wp:attachment":[{"href":"https:\/\/buletin.de\/bucuresti\/wp-json\/wp\/v2\/media?parent=47810"}],"wp:term":[{"taxonomy":"category","embeddable":true,"href":"https:\/\/buletin.de\/bucuresti\/wp-json\/wp\/v2\/categories?post=47810"},{"taxonomy":"post_tag","embeddable":true,"href":"https:\/\/buletin.de\/bucuresti\/wp-json\/wp\/v2\/tags?post=47810"},{"taxonomy":"author","embeddable":true,"href":"https:\/\/buletin.de\/bucuresti\/wp-json\/wp\/v2\/ppma_author?post=47810"}],"curies":[{"name":"wp","href":"https:\/\/api.w.org\/{rel}","templated":true}]}}