{"id":47796,"date":"2022-10-31T10:58:33","date_gmt":"2022-10-31T08:58:33","guid":{"rendered":"https:\/\/buletin.de\/bucuresti\/?p=47796"},"modified":"2022-10-31T10:58:34","modified_gmt":"2022-10-31T08:58:34","slug":"modernizarea-liniei-de-tramvai-pe-bulevardul-vasile-milea-se-apropie-de-final-investitia-s-a-scumpit","status":"publish","type":"post","link":"https:\/\/buletin.de\/bucuresti\/modernizarea-liniei-de-tramvai-pe-bulevardul-vasile-milea-se-apropie-de-final-investitia-s-a-scumpit\/","title":{"rendered":"Modernizarea liniei de tramvai pe bulevardul Vasile Milea se apropie de final. Investi\u021bia s-a scumpit"},"content":{"rendered":"\n<p><strong>Modernizarea liniei pe care circul\u0103 tramvaiele 1 \u0219i 10, de pe Bulevardul Vasile Milea, are nevoie de acordul consilierilor generali pentru finalizare. Pre\u021bul ini\u021bial al lucr\u0103rilor a fost stabilit printr-un studiu DALI \u00eenc\u0103 din 2018, \u00eens\u0103 pre\u021bul a fost modificat de mai multe ori de atunci, iar costurile reale ale lucr\u0103rii sunt mai scumpe cu aproape un milion de lei. \u00cen cadrul proiectului, vor fi modernizate dou\u0103 peroane \u0219i 1,1 km de linie de tramvai. Tronsonul care ar urma s\u0103 fie modernizat este cuprins \u00eentre Bulevardul Timi\u0219oara \u0219i accesul \u00een benzin\u0103ria OMV dinspre Pasajul suprateran Basarab. \u00centreaga investi\u021bie cost\u0103 peste 26 de milioane de lei \u0219i va fi finan\u021bat\u0103 din bani europeni. <\/strong><\/p>\n\n\n\n<p>P\u00e2n\u0103 acum, au fost realizate lucr\u0103ri de \u00eenlocuire a \u0219inelor de tramvai, lucr\u0103ri aferente sistemului de iluminat \u0219i re\u021belei de contact, precum \u0219i lucr\u0103ri la suprastructur\u0103. \u00cen prezent, se lucreaz\u0103 la finalizarea ultimului tronson de \u0219in\u0103 \u0219i realizarea re\u021belei de contact, \u00een paralel cu alte lucr\u0103ri aferente proiectului.<\/p>\n\n\n\n<p>Proiectul a primit finan\u021bare prin Programul Opera\u021bional Regional 2014-2020. De\u0219i a fost aprobat \u00een 2018, Prim\u0103ria Municipiului Bucure\u0219ti a demarat lucr\u0103rile abia \u00een luna mai a anului 2021. <\/p>\n\n\n\n<p>Obiectivul general al proiectului este reducerea emisiilor de echivalent CO2 generate de transportul rutier motorizat la nivelul Municipiului Bucure\u015fti, prin modernizarea tronsonului de 1,1 km, pe care circul\u0103 tramvaiele 1 \u0219i 10, prin \u00eembun\u0103t\u0103\u021birea eficien\u021bei transportului public de c\u0103l\u0103tori, a frecven\u021bei \u0219i a timpilor de parcurs, dar \u0219i a accesibilit\u0103\u021bii. <\/p>\n\n\n\n<p><\/p>\n\n\n\n<p> Surs\u0103 Cover: Prim\u0103ria Municipiului Bucure\u0219ti <\/p>\n","protected":false},"excerpt":{"rendered":"<p>Modernizarea liniei pe care circul\u0103 tramvaiele 1 \u0219i 10, de pe Bulevardul Vasile Milea, are nevoie de acordul consilierilor generali pentru finalizare. Pre\u021bul ini\u021bial al lucr\u0103rilor a fost stabilit printr-un studiu DALI \u00eenc\u0103 din 2018, \u00eens\u0103 pre\u021bul a fost modificat de mai multe ori de atunci, iar costurile reale ale lucr\u0103rii sunt mai scumpe cu [&hellip;]<\/p>\n","protected":false},"author":17,"featured_media":42418,"comment_status":"closed","ping_status":"open","sticky":false,"template":"","format":"standard","meta":{"_acf_changed":false,"inline_featured_image":false,"ngg_post_thumbnail":0,"footnotes":""},"categories":[24],"tags":[],"ppma_author":[22576],"class_list":["post-47796","post","type-post","status-publish","format-standard","has-post-thumbnail","hentry","category-primarie"],"acf":[],"yoast_head":"<!-- This site is optimized with the Yoast SEO Premium plugin v25.3 (Yoast SEO v27.4) - https:\/\/yoast.com\/product\/yoast-seo-premium-wordpress\/ -->\n<title>Modernizarea liniei de tramvai pe bulevardul Vasile Milea se apropie de final. Investi\u021bia s-a scumpit - Buletin de Bucure\u0219ti<\/title>\n<meta name=\"robots\" content=\"index, follow, max-snippet:-1, max-image-preview:large, max-video-preview:-1\" \/>\n<link rel=\"canonical\" href=\"https:\/\/buletin.de\/bucuresti\/modernizarea-liniei-de-tramvai-pe-bulevardul-vasile-milea-se-apropie-de-final-investitia-s-a-scumpit\/\" \/>\n<meta property=\"og:locale\" content=\"en_GB\" \/>\n<meta property=\"og:type\" content=\"article\" \/>\n<meta property=\"og:title\" content=\"Modernizarea liniei de tramvai pe bulevardul Vasile Milea se apropie de final. Investi\u021bia s-a scumpit\" \/>\n<meta property=\"og:description\" content=\"Modernizarea liniei pe care circul\u0103 tramvaiele 1 \u0219i 10, de pe Bulevardul Vasile Milea, are nevoie de acordul consilierilor generali pentru finalizare. Pre\u021bul ini\u021bial al lucr\u0103rilor a fost stabilit printr-un studiu DALI \u00eenc\u0103 din 2018, \u00eens\u0103 pre\u021bul a fost modificat de mai multe ori de atunci, iar costurile reale ale lucr\u0103rii sunt mai scumpe cu [&hellip;]\" \/>\n<meta property=\"og:url\" content=\"https:\/\/buletin.de\/bucuresti\/modernizarea-liniei-de-tramvai-pe-bulevardul-vasile-milea-se-apropie-de-final-investitia-s-a-scumpit\/\" \/>\n<meta property=\"og:site_name\" content=\"Buletin de Bucure\u0219ti\" \/>\n<meta property=\"article:publisher\" content=\"https:\/\/www.facebook.com\/buletin.de.buc\" \/>\n<meta property=\"article:published_time\" content=\"2022-10-31T08:58:33+00:00\" \/>\n<meta property=\"article:modified_time\" content=\"2022-10-31T08:58:34+00:00\" \/>\n<meta property=\"og:image\" content=\"https:\/\/buletin.de\/bucuresti\/wp-content\/uploads\/vasile-milea.jpg\" \/>\n\t<meta property=\"og:image:width\" content=\"2048\" \/>\n\t<meta property=\"og:image:height\" content=\"1277\" \/>\n\t<meta property=\"og:image:type\" content=\"image\/jpeg\" \/>\n<meta name=\"author\" content=\"Florin R\u00e2\u0219teiu\" \/>\n<meta name=\"twitter:card\" content=\"summary_large_image\" \/>\n<meta name=\"twitter:label1\" content=\"Written by\" \/>\n\t<meta name=\"twitter:data1\" content=\"Florin R\u00e2\u0219teiu\" \/>\n\t<meta name=\"twitter:label2\" content=\"Estimated reading time\" \/>\n\t<meta name=\"twitter:data2\" content=\"2 minutes\" \/>\n<script type=\"application\/ld+json\" class=\"yoast-schema-graph\">{\"@context\":\"https:\\\/\\\/schema.org\",\"@graph\":[{\"@type\":\"Article\",\"@id\":\"https:\\\/\\\/buletin.de\\\/bucuresti\\\/modernizarea-liniei-de-tramvai-pe-bulevardul-vasile-milea-se-apropie-de-final-investitia-s-a-scumpit\\\/#article\",\"isPartOf\":{\"@id\":\"https:\\\/\\\/buletin.de\\\/bucuresti\\\/modernizarea-liniei-de-tramvai-pe-bulevardul-vasile-milea-se-apropie-de-final-investitia-s-a-scumpit\\\/\"},\"author\":{\"name\":\"Florin R\u00e2\u0219teiu\",\"@id\":\"https:\\\/\\\/buletin.de\\\/bucuresti\\\/#\\\/schema\\\/person\\\/b0686d7a8b666c6afc78239777fd8a89\"},\"headline\":\"Modernizarea liniei de tramvai pe bulevardul Vasile Milea se apropie de final. Investi\u021bia s-a scumpit\",\"datePublished\":\"2022-10-31T08:58:33+00:00\",\"dateModified\":\"2022-10-31T08:58:34+00:00\",\"mainEntityOfPage\":{\"@id\":\"https:\\\/\\\/buletin.de\\\/bucuresti\\\/modernizarea-liniei-de-tramvai-pe-bulevardul-vasile-milea-se-apropie-de-final-investitia-s-a-scumpit\\\/\"},\"wordCount\":281,\"publisher\":{\"@id\":\"https:\\\/\\\/buletin.de\\\/bucuresti\\\/#organization\"},\"image\":{\"@id\":\"https:\\\/\\\/buletin.de\\\/bucuresti\\\/modernizarea-liniei-de-tramvai-pe-bulevardul-vasile-milea-se-apropie-de-final-investitia-s-a-scumpit\\\/#primaryimage\"},\"thumbnailUrl\":\"https:\\\/\\\/buletin.de\\\/bucuresti\\\/wp-content\\\/uploads\\\/vasile-milea.jpg\",\"articleSection\":[\"Prim\u0103rie\"],\"inLanguage\":\"en-GB\",\"copyrightYear\":\"2022\",\"copyrightHolder\":{\"@id\":\"https:\\\/\\\/buletin.de\\\/bucuresti\\\/#organization\"}},{\"@type\":\"WebPage\",\"@id\":\"https:\\\/\\\/buletin.de\\\/bucuresti\\\/modernizarea-liniei-de-tramvai-pe-bulevardul-vasile-milea-se-apropie-de-final-investitia-s-a-scumpit\\\/\",\"url\":\"https:\\\/\\\/buletin.de\\\/bucuresti\\\/modernizarea-liniei-de-tramvai-pe-bulevardul-vasile-milea-se-apropie-de-final-investitia-s-a-scumpit\\\/\",\"name\":\"Modernizarea liniei de tramvai pe bulevardul Vasile Milea se apropie de final. Investi\u021bia s-a scumpit - Buletin de Bucure\u0219ti\",\"isPartOf\":{\"@id\":\"https:\\\/\\\/buletin.de\\\/bucuresti\\\/#website\"},\"primaryImageOfPage\":{\"@id\":\"https:\\\/\\\/buletin.de\\\/bucuresti\\\/modernizarea-liniei-de-tramvai-pe-bulevardul-vasile-milea-se-apropie-de-final-investitia-s-a-scumpit\\\/#primaryimage\"},\"image\":{\"@id\":\"https:\\\/\\\/buletin.de\\\/bucuresti\\\/modernizarea-liniei-de-tramvai-pe-bulevardul-vasile-milea-se-apropie-de-final-investitia-s-a-scumpit\\\/#primaryimage\"},\"thumbnailUrl\":\"https:\\\/\\\/buletin.de\\\/bucuresti\\\/wp-content\\\/uploads\\\/vasile-milea.jpg\",\"datePublished\":\"2022-10-31T08:58:33+00:00\",\"dateModified\":\"2022-10-31T08:58:34+00:00\",\"breadcrumb\":{\"@id\":\"https:\\\/\\\/buletin.de\\\/bucuresti\\\/modernizarea-liniei-de-tramvai-pe-bulevardul-vasile-milea-se-apropie-de-final-investitia-s-a-scumpit\\\/#breadcrumb\"},\"inLanguage\":\"en-GB\",\"potentialAction\":[{\"@type\":\"ReadAction\",\"target\":[\"https:\\\/\\\/buletin.de\\\/bucuresti\\\/modernizarea-liniei-de-tramvai-pe-bulevardul-vasile-milea-se-apropie-de-final-investitia-s-a-scumpit\\\/\"]}]},{\"@type\":\"ImageObject\",\"inLanguage\":\"en-GB\",\"@id\":\"https:\\\/\\\/buletin.de\\\/bucuresti\\\/modernizarea-liniei-de-tramvai-pe-bulevardul-vasile-milea-se-apropie-de-final-investitia-s-a-scumpit\\\/#primaryimage\",\"url\":\"https:\\\/\\\/buletin.de\\\/bucuresti\\\/wp-content\\\/uploads\\\/vasile-milea.jpg\",\"contentUrl\":\"https:\\\/\\\/buletin.de\\\/bucuresti\\\/wp-content\\\/uploads\\\/vasile-milea.jpg\",\"width\":2048,\"height\":1277},{\"@type\":\"BreadcrumbList\",\"@id\":\"https:\\\/\\\/buletin.de\\\/bucuresti\\\/modernizarea-liniei-de-tramvai-pe-bulevardul-vasile-milea-se-apropie-de-final-investitia-s-a-scumpit\\\/#breadcrumb\",\"itemListElement\":[{\"@type\":\"ListItem\",\"position\":1,\"name\":\"Acas\u0103\",\"item\":\"https:\\\/\\\/buletin.de\\\/bucuresti\\\/\"},{\"@type\":\"ListItem\",\"position\":2,\"name\":\"Modernizarea liniei de tramvai pe bulevardul Vasile Milea se apropie de final. Investi\u021bia s-a scumpit\"}]},{\"@type\":\"WebSite\",\"@id\":\"https:\\\/\\\/buletin.de\\\/bucuresti\\\/#website\",\"url\":\"https:\\\/\\\/buletin.de\\\/bucuresti\\\/\",\"name\":\"Buletin de Bucure\u0219ti\",\"description\":\"\u0218tiri \u0219i investiga\u021bii esen\u021biale din capital\u0103\",\"publisher\":{\"@id\":\"https:\\\/\\\/buletin.de\\\/bucuresti\\\/#organization\"},\"potentialAction\":[{\"@type\":\"SearchAction\",\"target\":{\"@type\":\"EntryPoint\",\"urlTemplate\":\"https:\\\/\\\/buletin.de\\\/bucuresti\\\/?s={search_term_string}\"},\"query-input\":{\"@type\":\"PropertyValueSpecification\",\"valueRequired\":true,\"valueName\":\"search_term_string\"}}],\"inLanguage\":\"en-GB\"},{\"@type\":\"Organization\",\"@id\":\"https:\\\/\\\/buletin.de\\\/bucuresti\\\/#organization\",\"name\":\"Buletin de Bucure\u0219ti\",\"url\":\"https:\\\/\\\/buletin.de\\\/bucuresti\\\/\",\"logo\":{\"@type\":\"ImageObject\",\"inLanguage\":\"en-GB\",\"@id\":\"https:\\\/\\\/buletin.de\\\/bucuresti\\\/#\\\/schema\\\/logo\\\/image\\\/\",\"url\":\"https:\\\/\\\/buletin.de\\\/bucuresti\\\/wp-content\\\/uploads\\\/logo-bdb-full-wide-vernil-transparent.png\",\"contentUrl\":\"https:\\\/\\\/buletin.de\\\/bucuresti\\\/wp-content\\\/uploads\\\/logo-bdb-full-wide-vernil-transparent.png\",\"width\":1782,\"height\":626,\"caption\":\"Buletin de Bucure\u0219ti\"},\"image\":{\"@id\":\"https:\\\/\\\/buletin.de\\\/bucuresti\\\/#\\\/schema\\\/logo\\\/image\\\/\"},\"sameAs\":[\"https:\\\/\\\/www.facebook.com\\\/buletin.de.buc\",\"https:\\\/\\\/www.instagram.com\\\/buletinde.bucuresti\\\/\"]},{\"@type\":\"Person\",\"@id\":\"https:\\\/\\\/buletin.de\\\/bucuresti\\\/#\\\/schema\\\/person\\\/b0686d7a8b666c6afc78239777fd8a89\",\"name\":\"Florin R\u00e2\u0219teiu\",\"image\":{\"@type\":\"ImageObject\",\"inLanguage\":\"en-GB\",\"@id\":\"https:\\\/\\\/buletin.de\\\/bucuresti\\\/wp-content\\\/uploads\\\/Florin-Rasteiu-96x96.jpgf0a6fe28453aa12f0a60e4d0a2e3a78c\",\"url\":\"https:\\\/\\\/buletin.de\\\/bucuresti\\\/wp-content\\\/uploads\\\/Florin-Rasteiu-96x96.jpg\",\"contentUrl\":\"https:\\\/\\\/buletin.de\\\/bucuresti\\\/wp-content\\\/uploads\\\/Florin-Rasteiu-96x96.jpg\",\"caption\":\"Florin R\u00e2\u0219teiu\"},\"description\":\"Jurnalist de investiga\u021bie. Lucreaz\u0103 de aproape 6 ani la Buletin de Bucure\u0219ti, unde a publicat articole care scot la suprafa\u021b\u0103 corup\u021bia din Capital\u0103. Analizeaz\u0103 baze de date zilnic \u0219i scoate pove\u0219ti din exceluri pline de cifre. Pune reflectorul pe adev\u0103r cu fiecare ocazie. A c\u00e2\u0219tigat premiul I la categoria Pres\u0103 Local\u0103 \u00een 2025 \u0219i locul al II-lea la aceea\u0219i categorie \u00een 2024 \u00een cadrul Premiilor Superscrieri pentru jurnalism independent.\",\"url\":\"https:\\\/\\\/buletin.de\\\/bucuresti\\\/author\\\/florinrasteiu\\\/\"}]}<\/script>\n<!-- \/ Yoast SEO Premium plugin. -->","yoast_head_json":{"title":"Modernizarea liniei de tramvai pe bulevardul Vasile Milea se apropie de final. Investi\u021bia s-a scumpit - Buletin de Bucure\u0219ti","robots":{"index":"index","follow":"follow","max-snippet":"max-snippet:-1","max-image-preview":"max-image-preview:large","max-video-preview":"max-video-preview:-1"},"canonical":"https:\/\/buletin.de\/bucuresti\/modernizarea-liniei-de-tramvai-pe-bulevardul-vasile-milea-se-apropie-de-final-investitia-s-a-scumpit\/","og_locale":"en_GB","og_type":"article","og_title":"Modernizarea liniei de tramvai pe bulevardul Vasile Milea se apropie de final. Investi\u021bia s-a scumpit","og_description":"Modernizarea liniei pe care circul\u0103 tramvaiele 1 \u0219i 10, de pe Bulevardul Vasile Milea, are nevoie de acordul consilierilor generali pentru finalizare. Pre\u021bul ini\u021bial al lucr\u0103rilor a fost stabilit printr-un studiu DALI \u00eenc\u0103 din 2018, \u00eens\u0103 pre\u021bul a fost modificat de mai multe ori de atunci, iar costurile reale ale lucr\u0103rii sunt mai scumpe cu [&hellip;]","og_url":"https:\/\/buletin.de\/bucuresti\/modernizarea-liniei-de-tramvai-pe-bulevardul-vasile-milea-se-apropie-de-final-investitia-s-a-scumpit\/","og_site_name":"Buletin de Bucure\u0219ti","article_publisher":"https:\/\/www.facebook.com\/buletin.de.buc","article_published_time":"2022-10-31T08:58:33+00:00","article_modified_time":"2022-10-31T08:58:34+00:00","og_image":[{"width":2048,"height":1277,"url":"https:\/\/buletin.de\/bucuresti\/wp-content\/uploads\/vasile-milea.jpg","type":"image\/jpeg"}],"author":"Florin R\u00e2\u0219teiu","twitter_card":"summary_large_image","twitter_misc":{"Written by":"Florin R\u00e2\u0219teiu","Estimated reading time":"2 minutes"},"schema":{"@context":"https:\/\/schema.org","@graph":[{"@type":"Article","@id":"https:\/\/buletin.de\/bucuresti\/modernizarea-liniei-de-tramvai-pe-bulevardul-vasile-milea-se-apropie-de-final-investitia-s-a-scumpit\/#article","isPartOf":{"@id":"https:\/\/buletin.de\/bucuresti\/modernizarea-liniei-de-tramvai-pe-bulevardul-vasile-milea-se-apropie-de-final-investitia-s-a-scumpit\/"},"author":{"name":"Florin R\u00e2\u0219teiu","@id":"https:\/\/buletin.de\/bucuresti\/#\/schema\/person\/b0686d7a8b666c6afc78239777fd8a89"},"headline":"Modernizarea liniei de tramvai pe bulevardul Vasile Milea se apropie de final. Investi\u021bia s-a scumpit","datePublished":"2022-10-31T08:58:33+00:00","dateModified":"2022-10-31T08:58:34+00:00","mainEntityOfPage":{"@id":"https:\/\/buletin.de\/bucuresti\/modernizarea-liniei-de-tramvai-pe-bulevardul-vasile-milea-se-apropie-de-final-investitia-s-a-scumpit\/"},"wordCount":281,"publisher":{"@id":"https:\/\/buletin.de\/bucuresti\/#organization"},"image":{"@id":"https:\/\/buletin.de\/bucuresti\/modernizarea-liniei-de-tramvai-pe-bulevardul-vasile-milea-se-apropie-de-final-investitia-s-a-scumpit\/#primaryimage"},"thumbnailUrl":"https:\/\/buletin.de\/bucuresti\/wp-content\/uploads\/vasile-milea.jpg","articleSection":["Prim\u0103rie"],"inLanguage":"en-GB","copyrightYear":"2022","copyrightHolder":{"@id":"https:\/\/buletin.de\/bucuresti\/#organization"}},{"@type":"WebPage","@id":"https:\/\/buletin.de\/bucuresti\/modernizarea-liniei-de-tramvai-pe-bulevardul-vasile-milea-se-apropie-de-final-investitia-s-a-scumpit\/","url":"https:\/\/buletin.de\/bucuresti\/modernizarea-liniei-de-tramvai-pe-bulevardul-vasile-milea-se-apropie-de-final-investitia-s-a-scumpit\/","name":"Modernizarea liniei de tramvai pe bulevardul Vasile Milea se apropie de final. Investi\u021bia s-a scumpit - Buletin de Bucure\u0219ti","isPartOf":{"@id":"https:\/\/buletin.de\/bucuresti\/#website"},"primaryImageOfPage":{"@id":"https:\/\/buletin.de\/bucuresti\/modernizarea-liniei-de-tramvai-pe-bulevardul-vasile-milea-se-apropie-de-final-investitia-s-a-scumpit\/#primaryimage"},"image":{"@id":"https:\/\/buletin.de\/bucuresti\/modernizarea-liniei-de-tramvai-pe-bulevardul-vasile-milea-se-apropie-de-final-investitia-s-a-scumpit\/#primaryimage"},"thumbnailUrl":"https:\/\/buletin.de\/bucuresti\/wp-content\/uploads\/vasile-milea.jpg","datePublished":"2022-10-31T08:58:33+00:00","dateModified":"2022-10-31T08:58:34+00:00","breadcrumb":{"@id":"https:\/\/buletin.de\/bucuresti\/modernizarea-liniei-de-tramvai-pe-bulevardul-vasile-milea-se-apropie-de-final-investitia-s-a-scumpit\/#breadcrumb"},"inLanguage":"en-GB","potentialAction":[{"@type":"ReadAction","target":["https:\/\/buletin.de\/bucuresti\/modernizarea-liniei-de-tramvai-pe-bulevardul-vasile-milea-se-apropie-de-final-investitia-s-a-scumpit\/"]}]},{"@type":"ImageObject","inLanguage":"en-GB","@id":"https:\/\/buletin.de\/bucuresti\/modernizarea-liniei-de-tramvai-pe-bulevardul-vasile-milea-se-apropie-de-final-investitia-s-a-scumpit\/#primaryimage","url":"https:\/\/buletin.de\/bucuresti\/wp-content\/uploads\/vasile-milea.jpg","contentUrl":"https:\/\/buletin.de\/bucuresti\/wp-content\/uploads\/vasile-milea.jpg","width":2048,"height":1277},{"@type":"BreadcrumbList","@id":"https:\/\/buletin.de\/bucuresti\/modernizarea-liniei-de-tramvai-pe-bulevardul-vasile-milea-se-apropie-de-final-investitia-s-a-scumpit\/#breadcrumb","itemListElement":[{"@type":"ListItem","position":1,"name":"Acas\u0103","item":"https:\/\/buletin.de\/bucuresti\/"},{"@type":"ListItem","position":2,"name":"Modernizarea liniei de tramvai pe bulevardul Vasile Milea se apropie de final. Investi\u021bia s-a scumpit"}]},{"@type":"WebSite","@id":"https:\/\/buletin.de\/bucuresti\/#website","url":"https:\/\/buletin.de\/bucuresti\/","name":"Buletin de Bucure\u0219ti","description":"\u0218tiri \u0219i investiga\u021bii esen\u021biale din capital\u0103","publisher":{"@id":"https:\/\/buletin.de\/bucuresti\/#organization"},"potentialAction":[{"@type":"SearchAction","target":{"@type":"EntryPoint","urlTemplate":"https:\/\/buletin.de\/bucuresti\/?s={search_term_string}"},"query-input":{"@type":"PropertyValueSpecification","valueRequired":true,"valueName":"search_term_string"}}],"inLanguage":"en-GB"},{"@type":"Organization","@id":"https:\/\/buletin.de\/bucuresti\/#organization","name":"Buletin de Bucure\u0219ti","url":"https:\/\/buletin.de\/bucuresti\/","logo":{"@type":"ImageObject","inLanguage":"en-GB","@id":"https:\/\/buletin.de\/bucuresti\/#\/schema\/logo\/image\/","url":"https:\/\/buletin.de\/bucuresti\/wp-content\/uploads\/logo-bdb-full-wide-vernil-transparent.png","contentUrl":"https:\/\/buletin.de\/bucuresti\/wp-content\/uploads\/logo-bdb-full-wide-vernil-transparent.png","width":1782,"height":626,"caption":"Buletin de Bucure\u0219ti"},"image":{"@id":"https:\/\/buletin.de\/bucuresti\/#\/schema\/logo\/image\/"},"sameAs":["https:\/\/www.facebook.com\/buletin.de.buc","https:\/\/www.instagram.com\/buletinde.bucuresti\/"]},{"@type":"Person","@id":"https:\/\/buletin.de\/bucuresti\/#\/schema\/person\/b0686d7a8b666c6afc78239777fd8a89","name":"Florin R\u00e2\u0219teiu","image":{"@type":"ImageObject","inLanguage":"en-GB","@id":"https:\/\/buletin.de\/bucuresti\/wp-content\/uploads\/Florin-Rasteiu-96x96.jpgf0a6fe28453aa12f0a60e4d0a2e3a78c","url":"https:\/\/buletin.de\/bucuresti\/wp-content\/uploads\/Florin-Rasteiu-96x96.jpg","contentUrl":"https:\/\/buletin.de\/bucuresti\/wp-content\/uploads\/Florin-Rasteiu-96x96.jpg","caption":"Florin R\u00e2\u0219teiu"},"description":"Jurnalist de investiga\u021bie. Lucreaz\u0103 de aproape 6 ani la Buletin de Bucure\u0219ti, unde a publicat articole care scot la suprafa\u021b\u0103 corup\u021bia din Capital\u0103. Analizeaz\u0103 baze de date zilnic \u0219i scoate pove\u0219ti din exceluri pline de cifre. Pune reflectorul pe adev\u0103r cu fiecare ocazie. A c\u00e2\u0219tigat premiul I la categoria Pres\u0103 Local\u0103 \u00een 2025 \u0219i locul al II-lea la aceea\u0219i categorie \u00een 2024 \u00een cadrul Premiilor Superscrieri pentru jurnalism independent.","url":"https:\/\/buletin.de\/bucuresti\/author\/florinrasteiu\/"}]}},"authors":[{"term_id":22576,"user_id":17,"is_guest":0,"slug":"florinrasteiu","display_name":"Florin R\u00e2\u0219teiu","avatar_url":"https:\/\/buletin.de\/bucuresti\/wp-content\/uploads\/Florin-Rasteiu-96x96.jpg","0":null,"1":"","2":"","3":"","4":"","5":"","6":"","7":"","8":""}],"_links":{"self":[{"href":"https:\/\/buletin.de\/bucuresti\/wp-json\/wp\/v2\/posts\/47796","targetHints":{"allow":["GET"]}}],"collection":[{"href":"https:\/\/buletin.de\/bucuresti\/wp-json\/wp\/v2\/posts"}],"about":[{"href":"https:\/\/buletin.de\/bucuresti\/wp-json\/wp\/v2\/types\/post"}],"author":[{"embeddable":true,"href":"https:\/\/buletin.de\/bucuresti\/wp-json\/wp\/v2\/users\/17"}],"replies":[{"embeddable":true,"href":"https:\/\/buletin.de\/bucuresti\/wp-json\/wp\/v2\/comments?post=47796"}],"version-history":[{"count":3,"href":"https:\/\/buletin.de\/bucuresti\/wp-json\/wp\/v2\/posts\/47796\/revisions"}],"predecessor-version":[{"id":47800,"href":"https:\/\/buletin.de\/bucuresti\/wp-json\/wp\/v2\/posts\/47796\/revisions\/47800"}],"wp:featuredmedia":[{"embeddable":true,"href":"https:\/\/buletin.de\/bucuresti\/wp-json\/wp\/v2\/media\/42418"}],"wp:attachment":[{"href":"https:\/\/buletin.de\/bucuresti\/wp-json\/wp\/v2\/media?parent=47796"}],"wp:term":[{"taxonomy":"category","embeddable":true,"href":"https:\/\/buletin.de\/bucuresti\/wp-json\/wp\/v2\/categories?post=47796"},{"taxonomy":"post_tag","embeddable":true,"href":"https:\/\/buletin.de\/bucuresti\/wp-json\/wp\/v2\/tags?post=47796"},{"taxonomy":"author","embeddable":true,"href":"https:\/\/buletin.de\/bucuresti\/wp-json\/wp\/v2\/ppma_author?post=47796"}],"curies":[{"name":"wp","href":"https:\/\/api.w.org\/{rel}","templated":true}]}}