{"id":47788,"date":"2022-10-30T14:40:58","date_gmt":"2022-10-30T12:40:58","guid":{"rendered":"https:\/\/buletin.de\/bucuresti\/?p=47788"},"modified":"2022-10-30T14:40:59","modified_gmt":"2022-10-30T12:40:59","slug":"s-au-amplasat-casute-de-lemn-cu-carti-in-parcurile-din-sectorul-6","status":"publish","type":"post","link":"https:\/\/buletin.de\/bucuresti\/s-au-amplasat-casute-de-lemn-cu-carti-in-parcurile-din-sectorul-6\/","title":{"rendered":"S-au amplasat c\u0103su\u021be de lemn, cu c\u0103r\u021bi, \u00een parcurile din Sectorul 6"},"content":{"rendered":"\n<p><strong>Mai multe c\u0103su\u021be de lemn, cu c\u0103r\u021bi, au fost montate pe aleile din parcurile Cr\u00e2nga\u0219i, Br\u00e2ncu\u0219i, Marin Preda \u0219i Drumul Taberei. Acestea con\u021bin sute de romane, poezii sau pove\u0219ti pentru copii. Volumele de c\u0103r\u021bi au fost donate ini\u021bial de comunitatea din Sectorul 6 la Magazinul Caritabil SocialXChange, de unde au ajuns \u00een c\u0103su\u021bele de lemn. C\u0103r\u021bile pot fi \u00eemprumutate, iar dup\u0103 ce sunt citite, locuitorii Sectorului 6 trebuie s\u0103 le returneze la oricare dintre c\u0103su\u021bele din parcuri. <\/strong><\/p>\n\n\n\n<figure class=\"wp-block-gallery has-nested-images columns-default is-cropped wp-block-gallery-1 is-layout-flex wp-block-gallery-is-layout-flex\">\n<figure class=\"wp-block-image size-large\"><img fetchpriority=\"high\" decoding=\"async\" width=\"900\" height=\"722\" data-id=\"47789\" src=\"data:image\/gif;base64,R0lGODlhAQABAAAAACH5BAEKAAEALAAAAAABAAEAAAICTAEAOw==\" data-src=\"https:\/\/buletin.de\/bucuresti\/wp-content\/uploads\/312304172_486069186884357_1574237433729425073_n-900x722.jpeg\" alt=\"\" class=\"wp-image-47789 lazyload\" data-sizes=\"auto\" data-srcset=\"https:\/\/buletin.de\/bucuresti\/wp-content\/uploads\/312304172_486069186884357_1574237433729425073_n-900x722.jpeg 900w, https:\/\/buletin.de\/bucuresti\/wp-content\/uploads\/312304172_486069186884357_1574237433729425073_n-300x241.jpeg 300w, https:\/\/buletin.de\/bucuresti\/wp-content\/uploads\/312304172_486069186884357_1574237433729425073_n-768x616.jpeg 768w, https:\/\/buletin.de\/bucuresti\/wp-content\/uploads\/312304172_486069186884357_1574237433729425073_n-1060x850.jpeg 1060w, https:\/\/buletin.de\/bucuresti\/wp-content\/uploads\/312304172_486069186884357_1574237433729425073_n-550x441.jpeg 550w, https:\/\/buletin.de\/bucuresti\/wp-content\/uploads\/312304172_486069186884357_1574237433729425073_n-624x500.jpeg 624w, https:\/\/buletin.de\/bucuresti\/wp-content\/uploads\/312304172_486069186884357_1574237433729425073_n-600x481.jpeg 600w, https:\/\/buletin.de\/bucuresti\/wp-content\/uploads\/312304172_486069186884357_1574237433729425073_n.jpeg 1074w\" sizes=\"(max-width: 900px) 100vw, 900px\" \/><\/figure>\n\n\n\n<figure class=\"wp-block-image size-large\"><img decoding=\"async\" width=\"660\" height=\"883\" data-id=\"47790\" src=\"data:image\/gif;base64,R0lGODlhAQABAAAAACH5BAEKAAEALAAAAAABAAEAAAICTAEAOw==\" data-src=\"https:\/\/buletin.de\/bucuresti\/wp-content\/uploads\/312229597_486069420217667_6223290918070308291_n.jpeg\" alt=\"\" class=\"wp-image-47790 lazyload\" data-sizes=\"auto\" data-srcset=\"https:\/\/buletin.de\/bucuresti\/wp-content\/uploads\/312229597_486069420217667_6223290918070308291_n.jpeg 660w, https:\/\/buletin.de\/bucuresti\/wp-content\/uploads\/312229597_486069420217667_6223290918070308291_n-224x300.jpeg 224w, https:\/\/buletin.de\/bucuresti\/wp-content\/uploads\/312229597_486069420217667_6223290918070308291_n-550x736.jpeg 550w, https:\/\/buletin.de\/bucuresti\/wp-content\/uploads\/312229597_486069420217667_6223290918070308291_n-374x500.jpeg 374w, https:\/\/buletin.de\/bucuresti\/wp-content\/uploads\/312229597_486069420217667_6223290918070308291_n-600x803.jpeg 600w\" sizes=\"(max-width: 660px) 100vw, 660px\" \/><\/figure>\n\n\n\n<figure class=\"wp-block-image size-large\"><img decoding=\"async\" width=\"675\" height=\"900\" data-id=\"47791\" src=\"data:image\/gif;base64,R0lGODlhAQABAAAAACH5BAEKAAEALAAAAAABAAEAAAICTAEAOw==\" data-src=\"https:\/\/buletin.de\/bucuresti\/wp-content\/uploads\/312566320_486069583550984_5196121905532607890_n-675x900.jpeg\" alt=\"\" class=\"wp-image-47791 lazyload\" data-sizes=\"auto\" data-srcset=\"https:\/\/buletin.de\/bucuresti\/wp-content\/uploads\/312566320_486069583550984_5196121905532607890_n-675x900.jpeg 675w, https:\/\/buletin.de\/bucuresti\/wp-content\/uploads\/312566320_486069583550984_5196121905532607890_n-225x300.jpeg 225w, https:\/\/buletin.de\/bucuresti\/wp-content\/uploads\/312566320_486069583550984_5196121905532607890_n-768x1024.jpeg 768w, https:\/\/buletin.de\/bucuresti\/wp-content\/uploads\/312566320_486069583550984_5196121905532607890_n-1152x1536.jpeg 1152w, https:\/\/buletin.de\/bucuresti\/wp-content\/uploads\/312566320_486069583550984_5196121905532607890_n-1060x1413.jpeg 1060w, https:\/\/buletin.de\/bucuresti\/wp-content\/uploads\/312566320_486069583550984_5196121905532607890_n-550x733.jpeg 550w, https:\/\/buletin.de\/bucuresti\/wp-content\/uploads\/312566320_486069583550984_5196121905532607890_n-375x500.jpeg 375w, https:\/\/buletin.de\/bucuresti\/wp-content\/uploads\/312566320_486069583550984_5196121905532607890_n-810x1080.jpeg 810w, https:\/\/buletin.de\/bucuresti\/wp-content\/uploads\/312566320_486069583550984_5196121905532607890_n-600x800.jpeg 600w, https:\/\/buletin.de\/bucuresti\/wp-content\/uploads\/312566320_486069583550984_5196121905532607890_n.jpeg 1200w\" sizes=\"(max-width: 675px) 100vw, 675px\" \/><\/figure>\n<figcaption class=\"blocks-gallery-caption\">Imagini cu c\u0103su\u021bele de lemn amplasate \u00een parcurile Sectorului 6. Surs\u0103 Foto: Facebook, Prim\u0103ria Sectorului 6<\/figcaption><\/figure>\n\n\n\n<p><\/p>\n\n\n\n<p>C\u0103r\u021bile pot fi \u00eemprumutate at\u00e2t de c\u0103tre p\u0103rin\u021bii \u0219i bunicii care vin cu cei mici la plimbare \u00een parcurile Sectorului 6, c\u00e2t \u0219i de c\u0103tre tinerii din sector. C\u0103su\u021bele de lemn au fost vopsite \u00een ro\u0219u, cu mici desene colorate, motiv pentru care pot fi g\u0103site u\u0219or. <\/p>\n\n\n\n<p>Cutiile de lemn cu romane, poezii sau pove\u0219ti pentru copii au fost realizate de 10 beneficiari ai Centrului de Zi pentru Persoane Adulte cu Dizabilit\u0103\u021bi, din subordinea Direc\u021biei Generale de Asisten\u021b\u0103 Social\u0103 \u0219i Protec\u021bia Copilului Sector 6, cu sprijinul Asocia\u021biei Prietenia.<\/p>\n\n\n\n<figure class=\"wp-block-image size-large\"><img loading=\"lazy\" decoding=\"async\" width=\"900\" height=\"506\" src=\"data:image\/gif;base64,R0lGODlhAQABAAAAACH5BAEKAAEALAAAAAABAAEAAAICTAEAOw==\" data-src=\"https:\/\/buletin.de\/bucuresti\/wp-content\/uploads\/312265326_486069700217639_4925356758118053558_n-900x506.jpeg\" alt=\"\" class=\"wp-image-47792 lazyload\" data-sizes=\"auto\" data-srcset=\"https:\/\/buletin.de\/bucuresti\/wp-content\/uploads\/312265326_486069700217639_4925356758118053558_n-900x506.jpeg 900w, https:\/\/buletin.de\/bucuresti\/wp-content\/uploads\/312265326_486069700217639_4925356758118053558_n-300x169.jpeg 300w, https:\/\/buletin.de\/bucuresti\/wp-content\/uploads\/312265326_486069700217639_4925356758118053558_n-768x432.jpeg 768w, https:\/\/buletin.de\/bucuresti\/wp-content\/uploads\/312265326_486069700217639_4925356758118053558_n-1536x864.jpeg 1536w, https:\/\/buletin.de\/bucuresti\/wp-content\/uploads\/312265326_486069700217639_4925356758118053558_n-1060x596.jpeg 1060w, https:\/\/buletin.de\/bucuresti\/wp-content\/uploads\/312265326_486069700217639_4925356758118053558_n-550x309.jpeg 550w, https:\/\/buletin.de\/bucuresti\/wp-content\/uploads\/312265326_486069700217639_4925356758118053558_n-889x500.jpeg 889w, https:\/\/buletin.de\/bucuresti\/wp-content\/uploads\/312265326_486069700217639_4925356758118053558_n-600x338.jpeg 600w, https:\/\/buletin.de\/bucuresti\/wp-content\/uploads\/312265326_486069700217639_4925356758118053558_n.jpeg 1600w\" sizes=\"(max-width: 900px) 100vw, 900px\" \/><figcaption>Imagini cu c\u0103su\u021bele de lemn \u00een atelierul Centrului de Zi pentru Persoane Adulte cu Dizabilit\u0103\u021bi. Surs\u0103 Foto: Facebook, Prim\u0103ria Sectorului 6<\/figcaption><\/figure>\n\n\n\n<p><\/p>\n\n\n\n<p>Centrul de Zi pentru Persoane Adulte cu Dizabilit\u0103\u021bi ofer\u0103 servicii de consiliere, abilitare \u0219i reabilitare, deprinderi de via\u021b\u0103 independent\u0103 \u0219i dezvoltare individual\u0103 \u00een vederea integr\u0103rii \u00een societate a persoanelor cu dizabilit\u0103\u021bi.\u00a0<\/p>\n\n\n\n<p>Magazinul Caritabil SocialXchange este un proiect al Direc\u021biei Generale de Asisten\u021b\u0103 Social\u0103 \u0219i Protec\u021bia Copilului Sector 6, care prime\u0219te dona\u021bii \u00een bunuri de strict\u0103 necesitate \u0219i le distribuie persoanelor \u0219i familiilor defavorizate, \u00een schimbul prest\u0103rii unor activit\u0103\u021bi de munc\u0103 \u00een folosul comunit\u0103\u021bii. \u0218i donatorii sunt r\u0103spl\u0103ti\u021bi cu un set de servicii \u0219i facilit\u0103\u021bi atractive.\u00a0<\/p>\n\n\n\n<p>Nu este prima astfel de ini\u021biativ\u0103 din Bucure\u0219ti. Anul acesta, \u00een aprilie, Consiliul Local al Sectorului 1 a aprobat amplasarea unor astfel de c\u0103su\u021be \u00een parcurile din Sectorul 1. Constituirea fondului de c\u0103r\u0163i pentru aceste mini-biblioteci din Sectorul 1 se va realiza prin dona\u0163ii voluntare ale cet\u0103\u0163enilor, neformalizate printr-un act juridic.<\/p>\n","protected":false},"excerpt":{"rendered":"<p>Mai multe c\u0103su\u021be de lemn, cu c\u0103r\u021bi, au fost montate pe aleile din parcurile Cr\u00e2nga\u0219i, Br\u00e2ncu\u0219i, Marin Preda \u0219i Drumul Taberei. Acestea con\u021bin sute de romane, poezii sau pove\u0219ti pentru copii. Volumele de c\u0103r\u021bi au fost donate ini\u021bial de comunitatea din Sectorul 6 la Magazinul Caritabil SocialXChange, de unde au ajuns \u00een c\u0103su\u021bele de lemn. [&hellip;]<\/p>\n","protected":false},"author":17,"featured_media":47789,"comment_status":"closed","ping_status":"open","sticky":false,"template":"","format":"standard","meta":{"_acf_changed":false,"inline_featured_image":false,"ngg_post_thumbnail":0,"footnotes":""},"categories":[24],"tags":[],"ppma_author":[22576],"class_list":["post-47788","post","type-post","status-publish","format-standard","has-post-thumbnail","hentry","category-primarie"],"acf":[],"yoast_head":"<!-- This site is optimized with the Yoast SEO Premium plugin v25.3 (Yoast SEO v27.4) - https:\/\/yoast.com\/product\/yoast-seo-premium-wordpress\/ -->\n<title>S-au amplasat c\u0103su\u021be de lemn, cu c\u0103r\u021bi, \u00een parcurile din Sectorul 6 - Buletin de Bucure\u0219ti<\/title>\n<meta name=\"robots\" content=\"index, follow, max-snippet:-1, max-image-preview:large, max-video-preview:-1\" \/>\n<link rel=\"canonical\" href=\"https:\/\/buletin.de\/bucuresti\/s-au-amplasat-casute-de-lemn-cu-carti-in-parcurile-din-sectorul-6\/\" \/>\n<meta property=\"og:locale\" content=\"en_GB\" \/>\n<meta property=\"og:type\" content=\"article\" \/>\n<meta property=\"og:title\" content=\"S-au amplasat c\u0103su\u021be de lemn, cu c\u0103r\u021bi, \u00een parcurile din Sectorul 6\" \/>\n<meta property=\"og:description\" content=\"Mai multe c\u0103su\u021be de lemn, cu c\u0103r\u021bi, au fost montate pe aleile din parcurile Cr\u00e2nga\u0219i, Br\u00e2ncu\u0219i, Marin Preda \u0219i Drumul Taberei. Acestea con\u021bin sute de romane, poezii sau pove\u0219ti pentru copii. Volumele de c\u0103r\u021bi au fost donate ini\u021bial de comunitatea din Sectorul 6 la Magazinul Caritabil SocialXChange, de unde au ajuns \u00een c\u0103su\u021bele de lemn. [&hellip;]\" \/>\n<meta property=\"og:url\" content=\"https:\/\/buletin.de\/bucuresti\/s-au-amplasat-casute-de-lemn-cu-carti-in-parcurile-din-sectorul-6\/\" \/>\n<meta property=\"og:site_name\" content=\"Buletin de Bucure\u0219ti\" \/>\n<meta property=\"article:publisher\" content=\"https:\/\/www.facebook.com\/buletin.de.buc\" \/>\n<meta property=\"article:published_time\" content=\"2022-10-30T12:40:58+00:00\" \/>\n<meta property=\"article:modified_time\" content=\"2022-10-30T12:40:59+00:00\" \/>\n<meta property=\"og:image\" content=\"https:\/\/buletin.de\/bucuresti\/wp-content\/uploads\/312304172_486069186884357_1574237433729425073_n.jpeg\" \/>\n\t<meta property=\"og:image:width\" content=\"1074\" \/>\n\t<meta property=\"og:image:height\" content=\"861\" \/>\n\t<meta property=\"og:image:type\" content=\"image\/jpeg\" \/>\n<meta name=\"author\" content=\"Florin R\u00e2\u0219teiu\" \/>\n<meta name=\"twitter:card\" content=\"summary_large_image\" \/>\n<meta name=\"twitter:label1\" content=\"Written by\" \/>\n\t<meta name=\"twitter:data1\" content=\"Florin R\u00e2\u0219teiu\" \/>\n\t<meta name=\"twitter:label2\" content=\"Estimated reading time\" \/>\n\t<meta name=\"twitter:data2\" content=\"3 minutes\" \/>\n<script type=\"application\/ld+json\" class=\"yoast-schema-graph\">{\"@context\":\"https:\\\/\\\/schema.org\",\"@graph\":[{\"@type\":\"Article\",\"@id\":\"https:\\\/\\\/buletin.de\\\/bucuresti\\\/s-au-amplasat-casute-de-lemn-cu-carti-in-parcurile-din-sectorul-6\\\/#article\",\"isPartOf\":{\"@id\":\"https:\\\/\\\/buletin.de\\\/bucuresti\\\/s-au-amplasat-casute-de-lemn-cu-carti-in-parcurile-din-sectorul-6\\\/\"},\"author\":{\"name\":\"Florin R\u00e2\u0219teiu\",\"@id\":\"https:\\\/\\\/buletin.de\\\/bucuresti\\\/#\\\/schema\\\/person\\\/b0686d7a8b666c6afc78239777fd8a89\"},\"headline\":\"S-au amplasat c\u0103su\u021be de lemn, cu c\u0103r\u021bi, \u00een parcurile din Sectorul 6\",\"datePublished\":\"2022-10-30T12:40:58+00:00\",\"dateModified\":\"2022-10-30T12:40:59+00:00\",\"mainEntityOfPage\":{\"@id\":\"https:\\\/\\\/buletin.de\\\/bucuresti\\\/s-au-amplasat-casute-de-lemn-cu-carti-in-parcurile-din-sectorul-6\\\/\"},\"wordCount\":407,\"publisher\":{\"@id\":\"https:\\\/\\\/buletin.de\\\/bucuresti\\\/#organization\"},\"image\":{\"@id\":\"https:\\\/\\\/buletin.de\\\/bucuresti\\\/s-au-amplasat-casute-de-lemn-cu-carti-in-parcurile-din-sectorul-6\\\/#primaryimage\"},\"thumbnailUrl\":\"https:\\\/\\\/buletin.de\\\/bucuresti\\\/wp-content\\\/uploads\\\/312304172_486069186884357_1574237433729425073_n.jpeg\",\"articleSection\":[\"Prim\u0103rie\"],\"inLanguage\":\"en-GB\",\"copyrightYear\":\"2022\",\"copyrightHolder\":{\"@id\":\"https:\\\/\\\/buletin.de\\\/bucuresti\\\/#organization\"}},{\"@type\":\"WebPage\",\"@id\":\"https:\\\/\\\/buletin.de\\\/bucuresti\\\/s-au-amplasat-casute-de-lemn-cu-carti-in-parcurile-din-sectorul-6\\\/\",\"url\":\"https:\\\/\\\/buletin.de\\\/bucuresti\\\/s-au-amplasat-casute-de-lemn-cu-carti-in-parcurile-din-sectorul-6\\\/\",\"name\":\"S-au amplasat c\u0103su\u021be de lemn, cu c\u0103r\u021bi, \u00een parcurile din Sectorul 6 - Buletin de Bucure\u0219ti\",\"isPartOf\":{\"@id\":\"https:\\\/\\\/buletin.de\\\/bucuresti\\\/#website\"},\"primaryImageOfPage\":{\"@id\":\"https:\\\/\\\/buletin.de\\\/bucuresti\\\/s-au-amplasat-casute-de-lemn-cu-carti-in-parcurile-din-sectorul-6\\\/#primaryimage\"},\"image\":{\"@id\":\"https:\\\/\\\/buletin.de\\\/bucuresti\\\/s-au-amplasat-casute-de-lemn-cu-carti-in-parcurile-din-sectorul-6\\\/#primaryimage\"},\"thumbnailUrl\":\"https:\\\/\\\/buletin.de\\\/bucuresti\\\/wp-content\\\/uploads\\\/312304172_486069186884357_1574237433729425073_n.jpeg\",\"datePublished\":\"2022-10-30T12:40:58+00:00\",\"dateModified\":\"2022-10-30T12:40:59+00:00\",\"breadcrumb\":{\"@id\":\"https:\\\/\\\/buletin.de\\\/bucuresti\\\/s-au-amplasat-casute-de-lemn-cu-carti-in-parcurile-din-sectorul-6\\\/#breadcrumb\"},\"inLanguage\":\"en-GB\",\"potentialAction\":[{\"@type\":\"ReadAction\",\"target\":[\"https:\\\/\\\/buletin.de\\\/bucuresti\\\/s-au-amplasat-casute-de-lemn-cu-carti-in-parcurile-din-sectorul-6\\\/\"]}]},{\"@type\":\"ImageObject\",\"inLanguage\":\"en-GB\",\"@id\":\"https:\\\/\\\/buletin.de\\\/bucuresti\\\/s-au-amplasat-casute-de-lemn-cu-carti-in-parcurile-din-sectorul-6\\\/#primaryimage\",\"url\":\"https:\\\/\\\/buletin.de\\\/bucuresti\\\/wp-content\\\/uploads\\\/312304172_486069186884357_1574237433729425073_n.jpeg\",\"contentUrl\":\"https:\\\/\\\/buletin.de\\\/bucuresti\\\/wp-content\\\/uploads\\\/312304172_486069186884357_1574237433729425073_n.jpeg\",\"width\":1074,\"height\":861},{\"@type\":\"BreadcrumbList\",\"@id\":\"https:\\\/\\\/buletin.de\\\/bucuresti\\\/s-au-amplasat-casute-de-lemn-cu-carti-in-parcurile-din-sectorul-6\\\/#breadcrumb\",\"itemListElement\":[{\"@type\":\"ListItem\",\"position\":1,\"name\":\"Acas\u0103\",\"item\":\"https:\\\/\\\/buletin.de\\\/bucuresti\\\/\"},{\"@type\":\"ListItem\",\"position\":2,\"name\":\"S-au amplasat c\u0103su\u021be de lemn, cu c\u0103r\u021bi, \u00een parcurile din Sectorul 6\"}]},{\"@type\":\"WebSite\",\"@id\":\"https:\\\/\\\/buletin.de\\\/bucuresti\\\/#website\",\"url\":\"https:\\\/\\\/buletin.de\\\/bucuresti\\\/\",\"name\":\"Buletin de Bucure\u0219ti\",\"description\":\"\u0218tiri \u0219i investiga\u021bii esen\u021biale din capital\u0103\",\"publisher\":{\"@id\":\"https:\\\/\\\/buletin.de\\\/bucuresti\\\/#organization\"},\"potentialAction\":[{\"@type\":\"SearchAction\",\"target\":{\"@type\":\"EntryPoint\",\"urlTemplate\":\"https:\\\/\\\/buletin.de\\\/bucuresti\\\/?s={search_term_string}\"},\"query-input\":{\"@type\":\"PropertyValueSpecification\",\"valueRequired\":true,\"valueName\":\"search_term_string\"}}],\"inLanguage\":\"en-GB\"},{\"@type\":\"Organization\",\"@id\":\"https:\\\/\\\/buletin.de\\\/bucuresti\\\/#organization\",\"name\":\"Buletin de Bucure\u0219ti\",\"url\":\"https:\\\/\\\/buletin.de\\\/bucuresti\\\/\",\"logo\":{\"@type\":\"ImageObject\",\"inLanguage\":\"en-GB\",\"@id\":\"https:\\\/\\\/buletin.de\\\/bucuresti\\\/#\\\/schema\\\/logo\\\/image\\\/\",\"url\":\"https:\\\/\\\/buletin.de\\\/bucuresti\\\/wp-content\\\/uploads\\\/logo-bdb-full-wide-vernil-transparent.png\",\"contentUrl\":\"https:\\\/\\\/buletin.de\\\/bucuresti\\\/wp-content\\\/uploads\\\/logo-bdb-full-wide-vernil-transparent.png\",\"width\":1782,\"height\":626,\"caption\":\"Buletin de Bucure\u0219ti\"},\"image\":{\"@id\":\"https:\\\/\\\/buletin.de\\\/bucuresti\\\/#\\\/schema\\\/logo\\\/image\\\/\"},\"sameAs\":[\"https:\\\/\\\/www.facebook.com\\\/buletin.de.buc\",\"https:\\\/\\\/www.instagram.com\\\/buletinde.bucuresti\\\/\"]},{\"@type\":\"Person\",\"@id\":\"https:\\\/\\\/buletin.de\\\/bucuresti\\\/#\\\/schema\\\/person\\\/b0686d7a8b666c6afc78239777fd8a89\",\"name\":\"Florin R\u00e2\u0219teiu\",\"image\":{\"@type\":\"ImageObject\",\"inLanguage\":\"en-GB\",\"@id\":\"https:\\\/\\\/buletin.de\\\/bucuresti\\\/wp-content\\\/uploads\\\/Florin-Rasteiu-96x96.jpgf0a6fe28453aa12f0a60e4d0a2e3a78c\",\"url\":\"https:\\\/\\\/buletin.de\\\/bucuresti\\\/wp-content\\\/uploads\\\/Florin-Rasteiu-96x96.jpg\",\"contentUrl\":\"https:\\\/\\\/buletin.de\\\/bucuresti\\\/wp-content\\\/uploads\\\/Florin-Rasteiu-96x96.jpg\",\"caption\":\"Florin R\u00e2\u0219teiu\"},\"description\":\"Jurnalist de investiga\u021bie. Lucreaz\u0103 de aproape 6 ani la Buletin de Bucure\u0219ti, unde a publicat articole care scot la suprafa\u021b\u0103 corup\u021bia din Capital\u0103. Analizeaz\u0103 baze de date zilnic \u0219i scoate pove\u0219ti din exceluri pline de cifre. Pune reflectorul pe adev\u0103r cu fiecare ocazie. A c\u00e2\u0219tigat premiul I la categoria Pres\u0103 Local\u0103 \u00een 2025 \u0219i locul al II-lea la aceea\u0219i categorie \u00een 2024 \u00een cadrul Premiilor Superscrieri pentru jurnalism independent.\",\"url\":\"https:\\\/\\\/buletin.de\\\/bucuresti\\\/author\\\/florinrasteiu\\\/\"}]}<\/script>\n<!-- \/ Yoast SEO Premium plugin. -->","yoast_head_json":{"title":"S-au amplasat c\u0103su\u021be de lemn, cu c\u0103r\u021bi, \u00een parcurile din Sectorul 6 - Buletin de Bucure\u0219ti","robots":{"index":"index","follow":"follow","max-snippet":"max-snippet:-1","max-image-preview":"max-image-preview:large","max-video-preview":"max-video-preview:-1"},"canonical":"https:\/\/buletin.de\/bucuresti\/s-au-amplasat-casute-de-lemn-cu-carti-in-parcurile-din-sectorul-6\/","og_locale":"en_GB","og_type":"article","og_title":"S-au amplasat c\u0103su\u021be de lemn, cu c\u0103r\u021bi, \u00een parcurile din Sectorul 6","og_description":"Mai multe c\u0103su\u021be de lemn, cu c\u0103r\u021bi, au fost montate pe aleile din parcurile Cr\u00e2nga\u0219i, Br\u00e2ncu\u0219i, Marin Preda \u0219i Drumul Taberei. Acestea con\u021bin sute de romane, poezii sau pove\u0219ti pentru copii. Volumele de c\u0103r\u021bi au fost donate ini\u021bial de comunitatea din Sectorul 6 la Magazinul Caritabil SocialXChange, de unde au ajuns \u00een c\u0103su\u021bele de lemn. [&hellip;]","og_url":"https:\/\/buletin.de\/bucuresti\/s-au-amplasat-casute-de-lemn-cu-carti-in-parcurile-din-sectorul-6\/","og_site_name":"Buletin de Bucure\u0219ti","article_publisher":"https:\/\/www.facebook.com\/buletin.de.buc","article_published_time":"2022-10-30T12:40:58+00:00","article_modified_time":"2022-10-30T12:40:59+00:00","og_image":[{"width":1074,"height":861,"url":"https:\/\/buletin.de\/bucuresti\/wp-content\/uploads\/312304172_486069186884357_1574237433729425073_n.jpeg","type":"image\/jpeg"}],"author":"Florin R\u00e2\u0219teiu","twitter_card":"summary_large_image","twitter_misc":{"Written by":"Florin R\u00e2\u0219teiu","Estimated reading time":"3 minutes"},"schema":{"@context":"https:\/\/schema.org","@graph":[{"@type":"Article","@id":"https:\/\/buletin.de\/bucuresti\/s-au-amplasat-casute-de-lemn-cu-carti-in-parcurile-din-sectorul-6\/#article","isPartOf":{"@id":"https:\/\/buletin.de\/bucuresti\/s-au-amplasat-casute-de-lemn-cu-carti-in-parcurile-din-sectorul-6\/"},"author":{"name":"Florin R\u00e2\u0219teiu","@id":"https:\/\/buletin.de\/bucuresti\/#\/schema\/person\/b0686d7a8b666c6afc78239777fd8a89"},"headline":"S-au amplasat c\u0103su\u021be de lemn, cu c\u0103r\u021bi, \u00een parcurile din Sectorul 6","datePublished":"2022-10-30T12:40:58+00:00","dateModified":"2022-10-30T12:40:59+00:00","mainEntityOfPage":{"@id":"https:\/\/buletin.de\/bucuresti\/s-au-amplasat-casute-de-lemn-cu-carti-in-parcurile-din-sectorul-6\/"},"wordCount":407,"publisher":{"@id":"https:\/\/buletin.de\/bucuresti\/#organization"},"image":{"@id":"https:\/\/buletin.de\/bucuresti\/s-au-amplasat-casute-de-lemn-cu-carti-in-parcurile-din-sectorul-6\/#primaryimage"},"thumbnailUrl":"https:\/\/buletin.de\/bucuresti\/wp-content\/uploads\/312304172_486069186884357_1574237433729425073_n.jpeg","articleSection":["Prim\u0103rie"],"inLanguage":"en-GB","copyrightYear":"2022","copyrightHolder":{"@id":"https:\/\/buletin.de\/bucuresti\/#organization"}},{"@type":"WebPage","@id":"https:\/\/buletin.de\/bucuresti\/s-au-amplasat-casute-de-lemn-cu-carti-in-parcurile-din-sectorul-6\/","url":"https:\/\/buletin.de\/bucuresti\/s-au-amplasat-casute-de-lemn-cu-carti-in-parcurile-din-sectorul-6\/","name":"S-au amplasat c\u0103su\u021be de lemn, cu c\u0103r\u021bi, \u00een parcurile din Sectorul 6 - Buletin de Bucure\u0219ti","isPartOf":{"@id":"https:\/\/buletin.de\/bucuresti\/#website"},"primaryImageOfPage":{"@id":"https:\/\/buletin.de\/bucuresti\/s-au-amplasat-casute-de-lemn-cu-carti-in-parcurile-din-sectorul-6\/#primaryimage"},"image":{"@id":"https:\/\/buletin.de\/bucuresti\/s-au-amplasat-casute-de-lemn-cu-carti-in-parcurile-din-sectorul-6\/#primaryimage"},"thumbnailUrl":"https:\/\/buletin.de\/bucuresti\/wp-content\/uploads\/312304172_486069186884357_1574237433729425073_n.jpeg","datePublished":"2022-10-30T12:40:58+00:00","dateModified":"2022-10-30T12:40:59+00:00","breadcrumb":{"@id":"https:\/\/buletin.de\/bucuresti\/s-au-amplasat-casute-de-lemn-cu-carti-in-parcurile-din-sectorul-6\/#breadcrumb"},"inLanguage":"en-GB","potentialAction":[{"@type":"ReadAction","target":["https:\/\/buletin.de\/bucuresti\/s-au-amplasat-casute-de-lemn-cu-carti-in-parcurile-din-sectorul-6\/"]}]},{"@type":"ImageObject","inLanguage":"en-GB","@id":"https:\/\/buletin.de\/bucuresti\/s-au-amplasat-casute-de-lemn-cu-carti-in-parcurile-din-sectorul-6\/#primaryimage","url":"https:\/\/buletin.de\/bucuresti\/wp-content\/uploads\/312304172_486069186884357_1574237433729425073_n.jpeg","contentUrl":"https:\/\/buletin.de\/bucuresti\/wp-content\/uploads\/312304172_486069186884357_1574237433729425073_n.jpeg","width":1074,"height":861},{"@type":"BreadcrumbList","@id":"https:\/\/buletin.de\/bucuresti\/s-au-amplasat-casute-de-lemn-cu-carti-in-parcurile-din-sectorul-6\/#breadcrumb","itemListElement":[{"@type":"ListItem","position":1,"name":"Acas\u0103","item":"https:\/\/buletin.de\/bucuresti\/"},{"@type":"ListItem","position":2,"name":"S-au amplasat c\u0103su\u021be de lemn, cu c\u0103r\u021bi, \u00een parcurile din Sectorul 6"}]},{"@type":"WebSite","@id":"https:\/\/buletin.de\/bucuresti\/#website","url":"https:\/\/buletin.de\/bucuresti\/","name":"Buletin de Bucure\u0219ti","description":"\u0218tiri \u0219i investiga\u021bii esen\u021biale din capital\u0103","publisher":{"@id":"https:\/\/buletin.de\/bucuresti\/#organization"},"potentialAction":[{"@type":"SearchAction","target":{"@type":"EntryPoint","urlTemplate":"https:\/\/buletin.de\/bucuresti\/?s={search_term_string}"},"query-input":{"@type":"PropertyValueSpecification","valueRequired":true,"valueName":"search_term_string"}}],"inLanguage":"en-GB"},{"@type":"Organization","@id":"https:\/\/buletin.de\/bucuresti\/#organization","name":"Buletin de Bucure\u0219ti","url":"https:\/\/buletin.de\/bucuresti\/","logo":{"@type":"ImageObject","inLanguage":"en-GB","@id":"https:\/\/buletin.de\/bucuresti\/#\/schema\/logo\/image\/","url":"https:\/\/buletin.de\/bucuresti\/wp-content\/uploads\/logo-bdb-full-wide-vernil-transparent.png","contentUrl":"https:\/\/buletin.de\/bucuresti\/wp-content\/uploads\/logo-bdb-full-wide-vernil-transparent.png","width":1782,"height":626,"caption":"Buletin de Bucure\u0219ti"},"image":{"@id":"https:\/\/buletin.de\/bucuresti\/#\/schema\/logo\/image\/"},"sameAs":["https:\/\/www.facebook.com\/buletin.de.buc","https:\/\/www.instagram.com\/buletinde.bucuresti\/"]},{"@type":"Person","@id":"https:\/\/buletin.de\/bucuresti\/#\/schema\/person\/b0686d7a8b666c6afc78239777fd8a89","name":"Florin R\u00e2\u0219teiu","image":{"@type":"ImageObject","inLanguage":"en-GB","@id":"https:\/\/buletin.de\/bucuresti\/wp-content\/uploads\/Florin-Rasteiu-96x96.jpgf0a6fe28453aa12f0a60e4d0a2e3a78c","url":"https:\/\/buletin.de\/bucuresti\/wp-content\/uploads\/Florin-Rasteiu-96x96.jpg","contentUrl":"https:\/\/buletin.de\/bucuresti\/wp-content\/uploads\/Florin-Rasteiu-96x96.jpg","caption":"Florin R\u00e2\u0219teiu"},"description":"Jurnalist de investiga\u021bie. Lucreaz\u0103 de aproape 6 ani la Buletin de Bucure\u0219ti, unde a publicat articole care scot la suprafa\u021b\u0103 corup\u021bia din Capital\u0103. Analizeaz\u0103 baze de date zilnic \u0219i scoate pove\u0219ti din exceluri pline de cifre. Pune reflectorul pe adev\u0103r cu fiecare ocazie. A c\u00e2\u0219tigat premiul I la categoria Pres\u0103 Local\u0103 \u00een 2025 \u0219i locul al II-lea la aceea\u0219i categorie \u00een 2024 \u00een cadrul Premiilor Superscrieri pentru jurnalism independent.","url":"https:\/\/buletin.de\/bucuresti\/author\/florinrasteiu\/"}]}},"authors":[{"term_id":22576,"user_id":17,"is_guest":0,"slug":"florinrasteiu","display_name":"Florin R\u00e2\u0219teiu","avatar_url":"https:\/\/buletin.de\/bucuresti\/wp-content\/uploads\/Florin-Rasteiu-96x96.jpg","0":null,"1":"","2":"","3":"","4":"","5":"","6":"","7":"","8":""}],"_links":{"self":[{"href":"https:\/\/buletin.de\/bucuresti\/wp-json\/wp\/v2\/posts\/47788","targetHints":{"allow":["GET"]}}],"collection":[{"href":"https:\/\/buletin.de\/bucuresti\/wp-json\/wp\/v2\/posts"}],"about":[{"href":"https:\/\/buletin.de\/bucuresti\/wp-json\/wp\/v2\/types\/post"}],"author":[{"embeddable":true,"href":"https:\/\/buletin.de\/bucuresti\/wp-json\/wp\/v2\/users\/17"}],"replies":[{"embeddable":true,"href":"https:\/\/buletin.de\/bucuresti\/wp-json\/wp\/v2\/comments?post=47788"}],"version-history":[{"count":2,"href":"https:\/\/buletin.de\/bucuresti\/wp-json\/wp\/v2\/posts\/47788\/revisions"}],"predecessor-version":[{"id":47794,"href":"https:\/\/buletin.de\/bucuresti\/wp-json\/wp\/v2\/posts\/47788\/revisions\/47794"}],"wp:featuredmedia":[{"embeddable":true,"href":"https:\/\/buletin.de\/bucuresti\/wp-json\/wp\/v2\/media\/47789"}],"wp:attachment":[{"href":"https:\/\/buletin.de\/bucuresti\/wp-json\/wp\/v2\/media?parent=47788"}],"wp:term":[{"taxonomy":"category","embeddable":true,"href":"https:\/\/buletin.de\/bucuresti\/wp-json\/wp\/v2\/categories?post=47788"},{"taxonomy":"post_tag","embeddable":true,"href":"https:\/\/buletin.de\/bucuresti\/wp-json\/wp\/v2\/tags?post=47788"},{"taxonomy":"author","embeddable":true,"href":"https:\/\/buletin.de\/bucuresti\/wp-json\/wp\/v2\/ppma_author?post=47788"}],"curies":[{"name":"wp","href":"https:\/\/api.w.org\/{rel}","templated":true}]}}