{"id":47778,"date":"2022-10-30T13:45:28","date_gmt":"2022-10-30T11:45:28","guid":{"rendered":"https:\/\/buletin.de\/bucuresti\/?p=47778"},"modified":"2022-10-30T13:45:29","modified_gmt":"2022-10-30T11:45:29","slug":"sapte-ani-de-la-colectiv-familiile-si-prietenii-celor-65-de-oameni-care-au-murit-in-2015-vor-purta-portretele-acestora-pana-la-parchetul-general","status":"publish","type":"post","link":"https:\/\/buletin.de\/bucuresti\/sapte-ani-de-la-colectiv-familiile-si-prietenii-celor-65-de-oameni-care-au-murit-in-2015-vor-purta-portretele-acestora-pana-la-parchetul-general\/","title":{"rendered":"\u0218apte ani de la Colectiv: Familiile \u0219i prietenii celor 65 de oameni care au murit \u00een 2015 vor purta portretele acestora p\u00e2n\u0103 la Parchetul General"},"content":{"rendered":"\n<p><strong>Ast\u0103zi, la \u0219apte ani de la Colectiv, va avea loc un manifest \u00een memoria victimelor celui mai mare incendiu de dup\u0103 Revolu\u021bie. Familiile \u0219i prietenii celor 65 de oameni care au murit \u00een incendiul de la Colectiv se vor \u00eent\u00e2lni \u00een fa\u021ba clubului, de unde vor pleca spre Parchetul General. Pe drum, ei vor purta portretele victimelor. Manifestul este organizat&nbsp;de Corup\u021bia ucide, Ini\u021biativa Rom\u00e2nia \u015fi Geeks For Democracy \u0219i are loc \u00eencep\u00e2nd cu ora 18:00.<\/strong><\/p>\n\n\n\n<blockquote class=\"wp-block-quote is-layout-flow wp-block-quote-is-layout-flow\"><p>Revolta\u021bi, r\u0103ni\u021bii \u0219i rudele celor care \u0219i-au pierdut via\u021ba au depus la Parchetul General pl\u00e2ngere penal\u0103 \u00eempotriva lui Victor Ponta, Raed Arafat, Nicolae B\u0103nicioiu \u0219i Gabriel Oprea, deciden\u021bii politici responsabili pentru interven\u021biile neprofesioniste \u0219i r\u0103u-voitoare ale autorit\u0103\u021bilor \u0219i pentru consecin\u021bele dezastruoase ale acestora.<\/p><cite>Se arat\u0103 \u00een mesajul de pe Facebook al organizatorilor <\/cite><\/blockquote>\n\n\n\n<figure class=\"wp-block-gallery has-nested-images columns-default is-cropped wp-block-gallery-1 is-layout-flex wp-block-gallery-is-layout-flex\">\n<figure class=\"wp-block-image size-large\"><img fetchpriority=\"high\" decoding=\"async\" width=\"900\" height=\"675\" data-id=\"47781\" src=\"data:image\/gif;base64,R0lGODlhAQABAAAAACH5BAEKAAEALAAAAAABAAEAAAICTAEAOw==\" data-src=\"https:\/\/buletin.de\/bucuresti\/wp-content\/uploads\/312123540_5898687450183017_6545421581314592928_n-2-900x675.jpeg\" alt=\"\" class=\"wp-image-47781 lazyload\" data-sizes=\"auto\" data-srcset=\"https:\/\/buletin.de\/bucuresti\/wp-content\/uploads\/312123540_5898687450183017_6545421581314592928_n-2-900x675.jpeg 900w, https:\/\/buletin.de\/bucuresti\/wp-content\/uploads\/312123540_5898687450183017_6545421581314592928_n-2-300x225.jpeg 300w, https:\/\/buletin.de\/bucuresti\/wp-content\/uploads\/312123540_5898687450183017_6545421581314592928_n-2-768x576.jpeg 768w, https:\/\/buletin.de\/bucuresti\/wp-content\/uploads\/312123540_5898687450183017_6545421581314592928_n-2-1536x1152.jpeg 1536w, https:\/\/buletin.de\/bucuresti\/wp-content\/uploads\/312123540_5898687450183017_6545421581314592928_n-2-1060x795.jpeg 1060w, https:\/\/buletin.de\/bucuresti\/wp-content\/uploads\/312123540_5898687450183017_6545421581314592928_n-2-550x413.jpeg 550w, https:\/\/buletin.de\/bucuresti\/wp-content\/uploads\/312123540_5898687450183017_6545421581314592928_n-2-667x500.jpeg 667w, https:\/\/buletin.de\/bucuresti\/wp-content\/uploads\/312123540_5898687450183017_6545421581314592928_n-2-1920x1440.jpeg 1920w, https:\/\/buletin.de\/bucuresti\/wp-content\/uploads\/312123540_5898687450183017_6545421581314592928_n-2-1440x1080.jpeg 1440w, https:\/\/buletin.de\/bucuresti\/wp-content\/uploads\/312123540_5898687450183017_6545421581314592928_n-2-600x450.jpeg 600w, https:\/\/buletin.de\/bucuresti\/wp-content\/uploads\/312123540_5898687450183017_6545421581314592928_n-2.jpeg 2048w\" sizes=\"(max-width: 900px) 100vw, 900px\" \/><\/figure>\n\n\n\n<figure class=\"wp-block-image size-large\"><img decoding=\"async\" width=\"900\" height=\"675\" data-id=\"47782\" src=\"data:image\/gif;base64,R0lGODlhAQABAAAAACH5BAEKAAEALAAAAAABAAEAAAICTAEAOw==\" data-src=\"https:\/\/buletin.de\/bucuresti\/wp-content\/uploads\/312226131_5898687476849681_5930538088186821385_n-900x675.jpeg\" alt=\"\" class=\"wp-image-47782 lazyload\" data-sizes=\"auto\" data-srcset=\"https:\/\/buletin.de\/bucuresti\/wp-content\/uploads\/312226131_5898687476849681_5930538088186821385_n-900x675.jpeg 900w, https:\/\/buletin.de\/bucuresti\/wp-content\/uploads\/312226131_5898687476849681_5930538088186821385_n-300x225.jpeg 300w, https:\/\/buletin.de\/bucuresti\/wp-content\/uploads\/312226131_5898687476849681_5930538088186821385_n-768x576.jpeg 768w, https:\/\/buletin.de\/bucuresti\/wp-content\/uploads\/312226131_5898687476849681_5930538088186821385_n-1536x1152.jpeg 1536w, https:\/\/buletin.de\/bucuresti\/wp-content\/uploads\/312226131_5898687476849681_5930538088186821385_n-1060x795.jpeg 1060w, https:\/\/buletin.de\/bucuresti\/wp-content\/uploads\/312226131_5898687476849681_5930538088186821385_n-550x413.jpeg 550w, https:\/\/buletin.de\/bucuresti\/wp-content\/uploads\/312226131_5898687476849681_5930538088186821385_n-667x500.jpeg 667w, https:\/\/buletin.de\/bucuresti\/wp-content\/uploads\/312226131_5898687476849681_5930538088186821385_n-1920x1440.jpeg 1920w, https:\/\/buletin.de\/bucuresti\/wp-content\/uploads\/312226131_5898687476849681_5930538088186821385_n-1440x1080.jpeg 1440w, https:\/\/buletin.de\/bucuresti\/wp-content\/uploads\/312226131_5898687476849681_5930538088186821385_n-600x450.jpeg 600w, https:\/\/buletin.de\/bucuresti\/wp-content\/uploads\/312226131_5898687476849681_5930538088186821385_n.jpeg 2048w\" sizes=\"(max-width: 900px) 100vw, 900px\" \/><\/figure>\n\n\n\n<figure class=\"wp-block-image size-large\"><img decoding=\"async\" width=\"900\" height=\"675\" data-id=\"47783\" src=\"data:image\/gif;base64,R0lGODlhAQABAAAAACH5BAEKAAEALAAAAAABAAEAAAICTAEAOw==\" data-src=\"https:\/\/buletin.de\/bucuresti\/wp-content\/uploads\/312048129_5898661293518966_4310038249054923735_n-900x675.jpeg\" alt=\"\" class=\"wp-image-47783 lazyload\" data-sizes=\"auto\" data-srcset=\"https:\/\/buletin.de\/bucuresti\/wp-content\/uploads\/312048129_5898661293518966_4310038249054923735_n-900x675.jpeg 900w, https:\/\/buletin.de\/bucuresti\/wp-content\/uploads\/312048129_5898661293518966_4310038249054923735_n-300x225.jpeg 300w, https:\/\/buletin.de\/bucuresti\/wp-content\/uploads\/312048129_5898661293518966_4310038249054923735_n-768x576.jpeg 768w, https:\/\/buletin.de\/bucuresti\/wp-content\/uploads\/312048129_5898661293518966_4310038249054923735_n-1536x1152.jpeg 1536w, https:\/\/buletin.de\/bucuresti\/wp-content\/uploads\/312048129_5898661293518966_4310038249054923735_n-1060x795.jpeg 1060w, https:\/\/buletin.de\/bucuresti\/wp-content\/uploads\/312048129_5898661293518966_4310038249054923735_n-550x413.jpeg 550w, https:\/\/buletin.de\/bucuresti\/wp-content\/uploads\/312048129_5898661293518966_4310038249054923735_n-667x500.jpeg 667w, https:\/\/buletin.de\/bucuresti\/wp-content\/uploads\/312048129_5898661293518966_4310038249054923735_n-1920x1440.jpeg 1920w, https:\/\/buletin.de\/bucuresti\/wp-content\/uploads\/312048129_5898661293518966_4310038249054923735_n-1440x1080.jpeg 1440w, https:\/\/buletin.de\/bucuresti\/wp-content\/uploads\/312048129_5898661293518966_4310038249054923735_n-600x450.jpeg 600w, https:\/\/buletin.de\/bucuresti\/wp-content\/uploads\/312048129_5898661293518966_4310038249054923735_n.jpeg 2048w\" sizes=\"(max-width: 900px) 100vw, 900px\" \/><\/figure>\n<figcaption class=\"blocks-gallery-caption\">Imagini din fa\u021ba clubului Colectiv, unde bucure\u0219tenii vin \u0219i las\u0103 coroane \u0219i aprind lum\u00e2n\u0103ri \u00een memoria victimelor. Surs\u0103 Foto: Facebook, Marian R\u0103dun\u0103<\/figcaption><\/figure>\n\n\n\n<p><\/p>\n\n\n\n<p>Conform organizatorilor, participan\u021bii se vor str\u00e2nge \u00eencep\u00e2nd cu ora 18:00 \u00een fa\u021ba clubului Colectiv, iar \u00een jurul orei 19:15 vor pleca \u00een mar\u0219 spre Parchetul General. Acolo, vor fi l\u0103sate tablourile celor 65 de victime al\u0103turi de mesajul <em>\u201enu li s-a f\u0103cut dreptate\u201c.<\/em><\/p>\n\n\n\n<p>La 7 ani de la Colectiv, Rom\u00e2nia nu are nici m\u0103car un singur centru pentru tratarea marilor ar\u0219i, cu toate c\u0103 autorit\u0103\u021bile au promis construirea a patru astfel de centre \u00eenc\u0103 de la tragedia din 2015. <\/p>\n\n\n\n<p>\u00cen urm\u0103 cu doi ani a fost aprobat, prin Ordin al ministrului S\u0103n\u0103t\u0103\u021bii, un mecanism de transfer al pacen\u021bilor cu arsuri severe \u00een str\u0103in\u0103tate. \u00cen ciuda acestui document, transferurile se fac \u00een continuare doar dup\u0103 presiuni venite din pres\u0103 sau cu ajutorul supravie\u021buitorilor de la Colectiv.<\/p>\n\n\n\n<h2 class=\"wp-block-heading\">Ce s-a \u00eent\u00e2mplat la Colectiv \u0219i dup\u0103 incendiu<\/h2>\n\n\n\n<p>\u00cen noaptea de vineri spre s\u00e2mb\u0103t\u0103, 30 octombrie 2015, a izbucnit incendiul din clubul Colectiv \u00een urma c\u0103ruia \u0219i-au pierdut via\u021ba 65 de persoane. Focul a fost provocat de artificiile folosite la concertul trupei Goodbye to Gravity, care au dus la aprinderea buretelui&nbsp;de pe un st\u00e2lp al cl\u0103dirii.<\/p>\n\n\n\n<p>Dup\u0103 ce decizia final\u0103 a fost am\u00e2nat\u0103 \u00een repetate r\u00e2nduri, pe 12 mai, primarul Sectorului 5, Cristian Popescu Piedone, a fost condamnat la 4 ani de \u00eenchisoare cu executare, perioad\u0103 din care se va sc\u0103dea timpul petrecut de acesta \u00een arest preventiv. <\/p>\n\n\n\n<p>De asemenea, cei trei proprietari ai clubului Colectiv au primit pedepse cu executare \u00eentre 6 ani \u0219i 4 luni \u0219i 11 ani \u0219i 8 luni. Pirotehnistul care a asigurat focul de artificii a primit 6 ani \u0219i 4 luni, iar angaja\u021bii ISU care ar fi trebuit s\u0103 verifice autoriza\u021biile clubului, 8 ani \u0219i 8 luni.<\/p>\n\n\n\n<p><strong>Surs\u0103 Cover:<\/strong>&nbsp;Alina Predescu<\/p>\n\n\n\n<p><strong>CITE\u0218TE \u0218I: <\/strong><\/p>\n\n\n\n<ul class=\"wp-block-list\"><li><a href=\"https:\/\/buletin.de\/bucuresti\/sase-ani-de-la-colectiv-lant-uman-de-la-curtea-de-apel-bucuresti-pana-la-fostul-club-in-aceasta-seara\/\">\u0218ase ani de la Colectiv: lan\u021b uman, de la Curtea de Apel Bucure\u0219ti p\u00e2n\u0103 la fostul club, \u00een aceast\u0103 sear\u0103<\/a><\/li><li><a href=\"https:\/\/buletin.de\/bucuresti\/6-ani-de-la-colectiv-protest-mut-pe-scarile-curtii-de-apel-bucuresti-cu-fotografii-ale-victimelor-si-oameni-acoperiti-cu-giulgiuri\/\">6 ani de la COLECTIV. Protest mut pe sc\u0103rile Cur\u021bii de Apel Bucure\u0219ti, cu fotografii ale victimelor \u0219i oameni acoperi\u021bi cu giulgiuri<\/a><\/li><li><a href=\"https:\/\/buletin.de\/bucuresti\/colectiv-piedone-4-ani-cu-executare\/\">Colectiv \u2013 Piedone, 4 ani cu executare, pentru abuz \u00een serviciu<\/a><\/li><\/ul>\n","protected":false},"excerpt":{"rendered":"<p>Ast\u0103zi, la \u0219apte ani de la Colectiv, va avea loc un manifest \u00een memoria victimelor celui mai mare incendiu de dup\u0103 Revolu\u021bie. Familiile \u0219i prietenii celor 65 de oameni care au murit \u00een incendiul de la Colectiv se vor \u00eent\u00e2lni \u00een fa\u021ba clubului, de unde vor pleca spre Parchetul General. Pe drum, ei vor purta [&hellip;]<\/p>\n","protected":false},"author":17,"featured_media":33639,"comment_status":"closed","ping_status":"open","sticky":false,"template":"","format":"standard","meta":{"_acf_changed":false,"inline_featured_image":false,"ngg_post_thumbnail":0,"footnotes":""},"categories":[3419],"tags":[],"ppma_author":[22576],"class_list":["post-47778","post","type-post","status-publish","format-standard","has-post-thumbnail","hentry","category-featured"],"acf":[],"yoast_head":"<!-- This site is optimized with the Yoast SEO Premium plugin v25.3 (Yoast SEO v27.4) - https:\/\/yoast.com\/product\/yoast-seo-premium-wordpress\/ -->\n<title>\u0218apte ani de la Colectiv: Familiile \u0219i prietenii celor 65 de oameni care au murit \u00een 2015 vor purta portretele acestora p\u00e2n\u0103 la Parchetul General - Buletin de Bucure\u0219ti<\/title>\n<meta name=\"robots\" content=\"index, follow, max-snippet:-1, max-image-preview:large, max-video-preview:-1\" \/>\n<link rel=\"canonical\" href=\"https:\/\/buletin.de\/bucuresti\/sapte-ani-de-la-colectiv-familiile-si-prietenii-celor-65-de-oameni-care-au-murit-in-2015-vor-purta-portretele-acestora-pana-la-parchetul-general\/\" \/>\n<meta property=\"og:locale\" content=\"en_GB\" \/>\n<meta property=\"og:type\" content=\"article\" \/>\n<meta property=\"og:title\" content=\"\u0218apte ani de la Colectiv: Familiile \u0219i prietenii celor 65 de oameni care au murit \u00een 2015 vor purta portretele acestora p\u00e2n\u0103 la Parchetul General\" \/>\n<meta property=\"og:description\" content=\"Ast\u0103zi, la \u0219apte ani de la Colectiv, va avea loc un manifest \u00een memoria victimelor celui mai mare incendiu de dup\u0103 Revolu\u021bie. Familiile \u0219i prietenii celor 65 de oameni care au murit \u00een incendiul de la Colectiv se vor \u00eent\u00e2lni \u00een fa\u021ba clubului, de unde vor pleca spre Parchetul General. Pe drum, ei vor purta [&hellip;]\" \/>\n<meta property=\"og:url\" content=\"https:\/\/buletin.de\/bucuresti\/sapte-ani-de-la-colectiv-familiile-si-prietenii-celor-65-de-oameni-care-au-murit-in-2015-vor-purta-portretele-acestora-pana-la-parchetul-general\/\" \/>\n<meta property=\"og:site_name\" content=\"Buletin de Bucure\u0219ti\" \/>\n<meta property=\"article:publisher\" content=\"https:\/\/www.facebook.com\/buletin.de.buc\" \/>\n<meta property=\"article:published_time\" content=\"2022-10-30T11:45:28+00:00\" \/>\n<meta property=\"article:modified_time\" content=\"2022-10-30T11:45:29+00:00\" \/>\n<meta property=\"og:image\" content=\"https:\/\/buletin.de\/bucuresti\/wp-content\/uploads\/foto-colectiv-5-ani-alina-predescu-1-900x506-1.jpeg\" \/>\n\t<meta property=\"og:image:width\" content=\"900\" \/>\n\t<meta property=\"og:image:height\" content=\"506\" \/>\n\t<meta property=\"og:image:type\" content=\"image\/jpeg\" \/>\n<meta name=\"author\" content=\"Florin R\u00e2\u0219teiu\" \/>\n<meta name=\"twitter:card\" content=\"summary_large_image\" \/>\n<meta name=\"twitter:label1\" content=\"Written by\" \/>\n\t<meta name=\"twitter:data1\" content=\"Florin R\u00e2\u0219teiu\" \/>\n\t<meta name=\"twitter:label2\" content=\"Estimated reading time\" \/>\n\t<meta name=\"twitter:data2\" content=\"3 minutes\" \/>\n<script type=\"application\/ld+json\" class=\"yoast-schema-graph\">{\"@context\":\"https:\\\/\\\/schema.org\",\"@graph\":[{\"@type\":\"Article\",\"@id\":\"https:\\\/\\\/buletin.de\\\/bucuresti\\\/sapte-ani-de-la-colectiv-familiile-si-prietenii-celor-65-de-oameni-care-au-murit-in-2015-vor-purta-portretele-acestora-pana-la-parchetul-general\\\/#article\",\"isPartOf\":{\"@id\":\"https:\\\/\\\/buletin.de\\\/bucuresti\\\/sapte-ani-de-la-colectiv-familiile-si-prietenii-celor-65-de-oameni-care-au-murit-in-2015-vor-purta-portretele-acestora-pana-la-parchetul-general\\\/\"},\"author\":{\"name\":\"Florin R\u00e2\u0219teiu\",\"@id\":\"https:\\\/\\\/buletin.de\\\/bucuresti\\\/#\\\/schema\\\/person\\\/b0686d7a8b666c6afc78239777fd8a89\"},\"headline\":\"\u0218apte ani de la Colectiv: Familiile \u0219i prietenii celor 65 de oameni care au murit \u00een 2015 vor purta portretele acestora p\u00e2n\u0103 la Parchetul General\",\"datePublished\":\"2022-10-30T11:45:28+00:00\",\"dateModified\":\"2022-10-30T11:45:29+00:00\",\"mainEntityOfPage\":{\"@id\":\"https:\\\/\\\/buletin.de\\\/bucuresti\\\/sapte-ani-de-la-colectiv-familiile-si-prietenii-celor-65-de-oameni-care-au-murit-in-2015-vor-purta-portretele-acestora-pana-la-parchetul-general\\\/\"},\"wordCount\":552,\"publisher\":{\"@id\":\"https:\\\/\\\/buletin.de\\\/bucuresti\\\/#organization\"},\"image\":{\"@id\":\"https:\\\/\\\/buletin.de\\\/bucuresti\\\/sapte-ani-de-la-colectiv-familiile-si-prietenii-celor-65-de-oameni-care-au-murit-in-2015-vor-purta-portretele-acestora-pana-la-parchetul-general\\\/#primaryimage\"},\"thumbnailUrl\":\"https:\\\/\\\/buletin.de\\\/bucuresti\\\/wp-content\\\/uploads\\\/foto-colectiv-5-ani-alina-predescu-1-900x506-1.jpeg\",\"articleSection\":[\"Featured\"],\"inLanguage\":\"en-GB\",\"copyrightYear\":\"2022\",\"copyrightHolder\":{\"@id\":\"https:\\\/\\\/buletin.de\\\/bucuresti\\\/#organization\"}},{\"@type\":\"WebPage\",\"@id\":\"https:\\\/\\\/buletin.de\\\/bucuresti\\\/sapte-ani-de-la-colectiv-familiile-si-prietenii-celor-65-de-oameni-care-au-murit-in-2015-vor-purta-portretele-acestora-pana-la-parchetul-general\\\/\",\"url\":\"https:\\\/\\\/buletin.de\\\/bucuresti\\\/sapte-ani-de-la-colectiv-familiile-si-prietenii-celor-65-de-oameni-care-au-murit-in-2015-vor-purta-portretele-acestora-pana-la-parchetul-general\\\/\",\"name\":\"\u0218apte ani de la Colectiv: Familiile \u0219i prietenii celor 65 de oameni care au murit \u00een 2015 vor purta portretele acestora p\u00e2n\u0103 la Parchetul General - Buletin de Bucure\u0219ti\",\"isPartOf\":{\"@id\":\"https:\\\/\\\/buletin.de\\\/bucuresti\\\/#website\"},\"primaryImageOfPage\":{\"@id\":\"https:\\\/\\\/buletin.de\\\/bucuresti\\\/sapte-ani-de-la-colectiv-familiile-si-prietenii-celor-65-de-oameni-care-au-murit-in-2015-vor-purta-portretele-acestora-pana-la-parchetul-general\\\/#primaryimage\"},\"image\":{\"@id\":\"https:\\\/\\\/buletin.de\\\/bucuresti\\\/sapte-ani-de-la-colectiv-familiile-si-prietenii-celor-65-de-oameni-care-au-murit-in-2015-vor-purta-portretele-acestora-pana-la-parchetul-general\\\/#primaryimage\"},\"thumbnailUrl\":\"https:\\\/\\\/buletin.de\\\/bucuresti\\\/wp-content\\\/uploads\\\/foto-colectiv-5-ani-alina-predescu-1-900x506-1.jpeg\",\"datePublished\":\"2022-10-30T11:45:28+00:00\",\"dateModified\":\"2022-10-30T11:45:29+00:00\",\"breadcrumb\":{\"@id\":\"https:\\\/\\\/buletin.de\\\/bucuresti\\\/sapte-ani-de-la-colectiv-familiile-si-prietenii-celor-65-de-oameni-care-au-murit-in-2015-vor-purta-portretele-acestora-pana-la-parchetul-general\\\/#breadcrumb\"},\"inLanguage\":\"en-GB\",\"potentialAction\":[{\"@type\":\"ReadAction\",\"target\":[\"https:\\\/\\\/buletin.de\\\/bucuresti\\\/sapte-ani-de-la-colectiv-familiile-si-prietenii-celor-65-de-oameni-care-au-murit-in-2015-vor-purta-portretele-acestora-pana-la-parchetul-general\\\/\"]}]},{\"@type\":\"ImageObject\",\"inLanguage\":\"en-GB\",\"@id\":\"https:\\\/\\\/buletin.de\\\/bucuresti\\\/sapte-ani-de-la-colectiv-familiile-si-prietenii-celor-65-de-oameni-care-au-murit-in-2015-vor-purta-portretele-acestora-pana-la-parchetul-general\\\/#primaryimage\",\"url\":\"https:\\\/\\\/buletin.de\\\/bucuresti\\\/wp-content\\\/uploads\\\/foto-colectiv-5-ani-alina-predescu-1-900x506-1.jpeg\",\"contentUrl\":\"https:\\\/\\\/buletin.de\\\/bucuresti\\\/wp-content\\\/uploads\\\/foto-colectiv-5-ani-alina-predescu-1-900x506-1.jpeg\",\"width\":900,\"height\":506},{\"@type\":\"BreadcrumbList\",\"@id\":\"https:\\\/\\\/buletin.de\\\/bucuresti\\\/sapte-ani-de-la-colectiv-familiile-si-prietenii-celor-65-de-oameni-care-au-murit-in-2015-vor-purta-portretele-acestora-pana-la-parchetul-general\\\/#breadcrumb\",\"itemListElement\":[{\"@type\":\"ListItem\",\"position\":1,\"name\":\"Acas\u0103\",\"item\":\"https:\\\/\\\/buletin.de\\\/bucuresti\\\/\"},{\"@type\":\"ListItem\",\"position\":2,\"name\":\"\u0218apte ani de la Colectiv: Familiile \u0219i prietenii celor 65 de oameni care au murit \u00een 2015 vor purta portretele acestora p\u00e2n\u0103 la Parchetul General\"}]},{\"@type\":\"WebSite\",\"@id\":\"https:\\\/\\\/buletin.de\\\/bucuresti\\\/#website\",\"url\":\"https:\\\/\\\/buletin.de\\\/bucuresti\\\/\",\"name\":\"Buletin de Bucure\u0219ti\",\"description\":\"\u0218tiri \u0219i investiga\u021bii esen\u021biale din capital\u0103\",\"publisher\":{\"@id\":\"https:\\\/\\\/buletin.de\\\/bucuresti\\\/#organization\"},\"potentialAction\":[{\"@type\":\"SearchAction\",\"target\":{\"@type\":\"EntryPoint\",\"urlTemplate\":\"https:\\\/\\\/buletin.de\\\/bucuresti\\\/?s={search_term_string}\"},\"query-input\":{\"@type\":\"PropertyValueSpecification\",\"valueRequired\":true,\"valueName\":\"search_term_string\"}}],\"inLanguage\":\"en-GB\"},{\"@type\":\"Organization\",\"@id\":\"https:\\\/\\\/buletin.de\\\/bucuresti\\\/#organization\",\"name\":\"Buletin de Bucure\u0219ti\",\"url\":\"https:\\\/\\\/buletin.de\\\/bucuresti\\\/\",\"logo\":{\"@type\":\"ImageObject\",\"inLanguage\":\"en-GB\",\"@id\":\"https:\\\/\\\/buletin.de\\\/bucuresti\\\/#\\\/schema\\\/logo\\\/image\\\/\",\"url\":\"https:\\\/\\\/buletin.de\\\/bucuresti\\\/wp-content\\\/uploads\\\/logo-bdb-full-wide-vernil-transparent.png\",\"contentUrl\":\"https:\\\/\\\/buletin.de\\\/bucuresti\\\/wp-content\\\/uploads\\\/logo-bdb-full-wide-vernil-transparent.png\",\"width\":1782,\"height\":626,\"caption\":\"Buletin de Bucure\u0219ti\"},\"image\":{\"@id\":\"https:\\\/\\\/buletin.de\\\/bucuresti\\\/#\\\/schema\\\/logo\\\/image\\\/\"},\"sameAs\":[\"https:\\\/\\\/www.facebook.com\\\/buletin.de.buc\",\"https:\\\/\\\/www.instagram.com\\\/buletinde.bucuresti\\\/\"]},{\"@type\":\"Person\",\"@id\":\"https:\\\/\\\/buletin.de\\\/bucuresti\\\/#\\\/schema\\\/person\\\/b0686d7a8b666c6afc78239777fd8a89\",\"name\":\"Florin R\u00e2\u0219teiu\",\"image\":{\"@type\":\"ImageObject\",\"inLanguage\":\"en-GB\",\"@id\":\"https:\\\/\\\/buletin.de\\\/bucuresti\\\/wp-content\\\/uploads\\\/Florin-Rasteiu-96x96.jpgf0a6fe28453aa12f0a60e4d0a2e3a78c\",\"url\":\"https:\\\/\\\/buletin.de\\\/bucuresti\\\/wp-content\\\/uploads\\\/Florin-Rasteiu-96x96.jpg\",\"contentUrl\":\"https:\\\/\\\/buletin.de\\\/bucuresti\\\/wp-content\\\/uploads\\\/Florin-Rasteiu-96x96.jpg\",\"caption\":\"Florin R\u00e2\u0219teiu\"},\"description\":\"Jurnalist de investiga\u021bie. Lucreaz\u0103 de aproape 6 ani la Buletin de Bucure\u0219ti, unde a publicat articole care scot la suprafa\u021b\u0103 corup\u021bia din Capital\u0103. Analizeaz\u0103 baze de date zilnic \u0219i scoate pove\u0219ti din exceluri pline de cifre. Pune reflectorul pe adev\u0103r cu fiecare ocazie. A c\u00e2\u0219tigat premiul I la categoria Pres\u0103 Local\u0103 \u00een 2025 \u0219i locul al II-lea la aceea\u0219i categorie \u00een 2024 \u00een cadrul Premiilor Superscrieri pentru jurnalism independent.\",\"url\":\"https:\\\/\\\/buletin.de\\\/bucuresti\\\/author\\\/florinrasteiu\\\/\"}]}<\/script>\n<!-- \/ Yoast SEO Premium plugin. -->","yoast_head_json":{"title":"\u0218apte ani de la Colectiv: Familiile \u0219i prietenii celor 65 de oameni care au murit \u00een 2015 vor purta portretele acestora p\u00e2n\u0103 la Parchetul General - Buletin de Bucure\u0219ti","robots":{"index":"index","follow":"follow","max-snippet":"max-snippet:-1","max-image-preview":"max-image-preview:large","max-video-preview":"max-video-preview:-1"},"canonical":"https:\/\/buletin.de\/bucuresti\/sapte-ani-de-la-colectiv-familiile-si-prietenii-celor-65-de-oameni-care-au-murit-in-2015-vor-purta-portretele-acestora-pana-la-parchetul-general\/","og_locale":"en_GB","og_type":"article","og_title":"\u0218apte ani de la Colectiv: Familiile \u0219i prietenii celor 65 de oameni care au murit \u00een 2015 vor purta portretele acestora p\u00e2n\u0103 la Parchetul General","og_description":"Ast\u0103zi, la \u0219apte ani de la Colectiv, va avea loc un manifest \u00een memoria victimelor celui mai mare incendiu de dup\u0103 Revolu\u021bie. Familiile \u0219i prietenii celor 65 de oameni care au murit \u00een incendiul de la Colectiv se vor \u00eent\u00e2lni \u00een fa\u021ba clubului, de unde vor pleca spre Parchetul General. Pe drum, ei vor purta [&hellip;]","og_url":"https:\/\/buletin.de\/bucuresti\/sapte-ani-de-la-colectiv-familiile-si-prietenii-celor-65-de-oameni-care-au-murit-in-2015-vor-purta-portretele-acestora-pana-la-parchetul-general\/","og_site_name":"Buletin de Bucure\u0219ti","article_publisher":"https:\/\/www.facebook.com\/buletin.de.buc","article_published_time":"2022-10-30T11:45:28+00:00","article_modified_time":"2022-10-30T11:45:29+00:00","og_image":[{"width":900,"height":506,"url":"https:\/\/buletin.de\/bucuresti\/wp-content\/uploads\/foto-colectiv-5-ani-alina-predescu-1-900x506-1.jpeg","type":"image\/jpeg"}],"author":"Florin R\u00e2\u0219teiu","twitter_card":"summary_large_image","twitter_misc":{"Written by":"Florin R\u00e2\u0219teiu","Estimated reading time":"3 minutes"},"schema":{"@context":"https:\/\/schema.org","@graph":[{"@type":"Article","@id":"https:\/\/buletin.de\/bucuresti\/sapte-ani-de-la-colectiv-familiile-si-prietenii-celor-65-de-oameni-care-au-murit-in-2015-vor-purta-portretele-acestora-pana-la-parchetul-general\/#article","isPartOf":{"@id":"https:\/\/buletin.de\/bucuresti\/sapte-ani-de-la-colectiv-familiile-si-prietenii-celor-65-de-oameni-care-au-murit-in-2015-vor-purta-portretele-acestora-pana-la-parchetul-general\/"},"author":{"name":"Florin R\u00e2\u0219teiu","@id":"https:\/\/buletin.de\/bucuresti\/#\/schema\/person\/b0686d7a8b666c6afc78239777fd8a89"},"headline":"\u0218apte ani de la Colectiv: Familiile \u0219i prietenii celor 65 de oameni care au murit \u00een 2015 vor purta portretele acestora p\u00e2n\u0103 la Parchetul General","datePublished":"2022-10-30T11:45:28+00:00","dateModified":"2022-10-30T11:45:29+00:00","mainEntityOfPage":{"@id":"https:\/\/buletin.de\/bucuresti\/sapte-ani-de-la-colectiv-familiile-si-prietenii-celor-65-de-oameni-care-au-murit-in-2015-vor-purta-portretele-acestora-pana-la-parchetul-general\/"},"wordCount":552,"publisher":{"@id":"https:\/\/buletin.de\/bucuresti\/#organization"},"image":{"@id":"https:\/\/buletin.de\/bucuresti\/sapte-ani-de-la-colectiv-familiile-si-prietenii-celor-65-de-oameni-care-au-murit-in-2015-vor-purta-portretele-acestora-pana-la-parchetul-general\/#primaryimage"},"thumbnailUrl":"https:\/\/buletin.de\/bucuresti\/wp-content\/uploads\/foto-colectiv-5-ani-alina-predescu-1-900x506-1.jpeg","articleSection":["Featured"],"inLanguage":"en-GB","copyrightYear":"2022","copyrightHolder":{"@id":"https:\/\/buletin.de\/bucuresti\/#organization"}},{"@type":"WebPage","@id":"https:\/\/buletin.de\/bucuresti\/sapte-ani-de-la-colectiv-familiile-si-prietenii-celor-65-de-oameni-care-au-murit-in-2015-vor-purta-portretele-acestora-pana-la-parchetul-general\/","url":"https:\/\/buletin.de\/bucuresti\/sapte-ani-de-la-colectiv-familiile-si-prietenii-celor-65-de-oameni-care-au-murit-in-2015-vor-purta-portretele-acestora-pana-la-parchetul-general\/","name":"\u0218apte ani de la Colectiv: Familiile \u0219i prietenii celor 65 de oameni care au murit \u00een 2015 vor purta portretele acestora p\u00e2n\u0103 la Parchetul General - Buletin de Bucure\u0219ti","isPartOf":{"@id":"https:\/\/buletin.de\/bucuresti\/#website"},"primaryImageOfPage":{"@id":"https:\/\/buletin.de\/bucuresti\/sapte-ani-de-la-colectiv-familiile-si-prietenii-celor-65-de-oameni-care-au-murit-in-2015-vor-purta-portretele-acestora-pana-la-parchetul-general\/#primaryimage"},"image":{"@id":"https:\/\/buletin.de\/bucuresti\/sapte-ani-de-la-colectiv-familiile-si-prietenii-celor-65-de-oameni-care-au-murit-in-2015-vor-purta-portretele-acestora-pana-la-parchetul-general\/#primaryimage"},"thumbnailUrl":"https:\/\/buletin.de\/bucuresti\/wp-content\/uploads\/foto-colectiv-5-ani-alina-predescu-1-900x506-1.jpeg","datePublished":"2022-10-30T11:45:28+00:00","dateModified":"2022-10-30T11:45:29+00:00","breadcrumb":{"@id":"https:\/\/buletin.de\/bucuresti\/sapte-ani-de-la-colectiv-familiile-si-prietenii-celor-65-de-oameni-care-au-murit-in-2015-vor-purta-portretele-acestora-pana-la-parchetul-general\/#breadcrumb"},"inLanguage":"en-GB","potentialAction":[{"@type":"ReadAction","target":["https:\/\/buletin.de\/bucuresti\/sapte-ani-de-la-colectiv-familiile-si-prietenii-celor-65-de-oameni-care-au-murit-in-2015-vor-purta-portretele-acestora-pana-la-parchetul-general\/"]}]},{"@type":"ImageObject","inLanguage":"en-GB","@id":"https:\/\/buletin.de\/bucuresti\/sapte-ani-de-la-colectiv-familiile-si-prietenii-celor-65-de-oameni-care-au-murit-in-2015-vor-purta-portretele-acestora-pana-la-parchetul-general\/#primaryimage","url":"https:\/\/buletin.de\/bucuresti\/wp-content\/uploads\/foto-colectiv-5-ani-alina-predescu-1-900x506-1.jpeg","contentUrl":"https:\/\/buletin.de\/bucuresti\/wp-content\/uploads\/foto-colectiv-5-ani-alina-predescu-1-900x506-1.jpeg","width":900,"height":506},{"@type":"BreadcrumbList","@id":"https:\/\/buletin.de\/bucuresti\/sapte-ani-de-la-colectiv-familiile-si-prietenii-celor-65-de-oameni-care-au-murit-in-2015-vor-purta-portretele-acestora-pana-la-parchetul-general\/#breadcrumb","itemListElement":[{"@type":"ListItem","position":1,"name":"Acas\u0103","item":"https:\/\/buletin.de\/bucuresti\/"},{"@type":"ListItem","position":2,"name":"\u0218apte ani de la Colectiv: Familiile \u0219i prietenii celor 65 de oameni care au murit \u00een 2015 vor purta portretele acestora p\u00e2n\u0103 la Parchetul General"}]},{"@type":"WebSite","@id":"https:\/\/buletin.de\/bucuresti\/#website","url":"https:\/\/buletin.de\/bucuresti\/","name":"Buletin de Bucure\u0219ti","description":"\u0218tiri \u0219i investiga\u021bii esen\u021biale din capital\u0103","publisher":{"@id":"https:\/\/buletin.de\/bucuresti\/#organization"},"potentialAction":[{"@type":"SearchAction","target":{"@type":"EntryPoint","urlTemplate":"https:\/\/buletin.de\/bucuresti\/?s={search_term_string}"},"query-input":{"@type":"PropertyValueSpecification","valueRequired":true,"valueName":"search_term_string"}}],"inLanguage":"en-GB"},{"@type":"Organization","@id":"https:\/\/buletin.de\/bucuresti\/#organization","name":"Buletin de Bucure\u0219ti","url":"https:\/\/buletin.de\/bucuresti\/","logo":{"@type":"ImageObject","inLanguage":"en-GB","@id":"https:\/\/buletin.de\/bucuresti\/#\/schema\/logo\/image\/","url":"https:\/\/buletin.de\/bucuresti\/wp-content\/uploads\/logo-bdb-full-wide-vernil-transparent.png","contentUrl":"https:\/\/buletin.de\/bucuresti\/wp-content\/uploads\/logo-bdb-full-wide-vernil-transparent.png","width":1782,"height":626,"caption":"Buletin de Bucure\u0219ti"},"image":{"@id":"https:\/\/buletin.de\/bucuresti\/#\/schema\/logo\/image\/"},"sameAs":["https:\/\/www.facebook.com\/buletin.de.buc","https:\/\/www.instagram.com\/buletinde.bucuresti\/"]},{"@type":"Person","@id":"https:\/\/buletin.de\/bucuresti\/#\/schema\/person\/b0686d7a8b666c6afc78239777fd8a89","name":"Florin R\u00e2\u0219teiu","image":{"@type":"ImageObject","inLanguage":"en-GB","@id":"https:\/\/buletin.de\/bucuresti\/wp-content\/uploads\/Florin-Rasteiu-96x96.jpgf0a6fe28453aa12f0a60e4d0a2e3a78c","url":"https:\/\/buletin.de\/bucuresti\/wp-content\/uploads\/Florin-Rasteiu-96x96.jpg","contentUrl":"https:\/\/buletin.de\/bucuresti\/wp-content\/uploads\/Florin-Rasteiu-96x96.jpg","caption":"Florin R\u00e2\u0219teiu"},"description":"Jurnalist de investiga\u021bie. Lucreaz\u0103 de aproape 6 ani la Buletin de Bucure\u0219ti, unde a publicat articole care scot la suprafa\u021b\u0103 corup\u021bia din Capital\u0103. Analizeaz\u0103 baze de date zilnic \u0219i scoate pove\u0219ti din exceluri pline de cifre. Pune reflectorul pe adev\u0103r cu fiecare ocazie. A c\u00e2\u0219tigat premiul I la categoria Pres\u0103 Local\u0103 \u00een 2025 \u0219i locul al II-lea la aceea\u0219i categorie \u00een 2024 \u00een cadrul Premiilor Superscrieri pentru jurnalism independent.","url":"https:\/\/buletin.de\/bucuresti\/author\/florinrasteiu\/"}]}},"authors":[{"term_id":22576,"user_id":17,"is_guest":0,"slug":"florinrasteiu","display_name":"Florin R\u00e2\u0219teiu","avatar_url":"https:\/\/buletin.de\/bucuresti\/wp-content\/uploads\/Florin-Rasteiu-96x96.jpg","0":null,"1":"","2":"","3":"","4":"","5":"","6":"","7":"","8":""}],"_links":{"self":[{"href":"https:\/\/buletin.de\/bucuresti\/wp-json\/wp\/v2\/posts\/47778","targetHints":{"allow":["GET"]}}],"collection":[{"href":"https:\/\/buletin.de\/bucuresti\/wp-json\/wp\/v2\/posts"}],"about":[{"href":"https:\/\/buletin.de\/bucuresti\/wp-json\/wp\/v2\/types\/post"}],"author":[{"embeddable":true,"href":"https:\/\/buletin.de\/bucuresti\/wp-json\/wp\/v2\/users\/17"}],"replies":[{"embeddable":true,"href":"https:\/\/buletin.de\/bucuresti\/wp-json\/wp\/v2\/comments?post=47778"}],"version-history":[{"count":4,"href":"https:\/\/buletin.de\/bucuresti\/wp-json\/wp\/v2\/posts\/47778\/revisions"}],"predecessor-version":[{"id":47787,"href":"https:\/\/buletin.de\/bucuresti\/wp-json\/wp\/v2\/posts\/47778\/revisions\/47787"}],"wp:featuredmedia":[{"embeddable":true,"href":"https:\/\/buletin.de\/bucuresti\/wp-json\/wp\/v2\/media\/33639"}],"wp:attachment":[{"href":"https:\/\/buletin.de\/bucuresti\/wp-json\/wp\/v2\/media?parent=47778"}],"wp:term":[{"taxonomy":"category","embeddable":true,"href":"https:\/\/buletin.de\/bucuresti\/wp-json\/wp\/v2\/categories?post=47778"},{"taxonomy":"post_tag","embeddable":true,"href":"https:\/\/buletin.de\/bucuresti\/wp-json\/wp\/v2\/tags?post=47778"},{"taxonomy":"author","embeddable":true,"href":"https:\/\/buletin.de\/bucuresti\/wp-json\/wp\/v2\/ppma_author?post=47778"}],"curies":[{"name":"wp","href":"https:\/\/api.w.org\/{rel}","templated":true}]}}