{"id":4777,"date":"2020-03-25T17:40:22","date_gmt":"2020-03-25T14:40:22","guid":{"rendered":"https:\/\/buletin.de\/bucuresti\/?p=4777"},"modified":"2020-03-25T17:40:22","modified_gmt":"2020-03-25T14:40:22","slug":"presedintele-klaus-iohannis-a-anuntat-o-rectificare-bugetara-extraordinara-pentru-a-aloca-mai-multi-bani-pentru-sanatate-si-plata-somajului-tehnic","status":"publish","type":"post","link":"https:\/\/buletin.de\/bucuresti\/presedintele-klaus-iohannis-a-anuntat-o-rectificare-bugetara-extraordinara-pentru-a-aloca-mai-multi-bani-pentru-sanatate-si-plata-somajului-tehnic\/","title":{"rendered":"Pre\u0219edintele Klaus Iohannis a anun\u021bat o rectificare bugetar\u0103 extraordinar\u0103 pentru a aloca mai mul\u021bi bani pentru S\u0103n\u0103tate \u0219i plata \u0219omajului tehnic"},"content":{"rendered":"\n<p>\u0218eful statului a avut, mar\u021bi, o \u0219edin\u021b\u0103 la Cotroceni cu premierul \u0219i cu mai mul\u021bi ministri ai cabinetului Orban la finalul c\u0103reia pre\u0219edintele Klaus Iohannis a anun\u021bat c\u0103 Executivul lucreaz\u0103 la o rectificare bugetar\u0103 pentru a aloca mai mul\u021bi bani c\u0103tre Ministerul S\u0103n\u0103t\u0103\u021bii. Bani vor fi aloca\u021bi \u0219i pentru a se \u00a0asigura fonduri pentru plata \u0219omajului tehnic pentru rom\u00e2nii a c\u0103ror activitate a fost suspendat\u0103 ca urmare a declar\u0103rii st\u0103rii de urgen\u021b\u0103 ca urmare a epidemiei de coronavirus. Totodat\u0103, pre\u0219edintele a anun\u021bat c\u0103, joi, Guvernul va adopta o ordonan\u021b\u0103 de urgen\u021b\u0103, care va permite am\u00e2narea pl\u0103\u021bii ratelor la b\u0103nci p\u00e2n\u0103 la 9 luni, at\u00e2t pentru persoane fizice, c\u00e2t \u0219i pentru persoane juridice.<\/p>\n\n\n\n<p>Principalele declara\u021bii ale \u0219efului statului:<\/p>\n\n\n\n<ul class=\"wp-block-list\"><li>Am avut ast\u0103zi o \u00eent\u00e2lnire cu premierul Ludovic Orban \u0219i\ncu mai mul\u021bi ministri o \u00eent\u00e2lnire foarte important\u0103 \u00een care am discutat despre\nstarea economiei rom\u00e2ne\u0219ti, despre protec\u021bia social\u0103 a rom\u00e2nilor \u00een acest\u0103\nperioad\u0103 de criz\u0103 \u0219i despre finan\u021bele publice ale Rom\u00e2niei. <\/li><li>Este nevoie de m\u0103suri speciale \u00een vremuri speciale. Am \u00een\u021beles c\u0103 \u0219i rom\u00e2nii au\nprobleme imense, \u0219i firmele au probleme foarte mari. Dorim s\u0103 venim cu m\u0103suri\n\u0219i pentru oamenii simpli \u0219i pentru economia rom\u00e2neasc\u0103. <\/li><li>Criza sanitar\u0103 se va termina la un moment dat \u0219i noi\nne dorim ca Rom\u00e2nia s\u0103 fie \u00een situa\u021bia s\u0103 repornim imediat economia \u0219i s\u0103\nrevenim la o via\u021b\u0103 normal\u0103.<\/li><li>Se\ncontureaz\u0103 o rectificare bugetar\u0103 extraordinar\u0103 care se face \u00een aceast\u0103 stare\nde urgen\u021b\u0103 pe dou\u0103 paliere. Este nevoie s\u0103 se aloce mai mul\u021bi bani pentru\nS\u0103n\u0103tate. S\u0103n\u0103tatea oamenilor este prima priroritate \u0219i pentru a rezolva\nproblemele este nevoie \u0219i de oameni \u0219i de bani. <\/li><li>A doua chestiune se refer\u0103 la rom\u00e2nii care nu mai\npot merge la serviciu pentru c\u0103 se \u00eenchide firma sau intr\u0103 \u00een \u0219omaj tehnic \u0219i e\nnevoie de bani pentru a veni \u00een sprijinul lor.<\/li><li>Guvernul\neste preg\u0103tit ca m\u00e2ine s\u0103 dea OUG care permite am\u00e2narea pl\u0103\u021bii ratelor la banc\u0103\npentru persoanele fizice, dar \u0219i pentru firmele din Rom\u00e2nia. La cererea celor\ncare au credite la b\u0103nci, plata ratelor poate fi am\u00e2nat\u0103 cu p\u00e2n\u0103 la 9 luni, adic\u0103\np\u00e2n\u0103 la finalul acestui an, c\u00e2nd credem c\u0103 economia \u00ee\u0219i va reveni <\/li><\/ul>\n\n\n\n<p><em>Sursa foto: presidency.ro<\/em><\/p>\n","protected":false},"excerpt":{"rendered":"<p>\u0218eful statului a avut, mar\u021bi, o \u0219edin\u021b\u0103 la Cotroceni cu premierul \u0219i cu mai mul\u021bi ministri ai cabinetului Orban la finalul c\u0103reia pre\u0219edintele Klaus Iohannis a anun\u021bat c\u0103 Executivul lucreaz\u0103 la o rectificare bugetar\u0103 pentru a aloca mai mul\u021bi bani c\u0103tre Ministerul S\u0103n\u0103t\u0103\u021bii. Bani vor fi aloca\u021bi \u0219i pentru a se \u00a0asigura fonduri pentru plata [&hellip;]<\/p>\n","protected":false},"author":11,"featured_media":4778,"comment_status":"closed","ping_status":"open","sticky":false,"template":"","format":"standard","meta":{"_acf_changed":false,"inline_featured_image":false,"ngg_post_thumbnail":0,"footnotes":""},"categories":[62],"tags":[529,643,360,695,5],"ppma_author":[22590],"class_list":["post-4777","post","type-post","status-publish","format-standard","has-post-thumbnail","hentry","category-stiri","tag-coronavirus","tag-covid19","tag-klaus-iohannis","tag-rectificare-bugetara","tag-sanatate"],"acf":[],"yoast_head":"<!-- This site is optimized with the Yoast SEO Premium plugin v25.3 (Yoast SEO v27.4) - https:\/\/yoast.com\/product\/yoast-seo-premium-wordpress\/ -->\n<title>Pre\u0219edintele Klaus Iohannis a anun\u021bat o rectificare bugetar\u0103 extraordinar\u0103 pentru a aloca mai mul\u021bi bani pentru S\u0103n\u0103tate \u0219i plata \u0219omajului tehnic - Buletin de Bucure\u0219ti<\/title>\n<meta name=\"robots\" content=\"index, follow, max-snippet:-1, max-image-preview:large, max-video-preview:-1\" \/>\n<link rel=\"canonical\" href=\"https:\/\/buletin.de\/bucuresti\/presedintele-klaus-iohannis-a-anuntat-o-rectificare-bugetara-extraordinara-pentru-a-aloca-mai-multi-bani-pentru-sanatate-si-plata-somajului-tehnic\/\" \/>\n<meta property=\"og:locale\" content=\"en_GB\" \/>\n<meta property=\"og:type\" content=\"article\" \/>\n<meta property=\"og:title\" content=\"Pre\u0219edintele Klaus Iohannis a anun\u021bat o rectificare bugetar\u0103 extraordinar\u0103 pentru a aloca mai mul\u021bi bani pentru S\u0103n\u0103tate \u0219i plata \u0219omajului tehnic\" \/>\n<meta property=\"og:description\" content=\"\u0218eful statului a avut, mar\u021bi, o \u0219edin\u021b\u0103 la Cotroceni cu premierul \u0219i cu mai mul\u021bi ministri ai cabinetului Orban la finalul c\u0103reia pre\u0219edintele Klaus Iohannis a anun\u021bat c\u0103 Executivul lucreaz\u0103 la o rectificare bugetar\u0103 pentru a aloca mai mul\u021bi bani c\u0103tre Ministerul S\u0103n\u0103t\u0103\u021bii. Bani vor fi aloca\u021bi \u0219i pentru a se \u00a0asigura fonduri pentru plata [&hellip;]\" \/>\n<meta property=\"og:url\" content=\"https:\/\/buletin.de\/bucuresti\/presedintele-klaus-iohannis-a-anuntat-o-rectificare-bugetara-extraordinara-pentru-a-aloca-mai-multi-bani-pentru-sanatate-si-plata-somajului-tehnic\/\" \/>\n<meta property=\"og:site_name\" content=\"Buletin de Bucure\u0219ti\" \/>\n<meta property=\"article:publisher\" content=\"https:\/\/www.facebook.com\/buletin.de.buc\" \/>\n<meta property=\"article:published_time\" content=\"2020-03-25T14:40:22+00:00\" \/>\n<meta property=\"og:image\" content=\"https:\/\/buletin.de\/bucuresti\/wp-content\/uploads\/klaus-iohannis-2-900x506.jpg\" \/>\n\t<meta property=\"og:image:width\" content=\"900\" \/>\n\t<meta property=\"og:image:height\" content=\"506\" \/>\n\t<meta property=\"og:image:type\" content=\"image\/jpeg\" \/>\n<meta name=\"author\" content=\"Cristina Sb\u00eern\" \/>\n<meta name=\"twitter:card\" content=\"summary_large_image\" \/>\n<meta name=\"twitter:label1\" content=\"Written by\" \/>\n\t<meta name=\"twitter:data1\" content=\"Cristina Sb\u00eern\" \/>\n\t<meta name=\"twitter:label2\" content=\"Estimated reading time\" \/>\n\t<meta name=\"twitter:data2\" content=\"2 minutes\" \/>\n<script type=\"application\/ld+json\" class=\"yoast-schema-graph\">{\"@context\":\"https:\\\/\\\/schema.org\",\"@graph\":[{\"@type\":\"Article\",\"@id\":\"https:\\\/\\\/buletin.de\\\/bucuresti\\\/presedintele-klaus-iohannis-a-anuntat-o-rectificare-bugetara-extraordinara-pentru-a-aloca-mai-multi-bani-pentru-sanatate-si-plata-somajului-tehnic\\\/#article\",\"isPartOf\":{\"@id\":\"https:\\\/\\\/buletin.de\\\/bucuresti\\\/presedintele-klaus-iohannis-a-anuntat-o-rectificare-bugetara-extraordinara-pentru-a-aloca-mai-multi-bani-pentru-sanatate-si-plata-somajului-tehnic\\\/\"},\"author\":{\"name\":\"Cristina Sb\u00eern\",\"@id\":\"https:\\\/\\\/buletin.de\\\/bucuresti\\\/#\\\/schema\\\/person\\\/491b46d206898645bf48e42ec8d16a4e\"},\"headline\":\"Pre\u0219edintele Klaus Iohannis a anun\u021bat o rectificare bugetar\u0103 extraordinar\u0103 pentru a aloca mai mul\u021bi bani pentru S\u0103n\u0103tate \u0219i plata \u0219omajului tehnic\",\"datePublished\":\"2020-03-25T14:40:22+00:00\",\"mainEntityOfPage\":{\"@id\":\"https:\\\/\\\/buletin.de\\\/bucuresti\\\/presedintele-klaus-iohannis-a-anuntat-o-rectificare-bugetara-extraordinara-pentru-a-aloca-mai-multi-bani-pentru-sanatate-si-plata-somajului-tehnic\\\/\"},\"wordCount\":444,\"publisher\":{\"@id\":\"https:\\\/\\\/buletin.de\\\/bucuresti\\\/#organization\"},\"image\":{\"@id\":\"https:\\\/\\\/buletin.de\\\/bucuresti\\\/presedintele-klaus-iohannis-a-anuntat-o-rectificare-bugetara-extraordinara-pentru-a-aloca-mai-multi-bani-pentru-sanatate-si-plata-somajului-tehnic\\\/#primaryimage\"},\"thumbnailUrl\":\"https:\\\/\\\/buletin.de\\\/bucuresti\\\/wp-content\\\/uploads\\\/klaus-iohannis-2.jpg\",\"keywords\":[\"coronavirus\",\"covid19\",\"klaus iohannis\",\"rectificare bugetara\",\"sanatate\"],\"articleSection\":[\"\u0218tiri\"],\"inLanguage\":\"en-GB\",\"copyrightYear\":\"2020\",\"copyrightHolder\":{\"@id\":\"https:\\\/\\\/buletin.de\\\/bucuresti\\\/#organization\"}},{\"@type\":\"WebPage\",\"@id\":\"https:\\\/\\\/buletin.de\\\/bucuresti\\\/presedintele-klaus-iohannis-a-anuntat-o-rectificare-bugetara-extraordinara-pentru-a-aloca-mai-multi-bani-pentru-sanatate-si-plata-somajului-tehnic\\\/\",\"url\":\"https:\\\/\\\/buletin.de\\\/bucuresti\\\/presedintele-klaus-iohannis-a-anuntat-o-rectificare-bugetara-extraordinara-pentru-a-aloca-mai-multi-bani-pentru-sanatate-si-plata-somajului-tehnic\\\/\",\"name\":\"Pre\u0219edintele Klaus Iohannis a anun\u021bat o rectificare bugetar\u0103 extraordinar\u0103 pentru a aloca mai mul\u021bi bani pentru S\u0103n\u0103tate \u0219i plata \u0219omajului tehnic - Buletin de Bucure\u0219ti\",\"isPartOf\":{\"@id\":\"https:\\\/\\\/buletin.de\\\/bucuresti\\\/#website\"},\"primaryImageOfPage\":{\"@id\":\"https:\\\/\\\/buletin.de\\\/bucuresti\\\/presedintele-klaus-iohannis-a-anuntat-o-rectificare-bugetara-extraordinara-pentru-a-aloca-mai-multi-bani-pentru-sanatate-si-plata-somajului-tehnic\\\/#primaryimage\"},\"image\":{\"@id\":\"https:\\\/\\\/buletin.de\\\/bucuresti\\\/presedintele-klaus-iohannis-a-anuntat-o-rectificare-bugetara-extraordinara-pentru-a-aloca-mai-multi-bani-pentru-sanatate-si-plata-somajului-tehnic\\\/#primaryimage\"},\"thumbnailUrl\":\"https:\\\/\\\/buletin.de\\\/bucuresti\\\/wp-content\\\/uploads\\\/klaus-iohannis-2.jpg\",\"datePublished\":\"2020-03-25T14:40:22+00:00\",\"breadcrumb\":{\"@id\":\"https:\\\/\\\/buletin.de\\\/bucuresti\\\/presedintele-klaus-iohannis-a-anuntat-o-rectificare-bugetara-extraordinara-pentru-a-aloca-mai-multi-bani-pentru-sanatate-si-plata-somajului-tehnic\\\/#breadcrumb\"},\"inLanguage\":\"en-GB\",\"potentialAction\":[{\"@type\":\"ReadAction\",\"target\":[\"https:\\\/\\\/buletin.de\\\/bucuresti\\\/presedintele-klaus-iohannis-a-anuntat-o-rectificare-bugetara-extraordinara-pentru-a-aloca-mai-multi-bani-pentru-sanatate-si-plata-somajului-tehnic\\\/\"]}]},{\"@type\":\"ImageObject\",\"inLanguage\":\"en-GB\",\"@id\":\"https:\\\/\\\/buletin.de\\\/bucuresti\\\/presedintele-klaus-iohannis-a-anuntat-o-rectificare-bugetara-extraordinara-pentru-a-aloca-mai-multi-bani-pentru-sanatate-si-plata-somajului-tehnic\\\/#primaryimage\",\"url\":\"https:\\\/\\\/buletin.de\\\/bucuresti\\\/wp-content\\\/uploads\\\/klaus-iohannis-2.jpg\",\"contentUrl\":\"https:\\\/\\\/buletin.de\\\/bucuresti\\\/wp-content\\\/uploads\\\/klaus-iohannis-2.jpg\",\"width\":1920,\"height\":1080},{\"@type\":\"BreadcrumbList\",\"@id\":\"https:\\\/\\\/buletin.de\\\/bucuresti\\\/presedintele-klaus-iohannis-a-anuntat-o-rectificare-bugetara-extraordinara-pentru-a-aloca-mai-multi-bani-pentru-sanatate-si-plata-somajului-tehnic\\\/#breadcrumb\",\"itemListElement\":[{\"@type\":\"ListItem\",\"position\":1,\"name\":\"Acas\u0103\",\"item\":\"https:\\\/\\\/buletin.de\\\/bucuresti\\\/\"},{\"@type\":\"ListItem\",\"position\":2,\"name\":\"Pre\u0219edintele Klaus Iohannis a anun\u021bat o rectificare bugetar\u0103 extraordinar\u0103 pentru a aloca mai mul\u021bi bani pentru S\u0103n\u0103tate \u0219i plata \u0219omajului tehnic\"}]},{\"@type\":\"WebSite\",\"@id\":\"https:\\\/\\\/buletin.de\\\/bucuresti\\\/#website\",\"url\":\"https:\\\/\\\/buletin.de\\\/bucuresti\\\/\",\"name\":\"Buletin de Bucure\u0219ti\",\"description\":\"\u0218tiri \u0219i investiga\u021bii esen\u021biale din capital\u0103\",\"publisher\":{\"@id\":\"https:\\\/\\\/buletin.de\\\/bucuresti\\\/#organization\"},\"potentialAction\":[{\"@type\":\"SearchAction\",\"target\":{\"@type\":\"EntryPoint\",\"urlTemplate\":\"https:\\\/\\\/buletin.de\\\/bucuresti\\\/?s={search_term_string}\"},\"query-input\":{\"@type\":\"PropertyValueSpecification\",\"valueRequired\":true,\"valueName\":\"search_term_string\"}}],\"inLanguage\":\"en-GB\"},{\"@type\":\"Organization\",\"@id\":\"https:\\\/\\\/buletin.de\\\/bucuresti\\\/#organization\",\"name\":\"Buletin de Bucure\u0219ti\",\"url\":\"https:\\\/\\\/buletin.de\\\/bucuresti\\\/\",\"logo\":{\"@type\":\"ImageObject\",\"inLanguage\":\"en-GB\",\"@id\":\"https:\\\/\\\/buletin.de\\\/bucuresti\\\/#\\\/schema\\\/logo\\\/image\\\/\",\"url\":\"https:\\\/\\\/buletin.de\\\/bucuresti\\\/wp-content\\\/uploads\\\/logo-bdb-full-wide-vernil-transparent.png\",\"contentUrl\":\"https:\\\/\\\/buletin.de\\\/bucuresti\\\/wp-content\\\/uploads\\\/logo-bdb-full-wide-vernil-transparent.png\",\"width\":1782,\"height\":626,\"caption\":\"Buletin de Bucure\u0219ti\"},\"image\":{\"@id\":\"https:\\\/\\\/buletin.de\\\/bucuresti\\\/#\\\/schema\\\/logo\\\/image\\\/\"},\"sameAs\":[\"https:\\\/\\\/www.facebook.com\\\/buletin.de.buc\",\"https:\\\/\\\/www.instagram.com\\\/buletinde.bucuresti\\\/\"]},{\"@type\":\"Person\",\"@id\":\"https:\\\/\\\/buletin.de\\\/bucuresti\\\/#\\\/schema\\\/person\\\/491b46d206898645bf48e42ec8d16a4e\",\"name\":\"Cristina Sb\u00eern\",\"image\":{\"@type\":\"ImageObject\",\"inLanguage\":\"en-GB\",\"@id\":\"https:\\\/\\\/secure.gravatar.com\\\/avatar\\\/37e16dbd00976eec8a6ce30eadedf4377f2cf2504eadbf5ef401b703947010b3?s=96&d=monsterid&r=g1bf283f4b400adaebc79de5a891c6b20\",\"url\":\"https:\\\/\\\/secure.gravatar.com\\\/avatar\\\/37e16dbd00976eec8a6ce30eadedf4377f2cf2504eadbf5ef401b703947010b3?s=96&d=monsterid&r=g\",\"contentUrl\":\"https:\\\/\\\/secure.gravatar.com\\\/avatar\\\/37e16dbd00976eec8a6ce30eadedf4377f2cf2504eadbf5ef401b703947010b3?s=96&d=monsterid&r=g\",\"caption\":\"Cristina Sb\u00eern\"},\"description\":\"Reporter\",\"url\":\"https:\\\/\\\/buletin.de\\\/bucuresti\\\/author\\\/cristinasbirn\\\/\"}]}<\/script>\n<!-- \/ Yoast SEO Premium plugin. -->","yoast_head_json":{"title":"Pre\u0219edintele Klaus Iohannis a anun\u021bat o rectificare bugetar\u0103 extraordinar\u0103 pentru a aloca mai mul\u021bi bani pentru S\u0103n\u0103tate \u0219i plata \u0219omajului tehnic - Buletin de Bucure\u0219ti","robots":{"index":"index","follow":"follow","max-snippet":"max-snippet:-1","max-image-preview":"max-image-preview:large","max-video-preview":"max-video-preview:-1"},"canonical":"https:\/\/buletin.de\/bucuresti\/presedintele-klaus-iohannis-a-anuntat-o-rectificare-bugetara-extraordinara-pentru-a-aloca-mai-multi-bani-pentru-sanatate-si-plata-somajului-tehnic\/","og_locale":"en_GB","og_type":"article","og_title":"Pre\u0219edintele Klaus Iohannis a anun\u021bat o rectificare bugetar\u0103 extraordinar\u0103 pentru a aloca mai mul\u021bi bani pentru S\u0103n\u0103tate \u0219i plata \u0219omajului tehnic","og_description":"\u0218eful statului a avut, mar\u021bi, o \u0219edin\u021b\u0103 la Cotroceni cu premierul \u0219i cu mai mul\u021bi ministri ai cabinetului Orban la finalul c\u0103reia pre\u0219edintele Klaus Iohannis a anun\u021bat c\u0103 Executivul lucreaz\u0103 la o rectificare bugetar\u0103 pentru a aloca mai mul\u021bi bani c\u0103tre Ministerul S\u0103n\u0103t\u0103\u021bii. Bani vor fi aloca\u021bi \u0219i pentru a se \u00a0asigura fonduri pentru plata [&hellip;]","og_url":"https:\/\/buletin.de\/bucuresti\/presedintele-klaus-iohannis-a-anuntat-o-rectificare-bugetara-extraordinara-pentru-a-aloca-mai-multi-bani-pentru-sanatate-si-plata-somajului-tehnic\/","og_site_name":"Buletin de Bucure\u0219ti","article_publisher":"https:\/\/www.facebook.com\/buletin.de.buc","article_published_time":"2020-03-25T14:40:22+00:00","og_image":[{"width":900,"height":506,"url":"https:\/\/buletin.de\/bucuresti\/wp-content\/uploads\/klaus-iohannis-2-900x506.jpg","type":"image\/jpeg"}],"author":"Cristina Sb\u00eern","twitter_card":"summary_large_image","twitter_misc":{"Written by":"Cristina Sb\u00eern","Estimated reading time":"2 minutes"},"schema":{"@context":"https:\/\/schema.org","@graph":[{"@type":"Article","@id":"https:\/\/buletin.de\/bucuresti\/presedintele-klaus-iohannis-a-anuntat-o-rectificare-bugetara-extraordinara-pentru-a-aloca-mai-multi-bani-pentru-sanatate-si-plata-somajului-tehnic\/#article","isPartOf":{"@id":"https:\/\/buletin.de\/bucuresti\/presedintele-klaus-iohannis-a-anuntat-o-rectificare-bugetara-extraordinara-pentru-a-aloca-mai-multi-bani-pentru-sanatate-si-plata-somajului-tehnic\/"},"author":{"name":"Cristina Sb\u00eern","@id":"https:\/\/buletin.de\/bucuresti\/#\/schema\/person\/491b46d206898645bf48e42ec8d16a4e"},"headline":"Pre\u0219edintele Klaus Iohannis a anun\u021bat o rectificare bugetar\u0103 extraordinar\u0103 pentru a aloca mai mul\u021bi bani pentru S\u0103n\u0103tate \u0219i plata \u0219omajului tehnic","datePublished":"2020-03-25T14:40:22+00:00","mainEntityOfPage":{"@id":"https:\/\/buletin.de\/bucuresti\/presedintele-klaus-iohannis-a-anuntat-o-rectificare-bugetara-extraordinara-pentru-a-aloca-mai-multi-bani-pentru-sanatate-si-plata-somajului-tehnic\/"},"wordCount":444,"publisher":{"@id":"https:\/\/buletin.de\/bucuresti\/#organization"},"image":{"@id":"https:\/\/buletin.de\/bucuresti\/presedintele-klaus-iohannis-a-anuntat-o-rectificare-bugetara-extraordinara-pentru-a-aloca-mai-multi-bani-pentru-sanatate-si-plata-somajului-tehnic\/#primaryimage"},"thumbnailUrl":"https:\/\/buletin.de\/bucuresti\/wp-content\/uploads\/klaus-iohannis-2.jpg","keywords":["coronavirus","covid19","klaus iohannis","rectificare bugetara","sanatate"],"articleSection":["\u0218tiri"],"inLanguage":"en-GB","copyrightYear":"2020","copyrightHolder":{"@id":"https:\/\/buletin.de\/bucuresti\/#organization"}},{"@type":"WebPage","@id":"https:\/\/buletin.de\/bucuresti\/presedintele-klaus-iohannis-a-anuntat-o-rectificare-bugetara-extraordinara-pentru-a-aloca-mai-multi-bani-pentru-sanatate-si-plata-somajului-tehnic\/","url":"https:\/\/buletin.de\/bucuresti\/presedintele-klaus-iohannis-a-anuntat-o-rectificare-bugetara-extraordinara-pentru-a-aloca-mai-multi-bani-pentru-sanatate-si-plata-somajului-tehnic\/","name":"Pre\u0219edintele Klaus Iohannis a anun\u021bat o rectificare bugetar\u0103 extraordinar\u0103 pentru a aloca mai mul\u021bi bani pentru S\u0103n\u0103tate \u0219i plata \u0219omajului tehnic - Buletin de Bucure\u0219ti","isPartOf":{"@id":"https:\/\/buletin.de\/bucuresti\/#website"},"primaryImageOfPage":{"@id":"https:\/\/buletin.de\/bucuresti\/presedintele-klaus-iohannis-a-anuntat-o-rectificare-bugetara-extraordinara-pentru-a-aloca-mai-multi-bani-pentru-sanatate-si-plata-somajului-tehnic\/#primaryimage"},"image":{"@id":"https:\/\/buletin.de\/bucuresti\/presedintele-klaus-iohannis-a-anuntat-o-rectificare-bugetara-extraordinara-pentru-a-aloca-mai-multi-bani-pentru-sanatate-si-plata-somajului-tehnic\/#primaryimage"},"thumbnailUrl":"https:\/\/buletin.de\/bucuresti\/wp-content\/uploads\/klaus-iohannis-2.jpg","datePublished":"2020-03-25T14:40:22+00:00","breadcrumb":{"@id":"https:\/\/buletin.de\/bucuresti\/presedintele-klaus-iohannis-a-anuntat-o-rectificare-bugetara-extraordinara-pentru-a-aloca-mai-multi-bani-pentru-sanatate-si-plata-somajului-tehnic\/#breadcrumb"},"inLanguage":"en-GB","potentialAction":[{"@type":"ReadAction","target":["https:\/\/buletin.de\/bucuresti\/presedintele-klaus-iohannis-a-anuntat-o-rectificare-bugetara-extraordinara-pentru-a-aloca-mai-multi-bani-pentru-sanatate-si-plata-somajului-tehnic\/"]}]},{"@type":"ImageObject","inLanguage":"en-GB","@id":"https:\/\/buletin.de\/bucuresti\/presedintele-klaus-iohannis-a-anuntat-o-rectificare-bugetara-extraordinara-pentru-a-aloca-mai-multi-bani-pentru-sanatate-si-plata-somajului-tehnic\/#primaryimage","url":"https:\/\/buletin.de\/bucuresti\/wp-content\/uploads\/klaus-iohannis-2.jpg","contentUrl":"https:\/\/buletin.de\/bucuresti\/wp-content\/uploads\/klaus-iohannis-2.jpg","width":1920,"height":1080},{"@type":"BreadcrumbList","@id":"https:\/\/buletin.de\/bucuresti\/presedintele-klaus-iohannis-a-anuntat-o-rectificare-bugetara-extraordinara-pentru-a-aloca-mai-multi-bani-pentru-sanatate-si-plata-somajului-tehnic\/#breadcrumb","itemListElement":[{"@type":"ListItem","position":1,"name":"Acas\u0103","item":"https:\/\/buletin.de\/bucuresti\/"},{"@type":"ListItem","position":2,"name":"Pre\u0219edintele Klaus Iohannis a anun\u021bat o rectificare bugetar\u0103 extraordinar\u0103 pentru a aloca mai mul\u021bi bani pentru S\u0103n\u0103tate \u0219i plata \u0219omajului tehnic"}]},{"@type":"WebSite","@id":"https:\/\/buletin.de\/bucuresti\/#website","url":"https:\/\/buletin.de\/bucuresti\/","name":"Buletin de Bucure\u0219ti","description":"\u0218tiri \u0219i investiga\u021bii esen\u021biale din capital\u0103","publisher":{"@id":"https:\/\/buletin.de\/bucuresti\/#organization"},"potentialAction":[{"@type":"SearchAction","target":{"@type":"EntryPoint","urlTemplate":"https:\/\/buletin.de\/bucuresti\/?s={search_term_string}"},"query-input":{"@type":"PropertyValueSpecification","valueRequired":true,"valueName":"search_term_string"}}],"inLanguage":"en-GB"},{"@type":"Organization","@id":"https:\/\/buletin.de\/bucuresti\/#organization","name":"Buletin de Bucure\u0219ti","url":"https:\/\/buletin.de\/bucuresti\/","logo":{"@type":"ImageObject","inLanguage":"en-GB","@id":"https:\/\/buletin.de\/bucuresti\/#\/schema\/logo\/image\/","url":"https:\/\/buletin.de\/bucuresti\/wp-content\/uploads\/logo-bdb-full-wide-vernil-transparent.png","contentUrl":"https:\/\/buletin.de\/bucuresti\/wp-content\/uploads\/logo-bdb-full-wide-vernil-transparent.png","width":1782,"height":626,"caption":"Buletin de Bucure\u0219ti"},"image":{"@id":"https:\/\/buletin.de\/bucuresti\/#\/schema\/logo\/image\/"},"sameAs":["https:\/\/www.facebook.com\/buletin.de.buc","https:\/\/www.instagram.com\/buletinde.bucuresti\/"]},{"@type":"Person","@id":"https:\/\/buletin.de\/bucuresti\/#\/schema\/person\/491b46d206898645bf48e42ec8d16a4e","name":"Cristina Sb\u00eern","image":{"@type":"ImageObject","inLanguage":"en-GB","@id":"https:\/\/secure.gravatar.com\/avatar\/37e16dbd00976eec8a6ce30eadedf4377f2cf2504eadbf5ef401b703947010b3?s=96&d=monsterid&r=g1bf283f4b400adaebc79de5a891c6b20","url":"https:\/\/secure.gravatar.com\/avatar\/37e16dbd00976eec8a6ce30eadedf4377f2cf2504eadbf5ef401b703947010b3?s=96&d=monsterid&r=g","contentUrl":"https:\/\/secure.gravatar.com\/avatar\/37e16dbd00976eec8a6ce30eadedf4377f2cf2504eadbf5ef401b703947010b3?s=96&d=monsterid&r=g","caption":"Cristina Sb\u00eern"},"description":"Reporter","url":"https:\/\/buletin.de\/bucuresti\/author\/cristinasbirn\/"}]}},"authors":[{"term_id":22590,"user_id":11,"is_guest":0,"slug":"cristinasbirn","display_name":"Cristina Sb\u00eern","avatar_url":"https:\/\/secure.gravatar.com\/avatar\/37e16dbd00976eec8a6ce30eadedf4377f2cf2504eadbf5ef401b703947010b3?s=96&d=monsterid&r=g","0":null,"1":"","2":"","3":"","4":"","5":"","6":"","7":"","8":""}],"_links":{"self":[{"href":"https:\/\/buletin.de\/bucuresti\/wp-json\/wp\/v2\/posts\/4777","targetHints":{"allow":["GET"]}}],"collection":[{"href":"https:\/\/buletin.de\/bucuresti\/wp-json\/wp\/v2\/posts"}],"about":[{"href":"https:\/\/buletin.de\/bucuresti\/wp-json\/wp\/v2\/types\/post"}],"author":[{"embeddable":true,"href":"https:\/\/buletin.de\/bucuresti\/wp-json\/wp\/v2\/users\/11"}],"replies":[{"embeddable":true,"href":"https:\/\/buletin.de\/bucuresti\/wp-json\/wp\/v2\/comments?post=4777"}],"version-history":[{"count":1,"href":"https:\/\/buletin.de\/bucuresti\/wp-json\/wp\/v2\/posts\/4777\/revisions"}],"predecessor-version":[{"id":4779,"href":"https:\/\/buletin.de\/bucuresti\/wp-json\/wp\/v2\/posts\/4777\/revisions\/4779"}],"wp:featuredmedia":[{"embeddable":true,"href":"https:\/\/buletin.de\/bucuresti\/wp-json\/wp\/v2\/media\/4778"}],"wp:attachment":[{"href":"https:\/\/buletin.de\/bucuresti\/wp-json\/wp\/v2\/media?parent=4777"}],"wp:term":[{"taxonomy":"category","embeddable":true,"href":"https:\/\/buletin.de\/bucuresti\/wp-json\/wp\/v2\/categories?post=4777"},{"taxonomy":"post_tag","embeddable":true,"href":"https:\/\/buletin.de\/bucuresti\/wp-json\/wp\/v2\/tags?post=4777"},{"taxonomy":"author","embeddable":true,"href":"https:\/\/buletin.de\/bucuresti\/wp-json\/wp\/v2\/ppma_author?post=4777"}],"curies":[{"name":"wp","href":"https:\/\/api.w.org\/{rel}","templated":true}]}}