{"id":47756,"date":"2022-10-30T11:04:24","date_gmt":"2022-10-30T09:04:24","guid":{"rendered":"https:\/\/buletin.de\/bucuresti\/?p=47756"},"modified":"2022-10-30T11:04:25","modified_gmt":"2022-10-30T09:04:25","slug":"5-lei-ora-tarif-unic-de-parcare-in-bucuresti-si-gratuitate-pentru-masinile-electrice-proiectele-sunt-in-dezbatere-publica","status":"publish","type":"post","link":"https:\/\/buletin.de\/bucuresti\/5-lei-ora-tarif-unic-de-parcare-in-bucuresti-si-gratuitate-pentru-masinile-electrice-proiectele-sunt-in-dezbatere-publica\/","title":{"rendered":"5 lei\/or\u0103 tarif unic de parcare \u00een Bucure\u0219ti \u0219i gratuitate pentru ma\u0219inile electrice. Proiectele sunt \u00een dezbatere public\u0103"},"content":{"rendered":"\n<p>Prim\u0103ria Bucure\u0219ti a pus, \u00een dezbatere public\u0103, dou\u0103 proiecte care privesc utilizarea parc\u0103rilor de utilitate public\u0103 din Capital\u0103. Primul proiect propune un tarif unic de parcare de 5 lei pe or\u0103 precum \u0219i tarifele pentru abonamente, iar cel de-al doilea gratuitate pentru ma\u0219inile electrice.<\/p>\n\n\n\n<p>Sistemul de tarifare propus este mult simplificat \u0219i valabil pentru toate categoriile de utilizatori (persoane fizice sau juridice):<\/p>\n\n\n\n<ul class=\"wp-block-list\"><li>Tarif unic\/or\u0103: 5 lei (*aplicabil \u00een intervalul orar 8.00-20.00, de luni p\u00e2n\u0103 vineri)<\/li><li>Abonament 25 lei\/zi<\/li><li>Abonament 500 lei\/lun\u0103<\/li><\/ul>\n\n\n\n<p>Pentru riverani:<\/p>\n\n\n\n<ul class=\"wp-block-list\"><li>Abonament lunar: 50 lei<\/li><li>Abonament anual: 500 lei<\/li><\/ul>\n\n\n\n<p>Noile tarife propuse sunt incluse \u00een proiectul de hot\u0103r\u00e2re privind modificarea \u0219i completarea HCGMB nr. 517\/2019 privind aprobarea tarifelor de exploatare a parcajelor publice de utilitate general\u0103 din Municipiului Bucure\u0219ti care poate fi consultat <a href=\"https:\/\/www3.pmb.ro\/institutii\/cgmb\/dezb_publica\/proiecte\/1606\">AICI<\/a>.<\/p>\n\n\n\n<p><\/p>\n\n\n\n<p>Cel de-al doilea proiect, care poate fi consultat <a href=\"https:\/\/l.facebook.com\/l.php?u=https%3A%2F%2Fwww3.pmb.ro%2Finstitutii%2Fcgmb%2Fdezb_publica%2Fproiecte%2F1607%3Ffbclid%3DIwAR1bCQyoQEeQhnKnsJDwAilUVGiRXsjArBnKXL_wQxbC4zmNYTGEj5VxOkQ&amp;h=AT2TZ2rOeJ5kUTki2Kslq12KwjuPzwKTtFBfY-OM1DbDirBPSyvNVnvfZ6xfskKSw5yR4Jqk52ZVqJ4RjQjHqhq29tVaJg8gcuqyVARRU9wm8TMU4hI2twW1bWdwL5v7qsFaHdwQatBKmEJd2Jro&amp;__tn__=-UK-R&amp;c[0]=AT08-qUOOnWCLyt7OtYZITiwlrxvLyVQY2GcgSXMGGuwWp3VB5OPalR69rPl_7s1p3sCX0zWBKTg2qJ_uDXgvP1Gx8PyCFLX5R0OejP8arUaoSWlYcNaAEo4hCrMDby4oamM0NiKO3x5xmxVHErtUZfF-hVvAg7-EZQnSMQSg3p--tudvEXHK9JID-LgZUe5rwXSjR12yb33\">AICI<\/a>, reglementeaz\u0103 modul de utilizare a parc\u0103rilor de c\u0103tre de\u021bin\u0103torii de ma\u0219ini electrice. <\/p>\n\n\n\n<p>Propunerea este ca ma\u0219inile electrice s\u0103 beneficiaze de gratuitate pentru utilizarea locurilor de parcare. De asemenea, s\u0103 se creeze un registru unic al ma\u0219inilor electrice \u00eenmatriculate \u00een municipiul Bucure\u0219ti.<\/p>\n\n\n\n<p>Ca noutate, proiectul prevede c\u0103 autoturismele electrice utilizate pentru activit\u0103\u021bile de transport alternativ cu autoturism \u015fi conduc\u0103tor auto intermediate prin platforme digitale, cele utilizate \u00een baza unui contract de utilizare \u00een sistem de partajare a autoturismelor intermediate prin platforme digitale, precum \u0219i cele care prin colantare, dispozitive audio-video, afi\u0219eaz\u0103 mesaje publicitare care promoveaz\u0103 activit\u0103\u021bi comerciale de orice fel, au obliga\u021bia de a achita tariful de parcare<\/p>\n\n\n\n<p>Ini\u021biatorul celor dou\u0103 proiecte este viceprimarul Capitalei, Stelian Bujduveanu care, printr-o postare pe Facebook, invit\u0103 to\u021bi bucure\u0219tenii s\u0103 consulte \u0219i s\u0103 \u00ee\u0219i exprime puncte de vedere fa\u021b\u0103 de propunerile mai sus men\u021bionate. <\/p>\n\n\n<p><iframe src=\"https:\/\/www.facebook.com\/plugins\/post.php?href=https%3A%2F%2Fwww.facebook.com%2FBujduveanu%2Fposts%2F507744318032337&amp;show_text=true&amp;width=500\" width=\"500\" height=\"693\" style=\"border:none;overflow:hidden\" scrolling=\"no\" frameborder=\"0\" allowfullscreen=\"true\" allow=\"autoplay; clipboard-write; encrypted-media; picture-in-picture; web-share\"><\/iframe><\/p>\n\n\n\n<p>Proiectele de acte nomativ se pot ob\u021bine \u0219i \u00een copie, pe baz\u0103 de cerere depusa la Registratura P.M.B.<\/p>\n\n\n\n<p>Sugestiile, opiniile cu valoare de recomandare privind proiectul de act normativ supus proceduri de transparen\u021b\u0103 decizional\u0103 se pot depune p\u00e2n\u0103 la data de 08.11.2022. prin site-ul www.pmb.ro pe adresa de e-mail: relatiipublice@pmb.ro\/ proiecte.supuse.dezbateri.publice@pmb.ro. <\/p>\n\n\n\n<p><\/p>\n\n\n\n<p>sursa foto cover: Facebook Stelian Bujduveanu<\/p>\n","protected":false},"excerpt":{"rendered":"<p>Prim\u0103ria Bucure\u0219ti a pus, \u00een dezbatere public\u0103, dou\u0103 proiecte care privesc utilizarea parc\u0103rilor de utilitate public\u0103 din Capital\u0103. Primul proiect propune un tarif unic de parcare de 5 lei pe or\u0103 precum \u0219i tarifele pentru abonamente, iar cel de-al doilea gratuitate pentru ma\u0219inile electrice. Sistemul de tarifare propus este mult simplificat \u0219i valabil pentru toate [&hellip;]<\/p>\n","protected":false},"author":18,"featured_media":47765,"comment_status":"closed","ping_status":"open","sticky":false,"template":"","format":"standard","meta":{"_acf_changed":false,"inline_featured_image":false,"ngg_post_thumbnail":0,"footnotes":""},"categories":[24,62],"tags":[9,1090,4696,4695],"ppma_author":[22579],"class_list":["post-47756","post","type-post","status-publish","format-standard","has-post-thumbnail","hentry","category-primarie","category-stiri","tag-bucuresti","tag-gratuitate","tag-masini-electrice","tag-tarif-parcare"],"acf":[],"yoast_head":"<!-- This site is optimized with the Yoast SEO Premium plugin v25.3 (Yoast SEO v27.4) - https:\/\/yoast.com\/product\/yoast-seo-premium-wordpress\/ -->\n<title>5 lei\/or\u0103 tarif unic de parcare \u00een Bucure\u0219ti \u0219i gratuitate pentru ma\u0219inile electrice. Proiectele sunt \u00een dezbatere public\u0103 - Buletin de Bucure\u0219ti<\/title>\n<meta name=\"robots\" content=\"index, follow, max-snippet:-1, max-image-preview:large, max-video-preview:-1\" \/>\n<link rel=\"canonical\" href=\"https:\/\/buletin.de\/bucuresti\/5-lei-ora-tarif-unic-de-parcare-in-bucuresti-si-gratuitate-pentru-masinile-electrice-proiectele-sunt-in-dezbatere-publica\/\" \/>\n<meta property=\"og:locale\" content=\"en_GB\" \/>\n<meta property=\"og:type\" content=\"article\" \/>\n<meta property=\"og:title\" content=\"5 lei\/or\u0103 tarif unic de parcare \u00een Bucure\u0219ti \u0219i gratuitate pentru ma\u0219inile electrice. Proiectele sunt \u00een dezbatere public\u0103\" \/>\n<meta property=\"og:description\" content=\"Prim\u0103ria Bucure\u0219ti a pus, \u00een dezbatere public\u0103, dou\u0103 proiecte care privesc utilizarea parc\u0103rilor de utilitate public\u0103 din Capital\u0103. Primul proiect propune un tarif unic de parcare de 5 lei pe or\u0103 precum \u0219i tarifele pentru abonamente, iar cel de-al doilea gratuitate pentru ma\u0219inile electrice. Sistemul de tarifare propus este mult simplificat \u0219i valabil pentru toate [&hellip;]\" \/>\n<meta property=\"og:url\" content=\"https:\/\/buletin.de\/bucuresti\/5-lei-ora-tarif-unic-de-parcare-in-bucuresti-si-gratuitate-pentru-masinile-electrice-proiectele-sunt-in-dezbatere-publica\/\" \/>\n<meta property=\"og:site_name\" content=\"Buletin de Bucure\u0219ti\" \/>\n<meta property=\"article:publisher\" content=\"https:\/\/www.facebook.com\/buletin.de.buc\" \/>\n<meta property=\"article:published_time\" content=\"2022-10-30T09:04:24+00:00\" \/>\n<meta property=\"article:modified_time\" content=\"2022-10-30T09:04:25+00:00\" \/>\n<meta property=\"og:image\" content=\"https:\/\/buletin.de\/bucuresti\/wp-content\/uploads\/301490599_456897433117026_3313936643923552434_n.jpg\" \/>\n\t<meta property=\"og:image:width\" content=\"1536\" \/>\n\t<meta property=\"og:image:height\" content=\"1601\" \/>\n\t<meta property=\"og:image:type\" content=\"image\/jpeg\" \/>\n<meta name=\"author\" content=\"Teodora Stroe\" \/>\n<meta name=\"twitter:card\" content=\"summary_large_image\" \/>\n<meta name=\"twitter:label1\" content=\"Written by\" \/>\n\t<meta name=\"twitter:data1\" content=\"Teodora Stroe\" \/>\n\t<meta name=\"twitter:label2\" content=\"Estimated reading time\" \/>\n\t<meta name=\"twitter:data2\" content=\"2 minutes\" \/>\n<script type=\"application\/ld+json\" class=\"yoast-schema-graph\">{\"@context\":\"https:\\\/\\\/schema.org\",\"@graph\":[{\"@type\":\"Article\",\"@id\":\"https:\\\/\\\/buletin.de\\\/bucuresti\\\/5-lei-ora-tarif-unic-de-parcare-in-bucuresti-si-gratuitate-pentru-masinile-electrice-proiectele-sunt-in-dezbatere-publica\\\/#article\",\"isPartOf\":{\"@id\":\"https:\\\/\\\/buletin.de\\\/bucuresti\\\/5-lei-ora-tarif-unic-de-parcare-in-bucuresti-si-gratuitate-pentru-masinile-electrice-proiectele-sunt-in-dezbatere-publica\\\/\"},\"author\":{\"name\":\"Teodora Stroe\",\"@id\":\"https:\\\/\\\/buletin.de\\\/bucuresti\\\/#\\\/schema\\\/person\\\/d369d7ddc775abece205795e0b804614\"},\"headline\":\"5 lei\\\/or\u0103 tarif unic de parcare \u00een Bucure\u0219ti \u0219i gratuitate pentru ma\u0219inile electrice. Proiectele sunt \u00een dezbatere public\u0103\",\"datePublished\":\"2022-10-30T09:04:24+00:00\",\"dateModified\":\"2022-10-30T09:04:25+00:00\",\"mainEntityOfPage\":{\"@id\":\"https:\\\/\\\/buletin.de\\\/bucuresti\\\/5-lei-ora-tarif-unic-de-parcare-in-bucuresti-si-gratuitate-pentru-masinile-electrice-proiectele-sunt-in-dezbatere-publica\\\/\"},\"wordCount\":384,\"publisher\":{\"@id\":\"https:\\\/\\\/buletin.de\\\/bucuresti\\\/#organization\"},\"image\":{\"@id\":\"https:\\\/\\\/buletin.de\\\/bucuresti\\\/5-lei-ora-tarif-unic-de-parcare-in-bucuresti-si-gratuitate-pentru-masinile-electrice-proiectele-sunt-in-dezbatere-publica\\\/#primaryimage\"},\"thumbnailUrl\":\"https:\\\/\\\/buletin.de\\\/bucuresti\\\/wp-content\\\/uploads\\\/301490599_456897433117026_3313936643923552434_n.jpg\",\"keywords\":[\"bucuresti\",\"gratuitate\",\"masini electrice\",\"tarif parcare\"],\"articleSection\":[\"Prim\u0103rie\",\"\u0218tiri\"],\"inLanguage\":\"en-GB\",\"copyrightYear\":\"2022\",\"copyrightHolder\":{\"@id\":\"https:\\\/\\\/buletin.de\\\/bucuresti\\\/#organization\"}},{\"@type\":\"WebPage\",\"@id\":\"https:\\\/\\\/buletin.de\\\/bucuresti\\\/5-lei-ora-tarif-unic-de-parcare-in-bucuresti-si-gratuitate-pentru-masinile-electrice-proiectele-sunt-in-dezbatere-publica\\\/\",\"url\":\"https:\\\/\\\/buletin.de\\\/bucuresti\\\/5-lei-ora-tarif-unic-de-parcare-in-bucuresti-si-gratuitate-pentru-masinile-electrice-proiectele-sunt-in-dezbatere-publica\\\/\",\"name\":\"5 lei\\\/or\u0103 tarif unic de parcare \u00een Bucure\u0219ti \u0219i gratuitate pentru ma\u0219inile electrice. Proiectele sunt \u00een dezbatere public\u0103 - Buletin de Bucure\u0219ti\",\"isPartOf\":{\"@id\":\"https:\\\/\\\/buletin.de\\\/bucuresti\\\/#website\"},\"primaryImageOfPage\":{\"@id\":\"https:\\\/\\\/buletin.de\\\/bucuresti\\\/5-lei-ora-tarif-unic-de-parcare-in-bucuresti-si-gratuitate-pentru-masinile-electrice-proiectele-sunt-in-dezbatere-publica\\\/#primaryimage\"},\"image\":{\"@id\":\"https:\\\/\\\/buletin.de\\\/bucuresti\\\/5-lei-ora-tarif-unic-de-parcare-in-bucuresti-si-gratuitate-pentru-masinile-electrice-proiectele-sunt-in-dezbatere-publica\\\/#primaryimage\"},\"thumbnailUrl\":\"https:\\\/\\\/buletin.de\\\/bucuresti\\\/wp-content\\\/uploads\\\/301490599_456897433117026_3313936643923552434_n.jpg\",\"datePublished\":\"2022-10-30T09:04:24+00:00\",\"dateModified\":\"2022-10-30T09:04:25+00:00\",\"breadcrumb\":{\"@id\":\"https:\\\/\\\/buletin.de\\\/bucuresti\\\/5-lei-ora-tarif-unic-de-parcare-in-bucuresti-si-gratuitate-pentru-masinile-electrice-proiectele-sunt-in-dezbatere-publica\\\/#breadcrumb\"},\"inLanguage\":\"en-GB\",\"potentialAction\":[{\"@type\":\"ReadAction\",\"target\":[\"https:\\\/\\\/buletin.de\\\/bucuresti\\\/5-lei-ora-tarif-unic-de-parcare-in-bucuresti-si-gratuitate-pentru-masinile-electrice-proiectele-sunt-in-dezbatere-publica\\\/\"]}]},{\"@type\":\"ImageObject\",\"inLanguage\":\"en-GB\",\"@id\":\"https:\\\/\\\/buletin.de\\\/bucuresti\\\/5-lei-ora-tarif-unic-de-parcare-in-bucuresti-si-gratuitate-pentru-masinile-electrice-proiectele-sunt-in-dezbatere-publica\\\/#primaryimage\",\"url\":\"https:\\\/\\\/buletin.de\\\/bucuresti\\\/wp-content\\\/uploads\\\/301490599_456897433117026_3313936643923552434_n.jpg\",\"contentUrl\":\"https:\\\/\\\/buletin.de\\\/bucuresti\\\/wp-content\\\/uploads\\\/301490599_456897433117026_3313936643923552434_n.jpg\",\"width\":1536,\"height\":1601},{\"@type\":\"BreadcrumbList\",\"@id\":\"https:\\\/\\\/buletin.de\\\/bucuresti\\\/5-lei-ora-tarif-unic-de-parcare-in-bucuresti-si-gratuitate-pentru-masinile-electrice-proiectele-sunt-in-dezbatere-publica\\\/#breadcrumb\",\"itemListElement\":[{\"@type\":\"ListItem\",\"position\":1,\"name\":\"Acas\u0103\",\"item\":\"https:\\\/\\\/buletin.de\\\/bucuresti\\\/\"},{\"@type\":\"ListItem\",\"position\":2,\"name\":\"5 lei\\\/or\u0103 tarif unic de parcare \u00een Bucure\u0219ti \u0219i gratuitate pentru ma\u0219inile electrice. Proiectele sunt \u00een dezbatere public\u0103\"}]},{\"@type\":\"WebSite\",\"@id\":\"https:\\\/\\\/buletin.de\\\/bucuresti\\\/#website\",\"url\":\"https:\\\/\\\/buletin.de\\\/bucuresti\\\/\",\"name\":\"Buletin de Bucure\u0219ti\",\"description\":\"\u0218tiri \u0219i investiga\u021bii esen\u021biale din capital\u0103\",\"publisher\":{\"@id\":\"https:\\\/\\\/buletin.de\\\/bucuresti\\\/#organization\"},\"potentialAction\":[{\"@type\":\"SearchAction\",\"target\":{\"@type\":\"EntryPoint\",\"urlTemplate\":\"https:\\\/\\\/buletin.de\\\/bucuresti\\\/?s={search_term_string}\"},\"query-input\":{\"@type\":\"PropertyValueSpecification\",\"valueRequired\":true,\"valueName\":\"search_term_string\"}}],\"inLanguage\":\"en-GB\"},{\"@type\":\"Organization\",\"@id\":\"https:\\\/\\\/buletin.de\\\/bucuresti\\\/#organization\",\"name\":\"Buletin de Bucure\u0219ti\",\"url\":\"https:\\\/\\\/buletin.de\\\/bucuresti\\\/\",\"logo\":{\"@type\":\"ImageObject\",\"inLanguage\":\"en-GB\",\"@id\":\"https:\\\/\\\/buletin.de\\\/bucuresti\\\/#\\\/schema\\\/logo\\\/image\\\/\",\"url\":\"https:\\\/\\\/buletin.de\\\/bucuresti\\\/wp-content\\\/uploads\\\/logo-bdb-full-wide-vernil-transparent.png\",\"contentUrl\":\"https:\\\/\\\/buletin.de\\\/bucuresti\\\/wp-content\\\/uploads\\\/logo-bdb-full-wide-vernil-transparent.png\",\"width\":1782,\"height\":626,\"caption\":\"Buletin de Bucure\u0219ti\"},\"image\":{\"@id\":\"https:\\\/\\\/buletin.de\\\/bucuresti\\\/#\\\/schema\\\/logo\\\/image\\\/\"},\"sameAs\":[\"https:\\\/\\\/www.facebook.com\\\/buletin.de.buc\",\"https:\\\/\\\/www.instagram.com\\\/buletinde.bucuresti\\\/\"]},{\"@type\":\"Person\",\"@id\":\"https:\\\/\\\/buletin.de\\\/bucuresti\\\/#\\\/schema\\\/person\\\/d369d7ddc775abece205795e0b804614\",\"name\":\"Teodora Stroe\",\"image\":{\"@type\":\"ImageObject\",\"inLanguage\":\"en-GB\",\"@id\":\"https:\\\/\\\/secure.gravatar.com\\\/avatar\\\/2560b4cd9f5f1bc100b123158e657d75584bd1c3e1d9c69285720b9457c1b78d?s=96&d=monsterid&r=gc104800242ba5f2d78dd5d7dc4df08b6\",\"url\":\"https:\\\/\\\/secure.gravatar.com\\\/avatar\\\/2560b4cd9f5f1bc100b123158e657d75584bd1c3e1d9c69285720b9457c1b78d?s=96&d=monsterid&r=g\",\"contentUrl\":\"https:\\\/\\\/secure.gravatar.com\\\/avatar\\\/2560b4cd9f5f1bc100b123158e657d75584bd1c3e1d9c69285720b9457c1b78d?s=96&d=monsterid&r=g\",\"caption\":\"Teodora Stroe\"},\"url\":\"https:\\\/\\\/buletin.de\\\/bucuresti\\\/author\\\/simonacarlugea\\\/\"}]}<\/script>\n<!-- \/ Yoast SEO Premium plugin. -->","yoast_head_json":{"title":"5 lei\/or\u0103 tarif unic de parcare \u00een Bucure\u0219ti \u0219i gratuitate pentru ma\u0219inile electrice. Proiectele sunt \u00een dezbatere public\u0103 - Buletin de Bucure\u0219ti","robots":{"index":"index","follow":"follow","max-snippet":"max-snippet:-1","max-image-preview":"max-image-preview:large","max-video-preview":"max-video-preview:-1"},"canonical":"https:\/\/buletin.de\/bucuresti\/5-lei-ora-tarif-unic-de-parcare-in-bucuresti-si-gratuitate-pentru-masinile-electrice-proiectele-sunt-in-dezbatere-publica\/","og_locale":"en_GB","og_type":"article","og_title":"5 lei\/or\u0103 tarif unic de parcare \u00een Bucure\u0219ti \u0219i gratuitate pentru ma\u0219inile electrice. Proiectele sunt \u00een dezbatere public\u0103","og_description":"Prim\u0103ria Bucure\u0219ti a pus, \u00een dezbatere public\u0103, dou\u0103 proiecte care privesc utilizarea parc\u0103rilor de utilitate public\u0103 din Capital\u0103. Primul proiect propune un tarif unic de parcare de 5 lei pe or\u0103 precum \u0219i tarifele pentru abonamente, iar cel de-al doilea gratuitate pentru ma\u0219inile electrice. Sistemul de tarifare propus este mult simplificat \u0219i valabil pentru toate [&hellip;]","og_url":"https:\/\/buletin.de\/bucuresti\/5-lei-ora-tarif-unic-de-parcare-in-bucuresti-si-gratuitate-pentru-masinile-electrice-proiectele-sunt-in-dezbatere-publica\/","og_site_name":"Buletin de Bucure\u0219ti","article_publisher":"https:\/\/www.facebook.com\/buletin.de.buc","article_published_time":"2022-10-30T09:04:24+00:00","article_modified_time":"2022-10-30T09:04:25+00:00","og_image":[{"width":1536,"height":1601,"url":"https:\/\/buletin.de\/bucuresti\/wp-content\/uploads\/301490599_456897433117026_3313936643923552434_n.jpg","type":"image\/jpeg"}],"author":"Teodora Stroe","twitter_card":"summary_large_image","twitter_misc":{"Written by":"Teodora Stroe","Estimated reading time":"2 minutes"},"schema":{"@context":"https:\/\/schema.org","@graph":[{"@type":"Article","@id":"https:\/\/buletin.de\/bucuresti\/5-lei-ora-tarif-unic-de-parcare-in-bucuresti-si-gratuitate-pentru-masinile-electrice-proiectele-sunt-in-dezbatere-publica\/#article","isPartOf":{"@id":"https:\/\/buletin.de\/bucuresti\/5-lei-ora-tarif-unic-de-parcare-in-bucuresti-si-gratuitate-pentru-masinile-electrice-proiectele-sunt-in-dezbatere-publica\/"},"author":{"name":"Teodora Stroe","@id":"https:\/\/buletin.de\/bucuresti\/#\/schema\/person\/d369d7ddc775abece205795e0b804614"},"headline":"5 lei\/or\u0103 tarif unic de parcare \u00een Bucure\u0219ti \u0219i gratuitate pentru ma\u0219inile electrice. Proiectele sunt \u00een dezbatere public\u0103","datePublished":"2022-10-30T09:04:24+00:00","dateModified":"2022-10-30T09:04:25+00:00","mainEntityOfPage":{"@id":"https:\/\/buletin.de\/bucuresti\/5-lei-ora-tarif-unic-de-parcare-in-bucuresti-si-gratuitate-pentru-masinile-electrice-proiectele-sunt-in-dezbatere-publica\/"},"wordCount":384,"publisher":{"@id":"https:\/\/buletin.de\/bucuresti\/#organization"},"image":{"@id":"https:\/\/buletin.de\/bucuresti\/5-lei-ora-tarif-unic-de-parcare-in-bucuresti-si-gratuitate-pentru-masinile-electrice-proiectele-sunt-in-dezbatere-publica\/#primaryimage"},"thumbnailUrl":"https:\/\/buletin.de\/bucuresti\/wp-content\/uploads\/301490599_456897433117026_3313936643923552434_n.jpg","keywords":["bucuresti","gratuitate","masini electrice","tarif parcare"],"articleSection":["Prim\u0103rie","\u0218tiri"],"inLanguage":"en-GB","copyrightYear":"2022","copyrightHolder":{"@id":"https:\/\/buletin.de\/bucuresti\/#organization"}},{"@type":"WebPage","@id":"https:\/\/buletin.de\/bucuresti\/5-lei-ora-tarif-unic-de-parcare-in-bucuresti-si-gratuitate-pentru-masinile-electrice-proiectele-sunt-in-dezbatere-publica\/","url":"https:\/\/buletin.de\/bucuresti\/5-lei-ora-tarif-unic-de-parcare-in-bucuresti-si-gratuitate-pentru-masinile-electrice-proiectele-sunt-in-dezbatere-publica\/","name":"5 lei\/or\u0103 tarif unic de parcare \u00een Bucure\u0219ti \u0219i gratuitate pentru ma\u0219inile electrice. Proiectele sunt \u00een dezbatere public\u0103 - Buletin de Bucure\u0219ti","isPartOf":{"@id":"https:\/\/buletin.de\/bucuresti\/#website"},"primaryImageOfPage":{"@id":"https:\/\/buletin.de\/bucuresti\/5-lei-ora-tarif-unic-de-parcare-in-bucuresti-si-gratuitate-pentru-masinile-electrice-proiectele-sunt-in-dezbatere-publica\/#primaryimage"},"image":{"@id":"https:\/\/buletin.de\/bucuresti\/5-lei-ora-tarif-unic-de-parcare-in-bucuresti-si-gratuitate-pentru-masinile-electrice-proiectele-sunt-in-dezbatere-publica\/#primaryimage"},"thumbnailUrl":"https:\/\/buletin.de\/bucuresti\/wp-content\/uploads\/301490599_456897433117026_3313936643923552434_n.jpg","datePublished":"2022-10-30T09:04:24+00:00","dateModified":"2022-10-30T09:04:25+00:00","breadcrumb":{"@id":"https:\/\/buletin.de\/bucuresti\/5-lei-ora-tarif-unic-de-parcare-in-bucuresti-si-gratuitate-pentru-masinile-electrice-proiectele-sunt-in-dezbatere-publica\/#breadcrumb"},"inLanguage":"en-GB","potentialAction":[{"@type":"ReadAction","target":["https:\/\/buletin.de\/bucuresti\/5-lei-ora-tarif-unic-de-parcare-in-bucuresti-si-gratuitate-pentru-masinile-electrice-proiectele-sunt-in-dezbatere-publica\/"]}]},{"@type":"ImageObject","inLanguage":"en-GB","@id":"https:\/\/buletin.de\/bucuresti\/5-lei-ora-tarif-unic-de-parcare-in-bucuresti-si-gratuitate-pentru-masinile-electrice-proiectele-sunt-in-dezbatere-publica\/#primaryimage","url":"https:\/\/buletin.de\/bucuresti\/wp-content\/uploads\/301490599_456897433117026_3313936643923552434_n.jpg","contentUrl":"https:\/\/buletin.de\/bucuresti\/wp-content\/uploads\/301490599_456897433117026_3313936643923552434_n.jpg","width":1536,"height":1601},{"@type":"BreadcrumbList","@id":"https:\/\/buletin.de\/bucuresti\/5-lei-ora-tarif-unic-de-parcare-in-bucuresti-si-gratuitate-pentru-masinile-electrice-proiectele-sunt-in-dezbatere-publica\/#breadcrumb","itemListElement":[{"@type":"ListItem","position":1,"name":"Acas\u0103","item":"https:\/\/buletin.de\/bucuresti\/"},{"@type":"ListItem","position":2,"name":"5 lei\/or\u0103 tarif unic de parcare \u00een Bucure\u0219ti \u0219i gratuitate pentru ma\u0219inile electrice. Proiectele sunt \u00een dezbatere public\u0103"}]},{"@type":"WebSite","@id":"https:\/\/buletin.de\/bucuresti\/#website","url":"https:\/\/buletin.de\/bucuresti\/","name":"Buletin de Bucure\u0219ti","description":"\u0218tiri \u0219i investiga\u021bii esen\u021biale din capital\u0103","publisher":{"@id":"https:\/\/buletin.de\/bucuresti\/#organization"},"potentialAction":[{"@type":"SearchAction","target":{"@type":"EntryPoint","urlTemplate":"https:\/\/buletin.de\/bucuresti\/?s={search_term_string}"},"query-input":{"@type":"PropertyValueSpecification","valueRequired":true,"valueName":"search_term_string"}}],"inLanguage":"en-GB"},{"@type":"Organization","@id":"https:\/\/buletin.de\/bucuresti\/#organization","name":"Buletin de Bucure\u0219ti","url":"https:\/\/buletin.de\/bucuresti\/","logo":{"@type":"ImageObject","inLanguage":"en-GB","@id":"https:\/\/buletin.de\/bucuresti\/#\/schema\/logo\/image\/","url":"https:\/\/buletin.de\/bucuresti\/wp-content\/uploads\/logo-bdb-full-wide-vernil-transparent.png","contentUrl":"https:\/\/buletin.de\/bucuresti\/wp-content\/uploads\/logo-bdb-full-wide-vernil-transparent.png","width":1782,"height":626,"caption":"Buletin de Bucure\u0219ti"},"image":{"@id":"https:\/\/buletin.de\/bucuresti\/#\/schema\/logo\/image\/"},"sameAs":["https:\/\/www.facebook.com\/buletin.de.buc","https:\/\/www.instagram.com\/buletinde.bucuresti\/"]},{"@type":"Person","@id":"https:\/\/buletin.de\/bucuresti\/#\/schema\/person\/d369d7ddc775abece205795e0b804614","name":"Teodora Stroe","image":{"@type":"ImageObject","inLanguage":"en-GB","@id":"https:\/\/secure.gravatar.com\/avatar\/2560b4cd9f5f1bc100b123158e657d75584bd1c3e1d9c69285720b9457c1b78d?s=96&d=monsterid&r=gc104800242ba5f2d78dd5d7dc4df08b6","url":"https:\/\/secure.gravatar.com\/avatar\/2560b4cd9f5f1bc100b123158e657d75584bd1c3e1d9c69285720b9457c1b78d?s=96&d=monsterid&r=g","contentUrl":"https:\/\/secure.gravatar.com\/avatar\/2560b4cd9f5f1bc100b123158e657d75584bd1c3e1d9c69285720b9457c1b78d?s=96&d=monsterid&r=g","caption":"Teodora Stroe"},"url":"https:\/\/buletin.de\/bucuresti\/author\/simonacarlugea\/"}]}},"authors":[{"term_id":22579,"user_id":18,"is_guest":0,"slug":"simonacarlugea","display_name":"Teodora Stroe","avatar_url":"https:\/\/secure.gravatar.com\/avatar\/2560b4cd9f5f1bc100b123158e657d75584bd1c3e1d9c69285720b9457c1b78d?s=96&d=monsterid&r=g","0":null,"1":"","2":"","3":"","4":"","5":"","6":"","7":"","8":""}],"_links":{"self":[{"href":"https:\/\/buletin.de\/bucuresti\/wp-json\/wp\/v2\/posts\/47756","targetHints":{"allow":["GET"]}}],"collection":[{"href":"https:\/\/buletin.de\/bucuresti\/wp-json\/wp\/v2\/posts"}],"about":[{"href":"https:\/\/buletin.de\/bucuresti\/wp-json\/wp\/v2\/types\/post"}],"author":[{"embeddable":true,"href":"https:\/\/buletin.de\/bucuresti\/wp-json\/wp\/v2\/users\/18"}],"replies":[{"embeddable":true,"href":"https:\/\/buletin.de\/bucuresti\/wp-json\/wp\/v2\/comments?post=47756"}],"version-history":[{"count":3,"href":"https:\/\/buletin.de\/bucuresti\/wp-json\/wp\/v2\/posts\/47756\/revisions"}],"predecessor-version":[{"id":47777,"href":"https:\/\/buletin.de\/bucuresti\/wp-json\/wp\/v2\/posts\/47756\/revisions\/47777"}],"wp:featuredmedia":[{"embeddable":true,"href":"https:\/\/buletin.de\/bucuresti\/wp-json\/wp\/v2\/media\/47765"}],"wp:attachment":[{"href":"https:\/\/buletin.de\/bucuresti\/wp-json\/wp\/v2\/media?parent=47756"}],"wp:term":[{"taxonomy":"category","embeddable":true,"href":"https:\/\/buletin.de\/bucuresti\/wp-json\/wp\/v2\/categories?post=47756"},{"taxonomy":"post_tag","embeddable":true,"href":"https:\/\/buletin.de\/bucuresti\/wp-json\/wp\/v2\/tags?post=47756"},{"taxonomy":"author","embeddable":true,"href":"https:\/\/buletin.de\/bucuresti\/wp-json\/wp\/v2\/ppma_author?post=47756"}],"curies":[{"name":"wp","href":"https:\/\/api.w.org\/{rel}","templated":true}]}}