{"id":47695,"date":"2022-10-25T19:02:08","date_gmt":"2022-10-25T17:02:08","guid":{"rendered":"https:\/\/buletin.de\/bucuresti\/?p=47695"},"modified":"2022-10-25T19:02:09","modified_gmt":"2022-10-25T17:02:09","slug":"primaria-capitalei-vrea-sa-recupeze-unele-terenuri-instrainate-ilegal","status":"publish","type":"post","link":"https:\/\/buletin.de\/bucuresti\/primaria-capitalei-vrea-sa-recupeze-unele-terenuri-instrainate-ilegal\/","title":{"rendered":"Prim\u0103ria Capitalei vrea s\u0103 recupeze unele terenuri \u00eenstr\u0103inate ilegal"},"content":{"rendered":"\n<p><strong>Prim\u0103ria Capitalei a solicitat instan\u021bei anularea dispozi\u021biei de restituire, emis\u0103 \u00een anul 2003, pentru terenul de peste 66 de mii de metri p\u0103tra\u021bi, situat \u00een \u0218oseaua Petricani \u0219i care, dup\u0103 v\u00e2nz\u0103ri repetate, a ajuns la dezvoltatorul imobiliar Saadati-Sohi Manochehr.  Primarul general al Capitalei, Nicu\u0219or Dan, sus\u021bine c\u0103 dispozi\u021bia ar fi fost emis\u0103 ilegal, terenul fiind mutat de pe un mal pe cel\u0103lalt al lacului Plumbuita.<\/strong> <\/p>\n\n\n\n<iframe src=\"https:\/\/www.facebook.com\/plugins\/post.php?href=https%3A%2F%2Fwww.facebook.com%2FNicusorDan.ro%2Fposts%2Fpfbid028VoUT1j2crhJVyrKNZAepPjjCFWrdH3iWEFerrCzKTuo6oyRRCUL3QEAuJdJyWNVl&amp;show_text=true&amp;width=500\" width=\"500\" height=\"613\" style=\"border:none;overflow:hidden\" scrolling=\"no\" frameborder=\"0\" allowfullscreen=\"true\" allow=\"autoplay; clipboard-write; encrypted-media; picture-in-picture; web-share\"><\/iframe>\n\n\n\n<p>Edilul Capitalei sus\u021bine c\u0103 expertiza tehnic\u0103 care a stat la baza deciziei de restituire specific\u0103 \u0219i faptul c\u0103 terenul este \u201eliber de construc\u021bii\u201d, ignor\u00e2nd inten\u021bionat existen\u021ba drumului asfaltat cu o l\u0103\u021bime de 7 metri, care este singura cale de acces la terenul r\u0103mas \u00een patrimoniul Municipiului Bucure\u0219ti, aflat \u00een domeniu public \u0219i \u00een administrarea ALPAB.<\/p>\n\n\n\n<p>Saadati Sohi este&nbsp;unul dintre beneficiarii desp\u0103gubirilor de 50 de milioane de euro de la Prim\u0103ria Capitalei conduse de Gabriela Firea pentru p\u0103r\u021bi din parcul Verdi. Saadati a fost reprezentat \u00een afacerea Parcul Verdi de Drago\u0219 S\u0103vulescu, condamnat la 5 ani de deten\u021bie cu executare \u00een dosarul Retroced\u0103rilor din Constan\u021ba \u0219i aflat acum \u00een Italia unde pedeapsa i-a fost comutat\u0103 \u00eentr-una cu suspendare.<\/p>\n\n\n\n<p>Mai mult, iranianul este \u0219i&nbsp;principalul beneficiar al desp\u0103gubirilor pl\u0103tite de Prim\u0103ria Capitalei pentru l\u0103rgirea str\u0103zii Fabrica de Glucoz\u0103.<\/p>\n\n\n\n<p>Nicu\u0219or Dan anun\u021b\u0103 \u0219i c\u0103 a solicitat Tribunalului Bucure\u0219ti constatarea nulit\u0103\u021bii absolute a contractelor de v\u00e2nzare-cump\u0103rare \u0219i revenirea terenului \u00een suprafa\u021b\u0103 de 7.259 de mp, situat \u00een \u0218oseaua Nordului nr. 7A, \u00een proprietatea PMB. Terenul se afl\u0103 acum \u00een proprietatea Salberg Dezvoltare S.R.L., dup\u0103 ce a fost v\u00e2ndut de Biroul de Turism pentru Tineret unei socie\u0103\u021bi care, la r\u00e2ndul ei, l-a v\u00e2ndut actualului proprietar. Salberg Dezvoltare S.R.L. a fost \u00eenfiin\u021bat\u0103 \u00een 2005 \u0219i \u00een prezent are un singur angajat. <\/p>\n\n\n\n<p>Prim\u0103ria Capitalei a ob\u021binut \u0219i anularea titlului de proprietate asupra unor terenuri situate \u00een sectorul 2, a c\u0103ror suprafa\u021b\u0103 \u00eensumeaz\u0103 2 ha. 10 terenuri din aceast\u0103 parcel\u0103 au fost date \u00een administrarea Consiliului Local Sector 2, iar alte 8 terenuri au r\u0103mas \u00een proprietatea Municipiului Bucure\u0219ti ca urmare a deciziei Judec\u0103toriei Sectorului 2 de anulare a titlului de proprietate.<\/p>\n\n\n\n<p>Surs\u0103 Cover: Facebook, Nicu\u0219or Dan <\/p>\n","protected":false},"excerpt":{"rendered":"<p>Prim\u0103ria Capitalei a solicitat instan\u021bei anularea dispozi\u021biei de restituire, emis\u0103 \u00een anul 2003, pentru terenul de peste 66 de mii de metri p\u0103tra\u021bi, situat \u00een \u0218oseaua Petricani \u0219i care, dup\u0103 v\u00e2nz\u0103ri repetate, a ajuns la dezvoltatorul imobiliar Saadati-Sohi Manochehr. Primarul general al Capitalei, Nicu\u0219or Dan, sus\u021bine c\u0103 dispozi\u021bia ar fi fost emis\u0103 ilegal, terenul fiind [&hellip;]<\/p>\n","protected":false},"author":17,"featured_media":47697,"comment_status":"closed","ping_status":"open","sticky":false,"template":"","format":"standard","meta":{"_acf_changed":false,"inline_featured_image":false,"ngg_post_thumbnail":0,"footnotes":""},"categories":[24],"tags":[],"ppma_author":[22576],"class_list":["post-47695","post","type-post","status-publish","format-standard","has-post-thumbnail","hentry","category-primarie"],"acf":[],"yoast_head":"<!-- This site is optimized with the Yoast SEO Premium plugin v25.3 (Yoast SEO v27.5) - https:\/\/yoast.com\/product\/yoast-seo-premium-wordpress\/ -->\n<title>Prim\u0103ria Capitalei vrea s\u0103 recupeze unele terenuri \u00eenstr\u0103inate ilegal - Buletin de Bucure\u0219ti<\/title>\n<meta name=\"robots\" content=\"index, follow, max-snippet:-1, max-image-preview:large, max-video-preview:-1\" \/>\n<link rel=\"canonical\" href=\"https:\/\/buletin.de\/bucuresti\/primaria-capitalei-vrea-sa-recupeze-unele-terenuri-instrainate-ilegal\/\" \/>\n<meta property=\"og:locale\" content=\"en_GB\" \/>\n<meta property=\"og:type\" content=\"article\" \/>\n<meta property=\"og:title\" content=\"Prim\u0103ria Capitalei vrea s\u0103 recupeze unele terenuri \u00eenstr\u0103inate ilegal\" \/>\n<meta property=\"og:description\" content=\"Prim\u0103ria Capitalei a solicitat instan\u021bei anularea dispozi\u021biei de restituire, emis\u0103 \u00een anul 2003, pentru terenul de peste 66 de mii de metri p\u0103tra\u021bi, situat \u00een \u0218oseaua Petricani \u0219i care, dup\u0103 v\u00e2nz\u0103ri repetate, a ajuns la dezvoltatorul imobiliar Saadati-Sohi Manochehr. Primarul general al Capitalei, Nicu\u0219or Dan, sus\u021bine c\u0103 dispozi\u021bia ar fi fost emis\u0103 ilegal, terenul fiind [&hellip;]\" \/>\n<meta property=\"og:url\" content=\"https:\/\/buletin.de\/bucuresti\/primaria-capitalei-vrea-sa-recupeze-unele-terenuri-instrainate-ilegal\/\" \/>\n<meta property=\"og:site_name\" content=\"Buletin de Bucure\u0219ti\" \/>\n<meta property=\"article:publisher\" content=\"https:\/\/www.facebook.com\/buletin.de.buc\" \/>\n<meta property=\"article:published_time\" content=\"2022-10-25T17:02:08+00:00\" \/>\n<meta property=\"article:modified_time\" content=\"2022-10-25T17:02:09+00:00\" \/>\n<meta property=\"og:image\" content=\"https:\/\/buletin.de\/bucuresti\/wp-content\/uploads\/download.png\" \/>\n\t<meta property=\"og:image:width\" content=\"500\" \/>\n\t<meta property=\"og:image:height\" content=\"375\" \/>\n\t<meta property=\"og:image:type\" content=\"image\/png\" \/>\n<meta name=\"author\" content=\"Florin R\u00e2\u0219teiu\" \/>\n<meta name=\"twitter:card\" content=\"summary_large_image\" \/>\n<meta name=\"twitter:label1\" content=\"Written by\" \/>\n\t<meta name=\"twitter:data1\" content=\"Florin R\u00e2\u0219teiu\" \/>\n\t<meta name=\"twitter:label2\" content=\"Estimated reading time\" \/>\n\t<meta name=\"twitter:data2\" content=\"2 minutes\" \/>\n<script type=\"application\/ld+json\" class=\"yoast-schema-graph\">{\"@context\":\"https:\\\/\\\/schema.org\",\"@graph\":[{\"@type\":\"Article\",\"@id\":\"https:\\\/\\\/buletin.de\\\/bucuresti\\\/primaria-capitalei-vrea-sa-recupeze-unele-terenuri-instrainate-ilegal\\\/#article\",\"isPartOf\":{\"@id\":\"https:\\\/\\\/buletin.de\\\/bucuresti\\\/primaria-capitalei-vrea-sa-recupeze-unele-terenuri-instrainate-ilegal\\\/\"},\"author\":{\"name\":\"Florin R\u00e2\u0219teiu\",\"@id\":\"https:\\\/\\\/buletin.de\\\/bucuresti\\\/#\\\/schema\\\/person\\\/b0686d7a8b666c6afc78239777fd8a89\"},\"headline\":\"Prim\u0103ria Capitalei vrea s\u0103 recupeze unele terenuri \u00eenstr\u0103inate ilegal\",\"datePublished\":\"2022-10-25T17:02:08+00:00\",\"dateModified\":\"2022-10-25T17:02:09+00:00\",\"mainEntityOfPage\":{\"@id\":\"https:\\\/\\\/buletin.de\\\/bucuresti\\\/primaria-capitalei-vrea-sa-recupeze-unele-terenuri-instrainate-ilegal\\\/\"},\"wordCount\":398,\"publisher\":{\"@id\":\"https:\\\/\\\/buletin.de\\\/bucuresti\\\/#organization\"},\"image\":{\"@id\":\"https:\\\/\\\/buletin.de\\\/bucuresti\\\/primaria-capitalei-vrea-sa-recupeze-unele-terenuri-instrainate-ilegal\\\/#primaryimage\"},\"thumbnailUrl\":\"https:\\\/\\\/buletin.de\\\/bucuresti\\\/wp-content\\\/uploads\\\/download.png\",\"articleSection\":[\"Prim\u0103rie\"],\"inLanguage\":\"en-GB\",\"copyrightYear\":\"2022\",\"copyrightHolder\":{\"@id\":\"https:\\\/\\\/buletin.de\\\/bucuresti\\\/#organization\"}},{\"@type\":\"WebPage\",\"@id\":\"https:\\\/\\\/buletin.de\\\/bucuresti\\\/primaria-capitalei-vrea-sa-recupeze-unele-terenuri-instrainate-ilegal\\\/\",\"url\":\"https:\\\/\\\/buletin.de\\\/bucuresti\\\/primaria-capitalei-vrea-sa-recupeze-unele-terenuri-instrainate-ilegal\\\/\",\"name\":\"Prim\u0103ria Capitalei vrea s\u0103 recupeze unele terenuri \u00eenstr\u0103inate ilegal - Buletin de Bucure\u0219ti\",\"isPartOf\":{\"@id\":\"https:\\\/\\\/buletin.de\\\/bucuresti\\\/#website\"},\"primaryImageOfPage\":{\"@id\":\"https:\\\/\\\/buletin.de\\\/bucuresti\\\/primaria-capitalei-vrea-sa-recupeze-unele-terenuri-instrainate-ilegal\\\/#primaryimage\"},\"image\":{\"@id\":\"https:\\\/\\\/buletin.de\\\/bucuresti\\\/primaria-capitalei-vrea-sa-recupeze-unele-terenuri-instrainate-ilegal\\\/#primaryimage\"},\"thumbnailUrl\":\"https:\\\/\\\/buletin.de\\\/bucuresti\\\/wp-content\\\/uploads\\\/download.png\",\"datePublished\":\"2022-10-25T17:02:08+00:00\",\"dateModified\":\"2022-10-25T17:02:09+00:00\",\"breadcrumb\":{\"@id\":\"https:\\\/\\\/buletin.de\\\/bucuresti\\\/primaria-capitalei-vrea-sa-recupeze-unele-terenuri-instrainate-ilegal\\\/#breadcrumb\"},\"inLanguage\":\"en-GB\",\"potentialAction\":[{\"@type\":\"ReadAction\",\"target\":[\"https:\\\/\\\/buletin.de\\\/bucuresti\\\/primaria-capitalei-vrea-sa-recupeze-unele-terenuri-instrainate-ilegal\\\/\"]}]},{\"@type\":\"ImageObject\",\"inLanguage\":\"en-GB\",\"@id\":\"https:\\\/\\\/buletin.de\\\/bucuresti\\\/primaria-capitalei-vrea-sa-recupeze-unele-terenuri-instrainate-ilegal\\\/#primaryimage\",\"url\":\"https:\\\/\\\/buletin.de\\\/bucuresti\\\/wp-content\\\/uploads\\\/download.png\",\"contentUrl\":\"https:\\\/\\\/buletin.de\\\/bucuresti\\\/wp-content\\\/uploads\\\/download.png\",\"width\":500,\"height\":375},{\"@type\":\"BreadcrumbList\",\"@id\":\"https:\\\/\\\/buletin.de\\\/bucuresti\\\/primaria-capitalei-vrea-sa-recupeze-unele-terenuri-instrainate-ilegal\\\/#breadcrumb\",\"itemListElement\":[{\"@type\":\"ListItem\",\"position\":1,\"name\":\"Acas\u0103\",\"item\":\"https:\\\/\\\/buletin.de\\\/bucuresti\\\/\"},{\"@type\":\"ListItem\",\"position\":2,\"name\":\"Prim\u0103ria Capitalei vrea s\u0103 recupeze unele terenuri \u00eenstr\u0103inate ilegal\"}]},{\"@type\":\"WebSite\",\"@id\":\"https:\\\/\\\/buletin.de\\\/bucuresti\\\/#website\",\"url\":\"https:\\\/\\\/buletin.de\\\/bucuresti\\\/\",\"name\":\"Buletin de Bucure\u0219ti\",\"description\":\"\u0218tiri \u0219i investiga\u021bii esen\u021biale din capital\u0103\",\"publisher\":{\"@id\":\"https:\\\/\\\/buletin.de\\\/bucuresti\\\/#organization\"},\"potentialAction\":[{\"@type\":\"SearchAction\",\"target\":{\"@type\":\"EntryPoint\",\"urlTemplate\":\"https:\\\/\\\/buletin.de\\\/bucuresti\\\/?s={search_term_string}\"},\"query-input\":{\"@type\":\"PropertyValueSpecification\",\"valueRequired\":true,\"valueName\":\"search_term_string\"}}],\"inLanguage\":\"en-GB\"},{\"@type\":\"Organization\",\"@id\":\"https:\\\/\\\/buletin.de\\\/bucuresti\\\/#organization\",\"name\":\"Buletin de Bucure\u0219ti\",\"url\":\"https:\\\/\\\/buletin.de\\\/bucuresti\\\/\",\"logo\":{\"@type\":\"ImageObject\",\"inLanguage\":\"en-GB\",\"@id\":\"https:\\\/\\\/buletin.de\\\/bucuresti\\\/#\\\/schema\\\/logo\\\/image\\\/\",\"url\":\"https:\\\/\\\/buletin.de\\\/bucuresti\\\/wp-content\\\/uploads\\\/logo-bdb-full-wide-vernil-transparent.png\",\"contentUrl\":\"https:\\\/\\\/buletin.de\\\/bucuresti\\\/wp-content\\\/uploads\\\/logo-bdb-full-wide-vernil-transparent.png\",\"width\":1782,\"height\":626,\"caption\":\"Buletin de Bucure\u0219ti\"},\"image\":{\"@id\":\"https:\\\/\\\/buletin.de\\\/bucuresti\\\/#\\\/schema\\\/logo\\\/image\\\/\"},\"sameAs\":[\"https:\\\/\\\/www.facebook.com\\\/buletin.de.buc\",\"https:\\\/\\\/www.instagram.com\\\/buletinde.bucuresti\\\/\"]},{\"@type\":\"Person\",\"@id\":\"https:\\\/\\\/buletin.de\\\/bucuresti\\\/#\\\/schema\\\/person\\\/b0686d7a8b666c6afc78239777fd8a89\",\"name\":\"Florin R\u00e2\u0219teiu\",\"image\":{\"@type\":\"ImageObject\",\"inLanguage\":\"en-GB\",\"@id\":\"https:\\\/\\\/buletin.de\\\/bucuresti\\\/wp-content\\\/uploads\\\/Florin-Rasteiu-96x96.jpgf0a6fe28453aa12f0a60e4d0a2e3a78c\",\"url\":\"https:\\\/\\\/buletin.de\\\/bucuresti\\\/wp-content\\\/uploads\\\/Florin-Rasteiu-96x96.jpg\",\"contentUrl\":\"https:\\\/\\\/buletin.de\\\/bucuresti\\\/wp-content\\\/uploads\\\/Florin-Rasteiu-96x96.jpg\",\"caption\":\"Florin R\u00e2\u0219teiu\"},\"description\":\"Jurnalist de investiga\u021bie. Lucreaz\u0103 de aproape 6 ani la Buletin de Bucure\u0219ti, unde a publicat articole care scot la suprafa\u021b\u0103 corup\u021bia din Capital\u0103. Analizeaz\u0103 baze de date zilnic \u0219i scoate pove\u0219ti din exceluri pline de cifre. Pune reflectorul pe adev\u0103r cu fiecare ocazie. A c\u00e2\u0219tigat premiul I la categoria Pres\u0103 Local\u0103 \u00een 2025 \u0219i locul al II-lea la aceea\u0219i categorie \u00een 2024 \u00een cadrul Premiilor Superscrieri pentru jurnalism independent.\",\"url\":\"https:\\\/\\\/buletin.de\\\/bucuresti\\\/author\\\/florinrasteiu\\\/\"}]}<\/script>\n<!-- \/ Yoast SEO Premium plugin. -->","yoast_head_json":{"title":"Prim\u0103ria Capitalei vrea s\u0103 recupeze unele terenuri \u00eenstr\u0103inate ilegal - Buletin de Bucure\u0219ti","robots":{"index":"index","follow":"follow","max-snippet":"max-snippet:-1","max-image-preview":"max-image-preview:large","max-video-preview":"max-video-preview:-1"},"canonical":"https:\/\/buletin.de\/bucuresti\/primaria-capitalei-vrea-sa-recupeze-unele-terenuri-instrainate-ilegal\/","og_locale":"en_GB","og_type":"article","og_title":"Prim\u0103ria Capitalei vrea s\u0103 recupeze unele terenuri \u00eenstr\u0103inate ilegal","og_description":"Prim\u0103ria Capitalei a solicitat instan\u021bei anularea dispozi\u021biei de restituire, emis\u0103 \u00een anul 2003, pentru terenul de peste 66 de mii de metri p\u0103tra\u021bi, situat \u00een \u0218oseaua Petricani \u0219i care, dup\u0103 v\u00e2nz\u0103ri repetate, a ajuns la dezvoltatorul imobiliar Saadati-Sohi Manochehr. Primarul general al Capitalei, Nicu\u0219or Dan, sus\u021bine c\u0103 dispozi\u021bia ar fi fost emis\u0103 ilegal, terenul fiind [&hellip;]","og_url":"https:\/\/buletin.de\/bucuresti\/primaria-capitalei-vrea-sa-recupeze-unele-terenuri-instrainate-ilegal\/","og_site_name":"Buletin de Bucure\u0219ti","article_publisher":"https:\/\/www.facebook.com\/buletin.de.buc","article_published_time":"2022-10-25T17:02:08+00:00","article_modified_time":"2022-10-25T17:02:09+00:00","og_image":[{"width":500,"height":375,"url":"https:\/\/buletin.de\/bucuresti\/wp-content\/uploads\/download.png","type":"image\/png"}],"author":"Florin R\u00e2\u0219teiu","twitter_card":"summary_large_image","twitter_misc":{"Written by":"Florin R\u00e2\u0219teiu","Estimated reading time":"2 minutes"},"schema":{"@context":"https:\/\/schema.org","@graph":[{"@type":"Article","@id":"https:\/\/buletin.de\/bucuresti\/primaria-capitalei-vrea-sa-recupeze-unele-terenuri-instrainate-ilegal\/#article","isPartOf":{"@id":"https:\/\/buletin.de\/bucuresti\/primaria-capitalei-vrea-sa-recupeze-unele-terenuri-instrainate-ilegal\/"},"author":{"name":"Florin R\u00e2\u0219teiu","@id":"https:\/\/buletin.de\/bucuresti\/#\/schema\/person\/b0686d7a8b666c6afc78239777fd8a89"},"headline":"Prim\u0103ria Capitalei vrea s\u0103 recupeze unele terenuri \u00eenstr\u0103inate ilegal","datePublished":"2022-10-25T17:02:08+00:00","dateModified":"2022-10-25T17:02:09+00:00","mainEntityOfPage":{"@id":"https:\/\/buletin.de\/bucuresti\/primaria-capitalei-vrea-sa-recupeze-unele-terenuri-instrainate-ilegal\/"},"wordCount":398,"publisher":{"@id":"https:\/\/buletin.de\/bucuresti\/#organization"},"image":{"@id":"https:\/\/buletin.de\/bucuresti\/primaria-capitalei-vrea-sa-recupeze-unele-terenuri-instrainate-ilegal\/#primaryimage"},"thumbnailUrl":"https:\/\/buletin.de\/bucuresti\/wp-content\/uploads\/download.png","articleSection":["Prim\u0103rie"],"inLanguage":"en-GB","copyrightYear":"2022","copyrightHolder":{"@id":"https:\/\/buletin.de\/bucuresti\/#organization"}},{"@type":"WebPage","@id":"https:\/\/buletin.de\/bucuresti\/primaria-capitalei-vrea-sa-recupeze-unele-terenuri-instrainate-ilegal\/","url":"https:\/\/buletin.de\/bucuresti\/primaria-capitalei-vrea-sa-recupeze-unele-terenuri-instrainate-ilegal\/","name":"Prim\u0103ria Capitalei vrea s\u0103 recupeze unele terenuri \u00eenstr\u0103inate ilegal - Buletin de Bucure\u0219ti","isPartOf":{"@id":"https:\/\/buletin.de\/bucuresti\/#website"},"primaryImageOfPage":{"@id":"https:\/\/buletin.de\/bucuresti\/primaria-capitalei-vrea-sa-recupeze-unele-terenuri-instrainate-ilegal\/#primaryimage"},"image":{"@id":"https:\/\/buletin.de\/bucuresti\/primaria-capitalei-vrea-sa-recupeze-unele-terenuri-instrainate-ilegal\/#primaryimage"},"thumbnailUrl":"https:\/\/buletin.de\/bucuresti\/wp-content\/uploads\/download.png","datePublished":"2022-10-25T17:02:08+00:00","dateModified":"2022-10-25T17:02:09+00:00","breadcrumb":{"@id":"https:\/\/buletin.de\/bucuresti\/primaria-capitalei-vrea-sa-recupeze-unele-terenuri-instrainate-ilegal\/#breadcrumb"},"inLanguage":"en-GB","potentialAction":[{"@type":"ReadAction","target":["https:\/\/buletin.de\/bucuresti\/primaria-capitalei-vrea-sa-recupeze-unele-terenuri-instrainate-ilegal\/"]}]},{"@type":"ImageObject","inLanguage":"en-GB","@id":"https:\/\/buletin.de\/bucuresti\/primaria-capitalei-vrea-sa-recupeze-unele-terenuri-instrainate-ilegal\/#primaryimage","url":"https:\/\/buletin.de\/bucuresti\/wp-content\/uploads\/download.png","contentUrl":"https:\/\/buletin.de\/bucuresti\/wp-content\/uploads\/download.png","width":500,"height":375},{"@type":"BreadcrumbList","@id":"https:\/\/buletin.de\/bucuresti\/primaria-capitalei-vrea-sa-recupeze-unele-terenuri-instrainate-ilegal\/#breadcrumb","itemListElement":[{"@type":"ListItem","position":1,"name":"Acas\u0103","item":"https:\/\/buletin.de\/bucuresti\/"},{"@type":"ListItem","position":2,"name":"Prim\u0103ria Capitalei vrea s\u0103 recupeze unele terenuri \u00eenstr\u0103inate ilegal"}]},{"@type":"WebSite","@id":"https:\/\/buletin.de\/bucuresti\/#website","url":"https:\/\/buletin.de\/bucuresti\/","name":"Buletin de Bucure\u0219ti","description":"\u0218tiri \u0219i investiga\u021bii esen\u021biale din capital\u0103","publisher":{"@id":"https:\/\/buletin.de\/bucuresti\/#organization"},"potentialAction":[{"@type":"SearchAction","target":{"@type":"EntryPoint","urlTemplate":"https:\/\/buletin.de\/bucuresti\/?s={search_term_string}"},"query-input":{"@type":"PropertyValueSpecification","valueRequired":true,"valueName":"search_term_string"}}],"inLanguage":"en-GB"},{"@type":"Organization","@id":"https:\/\/buletin.de\/bucuresti\/#organization","name":"Buletin de Bucure\u0219ti","url":"https:\/\/buletin.de\/bucuresti\/","logo":{"@type":"ImageObject","inLanguage":"en-GB","@id":"https:\/\/buletin.de\/bucuresti\/#\/schema\/logo\/image\/","url":"https:\/\/buletin.de\/bucuresti\/wp-content\/uploads\/logo-bdb-full-wide-vernil-transparent.png","contentUrl":"https:\/\/buletin.de\/bucuresti\/wp-content\/uploads\/logo-bdb-full-wide-vernil-transparent.png","width":1782,"height":626,"caption":"Buletin de Bucure\u0219ti"},"image":{"@id":"https:\/\/buletin.de\/bucuresti\/#\/schema\/logo\/image\/"},"sameAs":["https:\/\/www.facebook.com\/buletin.de.buc","https:\/\/www.instagram.com\/buletinde.bucuresti\/"]},{"@type":"Person","@id":"https:\/\/buletin.de\/bucuresti\/#\/schema\/person\/b0686d7a8b666c6afc78239777fd8a89","name":"Florin R\u00e2\u0219teiu","image":{"@type":"ImageObject","inLanguage":"en-GB","@id":"https:\/\/buletin.de\/bucuresti\/wp-content\/uploads\/Florin-Rasteiu-96x96.jpgf0a6fe28453aa12f0a60e4d0a2e3a78c","url":"https:\/\/buletin.de\/bucuresti\/wp-content\/uploads\/Florin-Rasteiu-96x96.jpg","contentUrl":"https:\/\/buletin.de\/bucuresti\/wp-content\/uploads\/Florin-Rasteiu-96x96.jpg","caption":"Florin R\u00e2\u0219teiu"},"description":"Jurnalist de investiga\u021bie. Lucreaz\u0103 de aproape 6 ani la Buletin de Bucure\u0219ti, unde a publicat articole care scot la suprafa\u021b\u0103 corup\u021bia din Capital\u0103. Analizeaz\u0103 baze de date zilnic \u0219i scoate pove\u0219ti din exceluri pline de cifre. Pune reflectorul pe adev\u0103r cu fiecare ocazie. A c\u00e2\u0219tigat premiul I la categoria Pres\u0103 Local\u0103 \u00een 2025 \u0219i locul al II-lea la aceea\u0219i categorie \u00een 2024 \u00een cadrul Premiilor Superscrieri pentru jurnalism independent.","url":"https:\/\/buletin.de\/bucuresti\/author\/florinrasteiu\/"}]}},"authors":[{"term_id":22576,"user_id":17,"is_guest":0,"slug":"florinrasteiu","display_name":"Florin R\u00e2\u0219teiu","avatar_url":"https:\/\/buletin.de\/bucuresti\/wp-content\/uploads\/Florin-Rasteiu-96x96.jpg","0":null,"1":"","2":"","3":"","4":"","5":"","6":"","7":"","8":""}],"_links":{"self":[{"href":"https:\/\/buletin.de\/bucuresti\/wp-json\/wp\/v2\/posts\/47695","targetHints":{"allow":["GET"]}}],"collection":[{"href":"https:\/\/buletin.de\/bucuresti\/wp-json\/wp\/v2\/posts"}],"about":[{"href":"https:\/\/buletin.de\/bucuresti\/wp-json\/wp\/v2\/types\/post"}],"author":[{"embeddable":true,"href":"https:\/\/buletin.de\/bucuresti\/wp-json\/wp\/v2\/users\/17"}],"replies":[{"embeddable":true,"href":"https:\/\/buletin.de\/bucuresti\/wp-json\/wp\/v2\/comments?post=47695"}],"version-history":[{"count":5,"href":"https:\/\/buletin.de\/bucuresti\/wp-json\/wp\/v2\/posts\/47695\/revisions"}],"predecessor-version":[{"id":47702,"href":"https:\/\/buletin.de\/bucuresti\/wp-json\/wp\/v2\/posts\/47695\/revisions\/47702"}],"wp:featuredmedia":[{"embeddable":true,"href":"https:\/\/buletin.de\/bucuresti\/wp-json\/wp\/v2\/media\/47697"}],"wp:attachment":[{"href":"https:\/\/buletin.de\/bucuresti\/wp-json\/wp\/v2\/media?parent=47695"}],"wp:term":[{"taxonomy":"category","embeddable":true,"href":"https:\/\/buletin.de\/bucuresti\/wp-json\/wp\/v2\/categories?post=47695"},{"taxonomy":"post_tag","embeddable":true,"href":"https:\/\/buletin.de\/bucuresti\/wp-json\/wp\/v2\/tags?post=47695"},{"taxonomy":"author","embeddable":true,"href":"https:\/\/buletin.de\/bucuresti\/wp-json\/wp\/v2\/ppma_author?post=47695"}],"curies":[{"name":"wp","href":"https:\/\/api.w.org\/{rel}","templated":true}]}}