{"id":47667,"date":"2022-10-25T15:53:23","date_gmt":"2022-10-25T13:53:23","guid":{"rendered":"https:\/\/buletin.de\/bucuresti\/?p=47667"},"modified":"2022-10-25T15:53:25","modified_gmt":"2022-10-25T13:53:25","slug":"primul-centru-din-romania-pentru-audierea-copiilor-abuzati-fizic-sau-sexual-s-a-deschis-in-sectorul-6","status":"publish","type":"post","link":"https:\/\/buletin.de\/bucuresti\/primul-centru-din-romania-pentru-audierea-copiilor-abuzati-fizic-sau-sexual-s-a-deschis-in-sectorul-6\/","title":{"rendered":"Primul centru din Rom\u00e2nia pentru audierea copiilor abuza\u021bi fizic sau sexual s-a deschis \u00een sectorul 6"},"content":{"rendered":"\n<p><strong>300 de copii sunt abuza\u021bi sexual, \u00een fiecare an, \u00een Bucure\u0219ti \u0219i doar \u00een aproximativ 80 de cazuri abuzatorii sunt persoane necunoscute victimei. Audierea copiilor care trec prin astfel de traume este crucial\u0103 \u00een anchet\u0103, \u00een g\u0103sirea vinova\u021bilor \u0219i \u00een culegerea probelor pentru pedepsirea lor. Deoarece este un proces dureros, care produce la r\u00e2ndul s\u0103u alte traume, aceast\u0103 rememorare a faptelor \u00een fa\u021ba anchetatorilor trebuie f\u0103cut\u0103 \u00eentr-un mediu prietenos cu copiii<\/strong>, <strong>\u00een care s\u0103 se simt\u0103 \u00een siguran\u021b\u0103. <\/strong><\/p>\n\n\n\n<blockquote class=\"wp-block-quote is-layout-flow wp-block-quote-is-layout-flow\"><p>Un copil care a trecut printr-o traum\u0103 este un copil vulnerabilizat \u0219i cel mai nociv pentru el este sentimentul de nesiguran\u021b\u0103 pe termen lung. Abordarea \u00een aceste cazuri de abuz trebuie s\u0103 fie interdisciplinar\u0103, protej\u00e2nd \u00een primul r\u00e2nd copilul-victim\u0103<\/p><cite>Gabriela Alexandrescu, pre\u0219edinte executiv Salva\u021bi Copiii Rom\u00e2nia<\/cite><\/blockquote>\n\n\n\n<p>Pe strada Splaiul Independen\u021bei din Capital\u0103, la nr. 200, s-a deschis primul centru \u00een care vor fi audia\u021bi \u0219i consilia\u021bi copiii victime ale abuzului sexual, ale violen\u021bei domestice, dar \u0219i cei care sunt martori ale unor astfel de abuzuri. Va fi un spa\u021biu \u00een care vor colabora mai multe institu\u021bii, \u0219i a fost amenajat de organiza\u021bia Salva\u021bi Copiii, \u00een parteneriat cu DGASPC Sector 6. <\/p>\n\n\n\n<p>Centrul are \u0219apte camere: o sal\u0103 de a\u0219teptare, de training, de consiliere \u0219i evaluare, de observa\u021bie, de audiere, una pentru personalul centrului \u0219i un cabinet medical. <\/p>\n\n\n\n<figure class=\"wp-block-image size-large\"><a href=\"https:\/\/buletin.de\/bucuresti\/wp-content\/uploads\/311596093_5879498155406946_3433540293847458298_n.jpeg\"><img fetchpriority=\"high\" decoding=\"async\" width=\"900\" height=\"675\" src=\"data:image\/gif;base64,R0lGODlhAQABAAAAACH5BAEKAAEALAAAAAABAAEAAAICTAEAOw==\" data-src=\"https:\/\/buletin.de\/bucuresti\/wp-content\/uploads\/311596093_5879498155406946_3433540293847458298_n-900x675.jpeg\" alt=\"\" class=\"wp-image-47668 lazyload\" data-sizes=\"auto\" data-srcset=\"https:\/\/buletin.de\/bucuresti\/wp-content\/uploads\/311596093_5879498155406946_3433540293847458298_n-900x675.jpeg 900w, https:\/\/buletin.de\/bucuresti\/wp-content\/uploads\/311596093_5879498155406946_3433540293847458298_n-300x225.jpeg 300w, https:\/\/buletin.de\/bucuresti\/wp-content\/uploads\/311596093_5879498155406946_3433540293847458298_n-768x576.jpeg 768w, https:\/\/buletin.de\/bucuresti\/wp-content\/uploads\/311596093_5879498155406946_3433540293847458298_n-1060x795.jpeg 1060w, https:\/\/buletin.de\/bucuresti\/wp-content\/uploads\/311596093_5879498155406946_3433540293847458298_n-550x413.jpeg 550w, https:\/\/buletin.de\/bucuresti\/wp-content\/uploads\/311596093_5879498155406946_3433540293847458298_n-667x500.jpeg 667w, https:\/\/buletin.de\/bucuresti\/wp-content\/uploads\/311596093_5879498155406946_3433540293847458298_n-600x450.jpeg 600w, https:\/\/buletin.de\/bucuresti\/wp-content\/uploads\/311596093_5879498155406946_3433540293847458298_n.jpeg 1280w\" sizes=\"(max-width: 900px) 100vw, 900px\" \/><\/a><figcaption>Imagini din timpul conferin\u021bei de pres\u0103 de la inaugurarea centrului Barnhaus din Bucure\u0219ti. Conferin\u021ba s-a desf\u0103\u0219urat \u00een sala de training a centrului <\/figcaption><\/figure>\n\n\n\n<p>Modelul dup\u0103 care a fost concepul acest centru, Barnhaus, vine din Islanda unde a fost \u00eenfiin\u021bat\u0103 prima institu\u021bie de acest gen, \u0219i \u00eenseamn\u0103 \u201ecas\u0103 de copii\u201d.<\/p>\n\n\n\n<p>Proiectul pilot presupune pe l\u00e2ng\u0103 audieri \u0219i consiliere psihologic\u0103 \u0219i o serie de activit\u0103\u021bi de prevenire a abuzurilor la care vor participa copii dar \u0219i autorit\u0103\u021bile responsabile de protec\u021bia copiilor.<\/p>\n\n\n\n<ul class=\"wp-block-list\"><li><strong>100 de copii<\/strong> victime ale abuzului sexual \u0219i violen\u021bei vor beneficia de servicii integrate oferite \u00een cadrul centrului-pilot;&nbsp;<\/li><li><strong>500 de copii<\/strong> vor fi instrui\u021bi pentru a \u00ee\u0219i putea \u00eembun\u0103t\u0103\u021bi nivelul de con\u0219tientizare privind combaterea tuturor formelor de abuz;&nbsp;<\/li><li><strong>180 de speciali\u0219ti din autorit\u0103\u021bi locale \u0219i centrale<\/strong> vor fi informa\u021bi cu privire la protejarea drepturilor copiilor victime ale abuzului sexual \u0219i violen\u021bei prin evitarea retraumatiz\u0103rii copiilor \u0219i a importan\u021bei unei abord\u0103ri multidisciplinare \u00een furnizarea de servicii c\u0103tre copiii abuza\u021bi.<\/li><\/ul>\n\n\n\n<p>Conform Salva\u021bi Copiii, \u00een Rom\u00e2nia, un copil victim\u0103 a abuzului sexual \u0219i violen\u021bei este audiat de cel pu\u021bin \u0219ase ori \u00een timpul unei anchete. \u00cen cadrul centrului din sectorul 6 vor colabora mai mai multe institu\u021bii, judiciare, sociale \u0219i medicale, \u00eentr-un singur spa\u021biu, practic sub acela\u0219i acoperi\u0219, pentru a asigura copiilor victime ale abuzului serviciile de care au nevoie \u0219i cel mai important pentru a evita s\u0103 mai retr\u0103ieasc\u0103 trauma prin repetatele audieri la care sunt supu\u0219i.<\/p>\n\n\n\n<figure class=\"wp-block-video\"><video controls src=\"https:\/\/buletin.de\/bucuresti\/wp-content\/uploads\/IMG_5422.mov\"><\/video><figcaption>Cum arat\u0103 camera unde au loc audierile <\/figcaption><\/figure>\n\n\n\n<p><\/p>\n\n\n\n<p>De asemenea, copiii vor avea \u0219i o camer\u0103 \u00een care vor fi consilia\u021bi psihologic de c\u0103tre persoane abilitate pentru a putea face fa\u021b\u0103 audierilor, dar \u0219i pentru a sc\u0103pa de trauma prin care au trecut. Camera este dotat\u0103 inclusiv cu un spa\u021biu de joac\u0103. <\/p>\n\n\n\n<figure class=\"wp-block-video\"><video controls src=\"https:\/\/buletin.de\/bucuresti\/wp-content\/uploads\/IMG_5420.mov\"><\/video><figcaption>Cum arat\u0103 camera de evaluare \u0219i consiliere psihologic\u0103 a centrului Barnhaus<\/figcaption><\/figure>\n\n\n\n<p><\/p>\n\n\n\n<p>O alt\u0103 \u00eenc\u0103pere important\u0103 de care dispune proasp\u0103t inauguratul centru este camera de observa\u021bie, unde speciali\u0219tii care particip\u0103 la audiere pot urm\u0103ri interviul \u00een timp real. Este securizat\u0103 \u0219i izolat\u0103 fonic. Interviul este \u00eenregistrat \u0219i reprezint\u0103 prob\u0103 admis\u0103 \u00een instan\u021b\u0103. <\/p>\n\n\n\n<figure class=\"wp-block-video\"><video controls src=\"https:\/\/buletin.de\/bucuresti\/wp-content\/uploads\/IMG_5421.mov\"><\/video><figcaption>Cum arat\u0103 camera de observa\u021bie a centrului Barnhaus<\/figcaption><\/figure>\n\n\n\n<p><\/p>\n\n\n\n<p>Centrul mai dispune \u0219i de o camer\u0103 de a\u0219teptare \u0219i un centru medical unde vor fi consulta\u021bi \u0219i trata\u021bi copiii care au nevoie \u0219i de asisten\u021b\u0103 medical\u0103 \u00een urma abuzurilor suferite. Cabinetul medical arat\u0103 prietenos \u0219i este dotat minimal: o mas\u0103 de consulta\u021bie, un birou, un dulap \u0219i o chiuvet\u0103<\/p>\n\n\n\n<figure class=\"wp-block-video\"><video controls src=\"https:\/\/buletin.de\/bucuresti\/wp-content\/uploads\/IMG_5423.mov\"><\/video><figcaption>Cum arat\u0103 cabinetul medical de care dispune centrul Barnhaus<\/figcaption><\/figure>\n\n\n\n<p><\/p>\n\n\n\n<p>Centrul se desf\u0103\u0219oar\u0103 prin proiectul \u201eCooperare interinstitu\u021bional\u0103 \u0219i advocacy pentru protec\u021bia copiilor victime ale abuzului sexual \u0219i violen\u021bei\u201d, \u00een parteneriat cu Directia General\u0103 de Asisten\u021b\u0103 Social\u0103 \u0219i Protec\u021bia Copilului sector 6, cu sprijinul financiar Active Citizens Fund Rom\u00e2nia, finan\u021bat de Islanda, Liechtenstein \u0219i Norvegia prin Granturile SEE 2014-2021.<\/p>\n\n\n\n<p>Statisticile cu privire la abuzurile asupra minorilor nu arat\u0103 bine nici la nivel na\u021bional. Potrivit datelor publicate de Autoritatea Na\u0163ional\u0103 pentru Drepturile Persoanelor cu Dizabilit\u0103\u021bi, Copii \u0219i Adop\u0163ii,&nbsp;\u00een 2021 au<em> <\/em>fost \u00eenregistrate 1.349 cazuri de abuz sexual asupra copiilor, 173 de b\u0103ie\u021bi \u0219i 1.176 de fete, dintre care 502 \u00een mediul urban \u0219i 847 \u00een mediul rural. \u00cen 1.041 dintre cazuri s-a ini\u0163iat urm\u0103rirea penal\u0103 a agresorului, iar 864 cazuri au fost \u00eenchise.<\/p>\n\n\n\n<p>Surs\u0103 Cover: Facebook, Ciprian Ciucu <\/p>\n","protected":false},"excerpt":{"rendered":"<p>300 de copii sunt abuza\u021bi sexual, \u00een fiecare an, \u00een Bucure\u0219ti \u0219i doar \u00een aproximativ 80 de cazuri abuzatorii sunt persoane necunoscute victimei. Audierea copiilor care trec prin astfel de traume este crucial\u0103 \u00een anchet\u0103, \u00een g\u0103sirea vinova\u021bilor \u0219i \u00een culegerea probelor pentru pedepsirea lor. Deoarece este un proces dureros, care produce la r\u00e2ndul s\u0103u [&hellip;]<\/p>\n","protected":false},"author":17,"featured_media":47680,"comment_status":"closed","ping_status":"open","sticky":false,"template":"","format":"standard","meta":{"_acf_changed":false,"inline_featured_image":false,"ngg_post_thumbnail":0,"footnotes":""},"categories":[24],"tags":[],"ppma_author":[22576],"class_list":["post-47667","post","type-post","status-publish","format-standard","has-post-thumbnail","hentry","category-primarie"],"acf":[],"yoast_head":"<!-- This site is optimized with the Yoast SEO Premium plugin v25.3 (Yoast SEO v27.5) - https:\/\/yoast.com\/product\/yoast-seo-premium-wordpress\/ -->\n<title>Primul centru din Rom\u00e2nia pentru audierea copiilor abuza\u021bi fizic sau sexual s-a deschis \u00een sectorul 6 - Buletin de Bucure\u0219ti<\/title>\n<meta name=\"robots\" content=\"index, follow, max-snippet:-1, max-image-preview:large, max-video-preview:-1\" \/>\n<link rel=\"canonical\" href=\"https:\/\/buletin.de\/bucuresti\/primul-centru-din-romania-pentru-audierea-copiilor-abuzati-fizic-sau-sexual-s-a-deschis-in-sectorul-6\/\" \/>\n<meta property=\"og:locale\" content=\"en_GB\" \/>\n<meta property=\"og:type\" content=\"article\" \/>\n<meta property=\"og:title\" content=\"Primul centru din Rom\u00e2nia pentru audierea copiilor abuza\u021bi fizic sau sexual s-a deschis \u00een sectorul 6\" \/>\n<meta property=\"og:description\" content=\"300 de copii sunt abuza\u021bi sexual, \u00een fiecare an, \u00een Bucure\u0219ti \u0219i doar \u00een aproximativ 80 de cazuri abuzatorii sunt persoane necunoscute victimei. Audierea copiilor care trec prin astfel de traume este crucial\u0103 \u00een anchet\u0103, \u00een g\u0103sirea vinova\u021bilor \u0219i \u00een culegerea probelor pentru pedepsirea lor. Deoarece este un proces dureros, care produce la r\u00e2ndul s\u0103u [&hellip;]\" \/>\n<meta property=\"og:url\" content=\"https:\/\/buletin.de\/bucuresti\/primul-centru-din-romania-pentru-audierea-copiilor-abuzati-fizic-sau-sexual-s-a-deschis-in-sectorul-6\/\" \/>\n<meta property=\"og:site_name\" content=\"Buletin de Bucure\u0219ti\" \/>\n<meta property=\"article:publisher\" content=\"https:\/\/www.facebook.com\/buletin.de.buc\" \/>\n<meta property=\"article:published_time\" content=\"2022-10-25T13:53:23+00:00\" \/>\n<meta property=\"article:modified_time\" content=\"2022-10-25T13:53:25+00:00\" \/>\n<meta property=\"og:image\" content=\"https:\/\/buletin.de\/bucuresti\/wp-content\/uploads\/WhatsApp-Image-2022-10-25-at-15.19.12.jpeg\" \/>\n\t<meta property=\"og:image:width\" content=\"1600\" \/>\n\t<meta property=\"og:image:height\" content=\"1064\" \/>\n\t<meta property=\"og:image:type\" content=\"image\/jpeg\" \/>\n<meta name=\"author\" content=\"Florin R\u00e2\u0219teiu\" \/>\n<meta name=\"twitter:card\" content=\"summary_large_image\" \/>\n<meta name=\"twitter:label1\" content=\"Written by\" \/>\n\t<meta name=\"twitter:data1\" content=\"Florin R\u00e2\u0219teiu\" \/>\n\t<meta name=\"twitter:label2\" content=\"Estimated reading time\" \/>\n\t<meta name=\"twitter:data2\" content=\"4 minutes\" \/>\n<script type=\"application\/ld+json\" class=\"yoast-schema-graph\">{\"@context\":\"https:\\\/\\\/schema.org\",\"@graph\":[{\"@type\":\"Article\",\"@id\":\"https:\\\/\\\/buletin.de\\\/bucuresti\\\/primul-centru-din-romania-pentru-audierea-copiilor-abuzati-fizic-sau-sexual-s-a-deschis-in-sectorul-6\\\/#article\",\"isPartOf\":{\"@id\":\"https:\\\/\\\/buletin.de\\\/bucuresti\\\/primul-centru-din-romania-pentru-audierea-copiilor-abuzati-fizic-sau-sexual-s-a-deschis-in-sectorul-6\\\/\"},\"author\":{\"name\":\"Florin R\u00e2\u0219teiu\",\"@id\":\"https:\\\/\\\/buletin.de\\\/bucuresti\\\/#\\\/schema\\\/person\\\/b0686d7a8b666c6afc78239777fd8a89\"},\"headline\":\"Primul centru din Rom\u00e2nia pentru audierea copiilor abuza\u021bi fizic sau sexual s-a deschis \u00een sectorul 6\",\"datePublished\":\"2022-10-25T13:53:23+00:00\",\"dateModified\":\"2022-10-25T13:53:25+00:00\",\"mainEntityOfPage\":{\"@id\":\"https:\\\/\\\/buletin.de\\\/bucuresti\\\/primul-centru-din-romania-pentru-audierea-copiilor-abuzati-fizic-sau-sexual-s-a-deschis-in-sectorul-6\\\/\"},\"wordCount\":831,\"publisher\":{\"@id\":\"https:\\\/\\\/buletin.de\\\/bucuresti\\\/#organization\"},\"image\":{\"@id\":\"https:\\\/\\\/buletin.de\\\/bucuresti\\\/primul-centru-din-romania-pentru-audierea-copiilor-abuzati-fizic-sau-sexual-s-a-deschis-in-sectorul-6\\\/#primaryimage\"},\"thumbnailUrl\":\"https:\\\/\\\/buletin.de\\\/bucuresti\\\/wp-content\\\/uploads\\\/WhatsApp-Image-2022-10-25-at-15.19.12.jpeg\",\"articleSection\":[\"Prim\u0103rie\"],\"inLanguage\":\"en-GB\",\"copyrightYear\":\"2022\",\"copyrightHolder\":{\"@id\":\"https:\\\/\\\/buletin.de\\\/bucuresti\\\/#organization\"}},{\"@type\":\"WebPage\",\"@id\":\"https:\\\/\\\/buletin.de\\\/bucuresti\\\/primul-centru-din-romania-pentru-audierea-copiilor-abuzati-fizic-sau-sexual-s-a-deschis-in-sectorul-6\\\/\",\"url\":\"https:\\\/\\\/buletin.de\\\/bucuresti\\\/primul-centru-din-romania-pentru-audierea-copiilor-abuzati-fizic-sau-sexual-s-a-deschis-in-sectorul-6\\\/\",\"name\":\"Primul centru din Rom\u00e2nia pentru audierea copiilor abuza\u021bi fizic sau sexual s-a deschis \u00een sectorul 6 - Buletin de Bucure\u0219ti\",\"isPartOf\":{\"@id\":\"https:\\\/\\\/buletin.de\\\/bucuresti\\\/#website\"},\"primaryImageOfPage\":{\"@id\":\"https:\\\/\\\/buletin.de\\\/bucuresti\\\/primul-centru-din-romania-pentru-audierea-copiilor-abuzati-fizic-sau-sexual-s-a-deschis-in-sectorul-6\\\/#primaryimage\"},\"image\":{\"@id\":\"https:\\\/\\\/buletin.de\\\/bucuresti\\\/primul-centru-din-romania-pentru-audierea-copiilor-abuzati-fizic-sau-sexual-s-a-deschis-in-sectorul-6\\\/#primaryimage\"},\"thumbnailUrl\":\"https:\\\/\\\/buletin.de\\\/bucuresti\\\/wp-content\\\/uploads\\\/WhatsApp-Image-2022-10-25-at-15.19.12.jpeg\",\"datePublished\":\"2022-10-25T13:53:23+00:00\",\"dateModified\":\"2022-10-25T13:53:25+00:00\",\"breadcrumb\":{\"@id\":\"https:\\\/\\\/buletin.de\\\/bucuresti\\\/primul-centru-din-romania-pentru-audierea-copiilor-abuzati-fizic-sau-sexual-s-a-deschis-in-sectorul-6\\\/#breadcrumb\"},\"inLanguage\":\"en-GB\",\"potentialAction\":[{\"@type\":\"ReadAction\",\"target\":[\"https:\\\/\\\/buletin.de\\\/bucuresti\\\/primul-centru-din-romania-pentru-audierea-copiilor-abuzati-fizic-sau-sexual-s-a-deschis-in-sectorul-6\\\/\"]}]},{\"@type\":\"ImageObject\",\"inLanguage\":\"en-GB\",\"@id\":\"https:\\\/\\\/buletin.de\\\/bucuresti\\\/primul-centru-din-romania-pentru-audierea-copiilor-abuzati-fizic-sau-sexual-s-a-deschis-in-sectorul-6\\\/#primaryimage\",\"url\":\"https:\\\/\\\/buletin.de\\\/bucuresti\\\/wp-content\\\/uploads\\\/WhatsApp-Image-2022-10-25-at-15.19.12.jpeg\",\"contentUrl\":\"https:\\\/\\\/buletin.de\\\/bucuresti\\\/wp-content\\\/uploads\\\/WhatsApp-Image-2022-10-25-at-15.19.12.jpeg\",\"width\":1600,\"height\":1064},{\"@type\":\"BreadcrumbList\",\"@id\":\"https:\\\/\\\/buletin.de\\\/bucuresti\\\/primul-centru-din-romania-pentru-audierea-copiilor-abuzati-fizic-sau-sexual-s-a-deschis-in-sectorul-6\\\/#breadcrumb\",\"itemListElement\":[{\"@type\":\"ListItem\",\"position\":1,\"name\":\"Acas\u0103\",\"item\":\"https:\\\/\\\/buletin.de\\\/bucuresti\\\/\"},{\"@type\":\"ListItem\",\"position\":2,\"name\":\"Primul centru din Rom\u00e2nia pentru audierea copiilor abuza\u021bi fizic sau sexual s-a deschis \u00een sectorul 6\"}]},{\"@type\":\"WebSite\",\"@id\":\"https:\\\/\\\/buletin.de\\\/bucuresti\\\/#website\",\"url\":\"https:\\\/\\\/buletin.de\\\/bucuresti\\\/\",\"name\":\"Buletin de Bucure\u0219ti\",\"description\":\"\u0218tiri \u0219i investiga\u021bii esen\u021biale din capital\u0103\",\"publisher\":{\"@id\":\"https:\\\/\\\/buletin.de\\\/bucuresti\\\/#organization\"},\"potentialAction\":[{\"@type\":\"SearchAction\",\"target\":{\"@type\":\"EntryPoint\",\"urlTemplate\":\"https:\\\/\\\/buletin.de\\\/bucuresti\\\/?s={search_term_string}\"},\"query-input\":{\"@type\":\"PropertyValueSpecification\",\"valueRequired\":true,\"valueName\":\"search_term_string\"}}],\"inLanguage\":\"en-GB\"},{\"@type\":\"Organization\",\"@id\":\"https:\\\/\\\/buletin.de\\\/bucuresti\\\/#organization\",\"name\":\"Buletin de Bucure\u0219ti\",\"url\":\"https:\\\/\\\/buletin.de\\\/bucuresti\\\/\",\"logo\":{\"@type\":\"ImageObject\",\"inLanguage\":\"en-GB\",\"@id\":\"https:\\\/\\\/buletin.de\\\/bucuresti\\\/#\\\/schema\\\/logo\\\/image\\\/\",\"url\":\"https:\\\/\\\/buletin.de\\\/bucuresti\\\/wp-content\\\/uploads\\\/logo-bdb-full-wide-vernil-transparent.png\",\"contentUrl\":\"https:\\\/\\\/buletin.de\\\/bucuresti\\\/wp-content\\\/uploads\\\/logo-bdb-full-wide-vernil-transparent.png\",\"width\":1782,\"height\":626,\"caption\":\"Buletin de Bucure\u0219ti\"},\"image\":{\"@id\":\"https:\\\/\\\/buletin.de\\\/bucuresti\\\/#\\\/schema\\\/logo\\\/image\\\/\"},\"sameAs\":[\"https:\\\/\\\/www.facebook.com\\\/buletin.de.buc\",\"https:\\\/\\\/www.instagram.com\\\/buletinde.bucuresti\\\/\"]},{\"@type\":\"Person\",\"@id\":\"https:\\\/\\\/buletin.de\\\/bucuresti\\\/#\\\/schema\\\/person\\\/b0686d7a8b666c6afc78239777fd8a89\",\"name\":\"Florin R\u00e2\u0219teiu\",\"image\":{\"@type\":\"ImageObject\",\"inLanguage\":\"en-GB\",\"@id\":\"https:\\\/\\\/buletin.de\\\/bucuresti\\\/wp-content\\\/uploads\\\/Florin-Rasteiu-96x96.jpgf0a6fe28453aa12f0a60e4d0a2e3a78c\",\"url\":\"https:\\\/\\\/buletin.de\\\/bucuresti\\\/wp-content\\\/uploads\\\/Florin-Rasteiu-96x96.jpg\",\"contentUrl\":\"https:\\\/\\\/buletin.de\\\/bucuresti\\\/wp-content\\\/uploads\\\/Florin-Rasteiu-96x96.jpg\",\"caption\":\"Florin R\u00e2\u0219teiu\"},\"description\":\"Jurnalist de investiga\u021bie. Lucreaz\u0103 de aproape 6 ani la Buletin de Bucure\u0219ti, unde a publicat articole care scot la suprafa\u021b\u0103 corup\u021bia din Capital\u0103. Analizeaz\u0103 baze de date zilnic \u0219i scoate pove\u0219ti din exceluri pline de cifre. Pune reflectorul pe adev\u0103r cu fiecare ocazie. A c\u00e2\u0219tigat premiul I la categoria Pres\u0103 Local\u0103 \u00een 2025 \u0219i locul al II-lea la aceea\u0219i categorie \u00een 2024 \u00een cadrul Premiilor Superscrieri pentru jurnalism independent.\",\"url\":\"https:\\\/\\\/buletin.de\\\/bucuresti\\\/author\\\/florinrasteiu\\\/\"}]}<\/script>\n<!-- \/ Yoast SEO Premium plugin. -->","yoast_head_json":{"title":"Primul centru din Rom\u00e2nia pentru audierea copiilor abuza\u021bi fizic sau sexual s-a deschis \u00een sectorul 6 - Buletin de Bucure\u0219ti","robots":{"index":"index","follow":"follow","max-snippet":"max-snippet:-1","max-image-preview":"max-image-preview:large","max-video-preview":"max-video-preview:-1"},"canonical":"https:\/\/buletin.de\/bucuresti\/primul-centru-din-romania-pentru-audierea-copiilor-abuzati-fizic-sau-sexual-s-a-deschis-in-sectorul-6\/","og_locale":"en_GB","og_type":"article","og_title":"Primul centru din Rom\u00e2nia pentru audierea copiilor abuza\u021bi fizic sau sexual s-a deschis \u00een sectorul 6","og_description":"300 de copii sunt abuza\u021bi sexual, \u00een fiecare an, \u00een Bucure\u0219ti \u0219i doar \u00een aproximativ 80 de cazuri abuzatorii sunt persoane necunoscute victimei. Audierea copiilor care trec prin astfel de traume este crucial\u0103 \u00een anchet\u0103, \u00een g\u0103sirea vinova\u021bilor \u0219i \u00een culegerea probelor pentru pedepsirea lor. Deoarece este un proces dureros, care produce la r\u00e2ndul s\u0103u [&hellip;]","og_url":"https:\/\/buletin.de\/bucuresti\/primul-centru-din-romania-pentru-audierea-copiilor-abuzati-fizic-sau-sexual-s-a-deschis-in-sectorul-6\/","og_site_name":"Buletin de Bucure\u0219ti","article_publisher":"https:\/\/www.facebook.com\/buletin.de.buc","article_published_time":"2022-10-25T13:53:23+00:00","article_modified_time":"2022-10-25T13:53:25+00:00","og_image":[{"width":1600,"height":1064,"url":"https:\/\/buletin.de\/bucuresti\/wp-content\/uploads\/WhatsApp-Image-2022-10-25-at-15.19.12.jpeg","type":"image\/jpeg"}],"author":"Florin R\u00e2\u0219teiu","twitter_card":"summary_large_image","twitter_misc":{"Written by":"Florin R\u00e2\u0219teiu","Estimated reading time":"4 minutes"},"schema":{"@context":"https:\/\/schema.org","@graph":[{"@type":"Article","@id":"https:\/\/buletin.de\/bucuresti\/primul-centru-din-romania-pentru-audierea-copiilor-abuzati-fizic-sau-sexual-s-a-deschis-in-sectorul-6\/#article","isPartOf":{"@id":"https:\/\/buletin.de\/bucuresti\/primul-centru-din-romania-pentru-audierea-copiilor-abuzati-fizic-sau-sexual-s-a-deschis-in-sectorul-6\/"},"author":{"name":"Florin R\u00e2\u0219teiu","@id":"https:\/\/buletin.de\/bucuresti\/#\/schema\/person\/b0686d7a8b666c6afc78239777fd8a89"},"headline":"Primul centru din Rom\u00e2nia pentru audierea copiilor abuza\u021bi fizic sau sexual s-a deschis \u00een sectorul 6","datePublished":"2022-10-25T13:53:23+00:00","dateModified":"2022-10-25T13:53:25+00:00","mainEntityOfPage":{"@id":"https:\/\/buletin.de\/bucuresti\/primul-centru-din-romania-pentru-audierea-copiilor-abuzati-fizic-sau-sexual-s-a-deschis-in-sectorul-6\/"},"wordCount":831,"publisher":{"@id":"https:\/\/buletin.de\/bucuresti\/#organization"},"image":{"@id":"https:\/\/buletin.de\/bucuresti\/primul-centru-din-romania-pentru-audierea-copiilor-abuzati-fizic-sau-sexual-s-a-deschis-in-sectorul-6\/#primaryimage"},"thumbnailUrl":"https:\/\/buletin.de\/bucuresti\/wp-content\/uploads\/WhatsApp-Image-2022-10-25-at-15.19.12.jpeg","articleSection":["Prim\u0103rie"],"inLanguage":"en-GB","copyrightYear":"2022","copyrightHolder":{"@id":"https:\/\/buletin.de\/bucuresti\/#organization"}},{"@type":"WebPage","@id":"https:\/\/buletin.de\/bucuresti\/primul-centru-din-romania-pentru-audierea-copiilor-abuzati-fizic-sau-sexual-s-a-deschis-in-sectorul-6\/","url":"https:\/\/buletin.de\/bucuresti\/primul-centru-din-romania-pentru-audierea-copiilor-abuzati-fizic-sau-sexual-s-a-deschis-in-sectorul-6\/","name":"Primul centru din Rom\u00e2nia pentru audierea copiilor abuza\u021bi fizic sau sexual s-a deschis \u00een sectorul 6 - Buletin de Bucure\u0219ti","isPartOf":{"@id":"https:\/\/buletin.de\/bucuresti\/#website"},"primaryImageOfPage":{"@id":"https:\/\/buletin.de\/bucuresti\/primul-centru-din-romania-pentru-audierea-copiilor-abuzati-fizic-sau-sexual-s-a-deschis-in-sectorul-6\/#primaryimage"},"image":{"@id":"https:\/\/buletin.de\/bucuresti\/primul-centru-din-romania-pentru-audierea-copiilor-abuzati-fizic-sau-sexual-s-a-deschis-in-sectorul-6\/#primaryimage"},"thumbnailUrl":"https:\/\/buletin.de\/bucuresti\/wp-content\/uploads\/WhatsApp-Image-2022-10-25-at-15.19.12.jpeg","datePublished":"2022-10-25T13:53:23+00:00","dateModified":"2022-10-25T13:53:25+00:00","breadcrumb":{"@id":"https:\/\/buletin.de\/bucuresti\/primul-centru-din-romania-pentru-audierea-copiilor-abuzati-fizic-sau-sexual-s-a-deschis-in-sectorul-6\/#breadcrumb"},"inLanguage":"en-GB","potentialAction":[{"@type":"ReadAction","target":["https:\/\/buletin.de\/bucuresti\/primul-centru-din-romania-pentru-audierea-copiilor-abuzati-fizic-sau-sexual-s-a-deschis-in-sectorul-6\/"]}]},{"@type":"ImageObject","inLanguage":"en-GB","@id":"https:\/\/buletin.de\/bucuresti\/primul-centru-din-romania-pentru-audierea-copiilor-abuzati-fizic-sau-sexual-s-a-deschis-in-sectorul-6\/#primaryimage","url":"https:\/\/buletin.de\/bucuresti\/wp-content\/uploads\/WhatsApp-Image-2022-10-25-at-15.19.12.jpeg","contentUrl":"https:\/\/buletin.de\/bucuresti\/wp-content\/uploads\/WhatsApp-Image-2022-10-25-at-15.19.12.jpeg","width":1600,"height":1064},{"@type":"BreadcrumbList","@id":"https:\/\/buletin.de\/bucuresti\/primul-centru-din-romania-pentru-audierea-copiilor-abuzati-fizic-sau-sexual-s-a-deschis-in-sectorul-6\/#breadcrumb","itemListElement":[{"@type":"ListItem","position":1,"name":"Acas\u0103","item":"https:\/\/buletin.de\/bucuresti\/"},{"@type":"ListItem","position":2,"name":"Primul centru din Rom\u00e2nia pentru audierea copiilor abuza\u021bi fizic sau sexual s-a deschis \u00een sectorul 6"}]},{"@type":"WebSite","@id":"https:\/\/buletin.de\/bucuresti\/#website","url":"https:\/\/buletin.de\/bucuresti\/","name":"Buletin de Bucure\u0219ti","description":"\u0218tiri \u0219i investiga\u021bii esen\u021biale din capital\u0103","publisher":{"@id":"https:\/\/buletin.de\/bucuresti\/#organization"},"potentialAction":[{"@type":"SearchAction","target":{"@type":"EntryPoint","urlTemplate":"https:\/\/buletin.de\/bucuresti\/?s={search_term_string}"},"query-input":{"@type":"PropertyValueSpecification","valueRequired":true,"valueName":"search_term_string"}}],"inLanguage":"en-GB"},{"@type":"Organization","@id":"https:\/\/buletin.de\/bucuresti\/#organization","name":"Buletin de Bucure\u0219ti","url":"https:\/\/buletin.de\/bucuresti\/","logo":{"@type":"ImageObject","inLanguage":"en-GB","@id":"https:\/\/buletin.de\/bucuresti\/#\/schema\/logo\/image\/","url":"https:\/\/buletin.de\/bucuresti\/wp-content\/uploads\/logo-bdb-full-wide-vernil-transparent.png","contentUrl":"https:\/\/buletin.de\/bucuresti\/wp-content\/uploads\/logo-bdb-full-wide-vernil-transparent.png","width":1782,"height":626,"caption":"Buletin de Bucure\u0219ti"},"image":{"@id":"https:\/\/buletin.de\/bucuresti\/#\/schema\/logo\/image\/"},"sameAs":["https:\/\/www.facebook.com\/buletin.de.buc","https:\/\/www.instagram.com\/buletinde.bucuresti\/"]},{"@type":"Person","@id":"https:\/\/buletin.de\/bucuresti\/#\/schema\/person\/b0686d7a8b666c6afc78239777fd8a89","name":"Florin R\u00e2\u0219teiu","image":{"@type":"ImageObject","inLanguage":"en-GB","@id":"https:\/\/buletin.de\/bucuresti\/wp-content\/uploads\/Florin-Rasteiu-96x96.jpgf0a6fe28453aa12f0a60e4d0a2e3a78c","url":"https:\/\/buletin.de\/bucuresti\/wp-content\/uploads\/Florin-Rasteiu-96x96.jpg","contentUrl":"https:\/\/buletin.de\/bucuresti\/wp-content\/uploads\/Florin-Rasteiu-96x96.jpg","caption":"Florin R\u00e2\u0219teiu"},"description":"Jurnalist de investiga\u021bie. Lucreaz\u0103 de aproape 6 ani la Buletin de Bucure\u0219ti, unde a publicat articole care scot la suprafa\u021b\u0103 corup\u021bia din Capital\u0103. Analizeaz\u0103 baze de date zilnic \u0219i scoate pove\u0219ti din exceluri pline de cifre. Pune reflectorul pe adev\u0103r cu fiecare ocazie. A c\u00e2\u0219tigat premiul I la categoria Pres\u0103 Local\u0103 \u00een 2025 \u0219i locul al II-lea la aceea\u0219i categorie \u00een 2024 \u00een cadrul Premiilor Superscrieri pentru jurnalism independent.","url":"https:\/\/buletin.de\/bucuresti\/author\/florinrasteiu\/"}]}},"authors":[{"term_id":22576,"user_id":17,"is_guest":0,"slug":"florinrasteiu","display_name":"Florin R\u00e2\u0219teiu","avatar_url":"https:\/\/buletin.de\/bucuresti\/wp-content\/uploads\/Florin-Rasteiu-96x96.jpg","0":null,"1":"","2":"","3":"","4":"","5":"","6":"","7":"","8":""}],"_links":{"self":[{"href":"https:\/\/buletin.de\/bucuresti\/wp-json\/wp\/v2\/posts\/47667","targetHints":{"allow":["GET"]}}],"collection":[{"href":"https:\/\/buletin.de\/bucuresti\/wp-json\/wp\/v2\/posts"}],"about":[{"href":"https:\/\/buletin.de\/bucuresti\/wp-json\/wp\/v2\/types\/post"}],"author":[{"embeddable":true,"href":"https:\/\/buletin.de\/bucuresti\/wp-json\/wp\/v2\/users\/17"}],"replies":[{"embeddable":true,"href":"https:\/\/buletin.de\/bucuresti\/wp-json\/wp\/v2\/comments?post=47667"}],"version-history":[{"count":9,"href":"https:\/\/buletin.de\/bucuresti\/wp-json\/wp\/v2\/posts\/47667\/revisions"}],"predecessor-version":[{"id":47694,"href":"https:\/\/buletin.de\/bucuresti\/wp-json\/wp\/v2\/posts\/47667\/revisions\/47694"}],"wp:featuredmedia":[{"embeddable":true,"href":"https:\/\/buletin.de\/bucuresti\/wp-json\/wp\/v2\/media\/47680"}],"wp:attachment":[{"href":"https:\/\/buletin.de\/bucuresti\/wp-json\/wp\/v2\/media?parent=47667"}],"wp:term":[{"taxonomy":"category","embeddable":true,"href":"https:\/\/buletin.de\/bucuresti\/wp-json\/wp\/v2\/categories?post=47667"},{"taxonomy":"post_tag","embeddable":true,"href":"https:\/\/buletin.de\/bucuresti\/wp-json\/wp\/v2\/tags?post=47667"},{"taxonomy":"author","embeddable":true,"href":"https:\/\/buletin.de\/bucuresti\/wp-json\/wp\/v2\/ppma_author?post=47667"}],"curies":[{"name":"wp","href":"https:\/\/api.w.org\/{rel}","templated":true}]}}