{"id":47653,"date":"2022-10-25T12:36:56","date_gmt":"2022-10-25T10:36:56","guid":{"rendered":"https:\/\/buletin.de\/bucuresti\/?p=47653"},"modified":"2022-10-25T14:49:19","modified_gmt":"2022-10-25T12:49:19","slug":"sector-1-consilierii-psd-si-pnl-refuza-sa-plateasca-recenzorii-de-la-recensamant-un-ales-de-la-pnl-nu-stia-nici-la-ce-punct-pe-ordinea-de-zi-e-hotararea-care-ii-priveste","status":"publish","type":"post","link":"https:\/\/buletin.de\/bucuresti\/sector-1-consilierii-psd-si-pnl-refuza-sa-plateasca-recenzorii-de-la-recensamant-un-ales-de-la-pnl-nu-stia-nici-la-ce-punct-pe-ordinea-de-zi-e-hotararea-care-ii-priveste\/","title":{"rendered":"Sector 1| Consilierii PSD \u0219i PNL refuz\u0103 s\u0103 pl\u0103teasc\u0103 recenzorii de la Recens\u0103m\u00e2nt. Un ales de la PNL nu \u0219tia nici la ce punct pe ordinea de zi e hot\u0103r\u00e2rea care \u00eei prive\u0219te"},"content":{"rendered":"\n<p class=\"has-pale-cyan-blue-background-color has-background\">A fost scandal \u00een \u015fedin\u0163a de Consiliu Local a Sectorului 1, \u00een care recenzorii \u015fi-au cerut banii pentru munca depus\u0103 la Recens\u0103m\u00e2nt. Chiar dac\u0103 o parte dintre ace\u015ftia au venit \u00een \u015fedin\u0163\u0103 pentru a-\u015fi sus\u021bine cauza, proiectul de rectificare bugetar\u0103 a fost respins cu 12 voturi pentru \u015fi 14 \u00eempotriv\u0103. Pentru ca oamenii sa poat\u0103 fi pl\u0103ti\u021bi pentru munca lor la Recens\u0103m\u00e2nt, e nevoie de o rectificare bugetar\u0103, potrivit HG 1156 din 2022, rectificare care are nevoie de votul Consiliului Local.<\/p>\n\n\n\n<p>La Recensam\u00e2ntul Popula\u021biei 2021, dup\u0103 finalizarea etapei de autorecenzare online, au intrat \u00een scen\u0103 recenzorii. Oameni care au asigurat serviciile \u00een punctele fixe de recenzare sau au mers din u\u0219\u0103 \u00een u\u0219\u0103 pentru colectarea datelor. <\/p>\n\n\n\n<p>Recenzorii ar fi trebuit s\u0103 primeasc\u0103 7 lei \/ chestionar, \u00een cazul chestionarelor pentru recenzarea locuin\u0163ei, \u0219i 3,5 lei \u00een cazul chestionarelor de locuin\u0163\u0103.<\/p>\n\n\n\n<p>Banii pentru serviciile prestate au fost suporta\u021bi de Institutul Na\u021bional de Statistic\u0103 \u0219i transfera\u021bi \u00een conturile prim\u0103riilor care au angajat temporar recenzori.<\/p>\n\n\n\n<p>Sumele necesare pentru plata recenzorilor au ajuns deja \u00een conturile Prim\u0103riei Sector 1, dar pentru a se face efectiv pl\u0103\u021bile e nevoie de o rectificare a bugetului local \u0219i, deci, de votul consilierilor.<\/p>\n\n\n\n<p>\u0218i \u00een acest punct lucrurile s-au blocat. <\/p>\n\n\n\n<p>PSD \u0219i PNL nu vor s\u0103 voteze rectificarea bugetar\u0103.<\/p>\n\n\n\n<h2 class=\"wp-block-heading\">Scandalul din \u0219edin\u021ba de Consiliu Local<\/h2>\n\n\n\n<p>Mihaela Ivan a fost recenzor \u00een Sectorul 1 \u015fi spune c\u0103 a venit \u00een \u015fedin\u0163\u0103 pentru c\u0103 ea \u015fi colegii ei nu au primit niciun leu, chiar dac\u0103 banii sunt \u00een conturile prim\u0103riei \u00eenc\u0103 din 28 septembrie. Mai mult, femeia a fost \u015fi luat\u0103 peste picior de consilierii locali ai opozi\u0163iei, fiind acuzat\u0103 c\u0103 ar fi membru USR.<\/p>\n\n\n\n<p>Consilierul local PNL, Adrian Oianu, cel care a intrat \u00een dialog cu Mihaela Ivan, nu a \u0219tiut ce spune legea despre plata recenzorilor \u0219i nici m\u0103car la ce punct pe ordinea de zi este proiectul. \u00cen opinia sa, plata lor e doar la dispozi\u021bia primarului. <\/p>\n\n\n\n<p>De\u0219i Guvernul a decis altfel.<\/p>\n\n\n\n<figure class=\"wp-block-image size-large\"><img fetchpriority=\"high\" decoding=\"async\" width=\"900\" height=\"853\" src=\"data:image\/gif;base64,R0lGODlhAQABAAAAACH5BAEKAAEALAAAAAABAAEAAAICTAEAOw==\" data-src=\"https:\/\/buletin.de\/bucuresti\/wp-content\/uploads\/image-1344-900x853.png\" alt=\"\" class=\"wp-image-47662 lazyload\" data-sizes=\"auto\" data-srcset=\"https:\/\/buletin.de\/bucuresti\/wp-content\/uploads\/image-1344-900x853.png 900w, https:\/\/buletin.de\/bucuresti\/wp-content\/uploads\/image-1344-300x284.png 300w, https:\/\/buletin.de\/bucuresti\/wp-content\/uploads\/image-1344-768x727.png 768w, https:\/\/buletin.de\/bucuresti\/wp-content\/uploads\/image-1344-1060x1004.png 1060w, https:\/\/buletin.de\/bucuresti\/wp-content\/uploads\/image-1344-550x521.png 550w, https:\/\/buletin.de\/bucuresti\/wp-content\/uploads\/image-1344-528x500.png 528w, https:\/\/buletin.de\/bucuresti\/wp-content\/uploads\/image-1344-1140x1080.png 1140w, https:\/\/buletin.de\/bucuresti\/wp-content\/uploads\/image-1344-600x568.png 600w, https:\/\/buletin.de\/bucuresti\/wp-content\/uploads\/image-1344.png 1441w\" sizes=\"(max-width: 900px) 100vw, 900px\" \/><\/figure>\n\n\n\n<p>Discu\u0163ia dintre Mihaela Ivan \u015fi consilierul local Adrian Oianu de la PNL \u00eencepe la minutul 57:00 al \u015fedin\u0163ei de consiliu local:<\/p>\n\n\n\n<iframe src=\"https:\/\/www.facebook.com\/plugins\/video.php?height=314&#038;href=https%3A%2F%2Fwww.facebook.com%2FPrimariaSectorUnu%2Fvideos%2F647117990103616%2F&#038;show_text=true&#038;width=560&#038;t=0\" width=\"560\" height=\"429\" style=\"border:none;overflow:hidden\" scrolling=\"no\" frameborder=\"0\" allowfullscreen=\"true\" allow=\"autoplay; clipboard-write; encrypted-media; picture-in-picture; web-share\" allowFullScreen=\"true\"><\/iframe>\n\n\n\n<p><strong>Mihaela Ivan: <\/strong>Am venit aici s\u0103 v\u0103 cer \u00een numele tuturor recenzorilor \u015fi tuturor oamenilor angaja\u0163i \u00een recens\u0103m\u00e2nt s\u0103 ne da\u0163i banii. \u00cen toat\u0103 \u0163ara, toate prim\u0103riile au virat deja banii c\u0103tre recenzori.<\/p>\n\n\n\n<p>\u00cen Bucure\u015fti, \u00een Sectorul 1, Prim\u0103ria a primit banii pe 28 septembrie. Sunt banii no\u015ftri, munci\u0163i de noi, \u00een perioada martie-iulie. Nu ne intereseaz\u0103 meciurile dumneavoastr\u0103 politice, ave\u0163i un punct pe ordinea de zi, num\u0103rul 16, \u00een care v\u0103 cerem s\u0103 ne da\u0163i banii.<\/p>\n\n\n\n<p>Banii pe care \u00eei ave\u0163i sunt banii munci\u0163i de noi. \u015ei noi vom avea facturi de pl\u0103tit, \u015fi pentru noi vine iarna. Noi am muncit ast\u0103-var\u0103 de la 40 de grade \u00een sus. Am muncit de diminea\u0163a p\u00e2n\u0103 seara t\u00e2rziu. Eu, personal, am muncit de la 7 diminea\u0163a p\u00e2n\u0103 la 12 noaptea, \u00een ni\u015fte condi\u0163ii inumane, dar am avut nevoie de bani. Bani care, ce s\u0103 vezi, \u00eenc\u0103 nu i-am primit.<\/p>\n\n\n\n<p>Orice angajator din Rom\u00e2nia, dac\u0103 \u015fi-ar fi permis s\u0103 nu-\u015fi pl\u0103teasc\u0103 angaja\u0163ii, organele statului ar fi venit instant. Ce se \u00eent\u00e2mpl\u0103, de ce nu putem avea banii? C\u00e2nd ve\u0163i vota? C\u00e2nd ne vom vedea \u015fi noi banii?<\/p>\n\n\n\n<p><strong>Adrian Oianu: <\/strong>Noi n-avem pe ordinea de zi punctul 16. Avem p\u00e2n\u0103 la punctul 15, nu \u015ftiu la ce se refer\u0103 doamna recenzor. Dincolo de asta, dac\u0103 banii au venit la prim\u0103rie, trebuie \u00eentrebat primarul, pentru c\u0103 el este executiv \u015fi el d\u0103 banii. \u015eti\u0163i cum e? Dac\u0103 banii sunt la prim\u0103rie, trebuia s\u0103 vi-i dea.<\/p>\n\n\n\n<figure class=\"wp-block-image size-full\"><img decoding=\"async\" width=\"742\" height=\"257\" src=\"data:image\/gif;base64,R0lGODlhAQABAAAAACH5BAEKAAEALAAAAAABAAEAAAICTAEAOw==\" data-src=\"https:\/\/buletin.de\/bucuresti\/wp-content\/uploads\/image-1343.png\" alt=\"\" class=\"wp-image-47661 lazyload\" data-sizes=\"auto\" data-srcset=\"https:\/\/buletin.de\/bucuresti\/wp-content\/uploads\/image-1343.png 742w, https:\/\/buletin.de\/bucuresti\/wp-content\/uploads\/image-1343-300x104.png 300w, https:\/\/buletin.de\/bucuresti\/wp-content\/uploads\/image-1343-550x190.png 550w, https:\/\/buletin.de\/bucuresti\/wp-content\/uploads\/image-1343-600x208.png 600w\" sizes=\"(max-width: 742px) 100vw, 742px\" \/><\/figure>\n\n\n\n<p><strong>Mihaela Ivan:<\/strong> Eu nu sunt \u00eenv\u0103\u0163at\u0103 cu procedurile dumneavoastr\u0103\u2026 Ave\u0163i punctul pe ordinea de zi.<\/p>\n\n\n\n<p><strong>Adrian Oianu:<\/strong> Atunci de ce ne vorbi\u0163i ca \u015fi cum \u015fti\u0163i cine v\u0103 d\u0103 banii?<\/p>\n\n\n\n<p><strong>Mihaela Ivan:<\/strong> V\u0103 rog frumos s\u0103 m\u0103 l\u0103sa\u0163i s\u0103 vorbesc! Nu vorbi\u0163i peste mine!<\/p>\n\n\n\n<p><strong>Adrian Oianu:<\/strong> Doamne fere\u015fte!<\/p>\n\n\n\n<p><strong>Mihaela Ivan:<\/strong> Bun. Avem un dialog sau ne contrazicem?<\/p>\n\n\n\n<p><strong>Adrian Oianu:<\/strong> Superb! Spune\u0163i-ne ce s\u0103 facem.<\/p>\n\n\n\n<p><strong>Mihaela Ivan:<\/strong> Banii sunt vira\u0163i \u00een toat\u0103 \u0163ara, c\u0103tre toate prim\u0103riile, inclusiv c\u0103tre Prim\u0103ria Sectorului 1. Au fost vira\u0163i pe 28 septembrie. \u00cei ave\u0163i \u00een contul prim\u0103riei. Eu nu am de ce s\u0103 \u00eei cer altei persoane dec\u00e2t Consiliului Local, pentru c\u0103 este o prevedere \u00een Ordonan\u0163a de urgen\u0163\u0103, \u00een care se spune foarte clar c\u0103 este o formalitate pe care fiecare prim\u0103rie trebuie s-o fac\u0103. Adic\u0103 se supune la vot \u00een \u015fedin\u0163a de consiliu local, nu \u015ftiu cum se nume\u015fte termenul tehnic, c\u0103 nu m\u0103 pricep, rectificarea bugetar\u0103, \u00een care trebuie s\u0103 ne da\u0163i banii. At\u00e2t \u015fi nimic mai mult!<\/p>\n\n\n\n<p><strong>Adrian Oianu:<\/strong> Facem dialog? M\u0103 l\u0103sa\u0163i \u015fi pe mine s\u0103 spun ceva?<\/p>\n\n\n\n<p><strong>Mihaela Ivan:<\/strong> Sigur.<\/p>\n\n\n\n<p><strong>Adrian Oianu:<\/strong> Deci dvs nu vorbi\u0163i de fapt de plata recenzorilor.<\/p>\n\n\n\n<p><strong>Mihaela Ivan: <\/strong>Ba da. Vorbesc de plata recenzorilor.<\/p>\n\n\n\n<p><strong>Adrian Oianu: <\/strong>Vorbi\u0163i de rectificare bugetar\u0103.<\/p>\n\n\n\n<p><strong>Mihaela Ivan: <\/strong>Nu. Vorbesc de plata recenzorilor.<\/p>\n\n\n\n<p><strong>Adrian Oianu:<\/strong> S\u0103 v\u0103 spun ceva: plata recenzorilor, dac\u0103 banii au fost primi\u0163i de prim\u0103rie\u2026<\/p>\n\n\n\n<p><strong>Mihaela Ivan:<\/strong> Au fost primi\u0163i pe 28 septembrie.<\/p>\n\n\n\n<p><strong>Adrian Oianu: <\/strong>Aparatul primarului, care e executiv, v\u0103 poate pl\u0103ti. Din p\u0103cate\u2026<\/p>\n\n\n\n<p><strong>Mihaela Ivan:<\/strong> Nu. Nu ne poate pl\u0103ti. Conform OUG\u2026<\/p>\n\n\n\n<p><strong>Adrian Oianu: <\/strong>Noi, consiliul, nu avem acces la conturi.<\/p>\n\n\n\n<p><strong>Mihaela Ivan:<\/strong> Ba da. Sunte\u0163i obliga\u0163i, \u00een Consiliul Local, s\u0103 vota\u0163i rectificarea. A\u015fa s-a \u00eent\u00e2mplat \u00een toat\u0103 \u0163ara.<\/p>\n\n\n\n<p><strong>Adrian Oianu:<\/strong> Dvs. \u015eti\u0163i mai bine ca noi cum suntem noi obliga\u0163i!<\/p>\n\n\n\n<p><strong>Mihaela Ivan:<\/strong> Da, pentru c\u0103 ceilal\u0163i recenzori \u015fi-au luat deja banii. V\u0103 rog frumos s\u0103 ne da\u0163i banii.\u00e2<\/p>\n\n\n\n<p><strong>Adrian Oianu: <\/strong>Doamn\u0103, pe piept acolo trebuia s\u0103 scrie #rezist, nu \u201crespect\u201d.<\/p>\n\n\n\n<p><strong>Mihaela Ivan: <\/strong>Nu. E respect. Respectul pe care dvs l-a\u0163i invocat mai devreme c\u0103tre cet\u0103\u0163eni.<\/p>\n\n\n\n<p><strong>Adrian Oianu: <\/strong>N-ave\u0163i niciun pic de respect pentru lege. Pentru c\u0103 dvs a\u0163i venit s\u0103 ne explica\u0163i nou\u0103 aici ce trebuie s\u0103 vot\u0103m.<\/p>\n\n\n\n<p><strong>Mihaela Ivan:<\/strong> Nu. Am venit s\u0103 ne cerem banii. At\u00e2ta tot. Exist\u0103 o linie bugetar\u0103, banii au fost vira\u0163i, este suma fix\u0103, clar\u0103. Nu m\u0103 intereseaz\u0103 altceva! Sunt banii munci\u0163i de noi. At\u00e2t \u015fi nimic altceva. \u00cen toat\u0103 \u0163ara s-a \u00eent\u00e2mplat la fel. (&#8230;)<\/p>\n\n\n\n<p><strong>Adrian Oianu:<\/strong> Atunci cere\u0163i-i doamnei primar s\u0103 v\u0103 pl\u0103teasc\u0103.<\/p>\n\n\n\n<p><strong>Mihaela Ivan:<\/strong> Legea spune consiliul local trebuie s\u0103 voteze, nu doamna primar. Deci s\u0103 \u00een\u0163eleg c\u0103 dvs nu ve\u0163i vota s\u0103 da\u0163i banii la recenzori? (&#8230;)<\/p>\n\n\n\n<p><strong>Adrian Oianu:<\/strong> E foarte bine c\u0103 veni\u0163i aici de la USR s\u0103 face\u0163i scandal.<\/p>\n\n\n\n<p><strong>Mihaela Ivan: <\/strong>Munca mea a fost apolitic\u0103 \u015fi, la fel, a tuturor recenzorilor a fost apolitic\u0103. Nu politiza\u0163i!<\/p>\n\n\n\n<p><\/p>\n\n\n\n<p><\/p>\n\n\n\n<p>\u00cen Sectorul 1 sunt 167 de persoane care a\u0219teapt\u0103 plata pentru presta\u021biile lor la Reces\u0103m\u00e2nt. Dintre ace\u0219tia recenzori &#8211; 133 persoane, recenzori \u0219efi &#8211; 11 persoane, personal pentru autorecenzare asistat\u0103 &#8211; 22 persoane \u0219i coordonator pe Sectorul 1 &#8211; 1 persoan\u0103.<br><\/p>\n","protected":false},"excerpt":{"rendered":"<p>A fost scandal \u00een \u015fedin\u0163a de Consiliu Local a Sectorului 1, \u00een care recenzorii \u015fi-au cerut banii pentru munca depus\u0103 la Recens\u0103m\u00e2nt. Chiar dac\u0103 o parte dintre ace\u015ftia au venit \u00een \u015fedin\u0163\u0103 pentru a-\u015fi sus\u021bine cauza, proiectul de rectificare bugetar\u0103 a fost respins cu 12 voturi pentru \u015fi 14 \u00eempotriv\u0103. Pentru ca oamenii sa poat\u0103 [&hellip;]<\/p>\n","protected":false},"author":38,"featured_media":47655,"comment_status":"closed","ping_status":"open","sticky":false,"template":"","format":"standard","meta":{"_acf_changed":false,"inline_featured_image":false,"ngg_post_thumbnail":0,"footnotes":""},"categories":[24,62],"tags":[],"ppma_author":[22601],"class_list":["post-47653","post","type-post","status-publish","format-standard","has-post-thumbnail","hentry","category-primarie","category-stiri"],"acf":[],"yoast_head":"<!-- This site is optimized with the Yoast SEO Premium plugin v25.3 (Yoast SEO v27.5) - https:\/\/yoast.com\/product\/yoast-seo-premium-wordpress\/ -->\n<title>Sector 1| Consilierii PSD \u0219i PNL refuz\u0103 s\u0103 pl\u0103teasc\u0103 recenzorii de la Recens\u0103m\u00e2nt. Un ales de la PNL nu \u0219tia nici la ce punct pe ordinea de zi e hot\u0103r\u00e2rea care \u00eei prive\u0219te - Buletin de Bucure\u0219ti<\/title>\n<meta name=\"robots\" content=\"index, follow, max-snippet:-1, max-image-preview:large, max-video-preview:-1\" \/>\n<link rel=\"canonical\" href=\"https:\/\/buletin.de\/bucuresti\/sector-1-consilierii-psd-si-pnl-refuza-sa-plateasca-recenzorii-de-la-recensamant-un-ales-de-la-pnl-nu-stia-nici-la-ce-punct-pe-ordinea-de-zi-e-hotararea-care-ii-priveste\/\" \/>\n<meta property=\"og:locale\" content=\"en_GB\" \/>\n<meta property=\"og:type\" content=\"article\" \/>\n<meta property=\"og:title\" content=\"Sector 1| Consilierii PSD \u0219i PNL refuz\u0103 s\u0103 pl\u0103teasc\u0103 recenzorii de la Recens\u0103m\u00e2nt. Un ales de la PNL nu \u0219tia nici la ce punct pe ordinea de zi e hot\u0103r\u00e2rea care \u00eei prive\u0219te\" \/>\n<meta property=\"og:description\" content=\"A fost scandal \u00een \u015fedin\u0163a de Consiliu Local a Sectorului 1, \u00een care recenzorii \u015fi-au cerut banii pentru munca depus\u0103 la Recens\u0103m\u00e2nt. Chiar dac\u0103 o parte dintre ace\u015ftia au venit \u00een \u015fedin\u0163\u0103 pentru a-\u015fi sus\u021bine cauza, proiectul de rectificare bugetar\u0103 a fost respins cu 12 voturi pentru \u015fi 14 \u00eempotriv\u0103. Pentru ca oamenii sa poat\u0103 [&hellip;]\" \/>\n<meta property=\"og:url\" content=\"https:\/\/buletin.de\/bucuresti\/sector-1-consilierii-psd-si-pnl-refuza-sa-plateasca-recenzorii-de-la-recensamant-un-ales-de-la-pnl-nu-stia-nici-la-ce-punct-pe-ordinea-de-zi-e-hotararea-care-ii-priveste\/\" \/>\n<meta property=\"og:site_name\" content=\"Buletin de Bucure\u0219ti\" \/>\n<meta property=\"article:publisher\" content=\"https:\/\/www.facebook.com\/buletin.de.buc\" \/>\n<meta property=\"article:published_time\" content=\"2022-10-25T10:36:56+00:00\" \/>\n<meta property=\"article:modified_time\" content=\"2022-10-25T12:49:19+00:00\" \/>\n<meta property=\"og:image\" content=\"https:\/\/buletin.de\/bucuresti\/wp-content\/uploads\/sedinta-s1.png\" \/>\n\t<meta property=\"og:image:width\" content=\"665\" \/>\n\t<meta property=\"og:image:height\" content=\"366\" \/>\n\t<meta property=\"og:image:type\" content=\"image\/png\" \/>\n<meta name=\"author\" content=\"Anamaria Nedelcoff\" \/>\n<meta name=\"twitter:card\" content=\"summary_large_image\" \/>\n<meta name=\"twitter:label1\" content=\"Written by\" \/>\n\t<meta name=\"twitter:data1\" content=\"Anamaria Nedelcoff\" \/>\n\t<meta name=\"twitter:label2\" content=\"Estimated reading time\" \/>\n\t<meta name=\"twitter:data2\" content=\"6 minutes\" \/>\n<script type=\"application\/ld+json\" class=\"yoast-schema-graph\">{\"@context\":\"https:\\\/\\\/schema.org\",\"@graph\":[{\"@type\":\"Article\",\"@id\":\"https:\\\/\\\/buletin.de\\\/bucuresti\\\/sector-1-consilierii-psd-si-pnl-refuza-sa-plateasca-recenzorii-de-la-recensamant-un-ales-de-la-pnl-nu-stia-nici-la-ce-punct-pe-ordinea-de-zi-e-hotararea-care-ii-priveste\\\/#article\",\"isPartOf\":{\"@id\":\"https:\\\/\\\/buletin.de\\\/bucuresti\\\/sector-1-consilierii-psd-si-pnl-refuza-sa-plateasca-recenzorii-de-la-recensamant-un-ales-de-la-pnl-nu-stia-nici-la-ce-punct-pe-ordinea-de-zi-e-hotararea-care-ii-priveste\\\/\"},\"author\":{\"name\":\"Anamaria Nedelcoff\",\"@id\":\"https:\\\/\\\/buletin.de\\\/bucuresti\\\/#\\\/schema\\\/person\\\/bfa22994f12f5d3353b170aca494f1f9\"},\"headline\":\"Sector 1| Consilierii PSD \u0219i PNL refuz\u0103 s\u0103 pl\u0103teasc\u0103 recenzorii de la Recens\u0103m\u00e2nt. Un ales de la PNL nu \u0219tia nici la ce punct pe ordinea de zi e hot\u0103r\u00e2rea care \u00eei prive\u0219te\",\"datePublished\":\"2022-10-25T10:36:56+00:00\",\"dateModified\":\"2022-10-25T12:49:19+00:00\",\"mainEntityOfPage\":{\"@id\":\"https:\\\/\\\/buletin.de\\\/bucuresti\\\/sector-1-consilierii-psd-si-pnl-refuza-sa-plateasca-recenzorii-de-la-recensamant-un-ales-de-la-pnl-nu-stia-nici-la-ce-punct-pe-ordinea-de-zi-e-hotararea-care-ii-priveste\\\/\"},\"wordCount\":1238,\"publisher\":{\"@id\":\"https:\\\/\\\/buletin.de\\\/bucuresti\\\/#organization\"},\"image\":{\"@id\":\"https:\\\/\\\/buletin.de\\\/bucuresti\\\/sector-1-consilierii-psd-si-pnl-refuza-sa-plateasca-recenzorii-de-la-recensamant-un-ales-de-la-pnl-nu-stia-nici-la-ce-punct-pe-ordinea-de-zi-e-hotararea-care-ii-priveste\\\/#primaryimage\"},\"thumbnailUrl\":\"https:\\\/\\\/buletin.de\\\/bucuresti\\\/wp-content\\\/uploads\\\/sedinta-s1.png\",\"articleSection\":[\"Prim\u0103rie\",\"\u0218tiri\"],\"inLanguage\":\"en-GB\",\"copyrightYear\":\"2022\",\"copyrightHolder\":{\"@id\":\"https:\\\/\\\/buletin.de\\\/bucuresti\\\/#organization\"}},{\"@type\":\"WebPage\",\"@id\":\"https:\\\/\\\/buletin.de\\\/bucuresti\\\/sector-1-consilierii-psd-si-pnl-refuza-sa-plateasca-recenzorii-de-la-recensamant-un-ales-de-la-pnl-nu-stia-nici-la-ce-punct-pe-ordinea-de-zi-e-hotararea-care-ii-priveste\\\/\",\"url\":\"https:\\\/\\\/buletin.de\\\/bucuresti\\\/sector-1-consilierii-psd-si-pnl-refuza-sa-plateasca-recenzorii-de-la-recensamant-un-ales-de-la-pnl-nu-stia-nici-la-ce-punct-pe-ordinea-de-zi-e-hotararea-care-ii-priveste\\\/\",\"name\":\"Sector 1| Consilierii PSD \u0219i PNL refuz\u0103 s\u0103 pl\u0103teasc\u0103 recenzorii de la Recens\u0103m\u00e2nt. Un ales de la PNL nu \u0219tia nici la ce punct pe ordinea de zi e hot\u0103r\u00e2rea care \u00eei prive\u0219te - Buletin de Bucure\u0219ti\",\"isPartOf\":{\"@id\":\"https:\\\/\\\/buletin.de\\\/bucuresti\\\/#website\"},\"primaryImageOfPage\":{\"@id\":\"https:\\\/\\\/buletin.de\\\/bucuresti\\\/sector-1-consilierii-psd-si-pnl-refuza-sa-plateasca-recenzorii-de-la-recensamant-un-ales-de-la-pnl-nu-stia-nici-la-ce-punct-pe-ordinea-de-zi-e-hotararea-care-ii-priveste\\\/#primaryimage\"},\"image\":{\"@id\":\"https:\\\/\\\/buletin.de\\\/bucuresti\\\/sector-1-consilierii-psd-si-pnl-refuza-sa-plateasca-recenzorii-de-la-recensamant-un-ales-de-la-pnl-nu-stia-nici-la-ce-punct-pe-ordinea-de-zi-e-hotararea-care-ii-priveste\\\/#primaryimage\"},\"thumbnailUrl\":\"https:\\\/\\\/buletin.de\\\/bucuresti\\\/wp-content\\\/uploads\\\/sedinta-s1.png\",\"datePublished\":\"2022-10-25T10:36:56+00:00\",\"dateModified\":\"2022-10-25T12:49:19+00:00\",\"breadcrumb\":{\"@id\":\"https:\\\/\\\/buletin.de\\\/bucuresti\\\/sector-1-consilierii-psd-si-pnl-refuza-sa-plateasca-recenzorii-de-la-recensamant-un-ales-de-la-pnl-nu-stia-nici-la-ce-punct-pe-ordinea-de-zi-e-hotararea-care-ii-priveste\\\/#breadcrumb\"},\"inLanguage\":\"en-GB\",\"potentialAction\":[{\"@type\":\"ReadAction\",\"target\":[\"https:\\\/\\\/buletin.de\\\/bucuresti\\\/sector-1-consilierii-psd-si-pnl-refuza-sa-plateasca-recenzorii-de-la-recensamant-un-ales-de-la-pnl-nu-stia-nici-la-ce-punct-pe-ordinea-de-zi-e-hotararea-care-ii-priveste\\\/\"]}]},{\"@type\":\"ImageObject\",\"inLanguage\":\"en-GB\",\"@id\":\"https:\\\/\\\/buletin.de\\\/bucuresti\\\/sector-1-consilierii-psd-si-pnl-refuza-sa-plateasca-recenzorii-de-la-recensamant-un-ales-de-la-pnl-nu-stia-nici-la-ce-punct-pe-ordinea-de-zi-e-hotararea-care-ii-priveste\\\/#primaryimage\",\"url\":\"https:\\\/\\\/buletin.de\\\/bucuresti\\\/wp-content\\\/uploads\\\/sedinta-s1.png\",\"contentUrl\":\"https:\\\/\\\/buletin.de\\\/bucuresti\\\/wp-content\\\/uploads\\\/sedinta-s1.png\",\"width\":665,\"height\":366},{\"@type\":\"BreadcrumbList\",\"@id\":\"https:\\\/\\\/buletin.de\\\/bucuresti\\\/sector-1-consilierii-psd-si-pnl-refuza-sa-plateasca-recenzorii-de-la-recensamant-un-ales-de-la-pnl-nu-stia-nici-la-ce-punct-pe-ordinea-de-zi-e-hotararea-care-ii-priveste\\\/#breadcrumb\",\"itemListElement\":[{\"@type\":\"ListItem\",\"position\":1,\"name\":\"Acas\u0103\",\"item\":\"https:\\\/\\\/buletin.de\\\/bucuresti\\\/\"},{\"@type\":\"ListItem\",\"position\":2,\"name\":\"Sector 1| Consilierii PSD \u0219i PNL refuz\u0103 s\u0103 pl\u0103teasc\u0103 recenzorii de la Recens\u0103m\u00e2nt. Un ales de la PNL nu \u0219tia nici la ce punct pe ordinea de zi e hot\u0103r\u00e2rea care \u00eei prive\u0219te\"}]},{\"@type\":\"WebSite\",\"@id\":\"https:\\\/\\\/buletin.de\\\/bucuresti\\\/#website\",\"url\":\"https:\\\/\\\/buletin.de\\\/bucuresti\\\/\",\"name\":\"Buletin de Bucure\u0219ti\",\"description\":\"\u0218tiri \u0219i investiga\u021bii esen\u021biale din capital\u0103\",\"publisher\":{\"@id\":\"https:\\\/\\\/buletin.de\\\/bucuresti\\\/#organization\"},\"potentialAction\":[{\"@type\":\"SearchAction\",\"target\":{\"@type\":\"EntryPoint\",\"urlTemplate\":\"https:\\\/\\\/buletin.de\\\/bucuresti\\\/?s={search_term_string}\"},\"query-input\":{\"@type\":\"PropertyValueSpecification\",\"valueRequired\":true,\"valueName\":\"search_term_string\"}}],\"inLanguage\":\"en-GB\"},{\"@type\":\"Organization\",\"@id\":\"https:\\\/\\\/buletin.de\\\/bucuresti\\\/#organization\",\"name\":\"Buletin de Bucure\u0219ti\",\"url\":\"https:\\\/\\\/buletin.de\\\/bucuresti\\\/\",\"logo\":{\"@type\":\"ImageObject\",\"inLanguage\":\"en-GB\",\"@id\":\"https:\\\/\\\/buletin.de\\\/bucuresti\\\/#\\\/schema\\\/logo\\\/image\\\/\",\"url\":\"https:\\\/\\\/buletin.de\\\/bucuresti\\\/wp-content\\\/uploads\\\/logo-bdb-full-wide-vernil-transparent.png\",\"contentUrl\":\"https:\\\/\\\/buletin.de\\\/bucuresti\\\/wp-content\\\/uploads\\\/logo-bdb-full-wide-vernil-transparent.png\",\"width\":1782,\"height\":626,\"caption\":\"Buletin de Bucure\u0219ti\"},\"image\":{\"@id\":\"https:\\\/\\\/buletin.de\\\/bucuresti\\\/#\\\/schema\\\/logo\\\/image\\\/\"},\"sameAs\":[\"https:\\\/\\\/www.facebook.com\\\/buletin.de.buc\",\"https:\\\/\\\/www.instagram.com\\\/buletinde.bucuresti\\\/\"]},{\"@type\":\"Person\",\"@id\":\"https:\\\/\\\/buletin.de\\\/bucuresti\\\/#\\\/schema\\\/person\\\/bfa22994f12f5d3353b170aca494f1f9\",\"name\":\"Anamaria Nedelcoff\",\"image\":{\"@type\":\"ImageObject\",\"inLanguage\":\"en-GB\",\"@id\":\"https:\\\/\\\/secure.gravatar.com\\\/avatar\\\/409df91a26b98006111557131cc35236962765b734317e1dcf94c6bc1d010629?s=96&d=monsterid&r=g9bc3ae6c8e1522e913d1a0debd6aec89\",\"url\":\"https:\\\/\\\/secure.gravatar.com\\\/avatar\\\/409df91a26b98006111557131cc35236962765b734317e1dcf94c6bc1d010629?s=96&d=monsterid&r=g\",\"contentUrl\":\"https:\\\/\\\/secure.gravatar.com\\\/avatar\\\/409df91a26b98006111557131cc35236962765b734317e1dcf94c6bc1d010629?s=96&d=monsterid&r=g\",\"caption\":\"Anamaria Nedelcoff\"},\"url\":\"https:\\\/\\\/buletin.de\\\/bucuresti\\\/author\\\/nedelcoff\\\/\"}]}<\/script>\n<!-- \/ Yoast SEO Premium plugin. -->","yoast_head_json":{"title":"Sector 1| Consilierii PSD \u0219i PNL refuz\u0103 s\u0103 pl\u0103teasc\u0103 recenzorii de la Recens\u0103m\u00e2nt. Un ales de la PNL nu \u0219tia nici la ce punct pe ordinea de zi e hot\u0103r\u00e2rea care \u00eei prive\u0219te - Buletin de Bucure\u0219ti","robots":{"index":"index","follow":"follow","max-snippet":"max-snippet:-1","max-image-preview":"max-image-preview:large","max-video-preview":"max-video-preview:-1"},"canonical":"https:\/\/buletin.de\/bucuresti\/sector-1-consilierii-psd-si-pnl-refuza-sa-plateasca-recenzorii-de-la-recensamant-un-ales-de-la-pnl-nu-stia-nici-la-ce-punct-pe-ordinea-de-zi-e-hotararea-care-ii-priveste\/","og_locale":"en_GB","og_type":"article","og_title":"Sector 1| Consilierii PSD \u0219i PNL refuz\u0103 s\u0103 pl\u0103teasc\u0103 recenzorii de la Recens\u0103m\u00e2nt. Un ales de la PNL nu \u0219tia nici la ce punct pe ordinea de zi e hot\u0103r\u00e2rea care \u00eei prive\u0219te","og_description":"A fost scandal \u00een \u015fedin\u0163a de Consiliu Local a Sectorului 1, \u00een care recenzorii \u015fi-au cerut banii pentru munca depus\u0103 la Recens\u0103m\u00e2nt. Chiar dac\u0103 o parte dintre ace\u015ftia au venit \u00een \u015fedin\u0163\u0103 pentru a-\u015fi sus\u021bine cauza, proiectul de rectificare bugetar\u0103 a fost respins cu 12 voturi pentru \u015fi 14 \u00eempotriv\u0103. Pentru ca oamenii sa poat\u0103 [&hellip;]","og_url":"https:\/\/buletin.de\/bucuresti\/sector-1-consilierii-psd-si-pnl-refuza-sa-plateasca-recenzorii-de-la-recensamant-un-ales-de-la-pnl-nu-stia-nici-la-ce-punct-pe-ordinea-de-zi-e-hotararea-care-ii-priveste\/","og_site_name":"Buletin de Bucure\u0219ti","article_publisher":"https:\/\/www.facebook.com\/buletin.de.buc","article_published_time":"2022-10-25T10:36:56+00:00","article_modified_time":"2022-10-25T12:49:19+00:00","og_image":[{"width":665,"height":366,"url":"https:\/\/buletin.de\/bucuresti\/wp-content\/uploads\/sedinta-s1.png","type":"image\/png"}],"author":"Anamaria Nedelcoff","twitter_card":"summary_large_image","twitter_misc":{"Written by":"Anamaria Nedelcoff","Estimated reading time":"6 minutes"},"schema":{"@context":"https:\/\/schema.org","@graph":[{"@type":"Article","@id":"https:\/\/buletin.de\/bucuresti\/sector-1-consilierii-psd-si-pnl-refuza-sa-plateasca-recenzorii-de-la-recensamant-un-ales-de-la-pnl-nu-stia-nici-la-ce-punct-pe-ordinea-de-zi-e-hotararea-care-ii-priveste\/#article","isPartOf":{"@id":"https:\/\/buletin.de\/bucuresti\/sector-1-consilierii-psd-si-pnl-refuza-sa-plateasca-recenzorii-de-la-recensamant-un-ales-de-la-pnl-nu-stia-nici-la-ce-punct-pe-ordinea-de-zi-e-hotararea-care-ii-priveste\/"},"author":{"name":"Anamaria Nedelcoff","@id":"https:\/\/buletin.de\/bucuresti\/#\/schema\/person\/bfa22994f12f5d3353b170aca494f1f9"},"headline":"Sector 1| Consilierii PSD \u0219i PNL refuz\u0103 s\u0103 pl\u0103teasc\u0103 recenzorii de la Recens\u0103m\u00e2nt. Un ales de la PNL nu \u0219tia nici la ce punct pe ordinea de zi e hot\u0103r\u00e2rea care \u00eei prive\u0219te","datePublished":"2022-10-25T10:36:56+00:00","dateModified":"2022-10-25T12:49:19+00:00","mainEntityOfPage":{"@id":"https:\/\/buletin.de\/bucuresti\/sector-1-consilierii-psd-si-pnl-refuza-sa-plateasca-recenzorii-de-la-recensamant-un-ales-de-la-pnl-nu-stia-nici-la-ce-punct-pe-ordinea-de-zi-e-hotararea-care-ii-priveste\/"},"wordCount":1238,"publisher":{"@id":"https:\/\/buletin.de\/bucuresti\/#organization"},"image":{"@id":"https:\/\/buletin.de\/bucuresti\/sector-1-consilierii-psd-si-pnl-refuza-sa-plateasca-recenzorii-de-la-recensamant-un-ales-de-la-pnl-nu-stia-nici-la-ce-punct-pe-ordinea-de-zi-e-hotararea-care-ii-priveste\/#primaryimage"},"thumbnailUrl":"https:\/\/buletin.de\/bucuresti\/wp-content\/uploads\/sedinta-s1.png","articleSection":["Prim\u0103rie","\u0218tiri"],"inLanguage":"en-GB","copyrightYear":"2022","copyrightHolder":{"@id":"https:\/\/buletin.de\/bucuresti\/#organization"}},{"@type":"WebPage","@id":"https:\/\/buletin.de\/bucuresti\/sector-1-consilierii-psd-si-pnl-refuza-sa-plateasca-recenzorii-de-la-recensamant-un-ales-de-la-pnl-nu-stia-nici-la-ce-punct-pe-ordinea-de-zi-e-hotararea-care-ii-priveste\/","url":"https:\/\/buletin.de\/bucuresti\/sector-1-consilierii-psd-si-pnl-refuza-sa-plateasca-recenzorii-de-la-recensamant-un-ales-de-la-pnl-nu-stia-nici-la-ce-punct-pe-ordinea-de-zi-e-hotararea-care-ii-priveste\/","name":"Sector 1| Consilierii PSD \u0219i PNL refuz\u0103 s\u0103 pl\u0103teasc\u0103 recenzorii de la Recens\u0103m\u00e2nt. Un ales de la PNL nu \u0219tia nici la ce punct pe ordinea de zi e hot\u0103r\u00e2rea care \u00eei prive\u0219te - Buletin de Bucure\u0219ti","isPartOf":{"@id":"https:\/\/buletin.de\/bucuresti\/#website"},"primaryImageOfPage":{"@id":"https:\/\/buletin.de\/bucuresti\/sector-1-consilierii-psd-si-pnl-refuza-sa-plateasca-recenzorii-de-la-recensamant-un-ales-de-la-pnl-nu-stia-nici-la-ce-punct-pe-ordinea-de-zi-e-hotararea-care-ii-priveste\/#primaryimage"},"image":{"@id":"https:\/\/buletin.de\/bucuresti\/sector-1-consilierii-psd-si-pnl-refuza-sa-plateasca-recenzorii-de-la-recensamant-un-ales-de-la-pnl-nu-stia-nici-la-ce-punct-pe-ordinea-de-zi-e-hotararea-care-ii-priveste\/#primaryimage"},"thumbnailUrl":"https:\/\/buletin.de\/bucuresti\/wp-content\/uploads\/sedinta-s1.png","datePublished":"2022-10-25T10:36:56+00:00","dateModified":"2022-10-25T12:49:19+00:00","breadcrumb":{"@id":"https:\/\/buletin.de\/bucuresti\/sector-1-consilierii-psd-si-pnl-refuza-sa-plateasca-recenzorii-de-la-recensamant-un-ales-de-la-pnl-nu-stia-nici-la-ce-punct-pe-ordinea-de-zi-e-hotararea-care-ii-priveste\/#breadcrumb"},"inLanguage":"en-GB","potentialAction":[{"@type":"ReadAction","target":["https:\/\/buletin.de\/bucuresti\/sector-1-consilierii-psd-si-pnl-refuza-sa-plateasca-recenzorii-de-la-recensamant-un-ales-de-la-pnl-nu-stia-nici-la-ce-punct-pe-ordinea-de-zi-e-hotararea-care-ii-priveste\/"]}]},{"@type":"ImageObject","inLanguage":"en-GB","@id":"https:\/\/buletin.de\/bucuresti\/sector-1-consilierii-psd-si-pnl-refuza-sa-plateasca-recenzorii-de-la-recensamant-un-ales-de-la-pnl-nu-stia-nici-la-ce-punct-pe-ordinea-de-zi-e-hotararea-care-ii-priveste\/#primaryimage","url":"https:\/\/buletin.de\/bucuresti\/wp-content\/uploads\/sedinta-s1.png","contentUrl":"https:\/\/buletin.de\/bucuresti\/wp-content\/uploads\/sedinta-s1.png","width":665,"height":366},{"@type":"BreadcrumbList","@id":"https:\/\/buletin.de\/bucuresti\/sector-1-consilierii-psd-si-pnl-refuza-sa-plateasca-recenzorii-de-la-recensamant-un-ales-de-la-pnl-nu-stia-nici-la-ce-punct-pe-ordinea-de-zi-e-hotararea-care-ii-priveste\/#breadcrumb","itemListElement":[{"@type":"ListItem","position":1,"name":"Acas\u0103","item":"https:\/\/buletin.de\/bucuresti\/"},{"@type":"ListItem","position":2,"name":"Sector 1| Consilierii PSD \u0219i PNL refuz\u0103 s\u0103 pl\u0103teasc\u0103 recenzorii de la Recens\u0103m\u00e2nt. Un ales de la PNL nu \u0219tia nici la ce punct pe ordinea de zi e hot\u0103r\u00e2rea care \u00eei prive\u0219te"}]},{"@type":"WebSite","@id":"https:\/\/buletin.de\/bucuresti\/#website","url":"https:\/\/buletin.de\/bucuresti\/","name":"Buletin de Bucure\u0219ti","description":"\u0218tiri \u0219i investiga\u021bii esen\u021biale din capital\u0103","publisher":{"@id":"https:\/\/buletin.de\/bucuresti\/#organization"},"potentialAction":[{"@type":"SearchAction","target":{"@type":"EntryPoint","urlTemplate":"https:\/\/buletin.de\/bucuresti\/?s={search_term_string}"},"query-input":{"@type":"PropertyValueSpecification","valueRequired":true,"valueName":"search_term_string"}}],"inLanguage":"en-GB"},{"@type":"Organization","@id":"https:\/\/buletin.de\/bucuresti\/#organization","name":"Buletin de Bucure\u0219ti","url":"https:\/\/buletin.de\/bucuresti\/","logo":{"@type":"ImageObject","inLanguage":"en-GB","@id":"https:\/\/buletin.de\/bucuresti\/#\/schema\/logo\/image\/","url":"https:\/\/buletin.de\/bucuresti\/wp-content\/uploads\/logo-bdb-full-wide-vernil-transparent.png","contentUrl":"https:\/\/buletin.de\/bucuresti\/wp-content\/uploads\/logo-bdb-full-wide-vernil-transparent.png","width":1782,"height":626,"caption":"Buletin de Bucure\u0219ti"},"image":{"@id":"https:\/\/buletin.de\/bucuresti\/#\/schema\/logo\/image\/"},"sameAs":["https:\/\/www.facebook.com\/buletin.de.buc","https:\/\/www.instagram.com\/buletinde.bucuresti\/"]},{"@type":"Person","@id":"https:\/\/buletin.de\/bucuresti\/#\/schema\/person\/bfa22994f12f5d3353b170aca494f1f9","name":"Anamaria Nedelcoff","image":{"@type":"ImageObject","inLanguage":"en-GB","@id":"https:\/\/secure.gravatar.com\/avatar\/409df91a26b98006111557131cc35236962765b734317e1dcf94c6bc1d010629?s=96&d=monsterid&r=g9bc3ae6c8e1522e913d1a0debd6aec89","url":"https:\/\/secure.gravatar.com\/avatar\/409df91a26b98006111557131cc35236962765b734317e1dcf94c6bc1d010629?s=96&d=monsterid&r=g","contentUrl":"https:\/\/secure.gravatar.com\/avatar\/409df91a26b98006111557131cc35236962765b734317e1dcf94c6bc1d010629?s=96&d=monsterid&r=g","caption":"Anamaria Nedelcoff"},"url":"https:\/\/buletin.de\/bucuresti\/author\/nedelcoff\/"}]}},"authors":[{"term_id":22601,"user_id":38,"is_guest":0,"slug":"nedelcoff","display_name":"Anamaria Nedelcoff","avatar_url":"https:\/\/secure.gravatar.com\/avatar\/409df91a26b98006111557131cc35236962765b734317e1dcf94c6bc1d010629?s=96&d=monsterid&r=g","0":null,"1":"","2":"","3":"","4":"","5":"","6":"","7":"","8":""}],"_links":{"self":[{"href":"https:\/\/buletin.de\/bucuresti\/wp-json\/wp\/v2\/posts\/47653","targetHints":{"allow":["GET"]}}],"collection":[{"href":"https:\/\/buletin.de\/bucuresti\/wp-json\/wp\/v2\/posts"}],"about":[{"href":"https:\/\/buletin.de\/bucuresti\/wp-json\/wp\/v2\/types\/post"}],"author":[{"embeddable":true,"href":"https:\/\/buletin.de\/bucuresti\/wp-json\/wp\/v2\/users\/38"}],"replies":[{"embeddable":true,"href":"https:\/\/buletin.de\/bucuresti\/wp-json\/wp\/v2\/comments?post=47653"}],"version-history":[{"count":11,"href":"https:\/\/buletin.de\/bucuresti\/wp-json\/wp\/v2\/posts\/47653\/revisions"}],"predecessor-version":[{"id":47676,"href":"https:\/\/buletin.de\/bucuresti\/wp-json\/wp\/v2\/posts\/47653\/revisions\/47676"}],"wp:featuredmedia":[{"embeddable":true,"href":"https:\/\/buletin.de\/bucuresti\/wp-json\/wp\/v2\/media\/47655"}],"wp:attachment":[{"href":"https:\/\/buletin.de\/bucuresti\/wp-json\/wp\/v2\/media?parent=47653"}],"wp:term":[{"taxonomy":"category","embeddable":true,"href":"https:\/\/buletin.de\/bucuresti\/wp-json\/wp\/v2\/categories?post=47653"},{"taxonomy":"post_tag","embeddable":true,"href":"https:\/\/buletin.de\/bucuresti\/wp-json\/wp\/v2\/tags?post=47653"},{"taxonomy":"author","embeddable":true,"href":"https:\/\/buletin.de\/bucuresti\/wp-json\/wp\/v2\/ppma_author?post=47653"}],"curies":[{"name":"wp","href":"https:\/\/api.w.org\/{rel}","templated":true}]}}