{"id":47629,"date":"2022-10-25T10:55:26","date_gmt":"2022-10-25T08:55:26","guid":{"rendered":"https:\/\/buletin.de\/bucuresti\/?p=47629"},"modified":"2022-10-25T14:03:52","modified_gmt":"2022-10-25T12:03:52","slug":"fiul-lui-pandele-mare-dezvoltator-imobiliar-la-voluntari-mai-construieste-inca-un-cartier-de-case","status":"publish","type":"post","link":"https:\/\/buletin.de\/bucuresti\/fiul-lui-pandele-mare-dezvoltator-imobiliar-la-voluntari-mai-construieste-inca-un-cartier-de-case\/","title":{"rendered":"Fiul lui Pandele, mare dezvoltator imobiliar la Voluntari. Construie\u0219te cel de-al optulea cartier de case"},"content":{"rendered":"\n<p>Bogdan Pandele, fiul edilului din Voluntari, Florentin Pandele, este unul dintre cei mai mari investitori imobiliari din ora\u0219ul condus de tat\u0103l s\u0103u. Dup\u0103 ce a construit c\u00e2teva sute de vile \u00een mai multe cartiere reziden\u021biale, Bogdan Pandele construie\u0219te acum un cartier de case \u00een\u0219iruite. Pentru acest proiect s-a asociat cu Maximilian Cr\u0103ciun, b\u0103iatul unui cunoscut om de afaceri din Constan\u021ba, scrie <a href=\"https:\/\/www.profit.ro\/povesti-cu-profit\/real-estate-constructii\/exclusiv-bogdan-pandele-fiul-primarului-din-voluntari-noi-planuri-de-extindere-in-imobiliare-s-a-asociat-cu-doua-familii-de-antreprenori-20879246\">profit.ro.<\/a>.<\/p>\n\n\n\n<p>Avangarde Forest Mirador este cel mai recent proiect imobiliar lansat de b\u0103iatul lui Florentin Pandele. Pe un teren de pe strada \u0218colii din Voluntari vor fi construite 45 de case. <\/p>\n\n\n\n<p>\u201e<em>Avem planificat \u0219i un imobil cu apartamente, cu dou\u0103 etaje \u0219i al treilea retras, cu 20 de apartamente cu dou\u0103 camere \u0219i studiouri. Acum avem ridicate 27 de locuin\u021be \u00een prima etap\u0103, ce vor fi finalizate anul acesta. \u00cen noiembrie \u00eencepem etapa a doua care cuprinde restul de 18 locuin\u021be \u0219i imobilul cu apartamente\u201c,<\/em> a declarat, pentru Profit.ro, Bogdan Pandele.<\/p>\n\n\n\n<h2 class=\"wp-block-heading\">Bogdan Pandele, ac\u021bionar \u00een 8 firme<\/h2>\n\n\n\n<p>Cu pu\u021bin \u00eenainte de a \u00eemplini 18 ani, Bogdan Pandele \u0219i fratele s\u0103u, Andrei Pandele, deschid agen\u021bia Ilfov a societ\u0103\u021bii de asigur\u0103ri Astra. Cei doi sunt fii din prima c\u0103s\u0103torie a edilului, cu Adela Constantin. <\/p>\n\n\n\n<p>Un an mai t\u00e2rziu fra\u021bii Pandele lanseaz\u0103 \u00eempreun\u0103 o alt\u0103 afacere, \u00een care, \u00een acest moment a r\u0103mas ac\u021bionar doar  fiul cel mare al primarului, Andrei. Pentru Bogdan e doar \u00eenceputul unui \u0219ir lung de ini\u021biative antreprenoriale.<\/p>\n\n\n\n<figure class=\"wp-block-image size-large\"><img fetchpriority=\"high\" decoding=\"async\" width=\"900\" height=\"300\" src=\"data:image\/gif;base64,R0lGODlhAQABAAAAACH5BAEKAAEALAAAAAABAAEAAAICTAEAOw==\" data-src=\"https:\/\/buletin.de\/bucuresti\/wp-content\/uploads\/image-1341-900x300.png\" alt=\"\" class=\"wp-image-47632 lazyload\" data-sizes=\"auto\" data-srcset=\"https:\/\/buletin.de\/bucuresti\/wp-content\/uploads\/image-1341-900x300.png 900w, https:\/\/buletin.de\/bucuresti\/wp-content\/uploads\/image-1341-300x100.png 300w, https:\/\/buletin.de\/bucuresti\/wp-content\/uploads\/image-1341-768x256.png 768w, https:\/\/buletin.de\/bucuresti\/wp-content\/uploads\/image-1341-550x184.png 550w, https:\/\/buletin.de\/bucuresti\/wp-content\/uploads\/image-1341-600x200.png 600w, https:\/\/buletin.de\/bucuresti\/wp-content\/uploads\/image-1341.png 1040w\" sizes=\"(max-width: 900px) 100vw, 900px\" \/><figcaption>sursa <a href=\"https:\/\/termene.ro\/persoana.php?id=-942596229672563403\">termene.ro<\/a><\/figcaption><\/figure>\n\n\n\n<ul class=\"wp-block-list\"><li><strong>2008 &#8211;  Activ Imobiliare SRL <\/strong>&#8211; asociat cu Hanifi Abdulraham, cel care de de\u021bine engros-ul Smart Flower. Firma a avut anul trecut un profit de <strong>5 milioane de lei. <\/strong><\/li><li><strong>2009 &#8211; Avangarde Green Construct SRL &#8211; <\/strong>denumit\u0103 ini\u021bial Avandarde Dance Club. Bogdan Pandele este asociat unic. Profit \u00een 2021 &#8211; <strong>1 milion de lei<\/strong>.<\/li><li><strong>2009 &#8211; Panoramic Wash SRL &#8211; <\/strong>asociat cu Razvan Chitca, director la Eventculinar Vol, societate din subordinea Consiliului Local Voluntari. \u00cen 2021, firma a avut prierderi de<strong> 25.000 de lei.<\/strong> <\/li><li><strong>2011 &#8211; CA Image SRL <\/strong>&#8211; asociat cu mama sa, Constantin Adela. Firma are activitatea suspendat\u0103 temporar.<\/li><li><strong>2014 &#8211; Avangarde Maintenance SRL &#8211; <\/strong>asociat cu Irina-Ruxandra Patrichi. Pierdere \u00een 2021 de <strong>4400 de lei.<\/strong><\/li><li><strong>2017 &#8211; Avangarde Forest Investments SRL <\/strong>&#8211; asociat cu mama sa, Constantin Adela. Profit \u00een 2021 &#8211; <strong>1,1 milioane de lei.<\/strong><\/li><li><strong>2019 &#8211; Avangarde Forest Partners SRL &#8211; <\/strong>asociat cu Valeriu Toronciuc. Pierdere de <strong>76.800 lei<\/strong> \u00een 2021.<\/li><li><strong>2019 &#8211; Avangarde Forest Management SRL &#8211;<\/strong> asociat cu MSM Global, firm\u0103 de\u021binut\u0103 de Maximilian Cr\u0103ciun \u0219i so\u021bia sa Maria Teresa Estrada. Pierdere de <strong>1000 de lei<\/strong> \u00een 2021.<\/li><\/ul>\n\n\n\n<p>Bogdan Pandele a mai fost asociat de-a lungul timpului \u00een alte 2 firme, Omnix City, tot cu mama sa Adela Constantin, \u0219i Containerul din Padure SRL. <\/p>\n\n\n\n<h2 class=\"wp-block-heading\">Sute de vile \u00een ora\u0219ul condus de Pandele Senior<\/h2>\n\n\n\n<p>Primele investi\u021bii imobiliare ale lui Bogdan Pandele au \u00eenceput, \u00een 2010, al\u0103turi de mama sa, Adela Constantin. Firma \u00een care erau asocia\u021bi fra\u021bii Pandele \u0219i mama lor, Omnix Club SRL, a ridicat, pe strada \u0218colii din Voluntari, dou\u0103 blocuri cu 6 etaje, apoi un Centru de fitness \u0219i spa. <\/p>\n\n\n\n<p>Au urmat 5 cartiere construite de firma Avangarde Green Construct \u00een care Bogdan Pandele este unic asociat.  Complexurile reziden\u021biale Avangarde Forest 1, 2, 3, 4 \u0219i 5 \u00eensumeaz\u0103 peste 100 de vile. <\/p>\n\n\n\n<figure class=\"wp-block-image size-full\"><img decoding=\"async\" width=\"709\" height=\"392\" src=\"data:image\/gif;base64,R0lGODlhAQABAAAAACH5BAEKAAEALAAAAAABAAEAAAICTAEAOw==\" data-src=\"https:\/\/buletin.de\/bucuresti\/wp-content\/uploads\/avantagarde-forest-1.png\" alt=\"\" class=\"wp-image-47641 lazyload\" data-sizes=\"auto\" data-srcset=\"https:\/\/buletin.de\/bucuresti\/wp-content\/uploads\/avantagarde-forest-1.png 709w, https:\/\/buletin.de\/bucuresti\/wp-content\/uploads\/avantagarde-forest-1-300x166.png 300w, https:\/\/buletin.de\/bucuresti\/wp-content\/uploads\/avantagarde-forest-1-550x304.png 550w, https:\/\/buletin.de\/bucuresti\/wp-content\/uploads\/avantagarde-forest-1-600x332.png 600w\" sizes=\"(max-width: 709px) 100vw, 709px\" \/><figcaption>Avangarde Forest 1 &#8211; sursa korter.ro<\/figcaption><\/figure>\n\n\n\n<p>\u00cen asociere cu Valeriu Toronciuc, prin firma acestuia Baiadera Com, Pandele jr. a construit alte dou\u0103 cartiere cu aproape 100 de vile \u0219i case, conform <a href=\"https:\/\/www.profit.ro\/povesti-cu-profit\/real-estate-constructii\/exclusiv-bogdan-pandele-fiul-primarului-din-voluntari-noi-planuri-de-extindere-in-imobiliare-s-a-asociat-cu-doua-familii-de-antreprenori-20879246\">profit.ro.<\/a> <\/p>\n\n\n\n<p>Valeriu Toronciuc este proprietarul supermarketului Lucidius Market din Afuma\u021bi \u0219i este importator pentru Rom\u00e2nia de produse din Moldova \u0219i Ucraina. Firma sa a avut, Baiadera Com a avut, \u00een 2021, o cifr\u0103 de afaceri de 37 de milioane de lei cu un profit brut de 3 milioane de lei.<\/p>\n\n\n\n<p>Noul proiect imobiliar, dezvoltat tot \u00een Voluntari, \u00eenseamn\u0103 alte 45 de case, pe strada \u0218colii, acolo unde a dezvoltat \u0219i primul complex reziden\u021bial. \u00cen aceast\u0103 afacere, Bogdan Pandele e asociat cu firma lui Maximilian Cr\u0103ciun \u0219i a so\u021biei sale. <\/p>\n\n\n<div class=\"wp-block-image\">\n<figure class=\"aligncenter size-full\"><img decoding=\"async\" width=\"450\" height=\"500\" src=\"data:image\/gif;base64,R0lGODlhAQABAAAAACH5BAEKAAEALAAAAAABAAEAAAICTAEAOw==\" data-src=\"https:\/\/buletin.de\/bucuresti\/wp-content\/uploads\/mirador.jpg\" alt=\"\" class=\"wp-image-47650 lazyload\" data-sizes=\"auto\" data-srcset=\"https:\/\/buletin.de\/bucuresti\/wp-content\/uploads\/mirador.jpg 450w, https:\/\/buletin.de\/bucuresti\/wp-content\/uploads\/mirador-270x300.jpg 270w\" sizes=\"(max-width: 450px) 100vw, 450px\" \/><figcaption>sursa avangardeforest.ro<\/figcaption><\/figure>\n<\/div>\n\n\n<p>Max Cr\u0103ciun este \u0219i el investitor imobiliar, \u0219i construie\u0219te sub brandul Mirador. S-a <a href=\"https:\/\/www.cancan.ro\/imagini-in-premiera-de-la-super-nunta-de-pe-plaja-din-cancun-seful-mortilor-a-platit-o-avere-ca-sa-i-cante-loredana-16820178\">c\u0103s\u0103torit \u00een 2017<\/a> cu fiica unor miliardari din Mexic. Tat\u0103l lui Maximilian Cr\u0103ciun, Nicu Cr\u0103ciun, este unul dintre cei mai boga\u021bi afaceri\u0219ti din Constan\u021ba. A f\u0103cut multe milioane de euro dintr-un cimitir privat pe care \u00eel de\u021bine. <\/p>\n\n\n\n<p>Bogdan Pandele \u00eempreun\u0103 cu asociatul s\u0103u din firma Active Imobiliare, Hanifi Abdulraham, au construit \u0219i o galerie comercial\u0103 l\u00e2ng\u0103 un supermarket din Voluntari.  Pentru <a href=\"https:\/\/www.profit.ro\/povesti-cu-profit\/real-estate-constructii\/exclusiv-bogdan-pandele-fiul-primarului-din-voluntari-noi-planuri-de-extindere-in-imobiliare-s-a-asociat-cu-doua-familii-de-antreprenori-20879246\">profit. ro<\/a>, Bogdan Pandele a declarat c\u0103 mai are \u0219i alte proiecte imobiliare, \u00een afara Voluntariului. Este vorba de un complex reziden\u021bia de peste 100 de apartamente ce va fi amplasat l\u00e2ng\u0103 Citylights Pipiera, investi\u021bie \u00een care va fi asociat cu Valeriu Toronciuc \u0219i cu o alt\u0103 firm\u0103 din Constan\u021ba. <\/p>\n\n\n\n<p>sursa foto cover: Facebook Ora\u0219ul Voluntari<\/p>\n\n\n\n<p><\/p>\n\n\n\n<p><\/p>\n","protected":false},"excerpt":{"rendered":"<p>Bogdan Pandele, fiul edilului din Voluntari, Florentin Pandele, este unul dintre cei mai mari investitori imobiliari din ora\u0219ul condus de tat\u0103l s\u0103u. Dup\u0103 ce a construit c\u00e2teva sute de vile \u00een mai multe cartiere reziden\u021biale, Bogdan Pandele construie\u0219te acum un cartier de case \u00een\u0219iruite. Pentru acest proiect s-a asociat cu Maximilian Cr\u0103ciun, b\u0103iatul unui cunoscut [&hellip;]<\/p>\n","protected":false},"author":18,"featured_media":47634,"comment_status":"closed","ping_status":"open","sticky":false,"template":"","format":"standard","meta":{"_acf_changed":false,"inline_featured_image":false,"ngg_post_thumbnail":0,"footnotes":""},"categories":[3419,62],"tags":[],"ppma_author":[22579],"class_list":["post-47629","post","type-post","status-publish","format-standard","has-post-thumbnail","hentry","category-featured","category-stiri"],"acf":[],"yoast_head":"<!-- This site is optimized with the Yoast SEO Premium plugin v25.3 (Yoast SEO v27.4) - https:\/\/yoast.com\/product\/yoast-seo-premium-wordpress\/ -->\n<title>Fiul lui Pandele, mare dezvoltator imobiliar la Voluntari. Construie\u0219te cel de-al optulea cartier de case - Buletin de Bucure\u0219ti<\/title>\n<meta name=\"robots\" content=\"index, follow, max-snippet:-1, max-image-preview:large, max-video-preview:-1\" \/>\n<link rel=\"canonical\" href=\"https:\/\/buletin.de\/bucuresti\/fiul-lui-pandele-mare-dezvoltator-imobiliar-la-voluntari-mai-construieste-inca-un-cartier-de-case\/\" \/>\n<meta property=\"og:locale\" content=\"en_GB\" \/>\n<meta property=\"og:type\" content=\"article\" \/>\n<meta property=\"og:title\" content=\"Fiul lui Pandele, mare dezvoltator imobiliar la Voluntari. Construie\u0219te cel de-al optulea cartier de case\" \/>\n<meta property=\"og:description\" content=\"Bogdan Pandele, fiul edilului din Voluntari, Florentin Pandele, este unul dintre cei mai mari investitori imobiliari din ora\u0219ul condus de tat\u0103l s\u0103u. Dup\u0103 ce a construit c\u00e2teva sute de vile \u00een mai multe cartiere reziden\u021biale, Bogdan Pandele construie\u0219te acum un cartier de case \u00een\u0219iruite. Pentru acest proiect s-a asociat cu Maximilian Cr\u0103ciun, b\u0103iatul unui cunoscut [&hellip;]\" \/>\n<meta property=\"og:url\" content=\"https:\/\/buletin.de\/bucuresti\/fiul-lui-pandele-mare-dezvoltator-imobiliar-la-voluntari-mai-construieste-inca-un-cartier-de-case\/\" \/>\n<meta property=\"og:site_name\" content=\"Buletin de Bucure\u0219ti\" \/>\n<meta property=\"article:publisher\" content=\"https:\/\/www.facebook.com\/buletin.de.buc\" \/>\n<meta property=\"article:published_time\" content=\"2022-10-25T08:55:26+00:00\" \/>\n<meta property=\"article:modified_time\" content=\"2022-10-25T12:03:52+00:00\" \/>\n<meta property=\"og:image\" content=\"https:\/\/buletin.de\/bucuresti\/wp-content\/uploads\/pandele-junior.png\" \/>\n\t<meta property=\"og:image:width\" content=\"744\" \/>\n\t<meta property=\"og:image:height\" content=\"770\" \/>\n\t<meta property=\"og:image:type\" content=\"image\/png\" \/>\n<meta name=\"author\" content=\"Teodora Stroe\" \/>\n<meta name=\"twitter:card\" content=\"summary_large_image\" \/>\n<meta name=\"twitter:label1\" content=\"Written by\" \/>\n\t<meta name=\"twitter:data1\" content=\"Teodora Stroe\" \/>\n\t<meta name=\"twitter:label2\" content=\"Estimated reading time\" \/>\n\t<meta name=\"twitter:data2\" content=\"4 minutes\" \/>\n<script type=\"application\/ld+json\" class=\"yoast-schema-graph\">{\"@context\":\"https:\\\/\\\/schema.org\",\"@graph\":[{\"@type\":\"Article\",\"@id\":\"https:\\\/\\\/buletin.de\\\/bucuresti\\\/fiul-lui-pandele-mare-dezvoltator-imobiliar-la-voluntari-mai-construieste-inca-un-cartier-de-case\\\/#article\",\"isPartOf\":{\"@id\":\"https:\\\/\\\/buletin.de\\\/bucuresti\\\/fiul-lui-pandele-mare-dezvoltator-imobiliar-la-voluntari-mai-construieste-inca-un-cartier-de-case\\\/\"},\"author\":{\"name\":\"Teodora Stroe\",\"@id\":\"https:\\\/\\\/buletin.de\\\/bucuresti\\\/#\\\/schema\\\/person\\\/d369d7ddc775abece205795e0b804614\"},\"headline\":\"Fiul lui Pandele, mare dezvoltator imobiliar la Voluntari. Construie\u0219te cel de-al optulea cartier de case\",\"datePublished\":\"2022-10-25T08:55:26+00:00\",\"dateModified\":\"2022-10-25T12:03:52+00:00\",\"mainEntityOfPage\":{\"@id\":\"https:\\\/\\\/buletin.de\\\/bucuresti\\\/fiul-lui-pandele-mare-dezvoltator-imobiliar-la-voluntari-mai-construieste-inca-un-cartier-de-case\\\/\"},\"wordCount\":823,\"publisher\":{\"@id\":\"https:\\\/\\\/buletin.de\\\/bucuresti\\\/#organization\"},\"image\":{\"@id\":\"https:\\\/\\\/buletin.de\\\/bucuresti\\\/fiul-lui-pandele-mare-dezvoltator-imobiliar-la-voluntari-mai-construieste-inca-un-cartier-de-case\\\/#primaryimage\"},\"thumbnailUrl\":\"https:\\\/\\\/buletin.de\\\/bucuresti\\\/wp-content\\\/uploads\\\/pandele-junior.png\",\"articleSection\":[\"Featured\",\"\u0218tiri\"],\"inLanguage\":\"en-GB\",\"copyrightYear\":\"2022\",\"copyrightHolder\":{\"@id\":\"https:\\\/\\\/buletin.de\\\/bucuresti\\\/#organization\"}},{\"@type\":\"WebPage\",\"@id\":\"https:\\\/\\\/buletin.de\\\/bucuresti\\\/fiul-lui-pandele-mare-dezvoltator-imobiliar-la-voluntari-mai-construieste-inca-un-cartier-de-case\\\/\",\"url\":\"https:\\\/\\\/buletin.de\\\/bucuresti\\\/fiul-lui-pandele-mare-dezvoltator-imobiliar-la-voluntari-mai-construieste-inca-un-cartier-de-case\\\/\",\"name\":\"Fiul lui Pandele, mare dezvoltator imobiliar la Voluntari. Construie\u0219te cel de-al optulea cartier de case - Buletin de Bucure\u0219ti\",\"isPartOf\":{\"@id\":\"https:\\\/\\\/buletin.de\\\/bucuresti\\\/#website\"},\"primaryImageOfPage\":{\"@id\":\"https:\\\/\\\/buletin.de\\\/bucuresti\\\/fiul-lui-pandele-mare-dezvoltator-imobiliar-la-voluntari-mai-construieste-inca-un-cartier-de-case\\\/#primaryimage\"},\"image\":{\"@id\":\"https:\\\/\\\/buletin.de\\\/bucuresti\\\/fiul-lui-pandele-mare-dezvoltator-imobiliar-la-voluntari-mai-construieste-inca-un-cartier-de-case\\\/#primaryimage\"},\"thumbnailUrl\":\"https:\\\/\\\/buletin.de\\\/bucuresti\\\/wp-content\\\/uploads\\\/pandele-junior.png\",\"datePublished\":\"2022-10-25T08:55:26+00:00\",\"dateModified\":\"2022-10-25T12:03:52+00:00\",\"breadcrumb\":{\"@id\":\"https:\\\/\\\/buletin.de\\\/bucuresti\\\/fiul-lui-pandele-mare-dezvoltator-imobiliar-la-voluntari-mai-construieste-inca-un-cartier-de-case\\\/#breadcrumb\"},\"inLanguage\":\"en-GB\",\"potentialAction\":[{\"@type\":\"ReadAction\",\"target\":[\"https:\\\/\\\/buletin.de\\\/bucuresti\\\/fiul-lui-pandele-mare-dezvoltator-imobiliar-la-voluntari-mai-construieste-inca-un-cartier-de-case\\\/\"]}]},{\"@type\":\"ImageObject\",\"inLanguage\":\"en-GB\",\"@id\":\"https:\\\/\\\/buletin.de\\\/bucuresti\\\/fiul-lui-pandele-mare-dezvoltator-imobiliar-la-voluntari-mai-construieste-inca-un-cartier-de-case\\\/#primaryimage\",\"url\":\"https:\\\/\\\/buletin.de\\\/bucuresti\\\/wp-content\\\/uploads\\\/pandele-junior.png\",\"contentUrl\":\"https:\\\/\\\/buletin.de\\\/bucuresti\\\/wp-content\\\/uploads\\\/pandele-junior.png\",\"width\":744,\"height\":770},{\"@type\":\"BreadcrumbList\",\"@id\":\"https:\\\/\\\/buletin.de\\\/bucuresti\\\/fiul-lui-pandele-mare-dezvoltator-imobiliar-la-voluntari-mai-construieste-inca-un-cartier-de-case\\\/#breadcrumb\",\"itemListElement\":[{\"@type\":\"ListItem\",\"position\":1,\"name\":\"Acas\u0103\",\"item\":\"https:\\\/\\\/buletin.de\\\/bucuresti\\\/\"},{\"@type\":\"ListItem\",\"position\":2,\"name\":\"Fiul lui Pandele, mare dezvoltator imobiliar la Voluntari. Construie\u0219te cel de-al optulea cartier de case\"}]},{\"@type\":\"WebSite\",\"@id\":\"https:\\\/\\\/buletin.de\\\/bucuresti\\\/#website\",\"url\":\"https:\\\/\\\/buletin.de\\\/bucuresti\\\/\",\"name\":\"Buletin de Bucure\u0219ti\",\"description\":\"\u0218tiri \u0219i investiga\u021bii esen\u021biale din capital\u0103\",\"publisher\":{\"@id\":\"https:\\\/\\\/buletin.de\\\/bucuresti\\\/#organization\"},\"potentialAction\":[{\"@type\":\"SearchAction\",\"target\":{\"@type\":\"EntryPoint\",\"urlTemplate\":\"https:\\\/\\\/buletin.de\\\/bucuresti\\\/?s={search_term_string}\"},\"query-input\":{\"@type\":\"PropertyValueSpecification\",\"valueRequired\":true,\"valueName\":\"search_term_string\"}}],\"inLanguage\":\"en-GB\"},{\"@type\":\"Organization\",\"@id\":\"https:\\\/\\\/buletin.de\\\/bucuresti\\\/#organization\",\"name\":\"Buletin de Bucure\u0219ti\",\"url\":\"https:\\\/\\\/buletin.de\\\/bucuresti\\\/\",\"logo\":{\"@type\":\"ImageObject\",\"inLanguage\":\"en-GB\",\"@id\":\"https:\\\/\\\/buletin.de\\\/bucuresti\\\/#\\\/schema\\\/logo\\\/image\\\/\",\"url\":\"https:\\\/\\\/buletin.de\\\/bucuresti\\\/wp-content\\\/uploads\\\/logo-bdb-full-wide-vernil-transparent.png\",\"contentUrl\":\"https:\\\/\\\/buletin.de\\\/bucuresti\\\/wp-content\\\/uploads\\\/logo-bdb-full-wide-vernil-transparent.png\",\"width\":1782,\"height\":626,\"caption\":\"Buletin de Bucure\u0219ti\"},\"image\":{\"@id\":\"https:\\\/\\\/buletin.de\\\/bucuresti\\\/#\\\/schema\\\/logo\\\/image\\\/\"},\"sameAs\":[\"https:\\\/\\\/www.facebook.com\\\/buletin.de.buc\",\"https:\\\/\\\/www.instagram.com\\\/buletinde.bucuresti\\\/\"]},{\"@type\":\"Person\",\"@id\":\"https:\\\/\\\/buletin.de\\\/bucuresti\\\/#\\\/schema\\\/person\\\/d369d7ddc775abece205795e0b804614\",\"name\":\"Teodora Stroe\",\"image\":{\"@type\":\"ImageObject\",\"inLanguage\":\"en-GB\",\"@id\":\"https:\\\/\\\/secure.gravatar.com\\\/avatar\\\/2560b4cd9f5f1bc100b123158e657d75584bd1c3e1d9c69285720b9457c1b78d?s=96&d=monsterid&r=gc104800242ba5f2d78dd5d7dc4df08b6\",\"url\":\"https:\\\/\\\/secure.gravatar.com\\\/avatar\\\/2560b4cd9f5f1bc100b123158e657d75584bd1c3e1d9c69285720b9457c1b78d?s=96&d=monsterid&r=g\",\"contentUrl\":\"https:\\\/\\\/secure.gravatar.com\\\/avatar\\\/2560b4cd9f5f1bc100b123158e657d75584bd1c3e1d9c69285720b9457c1b78d?s=96&d=monsterid&r=g\",\"caption\":\"Teodora Stroe\"},\"url\":\"https:\\\/\\\/buletin.de\\\/bucuresti\\\/author\\\/simonacarlugea\\\/\"}]}<\/script>\n<!-- \/ Yoast SEO Premium plugin. -->","yoast_head_json":{"title":"Fiul lui Pandele, mare dezvoltator imobiliar la Voluntari. Construie\u0219te cel de-al optulea cartier de case - Buletin de Bucure\u0219ti","robots":{"index":"index","follow":"follow","max-snippet":"max-snippet:-1","max-image-preview":"max-image-preview:large","max-video-preview":"max-video-preview:-1"},"canonical":"https:\/\/buletin.de\/bucuresti\/fiul-lui-pandele-mare-dezvoltator-imobiliar-la-voluntari-mai-construieste-inca-un-cartier-de-case\/","og_locale":"en_GB","og_type":"article","og_title":"Fiul lui Pandele, mare dezvoltator imobiliar la Voluntari. Construie\u0219te cel de-al optulea cartier de case","og_description":"Bogdan Pandele, fiul edilului din Voluntari, Florentin Pandele, este unul dintre cei mai mari investitori imobiliari din ora\u0219ul condus de tat\u0103l s\u0103u. Dup\u0103 ce a construit c\u00e2teva sute de vile \u00een mai multe cartiere reziden\u021biale, Bogdan Pandele construie\u0219te acum un cartier de case \u00een\u0219iruite. Pentru acest proiect s-a asociat cu Maximilian Cr\u0103ciun, b\u0103iatul unui cunoscut [&hellip;]","og_url":"https:\/\/buletin.de\/bucuresti\/fiul-lui-pandele-mare-dezvoltator-imobiliar-la-voluntari-mai-construieste-inca-un-cartier-de-case\/","og_site_name":"Buletin de Bucure\u0219ti","article_publisher":"https:\/\/www.facebook.com\/buletin.de.buc","article_published_time":"2022-10-25T08:55:26+00:00","article_modified_time":"2022-10-25T12:03:52+00:00","og_image":[{"width":744,"height":770,"url":"https:\/\/buletin.de\/bucuresti\/wp-content\/uploads\/pandele-junior.png","type":"image\/png"}],"author":"Teodora Stroe","twitter_card":"summary_large_image","twitter_misc":{"Written by":"Teodora Stroe","Estimated reading time":"4 minutes"},"schema":{"@context":"https:\/\/schema.org","@graph":[{"@type":"Article","@id":"https:\/\/buletin.de\/bucuresti\/fiul-lui-pandele-mare-dezvoltator-imobiliar-la-voluntari-mai-construieste-inca-un-cartier-de-case\/#article","isPartOf":{"@id":"https:\/\/buletin.de\/bucuresti\/fiul-lui-pandele-mare-dezvoltator-imobiliar-la-voluntari-mai-construieste-inca-un-cartier-de-case\/"},"author":{"name":"Teodora Stroe","@id":"https:\/\/buletin.de\/bucuresti\/#\/schema\/person\/d369d7ddc775abece205795e0b804614"},"headline":"Fiul lui Pandele, mare dezvoltator imobiliar la Voluntari. Construie\u0219te cel de-al optulea cartier de case","datePublished":"2022-10-25T08:55:26+00:00","dateModified":"2022-10-25T12:03:52+00:00","mainEntityOfPage":{"@id":"https:\/\/buletin.de\/bucuresti\/fiul-lui-pandele-mare-dezvoltator-imobiliar-la-voluntari-mai-construieste-inca-un-cartier-de-case\/"},"wordCount":823,"publisher":{"@id":"https:\/\/buletin.de\/bucuresti\/#organization"},"image":{"@id":"https:\/\/buletin.de\/bucuresti\/fiul-lui-pandele-mare-dezvoltator-imobiliar-la-voluntari-mai-construieste-inca-un-cartier-de-case\/#primaryimage"},"thumbnailUrl":"https:\/\/buletin.de\/bucuresti\/wp-content\/uploads\/pandele-junior.png","articleSection":["Featured","\u0218tiri"],"inLanguage":"en-GB","copyrightYear":"2022","copyrightHolder":{"@id":"https:\/\/buletin.de\/bucuresti\/#organization"}},{"@type":"WebPage","@id":"https:\/\/buletin.de\/bucuresti\/fiul-lui-pandele-mare-dezvoltator-imobiliar-la-voluntari-mai-construieste-inca-un-cartier-de-case\/","url":"https:\/\/buletin.de\/bucuresti\/fiul-lui-pandele-mare-dezvoltator-imobiliar-la-voluntari-mai-construieste-inca-un-cartier-de-case\/","name":"Fiul lui Pandele, mare dezvoltator imobiliar la Voluntari. Construie\u0219te cel de-al optulea cartier de case - Buletin de Bucure\u0219ti","isPartOf":{"@id":"https:\/\/buletin.de\/bucuresti\/#website"},"primaryImageOfPage":{"@id":"https:\/\/buletin.de\/bucuresti\/fiul-lui-pandele-mare-dezvoltator-imobiliar-la-voluntari-mai-construieste-inca-un-cartier-de-case\/#primaryimage"},"image":{"@id":"https:\/\/buletin.de\/bucuresti\/fiul-lui-pandele-mare-dezvoltator-imobiliar-la-voluntari-mai-construieste-inca-un-cartier-de-case\/#primaryimage"},"thumbnailUrl":"https:\/\/buletin.de\/bucuresti\/wp-content\/uploads\/pandele-junior.png","datePublished":"2022-10-25T08:55:26+00:00","dateModified":"2022-10-25T12:03:52+00:00","breadcrumb":{"@id":"https:\/\/buletin.de\/bucuresti\/fiul-lui-pandele-mare-dezvoltator-imobiliar-la-voluntari-mai-construieste-inca-un-cartier-de-case\/#breadcrumb"},"inLanguage":"en-GB","potentialAction":[{"@type":"ReadAction","target":["https:\/\/buletin.de\/bucuresti\/fiul-lui-pandele-mare-dezvoltator-imobiliar-la-voluntari-mai-construieste-inca-un-cartier-de-case\/"]}]},{"@type":"ImageObject","inLanguage":"en-GB","@id":"https:\/\/buletin.de\/bucuresti\/fiul-lui-pandele-mare-dezvoltator-imobiliar-la-voluntari-mai-construieste-inca-un-cartier-de-case\/#primaryimage","url":"https:\/\/buletin.de\/bucuresti\/wp-content\/uploads\/pandele-junior.png","contentUrl":"https:\/\/buletin.de\/bucuresti\/wp-content\/uploads\/pandele-junior.png","width":744,"height":770},{"@type":"BreadcrumbList","@id":"https:\/\/buletin.de\/bucuresti\/fiul-lui-pandele-mare-dezvoltator-imobiliar-la-voluntari-mai-construieste-inca-un-cartier-de-case\/#breadcrumb","itemListElement":[{"@type":"ListItem","position":1,"name":"Acas\u0103","item":"https:\/\/buletin.de\/bucuresti\/"},{"@type":"ListItem","position":2,"name":"Fiul lui Pandele, mare dezvoltator imobiliar la Voluntari. Construie\u0219te cel de-al optulea cartier de case"}]},{"@type":"WebSite","@id":"https:\/\/buletin.de\/bucuresti\/#website","url":"https:\/\/buletin.de\/bucuresti\/","name":"Buletin de Bucure\u0219ti","description":"\u0218tiri \u0219i investiga\u021bii esen\u021biale din capital\u0103","publisher":{"@id":"https:\/\/buletin.de\/bucuresti\/#organization"},"potentialAction":[{"@type":"SearchAction","target":{"@type":"EntryPoint","urlTemplate":"https:\/\/buletin.de\/bucuresti\/?s={search_term_string}"},"query-input":{"@type":"PropertyValueSpecification","valueRequired":true,"valueName":"search_term_string"}}],"inLanguage":"en-GB"},{"@type":"Organization","@id":"https:\/\/buletin.de\/bucuresti\/#organization","name":"Buletin de Bucure\u0219ti","url":"https:\/\/buletin.de\/bucuresti\/","logo":{"@type":"ImageObject","inLanguage":"en-GB","@id":"https:\/\/buletin.de\/bucuresti\/#\/schema\/logo\/image\/","url":"https:\/\/buletin.de\/bucuresti\/wp-content\/uploads\/logo-bdb-full-wide-vernil-transparent.png","contentUrl":"https:\/\/buletin.de\/bucuresti\/wp-content\/uploads\/logo-bdb-full-wide-vernil-transparent.png","width":1782,"height":626,"caption":"Buletin de Bucure\u0219ti"},"image":{"@id":"https:\/\/buletin.de\/bucuresti\/#\/schema\/logo\/image\/"},"sameAs":["https:\/\/www.facebook.com\/buletin.de.buc","https:\/\/www.instagram.com\/buletinde.bucuresti\/"]},{"@type":"Person","@id":"https:\/\/buletin.de\/bucuresti\/#\/schema\/person\/d369d7ddc775abece205795e0b804614","name":"Teodora Stroe","image":{"@type":"ImageObject","inLanguage":"en-GB","@id":"https:\/\/secure.gravatar.com\/avatar\/2560b4cd9f5f1bc100b123158e657d75584bd1c3e1d9c69285720b9457c1b78d?s=96&d=monsterid&r=gc104800242ba5f2d78dd5d7dc4df08b6","url":"https:\/\/secure.gravatar.com\/avatar\/2560b4cd9f5f1bc100b123158e657d75584bd1c3e1d9c69285720b9457c1b78d?s=96&d=monsterid&r=g","contentUrl":"https:\/\/secure.gravatar.com\/avatar\/2560b4cd9f5f1bc100b123158e657d75584bd1c3e1d9c69285720b9457c1b78d?s=96&d=monsterid&r=g","caption":"Teodora Stroe"},"url":"https:\/\/buletin.de\/bucuresti\/author\/simonacarlugea\/"}]}},"authors":[{"term_id":22579,"user_id":18,"is_guest":0,"slug":"simonacarlugea","display_name":"Teodora Stroe","avatar_url":"https:\/\/secure.gravatar.com\/avatar\/2560b4cd9f5f1bc100b123158e657d75584bd1c3e1d9c69285720b9457c1b78d?s=96&d=monsterid&r=g","0":null,"1":"","2":"","3":"","4":"","5":"","6":"","7":"","8":""}],"_links":{"self":[{"href":"https:\/\/buletin.de\/bucuresti\/wp-json\/wp\/v2\/posts\/47629","targetHints":{"allow":["GET"]}}],"collection":[{"href":"https:\/\/buletin.de\/bucuresti\/wp-json\/wp\/v2\/posts"}],"about":[{"href":"https:\/\/buletin.de\/bucuresti\/wp-json\/wp\/v2\/types\/post"}],"author":[{"embeddable":true,"href":"https:\/\/buletin.de\/bucuresti\/wp-json\/wp\/v2\/users\/18"}],"replies":[{"embeddable":true,"href":"https:\/\/buletin.de\/bucuresti\/wp-json\/wp\/v2\/comments?post=47629"}],"version-history":[{"count":13,"href":"https:\/\/buletin.de\/bucuresti\/wp-json\/wp\/v2\/posts\/47629\/revisions"}],"predecessor-version":[{"id":47677,"href":"https:\/\/buletin.de\/bucuresti\/wp-json\/wp\/v2\/posts\/47629\/revisions\/47677"}],"wp:featuredmedia":[{"embeddable":true,"href":"https:\/\/buletin.de\/bucuresti\/wp-json\/wp\/v2\/media\/47634"}],"wp:attachment":[{"href":"https:\/\/buletin.de\/bucuresti\/wp-json\/wp\/v2\/media?parent=47629"}],"wp:term":[{"taxonomy":"category","embeddable":true,"href":"https:\/\/buletin.de\/bucuresti\/wp-json\/wp\/v2\/categories?post=47629"},{"taxonomy":"post_tag","embeddable":true,"href":"https:\/\/buletin.de\/bucuresti\/wp-json\/wp\/v2\/tags?post=47629"},{"taxonomy":"author","embeddable":true,"href":"https:\/\/buletin.de\/bucuresti\/wp-json\/wp\/v2\/ppma_author?post=47629"}],"curies":[{"name":"wp","href":"https:\/\/api.w.org\/{rel}","templated":true}]}}