{"id":47535,"date":"2022-10-21T11:00:11","date_gmt":"2022-10-21T09:00:11","guid":{"rendered":"https:\/\/buletin.de\/bucuresti\/?p=47535"},"modified":"2022-10-21T11:19:40","modified_gmt":"2022-10-21T09:19:40","slug":"antiaeriana-lupta-de-9-ani-pentru-semafoare-la-trecerile-de-pietoni-2-oameni-au-murit","status":"publish","type":"post","link":"https:\/\/buletin.de\/bucuresti\/antiaeriana-lupta-de-9-ani-pentru-semafoare-la-trecerile-de-pietoni-2-oameni-au-murit\/","title":{"rendered":"Antiaeriana lupt\u0103 de 9 ani pentru semafoare la trecerile de pietoni. 2 oameni au murit \u0219i 2 au fost r\u0103ni\u021bi. Autorit\u0103\u021bile cedeaz\u0103 greu"},"content":{"rendered":"\n<p>Pe 20 octombrie, un nou memoriu semnat de oamenii care locuiesc pe \u0218oseaua Antiaerian\u0103 a ajuns la autorit\u0103\u021bi. Cei peste 450 de semnatari cer un lucru banal la prima vedere, dar care a costat deja comunitatea lor dou\u0103 vie\u021bi. Semafoare la trecerile de pietoni de l\u00e2ng\u0103 sta\u021biile STB &#8211; Tr\u00e2mbi\u021bei \u0219i Manea \u0218erban. Dup\u0103 ce un copil a murit lovit \u00een plin la intersec\u021bia cu str. Vasile Cojocaru autorit\u0103\u021bile au decis imediat c\u0103 vor monta acolo un semafor. Dar e insuficent, spun oamenii. <\/p>\n\n\n\n<p class=\"has-light-green-cyan-background-color has-background\"><em>Ne exprim\u0103m indignarea fa\u021b\u0103 de atitudinea autorit\u0103\u021bilor centrale \u0219i locale care prin lipsa de<br>empatie \u0219i decizie nu au g\u0103sit nici p\u00e2n\u0103 acum solu\u021bii tehnice referitoare la accesul \u00een Cartierul<br>Reziden\u021bial Antiaerian\u0103 \u00een care tr\u0103iesc peste 1000 de suflete, asumat de c\u0103tre Consiliul Local \u0219i<br>Prim\u0103ria Bucure\u0219ti, \u00eempreun\u0103 cu Administra\u021bia Str\u0103zilor \u0219i sus\u021binut de autorit\u0103\u021bile publice. De<br>asemenea, ne exprim\u0103m indignarea \u0219i din cauz\u0103 c\u0103 Administra\u021bia Str\u0103zilor Sector 5 ignor\u0103 de ani<br>de zile solicit\u0103rile nenum\u0103rate ale locuitorilor din zon\u0103 de a instala sisteme de siguran\u021b\u0103 pe acest<br>drum<\/em> &#8211; Memoriu Ansamblul Reziden\u021bial Antiaerian\u0103 nr.6A-117, Bucure\u0219ti<\/p>\n\n\n\n<h2 class=\"wp-block-heading\">Cronologia unui r\u0103zboi de 9 ani, cu victime <\/h2>\n\n\n\n<p><strong>2013 &#8211; Victorie de etap\u0103, se monteaz\u0103 indicatoare<\/strong><\/p>\n\n\n\n<p>Asocia\u021bia de Proprietari a Blocului A9 a \u00eenaintat \u00een data de 27.06.2013 o peti\u021bie c\u0103tre Prim\u0103ria General\u0103 a Municipiului Bucure\u0219ti, prin care a solicitat a<strong>mplasarea unui semafor cu buton de comand\u0103 la trecerea de pietoni <\/strong>din Strada Antiaerian\u0103 de l\u00e2nga sta\u021bia de RATB ,,Manea \u0218erban\u02ee. Oamenii spuneau c\u0103 e periculos pentru copiii care ies de la \u0219coal\u0103 s\u0103 traverseze \u0219oseaua.<\/p>\n\n\n\n<p>Ca r\u0103spuns, autorit\u0103\u021bile monteaz\u0103 indicatoare de circula\u021bie la trecerile de pietoni<\/p>\n\n\n\n<p><strong>2014 &#8211; Oamenii insist\u0103: &#8220;vrem semafoare cu buton<\/strong>&#8220;<\/p>\n\n\n\n<p>\u00cen urm\u0103torul an, un nou memoriu al oamenilor de pe Antiaerian\u0103 pleac\u0103 spre Prim\u0103ria Bucure\u0219ti. Oamenii mul\u021bumesc pentru indicatoare, de parc\u0103 nu erau obligatorii prin lege, dar cer \u00een continuare semafoare cu buton. Autorit\u0103\u021bile, \u00eens\u0103, nu cedeaz\u0103.<\/p>\n\n\n\n<div class=\"wp-block-media-text alignwide is-stacked-on-mobile\"><figure class=\"wp-block-media-text__media\"><img fetchpriority=\"high\" decoding=\"async\" width=\"322\" height=\"171\" src=\"data:image\/gif;base64,R0lGODlhAQABAAAAACH5BAEKAAEALAAAAAABAAEAAAICTAEAOw==\" data-src=\"https:\/\/buletin.de\/bucuresti\/wp-content\/uploads\/Memoriu-20_10-7.jpg\" alt=\"\" class=\"wp-image-47540 size-full lazyload\" data-sizes=\"auto\" data-srcset=\"https:\/\/buletin.de\/bucuresti\/wp-content\/uploads\/Memoriu-20_10-7.jpg 322w, https:\/\/buletin.de\/bucuresti\/wp-content\/uploads\/Memoriu-20_10-7-300x159.jpg 300w\" sizes=\"(max-width: 322px) 100vw, 322px\" \/><\/figure><div class=\"wp-block-media-text__content\">\n<p>Un nou memoriu al oamenilor de pe Antiaerian\u0103 pleac\u0103 spre Prim\u0103ria Bucure\u0219ti. Oamenii mul\u021bumesc pentru indicatoare, de parc\u0103 nu erau obligatorii prin lege, dar cer \u00een continuare semafoare cu buton. Autorit\u0103\u021bile, \u00eens\u0103, nu cedeaz\u0103.<\/p>\n<\/div><\/div>\n\n\n\n<p><strong>2019 &#8211; Un b\u0103iat de 19 ani e r\u0103nit grav pe trecerea de pietoni<\/strong><\/p>\n\n\n\n<p>Pe 25 mai 2019, un b\u0103iat de 19 ani a fost acro\u0219at de un autovehicul pe trecerea de pietoni de la sta\u021bia Manea \u0218erban. T\u0103n\u0103rul a ajuns la spital cu rotula f\u0103cut\u0103 buca\u021bi. A suferit 2 opera\u021bii majore pentru a-i fi salvat piciorul. <\/p>\n\n\n\n<p><strong>2020 &#8211; Un alt accident soldat cu o victim\u0103 redeschide lupta<\/strong><\/p>\n\n\n\n<p>Un an mai t\u00e2rziu, \u00een februarie 2020, un b\u0103rbat e lovit pe trecerea de sta\u021bia STB Manea \u0218erban. \u00cen urma accidentului acesta a fost r\u0103nit grav la piciorul st\u00e2ng. 145 zile nu a putut merge la munc\u0103. <\/p>\n\n\n\n<p>O nou\u0103 adres\u0103 a fost trimis\u0103 c\u0103tre Administra\u021bia Str\u0103zilor \u0219i c\u0103tre Prim\u0103ria General\u0103 a Municipiului Bucure\u0219ti. Oamenii cer <strong>semafoare. <\/strong>Primesc r\u0103spuns de la Administra\u021bia Str\u0103zilor c\u0103 solicitarea lor a fost respins\u0103 \u00een \u0219edin\u021ba Comisiei Tehnice de Circula\u021bie a Prim\u0103riei Municipiului Bucure\u0219ti.<\/p>\n\n\n\n<p>\u00cen august 2020 un om moare pe aceea\u0219i trecere de pietoni de la sta\u021bia STB Manea \u0218erban. Poli\u021bia Local\u0103 cere Administra\u021biei Str\u0103zilor s\u0103 fac\u0103 vizibile trecerile de pietoni \u0219i, eventual, s\u0103 monteze un semafor. <\/p>\n\n\n\n<p>Nu se \u00eent\u00e2mpl\u0103 nimic a\u0219a c\u0103, \u00een noiembrie 2020, oamenii de pe Antiaerian\u0103 revin cu adrese c\u0103tre autorit\u0103\u021bi &#8211; dac\u0103 nu se poate semafoare, m\u0103car limitatoare de vitez\u0103 s\u0103 fie. R\u0103spunsul vine de la Administra\u021bia Str\u0103zilor. Nu se poate, pentru c\u0103 pe \u0218oseaua Antiaerian\u0103 circul\u0103 autovehicule STB.<\/p>\n\n\n<div class=\"wp-block-image\">\n<figure class=\"aligncenter size-full\"><img decoding=\"async\" width=\"429\" height=\"82\" src=\"data:image\/gif;base64,R0lGODlhAQABAAAAACH5BAEKAAEALAAAAAABAAEAAAICTAEAOw==\" data-src=\"https:\/\/buletin.de\/bucuresti\/wp-content\/uploads\/Memoriu-20_10-15.jpg\" alt=\"\" class=\"wp-image-47541 lazyload\" data-sizes=\"auto\" data-srcset=\"https:\/\/buletin.de\/bucuresti\/wp-content\/uploads\/Memoriu-20_10-15.jpg 429w, https:\/\/buletin.de\/bucuresti\/wp-content\/uploads\/Memoriu-20_10-15-300x57.jpg 300w\" sizes=\"(max-width: 429px) 100vw, 429px\" \/><\/figure>\n<\/div>\n\n\n<p><strong>2021 &#8211; Birocra\u021bia \u00eenvinge. Afl\u0103m de o coad\u0103 a semafoarelor<\/strong> <strong>care dureaz\u0103 ani<\/strong><\/p>\n\n\n\n<p>Oamenii de pe Aerian\u0103 nu se descurajeaz\u0103 \u00een fa\u021ba indiferen\u021bei autorit\u0103\u021bilor \u0219i \u00een 2021 alte memorii pleac\u0103 spre autorit\u0103\u021bi, \u00een care solicit\u0103 supra\u00een\u0103l\u021barea trecerilor de pietoni \u0219i suprailuminarea trecerilor de pietoni pe timp de noapte, \u0219i, montarea unor semafoare.<\/p>\n\n\n\n<p>R\u0103spunsul primit de la Administra\u021bia Str\u0103zilor e halucinant.<strong> Exist\u0103 o coad\u0103 de a\u0219teptare a semafoarelor la care cele de pe Antiaerian\u0103 nu au prins loc. A\u0219a c\u0103 mai a\u0219teapt\u0103.<\/strong><\/p>\n\n\n\n<p><em>Administra\u021bia Str\u0103zilor are executate 160 de Studii de Fezabilitate<\/em>, <em>proiecte tehnice, semaforiz\u0103ri intersec\u021bii\/treceri pentru pietoni, avizate \u00een Comisia Tehnic\u0103 de Circula\u021bia \u00een perioada anilor 2010-2014, urm\u00e2nd a fi executate \u00een cursul anului 2021.<\/em><\/p>\n\n\n\n<p><em>Semaforiz\u0103rile sunt \u00eencadrate \u00een categoria lucr\u0103rilor de investi\u021bii, astfel c\u0103, \u00een conformitate cu legisla\u021bia \u00een vigoare, nu putem demara alte lucr\u0103ri de investi\u021bii, respectiv semaforizarea de pe str. Antiaerian\u0103 nr. 6-8\/acces UM, <strong>dec\u00e2t dup\u0103 finalizarea celor 160. <\/strong><\/em>&#8211; extras Adres\u0103 ASMB<br><\/p>\n\n\n<div class=\"wp-block-image\">\n<figure class=\"aligncenter\"><img decoding=\"async\" width=\"710\" height=\"102\" src=\"data:image\/gif;base64,R0lGODlhAQABAAAAACH5BAEKAAEALAAAAAABAAEAAAICTAEAOw==\" data-src=\"https:\/\/buletin.de\/bucuresti\/wp-content\/uploads\/Memoriu-20_10-20-1.jpg\" alt=\"\" class=\"wp-image-47543 lazyload\" data-sizes=\"auto\" data-srcset=\"https:\/\/buletin.de\/bucuresti\/wp-content\/uploads\/Memoriu-20_10-20-1.jpg 710w, https:\/\/buletin.de\/bucuresti\/wp-content\/uploads\/Memoriu-20_10-20-1-300x43.jpg 300w, https:\/\/buletin.de\/bucuresti\/wp-content\/uploads\/Memoriu-20_10-20-1-550x79.jpg 550w, https:\/\/buletin.de\/bucuresti\/wp-content\/uploads\/Memoriu-20_10-20-1-600x86.jpg 600w\" sizes=\"(max-width: 710px) 100vw, 710px\" \/><\/figure>\n<\/div>\n\n\n<p><strong>2022 &#8211; Un copil moare. Lupta escaladeaz\u0103. <\/strong><\/p>\n\n\n\n<p>11 octombrie, ora 19.30. Un b\u0103iat de 19 ani e spulberat de o ma\u0219in\u0103 pe trecerea de pietoni de la intersec\u021bia Antiaerian\u0103 cu str. Vasile Cojocaru. Nu a avut nicio \u0219ans\u0103. Un voluntar care a \u00eencercat s\u0103-l readuc\u0103 la via\u021ba a scris despre neputin\u021ba pe care a sim\u021bit-o \u00een fa\u021ba mor\u021bii, \u00een fa\u021ba autorit\u0103\u021bilor care n-au f\u0103cut nimic pentru ca <strong>Maxim<\/strong> s\u0103 traverseze \u00een siguran\u021b\u0103, s\u0103 ajung\u0103 acas\u0103 unde \u00eel a\u0219teptau p\u0103rin\u021bii.<\/p>\n\n\n\n<p class=\"has-light-green-cyan-background-color has-background has-small-font-size\">Avea 19 ani \u0219i era \u00een clasa a XII-a.<br>Un apel disperat prin sms de la Marius, colegul meu de Program: \u201cAccident Antiaerian\u0103. Nu mai respir\u0103.\u201d<br>Am ajuns \u00eentr-un suflet. Imaginea trupului inert, aruncat la vreo 20 de metri pe asfalt, nu e ceva care s\u0103 se mai \u0219tearg\u0103 vreodat\u0103.<br>Am luat trusa de resuscitare, mi-am pus m\u0103nu\u0219i \u0219i, cu ajutorul unui tip foarte curajos, care ne anun\u021base despre accident prin canale ce au fost mai rapide dec\u00e2t 112, l-am \u00eentors pe spate.<br>El i-a \u021binut capul \u00een ax, eu am \u00eenceput compresiile toracice.<br>S\u00e2ngele a \u00eenceput s\u0103 apar\u0103 din urechi, din nas, din gur\u0103\u2026pe moment, te concentrezi pe ce ai de f\u0103cut. Ignori emo\u021biile, ignori probabilitatea extrem de mic\u0103 de a-l mai salva.<br>Ni s-a al\u0103turat un echipaj de prim ajutor al SMURD, oameni faini, av\u00e2nd-o ca voluntar pe doamna profesor universitar Virginia M\u0103r\u0103cine, apoi a venit Petri\u0219or al meu, asistent SABIf, aflat \u00een timpul liber.<br>Apoi un echipaj cu medic de la SABIf (doamna doctor Pirpiliu), tot a\u0219a, cu oameni minuna\u021bi \u0219i foarte sufleti\u0219ti, plus Max, colegul meu voluntar.<br>Nu erau prea multe de f\u0103cut, dar s-au f\u0103cut toate cele pentru a-l salva.<br>Iar\u0103\u0219i, expresia p\u0103rintelui ajuns la fa\u021ba locului este de nedescris. Durerea \u0219oferului vinovat, la fel.<br>Totul din cauza vitezei, grabei, \u0219i ora\u0219ului de necontrolat \u00een care tr\u0103im.<br>Degeaba s-au f\u0103cut zeci de peti\u021bii c\u0103tre Prim\u0103ria Nim\u0103nui, pentru punerea \u0219oselei \u00een siguran\u021b\u0103. Nu au f\u0103cut nimic.<br>Tributul: acest copil nu mai este printre noi.<br>L-am l\u0103sat pe asfalt, acoperit de o folie a mor\u021bii, al\u0103turi de o familie distrus\u0103.<\/p>\n\n\n\n<p><\/p>\n\n\n\n<p><strong>Peti\u021bie \u00een strad\u0103, \u00een fiecare sear\u0103<\/strong><\/p>\n\n\n\n<p>De aceast\u0103 dat\u0103, oamenii de pe Antiaerian\u0103 n-au mai scris peti\u021bii. Au ie\u0219it cu zecile sear\u0103 de sear\u0103 \u0219i au blocat circula\u021bia pe \u0219osea. Ca autorit\u0103\u021bile s\u0103 nu mai c\u0103\u0219tige \u00eenc\u0103 o dat\u0103. Ca birocra\u021bia s\u0103 se declare \u00eenvins\u0103 \u00een fa\u021ba dreptului la via\u021b\u0103 al oamenilor. <\/p>\n\n\n<p><iframe src=\"https:\/\/www.facebook.com\/plugins\/video.php?height=476&#038;href=https%3A%2F%2Fwww.facebook.com%2Fizbant1%2Fvideos%2F639049777840903%2F&#038;show_text=true&#038;width=267&#038;t=0\" width=\"267\" height=\"591\" style=\"border:none;overflow:hidden\" scrolling=\"no\" frameborder=\"0\" allowfullscreen=\"true\" allow=\"autoplay; clipboard-write; encrypted-media; picture-in-picture; web-share\" allowFullScreen=\"true\"><\/iframe><\/p>\n\n\n\n<p>\u00cen \u0219edin\u021ba Comisiei Tehnice de Circula\u021bie din 12 Octombrie s-a aprobat montarea unui semafor cu buton pe \u0218oseaua Antiaeriana intersec\u021bie cu str. Vasile Cojocaru, ne-a transmis Prim\u0103ria Bucure\u0219ti.<\/p>\n\n\n\n<p><a href=\"https:\/\/buletin.de\/bucuresti\/protestul-de-pe-antiaeriana-a-produs-efecte-va-fi-montat-un-semafor-la-intersectia-cu-str-vasile-cojocaru\/\">Protestul de pe Antiaerian\u0103 a produs efecte. Va fi montat un semafor la intersec\u021bia cu str. Vasile Cojocaru<\/a><\/p>\n\n\n\n<p> Administra\u021bia Str\u0103zilor a montat \u00een zon\u0103 indicatoare de treceri de pietoni cu p\u0103r\u021bi reflectorizante, de dimensiuni mari, astfel \u00eenc\u00e2t s\u0103 fie mai vizibile pentru \u0219oferi \u0219i a retrasat trecerile de pietoni. <\/p>\n\n\n\n<p><a href=\"https:\/\/buletin.de\/bucuresti\/trecerile-de-pietoni-de-pe-antiaeriana-au-fost-retrasate-noaptea-trecuta\/\">Trecerile de pietoni de pe Antiaerian\u0103 au fost retrasate noaptea trecut\u0103<\/a><\/p>\n\n\n\n<p>Au trecut 8 zile de c\u00e2nd semaforul exist\u0103 pe h\u00e2rtie. Dac\u0103 e s\u0103 ne lu\u0103m dup\u0103 traseul explicat de Adminitra\u021bia Str\u0103zilor, semaforul nu va ajunge cur\u00e2nd \u00een intersec\u021bia cu str. Vasile Cojocaru. E nevoie de un proiect tehnic, de o licita\u021bie. Ceea ce se traduce \u00een luni, poate ani.<\/p>\n\n\n\n<p>Oamenii din Antiaerian\u0103 sunt tot \u00een strad\u0103. Au mai f\u0103cut un memoriu care a ajuns la Prim\u0103rie, la Administra\u021bia Str\u0103zilor, la Guvern, la Pre\u0219edin\u021bie. Iar de drama lor se folosesc televiziunile care fac rating cu poze ale t\u00e2n\u0103rului mort pe caldar\u00e2m prezentat \u00een prime time.<\/p>\n\n\n\n<p> \u0218i totul a plecat de la un banal semafor cu buton.<\/p>\n","protected":false},"excerpt":{"rendered":"<p>Pe 20 octombrie, un nou memoriu semnat de oamenii care locuiesc pe \u0218oseaua Antiaerian\u0103 a ajuns la autorit\u0103\u021bi. Cei peste 450 de semnatari cer un lucru banal la prima vedere, dar care a costat deja comunitatea lor dou\u0103 vie\u021bi. Semafoare la trecerile de pietoni de l\u00e2ng\u0103 sta\u021biile STB &#8211; Tr\u00e2mbi\u021bei \u0219i Manea \u0218erban. Dup\u0103 ce [&hellip;]<\/p>\n","protected":false},"author":18,"featured_media":47340,"comment_status":"closed","ping_status":"open","sticky":false,"template":"","format":"standard","meta":{"_acf_changed":false,"inline_featured_image":false,"ngg_post_thumbnail":0,"footnotes":""},"categories":[3419,62],"tags":[],"ppma_author":[22579],"class_list":["post-47535","post","type-post","status-publish","format-standard","has-post-thumbnail","hentry","category-featured","category-stiri"],"acf":[],"yoast_head":"<!-- This site is optimized with the Yoast SEO Premium plugin v25.3 (Yoast SEO v27.5) - https:\/\/yoast.com\/product\/yoast-seo-premium-wordpress\/ -->\n<title>Antiaeriana lupt\u0103 de 9 ani pentru semafoare la trecerile de pietoni. 2 oameni au murit \u0219i 2 au fost r\u0103ni\u021bi. Autorit\u0103\u021bile cedeaz\u0103 greu - Buletin de Bucure\u0219ti<\/title>\n<meta name=\"robots\" content=\"index, follow, max-snippet:-1, max-image-preview:large, max-video-preview:-1\" \/>\n<link rel=\"canonical\" href=\"https:\/\/buletin.de\/bucuresti\/antiaeriana-lupta-de-9-ani-pentru-semafoare-la-trecerile-de-pietoni-2-oameni-au-murit\/\" \/>\n<meta property=\"og:locale\" content=\"en_GB\" \/>\n<meta property=\"og:type\" content=\"article\" \/>\n<meta property=\"og:title\" content=\"Antiaeriana lupt\u0103 de 9 ani pentru semafoare la trecerile de pietoni. 2 oameni au murit \u0219i 2 au fost r\u0103ni\u021bi. Autorit\u0103\u021bile cedeaz\u0103 greu\" \/>\n<meta property=\"og:description\" content=\"Pe 20 octombrie, un nou memoriu semnat de oamenii care locuiesc pe \u0218oseaua Antiaerian\u0103 a ajuns la autorit\u0103\u021bi. Cei peste 450 de semnatari cer un lucru banal la prima vedere, dar care a costat deja comunitatea lor dou\u0103 vie\u021bi. Semafoare la trecerile de pietoni de l\u00e2ng\u0103 sta\u021biile STB &#8211; Tr\u00e2mbi\u021bei \u0219i Manea \u0218erban. Dup\u0103 ce [&hellip;]\" \/>\n<meta property=\"og:url\" content=\"https:\/\/buletin.de\/bucuresti\/antiaeriana-lupta-de-9-ani-pentru-semafoare-la-trecerile-de-pietoni-2-oameni-au-murit\/\" \/>\n<meta property=\"og:site_name\" content=\"Buletin de Bucure\u0219ti\" \/>\n<meta property=\"article:publisher\" content=\"https:\/\/www.facebook.com\/buletin.de.buc\" \/>\n<meta property=\"article:published_time\" content=\"2022-10-21T09:00:11+00:00\" \/>\n<meta property=\"article:modified_time\" content=\"2022-10-21T09:19:40+00:00\" \/>\n<meta property=\"og:image\" content=\"https:\/\/buletin.de\/bucuresti\/wp-content\/uploads\/protest-antiaeriana.jpg\" \/>\n\t<meta property=\"og:image:width\" content=\"701\" \/>\n\t<meta property=\"og:image:height\" content=\"1024\" \/>\n\t<meta property=\"og:image:type\" content=\"image\/jpeg\" \/>\n<meta name=\"author\" content=\"Teodora Stroe\" \/>\n<meta name=\"twitter:card\" content=\"summary_large_image\" \/>\n<meta name=\"twitter:label1\" content=\"Written by\" \/>\n\t<meta name=\"twitter:data1\" content=\"Teodora Stroe\" \/>\n\t<meta name=\"twitter:label2\" content=\"Estimated reading time\" \/>\n\t<meta name=\"twitter:data2\" content=\"7 minutes\" \/>\n<script type=\"application\/ld+json\" class=\"yoast-schema-graph\">{\"@context\":\"https:\\\/\\\/schema.org\",\"@graph\":[{\"@type\":\"Article\",\"@id\":\"https:\\\/\\\/buletin.de\\\/bucuresti\\\/antiaeriana-lupta-de-9-ani-pentru-semafoare-la-trecerile-de-pietoni-2-oameni-au-murit\\\/#article\",\"isPartOf\":{\"@id\":\"https:\\\/\\\/buletin.de\\\/bucuresti\\\/antiaeriana-lupta-de-9-ani-pentru-semafoare-la-trecerile-de-pietoni-2-oameni-au-murit\\\/\"},\"author\":{\"name\":\"Teodora Stroe\",\"@id\":\"https:\\\/\\\/buletin.de\\\/bucuresti\\\/#\\\/schema\\\/person\\\/d369d7ddc775abece205795e0b804614\"},\"headline\":\"Antiaeriana lupt\u0103 de 9 ani pentru semafoare la trecerile de pietoni. 2 oameni au murit \u0219i 2 au fost r\u0103ni\u021bi. Autorit\u0103\u021bile cedeaz\u0103 greu\",\"datePublished\":\"2022-10-21T09:00:11+00:00\",\"dateModified\":\"2022-10-21T09:19:40+00:00\",\"mainEntityOfPage\":{\"@id\":\"https:\\\/\\\/buletin.de\\\/bucuresti\\\/antiaeriana-lupta-de-9-ani-pentru-semafoare-la-trecerile-de-pietoni-2-oameni-au-murit\\\/\"},\"wordCount\":1502,\"publisher\":{\"@id\":\"https:\\\/\\\/buletin.de\\\/bucuresti\\\/#organization\"},\"image\":{\"@id\":\"https:\\\/\\\/buletin.de\\\/bucuresti\\\/antiaeriana-lupta-de-9-ani-pentru-semafoare-la-trecerile-de-pietoni-2-oameni-au-murit\\\/#primaryimage\"},\"thumbnailUrl\":\"https:\\\/\\\/buletin.de\\\/bucuresti\\\/wp-content\\\/uploads\\\/protest-antiaeriana.jpg\",\"articleSection\":[\"Featured\",\"\u0218tiri\"],\"inLanguage\":\"en-GB\",\"copyrightYear\":\"2022\",\"copyrightHolder\":{\"@id\":\"https:\\\/\\\/buletin.de\\\/bucuresti\\\/#organization\"}},{\"@type\":\"WebPage\",\"@id\":\"https:\\\/\\\/buletin.de\\\/bucuresti\\\/antiaeriana-lupta-de-9-ani-pentru-semafoare-la-trecerile-de-pietoni-2-oameni-au-murit\\\/\",\"url\":\"https:\\\/\\\/buletin.de\\\/bucuresti\\\/antiaeriana-lupta-de-9-ani-pentru-semafoare-la-trecerile-de-pietoni-2-oameni-au-murit\\\/\",\"name\":\"Antiaeriana lupt\u0103 de 9 ani pentru semafoare la trecerile de pietoni. 2 oameni au murit \u0219i 2 au fost r\u0103ni\u021bi. Autorit\u0103\u021bile cedeaz\u0103 greu - Buletin de Bucure\u0219ti\",\"isPartOf\":{\"@id\":\"https:\\\/\\\/buletin.de\\\/bucuresti\\\/#website\"},\"primaryImageOfPage\":{\"@id\":\"https:\\\/\\\/buletin.de\\\/bucuresti\\\/antiaeriana-lupta-de-9-ani-pentru-semafoare-la-trecerile-de-pietoni-2-oameni-au-murit\\\/#primaryimage\"},\"image\":{\"@id\":\"https:\\\/\\\/buletin.de\\\/bucuresti\\\/antiaeriana-lupta-de-9-ani-pentru-semafoare-la-trecerile-de-pietoni-2-oameni-au-murit\\\/#primaryimage\"},\"thumbnailUrl\":\"https:\\\/\\\/buletin.de\\\/bucuresti\\\/wp-content\\\/uploads\\\/protest-antiaeriana.jpg\",\"datePublished\":\"2022-10-21T09:00:11+00:00\",\"dateModified\":\"2022-10-21T09:19:40+00:00\",\"breadcrumb\":{\"@id\":\"https:\\\/\\\/buletin.de\\\/bucuresti\\\/antiaeriana-lupta-de-9-ani-pentru-semafoare-la-trecerile-de-pietoni-2-oameni-au-murit\\\/#breadcrumb\"},\"inLanguage\":\"en-GB\",\"potentialAction\":[{\"@type\":\"ReadAction\",\"target\":[\"https:\\\/\\\/buletin.de\\\/bucuresti\\\/antiaeriana-lupta-de-9-ani-pentru-semafoare-la-trecerile-de-pietoni-2-oameni-au-murit\\\/\"]}]},{\"@type\":\"ImageObject\",\"inLanguage\":\"en-GB\",\"@id\":\"https:\\\/\\\/buletin.de\\\/bucuresti\\\/antiaeriana-lupta-de-9-ani-pentru-semafoare-la-trecerile-de-pietoni-2-oameni-au-murit\\\/#primaryimage\",\"url\":\"https:\\\/\\\/buletin.de\\\/bucuresti\\\/wp-content\\\/uploads\\\/protest-antiaeriana.jpg\",\"contentUrl\":\"https:\\\/\\\/buletin.de\\\/bucuresti\\\/wp-content\\\/uploads\\\/protest-antiaeriana.jpg\",\"width\":701,\"height\":1024},{\"@type\":\"BreadcrumbList\",\"@id\":\"https:\\\/\\\/buletin.de\\\/bucuresti\\\/antiaeriana-lupta-de-9-ani-pentru-semafoare-la-trecerile-de-pietoni-2-oameni-au-murit\\\/#breadcrumb\",\"itemListElement\":[{\"@type\":\"ListItem\",\"position\":1,\"name\":\"Acas\u0103\",\"item\":\"https:\\\/\\\/buletin.de\\\/bucuresti\\\/\"},{\"@type\":\"ListItem\",\"position\":2,\"name\":\"Antiaeriana lupt\u0103 de 9 ani pentru semafoare la trecerile de pietoni. 2 oameni au murit \u0219i 2 au fost r\u0103ni\u021bi. Autorit\u0103\u021bile cedeaz\u0103 greu\"}]},{\"@type\":\"WebSite\",\"@id\":\"https:\\\/\\\/buletin.de\\\/bucuresti\\\/#website\",\"url\":\"https:\\\/\\\/buletin.de\\\/bucuresti\\\/\",\"name\":\"Buletin de Bucure\u0219ti\",\"description\":\"\u0218tiri \u0219i investiga\u021bii esen\u021biale din capital\u0103\",\"publisher\":{\"@id\":\"https:\\\/\\\/buletin.de\\\/bucuresti\\\/#organization\"},\"potentialAction\":[{\"@type\":\"SearchAction\",\"target\":{\"@type\":\"EntryPoint\",\"urlTemplate\":\"https:\\\/\\\/buletin.de\\\/bucuresti\\\/?s={search_term_string}\"},\"query-input\":{\"@type\":\"PropertyValueSpecification\",\"valueRequired\":true,\"valueName\":\"search_term_string\"}}],\"inLanguage\":\"en-GB\"},{\"@type\":\"Organization\",\"@id\":\"https:\\\/\\\/buletin.de\\\/bucuresti\\\/#organization\",\"name\":\"Buletin de Bucure\u0219ti\",\"url\":\"https:\\\/\\\/buletin.de\\\/bucuresti\\\/\",\"logo\":{\"@type\":\"ImageObject\",\"inLanguage\":\"en-GB\",\"@id\":\"https:\\\/\\\/buletin.de\\\/bucuresti\\\/#\\\/schema\\\/logo\\\/image\\\/\",\"url\":\"https:\\\/\\\/buletin.de\\\/bucuresti\\\/wp-content\\\/uploads\\\/logo-bdb-full-wide-vernil-transparent.png\",\"contentUrl\":\"https:\\\/\\\/buletin.de\\\/bucuresti\\\/wp-content\\\/uploads\\\/logo-bdb-full-wide-vernil-transparent.png\",\"width\":1782,\"height\":626,\"caption\":\"Buletin de Bucure\u0219ti\"},\"image\":{\"@id\":\"https:\\\/\\\/buletin.de\\\/bucuresti\\\/#\\\/schema\\\/logo\\\/image\\\/\"},\"sameAs\":[\"https:\\\/\\\/www.facebook.com\\\/buletin.de.buc\",\"https:\\\/\\\/www.instagram.com\\\/buletinde.bucuresti\\\/\"]},{\"@type\":\"Person\",\"@id\":\"https:\\\/\\\/buletin.de\\\/bucuresti\\\/#\\\/schema\\\/person\\\/d369d7ddc775abece205795e0b804614\",\"name\":\"Teodora Stroe\",\"image\":{\"@type\":\"ImageObject\",\"inLanguage\":\"en-GB\",\"@id\":\"https:\\\/\\\/secure.gravatar.com\\\/avatar\\\/2560b4cd9f5f1bc100b123158e657d75584bd1c3e1d9c69285720b9457c1b78d?s=96&d=monsterid&r=gc104800242ba5f2d78dd5d7dc4df08b6\",\"url\":\"https:\\\/\\\/secure.gravatar.com\\\/avatar\\\/2560b4cd9f5f1bc100b123158e657d75584bd1c3e1d9c69285720b9457c1b78d?s=96&d=monsterid&r=g\",\"contentUrl\":\"https:\\\/\\\/secure.gravatar.com\\\/avatar\\\/2560b4cd9f5f1bc100b123158e657d75584bd1c3e1d9c69285720b9457c1b78d?s=96&d=monsterid&r=g\",\"caption\":\"Teodora Stroe\"},\"url\":\"https:\\\/\\\/buletin.de\\\/bucuresti\\\/author\\\/simonacarlugea\\\/\"}]}<\/script>\n<!-- \/ Yoast SEO Premium plugin. -->","yoast_head_json":{"title":"Antiaeriana lupt\u0103 de 9 ani pentru semafoare la trecerile de pietoni. 2 oameni au murit \u0219i 2 au fost r\u0103ni\u021bi. Autorit\u0103\u021bile cedeaz\u0103 greu - Buletin de Bucure\u0219ti","robots":{"index":"index","follow":"follow","max-snippet":"max-snippet:-1","max-image-preview":"max-image-preview:large","max-video-preview":"max-video-preview:-1"},"canonical":"https:\/\/buletin.de\/bucuresti\/antiaeriana-lupta-de-9-ani-pentru-semafoare-la-trecerile-de-pietoni-2-oameni-au-murit\/","og_locale":"en_GB","og_type":"article","og_title":"Antiaeriana lupt\u0103 de 9 ani pentru semafoare la trecerile de pietoni. 2 oameni au murit \u0219i 2 au fost r\u0103ni\u021bi. Autorit\u0103\u021bile cedeaz\u0103 greu","og_description":"Pe 20 octombrie, un nou memoriu semnat de oamenii care locuiesc pe \u0218oseaua Antiaerian\u0103 a ajuns la autorit\u0103\u021bi. Cei peste 450 de semnatari cer un lucru banal la prima vedere, dar care a costat deja comunitatea lor dou\u0103 vie\u021bi. Semafoare la trecerile de pietoni de l\u00e2ng\u0103 sta\u021biile STB &#8211; Tr\u00e2mbi\u021bei \u0219i Manea \u0218erban. Dup\u0103 ce [&hellip;]","og_url":"https:\/\/buletin.de\/bucuresti\/antiaeriana-lupta-de-9-ani-pentru-semafoare-la-trecerile-de-pietoni-2-oameni-au-murit\/","og_site_name":"Buletin de Bucure\u0219ti","article_publisher":"https:\/\/www.facebook.com\/buletin.de.buc","article_published_time":"2022-10-21T09:00:11+00:00","article_modified_time":"2022-10-21T09:19:40+00:00","og_image":[{"width":701,"height":1024,"url":"https:\/\/buletin.de\/bucuresti\/wp-content\/uploads\/protest-antiaeriana.jpg","type":"image\/jpeg"}],"author":"Teodora Stroe","twitter_card":"summary_large_image","twitter_misc":{"Written by":"Teodora Stroe","Estimated reading time":"7 minutes"},"schema":{"@context":"https:\/\/schema.org","@graph":[{"@type":"Article","@id":"https:\/\/buletin.de\/bucuresti\/antiaeriana-lupta-de-9-ani-pentru-semafoare-la-trecerile-de-pietoni-2-oameni-au-murit\/#article","isPartOf":{"@id":"https:\/\/buletin.de\/bucuresti\/antiaeriana-lupta-de-9-ani-pentru-semafoare-la-trecerile-de-pietoni-2-oameni-au-murit\/"},"author":{"name":"Teodora Stroe","@id":"https:\/\/buletin.de\/bucuresti\/#\/schema\/person\/d369d7ddc775abece205795e0b804614"},"headline":"Antiaeriana lupt\u0103 de 9 ani pentru semafoare la trecerile de pietoni. 2 oameni au murit \u0219i 2 au fost r\u0103ni\u021bi. Autorit\u0103\u021bile cedeaz\u0103 greu","datePublished":"2022-10-21T09:00:11+00:00","dateModified":"2022-10-21T09:19:40+00:00","mainEntityOfPage":{"@id":"https:\/\/buletin.de\/bucuresti\/antiaeriana-lupta-de-9-ani-pentru-semafoare-la-trecerile-de-pietoni-2-oameni-au-murit\/"},"wordCount":1502,"publisher":{"@id":"https:\/\/buletin.de\/bucuresti\/#organization"},"image":{"@id":"https:\/\/buletin.de\/bucuresti\/antiaeriana-lupta-de-9-ani-pentru-semafoare-la-trecerile-de-pietoni-2-oameni-au-murit\/#primaryimage"},"thumbnailUrl":"https:\/\/buletin.de\/bucuresti\/wp-content\/uploads\/protest-antiaeriana.jpg","articleSection":["Featured","\u0218tiri"],"inLanguage":"en-GB","copyrightYear":"2022","copyrightHolder":{"@id":"https:\/\/buletin.de\/bucuresti\/#organization"}},{"@type":"WebPage","@id":"https:\/\/buletin.de\/bucuresti\/antiaeriana-lupta-de-9-ani-pentru-semafoare-la-trecerile-de-pietoni-2-oameni-au-murit\/","url":"https:\/\/buletin.de\/bucuresti\/antiaeriana-lupta-de-9-ani-pentru-semafoare-la-trecerile-de-pietoni-2-oameni-au-murit\/","name":"Antiaeriana lupt\u0103 de 9 ani pentru semafoare la trecerile de pietoni. 2 oameni au murit \u0219i 2 au fost r\u0103ni\u021bi. Autorit\u0103\u021bile cedeaz\u0103 greu - Buletin de Bucure\u0219ti","isPartOf":{"@id":"https:\/\/buletin.de\/bucuresti\/#website"},"primaryImageOfPage":{"@id":"https:\/\/buletin.de\/bucuresti\/antiaeriana-lupta-de-9-ani-pentru-semafoare-la-trecerile-de-pietoni-2-oameni-au-murit\/#primaryimage"},"image":{"@id":"https:\/\/buletin.de\/bucuresti\/antiaeriana-lupta-de-9-ani-pentru-semafoare-la-trecerile-de-pietoni-2-oameni-au-murit\/#primaryimage"},"thumbnailUrl":"https:\/\/buletin.de\/bucuresti\/wp-content\/uploads\/protest-antiaeriana.jpg","datePublished":"2022-10-21T09:00:11+00:00","dateModified":"2022-10-21T09:19:40+00:00","breadcrumb":{"@id":"https:\/\/buletin.de\/bucuresti\/antiaeriana-lupta-de-9-ani-pentru-semafoare-la-trecerile-de-pietoni-2-oameni-au-murit\/#breadcrumb"},"inLanguage":"en-GB","potentialAction":[{"@type":"ReadAction","target":["https:\/\/buletin.de\/bucuresti\/antiaeriana-lupta-de-9-ani-pentru-semafoare-la-trecerile-de-pietoni-2-oameni-au-murit\/"]}]},{"@type":"ImageObject","inLanguage":"en-GB","@id":"https:\/\/buletin.de\/bucuresti\/antiaeriana-lupta-de-9-ani-pentru-semafoare-la-trecerile-de-pietoni-2-oameni-au-murit\/#primaryimage","url":"https:\/\/buletin.de\/bucuresti\/wp-content\/uploads\/protest-antiaeriana.jpg","contentUrl":"https:\/\/buletin.de\/bucuresti\/wp-content\/uploads\/protest-antiaeriana.jpg","width":701,"height":1024},{"@type":"BreadcrumbList","@id":"https:\/\/buletin.de\/bucuresti\/antiaeriana-lupta-de-9-ani-pentru-semafoare-la-trecerile-de-pietoni-2-oameni-au-murit\/#breadcrumb","itemListElement":[{"@type":"ListItem","position":1,"name":"Acas\u0103","item":"https:\/\/buletin.de\/bucuresti\/"},{"@type":"ListItem","position":2,"name":"Antiaeriana lupt\u0103 de 9 ani pentru semafoare la trecerile de pietoni. 2 oameni au murit \u0219i 2 au fost r\u0103ni\u021bi. Autorit\u0103\u021bile cedeaz\u0103 greu"}]},{"@type":"WebSite","@id":"https:\/\/buletin.de\/bucuresti\/#website","url":"https:\/\/buletin.de\/bucuresti\/","name":"Buletin de Bucure\u0219ti","description":"\u0218tiri \u0219i investiga\u021bii esen\u021biale din capital\u0103","publisher":{"@id":"https:\/\/buletin.de\/bucuresti\/#organization"},"potentialAction":[{"@type":"SearchAction","target":{"@type":"EntryPoint","urlTemplate":"https:\/\/buletin.de\/bucuresti\/?s={search_term_string}"},"query-input":{"@type":"PropertyValueSpecification","valueRequired":true,"valueName":"search_term_string"}}],"inLanguage":"en-GB"},{"@type":"Organization","@id":"https:\/\/buletin.de\/bucuresti\/#organization","name":"Buletin de Bucure\u0219ti","url":"https:\/\/buletin.de\/bucuresti\/","logo":{"@type":"ImageObject","inLanguage":"en-GB","@id":"https:\/\/buletin.de\/bucuresti\/#\/schema\/logo\/image\/","url":"https:\/\/buletin.de\/bucuresti\/wp-content\/uploads\/logo-bdb-full-wide-vernil-transparent.png","contentUrl":"https:\/\/buletin.de\/bucuresti\/wp-content\/uploads\/logo-bdb-full-wide-vernil-transparent.png","width":1782,"height":626,"caption":"Buletin de Bucure\u0219ti"},"image":{"@id":"https:\/\/buletin.de\/bucuresti\/#\/schema\/logo\/image\/"},"sameAs":["https:\/\/www.facebook.com\/buletin.de.buc","https:\/\/www.instagram.com\/buletinde.bucuresti\/"]},{"@type":"Person","@id":"https:\/\/buletin.de\/bucuresti\/#\/schema\/person\/d369d7ddc775abece205795e0b804614","name":"Teodora Stroe","image":{"@type":"ImageObject","inLanguage":"en-GB","@id":"https:\/\/secure.gravatar.com\/avatar\/2560b4cd9f5f1bc100b123158e657d75584bd1c3e1d9c69285720b9457c1b78d?s=96&d=monsterid&r=gc104800242ba5f2d78dd5d7dc4df08b6","url":"https:\/\/secure.gravatar.com\/avatar\/2560b4cd9f5f1bc100b123158e657d75584bd1c3e1d9c69285720b9457c1b78d?s=96&d=monsterid&r=g","contentUrl":"https:\/\/secure.gravatar.com\/avatar\/2560b4cd9f5f1bc100b123158e657d75584bd1c3e1d9c69285720b9457c1b78d?s=96&d=monsterid&r=g","caption":"Teodora Stroe"},"url":"https:\/\/buletin.de\/bucuresti\/author\/simonacarlugea\/"}]}},"authors":[{"term_id":22579,"user_id":18,"is_guest":0,"slug":"simonacarlugea","display_name":"Teodora Stroe","avatar_url":"https:\/\/secure.gravatar.com\/avatar\/2560b4cd9f5f1bc100b123158e657d75584bd1c3e1d9c69285720b9457c1b78d?s=96&d=monsterid&r=g","0":null,"1":"","2":"","3":"","4":"","5":"","6":"","7":"","8":""}],"_links":{"self":[{"href":"https:\/\/buletin.de\/bucuresti\/wp-json\/wp\/v2\/posts\/47535","targetHints":{"allow":["GET"]}}],"collection":[{"href":"https:\/\/buletin.de\/bucuresti\/wp-json\/wp\/v2\/posts"}],"about":[{"href":"https:\/\/buletin.de\/bucuresti\/wp-json\/wp\/v2\/types\/post"}],"author":[{"embeddable":true,"href":"https:\/\/buletin.de\/bucuresti\/wp-json\/wp\/v2\/users\/18"}],"replies":[{"embeddable":true,"href":"https:\/\/buletin.de\/bucuresti\/wp-json\/wp\/v2\/comments?post=47535"}],"version-history":[{"count":8,"href":"https:\/\/buletin.de\/bucuresti\/wp-json\/wp\/v2\/posts\/47535\/revisions"}],"predecessor-version":[{"id":47558,"href":"https:\/\/buletin.de\/bucuresti\/wp-json\/wp\/v2\/posts\/47535\/revisions\/47558"}],"wp:featuredmedia":[{"embeddable":true,"href":"https:\/\/buletin.de\/bucuresti\/wp-json\/wp\/v2\/media\/47340"}],"wp:attachment":[{"href":"https:\/\/buletin.de\/bucuresti\/wp-json\/wp\/v2\/media?parent=47535"}],"wp:term":[{"taxonomy":"category","embeddable":true,"href":"https:\/\/buletin.de\/bucuresti\/wp-json\/wp\/v2\/categories?post=47535"},{"taxonomy":"post_tag","embeddable":true,"href":"https:\/\/buletin.de\/bucuresti\/wp-json\/wp\/v2\/tags?post=47535"},{"taxonomy":"author","embeddable":true,"href":"https:\/\/buletin.de\/bucuresti\/wp-json\/wp\/v2\/ppma_author?post=47535"}],"curies":[{"name":"wp","href":"https:\/\/api.w.org\/{rel}","templated":true}]}}