{"id":47420,"date":"2022-10-18T09:21:21","date_gmt":"2022-10-18T07:21:21","guid":{"rendered":"https:\/\/buletin.de\/bucuresti\/?p=47420"},"modified":"2022-10-18T10:00:20","modified_gmt":"2022-10-18T08:00:20","slug":"incendiu-in-pasajul-unirii-masini-abandonate-din-cauza-fumului-dens","status":"publish","type":"post","link":"https:\/\/buletin.de\/bucuresti\/incendiu-in-pasajul-unirii-masini-abandonate-din-cauza-fumului-dens\/","title":{"rendered":"Incendiu \u00een Pasajul Unirii: Ma\u0219ini abandonate din cauza fumului dens"},"content":{"rendered":"\n<p>Un autoturism a luat foc \u00een pasajul Unirii din Capital\u0103. La fa\u021ba locului s-au deplasat  opt autospeciale de stingere \u0219i cinci ambulan\u021be SMURD.<\/p>\n\n\n\n<figure class=\"wp-block-image size-large\"><img fetchpriority=\"high\" decoding=\"async\" width=\"675\" height=\"900\" src=\"data:image\/gif;base64,R0lGODlhAQABAAAAACH5BAEKAAEALAAAAAABAAEAAAICTAEAOw==\" data-src=\"https:\/\/buletin.de\/bucuresti\/wp-content\/uploads\/311425104_5277946725649063_8683748149247575264_n-675x900.jpg\" alt=\"\" class=\"wp-image-47421 lazyload\" data-sizes=\"auto\" data-srcset=\"https:\/\/buletin.de\/bucuresti\/wp-content\/uploads\/311425104_5277946725649063_8683748149247575264_n-675x900.jpg 675w, https:\/\/buletin.de\/bucuresti\/wp-content\/uploads\/311425104_5277946725649063_8683748149247575264_n-225x300.jpg 225w, https:\/\/buletin.de\/bucuresti\/wp-content\/uploads\/311425104_5277946725649063_8683748149247575264_n-768x1024.jpg 768w, https:\/\/buletin.de\/bucuresti\/wp-content\/uploads\/311425104_5277946725649063_8683748149247575264_n-1060x1413.jpg 1060w, https:\/\/buletin.de\/bucuresti\/wp-content\/uploads\/311425104_5277946725649063_8683748149247575264_n-550x733.jpg 550w, https:\/\/buletin.de\/bucuresti\/wp-content\/uploads\/311425104_5277946725649063_8683748149247575264_n-375x500.jpg 375w, https:\/\/buletin.de\/bucuresti\/wp-content\/uploads\/311425104_5277946725649063_8683748149247575264_n-810x1080.jpg 810w, https:\/\/buletin.de\/bucuresti\/wp-content\/uploads\/311425104_5277946725649063_8683748149247575264_n-600x800.jpg 600w, https:\/\/buletin.de\/bucuresti\/wp-content\/uploads\/311425104_5277946725649063_8683748149247575264_n.jpg 1080w\" sizes=\"(max-width: 675px) 100vw, 675px\" \/><\/figure>\n\n\n\n<figure class=\"wp-block-image size-large\"><img decoding=\"async\" width=\"434\" height=\"900\" src=\"data:image\/gif;base64,R0lGODlhAQABAAAAACH5BAEKAAEALAAAAAABAAEAAAICTAEAOw==\" data-src=\"https:\/\/buletin.de\/bucuresti\/wp-content\/uploads\/312018630_485964340152063_6727963348203870648_n-434x900.jpg\" alt=\"\" class=\"wp-image-47422 lazyload\" data-sizes=\"auto\" data-srcset=\"https:\/\/buletin.de\/bucuresti\/wp-content\/uploads\/312018630_485964340152063_6727963348203870648_n-434x900.jpg 434w, https:\/\/buletin.de\/bucuresti\/wp-content\/uploads\/312018630_485964340152063_6727963348203870648_n-145x300.jpg 145w, https:\/\/buletin.de\/bucuresti\/wp-content\/uploads\/312018630_485964340152063_6727963348203870648_n-550x1141.jpg 550w, https:\/\/buletin.de\/bucuresti\/wp-content\/uploads\/312018630_485964340152063_6727963348203870648_n-241x500.jpg 241w, https:\/\/buletin.de\/bucuresti\/wp-content\/uploads\/312018630_485964340152063_6727963348203870648_n-521x1080.jpg 521w, https:\/\/buletin.de\/bucuresti\/wp-content\/uploads\/312018630_485964340152063_6727963348203870648_n-600x1244.jpg 600w, https:\/\/buletin.de\/bucuresti\/wp-content\/uploads\/312018630_485964340152063_6727963348203870648_n.jpg 702w\" sizes=\"(max-width: 434px) 100vw, 434px\" \/><\/figure>\n\n\n\n<p><\/p>\n\n\n\n<figure class=\"wp-block-image size-large\"><img decoding=\"async\" width=\"900\" height=\"507\" src=\"data:image\/gif;base64,R0lGODlhAQABAAAAACH5BAEKAAEALAAAAAABAAEAAAICTAEAOw==\" data-src=\"https:\/\/buletin.de\/bucuresti\/wp-content\/uploads\/312009236_575765487657333_1570230630564071048_n-900x507.jpg\" alt=\"\" class=\"wp-image-47429 lazyload\" data-sizes=\"auto\" data-srcset=\"https:\/\/buletin.de\/bucuresti\/wp-content\/uploads\/312009236_575765487657333_1570230630564071048_n-900x507.jpg 900w, https:\/\/buletin.de\/bucuresti\/wp-content\/uploads\/312009236_575765487657333_1570230630564071048_n-300x169.jpg 300w, https:\/\/buletin.de\/bucuresti\/wp-content\/uploads\/312009236_575765487657333_1570230630564071048_n-768x432.jpg 768w, https:\/\/buletin.de\/bucuresti\/wp-content\/uploads\/312009236_575765487657333_1570230630564071048_n-1536x865.jpg 1536w, https:\/\/buletin.de\/bucuresti\/wp-content\/uploads\/312009236_575765487657333_1570230630564071048_n-1060x597.jpg 1060w, https:\/\/buletin.de\/bucuresti\/wp-content\/uploads\/312009236_575765487657333_1570230630564071048_n-550x310.jpg 550w, https:\/\/buletin.de\/bucuresti\/wp-content\/uploads\/312009236_575765487657333_1570230630564071048_n-888x500.jpg 888w, https:\/\/buletin.de\/bucuresti\/wp-content\/uploads\/312009236_575765487657333_1570230630564071048_n-600x338.jpg 600w, https:\/\/buletin.de\/bucuresti\/wp-content\/uploads\/312009236_575765487657333_1570230630564071048_n.jpg 1600w\" sizes=\"(max-width: 900px) 100vw, 900px\" \/><\/figure>\n\n\n\n<figure class=\"wp-block-image size-large\"><img loading=\"lazy\" decoding=\"async\" width=\"900\" height=\"507\" src=\"data:image\/gif;base64,R0lGODlhAQABAAAAACH5BAEKAAEALAAAAAABAAEAAAICTAEAOw==\" data-src=\"https:\/\/buletin.de\/bucuresti\/wp-content\/uploads\/312139825_480129577213111_6816375426826569063_n-900x507.jpg\" alt=\"\" class=\"wp-image-47431 lazyload\" data-sizes=\"auto\" data-srcset=\"https:\/\/buletin.de\/bucuresti\/wp-content\/uploads\/312139825_480129577213111_6816375426826569063_n-900x507.jpg 900w, https:\/\/buletin.de\/bucuresti\/wp-content\/uploads\/312139825_480129577213111_6816375426826569063_n-300x169.jpg 300w, https:\/\/buletin.de\/bucuresti\/wp-content\/uploads\/312139825_480129577213111_6816375426826569063_n-768x432.jpg 768w, https:\/\/buletin.de\/bucuresti\/wp-content\/uploads\/312139825_480129577213111_6816375426826569063_n-1536x865.jpg 1536w, https:\/\/buletin.de\/bucuresti\/wp-content\/uploads\/312139825_480129577213111_6816375426826569063_n-1060x597.jpg 1060w, https:\/\/buletin.de\/bucuresti\/wp-content\/uploads\/312139825_480129577213111_6816375426826569063_n-550x310.jpg 550w, https:\/\/buletin.de\/bucuresti\/wp-content\/uploads\/312139825_480129577213111_6816375426826569063_n-888x500.jpg 888w, https:\/\/buletin.de\/bucuresti\/wp-content\/uploads\/312139825_480129577213111_6816375426826569063_n-600x338.jpg 600w, https:\/\/buletin.de\/bucuresti\/wp-content\/uploads\/312139825_480129577213111_6816375426826569063_n.jpg 1600w\" sizes=\"(max-width: 900px) 100vw, 900px\" \/><\/figure>\n\n\n\n<figure class=\"wp-block-image size-large\"><img loading=\"lazy\" decoding=\"async\" width=\"900\" height=\"507\" src=\"data:image\/gif;base64,R0lGODlhAQABAAAAACH5BAEKAAEALAAAAAABAAEAAAICTAEAOw==\" data-src=\"https:\/\/buletin.de\/bucuresti\/wp-content\/uploads\/311963219_626675209135100_8046500918767903133_n-900x507.jpg\" alt=\"\" class=\"wp-image-47432 lazyload\" data-sizes=\"auto\" data-srcset=\"https:\/\/buletin.de\/bucuresti\/wp-content\/uploads\/311963219_626675209135100_8046500918767903133_n-900x507.jpg 900w, https:\/\/buletin.de\/bucuresti\/wp-content\/uploads\/311963219_626675209135100_8046500918767903133_n-300x169.jpg 300w, https:\/\/buletin.de\/bucuresti\/wp-content\/uploads\/311963219_626675209135100_8046500918767903133_n-768x432.jpg 768w, https:\/\/buletin.de\/bucuresti\/wp-content\/uploads\/311963219_626675209135100_8046500918767903133_n-1536x865.jpg 1536w, https:\/\/buletin.de\/bucuresti\/wp-content\/uploads\/311963219_626675209135100_8046500918767903133_n-1060x597.jpg 1060w, https:\/\/buletin.de\/bucuresti\/wp-content\/uploads\/311963219_626675209135100_8046500918767903133_n-550x310.jpg 550w, https:\/\/buletin.de\/bucuresti\/wp-content\/uploads\/311963219_626675209135100_8046500918767903133_n-888x500.jpg 888w, https:\/\/buletin.de\/bucuresti\/wp-content\/uploads\/311963219_626675209135100_8046500918767903133_n-600x338.jpg 600w, https:\/\/buletin.de\/bucuresti\/wp-content\/uploads\/311963219_626675209135100_8046500918767903133_n.jpg 1600w\" sizes=\"(max-width: 900px) 100vw, 900px\" \/><\/figure>\n\n\n\n<figure class=\"wp-block-image size-large\"><img loading=\"lazy\" decoding=\"async\" width=\"900\" height=\"507\" src=\"data:image\/gif;base64,R0lGODlhAQABAAAAACH5BAEKAAEALAAAAAABAAEAAAICTAEAOw==\" data-src=\"https:\/\/buletin.de\/bucuresti\/wp-content\/uploads\/305780876_1575914466193628_3346741672096826388_n-900x507.jpg\" alt=\"\" class=\"wp-image-47433 lazyload\" data-sizes=\"auto\" data-srcset=\"https:\/\/buletin.de\/bucuresti\/wp-content\/uploads\/305780876_1575914466193628_3346741672096826388_n-900x507.jpg 900w, https:\/\/buletin.de\/bucuresti\/wp-content\/uploads\/305780876_1575914466193628_3346741672096826388_n-300x169.jpg 300w, https:\/\/buletin.de\/bucuresti\/wp-content\/uploads\/305780876_1575914466193628_3346741672096826388_n-768x432.jpg 768w, https:\/\/buletin.de\/bucuresti\/wp-content\/uploads\/305780876_1575914466193628_3346741672096826388_n-1536x865.jpg 1536w, https:\/\/buletin.de\/bucuresti\/wp-content\/uploads\/305780876_1575914466193628_3346741672096826388_n-1060x597.jpg 1060w, https:\/\/buletin.de\/bucuresti\/wp-content\/uploads\/305780876_1575914466193628_3346741672096826388_n-550x310.jpg 550w, https:\/\/buletin.de\/bucuresti\/wp-content\/uploads\/305780876_1575914466193628_3346741672096826388_n-888x500.jpg 888w, https:\/\/buletin.de\/bucuresti\/wp-content\/uploads\/305780876_1575914466193628_3346741672096826388_n-600x338.jpg 600w, https:\/\/buletin.de\/bucuresti\/wp-content\/uploads\/305780876_1575914466193628_3346741672096826388_n.jpg 1600w\" sizes=\"(max-width: 900px) 100vw, 900px\" \/><\/figure>\n\n\n\n<p>Potrivit reprezentan\u021bilor ISU, toate persoanele au fost evacuate iar \u00een pasaj mai sunt doar for\u021bele de interven\u021bie.  Autoturismul la care s-a produs incendiu se afla la jum\u0103tatea pasajului iar la momentul izbucnirii fl\u0103c\u0103rilor \u00een interior erau doi adul\u021bi \u0219i un copil.<\/p>\n\n\n\n<p>De asemenea, \u00een pasaj sunt patru autoturisme abandonate de proprietari.<\/p>\n\n\n\n<p>Incendiul a fost stins. \u00cen total, \u00een pasaj \u0219i pe rampele de acces au fost aproximativ 100 de autoturisme. 20 de persoane au fost evacuate de echipele de salvatori ale Inspectoratului pentru Situa\u021bii de Urgen\u021b\u0103 Bucure\u0219ti-Ilfov.<\/p>\n\n\n\n<iframe src=\"https:\/\/www.facebook.com\/plugins\/video.php?height=308&amp;href=https%3A%2F%2Fwww.facebook.com%2Fmediafluxdb%2Fvideos%2F3126061024281277%2F&amp;show_text=true&amp;width=560&amp;t=0\" width=\"560\" height=\"423\" style=\"border:none;overflow:hidden\" scrolling=\"no\" frameborder=\"0\" allowfullscreen=\"true\" allow=\"autoplay; clipboard-write; encrypted-media; picture-in-picture; web-share\"><\/iframe>\n\n\n\n<p><em><strong>\u0218tire \u00een curs de actualizare.<\/strong><\/em><\/p>\n\n\n\n<p>Surse foto: ISU\/ Facebook Info Trafic Rutier &#8211; Bucuresti si Ilfov \/ Accidente \/ Filmari \/ Radare<\/p>\n","protected":false},"excerpt":{"rendered":"<p>Un autoturism a luat foc \u00een pasajul Unirii din Capital\u0103. La fa\u021ba locului s-au deplasat opt autospeciale de stingere \u0219i cinci ambulan\u021be SMURD. Potrivit reprezentan\u021bilor ISU, toate persoanele au fost evacuate iar \u00een pasaj mai sunt doar for\u021bele de interven\u021bie. Autoturismul la care s-a produs incendiu se afla la jum\u0103tatea pasajului iar la momentul izbucnirii [&hellip;]<\/p>\n","protected":false},"author":10,"featured_media":47424,"comment_status":"closed","ping_status":"open","sticky":false,"template":"","format":"standard","meta":{"_acf_changed":false,"inline_featured_image":false,"ngg_post_thumbnail":0,"footnotes":""},"categories":[3419,650],"tags":[817,341,4670,1493,137,4669],"ppma_author":[22575],"class_list":["post-47420","post","type-post","status-publish","format-standard","has-post-thumbnail","hentry","category-featured","category-transport","tag-fum","tag-incendiu","tag-masina","tag-pasaj","tag-unirii","tag-video"],"acf":[],"yoast_head":"<!-- This site is optimized with the Yoast SEO Premium plugin v25.3 (Yoast SEO v27.4) - https:\/\/yoast.com\/product\/yoast-seo-premium-wordpress\/ -->\n<title>Incendiu \u00een Pasajul Unirii: Ma\u0219ini abandonate din cauza fumului dens - Buletin de Bucure\u0219ti<\/title>\n<meta name=\"robots\" content=\"index, follow, max-snippet:-1, max-image-preview:large, max-video-preview:-1\" \/>\n<link rel=\"canonical\" href=\"https:\/\/buletin.de\/bucuresti\/incendiu-in-pasajul-unirii-masini-abandonate-din-cauza-fumului-dens\/\" \/>\n<meta property=\"og:locale\" content=\"en_GB\" \/>\n<meta property=\"og:type\" content=\"article\" \/>\n<meta property=\"og:title\" content=\"Incendiu \u00een Pasajul Unirii: Ma\u0219ini abandonate din cauza fumului dens\" \/>\n<meta property=\"og:description\" content=\"Un autoturism a luat foc \u00een pasajul Unirii din Capital\u0103. La fa\u021ba locului s-au deplasat opt autospeciale de stingere \u0219i cinci ambulan\u021be SMURD. Potrivit reprezentan\u021bilor ISU, toate persoanele au fost evacuate iar \u00een pasaj mai sunt doar for\u021bele de interven\u021bie. Autoturismul la care s-a produs incendiu se afla la jum\u0103tatea pasajului iar la momentul izbucnirii [&hellip;]\" \/>\n<meta property=\"og:url\" content=\"https:\/\/buletin.de\/bucuresti\/incendiu-in-pasajul-unirii-masini-abandonate-din-cauza-fumului-dens\/\" \/>\n<meta property=\"og:site_name\" content=\"Buletin de Bucure\u0219ti\" \/>\n<meta property=\"article:publisher\" content=\"https:\/\/www.facebook.com\/buletin.de.buc\" \/>\n<meta property=\"article:published_time\" content=\"2022-10-18T07:21:21+00:00\" \/>\n<meta property=\"article:modified_time\" content=\"2022-10-18T08:00:20+00:00\" \/>\n<meta property=\"og:image\" content=\"https:\/\/buletin.de\/bucuresti\/wp-content\/uploads\/312111470_619828456509099_1431343874421288978_n.jpg\" \/>\n\t<meta property=\"og:image:width\" content=\"1600\" \/>\n\t<meta property=\"og:image:height\" content=\"900\" \/>\n\t<meta property=\"og:image:type\" content=\"image\/jpeg\" \/>\n<meta name=\"author\" content=\"C\u0103t\u0103lin Dosca\u0219\" \/>\n<meta name=\"twitter:card\" content=\"summary_large_image\" \/>\n<meta name=\"twitter:label1\" content=\"Written by\" \/>\n\t<meta name=\"twitter:data1\" content=\"C\u0103t\u0103lin Dosca\u0219\" \/>\n\t<meta name=\"twitter:label2\" content=\"Estimated reading time\" \/>\n\t<meta name=\"twitter:data2\" content=\"2 minutes\" \/>\n<script type=\"application\/ld+json\" class=\"yoast-schema-graph\">{\"@context\":\"https:\\\/\\\/schema.org\",\"@graph\":[{\"@type\":\"Article\",\"@id\":\"https:\\\/\\\/buletin.de\\\/bucuresti\\\/incendiu-in-pasajul-unirii-masini-abandonate-din-cauza-fumului-dens\\\/#article\",\"isPartOf\":{\"@id\":\"https:\\\/\\\/buletin.de\\\/bucuresti\\\/incendiu-in-pasajul-unirii-masini-abandonate-din-cauza-fumului-dens\\\/\"},\"author\":{\"name\":\"C\u0103t\u0103lin Dosca\u0219\",\"@id\":\"https:\\\/\\\/buletin.de\\\/bucuresti\\\/#\\\/schema\\\/person\\\/31117187ed4d0bdb0a4c7d6acc79d0f8\"},\"headline\":\"Incendiu \u00een Pasajul Unirii: Ma\u0219ini abandonate din cauza fumului dens\",\"datePublished\":\"2022-10-18T07:21:21+00:00\",\"dateModified\":\"2022-10-18T08:00:20+00:00\",\"mainEntityOfPage\":{\"@id\":\"https:\\\/\\\/buletin.de\\\/bucuresti\\\/incendiu-in-pasajul-unirii-masini-abandonate-din-cauza-fumului-dens\\\/\"},\"wordCount\":149,\"publisher\":{\"@id\":\"https:\\\/\\\/buletin.de\\\/bucuresti\\\/#organization\"},\"image\":{\"@id\":\"https:\\\/\\\/buletin.de\\\/bucuresti\\\/incendiu-in-pasajul-unirii-masini-abandonate-din-cauza-fumului-dens\\\/#primaryimage\"},\"thumbnailUrl\":\"https:\\\/\\\/buletin.de\\\/bucuresti\\\/wp-content\\\/uploads\\\/312111470_619828456509099_1431343874421288978_n.jpg\",\"keywords\":[\"fum\",\"incendiu\",\"masina\",\"pasaj\",\"unirii\",\"video\"],\"articleSection\":[\"Featured\",\"Transport\"],\"inLanguage\":\"en-GB\",\"copyrightYear\":\"2022\",\"copyrightHolder\":{\"@id\":\"https:\\\/\\\/buletin.de\\\/bucuresti\\\/#organization\"}},{\"@type\":\"WebPage\",\"@id\":\"https:\\\/\\\/buletin.de\\\/bucuresti\\\/incendiu-in-pasajul-unirii-masini-abandonate-din-cauza-fumului-dens\\\/\",\"url\":\"https:\\\/\\\/buletin.de\\\/bucuresti\\\/incendiu-in-pasajul-unirii-masini-abandonate-din-cauza-fumului-dens\\\/\",\"name\":\"Incendiu \u00een Pasajul Unirii: Ma\u0219ini abandonate din cauza fumului dens - Buletin de Bucure\u0219ti\",\"isPartOf\":{\"@id\":\"https:\\\/\\\/buletin.de\\\/bucuresti\\\/#website\"},\"primaryImageOfPage\":{\"@id\":\"https:\\\/\\\/buletin.de\\\/bucuresti\\\/incendiu-in-pasajul-unirii-masini-abandonate-din-cauza-fumului-dens\\\/#primaryimage\"},\"image\":{\"@id\":\"https:\\\/\\\/buletin.de\\\/bucuresti\\\/incendiu-in-pasajul-unirii-masini-abandonate-din-cauza-fumului-dens\\\/#primaryimage\"},\"thumbnailUrl\":\"https:\\\/\\\/buletin.de\\\/bucuresti\\\/wp-content\\\/uploads\\\/312111470_619828456509099_1431343874421288978_n.jpg\",\"datePublished\":\"2022-10-18T07:21:21+00:00\",\"dateModified\":\"2022-10-18T08:00:20+00:00\",\"breadcrumb\":{\"@id\":\"https:\\\/\\\/buletin.de\\\/bucuresti\\\/incendiu-in-pasajul-unirii-masini-abandonate-din-cauza-fumului-dens\\\/#breadcrumb\"},\"inLanguage\":\"en-GB\",\"potentialAction\":[{\"@type\":\"ReadAction\",\"target\":[\"https:\\\/\\\/buletin.de\\\/bucuresti\\\/incendiu-in-pasajul-unirii-masini-abandonate-din-cauza-fumului-dens\\\/\"]}]},{\"@type\":\"ImageObject\",\"inLanguage\":\"en-GB\",\"@id\":\"https:\\\/\\\/buletin.de\\\/bucuresti\\\/incendiu-in-pasajul-unirii-masini-abandonate-din-cauza-fumului-dens\\\/#primaryimage\",\"url\":\"https:\\\/\\\/buletin.de\\\/bucuresti\\\/wp-content\\\/uploads\\\/312111470_619828456509099_1431343874421288978_n.jpg\",\"contentUrl\":\"https:\\\/\\\/buletin.de\\\/bucuresti\\\/wp-content\\\/uploads\\\/312111470_619828456509099_1431343874421288978_n.jpg\",\"width\":1600,\"height\":900},{\"@type\":\"BreadcrumbList\",\"@id\":\"https:\\\/\\\/buletin.de\\\/bucuresti\\\/incendiu-in-pasajul-unirii-masini-abandonate-din-cauza-fumului-dens\\\/#breadcrumb\",\"itemListElement\":[{\"@type\":\"ListItem\",\"position\":1,\"name\":\"Acas\u0103\",\"item\":\"https:\\\/\\\/buletin.de\\\/bucuresti\\\/\"},{\"@type\":\"ListItem\",\"position\":2,\"name\":\"Incendiu \u00een Pasajul Unirii: Ma\u0219ini abandonate din cauza fumului dens\"}]},{\"@type\":\"WebSite\",\"@id\":\"https:\\\/\\\/buletin.de\\\/bucuresti\\\/#website\",\"url\":\"https:\\\/\\\/buletin.de\\\/bucuresti\\\/\",\"name\":\"Buletin de Bucure\u0219ti\",\"description\":\"\u0218tiri \u0219i investiga\u021bii esen\u021biale din capital\u0103\",\"publisher\":{\"@id\":\"https:\\\/\\\/buletin.de\\\/bucuresti\\\/#organization\"},\"potentialAction\":[{\"@type\":\"SearchAction\",\"target\":{\"@type\":\"EntryPoint\",\"urlTemplate\":\"https:\\\/\\\/buletin.de\\\/bucuresti\\\/?s={search_term_string}\"},\"query-input\":{\"@type\":\"PropertyValueSpecification\",\"valueRequired\":true,\"valueName\":\"search_term_string\"}}],\"inLanguage\":\"en-GB\"},{\"@type\":\"Organization\",\"@id\":\"https:\\\/\\\/buletin.de\\\/bucuresti\\\/#organization\",\"name\":\"Buletin de Bucure\u0219ti\",\"url\":\"https:\\\/\\\/buletin.de\\\/bucuresti\\\/\",\"logo\":{\"@type\":\"ImageObject\",\"inLanguage\":\"en-GB\",\"@id\":\"https:\\\/\\\/buletin.de\\\/bucuresti\\\/#\\\/schema\\\/logo\\\/image\\\/\",\"url\":\"https:\\\/\\\/buletin.de\\\/bucuresti\\\/wp-content\\\/uploads\\\/logo-bdb-full-wide-vernil-transparent.png\",\"contentUrl\":\"https:\\\/\\\/buletin.de\\\/bucuresti\\\/wp-content\\\/uploads\\\/logo-bdb-full-wide-vernil-transparent.png\",\"width\":1782,\"height\":626,\"caption\":\"Buletin de Bucure\u0219ti\"},\"image\":{\"@id\":\"https:\\\/\\\/buletin.de\\\/bucuresti\\\/#\\\/schema\\\/logo\\\/image\\\/\"},\"sameAs\":[\"https:\\\/\\\/www.facebook.com\\\/buletin.de.buc\",\"https:\\\/\\\/www.instagram.com\\\/buletinde.bucuresti\\\/\"]},{\"@type\":\"Person\",\"@id\":\"https:\\\/\\\/buletin.de\\\/bucuresti\\\/#\\\/schema\\\/person\\\/31117187ed4d0bdb0a4c7d6acc79d0f8\",\"name\":\"C\u0103t\u0103lin Dosca\u0219\",\"image\":{\"@type\":\"ImageObject\",\"inLanguage\":\"en-GB\",\"@id\":\"https:\\\/\\\/buletin.de\\\/bucuresti\\\/wp-content\\\/uploads\\\/Catalin-Doscas-e1732731064764-96x96.jpga93e2943bb3b1c1f9ead823df6e6317a\",\"url\":\"https:\\\/\\\/buletin.de\\\/bucuresti\\\/wp-content\\\/uploads\\\/Catalin-Doscas-e1732731064764-96x96.jpg\",\"contentUrl\":\"https:\\\/\\\/buletin.de\\\/bucuresti\\\/wp-content\\\/uploads\\\/Catalin-Doscas-e1732731064764-96x96.jpg\",\"caption\":\"C\u0103t\u0103lin Dosca\u0219\"},\"description\":\"Reporter \u0219i redactor-\u0219ef Buletin de Bucure\u0219ti. Lucreaz\u0103 \u00een mass-media de la v\u00e2rsta de 15 ani, c\u00e2nd a publicat primele articole \u00een presa local\u0103 din Tecuci. \u00cen Bucure\u0219ti a lucrat \u00een redac\u021bii radio ca reporter, redactor \u0219i prezentator (StudentFM, Na\u021bionalFM, Radio Total, Smart FM), unde a acoperit domeniile politic, economic, social \u0219i externe. Ulterior, a fost editor-coordonator al postului Realitatea FM. Experien\u021ba \u00een jurnalismul online a dob\u00e2ndit-o la portalul B365.ro, unde a fost editor. \u00cen 2012 s-a angajat \u00een televiziune. La Realitatea TV a fost, pe r\u00e2nd, reporter la sec\u021bia Social, reporter special la emisiunea de reportaje \u0219i anchete \u201eReporterii Realit\u0103\u021bii\u201d, dar \u0219i editor al jurnalelor de \u0219tiri. Ulterior, a f\u0103cut parte din sec\u021bia de Investiga\u021bii de la Digi24 \u0219i a lucrat la campania \u201eRom\u00e2nia furat\u0103\u201d. A revenit \u00een presa scris\u0103 \u00een 2017, ca reporter special, \u00een cadrul unui proiect de repozi\u021bionare a tabloidului Libertatea \u00een cotidian generalist. Este jurnalist Buletin de Bucure\u0219ti din 2019.\",\"url\":\"https:\\\/\\\/buletin.de\\\/bucuresti\\\/author\\\/catalin\\\/\"}]}<\/script>\n<!-- \/ Yoast SEO Premium plugin. -->","yoast_head_json":{"title":"Incendiu \u00een Pasajul Unirii: Ma\u0219ini abandonate din cauza fumului dens - Buletin de Bucure\u0219ti","robots":{"index":"index","follow":"follow","max-snippet":"max-snippet:-1","max-image-preview":"max-image-preview:large","max-video-preview":"max-video-preview:-1"},"canonical":"https:\/\/buletin.de\/bucuresti\/incendiu-in-pasajul-unirii-masini-abandonate-din-cauza-fumului-dens\/","og_locale":"en_GB","og_type":"article","og_title":"Incendiu \u00een Pasajul Unirii: Ma\u0219ini abandonate din cauza fumului dens","og_description":"Un autoturism a luat foc \u00een pasajul Unirii din Capital\u0103. La fa\u021ba locului s-au deplasat opt autospeciale de stingere \u0219i cinci ambulan\u021be SMURD. Potrivit reprezentan\u021bilor ISU, toate persoanele au fost evacuate iar \u00een pasaj mai sunt doar for\u021bele de interven\u021bie. Autoturismul la care s-a produs incendiu se afla la jum\u0103tatea pasajului iar la momentul izbucnirii [&hellip;]","og_url":"https:\/\/buletin.de\/bucuresti\/incendiu-in-pasajul-unirii-masini-abandonate-din-cauza-fumului-dens\/","og_site_name":"Buletin de Bucure\u0219ti","article_publisher":"https:\/\/www.facebook.com\/buletin.de.buc","article_published_time":"2022-10-18T07:21:21+00:00","article_modified_time":"2022-10-18T08:00:20+00:00","og_image":[{"width":1600,"height":900,"url":"https:\/\/buletin.de\/bucuresti\/wp-content\/uploads\/312111470_619828456509099_1431343874421288978_n.jpg","type":"image\/jpeg"}],"author":"C\u0103t\u0103lin Dosca\u0219","twitter_card":"summary_large_image","twitter_misc":{"Written by":"C\u0103t\u0103lin Dosca\u0219","Estimated reading time":"2 minutes"},"schema":{"@context":"https:\/\/schema.org","@graph":[{"@type":"Article","@id":"https:\/\/buletin.de\/bucuresti\/incendiu-in-pasajul-unirii-masini-abandonate-din-cauza-fumului-dens\/#article","isPartOf":{"@id":"https:\/\/buletin.de\/bucuresti\/incendiu-in-pasajul-unirii-masini-abandonate-din-cauza-fumului-dens\/"},"author":{"name":"C\u0103t\u0103lin Dosca\u0219","@id":"https:\/\/buletin.de\/bucuresti\/#\/schema\/person\/31117187ed4d0bdb0a4c7d6acc79d0f8"},"headline":"Incendiu \u00een Pasajul Unirii: Ma\u0219ini abandonate din cauza fumului dens","datePublished":"2022-10-18T07:21:21+00:00","dateModified":"2022-10-18T08:00:20+00:00","mainEntityOfPage":{"@id":"https:\/\/buletin.de\/bucuresti\/incendiu-in-pasajul-unirii-masini-abandonate-din-cauza-fumului-dens\/"},"wordCount":149,"publisher":{"@id":"https:\/\/buletin.de\/bucuresti\/#organization"},"image":{"@id":"https:\/\/buletin.de\/bucuresti\/incendiu-in-pasajul-unirii-masini-abandonate-din-cauza-fumului-dens\/#primaryimage"},"thumbnailUrl":"https:\/\/buletin.de\/bucuresti\/wp-content\/uploads\/312111470_619828456509099_1431343874421288978_n.jpg","keywords":["fum","incendiu","masina","pasaj","unirii","video"],"articleSection":["Featured","Transport"],"inLanguage":"en-GB","copyrightYear":"2022","copyrightHolder":{"@id":"https:\/\/buletin.de\/bucuresti\/#organization"}},{"@type":"WebPage","@id":"https:\/\/buletin.de\/bucuresti\/incendiu-in-pasajul-unirii-masini-abandonate-din-cauza-fumului-dens\/","url":"https:\/\/buletin.de\/bucuresti\/incendiu-in-pasajul-unirii-masini-abandonate-din-cauza-fumului-dens\/","name":"Incendiu \u00een Pasajul Unirii: Ma\u0219ini abandonate din cauza fumului dens - Buletin de Bucure\u0219ti","isPartOf":{"@id":"https:\/\/buletin.de\/bucuresti\/#website"},"primaryImageOfPage":{"@id":"https:\/\/buletin.de\/bucuresti\/incendiu-in-pasajul-unirii-masini-abandonate-din-cauza-fumului-dens\/#primaryimage"},"image":{"@id":"https:\/\/buletin.de\/bucuresti\/incendiu-in-pasajul-unirii-masini-abandonate-din-cauza-fumului-dens\/#primaryimage"},"thumbnailUrl":"https:\/\/buletin.de\/bucuresti\/wp-content\/uploads\/312111470_619828456509099_1431343874421288978_n.jpg","datePublished":"2022-10-18T07:21:21+00:00","dateModified":"2022-10-18T08:00:20+00:00","breadcrumb":{"@id":"https:\/\/buletin.de\/bucuresti\/incendiu-in-pasajul-unirii-masini-abandonate-din-cauza-fumului-dens\/#breadcrumb"},"inLanguage":"en-GB","potentialAction":[{"@type":"ReadAction","target":["https:\/\/buletin.de\/bucuresti\/incendiu-in-pasajul-unirii-masini-abandonate-din-cauza-fumului-dens\/"]}]},{"@type":"ImageObject","inLanguage":"en-GB","@id":"https:\/\/buletin.de\/bucuresti\/incendiu-in-pasajul-unirii-masini-abandonate-din-cauza-fumului-dens\/#primaryimage","url":"https:\/\/buletin.de\/bucuresti\/wp-content\/uploads\/312111470_619828456509099_1431343874421288978_n.jpg","contentUrl":"https:\/\/buletin.de\/bucuresti\/wp-content\/uploads\/312111470_619828456509099_1431343874421288978_n.jpg","width":1600,"height":900},{"@type":"BreadcrumbList","@id":"https:\/\/buletin.de\/bucuresti\/incendiu-in-pasajul-unirii-masini-abandonate-din-cauza-fumului-dens\/#breadcrumb","itemListElement":[{"@type":"ListItem","position":1,"name":"Acas\u0103","item":"https:\/\/buletin.de\/bucuresti\/"},{"@type":"ListItem","position":2,"name":"Incendiu \u00een Pasajul Unirii: Ma\u0219ini abandonate din cauza fumului dens"}]},{"@type":"WebSite","@id":"https:\/\/buletin.de\/bucuresti\/#website","url":"https:\/\/buletin.de\/bucuresti\/","name":"Buletin de Bucure\u0219ti","description":"\u0218tiri \u0219i investiga\u021bii esen\u021biale din capital\u0103","publisher":{"@id":"https:\/\/buletin.de\/bucuresti\/#organization"},"potentialAction":[{"@type":"SearchAction","target":{"@type":"EntryPoint","urlTemplate":"https:\/\/buletin.de\/bucuresti\/?s={search_term_string}"},"query-input":{"@type":"PropertyValueSpecification","valueRequired":true,"valueName":"search_term_string"}}],"inLanguage":"en-GB"},{"@type":"Organization","@id":"https:\/\/buletin.de\/bucuresti\/#organization","name":"Buletin de Bucure\u0219ti","url":"https:\/\/buletin.de\/bucuresti\/","logo":{"@type":"ImageObject","inLanguage":"en-GB","@id":"https:\/\/buletin.de\/bucuresti\/#\/schema\/logo\/image\/","url":"https:\/\/buletin.de\/bucuresti\/wp-content\/uploads\/logo-bdb-full-wide-vernil-transparent.png","contentUrl":"https:\/\/buletin.de\/bucuresti\/wp-content\/uploads\/logo-bdb-full-wide-vernil-transparent.png","width":1782,"height":626,"caption":"Buletin de Bucure\u0219ti"},"image":{"@id":"https:\/\/buletin.de\/bucuresti\/#\/schema\/logo\/image\/"},"sameAs":["https:\/\/www.facebook.com\/buletin.de.buc","https:\/\/www.instagram.com\/buletinde.bucuresti\/"]},{"@type":"Person","@id":"https:\/\/buletin.de\/bucuresti\/#\/schema\/person\/31117187ed4d0bdb0a4c7d6acc79d0f8","name":"C\u0103t\u0103lin Dosca\u0219","image":{"@type":"ImageObject","inLanguage":"en-GB","@id":"https:\/\/buletin.de\/bucuresti\/wp-content\/uploads\/Catalin-Doscas-e1732731064764-96x96.jpga93e2943bb3b1c1f9ead823df6e6317a","url":"https:\/\/buletin.de\/bucuresti\/wp-content\/uploads\/Catalin-Doscas-e1732731064764-96x96.jpg","contentUrl":"https:\/\/buletin.de\/bucuresti\/wp-content\/uploads\/Catalin-Doscas-e1732731064764-96x96.jpg","caption":"C\u0103t\u0103lin Dosca\u0219"},"description":"Reporter \u0219i redactor-\u0219ef Buletin de Bucure\u0219ti. Lucreaz\u0103 \u00een mass-media de la v\u00e2rsta de 15 ani, c\u00e2nd a publicat primele articole \u00een presa local\u0103 din Tecuci. \u00cen Bucure\u0219ti a lucrat \u00een redac\u021bii radio ca reporter, redactor \u0219i prezentator (StudentFM, Na\u021bionalFM, Radio Total, Smart FM), unde a acoperit domeniile politic, economic, social \u0219i externe. Ulterior, a fost editor-coordonator al postului Realitatea FM. Experien\u021ba \u00een jurnalismul online a dob\u00e2ndit-o la portalul B365.ro, unde a fost editor. \u00cen 2012 s-a angajat \u00een televiziune. La Realitatea TV a fost, pe r\u00e2nd, reporter la sec\u021bia Social, reporter special la emisiunea de reportaje \u0219i anchete \u201eReporterii Realit\u0103\u021bii\u201d, dar \u0219i editor al jurnalelor de \u0219tiri. Ulterior, a f\u0103cut parte din sec\u021bia de Investiga\u021bii de la Digi24 \u0219i a lucrat la campania \u201eRom\u00e2nia furat\u0103\u201d. A revenit \u00een presa scris\u0103 \u00een 2017, ca reporter special, \u00een cadrul unui proiect de repozi\u021bionare a tabloidului Libertatea \u00een cotidian generalist. Este jurnalist Buletin de Bucure\u0219ti din 2019.","url":"https:\/\/buletin.de\/bucuresti\/author\/catalin\/"}]}},"authors":[{"term_id":22575,"user_id":10,"is_guest":0,"slug":"catalin","display_name":"C\u0103t\u0103lin Dosca\u0219","avatar_url":"https:\/\/buletin.de\/bucuresti\/wp-content\/uploads\/Catalin-Doscas-e1732731064764-96x96.jpg","0":null,"1":"","2":"","3":"","4":"","5":"","6":"","7":"","8":""}],"_links":{"self":[{"href":"https:\/\/buletin.de\/bucuresti\/wp-json\/wp\/v2\/posts\/47420","targetHints":{"allow":["GET"]}}],"collection":[{"href":"https:\/\/buletin.de\/bucuresti\/wp-json\/wp\/v2\/posts"}],"about":[{"href":"https:\/\/buletin.de\/bucuresti\/wp-json\/wp\/v2\/types\/post"}],"author":[{"embeddable":true,"href":"https:\/\/buletin.de\/bucuresti\/wp-json\/wp\/v2\/users\/10"}],"replies":[{"embeddable":true,"href":"https:\/\/buletin.de\/bucuresti\/wp-json\/wp\/v2\/comments?post=47420"}],"version-history":[{"count":10,"href":"https:\/\/buletin.de\/bucuresti\/wp-json\/wp\/v2\/posts\/47420\/revisions"}],"predecessor-version":[{"id":47445,"href":"https:\/\/buletin.de\/bucuresti\/wp-json\/wp\/v2\/posts\/47420\/revisions\/47445"}],"wp:featuredmedia":[{"embeddable":true,"href":"https:\/\/buletin.de\/bucuresti\/wp-json\/wp\/v2\/media\/47424"}],"wp:attachment":[{"href":"https:\/\/buletin.de\/bucuresti\/wp-json\/wp\/v2\/media?parent=47420"}],"wp:term":[{"taxonomy":"category","embeddable":true,"href":"https:\/\/buletin.de\/bucuresti\/wp-json\/wp\/v2\/categories?post=47420"},{"taxonomy":"post_tag","embeddable":true,"href":"https:\/\/buletin.de\/bucuresti\/wp-json\/wp\/v2\/tags?post=47420"},{"taxonomy":"author","embeddable":true,"href":"https:\/\/buletin.de\/bucuresti\/wp-json\/wp\/v2\/ppma_author?post=47420"}],"curies":[{"name":"wp","href":"https:\/\/api.w.org\/{rel}","templated":true}]}}