{"id":47405,"date":"2022-10-17T20:09:48","date_gmt":"2022-10-17T18:09:48","guid":{"rendered":"https:\/\/buletin.de\/bucuresti\/?p=47405"},"modified":"2022-10-17T20:12:47","modified_gmt":"2022-10-17T18:12:47","slug":"clotilde-armand-cere-rezilierea-contractului-cu-romprest-in-instanta-compania-a-notificat-primaria-ca-va-scadea-frecventa-serviciilor-stradale","status":"publish","type":"post","link":"https:\/\/buletin.de\/bucuresti\/clotilde-armand-cere-rezilierea-contractului-cu-romprest-in-instanta-compania-a-notificat-primaria-ca-va-scadea-frecventa-serviciilor-stradale\/","title":{"rendered":"Clotilde Armand cere rezilierea contractului cu Romprest \u00een instan\u021b\u0103. Compania a notificat Prim\u0103ria c\u0103 va sc\u0103dea frecven\u021ba serviciilor stradale"},"content":{"rendered":"\n<p>Primarul Sectorului 1, Clotilde Armand, anun\u021b\u0103 c\u0103 a cerut rezilierea contractului cu Romprest \u00een instan\u021b\u0103. Primul termen de judecat\u0103 va fi pe 11 noiembrie. Declara\u021bia sa vine dup\u0103 ce, \u00een urm\u0103 cu c\u00e2teva zile, operatorul de salubritate a notificat Prim\u0103ria c\u0103 \u00ee\u0219i va reduce serviciile pentru c\u0103 nu a primit banii pentru presta\u021biile pe o lun\u0103. Anul trecut, conflictul dintre primarul Sectorului 1 \u0219i Romprest a dus la o criz\u0103 a gunoaielor care a durat c\u00e2teva s\u0103pt\u0103m\u00e2ni.<\/p>\n\n\n\n<blockquote class=\"wp-block-quote is-layout-flow wp-block-quote-is-layout-flow\"><p>Am depus \u00een instan\u021b\u0103 ac\u021biunea de reziliere a contractului cu compania de salubritate, un contract pe 25 de ani la un suprapre\u021b atribuit direct acestei companii de c\u0103tre PNL \u0219i cu sus\u021binerea PSD. To\u021bi fo\u0219tii primari \u0219i mul\u021bi actuali politicieni s-au \u00eenfruptat de aici. Din banii vo\u0219tri. Amintesc aici c\u0103 fostul primar PSD este deja \u00eentr-un dosar la DNA care prive\u0219te prejudicierea Sectorului 1 cu 1 miliard de lei. Instan\u021ba a stabilit ca primul termen \u00een data de 11.11.2022. V\u0103 spun toate aceste lucruri pentru valurile de lin\u0219aje care vor veni \u0219i atacurile din presa cump\u0103rat\u0103 de PNL\/PSD cu bani publici. C\u00e2nd o s\u0103-i vede\u021bi url\u00e2nd pe cei din PSD \u0219i PNL la adresa mea s\u0103 le ar\u0103ta\u021bi asta.<\/p><cite>Facebook Clotilde Armand<br><\/cite><\/blockquote>\n\n\n\n<p>Anun\u021bul primarului Sectorului 1 vine la o zi dup\u0103 ce Romprest \u0219i-a diminuat serviciile \u0219i cere achitarea unor facturi restante de peste 10 milioane de lei.<\/p>\n\n\n\n<p>\u00cen notificarea trimis\u0103, Romprest aminte\u0219te \u0219i de datoriile istorice pe care consider\u0103 c\u0103 le are Prim\u0103ria.<\/p>\n\n\n\n<p><\/p>\n\n\n\n<p class=\"has-cyan-bluish-gray-background-color has-background has-small-font-size\">&#8211; Debite restante istorice in valoare de 95,410,391 lei, la care penalit\u0103\u021bile contractuale calculate sunt in valoare de 47,482,011 lei, inregistrand la data prezentei 745 zile de intarziere de la data emiterii primei facturi restante, pentru perioada iulie 2020- mai 2021; &#8211; &#8212; Debitele restante reprezent\u00eend facturile emise \u00een valoare totala de 10.548.342,63 lei, pentru presta\u021bii curente din perioada 16.07-15.08.2022, pentru care se inregistreaz\u0103 la data prezentei depa\u0219iri ale termenelor de plat\u0103 de peste 30 zile; <\/p>\n\n\n\n<p class=\"has-cyan-bluish-gray-background-color has-background has-small-font-size\">Romprest va presta programe de salubrizare stradala cu frecvente diminuate, \u00eencep\u00e2nd cu data de 16.10.2022, ora 7.00. Programul de prestatie diminuat va fi transmis in data de 15.10.2022 catre Politia Locala Sector 1- Directia control urban.<\/p>\n\n\n\n<p><\/p>\n\n\n\n<p>Sectorul 1 a trecut, anul trecut, prin dou\u0103 crize ale gunoiului. \u00cen august, Romprest \u0219i Prim\u0103ria Sector 1 au semnat un protocol prin care se reducea frecven\u021ba serviciilor fa\u021b\u0103 de datele contractuale, pentru a sc\u0103dea costurile. \u00cen noiembrie a fost \u00eencheiat un al doilea protocol iar \u00een mai 2022 a fost ad\u0103ugat\u0103 o anex\u0103. <\/p>\n\n\n\n<p>Contractul dintre Prim\u0103ria Sector 1 \u0219i Romprest a fost \u00eencheiat \u00een timpul mandatului lui Andrei Chiliman, pentru o perioad\u0103 de 25 de ani.<\/p>\n\n\n\n<p>sursa foto cover: Inquam Photos \/Octav Ganea<\/p>\n\n\n\n<p><\/p>\n\n\n\n<p><\/p>\n","protected":false},"excerpt":{"rendered":"<p>Primarul Sectorului 1, Clotilde Armand, anun\u021b\u0103 c\u0103 a cerut rezilierea contractului cu Romprest \u00een instan\u021b\u0103. Primul termen de judecat\u0103 va fi pe 11 noiembrie. Declara\u021bia sa vine dup\u0103 ce, \u00een urm\u0103 cu c\u00e2teva zile, operatorul de salubritate a notificat Prim\u0103ria c\u0103 \u00ee\u0219i va reduce serviciile pentru c\u0103 nu a primit banii pentru presta\u021biile pe o [&hellip;]<\/p>\n","protected":false},"author":18,"featured_media":47410,"comment_status":"closed","ping_status":"open","sticky":false,"template":"","format":"standard","meta":{"_acf_changed":false,"inline_featured_image":false,"ngg_post_thumbnail":0,"footnotes":""},"categories":[62],"tags":[1487,230,1933,308],"ppma_author":[22579],"class_list":["post-47405","post","type-post","status-publish","format-standard","has-post-thumbnail","hentry","category-stiri","tag-clotilde-armand","tag-gunoi","tag-romprest","tag-sector-1"],"acf":[],"yoast_head":"<!-- This site is optimized with the Yoast SEO Premium plugin v25.3 (Yoast SEO v27.5) - https:\/\/yoast.com\/product\/yoast-seo-premium-wordpress\/ -->\n<title>Clotilde Armand cere rezilierea contractului cu Romprest \u00een instan\u021b\u0103. Compania a notificat Prim\u0103ria c\u0103 va sc\u0103dea frecven\u021ba serviciilor stradale - Buletin de Bucure\u0219ti<\/title>\n<meta name=\"robots\" content=\"index, follow, max-snippet:-1, max-image-preview:large, max-video-preview:-1\" \/>\n<link rel=\"canonical\" href=\"https:\/\/buletin.de\/bucuresti\/clotilde-armand-cere-rezilierea-contractului-cu-romprest-in-instanta-compania-a-notificat-primaria-ca-va-scadea-frecventa-serviciilor-stradale\/\" \/>\n<meta property=\"og:locale\" content=\"en_GB\" \/>\n<meta property=\"og:type\" content=\"article\" \/>\n<meta property=\"og:title\" content=\"Clotilde Armand cere rezilierea contractului cu Romprest \u00een instan\u021b\u0103. Compania a notificat Prim\u0103ria c\u0103 va sc\u0103dea frecven\u021ba serviciilor stradale\" \/>\n<meta property=\"og:description\" content=\"Primarul Sectorului 1, Clotilde Armand, anun\u021b\u0103 c\u0103 a cerut rezilierea contractului cu Romprest \u00een instan\u021b\u0103. Primul termen de judecat\u0103 va fi pe 11 noiembrie. Declara\u021bia sa vine dup\u0103 ce, \u00een urm\u0103 cu c\u00e2teva zile, operatorul de salubritate a notificat Prim\u0103ria c\u0103 \u00ee\u0219i va reduce serviciile pentru c\u0103 nu a primit banii pentru presta\u021biile pe o [&hellip;]\" \/>\n<meta property=\"og:url\" content=\"https:\/\/buletin.de\/bucuresti\/clotilde-armand-cere-rezilierea-contractului-cu-romprest-in-instanta-compania-a-notificat-primaria-ca-va-scadea-frecventa-serviciilor-stradale\/\" \/>\n<meta property=\"og:site_name\" content=\"Buletin de Bucure\u0219ti\" \/>\n<meta property=\"article:publisher\" content=\"https:\/\/www.facebook.com\/buletin.de.buc\" \/>\n<meta property=\"article:published_time\" content=\"2022-10-17T18:09:48+00:00\" \/>\n<meta property=\"article:modified_time\" content=\"2022-10-17T18:12:47+00:00\" \/>\n<meta property=\"og:image\" content=\"https:\/\/buletin.de\/bucuresti\/wp-content\/uploads\/ID173644_INQUAM_Photos_Octav_Ganea.jpg\" \/>\n\t<meta property=\"og:image:width\" content=\"2000\" \/>\n\t<meta property=\"og:image:height\" content=\"1333\" \/>\n\t<meta property=\"og:image:type\" content=\"image\/jpeg\" \/>\n<meta name=\"author\" content=\"Teodora Stroe\" \/>\n<meta name=\"twitter:card\" content=\"summary_large_image\" \/>\n<meta name=\"twitter:label1\" content=\"Written by\" \/>\n\t<meta name=\"twitter:data1\" content=\"Teodora Stroe\" \/>\n\t<meta name=\"twitter:label2\" content=\"Estimated reading time\" \/>\n\t<meta name=\"twitter:data2\" content=\"2 minutes\" \/>\n<script type=\"application\/ld+json\" class=\"yoast-schema-graph\">{\"@context\":\"https:\\\/\\\/schema.org\",\"@graph\":[{\"@type\":\"Article\",\"@id\":\"https:\\\/\\\/buletin.de\\\/bucuresti\\\/clotilde-armand-cere-rezilierea-contractului-cu-romprest-in-instanta-compania-a-notificat-primaria-ca-va-scadea-frecventa-serviciilor-stradale\\\/#article\",\"isPartOf\":{\"@id\":\"https:\\\/\\\/buletin.de\\\/bucuresti\\\/clotilde-armand-cere-rezilierea-contractului-cu-romprest-in-instanta-compania-a-notificat-primaria-ca-va-scadea-frecventa-serviciilor-stradale\\\/\"},\"author\":{\"name\":\"Teodora Stroe\",\"@id\":\"https:\\\/\\\/buletin.de\\\/bucuresti\\\/#\\\/schema\\\/person\\\/d369d7ddc775abece205795e0b804614\"},\"headline\":\"Clotilde Armand cere rezilierea contractului cu Romprest \u00een instan\u021b\u0103. Compania a notificat Prim\u0103ria c\u0103 va sc\u0103dea frecven\u021ba serviciilor stradale\",\"datePublished\":\"2022-10-17T18:09:48+00:00\",\"dateModified\":\"2022-10-17T18:12:47+00:00\",\"mainEntityOfPage\":{\"@id\":\"https:\\\/\\\/buletin.de\\\/bucuresti\\\/clotilde-armand-cere-rezilierea-contractului-cu-romprest-in-instanta-compania-a-notificat-primaria-ca-va-scadea-frecventa-serviciilor-stradale\\\/\"},\"wordCount\":475,\"publisher\":{\"@id\":\"https:\\\/\\\/buletin.de\\\/bucuresti\\\/#organization\"},\"image\":{\"@id\":\"https:\\\/\\\/buletin.de\\\/bucuresti\\\/clotilde-armand-cere-rezilierea-contractului-cu-romprest-in-instanta-compania-a-notificat-primaria-ca-va-scadea-frecventa-serviciilor-stradale\\\/#primaryimage\"},\"thumbnailUrl\":\"https:\\\/\\\/buletin.de\\\/bucuresti\\\/wp-content\\\/uploads\\\/ID173644_INQUAM_Photos_Octav_Ganea.jpg\",\"keywords\":[\"clotilde armand\",\"gunoi\",\"romprest\",\"Sector 1\"],\"articleSection\":[\"\u0218tiri\"],\"inLanguage\":\"en-GB\",\"copyrightYear\":\"2022\",\"copyrightHolder\":{\"@id\":\"https:\\\/\\\/buletin.de\\\/bucuresti\\\/#organization\"}},{\"@type\":\"WebPage\",\"@id\":\"https:\\\/\\\/buletin.de\\\/bucuresti\\\/clotilde-armand-cere-rezilierea-contractului-cu-romprest-in-instanta-compania-a-notificat-primaria-ca-va-scadea-frecventa-serviciilor-stradale\\\/\",\"url\":\"https:\\\/\\\/buletin.de\\\/bucuresti\\\/clotilde-armand-cere-rezilierea-contractului-cu-romprest-in-instanta-compania-a-notificat-primaria-ca-va-scadea-frecventa-serviciilor-stradale\\\/\",\"name\":\"Clotilde Armand cere rezilierea contractului cu Romprest \u00een instan\u021b\u0103. Compania a notificat Prim\u0103ria c\u0103 va sc\u0103dea frecven\u021ba serviciilor stradale - Buletin de Bucure\u0219ti\",\"isPartOf\":{\"@id\":\"https:\\\/\\\/buletin.de\\\/bucuresti\\\/#website\"},\"primaryImageOfPage\":{\"@id\":\"https:\\\/\\\/buletin.de\\\/bucuresti\\\/clotilde-armand-cere-rezilierea-contractului-cu-romprest-in-instanta-compania-a-notificat-primaria-ca-va-scadea-frecventa-serviciilor-stradale\\\/#primaryimage\"},\"image\":{\"@id\":\"https:\\\/\\\/buletin.de\\\/bucuresti\\\/clotilde-armand-cere-rezilierea-contractului-cu-romprest-in-instanta-compania-a-notificat-primaria-ca-va-scadea-frecventa-serviciilor-stradale\\\/#primaryimage\"},\"thumbnailUrl\":\"https:\\\/\\\/buletin.de\\\/bucuresti\\\/wp-content\\\/uploads\\\/ID173644_INQUAM_Photos_Octav_Ganea.jpg\",\"datePublished\":\"2022-10-17T18:09:48+00:00\",\"dateModified\":\"2022-10-17T18:12:47+00:00\",\"breadcrumb\":{\"@id\":\"https:\\\/\\\/buletin.de\\\/bucuresti\\\/clotilde-armand-cere-rezilierea-contractului-cu-romprest-in-instanta-compania-a-notificat-primaria-ca-va-scadea-frecventa-serviciilor-stradale\\\/#breadcrumb\"},\"inLanguage\":\"en-GB\",\"potentialAction\":[{\"@type\":\"ReadAction\",\"target\":[\"https:\\\/\\\/buletin.de\\\/bucuresti\\\/clotilde-armand-cere-rezilierea-contractului-cu-romprest-in-instanta-compania-a-notificat-primaria-ca-va-scadea-frecventa-serviciilor-stradale\\\/\"]}]},{\"@type\":\"ImageObject\",\"inLanguage\":\"en-GB\",\"@id\":\"https:\\\/\\\/buletin.de\\\/bucuresti\\\/clotilde-armand-cere-rezilierea-contractului-cu-romprest-in-instanta-compania-a-notificat-primaria-ca-va-scadea-frecventa-serviciilor-stradale\\\/#primaryimage\",\"url\":\"https:\\\/\\\/buletin.de\\\/bucuresti\\\/wp-content\\\/uploads\\\/ID173644_INQUAM_Photos_Octav_Ganea.jpg\",\"contentUrl\":\"https:\\\/\\\/buletin.de\\\/bucuresti\\\/wp-content\\\/uploads\\\/ID173644_INQUAM_Photos_Octav_Ganea.jpg\",\"width\":2000,\"height\":1333},{\"@type\":\"BreadcrumbList\",\"@id\":\"https:\\\/\\\/buletin.de\\\/bucuresti\\\/clotilde-armand-cere-rezilierea-contractului-cu-romprest-in-instanta-compania-a-notificat-primaria-ca-va-scadea-frecventa-serviciilor-stradale\\\/#breadcrumb\",\"itemListElement\":[{\"@type\":\"ListItem\",\"position\":1,\"name\":\"Acas\u0103\",\"item\":\"https:\\\/\\\/buletin.de\\\/bucuresti\\\/\"},{\"@type\":\"ListItem\",\"position\":2,\"name\":\"Clotilde Armand cere rezilierea contractului cu Romprest \u00een instan\u021b\u0103. Compania a notificat Prim\u0103ria c\u0103 va sc\u0103dea frecven\u021ba serviciilor stradale\"}]},{\"@type\":\"WebSite\",\"@id\":\"https:\\\/\\\/buletin.de\\\/bucuresti\\\/#website\",\"url\":\"https:\\\/\\\/buletin.de\\\/bucuresti\\\/\",\"name\":\"Buletin de Bucure\u0219ti\",\"description\":\"\u0218tiri \u0219i investiga\u021bii esen\u021biale din capital\u0103\",\"publisher\":{\"@id\":\"https:\\\/\\\/buletin.de\\\/bucuresti\\\/#organization\"},\"potentialAction\":[{\"@type\":\"SearchAction\",\"target\":{\"@type\":\"EntryPoint\",\"urlTemplate\":\"https:\\\/\\\/buletin.de\\\/bucuresti\\\/?s={search_term_string}\"},\"query-input\":{\"@type\":\"PropertyValueSpecification\",\"valueRequired\":true,\"valueName\":\"search_term_string\"}}],\"inLanguage\":\"en-GB\"},{\"@type\":\"Organization\",\"@id\":\"https:\\\/\\\/buletin.de\\\/bucuresti\\\/#organization\",\"name\":\"Buletin de Bucure\u0219ti\",\"url\":\"https:\\\/\\\/buletin.de\\\/bucuresti\\\/\",\"logo\":{\"@type\":\"ImageObject\",\"inLanguage\":\"en-GB\",\"@id\":\"https:\\\/\\\/buletin.de\\\/bucuresti\\\/#\\\/schema\\\/logo\\\/image\\\/\",\"url\":\"https:\\\/\\\/buletin.de\\\/bucuresti\\\/wp-content\\\/uploads\\\/logo-bdb-full-wide-vernil-transparent.png\",\"contentUrl\":\"https:\\\/\\\/buletin.de\\\/bucuresti\\\/wp-content\\\/uploads\\\/logo-bdb-full-wide-vernil-transparent.png\",\"width\":1782,\"height\":626,\"caption\":\"Buletin de Bucure\u0219ti\"},\"image\":{\"@id\":\"https:\\\/\\\/buletin.de\\\/bucuresti\\\/#\\\/schema\\\/logo\\\/image\\\/\"},\"sameAs\":[\"https:\\\/\\\/www.facebook.com\\\/buletin.de.buc\",\"https:\\\/\\\/www.instagram.com\\\/buletinde.bucuresti\\\/\"]},{\"@type\":\"Person\",\"@id\":\"https:\\\/\\\/buletin.de\\\/bucuresti\\\/#\\\/schema\\\/person\\\/d369d7ddc775abece205795e0b804614\",\"name\":\"Teodora Stroe\",\"image\":{\"@type\":\"ImageObject\",\"inLanguage\":\"en-GB\",\"@id\":\"https:\\\/\\\/secure.gravatar.com\\\/avatar\\\/2560b4cd9f5f1bc100b123158e657d75584bd1c3e1d9c69285720b9457c1b78d?s=96&d=monsterid&r=gc104800242ba5f2d78dd5d7dc4df08b6\",\"url\":\"https:\\\/\\\/secure.gravatar.com\\\/avatar\\\/2560b4cd9f5f1bc100b123158e657d75584bd1c3e1d9c69285720b9457c1b78d?s=96&d=monsterid&r=g\",\"contentUrl\":\"https:\\\/\\\/secure.gravatar.com\\\/avatar\\\/2560b4cd9f5f1bc100b123158e657d75584bd1c3e1d9c69285720b9457c1b78d?s=96&d=monsterid&r=g\",\"caption\":\"Teodora Stroe\"},\"url\":\"https:\\\/\\\/buletin.de\\\/bucuresti\\\/author\\\/simonacarlugea\\\/\"}]}<\/script>\n<!-- \/ Yoast SEO Premium plugin. -->","yoast_head_json":{"title":"Clotilde Armand cere rezilierea contractului cu Romprest \u00een instan\u021b\u0103. Compania a notificat Prim\u0103ria c\u0103 va sc\u0103dea frecven\u021ba serviciilor stradale - Buletin de Bucure\u0219ti","robots":{"index":"index","follow":"follow","max-snippet":"max-snippet:-1","max-image-preview":"max-image-preview:large","max-video-preview":"max-video-preview:-1"},"canonical":"https:\/\/buletin.de\/bucuresti\/clotilde-armand-cere-rezilierea-contractului-cu-romprest-in-instanta-compania-a-notificat-primaria-ca-va-scadea-frecventa-serviciilor-stradale\/","og_locale":"en_GB","og_type":"article","og_title":"Clotilde Armand cere rezilierea contractului cu Romprest \u00een instan\u021b\u0103. Compania a notificat Prim\u0103ria c\u0103 va sc\u0103dea frecven\u021ba serviciilor stradale","og_description":"Primarul Sectorului 1, Clotilde Armand, anun\u021b\u0103 c\u0103 a cerut rezilierea contractului cu Romprest \u00een instan\u021b\u0103. Primul termen de judecat\u0103 va fi pe 11 noiembrie. Declara\u021bia sa vine dup\u0103 ce, \u00een urm\u0103 cu c\u00e2teva zile, operatorul de salubritate a notificat Prim\u0103ria c\u0103 \u00ee\u0219i va reduce serviciile pentru c\u0103 nu a primit banii pentru presta\u021biile pe o [&hellip;]","og_url":"https:\/\/buletin.de\/bucuresti\/clotilde-armand-cere-rezilierea-contractului-cu-romprest-in-instanta-compania-a-notificat-primaria-ca-va-scadea-frecventa-serviciilor-stradale\/","og_site_name":"Buletin de Bucure\u0219ti","article_publisher":"https:\/\/www.facebook.com\/buletin.de.buc","article_published_time":"2022-10-17T18:09:48+00:00","article_modified_time":"2022-10-17T18:12:47+00:00","og_image":[{"width":2000,"height":1333,"url":"https:\/\/buletin.de\/bucuresti\/wp-content\/uploads\/ID173644_INQUAM_Photos_Octav_Ganea.jpg","type":"image\/jpeg"}],"author":"Teodora Stroe","twitter_card":"summary_large_image","twitter_misc":{"Written by":"Teodora Stroe","Estimated reading time":"2 minutes"},"schema":{"@context":"https:\/\/schema.org","@graph":[{"@type":"Article","@id":"https:\/\/buletin.de\/bucuresti\/clotilde-armand-cere-rezilierea-contractului-cu-romprest-in-instanta-compania-a-notificat-primaria-ca-va-scadea-frecventa-serviciilor-stradale\/#article","isPartOf":{"@id":"https:\/\/buletin.de\/bucuresti\/clotilde-armand-cere-rezilierea-contractului-cu-romprest-in-instanta-compania-a-notificat-primaria-ca-va-scadea-frecventa-serviciilor-stradale\/"},"author":{"name":"Teodora Stroe","@id":"https:\/\/buletin.de\/bucuresti\/#\/schema\/person\/d369d7ddc775abece205795e0b804614"},"headline":"Clotilde Armand cere rezilierea contractului cu Romprest \u00een instan\u021b\u0103. Compania a notificat Prim\u0103ria c\u0103 va sc\u0103dea frecven\u021ba serviciilor stradale","datePublished":"2022-10-17T18:09:48+00:00","dateModified":"2022-10-17T18:12:47+00:00","mainEntityOfPage":{"@id":"https:\/\/buletin.de\/bucuresti\/clotilde-armand-cere-rezilierea-contractului-cu-romprest-in-instanta-compania-a-notificat-primaria-ca-va-scadea-frecventa-serviciilor-stradale\/"},"wordCount":475,"publisher":{"@id":"https:\/\/buletin.de\/bucuresti\/#organization"},"image":{"@id":"https:\/\/buletin.de\/bucuresti\/clotilde-armand-cere-rezilierea-contractului-cu-romprest-in-instanta-compania-a-notificat-primaria-ca-va-scadea-frecventa-serviciilor-stradale\/#primaryimage"},"thumbnailUrl":"https:\/\/buletin.de\/bucuresti\/wp-content\/uploads\/ID173644_INQUAM_Photos_Octav_Ganea.jpg","keywords":["clotilde armand","gunoi","romprest","Sector 1"],"articleSection":["\u0218tiri"],"inLanguage":"en-GB","copyrightYear":"2022","copyrightHolder":{"@id":"https:\/\/buletin.de\/bucuresti\/#organization"}},{"@type":"WebPage","@id":"https:\/\/buletin.de\/bucuresti\/clotilde-armand-cere-rezilierea-contractului-cu-romprest-in-instanta-compania-a-notificat-primaria-ca-va-scadea-frecventa-serviciilor-stradale\/","url":"https:\/\/buletin.de\/bucuresti\/clotilde-armand-cere-rezilierea-contractului-cu-romprest-in-instanta-compania-a-notificat-primaria-ca-va-scadea-frecventa-serviciilor-stradale\/","name":"Clotilde Armand cere rezilierea contractului cu Romprest \u00een instan\u021b\u0103. Compania a notificat Prim\u0103ria c\u0103 va sc\u0103dea frecven\u021ba serviciilor stradale - Buletin de Bucure\u0219ti","isPartOf":{"@id":"https:\/\/buletin.de\/bucuresti\/#website"},"primaryImageOfPage":{"@id":"https:\/\/buletin.de\/bucuresti\/clotilde-armand-cere-rezilierea-contractului-cu-romprest-in-instanta-compania-a-notificat-primaria-ca-va-scadea-frecventa-serviciilor-stradale\/#primaryimage"},"image":{"@id":"https:\/\/buletin.de\/bucuresti\/clotilde-armand-cere-rezilierea-contractului-cu-romprest-in-instanta-compania-a-notificat-primaria-ca-va-scadea-frecventa-serviciilor-stradale\/#primaryimage"},"thumbnailUrl":"https:\/\/buletin.de\/bucuresti\/wp-content\/uploads\/ID173644_INQUAM_Photos_Octav_Ganea.jpg","datePublished":"2022-10-17T18:09:48+00:00","dateModified":"2022-10-17T18:12:47+00:00","breadcrumb":{"@id":"https:\/\/buletin.de\/bucuresti\/clotilde-armand-cere-rezilierea-contractului-cu-romprest-in-instanta-compania-a-notificat-primaria-ca-va-scadea-frecventa-serviciilor-stradale\/#breadcrumb"},"inLanguage":"en-GB","potentialAction":[{"@type":"ReadAction","target":["https:\/\/buletin.de\/bucuresti\/clotilde-armand-cere-rezilierea-contractului-cu-romprest-in-instanta-compania-a-notificat-primaria-ca-va-scadea-frecventa-serviciilor-stradale\/"]}]},{"@type":"ImageObject","inLanguage":"en-GB","@id":"https:\/\/buletin.de\/bucuresti\/clotilde-armand-cere-rezilierea-contractului-cu-romprest-in-instanta-compania-a-notificat-primaria-ca-va-scadea-frecventa-serviciilor-stradale\/#primaryimage","url":"https:\/\/buletin.de\/bucuresti\/wp-content\/uploads\/ID173644_INQUAM_Photos_Octav_Ganea.jpg","contentUrl":"https:\/\/buletin.de\/bucuresti\/wp-content\/uploads\/ID173644_INQUAM_Photos_Octav_Ganea.jpg","width":2000,"height":1333},{"@type":"BreadcrumbList","@id":"https:\/\/buletin.de\/bucuresti\/clotilde-armand-cere-rezilierea-contractului-cu-romprest-in-instanta-compania-a-notificat-primaria-ca-va-scadea-frecventa-serviciilor-stradale\/#breadcrumb","itemListElement":[{"@type":"ListItem","position":1,"name":"Acas\u0103","item":"https:\/\/buletin.de\/bucuresti\/"},{"@type":"ListItem","position":2,"name":"Clotilde Armand cere rezilierea contractului cu Romprest \u00een instan\u021b\u0103. Compania a notificat Prim\u0103ria c\u0103 va sc\u0103dea frecven\u021ba serviciilor stradale"}]},{"@type":"WebSite","@id":"https:\/\/buletin.de\/bucuresti\/#website","url":"https:\/\/buletin.de\/bucuresti\/","name":"Buletin de Bucure\u0219ti","description":"\u0218tiri \u0219i investiga\u021bii esen\u021biale din capital\u0103","publisher":{"@id":"https:\/\/buletin.de\/bucuresti\/#organization"},"potentialAction":[{"@type":"SearchAction","target":{"@type":"EntryPoint","urlTemplate":"https:\/\/buletin.de\/bucuresti\/?s={search_term_string}"},"query-input":{"@type":"PropertyValueSpecification","valueRequired":true,"valueName":"search_term_string"}}],"inLanguage":"en-GB"},{"@type":"Organization","@id":"https:\/\/buletin.de\/bucuresti\/#organization","name":"Buletin de Bucure\u0219ti","url":"https:\/\/buletin.de\/bucuresti\/","logo":{"@type":"ImageObject","inLanguage":"en-GB","@id":"https:\/\/buletin.de\/bucuresti\/#\/schema\/logo\/image\/","url":"https:\/\/buletin.de\/bucuresti\/wp-content\/uploads\/logo-bdb-full-wide-vernil-transparent.png","contentUrl":"https:\/\/buletin.de\/bucuresti\/wp-content\/uploads\/logo-bdb-full-wide-vernil-transparent.png","width":1782,"height":626,"caption":"Buletin de Bucure\u0219ti"},"image":{"@id":"https:\/\/buletin.de\/bucuresti\/#\/schema\/logo\/image\/"},"sameAs":["https:\/\/www.facebook.com\/buletin.de.buc","https:\/\/www.instagram.com\/buletinde.bucuresti\/"]},{"@type":"Person","@id":"https:\/\/buletin.de\/bucuresti\/#\/schema\/person\/d369d7ddc775abece205795e0b804614","name":"Teodora Stroe","image":{"@type":"ImageObject","inLanguage":"en-GB","@id":"https:\/\/secure.gravatar.com\/avatar\/2560b4cd9f5f1bc100b123158e657d75584bd1c3e1d9c69285720b9457c1b78d?s=96&d=monsterid&r=gc104800242ba5f2d78dd5d7dc4df08b6","url":"https:\/\/secure.gravatar.com\/avatar\/2560b4cd9f5f1bc100b123158e657d75584bd1c3e1d9c69285720b9457c1b78d?s=96&d=monsterid&r=g","contentUrl":"https:\/\/secure.gravatar.com\/avatar\/2560b4cd9f5f1bc100b123158e657d75584bd1c3e1d9c69285720b9457c1b78d?s=96&d=monsterid&r=g","caption":"Teodora Stroe"},"url":"https:\/\/buletin.de\/bucuresti\/author\/simonacarlugea\/"}]}},"authors":[{"term_id":22579,"user_id":18,"is_guest":0,"slug":"simonacarlugea","display_name":"Teodora Stroe","avatar_url":"https:\/\/secure.gravatar.com\/avatar\/2560b4cd9f5f1bc100b123158e657d75584bd1c3e1d9c69285720b9457c1b78d?s=96&d=monsterid&r=g","0":null,"1":"","2":"","3":"","4":"","5":"","6":"","7":"","8":""}],"_links":{"self":[{"href":"https:\/\/buletin.de\/bucuresti\/wp-json\/wp\/v2\/posts\/47405","targetHints":{"allow":["GET"]}}],"collection":[{"href":"https:\/\/buletin.de\/bucuresti\/wp-json\/wp\/v2\/posts"}],"about":[{"href":"https:\/\/buletin.de\/bucuresti\/wp-json\/wp\/v2\/types\/post"}],"author":[{"embeddable":true,"href":"https:\/\/buletin.de\/bucuresti\/wp-json\/wp\/v2\/users\/18"}],"replies":[{"embeddable":true,"href":"https:\/\/buletin.de\/bucuresti\/wp-json\/wp\/v2\/comments?post=47405"}],"version-history":[{"count":6,"href":"https:\/\/buletin.de\/bucuresti\/wp-json\/wp\/v2\/posts\/47405\/revisions"}],"predecessor-version":[{"id":47412,"href":"https:\/\/buletin.de\/bucuresti\/wp-json\/wp\/v2\/posts\/47405\/revisions\/47412"}],"wp:featuredmedia":[{"embeddable":true,"href":"https:\/\/buletin.de\/bucuresti\/wp-json\/wp\/v2\/media\/47410"}],"wp:attachment":[{"href":"https:\/\/buletin.de\/bucuresti\/wp-json\/wp\/v2\/media?parent=47405"}],"wp:term":[{"taxonomy":"category","embeddable":true,"href":"https:\/\/buletin.de\/bucuresti\/wp-json\/wp\/v2\/categories?post=47405"},{"taxonomy":"post_tag","embeddable":true,"href":"https:\/\/buletin.de\/bucuresti\/wp-json\/wp\/v2\/tags?post=47405"},{"taxonomy":"author","embeddable":true,"href":"https:\/\/buletin.de\/bucuresti\/wp-json\/wp\/v2\/ppma_author?post=47405"}],"curies":[{"name":"wp","href":"https:\/\/api.w.org\/{rel}","templated":true}]}}