{"id":47384,"date":"2022-10-17T15:18:15","date_gmt":"2022-10-17T13:18:15","guid":{"rendered":"https:\/\/buletin.de\/bucuresti\/?p=47384"},"modified":"2022-10-17T15:18:16","modified_gmt":"2022-10-17T13:18:16","slug":"sectorul-1-mamografii-si-ecografii-mamare-gratuite-la-complexul-multifunctional-caraiman","status":"publish","type":"post","link":"https:\/\/buletin.de\/bucuresti\/sectorul-1-mamografii-si-ecografii-mamare-gratuite-la-complexul-multifunctional-caraiman\/","title":{"rendered":"Sectorul 1: Mamografii \u015fi ecografii mamare gratuite la Complexul Multifunc\u0163ional Caraiman"},"content":{"rendered":"\n<p>\u00cencep\u00e2nd de azi, vreme de o lun\u0103, femeile cu domiciliul \u00een Sectorul 1 vor putea s\u0103 \u00ee\u015fi fac\u0103 investiga\u0163iile complete pentru prevenirea \u015fi reducerea cazurilor de cancer la s\u00e2n, la Complexul Multifunc\u0163ional Caraiman.<\/p>\n\n\n\n<figure class=\"wp-block-image size-large\"><img fetchpriority=\"high\" decoding=\"async\" width=\"900\" height=\"754\" src=\"data:image\/gif;base64,R0lGODlhAQABAAAAACH5BAEKAAEALAAAAAABAAEAAAICTAEAOw==\" data-src=\"https:\/\/buletin.de\/bucuresti\/wp-content\/uploads\/Afis-Campanie-Cancerul-poate-fi-prevenit-900x754.jpeg\" alt=\"\" class=\"wp-image-47385 lazyload\" data-sizes=\"auto\" data-srcset=\"https:\/\/buletin.de\/bucuresti\/wp-content\/uploads\/Afis-Campanie-Cancerul-poate-fi-prevenit-900x754.jpeg 900w, https:\/\/buletin.de\/bucuresti\/wp-content\/uploads\/Afis-Campanie-Cancerul-poate-fi-prevenit-300x251.jpeg 300w, https:\/\/buletin.de\/bucuresti\/wp-content\/uploads\/Afis-Campanie-Cancerul-poate-fi-prevenit-768x644.jpeg 768w, https:\/\/buletin.de\/bucuresti\/wp-content\/uploads\/Afis-Campanie-Cancerul-poate-fi-prevenit-550x461.jpeg 550w, https:\/\/buletin.de\/bucuresti\/wp-content\/uploads\/Afis-Campanie-Cancerul-poate-fi-prevenit-596x500.jpeg 596w, https:\/\/buletin.de\/bucuresti\/wp-content\/uploads\/Afis-Campanie-Cancerul-poate-fi-prevenit-600x503.jpeg 600w, https:\/\/buletin.de\/bucuresti\/wp-content\/uploads\/Afis-Campanie-Cancerul-poate-fi-prevenit.jpeg 940w\" sizes=\"(max-width: 900px) 100vw, 900px\" \/><\/figure>\n\n\n\n<p>Centrul medical aflat \u00een administrarea Prim\u0103riei Sectorului 1 dispune de un mamograf de ultim\u0103 genera\u021bie care efectueaz\u0103 mamografii 3D cu tomosintez\u0103.<\/p>\n\n\n\n<p>\u201ePentru doamnele cu v\u00e2rsta cuprins\u0103 \u00eentre 20 \u0219i 50 ani se recomand\u0103 efectuarea ini\u021bial a unei ecografii mamare, iar dac\u0103 este cazul, la indica\u021bia medicului specialist, se poate efectua o mamografie pentru a clarifica anumite aspecte relevate de ecografia mamar\u0103. Doamnele cu v\u00e2rsta cuprins\u0103 \u00eentre 50 \u0219i 69 ani, care nu au efectuat o mamografie \u00een ultimii doi ani sunt a\u0219teptate \u00een serviciul de radiologie-imagistic\u0103 pentru a beneficia de efectuarea mamografiei, gratuit, \u00een aceast\u0103 perioad\u0103. Dup\u0103 eliberarea rezultatelor de la ecografia mamar\u0103 \u0219i\/sau a mamografiei, doamnele vor beneficia de servicii de consiliere \u0219i consult senologic prin cabinetul de obstetric\u0103 \u2013 ginecologie\u201d, precizeaz\u0103 oficialii Prim\u0103riei Sectorului 1.<\/p>\n\n\n\n<p>Mamografiile se efectueaz\u0103 \u00een zilele de mar\u021bi, miercuri \u0219i joi, \u00eentre orele 09:00 \u2013 13:00. Ecografiile mamare se efectueaz\u0103 \u00een zilele de luni orele 09:00 \u2013 13:00, 15:00 \u2013 18:30 \u0219i joi orele 15:00 \u2013 18:00. Consilierea \u0219i consultul senologic la cabinetul de obstetric\u0103 \u2013 ginecologie, \u00een zilele de mar\u021bi, miercuri \u0219i joi, \u00eentre orele 09:00 \u2013 15:00.<\/p>\n\n\n\n<p>Pentru program\u0103ri, persoanele interesate pot suna la urm\u0103toarele numere de telefon ale Complexului Multifunc\u021bional Caraiman: 021.224.40.73, 021.224.40.29, 021.224.40.28.<\/p>\n","protected":false},"excerpt":{"rendered":"<p>\u00cencep\u00e2nd de azi, vreme de o lun\u0103, femeile cu domiciliul \u00een Sectorul 1 vor putea s\u0103 \u00ee\u015fi fac\u0103 investiga\u0163iile complete pentru prevenirea \u015fi reducerea cazurilor de cancer la s\u00e2n, la Complexul Multifunc\u0163ional Caraiman. Centrul medical aflat \u00een administrarea Prim\u0103riei Sectorului 1 dispune de un mamograf de ultim\u0103 genera\u021bie care efectueaz\u0103 mamografii 3D cu tomosintez\u0103. \u201ePentru [&hellip;]<\/p>\n","protected":false},"author":38,"featured_media":47385,"comment_status":"closed","ping_status":"open","sticky":false,"template":"","format":"standard","meta":{"_acf_changed":false,"inline_featured_image":false,"ngg_post_thumbnail":0,"footnotes":""},"categories":[62],"tags":[],"ppma_author":[22601],"class_list":["post-47384","post","type-post","status-publish","format-standard","has-post-thumbnail","hentry","category-stiri"],"acf":[],"yoast_head":"<!-- This site is optimized with the Yoast SEO Premium plugin v25.3 (Yoast SEO v27.5) - https:\/\/yoast.com\/product\/yoast-seo-premium-wordpress\/ -->\n<title>Sectorul 1: Mamografii \u015fi ecografii mamare gratuite la Complexul Multifunc\u0163ional Caraiman - Buletin de Bucure\u0219ti<\/title>\n<meta name=\"robots\" content=\"index, follow, max-snippet:-1, max-image-preview:large, max-video-preview:-1\" \/>\n<link rel=\"canonical\" href=\"https:\/\/buletin.de\/bucuresti\/sectorul-1-mamografii-si-ecografii-mamare-gratuite-la-complexul-multifunctional-caraiman\/\" \/>\n<meta property=\"og:locale\" content=\"en_GB\" \/>\n<meta property=\"og:type\" content=\"article\" \/>\n<meta property=\"og:title\" content=\"Sectorul 1: Mamografii \u015fi ecografii mamare gratuite la Complexul Multifunc\u0163ional Caraiman\" \/>\n<meta property=\"og:description\" content=\"\u00cencep\u00e2nd de azi, vreme de o lun\u0103, femeile cu domiciliul \u00een Sectorul 1 vor putea s\u0103 \u00ee\u015fi fac\u0103 investiga\u0163iile complete pentru prevenirea \u015fi reducerea cazurilor de cancer la s\u00e2n, la Complexul Multifunc\u0163ional Caraiman. Centrul medical aflat \u00een administrarea Prim\u0103riei Sectorului 1 dispune de un mamograf de ultim\u0103 genera\u021bie care efectueaz\u0103 mamografii 3D cu tomosintez\u0103. \u201ePentru [&hellip;]\" \/>\n<meta property=\"og:url\" content=\"https:\/\/buletin.de\/bucuresti\/sectorul-1-mamografii-si-ecografii-mamare-gratuite-la-complexul-multifunctional-caraiman\/\" \/>\n<meta property=\"og:site_name\" content=\"Buletin de Bucure\u0219ti\" \/>\n<meta property=\"article:publisher\" content=\"https:\/\/www.facebook.com\/buletin.de.buc\" \/>\n<meta property=\"article:published_time\" content=\"2022-10-17T13:18:15+00:00\" \/>\n<meta property=\"article:modified_time\" content=\"2022-10-17T13:18:16+00:00\" \/>\n<meta property=\"og:image\" content=\"https:\/\/buletin.de\/bucuresti\/wp-content\/uploads\/Afis-Campanie-Cancerul-poate-fi-prevenit.jpeg\" \/>\n\t<meta property=\"og:image:width\" content=\"940\" \/>\n\t<meta property=\"og:image:height\" content=\"788\" \/>\n\t<meta property=\"og:image:type\" content=\"image\/jpeg\" \/>\n<meta name=\"author\" content=\"Anamaria Nedelcoff\" \/>\n<meta name=\"twitter:card\" content=\"summary_large_image\" \/>\n<meta name=\"twitter:label1\" content=\"Written by\" \/>\n\t<meta name=\"twitter:data1\" content=\"Anamaria Nedelcoff\" \/>\n\t<meta name=\"twitter:label2\" content=\"Estimated reading time\" \/>\n\t<meta name=\"twitter:data2\" content=\"2 minutes\" \/>\n<script type=\"application\/ld+json\" class=\"yoast-schema-graph\">{\"@context\":\"https:\\\/\\\/schema.org\",\"@graph\":[{\"@type\":\"Article\",\"@id\":\"https:\\\/\\\/buletin.de\\\/bucuresti\\\/sectorul-1-mamografii-si-ecografii-mamare-gratuite-la-complexul-multifunctional-caraiman\\\/#article\",\"isPartOf\":{\"@id\":\"https:\\\/\\\/buletin.de\\\/bucuresti\\\/sectorul-1-mamografii-si-ecografii-mamare-gratuite-la-complexul-multifunctional-caraiman\\\/\"},\"author\":{\"name\":\"Anamaria Nedelcoff\",\"@id\":\"https:\\\/\\\/buletin.de\\\/bucuresti\\\/#\\\/schema\\\/person\\\/bfa22994f12f5d3353b170aca494f1f9\"},\"headline\":\"Sectorul 1: Mamografii \u015fi ecografii mamare gratuite la Complexul Multifunc\u0163ional Caraiman\",\"datePublished\":\"2022-10-17T13:18:15+00:00\",\"dateModified\":\"2022-10-17T13:18:16+00:00\",\"mainEntityOfPage\":{\"@id\":\"https:\\\/\\\/buletin.de\\\/bucuresti\\\/sectorul-1-mamografii-si-ecografii-mamare-gratuite-la-complexul-multifunctional-caraiman\\\/\"},\"wordCount\":238,\"publisher\":{\"@id\":\"https:\\\/\\\/buletin.de\\\/bucuresti\\\/#organization\"},\"image\":{\"@id\":\"https:\\\/\\\/buletin.de\\\/bucuresti\\\/sectorul-1-mamografii-si-ecografii-mamare-gratuite-la-complexul-multifunctional-caraiman\\\/#primaryimage\"},\"thumbnailUrl\":\"https:\\\/\\\/buletin.de\\\/bucuresti\\\/wp-content\\\/uploads\\\/Afis-Campanie-Cancerul-poate-fi-prevenit.jpeg\",\"articleSection\":[\"\u0218tiri\"],\"inLanguage\":\"en-GB\",\"copyrightYear\":\"2022\",\"copyrightHolder\":{\"@id\":\"https:\\\/\\\/buletin.de\\\/bucuresti\\\/#organization\"}},{\"@type\":\"WebPage\",\"@id\":\"https:\\\/\\\/buletin.de\\\/bucuresti\\\/sectorul-1-mamografii-si-ecografii-mamare-gratuite-la-complexul-multifunctional-caraiman\\\/\",\"url\":\"https:\\\/\\\/buletin.de\\\/bucuresti\\\/sectorul-1-mamografii-si-ecografii-mamare-gratuite-la-complexul-multifunctional-caraiman\\\/\",\"name\":\"Sectorul 1: Mamografii \u015fi ecografii mamare gratuite la Complexul Multifunc\u0163ional Caraiman - Buletin de Bucure\u0219ti\",\"isPartOf\":{\"@id\":\"https:\\\/\\\/buletin.de\\\/bucuresti\\\/#website\"},\"primaryImageOfPage\":{\"@id\":\"https:\\\/\\\/buletin.de\\\/bucuresti\\\/sectorul-1-mamografii-si-ecografii-mamare-gratuite-la-complexul-multifunctional-caraiman\\\/#primaryimage\"},\"image\":{\"@id\":\"https:\\\/\\\/buletin.de\\\/bucuresti\\\/sectorul-1-mamografii-si-ecografii-mamare-gratuite-la-complexul-multifunctional-caraiman\\\/#primaryimage\"},\"thumbnailUrl\":\"https:\\\/\\\/buletin.de\\\/bucuresti\\\/wp-content\\\/uploads\\\/Afis-Campanie-Cancerul-poate-fi-prevenit.jpeg\",\"datePublished\":\"2022-10-17T13:18:15+00:00\",\"dateModified\":\"2022-10-17T13:18:16+00:00\",\"breadcrumb\":{\"@id\":\"https:\\\/\\\/buletin.de\\\/bucuresti\\\/sectorul-1-mamografii-si-ecografii-mamare-gratuite-la-complexul-multifunctional-caraiman\\\/#breadcrumb\"},\"inLanguage\":\"en-GB\",\"potentialAction\":[{\"@type\":\"ReadAction\",\"target\":[\"https:\\\/\\\/buletin.de\\\/bucuresti\\\/sectorul-1-mamografii-si-ecografii-mamare-gratuite-la-complexul-multifunctional-caraiman\\\/\"]}]},{\"@type\":\"ImageObject\",\"inLanguage\":\"en-GB\",\"@id\":\"https:\\\/\\\/buletin.de\\\/bucuresti\\\/sectorul-1-mamografii-si-ecografii-mamare-gratuite-la-complexul-multifunctional-caraiman\\\/#primaryimage\",\"url\":\"https:\\\/\\\/buletin.de\\\/bucuresti\\\/wp-content\\\/uploads\\\/Afis-Campanie-Cancerul-poate-fi-prevenit.jpeg\",\"contentUrl\":\"https:\\\/\\\/buletin.de\\\/bucuresti\\\/wp-content\\\/uploads\\\/Afis-Campanie-Cancerul-poate-fi-prevenit.jpeg\",\"width\":940,\"height\":788},{\"@type\":\"BreadcrumbList\",\"@id\":\"https:\\\/\\\/buletin.de\\\/bucuresti\\\/sectorul-1-mamografii-si-ecografii-mamare-gratuite-la-complexul-multifunctional-caraiman\\\/#breadcrumb\",\"itemListElement\":[{\"@type\":\"ListItem\",\"position\":1,\"name\":\"Acas\u0103\",\"item\":\"https:\\\/\\\/buletin.de\\\/bucuresti\\\/\"},{\"@type\":\"ListItem\",\"position\":2,\"name\":\"Sectorul 1: Mamografii \u015fi ecografii mamare gratuite la Complexul Multifunc\u0163ional Caraiman\"}]},{\"@type\":\"WebSite\",\"@id\":\"https:\\\/\\\/buletin.de\\\/bucuresti\\\/#website\",\"url\":\"https:\\\/\\\/buletin.de\\\/bucuresti\\\/\",\"name\":\"Buletin de Bucure\u0219ti\",\"description\":\"\u0218tiri \u0219i investiga\u021bii esen\u021biale din capital\u0103\",\"publisher\":{\"@id\":\"https:\\\/\\\/buletin.de\\\/bucuresti\\\/#organization\"},\"potentialAction\":[{\"@type\":\"SearchAction\",\"target\":{\"@type\":\"EntryPoint\",\"urlTemplate\":\"https:\\\/\\\/buletin.de\\\/bucuresti\\\/?s={search_term_string}\"},\"query-input\":{\"@type\":\"PropertyValueSpecification\",\"valueRequired\":true,\"valueName\":\"search_term_string\"}}],\"inLanguage\":\"en-GB\"},{\"@type\":\"Organization\",\"@id\":\"https:\\\/\\\/buletin.de\\\/bucuresti\\\/#organization\",\"name\":\"Buletin de Bucure\u0219ti\",\"url\":\"https:\\\/\\\/buletin.de\\\/bucuresti\\\/\",\"logo\":{\"@type\":\"ImageObject\",\"inLanguage\":\"en-GB\",\"@id\":\"https:\\\/\\\/buletin.de\\\/bucuresti\\\/#\\\/schema\\\/logo\\\/image\\\/\",\"url\":\"https:\\\/\\\/buletin.de\\\/bucuresti\\\/wp-content\\\/uploads\\\/logo-bdb-full-wide-vernil-transparent.png\",\"contentUrl\":\"https:\\\/\\\/buletin.de\\\/bucuresti\\\/wp-content\\\/uploads\\\/logo-bdb-full-wide-vernil-transparent.png\",\"width\":1782,\"height\":626,\"caption\":\"Buletin de Bucure\u0219ti\"},\"image\":{\"@id\":\"https:\\\/\\\/buletin.de\\\/bucuresti\\\/#\\\/schema\\\/logo\\\/image\\\/\"},\"sameAs\":[\"https:\\\/\\\/www.facebook.com\\\/buletin.de.buc\",\"https:\\\/\\\/www.instagram.com\\\/buletinde.bucuresti\\\/\"]},{\"@type\":\"Person\",\"@id\":\"https:\\\/\\\/buletin.de\\\/bucuresti\\\/#\\\/schema\\\/person\\\/bfa22994f12f5d3353b170aca494f1f9\",\"name\":\"Anamaria Nedelcoff\",\"image\":{\"@type\":\"ImageObject\",\"inLanguage\":\"en-GB\",\"@id\":\"https:\\\/\\\/secure.gravatar.com\\\/avatar\\\/409df91a26b98006111557131cc35236962765b734317e1dcf94c6bc1d010629?s=96&d=monsterid&r=g9bc3ae6c8e1522e913d1a0debd6aec89\",\"url\":\"https:\\\/\\\/secure.gravatar.com\\\/avatar\\\/409df91a26b98006111557131cc35236962765b734317e1dcf94c6bc1d010629?s=96&d=monsterid&r=g\",\"contentUrl\":\"https:\\\/\\\/secure.gravatar.com\\\/avatar\\\/409df91a26b98006111557131cc35236962765b734317e1dcf94c6bc1d010629?s=96&d=monsterid&r=g\",\"caption\":\"Anamaria Nedelcoff\"},\"url\":\"https:\\\/\\\/buletin.de\\\/bucuresti\\\/author\\\/nedelcoff\\\/\"}]}<\/script>\n<!-- \/ Yoast SEO Premium plugin. -->","yoast_head_json":{"title":"Sectorul 1: Mamografii \u015fi ecografii mamare gratuite la Complexul Multifunc\u0163ional Caraiman - Buletin de Bucure\u0219ti","robots":{"index":"index","follow":"follow","max-snippet":"max-snippet:-1","max-image-preview":"max-image-preview:large","max-video-preview":"max-video-preview:-1"},"canonical":"https:\/\/buletin.de\/bucuresti\/sectorul-1-mamografii-si-ecografii-mamare-gratuite-la-complexul-multifunctional-caraiman\/","og_locale":"en_GB","og_type":"article","og_title":"Sectorul 1: Mamografii \u015fi ecografii mamare gratuite la Complexul Multifunc\u0163ional Caraiman","og_description":"\u00cencep\u00e2nd de azi, vreme de o lun\u0103, femeile cu domiciliul \u00een Sectorul 1 vor putea s\u0103 \u00ee\u015fi fac\u0103 investiga\u0163iile complete pentru prevenirea \u015fi reducerea cazurilor de cancer la s\u00e2n, la Complexul Multifunc\u0163ional Caraiman. Centrul medical aflat \u00een administrarea Prim\u0103riei Sectorului 1 dispune de un mamograf de ultim\u0103 genera\u021bie care efectueaz\u0103 mamografii 3D cu tomosintez\u0103. \u201ePentru [&hellip;]","og_url":"https:\/\/buletin.de\/bucuresti\/sectorul-1-mamografii-si-ecografii-mamare-gratuite-la-complexul-multifunctional-caraiman\/","og_site_name":"Buletin de Bucure\u0219ti","article_publisher":"https:\/\/www.facebook.com\/buletin.de.buc","article_published_time":"2022-10-17T13:18:15+00:00","article_modified_time":"2022-10-17T13:18:16+00:00","og_image":[{"width":940,"height":788,"url":"https:\/\/buletin.de\/bucuresti\/wp-content\/uploads\/Afis-Campanie-Cancerul-poate-fi-prevenit.jpeg","type":"image\/jpeg"}],"author":"Anamaria Nedelcoff","twitter_card":"summary_large_image","twitter_misc":{"Written by":"Anamaria Nedelcoff","Estimated reading time":"2 minutes"},"schema":{"@context":"https:\/\/schema.org","@graph":[{"@type":"Article","@id":"https:\/\/buletin.de\/bucuresti\/sectorul-1-mamografii-si-ecografii-mamare-gratuite-la-complexul-multifunctional-caraiman\/#article","isPartOf":{"@id":"https:\/\/buletin.de\/bucuresti\/sectorul-1-mamografii-si-ecografii-mamare-gratuite-la-complexul-multifunctional-caraiman\/"},"author":{"name":"Anamaria Nedelcoff","@id":"https:\/\/buletin.de\/bucuresti\/#\/schema\/person\/bfa22994f12f5d3353b170aca494f1f9"},"headline":"Sectorul 1: Mamografii \u015fi ecografii mamare gratuite la Complexul Multifunc\u0163ional Caraiman","datePublished":"2022-10-17T13:18:15+00:00","dateModified":"2022-10-17T13:18:16+00:00","mainEntityOfPage":{"@id":"https:\/\/buletin.de\/bucuresti\/sectorul-1-mamografii-si-ecografii-mamare-gratuite-la-complexul-multifunctional-caraiman\/"},"wordCount":238,"publisher":{"@id":"https:\/\/buletin.de\/bucuresti\/#organization"},"image":{"@id":"https:\/\/buletin.de\/bucuresti\/sectorul-1-mamografii-si-ecografii-mamare-gratuite-la-complexul-multifunctional-caraiman\/#primaryimage"},"thumbnailUrl":"https:\/\/buletin.de\/bucuresti\/wp-content\/uploads\/Afis-Campanie-Cancerul-poate-fi-prevenit.jpeg","articleSection":["\u0218tiri"],"inLanguage":"en-GB","copyrightYear":"2022","copyrightHolder":{"@id":"https:\/\/buletin.de\/bucuresti\/#organization"}},{"@type":"WebPage","@id":"https:\/\/buletin.de\/bucuresti\/sectorul-1-mamografii-si-ecografii-mamare-gratuite-la-complexul-multifunctional-caraiman\/","url":"https:\/\/buletin.de\/bucuresti\/sectorul-1-mamografii-si-ecografii-mamare-gratuite-la-complexul-multifunctional-caraiman\/","name":"Sectorul 1: Mamografii \u015fi ecografii mamare gratuite la Complexul Multifunc\u0163ional Caraiman - Buletin de Bucure\u0219ti","isPartOf":{"@id":"https:\/\/buletin.de\/bucuresti\/#website"},"primaryImageOfPage":{"@id":"https:\/\/buletin.de\/bucuresti\/sectorul-1-mamografii-si-ecografii-mamare-gratuite-la-complexul-multifunctional-caraiman\/#primaryimage"},"image":{"@id":"https:\/\/buletin.de\/bucuresti\/sectorul-1-mamografii-si-ecografii-mamare-gratuite-la-complexul-multifunctional-caraiman\/#primaryimage"},"thumbnailUrl":"https:\/\/buletin.de\/bucuresti\/wp-content\/uploads\/Afis-Campanie-Cancerul-poate-fi-prevenit.jpeg","datePublished":"2022-10-17T13:18:15+00:00","dateModified":"2022-10-17T13:18:16+00:00","breadcrumb":{"@id":"https:\/\/buletin.de\/bucuresti\/sectorul-1-mamografii-si-ecografii-mamare-gratuite-la-complexul-multifunctional-caraiman\/#breadcrumb"},"inLanguage":"en-GB","potentialAction":[{"@type":"ReadAction","target":["https:\/\/buletin.de\/bucuresti\/sectorul-1-mamografii-si-ecografii-mamare-gratuite-la-complexul-multifunctional-caraiman\/"]}]},{"@type":"ImageObject","inLanguage":"en-GB","@id":"https:\/\/buletin.de\/bucuresti\/sectorul-1-mamografii-si-ecografii-mamare-gratuite-la-complexul-multifunctional-caraiman\/#primaryimage","url":"https:\/\/buletin.de\/bucuresti\/wp-content\/uploads\/Afis-Campanie-Cancerul-poate-fi-prevenit.jpeg","contentUrl":"https:\/\/buletin.de\/bucuresti\/wp-content\/uploads\/Afis-Campanie-Cancerul-poate-fi-prevenit.jpeg","width":940,"height":788},{"@type":"BreadcrumbList","@id":"https:\/\/buletin.de\/bucuresti\/sectorul-1-mamografii-si-ecografii-mamare-gratuite-la-complexul-multifunctional-caraiman\/#breadcrumb","itemListElement":[{"@type":"ListItem","position":1,"name":"Acas\u0103","item":"https:\/\/buletin.de\/bucuresti\/"},{"@type":"ListItem","position":2,"name":"Sectorul 1: Mamografii \u015fi ecografii mamare gratuite la Complexul Multifunc\u0163ional Caraiman"}]},{"@type":"WebSite","@id":"https:\/\/buletin.de\/bucuresti\/#website","url":"https:\/\/buletin.de\/bucuresti\/","name":"Buletin de Bucure\u0219ti","description":"\u0218tiri \u0219i investiga\u021bii esen\u021biale din capital\u0103","publisher":{"@id":"https:\/\/buletin.de\/bucuresti\/#organization"},"potentialAction":[{"@type":"SearchAction","target":{"@type":"EntryPoint","urlTemplate":"https:\/\/buletin.de\/bucuresti\/?s={search_term_string}"},"query-input":{"@type":"PropertyValueSpecification","valueRequired":true,"valueName":"search_term_string"}}],"inLanguage":"en-GB"},{"@type":"Organization","@id":"https:\/\/buletin.de\/bucuresti\/#organization","name":"Buletin de Bucure\u0219ti","url":"https:\/\/buletin.de\/bucuresti\/","logo":{"@type":"ImageObject","inLanguage":"en-GB","@id":"https:\/\/buletin.de\/bucuresti\/#\/schema\/logo\/image\/","url":"https:\/\/buletin.de\/bucuresti\/wp-content\/uploads\/logo-bdb-full-wide-vernil-transparent.png","contentUrl":"https:\/\/buletin.de\/bucuresti\/wp-content\/uploads\/logo-bdb-full-wide-vernil-transparent.png","width":1782,"height":626,"caption":"Buletin de Bucure\u0219ti"},"image":{"@id":"https:\/\/buletin.de\/bucuresti\/#\/schema\/logo\/image\/"},"sameAs":["https:\/\/www.facebook.com\/buletin.de.buc","https:\/\/www.instagram.com\/buletinde.bucuresti\/"]},{"@type":"Person","@id":"https:\/\/buletin.de\/bucuresti\/#\/schema\/person\/bfa22994f12f5d3353b170aca494f1f9","name":"Anamaria Nedelcoff","image":{"@type":"ImageObject","inLanguage":"en-GB","@id":"https:\/\/secure.gravatar.com\/avatar\/409df91a26b98006111557131cc35236962765b734317e1dcf94c6bc1d010629?s=96&d=monsterid&r=g9bc3ae6c8e1522e913d1a0debd6aec89","url":"https:\/\/secure.gravatar.com\/avatar\/409df91a26b98006111557131cc35236962765b734317e1dcf94c6bc1d010629?s=96&d=monsterid&r=g","contentUrl":"https:\/\/secure.gravatar.com\/avatar\/409df91a26b98006111557131cc35236962765b734317e1dcf94c6bc1d010629?s=96&d=monsterid&r=g","caption":"Anamaria Nedelcoff"},"url":"https:\/\/buletin.de\/bucuresti\/author\/nedelcoff\/"}]}},"authors":[{"term_id":22601,"user_id":38,"is_guest":0,"slug":"nedelcoff","display_name":"Anamaria Nedelcoff","avatar_url":"https:\/\/secure.gravatar.com\/avatar\/409df91a26b98006111557131cc35236962765b734317e1dcf94c6bc1d010629?s=96&d=monsterid&r=g","0":null,"1":"","2":"","3":"","4":"","5":"","6":"","7":"","8":""}],"_links":{"self":[{"href":"https:\/\/buletin.de\/bucuresti\/wp-json\/wp\/v2\/posts\/47384","targetHints":{"allow":["GET"]}}],"collection":[{"href":"https:\/\/buletin.de\/bucuresti\/wp-json\/wp\/v2\/posts"}],"about":[{"href":"https:\/\/buletin.de\/bucuresti\/wp-json\/wp\/v2\/types\/post"}],"author":[{"embeddable":true,"href":"https:\/\/buletin.de\/bucuresti\/wp-json\/wp\/v2\/users\/38"}],"replies":[{"embeddable":true,"href":"https:\/\/buletin.de\/bucuresti\/wp-json\/wp\/v2\/comments?post=47384"}],"version-history":[{"count":3,"href":"https:\/\/buletin.de\/bucuresti\/wp-json\/wp\/v2\/posts\/47384\/revisions"}],"predecessor-version":[{"id":47393,"href":"https:\/\/buletin.de\/bucuresti\/wp-json\/wp\/v2\/posts\/47384\/revisions\/47393"}],"wp:featuredmedia":[{"embeddable":true,"href":"https:\/\/buletin.de\/bucuresti\/wp-json\/wp\/v2\/media\/47385"}],"wp:attachment":[{"href":"https:\/\/buletin.de\/bucuresti\/wp-json\/wp\/v2\/media?parent=47384"}],"wp:term":[{"taxonomy":"category","embeddable":true,"href":"https:\/\/buletin.de\/bucuresti\/wp-json\/wp\/v2\/categories?post=47384"},{"taxonomy":"post_tag","embeddable":true,"href":"https:\/\/buletin.de\/bucuresti\/wp-json\/wp\/v2\/tags?post=47384"},{"taxonomy":"author","embeddable":true,"href":"https:\/\/buletin.de\/bucuresti\/wp-json\/wp\/v2\/ppma_author?post=47384"}],"curies":[{"name":"wp","href":"https:\/\/api.w.org\/{rel}","templated":true}]}}