{"id":47379,"date":"2022-10-17T11:53:58","date_gmt":"2022-10-17T09:53:58","guid":{"rendered":"https:\/\/buletin.de\/bucuresti\/?p=47379"},"modified":"2023-09-19T14:41:55","modified_gmt":"2023-09-19T12:41:55","slug":"termoenergetic-anunta-ca-incepe-incarcarea-instalatiilor-data-exacta-va-fi-anuntata-pe-zone","status":"publish","type":"post","link":"https:\/\/buletin.de\/bucuresti\/termoenergetic-anunta-ca-incepe-incarcarea-instalatiilor-data-exacta-va-fi-anuntata-pe-zone\/","title":{"rendered":"Termoenergetica anun\u021b\u0103 c\u0103 \u00eencepe \u00eenc\u0103rcarea instala\u021biilor. Data exact\u0103 va fi anun\u021bat\u0103 pe zone"},"content":{"rendered":"\n<p>Compania Termoenergetica anun\u021b\u0103 c\u0103 marti, 20 septembrie 2022, \u00eencepe \u00eenc\u0103rcarea cu ap\u0103 a instala\u0163iilor de alimentare cu energie. \u00cen paralel se vor face \u0219i probe de presiune la instala\u021biile interioare. \u00cenc\u0103rcarea cu ap\u0103 a instala\u0163iilor de alimentare cu energie termic\u0103 se va face treptat \u00een toate sectoarele Municipiului Bucure\u0219ti, data exact\u0103 pentru fiecare zon\u0103 urm\u00e2nd a fi afi\u0219at\u0103 la scara fiec\u0103rui bloc.<\/p>\n\n\n\n<p>\u00cenc\u0103rcarea instala\u021biilor \u0219i probele de presiune sunt necesare pentru preg\u0103tirea re\u0163elei de termoficare \u00een noul sezon de \u00eenc\u0103lzire 2022-2023.<br>Termoenergetica avertizeaz\u0103 clien\u021bii companiei s\u0103 se asigure c\u0103 lucr\u0103rile la instala\u0163iile interioare din imobile vor fifinalizate \u00een timp util, astfel \u00eenc\u00e2t s\u0103 fie evitate incidentele. De asemenea, asocia\u0163iile de proprietari au obliga\u021bia de a se asigura c\u0103 instala\u0163iile interioare proprii (de alimentare cu energie termic\u0103) sunt \u00een stare de func\u0163ionare \u015fi c\u0103 sunt finalizate lucr\u0103rile din interiorul imobilelor.<br>Furnizarea agentului termic va \u00eencepe \u00een momentul \u00een care, timp de 3 zile consecutiv, \u00eentre orele 20,00-6,00, temperaturii exterioar\u0103 medie zilnic\u0103 nu va mai dep\u0103\u0219i de +10\u00ba C.<\/p>\n\n\n\n<p> Odat\u0103 \u00eencarcate instala\u021biile, debran\u015farea instala\u0163iilor interioare de \u00eenc\u0103lzire \u015fi\/sau pentru ap\u0103 cald\u0103 ale<br>consumatorilor de energie termic\u0103 dintr-un condominiu va fi interzis\u0103.<\/p>\n\n\n\n<p><\/p>\n","protected":false},"excerpt":{"rendered":"<p>Compania Termoenergetica anun\u021b\u0103 c\u0103 marti, 20 septembrie 2022, \u00eencepe \u00eenc\u0103rcarea cu ap\u0103 a instala\u0163iilor de alimentare cu energie. \u00cen paralel se vor face \u0219i probe de presiune la instala\u021biile interioare. \u00cenc\u0103rcarea cu ap\u0103 a instala\u0163iilor de alimentare cu energie termic\u0103 se va face treptat \u00een toate sectoarele Municipiului Bucure\u0219ti, data exact\u0103 pentru fiecare zon\u0103 urm\u00e2nd [&hellip;]<\/p>\n","protected":false},"author":18,"featured_media":33812,"comment_status":"closed","ping_status":"open","sticky":false,"template":"","format":"standard","meta":{"_acf_changed":false,"inline_featured_image":false,"ngg_post_thumbnail":0,"footnotes":""},"categories":[62,6214],"tags":[],"ppma_author":[22579],"class_list":["post-47379","post","type-post","status-publish","format-standard","has-post-thumbnail","hentry","category-stiri","category-termo"],"acf":[],"yoast_head":"<!-- This site is optimized with the Yoast SEO Premium plugin v25.3 (Yoast SEO v27.5) - https:\/\/yoast.com\/product\/yoast-seo-premium-wordpress\/ -->\n<title>Termoenergetica anun\u021b\u0103 c\u0103 \u00eencepe \u00eenc\u0103rcarea instala\u021biilor. Data exact\u0103 va fi anun\u021bat\u0103 pe zone - Buletin de Bucure\u0219ti<\/title>\n<meta name=\"robots\" content=\"index, follow, max-snippet:-1, max-image-preview:large, max-video-preview:-1\" \/>\n<link rel=\"canonical\" href=\"https:\/\/buletin.de\/bucuresti\/termoenergetic-anunta-ca-incepe-incarcarea-instalatiilor-data-exacta-va-fi-anuntata-pe-zone\/\" \/>\n<meta property=\"og:locale\" content=\"en_GB\" \/>\n<meta property=\"og:type\" content=\"article\" \/>\n<meta property=\"og:title\" content=\"Termoenergetica anun\u021b\u0103 c\u0103 \u00eencepe \u00eenc\u0103rcarea instala\u021biilor. Data exact\u0103 va fi anun\u021bat\u0103 pe zone\" \/>\n<meta property=\"og:description\" content=\"Compania Termoenergetica anun\u021b\u0103 c\u0103 marti, 20 septembrie 2022, \u00eencepe \u00eenc\u0103rcarea cu ap\u0103 a instala\u0163iilor de alimentare cu energie. \u00cen paralel se vor face \u0219i probe de presiune la instala\u021biile interioare. \u00cenc\u0103rcarea cu ap\u0103 a instala\u0163iilor de alimentare cu energie termic\u0103 se va face treptat \u00een toate sectoarele Municipiului Bucure\u0219ti, data exact\u0103 pentru fiecare zon\u0103 urm\u00e2nd [&hellip;]\" \/>\n<meta property=\"og:url\" content=\"https:\/\/buletin.de\/bucuresti\/termoenergetic-anunta-ca-incepe-incarcarea-instalatiilor-data-exacta-va-fi-anuntata-pe-zone\/\" \/>\n<meta property=\"og:site_name\" content=\"Buletin de Bucure\u0219ti\" \/>\n<meta property=\"article:publisher\" content=\"https:\/\/www.facebook.com\/buletin.de.buc\" \/>\n<meta property=\"article:published_time\" content=\"2022-10-17T09:53:58+00:00\" \/>\n<meta property=\"article:modified_time\" content=\"2023-09-19T12:41:55+00:00\" \/>\n<meta property=\"og:image\" content=\"https:\/\/buletin.de\/bucuresti\/wp-content\/uploads\/termoenergetica-prefectura-solutii.jpg\" \/>\n\t<meta property=\"og:image:width\" content=\"2016\" \/>\n\t<meta property=\"og:image:height\" content=\"1512\" \/>\n\t<meta property=\"og:image:type\" content=\"image\/jpeg\" \/>\n<meta name=\"author\" content=\"Teodora Stroe\" \/>\n<meta name=\"twitter:card\" content=\"summary_large_image\" \/>\n<meta name=\"twitter:label1\" content=\"Written by\" \/>\n\t<meta name=\"twitter:data1\" content=\"Teodora Stroe\" \/>\n\t<meta name=\"twitter:label2\" content=\"Estimated reading time\" \/>\n\t<meta name=\"twitter:data2\" content=\"1 minute\" \/>\n<script type=\"application\/ld+json\" class=\"yoast-schema-graph\">{\"@context\":\"https:\\\/\\\/schema.org\",\"@graph\":[{\"@type\":\"Article\",\"@id\":\"https:\\\/\\\/buletin.de\\\/bucuresti\\\/termoenergetic-anunta-ca-incepe-incarcarea-instalatiilor-data-exacta-va-fi-anuntata-pe-zone\\\/#article\",\"isPartOf\":{\"@id\":\"https:\\\/\\\/buletin.de\\\/bucuresti\\\/termoenergetic-anunta-ca-incepe-incarcarea-instalatiilor-data-exacta-va-fi-anuntata-pe-zone\\\/\"},\"author\":{\"name\":\"Teodora Stroe\",\"@id\":\"https:\\\/\\\/buletin.de\\\/bucuresti\\\/#\\\/schema\\\/person\\\/d369d7ddc775abece205795e0b804614\"},\"headline\":\"Termoenergetica anun\u021b\u0103 c\u0103 \u00eencepe \u00eenc\u0103rcarea instala\u021biilor. Data exact\u0103 va fi anun\u021bat\u0103 pe zone\",\"datePublished\":\"2022-10-17T09:53:58+00:00\",\"dateModified\":\"2023-09-19T12:41:55+00:00\",\"mainEntityOfPage\":{\"@id\":\"https:\\\/\\\/buletin.de\\\/bucuresti\\\/termoenergetic-anunta-ca-incepe-incarcarea-instalatiilor-data-exacta-va-fi-anuntata-pe-zone\\\/\"},\"wordCount\":229,\"publisher\":{\"@id\":\"https:\\\/\\\/buletin.de\\\/bucuresti\\\/#organization\"},\"image\":{\"@id\":\"https:\\\/\\\/buletin.de\\\/bucuresti\\\/termoenergetic-anunta-ca-incepe-incarcarea-instalatiilor-data-exacta-va-fi-anuntata-pe-zone\\\/#primaryimage\"},\"thumbnailUrl\":\"https:\\\/\\\/buletin.de\\\/bucuresti\\\/wp-content\\\/uploads\\\/termoenergetica-prefectura-solutii.jpg\",\"articleSection\":[\"\u0218tiri\",\"Termoficare\"],\"inLanguage\":\"en-GB\",\"copyrightYear\":\"2022\",\"copyrightHolder\":{\"@id\":\"https:\\\/\\\/buletin.de\\\/bucuresti\\\/#organization\"}},{\"@type\":\"WebPage\",\"@id\":\"https:\\\/\\\/buletin.de\\\/bucuresti\\\/termoenergetic-anunta-ca-incepe-incarcarea-instalatiilor-data-exacta-va-fi-anuntata-pe-zone\\\/\",\"url\":\"https:\\\/\\\/buletin.de\\\/bucuresti\\\/termoenergetic-anunta-ca-incepe-incarcarea-instalatiilor-data-exacta-va-fi-anuntata-pe-zone\\\/\",\"name\":\"Termoenergetica anun\u021b\u0103 c\u0103 \u00eencepe \u00eenc\u0103rcarea instala\u021biilor. Data exact\u0103 va fi anun\u021bat\u0103 pe zone - Buletin de Bucure\u0219ti\",\"isPartOf\":{\"@id\":\"https:\\\/\\\/buletin.de\\\/bucuresti\\\/#website\"},\"primaryImageOfPage\":{\"@id\":\"https:\\\/\\\/buletin.de\\\/bucuresti\\\/termoenergetic-anunta-ca-incepe-incarcarea-instalatiilor-data-exacta-va-fi-anuntata-pe-zone\\\/#primaryimage\"},\"image\":{\"@id\":\"https:\\\/\\\/buletin.de\\\/bucuresti\\\/termoenergetic-anunta-ca-incepe-incarcarea-instalatiilor-data-exacta-va-fi-anuntata-pe-zone\\\/#primaryimage\"},\"thumbnailUrl\":\"https:\\\/\\\/buletin.de\\\/bucuresti\\\/wp-content\\\/uploads\\\/termoenergetica-prefectura-solutii.jpg\",\"datePublished\":\"2022-10-17T09:53:58+00:00\",\"dateModified\":\"2023-09-19T12:41:55+00:00\",\"breadcrumb\":{\"@id\":\"https:\\\/\\\/buletin.de\\\/bucuresti\\\/termoenergetic-anunta-ca-incepe-incarcarea-instalatiilor-data-exacta-va-fi-anuntata-pe-zone\\\/#breadcrumb\"},\"inLanguage\":\"en-GB\",\"potentialAction\":[{\"@type\":\"ReadAction\",\"target\":[\"https:\\\/\\\/buletin.de\\\/bucuresti\\\/termoenergetic-anunta-ca-incepe-incarcarea-instalatiilor-data-exacta-va-fi-anuntata-pe-zone\\\/\"]}]},{\"@type\":\"ImageObject\",\"inLanguage\":\"en-GB\",\"@id\":\"https:\\\/\\\/buletin.de\\\/bucuresti\\\/termoenergetic-anunta-ca-incepe-incarcarea-instalatiilor-data-exacta-va-fi-anuntata-pe-zone\\\/#primaryimage\",\"url\":\"https:\\\/\\\/buletin.de\\\/bucuresti\\\/wp-content\\\/uploads\\\/termoenergetica-prefectura-solutii.jpg\",\"contentUrl\":\"https:\\\/\\\/buletin.de\\\/bucuresti\\\/wp-content\\\/uploads\\\/termoenergetica-prefectura-solutii.jpg\",\"width\":2016,\"height\":1512},{\"@type\":\"BreadcrumbList\",\"@id\":\"https:\\\/\\\/buletin.de\\\/bucuresti\\\/termoenergetic-anunta-ca-incepe-incarcarea-instalatiilor-data-exacta-va-fi-anuntata-pe-zone\\\/#breadcrumb\",\"itemListElement\":[{\"@type\":\"ListItem\",\"position\":1,\"name\":\"Acas\u0103\",\"item\":\"https:\\\/\\\/buletin.de\\\/bucuresti\\\/\"},{\"@type\":\"ListItem\",\"position\":2,\"name\":\"Termoenergetica anun\u021b\u0103 c\u0103 \u00eencepe \u00eenc\u0103rcarea instala\u021biilor. Data exact\u0103 va fi anun\u021bat\u0103 pe zone\"}]},{\"@type\":\"WebSite\",\"@id\":\"https:\\\/\\\/buletin.de\\\/bucuresti\\\/#website\",\"url\":\"https:\\\/\\\/buletin.de\\\/bucuresti\\\/\",\"name\":\"Buletin de Bucure\u0219ti\",\"description\":\"\u0218tiri \u0219i investiga\u021bii esen\u021biale din capital\u0103\",\"publisher\":{\"@id\":\"https:\\\/\\\/buletin.de\\\/bucuresti\\\/#organization\"},\"potentialAction\":[{\"@type\":\"SearchAction\",\"target\":{\"@type\":\"EntryPoint\",\"urlTemplate\":\"https:\\\/\\\/buletin.de\\\/bucuresti\\\/?s={search_term_string}\"},\"query-input\":{\"@type\":\"PropertyValueSpecification\",\"valueRequired\":true,\"valueName\":\"search_term_string\"}}],\"inLanguage\":\"en-GB\"},{\"@type\":\"Organization\",\"@id\":\"https:\\\/\\\/buletin.de\\\/bucuresti\\\/#organization\",\"name\":\"Buletin de Bucure\u0219ti\",\"url\":\"https:\\\/\\\/buletin.de\\\/bucuresti\\\/\",\"logo\":{\"@type\":\"ImageObject\",\"inLanguage\":\"en-GB\",\"@id\":\"https:\\\/\\\/buletin.de\\\/bucuresti\\\/#\\\/schema\\\/logo\\\/image\\\/\",\"url\":\"https:\\\/\\\/buletin.de\\\/bucuresti\\\/wp-content\\\/uploads\\\/logo-bdb-full-wide-vernil-transparent.png\",\"contentUrl\":\"https:\\\/\\\/buletin.de\\\/bucuresti\\\/wp-content\\\/uploads\\\/logo-bdb-full-wide-vernil-transparent.png\",\"width\":1782,\"height\":626,\"caption\":\"Buletin de Bucure\u0219ti\"},\"image\":{\"@id\":\"https:\\\/\\\/buletin.de\\\/bucuresti\\\/#\\\/schema\\\/logo\\\/image\\\/\"},\"sameAs\":[\"https:\\\/\\\/www.facebook.com\\\/buletin.de.buc\",\"https:\\\/\\\/www.instagram.com\\\/buletinde.bucuresti\\\/\"]},{\"@type\":\"Person\",\"@id\":\"https:\\\/\\\/buletin.de\\\/bucuresti\\\/#\\\/schema\\\/person\\\/d369d7ddc775abece205795e0b804614\",\"name\":\"Teodora Stroe\",\"image\":{\"@type\":\"ImageObject\",\"inLanguage\":\"en-GB\",\"@id\":\"https:\\\/\\\/secure.gravatar.com\\\/avatar\\\/2560b4cd9f5f1bc100b123158e657d75584bd1c3e1d9c69285720b9457c1b78d?s=96&d=monsterid&r=gc104800242ba5f2d78dd5d7dc4df08b6\",\"url\":\"https:\\\/\\\/secure.gravatar.com\\\/avatar\\\/2560b4cd9f5f1bc100b123158e657d75584bd1c3e1d9c69285720b9457c1b78d?s=96&d=monsterid&r=g\",\"contentUrl\":\"https:\\\/\\\/secure.gravatar.com\\\/avatar\\\/2560b4cd9f5f1bc100b123158e657d75584bd1c3e1d9c69285720b9457c1b78d?s=96&d=monsterid&r=g\",\"caption\":\"Teodora Stroe\"},\"url\":\"https:\\\/\\\/buletin.de\\\/bucuresti\\\/author\\\/simonacarlugea\\\/\"}]}<\/script>\n<!-- \/ Yoast SEO Premium plugin. -->","yoast_head_json":{"title":"Termoenergetica anun\u021b\u0103 c\u0103 \u00eencepe \u00eenc\u0103rcarea instala\u021biilor. Data exact\u0103 va fi anun\u021bat\u0103 pe zone - Buletin de Bucure\u0219ti","robots":{"index":"index","follow":"follow","max-snippet":"max-snippet:-1","max-image-preview":"max-image-preview:large","max-video-preview":"max-video-preview:-1"},"canonical":"https:\/\/buletin.de\/bucuresti\/termoenergetic-anunta-ca-incepe-incarcarea-instalatiilor-data-exacta-va-fi-anuntata-pe-zone\/","og_locale":"en_GB","og_type":"article","og_title":"Termoenergetica anun\u021b\u0103 c\u0103 \u00eencepe \u00eenc\u0103rcarea instala\u021biilor. Data exact\u0103 va fi anun\u021bat\u0103 pe zone","og_description":"Compania Termoenergetica anun\u021b\u0103 c\u0103 marti, 20 septembrie 2022, \u00eencepe \u00eenc\u0103rcarea cu ap\u0103 a instala\u0163iilor de alimentare cu energie. \u00cen paralel se vor face \u0219i probe de presiune la instala\u021biile interioare. \u00cenc\u0103rcarea cu ap\u0103 a instala\u0163iilor de alimentare cu energie termic\u0103 se va face treptat \u00een toate sectoarele Municipiului Bucure\u0219ti, data exact\u0103 pentru fiecare zon\u0103 urm\u00e2nd [&hellip;]","og_url":"https:\/\/buletin.de\/bucuresti\/termoenergetic-anunta-ca-incepe-incarcarea-instalatiilor-data-exacta-va-fi-anuntata-pe-zone\/","og_site_name":"Buletin de Bucure\u0219ti","article_publisher":"https:\/\/www.facebook.com\/buletin.de.buc","article_published_time":"2022-10-17T09:53:58+00:00","article_modified_time":"2023-09-19T12:41:55+00:00","og_image":[{"width":2016,"height":1512,"url":"https:\/\/buletin.de\/bucuresti\/wp-content\/uploads\/termoenergetica-prefectura-solutii.jpg","type":"image\/jpeg"}],"author":"Teodora Stroe","twitter_card":"summary_large_image","twitter_misc":{"Written by":"Teodora Stroe","Estimated reading time":"1 minute"},"schema":{"@context":"https:\/\/schema.org","@graph":[{"@type":"Article","@id":"https:\/\/buletin.de\/bucuresti\/termoenergetic-anunta-ca-incepe-incarcarea-instalatiilor-data-exacta-va-fi-anuntata-pe-zone\/#article","isPartOf":{"@id":"https:\/\/buletin.de\/bucuresti\/termoenergetic-anunta-ca-incepe-incarcarea-instalatiilor-data-exacta-va-fi-anuntata-pe-zone\/"},"author":{"name":"Teodora Stroe","@id":"https:\/\/buletin.de\/bucuresti\/#\/schema\/person\/d369d7ddc775abece205795e0b804614"},"headline":"Termoenergetica anun\u021b\u0103 c\u0103 \u00eencepe \u00eenc\u0103rcarea instala\u021biilor. Data exact\u0103 va fi anun\u021bat\u0103 pe zone","datePublished":"2022-10-17T09:53:58+00:00","dateModified":"2023-09-19T12:41:55+00:00","mainEntityOfPage":{"@id":"https:\/\/buletin.de\/bucuresti\/termoenergetic-anunta-ca-incepe-incarcarea-instalatiilor-data-exacta-va-fi-anuntata-pe-zone\/"},"wordCount":229,"publisher":{"@id":"https:\/\/buletin.de\/bucuresti\/#organization"},"image":{"@id":"https:\/\/buletin.de\/bucuresti\/termoenergetic-anunta-ca-incepe-incarcarea-instalatiilor-data-exacta-va-fi-anuntata-pe-zone\/#primaryimage"},"thumbnailUrl":"https:\/\/buletin.de\/bucuresti\/wp-content\/uploads\/termoenergetica-prefectura-solutii.jpg","articleSection":["\u0218tiri","Termoficare"],"inLanguage":"en-GB","copyrightYear":"2022","copyrightHolder":{"@id":"https:\/\/buletin.de\/bucuresti\/#organization"}},{"@type":"WebPage","@id":"https:\/\/buletin.de\/bucuresti\/termoenergetic-anunta-ca-incepe-incarcarea-instalatiilor-data-exacta-va-fi-anuntata-pe-zone\/","url":"https:\/\/buletin.de\/bucuresti\/termoenergetic-anunta-ca-incepe-incarcarea-instalatiilor-data-exacta-va-fi-anuntata-pe-zone\/","name":"Termoenergetica anun\u021b\u0103 c\u0103 \u00eencepe \u00eenc\u0103rcarea instala\u021biilor. Data exact\u0103 va fi anun\u021bat\u0103 pe zone - Buletin de Bucure\u0219ti","isPartOf":{"@id":"https:\/\/buletin.de\/bucuresti\/#website"},"primaryImageOfPage":{"@id":"https:\/\/buletin.de\/bucuresti\/termoenergetic-anunta-ca-incepe-incarcarea-instalatiilor-data-exacta-va-fi-anuntata-pe-zone\/#primaryimage"},"image":{"@id":"https:\/\/buletin.de\/bucuresti\/termoenergetic-anunta-ca-incepe-incarcarea-instalatiilor-data-exacta-va-fi-anuntata-pe-zone\/#primaryimage"},"thumbnailUrl":"https:\/\/buletin.de\/bucuresti\/wp-content\/uploads\/termoenergetica-prefectura-solutii.jpg","datePublished":"2022-10-17T09:53:58+00:00","dateModified":"2023-09-19T12:41:55+00:00","breadcrumb":{"@id":"https:\/\/buletin.de\/bucuresti\/termoenergetic-anunta-ca-incepe-incarcarea-instalatiilor-data-exacta-va-fi-anuntata-pe-zone\/#breadcrumb"},"inLanguage":"en-GB","potentialAction":[{"@type":"ReadAction","target":["https:\/\/buletin.de\/bucuresti\/termoenergetic-anunta-ca-incepe-incarcarea-instalatiilor-data-exacta-va-fi-anuntata-pe-zone\/"]}]},{"@type":"ImageObject","inLanguage":"en-GB","@id":"https:\/\/buletin.de\/bucuresti\/termoenergetic-anunta-ca-incepe-incarcarea-instalatiilor-data-exacta-va-fi-anuntata-pe-zone\/#primaryimage","url":"https:\/\/buletin.de\/bucuresti\/wp-content\/uploads\/termoenergetica-prefectura-solutii.jpg","contentUrl":"https:\/\/buletin.de\/bucuresti\/wp-content\/uploads\/termoenergetica-prefectura-solutii.jpg","width":2016,"height":1512},{"@type":"BreadcrumbList","@id":"https:\/\/buletin.de\/bucuresti\/termoenergetic-anunta-ca-incepe-incarcarea-instalatiilor-data-exacta-va-fi-anuntata-pe-zone\/#breadcrumb","itemListElement":[{"@type":"ListItem","position":1,"name":"Acas\u0103","item":"https:\/\/buletin.de\/bucuresti\/"},{"@type":"ListItem","position":2,"name":"Termoenergetica anun\u021b\u0103 c\u0103 \u00eencepe \u00eenc\u0103rcarea instala\u021biilor. Data exact\u0103 va fi anun\u021bat\u0103 pe zone"}]},{"@type":"WebSite","@id":"https:\/\/buletin.de\/bucuresti\/#website","url":"https:\/\/buletin.de\/bucuresti\/","name":"Buletin de Bucure\u0219ti","description":"\u0218tiri \u0219i investiga\u021bii esen\u021biale din capital\u0103","publisher":{"@id":"https:\/\/buletin.de\/bucuresti\/#organization"},"potentialAction":[{"@type":"SearchAction","target":{"@type":"EntryPoint","urlTemplate":"https:\/\/buletin.de\/bucuresti\/?s={search_term_string}"},"query-input":{"@type":"PropertyValueSpecification","valueRequired":true,"valueName":"search_term_string"}}],"inLanguage":"en-GB"},{"@type":"Organization","@id":"https:\/\/buletin.de\/bucuresti\/#organization","name":"Buletin de Bucure\u0219ti","url":"https:\/\/buletin.de\/bucuresti\/","logo":{"@type":"ImageObject","inLanguage":"en-GB","@id":"https:\/\/buletin.de\/bucuresti\/#\/schema\/logo\/image\/","url":"https:\/\/buletin.de\/bucuresti\/wp-content\/uploads\/logo-bdb-full-wide-vernil-transparent.png","contentUrl":"https:\/\/buletin.de\/bucuresti\/wp-content\/uploads\/logo-bdb-full-wide-vernil-transparent.png","width":1782,"height":626,"caption":"Buletin de Bucure\u0219ti"},"image":{"@id":"https:\/\/buletin.de\/bucuresti\/#\/schema\/logo\/image\/"},"sameAs":["https:\/\/www.facebook.com\/buletin.de.buc","https:\/\/www.instagram.com\/buletinde.bucuresti\/"]},{"@type":"Person","@id":"https:\/\/buletin.de\/bucuresti\/#\/schema\/person\/d369d7ddc775abece205795e0b804614","name":"Teodora Stroe","image":{"@type":"ImageObject","inLanguage":"en-GB","@id":"https:\/\/secure.gravatar.com\/avatar\/2560b4cd9f5f1bc100b123158e657d75584bd1c3e1d9c69285720b9457c1b78d?s=96&d=monsterid&r=gc104800242ba5f2d78dd5d7dc4df08b6","url":"https:\/\/secure.gravatar.com\/avatar\/2560b4cd9f5f1bc100b123158e657d75584bd1c3e1d9c69285720b9457c1b78d?s=96&d=monsterid&r=g","contentUrl":"https:\/\/secure.gravatar.com\/avatar\/2560b4cd9f5f1bc100b123158e657d75584bd1c3e1d9c69285720b9457c1b78d?s=96&d=monsterid&r=g","caption":"Teodora Stroe"},"url":"https:\/\/buletin.de\/bucuresti\/author\/simonacarlugea\/"}]}},"authors":[{"term_id":22579,"user_id":18,"is_guest":0,"slug":"simonacarlugea","display_name":"Teodora Stroe","avatar_url":"https:\/\/secure.gravatar.com\/avatar\/2560b4cd9f5f1bc100b123158e657d75584bd1c3e1d9c69285720b9457c1b78d?s=96&d=monsterid&r=g","0":null,"1":"","2":"","3":"","4":"","5":"","6":"","7":"","8":""}],"_links":{"self":[{"href":"https:\/\/buletin.de\/bucuresti\/wp-json\/wp\/v2\/posts\/47379","targetHints":{"allow":["GET"]}}],"collection":[{"href":"https:\/\/buletin.de\/bucuresti\/wp-json\/wp\/v2\/posts"}],"about":[{"href":"https:\/\/buletin.de\/bucuresti\/wp-json\/wp\/v2\/types\/post"}],"author":[{"embeddable":true,"href":"https:\/\/buletin.de\/bucuresti\/wp-json\/wp\/v2\/users\/18"}],"replies":[{"embeddable":true,"href":"https:\/\/buletin.de\/bucuresti\/wp-json\/wp\/v2\/comments?post=47379"}],"version-history":[{"count":2,"href":"https:\/\/buletin.de\/bucuresti\/wp-json\/wp\/v2\/posts\/47379\/revisions"}],"predecessor-version":[{"id":47396,"href":"https:\/\/buletin.de\/bucuresti\/wp-json\/wp\/v2\/posts\/47379\/revisions\/47396"}],"wp:featuredmedia":[{"embeddable":true,"href":"https:\/\/buletin.de\/bucuresti\/wp-json\/wp\/v2\/media\/33812"}],"wp:attachment":[{"href":"https:\/\/buletin.de\/bucuresti\/wp-json\/wp\/v2\/media?parent=47379"}],"wp:term":[{"taxonomy":"category","embeddable":true,"href":"https:\/\/buletin.de\/bucuresti\/wp-json\/wp\/v2\/categories?post=47379"},{"taxonomy":"post_tag","embeddable":true,"href":"https:\/\/buletin.de\/bucuresti\/wp-json\/wp\/v2\/tags?post=47379"},{"taxonomy":"author","embeddable":true,"href":"https:\/\/buletin.de\/bucuresti\/wp-json\/wp\/v2\/ppma_author?post=47379"}],"curies":[{"name":"wp","href":"https:\/\/api.w.org\/{rel}","templated":true}]}}