{"id":47367,"date":"2022-10-15T12:43:07","date_gmt":"2022-10-15T10:43:07","guid":{"rendered":"https:\/\/buletin.de\/bucuresti\/?p=47367"},"modified":"2022-10-15T12:43:08","modified_gmt":"2022-10-15T10:43:08","slug":"festivalul-de-arta-vizuala-spotlight-a-inceput-arcul-de-triumf-si-alte-doua-monumente-vor-fi-integrate-in-eveniment","status":"publish","type":"post","link":"https:\/\/buletin.de\/bucuresti\/festivalul-de-arta-vizuala-spotlight-a-inceput-arcul-de-triumf-si-alte-doua-monumente-vor-fi-integrate-in-eveniment\/","title":{"rendered":"Festivalul de art\u0103 vizual\u0103 Spotlight a \u00eenceput. Arcul de Triumf \u0219i alte dou\u0103 monumente vor fi integrate \u00een eveniment"},"content":{"rendered":"\n<p>Festivalul de art\u0103 vizual\u0103 Spotlight, aflat la cea de-a VI-a edi\u021bie, va integra \u00een premier\u0103 Arcul de Triumf \u0219i alte dou\u0103 monumente. Arcul de Triumf va fi pus \u00een valoare, la 16 octombrie, cu ocazia \u00eemplinirii a 100 de ani de la inaugurarea monumentului, potrivit unei post\u0103ri f\u0103cute de Nicu\u0219or Dan.<\/p>\n\n\n\n<p>Centenarul Arcului de Triumf va fi s\u0103rb\u0103torit printr-un spectacol de video mapping pe fa\u021bada construc\u021biei. <\/p>\n\n\n\n<p>\u201ePublicul este invitat s\u0103 descopere \u015fi interiorul monumentului printr-o expozi\u021bie tematic\u0103 \u0219i un spectacol labirint legate de contextul istoric al construirii \u0219i inaugur\u0103rii Arcului de Triumf, la 16 octombrie 1922. Acestea se vor baza pe interac\u021biunea direct\u0103 a spectatorilor cu actorii care vor spune povestea evenimentelor istorice, prin prisma oamenilor simpli care au participat la ele \u0219i care au l\u0103sat m\u0103rturii ale \u00eent\u00e2mpl\u0103rilor \u00een c\u0103r\u021bi po\u0219tale, fotografii, scrisori, obiecte personale, tinute vestimentare etc\u201d, a ad\u0103ugat edilul.<\/p>\n\n\n\n<p>Proiec\u021biile vor putea fi vizionate duminic\u0103 seara, de la ora 19.00 \u0219i p\u00e2n\u0103 la ora 23.00. Spectacolul face parte din \u201eSpotlight de Monument\u201d, \u00een care sunt integrate anul acesta \u0219i alte dou\u0103 statui emblematice pentru Bucure\u0219ti. Este vorba despre statuia lui Mihai Eminescu de la Ateneul Rom\u00e2n \u015fi statuia ecvestr\u0103 a lui Carol I din fa\u0163a Bibliotecii Centrale Universitare.<\/p>\n\n\n\n<p>Evenimentul const\u0103 \u00eentr-un spectacol multimedia \u0219i urm\u0103re\u0219te promovarea celor trei obiective, prin intermediul artei. Spotlight se afl\u0103 la cea de-a VI-a edi\u021bie, tema de anul acesta fiind \u201eMade in RO\u201d. Astfel, arti\u0219tii rom\u00e2ni sunt invita\u021bi s\u0103 dea o nou\u0103 form\u0103 Capitalei, ajuta\u021bi de new media.<\/p>\n\n\n\n<p>Spectacolul se desf\u0103\u0219oar\u0103 \u00een perioada 14 &#8211; 16 octombrie \u0219i cuprinde mai multe proiecte \u00een p\u0103r\u021bi diferite ale ora\u0219ului. Instala\u021biile se pot reg\u0103si \u0219i \u00een Pia\u021ba Revolu\u021biei, la Ateneul Rom\u00e2n, Teatrul Odeon, Cercul Militar Na\u021bional etc.<\/p>\n\n\n\n<p>Surs\u0103 foto cover: Facebook Nicu\u0219or Dan<\/p>\n","protected":false},"excerpt":{"rendered":"<p>Festivalul de art\u0103 vizual\u0103 Spotlight, aflat la cea de-a VI-a edi\u021bie, va integra \u00een premier\u0103 Arcul de Triumf \u0219i alte dou\u0103 monumente. Arcul de Triumf va fi pus \u00een valoare, la 16 octombrie, cu ocazia \u00eemplinirii a 100 de ani de la inaugurarea monumentului, potrivit unei post\u0103ri f\u0103cute de Nicu\u0219or Dan. Centenarul Arcului de Triumf [&hellip;]<\/p>\n","protected":false},"author":42,"featured_media":47368,"comment_status":"closed","ping_status":"open","sticky":false,"template":"","format":"standard","meta":{"_acf_changed":false,"inline_featured_image":false,"ngg_post_thumbnail":0,"footnotes":""},"categories":[62],"tags":[4663,9,4664,4667,4665,4666],"ppma_author":[22603],"class_list":["post-47367","post","type-post","status-publish","format-standard","has-post-thumbnail","hentry","category-stiri","tag-arc-de-triumf","tag-bucuresti","tag-centenar","tag-newmedia","tag-spotlight","tag-videomapping"],"acf":[],"yoast_head":"<!-- This site is optimized with the Yoast SEO Premium plugin v25.3 (Yoast SEO v27.5) - https:\/\/yoast.com\/product\/yoast-seo-premium-wordpress\/ -->\n<title>Festivalul de art\u0103 vizual\u0103 Spotlight a \u00eenceput. Arcul de Triumf \u0219i alte dou\u0103 monumente vor fi integrate \u00een eveniment - Buletin de Bucure\u0219ti<\/title>\n<meta name=\"description\" content=\"Festivalul de art\u0103 vizual\u0103 Spotlight, aflat la cea de-a VI-a edi\u021bie, va integra \u00een premier\u0103 Arcul de Triumf \u0219i alte dou\u0103 monumente.\" \/>\n<meta name=\"robots\" content=\"index, follow, max-snippet:-1, max-image-preview:large, max-video-preview:-1\" \/>\n<link rel=\"canonical\" href=\"https:\/\/buletin.de\/bucuresti\/festivalul-de-arta-vizuala-spotlight-a-inceput-arcul-de-triumf-si-alte-doua-monumente-vor-fi-integrate-in-eveniment\/\" \/>\n<meta property=\"og:locale\" content=\"en_GB\" \/>\n<meta property=\"og:type\" content=\"article\" \/>\n<meta property=\"og:title\" content=\"Festivalul de art\u0103 vizual\u0103 Spotlight a \u00eenceput. Arcul de Triumf \u0219i alte dou\u0103 monumente vor fi integrate \u00een eveniment\" \/>\n<meta property=\"og:description\" content=\"Festivalul de art\u0103 vizual\u0103 Spotlight, aflat la cea de-a VI-a edi\u021bie, va integra \u00een premier\u0103 Arcul de Triumf \u0219i alte dou\u0103 monumente.\" \/>\n<meta property=\"og:url\" content=\"https:\/\/buletin.de\/bucuresti\/festivalul-de-arta-vizuala-spotlight-a-inceput-arcul-de-triumf-si-alte-doua-monumente-vor-fi-integrate-in-eveniment\/\" \/>\n<meta property=\"og:site_name\" content=\"Buletin de Bucure\u0219ti\" \/>\n<meta property=\"article:publisher\" content=\"https:\/\/www.facebook.com\/buletin.de.buc\" \/>\n<meta property=\"article:published_time\" content=\"2022-10-15T10:43:07+00:00\" \/>\n<meta property=\"article:modified_time\" content=\"2022-10-15T10:43:08+00:00\" \/>\n<meta property=\"og:image\" content=\"https:\/\/buletin.de\/bucuresti\/wp-content\/uploads\/311615865_652251759584575_1483190680862546773_n.jpg\" \/>\n\t<meta property=\"og:image:width\" content=\"1080\" \/>\n\t<meta property=\"og:image:height\" content=\"1078\" \/>\n\t<meta property=\"og:image:type\" content=\"image\/jpeg\" \/>\n<meta name=\"author\" content=\"Andra Mure\u0219an\" \/>\n<meta name=\"twitter:card\" content=\"summary_large_image\" \/>\n<meta name=\"twitter:label1\" content=\"Written by\" \/>\n\t<meta name=\"twitter:data1\" content=\"Andra Mure\u0219an\" \/>\n\t<meta name=\"twitter:label2\" content=\"Estimated reading time\" \/>\n\t<meta name=\"twitter:data2\" content=\"2 minutes\" \/>\n<script type=\"application\/ld+json\" class=\"yoast-schema-graph\">{\"@context\":\"https:\\\/\\\/schema.org\",\"@graph\":[{\"@type\":\"Article\",\"@id\":\"https:\\\/\\\/buletin.de\\\/bucuresti\\\/festivalul-de-arta-vizuala-spotlight-a-inceput-arcul-de-triumf-si-alte-doua-monumente-vor-fi-integrate-in-eveniment\\\/#article\",\"isPartOf\":{\"@id\":\"https:\\\/\\\/buletin.de\\\/bucuresti\\\/festivalul-de-arta-vizuala-spotlight-a-inceput-arcul-de-triumf-si-alte-doua-monumente-vor-fi-integrate-in-eveniment\\\/\"},\"author\":{\"name\":\"Andra Mure\u0219an\",\"@id\":\"https:\\\/\\\/buletin.de\\\/bucuresti\\\/#\\\/schema\\\/person\\\/2305426a193cfbaadc0b30023ee5d01c\"},\"headline\":\"Festivalul de art\u0103 vizual\u0103 Spotlight a \u00eenceput. Arcul de Triumf \u0219i alte dou\u0103 monumente vor fi integrate \u00een eveniment\",\"datePublished\":\"2022-10-15T10:43:07+00:00\",\"dateModified\":\"2022-10-15T10:43:08+00:00\",\"mainEntityOfPage\":{\"@id\":\"https:\\\/\\\/buletin.de\\\/bucuresti\\\/festivalul-de-arta-vizuala-spotlight-a-inceput-arcul-de-triumf-si-alte-doua-monumente-vor-fi-integrate-in-eveniment\\\/\"},\"wordCount\":341,\"publisher\":{\"@id\":\"https:\\\/\\\/buletin.de\\\/bucuresti\\\/#organization\"},\"image\":{\"@id\":\"https:\\\/\\\/buletin.de\\\/bucuresti\\\/festivalul-de-arta-vizuala-spotlight-a-inceput-arcul-de-triumf-si-alte-doua-monumente-vor-fi-integrate-in-eveniment\\\/#primaryimage\"},\"thumbnailUrl\":\"https:\\\/\\\/buletin.de\\\/bucuresti\\\/wp-content\\\/uploads\\\/311615865_652251759584575_1483190680862546773_n.jpg\",\"keywords\":[\"arc de triumf\",\"bucuresti\",\"centenar\",\"newmedia\",\"spotlight\",\"videomapping\"],\"articleSection\":[\"\u0218tiri\"],\"inLanguage\":\"en-GB\",\"copyrightYear\":\"2022\",\"copyrightHolder\":{\"@id\":\"https:\\\/\\\/buletin.de\\\/bucuresti\\\/#organization\"}},{\"@type\":\"WebPage\",\"@id\":\"https:\\\/\\\/buletin.de\\\/bucuresti\\\/festivalul-de-arta-vizuala-spotlight-a-inceput-arcul-de-triumf-si-alte-doua-monumente-vor-fi-integrate-in-eveniment\\\/\",\"url\":\"https:\\\/\\\/buletin.de\\\/bucuresti\\\/festivalul-de-arta-vizuala-spotlight-a-inceput-arcul-de-triumf-si-alte-doua-monumente-vor-fi-integrate-in-eveniment\\\/\",\"name\":\"Festivalul de art\u0103 vizual\u0103 Spotlight a \u00eenceput. Arcul de Triumf \u0219i alte dou\u0103 monumente vor fi integrate \u00een eveniment - Buletin de Bucure\u0219ti\",\"isPartOf\":{\"@id\":\"https:\\\/\\\/buletin.de\\\/bucuresti\\\/#website\"},\"primaryImageOfPage\":{\"@id\":\"https:\\\/\\\/buletin.de\\\/bucuresti\\\/festivalul-de-arta-vizuala-spotlight-a-inceput-arcul-de-triumf-si-alte-doua-monumente-vor-fi-integrate-in-eveniment\\\/#primaryimage\"},\"image\":{\"@id\":\"https:\\\/\\\/buletin.de\\\/bucuresti\\\/festivalul-de-arta-vizuala-spotlight-a-inceput-arcul-de-triumf-si-alte-doua-monumente-vor-fi-integrate-in-eveniment\\\/#primaryimage\"},\"thumbnailUrl\":\"https:\\\/\\\/buletin.de\\\/bucuresti\\\/wp-content\\\/uploads\\\/311615865_652251759584575_1483190680862546773_n.jpg\",\"datePublished\":\"2022-10-15T10:43:07+00:00\",\"dateModified\":\"2022-10-15T10:43:08+00:00\",\"description\":\"Festivalul de art\u0103 vizual\u0103 Spotlight, aflat la cea de-a VI-a edi\u021bie, va integra \u00een premier\u0103 Arcul de Triumf \u0219i alte dou\u0103 monumente.\",\"breadcrumb\":{\"@id\":\"https:\\\/\\\/buletin.de\\\/bucuresti\\\/festivalul-de-arta-vizuala-spotlight-a-inceput-arcul-de-triumf-si-alte-doua-monumente-vor-fi-integrate-in-eveniment\\\/#breadcrumb\"},\"inLanguage\":\"en-GB\",\"potentialAction\":[{\"@type\":\"ReadAction\",\"target\":[\"https:\\\/\\\/buletin.de\\\/bucuresti\\\/festivalul-de-arta-vizuala-spotlight-a-inceput-arcul-de-triumf-si-alte-doua-monumente-vor-fi-integrate-in-eveniment\\\/\"]}]},{\"@type\":\"ImageObject\",\"inLanguage\":\"en-GB\",\"@id\":\"https:\\\/\\\/buletin.de\\\/bucuresti\\\/festivalul-de-arta-vizuala-spotlight-a-inceput-arcul-de-triumf-si-alte-doua-monumente-vor-fi-integrate-in-eveniment\\\/#primaryimage\",\"url\":\"https:\\\/\\\/buletin.de\\\/bucuresti\\\/wp-content\\\/uploads\\\/311615865_652251759584575_1483190680862546773_n.jpg\",\"contentUrl\":\"https:\\\/\\\/buletin.de\\\/bucuresti\\\/wp-content\\\/uploads\\\/311615865_652251759584575_1483190680862546773_n.jpg\",\"width\":1080,\"height\":1078},{\"@type\":\"BreadcrumbList\",\"@id\":\"https:\\\/\\\/buletin.de\\\/bucuresti\\\/festivalul-de-arta-vizuala-spotlight-a-inceput-arcul-de-triumf-si-alte-doua-monumente-vor-fi-integrate-in-eveniment\\\/#breadcrumb\",\"itemListElement\":[{\"@type\":\"ListItem\",\"position\":1,\"name\":\"Acas\u0103\",\"item\":\"https:\\\/\\\/buletin.de\\\/bucuresti\\\/\"},{\"@type\":\"ListItem\",\"position\":2,\"name\":\"Festivalul de art\u0103 vizual\u0103 Spotlight a \u00eenceput. Arcul de Triumf \u0219i alte dou\u0103 monumente vor fi integrate \u00een eveniment\"}]},{\"@type\":\"WebSite\",\"@id\":\"https:\\\/\\\/buletin.de\\\/bucuresti\\\/#website\",\"url\":\"https:\\\/\\\/buletin.de\\\/bucuresti\\\/\",\"name\":\"Buletin de Bucure\u0219ti\",\"description\":\"\u0218tiri \u0219i investiga\u021bii esen\u021biale din capital\u0103\",\"publisher\":{\"@id\":\"https:\\\/\\\/buletin.de\\\/bucuresti\\\/#organization\"},\"potentialAction\":[{\"@type\":\"SearchAction\",\"target\":{\"@type\":\"EntryPoint\",\"urlTemplate\":\"https:\\\/\\\/buletin.de\\\/bucuresti\\\/?s={search_term_string}\"},\"query-input\":{\"@type\":\"PropertyValueSpecification\",\"valueRequired\":true,\"valueName\":\"search_term_string\"}}],\"inLanguage\":\"en-GB\"},{\"@type\":\"Organization\",\"@id\":\"https:\\\/\\\/buletin.de\\\/bucuresti\\\/#organization\",\"name\":\"Buletin de Bucure\u0219ti\",\"url\":\"https:\\\/\\\/buletin.de\\\/bucuresti\\\/\",\"logo\":{\"@type\":\"ImageObject\",\"inLanguage\":\"en-GB\",\"@id\":\"https:\\\/\\\/buletin.de\\\/bucuresti\\\/#\\\/schema\\\/logo\\\/image\\\/\",\"url\":\"https:\\\/\\\/buletin.de\\\/bucuresti\\\/wp-content\\\/uploads\\\/logo-bdb-full-wide-vernil-transparent.png\",\"contentUrl\":\"https:\\\/\\\/buletin.de\\\/bucuresti\\\/wp-content\\\/uploads\\\/logo-bdb-full-wide-vernil-transparent.png\",\"width\":1782,\"height\":626,\"caption\":\"Buletin de Bucure\u0219ti\"},\"image\":{\"@id\":\"https:\\\/\\\/buletin.de\\\/bucuresti\\\/#\\\/schema\\\/logo\\\/image\\\/\"},\"sameAs\":[\"https:\\\/\\\/www.facebook.com\\\/buletin.de.buc\",\"https:\\\/\\\/www.instagram.com\\\/buletinde.bucuresti\\\/\"]},{\"@type\":\"Person\",\"@id\":\"https:\\\/\\\/buletin.de\\\/bucuresti\\\/#\\\/schema\\\/person\\\/2305426a193cfbaadc0b30023ee5d01c\",\"name\":\"Andra Mure\u0219an\",\"image\":{\"@type\":\"ImageObject\",\"inLanguage\":\"en-GB\",\"@id\":\"https:\\\/\\\/secure.gravatar.com\\\/avatar\\\/0f89940de76acadc8ab9c36e6cec5b672fc84ab1bf1537562fa8584e29dfa8a5?s=96&d=monsterid&r=g30a40ed95e1c0fc67315c6f2c6fa871e\",\"url\":\"https:\\\/\\\/secure.gravatar.com\\\/avatar\\\/0f89940de76acadc8ab9c36e6cec5b672fc84ab1bf1537562fa8584e29dfa8a5?s=96&d=monsterid&r=g\",\"contentUrl\":\"https:\\\/\\\/secure.gravatar.com\\\/avatar\\\/0f89940de76acadc8ab9c36e6cec5b672fc84ab1bf1537562fa8584e29dfa8a5?s=96&d=monsterid&r=g\",\"caption\":\"Andra Mure\u0219an\"},\"url\":\"https:\\\/\\\/buletin.de\\\/bucuresti\\\/author\\\/andra\\\/\"}]}<\/script>\n<!-- \/ Yoast SEO Premium plugin. -->","yoast_head_json":{"title":"Festivalul de art\u0103 vizual\u0103 Spotlight a \u00eenceput. Arcul de Triumf \u0219i alte dou\u0103 monumente vor fi integrate \u00een eveniment - Buletin de Bucure\u0219ti","description":"Festivalul de art\u0103 vizual\u0103 Spotlight, aflat la cea de-a VI-a edi\u021bie, va integra \u00een premier\u0103 Arcul de Triumf \u0219i alte dou\u0103 monumente.","robots":{"index":"index","follow":"follow","max-snippet":"max-snippet:-1","max-image-preview":"max-image-preview:large","max-video-preview":"max-video-preview:-1"},"canonical":"https:\/\/buletin.de\/bucuresti\/festivalul-de-arta-vizuala-spotlight-a-inceput-arcul-de-triumf-si-alte-doua-monumente-vor-fi-integrate-in-eveniment\/","og_locale":"en_GB","og_type":"article","og_title":"Festivalul de art\u0103 vizual\u0103 Spotlight a \u00eenceput. Arcul de Triumf \u0219i alte dou\u0103 monumente vor fi integrate \u00een eveniment","og_description":"Festivalul de art\u0103 vizual\u0103 Spotlight, aflat la cea de-a VI-a edi\u021bie, va integra \u00een premier\u0103 Arcul de Triumf \u0219i alte dou\u0103 monumente.","og_url":"https:\/\/buletin.de\/bucuresti\/festivalul-de-arta-vizuala-spotlight-a-inceput-arcul-de-triumf-si-alte-doua-monumente-vor-fi-integrate-in-eveniment\/","og_site_name":"Buletin de Bucure\u0219ti","article_publisher":"https:\/\/www.facebook.com\/buletin.de.buc","article_published_time":"2022-10-15T10:43:07+00:00","article_modified_time":"2022-10-15T10:43:08+00:00","og_image":[{"width":1080,"height":1078,"url":"https:\/\/buletin.de\/bucuresti\/wp-content\/uploads\/311615865_652251759584575_1483190680862546773_n.jpg","type":"image\/jpeg"}],"author":"Andra Mure\u0219an","twitter_card":"summary_large_image","twitter_misc":{"Written by":"Andra Mure\u0219an","Estimated reading time":"2 minutes"},"schema":{"@context":"https:\/\/schema.org","@graph":[{"@type":"Article","@id":"https:\/\/buletin.de\/bucuresti\/festivalul-de-arta-vizuala-spotlight-a-inceput-arcul-de-triumf-si-alte-doua-monumente-vor-fi-integrate-in-eveniment\/#article","isPartOf":{"@id":"https:\/\/buletin.de\/bucuresti\/festivalul-de-arta-vizuala-spotlight-a-inceput-arcul-de-triumf-si-alte-doua-monumente-vor-fi-integrate-in-eveniment\/"},"author":{"name":"Andra Mure\u0219an","@id":"https:\/\/buletin.de\/bucuresti\/#\/schema\/person\/2305426a193cfbaadc0b30023ee5d01c"},"headline":"Festivalul de art\u0103 vizual\u0103 Spotlight a \u00eenceput. Arcul de Triumf \u0219i alte dou\u0103 monumente vor fi integrate \u00een eveniment","datePublished":"2022-10-15T10:43:07+00:00","dateModified":"2022-10-15T10:43:08+00:00","mainEntityOfPage":{"@id":"https:\/\/buletin.de\/bucuresti\/festivalul-de-arta-vizuala-spotlight-a-inceput-arcul-de-triumf-si-alte-doua-monumente-vor-fi-integrate-in-eveniment\/"},"wordCount":341,"publisher":{"@id":"https:\/\/buletin.de\/bucuresti\/#organization"},"image":{"@id":"https:\/\/buletin.de\/bucuresti\/festivalul-de-arta-vizuala-spotlight-a-inceput-arcul-de-triumf-si-alte-doua-monumente-vor-fi-integrate-in-eveniment\/#primaryimage"},"thumbnailUrl":"https:\/\/buletin.de\/bucuresti\/wp-content\/uploads\/311615865_652251759584575_1483190680862546773_n.jpg","keywords":["arc de triumf","bucuresti","centenar","newmedia","spotlight","videomapping"],"articleSection":["\u0218tiri"],"inLanguage":"en-GB","copyrightYear":"2022","copyrightHolder":{"@id":"https:\/\/buletin.de\/bucuresti\/#organization"}},{"@type":"WebPage","@id":"https:\/\/buletin.de\/bucuresti\/festivalul-de-arta-vizuala-spotlight-a-inceput-arcul-de-triumf-si-alte-doua-monumente-vor-fi-integrate-in-eveniment\/","url":"https:\/\/buletin.de\/bucuresti\/festivalul-de-arta-vizuala-spotlight-a-inceput-arcul-de-triumf-si-alte-doua-monumente-vor-fi-integrate-in-eveniment\/","name":"Festivalul de art\u0103 vizual\u0103 Spotlight a \u00eenceput. Arcul de Triumf \u0219i alte dou\u0103 monumente vor fi integrate \u00een eveniment - Buletin de Bucure\u0219ti","isPartOf":{"@id":"https:\/\/buletin.de\/bucuresti\/#website"},"primaryImageOfPage":{"@id":"https:\/\/buletin.de\/bucuresti\/festivalul-de-arta-vizuala-spotlight-a-inceput-arcul-de-triumf-si-alte-doua-monumente-vor-fi-integrate-in-eveniment\/#primaryimage"},"image":{"@id":"https:\/\/buletin.de\/bucuresti\/festivalul-de-arta-vizuala-spotlight-a-inceput-arcul-de-triumf-si-alte-doua-monumente-vor-fi-integrate-in-eveniment\/#primaryimage"},"thumbnailUrl":"https:\/\/buletin.de\/bucuresti\/wp-content\/uploads\/311615865_652251759584575_1483190680862546773_n.jpg","datePublished":"2022-10-15T10:43:07+00:00","dateModified":"2022-10-15T10:43:08+00:00","description":"Festivalul de art\u0103 vizual\u0103 Spotlight, aflat la cea de-a VI-a edi\u021bie, va integra \u00een premier\u0103 Arcul de Triumf \u0219i alte dou\u0103 monumente.","breadcrumb":{"@id":"https:\/\/buletin.de\/bucuresti\/festivalul-de-arta-vizuala-spotlight-a-inceput-arcul-de-triumf-si-alte-doua-monumente-vor-fi-integrate-in-eveniment\/#breadcrumb"},"inLanguage":"en-GB","potentialAction":[{"@type":"ReadAction","target":["https:\/\/buletin.de\/bucuresti\/festivalul-de-arta-vizuala-spotlight-a-inceput-arcul-de-triumf-si-alte-doua-monumente-vor-fi-integrate-in-eveniment\/"]}]},{"@type":"ImageObject","inLanguage":"en-GB","@id":"https:\/\/buletin.de\/bucuresti\/festivalul-de-arta-vizuala-spotlight-a-inceput-arcul-de-triumf-si-alte-doua-monumente-vor-fi-integrate-in-eveniment\/#primaryimage","url":"https:\/\/buletin.de\/bucuresti\/wp-content\/uploads\/311615865_652251759584575_1483190680862546773_n.jpg","contentUrl":"https:\/\/buletin.de\/bucuresti\/wp-content\/uploads\/311615865_652251759584575_1483190680862546773_n.jpg","width":1080,"height":1078},{"@type":"BreadcrumbList","@id":"https:\/\/buletin.de\/bucuresti\/festivalul-de-arta-vizuala-spotlight-a-inceput-arcul-de-triumf-si-alte-doua-monumente-vor-fi-integrate-in-eveniment\/#breadcrumb","itemListElement":[{"@type":"ListItem","position":1,"name":"Acas\u0103","item":"https:\/\/buletin.de\/bucuresti\/"},{"@type":"ListItem","position":2,"name":"Festivalul de art\u0103 vizual\u0103 Spotlight a \u00eenceput. Arcul de Triumf \u0219i alte dou\u0103 monumente vor fi integrate \u00een eveniment"}]},{"@type":"WebSite","@id":"https:\/\/buletin.de\/bucuresti\/#website","url":"https:\/\/buletin.de\/bucuresti\/","name":"Buletin de Bucure\u0219ti","description":"\u0218tiri \u0219i investiga\u021bii esen\u021biale din capital\u0103","publisher":{"@id":"https:\/\/buletin.de\/bucuresti\/#organization"},"potentialAction":[{"@type":"SearchAction","target":{"@type":"EntryPoint","urlTemplate":"https:\/\/buletin.de\/bucuresti\/?s={search_term_string}"},"query-input":{"@type":"PropertyValueSpecification","valueRequired":true,"valueName":"search_term_string"}}],"inLanguage":"en-GB"},{"@type":"Organization","@id":"https:\/\/buletin.de\/bucuresti\/#organization","name":"Buletin de Bucure\u0219ti","url":"https:\/\/buletin.de\/bucuresti\/","logo":{"@type":"ImageObject","inLanguage":"en-GB","@id":"https:\/\/buletin.de\/bucuresti\/#\/schema\/logo\/image\/","url":"https:\/\/buletin.de\/bucuresti\/wp-content\/uploads\/logo-bdb-full-wide-vernil-transparent.png","contentUrl":"https:\/\/buletin.de\/bucuresti\/wp-content\/uploads\/logo-bdb-full-wide-vernil-transparent.png","width":1782,"height":626,"caption":"Buletin de Bucure\u0219ti"},"image":{"@id":"https:\/\/buletin.de\/bucuresti\/#\/schema\/logo\/image\/"},"sameAs":["https:\/\/www.facebook.com\/buletin.de.buc","https:\/\/www.instagram.com\/buletinde.bucuresti\/"]},{"@type":"Person","@id":"https:\/\/buletin.de\/bucuresti\/#\/schema\/person\/2305426a193cfbaadc0b30023ee5d01c","name":"Andra Mure\u0219an","image":{"@type":"ImageObject","inLanguage":"en-GB","@id":"https:\/\/secure.gravatar.com\/avatar\/0f89940de76acadc8ab9c36e6cec5b672fc84ab1bf1537562fa8584e29dfa8a5?s=96&d=monsterid&r=g30a40ed95e1c0fc67315c6f2c6fa871e","url":"https:\/\/secure.gravatar.com\/avatar\/0f89940de76acadc8ab9c36e6cec5b672fc84ab1bf1537562fa8584e29dfa8a5?s=96&d=monsterid&r=g","contentUrl":"https:\/\/secure.gravatar.com\/avatar\/0f89940de76acadc8ab9c36e6cec5b672fc84ab1bf1537562fa8584e29dfa8a5?s=96&d=monsterid&r=g","caption":"Andra Mure\u0219an"},"url":"https:\/\/buletin.de\/bucuresti\/author\/andra\/"}]}},"authors":[{"term_id":22603,"user_id":42,"is_guest":0,"slug":"andra","display_name":"Andra Mure\u0219an","avatar_url":"https:\/\/secure.gravatar.com\/avatar\/0f89940de76acadc8ab9c36e6cec5b672fc84ab1bf1537562fa8584e29dfa8a5?s=96&d=monsterid&r=g","0":null,"1":"","2":"","3":"","4":"","5":"","6":"","7":"","8":""}],"_links":{"self":[{"href":"https:\/\/buletin.de\/bucuresti\/wp-json\/wp\/v2\/posts\/47367","targetHints":{"allow":["GET"]}}],"collection":[{"href":"https:\/\/buletin.de\/bucuresti\/wp-json\/wp\/v2\/posts"}],"about":[{"href":"https:\/\/buletin.de\/bucuresti\/wp-json\/wp\/v2\/types\/post"}],"author":[{"embeddable":true,"href":"https:\/\/buletin.de\/bucuresti\/wp-json\/wp\/v2\/users\/42"}],"replies":[{"embeddable":true,"href":"https:\/\/buletin.de\/bucuresti\/wp-json\/wp\/v2\/comments?post=47367"}],"version-history":[{"count":1,"href":"https:\/\/buletin.de\/bucuresti\/wp-json\/wp\/v2\/posts\/47367\/revisions"}],"predecessor-version":[{"id":47369,"href":"https:\/\/buletin.de\/bucuresti\/wp-json\/wp\/v2\/posts\/47367\/revisions\/47369"}],"wp:featuredmedia":[{"embeddable":true,"href":"https:\/\/buletin.de\/bucuresti\/wp-json\/wp\/v2\/media\/47368"}],"wp:attachment":[{"href":"https:\/\/buletin.de\/bucuresti\/wp-json\/wp\/v2\/media?parent=47367"}],"wp:term":[{"taxonomy":"category","embeddable":true,"href":"https:\/\/buletin.de\/bucuresti\/wp-json\/wp\/v2\/categories?post=47367"},{"taxonomy":"post_tag","embeddable":true,"href":"https:\/\/buletin.de\/bucuresti\/wp-json\/wp\/v2\/tags?post=47367"},{"taxonomy":"author","embeddable":true,"href":"https:\/\/buletin.de\/bucuresti\/wp-json\/wp\/v2\/ppma_author?post=47367"}],"curies":[{"name":"wp","href":"https:\/\/api.w.org\/{rel}","templated":true}]}}