{"id":47354,"date":"2022-10-19T10:32:36","date_gmt":"2022-10-19T08:32:36","guid":{"rendered":"https:\/\/buletin.de\/bucuresti\/?p=47354"},"modified":"2023-01-27T23:06:49","modified_gmt":"2023-01-27T21:06:49","slug":"munca-la-proedus-este-vatamatoare-toti-angajatii-inclusiv-conducerea-au-spor-de-conditii-speciale","status":"publish","type":"post","link":"https:\/\/buletin.de\/bucuresti\/munca-la-proedus-este-vatamatoare-toti-angajatii-inclusiv-conducerea-au-spor-de-conditii-speciale\/","title":{"rendered":"Munca la PROEDUS este v\u0103t\u0103m\u0103toare. To\u021bi angaja\u021bii, inclusiv conducerea, au spor de condi\u021bii speciale"},"content":{"rendered":"\n<p><\/p>\n\n\n\n<p><strong>Centrul de Proiecte Educa\u021bionale \u0219i Sportive &#8211; PROEDUS a fost \u00eenfiin\u021bat <a href=\"https:\/\/www.proedus.ro\/informatii\/\">printr-o Hot\u0103r\u00e2re de Consiliu General \u00een vara anului 2009<\/a>, pe c\u00e2nd la c\u00e2rma Capitalei se afla Sorin Oprescu.&nbsp;<\/strong><\/p>\n\n\n\n<p><strong>Conform hot\u0103r\u00e2rii de \u00eenfiin\u021bare, Institu\u021bia \u00ee\u0219i propunea s\u0103 desf\u0103\u0219oare activit\u0103\u021bi socio-educative, cultural-artistice, turistice, sportive \u0219i de divertisment pentru tinerii cu v\u00e2rste \u00eentre 6 \u0219i 26 de ani. \u00cen planurile de \u00eenceput ale PROEDUS, se reg\u0103sea \u0219i formarea unor consilieri \u0219i promotori care s\u0103 ajute la r\u0103sp\u00e2ndirea activit\u0103\u021bilor centrului.&nbsp;<\/strong><\/p>\n\n\n\n<p class=\"has-background\" style=\"background-color:#d9eefd\"><em>\u201e\u00cencurajarea \u0219i stimularea creativit\u0103\u021bii, spiritului \u00eentreprinz\u0103tor \u0219i ini\u021biativelor tinerilor, venind \u00een \u00eent\u00e2mpinarea nevoilor comunit\u0103\u021bii prin preg\u0103tirea tinerei genera\u021bii pentru o via\u021b\u0103 s\u0103n\u0103toas\u0103, pentru con\u0219tientizarea op\u021biunilor pentru o carier\u0103, pentru lucrul \u00een echip\u0103 \u0219i pentru stimularea competitivit\u0103\u021bii \u00eentr-o societate a valorilor reale, \u00een care meritocra\u021bia, recunoa\u0219terea muncii \u0219i talentul s\u0103 fie modelul de reu\u0219it\u0103 socio-profesional\u0103.\u201c<\/em><\/p>\n\n\n\n<h2 class=\"wp-block-heading\"><strong>Salariile &#8211; cea mai important\u0103 cheltuial\u0103&nbsp;<\/strong><\/h2>\n\n\n\n<p>\u00centre 2016 \u0219i 2022, PROEDUS a primit, de la Prim\u0103ria Municipiului Bucure\u0219ti, subven\u021bii de aproape 248 de milioane de lei. Din ace\u0219ti bani, 211 milioane au fost da\u021bi \u00een mandatul de primar general al Gabrielei Firea, c\u00e2nd bugetul institu\u021biei din subordinea PMB a explodat, ajung\u00e2nd chiar la un record de 76 milioane de lei da\u021bi \u00eentr-un singur an, \u00een 2018.&nbsp;<\/p>\n\n\n\n<p>\u00cen 2016, PROEDUS pl\u0103tea salarii de pu\u021bin peste 200 de mii de lei, \u00eens\u0103 de la un an la altul bugetul de salarii cre\u0219tea cu sute de mii de euro, chiar sub ochii Gabrielei Firea. \u00cen 2017, acesta a ajuns la peste 600 de mii de lei, iar \u00een 2018, anul \u00een care institu\u021bia a avut cea mai mare subven\u021bie din ultimii \u0219ase ani, bugetul de salarii al PROEDUS a crescut de \u0219apte ori, ajung\u00e2nd la peste 4,2 milioane de lei.&nbsp;<\/p>\n\n\n\n<p>Aceast\u0103 explozie a banilor da\u021bi pe salarii a fost determinat\u0103 de faptul c\u0103 institu\u021bia din subordinea PMB \u0219i-a dublat num\u0103rul de posturi. Dac\u0103 \u00een 2009 avea doar 48 de angaja\u021bi, ast\u0103zi, ca s\u0103 \u00eendeplineasc\u0103 acelea\u0219i obiective ca acum 14 ani, num\u0103rul posturilor aproape s-a dublat.&nbsp;<\/p>\n\n\n\n<p>Anii au trecut, iar dup\u0103 2018 subven\u021bia dat\u0103 de Prim\u0103ria General\u0103 a sc\u0103zut cu aproape fiecare an, ajung\u00e2nd la un minim de doar 14 milioane, \u00een 2021. Asta nu a contat pentru angaja\u021bii PROEDUS, iar bugetul de salarii devenea mai mare cu aproape fiecare an.&nbsp;<\/p>\n\n\n\n<p>\u00cen 2022, la mijlocul mandatului de primar al lui Nicu\u0219or Dan la PMB, bugetul pentru salariile celor 79 de angaja\u021bi a ajuns la peste \u0219ase milioane de lei, reprezent\u00e2nd mai mult de o treime din bugetul total al institu\u021biei.&nbsp;<\/p>\n\n\n\n<div class=\"infogram-embed\" data-id=\"_\/cGNXXJAD01ohWUmaSqTh\" data-type=\"interactive\" data-title=\"Salarii PROEDUS\"><\/div><script>!function(e,i,n,s){var t=\"InfogramEmbeds\",d=e.getElementsByTagName(\"script\")[0];if(window[t]&&window[t].initialized)window[t].process&&window[t].process();else if(!e.getElementById(n)){var o=e.createElement(\"script\");o.async=1,o.id=n,o.src=\"https:\/\/e.infogram.com\/js\/dist\/embed-loader-min.js\",d.parentNode.insertBefore(o,d)}}(document,0,\"infogram-async\");<\/script>\n\n\n\n<p>Conducerea Institu\u021biei nu s-a mul\u021bumit doar cu salarii uria\u0219e. A \u00eenceput s\u0103 aloce, treptat, sute de mii de lei pentru vouchere de vacan\u021b\u0103, indemniza\u021bii de hran\u0103 \u0219i sporuri pentru condi\u021bii de munc\u0103.&nbsp;<\/p>\n\n\n\n<p>Sporul pentru condi\u021bii v\u0103t\u0103m\u0103toare de munc\u0103 a ap\u0103rut \u00een septembrie 2018 \u0219i reprezenta, conform grilei salariilor de atunci, 10% din salariul de baz\u0103 al unui angajat. Dac\u0103 un \u0219ef de serviciu primea 10 mii de lei pe lun\u0103, primea un spor de \u00eenc\u0103 1000 de lei pentru condi\u021biile \u201egrele\u201c \u00een care lucra. Din 2020, printr-o Ordonan\u021b\u0103 de Urgen\u021b\u0103, sporul a crescut la 15% din salariul de baz\u0103.\u00a0<\/p>\n\n\n\n<div class=\"infogram-embed\" data-id=\"_\/oFJeFFv2myF5fMdNjjXe\" data-type=\"interactive\" data-title=\"Untitled infographic\"><\/div><script>!function(e,i,n,s){var t=\"InfogramEmbeds\",d=e.getElementsByTagName(\"script\")[0];if(window[t]&&window[t].initialized)window[t].process&&window[t].process();else if(!e.getElementById(n)){var o=e.createElement(\"script\");o.async=1,o.id=n,o.src=\"https:\/\/e.infogram.com\/js\/dist\/embed-loader-min.js\",d.parentNode.insertBefore(o,d)}}(document,0,\"infogram-async\");<\/script>\n\n\n\n<h2 class=\"wp-block-heading\"><strong>La cine au ajuns banii PROEDUS pentru proiecte educa\u021bionale \u0219i sportive&nbsp;<\/strong><\/h2>\n\n\n\n<p>\u00centre 2016 \u0219i 2022, PROEDUS a \u00eencheiat peste 2400 de contracte directe, evit\u00e2nd licita\u021bia, pentru ca banii s\u0103 ajung\u0103 \u00een buzunarul unor firme care au luat milioane de lei din bugetul acesteia. \u00cen ultimii \u0219apte ani, institu\u021bia a dat, prin contracte directe, pu\u021bin peste 30 de milioane de lei.&nbsp;<\/p>\n\n\n\n<figure class=\"wp-block-image size-large\"><a href=\"https:\/\/buletin.de\/bucuresti\/wp-content\/uploads\/Screen-Shot-2022-10-14-at-8.27.01-PM.png\"><img fetchpriority=\"high\" decoding=\"async\" width=\"900\" height=\"399\" src=\"data:image\/gif;base64,R0lGODlhAQABAAAAACH5BAEKAAEALAAAAAABAAEAAAICTAEAOw==\" data-src=\"https:\/\/buletin.de\/bucuresti\/wp-content\/uploads\/Screen-Shot-2022-10-14-at-8.27.01-PM-900x399.png\" alt=\"\" class=\"wp-image-47357 lazyload\" data-sizes=\"auto\" data-srcset=\"https:\/\/buletin.de\/bucuresti\/wp-content\/uploads\/Screen-Shot-2022-10-14-at-8.27.01-PM-900x399.png 900w, https:\/\/buletin.de\/bucuresti\/wp-content\/uploads\/Screen-Shot-2022-10-14-at-8.27.01-PM-300x133.png 300w, https:\/\/buletin.de\/bucuresti\/wp-content\/uploads\/Screen-Shot-2022-10-14-at-8.27.01-PM-768x340.png 768w, https:\/\/buletin.de\/bucuresti\/wp-content\/uploads\/Screen-Shot-2022-10-14-at-8.27.01-PM-1060x470.png 1060w, https:\/\/buletin.de\/bucuresti\/wp-content\/uploads\/Screen-Shot-2022-10-14-at-8.27.01-PM-550x244.png 550w, https:\/\/buletin.de\/bucuresti\/wp-content\/uploads\/Screen-Shot-2022-10-14-at-8.27.01-PM-1129x500.png 1129w, https:\/\/buletin.de\/bucuresti\/wp-content\/uploads\/Screen-Shot-2022-10-14-at-8.27.01-PM-600x266.png 600w, https:\/\/buletin.de\/bucuresti\/wp-content\/uploads\/Screen-Shot-2022-10-14-at-8.27.01-PM.png 1404w\" sizes=\"(max-width: 900px) 100vw, 900px\" \/><\/a><figcaption><strong>Firmele pe care le-a alimentat PROEDUS cu bani.<\/strong><\/figcaption><\/figure>\n\n\n\n<p>Firmele care au \u00eencasat cei mai mul\u021bi bani de la PROEDUS sunt SC Avista Vision \u0219i Trima Events, \u00een conturile c\u0103rora au intrat milioane de lei. Pe l\u00e2ng\u0103 milioanele \u00eencasate de la institu\u021bia din subordinea PMB, cele dou\u0103 companii mai au \u00een comun un lucru, ambele sunt de\u021binute de familia Bugean.&nbsp;<\/p>\n\n\n\n<p>SC Avista Vision a fost \u00eenfiin\u021bat\u0103 de Bugean Florin Daniel \u0219i Bugean Alina Georgeta-Andreea \u00een urm\u0103 cu 14 ani, \u00een 2008. \u0218ase ani mai t\u00e2rziu, Bugean Alina s-a retras din firm\u0103, iar unicul ac\u021bionar a r\u0103mas Bugean Daniel. Din 2016 \u0219i p\u00e2n\u0103 \u00een prezent, firma tr\u0103ie\u0219te aproape integral din banii veni\u021bi de la PROEDUS, de la care a \u00eencasat peste <strong>4 milioane de lei<\/strong> p\u00e2n\u0103 acum, \u00een condi\u021biile \u00een care, \u00een aceast\u0103 perioad\u0103 de timp, veniturile totale ale firmei au fost de doar \u0219ase milioane de lei. De asemenea,<a href=\"https:\/\/expertforum.ro\/wp-content\/uploads\/2021\/07\/PB-122-publicitate-covid-2020.pdf\"> raportul Expert Forum despre <em>\u201eBanii pentru publicitate \u00een pandemie\u201c<\/em><\/a><em> <\/em>arat\u0103 c\u0103 peste 90% din banii firmei \u00eentre 2016 \u0219i martie 2020 vin de la PROEDUS.<\/p>\n\n\n\n<p>Cea mai mare parte a contractelor primite de Avista Vision a fost pentru tip\u0103rituri, activitatea de baz\u0103 a firmei. \u00cen ultimii ani a tip\u0103rit bro\u0219uri, afi\u0219e, flyere, bannere \u0219i diplome pentru PROEDUS. Printre tip\u0103rituri, compania a primit \u0219i contracte pentru a organiza ateliere <em>\u201einteractive \u0219i tehnologice\u201c <\/em>pentru copii, \u00een cadrul unor festivaluri organizate de PROEDUS precum: <em>Festivalul copiilor 2018, Pia\u021ba Statelor Membre, Smart Start, Late Summer Camp <\/em>sau<em> <\/em>chiar<em> Kids City.&nbsp;<\/em><\/p>\n\n\n\n<figure class=\"wp-block-image size-large\"><a href=\"https:\/\/buletin.de\/bucuresti\/wp-content\/uploads\/70915859_2379946618793726_3524008374171598848_n.jpeg\"><img decoding=\"async\" width=\"900\" height=\"409\" src=\"data:image\/gif;base64,R0lGODlhAQABAAAAACH5BAEKAAEALAAAAAABAAEAAAICTAEAOw==\" data-src=\"https:\/\/buletin.de\/bucuresti\/wp-content\/uploads\/70915859_2379946618793726_3524008374171598848_n-900x409.jpeg\" alt=\"\" class=\"wp-image-47356 lazyload\" data-sizes=\"auto\" data-srcset=\"https:\/\/buletin.de\/bucuresti\/wp-content\/uploads\/70915859_2379946618793726_3524008374171598848_n-900x409.jpeg 900w, https:\/\/buletin.de\/bucuresti\/wp-content\/uploads\/70915859_2379946618793726_3524008374171598848_n-300x136.jpeg 300w, https:\/\/buletin.de\/bucuresti\/wp-content\/uploads\/70915859_2379946618793726_3524008374171598848_n-768x349.jpeg 768w, https:\/\/buletin.de\/bucuresti\/wp-content\/uploads\/70915859_2379946618793726_3524008374171598848_n-550x250.jpeg 550w, https:\/\/buletin.de\/bucuresti\/wp-content\/uploads\/70915859_2379946618793726_3524008374171598848_n-600x273.jpeg 600w, https:\/\/buletin.de\/bucuresti\/wp-content\/uploads\/70915859_2379946618793726_3524008374171598848_n.jpeg 960w\" sizes=\"(max-width: 900px) 100vw, 900px\" \/><\/a><figcaption>Imagine cu afi\u0219ul Late Summer Camp 2019, unul dintreproiectele organizate de PROEDUS \u00een ultimii ani. Surs\u0103 Foto: Facebook, PROEDUS<\/figcaption><\/figure>\n\n\n\n<p>Pe locul al doilea \u00een clasamentul firmelor care au \u00eencasat bani de la PROEDUS se afl\u0103 Trima Events, de\u021binut\u0103 doar de Bugean Alina Georgeta-Andreea, so\u021bia lui Bugean Daniel, patronul Avista Vision. Compania a fost \u00eenfiin\u021bat\u0103 \u00een 2006 \u0219i la fel ca Avista Vision are la baz\u0103 activit\u0103\u021bi de tip\u0103rituri. \u00cen ultimii \u0219apte ani a ob\u021binut de la PROEDUS nu mai pu\u021bin de <strong>3,5 milioane de lei.&nbsp;<\/strong><\/p>\n\n\n\n<p>Pe l\u00e2ng\u0103 c\u00e2\u0219tigurile din bani publici pe care le ob\u021bine prin firmele de papet\u0103rie pe care le de\u021bine \u00eempreun\u0103 cu so\u021bul ei, Bugean Alina a c\u00e2\u0219tigat \u00een 2019 un concurs, din postura de unic candidat, pentru postul de <em>\u201eexpert raportare\u201c<\/em> \u00een cadrul unuia dintre proiectele finan\u021bate de Ministerul S\u0103n\u0103t\u0103\u021bii pentru Centrul de Imunogenetic\u0103.&nbsp;<\/p>\n\n\n\n<p>Trima Events este abonat\u0103 la banii mai multor institu\u021bii din subordinea PMB. \u00centre 2018 \u0219i 2022 a primit 23 de contracte directe de la CREART pentru care a c\u00e2\u0219tigat peste 700 de mii de lei. Mai mult, <a href=\"https:\/\/buletin.de\/bucuresti\/holdingul-gabrielei-firea-dizolvat-prima-pe-lista-compania-municipala-turistica-bucuresti-afaceri-gaunoase-cu-membrii-alde\/\">Buletin de Bucure\u0219ti a scris despre cum Trima Events a avut \u00een 2018 contracte \u0219i cu Compania Municipal\u0103 de Turism, care a fost desfiin\u021bat\u0103 \u00eentre timp.<\/a><\/p>\n\n\n\n<h2 class=\"wp-block-heading\"><strong>Afacerea Muzeul Copiilor, f\u0103cut\u0103 repede \u0219i cu cine trebuie<\/strong><\/h2>\n\n\n\n<p>Trima Events a fost una dintre firmele care au participat la <a href=\"https:\/\/buletin.de\/bucuresti\/muzeul-copiilor-investiie-de-pandemie-pe-repede-inainte-achiziii-directe-de-1-milion-de-euro-in-2-luni\/\">investi\u021bia f\u0103cut\u0103 pe repede \u00eenainte, \u00een plin\u0103 pandemie de Covid-19, Muzeul Copiilor<\/a>. Patru dintre cele cinci firme care au primit loturile proiectului au avut, fiecare \u00een parte, afaceri de sute de mii de lei cu Centrul de Crea\u021bie, Art\u0103 \u0219i Tradi\u021bie (CREART), \u00eens\u0103 nici cea de-a cincea nu este str\u0103in\u0103 banului public din Capital\u0103, av\u00e2nd contract cu Centrul de Seniori.&nbsp;<\/p>\n\n\n\n<p>F\u0103cut din banii bucure\u0219tenilor \u0219i firme abonate la banii culturii din Bucure\u0219ti, Muzeul Copiilor nu are acces liber. Copii trebuie s\u0103 pl\u0103teasc\u0103 \u00eentre 10 \u0219i 50 de lei pentru a participa la cele patru tururi pe care muzeul le pune la dispozi\u021bie.&nbsp;<\/p>\n\n\n\n<p>Compania administrat\u0103 de Alina Bugean a primit, prin contract direct, aproape 600 de mii de lei pentru<a href=\"https:\/\/www.e-licitatie.ro\/pub\/direct-acquisition\/view\/106635826\"> primul lot<\/a> al investi\u021biei.&nbsp;<\/p>\n\n\n\n<p>Muzeul Copiilor a fost \u00eemp\u0103r\u021bit \u00een cinci loturi, toate date, prin contracte directe, c\u0103tre firme cu vechime \u00een lucrul cu institu\u021biile din subordinea Prim\u0103riei Generale.&nbsp;<\/p>\n\n\n\n<p>De<a href=\"https:\/\/www.e-licitatie.ro\/pub\/direct-acquisition\/view\/106647097\"> lotul al doilea<\/a> s-a ocupat SC 360 Revolution SRL, o firm\u0103 \u00eenfiin\u021bat\u0103 de Sebastian Ghi\u021b\u0103 \u0219i de\u021binut\u0103 \u00een prezent de c\u0103tre Daniel Buldu\u0219, care a primit peste 800 de mii de lei pentru acest proiect. Firma are alte trei contracte cu PROEDUS, de la care a primit, \u00een total, peste 1,2 milioane de lei. Fosta companie a lui Sebastian Ghi\u021b\u0103 este bine conectat\u0103 la banul public din Bucure\u0219ti, \u00eentre 2018 \u0219i 2022, a primit 1,3 milioane de lei de la o alt\u0103 institu\u021bie de cultur\u0103 din Subordinea PMB, CREART.&nbsp;<\/p>\n\n\n\n<figure class=\"wp-block-image size-full\"><a href=\"https:\/\/buletin.de\/bucuresti\/wp-content\/uploads\/WhatsApp-Image-2020-11-05-at-11.45.20-900x600-1.jpeg\"><img decoding=\"async\" width=\"900\" height=\"600\" src=\"data:image\/gif;base64,R0lGODlhAQABAAAAACH5BAEKAAEALAAAAAABAAEAAAICTAEAOw==\" data-src=\"https:\/\/buletin.de\/bucuresti\/wp-content\/uploads\/WhatsApp-Image-2020-11-05-at-11.45.20-900x600-1.jpeg\" alt=\"\" class=\"wp-image-47358 lazyload\" data-sizes=\"auto\" data-srcset=\"https:\/\/buletin.de\/bucuresti\/wp-content\/uploads\/WhatsApp-Image-2020-11-05-at-11.45.20-900x600-1.jpeg 900w, https:\/\/buletin.de\/bucuresti\/wp-content\/uploads\/WhatsApp-Image-2020-11-05-at-11.45.20-900x600-1-300x200.jpeg 300w, https:\/\/buletin.de\/bucuresti\/wp-content\/uploads\/WhatsApp-Image-2020-11-05-at-11.45.20-900x600-1-768x512.jpeg 768w, https:\/\/buletin.de\/bucuresti\/wp-content\/uploads\/WhatsApp-Image-2020-11-05-at-11.45.20-900x600-1-550x367.jpeg 550w, https:\/\/buletin.de\/bucuresti\/wp-content\/uploads\/WhatsApp-Image-2020-11-05-at-11.45.20-900x600-1-750x500.jpeg 750w, https:\/\/buletin.de\/bucuresti\/wp-content\/uploads\/WhatsApp-Image-2020-11-05-at-11.45.20-900x600-1-600x400.jpeg 600w\" sizes=\"(max-width: 900px) 100vw, 900px\" \/><\/a><figcaption>Intrare Muzeul Copiilor, unul dintre proiectele PROEDUS. Surs\u0103 Foto: PROEDUS <\/figcaption><\/figure>\n\n\n\n<p><\/p>\n\n\n\n<p><a href=\"https:\/\/www.e-licitatie.ro\/pub\/direct-acquisition\/view\/106669123\">\u00a0Lotul al treilea<\/a> al muzeului a fost adjudecat de c\u0103tre Multimedia Film, companie cel pu\u021bin la fel de bine conectat\u0103 la banii bucure\u0219tenilor. Lotul a costat aproape 600 de mii de lei. Multimedia Film este o companie care a primit \u00een ultimii cinci ani contracte de pu\u021bin peste cinci milioane de lei de la CREART. Firma este de\u021binut\u0103 de Mainescu Andrei \u0219i Santea Bogdan.<\/p>\n\n\n\n<p>Promax Print a primit <a href=\"https:\/\/www.e-licitatie.ro\/pub\/direct-acquisition\/view\/106651123\">al patrulea lot<\/a> din Muzeul Copiilor, care a fost cel mai scump, aproape un milion de lei. Punctul comun dintre Promax Print \u0219i celelalte firme este chiar faptul c\u0103 a avut contracte cu Centrul de Crea\u021bie Art\u0103 \u0219i Tradi\u021bie, de la care a primit peste \u0219ase milioane de lei prin peste 350 de contracte. Compania este de\u021binut\u0103 de C\u0103t\u0103lin \u0219i Sonia Piloff.&nbsp;<\/p>\n\n\n\n<p>Ultimul lot a fost \u0219i cel mai ieftin, aproape 500 de mii de lei, dat c\u0103tre Temple Rental &amp; Events Production SRL. \u0218i aceast\u0103 companie a mai colaborat cu Prim\u0103ria Bucure\u0219ti, \u00een 2018, pentru Centrul de Seniori \u00een valoare de 75,000 de lei.<\/p>\n\n\n\n<figure class=\"wp-block-image size-large\"><a href=\"https:\/\/buletin.de\/bucuresti\/wp-content\/uploads\/118507900_3488462674549848_2406946350477361987_n.jpeg\"><img loading=\"lazy\" decoding=\"async\" width=\"900\" height=\"599\" src=\"data:image\/gif;base64,R0lGODlhAQABAAAAACH5BAEKAAEALAAAAAABAAEAAAICTAEAOw==\" data-src=\"https:\/\/buletin.de\/bucuresti\/wp-content\/uploads\/118507900_3488462674549848_2406946350477361987_n-900x599.jpeg\" alt=\"\" class=\"wp-image-47361 lazyload\" data-sizes=\"auto\" data-srcset=\"https:\/\/buletin.de\/bucuresti\/wp-content\/uploads\/118507900_3488462674549848_2406946350477361987_n-900x599.jpeg 900w, https:\/\/buletin.de\/bucuresti\/wp-content\/uploads\/118507900_3488462674549848_2406946350477361987_n-300x200.jpeg 300w, https:\/\/buletin.de\/bucuresti\/wp-content\/uploads\/118507900_3488462674549848_2406946350477361987_n-768x511.jpeg 768w, https:\/\/buletin.de\/bucuresti\/wp-content\/uploads\/118507900_3488462674549848_2406946350477361987_n-1060x705.jpeg 1060w, https:\/\/buletin.de\/bucuresti\/wp-content\/uploads\/118507900_3488462674549848_2406946350477361987_n-550x366.jpeg 550w, https:\/\/buletin.de\/bucuresti\/wp-content\/uploads\/118507900_3488462674549848_2406946350477361987_n-752x500.jpeg 752w, https:\/\/buletin.de\/bucuresti\/wp-content\/uploads\/118507900_3488462674549848_2406946350477361987_n-600x399.jpeg 600w, https:\/\/buletin.de\/bucuresti\/wp-content\/uploads\/118507900_3488462674549848_2406946350477361987_n.jpeg 1440w\" sizes=\"(max-width: 900px) 100vw, 900px\" \/><\/a><figcaption>Imagini cu Gabriela Firea, prezent\u0103 la inaugurarea Muzeului Copiilor. Surs\u0103 Foto: Facebook, Gabriela Firea <\/figcaption><\/figure>\n\n\n\n<p><\/p>\n\n\n\n<p>Contactat\u0103 de c\u0103tre Buletin de Bucure\u0219ti, Alina Bugean sus\u021bine c\u0103 afacerile cu PROEDUS au \u00eenceput la solicit\u0103rile institu\u021biei, iar \u00een ceea ce prive\u0219te contractul cu Muzeul Copiilor spune c\u0103 Trima Events s-a licitat pentru dou\u0103 loturi, dar a luat unul singur. <\/p>\n\n\n\n<blockquote class=\"wp-block-quote is-layout-flow wp-block-quote-is-layout-flow\"><p>Acum foarte mul\u021bi ani, \u00eenc\u0103 de la \u00eenceputurile firmei. Ne-au cerut ni\u0219te tip\u0103rituri \u0219i de acolo s-au tot solicitat. (&#8230;) Nu \u0219tiu ce s\u0103 v\u0103 zic (nr. despre contractul cu Muzeul Copiilor) astea sunt regulile lor interne. Eu v\u0103d anun\u021burile \u0219i m\u0103 licitez. M-am licitat \u0219i acum la Muzeul Copiilor \u0219i am pierdut. Eu m-am licitat la dou\u0103 loturi atunci \u0219i am reu\u0219it s\u0103 iau unul singur. <\/p><cite>A declarat Alina Bugean, patroana Trima Events, pentru Buletin de Bucure\u0219ti <\/cite><\/blockquote>\n\n\n\n<h2 class=\"wp-block-heading\"><strong>Conducerea PROEDUS conectat\u0103 la companiile municipale ale Gabrielei Firea \u0219i cu partidul politic ALDE&nbsp;<\/strong><\/h2>\n\n\n\n<p>PROEDUS are 79 de posturi pe grila de salarizare, din care 19 sunt de conducere. Ceea ce \u00eenseamn\u0103 c\u0103 la fiecare patru angaja\u021bi exist\u0103 c\u00e2te un \u0219ef. Serviciul Proiecte are un singur angajat, care este chiar \u0219eful serviciului, \u00een timp ce \u0219eful Serviciului de Tabere conduce un singur angajat.&nbsp;<\/p>\n\n\n\n<p>Institu\u021bia din subordinea Prim\u0103riei Bucure\u0219ti este condus\u0103, \u00eenc\u0103 din 2019, de c\u0103tre directoarea <strong>Zvetlana Ileana Preoteasa<\/strong>, care conform parcursului profesional a de\u021binut numeroase func\u021bii de conducere. A fost membr\u0103 \u00een dou\u0103 partide, PNL \u0219i ALDE, iar din partea ambelor partide a candidat \u00een Parlament, dar nu a reu\u0219it s\u0103 intre niciodat\u0103. \u00cen 2008, c\u00e2nd C\u0103lin Popescu T\u0103riceanu era Premier, a fost numit\u0103 secretar de stat \u00een Ministerul Educa\u021biei, de unde a vegheat peste \u00eenv\u0103\u021b\u0103m\u00e2ntul preuniversitar.\u00a0<\/p>\n\n\n\n<p>Conform declara\u021biei de avere din 2013, a fost \u0219efa cabinetului parlamentar al lui Cristian David, fost senator \u0219i Ministru al Internelor din partea PNL. \u00cen acela\u0219i an, a fost \u0219i consultant\u0103 pentru un europarlamentar rom\u00e2n \u0219i a devenit director al Institutului Eudoxiu Hurmuzachi pentru Rom\u00e2nii de Pretutindeni. \u00cen 2018 a fost numit\u0103 din nou directoare, \u00eens\u0103 la o alt\u0103 institu\u021bie public\u0103, Biblioteca Metropolitan\u0103.\u00a0<\/p>\n\n\n\n<figure class=\"wp-block-image size-large\"><a href=\"https:\/\/buletin.de\/bucuresti\/wp-content\/uploads\/251770879_292250256234174_1485067502589549891_n.jpeg\"><img loading=\"lazy\" decoding=\"async\" width=\"900\" height=\"900\" src=\"data:image\/gif;base64,R0lGODlhAQABAAAAACH5BAEKAAEALAAAAAABAAEAAAICTAEAOw==\" data-src=\"https:\/\/buletin.de\/bucuresti\/wp-content\/uploads\/251770879_292250256234174_1485067502589549891_n-900x900.jpeg\" alt=\"\" class=\"wp-image-47362 lazyload\" data-sizes=\"auto\" data-srcset=\"https:\/\/buletin.de\/bucuresti\/wp-content\/uploads\/251770879_292250256234174_1485067502589549891_n-900x900.jpeg 900w, https:\/\/buletin.de\/bucuresti\/wp-content\/uploads\/251770879_292250256234174_1485067502589549891_n-300x300.jpeg 300w, https:\/\/buletin.de\/bucuresti\/wp-content\/uploads\/251770879_292250256234174_1485067502589549891_n-150x150.jpeg 150w, https:\/\/buletin.de\/bucuresti\/wp-content\/uploads\/251770879_292250256234174_1485067502589549891_n-768x768.jpeg 768w, https:\/\/buletin.de\/bucuresti\/wp-content\/uploads\/251770879_292250256234174_1485067502589549891_n-1060x1060.jpeg 1060w, https:\/\/buletin.de\/bucuresti\/wp-content\/uploads\/251770879_292250256234174_1485067502589549891_n-550x550.jpeg 550w, https:\/\/buletin.de\/bucuresti\/wp-content\/uploads\/251770879_292250256234174_1485067502589549891_n-500x500.jpeg 500w, https:\/\/buletin.de\/bucuresti\/wp-content\/uploads\/251770879_292250256234174_1485067502589549891_n-1080x1080.jpeg 1080w, https:\/\/buletin.de\/bucuresti\/wp-content\/uploads\/251770879_292250256234174_1485067502589549891_n-45x45.jpeg 45w, https:\/\/buletin.de\/bucuresti\/wp-content\/uploads\/251770879_292250256234174_1485067502589549891_n-250x250.jpeg 250w, https:\/\/buletin.de\/bucuresti\/wp-content\/uploads\/251770879_292250256234174_1485067502589549891_n-600x600.jpeg 600w, https:\/\/buletin.de\/bucuresti\/wp-content\/uploads\/251770879_292250256234174_1485067502589549891_n-100x100.jpeg 100w, https:\/\/buletin.de\/bucuresti\/wp-content\/uploads\/251770879_292250256234174_1485067502589549891_n.jpeg 1088w\" sizes=\"(max-width: 900px) 100vw, 900px\" \/><\/a><figcaption>Zvtlana Preoteasa, directoarea PROEDUS. Surs\u0103 Foto: Facebook, Zvetlana Preoteasa <\/figcaption><\/figure>\n\n\n\n<p>\u00cenainte ca Zvetlana Preoteasa s\u0103 ocupe fotoliul de director PROEDUS, func\u021bia era de\u021binut\u0103 de c\u0103tre Florin Diaconescu care, conform declara\u021biilor de avere publice, \u00een 2011, pe vremea \u00een care era \u0219eful Serviciului de Ap\u0103rare Civil\u0103 din Bucure\u0219ti, a fost deta\u0219at pe func\u021bia de director general PROEDUS.\u00a0<\/p>\n\n\n\n<p>Florin Diaconescu este \u0219i pre\u0219edintele \u0218colii Democra\u021biei, o asocia\u021bie \u00eenfiin\u021bat\u0103 \u00een 2003 \u0219i sus\u021binut\u0103 de fostul pre\u0219edinte al Rom\u00e2niei Emil Constantinescu. Florin Diaconescu a declarat \u0219i c\u0103 de\u021bine timbre, bijuterii de aur, tablouri \u0219i bibelouri \u00een valoare de 155 de mii de euro.<\/p>\n\n\n\n<figure class=\"wp-block-image size-full\"><img loading=\"lazy\" decoding=\"async\" width=\"786\" height=\"262\" src=\"data:image\/gif;base64,R0lGODlhAQABAAAAACH5BAEKAAEALAAAAAABAAEAAAICTAEAOw==\" data-src=\"https:\/\/buletin.de\/bucuresti\/wp-content\/uploads\/Screen-Shot-2022-10-14-at-8.42.37-PM.png\" alt=\"\" class=\"wp-image-47363 lazyload\" data-sizes=\"auto\" data-srcset=\"https:\/\/buletin.de\/bucuresti\/wp-content\/uploads\/Screen-Shot-2022-10-14-at-8.42.37-PM.png 786w, https:\/\/buletin.de\/bucuresti\/wp-content\/uploads\/Screen-Shot-2022-10-14-at-8.42.37-PM-300x100.png 300w, https:\/\/buletin.de\/bucuresti\/wp-content\/uploads\/Screen-Shot-2022-10-14-at-8.42.37-PM-768x256.png 768w, https:\/\/buletin.de\/bucuresti\/wp-content\/uploads\/Screen-Shot-2022-10-14-at-8.42.37-PM-550x183.png 550w, https:\/\/buletin.de\/bucuresti\/wp-content\/uploads\/Screen-Shot-2022-10-14-at-8.42.37-PM-600x200.png 600w\" sizes=\"(max-width: 786px) 100vw, 786px\" \/><figcaption>O parte din declara\u021bia de avere din 2018 a fostului director PROEDUS, Florin Diaconescu <\/figcaption><\/figure>\n\n\n\n<p>Simion Ruxandra Georgiana (fost\u0103 Marin) este directoare adjunct\u0103 a PROEDUS, func\u021bie pe care o ocup\u0103 de aproximativ 10 ani, \u00eenc\u0103 din 2012. \u00cenainte de a primi aceast\u0103 func\u021bie de conducere, a fost asistent\u0103 \u00een cabinetul primarului general Sorin Oprescu, \u00eentre 2008 \u0219i 2015, iar timp de trei ani s-a \u00eemp\u0103r\u021bit \u00eentre PROEDUS \u0219i cabinetul lui Oprescu.&nbsp;<\/p>\n\n\n\n<figure class=\"wp-block-image size-large\"><a href=\"https:\/\/buletin.de\/bucuresti\/wp-content\/uploads\/60243990_2140509189404138_8592497643798659072_n.jpeg\"><img loading=\"lazy\" decoding=\"async\" width=\"900\" height=\"600\" src=\"data:image\/gif;base64,R0lGODlhAQABAAAAACH5BAEKAAEALAAAAAABAAEAAAICTAEAOw==\" data-src=\"https:\/\/buletin.de\/bucuresti\/wp-content\/uploads\/60243990_2140509189404138_8592497643798659072_n-900x600.jpeg\" alt=\"\" class=\"wp-image-47364 lazyload\" data-sizes=\"auto\" data-srcset=\"https:\/\/buletin.de\/bucuresti\/wp-content\/uploads\/60243990_2140509189404138_8592497643798659072_n-900x600.jpeg 900w, https:\/\/buletin.de\/bucuresti\/wp-content\/uploads\/60243990_2140509189404138_8592497643798659072_n-300x200.jpeg 300w, https:\/\/buletin.de\/bucuresti\/wp-content\/uploads\/60243990_2140509189404138_8592497643798659072_n-768x512.jpeg 768w, https:\/\/buletin.de\/bucuresti\/wp-content\/uploads\/60243990_2140509189404138_8592497643798659072_n-1536x1024.jpeg 1536w, https:\/\/buletin.de\/bucuresti\/wp-content\/uploads\/60243990_2140509189404138_8592497643798659072_n-1060x706.jpeg 1060w, https:\/\/buletin.de\/bucuresti\/wp-content\/uploads\/60243990_2140509189404138_8592497643798659072_n-550x367.jpeg 550w, https:\/\/buletin.de\/bucuresti\/wp-content\/uploads\/60243990_2140509189404138_8592497643798659072_n-750x500.jpeg 750w, https:\/\/buletin.de\/bucuresti\/wp-content\/uploads\/60243990_2140509189404138_8592497643798659072_n-1920x1280.jpeg 1920w, https:\/\/buletin.de\/bucuresti\/wp-content\/uploads\/60243990_2140509189404138_8592497643798659072_n-1620x1080.jpeg 1620w, https:\/\/buletin.de\/bucuresti\/wp-content\/uploads\/60243990_2140509189404138_8592497643798659072_n-600x400.jpeg 600w, https:\/\/buletin.de\/bucuresti\/wp-content\/uploads\/60243990_2140509189404138_8592497643798659072_n.jpeg 2000w\" sizes=\"(max-width: 900px) 100vw, 900px\" \/><\/a><figcaption>Imagini cu directoarea adjunct\u0103 Simion Ruxandra Georgiana (centru) \u0219i directoarea Zvetlana Preoteasa (dreapta) \u00een timp ce primesc un premiu. <\/figcaption><\/figure>\n\n\n\n<p>Din 2017, \u0219efa Serviciului de Rela\u021bii Publice din cadrul PROEDUS este Oana Roxana Catana (Fost\u0103 Cucu), an \u00een care primea salariu \u0219i de la Agen\u021bia pentru Mediu. \u00cen declara\u021bia din 2016, apare c\u0103 ea a fost expert la o alt\u0103 institu\u021bie public\u0103, Agen\u021bia Domeniilor Statului.\u00a0<\/p>\n\n\n\n<p>Conform declara\u021biei de avere din 2018, Oana \u00eencasa venituri de la trei locuri de munc\u0103, fiind numit\u0103 administrator al Companiei Municipale de Agrement, de la care prime\u0219te \u00een primul an de munc\u0103 o indemniza\u021bie de 10 mii de lei, iar \u00een al doilea 40 de mii de lei.&nbsp;<\/p>\n\n\n\n<p>\u00cen 2019, Oana Roxana Cucu se c\u0103s\u0103tore\u0219te cu Claudiu Daniel Catana, care asemenea so\u021biei lui, pe parcursul carierei profesionale, a trecut prin mai multe func\u021bii cheie la nivel local \u0219i na\u021bional. \u00cen 2016, Daniel Catan\u0103 devenea consilier general din partea ALDE. Pe declara\u021bia de avere din acela\u0219i an apar \u0219i venituri primite pentru c\u0103 ocupa\u00a0 pozi\u021bia de \u0219ef de serviciu \u00een cadrul Agen\u021biei Fondului pentru Mediu. Daniel Catana a fost \u0219i membru \u00een CA-ul Autorit\u0103\u021bii de Ordine Public\u0103.<\/p>\n\n\n\n<p>\u00cen declara\u021bia de avere din 2018, apar venituri de la patru locuri de munc\u0103, toate la stat. Tot acolo apare \u0219i func\u021bia de consilier al secretarului de stat din Ministerul Dezvolt\u0103rii. Declara\u021bia de avere de peste un an, 2019, arat\u0103 c\u0103 so\u021bul \u0219efei Serviciului de Rela\u021bii Publice de la PROEDUS urca \u00een grad \u0219i ajungea secretar de stat \u00een Ministerul Tineretului \u0219i Sportului. \u00cen 2020 a candidat pentru un nou post de consilier general, \u00eens\u0103 nu l-a ob\u021binut, iar \u00een prezent este prim-vicepre\u0219edintele ALDE.&nbsp;<\/p>\n\n\n\n<figure class=\"wp-block-image size-large\"><img loading=\"lazy\" decoding=\"async\" width=\"851\" height=\"900\" src=\"data:image\/gif;base64,R0lGODlhAQABAAAAACH5BAEKAAEALAAAAAABAAEAAAICTAEAOw==\" data-src=\"https:\/\/buletin.de\/bucuresti\/wp-content\/uploads\/298260798_5294012690652670_4813882205991797386_n-851x900.jpeg\" alt=\"\" class=\"wp-image-47365 lazyload\" data-sizes=\"auto\" data-srcset=\"https:\/\/buletin.de\/bucuresti\/wp-content\/uploads\/298260798_5294012690652670_4813882205991797386_n-851x900.jpeg 851w, https:\/\/buletin.de\/bucuresti\/wp-content\/uploads\/298260798_5294012690652670_4813882205991797386_n-284x300.jpeg 284w, https:\/\/buletin.de\/bucuresti\/wp-content\/uploads\/298260798_5294012690652670_4813882205991797386_n-768x812.jpeg 768w, https:\/\/buletin.de\/bucuresti\/wp-content\/uploads\/298260798_5294012690652670_4813882205991797386_n-550x582.jpeg 550w, https:\/\/buletin.de\/bucuresti\/wp-content\/uploads\/298260798_5294012690652670_4813882205991797386_n-473x500.jpeg 473w, https:\/\/buletin.de\/bucuresti\/wp-content\/uploads\/298260798_5294012690652670_4813882205991797386_n-600x635.jpeg 600w, https:\/\/buletin.de\/bucuresti\/wp-content\/uploads\/298260798_5294012690652670_4813882205991797386_n.jpeg 968w\" sizes=\"(max-width: 851px) 100vw, 851px\" \/><figcaption>Imagini cu prim-vicepre\u0219edintele ALDE Claudiu Catana (st\u00e2nga) \u0219i \u0219efa de serviciu Oana Roxana Catana (dreapta). Surs\u0103 Foto: <a href=\"https:\/\/www.facebook.com\/photo\/?fbid=5294012717319334&amp;set=pcb.5293963880657551\">Facebook<\/a>, Claudiu Catana <\/figcaption><\/figure>\n\n\n\n<p>Contactat de c\u0103tre Buletin de Bucure\u0219ti, Daniel Catan\u0103 sus\u021bine c\u0103 func\u021bia de la Administra\u021bia Fondului pentru Mediu este de dinainte de a deveni membru ALDE. <\/p>\n\n\n\n<p>\u201eLa Administa\u021bia Fondului pentru Mediu lucrez dinainte de a fi membru ALDE, nu are nici o legatur\u0103 cu vreun partid, a fost o func\u021bie ocupat\u0103 temporar, apoi prin concurs.\u201d<\/p>\n\n\n\n<p>A declarat Daniel Catan\u0103, prim-vicepre\u0219edintele ALDE, pentru Buletin de Bucure\u0219ti <\/p>\n\n\n\n<p>Meteh\u0103u Cosmin Paul conduce Serviciul de Dezvoltare Educa\u021bional\u0103 din PROEDUS, \u00eens\u0103 nici \u00een cazul lui nu este prima func\u021bie public\u0103 pe care o de\u021bine. \u00cen 2017 a fost numit membru \u00een Consiliul De Administra\u021bie al Companiei Municipale Eco Igienizare. \u00cen 2019, pe declara\u021bia de avere ap\u0103rea c\u0103 este \u0219ef de serviciu at\u00e2t la PROEDUS, c\u00e2t \u0219i la Biblioteca Municipal\u0103.\u00a0<\/p>\n\n\n\n<p>Cosmin Meteh\u0103u este fratele lui Andrei George Meteh\u0103u, fost consilier al Sectorului 2 \u0219i pre\u0219edintele ALDE Sector 2. Andrei Meteh\u0103u a candidat \u00een 2020 at\u00e2t pentru fotoliul de senator, c\u00e2t \u0219i pentru cel de consilier general, \u00eens\u0103 nu a ob\u021binut nici una dintre func\u021bii. \u00cen 2020, primea salariu de la Ministerul Agriculturii, dar \u0219i de la Biblioteca Metropolitan\u0103, unde \u00een prezent este \u0219ef de serviciu. Cei doi fra\u021bi au \u00eempreun\u0103 dou\u0103 firme.&nbsp;<\/p>\n\n\n\n<p>Avocata Veronica Popescu este \u0219efa Serviciului Juridic din PROEDUS \u00eenc\u0103 din 2017. Conform declara\u021biilor de avere, \u00een acela\u0219i an Veronica Popescu era \u0219i membr\u0103 \u00een Consiliul de Administra\u021bie al Companiei Medicale Bucure\u0219ti SA.<\/p>\n\n\n\n<p>Tureac Adriana Valentina este \u0219efa Serviciului de Proiecte Turistice din 2016, de unde conform declara\u021biei de avere din 2021 c\u00e2\u0219tig\u0103 peste 70 de mii de lei pe an. \u00cen 2021, \u0219efa de serviciu a \u00eenceput s\u0103 colaboreze, cu contract pe drepturi de autor, cu mai multe entit\u0103\u021bi culturale precum: Uniunea Teatral\u0103 din Rom\u00e2nia sau Asocia\u021bia Socio Cultural\u0103 Art\u0103 \u0219i Cultur\u0103 Bucure\u0219ti, entitate de la care a primit bani pe drepturi de autor \u0219i Tureac Cristian Marius, so\u021bul Adrianei. Acesta a c\u00e2\u0219tigat bani \u0219i de la Centrul Cultural Expo Arte.<\/p>\n\n\n\n<p><em>Directoarea Zvetlana Ileana Preoteasa a fost contactat\u0103 de c\u0103tre reporterii Buletin de Bucure\u0219ti, \u00eens\u0103 p\u00e2n\u0103 la publicarea articolului nu a oferit niciun punct de vedere. <\/em><\/p>\n\n\n\n<p><\/p>\n\n\n\n<p><\/p>\n\n\n\n<p>sursa foto cover: Facebook Zvetlana Preoteasa<\/p>\n","protected":false},"excerpt":{"rendered":"<p>Centrul de Proiecte Educa\u021bionale \u0219i Sportive &#8211; PROEDUS a fost \u00eenfiin\u021bat printr-o Hot\u0103r\u00e2re de Consiliu General \u00een vara anului 2009, pe c\u00e2nd la c\u00e2rma Capitalei se afla Sorin Oprescu.&nbsp; Conform hot\u0103r\u00e2rii de \u00eenfiin\u021bare, Institu\u021bia \u00ee\u0219i propunea s\u0103 desf\u0103\u0219oare activit\u0103\u021bi socio-educative, cultural-artistice, turistice, sportive \u0219i de divertisment pentru tinerii cu v\u00e2rste \u00eentre 6 \u0219i 26 de [&hellip;]<\/p>\n","protected":false},"author":17,"featured_media":47500,"comment_status":"closed","ping_status":"open","sticky":false,"template":"","format":"standard","meta":{"_acf_changed":false,"inline_featured_image":false,"ngg_post_thumbnail":0,"footnotes":""},"categories":[3419],"tags":[4674,9,4676,1007,4675],"ppma_author":[22576],"class_list":["post-47354","post","type-post","status-publish","format-standard","has-post-thumbnail","hentry","category-featured","tag-achizitiim","tag-bucuresti","tag-conditii-vatamatoare","tag-proedus","tag-zvetlana-preoteasa"],"acf":[],"yoast_head":"<!-- This site is optimized with the Yoast SEO Premium plugin v25.3 (Yoast SEO v27.5) - https:\/\/yoast.com\/product\/yoast-seo-premium-wordpress\/ -->\n<title>Munca la PROEDUS este v\u0103t\u0103m\u0103toare. To\u021bi angaja\u021bii, inclusiv conducerea, au spor de condi\u021bii speciale - Buletin de Bucure\u0219ti<\/title>\n<meta name=\"robots\" content=\"index, follow, max-snippet:-1, max-image-preview:large, max-video-preview:-1\" \/>\n<link rel=\"canonical\" href=\"https:\/\/buletin.de\/bucuresti\/munca-la-proedus-este-vatamatoare-toti-angajatii-inclusiv-conducerea-au-spor-de-conditii-speciale\/\" \/>\n<meta property=\"og:locale\" content=\"en_GB\" \/>\n<meta property=\"og:type\" content=\"article\" \/>\n<meta property=\"og:title\" content=\"Munca la PROEDUS este v\u0103t\u0103m\u0103toare. To\u021bi angaja\u021bii, inclusiv conducerea, au spor de condi\u021bii speciale\" \/>\n<meta property=\"og:description\" content=\"Centrul de Proiecte Educa\u021bionale \u0219i Sportive &#8211; PROEDUS a fost \u00eenfiin\u021bat printr-o Hot\u0103r\u00e2re de Consiliu General \u00een vara anului 2009, pe c\u00e2nd la c\u00e2rma Capitalei se afla Sorin Oprescu.&nbsp; Conform hot\u0103r\u00e2rii de \u00eenfiin\u021bare, Institu\u021bia \u00ee\u0219i propunea s\u0103 desf\u0103\u0219oare activit\u0103\u021bi socio-educative, cultural-artistice, turistice, sportive \u0219i de divertisment pentru tinerii cu v\u00e2rste \u00eentre 6 \u0219i 26 de [&hellip;]\" \/>\n<meta property=\"og:url\" content=\"https:\/\/buletin.de\/bucuresti\/munca-la-proedus-este-vatamatoare-toti-angajatii-inclusiv-conducerea-au-spor-de-conditii-speciale\/\" \/>\n<meta property=\"og:site_name\" content=\"Buletin de Bucure\u0219ti\" \/>\n<meta property=\"article:publisher\" content=\"https:\/\/www.facebook.com\/buletin.de.buc\" \/>\n<meta property=\"article:published_time\" content=\"2022-10-19T08:32:36+00:00\" \/>\n<meta property=\"article:modified_time\" content=\"2023-01-27T21:06:49+00:00\" \/>\n<meta property=\"og:image\" content=\"https:\/\/buletin.de\/bucuresti\/wp-content\/uploads\/proedus-1-e1666168350889.jpg\" \/>\n\t<meta property=\"og:image:width\" content=\"679\" \/>\n\t<meta property=\"og:image:height\" content=\"492\" \/>\n\t<meta property=\"og:image:type\" content=\"image\/jpeg\" \/>\n<meta name=\"author\" content=\"Florin R\u00e2\u0219teiu\" \/>\n<meta name=\"twitter:card\" content=\"summary_large_image\" \/>\n<meta name=\"twitter:label1\" content=\"Written by\" \/>\n\t<meta name=\"twitter:data1\" content=\"Florin R\u00e2\u0219teiu\" \/>\n\t<meta name=\"twitter:label2\" content=\"Estimated reading time\" \/>\n\t<meta name=\"twitter:data2\" content=\"14 minutes\" \/>\n<script type=\"application\/ld+json\" class=\"yoast-schema-graph\">{\"@context\":\"https:\\\/\\\/schema.org\",\"@graph\":[{\"@type\":\"Article\",\"@id\":\"https:\\\/\\\/buletin.de\\\/bucuresti\\\/munca-la-proedus-este-vatamatoare-toti-angajatii-inclusiv-conducerea-au-spor-de-conditii-speciale\\\/#article\",\"isPartOf\":{\"@id\":\"https:\\\/\\\/buletin.de\\\/bucuresti\\\/munca-la-proedus-este-vatamatoare-toti-angajatii-inclusiv-conducerea-au-spor-de-conditii-speciale\\\/\"},\"author\":{\"name\":\"Florin R\u00e2\u0219teiu\",\"@id\":\"https:\\\/\\\/buletin.de\\\/bucuresti\\\/#\\\/schema\\\/person\\\/b0686d7a8b666c6afc78239777fd8a89\"},\"headline\":\"Munca la PROEDUS este v\u0103t\u0103m\u0103toare. To\u021bi angaja\u021bii, inclusiv conducerea, au spor de condi\u021bii speciale\",\"datePublished\":\"2022-10-19T08:32:36+00:00\",\"dateModified\":\"2023-01-27T21:06:49+00:00\",\"mainEntityOfPage\":{\"@id\":\"https:\\\/\\\/buletin.de\\\/bucuresti\\\/munca-la-proedus-este-vatamatoare-toti-angajatii-inclusiv-conducerea-au-spor-de-conditii-speciale\\\/\"},\"wordCount\":2827,\"publisher\":{\"@id\":\"https:\\\/\\\/buletin.de\\\/bucuresti\\\/#organization\"},\"image\":{\"@id\":\"https:\\\/\\\/buletin.de\\\/bucuresti\\\/munca-la-proedus-este-vatamatoare-toti-angajatii-inclusiv-conducerea-au-spor-de-conditii-speciale\\\/#primaryimage\"},\"thumbnailUrl\":\"https:\\\/\\\/buletin.de\\\/bucuresti\\\/wp-content\\\/uploads\\\/proedus-1-e1666168350889.jpg\",\"keywords\":[\"achizitiim=\",\"bucuresti\",\"conditii vatamatoare\",\"proedus\",\"zvetlana preoteasa\"],\"articleSection\":[\"Featured\"],\"inLanguage\":\"en-GB\",\"copyrightYear\":\"2022\",\"copyrightHolder\":{\"@id\":\"https:\\\/\\\/buletin.de\\\/bucuresti\\\/#organization\"}},{\"@type\":\"WebPage\",\"@id\":\"https:\\\/\\\/buletin.de\\\/bucuresti\\\/munca-la-proedus-este-vatamatoare-toti-angajatii-inclusiv-conducerea-au-spor-de-conditii-speciale\\\/\",\"url\":\"https:\\\/\\\/buletin.de\\\/bucuresti\\\/munca-la-proedus-este-vatamatoare-toti-angajatii-inclusiv-conducerea-au-spor-de-conditii-speciale\\\/\",\"name\":\"Munca la PROEDUS este v\u0103t\u0103m\u0103toare. To\u021bi angaja\u021bii, inclusiv conducerea, au spor de condi\u021bii speciale - Buletin de Bucure\u0219ti\",\"isPartOf\":{\"@id\":\"https:\\\/\\\/buletin.de\\\/bucuresti\\\/#website\"},\"primaryImageOfPage\":{\"@id\":\"https:\\\/\\\/buletin.de\\\/bucuresti\\\/munca-la-proedus-este-vatamatoare-toti-angajatii-inclusiv-conducerea-au-spor-de-conditii-speciale\\\/#primaryimage\"},\"image\":{\"@id\":\"https:\\\/\\\/buletin.de\\\/bucuresti\\\/munca-la-proedus-este-vatamatoare-toti-angajatii-inclusiv-conducerea-au-spor-de-conditii-speciale\\\/#primaryimage\"},\"thumbnailUrl\":\"https:\\\/\\\/buletin.de\\\/bucuresti\\\/wp-content\\\/uploads\\\/proedus-1-e1666168350889.jpg\",\"datePublished\":\"2022-10-19T08:32:36+00:00\",\"dateModified\":\"2023-01-27T21:06:49+00:00\",\"breadcrumb\":{\"@id\":\"https:\\\/\\\/buletin.de\\\/bucuresti\\\/munca-la-proedus-este-vatamatoare-toti-angajatii-inclusiv-conducerea-au-spor-de-conditii-speciale\\\/#breadcrumb\"},\"inLanguage\":\"en-GB\",\"potentialAction\":[{\"@type\":\"ReadAction\",\"target\":[\"https:\\\/\\\/buletin.de\\\/bucuresti\\\/munca-la-proedus-este-vatamatoare-toti-angajatii-inclusiv-conducerea-au-spor-de-conditii-speciale\\\/\"]}]},{\"@type\":\"ImageObject\",\"inLanguage\":\"en-GB\",\"@id\":\"https:\\\/\\\/buletin.de\\\/bucuresti\\\/munca-la-proedus-este-vatamatoare-toti-angajatii-inclusiv-conducerea-au-spor-de-conditii-speciale\\\/#primaryimage\",\"url\":\"https:\\\/\\\/buletin.de\\\/bucuresti\\\/wp-content\\\/uploads\\\/proedus-1-e1666168350889.jpg\",\"contentUrl\":\"https:\\\/\\\/buletin.de\\\/bucuresti\\\/wp-content\\\/uploads\\\/proedus-1-e1666168350889.jpg\",\"width\":679,\"height\":492},{\"@type\":\"BreadcrumbList\",\"@id\":\"https:\\\/\\\/buletin.de\\\/bucuresti\\\/munca-la-proedus-este-vatamatoare-toti-angajatii-inclusiv-conducerea-au-spor-de-conditii-speciale\\\/#breadcrumb\",\"itemListElement\":[{\"@type\":\"ListItem\",\"position\":1,\"name\":\"Acas\u0103\",\"item\":\"https:\\\/\\\/buletin.de\\\/bucuresti\\\/\"},{\"@type\":\"ListItem\",\"position\":2,\"name\":\"Munca la PROEDUS este v\u0103t\u0103m\u0103toare. To\u021bi angaja\u021bii, inclusiv conducerea, au spor de condi\u021bii speciale\"}]},{\"@type\":\"WebSite\",\"@id\":\"https:\\\/\\\/buletin.de\\\/bucuresti\\\/#website\",\"url\":\"https:\\\/\\\/buletin.de\\\/bucuresti\\\/\",\"name\":\"Buletin de Bucure\u0219ti\",\"description\":\"\u0218tiri \u0219i investiga\u021bii esen\u021biale din capital\u0103\",\"publisher\":{\"@id\":\"https:\\\/\\\/buletin.de\\\/bucuresti\\\/#organization\"},\"potentialAction\":[{\"@type\":\"SearchAction\",\"target\":{\"@type\":\"EntryPoint\",\"urlTemplate\":\"https:\\\/\\\/buletin.de\\\/bucuresti\\\/?s={search_term_string}\"},\"query-input\":{\"@type\":\"PropertyValueSpecification\",\"valueRequired\":true,\"valueName\":\"search_term_string\"}}],\"inLanguage\":\"en-GB\"},{\"@type\":\"Organization\",\"@id\":\"https:\\\/\\\/buletin.de\\\/bucuresti\\\/#organization\",\"name\":\"Buletin de Bucure\u0219ti\",\"url\":\"https:\\\/\\\/buletin.de\\\/bucuresti\\\/\",\"logo\":{\"@type\":\"ImageObject\",\"inLanguage\":\"en-GB\",\"@id\":\"https:\\\/\\\/buletin.de\\\/bucuresti\\\/#\\\/schema\\\/logo\\\/image\\\/\",\"url\":\"https:\\\/\\\/buletin.de\\\/bucuresti\\\/wp-content\\\/uploads\\\/logo-bdb-full-wide-vernil-transparent.png\",\"contentUrl\":\"https:\\\/\\\/buletin.de\\\/bucuresti\\\/wp-content\\\/uploads\\\/logo-bdb-full-wide-vernil-transparent.png\",\"width\":1782,\"height\":626,\"caption\":\"Buletin de Bucure\u0219ti\"},\"image\":{\"@id\":\"https:\\\/\\\/buletin.de\\\/bucuresti\\\/#\\\/schema\\\/logo\\\/image\\\/\"},\"sameAs\":[\"https:\\\/\\\/www.facebook.com\\\/buletin.de.buc\",\"https:\\\/\\\/www.instagram.com\\\/buletinde.bucuresti\\\/\"]},{\"@type\":\"Person\",\"@id\":\"https:\\\/\\\/buletin.de\\\/bucuresti\\\/#\\\/schema\\\/person\\\/b0686d7a8b666c6afc78239777fd8a89\",\"name\":\"Florin R\u00e2\u0219teiu\",\"image\":{\"@type\":\"ImageObject\",\"inLanguage\":\"en-GB\",\"@id\":\"https:\\\/\\\/buletin.de\\\/bucuresti\\\/wp-content\\\/uploads\\\/Florin-Rasteiu-96x96.jpgf0a6fe28453aa12f0a60e4d0a2e3a78c\",\"url\":\"https:\\\/\\\/buletin.de\\\/bucuresti\\\/wp-content\\\/uploads\\\/Florin-Rasteiu-96x96.jpg\",\"contentUrl\":\"https:\\\/\\\/buletin.de\\\/bucuresti\\\/wp-content\\\/uploads\\\/Florin-Rasteiu-96x96.jpg\",\"caption\":\"Florin R\u00e2\u0219teiu\"},\"description\":\"Jurnalist de investiga\u021bie. Lucreaz\u0103 de aproape 6 ani la Buletin de Bucure\u0219ti, unde a publicat articole care scot la suprafa\u021b\u0103 corup\u021bia din Capital\u0103. Analizeaz\u0103 baze de date zilnic \u0219i scoate pove\u0219ti din exceluri pline de cifre. Pune reflectorul pe adev\u0103r cu fiecare ocazie. A c\u00e2\u0219tigat premiul I la categoria Pres\u0103 Local\u0103 \u00een 2025 \u0219i locul al II-lea la aceea\u0219i categorie \u00een 2024 \u00een cadrul Premiilor Superscrieri pentru jurnalism independent.\",\"url\":\"https:\\\/\\\/buletin.de\\\/bucuresti\\\/author\\\/florinrasteiu\\\/\"}]}<\/script>\n<!-- \/ Yoast SEO Premium plugin. -->","yoast_head_json":{"title":"Munca la PROEDUS este v\u0103t\u0103m\u0103toare. To\u021bi angaja\u021bii, inclusiv conducerea, au spor de condi\u021bii speciale - Buletin de Bucure\u0219ti","robots":{"index":"index","follow":"follow","max-snippet":"max-snippet:-1","max-image-preview":"max-image-preview:large","max-video-preview":"max-video-preview:-1"},"canonical":"https:\/\/buletin.de\/bucuresti\/munca-la-proedus-este-vatamatoare-toti-angajatii-inclusiv-conducerea-au-spor-de-conditii-speciale\/","og_locale":"en_GB","og_type":"article","og_title":"Munca la PROEDUS este v\u0103t\u0103m\u0103toare. To\u021bi angaja\u021bii, inclusiv conducerea, au spor de condi\u021bii speciale","og_description":"Centrul de Proiecte Educa\u021bionale \u0219i Sportive &#8211; PROEDUS a fost \u00eenfiin\u021bat printr-o Hot\u0103r\u00e2re de Consiliu General \u00een vara anului 2009, pe c\u00e2nd la c\u00e2rma Capitalei se afla Sorin Oprescu.&nbsp; Conform hot\u0103r\u00e2rii de \u00eenfiin\u021bare, Institu\u021bia \u00ee\u0219i propunea s\u0103 desf\u0103\u0219oare activit\u0103\u021bi socio-educative, cultural-artistice, turistice, sportive \u0219i de divertisment pentru tinerii cu v\u00e2rste \u00eentre 6 \u0219i 26 de [&hellip;]","og_url":"https:\/\/buletin.de\/bucuresti\/munca-la-proedus-este-vatamatoare-toti-angajatii-inclusiv-conducerea-au-spor-de-conditii-speciale\/","og_site_name":"Buletin de Bucure\u0219ti","article_publisher":"https:\/\/www.facebook.com\/buletin.de.buc","article_published_time":"2022-10-19T08:32:36+00:00","article_modified_time":"2023-01-27T21:06:49+00:00","og_image":[{"width":679,"height":492,"url":"https:\/\/buletin.de\/bucuresti\/wp-content\/uploads\/proedus-1-e1666168350889.jpg","type":"image\/jpeg"}],"author":"Florin R\u00e2\u0219teiu","twitter_card":"summary_large_image","twitter_misc":{"Written by":"Florin R\u00e2\u0219teiu","Estimated reading time":"14 minutes"},"schema":{"@context":"https:\/\/schema.org","@graph":[{"@type":"Article","@id":"https:\/\/buletin.de\/bucuresti\/munca-la-proedus-este-vatamatoare-toti-angajatii-inclusiv-conducerea-au-spor-de-conditii-speciale\/#article","isPartOf":{"@id":"https:\/\/buletin.de\/bucuresti\/munca-la-proedus-este-vatamatoare-toti-angajatii-inclusiv-conducerea-au-spor-de-conditii-speciale\/"},"author":{"name":"Florin R\u00e2\u0219teiu","@id":"https:\/\/buletin.de\/bucuresti\/#\/schema\/person\/b0686d7a8b666c6afc78239777fd8a89"},"headline":"Munca la PROEDUS este v\u0103t\u0103m\u0103toare. To\u021bi angaja\u021bii, inclusiv conducerea, au spor de condi\u021bii speciale","datePublished":"2022-10-19T08:32:36+00:00","dateModified":"2023-01-27T21:06:49+00:00","mainEntityOfPage":{"@id":"https:\/\/buletin.de\/bucuresti\/munca-la-proedus-este-vatamatoare-toti-angajatii-inclusiv-conducerea-au-spor-de-conditii-speciale\/"},"wordCount":2827,"publisher":{"@id":"https:\/\/buletin.de\/bucuresti\/#organization"},"image":{"@id":"https:\/\/buletin.de\/bucuresti\/munca-la-proedus-este-vatamatoare-toti-angajatii-inclusiv-conducerea-au-spor-de-conditii-speciale\/#primaryimage"},"thumbnailUrl":"https:\/\/buletin.de\/bucuresti\/wp-content\/uploads\/proedus-1-e1666168350889.jpg","keywords":["achizitiim=","bucuresti","conditii vatamatoare","proedus","zvetlana preoteasa"],"articleSection":["Featured"],"inLanguage":"en-GB","copyrightYear":"2022","copyrightHolder":{"@id":"https:\/\/buletin.de\/bucuresti\/#organization"}},{"@type":"WebPage","@id":"https:\/\/buletin.de\/bucuresti\/munca-la-proedus-este-vatamatoare-toti-angajatii-inclusiv-conducerea-au-spor-de-conditii-speciale\/","url":"https:\/\/buletin.de\/bucuresti\/munca-la-proedus-este-vatamatoare-toti-angajatii-inclusiv-conducerea-au-spor-de-conditii-speciale\/","name":"Munca la PROEDUS este v\u0103t\u0103m\u0103toare. To\u021bi angaja\u021bii, inclusiv conducerea, au spor de condi\u021bii speciale - Buletin de Bucure\u0219ti","isPartOf":{"@id":"https:\/\/buletin.de\/bucuresti\/#website"},"primaryImageOfPage":{"@id":"https:\/\/buletin.de\/bucuresti\/munca-la-proedus-este-vatamatoare-toti-angajatii-inclusiv-conducerea-au-spor-de-conditii-speciale\/#primaryimage"},"image":{"@id":"https:\/\/buletin.de\/bucuresti\/munca-la-proedus-este-vatamatoare-toti-angajatii-inclusiv-conducerea-au-spor-de-conditii-speciale\/#primaryimage"},"thumbnailUrl":"https:\/\/buletin.de\/bucuresti\/wp-content\/uploads\/proedus-1-e1666168350889.jpg","datePublished":"2022-10-19T08:32:36+00:00","dateModified":"2023-01-27T21:06:49+00:00","breadcrumb":{"@id":"https:\/\/buletin.de\/bucuresti\/munca-la-proedus-este-vatamatoare-toti-angajatii-inclusiv-conducerea-au-spor-de-conditii-speciale\/#breadcrumb"},"inLanguage":"en-GB","potentialAction":[{"@type":"ReadAction","target":["https:\/\/buletin.de\/bucuresti\/munca-la-proedus-este-vatamatoare-toti-angajatii-inclusiv-conducerea-au-spor-de-conditii-speciale\/"]}]},{"@type":"ImageObject","inLanguage":"en-GB","@id":"https:\/\/buletin.de\/bucuresti\/munca-la-proedus-este-vatamatoare-toti-angajatii-inclusiv-conducerea-au-spor-de-conditii-speciale\/#primaryimage","url":"https:\/\/buletin.de\/bucuresti\/wp-content\/uploads\/proedus-1-e1666168350889.jpg","contentUrl":"https:\/\/buletin.de\/bucuresti\/wp-content\/uploads\/proedus-1-e1666168350889.jpg","width":679,"height":492},{"@type":"BreadcrumbList","@id":"https:\/\/buletin.de\/bucuresti\/munca-la-proedus-este-vatamatoare-toti-angajatii-inclusiv-conducerea-au-spor-de-conditii-speciale\/#breadcrumb","itemListElement":[{"@type":"ListItem","position":1,"name":"Acas\u0103","item":"https:\/\/buletin.de\/bucuresti\/"},{"@type":"ListItem","position":2,"name":"Munca la PROEDUS este v\u0103t\u0103m\u0103toare. To\u021bi angaja\u021bii, inclusiv conducerea, au spor de condi\u021bii speciale"}]},{"@type":"WebSite","@id":"https:\/\/buletin.de\/bucuresti\/#website","url":"https:\/\/buletin.de\/bucuresti\/","name":"Buletin de Bucure\u0219ti","description":"\u0218tiri \u0219i investiga\u021bii esen\u021biale din capital\u0103","publisher":{"@id":"https:\/\/buletin.de\/bucuresti\/#organization"},"potentialAction":[{"@type":"SearchAction","target":{"@type":"EntryPoint","urlTemplate":"https:\/\/buletin.de\/bucuresti\/?s={search_term_string}"},"query-input":{"@type":"PropertyValueSpecification","valueRequired":true,"valueName":"search_term_string"}}],"inLanguage":"en-GB"},{"@type":"Organization","@id":"https:\/\/buletin.de\/bucuresti\/#organization","name":"Buletin de Bucure\u0219ti","url":"https:\/\/buletin.de\/bucuresti\/","logo":{"@type":"ImageObject","inLanguage":"en-GB","@id":"https:\/\/buletin.de\/bucuresti\/#\/schema\/logo\/image\/","url":"https:\/\/buletin.de\/bucuresti\/wp-content\/uploads\/logo-bdb-full-wide-vernil-transparent.png","contentUrl":"https:\/\/buletin.de\/bucuresti\/wp-content\/uploads\/logo-bdb-full-wide-vernil-transparent.png","width":1782,"height":626,"caption":"Buletin de Bucure\u0219ti"},"image":{"@id":"https:\/\/buletin.de\/bucuresti\/#\/schema\/logo\/image\/"},"sameAs":["https:\/\/www.facebook.com\/buletin.de.buc","https:\/\/www.instagram.com\/buletinde.bucuresti\/"]},{"@type":"Person","@id":"https:\/\/buletin.de\/bucuresti\/#\/schema\/person\/b0686d7a8b666c6afc78239777fd8a89","name":"Florin R\u00e2\u0219teiu","image":{"@type":"ImageObject","inLanguage":"en-GB","@id":"https:\/\/buletin.de\/bucuresti\/wp-content\/uploads\/Florin-Rasteiu-96x96.jpgf0a6fe28453aa12f0a60e4d0a2e3a78c","url":"https:\/\/buletin.de\/bucuresti\/wp-content\/uploads\/Florin-Rasteiu-96x96.jpg","contentUrl":"https:\/\/buletin.de\/bucuresti\/wp-content\/uploads\/Florin-Rasteiu-96x96.jpg","caption":"Florin R\u00e2\u0219teiu"},"description":"Jurnalist de investiga\u021bie. Lucreaz\u0103 de aproape 6 ani la Buletin de Bucure\u0219ti, unde a publicat articole care scot la suprafa\u021b\u0103 corup\u021bia din Capital\u0103. Analizeaz\u0103 baze de date zilnic \u0219i scoate pove\u0219ti din exceluri pline de cifre. Pune reflectorul pe adev\u0103r cu fiecare ocazie. A c\u00e2\u0219tigat premiul I la categoria Pres\u0103 Local\u0103 \u00een 2025 \u0219i locul al II-lea la aceea\u0219i categorie \u00een 2024 \u00een cadrul Premiilor Superscrieri pentru jurnalism independent.","url":"https:\/\/buletin.de\/bucuresti\/author\/florinrasteiu\/"}]}},"authors":[{"term_id":22576,"user_id":17,"is_guest":0,"slug":"florinrasteiu","display_name":"Florin R\u00e2\u0219teiu","avatar_url":"https:\/\/buletin.de\/bucuresti\/wp-content\/uploads\/Florin-Rasteiu-96x96.jpg","0":null,"1":"","2":"","3":"","4":"","5":"","6":"","7":"","8":""}],"_links":{"self":[{"href":"https:\/\/buletin.de\/bucuresti\/wp-json\/wp\/v2\/posts\/47354","targetHints":{"allow":["GET"]}}],"collection":[{"href":"https:\/\/buletin.de\/bucuresti\/wp-json\/wp\/v2\/posts"}],"about":[{"href":"https:\/\/buletin.de\/bucuresti\/wp-json\/wp\/v2\/types\/post"}],"author":[{"embeddable":true,"href":"https:\/\/buletin.de\/bucuresti\/wp-json\/wp\/v2\/users\/17"}],"replies":[{"embeddable":true,"href":"https:\/\/buletin.de\/bucuresti\/wp-json\/wp\/v2\/comments?post=47354"}],"version-history":[{"count":16,"href":"https:\/\/buletin.de\/bucuresti\/wp-json\/wp\/v2\/posts\/47354\/revisions"}],"predecessor-version":[{"id":52895,"href":"https:\/\/buletin.de\/bucuresti\/wp-json\/wp\/v2\/posts\/47354\/revisions\/52895"}],"wp:featuredmedia":[{"embeddable":true,"href":"https:\/\/buletin.de\/bucuresti\/wp-json\/wp\/v2\/media\/47500"}],"wp:attachment":[{"href":"https:\/\/buletin.de\/bucuresti\/wp-json\/wp\/v2\/media?parent=47354"}],"wp:term":[{"taxonomy":"category","embeddable":true,"href":"https:\/\/buletin.de\/bucuresti\/wp-json\/wp\/v2\/categories?post=47354"},{"taxonomy":"post_tag","embeddable":true,"href":"https:\/\/buletin.de\/bucuresti\/wp-json\/wp\/v2\/tags?post=47354"},{"taxonomy":"author","embeddable":true,"href":"https:\/\/buletin.de\/bucuresti\/wp-json\/wp\/v2\/ppma_author?post=47354"}],"curies":[{"name":"wp","href":"https:\/\/api.w.org\/{rel}","templated":true}]}}