{"id":47345,"date":"2022-10-14T14:40:33","date_gmt":"2022-10-14T12:40:33","guid":{"rendered":"https:\/\/buletin.de\/bucuresti\/?p=47345"},"modified":"2025-07-16T12:03:57","modified_gmt":"2025-07-16T09:03:57","slug":"6-angajati-ai-primariei-bucuresti-trimisi-in-judecata","status":"publish","type":"post","link":"https:\/\/buletin.de\/bucuresti\/6-angajati-ai-primariei-bucuresti-trimisi-in-judecata\/","title":{"rendered":"\u0218ase angaja\u021bi ai Prim\u0103riei Bucure\u0219ti, trimi\u0219i \u00een judecat\u0103 de DNA, pentru atribuirea ilegal\u0103 a unui contract unei firme private"},"content":{"rendered":"\n<p>\u0218ase angaja\u021bi ai Prim\u0103riei Bucure\u0219ti au fost trimi\u0219i \u00een judecat\u0103 de DNA dup\u0103 ce ar fi atribuit un contract de aproape 3 milioane de lei, \u00een 2015, ilegal. To\u021bi sunt acuza\u021bi de abuz \u00een serviciu cu ob\u021binere de foloase necuvenite. Inculpa\u021bi sunt \u0219i doi reprezenta\u021bi ai societ\u0103\u021bii care, \u00een plus fa\u021b\u0103 de contractul vizat de DNA, a mai reu\u0219it s\u0103 ob\u021bin\u0103, \u00een 2019, \u00eenc\u0103 unul, tot cu PMB, de 7,8 milioane de lei, \u00eempreun\u0103 cu o alt\u0103 firm\u0103. Prejudiciul calculat de procurori este de 724.424 lei cu TVA.<\/p>\n\n\n\n<p>DNA anun\u021b\u0103 c\u0103 a trimis \u00een judecat\u0103 \u0219ase persoane care, la data faptei, erau reprezentan\u021bi ai Comisiei de evaluare\/negociere din cadrul Prim\u0103riei municipiului Bucure\u0219ti:<\/p>\n\n\n\n<p><strong>MINCU DANIELA<\/strong>, la data faptei director general al Direc\u021biei Generale Achizi\u021bii din cadrul Prim\u0103riei municipiului Bucure\u0219ti,<br><strong>CONSTANTINESCU OCTAVIAN CLEMENT<\/strong>, la data faptei consilier personal al primarului general al Capitalei \u0219i pre\u0219edinte cu drept de vot \u00een cadrul unei comisii de evaluare\/negociere,<br><strong>STOIAN TEODORA<\/strong>, la data faptei \u0219ef serviciu \u00een cadrul Direc\u021biei contracte din Prim\u0103ria Municipiului Bucure\u0219ti \u0219i membru al unei comisii de evaluare\/negociere,<br><strong>C\u00ceMPEANU CARMEN<\/strong>, la data faptei \u0219ef serviciu Eviden\u021b\u0103 Achizi\u021bii Externe din cadrul Prim\u0103riei Municipiului Bucure\u0219ti \u0219i membru al unei comisii de evaluare\/negociere,<br><strong>OLARIU RODICA<\/strong>, la data faptei expert \u00een cadrul Direc\u021biei Contracte din Prim\u0103ria Municipiului Bucure\u0219ti \u0219i membru al unei comisii de evaluare\/negociere,<br><strong>SLABU CRISTINA<\/strong>, la data faptei expert \u00een cadrul Direc\u021biei Contracte din Prim\u0103ria Municipiului Bucure\u0219ti \u0219i membru al unei comisii de evaluare\/negociere,<\/p>\n\n\n\n<p>De asemenea, au fost trimis \u00een judecat\u0103 <strong>dou\u0103 persoane fizice<\/strong>, la data faptelor reprezentan\u021bi ai unei societ\u0103\u021bi comerciale, pentru s\u0103v\u00e2r\u0219irea infrac\u021biunii de ob\u021binere ilegal\u0103 de fonduri.<\/p>\n\n\n\n<h2 class=\"wp-block-heading\" id=\"h-ce-spun-procurorii\">Ce spun procurorii<\/h2>\n\n\n\n<p>\u00cen rechizitoriu, procurorii descriu faptele care s-ar fi petrecut \u00een 2015. Prim\u0103ria Capitalei a scos la licita\u021bie un contract cadru de evaluare imobiliar\u0103 care a ajuns la o firm\u0103 f\u0103r\u0103 ca aceasta s\u0103 fi \u00eendeplinit toate condi\u021biile cerute \u00een caietul de sarcini.<\/p>\n\n\n\n<p class=\"has-small-font-size\">\u00cen perioada martie-august 2015, cei \u0219ase inculpa\u021bi, func\u021bionari \u00een cadrul Prim\u0103riei municipiului Bucure\u0219ti, \u0219i-ar fi \u00eendeplinit \u00een mod defectuos atribu\u021biile de serviciu prev\u0103zute de legisla\u021bia primar\u0103, \u00een contextul \u00eencheierii, la un pre\u021b supraevaluat, a unui \u201eAcord cadru-Servicii de evaluare imobiliar\u0103 a bunurilor imobile aflate \u00een domeniul public \u0219i privat al Municipiului Bucure\u0219ti\u201d, \u00een valoare de 685.000 euro.<br>Acordul cadru a fost \u00eencheiat \u00eentre prim\u0103rie \u0219i societatea comercial\u0103 a celor doi<br>oameni de afaceri, cerceta\u021bi \u00een prezenta cauz\u0103.<br>Concret, cei \u0219ase func\u021bionari nu ar fi asigurat un tratament egal \u0219i transparent operatorilor economici participan\u021bi la cele dou\u0103 proceduri de atribuire a acordului-cadru (licita\u021bie deschis\u0103 \u0219i respectiv negociere). Referitor la procedura negocierii, nu ar fi fost transmis spre publicare niciun anun\u021b de participare.<br>Mai mult, societatea care a primit contractul nu ar fi \u00eendeplinit nici m\u0103car cerin\u021bele minime de calificare pentru atribuirea acordului respectiv, \u00een sensul c\u0103:<br>&#8211; nu ar fi avut experien\u021b\u0103 similar\u0103 \u00een domeniu cu privire la prestarea serviciilor de evaluare imobiliar\u0103 (\u00een ultimii trei ani, cu o valoarea cumulat\u0103 mai mare de 1.000.0000 lei),<br>&#8211; nu ar fi depus documentele solicitate pentru a face dovada \u00eendeplinirii cerin\u021belor referitoare la utilajele\/echipamentele tehnice de care dispunea,<br>&#8211; nu ar fi depus \u201cangajamentul ofertantului\u201d potrivit c\u0103ruia, \u00een cazul indisponibilit\u0103\u021bii unor persoane dintre cele nominalizate, le va \u00eenlocui numai cu persoane cel pu\u021bin la fel de calificate.<br>Ca urmare a acestor demersuri ar fi fost cauzat Prim\u0103riei municipiului Bucure\u0219ti un prejudiciu \u00een valoare de 724.424 lei, concomitent cu ob\u021binerea unui folos necuvenit, \u00een acela\u0219i cuantum, de c\u0103tre societatea celor doi oameni de afaceri &#8211; comunicat DNA<\/p>\n\n\n\n<p class=\"has-normal-font-size\">Procurorii sus\u021bin \u0219i c\u0103, la r\u00e2ndul lor, reprezentan\u021bii firmei c\u00e2\u0219tig\u0103toare ar fi prezentat date false, inexacte ori incomplete referitoare la experien\u021ba \u00een domeniu.<\/p>\n\n\n\n<h2 class=\"wp-block-heading\" id=\"h-licita\u021bia-care-a-lansat-afacerile-firmei\">Licita\u021bia care a lansat afacerile firmei<\/h2>\n\n\n\n<p>Pe 22 septembrie 2015, \u00een SEAP e publicat anun\u021bul atribuirii unui contract cadru de 2,959 milioane de lei, pentru <em>\u201cServicii de evaluare imobiliar\u0103 a bunurilor aflate \u00een domeniul public\/privat sau \u00een administrarea Municipiului Bucure\u0219ti\u201c<\/em> prin negociere f\u0103r\u0103 publicare. Conform clauzelor men\u021bionate de procurori, firma care a primit contractul ar fi trebuit s\u0103 aib\u0103 minim 3 ani experien\u021b\u0103 \u00een domeniu \u0219i contracte de minim 1 milion de lei.<\/p>\n\n\n\n<figure class=\"wp-block-image size-large\"><img fetchpriority=\"high\" decoding=\"async\" width=\"1000\" height=\"468\" src=\"data:image\/gif;base64,R0lGODlhAQABAAAAACH5BAEKAAEALAAAAAABAAEAAAICTAEAOw==\" data-src=\"https:\/\/buletin.de\/bucuresti\/wp-content\/uploads\/2022\/10\/licitatie-1000x468.jpg\" alt=\"\" class=\"wp-image-139242 lazyload\" data-sizes=\"auto\" data-srcset=\"https:\/\/buletin.de\/bucuresti\/wp-content\/uploads\/2022\/10\/licitatie-1000x468.jpg 1000w, https:\/\/buletin.de\/bucuresti\/wp-content\/uploads\/2022\/10\/licitatie-300x140.jpg 300w, https:\/\/buletin.de\/bucuresti\/wp-content\/uploads\/2022\/10\/licitatie-768x359.jpg 768w, https:\/\/buletin.de\/bucuresti\/wp-content\/uploads\/2022\/10\/licitatie-1100x514.jpg 1100w, https:\/\/buletin.de\/bucuresti\/wp-content\/uploads\/2022\/10\/licitatie-600x281.jpg 600w, https:\/\/buletin.de\/bucuresti\/wp-content\/uploads\/2022\/10\/licitatie-20x9.jpg 20w, https:\/\/buletin.de\/bucuresti\/wp-content\/uploads\/2022\/10\/licitatie.jpg 1142w\" sizes=\"(max-width: 1000px) 100vw, 1000px\" \/><figcaption class=\"wp-element-caption\">sursa sicap.ai<\/figcaption><\/figure>\n\n\n\n<p>SRL-ul, \u00eenfiin\u021bat \u00een 1996, avea la acel moment un unic ac\u021bionar, \u0219i, conform datelor din SEAP, mai avusese doar un singur contract de evaluare bunuri imobile \u0219i mobil, \u00een 2012, cu Direc\u021bia de Taxe \u0219i Impozite Sector 3 de 500.000 de lei, \u00eempreun\u0103 cu alte 3 firme.<\/p>\n\n\n\n<p>Dup\u0103 contractul cu PMB, ob\u021binut \u00een septembrie 2015, \u0219i cercetat acum de DNA, firma \u00eencepe s\u0103 c\u00e2\u0219tige contracte mari de evaluare imobiliar\u0103. \u00cen 2016 cu Direc\u021bia de Taxe \u0219i Impozite Sector 3, de 500 de mii de lei \u0219i cu DGFP Ploie\u0219ti de 1,2 milioane de lei. \u00cen 2017 semneaz\u0103 cu DGFP Gala\u021bi, \u00eempreun\u0103 cu alte 3 firme, un contract de 1,9 milioane de lei. <\/p>\n\n\n\n<p>\u00cen octombrie 2019, Prim\u0103ria Bucure\u0219ti scoate din nou la licita\u021bie acela\u0219i contract cadru de \u201c<em>Servicii de evaluare imobiliar\u0103 a bunurilor aflate \u00een domeniul public\/privat sau \u00een administrarea Municipiului Bucure\u0219ti\u201c<\/em>, cu o valoare de 7,8 milioane de lei. De data aceasta, SRL nu mai ob\u021bine singur contractul.<\/p>\n\n\n\n<figure class=\"wp-block-image size-large\"><img decoding=\"async\" width=\"1000\" height=\"124\" src=\"data:image\/gif;base64,R0lGODlhAQABAAAAACH5BAEKAAEALAAAAAABAAEAAAICTAEAOw==\" data-src=\"https:\/\/buletin.de\/bucuresti\/wp-content\/uploads\/2022\/10\/titlu-1000x124.jpg\" alt=\"\" class=\"wp-image-139238 lazyload\" data-sizes=\"auto\" data-srcset=\"https:\/\/buletin.de\/bucuresti\/wp-content\/uploads\/2022\/10\/titlu-1000x124.jpg 1000w, https:\/\/buletin.de\/bucuresti\/wp-content\/uploads\/2022\/10\/titlu-300x37.jpg 300w, https:\/\/buletin.de\/bucuresti\/wp-content\/uploads\/2022\/10\/titlu-768x95.jpg 768w, https:\/\/buletin.de\/bucuresti\/wp-content\/uploads\/2022\/10\/titlu-1100x136.jpg 1100w, https:\/\/buletin.de\/bucuresti\/wp-content\/uploads\/2022\/10\/titlu-600x74.jpg 600w, https:\/\/buletin.de\/bucuresti\/wp-content\/uploads\/2022\/10\/titlu-20x2.jpg 20w, https:\/\/buletin.de\/bucuresti\/wp-content\/uploads\/2022\/10\/titlu.jpg 1163w\" sizes=\"(max-width: 1000px) 100vw, 1000px\" \/><\/figure>\n\n\n\n<p class=\"has-normal-font-size\"><br>P\u00e2n\u0103 acum, pentru un lot din acest al doilea contract, firma a primit 84.000 de lei. <\/p>\n\n\n\n<p>Cele mai b\u0103noase afaceri cu bani publici ale firmei sunt cu ANAF. \u00cen 2019 a semnat un contract cadru de <em>Servicii de evaluare \u0219i expertiz\u0103 bunuri mobile\/imobile, ac\u021biuni \u0219i alte instrumente financiare, evalu\u0103ri de fond de comer\u021b \u0219i alte active necorporale, verific\u0103ri rapoarte de evaluare<\/em>, din care a c\u00e2\u0219tigat p\u00e2n\u0103 acum <strong>7,73 de milioane de lei. <\/strong><\/p>\n\n\n\n<p>Societatea mai are \u00een portofoliu \u0219i mai multe proiecte reziden\u021biale.<\/p>\n\n\n\n<p>Conform datelor de la Ministerul de Finan\u021be, firma a avut anul trecut 12 angaja\u021bi, o cifr\u0103 de afaceri de 29.404.321 lei, un profit de 3.410.331 lei \u0219i datorii de 44.725.130 lei.<\/p>\n\n\n\n<p class=\"has-small-font-size\"><\/p>\n\n\n\n<p><\/p>\n\n\n\n<p>sursa foto cover Facebook Prim\u0103ria Bucure\u0219ti<\/p>\n","protected":false},"excerpt":{"rendered":"<p>\u0218ase angaja\u021bi ai Prim\u0103riei Bucure\u0219ti au fost trimi\u0219i \u00een judecat\u0103 de DNA dup\u0103 ce ar fi atribuit un contract de aproape 3 milioane de lei, \u00een 2015, ilegal. To\u021bi sunt acuza\u021bi de abuz \u00een serviciu cu ob\u021binere de foloase necuvenite. Inculpa\u021bi sunt \u0219i doi reprezenta\u021bi ai societ\u0103\u021bii care, \u00een plus fa\u021b\u0103 de contractul vizat de [&hellip;]<\/p>\n","protected":false},"author":18,"featured_media":42232,"comment_status":"closed","ping_status":"open","sticky":false,"template":"","format":"standard","meta":{"_acf_changed":false,"inline_featured_image":false,"ngg_post_thumbnail":0,"footnotes":""},"categories":[3419,62],"tags":[294,875,4125,4124],"ppma_author":[22579],"class_list":["post-47345","post","type-post","status-publish","format-standard","has-post-thumbnail","hentry","category-featured","category-stiri","tag-angajati","tag-dna","tag-media-city-srl","tag-urmarire-penala"],"acf":[],"yoast_head":"<!-- This site is optimized with the Yoast SEO Premium plugin v25.3 (Yoast SEO v27.5) - https:\/\/yoast.com\/product\/yoast-seo-premium-wordpress\/ -->\n<title>\u0218ase angaja\u021bi ai Prim\u0103riei Bucure\u0219ti, trimi\u0219i \u00een judecat\u0103 de DNA, pentru atribuirea ilegal\u0103 a unui contract unei firme private - Buletin de Bucure\u0219ti<\/title>\n<meta name=\"robots\" content=\"index, follow, max-snippet:-1, max-image-preview:large, max-video-preview:-1\" \/>\n<link rel=\"canonical\" href=\"https:\/\/buletin.de\/bucuresti\/6-angajati-ai-primariei-bucuresti-trimisi-in-judecata\/\" \/>\n<meta property=\"og:locale\" content=\"en_GB\" \/>\n<meta property=\"og:type\" content=\"article\" \/>\n<meta property=\"og:title\" content=\"\u0218ase angaja\u021bi ai Prim\u0103riei Bucure\u0219ti, trimi\u0219i \u00een judecat\u0103 de DNA, pentru atribuirea ilegal\u0103 a unui contract unei firme private\" \/>\n<meta property=\"og:description\" content=\"\u0218ase angaja\u021bi ai Prim\u0103riei Bucure\u0219ti au fost trimi\u0219i \u00een judecat\u0103 de DNA dup\u0103 ce ar fi atribuit un contract de aproape 3 milioane de lei, \u00een 2015, ilegal. To\u021bi sunt acuza\u021bi de abuz \u00een serviciu cu ob\u021binere de foloase necuvenite. Inculpa\u021bi sunt \u0219i doi reprezenta\u021bi ai societ\u0103\u021bii care, \u00een plus fa\u021b\u0103 de contractul vizat de [&hellip;]\" \/>\n<meta property=\"og:url\" content=\"https:\/\/buletin.de\/bucuresti\/6-angajati-ai-primariei-bucuresti-trimisi-in-judecata\/\" \/>\n<meta property=\"og:site_name\" content=\"Buletin de Bucure\u0219ti\" \/>\n<meta property=\"article:publisher\" content=\"https:\/\/www.facebook.com\/buletin.de.buc\" \/>\n<meta property=\"article:published_time\" content=\"2022-10-14T12:40:33+00:00\" \/>\n<meta property=\"article:modified_time\" content=\"2025-07-16T09:03:57+00:00\" \/>\n<meta property=\"og:image\" content=\"https:\/\/buletin.de\/bucuresti\/wp-content\/uploads\/pmb.jpg\" \/>\n\t<meta property=\"og:image:width\" content=\"960\" \/>\n\t<meta property=\"og:image:height\" content=\"642\" \/>\n\t<meta property=\"og:image:type\" content=\"image\/jpeg\" \/>\n<meta name=\"author\" content=\"Teodora Stroe\" \/>\n<meta name=\"twitter:card\" content=\"summary_large_image\" \/>\n<meta name=\"twitter:label1\" content=\"Written by\" \/>\n\t<meta name=\"twitter:data1\" content=\"Teodora Stroe\" \/>\n\t<meta name=\"twitter:label2\" content=\"Estimated reading time\" \/>\n\t<meta name=\"twitter:data2\" content=\"5 minutes\" \/>\n<script type=\"application\/ld+json\" class=\"yoast-schema-graph\">{\"@context\":\"https:\\\/\\\/schema.org\",\"@graph\":[{\"@type\":\"Article\",\"@id\":\"https:\\\/\\\/buletin.de\\\/bucuresti\\\/6-angajati-ai-primariei-bucuresti-trimisi-in-judecata\\\/#article\",\"isPartOf\":{\"@id\":\"https:\\\/\\\/buletin.de\\\/bucuresti\\\/6-angajati-ai-primariei-bucuresti-trimisi-in-judecata\\\/\"},\"author\":{\"name\":\"Teodora Stroe\",\"@id\":\"https:\\\/\\\/buletin.de\\\/bucuresti\\\/#\\\/schema\\\/person\\\/d369d7ddc775abece205795e0b804614\"},\"headline\":\"\u0218ase angaja\u021bi ai Prim\u0103riei Bucure\u0219ti, trimi\u0219i \u00een judecat\u0103 de DNA, pentru atribuirea ilegal\u0103 a unui contract unei firme private\",\"datePublished\":\"2022-10-14T12:40:33+00:00\",\"dateModified\":\"2025-07-16T09:03:57+00:00\",\"mainEntityOfPage\":{\"@id\":\"https:\\\/\\\/buletin.de\\\/bucuresti\\\/6-angajati-ai-primariei-bucuresti-trimisi-in-judecata\\\/\"},\"wordCount\":1049,\"publisher\":{\"@id\":\"https:\\\/\\\/buletin.de\\\/bucuresti\\\/#organization\"},\"image\":{\"@id\":\"https:\\\/\\\/buletin.de\\\/bucuresti\\\/6-angajati-ai-primariei-bucuresti-trimisi-in-judecata\\\/#primaryimage\"},\"thumbnailUrl\":\"https:\\\/\\\/buletin.de\\\/bucuresti\\\/wp-content\\\/uploads\\\/pmb.jpg\",\"keywords\":[\"angajati\",\"dna\",\"media city srl\",\"urmarire penala\"],\"articleSection\":[\"Featured\",\"\u0218tiri\"],\"inLanguage\":\"en-GB\",\"copyrightYear\":\"2022\",\"copyrightHolder\":{\"@id\":\"https:\\\/\\\/buletin.de\\\/bucuresti\\\/#organization\"}},{\"@type\":\"WebPage\",\"@id\":\"https:\\\/\\\/buletin.de\\\/bucuresti\\\/6-angajati-ai-primariei-bucuresti-trimisi-in-judecata\\\/\",\"url\":\"https:\\\/\\\/buletin.de\\\/bucuresti\\\/6-angajati-ai-primariei-bucuresti-trimisi-in-judecata\\\/\",\"name\":\"\u0218ase angaja\u021bi ai Prim\u0103riei Bucure\u0219ti, trimi\u0219i \u00een judecat\u0103 de DNA, pentru atribuirea ilegal\u0103 a unui contract unei firme private - Buletin de Bucure\u0219ti\",\"isPartOf\":{\"@id\":\"https:\\\/\\\/buletin.de\\\/bucuresti\\\/#website\"},\"primaryImageOfPage\":{\"@id\":\"https:\\\/\\\/buletin.de\\\/bucuresti\\\/6-angajati-ai-primariei-bucuresti-trimisi-in-judecata\\\/#primaryimage\"},\"image\":{\"@id\":\"https:\\\/\\\/buletin.de\\\/bucuresti\\\/6-angajati-ai-primariei-bucuresti-trimisi-in-judecata\\\/#primaryimage\"},\"thumbnailUrl\":\"https:\\\/\\\/buletin.de\\\/bucuresti\\\/wp-content\\\/uploads\\\/pmb.jpg\",\"datePublished\":\"2022-10-14T12:40:33+00:00\",\"dateModified\":\"2025-07-16T09:03:57+00:00\",\"breadcrumb\":{\"@id\":\"https:\\\/\\\/buletin.de\\\/bucuresti\\\/6-angajati-ai-primariei-bucuresti-trimisi-in-judecata\\\/#breadcrumb\"},\"inLanguage\":\"en-GB\",\"potentialAction\":[{\"@type\":\"ReadAction\",\"target\":[\"https:\\\/\\\/buletin.de\\\/bucuresti\\\/6-angajati-ai-primariei-bucuresti-trimisi-in-judecata\\\/\"]}]},{\"@type\":\"ImageObject\",\"inLanguage\":\"en-GB\",\"@id\":\"https:\\\/\\\/buletin.de\\\/bucuresti\\\/6-angajati-ai-primariei-bucuresti-trimisi-in-judecata\\\/#primaryimage\",\"url\":\"https:\\\/\\\/buletin.de\\\/bucuresti\\\/wp-content\\\/uploads\\\/pmb.jpg\",\"contentUrl\":\"https:\\\/\\\/buletin.de\\\/bucuresti\\\/wp-content\\\/uploads\\\/pmb.jpg\",\"width\":960,\"height\":642,\"caption\":\"A fost radiat\u0103 prima companie municipal\u0103 din cele peste 20 \u00eenfiin\u021bate de administra\u021bia Firea\"},{\"@type\":\"BreadcrumbList\",\"@id\":\"https:\\\/\\\/buletin.de\\\/bucuresti\\\/6-angajati-ai-primariei-bucuresti-trimisi-in-judecata\\\/#breadcrumb\",\"itemListElement\":[{\"@type\":\"ListItem\",\"position\":1,\"name\":\"Acas\u0103\",\"item\":\"https:\\\/\\\/buletin.de\\\/bucuresti\\\/\"},{\"@type\":\"ListItem\",\"position\":2,\"name\":\"\u0218ase angaja\u021bi ai Prim\u0103riei Bucure\u0219ti, trimi\u0219i \u00een judecat\u0103 de DNA, pentru atribuirea ilegal\u0103 a unui contract unei firme private\"}]},{\"@type\":\"WebSite\",\"@id\":\"https:\\\/\\\/buletin.de\\\/bucuresti\\\/#website\",\"url\":\"https:\\\/\\\/buletin.de\\\/bucuresti\\\/\",\"name\":\"Buletin de Bucure\u0219ti\",\"description\":\"\u0218tiri \u0219i investiga\u021bii esen\u021biale din capital\u0103\",\"publisher\":{\"@id\":\"https:\\\/\\\/buletin.de\\\/bucuresti\\\/#organization\"},\"potentialAction\":[{\"@type\":\"SearchAction\",\"target\":{\"@type\":\"EntryPoint\",\"urlTemplate\":\"https:\\\/\\\/buletin.de\\\/bucuresti\\\/?s={search_term_string}\"},\"query-input\":{\"@type\":\"PropertyValueSpecification\",\"valueRequired\":true,\"valueName\":\"search_term_string\"}}],\"inLanguage\":\"en-GB\"},{\"@type\":\"Organization\",\"@id\":\"https:\\\/\\\/buletin.de\\\/bucuresti\\\/#organization\",\"name\":\"Buletin de Bucure\u0219ti\",\"url\":\"https:\\\/\\\/buletin.de\\\/bucuresti\\\/\",\"logo\":{\"@type\":\"ImageObject\",\"inLanguage\":\"en-GB\",\"@id\":\"https:\\\/\\\/buletin.de\\\/bucuresti\\\/#\\\/schema\\\/logo\\\/image\\\/\",\"url\":\"https:\\\/\\\/buletin.de\\\/bucuresti\\\/wp-content\\\/uploads\\\/logo-bdb-full-wide-vernil-transparent.png\",\"contentUrl\":\"https:\\\/\\\/buletin.de\\\/bucuresti\\\/wp-content\\\/uploads\\\/logo-bdb-full-wide-vernil-transparent.png\",\"width\":1782,\"height\":626,\"caption\":\"Buletin de Bucure\u0219ti\"},\"image\":{\"@id\":\"https:\\\/\\\/buletin.de\\\/bucuresti\\\/#\\\/schema\\\/logo\\\/image\\\/\"},\"sameAs\":[\"https:\\\/\\\/www.facebook.com\\\/buletin.de.buc\",\"https:\\\/\\\/www.instagram.com\\\/buletinde.bucuresti\\\/\"]},{\"@type\":\"Person\",\"@id\":\"https:\\\/\\\/buletin.de\\\/bucuresti\\\/#\\\/schema\\\/person\\\/d369d7ddc775abece205795e0b804614\",\"name\":\"Teodora Stroe\",\"image\":{\"@type\":\"ImageObject\",\"inLanguage\":\"en-GB\",\"@id\":\"https:\\\/\\\/secure.gravatar.com\\\/avatar\\\/2560b4cd9f5f1bc100b123158e657d75584bd1c3e1d9c69285720b9457c1b78d?s=96&d=monsterid&r=gc104800242ba5f2d78dd5d7dc4df08b6\",\"url\":\"https:\\\/\\\/secure.gravatar.com\\\/avatar\\\/2560b4cd9f5f1bc100b123158e657d75584bd1c3e1d9c69285720b9457c1b78d?s=96&d=monsterid&r=g\",\"contentUrl\":\"https:\\\/\\\/secure.gravatar.com\\\/avatar\\\/2560b4cd9f5f1bc100b123158e657d75584bd1c3e1d9c69285720b9457c1b78d?s=96&d=monsterid&r=g\",\"caption\":\"Teodora Stroe\"},\"url\":\"https:\\\/\\\/buletin.de\\\/bucuresti\\\/author\\\/simonacarlugea\\\/\"}]}<\/script>\n<!-- \/ Yoast SEO Premium plugin. -->","yoast_head_json":{"title":"\u0218ase angaja\u021bi ai Prim\u0103riei Bucure\u0219ti, trimi\u0219i \u00een judecat\u0103 de DNA, pentru atribuirea ilegal\u0103 a unui contract unei firme private - Buletin de Bucure\u0219ti","robots":{"index":"index","follow":"follow","max-snippet":"max-snippet:-1","max-image-preview":"max-image-preview:large","max-video-preview":"max-video-preview:-1"},"canonical":"https:\/\/buletin.de\/bucuresti\/6-angajati-ai-primariei-bucuresti-trimisi-in-judecata\/","og_locale":"en_GB","og_type":"article","og_title":"\u0218ase angaja\u021bi ai Prim\u0103riei Bucure\u0219ti, trimi\u0219i \u00een judecat\u0103 de DNA, pentru atribuirea ilegal\u0103 a unui contract unei firme private","og_description":"\u0218ase angaja\u021bi ai Prim\u0103riei Bucure\u0219ti au fost trimi\u0219i \u00een judecat\u0103 de DNA dup\u0103 ce ar fi atribuit un contract de aproape 3 milioane de lei, \u00een 2015, ilegal. To\u021bi sunt acuza\u021bi de abuz \u00een serviciu cu ob\u021binere de foloase necuvenite. Inculpa\u021bi sunt \u0219i doi reprezenta\u021bi ai societ\u0103\u021bii care, \u00een plus fa\u021b\u0103 de contractul vizat de [&hellip;]","og_url":"https:\/\/buletin.de\/bucuresti\/6-angajati-ai-primariei-bucuresti-trimisi-in-judecata\/","og_site_name":"Buletin de Bucure\u0219ti","article_publisher":"https:\/\/www.facebook.com\/buletin.de.buc","article_published_time":"2022-10-14T12:40:33+00:00","article_modified_time":"2025-07-16T09:03:57+00:00","og_image":[{"width":960,"height":642,"url":"https:\/\/buletin.de\/bucuresti\/wp-content\/uploads\/pmb.jpg","type":"image\/jpeg"}],"author":"Teodora Stroe","twitter_card":"summary_large_image","twitter_misc":{"Written by":"Teodora Stroe","Estimated reading time":"5 minutes"},"schema":{"@context":"https:\/\/schema.org","@graph":[{"@type":"Article","@id":"https:\/\/buletin.de\/bucuresti\/6-angajati-ai-primariei-bucuresti-trimisi-in-judecata\/#article","isPartOf":{"@id":"https:\/\/buletin.de\/bucuresti\/6-angajati-ai-primariei-bucuresti-trimisi-in-judecata\/"},"author":{"name":"Teodora Stroe","@id":"https:\/\/buletin.de\/bucuresti\/#\/schema\/person\/d369d7ddc775abece205795e0b804614"},"headline":"\u0218ase angaja\u021bi ai Prim\u0103riei Bucure\u0219ti, trimi\u0219i \u00een judecat\u0103 de DNA, pentru atribuirea ilegal\u0103 a unui contract unei firme private","datePublished":"2022-10-14T12:40:33+00:00","dateModified":"2025-07-16T09:03:57+00:00","mainEntityOfPage":{"@id":"https:\/\/buletin.de\/bucuresti\/6-angajati-ai-primariei-bucuresti-trimisi-in-judecata\/"},"wordCount":1049,"publisher":{"@id":"https:\/\/buletin.de\/bucuresti\/#organization"},"image":{"@id":"https:\/\/buletin.de\/bucuresti\/6-angajati-ai-primariei-bucuresti-trimisi-in-judecata\/#primaryimage"},"thumbnailUrl":"https:\/\/buletin.de\/bucuresti\/wp-content\/uploads\/pmb.jpg","keywords":["angajati","dna","media city srl","urmarire penala"],"articleSection":["Featured","\u0218tiri"],"inLanguage":"en-GB","copyrightYear":"2022","copyrightHolder":{"@id":"https:\/\/buletin.de\/bucuresti\/#organization"}},{"@type":"WebPage","@id":"https:\/\/buletin.de\/bucuresti\/6-angajati-ai-primariei-bucuresti-trimisi-in-judecata\/","url":"https:\/\/buletin.de\/bucuresti\/6-angajati-ai-primariei-bucuresti-trimisi-in-judecata\/","name":"\u0218ase angaja\u021bi ai Prim\u0103riei Bucure\u0219ti, trimi\u0219i \u00een judecat\u0103 de DNA, pentru atribuirea ilegal\u0103 a unui contract unei firme private - Buletin de Bucure\u0219ti","isPartOf":{"@id":"https:\/\/buletin.de\/bucuresti\/#website"},"primaryImageOfPage":{"@id":"https:\/\/buletin.de\/bucuresti\/6-angajati-ai-primariei-bucuresti-trimisi-in-judecata\/#primaryimage"},"image":{"@id":"https:\/\/buletin.de\/bucuresti\/6-angajati-ai-primariei-bucuresti-trimisi-in-judecata\/#primaryimage"},"thumbnailUrl":"https:\/\/buletin.de\/bucuresti\/wp-content\/uploads\/pmb.jpg","datePublished":"2022-10-14T12:40:33+00:00","dateModified":"2025-07-16T09:03:57+00:00","breadcrumb":{"@id":"https:\/\/buletin.de\/bucuresti\/6-angajati-ai-primariei-bucuresti-trimisi-in-judecata\/#breadcrumb"},"inLanguage":"en-GB","potentialAction":[{"@type":"ReadAction","target":["https:\/\/buletin.de\/bucuresti\/6-angajati-ai-primariei-bucuresti-trimisi-in-judecata\/"]}]},{"@type":"ImageObject","inLanguage":"en-GB","@id":"https:\/\/buletin.de\/bucuresti\/6-angajati-ai-primariei-bucuresti-trimisi-in-judecata\/#primaryimage","url":"https:\/\/buletin.de\/bucuresti\/wp-content\/uploads\/pmb.jpg","contentUrl":"https:\/\/buletin.de\/bucuresti\/wp-content\/uploads\/pmb.jpg","width":960,"height":642,"caption":"A fost radiat\u0103 prima companie municipal\u0103 din cele peste 20 \u00eenfiin\u021bate de administra\u021bia Firea"},{"@type":"BreadcrumbList","@id":"https:\/\/buletin.de\/bucuresti\/6-angajati-ai-primariei-bucuresti-trimisi-in-judecata\/#breadcrumb","itemListElement":[{"@type":"ListItem","position":1,"name":"Acas\u0103","item":"https:\/\/buletin.de\/bucuresti\/"},{"@type":"ListItem","position":2,"name":"\u0218ase angaja\u021bi ai Prim\u0103riei Bucure\u0219ti, trimi\u0219i \u00een judecat\u0103 de DNA, pentru atribuirea ilegal\u0103 a unui contract unei firme private"}]},{"@type":"WebSite","@id":"https:\/\/buletin.de\/bucuresti\/#website","url":"https:\/\/buletin.de\/bucuresti\/","name":"Buletin de Bucure\u0219ti","description":"\u0218tiri \u0219i investiga\u021bii esen\u021biale din capital\u0103","publisher":{"@id":"https:\/\/buletin.de\/bucuresti\/#organization"},"potentialAction":[{"@type":"SearchAction","target":{"@type":"EntryPoint","urlTemplate":"https:\/\/buletin.de\/bucuresti\/?s={search_term_string}"},"query-input":{"@type":"PropertyValueSpecification","valueRequired":true,"valueName":"search_term_string"}}],"inLanguage":"en-GB"},{"@type":"Organization","@id":"https:\/\/buletin.de\/bucuresti\/#organization","name":"Buletin de Bucure\u0219ti","url":"https:\/\/buletin.de\/bucuresti\/","logo":{"@type":"ImageObject","inLanguage":"en-GB","@id":"https:\/\/buletin.de\/bucuresti\/#\/schema\/logo\/image\/","url":"https:\/\/buletin.de\/bucuresti\/wp-content\/uploads\/logo-bdb-full-wide-vernil-transparent.png","contentUrl":"https:\/\/buletin.de\/bucuresti\/wp-content\/uploads\/logo-bdb-full-wide-vernil-transparent.png","width":1782,"height":626,"caption":"Buletin de Bucure\u0219ti"},"image":{"@id":"https:\/\/buletin.de\/bucuresti\/#\/schema\/logo\/image\/"},"sameAs":["https:\/\/www.facebook.com\/buletin.de.buc","https:\/\/www.instagram.com\/buletinde.bucuresti\/"]},{"@type":"Person","@id":"https:\/\/buletin.de\/bucuresti\/#\/schema\/person\/d369d7ddc775abece205795e0b804614","name":"Teodora Stroe","image":{"@type":"ImageObject","inLanguage":"en-GB","@id":"https:\/\/secure.gravatar.com\/avatar\/2560b4cd9f5f1bc100b123158e657d75584bd1c3e1d9c69285720b9457c1b78d?s=96&d=monsterid&r=gc104800242ba5f2d78dd5d7dc4df08b6","url":"https:\/\/secure.gravatar.com\/avatar\/2560b4cd9f5f1bc100b123158e657d75584bd1c3e1d9c69285720b9457c1b78d?s=96&d=monsterid&r=g","contentUrl":"https:\/\/secure.gravatar.com\/avatar\/2560b4cd9f5f1bc100b123158e657d75584bd1c3e1d9c69285720b9457c1b78d?s=96&d=monsterid&r=g","caption":"Teodora Stroe"},"url":"https:\/\/buletin.de\/bucuresti\/author\/simonacarlugea\/"}]}},"authors":[{"term_id":22579,"user_id":18,"is_guest":0,"slug":"simonacarlugea","display_name":"Teodora Stroe","avatar_url":"https:\/\/secure.gravatar.com\/avatar\/2560b4cd9f5f1bc100b123158e657d75584bd1c3e1d9c69285720b9457c1b78d?s=96&d=monsterid&r=g","0":null,"1":"","2":"","3":"","4":"","5":"","6":"","7":"","8":""}],"_links":{"self":[{"href":"https:\/\/buletin.de\/bucuresti\/wp-json\/wp\/v2\/posts\/47345","targetHints":{"allow":["GET"]}}],"collection":[{"href":"https:\/\/buletin.de\/bucuresti\/wp-json\/wp\/v2\/posts"}],"about":[{"href":"https:\/\/buletin.de\/bucuresti\/wp-json\/wp\/v2\/types\/post"}],"author":[{"embeddable":true,"href":"https:\/\/buletin.de\/bucuresti\/wp-json\/wp\/v2\/users\/18"}],"replies":[{"embeddable":true,"href":"https:\/\/buletin.de\/bucuresti\/wp-json\/wp\/v2\/comments?post=47345"}],"version-history":[{"count":3,"href":"https:\/\/buletin.de\/bucuresti\/wp-json\/wp\/v2\/posts\/47345\/revisions"}],"predecessor-version":[{"id":139246,"href":"https:\/\/buletin.de\/bucuresti\/wp-json\/wp\/v2\/posts\/47345\/revisions\/139246"}],"wp:featuredmedia":[{"embeddable":true,"href":"https:\/\/buletin.de\/bucuresti\/wp-json\/wp\/v2\/media\/42232"}],"wp:attachment":[{"href":"https:\/\/buletin.de\/bucuresti\/wp-json\/wp\/v2\/media?parent=47345"}],"wp:term":[{"taxonomy":"category","embeddable":true,"href":"https:\/\/buletin.de\/bucuresti\/wp-json\/wp\/v2\/categories?post=47345"},{"taxonomy":"post_tag","embeddable":true,"href":"https:\/\/buletin.de\/bucuresti\/wp-json\/wp\/v2\/tags?post=47345"},{"taxonomy":"author","embeddable":true,"href":"https:\/\/buletin.de\/bucuresti\/wp-json\/wp\/v2\/ppma_author?post=47345"}],"curies":[{"name":"wp","href":"https:\/\/api.w.org\/{rel}","templated":true}]}}