{"id":47324,"date":"2022-10-13T17:26:05","date_gmt":"2022-10-13T15:26:05","guid":{"rendered":"https:\/\/buletin.de\/bucuresti\/?p=47324"},"modified":"2022-10-13T17:26:06","modified_gmt":"2022-10-13T15:26:06","slug":"companiile-private-vor-putea-in-premiera-sa-organizeze-targul-de-craciun-din-piata-consitutiei","status":"publish","type":"post","link":"https:\/\/buletin.de\/bucuresti\/companiile-private-vor-putea-in-premiera-sa-organizeze-targul-de-craciun-din-piata-consitutiei\/","title":{"rendered":"Companiile private vor putea, \u00een premier\u0103, s\u0103 organizeze T\u00e2rgul de Cr\u0103ciun din Pia\u021ba Consitu\u021biei"},"content":{"rendered":"\n<p><strong>Nicu\u0219or Dan a anun\u021bat, ast\u0103zi, c\u0103 T\u00e2rgul de Cr\u0103ciun din acest an va fi deschis, \u00een premier\u0103, companiilor private care vor s\u0103 se implice \u00een organizarea evenimentului. Cei interesa\u021bi s\u0103 devin\u0103 partenerii acestui demers se pot \u00eenscrie, <a href=\"https:\/\/arcub.ro\/wp-content\/uploads\/2022\/10\/Formular-inscriere-Targ-de-Craciun-2022.docx.pdf\">printr-un formular<\/a>, p\u00e2n\u0103 la data de 24 octombrie 2022. Dup\u0103 finalizarea etapei de \u00eenscriere, propunerile transmise de parteneri vor fi analizate de o comisie numit\u0103 prin decizia intern\u0103 a directorului ARCUB.<\/strong><\/p>\n\n\n\n<blockquote class=\"wp-block-quote is-layout-flow wp-block-quote-is-layout-flow\"><p>Invit toate companiile care vor s\u0103 se implice \u00een organizarea acestui eveniment &#8211; devenit o tradi\u021bie a Capitalei &#8211; s\u0103 contribuie la transformarea Bucure\u0219tiului \u00eentr-o destina\u021bie preferat\u0103 a turi\u0219tilor, a copiilor \u0219i a tuturor celor care se bucur\u0103 de s\u0103rb\u0103torile de iarn\u0103.<\/p><cite>A scris Nicu\u0219or Dan pe Facebook<\/cite><\/blockquote>\n\n\n\n<p>Forumlarul de \u00eenscriere se completeaz\u0103 \u00een func\u021bie de <a href=\"https:\/\/arcub.ro\/wp-content\/uploads\/2022\/10\/Regulament-2022-Targ-de-Craciun-12.10-final-1.docx.pdf\">regulmentul<\/a> de organizare al T\u00e2rgului de Cr\u0103ciun.  Comisia care va decide firmele c\u00e2\u0219tig\u0103toare va fi alc\u0103tuit\u0103 din&nbsp; 5 membri: 3 exper\u021bi externi, un membru desemnat de Primarul General al Capitalei, un reprezentant din cadrul Direc\u021biei Cultur\u0103, \u00cenv\u0103\u021b\u0103m\u00e2nt, Turism a Prim\u0103riei Municipiului Bucure\u0219ti. Un reprezentant din partea ARCUB va asigura secretariatul tehnic al procedurii de selec\u021bie.&nbsp;<\/p>\n\n\n\n<p>Mai mult, eventualele solicit\u0103ri de clarificare se pot formula la adresa de e-mail secretariat@arcub.ro p\u00e2n\u0103 cel t\u00e2rziu \u00een data de 19 octombrie ora 16:00. R\u0103spunsurile la eventualele solicit\u0103ri de clarificare vor fi transmise \u00een termen de o zi lucr\u0103toare de la data primirii acestora.<\/p>\n","protected":false},"excerpt":{"rendered":"<p>Nicu\u0219or Dan a anun\u021bat, ast\u0103zi, c\u0103 T\u00e2rgul de Cr\u0103ciun din acest an va fi deschis, \u00een premier\u0103, companiilor private care vor s\u0103 se implice \u00een organizarea evenimentului. Cei interesa\u021bi s\u0103 devin\u0103 partenerii acestui demers se pot \u00eenscrie, printr-un formular, p\u00e2n\u0103 la data de 24 octombrie 2022. Dup\u0103 finalizarea etapei de \u00eenscriere, propunerile transmise de parteneri [&hellip;]<\/p>\n","protected":false},"author":17,"featured_media":47325,"comment_status":"closed","ping_status":"open","sticky":false,"template":"","format":"standard","meta":{"_acf_changed":false,"inline_featured_image":false,"ngg_post_thumbnail":0,"footnotes":""},"categories":[24],"tags":[],"ppma_author":[22576],"class_list":["post-47324","post","type-post","status-publish","format-standard","has-post-thumbnail","hentry","category-primarie"],"acf":[],"yoast_head":"<!-- This site is optimized with the Yoast SEO Premium plugin v25.3 (Yoast SEO v27.5) - https:\/\/yoast.com\/product\/yoast-seo-premium-wordpress\/ -->\n<title>Companiile private vor putea, \u00een premier\u0103, s\u0103 organizeze T\u00e2rgul de Cr\u0103ciun din Pia\u021ba Consitu\u021biei - Buletin de Bucure\u0219ti<\/title>\n<meta name=\"robots\" content=\"index, follow, max-snippet:-1, max-image-preview:large, max-video-preview:-1\" \/>\n<link rel=\"canonical\" href=\"https:\/\/buletin.de\/bucuresti\/companiile-private-vor-putea-in-premiera-sa-organizeze-targul-de-craciun-din-piata-consitutiei\/\" \/>\n<meta property=\"og:locale\" content=\"en_GB\" \/>\n<meta property=\"og:type\" content=\"article\" \/>\n<meta property=\"og:title\" content=\"Companiile private vor putea, \u00een premier\u0103, s\u0103 organizeze T\u00e2rgul de Cr\u0103ciun din Pia\u021ba Consitu\u021biei\" \/>\n<meta property=\"og:description\" content=\"Nicu\u0219or Dan a anun\u021bat, ast\u0103zi, c\u0103 T\u00e2rgul de Cr\u0103ciun din acest an va fi deschis, \u00een premier\u0103, companiilor private care vor s\u0103 se implice \u00een organizarea evenimentului. Cei interesa\u021bi s\u0103 devin\u0103 partenerii acestui demers se pot \u00eenscrie, printr-un formular, p\u00e2n\u0103 la data de 24 octombrie 2022. Dup\u0103 finalizarea etapei de \u00eenscriere, propunerile transmise de parteneri [&hellip;]\" \/>\n<meta property=\"og:url\" content=\"https:\/\/buletin.de\/bucuresti\/companiile-private-vor-putea-in-premiera-sa-organizeze-targul-de-craciun-din-piata-consitutiei\/\" \/>\n<meta property=\"og:site_name\" content=\"Buletin de Bucure\u0219ti\" \/>\n<meta property=\"article:publisher\" content=\"https:\/\/www.facebook.com\/buletin.de.buc\" \/>\n<meta property=\"article:published_time\" content=\"2022-10-13T15:26:05+00:00\" \/>\n<meta property=\"article:modified_time\" content=\"2022-10-13T15:26:06+00:00\" \/>\n<meta property=\"og:image\" content=\"https:\/\/buletin.de\/bucuresti\/wp-content\/uploads\/WhatsApp-Image-2022-10-12-at-23.44.26.jpeg\" \/>\n\t<meta property=\"og:image:width\" content=\"720\" \/>\n\t<meta property=\"og:image:height\" content=\"540\" \/>\n\t<meta property=\"og:image:type\" content=\"image\/jpeg\" \/>\n<meta name=\"author\" content=\"Florin R\u00e2\u0219teiu\" \/>\n<meta name=\"twitter:card\" content=\"summary_large_image\" \/>\n<meta name=\"twitter:label1\" content=\"Written by\" \/>\n\t<meta name=\"twitter:data1\" content=\"Florin R\u00e2\u0219teiu\" \/>\n\t<meta name=\"twitter:label2\" content=\"Estimated reading time\" \/>\n\t<meta name=\"twitter:data2\" content=\"1 minute\" \/>\n<script type=\"application\/ld+json\" class=\"yoast-schema-graph\">{\"@context\":\"https:\\\/\\\/schema.org\",\"@graph\":[{\"@type\":\"Article\",\"@id\":\"https:\\\/\\\/buletin.de\\\/bucuresti\\\/companiile-private-vor-putea-in-premiera-sa-organizeze-targul-de-craciun-din-piata-consitutiei\\\/#article\",\"isPartOf\":{\"@id\":\"https:\\\/\\\/buletin.de\\\/bucuresti\\\/companiile-private-vor-putea-in-premiera-sa-organizeze-targul-de-craciun-din-piata-consitutiei\\\/\"},\"author\":{\"name\":\"Florin R\u00e2\u0219teiu\",\"@id\":\"https:\\\/\\\/buletin.de\\\/bucuresti\\\/#\\\/schema\\\/person\\\/b0686d7a8b666c6afc78239777fd8a89\"},\"headline\":\"Companiile private vor putea, \u00een premier\u0103, s\u0103 organizeze T\u00e2rgul de Cr\u0103ciun din Pia\u021ba Consitu\u021biei\",\"datePublished\":\"2022-10-13T15:26:05+00:00\",\"dateModified\":\"2022-10-13T15:26:06+00:00\",\"mainEntityOfPage\":{\"@id\":\"https:\\\/\\\/buletin.de\\\/bucuresti\\\/companiile-private-vor-putea-in-premiera-sa-organizeze-targul-de-craciun-din-piata-consitutiei\\\/\"},\"wordCount\":272,\"publisher\":{\"@id\":\"https:\\\/\\\/buletin.de\\\/bucuresti\\\/#organization\"},\"image\":{\"@id\":\"https:\\\/\\\/buletin.de\\\/bucuresti\\\/companiile-private-vor-putea-in-premiera-sa-organizeze-targul-de-craciun-din-piata-consitutiei\\\/#primaryimage\"},\"thumbnailUrl\":\"https:\\\/\\\/buletin.de\\\/bucuresti\\\/wp-content\\\/uploads\\\/WhatsApp-Image-2022-10-12-at-23.44.26.jpeg\",\"articleSection\":[\"Prim\u0103rie\"],\"inLanguage\":\"en-GB\",\"copyrightYear\":\"2022\",\"copyrightHolder\":{\"@id\":\"https:\\\/\\\/buletin.de\\\/bucuresti\\\/#organization\"}},{\"@type\":\"WebPage\",\"@id\":\"https:\\\/\\\/buletin.de\\\/bucuresti\\\/companiile-private-vor-putea-in-premiera-sa-organizeze-targul-de-craciun-din-piata-consitutiei\\\/\",\"url\":\"https:\\\/\\\/buletin.de\\\/bucuresti\\\/companiile-private-vor-putea-in-premiera-sa-organizeze-targul-de-craciun-din-piata-consitutiei\\\/\",\"name\":\"Companiile private vor putea, \u00een premier\u0103, s\u0103 organizeze T\u00e2rgul de Cr\u0103ciun din Pia\u021ba Consitu\u021biei - Buletin de Bucure\u0219ti\",\"isPartOf\":{\"@id\":\"https:\\\/\\\/buletin.de\\\/bucuresti\\\/#website\"},\"primaryImageOfPage\":{\"@id\":\"https:\\\/\\\/buletin.de\\\/bucuresti\\\/companiile-private-vor-putea-in-premiera-sa-organizeze-targul-de-craciun-din-piata-consitutiei\\\/#primaryimage\"},\"image\":{\"@id\":\"https:\\\/\\\/buletin.de\\\/bucuresti\\\/companiile-private-vor-putea-in-premiera-sa-organizeze-targul-de-craciun-din-piata-consitutiei\\\/#primaryimage\"},\"thumbnailUrl\":\"https:\\\/\\\/buletin.de\\\/bucuresti\\\/wp-content\\\/uploads\\\/WhatsApp-Image-2022-10-12-at-23.44.26.jpeg\",\"datePublished\":\"2022-10-13T15:26:05+00:00\",\"dateModified\":\"2022-10-13T15:26:06+00:00\",\"breadcrumb\":{\"@id\":\"https:\\\/\\\/buletin.de\\\/bucuresti\\\/companiile-private-vor-putea-in-premiera-sa-organizeze-targul-de-craciun-din-piata-consitutiei\\\/#breadcrumb\"},\"inLanguage\":\"en-GB\",\"potentialAction\":[{\"@type\":\"ReadAction\",\"target\":[\"https:\\\/\\\/buletin.de\\\/bucuresti\\\/companiile-private-vor-putea-in-premiera-sa-organizeze-targul-de-craciun-din-piata-consitutiei\\\/\"]}]},{\"@type\":\"ImageObject\",\"inLanguage\":\"en-GB\",\"@id\":\"https:\\\/\\\/buletin.de\\\/bucuresti\\\/companiile-private-vor-putea-in-premiera-sa-organizeze-targul-de-craciun-din-piata-consitutiei\\\/#primaryimage\",\"url\":\"https:\\\/\\\/buletin.de\\\/bucuresti\\\/wp-content\\\/uploads\\\/WhatsApp-Image-2022-10-12-at-23.44.26.jpeg\",\"contentUrl\":\"https:\\\/\\\/buletin.de\\\/bucuresti\\\/wp-content\\\/uploads\\\/WhatsApp-Image-2022-10-12-at-23.44.26.jpeg\",\"width\":720,\"height\":540},{\"@type\":\"BreadcrumbList\",\"@id\":\"https:\\\/\\\/buletin.de\\\/bucuresti\\\/companiile-private-vor-putea-in-premiera-sa-organizeze-targul-de-craciun-din-piata-consitutiei\\\/#breadcrumb\",\"itemListElement\":[{\"@type\":\"ListItem\",\"position\":1,\"name\":\"Acas\u0103\",\"item\":\"https:\\\/\\\/buletin.de\\\/bucuresti\\\/\"},{\"@type\":\"ListItem\",\"position\":2,\"name\":\"Companiile private vor putea, \u00een premier\u0103, s\u0103 organizeze T\u00e2rgul de Cr\u0103ciun din Pia\u021ba Consitu\u021biei\"}]},{\"@type\":\"WebSite\",\"@id\":\"https:\\\/\\\/buletin.de\\\/bucuresti\\\/#website\",\"url\":\"https:\\\/\\\/buletin.de\\\/bucuresti\\\/\",\"name\":\"Buletin de Bucure\u0219ti\",\"description\":\"\u0218tiri \u0219i investiga\u021bii esen\u021biale din capital\u0103\",\"publisher\":{\"@id\":\"https:\\\/\\\/buletin.de\\\/bucuresti\\\/#organization\"},\"potentialAction\":[{\"@type\":\"SearchAction\",\"target\":{\"@type\":\"EntryPoint\",\"urlTemplate\":\"https:\\\/\\\/buletin.de\\\/bucuresti\\\/?s={search_term_string}\"},\"query-input\":{\"@type\":\"PropertyValueSpecification\",\"valueRequired\":true,\"valueName\":\"search_term_string\"}}],\"inLanguage\":\"en-GB\"},{\"@type\":\"Organization\",\"@id\":\"https:\\\/\\\/buletin.de\\\/bucuresti\\\/#organization\",\"name\":\"Buletin de Bucure\u0219ti\",\"url\":\"https:\\\/\\\/buletin.de\\\/bucuresti\\\/\",\"logo\":{\"@type\":\"ImageObject\",\"inLanguage\":\"en-GB\",\"@id\":\"https:\\\/\\\/buletin.de\\\/bucuresti\\\/#\\\/schema\\\/logo\\\/image\\\/\",\"url\":\"https:\\\/\\\/buletin.de\\\/bucuresti\\\/wp-content\\\/uploads\\\/logo-bdb-full-wide-vernil-transparent.png\",\"contentUrl\":\"https:\\\/\\\/buletin.de\\\/bucuresti\\\/wp-content\\\/uploads\\\/logo-bdb-full-wide-vernil-transparent.png\",\"width\":1782,\"height\":626,\"caption\":\"Buletin de Bucure\u0219ti\"},\"image\":{\"@id\":\"https:\\\/\\\/buletin.de\\\/bucuresti\\\/#\\\/schema\\\/logo\\\/image\\\/\"},\"sameAs\":[\"https:\\\/\\\/www.facebook.com\\\/buletin.de.buc\",\"https:\\\/\\\/www.instagram.com\\\/buletinde.bucuresti\\\/\"]},{\"@type\":\"Person\",\"@id\":\"https:\\\/\\\/buletin.de\\\/bucuresti\\\/#\\\/schema\\\/person\\\/b0686d7a8b666c6afc78239777fd8a89\",\"name\":\"Florin R\u00e2\u0219teiu\",\"image\":{\"@type\":\"ImageObject\",\"inLanguage\":\"en-GB\",\"@id\":\"https:\\\/\\\/buletin.de\\\/bucuresti\\\/wp-content\\\/uploads\\\/Florin-Rasteiu-96x96.jpgf0a6fe28453aa12f0a60e4d0a2e3a78c\",\"url\":\"https:\\\/\\\/buletin.de\\\/bucuresti\\\/wp-content\\\/uploads\\\/Florin-Rasteiu-96x96.jpg\",\"contentUrl\":\"https:\\\/\\\/buletin.de\\\/bucuresti\\\/wp-content\\\/uploads\\\/Florin-Rasteiu-96x96.jpg\",\"caption\":\"Florin R\u00e2\u0219teiu\"},\"description\":\"Jurnalist de investiga\u021bie. Lucreaz\u0103 de aproape 6 ani la Buletin de Bucure\u0219ti, unde a publicat articole care scot la suprafa\u021b\u0103 corup\u021bia din Capital\u0103. Analizeaz\u0103 baze de date zilnic \u0219i scoate pove\u0219ti din exceluri pline de cifre. Pune reflectorul pe adev\u0103r cu fiecare ocazie. A c\u00e2\u0219tigat premiul I la categoria Pres\u0103 Local\u0103 \u00een 2025 \u0219i locul al II-lea la aceea\u0219i categorie \u00een 2024 \u00een cadrul Premiilor Superscrieri pentru jurnalism independent.\",\"url\":\"https:\\\/\\\/buletin.de\\\/bucuresti\\\/author\\\/florinrasteiu\\\/\"}]}<\/script>\n<!-- \/ Yoast SEO Premium plugin. -->","yoast_head_json":{"title":"Companiile private vor putea, \u00een premier\u0103, s\u0103 organizeze T\u00e2rgul de Cr\u0103ciun din Pia\u021ba Consitu\u021biei - Buletin de Bucure\u0219ti","robots":{"index":"index","follow":"follow","max-snippet":"max-snippet:-1","max-image-preview":"max-image-preview:large","max-video-preview":"max-video-preview:-1"},"canonical":"https:\/\/buletin.de\/bucuresti\/companiile-private-vor-putea-in-premiera-sa-organizeze-targul-de-craciun-din-piata-consitutiei\/","og_locale":"en_GB","og_type":"article","og_title":"Companiile private vor putea, \u00een premier\u0103, s\u0103 organizeze T\u00e2rgul de Cr\u0103ciun din Pia\u021ba Consitu\u021biei","og_description":"Nicu\u0219or Dan a anun\u021bat, ast\u0103zi, c\u0103 T\u00e2rgul de Cr\u0103ciun din acest an va fi deschis, \u00een premier\u0103, companiilor private care vor s\u0103 se implice \u00een organizarea evenimentului. Cei interesa\u021bi s\u0103 devin\u0103 partenerii acestui demers se pot \u00eenscrie, printr-un formular, p\u00e2n\u0103 la data de 24 octombrie 2022. Dup\u0103 finalizarea etapei de \u00eenscriere, propunerile transmise de parteneri [&hellip;]","og_url":"https:\/\/buletin.de\/bucuresti\/companiile-private-vor-putea-in-premiera-sa-organizeze-targul-de-craciun-din-piata-consitutiei\/","og_site_name":"Buletin de Bucure\u0219ti","article_publisher":"https:\/\/www.facebook.com\/buletin.de.buc","article_published_time":"2022-10-13T15:26:05+00:00","article_modified_time":"2022-10-13T15:26:06+00:00","og_image":[{"width":720,"height":540,"url":"https:\/\/buletin.de\/bucuresti\/wp-content\/uploads\/WhatsApp-Image-2022-10-12-at-23.44.26.jpeg","type":"image\/jpeg"}],"author":"Florin R\u00e2\u0219teiu","twitter_card":"summary_large_image","twitter_misc":{"Written by":"Florin R\u00e2\u0219teiu","Estimated reading time":"1 minute"},"schema":{"@context":"https:\/\/schema.org","@graph":[{"@type":"Article","@id":"https:\/\/buletin.de\/bucuresti\/companiile-private-vor-putea-in-premiera-sa-organizeze-targul-de-craciun-din-piata-consitutiei\/#article","isPartOf":{"@id":"https:\/\/buletin.de\/bucuresti\/companiile-private-vor-putea-in-premiera-sa-organizeze-targul-de-craciun-din-piata-consitutiei\/"},"author":{"name":"Florin R\u00e2\u0219teiu","@id":"https:\/\/buletin.de\/bucuresti\/#\/schema\/person\/b0686d7a8b666c6afc78239777fd8a89"},"headline":"Companiile private vor putea, \u00een premier\u0103, s\u0103 organizeze T\u00e2rgul de Cr\u0103ciun din Pia\u021ba Consitu\u021biei","datePublished":"2022-10-13T15:26:05+00:00","dateModified":"2022-10-13T15:26:06+00:00","mainEntityOfPage":{"@id":"https:\/\/buletin.de\/bucuresti\/companiile-private-vor-putea-in-premiera-sa-organizeze-targul-de-craciun-din-piata-consitutiei\/"},"wordCount":272,"publisher":{"@id":"https:\/\/buletin.de\/bucuresti\/#organization"},"image":{"@id":"https:\/\/buletin.de\/bucuresti\/companiile-private-vor-putea-in-premiera-sa-organizeze-targul-de-craciun-din-piata-consitutiei\/#primaryimage"},"thumbnailUrl":"https:\/\/buletin.de\/bucuresti\/wp-content\/uploads\/WhatsApp-Image-2022-10-12-at-23.44.26.jpeg","articleSection":["Prim\u0103rie"],"inLanguage":"en-GB","copyrightYear":"2022","copyrightHolder":{"@id":"https:\/\/buletin.de\/bucuresti\/#organization"}},{"@type":"WebPage","@id":"https:\/\/buletin.de\/bucuresti\/companiile-private-vor-putea-in-premiera-sa-organizeze-targul-de-craciun-din-piata-consitutiei\/","url":"https:\/\/buletin.de\/bucuresti\/companiile-private-vor-putea-in-premiera-sa-organizeze-targul-de-craciun-din-piata-consitutiei\/","name":"Companiile private vor putea, \u00een premier\u0103, s\u0103 organizeze T\u00e2rgul de Cr\u0103ciun din Pia\u021ba Consitu\u021biei - Buletin de Bucure\u0219ti","isPartOf":{"@id":"https:\/\/buletin.de\/bucuresti\/#website"},"primaryImageOfPage":{"@id":"https:\/\/buletin.de\/bucuresti\/companiile-private-vor-putea-in-premiera-sa-organizeze-targul-de-craciun-din-piata-consitutiei\/#primaryimage"},"image":{"@id":"https:\/\/buletin.de\/bucuresti\/companiile-private-vor-putea-in-premiera-sa-organizeze-targul-de-craciun-din-piata-consitutiei\/#primaryimage"},"thumbnailUrl":"https:\/\/buletin.de\/bucuresti\/wp-content\/uploads\/WhatsApp-Image-2022-10-12-at-23.44.26.jpeg","datePublished":"2022-10-13T15:26:05+00:00","dateModified":"2022-10-13T15:26:06+00:00","breadcrumb":{"@id":"https:\/\/buletin.de\/bucuresti\/companiile-private-vor-putea-in-premiera-sa-organizeze-targul-de-craciun-din-piata-consitutiei\/#breadcrumb"},"inLanguage":"en-GB","potentialAction":[{"@type":"ReadAction","target":["https:\/\/buletin.de\/bucuresti\/companiile-private-vor-putea-in-premiera-sa-organizeze-targul-de-craciun-din-piata-consitutiei\/"]}]},{"@type":"ImageObject","inLanguage":"en-GB","@id":"https:\/\/buletin.de\/bucuresti\/companiile-private-vor-putea-in-premiera-sa-organizeze-targul-de-craciun-din-piata-consitutiei\/#primaryimage","url":"https:\/\/buletin.de\/bucuresti\/wp-content\/uploads\/WhatsApp-Image-2022-10-12-at-23.44.26.jpeg","contentUrl":"https:\/\/buletin.de\/bucuresti\/wp-content\/uploads\/WhatsApp-Image-2022-10-12-at-23.44.26.jpeg","width":720,"height":540},{"@type":"BreadcrumbList","@id":"https:\/\/buletin.de\/bucuresti\/companiile-private-vor-putea-in-premiera-sa-organizeze-targul-de-craciun-din-piata-consitutiei\/#breadcrumb","itemListElement":[{"@type":"ListItem","position":1,"name":"Acas\u0103","item":"https:\/\/buletin.de\/bucuresti\/"},{"@type":"ListItem","position":2,"name":"Companiile private vor putea, \u00een premier\u0103, s\u0103 organizeze T\u00e2rgul de Cr\u0103ciun din Pia\u021ba Consitu\u021biei"}]},{"@type":"WebSite","@id":"https:\/\/buletin.de\/bucuresti\/#website","url":"https:\/\/buletin.de\/bucuresti\/","name":"Buletin de Bucure\u0219ti","description":"\u0218tiri \u0219i investiga\u021bii esen\u021biale din capital\u0103","publisher":{"@id":"https:\/\/buletin.de\/bucuresti\/#organization"},"potentialAction":[{"@type":"SearchAction","target":{"@type":"EntryPoint","urlTemplate":"https:\/\/buletin.de\/bucuresti\/?s={search_term_string}"},"query-input":{"@type":"PropertyValueSpecification","valueRequired":true,"valueName":"search_term_string"}}],"inLanguage":"en-GB"},{"@type":"Organization","@id":"https:\/\/buletin.de\/bucuresti\/#organization","name":"Buletin de Bucure\u0219ti","url":"https:\/\/buletin.de\/bucuresti\/","logo":{"@type":"ImageObject","inLanguage":"en-GB","@id":"https:\/\/buletin.de\/bucuresti\/#\/schema\/logo\/image\/","url":"https:\/\/buletin.de\/bucuresti\/wp-content\/uploads\/logo-bdb-full-wide-vernil-transparent.png","contentUrl":"https:\/\/buletin.de\/bucuresti\/wp-content\/uploads\/logo-bdb-full-wide-vernil-transparent.png","width":1782,"height":626,"caption":"Buletin de Bucure\u0219ti"},"image":{"@id":"https:\/\/buletin.de\/bucuresti\/#\/schema\/logo\/image\/"},"sameAs":["https:\/\/www.facebook.com\/buletin.de.buc","https:\/\/www.instagram.com\/buletinde.bucuresti\/"]},{"@type":"Person","@id":"https:\/\/buletin.de\/bucuresti\/#\/schema\/person\/b0686d7a8b666c6afc78239777fd8a89","name":"Florin R\u00e2\u0219teiu","image":{"@type":"ImageObject","inLanguage":"en-GB","@id":"https:\/\/buletin.de\/bucuresti\/wp-content\/uploads\/Florin-Rasteiu-96x96.jpgf0a6fe28453aa12f0a60e4d0a2e3a78c","url":"https:\/\/buletin.de\/bucuresti\/wp-content\/uploads\/Florin-Rasteiu-96x96.jpg","contentUrl":"https:\/\/buletin.de\/bucuresti\/wp-content\/uploads\/Florin-Rasteiu-96x96.jpg","caption":"Florin R\u00e2\u0219teiu"},"description":"Jurnalist de investiga\u021bie. Lucreaz\u0103 de aproape 6 ani la Buletin de Bucure\u0219ti, unde a publicat articole care scot la suprafa\u021b\u0103 corup\u021bia din Capital\u0103. Analizeaz\u0103 baze de date zilnic \u0219i scoate pove\u0219ti din exceluri pline de cifre. Pune reflectorul pe adev\u0103r cu fiecare ocazie. A c\u00e2\u0219tigat premiul I la categoria Pres\u0103 Local\u0103 \u00een 2025 \u0219i locul al II-lea la aceea\u0219i categorie \u00een 2024 \u00een cadrul Premiilor Superscrieri pentru jurnalism independent.","url":"https:\/\/buletin.de\/bucuresti\/author\/florinrasteiu\/"}]}},"authors":[{"term_id":22576,"user_id":17,"is_guest":0,"slug":"florinrasteiu","display_name":"Florin R\u00e2\u0219teiu","avatar_url":"https:\/\/buletin.de\/bucuresti\/wp-content\/uploads\/Florin-Rasteiu-96x96.jpg","0":null,"1":"","2":"","3":"","4":"","5":"","6":"","7":"","8":""}],"_links":{"self":[{"href":"https:\/\/buletin.de\/bucuresti\/wp-json\/wp\/v2\/posts\/47324","targetHints":{"allow":["GET"]}}],"collection":[{"href":"https:\/\/buletin.de\/bucuresti\/wp-json\/wp\/v2\/posts"}],"about":[{"href":"https:\/\/buletin.de\/bucuresti\/wp-json\/wp\/v2\/types\/post"}],"author":[{"embeddable":true,"href":"https:\/\/buletin.de\/bucuresti\/wp-json\/wp\/v2\/users\/17"}],"replies":[{"embeddable":true,"href":"https:\/\/buletin.de\/bucuresti\/wp-json\/wp\/v2\/comments?post=47324"}],"version-history":[{"count":2,"href":"https:\/\/buletin.de\/bucuresti\/wp-json\/wp\/v2\/posts\/47324\/revisions"}],"predecessor-version":[{"id":47327,"href":"https:\/\/buletin.de\/bucuresti\/wp-json\/wp\/v2\/posts\/47324\/revisions\/47327"}],"wp:featuredmedia":[{"embeddable":true,"href":"https:\/\/buletin.de\/bucuresti\/wp-json\/wp\/v2\/media\/47325"}],"wp:attachment":[{"href":"https:\/\/buletin.de\/bucuresti\/wp-json\/wp\/v2\/media?parent=47324"}],"wp:term":[{"taxonomy":"category","embeddable":true,"href":"https:\/\/buletin.de\/bucuresti\/wp-json\/wp\/v2\/categories?post=47324"},{"taxonomy":"post_tag","embeddable":true,"href":"https:\/\/buletin.de\/bucuresti\/wp-json\/wp\/v2\/tags?post=47324"},{"taxonomy":"author","embeddable":true,"href":"https:\/\/buletin.de\/bucuresti\/wp-json\/wp\/v2\/ppma_author?post=47324"}],"curies":[{"name":"wp","href":"https:\/\/api.w.org\/{rel}","templated":true}]}}