{"id":47305,"date":"2022-10-14T08:00:07","date_gmt":"2022-10-14T06:00:07","guid":{"rendered":"https:\/\/buletin.de\/bucuresti\/?p=47305"},"modified":"2022-10-14T08:01:40","modified_gmt":"2022-10-14T06:01:40","slug":"caragiale-ar-fi-invidios-primaria-mogosoaia-someaza-proprietarului-unui-teren-sa-l-imprejmuiasca-si-sa-l-igienizeze-proprietarul-e-chiar-primaria","status":"publish","type":"post","link":"https:\/\/buletin.de\/bucuresti\/caragiale-ar-fi-invidios-primaria-mogosoaia-someaza-proprietarului-unui-teren-sa-l-imprejmuiasca-si-sa-l-igienizeze-proprietarul-e-chiar-primaria\/","title":{"rendered":"Caragiale ar fi invidios. Prim\u0103ria Mogo\u0219oaia someaz\u0103 proprietarului unui teren s\u0103-l \u00eemprejmuiasc\u0103 \u0219i s\u0103-l igienizeze. Proprietarul e chiar Prim\u0103ria"},"content":{"rendered":"\n<p><strong>Un depozit ilegal de materiale de construc\u021bii de pe un teren din intravilanul comunei Mogo\u0219oaia a generat o situa\u021bie demn\u0103 de piesele lui Caragiale. Dup\u0103 controalele G\u0103rzii de Mediu \u0219i Direc\u021biei de S\u0103n\u0103tate Public\u0103, Prim\u0103ria a transmis c\u0103 a luat m\u0103suri \u0219i c\u0103 proprietarul terenului cu pricina a fost notificat s\u0103 igienizeze \u0219i s\u0103 \u00eemprejmuiasc\u0103 terenul. Ba mai mult, prim\u0103ria recunoa\u0219te c\u0103 situa\u021bia e repetabil\u0103, din vina oamenilor. Ce a omis Prim\u0103ria s\u0103 men\u021bioneze \u00een adresele c\u0103tre cele 2 institu\u021bii de control este c\u0103, terenul cu pricina \u00eei apar\u021bine. <\/strong><\/p>\n\n\n\n<p>Luna trecut\u0103, un locuitor din Mogo\u0219oaia a sesizat Garda de Mediu \u0219i DSP Ilfov c\u0103 pe un teren din intravilanul comunei Mogo\u0219oaia s-a \u00eenfiin\u021bat o groap\u0103 ilegal\u0103 de de\u0219euri, majoritatea din construc\u021bii. Omul se pl\u00e2ngea de disconfortul creat de mizeria \u00eempr\u0103\u0219tiat\u0103 pe c\u00e2mp. Mai mult, terenul cu pricina se afl\u0103 chiar l\u00e2ng\u0103 sta\u021bia de ap\u0103 a comunei. <\/p>\n\n\n\n<p>Inspectorii celor dou\u0103 institu\u021bii au descins \u00een comun\u0103, au identificat terenul, prin num\u0103r cadastral, \u0219i i-au r\u0103spuns peti\u021bionarului. Prim\u0103ria \u0219tie de existen\u021ba depozitului ilegal, va lua m\u0103suri \u0219i a notificat proprietarul.<\/p>\n\n\n\n<p>\u00cen adresa de r\u0103spuns transmis\u0103 de DSP peti\u021bionarului, se men\u021bioneaz\u0103 ce informa\u021bii a primit institu\u021bia de la Prim\u0103ria Mogo\u0219oaia.<\/p>\n\n\n\n<div class=\"wp-block-media-text alignwide is-stacked-on-mobile\"><figure class=\"wp-block-media-text__media\"><img fetchpriority=\"high\" decoding=\"async\" width=\"506\" height=\"251\" src=\"data:image\/gif;base64,R0lGODlhAQABAAAAACH5BAEKAAEALAAAAAABAAEAAAICTAEAOw==\" data-src=\"https:\/\/buletin.de\/bucuresti\/wp-content\/uploads\/image-1333.png\" alt=\"\" class=\"wp-image-47311 size-full lazyload\" data-sizes=\"auto\" data-srcset=\"https:\/\/buletin.de\/bucuresti\/wp-content\/uploads\/image-1333.png 506w, https:\/\/buletin.de\/bucuresti\/wp-content\/uploads\/image-1333-300x149.png 300w\" sizes=\"(max-width: 506px) 100vw, 506px\" \/><\/figure><div class=\"wp-block-media-text__content\">\n<p style=\"font-size:15px\"><em>La adresa indicat\u0103 ni s-a comunicat c\u0103 proprietatea este <\/em><strong><em>\u00een domeniul privat<\/em>,<\/strong><em> este cunoscut\u0103 de c\u0103tre responsabilii de mediu din prim\u0103rie \u0219i \u00eencep\u00e2nd \u00eenc\u0103 din luna martie a.c. au fost derulate opera\u021biuni de igienizare \u00een repetate r\u00e2nduri, pe cheltuiala prim\u0103riei Mogo\u0219oaia. Din p\u0103cate situa\u021bia este repetabil\u0103, verificare \u00een teren identific\u00e2nd post factum situa\u021bia generat\u0103 de cet\u0103\u021beii localit\u0103\u021bii. <\/em><strong><em>S-a emis notificare c\u0103tre proprietarul terenului cu scopul \u00eenchiderii perimetrale \u0219i a igieniz\u0103rii terenului \u00een discu\u021bie.<\/em><\/strong><br><em>Starea de igien\u0103 a terenului este \u00een prezent regelementat\u0103, urm\u00e2nd s\u0103 fie \u00een aten\u021bia constant\u0103 a respobsabililor din prim\u0103ria Mogo\u0219oaia.<\/em><\/p>\n<\/div><\/div>\n\n\n\n<h2 class=\"wp-block-heading\">Cine e proprietarul?<\/h2>\n\n\n\n<p>\u00cen adresa trimis\u0103 de DSP peti\u021bionarului se men\u021bioneaz\u0103 \u0219i num\u0103rul cadastral al terenului cu pricina, 61807. Am cerut la Oficiul de Cadastru cartea funciar\u0103 a terenului cu pricina \u0219i supriz\u0103, terenul apar\u021bine Prim\u0103riei Mogo\u0219oaia.<\/p>\n\n\n\n<figure class=\"wp-block-image size-full\"><img decoding=\"async\" width=\"710\" height=\"414\" src=\"data:image\/gif;base64,R0lGODlhAQABAAAAACH5BAEKAAEALAAAAAABAAEAAAICTAEAOw==\" data-src=\"https:\/\/buletin.de\/bucuresti\/wp-content\/uploads\/image-1334.png\" alt=\"\" class=\"wp-image-47313 lazyload\" data-sizes=\"auto\" data-srcset=\"https:\/\/buletin.de\/bucuresti\/wp-content\/uploads\/image-1334.png 710w, https:\/\/buletin.de\/bucuresti\/wp-content\/uploads\/image-1334-300x175.png 300w, https:\/\/buletin.de\/bucuresti\/wp-content\/uploads\/image-1334-550x321.png 550w, https:\/\/buletin.de\/bucuresti\/wp-content\/uploads\/image-1334-600x350.png 600w\" sizes=\"(max-width: 710px) 100vw, 710px\" \/><\/figure>\n\n\n\n<p>C\u00e2t despre igienizarea f\u0103cut\u0103, fotografii f\u0103cute ieri la fa\u021ba locului arat\u0103 c\u0103 lucrurile nu stau deloc a\u0219a cum a raportat Prim\u0103ria c\u0103tre DSP Iflov<\/p>\n\n\n\n<div aria-label=\"Carousel Gallery\" class=\"wp-block-coblocks-gallery-carousel\"><div class=\"coblocks-gallery-carousel-swiper-container is-cropped coblocks-gallery has-no-alignment has-caption-style-dark has-horizontal-gutter has-no-thumbnails\"><div class=\"has-carousel has-carousel-lrg swiper-container\" data-swiper=\"{&quot;alignCells&quot;:false,&quot;autoPlay&quot;:false,&quot;autoPlaySpeed&quot;:3000,&quot;draggable&quot;:true,&quot;freeScroll&quot;:false,&quot;loop&quot;:false,&quot;navigation&quot;:true,&quot;pageDots&quot;:false,&quot;pauseHover&quot;:false,&quot;responsiveHeight&quot;:false,&quot;slidesPerView&quot;:2,&quot;thumbnails&quot;:false,&quot;uuid&quot;:&quot;12345&quot;}\" id=\"12345\" style=\"height:400px\"><div class=\"swiper-wrapper\"><div class=\"swiper-slide\"><div class=\"coblocks-gallery--item\" role=\"button\" tabindex=\"0\"><figure class=\"coblocks-gallery--figure has-margin-left-5 has-margin-left-mobile-5 has-margin-right-5 has-margin-right-mobile-5\"><img decoding=\"async\" width=\"900\" height=\"675\" alt=\"\" class=\"wp-image-47319 lazyload\" data-id=\"47319\" src=\"data:image\/gif;base64,R0lGODlhAQABAAAAACH5BAEKAAEALAAAAAABAAEAAAICTAEAOw==\" data-src=\"https:\/\/buletin.de\/bucuresti\/wp-content\/uploads\/2-16-900x675.jpg\" data-sizes=\"auto\" data-srcset=\"https:\/\/buletin.de\/bucuresti\/wp-content\/uploads\/2-16-900x675.jpg 900w, https:\/\/buletin.de\/bucuresti\/wp-content\/uploads\/2-16-300x225.jpg 300w, https:\/\/buletin.de\/bucuresti\/wp-content\/uploads\/2-16-768x576.jpg 768w, https:\/\/buletin.de\/bucuresti\/wp-content\/uploads\/2-16-1536x1152.jpg 1536w, https:\/\/buletin.de\/bucuresti\/wp-content\/uploads\/2-16-1060x795.jpg 1060w, https:\/\/buletin.de\/bucuresti\/wp-content\/uploads\/2-16-550x413.jpg 550w, https:\/\/buletin.de\/bucuresti\/wp-content\/uploads\/2-16-667x500.jpg 667w, https:\/\/buletin.de\/bucuresti\/wp-content\/uploads\/2-16-1440x1080.jpg 1440w, https:\/\/buletin.de\/bucuresti\/wp-content\/uploads\/2-16-600x450.jpg 600w, https:\/\/buletin.de\/bucuresti\/wp-content\/uploads\/2-16.jpg 1600w\" sizes=\"(max-width: 900px) 100vw, 900px\" \/><\/figure><figcaption class=\"coblocks-gallery--caption coblocks-gallery--primary-caption\"><\/figcaption><\/div><\/div><div class=\"swiper-slide\"><div class=\"coblocks-gallery--item\" role=\"button\" tabindex=\"1\"><figure class=\"coblocks-gallery--figure has-margin-left-5 has-margin-left-mobile-5 has-margin-right-5 has-margin-right-mobile-5\"><img loading=\"lazy\" decoding=\"async\" width=\"900\" height=\"675\" alt=\"\" class=\"wp-image-47321 lazyload\" data-id=\"47321\" data-link=\"https:\/\/buletin.de\/bucuresti\/?attachment_id=47321\" src=\"data:image\/gif;base64,R0lGODlhAQABAAAAACH5BAEKAAEALAAAAAABAAEAAAICTAEAOw==\" data-src=\"https:\/\/buletin.de\/bucuresti\/wp-content\/uploads\/1-26-900x675.jpg\" data-sizes=\"auto\" data-srcset=\"https:\/\/buletin.de\/bucuresti\/wp-content\/uploads\/1-26-900x675.jpg 900w, https:\/\/buletin.de\/bucuresti\/wp-content\/uploads\/1-26-300x225.jpg 300w, https:\/\/buletin.de\/bucuresti\/wp-content\/uploads\/1-26-768x576.jpg 768w, https:\/\/buletin.de\/bucuresti\/wp-content\/uploads\/1-26-1536x1152.jpg 1536w, https:\/\/buletin.de\/bucuresti\/wp-content\/uploads\/1-26-1060x795.jpg 1060w, https:\/\/buletin.de\/bucuresti\/wp-content\/uploads\/1-26-550x413.jpg 550w, https:\/\/buletin.de\/bucuresti\/wp-content\/uploads\/1-26-667x500.jpg 667w, https:\/\/buletin.de\/bucuresti\/wp-content\/uploads\/1-26-1440x1080.jpg 1440w, https:\/\/buletin.de\/bucuresti\/wp-content\/uploads\/1-26-600x450.jpg 600w, https:\/\/buletin.de\/bucuresti\/wp-content\/uploads\/1-26.jpg 1600w\" sizes=\"(max-width: 900px) 100vw, 900px\" \/><\/figure><figcaption class=\"coblocks-gallery--caption coblocks-gallery--primary-caption\"><\/figcaption><\/div><\/div><\/div><button class=\"nav-button__prev\" id=\"12345-prev\"><svg class=\"icon\" style=\"transform:rotate(180deg)\"><\/svg><\/button><button class=\"nav-button__next\" id=\"12345-next\"><svg class=\"icon\"><\/svg><\/button><\/div><\/div><\/div>\n\n\n\n<p><\/p>\n","protected":false},"excerpt":{"rendered":"<p>Un depozit ilegal de materiale de construc\u021bii de pe un teren din intravilanul comunei Mogo\u0219oaia a generat o situa\u021bie demn\u0103 de piesele lui Caragiale. Dup\u0103 controalele G\u0103rzii de Mediu \u0219i Direc\u021biei de S\u0103n\u0103tate Public\u0103, Prim\u0103ria a transmis c\u0103 a luat m\u0103suri \u0219i c\u0103 proprietarul terenului cu pricina a fost notificat s\u0103 igienizeze \u0219i s\u0103 \u00eemprejmuiasc\u0103 [&hellip;]<\/p>\n","protected":false},"author":18,"featured_media":47330,"comment_status":"closed","ping_status":"open","sticky":false,"template":"","format":"standard","meta":{"_acf_changed":false,"inline_featured_image":false,"ngg_post_thumbnail":0,"footnotes":""},"categories":[3419,62],"tags":[3563,35,351],"ppma_author":[22579],"class_list":["post-47305","post","type-post","status-publish","format-standard","has-post-thumbnail","hentry","category-featured","category-stiri","tag-mogosoaia-2","tag-primarie","tag-teren"],"acf":[],"yoast_head":"<!-- This site is optimized with the Yoast SEO Premium plugin v25.3 (Yoast SEO v27.5) - https:\/\/yoast.com\/product\/yoast-seo-premium-wordpress\/ -->\n<title>Caragiale ar fi invidios. Prim\u0103ria Mogo\u0219oaia someaz\u0103 proprietarului unui teren s\u0103-l \u00eemprejmuiasc\u0103 \u0219i s\u0103-l igienizeze. Proprietarul e chiar Prim\u0103ria - Buletin de Bucure\u0219ti<\/title>\n<meta name=\"robots\" content=\"index, follow, max-snippet:-1, max-image-preview:large, max-video-preview:-1\" \/>\n<link rel=\"canonical\" href=\"https:\/\/buletin.de\/bucuresti\/caragiale-ar-fi-invidios-primaria-mogosoaia-someaza-proprietarului-unui-teren-sa-l-imprejmuiasca-si-sa-l-igienizeze-proprietarul-e-chiar-primaria\/\" \/>\n<meta property=\"og:locale\" content=\"en_GB\" \/>\n<meta property=\"og:type\" content=\"article\" \/>\n<meta property=\"og:title\" content=\"Caragiale ar fi invidios. Prim\u0103ria Mogo\u0219oaia someaz\u0103 proprietarului unui teren s\u0103-l \u00eemprejmuiasc\u0103 \u0219i s\u0103-l igienizeze. Proprietarul e chiar Prim\u0103ria\" \/>\n<meta property=\"og:description\" content=\"Un depozit ilegal de materiale de construc\u021bii de pe un teren din intravilanul comunei Mogo\u0219oaia a generat o situa\u021bie demn\u0103 de piesele lui Caragiale. Dup\u0103 controalele G\u0103rzii de Mediu \u0219i Direc\u021biei de S\u0103n\u0103tate Public\u0103, Prim\u0103ria a transmis c\u0103 a luat m\u0103suri \u0219i c\u0103 proprietarul terenului cu pricina a fost notificat s\u0103 igienizeze \u0219i s\u0103 \u00eemprejmuiasc\u0103 [&hellip;]\" \/>\n<meta property=\"og:url\" content=\"https:\/\/buletin.de\/bucuresti\/caragiale-ar-fi-invidios-primaria-mogosoaia-someaza-proprietarului-unui-teren-sa-l-imprejmuiasca-si-sa-l-igienizeze-proprietarul-e-chiar-primaria\/\" \/>\n<meta property=\"og:site_name\" content=\"Buletin de Bucure\u0219ti\" \/>\n<meta property=\"article:publisher\" content=\"https:\/\/www.facebook.com\/buletin.de.buc\" \/>\n<meta property=\"article:published_time\" content=\"2022-10-14T06:00:07+00:00\" \/>\n<meta property=\"article:modified_time\" content=\"2022-10-14T06:01:40+00:00\" \/>\n<meta property=\"og:image\" content=\"https:\/\/buletin.de\/bucuresti\/wp-content\/uploads\/CA93C139-08D4-4F23-8461-32EA8AE341AF.jpeg\" \/>\n\t<meta property=\"og:image:width\" content=\"1600\" \/>\n\t<meta property=\"og:image:height\" content=\"1200\" \/>\n\t<meta property=\"og:image:type\" content=\"image\/jpeg\" \/>\n<meta name=\"author\" content=\"Teodora Stroe\" \/>\n<meta name=\"twitter:card\" content=\"summary_large_image\" \/>\n<meta name=\"twitter:label1\" content=\"Written by\" \/>\n\t<meta name=\"twitter:data1\" content=\"Teodora Stroe\" \/>\n\t<meta name=\"twitter:label2\" content=\"Estimated reading time\" \/>\n\t<meta name=\"twitter:data2\" content=\"3 minutes\" \/>\n<script type=\"application\/ld+json\" class=\"yoast-schema-graph\">{\"@context\":\"https:\\\/\\\/schema.org\",\"@graph\":[{\"@type\":\"Article\",\"@id\":\"https:\\\/\\\/buletin.de\\\/bucuresti\\\/caragiale-ar-fi-invidios-primaria-mogosoaia-someaza-proprietarului-unui-teren-sa-l-imprejmuiasca-si-sa-l-igienizeze-proprietarul-e-chiar-primaria\\\/#article\",\"isPartOf\":{\"@id\":\"https:\\\/\\\/buletin.de\\\/bucuresti\\\/caragiale-ar-fi-invidios-primaria-mogosoaia-someaza-proprietarului-unui-teren-sa-l-imprejmuiasca-si-sa-l-igienizeze-proprietarul-e-chiar-primaria\\\/\"},\"author\":{\"name\":\"Teodora Stroe\",\"@id\":\"https:\\\/\\\/buletin.de\\\/bucuresti\\\/#\\\/schema\\\/person\\\/d369d7ddc775abece205795e0b804614\"},\"headline\":\"Caragiale ar fi invidios. Prim\u0103ria Mogo\u0219oaia someaz\u0103 proprietarului unui teren s\u0103-l \u00eemprejmuiasc\u0103 \u0219i s\u0103-l igienizeze. Proprietarul e chiar Prim\u0103ria\",\"datePublished\":\"2022-10-14T06:00:07+00:00\",\"dateModified\":\"2022-10-14T06:01:40+00:00\",\"mainEntityOfPage\":{\"@id\":\"https:\\\/\\\/buletin.de\\\/bucuresti\\\/caragiale-ar-fi-invidios-primaria-mogosoaia-someaza-proprietarului-unui-teren-sa-l-imprejmuiasca-si-sa-l-igienizeze-proprietarul-e-chiar-primaria\\\/\"},\"wordCount\":447,\"publisher\":{\"@id\":\"https:\\\/\\\/buletin.de\\\/bucuresti\\\/#organization\"},\"image\":{\"@id\":\"https:\\\/\\\/buletin.de\\\/bucuresti\\\/caragiale-ar-fi-invidios-primaria-mogosoaia-someaza-proprietarului-unui-teren-sa-l-imprejmuiasca-si-sa-l-igienizeze-proprietarul-e-chiar-primaria\\\/#primaryimage\"},\"thumbnailUrl\":\"https:\\\/\\\/buletin.de\\\/bucuresti\\\/wp-content\\\/uploads\\\/CA93C139-08D4-4F23-8461-32EA8AE341AF.jpeg\",\"keywords\":[\"mogosoaia\",\"primarie\",\"teren\"],\"articleSection\":[\"Featured\",\"\u0218tiri\"],\"inLanguage\":\"en-GB\",\"copyrightYear\":\"2022\",\"copyrightHolder\":{\"@id\":\"https:\\\/\\\/buletin.de\\\/bucuresti\\\/#organization\"}},{\"@type\":\"WebPage\",\"@id\":\"https:\\\/\\\/buletin.de\\\/bucuresti\\\/caragiale-ar-fi-invidios-primaria-mogosoaia-someaza-proprietarului-unui-teren-sa-l-imprejmuiasca-si-sa-l-igienizeze-proprietarul-e-chiar-primaria\\\/\",\"url\":\"https:\\\/\\\/buletin.de\\\/bucuresti\\\/caragiale-ar-fi-invidios-primaria-mogosoaia-someaza-proprietarului-unui-teren-sa-l-imprejmuiasca-si-sa-l-igienizeze-proprietarul-e-chiar-primaria\\\/\",\"name\":\"Caragiale ar fi invidios. Prim\u0103ria Mogo\u0219oaia someaz\u0103 proprietarului unui teren s\u0103-l \u00eemprejmuiasc\u0103 \u0219i s\u0103-l igienizeze. Proprietarul e chiar Prim\u0103ria - Buletin de Bucure\u0219ti\",\"isPartOf\":{\"@id\":\"https:\\\/\\\/buletin.de\\\/bucuresti\\\/#website\"},\"primaryImageOfPage\":{\"@id\":\"https:\\\/\\\/buletin.de\\\/bucuresti\\\/caragiale-ar-fi-invidios-primaria-mogosoaia-someaza-proprietarului-unui-teren-sa-l-imprejmuiasca-si-sa-l-igienizeze-proprietarul-e-chiar-primaria\\\/#primaryimage\"},\"image\":{\"@id\":\"https:\\\/\\\/buletin.de\\\/bucuresti\\\/caragiale-ar-fi-invidios-primaria-mogosoaia-someaza-proprietarului-unui-teren-sa-l-imprejmuiasca-si-sa-l-igienizeze-proprietarul-e-chiar-primaria\\\/#primaryimage\"},\"thumbnailUrl\":\"https:\\\/\\\/buletin.de\\\/bucuresti\\\/wp-content\\\/uploads\\\/CA93C139-08D4-4F23-8461-32EA8AE341AF.jpeg\",\"datePublished\":\"2022-10-14T06:00:07+00:00\",\"dateModified\":\"2022-10-14T06:01:40+00:00\",\"breadcrumb\":{\"@id\":\"https:\\\/\\\/buletin.de\\\/bucuresti\\\/caragiale-ar-fi-invidios-primaria-mogosoaia-someaza-proprietarului-unui-teren-sa-l-imprejmuiasca-si-sa-l-igienizeze-proprietarul-e-chiar-primaria\\\/#breadcrumb\"},\"inLanguage\":\"en-GB\",\"potentialAction\":[{\"@type\":\"ReadAction\",\"target\":[\"https:\\\/\\\/buletin.de\\\/bucuresti\\\/caragiale-ar-fi-invidios-primaria-mogosoaia-someaza-proprietarului-unui-teren-sa-l-imprejmuiasca-si-sa-l-igienizeze-proprietarul-e-chiar-primaria\\\/\"]}]},{\"@type\":\"ImageObject\",\"inLanguage\":\"en-GB\",\"@id\":\"https:\\\/\\\/buletin.de\\\/bucuresti\\\/caragiale-ar-fi-invidios-primaria-mogosoaia-someaza-proprietarului-unui-teren-sa-l-imprejmuiasca-si-sa-l-igienizeze-proprietarul-e-chiar-primaria\\\/#primaryimage\",\"url\":\"https:\\\/\\\/buletin.de\\\/bucuresti\\\/wp-content\\\/uploads\\\/CA93C139-08D4-4F23-8461-32EA8AE341AF.jpeg\",\"contentUrl\":\"https:\\\/\\\/buletin.de\\\/bucuresti\\\/wp-content\\\/uploads\\\/CA93C139-08D4-4F23-8461-32EA8AE341AF.jpeg\",\"width\":1600,\"height\":1200},{\"@type\":\"BreadcrumbList\",\"@id\":\"https:\\\/\\\/buletin.de\\\/bucuresti\\\/caragiale-ar-fi-invidios-primaria-mogosoaia-someaza-proprietarului-unui-teren-sa-l-imprejmuiasca-si-sa-l-igienizeze-proprietarul-e-chiar-primaria\\\/#breadcrumb\",\"itemListElement\":[{\"@type\":\"ListItem\",\"position\":1,\"name\":\"Acas\u0103\",\"item\":\"https:\\\/\\\/buletin.de\\\/bucuresti\\\/\"},{\"@type\":\"ListItem\",\"position\":2,\"name\":\"Caragiale ar fi invidios. Prim\u0103ria Mogo\u0219oaia someaz\u0103 proprietarului unui teren s\u0103-l \u00eemprejmuiasc\u0103 \u0219i s\u0103-l igienizeze. Proprietarul e chiar Prim\u0103ria\"}]},{\"@type\":\"WebSite\",\"@id\":\"https:\\\/\\\/buletin.de\\\/bucuresti\\\/#website\",\"url\":\"https:\\\/\\\/buletin.de\\\/bucuresti\\\/\",\"name\":\"Buletin de Bucure\u0219ti\",\"description\":\"\u0218tiri \u0219i investiga\u021bii esen\u021biale din capital\u0103\",\"publisher\":{\"@id\":\"https:\\\/\\\/buletin.de\\\/bucuresti\\\/#organization\"},\"potentialAction\":[{\"@type\":\"SearchAction\",\"target\":{\"@type\":\"EntryPoint\",\"urlTemplate\":\"https:\\\/\\\/buletin.de\\\/bucuresti\\\/?s={search_term_string}\"},\"query-input\":{\"@type\":\"PropertyValueSpecification\",\"valueRequired\":true,\"valueName\":\"search_term_string\"}}],\"inLanguage\":\"en-GB\"},{\"@type\":\"Organization\",\"@id\":\"https:\\\/\\\/buletin.de\\\/bucuresti\\\/#organization\",\"name\":\"Buletin de Bucure\u0219ti\",\"url\":\"https:\\\/\\\/buletin.de\\\/bucuresti\\\/\",\"logo\":{\"@type\":\"ImageObject\",\"inLanguage\":\"en-GB\",\"@id\":\"https:\\\/\\\/buletin.de\\\/bucuresti\\\/#\\\/schema\\\/logo\\\/image\\\/\",\"url\":\"https:\\\/\\\/buletin.de\\\/bucuresti\\\/wp-content\\\/uploads\\\/logo-bdb-full-wide-vernil-transparent.png\",\"contentUrl\":\"https:\\\/\\\/buletin.de\\\/bucuresti\\\/wp-content\\\/uploads\\\/logo-bdb-full-wide-vernil-transparent.png\",\"width\":1782,\"height\":626,\"caption\":\"Buletin de Bucure\u0219ti\"},\"image\":{\"@id\":\"https:\\\/\\\/buletin.de\\\/bucuresti\\\/#\\\/schema\\\/logo\\\/image\\\/\"},\"sameAs\":[\"https:\\\/\\\/www.facebook.com\\\/buletin.de.buc\",\"https:\\\/\\\/www.instagram.com\\\/buletinde.bucuresti\\\/\"]},{\"@type\":\"Person\",\"@id\":\"https:\\\/\\\/buletin.de\\\/bucuresti\\\/#\\\/schema\\\/person\\\/d369d7ddc775abece205795e0b804614\",\"name\":\"Teodora Stroe\",\"image\":{\"@type\":\"ImageObject\",\"inLanguage\":\"en-GB\",\"@id\":\"https:\\\/\\\/secure.gravatar.com\\\/avatar\\\/2560b4cd9f5f1bc100b123158e657d75584bd1c3e1d9c69285720b9457c1b78d?s=96&d=monsterid&r=gc104800242ba5f2d78dd5d7dc4df08b6\",\"url\":\"https:\\\/\\\/secure.gravatar.com\\\/avatar\\\/2560b4cd9f5f1bc100b123158e657d75584bd1c3e1d9c69285720b9457c1b78d?s=96&d=monsterid&r=g\",\"contentUrl\":\"https:\\\/\\\/secure.gravatar.com\\\/avatar\\\/2560b4cd9f5f1bc100b123158e657d75584bd1c3e1d9c69285720b9457c1b78d?s=96&d=monsterid&r=g\",\"caption\":\"Teodora Stroe\"},\"url\":\"https:\\\/\\\/buletin.de\\\/bucuresti\\\/author\\\/simonacarlugea\\\/\"}]}<\/script>\n<!-- \/ Yoast SEO Premium plugin. -->","yoast_head_json":{"title":"Caragiale ar fi invidios. Prim\u0103ria Mogo\u0219oaia someaz\u0103 proprietarului unui teren s\u0103-l \u00eemprejmuiasc\u0103 \u0219i s\u0103-l igienizeze. Proprietarul e chiar Prim\u0103ria - Buletin de Bucure\u0219ti","robots":{"index":"index","follow":"follow","max-snippet":"max-snippet:-1","max-image-preview":"max-image-preview:large","max-video-preview":"max-video-preview:-1"},"canonical":"https:\/\/buletin.de\/bucuresti\/caragiale-ar-fi-invidios-primaria-mogosoaia-someaza-proprietarului-unui-teren-sa-l-imprejmuiasca-si-sa-l-igienizeze-proprietarul-e-chiar-primaria\/","og_locale":"en_GB","og_type":"article","og_title":"Caragiale ar fi invidios. Prim\u0103ria Mogo\u0219oaia someaz\u0103 proprietarului unui teren s\u0103-l \u00eemprejmuiasc\u0103 \u0219i s\u0103-l igienizeze. Proprietarul e chiar Prim\u0103ria","og_description":"Un depozit ilegal de materiale de construc\u021bii de pe un teren din intravilanul comunei Mogo\u0219oaia a generat o situa\u021bie demn\u0103 de piesele lui Caragiale. Dup\u0103 controalele G\u0103rzii de Mediu \u0219i Direc\u021biei de S\u0103n\u0103tate Public\u0103, Prim\u0103ria a transmis c\u0103 a luat m\u0103suri \u0219i c\u0103 proprietarul terenului cu pricina a fost notificat s\u0103 igienizeze \u0219i s\u0103 \u00eemprejmuiasc\u0103 [&hellip;]","og_url":"https:\/\/buletin.de\/bucuresti\/caragiale-ar-fi-invidios-primaria-mogosoaia-someaza-proprietarului-unui-teren-sa-l-imprejmuiasca-si-sa-l-igienizeze-proprietarul-e-chiar-primaria\/","og_site_name":"Buletin de Bucure\u0219ti","article_publisher":"https:\/\/www.facebook.com\/buletin.de.buc","article_published_time":"2022-10-14T06:00:07+00:00","article_modified_time":"2022-10-14T06:01:40+00:00","og_image":[{"width":1600,"height":1200,"url":"https:\/\/buletin.de\/bucuresti\/wp-content\/uploads\/CA93C139-08D4-4F23-8461-32EA8AE341AF.jpeg","type":"image\/jpeg"}],"author":"Teodora Stroe","twitter_card":"summary_large_image","twitter_misc":{"Written by":"Teodora Stroe","Estimated reading time":"3 minutes"},"schema":{"@context":"https:\/\/schema.org","@graph":[{"@type":"Article","@id":"https:\/\/buletin.de\/bucuresti\/caragiale-ar-fi-invidios-primaria-mogosoaia-someaza-proprietarului-unui-teren-sa-l-imprejmuiasca-si-sa-l-igienizeze-proprietarul-e-chiar-primaria\/#article","isPartOf":{"@id":"https:\/\/buletin.de\/bucuresti\/caragiale-ar-fi-invidios-primaria-mogosoaia-someaza-proprietarului-unui-teren-sa-l-imprejmuiasca-si-sa-l-igienizeze-proprietarul-e-chiar-primaria\/"},"author":{"name":"Teodora Stroe","@id":"https:\/\/buletin.de\/bucuresti\/#\/schema\/person\/d369d7ddc775abece205795e0b804614"},"headline":"Caragiale ar fi invidios. Prim\u0103ria Mogo\u0219oaia someaz\u0103 proprietarului unui teren s\u0103-l \u00eemprejmuiasc\u0103 \u0219i s\u0103-l igienizeze. Proprietarul e chiar Prim\u0103ria","datePublished":"2022-10-14T06:00:07+00:00","dateModified":"2022-10-14T06:01:40+00:00","mainEntityOfPage":{"@id":"https:\/\/buletin.de\/bucuresti\/caragiale-ar-fi-invidios-primaria-mogosoaia-someaza-proprietarului-unui-teren-sa-l-imprejmuiasca-si-sa-l-igienizeze-proprietarul-e-chiar-primaria\/"},"wordCount":447,"publisher":{"@id":"https:\/\/buletin.de\/bucuresti\/#organization"},"image":{"@id":"https:\/\/buletin.de\/bucuresti\/caragiale-ar-fi-invidios-primaria-mogosoaia-someaza-proprietarului-unui-teren-sa-l-imprejmuiasca-si-sa-l-igienizeze-proprietarul-e-chiar-primaria\/#primaryimage"},"thumbnailUrl":"https:\/\/buletin.de\/bucuresti\/wp-content\/uploads\/CA93C139-08D4-4F23-8461-32EA8AE341AF.jpeg","keywords":["mogosoaia","primarie","teren"],"articleSection":["Featured","\u0218tiri"],"inLanguage":"en-GB","copyrightYear":"2022","copyrightHolder":{"@id":"https:\/\/buletin.de\/bucuresti\/#organization"}},{"@type":"WebPage","@id":"https:\/\/buletin.de\/bucuresti\/caragiale-ar-fi-invidios-primaria-mogosoaia-someaza-proprietarului-unui-teren-sa-l-imprejmuiasca-si-sa-l-igienizeze-proprietarul-e-chiar-primaria\/","url":"https:\/\/buletin.de\/bucuresti\/caragiale-ar-fi-invidios-primaria-mogosoaia-someaza-proprietarului-unui-teren-sa-l-imprejmuiasca-si-sa-l-igienizeze-proprietarul-e-chiar-primaria\/","name":"Caragiale ar fi invidios. Prim\u0103ria Mogo\u0219oaia someaz\u0103 proprietarului unui teren s\u0103-l \u00eemprejmuiasc\u0103 \u0219i s\u0103-l igienizeze. Proprietarul e chiar Prim\u0103ria - Buletin de Bucure\u0219ti","isPartOf":{"@id":"https:\/\/buletin.de\/bucuresti\/#website"},"primaryImageOfPage":{"@id":"https:\/\/buletin.de\/bucuresti\/caragiale-ar-fi-invidios-primaria-mogosoaia-someaza-proprietarului-unui-teren-sa-l-imprejmuiasca-si-sa-l-igienizeze-proprietarul-e-chiar-primaria\/#primaryimage"},"image":{"@id":"https:\/\/buletin.de\/bucuresti\/caragiale-ar-fi-invidios-primaria-mogosoaia-someaza-proprietarului-unui-teren-sa-l-imprejmuiasca-si-sa-l-igienizeze-proprietarul-e-chiar-primaria\/#primaryimage"},"thumbnailUrl":"https:\/\/buletin.de\/bucuresti\/wp-content\/uploads\/CA93C139-08D4-4F23-8461-32EA8AE341AF.jpeg","datePublished":"2022-10-14T06:00:07+00:00","dateModified":"2022-10-14T06:01:40+00:00","breadcrumb":{"@id":"https:\/\/buletin.de\/bucuresti\/caragiale-ar-fi-invidios-primaria-mogosoaia-someaza-proprietarului-unui-teren-sa-l-imprejmuiasca-si-sa-l-igienizeze-proprietarul-e-chiar-primaria\/#breadcrumb"},"inLanguage":"en-GB","potentialAction":[{"@type":"ReadAction","target":["https:\/\/buletin.de\/bucuresti\/caragiale-ar-fi-invidios-primaria-mogosoaia-someaza-proprietarului-unui-teren-sa-l-imprejmuiasca-si-sa-l-igienizeze-proprietarul-e-chiar-primaria\/"]}]},{"@type":"ImageObject","inLanguage":"en-GB","@id":"https:\/\/buletin.de\/bucuresti\/caragiale-ar-fi-invidios-primaria-mogosoaia-someaza-proprietarului-unui-teren-sa-l-imprejmuiasca-si-sa-l-igienizeze-proprietarul-e-chiar-primaria\/#primaryimage","url":"https:\/\/buletin.de\/bucuresti\/wp-content\/uploads\/CA93C139-08D4-4F23-8461-32EA8AE341AF.jpeg","contentUrl":"https:\/\/buletin.de\/bucuresti\/wp-content\/uploads\/CA93C139-08D4-4F23-8461-32EA8AE341AF.jpeg","width":1600,"height":1200},{"@type":"BreadcrumbList","@id":"https:\/\/buletin.de\/bucuresti\/caragiale-ar-fi-invidios-primaria-mogosoaia-someaza-proprietarului-unui-teren-sa-l-imprejmuiasca-si-sa-l-igienizeze-proprietarul-e-chiar-primaria\/#breadcrumb","itemListElement":[{"@type":"ListItem","position":1,"name":"Acas\u0103","item":"https:\/\/buletin.de\/bucuresti\/"},{"@type":"ListItem","position":2,"name":"Caragiale ar fi invidios. Prim\u0103ria Mogo\u0219oaia someaz\u0103 proprietarului unui teren s\u0103-l \u00eemprejmuiasc\u0103 \u0219i s\u0103-l igienizeze. Proprietarul e chiar Prim\u0103ria"}]},{"@type":"WebSite","@id":"https:\/\/buletin.de\/bucuresti\/#website","url":"https:\/\/buletin.de\/bucuresti\/","name":"Buletin de Bucure\u0219ti","description":"\u0218tiri \u0219i investiga\u021bii esen\u021biale din capital\u0103","publisher":{"@id":"https:\/\/buletin.de\/bucuresti\/#organization"},"potentialAction":[{"@type":"SearchAction","target":{"@type":"EntryPoint","urlTemplate":"https:\/\/buletin.de\/bucuresti\/?s={search_term_string}"},"query-input":{"@type":"PropertyValueSpecification","valueRequired":true,"valueName":"search_term_string"}}],"inLanguage":"en-GB"},{"@type":"Organization","@id":"https:\/\/buletin.de\/bucuresti\/#organization","name":"Buletin de Bucure\u0219ti","url":"https:\/\/buletin.de\/bucuresti\/","logo":{"@type":"ImageObject","inLanguage":"en-GB","@id":"https:\/\/buletin.de\/bucuresti\/#\/schema\/logo\/image\/","url":"https:\/\/buletin.de\/bucuresti\/wp-content\/uploads\/logo-bdb-full-wide-vernil-transparent.png","contentUrl":"https:\/\/buletin.de\/bucuresti\/wp-content\/uploads\/logo-bdb-full-wide-vernil-transparent.png","width":1782,"height":626,"caption":"Buletin de Bucure\u0219ti"},"image":{"@id":"https:\/\/buletin.de\/bucuresti\/#\/schema\/logo\/image\/"},"sameAs":["https:\/\/www.facebook.com\/buletin.de.buc","https:\/\/www.instagram.com\/buletinde.bucuresti\/"]},{"@type":"Person","@id":"https:\/\/buletin.de\/bucuresti\/#\/schema\/person\/d369d7ddc775abece205795e0b804614","name":"Teodora Stroe","image":{"@type":"ImageObject","inLanguage":"en-GB","@id":"https:\/\/secure.gravatar.com\/avatar\/2560b4cd9f5f1bc100b123158e657d75584bd1c3e1d9c69285720b9457c1b78d?s=96&d=monsterid&r=gc104800242ba5f2d78dd5d7dc4df08b6","url":"https:\/\/secure.gravatar.com\/avatar\/2560b4cd9f5f1bc100b123158e657d75584bd1c3e1d9c69285720b9457c1b78d?s=96&d=monsterid&r=g","contentUrl":"https:\/\/secure.gravatar.com\/avatar\/2560b4cd9f5f1bc100b123158e657d75584bd1c3e1d9c69285720b9457c1b78d?s=96&d=monsterid&r=g","caption":"Teodora Stroe"},"url":"https:\/\/buletin.de\/bucuresti\/author\/simonacarlugea\/"}]}},"authors":[{"term_id":22579,"user_id":18,"is_guest":0,"slug":"simonacarlugea","display_name":"Teodora Stroe","avatar_url":"https:\/\/secure.gravatar.com\/avatar\/2560b4cd9f5f1bc100b123158e657d75584bd1c3e1d9c69285720b9457c1b78d?s=96&d=monsterid&r=g","0":null,"1":"","2":"","3":"","4":"","5":"","6":"","7":"","8":""}],"_links":{"self":[{"href":"https:\/\/buletin.de\/bucuresti\/wp-json\/wp\/v2\/posts\/47305","targetHints":{"allow":["GET"]}}],"collection":[{"href":"https:\/\/buletin.de\/bucuresti\/wp-json\/wp\/v2\/posts"}],"about":[{"href":"https:\/\/buletin.de\/bucuresti\/wp-json\/wp\/v2\/types\/post"}],"author":[{"embeddable":true,"href":"https:\/\/buletin.de\/bucuresti\/wp-json\/wp\/v2\/users\/18"}],"replies":[{"embeddable":true,"href":"https:\/\/buletin.de\/bucuresti\/wp-json\/wp\/v2\/comments?post=47305"}],"version-history":[{"count":4,"href":"https:\/\/buletin.de\/bucuresti\/wp-json\/wp\/v2\/posts\/47305\/revisions"}],"predecessor-version":[{"id":47331,"href":"https:\/\/buletin.de\/bucuresti\/wp-json\/wp\/v2\/posts\/47305\/revisions\/47331"}],"wp:featuredmedia":[{"embeddable":true,"href":"https:\/\/buletin.de\/bucuresti\/wp-json\/wp\/v2\/media\/47330"}],"wp:attachment":[{"href":"https:\/\/buletin.de\/bucuresti\/wp-json\/wp\/v2\/media?parent=47305"}],"wp:term":[{"taxonomy":"category","embeddable":true,"href":"https:\/\/buletin.de\/bucuresti\/wp-json\/wp\/v2\/categories?post=47305"},{"taxonomy":"post_tag","embeddable":true,"href":"https:\/\/buletin.de\/bucuresti\/wp-json\/wp\/v2\/tags?post=47305"},{"taxonomy":"author","embeddable":true,"href":"https:\/\/buletin.de\/bucuresti\/wp-json\/wp\/v2\/ppma_author?post=47305"}],"curies":[{"name":"wp","href":"https:\/\/api.w.org\/{rel}","templated":true}]}}