{"id":47292,"date":"2022-10-13T13:41:13","date_gmt":"2022-10-13T11:41:13","guid":{"rendered":"https:\/\/buletin.de\/bucuresti\/?p=47292"},"modified":"2022-10-14T13:35:26","modified_gmt":"2022-10-14T11:35:26","slug":"amenintari-ucraineneanca-din-bucuresti-politia-le-va-raspunde-pe-mail","status":"publish","type":"post","link":"https:\/\/buletin.de\/bucuresti\/amenintari-ucraineneanca-din-bucuresti-politia-le-va-raspunde-pe-mail\/","title":{"rendered":"Mesaj de amenin\u021bare cu \u00eensemnul Z pe ma\u0219ina unei ucrainence din Bucure\u0219ti"},"content":{"rendered":"\n<p><\/p>\n\n\n\n<p>Update:<\/p>\n\n\n\n<p>Legat de acest subiect, Bogdan Ghebaur, purt\u0103tor de cuv\u00e2nt al Poli\u021biei Rom\u00e2ne ne-a transmis urm\u0103toarele. <\/p>\n\n\n\n<p>&#8220;Pe 29 septembrie, femeia s-a prezentat la Sec\u021bia 12 Poli\u021bie Bucure\u0219ti unde a relatat \u00eentr-o englez\u0103 greoaie ce i s-a \u00eent\u00e2mplat. Poli\u021bi\u0219tii i-au cerut s\u0103 depun\u0103 o pl\u00e2ngere scris\u0103 dar femeia a refuzat, a cerut ca s\u0103 se re\u021bin\u0103 faptele. A promis c\u0103 va reveni \u00een zilele urm\u0103toare \u00eempreun\u0103 cu un vorbitor de rom\u00e2n\u0103 sau de englez\u0103 pentru a completa pl\u00e2ngerea. Poli\u021bi\u0219tii i-au sugerat s\u0103 trimit\u0103 pl\u00e2ngerea pe mail, c\u0103 ar putea scrie cu ajutorul Google Translate. Femeia nu a mai revenit la Sec\u021bia 12 dar chiar \u0219i \u00een lipsa unei pl\u00e2ngeri, poli\u021bi\u0219tii au o peti\u021bie \u00een lucru privind aceast\u0103 spe\u021b\u0103&#8221;<\/p>\n\n\n\n<p><strong>O femeie din Ucraina care locuie\u0219te \u00een sectorul 3 din Bucure\u0219ti al\u0103turi de cei doi copii de 5, respectiv 12 ani, a fost amenin\u021bat\u0103 de dou\u0103 ori, \u00een cursul lunii septembrie. Femeia a g\u0103sit pe capota ma\u0219inii litera \u201eZ\u201c, unul dintre simbolurile care reprezinta sprijinul Rusiei \u00een r\u0103zboiul din Ucraina. Femeia sus\u021bine \u0219i c\u0103 i-a fost desf\u0103cut capacul uneia dintre jen\u021bi, care s-a dezumflat, apoi, \u00een trafic. Dup\u0103 cele \u00eent\u00e2mplate, a depus o pl\u00e2ngere la Sec\u021bia 12 de Poli\u021bie din Capital\u0103, \u00eens\u0103 poli\u021bi\u0219tii nu au f\u0103cut nimic \u00een afar\u0103 de a o anun\u021ba c\u0103 o s\u0103 primeasc\u0103 un r\u0103spuns pe mail. <\/strong><\/p>\n\n\n\n<figure class=\"wp-block-image size-large\"><img fetchpriority=\"high\" decoding=\"async\" width=\"675\" height=\"900\" src=\"data:image\/gif;base64,R0lGODlhAQABAAAAACH5BAEKAAEALAAAAAABAAEAAAICTAEAOw==\" data-src=\"https:\/\/buletin.de\/bucuresti\/wp-content\/uploads\/WhatsApp-Image-2022-10-13-at-12.46.34-675x900.jpeg\" alt=\"\" class=\"wp-image-47293 lazyload\" data-sizes=\"auto\" data-srcset=\"https:\/\/buletin.de\/bucuresti\/wp-content\/uploads\/WhatsApp-Image-2022-10-13-at-12.46.34-675x900.jpeg 675w, https:\/\/buletin.de\/bucuresti\/wp-content\/uploads\/WhatsApp-Image-2022-10-13-at-12.46.34-225x300.jpeg 225w, https:\/\/buletin.de\/bucuresti\/wp-content\/uploads\/WhatsApp-Image-2022-10-13-at-12.46.34-768x1024.jpeg 768w, https:\/\/buletin.de\/bucuresti\/wp-content\/uploads\/WhatsApp-Image-2022-10-13-at-12.46.34-1152x1536.jpeg 1152w, https:\/\/buletin.de\/bucuresti\/wp-content\/uploads\/WhatsApp-Image-2022-10-13-at-12.46.34-1060x1413.jpeg 1060w, https:\/\/buletin.de\/bucuresti\/wp-content\/uploads\/WhatsApp-Image-2022-10-13-at-12.46.34-550x733.jpeg 550w, https:\/\/buletin.de\/bucuresti\/wp-content\/uploads\/WhatsApp-Image-2022-10-13-at-12.46.34-375x500.jpeg 375w, https:\/\/buletin.de\/bucuresti\/wp-content\/uploads\/WhatsApp-Image-2022-10-13-at-12.46.34-810x1080.jpeg 810w, https:\/\/buletin.de\/bucuresti\/wp-content\/uploads\/WhatsApp-Image-2022-10-13-at-12.46.34-600x800.jpeg 600w, https:\/\/buletin.de\/bucuresti\/wp-content\/uploads\/WhatsApp-Image-2022-10-13-at-12.46.34.jpeg 1200w\" sizes=\"(max-width: 675px) 100vw, 675px\" \/><figcaption>Imagine cu litera \u201eZ\u201c f\u0103cut\u0103 pe ma\u0219ina ucrainencei din Sectorul 3. <\/figcaption><\/figure>\n\n\n\n<p>Ucraineanca poveste\u0219te c\u0103 prima oar\u0103 c\u00e2nd a g\u0103sit un Z pe capota ma\u0219inii a fost pe 10 septembrie. A crezut c\u0103 e doar o glum\u0103 proast\u0103. S-a \u00eengrijorat, \u00eens\u0103, c\u00e2nd incidentul s-a repetat \u0219i pe 29 septembrie. <\/p>\n\n\n\n<p>&#8220;<em>Simbolul era alc\u0103tuit din band\u0103 adeziv\u0103 neagr\u0103 . Prima dat\u0103 s-a intamplat in data de 10 septembrie 2022, c\u00e2nd mi-a desenat litera \u201cZ\u201d pe capota ma\u0219inii \u0219i mi-a desf\u0103cut c\u0103p\u0103celul unei ro\u021bi, fapt ce a dus ulterior la dezumflarea acesteia \u0219i ulterior o urgen\u021b\u0103 \u00een trafic. Locuiesc \u00een Romania cu cei doi copii ai mei de 5, respectiv 12 ani, ace\u0219tia devenind destul de speria\u021bi datorit\u0103 acestei situa\u021bii<\/em>&#8220;, a declarat femeia, pentru Buletin de Bucure\u0219ti.<\/p>\n\n\n\n<p><\/p>\n\n\n\n<p>Dup\u0103 al doilea incident, ucraineanca a depus pl\u00e2ngere la Sec\u021bia 12 de Poli\u021bie din Bucure\u0219ti. Poli\u021bi\u0219tii au anun\u021bat-o c\u0103 o vor \u00een\u0219tiin\u021ba, pe mail, de mersul anchetei. N-a mai primit niciun semn de la oamenii legii de atunci.<\/p>\n\n\n\n<p>Reporterii Buletin de Bucure\u0219ti au sunat la Sec\u021bia 12 de Poli\u021bie pentru a cere detalii despre caz, \u00eens\u0103 \u0219eful sec\u021biei a declarat c\u0103 nu poate s\u0103 ofere niciun fel de detaliu \u00een aceast\u0103 spe\u021b\u0103.<\/p>\n\n\n\n<p>Surs\u0103 Cover: Youtube <\/p>\n","protected":false},"excerpt":{"rendered":"<p>Update: Legat de acest subiect, Bogdan Ghebaur, purt\u0103tor de cuv\u00e2nt al Poli\u021biei Rom\u00e2ne ne-a transmis urm\u0103toarele. &#8220;Pe 29 septembrie, femeia s-a prezentat la Sec\u021bia 12 Poli\u021bie Bucure\u0219ti unde a relatat \u00eentr-o englez\u0103 greoaie ce i s-a \u00eent\u00e2mplat. Poli\u021bi\u0219tii i-au cerut s\u0103 depun\u0103 o pl\u00e2ngere scris\u0103 dar femeia a refuzat, a cerut ca s\u0103 se re\u021bin\u0103 [&hellip;]<\/p>\n","protected":false},"author":17,"featured_media":47297,"comment_status":"closed","ping_status":"open","sticky":false,"template":"","format":"standard","meta":{"_acf_changed":false,"inline_featured_image":false,"ngg_post_thumbnail":0,"footnotes":""},"categories":[62],"tags":[],"ppma_author":[22576],"class_list":["post-47292","post","type-post","status-publish","format-standard","has-post-thumbnail","hentry","category-stiri"],"acf":[],"yoast_head":"<!-- This site is optimized with the Yoast SEO Premium plugin v25.3 (Yoast SEO v27.5) - https:\/\/yoast.com\/product\/yoast-seo-premium-wordpress\/ -->\n<title>Mesaj de amenin\u021bare cu \u00eensemnul Z pe ma\u0219ina unei ucrainence din Bucure\u0219ti - Buletin de Bucure\u0219ti<\/title>\n<meta name=\"robots\" content=\"index, follow, max-snippet:-1, max-image-preview:large, max-video-preview:-1\" \/>\n<link rel=\"canonical\" href=\"https:\/\/buletin.de\/bucuresti\/amenintari-ucraineneanca-din-bucuresti-politia-le-va-raspunde-pe-mail\/\" \/>\n<meta property=\"og:locale\" content=\"en_GB\" \/>\n<meta property=\"og:type\" content=\"article\" \/>\n<meta property=\"og:title\" content=\"Mesaj de amenin\u021bare cu \u00eensemnul Z pe ma\u0219ina unei ucrainence din Bucure\u0219ti\" \/>\n<meta property=\"og:description\" content=\"Update: Legat de acest subiect, Bogdan Ghebaur, purt\u0103tor de cuv\u00e2nt al Poli\u021biei Rom\u00e2ne ne-a transmis urm\u0103toarele. &#8220;Pe 29 septembrie, femeia s-a prezentat la Sec\u021bia 12 Poli\u021bie Bucure\u0219ti unde a relatat \u00eentr-o englez\u0103 greoaie ce i s-a \u00eent\u00e2mplat. Poli\u021bi\u0219tii i-au cerut s\u0103 depun\u0103 o pl\u00e2ngere scris\u0103 dar femeia a refuzat, a cerut ca s\u0103 se re\u021bin\u0103 [&hellip;]\" \/>\n<meta property=\"og:url\" content=\"https:\/\/buletin.de\/bucuresti\/amenintari-ucraineneanca-din-bucuresti-politia-le-va-raspunde-pe-mail\/\" \/>\n<meta property=\"og:site_name\" content=\"Buletin de Bucure\u0219ti\" \/>\n<meta property=\"article:publisher\" content=\"https:\/\/www.facebook.com\/buletin.de.buc\" \/>\n<meta property=\"article:published_time\" content=\"2022-10-13T11:41:13+00:00\" \/>\n<meta property=\"article:modified_time\" content=\"2022-10-14T11:35:26+00:00\" \/>\n<meta property=\"og:image\" content=\"https:\/\/buletin.de\/bucuresti\/wp-content\/uploads\/image-2022-03-14-25432799-41-convoi-masini-inscriptia-1.png\" \/>\n\t<meta property=\"og:image:width\" content=\"797\" \/>\n\t<meta property=\"og:image:height\" content=\"304\" \/>\n\t<meta property=\"og:image:type\" content=\"image\/png\" \/>\n<meta name=\"author\" content=\"Florin R\u00e2\u0219teiu\" \/>\n<meta name=\"twitter:card\" content=\"summary_large_image\" \/>\n<meta name=\"twitter:label1\" content=\"Written by\" \/>\n\t<meta name=\"twitter:data1\" content=\"Florin R\u00e2\u0219teiu\" \/>\n\t<meta name=\"twitter:label2\" content=\"Estimated reading time\" \/>\n\t<meta name=\"twitter:data2\" content=\"3 minutes\" \/>\n<script type=\"application\/ld+json\" class=\"yoast-schema-graph\">{\"@context\":\"https:\\\/\\\/schema.org\",\"@graph\":[{\"@type\":\"Article\",\"@id\":\"https:\\\/\\\/buletin.de\\\/bucuresti\\\/amenintari-ucraineneanca-din-bucuresti-politia-le-va-raspunde-pe-mail\\\/#article\",\"isPartOf\":{\"@id\":\"https:\\\/\\\/buletin.de\\\/bucuresti\\\/amenintari-ucraineneanca-din-bucuresti-politia-le-va-raspunde-pe-mail\\\/\"},\"author\":{\"name\":\"Florin R\u00e2\u0219teiu\",\"@id\":\"https:\\\/\\\/buletin.de\\\/bucuresti\\\/#\\\/schema\\\/person\\\/b0686d7a8b666c6afc78239777fd8a89\"},\"headline\":\"Mesaj de amenin\u021bare cu \u00eensemnul Z pe ma\u0219ina unei ucrainence din Bucure\u0219ti\",\"datePublished\":\"2022-10-13T11:41:13+00:00\",\"dateModified\":\"2022-10-14T11:35:26+00:00\",\"mainEntityOfPage\":{\"@id\":\"https:\\\/\\\/buletin.de\\\/bucuresti\\\/amenintari-ucraineneanca-din-bucuresti-politia-le-va-raspunde-pe-mail\\\/\"},\"wordCount\":488,\"publisher\":{\"@id\":\"https:\\\/\\\/buletin.de\\\/bucuresti\\\/#organization\"},\"image\":{\"@id\":\"https:\\\/\\\/buletin.de\\\/bucuresti\\\/amenintari-ucraineneanca-din-bucuresti-politia-le-va-raspunde-pe-mail\\\/#primaryimage\"},\"thumbnailUrl\":\"https:\\\/\\\/buletin.de\\\/bucuresti\\\/wp-content\\\/uploads\\\/image-2022-03-14-25432799-41-convoi-masini-inscriptia-1.png\",\"articleSection\":[\"\u0218tiri\"],\"inLanguage\":\"en-GB\",\"copyrightYear\":\"2022\",\"copyrightHolder\":{\"@id\":\"https:\\\/\\\/buletin.de\\\/bucuresti\\\/#organization\"}},{\"@type\":\"WebPage\",\"@id\":\"https:\\\/\\\/buletin.de\\\/bucuresti\\\/amenintari-ucraineneanca-din-bucuresti-politia-le-va-raspunde-pe-mail\\\/\",\"url\":\"https:\\\/\\\/buletin.de\\\/bucuresti\\\/amenintari-ucraineneanca-din-bucuresti-politia-le-va-raspunde-pe-mail\\\/\",\"name\":\"Mesaj de amenin\u021bare cu \u00eensemnul Z pe ma\u0219ina unei ucrainence din Bucure\u0219ti - Buletin de Bucure\u0219ti\",\"isPartOf\":{\"@id\":\"https:\\\/\\\/buletin.de\\\/bucuresti\\\/#website\"},\"primaryImageOfPage\":{\"@id\":\"https:\\\/\\\/buletin.de\\\/bucuresti\\\/amenintari-ucraineneanca-din-bucuresti-politia-le-va-raspunde-pe-mail\\\/#primaryimage\"},\"image\":{\"@id\":\"https:\\\/\\\/buletin.de\\\/bucuresti\\\/amenintari-ucraineneanca-din-bucuresti-politia-le-va-raspunde-pe-mail\\\/#primaryimage\"},\"thumbnailUrl\":\"https:\\\/\\\/buletin.de\\\/bucuresti\\\/wp-content\\\/uploads\\\/image-2022-03-14-25432799-41-convoi-masini-inscriptia-1.png\",\"datePublished\":\"2022-10-13T11:41:13+00:00\",\"dateModified\":\"2022-10-14T11:35:26+00:00\",\"breadcrumb\":{\"@id\":\"https:\\\/\\\/buletin.de\\\/bucuresti\\\/amenintari-ucraineneanca-din-bucuresti-politia-le-va-raspunde-pe-mail\\\/#breadcrumb\"},\"inLanguage\":\"en-GB\",\"potentialAction\":[{\"@type\":\"ReadAction\",\"target\":[\"https:\\\/\\\/buletin.de\\\/bucuresti\\\/amenintari-ucraineneanca-din-bucuresti-politia-le-va-raspunde-pe-mail\\\/\"]}]},{\"@type\":\"ImageObject\",\"inLanguage\":\"en-GB\",\"@id\":\"https:\\\/\\\/buletin.de\\\/bucuresti\\\/amenintari-ucraineneanca-din-bucuresti-politia-le-va-raspunde-pe-mail\\\/#primaryimage\",\"url\":\"https:\\\/\\\/buletin.de\\\/bucuresti\\\/wp-content\\\/uploads\\\/image-2022-03-14-25432799-41-convoi-masini-inscriptia-1.png\",\"contentUrl\":\"https:\\\/\\\/buletin.de\\\/bucuresti\\\/wp-content\\\/uploads\\\/image-2022-03-14-25432799-41-convoi-masini-inscriptia-1.png\",\"width\":797,\"height\":304},{\"@type\":\"BreadcrumbList\",\"@id\":\"https:\\\/\\\/buletin.de\\\/bucuresti\\\/amenintari-ucraineneanca-din-bucuresti-politia-le-va-raspunde-pe-mail\\\/#breadcrumb\",\"itemListElement\":[{\"@type\":\"ListItem\",\"position\":1,\"name\":\"Acas\u0103\",\"item\":\"https:\\\/\\\/buletin.de\\\/bucuresti\\\/\"},{\"@type\":\"ListItem\",\"position\":2,\"name\":\"Mesaj de amenin\u021bare cu \u00eensemnul Z pe ma\u0219ina unei ucrainence din Bucure\u0219ti\"}]},{\"@type\":\"WebSite\",\"@id\":\"https:\\\/\\\/buletin.de\\\/bucuresti\\\/#website\",\"url\":\"https:\\\/\\\/buletin.de\\\/bucuresti\\\/\",\"name\":\"Buletin de Bucure\u0219ti\",\"description\":\"\u0218tiri \u0219i investiga\u021bii esen\u021biale din capital\u0103\",\"publisher\":{\"@id\":\"https:\\\/\\\/buletin.de\\\/bucuresti\\\/#organization\"},\"potentialAction\":[{\"@type\":\"SearchAction\",\"target\":{\"@type\":\"EntryPoint\",\"urlTemplate\":\"https:\\\/\\\/buletin.de\\\/bucuresti\\\/?s={search_term_string}\"},\"query-input\":{\"@type\":\"PropertyValueSpecification\",\"valueRequired\":true,\"valueName\":\"search_term_string\"}}],\"inLanguage\":\"en-GB\"},{\"@type\":\"Organization\",\"@id\":\"https:\\\/\\\/buletin.de\\\/bucuresti\\\/#organization\",\"name\":\"Buletin de Bucure\u0219ti\",\"url\":\"https:\\\/\\\/buletin.de\\\/bucuresti\\\/\",\"logo\":{\"@type\":\"ImageObject\",\"inLanguage\":\"en-GB\",\"@id\":\"https:\\\/\\\/buletin.de\\\/bucuresti\\\/#\\\/schema\\\/logo\\\/image\\\/\",\"url\":\"https:\\\/\\\/buletin.de\\\/bucuresti\\\/wp-content\\\/uploads\\\/logo-bdb-full-wide-vernil-transparent.png\",\"contentUrl\":\"https:\\\/\\\/buletin.de\\\/bucuresti\\\/wp-content\\\/uploads\\\/logo-bdb-full-wide-vernil-transparent.png\",\"width\":1782,\"height\":626,\"caption\":\"Buletin de Bucure\u0219ti\"},\"image\":{\"@id\":\"https:\\\/\\\/buletin.de\\\/bucuresti\\\/#\\\/schema\\\/logo\\\/image\\\/\"},\"sameAs\":[\"https:\\\/\\\/www.facebook.com\\\/buletin.de.buc\",\"https:\\\/\\\/www.instagram.com\\\/buletinde.bucuresti\\\/\"]},{\"@type\":\"Person\",\"@id\":\"https:\\\/\\\/buletin.de\\\/bucuresti\\\/#\\\/schema\\\/person\\\/b0686d7a8b666c6afc78239777fd8a89\",\"name\":\"Florin R\u00e2\u0219teiu\",\"image\":{\"@type\":\"ImageObject\",\"inLanguage\":\"en-GB\",\"@id\":\"https:\\\/\\\/buletin.de\\\/bucuresti\\\/wp-content\\\/uploads\\\/Florin-Rasteiu-96x96.jpgf0a6fe28453aa12f0a60e4d0a2e3a78c\",\"url\":\"https:\\\/\\\/buletin.de\\\/bucuresti\\\/wp-content\\\/uploads\\\/Florin-Rasteiu-96x96.jpg\",\"contentUrl\":\"https:\\\/\\\/buletin.de\\\/bucuresti\\\/wp-content\\\/uploads\\\/Florin-Rasteiu-96x96.jpg\",\"caption\":\"Florin R\u00e2\u0219teiu\"},\"description\":\"Jurnalist de investiga\u021bie. Lucreaz\u0103 de aproape 6 ani la Buletin de Bucure\u0219ti, unde a publicat articole care scot la suprafa\u021b\u0103 corup\u021bia din Capital\u0103. Analizeaz\u0103 baze de date zilnic \u0219i scoate pove\u0219ti din exceluri pline de cifre. Pune reflectorul pe adev\u0103r cu fiecare ocazie. A c\u00e2\u0219tigat premiul I la categoria Pres\u0103 Local\u0103 \u00een 2025 \u0219i locul al II-lea la aceea\u0219i categorie \u00een 2024 \u00een cadrul Premiilor Superscrieri pentru jurnalism independent.\",\"url\":\"https:\\\/\\\/buletin.de\\\/bucuresti\\\/author\\\/florinrasteiu\\\/\"}]}<\/script>\n<!-- \/ Yoast SEO Premium plugin. -->","yoast_head_json":{"title":"Mesaj de amenin\u021bare cu \u00eensemnul Z pe ma\u0219ina unei ucrainence din Bucure\u0219ti - Buletin de Bucure\u0219ti","robots":{"index":"index","follow":"follow","max-snippet":"max-snippet:-1","max-image-preview":"max-image-preview:large","max-video-preview":"max-video-preview:-1"},"canonical":"https:\/\/buletin.de\/bucuresti\/amenintari-ucraineneanca-din-bucuresti-politia-le-va-raspunde-pe-mail\/","og_locale":"en_GB","og_type":"article","og_title":"Mesaj de amenin\u021bare cu \u00eensemnul Z pe ma\u0219ina unei ucrainence din Bucure\u0219ti","og_description":"Update: Legat de acest subiect, Bogdan Ghebaur, purt\u0103tor de cuv\u00e2nt al Poli\u021biei Rom\u00e2ne ne-a transmis urm\u0103toarele. &#8220;Pe 29 septembrie, femeia s-a prezentat la Sec\u021bia 12 Poli\u021bie Bucure\u0219ti unde a relatat \u00eentr-o englez\u0103 greoaie ce i s-a \u00eent\u00e2mplat. Poli\u021bi\u0219tii i-au cerut s\u0103 depun\u0103 o pl\u00e2ngere scris\u0103 dar femeia a refuzat, a cerut ca s\u0103 se re\u021bin\u0103 [&hellip;]","og_url":"https:\/\/buletin.de\/bucuresti\/amenintari-ucraineneanca-din-bucuresti-politia-le-va-raspunde-pe-mail\/","og_site_name":"Buletin de Bucure\u0219ti","article_publisher":"https:\/\/www.facebook.com\/buletin.de.buc","article_published_time":"2022-10-13T11:41:13+00:00","article_modified_time":"2022-10-14T11:35:26+00:00","og_image":[{"width":797,"height":304,"url":"https:\/\/buletin.de\/bucuresti\/wp-content\/uploads\/image-2022-03-14-25432799-41-convoi-masini-inscriptia-1.png","type":"image\/png"}],"author":"Florin R\u00e2\u0219teiu","twitter_card":"summary_large_image","twitter_misc":{"Written by":"Florin R\u00e2\u0219teiu","Estimated reading time":"3 minutes"},"schema":{"@context":"https:\/\/schema.org","@graph":[{"@type":"Article","@id":"https:\/\/buletin.de\/bucuresti\/amenintari-ucraineneanca-din-bucuresti-politia-le-va-raspunde-pe-mail\/#article","isPartOf":{"@id":"https:\/\/buletin.de\/bucuresti\/amenintari-ucraineneanca-din-bucuresti-politia-le-va-raspunde-pe-mail\/"},"author":{"name":"Florin R\u00e2\u0219teiu","@id":"https:\/\/buletin.de\/bucuresti\/#\/schema\/person\/b0686d7a8b666c6afc78239777fd8a89"},"headline":"Mesaj de amenin\u021bare cu \u00eensemnul Z pe ma\u0219ina unei ucrainence din Bucure\u0219ti","datePublished":"2022-10-13T11:41:13+00:00","dateModified":"2022-10-14T11:35:26+00:00","mainEntityOfPage":{"@id":"https:\/\/buletin.de\/bucuresti\/amenintari-ucraineneanca-din-bucuresti-politia-le-va-raspunde-pe-mail\/"},"wordCount":488,"publisher":{"@id":"https:\/\/buletin.de\/bucuresti\/#organization"},"image":{"@id":"https:\/\/buletin.de\/bucuresti\/amenintari-ucraineneanca-din-bucuresti-politia-le-va-raspunde-pe-mail\/#primaryimage"},"thumbnailUrl":"https:\/\/buletin.de\/bucuresti\/wp-content\/uploads\/image-2022-03-14-25432799-41-convoi-masini-inscriptia-1.png","articleSection":["\u0218tiri"],"inLanguage":"en-GB","copyrightYear":"2022","copyrightHolder":{"@id":"https:\/\/buletin.de\/bucuresti\/#organization"}},{"@type":"WebPage","@id":"https:\/\/buletin.de\/bucuresti\/amenintari-ucraineneanca-din-bucuresti-politia-le-va-raspunde-pe-mail\/","url":"https:\/\/buletin.de\/bucuresti\/amenintari-ucraineneanca-din-bucuresti-politia-le-va-raspunde-pe-mail\/","name":"Mesaj de amenin\u021bare cu \u00eensemnul Z pe ma\u0219ina unei ucrainence din Bucure\u0219ti - Buletin de Bucure\u0219ti","isPartOf":{"@id":"https:\/\/buletin.de\/bucuresti\/#website"},"primaryImageOfPage":{"@id":"https:\/\/buletin.de\/bucuresti\/amenintari-ucraineneanca-din-bucuresti-politia-le-va-raspunde-pe-mail\/#primaryimage"},"image":{"@id":"https:\/\/buletin.de\/bucuresti\/amenintari-ucraineneanca-din-bucuresti-politia-le-va-raspunde-pe-mail\/#primaryimage"},"thumbnailUrl":"https:\/\/buletin.de\/bucuresti\/wp-content\/uploads\/image-2022-03-14-25432799-41-convoi-masini-inscriptia-1.png","datePublished":"2022-10-13T11:41:13+00:00","dateModified":"2022-10-14T11:35:26+00:00","breadcrumb":{"@id":"https:\/\/buletin.de\/bucuresti\/amenintari-ucraineneanca-din-bucuresti-politia-le-va-raspunde-pe-mail\/#breadcrumb"},"inLanguage":"en-GB","potentialAction":[{"@type":"ReadAction","target":["https:\/\/buletin.de\/bucuresti\/amenintari-ucraineneanca-din-bucuresti-politia-le-va-raspunde-pe-mail\/"]}]},{"@type":"ImageObject","inLanguage":"en-GB","@id":"https:\/\/buletin.de\/bucuresti\/amenintari-ucraineneanca-din-bucuresti-politia-le-va-raspunde-pe-mail\/#primaryimage","url":"https:\/\/buletin.de\/bucuresti\/wp-content\/uploads\/image-2022-03-14-25432799-41-convoi-masini-inscriptia-1.png","contentUrl":"https:\/\/buletin.de\/bucuresti\/wp-content\/uploads\/image-2022-03-14-25432799-41-convoi-masini-inscriptia-1.png","width":797,"height":304},{"@type":"BreadcrumbList","@id":"https:\/\/buletin.de\/bucuresti\/amenintari-ucraineneanca-din-bucuresti-politia-le-va-raspunde-pe-mail\/#breadcrumb","itemListElement":[{"@type":"ListItem","position":1,"name":"Acas\u0103","item":"https:\/\/buletin.de\/bucuresti\/"},{"@type":"ListItem","position":2,"name":"Mesaj de amenin\u021bare cu \u00eensemnul Z pe ma\u0219ina unei ucrainence din Bucure\u0219ti"}]},{"@type":"WebSite","@id":"https:\/\/buletin.de\/bucuresti\/#website","url":"https:\/\/buletin.de\/bucuresti\/","name":"Buletin de Bucure\u0219ti","description":"\u0218tiri \u0219i investiga\u021bii esen\u021biale din capital\u0103","publisher":{"@id":"https:\/\/buletin.de\/bucuresti\/#organization"},"potentialAction":[{"@type":"SearchAction","target":{"@type":"EntryPoint","urlTemplate":"https:\/\/buletin.de\/bucuresti\/?s={search_term_string}"},"query-input":{"@type":"PropertyValueSpecification","valueRequired":true,"valueName":"search_term_string"}}],"inLanguage":"en-GB"},{"@type":"Organization","@id":"https:\/\/buletin.de\/bucuresti\/#organization","name":"Buletin de Bucure\u0219ti","url":"https:\/\/buletin.de\/bucuresti\/","logo":{"@type":"ImageObject","inLanguage":"en-GB","@id":"https:\/\/buletin.de\/bucuresti\/#\/schema\/logo\/image\/","url":"https:\/\/buletin.de\/bucuresti\/wp-content\/uploads\/logo-bdb-full-wide-vernil-transparent.png","contentUrl":"https:\/\/buletin.de\/bucuresti\/wp-content\/uploads\/logo-bdb-full-wide-vernil-transparent.png","width":1782,"height":626,"caption":"Buletin de Bucure\u0219ti"},"image":{"@id":"https:\/\/buletin.de\/bucuresti\/#\/schema\/logo\/image\/"},"sameAs":["https:\/\/www.facebook.com\/buletin.de.buc","https:\/\/www.instagram.com\/buletinde.bucuresti\/"]},{"@type":"Person","@id":"https:\/\/buletin.de\/bucuresti\/#\/schema\/person\/b0686d7a8b666c6afc78239777fd8a89","name":"Florin R\u00e2\u0219teiu","image":{"@type":"ImageObject","inLanguage":"en-GB","@id":"https:\/\/buletin.de\/bucuresti\/wp-content\/uploads\/Florin-Rasteiu-96x96.jpgf0a6fe28453aa12f0a60e4d0a2e3a78c","url":"https:\/\/buletin.de\/bucuresti\/wp-content\/uploads\/Florin-Rasteiu-96x96.jpg","contentUrl":"https:\/\/buletin.de\/bucuresti\/wp-content\/uploads\/Florin-Rasteiu-96x96.jpg","caption":"Florin R\u00e2\u0219teiu"},"description":"Jurnalist de investiga\u021bie. Lucreaz\u0103 de aproape 6 ani la Buletin de Bucure\u0219ti, unde a publicat articole care scot la suprafa\u021b\u0103 corup\u021bia din Capital\u0103. Analizeaz\u0103 baze de date zilnic \u0219i scoate pove\u0219ti din exceluri pline de cifre. Pune reflectorul pe adev\u0103r cu fiecare ocazie. A c\u00e2\u0219tigat premiul I la categoria Pres\u0103 Local\u0103 \u00een 2025 \u0219i locul al II-lea la aceea\u0219i categorie \u00een 2024 \u00een cadrul Premiilor Superscrieri pentru jurnalism independent.","url":"https:\/\/buletin.de\/bucuresti\/author\/florinrasteiu\/"}]}},"authors":[{"term_id":22576,"user_id":17,"is_guest":0,"slug":"florinrasteiu","display_name":"Florin R\u00e2\u0219teiu","avatar_url":"https:\/\/buletin.de\/bucuresti\/wp-content\/uploads\/Florin-Rasteiu-96x96.jpg","0":null,"1":"","2":"","3":"","4":"","5":"","6":"","7":"","8":""}],"_links":{"self":[{"href":"https:\/\/buletin.de\/bucuresti\/wp-json\/wp\/v2\/posts\/47292","targetHints":{"allow":["GET"]}}],"collection":[{"href":"https:\/\/buletin.de\/bucuresti\/wp-json\/wp\/v2\/posts"}],"about":[{"href":"https:\/\/buletin.de\/bucuresti\/wp-json\/wp\/v2\/types\/post"}],"author":[{"embeddable":true,"href":"https:\/\/buletin.de\/bucuresti\/wp-json\/wp\/v2\/users\/17"}],"replies":[{"embeddable":true,"href":"https:\/\/buletin.de\/bucuresti\/wp-json\/wp\/v2\/comments?post=47292"}],"version-history":[{"count":8,"href":"https:\/\/buletin.de\/bucuresti\/wp-json\/wp\/v2\/posts\/47292\/revisions"}],"predecessor-version":[{"id":47343,"href":"https:\/\/buletin.de\/bucuresti\/wp-json\/wp\/v2\/posts\/47292\/revisions\/47343"}],"wp:featuredmedia":[{"embeddable":true,"href":"https:\/\/buletin.de\/bucuresti\/wp-json\/wp\/v2\/media\/47297"}],"wp:attachment":[{"href":"https:\/\/buletin.de\/bucuresti\/wp-json\/wp\/v2\/media?parent=47292"}],"wp:term":[{"taxonomy":"category","embeddable":true,"href":"https:\/\/buletin.de\/bucuresti\/wp-json\/wp\/v2\/categories?post=47292"},{"taxonomy":"post_tag","embeddable":true,"href":"https:\/\/buletin.de\/bucuresti\/wp-json\/wp\/v2\/tags?post=47292"},{"taxonomy":"author","embeddable":true,"href":"https:\/\/buletin.de\/bucuresti\/wp-json\/wp\/v2\/ppma_author?post=47292"}],"curies":[{"name":"wp","href":"https:\/\/api.w.org\/{rel}","templated":true}]}}