{"id":47275,"date":"2022-10-12T17:52:34","date_gmt":"2022-10-12T15:52:34","guid":{"rendered":"https:\/\/buletin.de\/bucuresti\/?p=47275"},"modified":"2022-10-12T17:52:34","modified_gmt":"2022-10-12T15:52:34","slug":"se-reabiliteaza-aleile-pietonale-din-jurul-parcului-tineretului-dupa-20-de-ani","status":"publish","type":"post","link":"https:\/\/buletin.de\/bucuresti\/se-reabiliteaza-aleile-pietonale-din-jurul-parcului-tineretului-dupa-20-de-ani\/","title":{"rendered":"Se reabiliteaz\u0103 aleile pietonale din jurul Parcului Tineretului, dup\u0103 20 de ani"},"content":{"rendered":"\n<p>Prima etap\u0103 din reabilitarea aleilor pietonale din jurul Parcului Tineretului a \u00eenceput. Lucr\u0103rile vor dura 45 de zile, potrivit viceprimarului general, Horia Tomescu.<\/p>\n\n\n\n<p>Mar\u021bi, 11 octombrie, a \u00eenceput refacerea a 7.345 de metri p\u0103tra\u021bi de asfalt \u0219i 2.063 de metri liniari de bordur\u0103, din zona Cafeneaua Actorilor.<\/p>\n\n\n\n<figure class=\"wp-block-image size-large is-resized\"><img fetchpriority=\"high\" decoding=\"async\" src=\"data:image\/gif;base64,R0lGODlhAQABAAAAACH5BAEKAAEALAAAAAABAAEAAAICTAEAOw==\" data-src=\"https:\/\/buletin.de\/bucuresti\/wp-content\/uploads\/311450768_521478879984941_287885109904284275_n-407x900.jpg\" alt=\"\" class=\"wp-image-47279 lazyload\" width=\"305\" height=\"675\" data-sizes=\"auto\" data-srcset=\"https:\/\/buletin.de\/bucuresti\/wp-content\/uploads\/311450768_521478879984941_287885109904284275_n-407x900.jpg 407w, https:\/\/buletin.de\/bucuresti\/wp-content\/uploads\/311450768_521478879984941_287885109904284275_n-136x300.jpg 136w, https:\/\/buletin.de\/bucuresti\/wp-content\/uploads\/311450768_521478879984941_287885109904284275_n-694x1536.jpg 694w, https:\/\/buletin.de\/bucuresti\/wp-content\/uploads\/311450768_521478879984941_287885109904284275_n-550x1217.jpg 550w, https:\/\/buletin.de\/bucuresti\/wp-content\/uploads\/311450768_521478879984941_287885109904284275_n-226x500.jpg 226w, https:\/\/buletin.de\/bucuresti\/wp-content\/uploads\/311450768_521478879984941_287885109904284275_n-488x1080.jpg 488w, https:\/\/buletin.de\/bucuresti\/wp-content\/uploads\/311450768_521478879984941_287885109904284275_n-600x1328.jpg 600w, https:\/\/buletin.de\/bucuresti\/wp-content\/uploads\/311450768_521478879984941_287885109904284275_n.jpg 723w\" sizes=\"(max-width: 305px) 100vw, 305px\" \/><figcaption>Surs\u0103 foto: Facebook Horia Tomescu<\/figcaption><\/figure>\n\n\n\n<p>Asfaltul din zon\u0103 se afl\u0103 \u00eentr-o stare avansat\u0103 de degradare \u0219i reprezint\u0103 un pericol pentru cet\u0103\u021beni. Aleile au ajuns s\u0103 fie deteriorate din cauz\u0103 c\u0103 nu s-a intervenit timp de 20 de ani pentru reabilitarea lor.<\/p>\n\n\n\n<figure class=\"wp-block-image size-large is-resized\"><img decoding=\"async\" src=\"data:image\/gif;base64,R0lGODlhAQABAAAAACH5BAEKAAEALAAAAAABAAEAAAICTAEAOw==\" data-src=\"https:\/\/buletin.de\/bucuresti\/wp-content\/uploads\/311353094_521478893318273_3660347607095276134_n-506x900.jpg\" alt=\"\" class=\"wp-image-47278 lazyload\" width=\"380\" height=\"675\" data-sizes=\"auto\" data-srcset=\"https:\/\/buletin.de\/bucuresti\/wp-content\/uploads\/311353094_521478893318273_3660347607095276134_n-506x900.jpg 506w, https:\/\/buletin.de\/bucuresti\/wp-content\/uploads\/311353094_521478893318273_3660347607095276134_n-169x300.jpg 169w, https:\/\/buletin.de\/bucuresti\/wp-content\/uploads\/311353094_521478893318273_3660347607095276134_n-768x1365.jpg 768w, https:\/\/buletin.de\/bucuresti\/wp-content\/uploads\/311353094_521478893318273_3660347607095276134_n-864x1536.jpg 864w, https:\/\/buletin.de\/bucuresti\/wp-content\/uploads\/311353094_521478893318273_3660347607095276134_n-550x978.jpg 550w, https:\/\/buletin.de\/bucuresti\/wp-content\/uploads\/311353094_521478893318273_3660347607095276134_n-281x500.jpg 281w, https:\/\/buletin.de\/bucuresti\/wp-content\/uploads\/311353094_521478893318273_3660347607095276134_n-608x1080.jpg 608w, https:\/\/buletin.de\/bucuresti\/wp-content\/uploads\/311353094_521478893318273_3660347607095276134_n-600x1067.jpg 600w, https:\/\/buletin.de\/bucuresti\/wp-content\/uploads\/311353094_521478893318273_3660347607095276134_n.jpg 900w\" sizes=\"(max-width: 380px) 100vw, 380px\" \/><figcaption>Surs\u0103 foto: Facebook Horia Tomescu<\/figcaption><\/figure>\n\n\n\n<p>Viceprimarul \u0219i-a cerut scuze pentru disconfortul creat \u0219i spune c\u0103 prim\u0103ria \u00ee\u0219i dore\u0219te s\u0103 readuc\u0103 pl\u0103cerea plimb\u0103rilor \u00een zona parcului.<\/p>\n\n\n\n<p>Surs\u0103 foto cover: Facebook Horia Tomescu<\/p>\n","protected":false},"excerpt":{"rendered":"<p>Prima etap\u0103 din reabilitarea aleilor pietonale din jurul Parcului Tineretului a \u00eenceput. Lucr\u0103rile vor dura 45 de zile, potrivit viceprimarului general, Horia Tomescu. Mar\u021bi, 11 octombrie, a \u00eenceput refacerea a 7.345 de metri p\u0103tra\u021bi de asfalt \u0219i 2.063 de metri liniari de bordur\u0103, din zona Cafeneaua Actorilor. Asfaltul din zon\u0103 se afl\u0103 \u00eentr-o stare avansat\u0103 [&hellip;]<\/p>\n","protected":false},"author":42,"featured_media":47277,"comment_status":"closed","ping_status":"open","sticky":false,"template":"","format":"standard","meta":{"_acf_changed":false,"inline_featured_image":false,"ngg_post_thumbnail":0,"footnotes":""},"categories":[62],"tags":[333,9,2026,1402,4656],"ppma_author":[22603],"class_list":["post-47275","post","type-post","status-publish","format-standard","has-post-thumbnail","hentry","category-stiri","tag-biciclete","tag-bucuresti","tag-horia-tomescu","tag-reabilitare","tag-tineretului"],"acf":[],"yoast_head":"<!-- This site is optimized with the Yoast SEO Premium plugin v25.3 (Yoast SEO v27.4) - https:\/\/yoast.com\/product\/yoast-seo-premium-wordpress\/ -->\n<title>Se reabiliteaz\u0103 aleile pietonale din jurul Parcului Tineretului, dup\u0103 20 de ani - Buletin de Bucure\u0219ti<\/title>\n<meta name=\"description\" content=\"Prima etap\u0103 din reabilitarea aleilor pietonale din jurul Parcului Tineretului a \u00eenceput. Lucr\u0103rile vor dura 45 de zile.\" \/>\n<meta name=\"robots\" content=\"index, follow, max-snippet:-1, max-image-preview:large, max-video-preview:-1\" \/>\n<link rel=\"canonical\" href=\"https:\/\/buletin.de\/bucuresti\/se-reabiliteaza-aleile-pietonale-din-jurul-parcului-tineretului-dupa-20-de-ani\/\" \/>\n<meta property=\"og:locale\" content=\"en_GB\" \/>\n<meta property=\"og:type\" content=\"article\" \/>\n<meta property=\"og:title\" content=\"Se reabiliteaz\u0103 aleile pietonale din jurul Parcului Tineretului, dup\u0103 20 de ani\" \/>\n<meta property=\"og:description\" content=\"Prima etap\u0103 din reabilitarea aleilor pietonale din jurul Parcului Tineretului a \u00eenceput. Lucr\u0103rile vor dura 45 de zile.\" \/>\n<meta property=\"og:url\" content=\"https:\/\/buletin.de\/bucuresti\/se-reabiliteaza-aleile-pietonale-din-jurul-parcului-tineretului-dupa-20-de-ani\/\" \/>\n<meta property=\"og:site_name\" content=\"Buletin de Bucure\u0219ti\" \/>\n<meta property=\"article:publisher\" content=\"https:\/\/www.facebook.com\/buletin.de.buc\" \/>\n<meta property=\"article:published_time\" content=\"2022-10-12T15:52:34+00:00\" \/>\n<meta property=\"og:image\" content=\"https:\/\/buletin.de\/bucuresti\/wp-content\/uploads\/311676596_521639646635531_4663973285453199719_n.jpg\" \/>\n\t<meta property=\"og:image:width\" content=\"1600\" \/>\n\t<meta property=\"og:image:height\" content=\"720\" \/>\n\t<meta property=\"og:image:type\" content=\"image\/jpeg\" \/>\n<meta name=\"author\" content=\"Andra Mure\u0219an\" \/>\n<meta name=\"twitter:card\" content=\"summary_large_image\" \/>\n<meta name=\"twitter:label1\" content=\"Written by\" \/>\n\t<meta name=\"twitter:data1\" content=\"Andra Mure\u0219an\" \/>\n\t<meta name=\"twitter:label2\" content=\"Estimated reading time\" \/>\n\t<meta name=\"twitter:data2\" content=\"1 minute\" \/>\n<script type=\"application\/ld+json\" class=\"yoast-schema-graph\">{\"@context\":\"https:\\\/\\\/schema.org\",\"@graph\":[{\"@type\":\"Article\",\"@id\":\"https:\\\/\\\/buletin.de\\\/bucuresti\\\/se-reabiliteaza-aleile-pietonale-din-jurul-parcului-tineretului-dupa-20-de-ani\\\/#article\",\"isPartOf\":{\"@id\":\"https:\\\/\\\/buletin.de\\\/bucuresti\\\/se-reabiliteaza-aleile-pietonale-din-jurul-parcului-tineretului-dupa-20-de-ani\\\/\"},\"author\":{\"name\":\"Andra Mure\u0219an\",\"@id\":\"https:\\\/\\\/buletin.de\\\/bucuresti\\\/#\\\/schema\\\/person\\\/2305426a193cfbaadc0b30023ee5d01c\"},\"headline\":\"Se reabiliteaz\u0103 aleile pietonale din jurul Parcului Tineretului, dup\u0103 20 de ani\",\"datePublished\":\"2022-10-12T15:52:34+00:00\",\"mainEntityOfPage\":{\"@id\":\"https:\\\/\\\/buletin.de\\\/bucuresti\\\/se-reabiliteaza-aleile-pietonale-din-jurul-parcului-tineretului-dupa-20-de-ani\\\/\"},\"wordCount\":134,\"publisher\":{\"@id\":\"https:\\\/\\\/buletin.de\\\/bucuresti\\\/#organization\"},\"image\":{\"@id\":\"https:\\\/\\\/buletin.de\\\/bucuresti\\\/se-reabiliteaza-aleile-pietonale-din-jurul-parcului-tineretului-dupa-20-de-ani\\\/#primaryimage\"},\"thumbnailUrl\":\"https:\\\/\\\/buletin.de\\\/bucuresti\\\/wp-content\\\/uploads\\\/311676596_521639646635531_4663973285453199719_n.jpg\",\"keywords\":[\"biciclete\",\"bucuresti\",\"horia tomescu\",\"reabilitare\",\"tineretului\"],\"articleSection\":[\"\u0218tiri\"],\"inLanguage\":\"en-GB\",\"copyrightYear\":\"2022\",\"copyrightHolder\":{\"@id\":\"https:\\\/\\\/buletin.de\\\/bucuresti\\\/#organization\"}},{\"@type\":\"WebPage\",\"@id\":\"https:\\\/\\\/buletin.de\\\/bucuresti\\\/se-reabiliteaza-aleile-pietonale-din-jurul-parcului-tineretului-dupa-20-de-ani\\\/\",\"url\":\"https:\\\/\\\/buletin.de\\\/bucuresti\\\/se-reabiliteaza-aleile-pietonale-din-jurul-parcului-tineretului-dupa-20-de-ani\\\/\",\"name\":\"Se reabiliteaz\u0103 aleile pietonale din jurul Parcului Tineretului, dup\u0103 20 de ani - Buletin de Bucure\u0219ti\",\"isPartOf\":{\"@id\":\"https:\\\/\\\/buletin.de\\\/bucuresti\\\/#website\"},\"primaryImageOfPage\":{\"@id\":\"https:\\\/\\\/buletin.de\\\/bucuresti\\\/se-reabiliteaza-aleile-pietonale-din-jurul-parcului-tineretului-dupa-20-de-ani\\\/#primaryimage\"},\"image\":{\"@id\":\"https:\\\/\\\/buletin.de\\\/bucuresti\\\/se-reabiliteaza-aleile-pietonale-din-jurul-parcului-tineretului-dupa-20-de-ani\\\/#primaryimage\"},\"thumbnailUrl\":\"https:\\\/\\\/buletin.de\\\/bucuresti\\\/wp-content\\\/uploads\\\/311676596_521639646635531_4663973285453199719_n.jpg\",\"datePublished\":\"2022-10-12T15:52:34+00:00\",\"description\":\"Prima etap\u0103 din reabilitarea aleilor pietonale din jurul Parcului Tineretului a \u00eenceput. Lucr\u0103rile vor dura 45 de zile.\",\"breadcrumb\":{\"@id\":\"https:\\\/\\\/buletin.de\\\/bucuresti\\\/se-reabiliteaza-aleile-pietonale-din-jurul-parcului-tineretului-dupa-20-de-ani\\\/#breadcrumb\"},\"inLanguage\":\"en-GB\",\"potentialAction\":[{\"@type\":\"ReadAction\",\"target\":[\"https:\\\/\\\/buletin.de\\\/bucuresti\\\/se-reabiliteaza-aleile-pietonale-din-jurul-parcului-tineretului-dupa-20-de-ani\\\/\"]}]},{\"@type\":\"ImageObject\",\"inLanguage\":\"en-GB\",\"@id\":\"https:\\\/\\\/buletin.de\\\/bucuresti\\\/se-reabiliteaza-aleile-pietonale-din-jurul-parcului-tineretului-dupa-20-de-ani\\\/#primaryimage\",\"url\":\"https:\\\/\\\/buletin.de\\\/bucuresti\\\/wp-content\\\/uploads\\\/311676596_521639646635531_4663973285453199719_n.jpg\",\"contentUrl\":\"https:\\\/\\\/buletin.de\\\/bucuresti\\\/wp-content\\\/uploads\\\/311676596_521639646635531_4663973285453199719_n.jpg\",\"width\":1600,\"height\":720},{\"@type\":\"BreadcrumbList\",\"@id\":\"https:\\\/\\\/buletin.de\\\/bucuresti\\\/se-reabiliteaza-aleile-pietonale-din-jurul-parcului-tineretului-dupa-20-de-ani\\\/#breadcrumb\",\"itemListElement\":[{\"@type\":\"ListItem\",\"position\":1,\"name\":\"Acas\u0103\",\"item\":\"https:\\\/\\\/buletin.de\\\/bucuresti\\\/\"},{\"@type\":\"ListItem\",\"position\":2,\"name\":\"Se reabiliteaz\u0103 aleile pietonale din jurul Parcului Tineretului, dup\u0103 20 de ani\"}]},{\"@type\":\"WebSite\",\"@id\":\"https:\\\/\\\/buletin.de\\\/bucuresti\\\/#website\",\"url\":\"https:\\\/\\\/buletin.de\\\/bucuresti\\\/\",\"name\":\"Buletin de Bucure\u0219ti\",\"description\":\"\u0218tiri \u0219i investiga\u021bii esen\u021biale din capital\u0103\",\"publisher\":{\"@id\":\"https:\\\/\\\/buletin.de\\\/bucuresti\\\/#organization\"},\"potentialAction\":[{\"@type\":\"SearchAction\",\"target\":{\"@type\":\"EntryPoint\",\"urlTemplate\":\"https:\\\/\\\/buletin.de\\\/bucuresti\\\/?s={search_term_string}\"},\"query-input\":{\"@type\":\"PropertyValueSpecification\",\"valueRequired\":true,\"valueName\":\"search_term_string\"}}],\"inLanguage\":\"en-GB\"},{\"@type\":\"Organization\",\"@id\":\"https:\\\/\\\/buletin.de\\\/bucuresti\\\/#organization\",\"name\":\"Buletin de Bucure\u0219ti\",\"url\":\"https:\\\/\\\/buletin.de\\\/bucuresti\\\/\",\"logo\":{\"@type\":\"ImageObject\",\"inLanguage\":\"en-GB\",\"@id\":\"https:\\\/\\\/buletin.de\\\/bucuresti\\\/#\\\/schema\\\/logo\\\/image\\\/\",\"url\":\"https:\\\/\\\/buletin.de\\\/bucuresti\\\/wp-content\\\/uploads\\\/logo-bdb-full-wide-vernil-transparent.png\",\"contentUrl\":\"https:\\\/\\\/buletin.de\\\/bucuresti\\\/wp-content\\\/uploads\\\/logo-bdb-full-wide-vernil-transparent.png\",\"width\":1782,\"height\":626,\"caption\":\"Buletin de Bucure\u0219ti\"},\"image\":{\"@id\":\"https:\\\/\\\/buletin.de\\\/bucuresti\\\/#\\\/schema\\\/logo\\\/image\\\/\"},\"sameAs\":[\"https:\\\/\\\/www.facebook.com\\\/buletin.de.buc\",\"https:\\\/\\\/www.instagram.com\\\/buletinde.bucuresti\\\/\"]},{\"@type\":\"Person\",\"@id\":\"https:\\\/\\\/buletin.de\\\/bucuresti\\\/#\\\/schema\\\/person\\\/2305426a193cfbaadc0b30023ee5d01c\",\"name\":\"Andra Mure\u0219an\",\"image\":{\"@type\":\"ImageObject\",\"inLanguage\":\"en-GB\",\"@id\":\"https:\\\/\\\/secure.gravatar.com\\\/avatar\\\/0f89940de76acadc8ab9c36e6cec5b672fc84ab1bf1537562fa8584e29dfa8a5?s=96&d=monsterid&r=g30a40ed95e1c0fc67315c6f2c6fa871e\",\"url\":\"https:\\\/\\\/secure.gravatar.com\\\/avatar\\\/0f89940de76acadc8ab9c36e6cec5b672fc84ab1bf1537562fa8584e29dfa8a5?s=96&d=monsterid&r=g\",\"contentUrl\":\"https:\\\/\\\/secure.gravatar.com\\\/avatar\\\/0f89940de76acadc8ab9c36e6cec5b672fc84ab1bf1537562fa8584e29dfa8a5?s=96&d=monsterid&r=g\",\"caption\":\"Andra Mure\u0219an\"},\"url\":\"https:\\\/\\\/buletin.de\\\/bucuresti\\\/author\\\/andra\\\/\"}]}<\/script>\n<!-- \/ Yoast SEO Premium plugin. -->","yoast_head_json":{"title":"Se reabiliteaz\u0103 aleile pietonale din jurul Parcului Tineretului, dup\u0103 20 de ani - Buletin de Bucure\u0219ti","description":"Prima etap\u0103 din reabilitarea aleilor pietonale din jurul Parcului Tineretului a \u00eenceput. Lucr\u0103rile vor dura 45 de zile.","robots":{"index":"index","follow":"follow","max-snippet":"max-snippet:-1","max-image-preview":"max-image-preview:large","max-video-preview":"max-video-preview:-1"},"canonical":"https:\/\/buletin.de\/bucuresti\/se-reabiliteaza-aleile-pietonale-din-jurul-parcului-tineretului-dupa-20-de-ani\/","og_locale":"en_GB","og_type":"article","og_title":"Se reabiliteaz\u0103 aleile pietonale din jurul Parcului Tineretului, dup\u0103 20 de ani","og_description":"Prima etap\u0103 din reabilitarea aleilor pietonale din jurul Parcului Tineretului a \u00eenceput. Lucr\u0103rile vor dura 45 de zile.","og_url":"https:\/\/buletin.de\/bucuresti\/se-reabiliteaza-aleile-pietonale-din-jurul-parcului-tineretului-dupa-20-de-ani\/","og_site_name":"Buletin de Bucure\u0219ti","article_publisher":"https:\/\/www.facebook.com\/buletin.de.buc","article_published_time":"2022-10-12T15:52:34+00:00","og_image":[{"width":1600,"height":720,"url":"https:\/\/buletin.de\/bucuresti\/wp-content\/uploads\/311676596_521639646635531_4663973285453199719_n.jpg","type":"image\/jpeg"}],"author":"Andra Mure\u0219an","twitter_card":"summary_large_image","twitter_misc":{"Written by":"Andra Mure\u0219an","Estimated reading time":"1 minute"},"schema":{"@context":"https:\/\/schema.org","@graph":[{"@type":"Article","@id":"https:\/\/buletin.de\/bucuresti\/se-reabiliteaza-aleile-pietonale-din-jurul-parcului-tineretului-dupa-20-de-ani\/#article","isPartOf":{"@id":"https:\/\/buletin.de\/bucuresti\/se-reabiliteaza-aleile-pietonale-din-jurul-parcului-tineretului-dupa-20-de-ani\/"},"author":{"name":"Andra Mure\u0219an","@id":"https:\/\/buletin.de\/bucuresti\/#\/schema\/person\/2305426a193cfbaadc0b30023ee5d01c"},"headline":"Se reabiliteaz\u0103 aleile pietonale din jurul Parcului Tineretului, dup\u0103 20 de ani","datePublished":"2022-10-12T15:52:34+00:00","mainEntityOfPage":{"@id":"https:\/\/buletin.de\/bucuresti\/se-reabiliteaza-aleile-pietonale-din-jurul-parcului-tineretului-dupa-20-de-ani\/"},"wordCount":134,"publisher":{"@id":"https:\/\/buletin.de\/bucuresti\/#organization"},"image":{"@id":"https:\/\/buletin.de\/bucuresti\/se-reabiliteaza-aleile-pietonale-din-jurul-parcului-tineretului-dupa-20-de-ani\/#primaryimage"},"thumbnailUrl":"https:\/\/buletin.de\/bucuresti\/wp-content\/uploads\/311676596_521639646635531_4663973285453199719_n.jpg","keywords":["biciclete","bucuresti","horia tomescu","reabilitare","tineretului"],"articleSection":["\u0218tiri"],"inLanguage":"en-GB","copyrightYear":"2022","copyrightHolder":{"@id":"https:\/\/buletin.de\/bucuresti\/#organization"}},{"@type":"WebPage","@id":"https:\/\/buletin.de\/bucuresti\/se-reabiliteaza-aleile-pietonale-din-jurul-parcului-tineretului-dupa-20-de-ani\/","url":"https:\/\/buletin.de\/bucuresti\/se-reabiliteaza-aleile-pietonale-din-jurul-parcului-tineretului-dupa-20-de-ani\/","name":"Se reabiliteaz\u0103 aleile pietonale din jurul Parcului Tineretului, dup\u0103 20 de ani - Buletin de Bucure\u0219ti","isPartOf":{"@id":"https:\/\/buletin.de\/bucuresti\/#website"},"primaryImageOfPage":{"@id":"https:\/\/buletin.de\/bucuresti\/se-reabiliteaza-aleile-pietonale-din-jurul-parcului-tineretului-dupa-20-de-ani\/#primaryimage"},"image":{"@id":"https:\/\/buletin.de\/bucuresti\/se-reabiliteaza-aleile-pietonale-din-jurul-parcului-tineretului-dupa-20-de-ani\/#primaryimage"},"thumbnailUrl":"https:\/\/buletin.de\/bucuresti\/wp-content\/uploads\/311676596_521639646635531_4663973285453199719_n.jpg","datePublished":"2022-10-12T15:52:34+00:00","description":"Prima etap\u0103 din reabilitarea aleilor pietonale din jurul Parcului Tineretului a \u00eenceput. Lucr\u0103rile vor dura 45 de zile.","breadcrumb":{"@id":"https:\/\/buletin.de\/bucuresti\/se-reabiliteaza-aleile-pietonale-din-jurul-parcului-tineretului-dupa-20-de-ani\/#breadcrumb"},"inLanguage":"en-GB","potentialAction":[{"@type":"ReadAction","target":["https:\/\/buletin.de\/bucuresti\/se-reabiliteaza-aleile-pietonale-din-jurul-parcului-tineretului-dupa-20-de-ani\/"]}]},{"@type":"ImageObject","inLanguage":"en-GB","@id":"https:\/\/buletin.de\/bucuresti\/se-reabiliteaza-aleile-pietonale-din-jurul-parcului-tineretului-dupa-20-de-ani\/#primaryimage","url":"https:\/\/buletin.de\/bucuresti\/wp-content\/uploads\/311676596_521639646635531_4663973285453199719_n.jpg","contentUrl":"https:\/\/buletin.de\/bucuresti\/wp-content\/uploads\/311676596_521639646635531_4663973285453199719_n.jpg","width":1600,"height":720},{"@type":"BreadcrumbList","@id":"https:\/\/buletin.de\/bucuresti\/se-reabiliteaza-aleile-pietonale-din-jurul-parcului-tineretului-dupa-20-de-ani\/#breadcrumb","itemListElement":[{"@type":"ListItem","position":1,"name":"Acas\u0103","item":"https:\/\/buletin.de\/bucuresti\/"},{"@type":"ListItem","position":2,"name":"Se reabiliteaz\u0103 aleile pietonale din jurul Parcului Tineretului, dup\u0103 20 de ani"}]},{"@type":"WebSite","@id":"https:\/\/buletin.de\/bucuresti\/#website","url":"https:\/\/buletin.de\/bucuresti\/","name":"Buletin de Bucure\u0219ti","description":"\u0218tiri \u0219i investiga\u021bii esen\u021biale din capital\u0103","publisher":{"@id":"https:\/\/buletin.de\/bucuresti\/#organization"},"potentialAction":[{"@type":"SearchAction","target":{"@type":"EntryPoint","urlTemplate":"https:\/\/buletin.de\/bucuresti\/?s={search_term_string}"},"query-input":{"@type":"PropertyValueSpecification","valueRequired":true,"valueName":"search_term_string"}}],"inLanguage":"en-GB"},{"@type":"Organization","@id":"https:\/\/buletin.de\/bucuresti\/#organization","name":"Buletin de Bucure\u0219ti","url":"https:\/\/buletin.de\/bucuresti\/","logo":{"@type":"ImageObject","inLanguage":"en-GB","@id":"https:\/\/buletin.de\/bucuresti\/#\/schema\/logo\/image\/","url":"https:\/\/buletin.de\/bucuresti\/wp-content\/uploads\/logo-bdb-full-wide-vernil-transparent.png","contentUrl":"https:\/\/buletin.de\/bucuresti\/wp-content\/uploads\/logo-bdb-full-wide-vernil-transparent.png","width":1782,"height":626,"caption":"Buletin de Bucure\u0219ti"},"image":{"@id":"https:\/\/buletin.de\/bucuresti\/#\/schema\/logo\/image\/"},"sameAs":["https:\/\/www.facebook.com\/buletin.de.buc","https:\/\/www.instagram.com\/buletinde.bucuresti\/"]},{"@type":"Person","@id":"https:\/\/buletin.de\/bucuresti\/#\/schema\/person\/2305426a193cfbaadc0b30023ee5d01c","name":"Andra Mure\u0219an","image":{"@type":"ImageObject","inLanguage":"en-GB","@id":"https:\/\/secure.gravatar.com\/avatar\/0f89940de76acadc8ab9c36e6cec5b672fc84ab1bf1537562fa8584e29dfa8a5?s=96&d=monsterid&r=g30a40ed95e1c0fc67315c6f2c6fa871e","url":"https:\/\/secure.gravatar.com\/avatar\/0f89940de76acadc8ab9c36e6cec5b672fc84ab1bf1537562fa8584e29dfa8a5?s=96&d=monsterid&r=g","contentUrl":"https:\/\/secure.gravatar.com\/avatar\/0f89940de76acadc8ab9c36e6cec5b672fc84ab1bf1537562fa8584e29dfa8a5?s=96&d=monsterid&r=g","caption":"Andra Mure\u0219an"},"url":"https:\/\/buletin.de\/bucuresti\/author\/andra\/"}]}},"authors":[{"term_id":22603,"user_id":42,"is_guest":0,"slug":"andra","display_name":"Andra Mure\u0219an","avatar_url":"https:\/\/secure.gravatar.com\/avatar\/0f89940de76acadc8ab9c36e6cec5b672fc84ab1bf1537562fa8584e29dfa8a5?s=96&d=monsterid&r=g","0":null,"1":"","2":"","3":"","4":"","5":"","6":"","7":"","8":""}],"_links":{"self":[{"href":"https:\/\/buletin.de\/bucuresti\/wp-json\/wp\/v2\/posts\/47275","targetHints":{"allow":["GET"]}}],"collection":[{"href":"https:\/\/buletin.de\/bucuresti\/wp-json\/wp\/v2\/posts"}],"about":[{"href":"https:\/\/buletin.de\/bucuresti\/wp-json\/wp\/v2\/types\/post"}],"author":[{"embeddable":true,"href":"https:\/\/buletin.de\/bucuresti\/wp-json\/wp\/v2\/users\/42"}],"replies":[{"embeddable":true,"href":"https:\/\/buletin.de\/bucuresti\/wp-json\/wp\/v2\/comments?post=47275"}],"version-history":[{"count":3,"href":"https:\/\/buletin.de\/bucuresti\/wp-json\/wp\/v2\/posts\/47275\/revisions"}],"predecessor-version":[{"id":47281,"href":"https:\/\/buletin.de\/bucuresti\/wp-json\/wp\/v2\/posts\/47275\/revisions\/47281"}],"wp:featuredmedia":[{"embeddable":true,"href":"https:\/\/buletin.de\/bucuresti\/wp-json\/wp\/v2\/media\/47277"}],"wp:attachment":[{"href":"https:\/\/buletin.de\/bucuresti\/wp-json\/wp\/v2\/media?parent=47275"}],"wp:term":[{"taxonomy":"category","embeddable":true,"href":"https:\/\/buletin.de\/bucuresti\/wp-json\/wp\/v2\/categories?post=47275"},{"taxonomy":"post_tag","embeddable":true,"href":"https:\/\/buletin.de\/bucuresti\/wp-json\/wp\/v2\/tags?post=47275"},{"taxonomy":"author","embeddable":true,"href":"https:\/\/buletin.de\/bucuresti\/wp-json\/wp\/v2\/ppma_author?post=47275"}],"curies":[{"name":"wp","href":"https:\/\/api.w.org\/{rel}","templated":true}]}}