{"id":47272,"date":"2022-10-12T15:14:48","date_gmt":"2022-10-12T13:14:48","guid":{"rendered":"https:\/\/buletin.de\/bucuresti\/?p=47272"},"modified":"2022-10-12T15:14:49","modified_gmt":"2022-10-12T13:14:49","slug":"clotilde-armand-mansarda-distrusa-de-incendiul-de-seara-trecuta-construita-ilegal-daniel-tudorache-a-rezolvat-o-din-acte","status":"publish","type":"post","link":"https:\/\/buletin.de\/bucuresti\/clotilde-armand-mansarda-distrusa-de-incendiul-de-seara-trecuta-construita-ilegal-daniel-tudorache-a-rezolvat-o-din-acte\/","title":{"rendered":"Clotilde Armand: Mansarda distrus\u0103 de incendiul de seara trecut\u0103, construit\u0103 ilegal. Daniel Tudorache a rezolvat-o din acte"},"content":{"rendered":"\n<p>Primarul sectorului 1, Clotilde Armand face acuza\u021bii grave la adresa fostei conduceri a Prim\u0103riei. Edilul sus\u021bine c\u0103 a g\u0103sit nereguli grave la modul \u00een care a fost construit fostul hotel Persepolis, a c\u0103rui mansard\u0103 a fost distrus\u0103 de un incendiu noaptea trecut\u0103. Armand spune c\u0103 ultimele etaje ale cl\u0103dirii au fost construite ilegal \u0219i, de\u0219i exista un proces pe rol \u00een care disciplina \u00een construc\u021bii cerea demolarea lor, fostul primar Daniel Tudorache a rezolvat problema din acte. <\/p>\n\n\n\n<p>Clotilde Armand sus\u021bine, \u00eentr-o postare pe pagina sa de Facebook, c\u0103 a verificat documenta\u021biile de urbanism emise \u00een cazul construc\u021biei fostului hotel Persepolis, acum bloc de locuin\u021be. Pentru c\u0103 a descoperit un \u0219ir lung de nereguli, Armand declar\u0103 c\u0103 va sesiza Parchetul.<\/p>\n\n\n\n<p>&#8220;A\u0219a cum am b\u0103nuit, am verificat documenta\u021biile de urbanism emise \u00een cazul construc\u021biei fostului hotel Persepolis, transformat \u00een prezent \u00een bloc de locuin\u021be, din Cartierul Francez, a c\u0103ruit mansard\u0103 a fost cuprins\u0103 asear\u0103 de fl\u0103c\u0103ri. Am constatat o serie de ilegalit\u0103\u021bi \u00een aceste acte oficiale \u0219i ele ne arat\u0103, \u00eenc\u0103 o dat\u0103, sistemul corupt care a guvernat Prim\u0103ria Sectorului 1 \u00een timpul fostelor administra\u021bii. \u00cen acest caz, voi sesiza Parchetul pentru ca to\u021bi care au permis intrarea \u00een legalitate a acestei construc\u021bii \u0219i au \u00eenc\u0103lcat norme esen\u021biale ale legisla\u021biei de urbanism s\u0103 fie tra\u0219i la r\u0103spundere&#8221;, scrie Clotilde Armand.<\/p>\n\n\n\n<h2 class=\"wp-block-heading\">Cronologia faptelor <\/h2>\n\n\n\n<p>Edilul sectorului 1 a \u00eentocmit \u0219i o cronologie a faptelor, \u0219i a explicat cum a reu\u0219it fosta administra\u021bie s\u0103 bage \u00een legaitate o construc\u021bie f\u0103r\u0103 autoriza\u021bie<\/p>\n\n\n\n<p>Pe 7 iunie 2012, Poli\u021bia Local\u0103 Sector 1 a constatat c\u0103 societatea Persepolis Development, administrat\u0103 de Manochehr Saadati Sohi ridicase dou\u0103 etaje ale imobilului din str. Virgil Madgearu f\u0103r\u0103 autoriza\u021bie de construc\u021bie, stadiul lucr\u0103rilor fiind de 100% finalizat, explic\u0103 Clotilde Armand.  Regimul de \u00een\u0103l\u021bime prev\u0103zut de PUG pentru aceast\u0103 zon\u0103 unde este amplasat imobilul era de maxim P+2 iar hotelul avea 4. Serviciul de disciplin\u0103 \u00een construc\u021bii de la Poli\u021bia Local\u0103 Sector 1 solicit\u0103 pe 27 noiembrie 2012, \u00een instan\u021b\u0103, demolarea construc\u021biilor realizate nelegal.<\/p>\n\n\n\n<p>Pe 26 iunie 2013, Judec\u0103toria Sectorului 1 a admis cererea \u0219i a obligat societatea s\u0103 demoleze construc\u021biile efectuate f\u0103r\u0103 autoriza\u021bie de construire. Cu recurs.<\/p>\n\n\n\n<p>28 septembrie 2017- Fostul primar al Sectorului 1, Daniel Tudorache, a eliberat Certificatul de Urbanism 1650\/142\/M\/31748 pentru ob\u021binerea autoriza\u021biei de construire pentru intrarea \u00een legalitate.<\/p>\n\n\n\n<p>1 februarie 2019: Tribunalul Bucure\u0219ti a respins recursul \u0219i a men\u021binut decizia de demolare. Cu apel.<\/p>\n\n\n\n<p>23 octombrie 2019: Fostul viceprimar al Sectorului 1, Daniela Popa, a semnat autoriza\u021bia de construire 528\/31\/V\/16739 pentru intrarea \u00een legalitate pentru imobil cu S+P+4E+M (5r).<\/p>\n\n\n\n<figure class=\"wp-block-image size-large\"><img fetchpriority=\"high\" decoding=\"async\" width=\"900\" height=\"614\" src=\"data:image\/gif;base64,R0lGODlhAQABAAAAACH5BAEKAAEALAAAAAABAAEAAAICTAEAOw==\" data-src=\"https:\/\/buletin.de\/bucuresti\/wp-content\/uploads\/311245606_656618555829473_5429723804510035061_n-900x614.jpg\" alt=\"\" class=\"wp-image-47273 lazyload\" data-sizes=\"auto\" data-srcset=\"https:\/\/buletin.de\/bucuresti\/wp-content\/uploads\/311245606_656618555829473_5429723804510035061_n-900x614.jpg 900w, https:\/\/buletin.de\/bucuresti\/wp-content\/uploads\/311245606_656618555829473_5429723804510035061_n-300x205.jpg 300w, https:\/\/buletin.de\/bucuresti\/wp-content\/uploads\/311245606_656618555829473_5429723804510035061_n-768x524.jpg 768w, https:\/\/buletin.de\/bucuresti\/wp-content\/uploads\/311245606_656618555829473_5429723804510035061_n-1536x1048.jpg 1536w, https:\/\/buletin.de\/bucuresti\/wp-content\/uploads\/311245606_656618555829473_5429723804510035061_n-1060x723.jpg 1060w, https:\/\/buletin.de\/bucuresti\/wp-content\/uploads\/311245606_656618555829473_5429723804510035061_n-550x375.jpg 550w, https:\/\/buletin.de\/bucuresti\/wp-content\/uploads\/311245606_656618555829473_5429723804510035061_n-733x500.jpg 733w, https:\/\/buletin.de\/bucuresti\/wp-content\/uploads\/311245606_656618555829473_5429723804510035061_n-1920x1310.jpg 1920w, https:\/\/buletin.de\/bucuresti\/wp-content\/uploads\/311245606_656618555829473_5429723804510035061_n-1583x1080.jpg 1583w, https:\/\/buletin.de\/bucuresti\/wp-content\/uploads\/311245606_656618555829473_5429723804510035061_n-600x409.jpg 600w, https:\/\/buletin.de\/bucuresti\/wp-content\/uploads\/311245606_656618555829473_5429723804510035061_n.jpg 2048w\" sizes=\"(max-width: 900px) 100vw, 900px\" \/><figcaption>sursa Facebook Clotilde Armand<\/figcaption><\/figure>\n\n\n\n<p>8 noiembrie 2019, ora 08.00: Persepolis Development a \u00eenceput execu\u021bia lucr\u0103rilor.<\/p>\n\n\n\n<p>9 noiembrie 2019, ora 10.00: Persepolis Development a \u00eencheiat execu\u021bia lucr\u0103rilor.<\/p>\n\n\n\n<p>20 septembrie 2020: Curtea de Apel Bucure\u0219ti a schimbat total sentin\u021ba \u0219i a respins cererea de demolare, dup\u0103 ce a constatat c\u0103 tot ce s-a construit nelegal a fost autorizat de Prim\u0103ria Sectorului 1 prin emiterea autoriza\u021biei de construire.<\/p>\n\n\n\n<p>Primarul sectorului 1 a declarat c\u0103 va sesiza Parchetul \u00een acest caz.<\/p>\n\n\n\n<p><\/p>\n\n\n\n<p> &#8220;Despre hidran\u021bii care nu au func\u021bionat ieri, v\u0103 spun c\u0103 la dosar exist\u0103 \u0219i un aviz de securitate la incendiu, emis pe 9 septembrie 2019, care avizeaz\u0103 documenta\u021bia tehnic\u0103 elaborat\u0103 pentru construc\u021bia\/amenajarea\/ instala\u021bia aferent\u0103 construc\u021biei (S+P+4E+M). Expertul care a \u00eentocmit documenta\u021bia a ar\u0103tat c\u0103 exist\u0103 hidran\u021bi exteriori \u00een vecin\u0103tate \u0219i c\u0103 exist\u0103 un risc mic de incendiu&#8221;, a mai ad\u0103ugat Clotilde Armand.<\/p>\n\n\n\n<p><\/p>\n\n\n<p><iframe src=\"https:\/\/www.facebook.com\/plugins\/post.php?href=https%3A%2F%2Fwww.facebook.com%2Fphoto%2F%3Ffbid%3D253186349506031%26set%3Da.253186306172702&#038;show_text=true&#038;width=500\" width=\"500\" height=\"441\" style=\"border:none;overflow:hidden\" scrolling=\"no\" frameborder=\"0\" allowfullscreen=\"true\" allow=\"autoplay; clipboard-write; encrypted-media; picture-in-picture; web-share\"><\/iframe><\/p>\n\n\n\n<p>Seara trecut\u0103, un incediu a cuprins mansarda fostului Hotel Persepolis, acum bloc de locuin\u021be. A fost nevoie de interven\u021bia a peste 100 de pompieri, cu 20 de autospeciale. Au ars peste 1100 de mp din 8 apartamente. <\/p>\n\n\n\n<p><\/p>\n\n\n\n<figure class=\"wp-block-embed is-type-wp-embed is-provider-buletin-de-bucure\u0219ti wp-block-embed-buletin-de-bucure\u0219ti\"><div class=\"wp-block-embed__wrapper\">\n<blockquote class=\"wp-embedded-content\" data-secret=\"GdoQaHMNtR\"><a href=\"https:\/\/buletin.de\/bucuresti\/arde-acoperisul-unui-penthouse-de-pe-soseaua-nordului\/\">Arde acoperi\u0219ul unui penthouse de pe \u0218oseaua Nordului<\/a><\/blockquote><iframe class=\"wp-embedded-content\" sandbox=\"allow-scripts\" security=\"restricted\" style=\"position: absolute; clip: rect(1px, 1px, 1px, 1px);\" title=\"&#8220;Arde acoperi\u0219ul unui penthouse de pe \u0218oseaua Nordului&#8221; &#8212; Buletin de Bucure\u0219ti\" src=\"https:\/\/buletin.de\/bucuresti\/arde-acoperisul-unui-penthouse-de-pe-soseaua-nordului\/embed\/#?secret=CfDU0RbYtn#?secret=GdoQaHMNtR\" data-secret=\"GdoQaHMNtR\" width=\"600\" height=\"338\" frameborder=\"0\" marginwidth=\"0\" marginheight=\"0\" scrolling=\"no\"><\/iframe>\n<\/div><\/figure>\n","protected":false},"excerpt":{"rendered":"<p>Primarul sectorului 1, Clotilde Armand face acuza\u021bii grave la adresa fostei conduceri a Prim\u0103riei. Edilul sus\u021bine c\u0103 a g\u0103sit nereguli grave la modul \u00een care a fost construit fostul hotel Persepolis, a c\u0103rui mansard\u0103 a fost distrus\u0103 de un incendiu noaptea trecut\u0103. Armand spune c\u0103 ultimele etaje ale cl\u0103dirii au fost construite ilegal \u0219i, de\u0219i [&hellip;]<\/p>\n","protected":false},"author":18,"featured_media":47261,"comment_status":"closed","ping_status":"open","sticky":false,"template":"","format":"standard","meta":{"_acf_changed":false,"inline_featured_image":false,"ngg_post_thumbnail":0,"footnotes":""},"categories":[62],"tags":[],"ppma_author":[22579],"class_list":["post-47272","post","type-post","status-publish","format-standard","has-post-thumbnail","hentry","category-stiri"],"acf":[],"yoast_head":"<!-- This site is optimized with the Yoast SEO Premium plugin v25.3 (Yoast SEO v27.4) - https:\/\/yoast.com\/product\/yoast-seo-premium-wordpress\/ -->\n<title>Clotilde Armand: Mansarda distrus\u0103 de incendiul de seara trecut\u0103, construit\u0103 ilegal. Daniel Tudorache a rezolvat-o din acte - Buletin de Bucure\u0219ti<\/title>\n<meta name=\"robots\" content=\"index, follow, max-snippet:-1, max-image-preview:large, max-video-preview:-1\" \/>\n<link rel=\"canonical\" href=\"https:\/\/buletin.de\/bucuresti\/clotilde-armand-mansarda-distrusa-de-incendiul-de-seara-trecuta-construita-ilegal-daniel-tudorache-a-rezolvat-o-din-acte\/\" \/>\n<meta property=\"og:locale\" content=\"en_GB\" \/>\n<meta property=\"og:type\" content=\"article\" \/>\n<meta property=\"og:title\" content=\"Clotilde Armand: Mansarda distrus\u0103 de incendiul de seara trecut\u0103, construit\u0103 ilegal. Daniel Tudorache a rezolvat-o din acte\" \/>\n<meta property=\"og:description\" content=\"Primarul sectorului 1, Clotilde Armand face acuza\u021bii grave la adresa fostei conduceri a Prim\u0103riei. Edilul sus\u021bine c\u0103 a g\u0103sit nereguli grave la modul \u00een care a fost construit fostul hotel Persepolis, a c\u0103rui mansard\u0103 a fost distrus\u0103 de un incendiu noaptea trecut\u0103. Armand spune c\u0103 ultimele etaje ale cl\u0103dirii au fost construite ilegal \u0219i, de\u0219i [&hellip;]\" \/>\n<meta property=\"og:url\" content=\"https:\/\/buletin.de\/bucuresti\/clotilde-armand-mansarda-distrusa-de-incendiul-de-seara-trecuta-construita-ilegal-daniel-tudorache-a-rezolvat-o-din-acte\/\" \/>\n<meta property=\"og:site_name\" content=\"Buletin de Bucure\u0219ti\" \/>\n<meta property=\"article:publisher\" content=\"https:\/\/www.facebook.com\/buletin.de.buc\" \/>\n<meta property=\"article:published_time\" content=\"2022-10-12T13:14:48+00:00\" \/>\n<meta property=\"article:modified_time\" content=\"2022-10-12T13:14:49+00:00\" \/>\n<meta property=\"og:image\" content=\"https:\/\/buletin.de\/bucuresti\/wp-content\/uploads\/Screen-Shot-2022-10-11-at-8.23.01-PM.png\" \/>\n\t<meta property=\"og:image:width\" content=\"1427\" \/>\n\t<meta property=\"og:image:height\" content=\"769\" \/>\n\t<meta property=\"og:image:type\" content=\"image\/png\" \/>\n<meta name=\"author\" content=\"Teodora Stroe\" \/>\n<meta name=\"twitter:card\" content=\"summary_large_image\" \/>\n<meta name=\"twitter:label1\" content=\"Written by\" \/>\n\t<meta name=\"twitter:data1\" content=\"Teodora Stroe\" \/>\n\t<meta name=\"twitter:label2\" content=\"Estimated reading time\" \/>\n\t<meta name=\"twitter:data2\" content=\"3 minutes\" \/>\n<script type=\"application\/ld+json\" class=\"yoast-schema-graph\">{\"@context\":\"https:\\\/\\\/schema.org\",\"@graph\":[{\"@type\":\"Article\",\"@id\":\"https:\\\/\\\/buletin.de\\\/bucuresti\\\/clotilde-armand-mansarda-distrusa-de-incendiul-de-seara-trecuta-construita-ilegal-daniel-tudorache-a-rezolvat-o-din-acte\\\/#article\",\"isPartOf\":{\"@id\":\"https:\\\/\\\/buletin.de\\\/bucuresti\\\/clotilde-armand-mansarda-distrusa-de-incendiul-de-seara-trecuta-construita-ilegal-daniel-tudorache-a-rezolvat-o-din-acte\\\/\"},\"author\":{\"name\":\"Teodora Stroe\",\"@id\":\"https:\\\/\\\/buletin.de\\\/bucuresti\\\/#\\\/schema\\\/person\\\/d369d7ddc775abece205795e0b804614\"},\"headline\":\"Clotilde Armand: Mansarda distrus\u0103 de incendiul de seara trecut\u0103, construit\u0103 ilegal. Daniel Tudorache a rezolvat-o din acte\",\"datePublished\":\"2022-10-12T13:14:48+00:00\",\"dateModified\":\"2022-10-12T13:14:49+00:00\",\"mainEntityOfPage\":{\"@id\":\"https:\\\/\\\/buletin.de\\\/bucuresti\\\/clotilde-armand-mansarda-distrusa-de-incendiul-de-seara-trecuta-construita-ilegal-daniel-tudorache-a-rezolvat-o-din-acte\\\/\"},\"wordCount\":664,\"publisher\":{\"@id\":\"https:\\\/\\\/buletin.de\\\/bucuresti\\\/#organization\"},\"image\":{\"@id\":\"https:\\\/\\\/buletin.de\\\/bucuresti\\\/clotilde-armand-mansarda-distrusa-de-incendiul-de-seara-trecuta-construita-ilegal-daniel-tudorache-a-rezolvat-o-din-acte\\\/#primaryimage\"},\"thumbnailUrl\":\"https:\\\/\\\/buletin.de\\\/bucuresti\\\/wp-content\\\/uploads\\\/Screen-Shot-2022-10-11-at-8.23.01-PM.png\",\"articleSection\":[\"\u0218tiri\"],\"inLanguage\":\"en-GB\",\"copyrightYear\":\"2022\",\"copyrightHolder\":{\"@id\":\"https:\\\/\\\/buletin.de\\\/bucuresti\\\/#organization\"}},{\"@type\":\"WebPage\",\"@id\":\"https:\\\/\\\/buletin.de\\\/bucuresti\\\/clotilde-armand-mansarda-distrusa-de-incendiul-de-seara-trecuta-construita-ilegal-daniel-tudorache-a-rezolvat-o-din-acte\\\/\",\"url\":\"https:\\\/\\\/buletin.de\\\/bucuresti\\\/clotilde-armand-mansarda-distrusa-de-incendiul-de-seara-trecuta-construita-ilegal-daniel-tudorache-a-rezolvat-o-din-acte\\\/\",\"name\":\"Clotilde Armand: Mansarda distrus\u0103 de incendiul de seara trecut\u0103, construit\u0103 ilegal. Daniel Tudorache a rezolvat-o din acte - Buletin de Bucure\u0219ti\",\"isPartOf\":{\"@id\":\"https:\\\/\\\/buletin.de\\\/bucuresti\\\/#website\"},\"primaryImageOfPage\":{\"@id\":\"https:\\\/\\\/buletin.de\\\/bucuresti\\\/clotilde-armand-mansarda-distrusa-de-incendiul-de-seara-trecuta-construita-ilegal-daniel-tudorache-a-rezolvat-o-din-acte\\\/#primaryimage\"},\"image\":{\"@id\":\"https:\\\/\\\/buletin.de\\\/bucuresti\\\/clotilde-armand-mansarda-distrusa-de-incendiul-de-seara-trecuta-construita-ilegal-daniel-tudorache-a-rezolvat-o-din-acte\\\/#primaryimage\"},\"thumbnailUrl\":\"https:\\\/\\\/buletin.de\\\/bucuresti\\\/wp-content\\\/uploads\\\/Screen-Shot-2022-10-11-at-8.23.01-PM.png\",\"datePublished\":\"2022-10-12T13:14:48+00:00\",\"dateModified\":\"2022-10-12T13:14:49+00:00\",\"breadcrumb\":{\"@id\":\"https:\\\/\\\/buletin.de\\\/bucuresti\\\/clotilde-armand-mansarda-distrusa-de-incendiul-de-seara-trecuta-construita-ilegal-daniel-tudorache-a-rezolvat-o-din-acte\\\/#breadcrumb\"},\"inLanguage\":\"en-GB\",\"potentialAction\":[{\"@type\":\"ReadAction\",\"target\":[\"https:\\\/\\\/buletin.de\\\/bucuresti\\\/clotilde-armand-mansarda-distrusa-de-incendiul-de-seara-trecuta-construita-ilegal-daniel-tudorache-a-rezolvat-o-din-acte\\\/\"]}]},{\"@type\":\"ImageObject\",\"inLanguage\":\"en-GB\",\"@id\":\"https:\\\/\\\/buletin.de\\\/bucuresti\\\/clotilde-armand-mansarda-distrusa-de-incendiul-de-seara-trecuta-construita-ilegal-daniel-tudorache-a-rezolvat-o-din-acte\\\/#primaryimage\",\"url\":\"https:\\\/\\\/buletin.de\\\/bucuresti\\\/wp-content\\\/uploads\\\/Screen-Shot-2022-10-11-at-8.23.01-PM.png\",\"contentUrl\":\"https:\\\/\\\/buletin.de\\\/bucuresti\\\/wp-content\\\/uploads\\\/Screen-Shot-2022-10-11-at-8.23.01-PM.png\",\"width\":1427,\"height\":769},{\"@type\":\"BreadcrumbList\",\"@id\":\"https:\\\/\\\/buletin.de\\\/bucuresti\\\/clotilde-armand-mansarda-distrusa-de-incendiul-de-seara-trecuta-construita-ilegal-daniel-tudorache-a-rezolvat-o-din-acte\\\/#breadcrumb\",\"itemListElement\":[{\"@type\":\"ListItem\",\"position\":1,\"name\":\"Acas\u0103\",\"item\":\"https:\\\/\\\/buletin.de\\\/bucuresti\\\/\"},{\"@type\":\"ListItem\",\"position\":2,\"name\":\"Clotilde Armand: Mansarda distrus\u0103 de incendiul de seara trecut\u0103, construit\u0103 ilegal. Daniel Tudorache a rezolvat-o din acte\"}]},{\"@type\":\"WebSite\",\"@id\":\"https:\\\/\\\/buletin.de\\\/bucuresti\\\/#website\",\"url\":\"https:\\\/\\\/buletin.de\\\/bucuresti\\\/\",\"name\":\"Buletin de Bucure\u0219ti\",\"description\":\"\u0218tiri \u0219i investiga\u021bii esen\u021biale din capital\u0103\",\"publisher\":{\"@id\":\"https:\\\/\\\/buletin.de\\\/bucuresti\\\/#organization\"},\"potentialAction\":[{\"@type\":\"SearchAction\",\"target\":{\"@type\":\"EntryPoint\",\"urlTemplate\":\"https:\\\/\\\/buletin.de\\\/bucuresti\\\/?s={search_term_string}\"},\"query-input\":{\"@type\":\"PropertyValueSpecification\",\"valueRequired\":true,\"valueName\":\"search_term_string\"}}],\"inLanguage\":\"en-GB\"},{\"@type\":\"Organization\",\"@id\":\"https:\\\/\\\/buletin.de\\\/bucuresti\\\/#organization\",\"name\":\"Buletin de Bucure\u0219ti\",\"url\":\"https:\\\/\\\/buletin.de\\\/bucuresti\\\/\",\"logo\":{\"@type\":\"ImageObject\",\"inLanguage\":\"en-GB\",\"@id\":\"https:\\\/\\\/buletin.de\\\/bucuresti\\\/#\\\/schema\\\/logo\\\/image\\\/\",\"url\":\"https:\\\/\\\/buletin.de\\\/bucuresti\\\/wp-content\\\/uploads\\\/logo-bdb-full-wide-vernil-transparent.png\",\"contentUrl\":\"https:\\\/\\\/buletin.de\\\/bucuresti\\\/wp-content\\\/uploads\\\/logo-bdb-full-wide-vernil-transparent.png\",\"width\":1782,\"height\":626,\"caption\":\"Buletin de Bucure\u0219ti\"},\"image\":{\"@id\":\"https:\\\/\\\/buletin.de\\\/bucuresti\\\/#\\\/schema\\\/logo\\\/image\\\/\"},\"sameAs\":[\"https:\\\/\\\/www.facebook.com\\\/buletin.de.buc\",\"https:\\\/\\\/www.instagram.com\\\/buletinde.bucuresti\\\/\"]},{\"@type\":\"Person\",\"@id\":\"https:\\\/\\\/buletin.de\\\/bucuresti\\\/#\\\/schema\\\/person\\\/d369d7ddc775abece205795e0b804614\",\"name\":\"Teodora Stroe\",\"image\":{\"@type\":\"ImageObject\",\"inLanguage\":\"en-GB\",\"@id\":\"https:\\\/\\\/secure.gravatar.com\\\/avatar\\\/2560b4cd9f5f1bc100b123158e657d75584bd1c3e1d9c69285720b9457c1b78d?s=96&d=monsterid&r=gc104800242ba5f2d78dd5d7dc4df08b6\",\"url\":\"https:\\\/\\\/secure.gravatar.com\\\/avatar\\\/2560b4cd9f5f1bc100b123158e657d75584bd1c3e1d9c69285720b9457c1b78d?s=96&d=monsterid&r=g\",\"contentUrl\":\"https:\\\/\\\/secure.gravatar.com\\\/avatar\\\/2560b4cd9f5f1bc100b123158e657d75584bd1c3e1d9c69285720b9457c1b78d?s=96&d=monsterid&r=g\",\"caption\":\"Teodora Stroe\"},\"url\":\"https:\\\/\\\/buletin.de\\\/bucuresti\\\/author\\\/simonacarlugea\\\/\"}]}<\/script>\n<!-- \/ Yoast SEO Premium plugin. -->","yoast_head_json":{"title":"Clotilde Armand: Mansarda distrus\u0103 de incendiul de seara trecut\u0103, construit\u0103 ilegal. Daniel Tudorache a rezolvat-o din acte - Buletin de Bucure\u0219ti","robots":{"index":"index","follow":"follow","max-snippet":"max-snippet:-1","max-image-preview":"max-image-preview:large","max-video-preview":"max-video-preview:-1"},"canonical":"https:\/\/buletin.de\/bucuresti\/clotilde-armand-mansarda-distrusa-de-incendiul-de-seara-trecuta-construita-ilegal-daniel-tudorache-a-rezolvat-o-din-acte\/","og_locale":"en_GB","og_type":"article","og_title":"Clotilde Armand: Mansarda distrus\u0103 de incendiul de seara trecut\u0103, construit\u0103 ilegal. Daniel Tudorache a rezolvat-o din acte","og_description":"Primarul sectorului 1, Clotilde Armand face acuza\u021bii grave la adresa fostei conduceri a Prim\u0103riei. Edilul sus\u021bine c\u0103 a g\u0103sit nereguli grave la modul \u00een care a fost construit fostul hotel Persepolis, a c\u0103rui mansard\u0103 a fost distrus\u0103 de un incendiu noaptea trecut\u0103. Armand spune c\u0103 ultimele etaje ale cl\u0103dirii au fost construite ilegal \u0219i, de\u0219i [&hellip;]","og_url":"https:\/\/buletin.de\/bucuresti\/clotilde-armand-mansarda-distrusa-de-incendiul-de-seara-trecuta-construita-ilegal-daniel-tudorache-a-rezolvat-o-din-acte\/","og_site_name":"Buletin de Bucure\u0219ti","article_publisher":"https:\/\/www.facebook.com\/buletin.de.buc","article_published_time":"2022-10-12T13:14:48+00:00","article_modified_time":"2022-10-12T13:14:49+00:00","og_image":[{"width":1427,"height":769,"url":"https:\/\/buletin.de\/bucuresti\/wp-content\/uploads\/Screen-Shot-2022-10-11-at-8.23.01-PM.png","type":"image\/png"}],"author":"Teodora Stroe","twitter_card":"summary_large_image","twitter_misc":{"Written by":"Teodora Stroe","Estimated reading time":"3 minutes"},"schema":{"@context":"https:\/\/schema.org","@graph":[{"@type":"Article","@id":"https:\/\/buletin.de\/bucuresti\/clotilde-armand-mansarda-distrusa-de-incendiul-de-seara-trecuta-construita-ilegal-daniel-tudorache-a-rezolvat-o-din-acte\/#article","isPartOf":{"@id":"https:\/\/buletin.de\/bucuresti\/clotilde-armand-mansarda-distrusa-de-incendiul-de-seara-trecuta-construita-ilegal-daniel-tudorache-a-rezolvat-o-din-acte\/"},"author":{"name":"Teodora Stroe","@id":"https:\/\/buletin.de\/bucuresti\/#\/schema\/person\/d369d7ddc775abece205795e0b804614"},"headline":"Clotilde Armand: Mansarda distrus\u0103 de incendiul de seara trecut\u0103, construit\u0103 ilegal. Daniel Tudorache a rezolvat-o din acte","datePublished":"2022-10-12T13:14:48+00:00","dateModified":"2022-10-12T13:14:49+00:00","mainEntityOfPage":{"@id":"https:\/\/buletin.de\/bucuresti\/clotilde-armand-mansarda-distrusa-de-incendiul-de-seara-trecuta-construita-ilegal-daniel-tudorache-a-rezolvat-o-din-acte\/"},"wordCount":664,"publisher":{"@id":"https:\/\/buletin.de\/bucuresti\/#organization"},"image":{"@id":"https:\/\/buletin.de\/bucuresti\/clotilde-armand-mansarda-distrusa-de-incendiul-de-seara-trecuta-construita-ilegal-daniel-tudorache-a-rezolvat-o-din-acte\/#primaryimage"},"thumbnailUrl":"https:\/\/buletin.de\/bucuresti\/wp-content\/uploads\/Screen-Shot-2022-10-11-at-8.23.01-PM.png","articleSection":["\u0218tiri"],"inLanguage":"en-GB","copyrightYear":"2022","copyrightHolder":{"@id":"https:\/\/buletin.de\/bucuresti\/#organization"}},{"@type":"WebPage","@id":"https:\/\/buletin.de\/bucuresti\/clotilde-armand-mansarda-distrusa-de-incendiul-de-seara-trecuta-construita-ilegal-daniel-tudorache-a-rezolvat-o-din-acte\/","url":"https:\/\/buletin.de\/bucuresti\/clotilde-armand-mansarda-distrusa-de-incendiul-de-seara-trecuta-construita-ilegal-daniel-tudorache-a-rezolvat-o-din-acte\/","name":"Clotilde Armand: Mansarda distrus\u0103 de incendiul de seara trecut\u0103, construit\u0103 ilegal. Daniel Tudorache a rezolvat-o din acte - Buletin de Bucure\u0219ti","isPartOf":{"@id":"https:\/\/buletin.de\/bucuresti\/#website"},"primaryImageOfPage":{"@id":"https:\/\/buletin.de\/bucuresti\/clotilde-armand-mansarda-distrusa-de-incendiul-de-seara-trecuta-construita-ilegal-daniel-tudorache-a-rezolvat-o-din-acte\/#primaryimage"},"image":{"@id":"https:\/\/buletin.de\/bucuresti\/clotilde-armand-mansarda-distrusa-de-incendiul-de-seara-trecuta-construita-ilegal-daniel-tudorache-a-rezolvat-o-din-acte\/#primaryimage"},"thumbnailUrl":"https:\/\/buletin.de\/bucuresti\/wp-content\/uploads\/Screen-Shot-2022-10-11-at-8.23.01-PM.png","datePublished":"2022-10-12T13:14:48+00:00","dateModified":"2022-10-12T13:14:49+00:00","breadcrumb":{"@id":"https:\/\/buletin.de\/bucuresti\/clotilde-armand-mansarda-distrusa-de-incendiul-de-seara-trecuta-construita-ilegal-daniel-tudorache-a-rezolvat-o-din-acte\/#breadcrumb"},"inLanguage":"en-GB","potentialAction":[{"@type":"ReadAction","target":["https:\/\/buletin.de\/bucuresti\/clotilde-armand-mansarda-distrusa-de-incendiul-de-seara-trecuta-construita-ilegal-daniel-tudorache-a-rezolvat-o-din-acte\/"]}]},{"@type":"ImageObject","inLanguage":"en-GB","@id":"https:\/\/buletin.de\/bucuresti\/clotilde-armand-mansarda-distrusa-de-incendiul-de-seara-trecuta-construita-ilegal-daniel-tudorache-a-rezolvat-o-din-acte\/#primaryimage","url":"https:\/\/buletin.de\/bucuresti\/wp-content\/uploads\/Screen-Shot-2022-10-11-at-8.23.01-PM.png","contentUrl":"https:\/\/buletin.de\/bucuresti\/wp-content\/uploads\/Screen-Shot-2022-10-11-at-8.23.01-PM.png","width":1427,"height":769},{"@type":"BreadcrumbList","@id":"https:\/\/buletin.de\/bucuresti\/clotilde-armand-mansarda-distrusa-de-incendiul-de-seara-trecuta-construita-ilegal-daniel-tudorache-a-rezolvat-o-din-acte\/#breadcrumb","itemListElement":[{"@type":"ListItem","position":1,"name":"Acas\u0103","item":"https:\/\/buletin.de\/bucuresti\/"},{"@type":"ListItem","position":2,"name":"Clotilde Armand: Mansarda distrus\u0103 de incendiul de seara trecut\u0103, construit\u0103 ilegal. Daniel Tudorache a rezolvat-o din acte"}]},{"@type":"WebSite","@id":"https:\/\/buletin.de\/bucuresti\/#website","url":"https:\/\/buletin.de\/bucuresti\/","name":"Buletin de Bucure\u0219ti","description":"\u0218tiri \u0219i investiga\u021bii esen\u021biale din capital\u0103","publisher":{"@id":"https:\/\/buletin.de\/bucuresti\/#organization"},"potentialAction":[{"@type":"SearchAction","target":{"@type":"EntryPoint","urlTemplate":"https:\/\/buletin.de\/bucuresti\/?s={search_term_string}"},"query-input":{"@type":"PropertyValueSpecification","valueRequired":true,"valueName":"search_term_string"}}],"inLanguage":"en-GB"},{"@type":"Organization","@id":"https:\/\/buletin.de\/bucuresti\/#organization","name":"Buletin de Bucure\u0219ti","url":"https:\/\/buletin.de\/bucuresti\/","logo":{"@type":"ImageObject","inLanguage":"en-GB","@id":"https:\/\/buletin.de\/bucuresti\/#\/schema\/logo\/image\/","url":"https:\/\/buletin.de\/bucuresti\/wp-content\/uploads\/logo-bdb-full-wide-vernil-transparent.png","contentUrl":"https:\/\/buletin.de\/bucuresti\/wp-content\/uploads\/logo-bdb-full-wide-vernil-transparent.png","width":1782,"height":626,"caption":"Buletin de Bucure\u0219ti"},"image":{"@id":"https:\/\/buletin.de\/bucuresti\/#\/schema\/logo\/image\/"},"sameAs":["https:\/\/www.facebook.com\/buletin.de.buc","https:\/\/www.instagram.com\/buletinde.bucuresti\/"]},{"@type":"Person","@id":"https:\/\/buletin.de\/bucuresti\/#\/schema\/person\/d369d7ddc775abece205795e0b804614","name":"Teodora Stroe","image":{"@type":"ImageObject","inLanguage":"en-GB","@id":"https:\/\/secure.gravatar.com\/avatar\/2560b4cd9f5f1bc100b123158e657d75584bd1c3e1d9c69285720b9457c1b78d?s=96&d=monsterid&r=gc104800242ba5f2d78dd5d7dc4df08b6","url":"https:\/\/secure.gravatar.com\/avatar\/2560b4cd9f5f1bc100b123158e657d75584bd1c3e1d9c69285720b9457c1b78d?s=96&d=monsterid&r=g","contentUrl":"https:\/\/secure.gravatar.com\/avatar\/2560b4cd9f5f1bc100b123158e657d75584bd1c3e1d9c69285720b9457c1b78d?s=96&d=monsterid&r=g","caption":"Teodora Stroe"},"url":"https:\/\/buletin.de\/bucuresti\/author\/simonacarlugea\/"}]}},"authors":[{"term_id":22579,"user_id":18,"is_guest":0,"slug":"simonacarlugea","display_name":"Teodora Stroe","avatar_url":"https:\/\/secure.gravatar.com\/avatar\/2560b4cd9f5f1bc100b123158e657d75584bd1c3e1d9c69285720b9457c1b78d?s=96&d=monsterid&r=g","0":null,"1":"","2":"","3":"","4":"","5":"","6":"","7":"","8":""}],"_links":{"self":[{"href":"https:\/\/buletin.de\/bucuresti\/wp-json\/wp\/v2\/posts\/47272","targetHints":{"allow":["GET"]}}],"collection":[{"href":"https:\/\/buletin.de\/bucuresti\/wp-json\/wp\/v2\/posts"}],"about":[{"href":"https:\/\/buletin.de\/bucuresti\/wp-json\/wp\/v2\/types\/post"}],"author":[{"embeddable":true,"href":"https:\/\/buletin.de\/bucuresti\/wp-json\/wp\/v2\/users\/18"}],"replies":[{"embeddable":true,"href":"https:\/\/buletin.de\/bucuresti\/wp-json\/wp\/v2\/comments?post=47272"}],"version-history":[{"count":1,"href":"https:\/\/buletin.de\/bucuresti\/wp-json\/wp\/v2\/posts\/47272\/revisions"}],"predecessor-version":[{"id":47274,"href":"https:\/\/buletin.de\/bucuresti\/wp-json\/wp\/v2\/posts\/47272\/revisions\/47274"}],"wp:featuredmedia":[{"embeddable":true,"href":"https:\/\/buletin.de\/bucuresti\/wp-json\/wp\/v2\/media\/47261"}],"wp:attachment":[{"href":"https:\/\/buletin.de\/bucuresti\/wp-json\/wp\/v2\/media?parent=47272"}],"wp:term":[{"taxonomy":"category","embeddable":true,"href":"https:\/\/buletin.de\/bucuresti\/wp-json\/wp\/v2\/categories?post=47272"},{"taxonomy":"post_tag","embeddable":true,"href":"https:\/\/buletin.de\/bucuresti\/wp-json\/wp\/v2\/tags?post=47272"},{"taxonomy":"author","embeddable":true,"href":"https:\/\/buletin.de\/bucuresti\/wp-json\/wp\/v2\/ppma_author?post=47272"}],"curies":[{"name":"wp","href":"https:\/\/api.w.org\/{rel}","templated":true}]}}