{"id":47210,"date":"2022-10-10T12:50:37","date_gmt":"2022-10-10T10:50:37","guid":{"rendered":"https:\/\/buletin.de\/bucuresti\/?p=47210"},"modified":"2022-10-10T12:50:38","modified_gmt":"2022-10-10T10:50:38","slug":"sectorul-1-tichete-de-criza-de-cate-1-000-de-lei-pentru-fiecare-locuitor","status":"publish","type":"post","link":"https:\/\/buletin.de\/bucuresti\/sectorul-1-tichete-de-criza-de-cate-1-000-de-lei-pentru-fiecare-locuitor\/","title":{"rendered":"Sectorul 1: &#8220;Tichete de criz\u0103&#8221; de c\u00e2te 1.000 de lei pentru fiecare locuitor"},"content":{"rendered":"\n<p class=\"has-pale-cyan-blue-background-color has-background\">Fiecare locuitor cu domiciliul \u00een Sectorul 1 ar putea primi \u201ctichete de criz\u0103\u201d \u00een valoare de 1.000 de lei fiecare, dac\u0103 acest proiect de hot\u0103r\u00e2re va trece de votul consilierilor locali \u00een \u015fedin\u0163a de s\u0103pt\u0103m\u00e2na viitoare. Valoarea total\u0103 a proiectului se ridic\u0103 la 200 de milioane de lei, iar banii vin din economiile f\u0103cute din contractul cu Romprest, precizeaz\u0103 primarul Clotilde Armand.<\/p>\n\n\n\n<figure class=\"wp-block-embed is-type-video is-provider-youtube wp-block-embed-youtube wp-embed-aspect-16-9 wp-has-aspect-ratio\"><div class=\"wp-block-embed__wrapper\">\n<div class=\"jlvid_container\"><iframe title=\"Conferin\u021b\u0103 de pres\u0103\" width=\"1200\" height=\"675\" src=\"https:\/\/www.youtube.com\/embed\/js4vJs31zcA?feature=oembed\" frameborder=\"0\" allow=\"accelerometer; autoplay; clipboard-write; encrypted-media; gyroscope; picture-in-picture; web-share\" allowfullscreen><\/iframe><\/div>\n<\/div><\/figure>\n\n\n\n<p><strong>Iat\u0103 cele mai importante declara\u0163ii ale primarului Armand pe aceast\u0103 tem\u0103:<\/strong><\/p>\n\n\n\n<ul class=\"wp-block-list\"><li>Oferim un sprijin financiar locuitorilor Sectorului 1 pentru a putea trece mai u\u015for de criza energetic\u0103. \u00cencuraj\u0103m implementarea unor m\u0103suri de eficien\u0163\u0103 energetic\u0103 \u00een fiecare locuin\u0163\u0103 din Sectorul 1. Oferim 200 de milioane de lei locuitorilor Sectorului 1. Este vorba de un sprijin financiar sub form\u0103 de tichet anticriz\u0103, \u00een valoarea de 1.000 de lei pentru fiecare locuitor.<\/li><li>Ajutorul este nominal. Va primi acest tichet anticriz\u0103 fiecare locuitor care a \u00eemplinit 18 ani. De acest ajutor nu vor beneficia dec\u00e2t cet\u0103\u0163enii care au domiciliul \u00een Sectorul 1\u201d, a declarat Clotilde Armand.<\/li><li>Sursa banilor vine din economiile pe care le-am f\u0103cut din contractul cu operatorul de Salubritate: 100 de milioane de lei \u00een 2021 \u015fi 100 de milioane de lei \u00een 2022. PNL \u015fi PSD spuneau c\u0103 nu fac nimic cu banii pe care i-am ob\u0163inut din renegocierea acestui contract investigat de DNA.<\/li><\/ul>\n\n\n\n<ul class=\"wp-block-list\"><li>Este o m\u0103sur\u0103 anticriz\u0103 care poate fi implementat\u0103 rapid. Urmeaz\u0103 o iarn\u0103 grea, cu multe necunoscute, cu r\u0103zboi la grani\u0163a Rom\u00e2niei. Ce se poate face cu acest sprijin: louitorii Sectorului \u00ee\u015fi pot alege singuri destina\u0163ia investi\u0163iior prioritare pe capitolul energie. De exemplu: izolarea imobilului, panouri fotovoltaice sau pompe de c\u0103ldur\u0103, achizi\u0163ia sau schimbarea centralei de apartament sau de bloc, ferestre sau u\u015fi noi, calorifere noi sau alte sisteme de \u00eenc\u0103lzit \u015fi acolo unde este posibil, achitarea facturilor la energie.<\/li><\/ul>\n\n\n\n<ul class=\"wp-block-list\"><li>De ce facem asta? \u00cen acest moment, o criz\u0103 energetic\u0103 are loc \u00een toat\u0103 Europa, \u00een principal din cauza \u015fantajului pe care-l face Rusia cu exportul de gaze. Toate guvernele europene, de la Bucure\u015fti la Lisabona, de la Atena la Oslo, \u00eencearc\u0103 s\u0103 reduc\u0103 cererea \u015fi s\u0103 consolideze aprovizionarea cu energie \u00eenainte de iarn\u0103.<\/li><\/ul>\n\n\n\n<ul class=\"wp-block-list\"><li>\u00cen Europa exist\u0103 \u0163\u0103ri care au emis aceste tichete anticriz\u0103, de 500 de euro, pentru ca cet\u0103\u0163enii lor s\u0103 fac\u0103 fa\u0163\u0103 crizei energetice. Aceasta este solu\u0163ia pe care administra\u0163ia local\u0103 a Sectorului 1 a g\u0103sit-o potrivit\u0103 pentru concet\u0103\u0163enii s\u0103i \u00een acest moment, \u00een lipsa unor m\u0103suri de sprijin adoptate de c\u0103tre Guvernul Rom\u00e2niei.<\/li><\/ul>\n\n\n\n<ul class=\"wp-block-list\"><li>Lansez un apel c\u0103tre toate for\u0163ele politice s\u0103 lase la o parte orgoliile de partid \u015fi calculele electorale \u015fi s\u0103 vin\u0103 \u00een sprijinul cet\u0103\u0163enilor, vot\u00e2nd \u00een viitoarea \u015fedin\u0163\u0103 de consiliu local acest proiect.<\/li><\/ul>\n","protected":false},"excerpt":{"rendered":"<p>Fiecare locuitor cu domiciliul \u00een Sectorul 1 ar putea primi \u201ctichete de criz\u0103\u201d \u00een valoare de 1.000 de lei fiecare, dac\u0103 acest proiect de hot\u0103r\u00e2re va trece de votul consilierilor locali \u00een \u015fedin\u0163a de s\u0103pt\u0103m\u00e2na viitoare. Valoarea total\u0103 a proiectului se ridic\u0103 la 200 de milioane de lei, iar banii vin din economiile f\u0103cute din [&hellip;]<\/p>\n","protected":false},"author":38,"featured_media":47211,"comment_status":"closed","ping_status":"open","sticky":false,"template":"","format":"standard","meta":{"_acf_changed":false,"inline_featured_image":false,"ngg_post_thumbnail":0,"footnotes":""},"categories":[62],"tags":[],"ppma_author":[22601],"class_list":["post-47210","post","type-post","status-publish","format-standard","has-post-thumbnail","hentry","category-stiri"],"acf":[],"yoast_head":"<!-- This site is optimized with the Yoast SEO Premium plugin v25.3 (Yoast SEO v27.5) - https:\/\/yoast.com\/product\/yoast-seo-premium-wordpress\/ -->\n<title>Sectorul 1: &quot;Tichete de criz\u0103&quot; de c\u00e2te 1.000 de lei pentru fiecare locuitor - Buletin de Bucure\u0219ti<\/title>\n<meta name=\"robots\" content=\"index, follow, max-snippet:-1, max-image-preview:large, max-video-preview:-1\" \/>\n<link rel=\"canonical\" href=\"https:\/\/buletin.de\/bucuresti\/sectorul-1-tichete-de-criza-de-cate-1-000-de-lei-pentru-fiecare-locuitor\/\" \/>\n<meta property=\"og:locale\" content=\"en_GB\" \/>\n<meta property=\"og:type\" content=\"article\" \/>\n<meta property=\"og:title\" content=\"Sectorul 1: &quot;Tichete de criz\u0103&quot; de c\u00e2te 1.000 de lei pentru fiecare locuitor\" \/>\n<meta property=\"og:description\" content=\"Fiecare locuitor cu domiciliul \u00een Sectorul 1 ar putea primi \u201ctichete de criz\u0103\u201d \u00een valoare de 1.000 de lei fiecare, dac\u0103 acest proiect de hot\u0103r\u00e2re va trece de votul consilierilor locali \u00een \u015fedin\u0163a de s\u0103pt\u0103m\u00e2na viitoare. Valoarea total\u0103 a proiectului se ridic\u0103 la 200 de milioane de lei, iar banii vin din economiile f\u0103cute din [&hellip;]\" \/>\n<meta property=\"og:url\" content=\"https:\/\/buletin.de\/bucuresti\/sectorul-1-tichete-de-criza-de-cate-1-000-de-lei-pentru-fiecare-locuitor\/\" \/>\n<meta property=\"og:site_name\" content=\"Buletin de Bucure\u0219ti\" \/>\n<meta property=\"article:publisher\" content=\"https:\/\/www.facebook.com\/buletin.de.buc\" \/>\n<meta property=\"article:published_time\" content=\"2022-10-10T10:50:37+00:00\" \/>\n<meta property=\"article:modified_time\" content=\"2022-10-10T10:50:38+00:00\" \/>\n<meta property=\"og:image\" content=\"https:\/\/buletin.de\/bucuresti\/wp-content\/uploads\/conferinta-s1.png\" \/>\n\t<meta property=\"og:image:width\" content=\"1134\" \/>\n\t<meta property=\"og:image:height\" content=\"584\" \/>\n\t<meta property=\"og:image:type\" content=\"image\/png\" \/>\n<meta name=\"author\" content=\"Anamaria Nedelcoff\" \/>\n<meta name=\"twitter:card\" content=\"summary_large_image\" \/>\n<meta name=\"twitter:label1\" content=\"Written by\" \/>\n\t<meta name=\"twitter:data1\" content=\"Anamaria Nedelcoff\" \/>\n\t<meta name=\"twitter:label2\" content=\"Estimated reading time\" \/>\n\t<meta name=\"twitter:data2\" content=\"2 minutes\" \/>\n<script type=\"application\/ld+json\" class=\"yoast-schema-graph\">{\"@context\":\"https:\\\/\\\/schema.org\",\"@graph\":[{\"@type\":\"Article\",\"@id\":\"https:\\\/\\\/buletin.de\\\/bucuresti\\\/sectorul-1-tichete-de-criza-de-cate-1-000-de-lei-pentru-fiecare-locuitor\\\/#article\",\"isPartOf\":{\"@id\":\"https:\\\/\\\/buletin.de\\\/bucuresti\\\/sectorul-1-tichete-de-criza-de-cate-1-000-de-lei-pentru-fiecare-locuitor\\\/\"},\"author\":{\"name\":\"Anamaria Nedelcoff\",\"@id\":\"https:\\\/\\\/buletin.de\\\/bucuresti\\\/#\\\/schema\\\/person\\\/bfa22994f12f5d3353b170aca494f1f9\"},\"headline\":\"Sectorul 1: &#8220;Tichete de criz\u0103&#8221; de c\u00e2te 1.000 de lei pentru fiecare locuitor\",\"datePublished\":\"2022-10-10T10:50:37+00:00\",\"dateModified\":\"2022-10-10T10:50:38+00:00\",\"mainEntityOfPage\":{\"@id\":\"https:\\\/\\\/buletin.de\\\/bucuresti\\\/sectorul-1-tichete-de-criza-de-cate-1-000-de-lei-pentru-fiecare-locuitor\\\/\"},\"wordCount\":478,\"publisher\":{\"@id\":\"https:\\\/\\\/buletin.de\\\/bucuresti\\\/#organization\"},\"image\":{\"@id\":\"https:\\\/\\\/buletin.de\\\/bucuresti\\\/sectorul-1-tichete-de-criza-de-cate-1-000-de-lei-pentru-fiecare-locuitor\\\/#primaryimage\"},\"thumbnailUrl\":\"https:\\\/\\\/buletin.de\\\/bucuresti\\\/wp-content\\\/uploads\\\/conferinta-s1.png\",\"articleSection\":[\"\u0218tiri\"],\"inLanguage\":\"en-GB\",\"copyrightYear\":\"2022\",\"copyrightHolder\":{\"@id\":\"https:\\\/\\\/buletin.de\\\/bucuresti\\\/#organization\"}},{\"@type\":\"WebPage\",\"@id\":\"https:\\\/\\\/buletin.de\\\/bucuresti\\\/sectorul-1-tichete-de-criza-de-cate-1-000-de-lei-pentru-fiecare-locuitor\\\/\",\"url\":\"https:\\\/\\\/buletin.de\\\/bucuresti\\\/sectorul-1-tichete-de-criza-de-cate-1-000-de-lei-pentru-fiecare-locuitor\\\/\",\"name\":\"Sectorul 1: \\\"Tichete de criz\u0103\\\" de c\u00e2te 1.000 de lei pentru fiecare locuitor - Buletin de Bucure\u0219ti\",\"isPartOf\":{\"@id\":\"https:\\\/\\\/buletin.de\\\/bucuresti\\\/#website\"},\"primaryImageOfPage\":{\"@id\":\"https:\\\/\\\/buletin.de\\\/bucuresti\\\/sectorul-1-tichete-de-criza-de-cate-1-000-de-lei-pentru-fiecare-locuitor\\\/#primaryimage\"},\"image\":{\"@id\":\"https:\\\/\\\/buletin.de\\\/bucuresti\\\/sectorul-1-tichete-de-criza-de-cate-1-000-de-lei-pentru-fiecare-locuitor\\\/#primaryimage\"},\"thumbnailUrl\":\"https:\\\/\\\/buletin.de\\\/bucuresti\\\/wp-content\\\/uploads\\\/conferinta-s1.png\",\"datePublished\":\"2022-10-10T10:50:37+00:00\",\"dateModified\":\"2022-10-10T10:50:38+00:00\",\"breadcrumb\":{\"@id\":\"https:\\\/\\\/buletin.de\\\/bucuresti\\\/sectorul-1-tichete-de-criza-de-cate-1-000-de-lei-pentru-fiecare-locuitor\\\/#breadcrumb\"},\"inLanguage\":\"en-GB\",\"potentialAction\":[{\"@type\":\"ReadAction\",\"target\":[\"https:\\\/\\\/buletin.de\\\/bucuresti\\\/sectorul-1-tichete-de-criza-de-cate-1-000-de-lei-pentru-fiecare-locuitor\\\/\"]}]},{\"@type\":\"ImageObject\",\"inLanguage\":\"en-GB\",\"@id\":\"https:\\\/\\\/buletin.de\\\/bucuresti\\\/sectorul-1-tichete-de-criza-de-cate-1-000-de-lei-pentru-fiecare-locuitor\\\/#primaryimage\",\"url\":\"https:\\\/\\\/buletin.de\\\/bucuresti\\\/wp-content\\\/uploads\\\/conferinta-s1.png\",\"contentUrl\":\"https:\\\/\\\/buletin.de\\\/bucuresti\\\/wp-content\\\/uploads\\\/conferinta-s1.png\",\"width\":1134,\"height\":584},{\"@type\":\"BreadcrumbList\",\"@id\":\"https:\\\/\\\/buletin.de\\\/bucuresti\\\/sectorul-1-tichete-de-criza-de-cate-1-000-de-lei-pentru-fiecare-locuitor\\\/#breadcrumb\",\"itemListElement\":[{\"@type\":\"ListItem\",\"position\":1,\"name\":\"Acas\u0103\",\"item\":\"https:\\\/\\\/buletin.de\\\/bucuresti\\\/\"},{\"@type\":\"ListItem\",\"position\":2,\"name\":\"Sectorul 1: &#8220;Tichete de criz\u0103&#8221; de c\u00e2te 1.000 de lei pentru fiecare locuitor\"}]},{\"@type\":\"WebSite\",\"@id\":\"https:\\\/\\\/buletin.de\\\/bucuresti\\\/#website\",\"url\":\"https:\\\/\\\/buletin.de\\\/bucuresti\\\/\",\"name\":\"Buletin de Bucure\u0219ti\",\"description\":\"\u0218tiri \u0219i investiga\u021bii esen\u021biale din capital\u0103\",\"publisher\":{\"@id\":\"https:\\\/\\\/buletin.de\\\/bucuresti\\\/#organization\"},\"potentialAction\":[{\"@type\":\"SearchAction\",\"target\":{\"@type\":\"EntryPoint\",\"urlTemplate\":\"https:\\\/\\\/buletin.de\\\/bucuresti\\\/?s={search_term_string}\"},\"query-input\":{\"@type\":\"PropertyValueSpecification\",\"valueRequired\":true,\"valueName\":\"search_term_string\"}}],\"inLanguage\":\"en-GB\"},{\"@type\":\"Organization\",\"@id\":\"https:\\\/\\\/buletin.de\\\/bucuresti\\\/#organization\",\"name\":\"Buletin de Bucure\u0219ti\",\"url\":\"https:\\\/\\\/buletin.de\\\/bucuresti\\\/\",\"logo\":{\"@type\":\"ImageObject\",\"inLanguage\":\"en-GB\",\"@id\":\"https:\\\/\\\/buletin.de\\\/bucuresti\\\/#\\\/schema\\\/logo\\\/image\\\/\",\"url\":\"https:\\\/\\\/buletin.de\\\/bucuresti\\\/wp-content\\\/uploads\\\/logo-bdb-full-wide-vernil-transparent.png\",\"contentUrl\":\"https:\\\/\\\/buletin.de\\\/bucuresti\\\/wp-content\\\/uploads\\\/logo-bdb-full-wide-vernil-transparent.png\",\"width\":1782,\"height\":626,\"caption\":\"Buletin de Bucure\u0219ti\"},\"image\":{\"@id\":\"https:\\\/\\\/buletin.de\\\/bucuresti\\\/#\\\/schema\\\/logo\\\/image\\\/\"},\"sameAs\":[\"https:\\\/\\\/www.facebook.com\\\/buletin.de.buc\",\"https:\\\/\\\/www.instagram.com\\\/buletinde.bucuresti\\\/\"]},{\"@type\":\"Person\",\"@id\":\"https:\\\/\\\/buletin.de\\\/bucuresti\\\/#\\\/schema\\\/person\\\/bfa22994f12f5d3353b170aca494f1f9\",\"name\":\"Anamaria Nedelcoff\",\"image\":{\"@type\":\"ImageObject\",\"inLanguage\":\"en-GB\",\"@id\":\"https:\\\/\\\/secure.gravatar.com\\\/avatar\\\/409df91a26b98006111557131cc35236962765b734317e1dcf94c6bc1d010629?s=96&d=monsterid&r=g9bc3ae6c8e1522e913d1a0debd6aec89\",\"url\":\"https:\\\/\\\/secure.gravatar.com\\\/avatar\\\/409df91a26b98006111557131cc35236962765b734317e1dcf94c6bc1d010629?s=96&d=monsterid&r=g\",\"contentUrl\":\"https:\\\/\\\/secure.gravatar.com\\\/avatar\\\/409df91a26b98006111557131cc35236962765b734317e1dcf94c6bc1d010629?s=96&d=monsterid&r=g\",\"caption\":\"Anamaria Nedelcoff\"},\"url\":\"https:\\\/\\\/buletin.de\\\/bucuresti\\\/author\\\/nedelcoff\\\/\"}]}<\/script>\n<!-- \/ Yoast SEO Premium plugin. -->","yoast_head_json":{"title":"Sectorul 1: \"Tichete de criz\u0103\" de c\u00e2te 1.000 de lei pentru fiecare locuitor - Buletin de Bucure\u0219ti","robots":{"index":"index","follow":"follow","max-snippet":"max-snippet:-1","max-image-preview":"max-image-preview:large","max-video-preview":"max-video-preview:-1"},"canonical":"https:\/\/buletin.de\/bucuresti\/sectorul-1-tichete-de-criza-de-cate-1-000-de-lei-pentru-fiecare-locuitor\/","og_locale":"en_GB","og_type":"article","og_title":"Sectorul 1: \"Tichete de criz\u0103\" de c\u00e2te 1.000 de lei pentru fiecare locuitor","og_description":"Fiecare locuitor cu domiciliul \u00een Sectorul 1 ar putea primi \u201ctichete de criz\u0103\u201d \u00een valoare de 1.000 de lei fiecare, dac\u0103 acest proiect de hot\u0103r\u00e2re va trece de votul consilierilor locali \u00een \u015fedin\u0163a de s\u0103pt\u0103m\u00e2na viitoare. Valoarea total\u0103 a proiectului se ridic\u0103 la 200 de milioane de lei, iar banii vin din economiile f\u0103cute din [&hellip;]","og_url":"https:\/\/buletin.de\/bucuresti\/sectorul-1-tichete-de-criza-de-cate-1-000-de-lei-pentru-fiecare-locuitor\/","og_site_name":"Buletin de Bucure\u0219ti","article_publisher":"https:\/\/www.facebook.com\/buletin.de.buc","article_published_time":"2022-10-10T10:50:37+00:00","article_modified_time":"2022-10-10T10:50:38+00:00","og_image":[{"width":1134,"height":584,"url":"https:\/\/buletin.de\/bucuresti\/wp-content\/uploads\/conferinta-s1.png","type":"image\/png"}],"author":"Anamaria Nedelcoff","twitter_card":"summary_large_image","twitter_misc":{"Written by":"Anamaria Nedelcoff","Estimated reading time":"2 minutes"},"schema":{"@context":"https:\/\/schema.org","@graph":[{"@type":"Article","@id":"https:\/\/buletin.de\/bucuresti\/sectorul-1-tichete-de-criza-de-cate-1-000-de-lei-pentru-fiecare-locuitor\/#article","isPartOf":{"@id":"https:\/\/buletin.de\/bucuresti\/sectorul-1-tichete-de-criza-de-cate-1-000-de-lei-pentru-fiecare-locuitor\/"},"author":{"name":"Anamaria Nedelcoff","@id":"https:\/\/buletin.de\/bucuresti\/#\/schema\/person\/bfa22994f12f5d3353b170aca494f1f9"},"headline":"Sectorul 1: &#8220;Tichete de criz\u0103&#8221; de c\u00e2te 1.000 de lei pentru fiecare locuitor","datePublished":"2022-10-10T10:50:37+00:00","dateModified":"2022-10-10T10:50:38+00:00","mainEntityOfPage":{"@id":"https:\/\/buletin.de\/bucuresti\/sectorul-1-tichete-de-criza-de-cate-1-000-de-lei-pentru-fiecare-locuitor\/"},"wordCount":478,"publisher":{"@id":"https:\/\/buletin.de\/bucuresti\/#organization"},"image":{"@id":"https:\/\/buletin.de\/bucuresti\/sectorul-1-tichete-de-criza-de-cate-1-000-de-lei-pentru-fiecare-locuitor\/#primaryimage"},"thumbnailUrl":"https:\/\/buletin.de\/bucuresti\/wp-content\/uploads\/conferinta-s1.png","articleSection":["\u0218tiri"],"inLanguage":"en-GB","copyrightYear":"2022","copyrightHolder":{"@id":"https:\/\/buletin.de\/bucuresti\/#organization"}},{"@type":"WebPage","@id":"https:\/\/buletin.de\/bucuresti\/sectorul-1-tichete-de-criza-de-cate-1-000-de-lei-pentru-fiecare-locuitor\/","url":"https:\/\/buletin.de\/bucuresti\/sectorul-1-tichete-de-criza-de-cate-1-000-de-lei-pentru-fiecare-locuitor\/","name":"Sectorul 1: \"Tichete de criz\u0103\" de c\u00e2te 1.000 de lei pentru fiecare locuitor - Buletin de Bucure\u0219ti","isPartOf":{"@id":"https:\/\/buletin.de\/bucuresti\/#website"},"primaryImageOfPage":{"@id":"https:\/\/buletin.de\/bucuresti\/sectorul-1-tichete-de-criza-de-cate-1-000-de-lei-pentru-fiecare-locuitor\/#primaryimage"},"image":{"@id":"https:\/\/buletin.de\/bucuresti\/sectorul-1-tichete-de-criza-de-cate-1-000-de-lei-pentru-fiecare-locuitor\/#primaryimage"},"thumbnailUrl":"https:\/\/buletin.de\/bucuresti\/wp-content\/uploads\/conferinta-s1.png","datePublished":"2022-10-10T10:50:37+00:00","dateModified":"2022-10-10T10:50:38+00:00","breadcrumb":{"@id":"https:\/\/buletin.de\/bucuresti\/sectorul-1-tichete-de-criza-de-cate-1-000-de-lei-pentru-fiecare-locuitor\/#breadcrumb"},"inLanguage":"en-GB","potentialAction":[{"@type":"ReadAction","target":["https:\/\/buletin.de\/bucuresti\/sectorul-1-tichete-de-criza-de-cate-1-000-de-lei-pentru-fiecare-locuitor\/"]}]},{"@type":"ImageObject","inLanguage":"en-GB","@id":"https:\/\/buletin.de\/bucuresti\/sectorul-1-tichete-de-criza-de-cate-1-000-de-lei-pentru-fiecare-locuitor\/#primaryimage","url":"https:\/\/buletin.de\/bucuresti\/wp-content\/uploads\/conferinta-s1.png","contentUrl":"https:\/\/buletin.de\/bucuresti\/wp-content\/uploads\/conferinta-s1.png","width":1134,"height":584},{"@type":"BreadcrumbList","@id":"https:\/\/buletin.de\/bucuresti\/sectorul-1-tichete-de-criza-de-cate-1-000-de-lei-pentru-fiecare-locuitor\/#breadcrumb","itemListElement":[{"@type":"ListItem","position":1,"name":"Acas\u0103","item":"https:\/\/buletin.de\/bucuresti\/"},{"@type":"ListItem","position":2,"name":"Sectorul 1: &#8220;Tichete de criz\u0103&#8221; de c\u00e2te 1.000 de lei pentru fiecare locuitor"}]},{"@type":"WebSite","@id":"https:\/\/buletin.de\/bucuresti\/#website","url":"https:\/\/buletin.de\/bucuresti\/","name":"Buletin de Bucure\u0219ti","description":"\u0218tiri \u0219i investiga\u021bii esen\u021biale din capital\u0103","publisher":{"@id":"https:\/\/buletin.de\/bucuresti\/#organization"},"potentialAction":[{"@type":"SearchAction","target":{"@type":"EntryPoint","urlTemplate":"https:\/\/buletin.de\/bucuresti\/?s={search_term_string}"},"query-input":{"@type":"PropertyValueSpecification","valueRequired":true,"valueName":"search_term_string"}}],"inLanguage":"en-GB"},{"@type":"Organization","@id":"https:\/\/buletin.de\/bucuresti\/#organization","name":"Buletin de Bucure\u0219ti","url":"https:\/\/buletin.de\/bucuresti\/","logo":{"@type":"ImageObject","inLanguage":"en-GB","@id":"https:\/\/buletin.de\/bucuresti\/#\/schema\/logo\/image\/","url":"https:\/\/buletin.de\/bucuresti\/wp-content\/uploads\/logo-bdb-full-wide-vernil-transparent.png","contentUrl":"https:\/\/buletin.de\/bucuresti\/wp-content\/uploads\/logo-bdb-full-wide-vernil-transparent.png","width":1782,"height":626,"caption":"Buletin de Bucure\u0219ti"},"image":{"@id":"https:\/\/buletin.de\/bucuresti\/#\/schema\/logo\/image\/"},"sameAs":["https:\/\/www.facebook.com\/buletin.de.buc","https:\/\/www.instagram.com\/buletinde.bucuresti\/"]},{"@type":"Person","@id":"https:\/\/buletin.de\/bucuresti\/#\/schema\/person\/bfa22994f12f5d3353b170aca494f1f9","name":"Anamaria Nedelcoff","image":{"@type":"ImageObject","inLanguage":"en-GB","@id":"https:\/\/secure.gravatar.com\/avatar\/409df91a26b98006111557131cc35236962765b734317e1dcf94c6bc1d010629?s=96&d=monsterid&r=g9bc3ae6c8e1522e913d1a0debd6aec89","url":"https:\/\/secure.gravatar.com\/avatar\/409df91a26b98006111557131cc35236962765b734317e1dcf94c6bc1d010629?s=96&d=monsterid&r=g","contentUrl":"https:\/\/secure.gravatar.com\/avatar\/409df91a26b98006111557131cc35236962765b734317e1dcf94c6bc1d010629?s=96&d=monsterid&r=g","caption":"Anamaria Nedelcoff"},"url":"https:\/\/buletin.de\/bucuresti\/author\/nedelcoff\/"}]}},"authors":[{"term_id":22601,"user_id":38,"is_guest":0,"slug":"nedelcoff","display_name":"Anamaria Nedelcoff","avatar_url":"https:\/\/secure.gravatar.com\/avatar\/409df91a26b98006111557131cc35236962765b734317e1dcf94c6bc1d010629?s=96&d=monsterid&r=g","0":null,"1":"","2":"","3":"","4":"","5":"","6":"","7":"","8":""}],"_links":{"self":[{"href":"https:\/\/buletin.de\/bucuresti\/wp-json\/wp\/v2\/posts\/47210","targetHints":{"allow":["GET"]}}],"collection":[{"href":"https:\/\/buletin.de\/bucuresti\/wp-json\/wp\/v2\/posts"}],"about":[{"href":"https:\/\/buletin.de\/bucuresti\/wp-json\/wp\/v2\/types\/post"}],"author":[{"embeddable":true,"href":"https:\/\/buletin.de\/bucuresti\/wp-json\/wp\/v2\/users\/38"}],"replies":[{"embeddable":true,"href":"https:\/\/buletin.de\/bucuresti\/wp-json\/wp\/v2\/comments?post=47210"}],"version-history":[{"count":2,"href":"https:\/\/buletin.de\/bucuresti\/wp-json\/wp\/v2\/posts\/47210\/revisions"}],"predecessor-version":[{"id":47213,"href":"https:\/\/buletin.de\/bucuresti\/wp-json\/wp\/v2\/posts\/47210\/revisions\/47213"}],"wp:featuredmedia":[{"embeddable":true,"href":"https:\/\/buletin.de\/bucuresti\/wp-json\/wp\/v2\/media\/47211"}],"wp:attachment":[{"href":"https:\/\/buletin.de\/bucuresti\/wp-json\/wp\/v2\/media?parent=47210"}],"wp:term":[{"taxonomy":"category","embeddable":true,"href":"https:\/\/buletin.de\/bucuresti\/wp-json\/wp\/v2\/categories?post=47210"},{"taxonomy":"post_tag","embeddable":true,"href":"https:\/\/buletin.de\/bucuresti\/wp-json\/wp\/v2\/tags?post=47210"},{"taxonomy":"author","embeddable":true,"href":"https:\/\/buletin.de\/bucuresti\/wp-json\/wp\/v2\/ppma_author?post=47210"}],"curies":[{"name":"wp","href":"https:\/\/api.w.org\/{rel}","templated":true}]}}