{"id":47105,"date":"2022-10-04T12:30:25","date_gmt":"2022-10-04T10:30:25","guid":{"rendered":"https:\/\/buletin.de\/bucuresti\/?p=47105"},"modified":"2022-10-04T12:30:25","modified_gmt":"2022-10-04T10:30:25","slug":"nicusor-dan-vom-face-recurs-impotriva-deciziei-tribunalului-de-a-suspenda-demolarea-cathedral-plaza","status":"publish","type":"post","link":"https:\/\/buletin.de\/bucuresti\/nicusor-dan-vom-face-recurs-impotriva-deciziei-tribunalului-de-a-suspenda-demolarea-cathedral-plaza\/","title":{"rendered":"Nicu\u0219or Dan: \u201eVom face recurs \u00eempotriva deciziei Tribunalului de a suspenda demolarea Cathedral Plaza\u201d"},"content":{"rendered":"\n<p>Primarul general a anun\u021bat c\u0103 va face recurs \u00eempotriva deciziei tribunalului prin care se suspend\u0103 dispozi\u021bia de demolare a Cathedral Plaza. Anun\u021bul a fost f\u0103cut pe pagina de Facebook a primarului.<\/p>\n\n\n\n<p>Nicu\u0219or Dan spune c\u0103 dispozi\u021bia de demolare este de fapt \u201ecopy-paste\u201d dintr-o hot\u0103r\u00e2re definitiv\u0103 dat\u0103 \u00een 2013. <\/p>\n\n\n\n<p>\u201eO hot\u0103r\u00e2re definitiv\u0103 din 2013 obliga Primarul Municipiului Bucure\u0219ti s\u0103 emit\u0103 dispozi\u021bia de demolare. Instan\u021ba re\u021bine c\u0103 \u201cse afecteaz\u0103 nu un spa\u021biu public, ci un spa\u021biu public cu valoare istoric\u0103 deosebit\u0103\u201d \u0219i c\u0103 se \u00eencalc\u0103 dreptul la libertate religioas\u0103. Am emis in iulie 2022 dispozi\u021bia de demolare prelu\u00e2nd copy-paste dispozitivul hot\u0103r\u00e2rii definitive din 2013\u201d, a declarat edilul.<\/p>\n\n\n\n<p>Proprietarul cl\u0103dirii a cerut at\u00e2t anularea, c\u00e2t \u0219i suspendarea dispozi\u021biei de demolare. <\/p>\n\n\n\n<figure class=\"wp-block-image size-full is-resized\"><img fetchpriority=\"high\" decoding=\"async\" src=\"data:image\/gif;base64,R0lGODlhAQABAAAAACH5BAEKAAEALAAAAAABAAEAAAICTAEAOw==\" data-src=\"https:\/\/buletin.de\/bucuresti\/wp-content\/uploads\/310424494_643591933783891_743650376469943945_n.jpg\" alt=\"\" class=\"wp-image-47106 lazyload\" width=\"552\" height=\"403\" data-sizes=\"auto\" data-srcset=\"https:\/\/buletin.de\/bucuresti\/wp-content\/uploads\/310424494_643591933783891_743650376469943945_n.jpg 840w, https:\/\/buletin.de\/bucuresti\/wp-content\/uploads\/310424494_643591933783891_743650376469943945_n-300x219.jpg 300w, https:\/\/buletin.de\/bucuresti\/wp-content\/uploads\/310424494_643591933783891_743650376469943945_n-768x561.jpg 768w, https:\/\/buletin.de\/bucuresti\/wp-content\/uploads\/310424494_643591933783891_743650376469943945_n-550x402.jpg 550w, https:\/\/buletin.de\/bucuresti\/wp-content\/uploads\/310424494_643591933783891_743650376469943945_n-684x500.jpg 684w, https:\/\/buletin.de\/bucuresti\/wp-content\/uploads\/310424494_643591933783891_743650376469943945_n-600x439.jpg 600w\" sizes=\"(max-width: 552px) 100vw, 552px\" \/><figcaption>Surs\u0103 foto: Nicu\u0219or Dan Facebook<\/figcaption><\/figure>\n\n\n\n<p>\u201eVom exercita recurs la Curtea de Apel Bucure\u0219ti \u00eempotriva sentin\u021bei de ieri a Tribunalului. Esen\u021bial este c\u0103 dispozi\u021bia de demolare este copy-paste din dispozitivul unei hot\u0103r\u00e2ri judec\u0103tore\u0219ti definitive. Evident, proprietarul cl\u0103dirii ilegale are dreptul s\u0103 fac\u0103 toate demersurile legale pentru a-\u0219i salva cl\u0103direa. \u00cens\u0103 a face pl\u00e2ngere penal\u0103 \u00eempotriva primarului care a pus \u00een executare o hot\u0103r\u00e2re definitiv\u0103 dep\u0103\u0219e\u0219te orice limit\u0103 a tupeului\u201d, a continuat Nicu\u0219or Dan.<\/p>\n\n\n\n<p>Reprezentan\u021bii Cathedral Plaza au anun\u021bat pe 3 octombrie 2022, suspendarea dispozi\u021biei de demolare dat\u0103 de Tribunalul Bucure\u0219ti. \u00cen <a href=\"https:\/\/buletin.de\/bucuresti\/cathedral-plaza-cladirea-construita-ilegal-langa-catedrala-romano-catolica-urmeaza-sa-fie-demolata%ef%bf%bc\/\" target=\"_blank\" rel=\"noreferrer noopener\">luna iulie<\/a>, primarul anun\u021ba c\u0103 mai sunt doar c\u00e2\u021biva pa\u0219i de parcurs p\u00e2n\u0103 la demolarea cl\u0103dirii. <\/p>\n\n\n\n<p>\u00cenc\u0103 din ianuarie 2013, Prim\u0103ria a fost obligat\u0103 printr-o hot\u0103r\u00e2re judec\u0103toreasc\u0103 definitiv\u0103, s\u0103 demoleze cl\u0103direa. Cu toate acestea, fo\u0219tii primari au refuzat s\u0103 fac\u0103 acest lucru, invoc\u00e2nd motive cum c\u0103 Municipiul Bucure\u0219ti nu are competen\u021ba necesar\u0103 pentru demararea procedurilor pentru demolarea Cathedral Plaza.<\/p>\n\n\n\n<p>Cl\u0103direa trebuia s\u0103 fie demolat\u0103 \u00een 2011, c\u00e2nd autoriza\u021bia de construire a cl\u0103dirii a fost anulat\u0103 definitiv \u0219i irevocabil, \u00eens\u0103 fostul primar Sorin Oprescu a am\u00e2nat demolarea imobilului p\u00e2n\u0103 \u00een 2015. Ulterior, acela\u0219i lucru s-a \u00eent\u00e2mplat \u0219i \u00een timpul mandatului Gabrielei Firea, care spunea c\u0103 prim\u0103ria nu are astfel de atribu\u021bii.<\/p>\n\n\n\n<p>Jurnali\u0219tii de la Factual.ro au ar\u0103tat, \u00een 2017, c\u0103 prin solu\u021bia din dosarul nr. 2183\/120\/2012, primarul Municipiului Bucure\u0219ti era obligat s\u0103 emit\u0103 decizia de desfiin\u021bare a construc\u021biei, care a fost realizat\u0103 f\u0103r\u0103 autoriza\u021bie de construire legal\u0103.<\/p>\n\n\n\n<p>Surs\u0103 foto cover: Facebook Nicu\u0219or Dan<\/p>\n","protected":false},"excerpt":{"rendered":"<p>Primarul general a anun\u021bat c\u0103 va face recurs \u00eempotriva deciziei tribunalului prin care se suspend\u0103 dispozi\u021bia de demolare a Cathedral Plaza. Anun\u021bul a fost f\u0103cut pe pagina de Facebook a primarului. Nicu\u0219or Dan spune c\u0103 dispozi\u021bia de demolare este de fapt \u201ecopy-paste\u201d dintr-o hot\u0103r\u00e2re definitiv\u0103 dat\u0103 \u00een 2013. \u201eO hot\u0103r\u00e2re definitiv\u0103 din 2013 obliga Primarul [&hellip;]<\/p>\n","protected":false},"author":42,"featured_media":47107,"comment_status":"closed","ping_status":"open","sticky":false,"template":"","format":"standard","meta":{"_acf_changed":false,"inline_featured_image":false,"ngg_post_thumbnail":0,"footnotes":""},"categories":[62],"tags":[9,4353,163,302,223,4641],"ppma_author":[22603],"class_list":["post-47105","post","type-post","status-publish","format-standard","has-post-thumbnail","hentry","category-stiri","tag-bucuresti","tag-cathedral-plaza","tag-demolare","tag-hotarare","tag-nicusor-dan","tag-suspendare-demolare"],"acf":[],"yoast_head":"<!-- This site is optimized with the Yoast SEO Premium plugin v25.3 (Yoast SEO v27.5) - https:\/\/yoast.com\/product\/yoast-seo-premium-wordpress\/ -->\n<title>Nicu\u0219or Dan: \u201eVom face recurs \u00eempotriva deciziei Tribunalului de a suspenda demolarea Cathedral Plaza\u201d - Buletin de Bucure\u0219ti<\/title>\n<meta name=\"description\" content=\"Primarul general a anun\u021bat c\u0103 va face recurs \u00eempotriva deciziei tribunalului prin care se suspend\u0103 dispozi\u021bia de demolare a Cathedral Plaza.\" \/>\n<meta name=\"robots\" content=\"index, follow, max-snippet:-1, max-image-preview:large, max-video-preview:-1\" \/>\n<link rel=\"canonical\" href=\"https:\/\/buletin.de\/bucuresti\/nicusor-dan-vom-face-recurs-impotriva-deciziei-tribunalului-de-a-suspenda-demolarea-cathedral-plaza\/\" \/>\n<meta property=\"og:locale\" content=\"en_GB\" \/>\n<meta property=\"og:type\" content=\"article\" \/>\n<meta property=\"og:title\" content=\"Nicu\u0219or Dan: \u201eVom face recurs \u00eempotriva deciziei Tribunalului de a suspenda demolarea Cathedral Plaza\u201d\" \/>\n<meta property=\"og:description\" content=\"Primarul general a anun\u021bat c\u0103 va face recurs \u00eempotriva deciziei tribunalului prin care se suspend\u0103 dispozi\u021bia de demolare a Cathedral Plaza.\" \/>\n<meta property=\"og:url\" content=\"https:\/\/buletin.de\/bucuresti\/nicusor-dan-vom-face-recurs-impotriva-deciziei-tribunalului-de-a-suspenda-demolarea-cathedral-plaza\/\" \/>\n<meta property=\"og:site_name\" content=\"Buletin de Bucure\u0219ti\" \/>\n<meta property=\"article:publisher\" content=\"https:\/\/www.facebook.com\/buletin.de.buc\" \/>\n<meta property=\"article:published_time\" content=\"2022-10-04T10:30:25+00:00\" \/>\n<meta property=\"og:image\" content=\"https:\/\/buletin.de\/bucuresti\/wp-content\/uploads\/310535895_643593030450448_7178269938647149873_n.jpg\" \/>\n\t<meta property=\"og:image:width\" content=\"1066\" \/>\n\t<meta property=\"og:image:height\" content=\"1600\" \/>\n\t<meta property=\"og:image:type\" content=\"image\/jpeg\" \/>\n<meta name=\"author\" content=\"Andra Mure\u0219an\" \/>\n<meta name=\"twitter:card\" content=\"summary_large_image\" \/>\n<meta name=\"twitter:label1\" content=\"Written by\" \/>\n\t<meta name=\"twitter:data1\" content=\"Andra Mure\u0219an\" \/>\n\t<meta name=\"twitter:label2\" content=\"Estimated reading time\" \/>\n\t<meta name=\"twitter:data2\" content=\"2 minutes\" \/>\n<script type=\"application\/ld+json\" class=\"yoast-schema-graph\">{\"@context\":\"https:\\\/\\\/schema.org\",\"@graph\":[{\"@type\":\"Article\",\"@id\":\"https:\\\/\\\/buletin.de\\\/bucuresti\\\/nicusor-dan-vom-face-recurs-impotriva-deciziei-tribunalului-de-a-suspenda-demolarea-cathedral-plaza\\\/#article\",\"isPartOf\":{\"@id\":\"https:\\\/\\\/buletin.de\\\/bucuresti\\\/nicusor-dan-vom-face-recurs-impotriva-deciziei-tribunalului-de-a-suspenda-demolarea-cathedral-plaza\\\/\"},\"author\":{\"name\":\"Andra Mure\u0219an\",\"@id\":\"https:\\\/\\\/buletin.de\\\/bucuresti\\\/#\\\/schema\\\/person\\\/2305426a193cfbaadc0b30023ee5d01c\"},\"headline\":\"Nicu\u0219or Dan: \u201eVom face recurs \u00eempotriva deciziei Tribunalului de a suspenda demolarea Cathedral Plaza\u201d\",\"datePublished\":\"2022-10-04T10:30:25+00:00\",\"mainEntityOfPage\":{\"@id\":\"https:\\\/\\\/buletin.de\\\/bucuresti\\\/nicusor-dan-vom-face-recurs-impotriva-deciziei-tribunalului-de-a-suspenda-demolarea-cathedral-plaza\\\/\"},\"wordCount\":443,\"publisher\":{\"@id\":\"https:\\\/\\\/buletin.de\\\/bucuresti\\\/#organization\"},\"image\":{\"@id\":\"https:\\\/\\\/buletin.de\\\/bucuresti\\\/nicusor-dan-vom-face-recurs-impotriva-deciziei-tribunalului-de-a-suspenda-demolarea-cathedral-plaza\\\/#primaryimage\"},\"thumbnailUrl\":\"https:\\\/\\\/buletin.de\\\/bucuresti\\\/wp-content\\\/uploads\\\/310535895_643593030450448_7178269938647149873_n.jpg\",\"keywords\":[\"bucuresti\",\"cathedral plaza\",\"demolare\",\"hotarare\",\"nicusor dan\",\"suspendare demolare\"],\"articleSection\":[\"\u0218tiri\"],\"inLanguage\":\"en-GB\",\"copyrightYear\":\"2022\",\"copyrightHolder\":{\"@id\":\"https:\\\/\\\/buletin.de\\\/bucuresti\\\/#organization\"}},{\"@type\":\"WebPage\",\"@id\":\"https:\\\/\\\/buletin.de\\\/bucuresti\\\/nicusor-dan-vom-face-recurs-impotriva-deciziei-tribunalului-de-a-suspenda-demolarea-cathedral-plaza\\\/\",\"url\":\"https:\\\/\\\/buletin.de\\\/bucuresti\\\/nicusor-dan-vom-face-recurs-impotriva-deciziei-tribunalului-de-a-suspenda-demolarea-cathedral-plaza\\\/\",\"name\":\"Nicu\u0219or Dan: \u201eVom face recurs \u00eempotriva deciziei Tribunalului de a suspenda demolarea Cathedral Plaza\u201d - Buletin de Bucure\u0219ti\",\"isPartOf\":{\"@id\":\"https:\\\/\\\/buletin.de\\\/bucuresti\\\/#website\"},\"primaryImageOfPage\":{\"@id\":\"https:\\\/\\\/buletin.de\\\/bucuresti\\\/nicusor-dan-vom-face-recurs-impotriva-deciziei-tribunalului-de-a-suspenda-demolarea-cathedral-plaza\\\/#primaryimage\"},\"image\":{\"@id\":\"https:\\\/\\\/buletin.de\\\/bucuresti\\\/nicusor-dan-vom-face-recurs-impotriva-deciziei-tribunalului-de-a-suspenda-demolarea-cathedral-plaza\\\/#primaryimage\"},\"thumbnailUrl\":\"https:\\\/\\\/buletin.de\\\/bucuresti\\\/wp-content\\\/uploads\\\/310535895_643593030450448_7178269938647149873_n.jpg\",\"datePublished\":\"2022-10-04T10:30:25+00:00\",\"description\":\"Primarul general a anun\u021bat c\u0103 va face recurs \u00eempotriva deciziei tribunalului prin care se suspend\u0103 dispozi\u021bia de demolare a Cathedral Plaza.\",\"breadcrumb\":{\"@id\":\"https:\\\/\\\/buletin.de\\\/bucuresti\\\/nicusor-dan-vom-face-recurs-impotriva-deciziei-tribunalului-de-a-suspenda-demolarea-cathedral-plaza\\\/#breadcrumb\"},\"inLanguage\":\"en-GB\",\"potentialAction\":[{\"@type\":\"ReadAction\",\"target\":[\"https:\\\/\\\/buletin.de\\\/bucuresti\\\/nicusor-dan-vom-face-recurs-impotriva-deciziei-tribunalului-de-a-suspenda-demolarea-cathedral-plaza\\\/\"]}]},{\"@type\":\"ImageObject\",\"inLanguage\":\"en-GB\",\"@id\":\"https:\\\/\\\/buletin.de\\\/bucuresti\\\/nicusor-dan-vom-face-recurs-impotriva-deciziei-tribunalului-de-a-suspenda-demolarea-cathedral-plaza\\\/#primaryimage\",\"url\":\"https:\\\/\\\/buletin.de\\\/bucuresti\\\/wp-content\\\/uploads\\\/310535895_643593030450448_7178269938647149873_n.jpg\",\"contentUrl\":\"https:\\\/\\\/buletin.de\\\/bucuresti\\\/wp-content\\\/uploads\\\/310535895_643593030450448_7178269938647149873_n.jpg\",\"width\":1066,\"height\":1600},{\"@type\":\"BreadcrumbList\",\"@id\":\"https:\\\/\\\/buletin.de\\\/bucuresti\\\/nicusor-dan-vom-face-recurs-impotriva-deciziei-tribunalului-de-a-suspenda-demolarea-cathedral-plaza\\\/#breadcrumb\",\"itemListElement\":[{\"@type\":\"ListItem\",\"position\":1,\"name\":\"Acas\u0103\",\"item\":\"https:\\\/\\\/buletin.de\\\/bucuresti\\\/\"},{\"@type\":\"ListItem\",\"position\":2,\"name\":\"Nicu\u0219or Dan: \u201eVom face recurs \u00eempotriva deciziei Tribunalului de a suspenda demolarea Cathedral Plaza\u201d\"}]},{\"@type\":\"WebSite\",\"@id\":\"https:\\\/\\\/buletin.de\\\/bucuresti\\\/#website\",\"url\":\"https:\\\/\\\/buletin.de\\\/bucuresti\\\/\",\"name\":\"Buletin de Bucure\u0219ti\",\"description\":\"\u0218tiri \u0219i investiga\u021bii esen\u021biale din capital\u0103\",\"publisher\":{\"@id\":\"https:\\\/\\\/buletin.de\\\/bucuresti\\\/#organization\"},\"potentialAction\":[{\"@type\":\"SearchAction\",\"target\":{\"@type\":\"EntryPoint\",\"urlTemplate\":\"https:\\\/\\\/buletin.de\\\/bucuresti\\\/?s={search_term_string}\"},\"query-input\":{\"@type\":\"PropertyValueSpecification\",\"valueRequired\":true,\"valueName\":\"search_term_string\"}}],\"inLanguage\":\"en-GB\"},{\"@type\":\"Organization\",\"@id\":\"https:\\\/\\\/buletin.de\\\/bucuresti\\\/#organization\",\"name\":\"Buletin de Bucure\u0219ti\",\"url\":\"https:\\\/\\\/buletin.de\\\/bucuresti\\\/\",\"logo\":{\"@type\":\"ImageObject\",\"inLanguage\":\"en-GB\",\"@id\":\"https:\\\/\\\/buletin.de\\\/bucuresti\\\/#\\\/schema\\\/logo\\\/image\\\/\",\"url\":\"https:\\\/\\\/buletin.de\\\/bucuresti\\\/wp-content\\\/uploads\\\/logo-bdb-full-wide-vernil-transparent.png\",\"contentUrl\":\"https:\\\/\\\/buletin.de\\\/bucuresti\\\/wp-content\\\/uploads\\\/logo-bdb-full-wide-vernil-transparent.png\",\"width\":1782,\"height\":626,\"caption\":\"Buletin de Bucure\u0219ti\"},\"image\":{\"@id\":\"https:\\\/\\\/buletin.de\\\/bucuresti\\\/#\\\/schema\\\/logo\\\/image\\\/\"},\"sameAs\":[\"https:\\\/\\\/www.facebook.com\\\/buletin.de.buc\",\"https:\\\/\\\/www.instagram.com\\\/buletinde.bucuresti\\\/\"]},{\"@type\":\"Person\",\"@id\":\"https:\\\/\\\/buletin.de\\\/bucuresti\\\/#\\\/schema\\\/person\\\/2305426a193cfbaadc0b30023ee5d01c\",\"name\":\"Andra Mure\u0219an\",\"image\":{\"@type\":\"ImageObject\",\"inLanguage\":\"en-GB\",\"@id\":\"https:\\\/\\\/secure.gravatar.com\\\/avatar\\\/0f89940de76acadc8ab9c36e6cec5b672fc84ab1bf1537562fa8584e29dfa8a5?s=96&d=monsterid&r=g30a40ed95e1c0fc67315c6f2c6fa871e\",\"url\":\"https:\\\/\\\/secure.gravatar.com\\\/avatar\\\/0f89940de76acadc8ab9c36e6cec5b672fc84ab1bf1537562fa8584e29dfa8a5?s=96&d=monsterid&r=g\",\"contentUrl\":\"https:\\\/\\\/secure.gravatar.com\\\/avatar\\\/0f89940de76acadc8ab9c36e6cec5b672fc84ab1bf1537562fa8584e29dfa8a5?s=96&d=monsterid&r=g\",\"caption\":\"Andra Mure\u0219an\"},\"url\":\"https:\\\/\\\/buletin.de\\\/bucuresti\\\/author\\\/andra\\\/\"}]}<\/script>\n<!-- \/ Yoast SEO Premium plugin. -->","yoast_head_json":{"title":"Nicu\u0219or Dan: \u201eVom face recurs \u00eempotriva deciziei Tribunalului de a suspenda demolarea Cathedral Plaza\u201d - Buletin de Bucure\u0219ti","description":"Primarul general a anun\u021bat c\u0103 va face recurs \u00eempotriva deciziei tribunalului prin care se suspend\u0103 dispozi\u021bia de demolare a Cathedral Plaza.","robots":{"index":"index","follow":"follow","max-snippet":"max-snippet:-1","max-image-preview":"max-image-preview:large","max-video-preview":"max-video-preview:-1"},"canonical":"https:\/\/buletin.de\/bucuresti\/nicusor-dan-vom-face-recurs-impotriva-deciziei-tribunalului-de-a-suspenda-demolarea-cathedral-plaza\/","og_locale":"en_GB","og_type":"article","og_title":"Nicu\u0219or Dan: \u201eVom face recurs \u00eempotriva deciziei Tribunalului de a suspenda demolarea Cathedral Plaza\u201d","og_description":"Primarul general a anun\u021bat c\u0103 va face recurs \u00eempotriva deciziei tribunalului prin care se suspend\u0103 dispozi\u021bia de demolare a Cathedral Plaza.","og_url":"https:\/\/buletin.de\/bucuresti\/nicusor-dan-vom-face-recurs-impotriva-deciziei-tribunalului-de-a-suspenda-demolarea-cathedral-plaza\/","og_site_name":"Buletin de Bucure\u0219ti","article_publisher":"https:\/\/www.facebook.com\/buletin.de.buc","article_published_time":"2022-10-04T10:30:25+00:00","og_image":[{"width":1066,"height":1600,"url":"https:\/\/buletin.de\/bucuresti\/wp-content\/uploads\/310535895_643593030450448_7178269938647149873_n.jpg","type":"image\/jpeg"}],"author":"Andra Mure\u0219an","twitter_card":"summary_large_image","twitter_misc":{"Written by":"Andra Mure\u0219an","Estimated reading time":"2 minutes"},"schema":{"@context":"https:\/\/schema.org","@graph":[{"@type":"Article","@id":"https:\/\/buletin.de\/bucuresti\/nicusor-dan-vom-face-recurs-impotriva-deciziei-tribunalului-de-a-suspenda-demolarea-cathedral-plaza\/#article","isPartOf":{"@id":"https:\/\/buletin.de\/bucuresti\/nicusor-dan-vom-face-recurs-impotriva-deciziei-tribunalului-de-a-suspenda-demolarea-cathedral-plaza\/"},"author":{"name":"Andra Mure\u0219an","@id":"https:\/\/buletin.de\/bucuresti\/#\/schema\/person\/2305426a193cfbaadc0b30023ee5d01c"},"headline":"Nicu\u0219or Dan: \u201eVom face recurs \u00eempotriva deciziei Tribunalului de a suspenda demolarea Cathedral Plaza\u201d","datePublished":"2022-10-04T10:30:25+00:00","mainEntityOfPage":{"@id":"https:\/\/buletin.de\/bucuresti\/nicusor-dan-vom-face-recurs-impotriva-deciziei-tribunalului-de-a-suspenda-demolarea-cathedral-plaza\/"},"wordCount":443,"publisher":{"@id":"https:\/\/buletin.de\/bucuresti\/#organization"},"image":{"@id":"https:\/\/buletin.de\/bucuresti\/nicusor-dan-vom-face-recurs-impotriva-deciziei-tribunalului-de-a-suspenda-demolarea-cathedral-plaza\/#primaryimage"},"thumbnailUrl":"https:\/\/buletin.de\/bucuresti\/wp-content\/uploads\/310535895_643593030450448_7178269938647149873_n.jpg","keywords":["bucuresti","cathedral plaza","demolare","hotarare","nicusor dan","suspendare demolare"],"articleSection":["\u0218tiri"],"inLanguage":"en-GB","copyrightYear":"2022","copyrightHolder":{"@id":"https:\/\/buletin.de\/bucuresti\/#organization"}},{"@type":"WebPage","@id":"https:\/\/buletin.de\/bucuresti\/nicusor-dan-vom-face-recurs-impotriva-deciziei-tribunalului-de-a-suspenda-demolarea-cathedral-plaza\/","url":"https:\/\/buletin.de\/bucuresti\/nicusor-dan-vom-face-recurs-impotriva-deciziei-tribunalului-de-a-suspenda-demolarea-cathedral-plaza\/","name":"Nicu\u0219or Dan: \u201eVom face recurs \u00eempotriva deciziei Tribunalului de a suspenda demolarea Cathedral Plaza\u201d - Buletin de Bucure\u0219ti","isPartOf":{"@id":"https:\/\/buletin.de\/bucuresti\/#website"},"primaryImageOfPage":{"@id":"https:\/\/buletin.de\/bucuresti\/nicusor-dan-vom-face-recurs-impotriva-deciziei-tribunalului-de-a-suspenda-demolarea-cathedral-plaza\/#primaryimage"},"image":{"@id":"https:\/\/buletin.de\/bucuresti\/nicusor-dan-vom-face-recurs-impotriva-deciziei-tribunalului-de-a-suspenda-demolarea-cathedral-plaza\/#primaryimage"},"thumbnailUrl":"https:\/\/buletin.de\/bucuresti\/wp-content\/uploads\/310535895_643593030450448_7178269938647149873_n.jpg","datePublished":"2022-10-04T10:30:25+00:00","description":"Primarul general a anun\u021bat c\u0103 va face recurs \u00eempotriva deciziei tribunalului prin care se suspend\u0103 dispozi\u021bia de demolare a Cathedral Plaza.","breadcrumb":{"@id":"https:\/\/buletin.de\/bucuresti\/nicusor-dan-vom-face-recurs-impotriva-deciziei-tribunalului-de-a-suspenda-demolarea-cathedral-plaza\/#breadcrumb"},"inLanguage":"en-GB","potentialAction":[{"@type":"ReadAction","target":["https:\/\/buletin.de\/bucuresti\/nicusor-dan-vom-face-recurs-impotriva-deciziei-tribunalului-de-a-suspenda-demolarea-cathedral-plaza\/"]}]},{"@type":"ImageObject","inLanguage":"en-GB","@id":"https:\/\/buletin.de\/bucuresti\/nicusor-dan-vom-face-recurs-impotriva-deciziei-tribunalului-de-a-suspenda-demolarea-cathedral-plaza\/#primaryimage","url":"https:\/\/buletin.de\/bucuresti\/wp-content\/uploads\/310535895_643593030450448_7178269938647149873_n.jpg","contentUrl":"https:\/\/buletin.de\/bucuresti\/wp-content\/uploads\/310535895_643593030450448_7178269938647149873_n.jpg","width":1066,"height":1600},{"@type":"BreadcrumbList","@id":"https:\/\/buletin.de\/bucuresti\/nicusor-dan-vom-face-recurs-impotriva-deciziei-tribunalului-de-a-suspenda-demolarea-cathedral-plaza\/#breadcrumb","itemListElement":[{"@type":"ListItem","position":1,"name":"Acas\u0103","item":"https:\/\/buletin.de\/bucuresti\/"},{"@type":"ListItem","position":2,"name":"Nicu\u0219or Dan: \u201eVom face recurs \u00eempotriva deciziei Tribunalului de a suspenda demolarea Cathedral Plaza\u201d"}]},{"@type":"WebSite","@id":"https:\/\/buletin.de\/bucuresti\/#website","url":"https:\/\/buletin.de\/bucuresti\/","name":"Buletin de Bucure\u0219ti","description":"\u0218tiri \u0219i investiga\u021bii esen\u021biale din capital\u0103","publisher":{"@id":"https:\/\/buletin.de\/bucuresti\/#organization"},"potentialAction":[{"@type":"SearchAction","target":{"@type":"EntryPoint","urlTemplate":"https:\/\/buletin.de\/bucuresti\/?s={search_term_string}"},"query-input":{"@type":"PropertyValueSpecification","valueRequired":true,"valueName":"search_term_string"}}],"inLanguage":"en-GB"},{"@type":"Organization","@id":"https:\/\/buletin.de\/bucuresti\/#organization","name":"Buletin de Bucure\u0219ti","url":"https:\/\/buletin.de\/bucuresti\/","logo":{"@type":"ImageObject","inLanguage":"en-GB","@id":"https:\/\/buletin.de\/bucuresti\/#\/schema\/logo\/image\/","url":"https:\/\/buletin.de\/bucuresti\/wp-content\/uploads\/logo-bdb-full-wide-vernil-transparent.png","contentUrl":"https:\/\/buletin.de\/bucuresti\/wp-content\/uploads\/logo-bdb-full-wide-vernil-transparent.png","width":1782,"height":626,"caption":"Buletin de Bucure\u0219ti"},"image":{"@id":"https:\/\/buletin.de\/bucuresti\/#\/schema\/logo\/image\/"},"sameAs":["https:\/\/www.facebook.com\/buletin.de.buc","https:\/\/www.instagram.com\/buletinde.bucuresti\/"]},{"@type":"Person","@id":"https:\/\/buletin.de\/bucuresti\/#\/schema\/person\/2305426a193cfbaadc0b30023ee5d01c","name":"Andra Mure\u0219an","image":{"@type":"ImageObject","inLanguage":"en-GB","@id":"https:\/\/secure.gravatar.com\/avatar\/0f89940de76acadc8ab9c36e6cec5b672fc84ab1bf1537562fa8584e29dfa8a5?s=96&d=monsterid&r=g30a40ed95e1c0fc67315c6f2c6fa871e","url":"https:\/\/secure.gravatar.com\/avatar\/0f89940de76acadc8ab9c36e6cec5b672fc84ab1bf1537562fa8584e29dfa8a5?s=96&d=monsterid&r=g","contentUrl":"https:\/\/secure.gravatar.com\/avatar\/0f89940de76acadc8ab9c36e6cec5b672fc84ab1bf1537562fa8584e29dfa8a5?s=96&d=monsterid&r=g","caption":"Andra Mure\u0219an"},"url":"https:\/\/buletin.de\/bucuresti\/author\/andra\/"}]}},"authors":[{"term_id":22603,"user_id":42,"is_guest":0,"slug":"andra","display_name":"Andra Mure\u0219an","avatar_url":"https:\/\/secure.gravatar.com\/avatar\/0f89940de76acadc8ab9c36e6cec5b672fc84ab1bf1537562fa8584e29dfa8a5?s=96&d=monsterid&r=g","0":null,"1":"","2":"","3":"","4":"","5":"","6":"","7":"","8":""}],"_links":{"self":[{"href":"https:\/\/buletin.de\/bucuresti\/wp-json\/wp\/v2\/posts\/47105","targetHints":{"allow":["GET"]}}],"collection":[{"href":"https:\/\/buletin.de\/bucuresti\/wp-json\/wp\/v2\/posts"}],"about":[{"href":"https:\/\/buletin.de\/bucuresti\/wp-json\/wp\/v2\/types\/post"}],"author":[{"embeddable":true,"href":"https:\/\/buletin.de\/bucuresti\/wp-json\/wp\/v2\/users\/42"}],"replies":[{"embeddable":true,"href":"https:\/\/buletin.de\/bucuresti\/wp-json\/wp\/v2\/comments?post=47105"}],"version-history":[{"count":3,"href":"https:\/\/buletin.de\/bucuresti\/wp-json\/wp\/v2\/posts\/47105\/revisions"}],"predecessor-version":[{"id":47111,"href":"https:\/\/buletin.de\/bucuresti\/wp-json\/wp\/v2\/posts\/47105\/revisions\/47111"}],"wp:featuredmedia":[{"embeddable":true,"href":"https:\/\/buletin.de\/bucuresti\/wp-json\/wp\/v2\/media\/47107"}],"wp:attachment":[{"href":"https:\/\/buletin.de\/bucuresti\/wp-json\/wp\/v2\/media?parent=47105"}],"wp:term":[{"taxonomy":"category","embeddable":true,"href":"https:\/\/buletin.de\/bucuresti\/wp-json\/wp\/v2\/categories?post=47105"},{"taxonomy":"post_tag","embeddable":true,"href":"https:\/\/buletin.de\/bucuresti\/wp-json\/wp\/v2\/tags?post=47105"},{"taxonomy":"author","embeddable":true,"href":"https:\/\/buletin.de\/bucuresti\/wp-json\/wp\/v2\/ppma_author?post=47105"}],"curies":[{"name":"wp","href":"https:\/\/api.w.org\/{rel}","templated":true}]}}