{"id":46945,"date":"2022-10-03T17:01:51","date_gmt":"2022-10-03T15:01:51","guid":{"rendered":"https:\/\/buletin.de\/bucuresti\/?p=46945"},"modified":"2023-01-27T22:31:17","modified_gmt":"2023-01-27T20:31:17","slug":"creart-subventii-de-la-pmb-de-un-sfert-de-miliard-de-lei-in-ultimii-5-ani","status":"publish","type":"post","link":"https:\/\/buletin.de\/bucuresti\/creart-subventii-de-la-pmb-de-un-sfert-de-miliard-de-lei-in-ultimii-5-ani\/","title":{"rendered":"CREART, subven\u021bii de la PMB de un sfert de miliard de lei, \u00een ultimii 5 ani"},"content":{"rendered":"\n<p><strong>Proiectul de desfiin\u021bare a opt institu\u021bii de cultur\u0103 pentru optimizarea cheltuielilor n-a intrat nici s\u0103pt\u0103m\u00e2na trecut\u0103 pe ordinea de zi a Consiliului General al Capitalei (CGMB).&nbsp;Propunerea, \u00eentocmit\u0103 de Direc\u021bia Cultur\u0103 \u00cenv\u0103\u021b\u0103m\u00e2nt Turism din subordinea primarului general, nu este pe placul consilierilor PNL care au cerut mai mult timp de studiu.&nbsp;Cea mai mare \u0219i mai costisitoare institu\u021bie cultural\u0103 de pe lista celor propuse spre desfiin\u021bare este CREART.&nbsp;<\/strong><\/p>\n\n\n\n<p>Institu\u021bia a primit, \u00een ultimii cinci ani, un sfert de miliard de lei, adic\u0103 50 de milioane de euro, subven\u021bie de la Prim\u0103ria General\u0103. Banii s-au dus pe contracte cu firme de cas\u0103 care organizau evenimente culturale. <\/p>\n\n\n\n<p>O bun\u0103 parte din bani s-au dus \u0219i pe salariile conducerii, r\u0103mas\u0103 \u00een func\u021bie de pe vremea Gabrielei Firea.&nbsp;<\/p>\n\n\n\n<p class=\"has-background\" style=\"background-color:#cee7f7\">CREART este un serviciu public din subordinea Prim\u0103riei Municipiului Bucure\u0219ti, care func\u021bioneaz\u0103 sub aceast\u0103 denumire din 2011. Institu\u021bia exist\u0103 \u00eenc\u0103 din 1957, c\u00e2nd se numea Centrul de Conservare \u015fi Valorificare a Tradi\u0163iei \u015fi Crea\u0163iei Populare.<br><br>Dup\u0103 cum scrie chiar pe site-ul oficial al institu\u021biei, CREART are <em>\u201emisiunea de a r\u0103spunde nevoilor culturale comunitare prin oferirea de produse \u0219i servicii culturale diverse: festivaluri na\u021bionale \u0219i interna\u021bionale, concursuri, expozi\u021bii, t\u00e2rguri, seminarii, concursuri de educa\u021bie civic\u0103, ateliere de crea\u021bie cultural-artistic\u0103.\u201c<\/em><\/p>\n\n\n\n<h2 class=\"wp-block-heading\"><strong>CREART tr\u0103ie\u0219te din subven\u021biile de la Prim\u0103ria Capitalei&nbsp;&nbsp;<\/strong><\/h2>\n\n\n\n<p>De\u0219i prin activit\u0103\u021bile pe care le poate organiza are multe posibilit\u0103\u021bi de a c\u00e2\u0219tiga bani, Centrul de Crea\u021bie Art\u0103 \u0219i Tradi\u021bie tr\u0103ie\u0219te, practic, din subven\u021bii venite din bugetul local al ora\u0219ului.<\/p>\n\n\n\n<p>\u00cen timpul mandatului Gabrielei Firea la Prim\u0103ria Bucure\u0219ti, subven\u021bia primit\u0103 de CREART a ajuns la suma record de 80 de milioane de lei, \u00een 2018. Schimbarea din v\u00e2rful administra\u021biei Capitalei a sc\u0103zut dramatic infuzia de capital. \u00cen 2021 \u0219i 2022, bugetul institu\u021biei nu a dep\u0103\u0219it 17,6 milioane de lei pe an, \u00een timp ce, \u00een cei patru ani de mandat ai Gabrielei Firea, institu\u021bia a \u00eencasat, \u00een total, peste 230 de milioane de lei.&nbsp;<\/p>\n\n\n\n<p>Comparativ, veniturile proprii pe care CREART le produce sunt \u0219i de 80 de ori mai mici dec\u00e2t subven\u021bia care vine de la prim\u0103rie.&nbsp;<\/p>\n\n\n\n<div class=\"infogram-embed\" data-id=\"_\/npstolISMH9IHyyVDk7A\" data-type=\"interactive\" data-title=\"Veniturile Creart: subven\u021bii vs venituri proprii\"><\/div><script>!function(e,i,n,s){var t=\"InfogramEmbeds\",d=e.getElementsByTagName(\"script\")[0];if(window[t]&&window[t].initialized)window[t].process&&window[t].process();else if(!e.getElementById(n)){var o=e.createElement(\"script\");o.async=1,o.id=n,o.src=\"https:\/\/e.infogram.com\/js\/dist\/embed-loader-min.js\",d.parentNode.insertBefore(o,d)}}(document,0,\"infogram-async\");<\/script>\n\n\n\n<h2 class=\"wp-block-heading\"><strong>La cine au ajuns banii Centrului de Crea\u021bie, Art\u0103 \u0219i Tradi\u021bie&nbsp;<\/strong><\/h2>\n\n\n\n<p>\u00centre 2018 si 2022, CREART a cheltuit 54 de milioane de lei pe achizi\u021bii directe \u0219i doar \u0219ase milioane de lei prin licita\u021bii. Banii au ajuns, astfel, la firme cu dedica\u021bie care au primit anual contract dup\u0103 contract. <\/p>\n\n\n\n<p><strong>Five&#8217;s International <\/strong>a primit \u00een ultimii cinci ani peste 12 milioane de lei, prin intermediul a 37 de contracte. Practic, prin aceste contracte compania a f\u0103cut de toate: a instalat cabluri, a v\u00e2ndut l\u0103mpi, a \u00eenchiriat echipament electric, a realizat campanii de publicitate, dar mai ales a organizat t\u00e2rguri, festivaluri \u0219i evenimente culturale pentru institu\u021bia din subordinea prim\u0103riei.&nbsp;<\/p>\n\n\n\n<p>Firma a fost \u00eenfiin\u021bat\u0103 \u00een 2004 de c\u0103tre Mihail Liviu St\u0103nescu \u0219i Sorin D\u0103nescu, fostul cl\u0103par al trupei Vi\u021ba de Vie. Acesta a r\u0103mas singurul ac\u021bionar dup\u0103 plecarea din firm\u0103 a lui Mihail St\u0103nescu, p\u00e2n\u0103 \u00een 2020, c\u00e2nd \u00een firm\u0103 au intrat al\u021bi trei asocia\u021bi: Bogdan-lon Kisescu,&nbsp; David William Lumby \u0219i Ionu\u021b Dol\u0103nescu.&nbsp;<\/p>\n\n\n\n<p>Firma este abonat\u0103 la mai multe institu\u021bii din Bucure\u0219ti. \u00cen ultimii ani, a avut contracte pentru organizarea de evenimente cu Teatrul \u201eIon Creang\u0103\u201d, Teatrul Na\u0163ional de Operet\u0103 \u015fi Musical Ion Dacian, Teatrul Evreiesc de Stat, Centrul Municipal de Cultur\u0103 Arad sau pentru livrarea de echipamente de sunet, inclusiv Administra\u0163iei Preziden\u0163iale.<\/p>\n\n\n\n<p>De-a lungul acestor cinci ani, Five&#8217;s International a organizat multe evenimente pentru Centrul de Art\u0103, Cultur\u0103 \u0219i Tradi\u021bie, de la festivaluri de muzic\u0103 \u0219i film \u0219i p\u00e2n\u0103 la t\u00e2rguri de Cr\u0103ciun sau \u201eZilele Bucure\u0219tiului\u201c.&nbsp;<\/p>\n\n\n\n<p><\/p>\n\n\n\n<div class=\"wp-block-media-text alignwide is-stacked-on-mobile\"><figure class=\"wp-block-media-text__media\"><img fetchpriority=\"high\" decoding=\"async\" width=\"630\" height=\"900\" src=\"data:image\/gif;base64,R0lGODlhAQABAAAAACH5BAEKAAEALAAAAAABAAEAAAICTAEAOw==\" data-src=\"https:\/\/buletin.de\/bucuresti\/wp-content\/uploads\/Afis-Zilele-Bucurestiului-2019-630x900.jpeg\" alt=\"\" class=\"wp-image-46953 size-full lazyload\" data-sizes=\"auto\" data-srcset=\"https:\/\/buletin.de\/bucuresti\/wp-content\/uploads\/Afis-Zilele-Bucurestiului-2019-630x900.jpeg 630w, https:\/\/buletin.de\/bucuresti\/wp-content\/uploads\/Afis-Zilele-Bucurestiului-2019-210x300.jpeg 210w, https:\/\/buletin.de\/bucuresti\/wp-content\/uploads\/Afis-Zilele-Bucurestiului-2019-768x1098.jpeg 768w, https:\/\/buletin.de\/bucuresti\/wp-content\/uploads\/Afis-Zilele-Bucurestiului-2019-1075x1536.jpeg 1075w, https:\/\/buletin.de\/bucuresti\/wp-content\/uploads\/Afis-Zilele-Bucurestiului-2019-1060x1515.jpeg 1060w, https:\/\/buletin.de\/bucuresti\/wp-content\/uploads\/Afis-Zilele-Bucurestiului-2019-550x786.jpeg 550w, https:\/\/buletin.de\/bucuresti\/wp-content\/uploads\/Afis-Zilele-Bucurestiului-2019-350x500.jpeg 350w, https:\/\/buletin.de\/bucuresti\/wp-content\/uploads\/Afis-Zilele-Bucurestiului-2019-756x1080.jpeg 756w, https:\/\/buletin.de\/bucuresti\/wp-content\/uploads\/Afis-Zilele-Bucurestiului-2019-600x858.jpeg 600w, https:\/\/buletin.de\/bucuresti\/wp-content\/uploads\/Afis-Zilele-Bucurestiului-2019.jpeg 1200w\" sizes=\"(max-width: 630px) 100vw, 630px\" \/><\/figure><div class=\"wp-block-media-text__content\">\n<p>Doar pentru \u201eZilele Bucure\u0219tiului\u201c din 2019, CREART a pl\u0103tit 900 de mii de lei pentru dou\u0103 zile de eveniment. De\u0219i suma dep\u0103\u0219ea limita legal\u0103 pentru un contract atribuit direct, institu\u021bia din subordinea prim\u0103riei a decis, totu\u0219i, s\u0103 nu fac\u0103 licita\u021bie. De ace\u0219ti bani au fost \u00eenchiriate dou\u0103 scene, lumini, sonorizare, servicii video, transport \u0219i manoper\u0103.&nbsp;<\/p>\n<\/div><\/div>\n\n\n\n<p><strong>Afacerea T\u00e2rgul de Cr\u0103ciun. <\/strong>Un alt eveniment f\u0103r\u0103 leg\u0103tur\u0103 cu cultura, organizat de CREART, a fost T\u00e2rgul de Cr\u0103ciun din 2019, de pe urma c\u0103ruia Five&#8217;s International a primit, tot prin contract direct, peste 894 de mii de lei. Compania a asigurat pachetul electric pentru acest t\u00e2rg: cabluri, sonorizare, iluminat pentru zona patinoarului \u0219i personal care s\u0103 execute manopera.<\/p>\n\n\n\n<p>\u00cen timp ce Five&#8217;s International primea direct un contract mamut pentru pachetul electric, CREART b\u0103ga 1,5 milioane de lei pentru organizarea T\u00e2rgului de Cr\u0103ciun \u00een conturile <strong>Multimedia Film<\/strong>, o companie care a primit \u00een ultimii cinci ani contracte de pu\u021bin peste cinci milioane de lei.&nbsp;<\/p>\n\n\n\n<p>Firma de\u021binut\u0103 de Mainescu Andrei \u0219i Santea Bogdan primeau exact aceea\u0219i sum\u0103 de bani \u0219i pentru T\u00e2rgul de Cr\u0103ciun din 2018.&nbsp;<\/p>\n\n\n\n<p class=\"has-background\" style=\"background-color:#cee7f7\">Pentru banii primi\u021bi de la CREART, firma a asigurat, printre altele, <em>\u201eservicii de transport tur\/retur \u0219i montare\/demontare c\u0103su\u021be me\u0219te\u0219ugari, servicii de montare\/demontare brad structur\u0103 metalic\u0103 (inclusiv cablare) \u0219i C\u0103su\u021ba Mo\u0219ului, por\u021bi intrare, iesle, servicii de amenajare loca\u021bie cu elemente decorative, recondi\u021bionare elemente de decor\u201d.<\/em><\/p>\n\n\n\n<figure class=\"wp-block-image size-large\"><a href=\"https:\/\/buletin.de\/bucuresti\/wp-content\/uploads\/CREART_TCB2019_SLIDER_CREART_1140X500.jpeg\"><img decoding=\"async\" width=\"900\" height=\"395\" src=\"data:image\/gif;base64,R0lGODlhAQABAAAAACH5BAEKAAEALAAAAAABAAEAAAICTAEAOw==\" data-src=\"https:\/\/buletin.de\/bucuresti\/wp-content\/uploads\/CREART_TCB2019_SLIDER_CREART_1140X500-900x395.jpeg\" alt=\"\" class=\"wp-image-46954 lazyload\" data-sizes=\"auto\" data-srcset=\"https:\/\/buletin.de\/bucuresti\/wp-content\/uploads\/CREART_TCB2019_SLIDER_CREART_1140X500-900x395.jpeg 900w, https:\/\/buletin.de\/bucuresti\/wp-content\/uploads\/CREART_TCB2019_SLIDER_CREART_1140X500-300x132.jpeg 300w, https:\/\/buletin.de\/bucuresti\/wp-content\/uploads\/CREART_TCB2019_SLIDER_CREART_1140X500-768x337.jpeg 768w, https:\/\/buletin.de\/bucuresti\/wp-content\/uploads\/CREART_TCB2019_SLIDER_CREART_1140X500-1060x465.jpeg 1060w, https:\/\/buletin.de\/bucuresti\/wp-content\/uploads\/CREART_TCB2019_SLIDER_CREART_1140X500-550x241.jpeg 550w, https:\/\/buletin.de\/bucuresti\/wp-content\/uploads\/CREART_TCB2019_SLIDER_CREART_1140X500-600x263.jpeg 600w, https:\/\/buletin.de\/bucuresti\/wp-content\/uploads\/CREART_TCB2019_SLIDER_CREART_1140X500.jpeg 1140w\" sizes=\"(max-width: 900px) 100vw, 900px\" \/><\/a><figcaption>Afi\u0219ul T\u00e2rgului de Cr\u0103ciun din 2019. \u00centrarea a fost liber\u0103, iar T\u00e2rgul s-a desf\u0103\u0219urat de pe 26 noiembrie, p\u00e2n\u0103 pe 26 decembrie. Surs\u0103 Foto: Creart.ro<\/figcaption><\/figure>\n\n\n\n<p>O alt\u0103 sum\u0103 considerabil\u0103 din bugetul CREART s-a dus \u00een conturile <strong>Promax Print<\/strong>, prin 352 de contracte, \u00een ultimii cinci ani. Practic, compania de\u021binut\u0103 de C\u0103t\u0103lin \u0219i Sonia Piloff s-a ocupat, \u00een principal, de tot ce \u021bine de afi\u0219e, flyere, plan\u0219e expozi\u021bie, printuri pentru o bun\u0103 parte dintre evenimentele organizate de CREART.\u00a0<\/p>\n\n\n\n<p>De\u0219i a fost \u00eenfiin\u021bat\u0103 ca firm\u0103 de tip\u0103rituri, compania a primit de la CREART \u0219i contracte pentru organizare de evenimente, unul dintre ele fiind chiar de 140 de mii de lei \u00eencheiat \u00een 2018. Conform Monitorului oficial, Promax Print \u0219i-a ad\u0103ugat domeniile de activitate legate de organizarea de evenimente imediat dup\u0103 ce a \u00eencheiat primul contract cu o institu\u021bie de cultur\u0103 bucure\u015ftean\u0103.<\/p>\n\n\n\n<p>Compania de tip\u0103rituri \u00eenfiin\u021bat\u0103 \u00een 2006 nu are contracte de mii de lei doar cu CREART, ci \u0219i cu o alt\u0103 institu\u021bie din subordinea Prim\u0103riei Capitalei, PROEDUS. \u00cen ultimii 5 ani a primit de la PROEDUS peste 1,4 milioane de lei, \u00eens\u0103 din ace\u0219ti bani mai mult de jum\u0103tate este contractul de 942 de mii de lei pentru cel de-al patrulea lot al \u201eMuzeului Copiilor\u201c.<\/p>\n\n\n\n<h2 class=\"wp-block-heading\"><strong>Conducerea CREART,&nbsp; un cuib de interese. La pachet cu Teatrul Ion Creang\u0103<\/strong><\/h2>\n\n\n\n<p>Conform ultimei organigrame aprobate \u00een 2020, CREART are \u00een total 49 de posturi, dintre care opt sunt de conducere. \u00cen 2021, din bugetul de 16,7 milioane de lei al institu\u021biei, 3,5 milioane au fost cheltuieli salariale.&nbsp;<\/p>\n\n\n\n<p><strong>Director &#8211; Nicoleta Claudia Popa (fost\u0103 V\u00eerlan)<\/strong><\/p>\n\n\n\n<p>De 15 ani, centrul este condus de acela\u0219i om, Nicoleta Claudia Popa, care la 40 de oameni \u00een subordine are nevoie de doi adjunc\u021bi. Nicoleta Popa adun\u0103 anual \u00een jur de 160.000 de lei din dou\u0103 joburi, cel de-al doilea fiind acela de jurist al Teatrului Ion Creang\u0103.<\/p>\n\n\n\n<figure class=\"wp-block-image size-full\"><img decoding=\"async\" width=\"700\" height=\"333\" src=\"data:image\/gif;base64,R0lGODlhAQABAAAAACH5BAEKAAEALAAAAAABAAEAAAICTAEAOw==\" data-src=\"https:\/\/buletin.de\/bucuresti\/wp-content\/uploads\/Screen-Shot-2022-09-29-at-10.24.42-PM.png\" alt=\"\" class=\"wp-image-46955 lazyload\" data-sizes=\"auto\" data-srcset=\"https:\/\/buletin.de\/bucuresti\/wp-content\/uploads\/Screen-Shot-2022-09-29-at-10.24.42-PM.png 700w, https:\/\/buletin.de\/bucuresti\/wp-content\/uploads\/Screen-Shot-2022-09-29-at-10.24.42-PM-300x143.png 300w, https:\/\/buletin.de\/bucuresti\/wp-content\/uploads\/Screen-Shot-2022-09-29-at-10.24.42-PM-550x262.png 550w, https:\/\/buletin.de\/bucuresti\/wp-content\/uploads\/Screen-Shot-2022-09-29-at-10.24.42-PM-600x285.png 600w\" sizes=\"(max-width: 700px) 100vw, 700px\" \/><figcaption>O parte din declara\u021bia de avere a directoarei Nicoleta Claudia Popa, f\u0103cut\u0103 pe 15 iunie 2022. Surs\u0103 Foto: captur\u0103 ecran, site: creart.ro<\/figcaption><\/figure>\n\n\n\n<p>\u0218i so\u021bul directoarei CREART este pl\u0103tit tot din banii bucure\u0219tenilor. <strong>Radu Dan Septimiu Popa<\/strong> a trecut \u00een ultimii 15 ani prin mai multe institu\u021bii din subordinea PMB, pe unele ajung\u00e2nd s\u0103 le \u0219i conduc\u0103. Radu Popa a fost, \u00een mandatul de primar al lui Sorin Oprescu, directorul ALPAB, institu\u021bia care se ocup\u0103 de \u00eengrijirea parcurilor \u0219i lacurilor de\u021binute de PMB.&nbsp;<\/p>\n\n\n\n<p>\u00cen 2015, de\u0219i era judecat pentru delapidare, Radu Dan Septimiu Popa a fost numit de c\u0103tre Sorin Oprescu consilier al ELCEN, firma care trebuia s\u0103 se asigure c\u0103 bucure\u0219tenii au c\u0103ldur\u0103 iarna. A fost condamnat la \u00eenchisoare cu suspendare pentru fapta sa, dar decizia instan\u021bei nu a contat \u00een cariera sa managerial\u0103.&nbsp;&nbsp;<\/p>\n\n\n\n<figure class=\"wp-block-image size-large\"><a href=\"https:\/\/buletin.de\/bucuresti\/wp-content\/uploads\/WhatsApp-Image-2022-09-29-at-22.50.31.jpeg\"><img loading=\"lazy\" decoding=\"async\" width=\"675\" height=\"900\" src=\"data:image\/gif;base64,R0lGODlhAQABAAAAACH5BAEKAAEALAAAAAABAAEAAAICTAEAOw==\" data-src=\"https:\/\/buletin.de\/bucuresti\/wp-content\/uploads\/WhatsApp-Image-2022-09-29-at-22.50.31-675x900.jpeg\" alt=\"\" class=\"wp-image-46960 lazyload\" data-sizes=\"auto\" data-srcset=\"https:\/\/buletin.de\/bucuresti\/wp-content\/uploads\/WhatsApp-Image-2022-09-29-at-22.50.31-675x900.jpeg 675w, https:\/\/buletin.de\/bucuresti\/wp-content\/uploads\/WhatsApp-Image-2022-09-29-at-22.50.31-225x300.jpeg 225w, https:\/\/buletin.de\/bucuresti\/wp-content\/uploads\/WhatsApp-Image-2022-09-29-at-22.50.31-550x733.jpeg 550w, https:\/\/buletin.de\/bucuresti\/wp-content\/uploads\/WhatsApp-Image-2022-09-29-at-22.50.31-375x500.jpeg 375w, https:\/\/buletin.de\/bucuresti\/wp-content\/uploads\/WhatsApp-Image-2022-09-29-at-22.50.31-600x800.jpeg 600w, https:\/\/buletin.de\/bucuresti\/wp-content\/uploads\/WhatsApp-Image-2022-09-29-at-22.50.31.jpeg 720w\" sizes=\"(max-width: 675px) 100vw, 675px\" \/><\/a><figcaption>Radu Popa (st\u00e2nga) \u00eempreun\u0103 cu directoarea CREART, Nicoleta Claudia Popa (dreapta). Surs\u0103 Foto: Facebook, Radu Popa <\/figcaption><\/figure>\n\n\n\n<p>Imediat dup\u0103 ce restric\u021biile din condamnarea penal\u0103 s-au terminat, \u00een 2020, so\u021bul directoarei CREART a fost numit consilier al Ministerului Tinererului \u0219i Sportului, apoi director al Complexului Studen\u021besc Tei. Din august 2020, Radu Popa este director al Complexului Studen\u021besc Tei.&nbsp;<\/p>\n\n\n\n<h2 class=\"wp-block-heading\"><strong>Afaceri \u00eencurcate cu alte institu\u021bii din subordinea PMB<\/strong><\/h2>\n\n\n\n<p>Leg\u0103turile so\u021bului directoarei sunt, \u00eens\u0103, mult mai complexe.\u00a0Conform declara\u021biei de avere, \u00een 2017, Radu Popa a c\u00e2\u0219tigat 28.000 de lei de la Career&amp;Profesional Work SRL firm\u0103 care a avut contracte cu institu\u021bia condus\u0103 de so\u021bia sa, cu Teatrul Ion Creang\u0103 \u0219i Teatrul \u021a\u0103nd\u0103ric\u0103.\u00a0<\/p>\n\n\n\n<p>Buletin de Bucure\u0219ti<strong> <\/strong><a href=\"https:\/\/buletin.de\/bucuresti\/contracte-de-12-milioane-de-euro-pentru-firma-directoarei-adjuncte-de-la-institutia-pe-care-o-conduce\/\"><strong>a dezv\u0103luit<\/strong><\/a> c\u0103 firma Danielei Iordache, directoarea adjunct\u0103 a Teatrului \u021a\u0103nd\u0103ric\u0103, a \u00eencasat aproape 1,3 milioane de euro \u00een 2015 de la cele trei institu\u021bii din subordinea PMB.<\/p>\n\n\n\n<p><strong>Directorii adjunc\u021bi &#8211; Liliana M\u0103ndil\u0103 \u0219i Nicolae Marius<\/strong><\/p>\n\n\n\n<p>\u0218i Liliana M\u0103ndil\u0103 este \u00een conducerea CREART de mult timp. A fost numit\u0103 director adjunct \u00een 2015, \u0219i, la fel ca \u0219efa sa, mai are un contract de munc\u0103, tot la Teatrul Ion Creang\u0103. Adun\u0103 lunar din cele dou\u0103 joburi la stat aproximativ 130.000 de lei.&nbsp;<\/p>\n\n\n\n<figure class=\"wp-block-image size-large\"><a href=\"https:\/\/buletin.de\/bucuresti\/wp-content\/uploads\/28616726_2012979898960085_2428270445971731757_o.jpeg\"><img loading=\"lazy\" decoding=\"async\" width=\"675\" height=\"900\" src=\"data:image\/gif;base64,R0lGODlhAQABAAAAACH5BAEKAAEALAAAAAABAAEAAAICTAEAOw==\" data-src=\"https:\/\/buletin.de\/bucuresti\/wp-content\/uploads\/28616726_2012979898960085_2428270445971731757_o-675x900.jpeg\" alt=\"\" class=\"wp-image-46957 lazyload\" data-sizes=\"auto\" data-srcset=\"https:\/\/buletin.de\/bucuresti\/wp-content\/uploads\/28616726_2012979898960085_2428270445971731757_o-675x900.jpeg 675w, https:\/\/buletin.de\/bucuresti\/wp-content\/uploads\/28616726_2012979898960085_2428270445971731757_o-225x300.jpeg 225w, https:\/\/buletin.de\/bucuresti\/wp-content\/uploads\/28616726_2012979898960085_2428270445971731757_o-550x733.jpeg 550w, https:\/\/buletin.de\/bucuresti\/wp-content\/uploads\/28616726_2012979898960085_2428270445971731757_o-375x500.jpeg 375w, https:\/\/buletin.de\/bucuresti\/wp-content\/uploads\/28616726_2012979898960085_2428270445971731757_o-600x800.jpeg 600w, https:\/\/buletin.de\/bucuresti\/wp-content\/uploads\/28616726_2012979898960085_2428270445971731757_o.jpeg 768w\" sizes=\"(max-width: 675px) 100vw, 675px\" \/><\/a><figcaption>Liliana M\u0103ndil\u0103, unul dintre diectorii adjunc\u021bi ai CREART. Fotografia a fost postat\u0103 pe Facebook \u00een 2018. Surs\u0103 Foto: Facebook, M\u0103ndil\u0103 Liliana <\/figcaption><\/figure>\n\n\n\n<p>Cel de-al doilea director adjunct al CREART este Nicolae Marius, care c\u00e2\u0219tig\u0103 anual tot peste 97 de mii de lei. So\u021bia lui, Nicolae Iulia Claudia, este angajat\u0103 tot \u00eentr-o institu\u021bie din subordinea PMB, Proedus, unde c\u00e2\u0219tig\u0103 mai mult de 50 de mii de lei pe an.<\/p>\n\n\n\n<h2 class=\"wp-block-heading\"><strong>Angaja\u021bii CREART, o mare familie<\/strong><\/h2>\n\n\n\n<figure class=\"wp-block-image size-large\"><a href=\"https:\/\/buletin.de\/bucuresti\/wp-content\/uploads\/Screen-Shot-2022-09-30-at-12.29.29-AM.png\"><img loading=\"lazy\" decoding=\"async\" width=\"900\" height=\"436\" src=\"data:image\/gif;base64,R0lGODlhAQABAAAAACH5BAEKAAEALAAAAAABAAEAAAICTAEAOw==\" data-src=\"https:\/\/buletin.de\/bucuresti\/wp-content\/uploads\/Screen-Shot-2022-09-30-at-12.29.29-AM-900x436.png\" alt=\"\" class=\"wp-image-46973 lazyload\" data-sizes=\"auto\" data-srcset=\"https:\/\/buletin.de\/bucuresti\/wp-content\/uploads\/Screen-Shot-2022-09-30-at-12.29.29-AM-900x436.png 900w, https:\/\/buletin.de\/bucuresti\/wp-content\/uploads\/Screen-Shot-2022-09-30-at-12.29.29-AM-300x145.png 300w, https:\/\/buletin.de\/bucuresti\/wp-content\/uploads\/Screen-Shot-2022-09-30-at-12.29.29-AM-768x372.png 768w, https:\/\/buletin.de\/bucuresti\/wp-content\/uploads\/Screen-Shot-2022-09-30-at-12.29.29-AM-1060x514.png 1060w, https:\/\/buletin.de\/bucuresti\/wp-content\/uploads\/Screen-Shot-2022-09-30-at-12.29.29-AM-550x267.png 550w, https:\/\/buletin.de\/bucuresti\/wp-content\/uploads\/Screen-Shot-2022-09-30-at-12.29.29-AM-1031x500.png 1031w, https:\/\/buletin.de\/bucuresti\/wp-content\/uploads\/Screen-Shot-2022-09-30-at-12.29.29-AM-600x291.png 600w, https:\/\/buletin.de\/bucuresti\/wp-content\/uploads\/Screen-Shot-2022-09-30-at-12.29.29-AM.png 1361w\" sizes=\"(max-width: 900px) 100vw, 900px\" \/><\/a><figcaption><em>Material grafic realizat prin platforma Aleph OCCRP<\/em><\/figcaption><\/figure>\n\n\n\n<p><\/p>\n\n\n\n<p>Nicoleta Claudia Popa \u0219i-a adus \u00een subordine \u0219i cel pu\u021bin o rud\u0103. Adic\u0103 pe so\u021bia fratelui s\u0103u, George V\u00eerlan Marius, \u0219i el director p\u00e2n\u0103 \u00een 2020 la o companie de stat.<\/p>\n\n\n\n<figure class=\"wp-block-image size-full\"><a href=\"https:\/\/buletin.de\/bucuresti\/wp-content\/uploads\/WhatsApp-Image-2022-09-28-at-17.36.02-1.jpeg\"><img loading=\"lazy\" decoding=\"async\" width=\"601\" height=\"359\" src=\"data:image\/gif;base64,R0lGODlhAQABAAAAACH5BAEKAAEALAAAAAABAAEAAAICTAEAOw==\" data-src=\"https:\/\/buletin.de\/bucuresti\/wp-content\/uploads\/WhatsApp-Image-2022-09-28-at-17.36.02-1.jpeg\" alt=\"\" class=\"wp-image-46958 lazyload\" data-sizes=\"auto\" data-srcset=\"https:\/\/buletin.de\/bucuresti\/wp-content\/uploads\/WhatsApp-Image-2022-09-28-at-17.36.02-1.jpeg 601w, https:\/\/buletin.de\/bucuresti\/wp-content\/uploads\/WhatsApp-Image-2022-09-28-at-17.36.02-1-300x179.jpeg 300w, https:\/\/buletin.de\/bucuresti\/wp-content\/uploads\/WhatsApp-Image-2022-09-28-at-17.36.02-1-550x329.jpeg 550w\" sizes=\"(max-width: 601px) 100vw, 601px\" \/><\/a><figcaption>Declara\u021bie de avere V\u00eerlan George Marius, fratele directoarei CREART<\/figcaption><\/figure>\n\n\n\n<p>Fratele directoarei CREART a fost \u0219i \u0219ef de serviciu la ALPAB \u00een 2012, c\u00e2nd Popa Radu era director. Tot fratele directoarei, \u00een 2016, \u00eencasa bani pe drepturi de autor \u0219i pe un contract civil de la CREART, \u00een valoare de peste 16 mii de lei pe an. \u00cen 2017, conform declara\u021biei de avere, era directorul Administra\u021biei Monumentelor \u0219i Patrimoniului Turistic din Bucure\u0219ti.\u00a0<\/p>\n\n\n\n<p>\u00cen 2018, so\u021bia lui Marius V\u00eerlan, Ana Maria V\u00eerlan, \u00eencepea colaborarea cu CREART, primind \u00eentr-un singur an peste 16 mii de lei de la institu\u021bia din subordinea PMB pe un contract de drepturi de autor. Acum, Ana-Maria V\u00eerlan, cumnata Nicoletei Popa, ocup\u0103 func\u021bia de consilier al CREART.\u00a0<\/p>\n\n\n\n<figure class=\"wp-block-image size-large\"><a href=\"https:\/\/buletin.de\/bucuresti\/wp-content\/uploads\/61510056_2695533893796292_2861674767306457088_n.jpeg\"><img loading=\"lazy\" decoding=\"async\" width=\"900\" height=\"900\" src=\"data:image\/gif;base64,R0lGODlhAQABAAAAACH5BAEKAAEALAAAAAABAAEAAAICTAEAOw==\" data-src=\"https:\/\/buletin.de\/bucuresti\/wp-content\/uploads\/61510056_2695533893796292_2861674767306457088_n-900x900.jpeg\" alt=\"\" class=\"wp-image-46961 lazyload\" data-sizes=\"auto\" data-srcset=\"https:\/\/buletin.de\/bucuresti\/wp-content\/uploads\/61510056_2695533893796292_2861674767306457088_n-900x900.jpeg 900w, https:\/\/buletin.de\/bucuresti\/wp-content\/uploads\/61510056_2695533893796292_2861674767306457088_n-300x300.jpeg 300w, https:\/\/buletin.de\/bucuresti\/wp-content\/uploads\/61510056_2695533893796292_2861674767306457088_n-150x150.jpeg 150w, https:\/\/buletin.de\/bucuresti\/wp-content\/uploads\/61510056_2695533893796292_2861674767306457088_n-768x768.jpeg 768w, https:\/\/buletin.de\/bucuresti\/wp-content\/uploads\/61510056_2695533893796292_2861674767306457088_n-550x550.jpeg 550w, https:\/\/buletin.de\/bucuresti\/wp-content\/uploads\/61510056_2695533893796292_2861674767306457088_n-500x500.jpeg 500w, https:\/\/buletin.de\/bucuresti\/wp-content\/uploads\/61510056_2695533893796292_2861674767306457088_n-45x45.jpeg 45w, https:\/\/buletin.de\/bucuresti\/wp-content\/uploads\/61510056_2695533893796292_2861674767306457088_n-250x250.jpeg 250w, https:\/\/buletin.de\/bucuresti\/wp-content\/uploads\/61510056_2695533893796292_2861674767306457088_n-600x600.jpeg 600w, https:\/\/buletin.de\/bucuresti\/wp-content\/uploads\/61510056_2695533893796292_2861674767306457088_n-100x100.jpeg 100w, https:\/\/buletin.de\/bucuresti\/wp-content\/uploads\/61510056_2695533893796292_2861674767306457088_n.jpeg 960w\" sizes=\"(max-width: 900px) 100vw, 900px\" \/><\/a><figcaption>Ana-Maria V\u00eerlan (st\u00e2nga) \u00eempreun\u0103 cu George Marius V\u00eerlan (dreapta). Surs\u0103 Foto: Facebook, George Marius<\/figcaption><\/figure>\n\n\n\n<p>\u0218i nu este singurul V\u00eerlan care lucreaz\u0103 \u00een CREART. Pe statul de plat\u0103 apare \u0219i V\u00eerlan Florica, auditor, dar \u0219i pensionar\u0103, \u0219i angajat\u0103 a aceleia\u0219i firme unde a lucrat \u0219i so\u021bul directoarei.<\/p>\n\n\n\n<figure class=\"wp-block-image size-full\"><a href=\"https:\/\/buletin.de\/bucuresti\/wp-content\/uploads\/Screen-Shot-2022-09-29-at-10.55.07-PM.png\"><img loading=\"lazy\" decoding=\"async\" width=\"734\" height=\"444\" src=\"data:image\/gif;base64,R0lGODlhAQABAAAAACH5BAEKAAEALAAAAAABAAEAAAICTAEAOw==\" data-src=\"https:\/\/buletin.de\/bucuresti\/wp-content\/uploads\/Screen-Shot-2022-09-29-at-10.55.07-PM.png\" alt=\"\" class=\"wp-image-46959 lazyload\" data-sizes=\"auto\" data-srcset=\"https:\/\/buletin.de\/bucuresti\/wp-content\/uploads\/Screen-Shot-2022-09-29-at-10.55.07-PM.png 734w, https:\/\/buletin.de\/bucuresti\/wp-content\/uploads\/Screen-Shot-2022-09-29-at-10.55.07-PM-300x181.png 300w, https:\/\/buletin.de\/bucuresti\/wp-content\/uploads\/Screen-Shot-2022-09-29-at-10.55.07-PM-550x333.png 550w, https:\/\/buletin.de\/bucuresti\/wp-content\/uploads\/Screen-Shot-2022-09-29-at-10.55.07-PM-600x363.png 600w\" sizes=\"(max-width: 734px) 100vw, 734px\" \/><\/a><figcaption>Declara\u021bie de avere Florica V\u00eerlan, anul 2019<\/figcaption><\/figure>\n\n\n\n<p>\u0218i mai exist\u0103 \u0219i o Sorana Manuela Popa, \u0219ef de serviciu la CREART care, dincolo de coinciden\u021ba de nume, mai are o leg\u0103tur\u0103 cu familia directoarei. A lucrat la Complexul Studen\u021besc Tei, acolo unde Radu Septimiu Popa a fost director.<\/p>\n\n\n\n<p><em>Am \u00eencercat s\u0103 o contact\u0103m pe directoarea Claudia Nicoleta Popa \u00een repetate r\u00e2nduri. \u00cen cele din urm\u0103 i-am cerut punctul de vedere prin email, \u00eens\u0103 p\u00e2n\u0103 la ora public\u0103rii articolului nu am primit niciun r\u0103spuns<\/em>.<\/p>\n\n\n\n<p>La dou\u0103 zile de la publicarea articolului, CREART a r\u0103spuns \u00eentreb\u0103rilor transmise de c\u0103tre Buletin de Bucure\u0219ti pe mail. Institu\u021bia din subordinea PMB sus\u021bine c\u0103 \u00een ultimii cinci ani au fost \u00eencheiate contracte de ordinul miilor de lei, nu al milioanelor, \u0219i toate au fost f\u0103cute conform legii, iar legat de angaj\u0103rile persoanelor din familia V\u00eerlan sus\u021bine c\u0103 \u201edreptul la munc\u0103 \u00een Rom\u00e2nia este un drept garantat de Constitu\u021bie\u201c.<\/p>\n\n\n\n<p>De\u0219i reporterii Buletin de Bucure\u0219ti au \u00eencercat s\u0103 contacteze Centrul de Crea\u021bie, Art\u0103 \u0219i Tradi\u021bie, institu\u021bia spune c\u0103 nu este adev\u0103rat \u0219i c\u0103 informa\u021biile expuse sunt denigratoare, motiv pentru care vor s\u0103 clarifice afirma\u021biile din articol pe cale legal\u0103. Red\u0103m mai jos integral punctul de vedere CREART. <\/p>\n\n\n\n<figure class=\"wp-block-gallery has-nested-images columns-default is-cropped wp-block-gallery-1 is-layout-flex wp-block-gallery-is-layout-flex\">\n<figure class=\"wp-block-image size-large\"><a href=\"https:\/\/buletin.de\/bucuresti\/wp-content\/uploads\/Screen-Shot-2022-10-08-at-7.01.32-PM.png\"><img loading=\"lazy\" decoding=\"async\" width=\"525\" height=\"640\" data-id=\"47207\" src=\"data:image\/gif;base64,R0lGODlhAQABAAAAACH5BAEKAAEALAAAAAABAAEAAAICTAEAOw==\" data-src=\"https:\/\/buletin.de\/bucuresti\/wp-content\/uploads\/Screen-Shot-2022-10-08-at-7.01.32-PM.png\" alt=\"\" class=\"wp-image-47207 lazyload\" data-sizes=\"auto\" data-srcset=\"https:\/\/buletin.de\/bucuresti\/wp-content\/uploads\/Screen-Shot-2022-10-08-at-7.01.32-PM.png 525w, https:\/\/buletin.de\/bucuresti\/wp-content\/uploads\/Screen-Shot-2022-10-08-at-7.01.32-PM-246x300.png 246w, https:\/\/buletin.de\/bucuresti\/wp-content\/uploads\/Screen-Shot-2022-10-08-at-7.01.32-PM-410x500.png 410w\" sizes=\"(max-width: 525px) 100vw, 525px\" \/><\/a><\/figure>\n\n\n\n<figure class=\"wp-block-image size-large\"><img loading=\"lazy\" decoding=\"async\" width=\"519\" height=\"479\" data-id=\"47870\" src=\"data:image\/gif;base64,R0lGODlhAQABAAAAACH5BAEKAAEALAAAAAABAAEAAAICTAEAOw==\" data-src=\"https:\/\/buletin.de\/bucuresti\/wp-content\/uploads\/Screen-Shot-2022-10-08-at-7.01.43-PM-1.png\" alt=\"\" class=\"wp-image-47870 lazyload\" data-sizes=\"auto\" data-srcset=\"https:\/\/buletin.de\/bucuresti\/wp-content\/uploads\/Screen-Shot-2022-10-08-at-7.01.43-PM-1.png 519w, https:\/\/buletin.de\/bucuresti\/wp-content\/uploads\/Screen-Shot-2022-10-08-at-7.01.43-PM-1-300x277.png 300w\" sizes=\"(max-width: 519px) 100vw, 519px\" \/><\/figure>\n<\/figure>\n\n\n\n<p><\/p>\n\n\n\n<p>Surs\u0103 Cover: pmb.ro<\/p>\n","protected":false},"excerpt":{"rendered":"<p>Proiectul de desfiin\u021bare a opt institu\u021bii de cultur\u0103 pentru optimizarea cheltuielilor n-a intrat nici s\u0103pt\u0103m\u00e2na trecut\u0103 pe ordinea de zi a Consiliului General al Capitalei (CGMB).&nbsp;Propunerea, \u00eentocmit\u0103 de Direc\u021bia Cultur\u0103 \u00cenv\u0103\u021b\u0103m\u00e2nt Turism din subordinea primarului general, nu este pe placul consilierilor PNL care au cerut mai mult timp de studiu.&nbsp;Cea mai mare \u0219i mai costisitoare [&hellip;]<\/p>\n","protected":false},"author":17,"featured_media":46985,"comment_status":"closed","ping_status":"open","sticky":false,"template":"","format":"standard","meta":{"_acf_changed":false,"inline_featured_image":false,"ngg_post_thumbnail":0,"footnotes":""},"categories":[3419],"tags":[104],"ppma_author":[22576],"class_list":["post-46945","post","type-post","status-publish","format-standard","has-post-thumbnail","hentry","category-featured","tag-pmb"],"acf":[],"yoast_head":"<!-- This site is optimized with the Yoast SEO Premium plugin v25.3 (Yoast SEO v27.5) - https:\/\/yoast.com\/product\/yoast-seo-premium-wordpress\/ -->\n<title>CREART, subven\u021bii de la PMB de un sfert de miliard de lei, \u00een ultimii 5 ani - Buletin de Bucure\u0219ti<\/title>\n<meta name=\"robots\" content=\"index, follow, max-snippet:-1, max-image-preview:large, max-video-preview:-1\" \/>\n<link rel=\"canonical\" href=\"https:\/\/buletin.de\/bucuresti\/creart-subventii-de-la-pmb-de-un-sfert-de-miliard-de-lei-in-ultimii-5-ani\/\" \/>\n<meta property=\"og:locale\" content=\"en_GB\" \/>\n<meta property=\"og:type\" content=\"article\" \/>\n<meta property=\"og:title\" content=\"CREART, subven\u021bii de la PMB de un sfert de miliard de lei, \u00een ultimii 5 ani\" \/>\n<meta property=\"og:description\" content=\"Proiectul de desfiin\u021bare a opt institu\u021bii de cultur\u0103 pentru optimizarea cheltuielilor n-a intrat nici s\u0103pt\u0103m\u00e2na trecut\u0103 pe ordinea de zi a Consiliului General al Capitalei (CGMB).&nbsp;Propunerea, \u00eentocmit\u0103 de Direc\u021bia Cultur\u0103 \u00cenv\u0103\u021b\u0103m\u00e2nt Turism din subordinea primarului general, nu este pe placul consilierilor PNL care au cerut mai mult timp de studiu.&nbsp;Cea mai mare \u0219i mai costisitoare [&hellip;]\" \/>\n<meta property=\"og:url\" content=\"https:\/\/buletin.de\/bucuresti\/creart-subventii-de-la-pmb-de-un-sfert-de-miliard-de-lei-in-ultimii-5-ani\/\" \/>\n<meta property=\"og:site_name\" content=\"Buletin de Bucure\u0219ti\" \/>\n<meta property=\"article:publisher\" content=\"https:\/\/www.facebook.com\/buletin.de.buc\" \/>\n<meta property=\"article:published_time\" content=\"2022-10-03T15:01:51+00:00\" \/>\n<meta property=\"article:modified_time\" content=\"2023-01-27T20:31:17+00:00\" \/>\n<meta property=\"og:image\" content=\"https:\/\/buletin.de\/bucuresti\/wp-content\/uploads\/F6ClstaaH8UK4Bmc556n.jpeg\" \/>\n\t<meta property=\"og:image:width\" content=\"2050\" \/>\n\t<meta property=\"og:image:height\" content=\"780\" \/>\n\t<meta property=\"og:image:type\" content=\"image\/jpeg\" \/>\n<meta name=\"author\" content=\"Florin R\u00e2\u0219teiu\" \/>\n<meta name=\"twitter:card\" content=\"summary_large_image\" \/>\n<meta name=\"twitter:label1\" content=\"Written by\" \/>\n\t<meta name=\"twitter:data1\" content=\"Florin R\u00e2\u0219teiu\" \/>\n\t<meta name=\"twitter:label2\" content=\"Estimated reading time\" \/>\n\t<meta name=\"twitter:data2\" content=\"11 minutes\" \/>\n<script type=\"application\/ld+json\" class=\"yoast-schema-graph\">{\"@context\":\"https:\\\/\\\/schema.org\",\"@graph\":[{\"@type\":\"Article\",\"@id\":\"https:\\\/\\\/buletin.de\\\/bucuresti\\\/creart-subventii-de-la-pmb-de-un-sfert-de-miliard-de-lei-in-ultimii-5-ani\\\/#article\",\"isPartOf\":{\"@id\":\"https:\\\/\\\/buletin.de\\\/bucuresti\\\/creart-subventii-de-la-pmb-de-un-sfert-de-miliard-de-lei-in-ultimii-5-ani\\\/\"},\"author\":{\"name\":\"Florin R\u00e2\u0219teiu\",\"@id\":\"https:\\\/\\\/buletin.de\\\/bucuresti\\\/#\\\/schema\\\/person\\\/b0686d7a8b666c6afc78239777fd8a89\"},\"headline\":\"CREART, subven\u021bii de la PMB de un sfert de miliard de lei, \u00een ultimii 5 ani\",\"datePublished\":\"2022-10-03T15:01:51+00:00\",\"dateModified\":\"2023-01-27T20:31:17+00:00\",\"mainEntityOfPage\":{\"@id\":\"https:\\\/\\\/buletin.de\\\/bucuresti\\\/creart-subventii-de-la-pmb-de-un-sfert-de-miliard-de-lei-in-ultimii-5-ani\\\/\"},\"wordCount\":2153,\"publisher\":{\"@id\":\"https:\\\/\\\/buletin.de\\\/bucuresti\\\/#organization\"},\"image\":{\"@id\":\"https:\\\/\\\/buletin.de\\\/bucuresti\\\/creart-subventii-de-la-pmb-de-un-sfert-de-miliard-de-lei-in-ultimii-5-ani\\\/#primaryimage\"},\"thumbnailUrl\":\"https:\\\/\\\/buletin.de\\\/bucuresti\\\/wp-content\\\/uploads\\\/F6ClstaaH8UK4Bmc556n.jpeg\",\"keywords\":[\"pmb\"],\"articleSection\":[\"Featured\"],\"inLanguage\":\"en-GB\",\"copyrightYear\":\"2022\",\"copyrightHolder\":{\"@id\":\"https:\\\/\\\/buletin.de\\\/bucuresti\\\/#organization\"}},{\"@type\":\"WebPage\",\"@id\":\"https:\\\/\\\/buletin.de\\\/bucuresti\\\/creart-subventii-de-la-pmb-de-un-sfert-de-miliard-de-lei-in-ultimii-5-ani\\\/\",\"url\":\"https:\\\/\\\/buletin.de\\\/bucuresti\\\/creart-subventii-de-la-pmb-de-un-sfert-de-miliard-de-lei-in-ultimii-5-ani\\\/\",\"name\":\"CREART, subven\u021bii de la PMB de un sfert de miliard de lei, \u00een ultimii 5 ani - Buletin de Bucure\u0219ti\",\"isPartOf\":{\"@id\":\"https:\\\/\\\/buletin.de\\\/bucuresti\\\/#website\"},\"primaryImageOfPage\":{\"@id\":\"https:\\\/\\\/buletin.de\\\/bucuresti\\\/creart-subventii-de-la-pmb-de-un-sfert-de-miliard-de-lei-in-ultimii-5-ani\\\/#primaryimage\"},\"image\":{\"@id\":\"https:\\\/\\\/buletin.de\\\/bucuresti\\\/creart-subventii-de-la-pmb-de-un-sfert-de-miliard-de-lei-in-ultimii-5-ani\\\/#primaryimage\"},\"thumbnailUrl\":\"https:\\\/\\\/buletin.de\\\/bucuresti\\\/wp-content\\\/uploads\\\/F6ClstaaH8UK4Bmc556n.jpeg\",\"datePublished\":\"2022-10-03T15:01:51+00:00\",\"dateModified\":\"2023-01-27T20:31:17+00:00\",\"breadcrumb\":{\"@id\":\"https:\\\/\\\/buletin.de\\\/bucuresti\\\/creart-subventii-de-la-pmb-de-un-sfert-de-miliard-de-lei-in-ultimii-5-ani\\\/#breadcrumb\"},\"inLanguage\":\"en-GB\",\"potentialAction\":[{\"@type\":\"ReadAction\",\"target\":[\"https:\\\/\\\/buletin.de\\\/bucuresti\\\/creart-subventii-de-la-pmb-de-un-sfert-de-miliard-de-lei-in-ultimii-5-ani\\\/\"]}]},{\"@type\":\"ImageObject\",\"inLanguage\":\"en-GB\",\"@id\":\"https:\\\/\\\/buletin.de\\\/bucuresti\\\/creart-subventii-de-la-pmb-de-un-sfert-de-miliard-de-lei-in-ultimii-5-ani\\\/#primaryimage\",\"url\":\"https:\\\/\\\/buletin.de\\\/bucuresti\\\/wp-content\\\/uploads\\\/F6ClstaaH8UK4Bmc556n.jpeg\",\"contentUrl\":\"https:\\\/\\\/buletin.de\\\/bucuresti\\\/wp-content\\\/uploads\\\/F6ClstaaH8UK4Bmc556n.jpeg\",\"width\":2050,\"height\":780},{\"@type\":\"BreadcrumbList\",\"@id\":\"https:\\\/\\\/buletin.de\\\/bucuresti\\\/creart-subventii-de-la-pmb-de-un-sfert-de-miliard-de-lei-in-ultimii-5-ani\\\/#breadcrumb\",\"itemListElement\":[{\"@type\":\"ListItem\",\"position\":1,\"name\":\"Acas\u0103\",\"item\":\"https:\\\/\\\/buletin.de\\\/bucuresti\\\/\"},{\"@type\":\"ListItem\",\"position\":2,\"name\":\"CREART, subven\u021bii de la PMB de un sfert de miliard de lei, \u00een ultimii 5 ani\"}]},{\"@type\":\"WebSite\",\"@id\":\"https:\\\/\\\/buletin.de\\\/bucuresti\\\/#website\",\"url\":\"https:\\\/\\\/buletin.de\\\/bucuresti\\\/\",\"name\":\"Buletin de Bucure\u0219ti\",\"description\":\"\u0218tiri \u0219i investiga\u021bii esen\u021biale din capital\u0103\",\"publisher\":{\"@id\":\"https:\\\/\\\/buletin.de\\\/bucuresti\\\/#organization\"},\"potentialAction\":[{\"@type\":\"SearchAction\",\"target\":{\"@type\":\"EntryPoint\",\"urlTemplate\":\"https:\\\/\\\/buletin.de\\\/bucuresti\\\/?s={search_term_string}\"},\"query-input\":{\"@type\":\"PropertyValueSpecification\",\"valueRequired\":true,\"valueName\":\"search_term_string\"}}],\"inLanguage\":\"en-GB\"},{\"@type\":\"Organization\",\"@id\":\"https:\\\/\\\/buletin.de\\\/bucuresti\\\/#organization\",\"name\":\"Buletin de Bucure\u0219ti\",\"url\":\"https:\\\/\\\/buletin.de\\\/bucuresti\\\/\",\"logo\":{\"@type\":\"ImageObject\",\"inLanguage\":\"en-GB\",\"@id\":\"https:\\\/\\\/buletin.de\\\/bucuresti\\\/#\\\/schema\\\/logo\\\/image\\\/\",\"url\":\"https:\\\/\\\/buletin.de\\\/bucuresti\\\/wp-content\\\/uploads\\\/logo-bdb-full-wide-vernil-transparent.png\",\"contentUrl\":\"https:\\\/\\\/buletin.de\\\/bucuresti\\\/wp-content\\\/uploads\\\/logo-bdb-full-wide-vernil-transparent.png\",\"width\":1782,\"height\":626,\"caption\":\"Buletin de Bucure\u0219ti\"},\"image\":{\"@id\":\"https:\\\/\\\/buletin.de\\\/bucuresti\\\/#\\\/schema\\\/logo\\\/image\\\/\"},\"sameAs\":[\"https:\\\/\\\/www.facebook.com\\\/buletin.de.buc\",\"https:\\\/\\\/www.instagram.com\\\/buletinde.bucuresti\\\/\"]},{\"@type\":\"Person\",\"@id\":\"https:\\\/\\\/buletin.de\\\/bucuresti\\\/#\\\/schema\\\/person\\\/b0686d7a8b666c6afc78239777fd8a89\",\"name\":\"Florin R\u00e2\u0219teiu\",\"image\":{\"@type\":\"ImageObject\",\"inLanguage\":\"en-GB\",\"@id\":\"https:\\\/\\\/buletin.de\\\/bucuresti\\\/wp-content\\\/uploads\\\/Florin-Rasteiu-96x96.jpgf0a6fe28453aa12f0a60e4d0a2e3a78c\",\"url\":\"https:\\\/\\\/buletin.de\\\/bucuresti\\\/wp-content\\\/uploads\\\/Florin-Rasteiu-96x96.jpg\",\"contentUrl\":\"https:\\\/\\\/buletin.de\\\/bucuresti\\\/wp-content\\\/uploads\\\/Florin-Rasteiu-96x96.jpg\",\"caption\":\"Florin R\u00e2\u0219teiu\"},\"description\":\"Jurnalist de investiga\u021bie. Lucreaz\u0103 de aproape 6 ani la Buletin de Bucure\u0219ti, unde a publicat articole care scot la suprafa\u021b\u0103 corup\u021bia din Capital\u0103. Analizeaz\u0103 baze de date zilnic \u0219i scoate pove\u0219ti din exceluri pline de cifre. Pune reflectorul pe adev\u0103r cu fiecare ocazie. A c\u00e2\u0219tigat premiul I la categoria Pres\u0103 Local\u0103 \u00een 2025 \u0219i locul al II-lea la aceea\u0219i categorie \u00een 2024 \u00een cadrul Premiilor Superscrieri pentru jurnalism independent.\",\"url\":\"https:\\\/\\\/buletin.de\\\/bucuresti\\\/author\\\/florinrasteiu\\\/\"}]}<\/script>\n<!-- \/ Yoast SEO Premium plugin. -->","yoast_head_json":{"title":"CREART, subven\u021bii de la PMB de un sfert de miliard de lei, \u00een ultimii 5 ani - Buletin de Bucure\u0219ti","robots":{"index":"index","follow":"follow","max-snippet":"max-snippet:-1","max-image-preview":"max-image-preview:large","max-video-preview":"max-video-preview:-1"},"canonical":"https:\/\/buletin.de\/bucuresti\/creart-subventii-de-la-pmb-de-un-sfert-de-miliard-de-lei-in-ultimii-5-ani\/","og_locale":"en_GB","og_type":"article","og_title":"CREART, subven\u021bii de la PMB de un sfert de miliard de lei, \u00een ultimii 5 ani","og_description":"Proiectul de desfiin\u021bare a opt institu\u021bii de cultur\u0103 pentru optimizarea cheltuielilor n-a intrat nici s\u0103pt\u0103m\u00e2na trecut\u0103 pe ordinea de zi a Consiliului General al Capitalei (CGMB).&nbsp;Propunerea, \u00eentocmit\u0103 de Direc\u021bia Cultur\u0103 \u00cenv\u0103\u021b\u0103m\u00e2nt Turism din subordinea primarului general, nu este pe placul consilierilor PNL care au cerut mai mult timp de studiu.&nbsp;Cea mai mare \u0219i mai costisitoare [&hellip;]","og_url":"https:\/\/buletin.de\/bucuresti\/creart-subventii-de-la-pmb-de-un-sfert-de-miliard-de-lei-in-ultimii-5-ani\/","og_site_name":"Buletin de Bucure\u0219ti","article_publisher":"https:\/\/www.facebook.com\/buletin.de.buc","article_published_time":"2022-10-03T15:01:51+00:00","article_modified_time":"2023-01-27T20:31:17+00:00","og_image":[{"width":2050,"height":780,"url":"https:\/\/buletin.de\/bucuresti\/wp-content\/uploads\/F6ClstaaH8UK4Bmc556n.jpeg","type":"image\/jpeg"}],"author":"Florin R\u00e2\u0219teiu","twitter_card":"summary_large_image","twitter_misc":{"Written by":"Florin R\u00e2\u0219teiu","Estimated reading time":"11 minutes"},"schema":{"@context":"https:\/\/schema.org","@graph":[{"@type":"Article","@id":"https:\/\/buletin.de\/bucuresti\/creart-subventii-de-la-pmb-de-un-sfert-de-miliard-de-lei-in-ultimii-5-ani\/#article","isPartOf":{"@id":"https:\/\/buletin.de\/bucuresti\/creart-subventii-de-la-pmb-de-un-sfert-de-miliard-de-lei-in-ultimii-5-ani\/"},"author":{"name":"Florin R\u00e2\u0219teiu","@id":"https:\/\/buletin.de\/bucuresti\/#\/schema\/person\/b0686d7a8b666c6afc78239777fd8a89"},"headline":"CREART, subven\u021bii de la PMB de un sfert de miliard de lei, \u00een ultimii 5 ani","datePublished":"2022-10-03T15:01:51+00:00","dateModified":"2023-01-27T20:31:17+00:00","mainEntityOfPage":{"@id":"https:\/\/buletin.de\/bucuresti\/creart-subventii-de-la-pmb-de-un-sfert-de-miliard-de-lei-in-ultimii-5-ani\/"},"wordCount":2153,"publisher":{"@id":"https:\/\/buletin.de\/bucuresti\/#organization"},"image":{"@id":"https:\/\/buletin.de\/bucuresti\/creart-subventii-de-la-pmb-de-un-sfert-de-miliard-de-lei-in-ultimii-5-ani\/#primaryimage"},"thumbnailUrl":"https:\/\/buletin.de\/bucuresti\/wp-content\/uploads\/F6ClstaaH8UK4Bmc556n.jpeg","keywords":["pmb"],"articleSection":["Featured"],"inLanguage":"en-GB","copyrightYear":"2022","copyrightHolder":{"@id":"https:\/\/buletin.de\/bucuresti\/#organization"}},{"@type":"WebPage","@id":"https:\/\/buletin.de\/bucuresti\/creart-subventii-de-la-pmb-de-un-sfert-de-miliard-de-lei-in-ultimii-5-ani\/","url":"https:\/\/buletin.de\/bucuresti\/creart-subventii-de-la-pmb-de-un-sfert-de-miliard-de-lei-in-ultimii-5-ani\/","name":"CREART, subven\u021bii de la PMB de un sfert de miliard de lei, \u00een ultimii 5 ani - Buletin de Bucure\u0219ti","isPartOf":{"@id":"https:\/\/buletin.de\/bucuresti\/#website"},"primaryImageOfPage":{"@id":"https:\/\/buletin.de\/bucuresti\/creart-subventii-de-la-pmb-de-un-sfert-de-miliard-de-lei-in-ultimii-5-ani\/#primaryimage"},"image":{"@id":"https:\/\/buletin.de\/bucuresti\/creart-subventii-de-la-pmb-de-un-sfert-de-miliard-de-lei-in-ultimii-5-ani\/#primaryimage"},"thumbnailUrl":"https:\/\/buletin.de\/bucuresti\/wp-content\/uploads\/F6ClstaaH8UK4Bmc556n.jpeg","datePublished":"2022-10-03T15:01:51+00:00","dateModified":"2023-01-27T20:31:17+00:00","breadcrumb":{"@id":"https:\/\/buletin.de\/bucuresti\/creart-subventii-de-la-pmb-de-un-sfert-de-miliard-de-lei-in-ultimii-5-ani\/#breadcrumb"},"inLanguage":"en-GB","potentialAction":[{"@type":"ReadAction","target":["https:\/\/buletin.de\/bucuresti\/creart-subventii-de-la-pmb-de-un-sfert-de-miliard-de-lei-in-ultimii-5-ani\/"]}]},{"@type":"ImageObject","inLanguage":"en-GB","@id":"https:\/\/buletin.de\/bucuresti\/creart-subventii-de-la-pmb-de-un-sfert-de-miliard-de-lei-in-ultimii-5-ani\/#primaryimage","url":"https:\/\/buletin.de\/bucuresti\/wp-content\/uploads\/F6ClstaaH8UK4Bmc556n.jpeg","contentUrl":"https:\/\/buletin.de\/bucuresti\/wp-content\/uploads\/F6ClstaaH8UK4Bmc556n.jpeg","width":2050,"height":780},{"@type":"BreadcrumbList","@id":"https:\/\/buletin.de\/bucuresti\/creart-subventii-de-la-pmb-de-un-sfert-de-miliard-de-lei-in-ultimii-5-ani\/#breadcrumb","itemListElement":[{"@type":"ListItem","position":1,"name":"Acas\u0103","item":"https:\/\/buletin.de\/bucuresti\/"},{"@type":"ListItem","position":2,"name":"CREART, subven\u021bii de la PMB de un sfert de miliard de lei, \u00een ultimii 5 ani"}]},{"@type":"WebSite","@id":"https:\/\/buletin.de\/bucuresti\/#website","url":"https:\/\/buletin.de\/bucuresti\/","name":"Buletin de Bucure\u0219ti","description":"\u0218tiri \u0219i investiga\u021bii esen\u021biale din capital\u0103","publisher":{"@id":"https:\/\/buletin.de\/bucuresti\/#organization"},"potentialAction":[{"@type":"SearchAction","target":{"@type":"EntryPoint","urlTemplate":"https:\/\/buletin.de\/bucuresti\/?s={search_term_string}"},"query-input":{"@type":"PropertyValueSpecification","valueRequired":true,"valueName":"search_term_string"}}],"inLanguage":"en-GB"},{"@type":"Organization","@id":"https:\/\/buletin.de\/bucuresti\/#organization","name":"Buletin de Bucure\u0219ti","url":"https:\/\/buletin.de\/bucuresti\/","logo":{"@type":"ImageObject","inLanguage":"en-GB","@id":"https:\/\/buletin.de\/bucuresti\/#\/schema\/logo\/image\/","url":"https:\/\/buletin.de\/bucuresti\/wp-content\/uploads\/logo-bdb-full-wide-vernil-transparent.png","contentUrl":"https:\/\/buletin.de\/bucuresti\/wp-content\/uploads\/logo-bdb-full-wide-vernil-transparent.png","width":1782,"height":626,"caption":"Buletin de Bucure\u0219ti"},"image":{"@id":"https:\/\/buletin.de\/bucuresti\/#\/schema\/logo\/image\/"},"sameAs":["https:\/\/www.facebook.com\/buletin.de.buc","https:\/\/www.instagram.com\/buletinde.bucuresti\/"]},{"@type":"Person","@id":"https:\/\/buletin.de\/bucuresti\/#\/schema\/person\/b0686d7a8b666c6afc78239777fd8a89","name":"Florin R\u00e2\u0219teiu","image":{"@type":"ImageObject","inLanguage":"en-GB","@id":"https:\/\/buletin.de\/bucuresti\/wp-content\/uploads\/Florin-Rasteiu-96x96.jpgf0a6fe28453aa12f0a60e4d0a2e3a78c","url":"https:\/\/buletin.de\/bucuresti\/wp-content\/uploads\/Florin-Rasteiu-96x96.jpg","contentUrl":"https:\/\/buletin.de\/bucuresti\/wp-content\/uploads\/Florin-Rasteiu-96x96.jpg","caption":"Florin R\u00e2\u0219teiu"},"description":"Jurnalist de investiga\u021bie. Lucreaz\u0103 de aproape 6 ani la Buletin de Bucure\u0219ti, unde a publicat articole care scot la suprafa\u021b\u0103 corup\u021bia din Capital\u0103. Analizeaz\u0103 baze de date zilnic \u0219i scoate pove\u0219ti din exceluri pline de cifre. Pune reflectorul pe adev\u0103r cu fiecare ocazie. A c\u00e2\u0219tigat premiul I la categoria Pres\u0103 Local\u0103 \u00een 2025 \u0219i locul al II-lea la aceea\u0219i categorie \u00een 2024 \u00een cadrul Premiilor Superscrieri pentru jurnalism independent.","url":"https:\/\/buletin.de\/bucuresti\/author\/florinrasteiu\/"}]}},"authors":[{"term_id":22576,"user_id":17,"is_guest":0,"slug":"florinrasteiu","display_name":"Florin R\u00e2\u0219teiu","avatar_url":"https:\/\/buletin.de\/bucuresti\/wp-content\/uploads\/Florin-Rasteiu-96x96.jpg","0":null,"1":"","2":"","3":"","4":"","5":"","6":"","7":"","8":""}],"_links":{"self":[{"href":"https:\/\/buletin.de\/bucuresti\/wp-json\/wp\/v2\/posts\/46945","targetHints":{"allow":["GET"]}}],"collection":[{"href":"https:\/\/buletin.de\/bucuresti\/wp-json\/wp\/v2\/posts"}],"about":[{"href":"https:\/\/buletin.de\/bucuresti\/wp-json\/wp\/v2\/types\/post"}],"author":[{"embeddable":true,"href":"https:\/\/buletin.de\/bucuresti\/wp-json\/wp\/v2\/users\/17"}],"replies":[{"embeddable":true,"href":"https:\/\/buletin.de\/bucuresti\/wp-json\/wp\/v2\/comments?post=46945"}],"version-history":[{"count":21,"href":"https:\/\/buletin.de\/bucuresti\/wp-json\/wp\/v2\/posts\/46945\/revisions"}],"predecessor-version":[{"id":52891,"href":"https:\/\/buletin.de\/bucuresti\/wp-json\/wp\/v2\/posts\/46945\/revisions\/52891"}],"wp:featuredmedia":[{"embeddable":true,"href":"https:\/\/buletin.de\/bucuresti\/wp-json\/wp\/v2\/media\/46985"}],"wp:attachment":[{"href":"https:\/\/buletin.de\/bucuresti\/wp-json\/wp\/v2\/media?parent=46945"}],"wp:term":[{"taxonomy":"category","embeddable":true,"href":"https:\/\/buletin.de\/bucuresti\/wp-json\/wp\/v2\/categories?post=46945"},{"taxonomy":"post_tag","embeddable":true,"href":"https:\/\/buletin.de\/bucuresti\/wp-json\/wp\/v2\/tags?post=46945"},{"taxonomy":"author","embeddable":true,"href":"https:\/\/buletin.de\/bucuresti\/wp-json\/wp\/v2\/ppma_author?post=46945"}],"curies":[{"name":"wp","href":"https:\/\/api.w.org\/{rel}","templated":true}]}}