{"id":46883,"date":"2022-09-28T12:33:03","date_gmt":"2022-09-28T10:33:03","guid":{"rendered":"https:\/\/buletin.de\/bucuresti\/?p=46883"},"modified":"2022-09-28T12:34:42","modified_gmt":"2022-09-28T10:34:42","slug":"primaria-capitalei-a-lansat-licitatia-de-reabilitare-a-liniilor-de-tramvai-500-de-milioane-de-euro-pentru-50-de-km","status":"publish","type":"post","link":"https:\/\/buletin.de\/bucuresti\/primaria-capitalei-a-lansat-licitatia-de-reabilitare-a-liniilor-de-tramvai-500-de-milioane-de-euro-pentru-50-de-km\/","title":{"rendered":"Prim\u0103ria Capitalei a lansat licita\u021bia de reabilitare a liniilor de tramvai. 500 de milioane de euro pentru 50 de km"},"content":{"rendered":"\n<p>Prim\u0103ria Capitalei a lansat o mega licita\u021bie, \u00een 16 loturi, pentru reabilitarea a 50 de km de linii de tramvai. Investi\u021bia va fi de 500 de milioane de euro, din care 300 de milioane vor veni din fonduri europene, restul din \u00eemprumuturi. Nicu\u0219or Dan sus\u021bine c\u0103 este cea mai mare achizi\u021bie public\u0103 f\u0103cut\u0103, vreodat\u0103, de o autoritate public\u0103 local\u0103. <\/p>\n\n\n\n<p>Primarul Capitalei a explicat de ce aceast\u0103 investi\u021bie este necesar\u0103 \u0219i ce beneficii vor exista dup\u0103 reabilitarea liniilor de tramvai.<\/p>\n\n\n\n<p>\u201dV\u0103 anun\u021b lansarea licita\u021biei pentru reabilitarea a 16 linii de tramvai. (\u2026) Ele totalizeaz\u0103 50 de km. Peste 2 ani, Bucure\u0219tiul nu va mai avea linie de tramvai nemodernizat\u0103, asta \u00eenseamn\u0103 o vitez\u0103 sporit\u0103 pentru tramvaie, asta \u00eenseamn\u0103 c\u0103 autobuzele, pe por\u021biunile pe care le au comune cu tramvaiele vor putea s\u0103 aib\u0103 linie unic\u0103 pe aceste linii de tramvai. \u0218i asta \u00eenseamn\u0103 c\u0103 nu vom mai avea avarii, cum avem acum foarte des, iar un loc unde avem avarii des este intersec\u021bia cu Chi\u0219in\u0103u&#8221;, a spus Nicu\u0219or Dan.<\/p>\n\n\n\n<p>Edilul sus\u021bine c\u0103 este cea mai mare achizi\u021bie public\u0103 f\u0103cut\u0103 vreodat\u0103 \u00een administra\u021bia local\u0103 \u0219i c\u0103 finan\u021barea va veni din dou\u0103 surse &#8211; fonguri europene \u0219i \u00eemprumuturi.<\/p>\n\n\n\n<p>&#8220;Valoarea investi\u021biei este de 500 de milioane de euro, din aces\u021bi 500 de miloane de euro, 300 de milioane de euro o s\u0103-i lu\u0103m din programul Opera\u021bional Regional, fonduri europene, iar pentru restul de 200 milioane de euro o s\u0103 ie\u0219im \u00een pia\u021b\u0103, pentru \u00eemprumuturi \u0219i, deasemenea, o s\u0103 ne adres\u0103m c\u0103tre institu\u021biile financiare interna\u021bionale&#8221;, a declarat primarul general.<\/p>\n\n\n\n<p>Datele privind licita\u021bia au fost trimise \u0219i c\u0103tre Camerele de Comer\u021b \u0219i ata\u0219a\u021bii comerciali ai ambsadelor pentru c\u0103 Prim\u0103ria \u00ee\u0219i dore\u0219te o participare c\u00e2t mai mare. Achizi\u021bia este \u00eemp\u0103r\u021bit\u0103 \u00een 16 loturi, practic 16 licita\u021bii \u00eentr-un singur\u0103. <\/p>\n\n\n\n<p>Nicu\u0219or Dan a mul\u021bumit primarilor care au reu\u0219it reabilitarea a 90 de km de linii de tramvai. I-a men\u021bionat, \u00eens\u0103, doar pe Viorel Lis, Adriean Videanu \u0219i Traian B\u0103sescu.  <\/p>\n\n\n\n<p>\u00cen acest moment, \u00een Capital\u0103 mai sunt \u00een derulare alte dou\u0103 proiecte de modernizare \u0219i prelungire a liniei de tramvai. Extinderea re\u021belei a ajuns deja \u00een etapa <a href=\"https:\/\/buletin.de\/bucuresti\/extinderea-retelei-de-tramvai-din-capitala-a-ajuns-in-etapa-studiilor-de-fezabilitate\/\">studiilor de fezabilitate. <\/a>Urmeaz\u0103 s\u0103 fie construite noi linii de tramvai, pe o lungime de 15 km, care s\u0103 fac\u0103 leg\u0103tura \u00eentre puncte importante ale ora\u0219ului. Astfel, unul dintre proiecte creeaz\u0103 o leg\u0103tura \u00eentre liniile de tramvai 32 \u0219i 21, prin Pia\u021ba Unirii.<\/p>\n\n\n\n<p>Al doilea proiect, deja \u00een faza de lucr\u0103ri este cel de reabilitare a buclei de tramvai de pe bulevardul Aerog\u0103rii.<\/p>\n\n\n\n<figure class=\"wp-block-embed is-type-wp-embed is-provider-buletin-de-bucure\u0219ti wp-block-embed-buletin-de-bucure\u0219ti\"><div class=\"wp-block-embed__wrapper\">\n<blockquote class=\"wp-embedded-content\" data-secret=\"O1b99rQgA1\"><a href=\"https:\/\/buletin.de\/bucuresti\/au-inceput-lucrarile-pentru-reabilitarea-buclei-de-tramvai-de-pe-bulevardul-aerogarii\/\">Au \u00eenceput lucr\u0103rile pentru reabilitarea buclei de tramvai de pe bulevardul Aerog\u0103rii<\/a><\/blockquote><iframe class=\"wp-embedded-content\" sandbox=\"allow-scripts\" security=\"restricted\" style=\"position: absolute; clip: rect(1px, 1px, 1px, 1px);\" title=\"&#8222;Au \u00eenceput lucr\u0103rile pentru reabilitarea buclei de tramvai de pe bulevardul Aerog\u0103rii&#8221; &#8212; Buletin de Bucure\u0219ti\" src=\"https:\/\/buletin.de\/bucuresti\/au-inceput-lucrarile-pentru-reabilitarea-buclei-de-tramvai-de-pe-bulevardul-aerogarii\/embed\/#?secret=Z0Q3cKDn6k#?secret=O1b99rQgA1\" data-secret=\"O1b99rQgA1\" width=\"600\" height=\"338\" frameborder=\"0\" marginwidth=\"0\" marginheight=\"0\" scrolling=\"no\"><\/iframe>\n<\/div><\/figure>\n\n\n\n<p><\/p>\n","protected":false},"excerpt":{"rendered":"<p>Prim\u0103ria Capitalei a lansat o mega licita\u021bie, \u00een 16 loturi, pentru reabilitarea a 50 de km de linii de tramvai. Investi\u021bia va fi de 500 de milioane de euro, din care 300 de milioane vor veni din fonduri europene, restul din \u00eemprumuturi. Nicu\u0219or Dan sus\u021bine c\u0103 este cea mai mare achizi\u021bie public\u0103 f\u0103cut\u0103, vreodat\u0103, de [&hellip;]<\/p>\n","protected":false},"author":18,"featured_media":42600,"comment_status":"closed","ping_status":"open","sticky":false,"template":"","format":"standard","meta":{"_acf_changed":false,"inline_featured_image":false,"ngg_post_thumbnail":0,"footnotes":""},"categories":[24,62],"tags":[9,223,1402,564],"ppma_author":[22579],"class_list":["post-46883","post","type-post","status-publish","format-standard","has-post-thumbnail","hentry","category-primarie","category-stiri","tag-bucuresti","tag-nicusor-dan","tag-reabilitare","tag-tramvai"],"acf":[],"yoast_head":"<!-- This site is optimized with the Yoast SEO Premium plugin v25.3 (Yoast SEO v27.4) - https:\/\/yoast.com\/product\/yoast-seo-premium-wordpress\/ -->\n<title>Prim\u0103ria Capitalei a lansat licita\u021bia de reabilitare a liniilor de tramvai. 500 de milioane de euro pentru 50 de km - Buletin de Bucure\u0219ti<\/title>\n<meta name=\"robots\" content=\"index, follow, max-snippet:-1, max-image-preview:large, max-video-preview:-1\" \/>\n<link rel=\"canonical\" href=\"https:\/\/buletin.de\/bucuresti\/primaria-capitalei-a-lansat-licitatia-de-reabilitare-a-liniilor-de-tramvai-500-de-milioane-de-euro-pentru-50-de-km\/\" \/>\n<meta property=\"og:locale\" content=\"en_GB\" \/>\n<meta property=\"og:type\" content=\"article\" \/>\n<meta property=\"og:title\" content=\"Prim\u0103ria Capitalei a lansat licita\u021bia de reabilitare a liniilor de tramvai. 500 de milioane de euro pentru 50 de km\" \/>\n<meta property=\"og:description\" content=\"Prim\u0103ria Capitalei a lansat o mega licita\u021bie, \u00een 16 loturi, pentru reabilitarea a 50 de km de linii de tramvai. Investi\u021bia va fi de 500 de milioane de euro, din care 300 de milioane vor veni din fonduri europene, restul din \u00eemprumuturi. Nicu\u0219or Dan sus\u021bine c\u0103 este cea mai mare achizi\u021bie public\u0103 f\u0103cut\u0103, vreodat\u0103, de [&hellip;]\" \/>\n<meta property=\"og:url\" content=\"https:\/\/buletin.de\/bucuresti\/primaria-capitalei-a-lansat-licitatia-de-reabilitare-a-liniilor-de-tramvai-500-de-milioane-de-euro-pentru-50-de-km\/\" \/>\n<meta property=\"og:site_name\" content=\"Buletin de Bucure\u0219ti\" \/>\n<meta property=\"article:publisher\" content=\"https:\/\/www.facebook.com\/buletin.de.buc\" \/>\n<meta property=\"article:published_time\" content=\"2022-09-28T10:33:03+00:00\" \/>\n<meta property=\"article:modified_time\" content=\"2022-09-28T10:34:42+00:00\" \/>\n<meta property=\"og:image\" content=\"https:\/\/buletin.de\/bucuresti\/wp-content\/uploads\/nicusor-1-e1652179963599.jpg\" \/>\n\t<meta property=\"og:image:width\" content=\"1068\" \/>\n\t<meta property=\"og:image:height\" content=\"1092\" \/>\n\t<meta property=\"og:image:type\" content=\"image\/jpeg\" \/>\n<meta name=\"author\" content=\"Teodora Stroe\" \/>\n<meta name=\"twitter:card\" content=\"summary_large_image\" \/>\n<meta name=\"twitter:label1\" content=\"Written by\" \/>\n\t<meta name=\"twitter:data1\" content=\"Teodora Stroe\" \/>\n\t<meta name=\"twitter:label2\" content=\"Estimated reading time\" \/>\n\t<meta name=\"twitter:data2\" content=\"2 minutes\" \/>\n<script type=\"application\/ld+json\" class=\"yoast-schema-graph\">{\"@context\":\"https:\\\/\\\/schema.org\",\"@graph\":[{\"@type\":\"Article\",\"@id\":\"https:\\\/\\\/buletin.de\\\/bucuresti\\\/primaria-capitalei-a-lansat-licitatia-de-reabilitare-a-liniilor-de-tramvai-500-de-milioane-de-euro-pentru-50-de-km\\\/#article\",\"isPartOf\":{\"@id\":\"https:\\\/\\\/buletin.de\\\/bucuresti\\\/primaria-capitalei-a-lansat-licitatia-de-reabilitare-a-liniilor-de-tramvai-500-de-milioane-de-euro-pentru-50-de-km\\\/\"},\"author\":{\"name\":\"Teodora Stroe\",\"@id\":\"https:\\\/\\\/buletin.de\\\/bucuresti\\\/#\\\/schema\\\/person\\\/d369d7ddc775abece205795e0b804614\"},\"headline\":\"Prim\u0103ria Capitalei a lansat licita\u021bia de reabilitare a liniilor de tramvai. 500 de milioane de euro pentru 50 de km\",\"datePublished\":\"2022-09-28T10:33:03+00:00\",\"dateModified\":\"2022-09-28T10:34:42+00:00\",\"mainEntityOfPage\":{\"@id\":\"https:\\\/\\\/buletin.de\\\/bucuresti\\\/primaria-capitalei-a-lansat-licitatia-de-reabilitare-a-liniilor-de-tramvai-500-de-milioane-de-euro-pentru-50-de-km\\\/\"},\"wordCount\":470,\"publisher\":{\"@id\":\"https:\\\/\\\/buletin.de\\\/bucuresti\\\/#organization\"},\"image\":{\"@id\":\"https:\\\/\\\/buletin.de\\\/bucuresti\\\/primaria-capitalei-a-lansat-licitatia-de-reabilitare-a-liniilor-de-tramvai-500-de-milioane-de-euro-pentru-50-de-km\\\/#primaryimage\"},\"thumbnailUrl\":\"https:\\\/\\\/buletin.de\\\/bucuresti\\\/wp-content\\\/uploads\\\/nicusor-1-e1652179963599.jpg\",\"keywords\":[\"bucuresti\",\"nicusor dan\",\"reabilitare\",\"tramvai\"],\"articleSection\":[\"Prim\u0103rie\",\"\u0218tiri\"],\"inLanguage\":\"en-GB\",\"copyrightYear\":\"2022\",\"copyrightHolder\":{\"@id\":\"https:\\\/\\\/buletin.de\\\/bucuresti\\\/#organization\"}},{\"@type\":\"WebPage\",\"@id\":\"https:\\\/\\\/buletin.de\\\/bucuresti\\\/primaria-capitalei-a-lansat-licitatia-de-reabilitare-a-liniilor-de-tramvai-500-de-milioane-de-euro-pentru-50-de-km\\\/\",\"url\":\"https:\\\/\\\/buletin.de\\\/bucuresti\\\/primaria-capitalei-a-lansat-licitatia-de-reabilitare-a-liniilor-de-tramvai-500-de-milioane-de-euro-pentru-50-de-km\\\/\",\"name\":\"Prim\u0103ria Capitalei a lansat licita\u021bia de reabilitare a liniilor de tramvai. 500 de milioane de euro pentru 50 de km - Buletin de Bucure\u0219ti\",\"isPartOf\":{\"@id\":\"https:\\\/\\\/buletin.de\\\/bucuresti\\\/#website\"},\"primaryImageOfPage\":{\"@id\":\"https:\\\/\\\/buletin.de\\\/bucuresti\\\/primaria-capitalei-a-lansat-licitatia-de-reabilitare-a-liniilor-de-tramvai-500-de-milioane-de-euro-pentru-50-de-km\\\/#primaryimage\"},\"image\":{\"@id\":\"https:\\\/\\\/buletin.de\\\/bucuresti\\\/primaria-capitalei-a-lansat-licitatia-de-reabilitare-a-liniilor-de-tramvai-500-de-milioane-de-euro-pentru-50-de-km\\\/#primaryimage\"},\"thumbnailUrl\":\"https:\\\/\\\/buletin.de\\\/bucuresti\\\/wp-content\\\/uploads\\\/nicusor-1-e1652179963599.jpg\",\"datePublished\":\"2022-09-28T10:33:03+00:00\",\"dateModified\":\"2022-09-28T10:34:42+00:00\",\"breadcrumb\":{\"@id\":\"https:\\\/\\\/buletin.de\\\/bucuresti\\\/primaria-capitalei-a-lansat-licitatia-de-reabilitare-a-liniilor-de-tramvai-500-de-milioane-de-euro-pentru-50-de-km\\\/#breadcrumb\"},\"inLanguage\":\"en-GB\",\"potentialAction\":[{\"@type\":\"ReadAction\",\"target\":[\"https:\\\/\\\/buletin.de\\\/bucuresti\\\/primaria-capitalei-a-lansat-licitatia-de-reabilitare-a-liniilor-de-tramvai-500-de-milioane-de-euro-pentru-50-de-km\\\/\"]}]},{\"@type\":\"ImageObject\",\"inLanguage\":\"en-GB\",\"@id\":\"https:\\\/\\\/buletin.de\\\/bucuresti\\\/primaria-capitalei-a-lansat-licitatia-de-reabilitare-a-liniilor-de-tramvai-500-de-milioane-de-euro-pentru-50-de-km\\\/#primaryimage\",\"url\":\"https:\\\/\\\/buletin.de\\\/bucuresti\\\/wp-content\\\/uploads\\\/nicusor-1-e1652179963599.jpg\",\"contentUrl\":\"https:\\\/\\\/buletin.de\\\/bucuresti\\\/wp-content\\\/uploads\\\/nicusor-1-e1652179963599.jpg\",\"width\":1068,\"height\":1092},{\"@type\":\"BreadcrumbList\",\"@id\":\"https:\\\/\\\/buletin.de\\\/bucuresti\\\/primaria-capitalei-a-lansat-licitatia-de-reabilitare-a-liniilor-de-tramvai-500-de-milioane-de-euro-pentru-50-de-km\\\/#breadcrumb\",\"itemListElement\":[{\"@type\":\"ListItem\",\"position\":1,\"name\":\"Acas\u0103\",\"item\":\"https:\\\/\\\/buletin.de\\\/bucuresti\\\/\"},{\"@type\":\"ListItem\",\"position\":2,\"name\":\"Prim\u0103ria Capitalei a lansat licita\u021bia de reabilitare a liniilor de tramvai. 500 de milioane de euro pentru 50 de km\"}]},{\"@type\":\"WebSite\",\"@id\":\"https:\\\/\\\/buletin.de\\\/bucuresti\\\/#website\",\"url\":\"https:\\\/\\\/buletin.de\\\/bucuresti\\\/\",\"name\":\"Buletin de Bucure\u0219ti\",\"description\":\"\u0218tiri \u0219i investiga\u021bii esen\u021biale din capital\u0103\",\"publisher\":{\"@id\":\"https:\\\/\\\/buletin.de\\\/bucuresti\\\/#organization\"},\"potentialAction\":[{\"@type\":\"SearchAction\",\"target\":{\"@type\":\"EntryPoint\",\"urlTemplate\":\"https:\\\/\\\/buletin.de\\\/bucuresti\\\/?s={search_term_string}\"},\"query-input\":{\"@type\":\"PropertyValueSpecification\",\"valueRequired\":true,\"valueName\":\"search_term_string\"}}],\"inLanguage\":\"en-GB\"},{\"@type\":\"Organization\",\"@id\":\"https:\\\/\\\/buletin.de\\\/bucuresti\\\/#organization\",\"name\":\"Buletin de Bucure\u0219ti\",\"url\":\"https:\\\/\\\/buletin.de\\\/bucuresti\\\/\",\"logo\":{\"@type\":\"ImageObject\",\"inLanguage\":\"en-GB\",\"@id\":\"https:\\\/\\\/buletin.de\\\/bucuresti\\\/#\\\/schema\\\/logo\\\/image\\\/\",\"url\":\"https:\\\/\\\/buletin.de\\\/bucuresti\\\/wp-content\\\/uploads\\\/logo-bdb-full-wide-vernil-transparent.png\",\"contentUrl\":\"https:\\\/\\\/buletin.de\\\/bucuresti\\\/wp-content\\\/uploads\\\/logo-bdb-full-wide-vernil-transparent.png\",\"width\":1782,\"height\":626,\"caption\":\"Buletin de Bucure\u0219ti\"},\"image\":{\"@id\":\"https:\\\/\\\/buletin.de\\\/bucuresti\\\/#\\\/schema\\\/logo\\\/image\\\/\"},\"sameAs\":[\"https:\\\/\\\/www.facebook.com\\\/buletin.de.buc\",\"https:\\\/\\\/www.instagram.com\\\/buletinde.bucuresti\\\/\"]},{\"@type\":\"Person\",\"@id\":\"https:\\\/\\\/buletin.de\\\/bucuresti\\\/#\\\/schema\\\/person\\\/d369d7ddc775abece205795e0b804614\",\"name\":\"Teodora Stroe\",\"image\":{\"@type\":\"ImageObject\",\"inLanguage\":\"en-GB\",\"@id\":\"https:\\\/\\\/secure.gravatar.com\\\/avatar\\\/2560b4cd9f5f1bc100b123158e657d75584bd1c3e1d9c69285720b9457c1b78d?s=96&d=monsterid&r=gc104800242ba5f2d78dd5d7dc4df08b6\",\"url\":\"https:\\\/\\\/secure.gravatar.com\\\/avatar\\\/2560b4cd9f5f1bc100b123158e657d75584bd1c3e1d9c69285720b9457c1b78d?s=96&d=monsterid&r=g\",\"contentUrl\":\"https:\\\/\\\/secure.gravatar.com\\\/avatar\\\/2560b4cd9f5f1bc100b123158e657d75584bd1c3e1d9c69285720b9457c1b78d?s=96&d=monsterid&r=g\",\"caption\":\"Teodora Stroe\"},\"url\":\"https:\\\/\\\/buletin.de\\\/bucuresti\\\/author\\\/simonacarlugea\\\/\"}]}<\/script>\n<!-- \/ Yoast SEO Premium plugin. -->","yoast_head_json":{"title":"Prim\u0103ria Capitalei a lansat licita\u021bia de reabilitare a liniilor de tramvai. 500 de milioane de euro pentru 50 de km - Buletin de Bucure\u0219ti","robots":{"index":"index","follow":"follow","max-snippet":"max-snippet:-1","max-image-preview":"max-image-preview:large","max-video-preview":"max-video-preview:-1"},"canonical":"https:\/\/buletin.de\/bucuresti\/primaria-capitalei-a-lansat-licitatia-de-reabilitare-a-liniilor-de-tramvai-500-de-milioane-de-euro-pentru-50-de-km\/","og_locale":"en_GB","og_type":"article","og_title":"Prim\u0103ria Capitalei a lansat licita\u021bia de reabilitare a liniilor de tramvai. 500 de milioane de euro pentru 50 de km","og_description":"Prim\u0103ria Capitalei a lansat o mega licita\u021bie, \u00een 16 loturi, pentru reabilitarea a 50 de km de linii de tramvai. Investi\u021bia va fi de 500 de milioane de euro, din care 300 de milioane vor veni din fonduri europene, restul din \u00eemprumuturi. Nicu\u0219or Dan sus\u021bine c\u0103 este cea mai mare achizi\u021bie public\u0103 f\u0103cut\u0103, vreodat\u0103, de [&hellip;]","og_url":"https:\/\/buletin.de\/bucuresti\/primaria-capitalei-a-lansat-licitatia-de-reabilitare-a-liniilor-de-tramvai-500-de-milioane-de-euro-pentru-50-de-km\/","og_site_name":"Buletin de Bucure\u0219ti","article_publisher":"https:\/\/www.facebook.com\/buletin.de.buc","article_published_time":"2022-09-28T10:33:03+00:00","article_modified_time":"2022-09-28T10:34:42+00:00","og_image":[{"width":1068,"height":1092,"url":"https:\/\/buletin.de\/bucuresti\/wp-content\/uploads\/nicusor-1-e1652179963599.jpg","type":"image\/jpeg"}],"author":"Teodora Stroe","twitter_card":"summary_large_image","twitter_misc":{"Written by":"Teodora Stroe","Estimated reading time":"2 minutes"},"schema":{"@context":"https:\/\/schema.org","@graph":[{"@type":"Article","@id":"https:\/\/buletin.de\/bucuresti\/primaria-capitalei-a-lansat-licitatia-de-reabilitare-a-liniilor-de-tramvai-500-de-milioane-de-euro-pentru-50-de-km\/#article","isPartOf":{"@id":"https:\/\/buletin.de\/bucuresti\/primaria-capitalei-a-lansat-licitatia-de-reabilitare-a-liniilor-de-tramvai-500-de-milioane-de-euro-pentru-50-de-km\/"},"author":{"name":"Teodora Stroe","@id":"https:\/\/buletin.de\/bucuresti\/#\/schema\/person\/d369d7ddc775abece205795e0b804614"},"headline":"Prim\u0103ria Capitalei a lansat licita\u021bia de reabilitare a liniilor de tramvai. 500 de milioane de euro pentru 50 de km","datePublished":"2022-09-28T10:33:03+00:00","dateModified":"2022-09-28T10:34:42+00:00","mainEntityOfPage":{"@id":"https:\/\/buletin.de\/bucuresti\/primaria-capitalei-a-lansat-licitatia-de-reabilitare-a-liniilor-de-tramvai-500-de-milioane-de-euro-pentru-50-de-km\/"},"wordCount":470,"publisher":{"@id":"https:\/\/buletin.de\/bucuresti\/#organization"},"image":{"@id":"https:\/\/buletin.de\/bucuresti\/primaria-capitalei-a-lansat-licitatia-de-reabilitare-a-liniilor-de-tramvai-500-de-milioane-de-euro-pentru-50-de-km\/#primaryimage"},"thumbnailUrl":"https:\/\/buletin.de\/bucuresti\/wp-content\/uploads\/nicusor-1-e1652179963599.jpg","keywords":["bucuresti","nicusor dan","reabilitare","tramvai"],"articleSection":["Prim\u0103rie","\u0218tiri"],"inLanguage":"en-GB","copyrightYear":"2022","copyrightHolder":{"@id":"https:\/\/buletin.de\/bucuresti\/#organization"}},{"@type":"WebPage","@id":"https:\/\/buletin.de\/bucuresti\/primaria-capitalei-a-lansat-licitatia-de-reabilitare-a-liniilor-de-tramvai-500-de-milioane-de-euro-pentru-50-de-km\/","url":"https:\/\/buletin.de\/bucuresti\/primaria-capitalei-a-lansat-licitatia-de-reabilitare-a-liniilor-de-tramvai-500-de-milioane-de-euro-pentru-50-de-km\/","name":"Prim\u0103ria Capitalei a lansat licita\u021bia de reabilitare a liniilor de tramvai. 500 de milioane de euro pentru 50 de km - Buletin de Bucure\u0219ti","isPartOf":{"@id":"https:\/\/buletin.de\/bucuresti\/#website"},"primaryImageOfPage":{"@id":"https:\/\/buletin.de\/bucuresti\/primaria-capitalei-a-lansat-licitatia-de-reabilitare-a-liniilor-de-tramvai-500-de-milioane-de-euro-pentru-50-de-km\/#primaryimage"},"image":{"@id":"https:\/\/buletin.de\/bucuresti\/primaria-capitalei-a-lansat-licitatia-de-reabilitare-a-liniilor-de-tramvai-500-de-milioane-de-euro-pentru-50-de-km\/#primaryimage"},"thumbnailUrl":"https:\/\/buletin.de\/bucuresti\/wp-content\/uploads\/nicusor-1-e1652179963599.jpg","datePublished":"2022-09-28T10:33:03+00:00","dateModified":"2022-09-28T10:34:42+00:00","breadcrumb":{"@id":"https:\/\/buletin.de\/bucuresti\/primaria-capitalei-a-lansat-licitatia-de-reabilitare-a-liniilor-de-tramvai-500-de-milioane-de-euro-pentru-50-de-km\/#breadcrumb"},"inLanguage":"en-GB","potentialAction":[{"@type":"ReadAction","target":["https:\/\/buletin.de\/bucuresti\/primaria-capitalei-a-lansat-licitatia-de-reabilitare-a-liniilor-de-tramvai-500-de-milioane-de-euro-pentru-50-de-km\/"]}]},{"@type":"ImageObject","inLanguage":"en-GB","@id":"https:\/\/buletin.de\/bucuresti\/primaria-capitalei-a-lansat-licitatia-de-reabilitare-a-liniilor-de-tramvai-500-de-milioane-de-euro-pentru-50-de-km\/#primaryimage","url":"https:\/\/buletin.de\/bucuresti\/wp-content\/uploads\/nicusor-1-e1652179963599.jpg","contentUrl":"https:\/\/buletin.de\/bucuresti\/wp-content\/uploads\/nicusor-1-e1652179963599.jpg","width":1068,"height":1092},{"@type":"BreadcrumbList","@id":"https:\/\/buletin.de\/bucuresti\/primaria-capitalei-a-lansat-licitatia-de-reabilitare-a-liniilor-de-tramvai-500-de-milioane-de-euro-pentru-50-de-km\/#breadcrumb","itemListElement":[{"@type":"ListItem","position":1,"name":"Acas\u0103","item":"https:\/\/buletin.de\/bucuresti\/"},{"@type":"ListItem","position":2,"name":"Prim\u0103ria Capitalei a lansat licita\u021bia de reabilitare a liniilor de tramvai. 500 de milioane de euro pentru 50 de km"}]},{"@type":"WebSite","@id":"https:\/\/buletin.de\/bucuresti\/#website","url":"https:\/\/buletin.de\/bucuresti\/","name":"Buletin de Bucure\u0219ti","description":"\u0218tiri \u0219i investiga\u021bii esen\u021biale din capital\u0103","publisher":{"@id":"https:\/\/buletin.de\/bucuresti\/#organization"},"potentialAction":[{"@type":"SearchAction","target":{"@type":"EntryPoint","urlTemplate":"https:\/\/buletin.de\/bucuresti\/?s={search_term_string}"},"query-input":{"@type":"PropertyValueSpecification","valueRequired":true,"valueName":"search_term_string"}}],"inLanguage":"en-GB"},{"@type":"Organization","@id":"https:\/\/buletin.de\/bucuresti\/#organization","name":"Buletin de Bucure\u0219ti","url":"https:\/\/buletin.de\/bucuresti\/","logo":{"@type":"ImageObject","inLanguage":"en-GB","@id":"https:\/\/buletin.de\/bucuresti\/#\/schema\/logo\/image\/","url":"https:\/\/buletin.de\/bucuresti\/wp-content\/uploads\/logo-bdb-full-wide-vernil-transparent.png","contentUrl":"https:\/\/buletin.de\/bucuresti\/wp-content\/uploads\/logo-bdb-full-wide-vernil-transparent.png","width":1782,"height":626,"caption":"Buletin de Bucure\u0219ti"},"image":{"@id":"https:\/\/buletin.de\/bucuresti\/#\/schema\/logo\/image\/"},"sameAs":["https:\/\/www.facebook.com\/buletin.de.buc","https:\/\/www.instagram.com\/buletinde.bucuresti\/"]},{"@type":"Person","@id":"https:\/\/buletin.de\/bucuresti\/#\/schema\/person\/d369d7ddc775abece205795e0b804614","name":"Teodora Stroe","image":{"@type":"ImageObject","inLanguage":"en-GB","@id":"https:\/\/secure.gravatar.com\/avatar\/2560b4cd9f5f1bc100b123158e657d75584bd1c3e1d9c69285720b9457c1b78d?s=96&d=monsterid&r=gc104800242ba5f2d78dd5d7dc4df08b6","url":"https:\/\/secure.gravatar.com\/avatar\/2560b4cd9f5f1bc100b123158e657d75584bd1c3e1d9c69285720b9457c1b78d?s=96&d=monsterid&r=g","contentUrl":"https:\/\/secure.gravatar.com\/avatar\/2560b4cd9f5f1bc100b123158e657d75584bd1c3e1d9c69285720b9457c1b78d?s=96&d=monsterid&r=g","caption":"Teodora Stroe"},"url":"https:\/\/buletin.de\/bucuresti\/author\/simonacarlugea\/"}]}},"authors":[{"term_id":22579,"user_id":18,"is_guest":0,"slug":"simonacarlugea","display_name":"Teodora Stroe","avatar_url":"https:\/\/secure.gravatar.com\/avatar\/2560b4cd9f5f1bc100b123158e657d75584bd1c3e1d9c69285720b9457c1b78d?s=96&d=monsterid&r=g","0":null,"1":"","2":"","3":"","4":"","5":"","6":"","7":"","8":""}],"_links":{"self":[{"href":"https:\/\/buletin.de\/bucuresti\/wp-json\/wp\/v2\/posts\/46883","targetHints":{"allow":["GET"]}}],"collection":[{"href":"https:\/\/buletin.de\/bucuresti\/wp-json\/wp\/v2\/posts"}],"about":[{"href":"https:\/\/buletin.de\/bucuresti\/wp-json\/wp\/v2\/types\/post"}],"author":[{"embeddable":true,"href":"https:\/\/buletin.de\/bucuresti\/wp-json\/wp\/v2\/users\/18"}],"replies":[{"embeddable":true,"href":"https:\/\/buletin.de\/bucuresti\/wp-json\/wp\/v2\/comments?post=46883"}],"version-history":[{"count":4,"href":"https:\/\/buletin.de\/bucuresti\/wp-json\/wp\/v2\/posts\/46883\/revisions"}],"predecessor-version":[{"id":46893,"href":"https:\/\/buletin.de\/bucuresti\/wp-json\/wp\/v2\/posts\/46883\/revisions\/46893"}],"wp:featuredmedia":[{"embeddable":true,"href":"https:\/\/buletin.de\/bucuresti\/wp-json\/wp\/v2\/media\/42600"}],"wp:attachment":[{"href":"https:\/\/buletin.de\/bucuresti\/wp-json\/wp\/v2\/media?parent=46883"}],"wp:term":[{"taxonomy":"category","embeddable":true,"href":"https:\/\/buletin.de\/bucuresti\/wp-json\/wp\/v2\/categories?post=46883"},{"taxonomy":"post_tag","embeddable":true,"href":"https:\/\/buletin.de\/bucuresti\/wp-json\/wp\/v2\/tags?post=46883"},{"taxonomy":"author","embeddable":true,"href":"https:\/\/buletin.de\/bucuresti\/wp-json\/wp\/v2\/ppma_author?post=46883"}],"curies":[{"name":"wp","href":"https:\/\/api.w.org\/{rel}","templated":true}]}}