{"id":4683,"date":"2020-03-24T14:26:11","date_gmt":"2020-03-24T11:26:11","guid":{"rendered":"https:\/\/buletin.de\/bucuresti\/?p=4683"},"modified":"2020-03-24T16:45:00","modified_gmt":"2020-03-24T13:45:00","slug":"recomandarea-devine-obligatie-restrictiile-de-circulatie-valabile-24-24","status":"publish","type":"post","link":"https:\/\/buletin.de\/bucuresti\/recomandarea-devine-obligatie-restrictiile-de-circulatie-valabile-24-24\/","title":{"rendered":"Recomandarea devine obliga\u021bie. Restric\u021biile de circula\u021bie valabile 24\/24"},"content":{"rendered":"\n<p><\/p>\n\n\n\n<p>M\u00e2ine intr\u0103 \u00een vigoare noile restric\u021bii de p\u0103r\u0103sire a domiciliului. Dac\u0103 p\u00e2n\u0103 acum ele au fost doar recomand\u0103ri, Pre\u0219edintele Rom\u00e2niei a anun\u021bat c\u0103 este obligatoriu ca cei care p\u0103r\u0103sesc domiciliul, la orice or\u0103, s\u0103 aib\u0103 asupra lor declara\u021bia pe proprie r\u0103spundere sau declara\u021bia de la angajator. \u00cencep\u00e2nd de m\u00e2ine cet\u0103\u021benii Rom\u00e2niei vor putea ie\u0219i din cas\u0103 pentru:<\/p>\n\n\n\n<ul class=\"wp-block-list\"><li>mers la job<\/li><li>mers la cump\u0103r\u0103turi<\/li><li>mers la medic<\/li><li>asisten\u021b\u0103 persoane v\u00e2rstnice<\/li><li>plimbatul animalelor <\/li><li>deplas\u0103ri \u00een apropierea gospodariei <\/li><\/ul>\n\n\n\n<p>De asemenea, Klaus Iohannis a anu\u021bat c\u0103 urmeaz\u0103 ca armata s\u0103 pun\u0103 la dispozi\u021bie personal care s\u0103 suplimenteze for\u021bele de ordine public\u0103 Jandarmerie \u0219i Poli\u021bie. <\/p>\n\n\n\n<p>Surs\u0103 foto: Facebook Klaus Iohannis<\/p>\n","protected":false},"excerpt":{"rendered":"<p>M\u00e2ine intr\u0103 \u00een vigoare noile restric\u021bii de p\u0103r\u0103sire a domiciliului. Dac\u0103 p\u00e2n\u0103 acum ele au fost doar recomand\u0103ri, Pre\u0219edintele Rom\u00e2niei a anun\u021bat c\u0103 este obligatoriu ca cei care p\u0103r\u0103sesc domiciliul, la orice or\u0103, s\u0103 aib\u0103 asupra lor declara\u021bia pe proprie r\u0103spundere sau declara\u021bia de la angajator. \u00cencep\u00e2nd de m\u00e2ine cet\u0103\u021benii Rom\u00e2niei vor putea ie\u0219i din [&hellip;]<\/p>\n","protected":false},"author":6,"featured_media":4214,"comment_status":"closed","ping_status":"open","sticky":false,"template":"","format":"standard","meta":{"_acf_changed":false,"inline_featured_image":false,"ngg_post_thumbnail":0,"footnotes":""},"categories":[62],"tags":[529,678],"ppma_author":[22588],"class_list":["post-4683","post","type-post","status-publish","format-standard","has-post-thumbnail","hentry","category-stiri","tag-coronavirus","tag-masuri-noi"],"acf":[],"yoast_head":"<!-- This site is optimized with the Yoast SEO Premium plugin v25.3 (Yoast SEO v27.4) - https:\/\/yoast.com\/product\/yoast-seo-premium-wordpress\/ -->\n<title>Recomandarea devine obliga\u021bie. Restric\u021biile de circula\u021bie valabile 24\/24 - Buletin de Bucure\u0219ti<\/title>\n<meta name=\"robots\" content=\"index, follow, max-snippet:-1, max-image-preview:large, max-video-preview:-1\" \/>\n<link rel=\"canonical\" href=\"https:\/\/buletin.de\/bucuresti\/recomandarea-devine-obligatie-restrictiile-de-circulatie-valabile-24-24\/\" \/>\n<meta property=\"og:locale\" content=\"en_GB\" \/>\n<meta property=\"og:type\" content=\"article\" \/>\n<meta property=\"og:title\" content=\"Recomandarea devine obliga\u021bie. Restric\u021biile de circula\u021bie valabile 24\/24\" \/>\n<meta property=\"og:description\" content=\"M\u00e2ine intr\u0103 \u00een vigoare noile restric\u021bii de p\u0103r\u0103sire a domiciliului. Dac\u0103 p\u00e2n\u0103 acum ele au fost doar recomand\u0103ri, Pre\u0219edintele Rom\u00e2niei a anun\u021bat c\u0103 este obligatoriu ca cei care p\u0103r\u0103sesc domiciliul, la orice or\u0103, s\u0103 aib\u0103 asupra lor declara\u021bia pe proprie r\u0103spundere sau declara\u021bia de la angajator. \u00cencep\u00e2nd de m\u00e2ine cet\u0103\u021benii Rom\u00e2niei vor putea ie\u0219i din [&hellip;]\" \/>\n<meta property=\"og:url\" content=\"https:\/\/buletin.de\/bucuresti\/recomandarea-devine-obligatie-restrictiile-de-circulatie-valabile-24-24\/\" \/>\n<meta property=\"og:site_name\" content=\"Buletin de Bucure\u0219ti\" \/>\n<meta property=\"article:publisher\" content=\"https:\/\/www.facebook.com\/buletin.de.buc\" \/>\n<meta property=\"article:published_time\" content=\"2020-03-24T11:26:11+00:00\" \/>\n<meta property=\"article:modified_time\" content=\"2020-03-24T13:45:00+00:00\" \/>\n<meta property=\"og:image\" content=\"https:\/\/buletin.de\/bucuresti\/wp-content\/uploads\/89578590_2821210197966213_2189984634316521472_o.jpg\" \/>\n\t<meta property=\"og:image:width\" content=\"959\" \/>\n\t<meta property=\"og:image:height\" content=\"640\" \/>\n\t<meta property=\"og:image:type\" content=\"image\/jpeg\" \/>\n<meta name=\"author\" content=\"Bianca Albu\" \/>\n<meta name=\"twitter:card\" content=\"summary_large_image\" \/>\n<meta name=\"twitter:label1\" content=\"Written by\" \/>\n\t<meta name=\"twitter:data1\" content=\"Bianca Albu\" \/>\n\t<meta name=\"twitter:label2\" content=\"Estimated reading time\" \/>\n\t<meta name=\"twitter:data2\" content=\"1 minute\" \/>\n<script type=\"application\/ld+json\" class=\"yoast-schema-graph\">{\"@context\":\"https:\\\/\\\/schema.org\",\"@graph\":[{\"@type\":\"Article\",\"@id\":\"https:\\\/\\\/buletin.de\\\/bucuresti\\\/recomandarea-devine-obligatie-restrictiile-de-circulatie-valabile-24-24\\\/#article\",\"isPartOf\":{\"@id\":\"https:\\\/\\\/buletin.de\\\/bucuresti\\\/recomandarea-devine-obligatie-restrictiile-de-circulatie-valabile-24-24\\\/\"},\"author\":{\"name\":\"Bianca Albu\",\"@id\":\"https:\\\/\\\/buletin.de\\\/bucuresti\\\/#\\\/schema\\\/person\\\/295dc2228d2dc79294d636619468dc7f\"},\"headline\":\"Recomandarea devine obliga\u021bie. Restric\u021biile de circula\u021bie valabile 24\\\/24\",\"datePublished\":\"2020-03-24T11:26:11+00:00\",\"dateModified\":\"2020-03-24T13:45:00+00:00\",\"mainEntityOfPage\":{\"@id\":\"https:\\\/\\\/buletin.de\\\/bucuresti\\\/recomandarea-devine-obligatie-restrictiile-de-circulatie-valabile-24-24\\\/\"},\"wordCount\":142,\"publisher\":{\"@id\":\"https:\\\/\\\/buletin.de\\\/bucuresti\\\/#organization\"},\"image\":{\"@id\":\"https:\\\/\\\/buletin.de\\\/bucuresti\\\/recomandarea-devine-obligatie-restrictiile-de-circulatie-valabile-24-24\\\/#primaryimage\"},\"thumbnailUrl\":\"https:\\\/\\\/buletin.de\\\/bucuresti\\\/wp-content\\\/uploads\\\/89578590_2821210197966213_2189984634316521472_o.jpg\",\"keywords\":[\"coronavirus\",\"masuri noi\"],\"articleSection\":[\"\u0218tiri\"],\"inLanguage\":\"en-GB\",\"copyrightYear\":\"2020\",\"copyrightHolder\":{\"@id\":\"https:\\\/\\\/buletin.de\\\/bucuresti\\\/#organization\"}},{\"@type\":\"WebPage\",\"@id\":\"https:\\\/\\\/buletin.de\\\/bucuresti\\\/recomandarea-devine-obligatie-restrictiile-de-circulatie-valabile-24-24\\\/\",\"url\":\"https:\\\/\\\/buletin.de\\\/bucuresti\\\/recomandarea-devine-obligatie-restrictiile-de-circulatie-valabile-24-24\\\/\",\"name\":\"Recomandarea devine obliga\u021bie. Restric\u021biile de circula\u021bie valabile 24\\\/24 - Buletin de Bucure\u0219ti\",\"isPartOf\":{\"@id\":\"https:\\\/\\\/buletin.de\\\/bucuresti\\\/#website\"},\"primaryImageOfPage\":{\"@id\":\"https:\\\/\\\/buletin.de\\\/bucuresti\\\/recomandarea-devine-obligatie-restrictiile-de-circulatie-valabile-24-24\\\/#primaryimage\"},\"image\":{\"@id\":\"https:\\\/\\\/buletin.de\\\/bucuresti\\\/recomandarea-devine-obligatie-restrictiile-de-circulatie-valabile-24-24\\\/#primaryimage\"},\"thumbnailUrl\":\"https:\\\/\\\/buletin.de\\\/bucuresti\\\/wp-content\\\/uploads\\\/89578590_2821210197966213_2189984634316521472_o.jpg\",\"datePublished\":\"2020-03-24T11:26:11+00:00\",\"dateModified\":\"2020-03-24T13:45:00+00:00\",\"breadcrumb\":{\"@id\":\"https:\\\/\\\/buletin.de\\\/bucuresti\\\/recomandarea-devine-obligatie-restrictiile-de-circulatie-valabile-24-24\\\/#breadcrumb\"},\"inLanguage\":\"en-GB\",\"potentialAction\":[{\"@type\":\"ReadAction\",\"target\":[\"https:\\\/\\\/buletin.de\\\/bucuresti\\\/recomandarea-devine-obligatie-restrictiile-de-circulatie-valabile-24-24\\\/\"]}]},{\"@type\":\"ImageObject\",\"inLanguage\":\"en-GB\",\"@id\":\"https:\\\/\\\/buletin.de\\\/bucuresti\\\/recomandarea-devine-obligatie-restrictiile-de-circulatie-valabile-24-24\\\/#primaryimage\",\"url\":\"https:\\\/\\\/buletin.de\\\/bucuresti\\\/wp-content\\\/uploads\\\/89578590_2821210197966213_2189984634316521472_o.jpg\",\"contentUrl\":\"https:\\\/\\\/buletin.de\\\/bucuresti\\\/wp-content\\\/uploads\\\/89578590_2821210197966213_2189984634316521472_o.jpg\",\"width\":959,\"height\":640},{\"@type\":\"BreadcrumbList\",\"@id\":\"https:\\\/\\\/buletin.de\\\/bucuresti\\\/recomandarea-devine-obligatie-restrictiile-de-circulatie-valabile-24-24\\\/#breadcrumb\",\"itemListElement\":[{\"@type\":\"ListItem\",\"position\":1,\"name\":\"Acas\u0103\",\"item\":\"https:\\\/\\\/buletin.de\\\/bucuresti\\\/\"},{\"@type\":\"ListItem\",\"position\":2,\"name\":\"Recomandarea devine obliga\u021bie. Restric\u021biile de circula\u021bie valabile 24\\\/24\"}]},{\"@type\":\"WebSite\",\"@id\":\"https:\\\/\\\/buletin.de\\\/bucuresti\\\/#website\",\"url\":\"https:\\\/\\\/buletin.de\\\/bucuresti\\\/\",\"name\":\"Buletin de Bucure\u0219ti\",\"description\":\"\u0218tiri \u0219i investiga\u021bii esen\u021biale din capital\u0103\",\"publisher\":{\"@id\":\"https:\\\/\\\/buletin.de\\\/bucuresti\\\/#organization\"},\"potentialAction\":[{\"@type\":\"SearchAction\",\"target\":{\"@type\":\"EntryPoint\",\"urlTemplate\":\"https:\\\/\\\/buletin.de\\\/bucuresti\\\/?s={search_term_string}\"},\"query-input\":{\"@type\":\"PropertyValueSpecification\",\"valueRequired\":true,\"valueName\":\"search_term_string\"}}],\"inLanguage\":\"en-GB\"},{\"@type\":\"Organization\",\"@id\":\"https:\\\/\\\/buletin.de\\\/bucuresti\\\/#organization\",\"name\":\"Buletin de Bucure\u0219ti\",\"url\":\"https:\\\/\\\/buletin.de\\\/bucuresti\\\/\",\"logo\":{\"@type\":\"ImageObject\",\"inLanguage\":\"en-GB\",\"@id\":\"https:\\\/\\\/buletin.de\\\/bucuresti\\\/#\\\/schema\\\/logo\\\/image\\\/\",\"url\":\"https:\\\/\\\/buletin.de\\\/bucuresti\\\/wp-content\\\/uploads\\\/logo-bdb-full-wide-vernil-transparent.png\",\"contentUrl\":\"https:\\\/\\\/buletin.de\\\/bucuresti\\\/wp-content\\\/uploads\\\/logo-bdb-full-wide-vernil-transparent.png\",\"width\":1782,\"height\":626,\"caption\":\"Buletin de Bucure\u0219ti\"},\"image\":{\"@id\":\"https:\\\/\\\/buletin.de\\\/bucuresti\\\/#\\\/schema\\\/logo\\\/image\\\/\"},\"sameAs\":[\"https:\\\/\\\/www.facebook.com\\\/buletin.de.buc\",\"https:\\\/\\\/www.instagram.com\\\/buletinde.bucuresti\\\/\"]},{\"@type\":\"Person\",\"@id\":\"https:\\\/\\\/buletin.de\\\/bucuresti\\\/#\\\/schema\\\/person\\\/295dc2228d2dc79294d636619468dc7f\",\"name\":\"Bianca Albu\",\"image\":{\"@type\":\"ImageObject\",\"inLanguage\":\"en-GB\",\"@id\":\"https:\\\/\\\/secure.gravatar.com\\\/avatar\\\/3df2e34e20f529e6fd7be4311ee1f7c4ec4aa886971590baf6fa214b15743516?s=96&d=monsterid&r=gf541c715eeec409ce8101252a3c0d8a7\",\"url\":\"https:\\\/\\\/secure.gravatar.com\\\/avatar\\\/3df2e34e20f529e6fd7be4311ee1f7c4ec4aa886971590baf6fa214b15743516?s=96&d=monsterid&r=g\",\"contentUrl\":\"https:\\\/\\\/secure.gravatar.com\\\/avatar\\\/3df2e34e20f529e6fd7be4311ee1f7c4ec4aa886971590baf6fa214b15743516?s=96&d=monsterid&r=g\",\"caption\":\"Bianca Albu\"},\"description\":\"Reporter\",\"url\":\"https:\\\/\\\/buletin.de\\\/bucuresti\\\/author\\\/biancaalbu\\\/\"}]}<\/script>\n<!-- \/ Yoast SEO Premium plugin. -->","yoast_head_json":{"title":"Recomandarea devine obliga\u021bie. Restric\u021biile de circula\u021bie valabile 24\/24 - Buletin de Bucure\u0219ti","robots":{"index":"index","follow":"follow","max-snippet":"max-snippet:-1","max-image-preview":"max-image-preview:large","max-video-preview":"max-video-preview:-1"},"canonical":"https:\/\/buletin.de\/bucuresti\/recomandarea-devine-obligatie-restrictiile-de-circulatie-valabile-24-24\/","og_locale":"en_GB","og_type":"article","og_title":"Recomandarea devine obliga\u021bie. Restric\u021biile de circula\u021bie valabile 24\/24","og_description":"M\u00e2ine intr\u0103 \u00een vigoare noile restric\u021bii de p\u0103r\u0103sire a domiciliului. Dac\u0103 p\u00e2n\u0103 acum ele au fost doar recomand\u0103ri, Pre\u0219edintele Rom\u00e2niei a anun\u021bat c\u0103 este obligatoriu ca cei care p\u0103r\u0103sesc domiciliul, la orice or\u0103, s\u0103 aib\u0103 asupra lor declara\u021bia pe proprie r\u0103spundere sau declara\u021bia de la angajator. \u00cencep\u00e2nd de m\u00e2ine cet\u0103\u021benii Rom\u00e2niei vor putea ie\u0219i din [&hellip;]","og_url":"https:\/\/buletin.de\/bucuresti\/recomandarea-devine-obligatie-restrictiile-de-circulatie-valabile-24-24\/","og_site_name":"Buletin de Bucure\u0219ti","article_publisher":"https:\/\/www.facebook.com\/buletin.de.buc","article_published_time":"2020-03-24T11:26:11+00:00","article_modified_time":"2020-03-24T13:45:00+00:00","og_image":[{"width":959,"height":640,"url":"https:\/\/buletin.de\/bucuresti\/wp-content\/uploads\/89578590_2821210197966213_2189984634316521472_o.jpg","type":"image\/jpeg"}],"author":"Bianca Albu","twitter_card":"summary_large_image","twitter_misc":{"Written by":"Bianca Albu","Estimated reading time":"1 minute"},"schema":{"@context":"https:\/\/schema.org","@graph":[{"@type":"Article","@id":"https:\/\/buletin.de\/bucuresti\/recomandarea-devine-obligatie-restrictiile-de-circulatie-valabile-24-24\/#article","isPartOf":{"@id":"https:\/\/buletin.de\/bucuresti\/recomandarea-devine-obligatie-restrictiile-de-circulatie-valabile-24-24\/"},"author":{"name":"Bianca Albu","@id":"https:\/\/buletin.de\/bucuresti\/#\/schema\/person\/295dc2228d2dc79294d636619468dc7f"},"headline":"Recomandarea devine obliga\u021bie. Restric\u021biile de circula\u021bie valabile 24\/24","datePublished":"2020-03-24T11:26:11+00:00","dateModified":"2020-03-24T13:45:00+00:00","mainEntityOfPage":{"@id":"https:\/\/buletin.de\/bucuresti\/recomandarea-devine-obligatie-restrictiile-de-circulatie-valabile-24-24\/"},"wordCount":142,"publisher":{"@id":"https:\/\/buletin.de\/bucuresti\/#organization"},"image":{"@id":"https:\/\/buletin.de\/bucuresti\/recomandarea-devine-obligatie-restrictiile-de-circulatie-valabile-24-24\/#primaryimage"},"thumbnailUrl":"https:\/\/buletin.de\/bucuresti\/wp-content\/uploads\/89578590_2821210197966213_2189984634316521472_o.jpg","keywords":["coronavirus","masuri noi"],"articleSection":["\u0218tiri"],"inLanguage":"en-GB","copyrightYear":"2020","copyrightHolder":{"@id":"https:\/\/buletin.de\/bucuresti\/#organization"}},{"@type":"WebPage","@id":"https:\/\/buletin.de\/bucuresti\/recomandarea-devine-obligatie-restrictiile-de-circulatie-valabile-24-24\/","url":"https:\/\/buletin.de\/bucuresti\/recomandarea-devine-obligatie-restrictiile-de-circulatie-valabile-24-24\/","name":"Recomandarea devine obliga\u021bie. Restric\u021biile de circula\u021bie valabile 24\/24 - Buletin de Bucure\u0219ti","isPartOf":{"@id":"https:\/\/buletin.de\/bucuresti\/#website"},"primaryImageOfPage":{"@id":"https:\/\/buletin.de\/bucuresti\/recomandarea-devine-obligatie-restrictiile-de-circulatie-valabile-24-24\/#primaryimage"},"image":{"@id":"https:\/\/buletin.de\/bucuresti\/recomandarea-devine-obligatie-restrictiile-de-circulatie-valabile-24-24\/#primaryimage"},"thumbnailUrl":"https:\/\/buletin.de\/bucuresti\/wp-content\/uploads\/89578590_2821210197966213_2189984634316521472_o.jpg","datePublished":"2020-03-24T11:26:11+00:00","dateModified":"2020-03-24T13:45:00+00:00","breadcrumb":{"@id":"https:\/\/buletin.de\/bucuresti\/recomandarea-devine-obligatie-restrictiile-de-circulatie-valabile-24-24\/#breadcrumb"},"inLanguage":"en-GB","potentialAction":[{"@type":"ReadAction","target":["https:\/\/buletin.de\/bucuresti\/recomandarea-devine-obligatie-restrictiile-de-circulatie-valabile-24-24\/"]}]},{"@type":"ImageObject","inLanguage":"en-GB","@id":"https:\/\/buletin.de\/bucuresti\/recomandarea-devine-obligatie-restrictiile-de-circulatie-valabile-24-24\/#primaryimage","url":"https:\/\/buletin.de\/bucuresti\/wp-content\/uploads\/89578590_2821210197966213_2189984634316521472_o.jpg","contentUrl":"https:\/\/buletin.de\/bucuresti\/wp-content\/uploads\/89578590_2821210197966213_2189984634316521472_o.jpg","width":959,"height":640},{"@type":"BreadcrumbList","@id":"https:\/\/buletin.de\/bucuresti\/recomandarea-devine-obligatie-restrictiile-de-circulatie-valabile-24-24\/#breadcrumb","itemListElement":[{"@type":"ListItem","position":1,"name":"Acas\u0103","item":"https:\/\/buletin.de\/bucuresti\/"},{"@type":"ListItem","position":2,"name":"Recomandarea devine obliga\u021bie. Restric\u021biile de circula\u021bie valabile 24\/24"}]},{"@type":"WebSite","@id":"https:\/\/buletin.de\/bucuresti\/#website","url":"https:\/\/buletin.de\/bucuresti\/","name":"Buletin de Bucure\u0219ti","description":"\u0218tiri \u0219i investiga\u021bii esen\u021biale din capital\u0103","publisher":{"@id":"https:\/\/buletin.de\/bucuresti\/#organization"},"potentialAction":[{"@type":"SearchAction","target":{"@type":"EntryPoint","urlTemplate":"https:\/\/buletin.de\/bucuresti\/?s={search_term_string}"},"query-input":{"@type":"PropertyValueSpecification","valueRequired":true,"valueName":"search_term_string"}}],"inLanguage":"en-GB"},{"@type":"Organization","@id":"https:\/\/buletin.de\/bucuresti\/#organization","name":"Buletin de Bucure\u0219ti","url":"https:\/\/buletin.de\/bucuresti\/","logo":{"@type":"ImageObject","inLanguage":"en-GB","@id":"https:\/\/buletin.de\/bucuresti\/#\/schema\/logo\/image\/","url":"https:\/\/buletin.de\/bucuresti\/wp-content\/uploads\/logo-bdb-full-wide-vernil-transparent.png","contentUrl":"https:\/\/buletin.de\/bucuresti\/wp-content\/uploads\/logo-bdb-full-wide-vernil-transparent.png","width":1782,"height":626,"caption":"Buletin de Bucure\u0219ti"},"image":{"@id":"https:\/\/buletin.de\/bucuresti\/#\/schema\/logo\/image\/"},"sameAs":["https:\/\/www.facebook.com\/buletin.de.buc","https:\/\/www.instagram.com\/buletinde.bucuresti\/"]},{"@type":"Person","@id":"https:\/\/buletin.de\/bucuresti\/#\/schema\/person\/295dc2228d2dc79294d636619468dc7f","name":"Bianca Albu","image":{"@type":"ImageObject","inLanguage":"en-GB","@id":"https:\/\/secure.gravatar.com\/avatar\/3df2e34e20f529e6fd7be4311ee1f7c4ec4aa886971590baf6fa214b15743516?s=96&d=monsterid&r=gf541c715eeec409ce8101252a3c0d8a7","url":"https:\/\/secure.gravatar.com\/avatar\/3df2e34e20f529e6fd7be4311ee1f7c4ec4aa886971590baf6fa214b15743516?s=96&d=monsterid&r=g","contentUrl":"https:\/\/secure.gravatar.com\/avatar\/3df2e34e20f529e6fd7be4311ee1f7c4ec4aa886971590baf6fa214b15743516?s=96&d=monsterid&r=g","caption":"Bianca Albu"},"description":"Reporter","url":"https:\/\/buletin.de\/bucuresti\/author\/biancaalbu\/"}]}},"authors":[{"term_id":22588,"user_id":6,"is_guest":0,"slug":"biancaalbu","display_name":"Bianca Albu","avatar_url":"https:\/\/secure.gravatar.com\/avatar\/3df2e34e20f529e6fd7be4311ee1f7c4ec4aa886971590baf6fa214b15743516?s=96&d=monsterid&r=g","0":null,"1":"","2":"","3":"","4":"","5":"","6":"","7":"","8":""}],"_links":{"self":[{"href":"https:\/\/buletin.de\/bucuresti\/wp-json\/wp\/v2\/posts\/4683","targetHints":{"allow":["GET"]}}],"collection":[{"href":"https:\/\/buletin.de\/bucuresti\/wp-json\/wp\/v2\/posts"}],"about":[{"href":"https:\/\/buletin.de\/bucuresti\/wp-json\/wp\/v2\/types\/post"}],"author":[{"embeddable":true,"href":"https:\/\/buletin.de\/bucuresti\/wp-json\/wp\/v2\/users\/6"}],"replies":[{"embeddable":true,"href":"https:\/\/buletin.de\/bucuresti\/wp-json\/wp\/v2\/comments?post=4683"}],"version-history":[{"count":2,"href":"https:\/\/buletin.de\/bucuresti\/wp-json\/wp\/v2\/posts\/4683\/revisions"}],"predecessor-version":[{"id":4685,"href":"https:\/\/buletin.de\/bucuresti\/wp-json\/wp\/v2\/posts\/4683\/revisions\/4685"}],"wp:featuredmedia":[{"embeddable":true,"href":"https:\/\/buletin.de\/bucuresti\/wp-json\/wp\/v2\/media\/4214"}],"wp:attachment":[{"href":"https:\/\/buletin.de\/bucuresti\/wp-json\/wp\/v2\/media?parent=4683"}],"wp:term":[{"taxonomy":"category","embeddable":true,"href":"https:\/\/buletin.de\/bucuresti\/wp-json\/wp\/v2\/categories?post=4683"},{"taxonomy":"post_tag","embeddable":true,"href":"https:\/\/buletin.de\/bucuresti\/wp-json\/wp\/v2\/tags?post=4683"},{"taxonomy":"author","embeddable":true,"href":"https:\/\/buletin.de\/bucuresti\/wp-json\/wp\/v2\/ppma_author?post=4683"}],"curies":[{"name":"wp","href":"https:\/\/api.w.org\/{rel}","templated":true}]}}