{"id":46707,"date":"2022-09-23T12:43:04","date_gmt":"2022-09-23T10:43:04","guid":{"rendered":"https:\/\/buletin.de\/bucuresti\/?p=46707"},"modified":"2022-09-23T13:28:14","modified_gmt":"2022-09-23T11:28:14","slug":"nicusor-dan-vrea-sa-desfiinteze-8-institutii-de-cultura-din-subordinea-pmb","status":"publish","type":"post","link":"https:\/\/buletin.de\/bucuresti\/nicusor-dan-vrea-sa-desfiinteze-8-institutii-de-cultura-din-subordinea-pmb\/","title":{"rendered":"EXCLUSIV: Nicu\u0219or Dan vrea s\u0103 desfiin\u021beze 8 institu\u021bii de cultur\u0103 din subordinea PMB. Consilierii PNL au oprit proiectul pe circuit, &#8220;s\u0103-l mai studieze&#8221;"},"content":{"rendered":"\n<p>O propunere de desfiin\u021bare a 8 dintre institu\u021biile de cultur\u0103 din subordinea CGMB, pentru o mai bun\u0103 gestionare a resurselor financiare, a ajuns spre studiu la consilierii generali.  Propunerea de reorganizare a fost f\u0103cut\u0103 de Direc\u021bia Cultur\u0103, \u00cenv\u0103\u021b\u0103m\u00e2nt, Turism din subordinea primarului general \u0219i vizeaz\u0103, \u00een primul r\u00e2nd , desfiin\u021barea posturilor de conducere \u0219i reorganizarea patrimoniului imobil al celor 8 institu\u021bii. Proiectul de reorganizare a fost retras de pe circuitul care l-ar fi dus pe ordinea de zi a viitoarei \u0219edin\u021be a Consiliului General, de s\u0103pt\u0103m\u00e2na viitoare. Conform unor surse din CGMB, consilierii PNL au cerut <em>s\u0103-l mai studieze \u0219i s\u0103 contribuie. <\/em>Discu\u021biile pe acest proiect coincid cu zvonurile privind retragerea sprijinului politic al lui Nicu\u0219or Dan, de c\u0103tre PNL, infirmate de Ciprian Ciucu, pre\u0219edintele PNL Bucure\u0219ti.<\/p>\n\n\n\n<p><\/p>\n\n\n\n<p>Propunerea de reorganizare a institu\u021biilor de cultur\u0103 din subordinea CGMB apar\u021bine Direc\u021biei Cultur\u0103 \u00cenv\u0103\u021b\u0103m\u00e2nt Turism din subordinea primarului general. Reorganizarea ar urma s\u0103 fie o solu\u021bie pentru optimizarea cheltuielilor bugetare.<\/p>\n\n\n\n<p>Cele 8 institu\u021bii propuse pentru desfiin\u021bare sunt Centrul Cultural Expo Arte, Centrul de Crea\u021bie \u0219i Tradi\u021bie a Muncipiului Bucure\u0219ti, Centrul Artelor Dinu Lipatti, Centrul Cultural Lumina, Centrul pentru Seniori al Municipiului Bucure\u0219ti, Centrul pentru Tineret al Municipiului Bucure\u0219ti, Centrul Municipal de Educa\u021bie \u0219i Cultur\u0103 Dalles \u0219i Casa de Cultur\u0103 Friederich Schiller. <\/p>\n\n\n\n<p>\u00cen adresa \u00eenaintat\u0103 de Direc\u021bia Cultur\u0103 se propune ca patrimoniul acestor institu\u021bi s\u0103 trec\u0103 \u00een administrarea ARCUB \u0219i PROEDUS. <\/p>\n\n\n\n<p>Conform unor surse din CGMB, proiectul a ie\u0219it din circuitul care l-ar fi dus pe ordinea de zi a viitoarei \u0219edin\u021be a CGMB, de s\u0103p\u0103m\u00e2na viitoare, la solicitarea consilierilor PNL care au cerut timp s\u0103-l studieze \u0219i s\u0103 contribuie. <\/p>\n\n\n\n<p>Contactat de Buletin de Bucure\u0219ti, consilierul general C\u0103t\u0103lin Deaconescu sus\u021bine c\u0103 un astfel de proiect a fost cerut de foarte mult timp de consilierii PNL \u0219i c\u0103 nu se opun la introducerea sa pe ordinea de zi. Dar c\u0103 vor s\u0103 vad\u0103 exact ce prevederi are, dac\u0103 sunt ceea ce dore\u0219te PNL \u0219i dac\u0103 nu, vor aduce amendamente sau chiar refacerea sa. <\/p>\n\n\n\n<p>7 dintre aceste institu\u021bii propuse spre desfiin\u021bare au fost \u00eenfiin\u021bate dup\u0103 2016, \u00een mandatul Gabrielei Firea. Bugetul total al lor, pe 2022 este de aproape 39 de milioane de lei din care 25 de milioane sunt subven\u021bii primite de la PMB iar 15,3 milioane sunt cheltuieli salariale. <\/p>\n\n\n\n<p>Discu\u021biile pe acest proiect coincid \u0219i cu informa\u021biile, pe surse, privind o posibil\u0103 retragere a sprijinului politic al lui Nicu\u0219or Dan, de c\u0103tre PNL, lucru solicitat de organiza\u021bia din Bucure\u0219ti, informa\u021bii publicate de <a href=\"https:\/\/www.g4media.ro\/surse-liderii-pnl-au-cerut-organizatiei-bucuresti-sa-ii-retraga-sprijinul-politic-primarului-general-nicusor-dan-ce-efecte-politice-ar-avea-o-asemenea-miscare.html\">g4media.ro.<\/a><\/p>\n\n\n\n<p>Pre\u0219edintele PNL Bucure\u0219ti, Ciprian Ciucu, a venit, ieri, cu prima reac\u021bie oficial\u0103 la specula\u021biile ap\u0103rute \u00een pres\u0103. Ciucu sus\u021bine c\u0103 <em>nu au venit solicit\u0103ri la nivel na\u021bional pentru retragerea sprijinului politic al lui Nicu\u0219or Dan \u00een Consiliul General \u0219i nu exist\u0103 o inten\u021bie la nivelul organiza\u021biei PNL Bucure\u0219ti<\/em>.<\/p>\n\n\n\n<p>&#8220;\u00cen primul r\u00e2nd, decizia este prematur\u0103. Din punctul meu de vedere, orice primar are nevoie de o perioad\u0103 de gra\u021bie pentru a demonstra ce poate: s\u0103 g\u00e2ndeasc\u0103 \u0219i s\u0103 vin\u0103 cu proiecte bune, s\u0103 le implementeze, s\u0103 ini\u021bieze reforme, s\u0103 administreze serviciile publice.<\/p>\n\n\n\n<p>\u00cen cel de-al doilea r\u00e2nd, nu po\u021bi l\u0103sa un ora\u0219 precum Bucure\u0219tiul f\u0103r\u0103 o majoritate \u00een Consiliul General. V\u0103 reamintesc, PNL are \u00een acest moment o majoritate cu USR \u00een Consiliul General. Nu au existat solicit\u0103ri de la nivel na\u021bional pentru a schimba majoritatea cu USR din Consiliului General&#8221;, a ad\u0103ugat Ciprian Ciucu.<\/p>\n","protected":false},"excerpt":{"rendered":"<p>O propunere de desfiin\u021bare a 8 dintre institu\u021biile de cultur\u0103 din subordinea CGMB, pentru o mai bun\u0103 gestionare a resurselor financiare, a ajuns spre studiu la consilierii generali. Propunerea de reorganizare a fost f\u0103cut\u0103 de Direc\u021bia Cultur\u0103, \u00cenv\u0103\u021b\u0103m\u00e2nt, Turism din subordinea primarului general \u0219i vizeaz\u0103, \u00een primul r\u00e2nd , desfiin\u021barea posturilor de conducere \u0219i reorganizarea [&hellip;]<\/p>\n","protected":false},"author":18,"featured_media":42600,"comment_status":"closed","ping_status":"open","sticky":false,"template":"","format":"standard","meta":{"_acf_changed":false,"inline_featured_image":false,"ngg_post_thumbnail":0,"footnotes":""},"categories":[3419,62],"tags":[9,1995,4602,223],"ppma_author":[22579],"class_list":["post-46707","post","type-post","status-publish","format-standard","has-post-thumbnail","hentry","category-featured","category-stiri","tag-bucuresti","tag-desfiintare","tag-institutii-cultura","tag-nicusor-dan"],"acf":[],"yoast_head":"<!-- This site is optimized with the Yoast SEO Premium plugin v25.3 (Yoast SEO v27.4) - https:\/\/yoast.com\/product\/yoast-seo-premium-wordpress\/ -->\n<title>EXCLUSIV: Nicu\u0219or Dan vrea s\u0103 desfiin\u021beze 8 institu\u021bii de cultur\u0103 din subordinea PMB. Consilierii PNL au oprit proiectul pe circuit, &quot;s\u0103-l mai studieze&quot; - Buletin de Bucure\u0219ti<\/title>\n<meta name=\"robots\" content=\"index, follow, max-snippet:-1, max-image-preview:large, max-video-preview:-1\" \/>\n<link rel=\"canonical\" href=\"https:\/\/buletin.de\/bucuresti\/nicusor-dan-vrea-sa-desfiinteze-8-institutii-de-cultura-din-subordinea-pmb\/\" \/>\n<meta property=\"og:locale\" content=\"en_GB\" \/>\n<meta property=\"og:type\" content=\"article\" \/>\n<meta property=\"og:title\" content=\"EXCLUSIV: Nicu\u0219or Dan vrea s\u0103 desfiin\u021beze 8 institu\u021bii de cultur\u0103 din subordinea PMB. Consilierii PNL au oprit proiectul pe circuit, &quot;s\u0103-l mai studieze&quot;\" \/>\n<meta property=\"og:description\" content=\"O propunere de desfiin\u021bare a 8 dintre institu\u021biile de cultur\u0103 din subordinea CGMB, pentru o mai bun\u0103 gestionare a resurselor financiare, a ajuns spre studiu la consilierii generali. Propunerea de reorganizare a fost f\u0103cut\u0103 de Direc\u021bia Cultur\u0103, \u00cenv\u0103\u021b\u0103m\u00e2nt, Turism din subordinea primarului general \u0219i vizeaz\u0103, \u00een primul r\u00e2nd , desfiin\u021barea posturilor de conducere \u0219i reorganizarea [&hellip;]\" \/>\n<meta property=\"og:url\" content=\"https:\/\/buletin.de\/bucuresti\/nicusor-dan-vrea-sa-desfiinteze-8-institutii-de-cultura-din-subordinea-pmb\/\" \/>\n<meta property=\"og:site_name\" content=\"Buletin de Bucure\u0219ti\" \/>\n<meta property=\"article:publisher\" content=\"https:\/\/www.facebook.com\/buletin.de.buc\" \/>\n<meta property=\"article:published_time\" content=\"2022-09-23T10:43:04+00:00\" \/>\n<meta property=\"article:modified_time\" content=\"2022-09-23T11:28:14+00:00\" \/>\n<meta property=\"og:image\" content=\"https:\/\/buletin.de\/bucuresti\/wp-content\/uploads\/nicusor-1-e1652179963599.jpg\" \/>\n\t<meta property=\"og:image:width\" content=\"1068\" \/>\n\t<meta property=\"og:image:height\" content=\"1092\" \/>\n\t<meta property=\"og:image:type\" content=\"image\/jpeg\" \/>\n<meta name=\"author\" content=\"Teodora Stroe\" \/>\n<meta name=\"twitter:card\" content=\"summary_large_image\" \/>\n<meta name=\"twitter:label1\" content=\"Written by\" \/>\n\t<meta name=\"twitter:data1\" content=\"Teodora Stroe\" \/>\n\t<meta name=\"twitter:label2\" content=\"Estimated reading time\" \/>\n\t<meta name=\"twitter:data2\" content=\"3 minutes\" \/>\n<script type=\"application\/ld+json\" class=\"yoast-schema-graph\">{\"@context\":\"https:\\\/\\\/schema.org\",\"@graph\":[{\"@type\":\"Article\",\"@id\":\"https:\\\/\\\/buletin.de\\\/bucuresti\\\/nicusor-dan-vrea-sa-desfiinteze-8-institutii-de-cultura-din-subordinea-pmb\\\/#article\",\"isPartOf\":{\"@id\":\"https:\\\/\\\/buletin.de\\\/bucuresti\\\/nicusor-dan-vrea-sa-desfiinteze-8-institutii-de-cultura-din-subordinea-pmb\\\/\"},\"author\":{\"name\":\"Teodora Stroe\",\"@id\":\"https:\\\/\\\/buletin.de\\\/bucuresti\\\/#\\\/schema\\\/person\\\/d369d7ddc775abece205795e0b804614\"},\"headline\":\"EXCLUSIV: Nicu\u0219or Dan vrea s\u0103 desfiin\u021beze 8 institu\u021bii de cultur\u0103 din subordinea PMB. Consilierii PNL au oprit proiectul pe circuit, &#8220;s\u0103-l mai studieze&#8221;\",\"datePublished\":\"2022-09-23T10:43:04+00:00\",\"dateModified\":\"2022-09-23T11:28:14+00:00\",\"mainEntityOfPage\":{\"@id\":\"https:\\\/\\\/buletin.de\\\/bucuresti\\\/nicusor-dan-vrea-sa-desfiinteze-8-institutii-de-cultura-din-subordinea-pmb\\\/\"},\"wordCount\":652,\"publisher\":{\"@id\":\"https:\\\/\\\/buletin.de\\\/bucuresti\\\/#organization\"},\"image\":{\"@id\":\"https:\\\/\\\/buletin.de\\\/bucuresti\\\/nicusor-dan-vrea-sa-desfiinteze-8-institutii-de-cultura-din-subordinea-pmb\\\/#primaryimage\"},\"thumbnailUrl\":\"https:\\\/\\\/buletin.de\\\/bucuresti\\\/wp-content\\\/uploads\\\/nicusor-1-e1652179963599.jpg\",\"keywords\":[\"bucuresti\",\"desfiintare\",\"institutii cultura\",\"nicusor dan\"],\"articleSection\":[\"Featured\",\"\u0218tiri\"],\"inLanguage\":\"en-GB\",\"copyrightYear\":\"2022\",\"copyrightHolder\":{\"@id\":\"https:\\\/\\\/buletin.de\\\/bucuresti\\\/#organization\"}},{\"@type\":\"WebPage\",\"@id\":\"https:\\\/\\\/buletin.de\\\/bucuresti\\\/nicusor-dan-vrea-sa-desfiinteze-8-institutii-de-cultura-din-subordinea-pmb\\\/\",\"url\":\"https:\\\/\\\/buletin.de\\\/bucuresti\\\/nicusor-dan-vrea-sa-desfiinteze-8-institutii-de-cultura-din-subordinea-pmb\\\/\",\"name\":\"EXCLUSIV: Nicu\u0219or Dan vrea s\u0103 desfiin\u021beze 8 institu\u021bii de cultur\u0103 din subordinea PMB. Consilierii PNL au oprit proiectul pe circuit, \\\"s\u0103-l mai studieze\\\" - Buletin de Bucure\u0219ti\",\"isPartOf\":{\"@id\":\"https:\\\/\\\/buletin.de\\\/bucuresti\\\/#website\"},\"primaryImageOfPage\":{\"@id\":\"https:\\\/\\\/buletin.de\\\/bucuresti\\\/nicusor-dan-vrea-sa-desfiinteze-8-institutii-de-cultura-din-subordinea-pmb\\\/#primaryimage\"},\"image\":{\"@id\":\"https:\\\/\\\/buletin.de\\\/bucuresti\\\/nicusor-dan-vrea-sa-desfiinteze-8-institutii-de-cultura-din-subordinea-pmb\\\/#primaryimage\"},\"thumbnailUrl\":\"https:\\\/\\\/buletin.de\\\/bucuresti\\\/wp-content\\\/uploads\\\/nicusor-1-e1652179963599.jpg\",\"datePublished\":\"2022-09-23T10:43:04+00:00\",\"dateModified\":\"2022-09-23T11:28:14+00:00\",\"breadcrumb\":{\"@id\":\"https:\\\/\\\/buletin.de\\\/bucuresti\\\/nicusor-dan-vrea-sa-desfiinteze-8-institutii-de-cultura-din-subordinea-pmb\\\/#breadcrumb\"},\"inLanguage\":\"en-GB\",\"potentialAction\":[{\"@type\":\"ReadAction\",\"target\":[\"https:\\\/\\\/buletin.de\\\/bucuresti\\\/nicusor-dan-vrea-sa-desfiinteze-8-institutii-de-cultura-din-subordinea-pmb\\\/\"]}]},{\"@type\":\"ImageObject\",\"inLanguage\":\"en-GB\",\"@id\":\"https:\\\/\\\/buletin.de\\\/bucuresti\\\/nicusor-dan-vrea-sa-desfiinteze-8-institutii-de-cultura-din-subordinea-pmb\\\/#primaryimage\",\"url\":\"https:\\\/\\\/buletin.de\\\/bucuresti\\\/wp-content\\\/uploads\\\/nicusor-1-e1652179963599.jpg\",\"contentUrl\":\"https:\\\/\\\/buletin.de\\\/bucuresti\\\/wp-content\\\/uploads\\\/nicusor-1-e1652179963599.jpg\",\"width\":1068,\"height\":1092},{\"@type\":\"BreadcrumbList\",\"@id\":\"https:\\\/\\\/buletin.de\\\/bucuresti\\\/nicusor-dan-vrea-sa-desfiinteze-8-institutii-de-cultura-din-subordinea-pmb\\\/#breadcrumb\",\"itemListElement\":[{\"@type\":\"ListItem\",\"position\":1,\"name\":\"Acas\u0103\",\"item\":\"https:\\\/\\\/buletin.de\\\/bucuresti\\\/\"},{\"@type\":\"ListItem\",\"position\":2,\"name\":\"EXCLUSIV: Nicu\u0219or Dan vrea s\u0103 desfiin\u021beze 8 institu\u021bii de cultur\u0103 din subordinea PMB. Consilierii PNL au oprit proiectul pe circuit, &#8220;s\u0103-l mai studieze&#8221;\"}]},{\"@type\":\"WebSite\",\"@id\":\"https:\\\/\\\/buletin.de\\\/bucuresti\\\/#website\",\"url\":\"https:\\\/\\\/buletin.de\\\/bucuresti\\\/\",\"name\":\"Buletin de Bucure\u0219ti\",\"description\":\"\u0218tiri \u0219i investiga\u021bii esen\u021biale din capital\u0103\",\"publisher\":{\"@id\":\"https:\\\/\\\/buletin.de\\\/bucuresti\\\/#organization\"},\"potentialAction\":[{\"@type\":\"SearchAction\",\"target\":{\"@type\":\"EntryPoint\",\"urlTemplate\":\"https:\\\/\\\/buletin.de\\\/bucuresti\\\/?s={search_term_string}\"},\"query-input\":{\"@type\":\"PropertyValueSpecification\",\"valueRequired\":true,\"valueName\":\"search_term_string\"}}],\"inLanguage\":\"en-GB\"},{\"@type\":\"Organization\",\"@id\":\"https:\\\/\\\/buletin.de\\\/bucuresti\\\/#organization\",\"name\":\"Buletin de Bucure\u0219ti\",\"url\":\"https:\\\/\\\/buletin.de\\\/bucuresti\\\/\",\"logo\":{\"@type\":\"ImageObject\",\"inLanguage\":\"en-GB\",\"@id\":\"https:\\\/\\\/buletin.de\\\/bucuresti\\\/#\\\/schema\\\/logo\\\/image\\\/\",\"url\":\"https:\\\/\\\/buletin.de\\\/bucuresti\\\/wp-content\\\/uploads\\\/logo-bdb-full-wide-vernil-transparent.png\",\"contentUrl\":\"https:\\\/\\\/buletin.de\\\/bucuresti\\\/wp-content\\\/uploads\\\/logo-bdb-full-wide-vernil-transparent.png\",\"width\":1782,\"height\":626,\"caption\":\"Buletin de Bucure\u0219ti\"},\"image\":{\"@id\":\"https:\\\/\\\/buletin.de\\\/bucuresti\\\/#\\\/schema\\\/logo\\\/image\\\/\"},\"sameAs\":[\"https:\\\/\\\/www.facebook.com\\\/buletin.de.buc\",\"https:\\\/\\\/www.instagram.com\\\/buletinde.bucuresti\\\/\"]},{\"@type\":\"Person\",\"@id\":\"https:\\\/\\\/buletin.de\\\/bucuresti\\\/#\\\/schema\\\/person\\\/d369d7ddc775abece205795e0b804614\",\"name\":\"Teodora Stroe\",\"image\":{\"@type\":\"ImageObject\",\"inLanguage\":\"en-GB\",\"@id\":\"https:\\\/\\\/secure.gravatar.com\\\/avatar\\\/2560b4cd9f5f1bc100b123158e657d75584bd1c3e1d9c69285720b9457c1b78d?s=96&d=monsterid&r=gc104800242ba5f2d78dd5d7dc4df08b6\",\"url\":\"https:\\\/\\\/secure.gravatar.com\\\/avatar\\\/2560b4cd9f5f1bc100b123158e657d75584bd1c3e1d9c69285720b9457c1b78d?s=96&d=monsterid&r=g\",\"contentUrl\":\"https:\\\/\\\/secure.gravatar.com\\\/avatar\\\/2560b4cd9f5f1bc100b123158e657d75584bd1c3e1d9c69285720b9457c1b78d?s=96&d=monsterid&r=g\",\"caption\":\"Teodora Stroe\"},\"url\":\"https:\\\/\\\/buletin.de\\\/bucuresti\\\/author\\\/simonacarlugea\\\/\"}]}<\/script>\n<!-- \/ Yoast SEO Premium plugin. -->","yoast_head_json":{"title":"EXCLUSIV: Nicu\u0219or Dan vrea s\u0103 desfiin\u021beze 8 institu\u021bii de cultur\u0103 din subordinea PMB. Consilierii PNL au oprit proiectul pe circuit, \"s\u0103-l mai studieze\" - Buletin de Bucure\u0219ti","robots":{"index":"index","follow":"follow","max-snippet":"max-snippet:-1","max-image-preview":"max-image-preview:large","max-video-preview":"max-video-preview:-1"},"canonical":"https:\/\/buletin.de\/bucuresti\/nicusor-dan-vrea-sa-desfiinteze-8-institutii-de-cultura-din-subordinea-pmb\/","og_locale":"en_GB","og_type":"article","og_title":"EXCLUSIV: Nicu\u0219or Dan vrea s\u0103 desfiin\u021beze 8 institu\u021bii de cultur\u0103 din subordinea PMB. Consilierii PNL au oprit proiectul pe circuit, \"s\u0103-l mai studieze\"","og_description":"O propunere de desfiin\u021bare a 8 dintre institu\u021biile de cultur\u0103 din subordinea CGMB, pentru o mai bun\u0103 gestionare a resurselor financiare, a ajuns spre studiu la consilierii generali. Propunerea de reorganizare a fost f\u0103cut\u0103 de Direc\u021bia Cultur\u0103, \u00cenv\u0103\u021b\u0103m\u00e2nt, Turism din subordinea primarului general \u0219i vizeaz\u0103, \u00een primul r\u00e2nd , desfiin\u021barea posturilor de conducere \u0219i reorganizarea [&hellip;]","og_url":"https:\/\/buletin.de\/bucuresti\/nicusor-dan-vrea-sa-desfiinteze-8-institutii-de-cultura-din-subordinea-pmb\/","og_site_name":"Buletin de Bucure\u0219ti","article_publisher":"https:\/\/www.facebook.com\/buletin.de.buc","article_published_time":"2022-09-23T10:43:04+00:00","article_modified_time":"2022-09-23T11:28:14+00:00","og_image":[{"width":1068,"height":1092,"url":"https:\/\/buletin.de\/bucuresti\/wp-content\/uploads\/nicusor-1-e1652179963599.jpg","type":"image\/jpeg"}],"author":"Teodora Stroe","twitter_card":"summary_large_image","twitter_misc":{"Written by":"Teodora Stroe","Estimated reading time":"3 minutes"},"schema":{"@context":"https:\/\/schema.org","@graph":[{"@type":"Article","@id":"https:\/\/buletin.de\/bucuresti\/nicusor-dan-vrea-sa-desfiinteze-8-institutii-de-cultura-din-subordinea-pmb\/#article","isPartOf":{"@id":"https:\/\/buletin.de\/bucuresti\/nicusor-dan-vrea-sa-desfiinteze-8-institutii-de-cultura-din-subordinea-pmb\/"},"author":{"name":"Teodora Stroe","@id":"https:\/\/buletin.de\/bucuresti\/#\/schema\/person\/d369d7ddc775abece205795e0b804614"},"headline":"EXCLUSIV: Nicu\u0219or Dan vrea s\u0103 desfiin\u021beze 8 institu\u021bii de cultur\u0103 din subordinea PMB. Consilierii PNL au oprit proiectul pe circuit, &#8220;s\u0103-l mai studieze&#8221;","datePublished":"2022-09-23T10:43:04+00:00","dateModified":"2022-09-23T11:28:14+00:00","mainEntityOfPage":{"@id":"https:\/\/buletin.de\/bucuresti\/nicusor-dan-vrea-sa-desfiinteze-8-institutii-de-cultura-din-subordinea-pmb\/"},"wordCount":652,"publisher":{"@id":"https:\/\/buletin.de\/bucuresti\/#organization"},"image":{"@id":"https:\/\/buletin.de\/bucuresti\/nicusor-dan-vrea-sa-desfiinteze-8-institutii-de-cultura-din-subordinea-pmb\/#primaryimage"},"thumbnailUrl":"https:\/\/buletin.de\/bucuresti\/wp-content\/uploads\/nicusor-1-e1652179963599.jpg","keywords":["bucuresti","desfiintare","institutii cultura","nicusor dan"],"articleSection":["Featured","\u0218tiri"],"inLanguage":"en-GB","copyrightYear":"2022","copyrightHolder":{"@id":"https:\/\/buletin.de\/bucuresti\/#organization"}},{"@type":"WebPage","@id":"https:\/\/buletin.de\/bucuresti\/nicusor-dan-vrea-sa-desfiinteze-8-institutii-de-cultura-din-subordinea-pmb\/","url":"https:\/\/buletin.de\/bucuresti\/nicusor-dan-vrea-sa-desfiinteze-8-institutii-de-cultura-din-subordinea-pmb\/","name":"EXCLUSIV: Nicu\u0219or Dan vrea s\u0103 desfiin\u021beze 8 institu\u021bii de cultur\u0103 din subordinea PMB. Consilierii PNL au oprit proiectul pe circuit, \"s\u0103-l mai studieze\" - Buletin de Bucure\u0219ti","isPartOf":{"@id":"https:\/\/buletin.de\/bucuresti\/#website"},"primaryImageOfPage":{"@id":"https:\/\/buletin.de\/bucuresti\/nicusor-dan-vrea-sa-desfiinteze-8-institutii-de-cultura-din-subordinea-pmb\/#primaryimage"},"image":{"@id":"https:\/\/buletin.de\/bucuresti\/nicusor-dan-vrea-sa-desfiinteze-8-institutii-de-cultura-din-subordinea-pmb\/#primaryimage"},"thumbnailUrl":"https:\/\/buletin.de\/bucuresti\/wp-content\/uploads\/nicusor-1-e1652179963599.jpg","datePublished":"2022-09-23T10:43:04+00:00","dateModified":"2022-09-23T11:28:14+00:00","breadcrumb":{"@id":"https:\/\/buletin.de\/bucuresti\/nicusor-dan-vrea-sa-desfiinteze-8-institutii-de-cultura-din-subordinea-pmb\/#breadcrumb"},"inLanguage":"en-GB","potentialAction":[{"@type":"ReadAction","target":["https:\/\/buletin.de\/bucuresti\/nicusor-dan-vrea-sa-desfiinteze-8-institutii-de-cultura-din-subordinea-pmb\/"]}]},{"@type":"ImageObject","inLanguage":"en-GB","@id":"https:\/\/buletin.de\/bucuresti\/nicusor-dan-vrea-sa-desfiinteze-8-institutii-de-cultura-din-subordinea-pmb\/#primaryimage","url":"https:\/\/buletin.de\/bucuresti\/wp-content\/uploads\/nicusor-1-e1652179963599.jpg","contentUrl":"https:\/\/buletin.de\/bucuresti\/wp-content\/uploads\/nicusor-1-e1652179963599.jpg","width":1068,"height":1092},{"@type":"BreadcrumbList","@id":"https:\/\/buletin.de\/bucuresti\/nicusor-dan-vrea-sa-desfiinteze-8-institutii-de-cultura-din-subordinea-pmb\/#breadcrumb","itemListElement":[{"@type":"ListItem","position":1,"name":"Acas\u0103","item":"https:\/\/buletin.de\/bucuresti\/"},{"@type":"ListItem","position":2,"name":"EXCLUSIV: Nicu\u0219or Dan vrea s\u0103 desfiin\u021beze 8 institu\u021bii de cultur\u0103 din subordinea PMB. Consilierii PNL au oprit proiectul pe circuit, &#8220;s\u0103-l mai studieze&#8221;"}]},{"@type":"WebSite","@id":"https:\/\/buletin.de\/bucuresti\/#website","url":"https:\/\/buletin.de\/bucuresti\/","name":"Buletin de Bucure\u0219ti","description":"\u0218tiri \u0219i investiga\u021bii esen\u021biale din capital\u0103","publisher":{"@id":"https:\/\/buletin.de\/bucuresti\/#organization"},"potentialAction":[{"@type":"SearchAction","target":{"@type":"EntryPoint","urlTemplate":"https:\/\/buletin.de\/bucuresti\/?s={search_term_string}"},"query-input":{"@type":"PropertyValueSpecification","valueRequired":true,"valueName":"search_term_string"}}],"inLanguage":"en-GB"},{"@type":"Organization","@id":"https:\/\/buletin.de\/bucuresti\/#organization","name":"Buletin de Bucure\u0219ti","url":"https:\/\/buletin.de\/bucuresti\/","logo":{"@type":"ImageObject","inLanguage":"en-GB","@id":"https:\/\/buletin.de\/bucuresti\/#\/schema\/logo\/image\/","url":"https:\/\/buletin.de\/bucuresti\/wp-content\/uploads\/logo-bdb-full-wide-vernil-transparent.png","contentUrl":"https:\/\/buletin.de\/bucuresti\/wp-content\/uploads\/logo-bdb-full-wide-vernil-transparent.png","width":1782,"height":626,"caption":"Buletin de Bucure\u0219ti"},"image":{"@id":"https:\/\/buletin.de\/bucuresti\/#\/schema\/logo\/image\/"},"sameAs":["https:\/\/www.facebook.com\/buletin.de.buc","https:\/\/www.instagram.com\/buletinde.bucuresti\/"]},{"@type":"Person","@id":"https:\/\/buletin.de\/bucuresti\/#\/schema\/person\/d369d7ddc775abece205795e0b804614","name":"Teodora Stroe","image":{"@type":"ImageObject","inLanguage":"en-GB","@id":"https:\/\/secure.gravatar.com\/avatar\/2560b4cd9f5f1bc100b123158e657d75584bd1c3e1d9c69285720b9457c1b78d?s=96&d=monsterid&r=gc104800242ba5f2d78dd5d7dc4df08b6","url":"https:\/\/secure.gravatar.com\/avatar\/2560b4cd9f5f1bc100b123158e657d75584bd1c3e1d9c69285720b9457c1b78d?s=96&d=monsterid&r=g","contentUrl":"https:\/\/secure.gravatar.com\/avatar\/2560b4cd9f5f1bc100b123158e657d75584bd1c3e1d9c69285720b9457c1b78d?s=96&d=monsterid&r=g","caption":"Teodora Stroe"},"url":"https:\/\/buletin.de\/bucuresti\/author\/simonacarlugea\/"}]}},"authors":[{"term_id":22579,"user_id":18,"is_guest":0,"slug":"simonacarlugea","display_name":"Teodora Stroe","avatar_url":"https:\/\/secure.gravatar.com\/avatar\/2560b4cd9f5f1bc100b123158e657d75584bd1c3e1d9c69285720b9457c1b78d?s=96&d=monsterid&r=g","0":null,"1":"","2":"","3":"","4":"","5":"","6":"","7":"","8":""}],"_links":{"self":[{"href":"https:\/\/buletin.de\/bucuresti\/wp-json\/wp\/v2\/posts\/46707","targetHints":{"allow":["GET"]}}],"collection":[{"href":"https:\/\/buletin.de\/bucuresti\/wp-json\/wp\/v2\/posts"}],"about":[{"href":"https:\/\/buletin.de\/bucuresti\/wp-json\/wp\/v2\/types\/post"}],"author":[{"embeddable":true,"href":"https:\/\/buletin.de\/bucuresti\/wp-json\/wp\/v2\/users\/18"}],"replies":[{"embeddable":true,"href":"https:\/\/buletin.de\/bucuresti\/wp-json\/wp\/v2\/comments?post=46707"}],"version-history":[{"count":15,"href":"https:\/\/buletin.de\/bucuresti\/wp-json\/wp\/v2\/posts\/46707\/revisions"}],"predecessor-version":[{"id":46748,"href":"https:\/\/buletin.de\/bucuresti\/wp-json\/wp\/v2\/posts\/46707\/revisions\/46748"}],"wp:featuredmedia":[{"embeddable":true,"href":"https:\/\/buletin.de\/bucuresti\/wp-json\/wp\/v2\/media\/42600"}],"wp:attachment":[{"href":"https:\/\/buletin.de\/bucuresti\/wp-json\/wp\/v2\/media?parent=46707"}],"wp:term":[{"taxonomy":"category","embeddable":true,"href":"https:\/\/buletin.de\/bucuresti\/wp-json\/wp\/v2\/categories?post=46707"},{"taxonomy":"post_tag","embeddable":true,"href":"https:\/\/buletin.de\/bucuresti\/wp-json\/wp\/v2\/tags?post=46707"},{"taxonomy":"author","embeddable":true,"href":"https:\/\/buletin.de\/bucuresti\/wp-json\/wp\/v2\/ppma_author?post=46707"}],"curies":[{"name":"wp","href":"https:\/\/api.w.org\/{rel}","templated":true}]}}