{"id":46469,"date":"2022-09-17T22:31:43","date_gmt":"2022-09-17T20:31:43","guid":{"rendered":"https:\/\/buletin.de\/bucuresti\/?p=46469"},"modified":"2022-09-17T22:31:44","modified_gmt":"2022-09-17T20:31:44","slug":"preotul-visarion-alexa-sub-control-judiciar-arhiepiscopia-bucurestiului-anunta-ca-va-face-o-ancheta","status":"publish","type":"post","link":"https:\/\/buletin.de\/bucuresti\/preotul-visarion-alexa-sub-control-judiciar-arhiepiscopia-bucurestiului-anunta-ca-va-face-o-ancheta\/","title":{"rendered":"Preotul Visarion Alexa, sub control judiciar. Arhiepiscopia Bucure\u0219tiului anun\u021b\u0103 c\u0103 va face o anchet\u0103"},"content":{"rendered":"\n<p>Preotul Visarion Alexa, acuzat de agresiune sexual\u0103, a fost plasat de  magistra\u021bi sub control judiciar timp de 60 de zile. Purt\u0103torul de cuv\u00e2nt al BOR, Vasile B\u0103nescu a declarat c\u0103 vestea despre acuza\u021biile care se aduc preotului este \u0219ocant\u0103 \u0219i a anun\u021bat o anchet\u0103 independent\u0103 a Arhiepiscopiei Bucure\u0219tiului. Pe o platform\u0103 de socializare o femeie posteaz\u0103 de mai mult timp acuza\u021bii de h\u0103r\u021buire la adresa lui Visarion Alexa \u0219i sus\u021bine c\u0103 a f\u0103cut pl\u00e2ngere la superiorii s\u0103i biserice\u0219ti. <\/p>\n\n\n\n<p>&#8220;<em>Am rugat doi preo\u021bi s\u0103 \u00eel opreasc\u0103 pe p\u0103rintele s\u0103 nu-mi mai fac\u0103 r\u0103u, dar nu l-au oprit, ci p\u0103rintele m\u0103 h\u0103r\u021buie\u0219te \u00een continuare, de diminea\u021b\u0103 p\u00e2n\u0103 seara, de 2 ani \u0219i jum\u0103tate<\/em>&#8220;, a scris o femeie, pe pagina sa de Facebook, \u00eentr-o postare public\u0103 f\u0103cut\u0103 acum 5 zile.<\/p>\n\n\n\n<p>Femeia sus\u021bine c\u0103 este angajat\u0103 la libr\u0103rie din Capital\u0103, specializat\u0103 \u00een comercializarea de c\u0103r\u021bi cu tematic\u0103 religioas\u0103. Sunt multe post\u0103ri \u00een care femeia poveste\u0219te c\u0103 este h\u0103r\u021buit\u0103 \u0219i c\u0103 este amenin\u021bat\u0103.<\/p>\n\n\n\n<p>&#8220;<em>10.08.22 \u2013 I-am spus p\u0103rintelui Visarion Alexa c\u0103 de acum eu nu m\u0103 mai spovedesc la dumnealui \u0219i c\u0103 sper s\u0103 nu m\u0103 mai h\u0103r\u021buiasc\u0103, dar p\u0103rintele m\u0103 amenin\u021b\u0103 \u00een continuare.P\u0103rintele Nectarie, stare\u021bul M\u0103n\u0103stirii Radu Vod\u0103, m-a sf\u0103tuit s\u0103 fac o reclama\u021bie \u00eempotriva p\u0103rintelui Visarion, la Arhiepiscopia Bucure\u0219tilor. 24.08.22 \u2013 Am f\u0103cut reclama\u021bie, \u00eens\u0103 domnul de acolo mi-a spus c\u0103 dumnealor nu prea pot face nimic, c\u0103 nu pot s\u0103-i \u00eentrebe pe \u0219efii \u0219i colegii mei de la Libr\u0103ria &#8230; care este adev\u0103rul (p\u0103rintele \u00eei pune s\u0103 m\u0103 jigneasc\u0103, s\u0103 m\u0103 amenin\u021be), c\u0103 p\u0103rintele are voie s\u0103 fac\u0103 ce vrea&#8230;<\/em> (&#8230;.)<\/p>\n\n\n\n<p><em>Eu \u00eemi doresc un duhovnic sincer \u0219i bl\u00e2nd. V\u0103 rog, s\u0103-l opreasc\u0103 cineva pe p\u0103rintele s\u0103 nu m\u0103 mai h\u0103r\u021buiasc\u0103 \u0219i s\u0103 nu-mi mai transmit\u0103 absolut niciun mesaj&#8221;<\/em>, scrie ea, pe pagina sa de Facebook. <\/p>\n\n\n\n<p>Pe 2 august, femeia a explicat, tot \u00eentr-o postare \u0219i care ar fi motivul pentru care preotul Visarion Alexa o h\u0103r\u021buie\u0219te, o rela\u021bie cu un b\u0103iat.<\/p>\n\n\n\n<p><em>Pentru c\u0103 nu vreau s\u0103 fac tot ce vrea dumnealui \u00een leg\u0103tur\u0103 cu un b\u0103iat, de 2 ani \u0219i jum\u0103tate p\u0103rintele Visarion Alexa \u00eemi pune \u0219efii, colegii \u0219i clien\u021bii de la Libr\u0103ria &#8230; din Bucure\u0219ti s\u0103 se bage \u00een via\u021ba mea personal\u0103, s\u0103 m\u0103 jigneasc\u0103, s\u0103 m\u0103 amenin\u021be. Ast\u0103zi a fost a doua oar\u0103 c\u00e2nd \u0219efa a \u021bipat la mine ca s\u0103 semnez un avertisment cum c\u0103 am un comportament nepotrivit&#8230; P\u0103rintele pare s\u0103 spun\u0103 c\u0103 prin aceste lucruri m\u0103 testeaz\u0103. Eu \u00eel alesesem ca duhovnic crez\u00e2nd c\u0103 este sincer \u0219i bl\u00e2nd\u2026<\/em><\/p>\n\n\n\n<p><em>V\u0103 rog, poate \u00eel opre\u0219te cineva pe p\u0103rintele s\u0103 nu-mi mai fac\u0103 niciun r\u0103u, s\u0103 pot s\u0103 am \u0219i eu, din nou o via\u021b\u0103 normal\u0103\u2026<\/em>&#8220;, pove\u0219te femeia, pe pagina sa de Facebook.<\/p>\n\n\n\n<figure class=\"wp-block-image size-large\"><img fetchpriority=\"high\" decoding=\"async\" width=\"567\" height=\"900\" src=\"data:image\/gif;base64,R0lGODlhAQABAAAAACH5BAEKAAEALAAAAAABAAEAAAICTAEAOw==\" data-src=\"https:\/\/buletin.de\/bucuresti\/wp-content\/uploads\/tuteanu-567x900.jpg\" alt=\"\" class=\"wp-image-46470 lazyload\" data-sizes=\"auto\" data-srcset=\"https:\/\/buletin.de\/bucuresti\/wp-content\/uploads\/tuteanu-567x900.jpg 567w, https:\/\/buletin.de\/bucuresti\/wp-content\/uploads\/tuteanu-189x300.jpg 189w, https:\/\/buletin.de\/bucuresti\/wp-content\/uploads\/tuteanu-550x873.jpg 550w, https:\/\/buletin.de\/bucuresti\/wp-content\/uploads\/tuteanu-315x500.jpg 315w, https:\/\/buletin.de\/bucuresti\/wp-content\/uploads\/tuteanu-600x953.jpg 600w, https:\/\/buletin.de\/bucuresti\/wp-content\/uploads\/tuteanu.jpg 645w\" sizes=\"(max-width: 567px) 100vw, 567px\" \/><\/figure>\n\n\n\n<p>O acuza\u021bie mai grav\u0103 a ajuns la Poli\u021bie, pe 17 august. O femeie a reclamat c\u0103 a fost agresat\u0103 sexual de preot \u00een timpul spovedaniei. <\/p>\n\n\n\n<p>Preotul Visarion a fost re\u021binut de poli\u021bi\u0219ti pentru 24 de ore iar magistra\u021bii Judec\u0103toriei Sector 6 au decis, \u00een aceast\u0103 sear\u0103, plasarea sa sub control judiciar timp de 60 de zile.<\/p>\n\n\n\n<p><em>\u201d\u00cen baza 227 alin. 1 Cod proc. penal\u0103 \u015fi art. art. 219 alin. (7) Cod proc. penal\u0103, respinge propunerea de arestare preventiv\u0103, formulat\u0103 de Parchetul de pe l\u00e2ng\u0103 Judec\u0103toria Sectorului 6 Bucure\u015fti \u00een dosarul de urm\u0103rire penal\u0103 nr. 6204\/P\/2022. \u00cen baza art. 227 alin. 2 Cod proc. penal\u0103 rap. la art. 202 alin. 4 lit. b Cod proc. penal\u0103 cu referire la art. 211 Cod proc. penal\u0103 dispune luarea fa\u0163\u0103 de inculpatul Alexa Visarion a m\u0103surii controlului judiciar pe o durat\u0103 de 60 de zile, din data de 17.09.2022 p\u00e2n\u0103 la data 15.11.2022, inclusiv\u201d,<\/em> se arat\u0103 \u00een decizia instan\u0163ei.<\/p>\n\n\n\n<p>Dup\u0103 anun\u021bul acuza\u021biilor care i se aduc preotului Visarion Alexa a venit \u0219i reac\u021bia BOR prin vocea purt\u0103torului de cuv\u00e2nt Vasile Br\u0103nescu, care s-a declarat \u0219ocat. O anchet\u0103 independent\u0103 a Arhiepiscopiei Bucure\u0219tiului va \u00eencepe luni iar preotul a fost suspendat pe durata cercet\u0103rilor.<\/p>\n\n\n\n<p>&#8220;\u00cen leg\u0103tur\u0103 cu \u015ftirea referitoare la re\u0163inerea de c\u0103tre poli\u0163ie a preotului Visarion Alexa din Bucure\u015fti, \u00een urma unor grave acuza\u0163ii men\u0163ionate deja \u00een pres\u0103, v\u0103 pot spune mai \u00eent\u00e2i c\u0103 vestea este una absolut \u015focant\u0103. Personal nu cunosc niciun am\u0103nunt legat de acest caz aflat acum \u00een sfera de cercetare a autorit\u0103\u0163ilor care \u00eel ancheteaz\u0103. V\u0103 pot spune doar c\u0103 Arhiepiscopia Bucure\u015ftilor va \u00eencepe la r\u00e2ndul ei o anchet\u0103 independent\u0103. Dac\u0103 acuza\u0163iile aduse preotului men\u0163ionat vor fi confirmate de autorit\u0103\u0163ile judiciare, cazul s\u0103u va fi judecat \u015fi de autorit\u0103\u0163ile biserice\u015fti \u00een cadrul &#8216;Consistoriului bisericesc'&#8221;, a precizat Vasile B\u0103nescu \u00eentr-o declara\u0163ie de pres\u0103, preluat de Agerpres.<\/p>\n\n\n\n<p>Avocata preotului a declarat, pentru News.ro, c\u0103 \u00eentre preot \u0219i reclamant\u0103 era o rela\u021bie de prietnie pe l\u00e2ng\u0103 cea de duhovnic credincios \u0219i c\u0103 a existat un incident \u00een aprilie 2022. Avocata sus\u021bine, \u00eens\u0103, c\u0103 pl\u00e2ngerea a fost depus\u0103 \u00een iulie, \u0219i nu \u00een august a\u0219a cum a declarat surse din Poli\u021bie, pentru antena3.ro.<\/p>\n\n\n\n<p>\u201e<em>Rela\u0163ia de duhovnic a fost dublat\u0103 de o rela\u0163ie de prietenie, partea v\u0103t\u0103mat\u0103 recunoa\u015fte acest lucru. D\u00e2nsa comunica aproape non-stop, noaptea, ziua cu p\u0103rintele \u015fi \u00een aceast\u0103 rela\u0163ie, pe fondul acelei prietenii \u015fi abord\u0103ri personale, a intervenit \u015fi acest eveniment, incident din aprilie 2022. Nu a existat o rela\u0163ie foarte profund\u0103. A depus pl\u00e2ngerea pe 20 iulie \u00een ultima zi \u00een care se putea formula pl\u00e2ngere \u015fi acesta este un lucru destul de discutabil\u201d, <\/em> a spus avocata, pentru News.ro.<\/p>\n\n\n\n<p>Facebook este f\u0103cut\u0103 acum 3 zile \u0219i vorbe\u0219te despre oameni cu <\/p>\n\n\n\n<figure class=\"wp-block-embed is-type-wp-embed is-provider-buletin-de-bucure\u0219ti wp-block-embed-buletin-de-bucure\u0219ti\"><div class=\"wp-block-embed__wrapper\">\n<blockquote class=\"wp-embedded-content\" data-secret=\"iPG2dI2ssL\"><a href=\"https:\/\/buletin.de\/bucuresti\/preot-din-bucuresti-retinut-dupa-ce-a-agresat-sexual-o-enoriasa-la-spovedanie\/\">Preot din Bucure\u0219ti, re\u021binut dup\u0103 ce a agresat sexual o enoria\u0219\u0103 la spovedanie<\/a><\/blockquote><iframe class=\"wp-embedded-content\" sandbox=\"allow-scripts\" security=\"restricted\" style=\"position: absolute; clip: rect(1px, 1px, 1px, 1px);\" title=\"&#8222;Preot din Bucure\u0219ti, re\u021binut dup\u0103 ce a agresat sexual o enoria\u0219\u0103 la spovedanie&#8221; &#8212; Buletin de Bucure\u0219ti\" src=\"https:\/\/buletin.de\/bucuresti\/preot-din-bucuresti-retinut-dupa-ce-a-agresat-sexual-o-enoriasa-la-spovedanie\/embed\/#?secret=2TTpkb0For#?secret=iPG2dI2ssL\" data-secret=\"iPG2dI2ssL\" width=\"600\" height=\"338\" frameborder=\"0\" marginwidth=\"0\" marginheight=\"0\" scrolling=\"no\"><\/iframe>\n<\/div><\/figure>\n\n\n\n<p><\/p>\n\n\n\n<p><\/p>\n\n\n\n<p><\/p>\n","protected":false},"excerpt":{"rendered":"<p>Preotul Visarion Alexa, acuzat de agresiune sexual\u0103, a fost plasat de magistra\u021bi sub control judiciar timp de 60 de zile. Purt\u0103torul de cuv\u00e2nt al BOR, Vasile B\u0103nescu a declarat c\u0103 vestea despre acuza\u021biile care se aduc preotului este \u0219ocant\u0103 \u0219i a anun\u021bat o anchet\u0103 independent\u0103 a Arhiepiscopiei Bucure\u0219tiului. Pe o platform\u0103 de socializare o femeie [&hellip;]<\/p>\n","protected":false},"author":18,"featured_media":46471,"comment_status":"closed","ping_status":"open","sticky":false,"template":"","format":"standard","meta":{"_acf_changed":false,"inline_featured_image":false,"ngg_post_thumbnail":0,"footnotes":""},"categories":[62],"tags":[4570,3773,4569,4568],"ppma_author":[22579],"class_list":["post-46469","post","type-post","status-publish","format-standard","has-post-thumbnail","hentry","category-stiri","tag-acuzatii","tag-agresiune-sexuala","tag-control-judiciar","tag-visarion-alexa"],"acf":[],"yoast_head":"<!-- This site is optimized with the Yoast SEO Premium plugin v25.3 (Yoast SEO v27.4) - https:\/\/yoast.com\/product\/yoast-seo-premium-wordpress\/ -->\n<title>Preotul Visarion Alexa, sub control judiciar. Arhiepiscopia Bucure\u0219tiului anun\u021b\u0103 c\u0103 va face o anchet\u0103 - Buletin de Bucure\u0219ti<\/title>\n<meta name=\"robots\" content=\"index, follow, max-snippet:-1, max-image-preview:large, max-video-preview:-1\" \/>\n<link rel=\"canonical\" href=\"https:\/\/buletin.de\/bucuresti\/preotul-visarion-alexa-sub-control-judiciar-arhiepiscopia-bucurestiului-anunta-ca-va-face-o-ancheta\/\" \/>\n<meta property=\"og:locale\" content=\"en_GB\" \/>\n<meta property=\"og:type\" content=\"article\" \/>\n<meta property=\"og:title\" content=\"Preotul Visarion Alexa, sub control judiciar. Arhiepiscopia Bucure\u0219tiului anun\u021b\u0103 c\u0103 va face o anchet\u0103\" \/>\n<meta property=\"og:description\" content=\"Preotul Visarion Alexa, acuzat de agresiune sexual\u0103, a fost plasat de magistra\u021bi sub control judiciar timp de 60 de zile. Purt\u0103torul de cuv\u00e2nt al BOR, Vasile B\u0103nescu a declarat c\u0103 vestea despre acuza\u021biile care se aduc preotului este \u0219ocant\u0103 \u0219i a anun\u021bat o anchet\u0103 independent\u0103 a Arhiepiscopiei Bucure\u0219tiului. Pe o platform\u0103 de socializare o femeie [&hellip;]\" \/>\n<meta property=\"og:url\" content=\"https:\/\/buletin.de\/bucuresti\/preotul-visarion-alexa-sub-control-judiciar-arhiepiscopia-bucurestiului-anunta-ca-va-face-o-ancheta\/\" \/>\n<meta property=\"og:site_name\" content=\"Buletin de Bucure\u0219ti\" \/>\n<meta property=\"article:publisher\" content=\"https:\/\/www.facebook.com\/buletin.de.buc\" \/>\n<meta property=\"article:published_time\" content=\"2022-09-17T20:31:43+00:00\" \/>\n<meta property=\"article:modified_time\" content=\"2022-09-17T20:31:44+00:00\" \/>\n<meta property=\"og:image\" content=\"https:\/\/buletin.de\/bucuresti\/wp-content\/uploads\/visarion.jpg\" \/>\n\t<meta property=\"og:image:width\" content=\"1024\" \/>\n\t<meta property=\"og:image:height\" content=\"816\" \/>\n\t<meta property=\"og:image:type\" content=\"image\/jpeg\" \/>\n<meta name=\"author\" content=\"Teodora Stroe\" \/>\n<meta name=\"twitter:card\" content=\"summary_large_image\" \/>\n<meta name=\"twitter:label1\" content=\"Written by\" \/>\n\t<meta name=\"twitter:data1\" content=\"Teodora Stroe\" \/>\n\t<meta name=\"twitter:label2\" content=\"Estimated reading time\" \/>\n\t<meta name=\"twitter:data2\" content=\"5 minutes\" \/>\n<script type=\"application\/ld+json\" class=\"yoast-schema-graph\">{\"@context\":\"https:\\\/\\\/schema.org\",\"@graph\":[{\"@type\":\"Article\",\"@id\":\"https:\\\/\\\/buletin.de\\\/bucuresti\\\/preotul-visarion-alexa-sub-control-judiciar-arhiepiscopia-bucurestiului-anunta-ca-va-face-o-ancheta\\\/#article\",\"isPartOf\":{\"@id\":\"https:\\\/\\\/buletin.de\\\/bucuresti\\\/preotul-visarion-alexa-sub-control-judiciar-arhiepiscopia-bucurestiului-anunta-ca-va-face-o-ancheta\\\/\"},\"author\":{\"name\":\"Teodora Stroe\",\"@id\":\"https:\\\/\\\/buletin.de\\\/bucuresti\\\/#\\\/schema\\\/person\\\/d369d7ddc775abece205795e0b804614\"},\"headline\":\"Preotul Visarion Alexa, sub control judiciar. Arhiepiscopia Bucure\u0219tiului anun\u021b\u0103 c\u0103 va face o anchet\u0103\",\"datePublished\":\"2022-09-17T20:31:43+00:00\",\"dateModified\":\"2022-09-17T20:31:44+00:00\",\"mainEntityOfPage\":{\"@id\":\"https:\\\/\\\/buletin.de\\\/bucuresti\\\/preotul-visarion-alexa-sub-control-judiciar-arhiepiscopia-bucurestiului-anunta-ca-va-face-o-ancheta\\\/\"},\"wordCount\":1027,\"publisher\":{\"@id\":\"https:\\\/\\\/buletin.de\\\/bucuresti\\\/#organization\"},\"image\":{\"@id\":\"https:\\\/\\\/buletin.de\\\/bucuresti\\\/preotul-visarion-alexa-sub-control-judiciar-arhiepiscopia-bucurestiului-anunta-ca-va-face-o-ancheta\\\/#primaryimage\"},\"thumbnailUrl\":\"https:\\\/\\\/buletin.de\\\/bucuresti\\\/wp-content\\\/uploads\\\/visarion.jpg\",\"keywords\":[\"acuzatii\",\"agresiune sexuala\",\"control judiciar\",\"visarion alexa\"],\"articleSection\":[\"\u0218tiri\"],\"inLanguage\":\"en-GB\",\"copyrightYear\":\"2022\",\"copyrightHolder\":{\"@id\":\"https:\\\/\\\/buletin.de\\\/bucuresti\\\/#organization\"}},{\"@type\":\"WebPage\",\"@id\":\"https:\\\/\\\/buletin.de\\\/bucuresti\\\/preotul-visarion-alexa-sub-control-judiciar-arhiepiscopia-bucurestiului-anunta-ca-va-face-o-ancheta\\\/\",\"url\":\"https:\\\/\\\/buletin.de\\\/bucuresti\\\/preotul-visarion-alexa-sub-control-judiciar-arhiepiscopia-bucurestiului-anunta-ca-va-face-o-ancheta\\\/\",\"name\":\"Preotul Visarion Alexa, sub control judiciar. Arhiepiscopia Bucure\u0219tiului anun\u021b\u0103 c\u0103 va face o anchet\u0103 - Buletin de Bucure\u0219ti\",\"isPartOf\":{\"@id\":\"https:\\\/\\\/buletin.de\\\/bucuresti\\\/#website\"},\"primaryImageOfPage\":{\"@id\":\"https:\\\/\\\/buletin.de\\\/bucuresti\\\/preotul-visarion-alexa-sub-control-judiciar-arhiepiscopia-bucurestiului-anunta-ca-va-face-o-ancheta\\\/#primaryimage\"},\"image\":{\"@id\":\"https:\\\/\\\/buletin.de\\\/bucuresti\\\/preotul-visarion-alexa-sub-control-judiciar-arhiepiscopia-bucurestiului-anunta-ca-va-face-o-ancheta\\\/#primaryimage\"},\"thumbnailUrl\":\"https:\\\/\\\/buletin.de\\\/bucuresti\\\/wp-content\\\/uploads\\\/visarion.jpg\",\"datePublished\":\"2022-09-17T20:31:43+00:00\",\"dateModified\":\"2022-09-17T20:31:44+00:00\",\"breadcrumb\":{\"@id\":\"https:\\\/\\\/buletin.de\\\/bucuresti\\\/preotul-visarion-alexa-sub-control-judiciar-arhiepiscopia-bucurestiului-anunta-ca-va-face-o-ancheta\\\/#breadcrumb\"},\"inLanguage\":\"en-GB\",\"potentialAction\":[{\"@type\":\"ReadAction\",\"target\":[\"https:\\\/\\\/buletin.de\\\/bucuresti\\\/preotul-visarion-alexa-sub-control-judiciar-arhiepiscopia-bucurestiului-anunta-ca-va-face-o-ancheta\\\/\"]}]},{\"@type\":\"ImageObject\",\"inLanguage\":\"en-GB\",\"@id\":\"https:\\\/\\\/buletin.de\\\/bucuresti\\\/preotul-visarion-alexa-sub-control-judiciar-arhiepiscopia-bucurestiului-anunta-ca-va-face-o-ancheta\\\/#primaryimage\",\"url\":\"https:\\\/\\\/buletin.de\\\/bucuresti\\\/wp-content\\\/uploads\\\/visarion.jpg\",\"contentUrl\":\"https:\\\/\\\/buletin.de\\\/bucuresti\\\/wp-content\\\/uploads\\\/visarion.jpg\",\"width\":1024,\"height\":816},{\"@type\":\"BreadcrumbList\",\"@id\":\"https:\\\/\\\/buletin.de\\\/bucuresti\\\/preotul-visarion-alexa-sub-control-judiciar-arhiepiscopia-bucurestiului-anunta-ca-va-face-o-ancheta\\\/#breadcrumb\",\"itemListElement\":[{\"@type\":\"ListItem\",\"position\":1,\"name\":\"Acas\u0103\",\"item\":\"https:\\\/\\\/buletin.de\\\/bucuresti\\\/\"},{\"@type\":\"ListItem\",\"position\":2,\"name\":\"Preotul Visarion Alexa, sub control judiciar. Arhiepiscopia Bucure\u0219tiului anun\u021b\u0103 c\u0103 va face o anchet\u0103\"}]},{\"@type\":\"WebSite\",\"@id\":\"https:\\\/\\\/buletin.de\\\/bucuresti\\\/#website\",\"url\":\"https:\\\/\\\/buletin.de\\\/bucuresti\\\/\",\"name\":\"Buletin de Bucure\u0219ti\",\"description\":\"\u0218tiri \u0219i investiga\u021bii esen\u021biale din capital\u0103\",\"publisher\":{\"@id\":\"https:\\\/\\\/buletin.de\\\/bucuresti\\\/#organization\"},\"potentialAction\":[{\"@type\":\"SearchAction\",\"target\":{\"@type\":\"EntryPoint\",\"urlTemplate\":\"https:\\\/\\\/buletin.de\\\/bucuresti\\\/?s={search_term_string}\"},\"query-input\":{\"@type\":\"PropertyValueSpecification\",\"valueRequired\":true,\"valueName\":\"search_term_string\"}}],\"inLanguage\":\"en-GB\"},{\"@type\":\"Organization\",\"@id\":\"https:\\\/\\\/buletin.de\\\/bucuresti\\\/#organization\",\"name\":\"Buletin de Bucure\u0219ti\",\"url\":\"https:\\\/\\\/buletin.de\\\/bucuresti\\\/\",\"logo\":{\"@type\":\"ImageObject\",\"inLanguage\":\"en-GB\",\"@id\":\"https:\\\/\\\/buletin.de\\\/bucuresti\\\/#\\\/schema\\\/logo\\\/image\\\/\",\"url\":\"https:\\\/\\\/buletin.de\\\/bucuresti\\\/wp-content\\\/uploads\\\/logo-bdb-full-wide-vernil-transparent.png\",\"contentUrl\":\"https:\\\/\\\/buletin.de\\\/bucuresti\\\/wp-content\\\/uploads\\\/logo-bdb-full-wide-vernil-transparent.png\",\"width\":1782,\"height\":626,\"caption\":\"Buletin de Bucure\u0219ti\"},\"image\":{\"@id\":\"https:\\\/\\\/buletin.de\\\/bucuresti\\\/#\\\/schema\\\/logo\\\/image\\\/\"},\"sameAs\":[\"https:\\\/\\\/www.facebook.com\\\/buletin.de.buc\",\"https:\\\/\\\/www.instagram.com\\\/buletinde.bucuresti\\\/\"]},{\"@type\":\"Person\",\"@id\":\"https:\\\/\\\/buletin.de\\\/bucuresti\\\/#\\\/schema\\\/person\\\/d369d7ddc775abece205795e0b804614\",\"name\":\"Teodora Stroe\",\"image\":{\"@type\":\"ImageObject\",\"inLanguage\":\"en-GB\",\"@id\":\"https:\\\/\\\/secure.gravatar.com\\\/avatar\\\/2560b4cd9f5f1bc100b123158e657d75584bd1c3e1d9c69285720b9457c1b78d?s=96&d=monsterid&r=gc104800242ba5f2d78dd5d7dc4df08b6\",\"url\":\"https:\\\/\\\/secure.gravatar.com\\\/avatar\\\/2560b4cd9f5f1bc100b123158e657d75584bd1c3e1d9c69285720b9457c1b78d?s=96&d=monsterid&r=g\",\"contentUrl\":\"https:\\\/\\\/secure.gravatar.com\\\/avatar\\\/2560b4cd9f5f1bc100b123158e657d75584bd1c3e1d9c69285720b9457c1b78d?s=96&d=monsterid&r=g\",\"caption\":\"Teodora Stroe\"},\"url\":\"https:\\\/\\\/buletin.de\\\/bucuresti\\\/author\\\/simonacarlugea\\\/\"}]}<\/script>\n<!-- \/ Yoast SEO Premium plugin. -->","yoast_head_json":{"title":"Preotul Visarion Alexa, sub control judiciar. Arhiepiscopia Bucure\u0219tiului anun\u021b\u0103 c\u0103 va face o anchet\u0103 - Buletin de Bucure\u0219ti","robots":{"index":"index","follow":"follow","max-snippet":"max-snippet:-1","max-image-preview":"max-image-preview:large","max-video-preview":"max-video-preview:-1"},"canonical":"https:\/\/buletin.de\/bucuresti\/preotul-visarion-alexa-sub-control-judiciar-arhiepiscopia-bucurestiului-anunta-ca-va-face-o-ancheta\/","og_locale":"en_GB","og_type":"article","og_title":"Preotul Visarion Alexa, sub control judiciar. Arhiepiscopia Bucure\u0219tiului anun\u021b\u0103 c\u0103 va face o anchet\u0103","og_description":"Preotul Visarion Alexa, acuzat de agresiune sexual\u0103, a fost plasat de magistra\u021bi sub control judiciar timp de 60 de zile. Purt\u0103torul de cuv\u00e2nt al BOR, Vasile B\u0103nescu a declarat c\u0103 vestea despre acuza\u021biile care se aduc preotului este \u0219ocant\u0103 \u0219i a anun\u021bat o anchet\u0103 independent\u0103 a Arhiepiscopiei Bucure\u0219tiului. Pe o platform\u0103 de socializare o femeie [&hellip;]","og_url":"https:\/\/buletin.de\/bucuresti\/preotul-visarion-alexa-sub-control-judiciar-arhiepiscopia-bucurestiului-anunta-ca-va-face-o-ancheta\/","og_site_name":"Buletin de Bucure\u0219ti","article_publisher":"https:\/\/www.facebook.com\/buletin.de.buc","article_published_time":"2022-09-17T20:31:43+00:00","article_modified_time":"2022-09-17T20:31:44+00:00","og_image":[{"width":1024,"height":816,"url":"https:\/\/buletin.de\/bucuresti\/wp-content\/uploads\/visarion.jpg","type":"image\/jpeg"}],"author":"Teodora Stroe","twitter_card":"summary_large_image","twitter_misc":{"Written by":"Teodora Stroe","Estimated reading time":"5 minutes"},"schema":{"@context":"https:\/\/schema.org","@graph":[{"@type":"Article","@id":"https:\/\/buletin.de\/bucuresti\/preotul-visarion-alexa-sub-control-judiciar-arhiepiscopia-bucurestiului-anunta-ca-va-face-o-ancheta\/#article","isPartOf":{"@id":"https:\/\/buletin.de\/bucuresti\/preotul-visarion-alexa-sub-control-judiciar-arhiepiscopia-bucurestiului-anunta-ca-va-face-o-ancheta\/"},"author":{"name":"Teodora Stroe","@id":"https:\/\/buletin.de\/bucuresti\/#\/schema\/person\/d369d7ddc775abece205795e0b804614"},"headline":"Preotul Visarion Alexa, sub control judiciar. Arhiepiscopia Bucure\u0219tiului anun\u021b\u0103 c\u0103 va face o anchet\u0103","datePublished":"2022-09-17T20:31:43+00:00","dateModified":"2022-09-17T20:31:44+00:00","mainEntityOfPage":{"@id":"https:\/\/buletin.de\/bucuresti\/preotul-visarion-alexa-sub-control-judiciar-arhiepiscopia-bucurestiului-anunta-ca-va-face-o-ancheta\/"},"wordCount":1027,"publisher":{"@id":"https:\/\/buletin.de\/bucuresti\/#organization"},"image":{"@id":"https:\/\/buletin.de\/bucuresti\/preotul-visarion-alexa-sub-control-judiciar-arhiepiscopia-bucurestiului-anunta-ca-va-face-o-ancheta\/#primaryimage"},"thumbnailUrl":"https:\/\/buletin.de\/bucuresti\/wp-content\/uploads\/visarion.jpg","keywords":["acuzatii","agresiune sexuala","control judiciar","visarion alexa"],"articleSection":["\u0218tiri"],"inLanguage":"en-GB","copyrightYear":"2022","copyrightHolder":{"@id":"https:\/\/buletin.de\/bucuresti\/#organization"}},{"@type":"WebPage","@id":"https:\/\/buletin.de\/bucuresti\/preotul-visarion-alexa-sub-control-judiciar-arhiepiscopia-bucurestiului-anunta-ca-va-face-o-ancheta\/","url":"https:\/\/buletin.de\/bucuresti\/preotul-visarion-alexa-sub-control-judiciar-arhiepiscopia-bucurestiului-anunta-ca-va-face-o-ancheta\/","name":"Preotul Visarion Alexa, sub control judiciar. Arhiepiscopia Bucure\u0219tiului anun\u021b\u0103 c\u0103 va face o anchet\u0103 - Buletin de Bucure\u0219ti","isPartOf":{"@id":"https:\/\/buletin.de\/bucuresti\/#website"},"primaryImageOfPage":{"@id":"https:\/\/buletin.de\/bucuresti\/preotul-visarion-alexa-sub-control-judiciar-arhiepiscopia-bucurestiului-anunta-ca-va-face-o-ancheta\/#primaryimage"},"image":{"@id":"https:\/\/buletin.de\/bucuresti\/preotul-visarion-alexa-sub-control-judiciar-arhiepiscopia-bucurestiului-anunta-ca-va-face-o-ancheta\/#primaryimage"},"thumbnailUrl":"https:\/\/buletin.de\/bucuresti\/wp-content\/uploads\/visarion.jpg","datePublished":"2022-09-17T20:31:43+00:00","dateModified":"2022-09-17T20:31:44+00:00","breadcrumb":{"@id":"https:\/\/buletin.de\/bucuresti\/preotul-visarion-alexa-sub-control-judiciar-arhiepiscopia-bucurestiului-anunta-ca-va-face-o-ancheta\/#breadcrumb"},"inLanguage":"en-GB","potentialAction":[{"@type":"ReadAction","target":["https:\/\/buletin.de\/bucuresti\/preotul-visarion-alexa-sub-control-judiciar-arhiepiscopia-bucurestiului-anunta-ca-va-face-o-ancheta\/"]}]},{"@type":"ImageObject","inLanguage":"en-GB","@id":"https:\/\/buletin.de\/bucuresti\/preotul-visarion-alexa-sub-control-judiciar-arhiepiscopia-bucurestiului-anunta-ca-va-face-o-ancheta\/#primaryimage","url":"https:\/\/buletin.de\/bucuresti\/wp-content\/uploads\/visarion.jpg","contentUrl":"https:\/\/buletin.de\/bucuresti\/wp-content\/uploads\/visarion.jpg","width":1024,"height":816},{"@type":"BreadcrumbList","@id":"https:\/\/buletin.de\/bucuresti\/preotul-visarion-alexa-sub-control-judiciar-arhiepiscopia-bucurestiului-anunta-ca-va-face-o-ancheta\/#breadcrumb","itemListElement":[{"@type":"ListItem","position":1,"name":"Acas\u0103","item":"https:\/\/buletin.de\/bucuresti\/"},{"@type":"ListItem","position":2,"name":"Preotul Visarion Alexa, sub control judiciar. Arhiepiscopia Bucure\u0219tiului anun\u021b\u0103 c\u0103 va face o anchet\u0103"}]},{"@type":"WebSite","@id":"https:\/\/buletin.de\/bucuresti\/#website","url":"https:\/\/buletin.de\/bucuresti\/","name":"Buletin de Bucure\u0219ti","description":"\u0218tiri \u0219i investiga\u021bii esen\u021biale din capital\u0103","publisher":{"@id":"https:\/\/buletin.de\/bucuresti\/#organization"},"potentialAction":[{"@type":"SearchAction","target":{"@type":"EntryPoint","urlTemplate":"https:\/\/buletin.de\/bucuresti\/?s={search_term_string}"},"query-input":{"@type":"PropertyValueSpecification","valueRequired":true,"valueName":"search_term_string"}}],"inLanguage":"en-GB"},{"@type":"Organization","@id":"https:\/\/buletin.de\/bucuresti\/#organization","name":"Buletin de Bucure\u0219ti","url":"https:\/\/buletin.de\/bucuresti\/","logo":{"@type":"ImageObject","inLanguage":"en-GB","@id":"https:\/\/buletin.de\/bucuresti\/#\/schema\/logo\/image\/","url":"https:\/\/buletin.de\/bucuresti\/wp-content\/uploads\/logo-bdb-full-wide-vernil-transparent.png","contentUrl":"https:\/\/buletin.de\/bucuresti\/wp-content\/uploads\/logo-bdb-full-wide-vernil-transparent.png","width":1782,"height":626,"caption":"Buletin de Bucure\u0219ti"},"image":{"@id":"https:\/\/buletin.de\/bucuresti\/#\/schema\/logo\/image\/"},"sameAs":["https:\/\/www.facebook.com\/buletin.de.buc","https:\/\/www.instagram.com\/buletinde.bucuresti\/"]},{"@type":"Person","@id":"https:\/\/buletin.de\/bucuresti\/#\/schema\/person\/d369d7ddc775abece205795e0b804614","name":"Teodora Stroe","image":{"@type":"ImageObject","inLanguage":"en-GB","@id":"https:\/\/secure.gravatar.com\/avatar\/2560b4cd9f5f1bc100b123158e657d75584bd1c3e1d9c69285720b9457c1b78d?s=96&d=monsterid&r=gc104800242ba5f2d78dd5d7dc4df08b6","url":"https:\/\/secure.gravatar.com\/avatar\/2560b4cd9f5f1bc100b123158e657d75584bd1c3e1d9c69285720b9457c1b78d?s=96&d=monsterid&r=g","contentUrl":"https:\/\/secure.gravatar.com\/avatar\/2560b4cd9f5f1bc100b123158e657d75584bd1c3e1d9c69285720b9457c1b78d?s=96&d=monsterid&r=g","caption":"Teodora Stroe"},"url":"https:\/\/buletin.de\/bucuresti\/author\/simonacarlugea\/"}]}},"authors":[{"term_id":22579,"user_id":18,"is_guest":0,"slug":"simonacarlugea","display_name":"Teodora Stroe","avatar_url":"https:\/\/secure.gravatar.com\/avatar\/2560b4cd9f5f1bc100b123158e657d75584bd1c3e1d9c69285720b9457c1b78d?s=96&d=monsterid&r=g","0":null,"1":"","2":"","3":"","4":"","5":"","6":"","7":"","8":""}],"_links":{"self":[{"href":"https:\/\/buletin.de\/bucuresti\/wp-json\/wp\/v2\/posts\/46469","targetHints":{"allow":["GET"]}}],"collection":[{"href":"https:\/\/buletin.de\/bucuresti\/wp-json\/wp\/v2\/posts"}],"about":[{"href":"https:\/\/buletin.de\/bucuresti\/wp-json\/wp\/v2\/types\/post"}],"author":[{"embeddable":true,"href":"https:\/\/buletin.de\/bucuresti\/wp-json\/wp\/v2\/users\/18"}],"replies":[{"embeddable":true,"href":"https:\/\/buletin.de\/bucuresti\/wp-json\/wp\/v2\/comments?post=46469"}],"version-history":[{"count":2,"href":"https:\/\/buletin.de\/bucuresti\/wp-json\/wp\/v2\/posts\/46469\/revisions"}],"predecessor-version":[{"id":46473,"href":"https:\/\/buletin.de\/bucuresti\/wp-json\/wp\/v2\/posts\/46469\/revisions\/46473"}],"wp:featuredmedia":[{"embeddable":true,"href":"https:\/\/buletin.de\/bucuresti\/wp-json\/wp\/v2\/media\/46471"}],"wp:attachment":[{"href":"https:\/\/buletin.de\/bucuresti\/wp-json\/wp\/v2\/media?parent=46469"}],"wp:term":[{"taxonomy":"category","embeddable":true,"href":"https:\/\/buletin.de\/bucuresti\/wp-json\/wp\/v2\/categories?post=46469"},{"taxonomy":"post_tag","embeddable":true,"href":"https:\/\/buletin.de\/bucuresti\/wp-json\/wp\/v2\/tags?post=46469"},{"taxonomy":"author","embeddable":true,"href":"https:\/\/buletin.de\/bucuresti\/wp-json\/wp\/v2\/ppma_author?post=46469"}],"curies":[{"name":"wp","href":"https:\/\/api.w.org\/{rel}","templated":true}]}}