{"id":46288,"date":"2022-09-14T16:57:49","date_gmt":"2022-09-14T14:57:49","guid":{"rendered":"https:\/\/buletin.de\/bucuresti\/?p=46288"},"modified":"2023-09-19T15:31:25","modified_gmt":"2023-09-19T13:31:25","slug":"tunurile-urat-mirositoare-ale-primarului-din-otopeni-de-la-capace-de-canalizare-disparute-in-acte-pana-la-statii-de-epurare-platite-si-neexecutate","status":"publish","type":"post","link":"https:\/\/buletin.de\/bucuresti\/tunurile-urat-mirositoare-ale-primarului-din-otopeni-de-la-capace-de-canalizare-disparute-in-acte-pana-la-statii-de-epurare-platite-si-neexecutate\/","title":{"rendered":"\u201cTunurile\u201d ur\u00e2t mirositoare ale primarului din Otopeni: de la capace de canalizare disp\u0103rute \u00een acte, p\u00e2n\u0103 la sta\u021bii de epurare pl\u0103tite \u0219i neexecutate"},"content":{"rendered":"\n<p><strong>Dezastrul urbanistic \u00een materie de re\u021bele edilitare din Otopeni este vizat de procurorii DNA care au descins, \u00een premier\u0103, la prim\u0103ria din localitate. Ora\u0219ul este condus, din 1996, de liberalul Silviu Constantin Gheorghe \u0219i, \u00een ciuda faptului c\u0103 aici se \u00eenregistreaz\u0103 unul dintre cele mai mari PIB-uri per capita din \u021bar\u0103, apele fecaloid-menajere sunt deversate constant, neepurate sau tratate par\u021bial, direct \u00een natur\u0103. Mizeria ora\u0219ului ajunge \u00een R\u00e2ul Pas\u0103rea, afluent al D\u00e2mbovi\u021bei, care traverseaz\u0103 aproape 10 localit\u0103\u021bi p\u00e2n\u0103 la v\u0103rsare.<\/strong><\/p>\n\n\n\n<p>Problemele cu sistemul de canalizare din Otopeni \u00ee\u0219i au r\u0103d\u0103cinile \u00een 2011. Atunci, prin semn\u0103tura primarului Silviu Constantin Gheorghe, firma Romstrade, controlat\u0103 de omul de afaceri Nelu Iordache, prime\u0219te, \u00een urma unei licita\u021bii controversate, un contract de 216 milioane de euro pentru modernizarea localit\u0103\u021bii. Aici ar fi trebuit s\u0103 intre asfaltarea str\u0103zilor, iluminatul public, dar \u0219i re\u021bele de ap\u0103-canal la pachet cu o nou\u0103 sta\u021bie de epurare \u00een cartierul Ferme, la Nord de aeroportul Otopeni.&nbsp;&nbsp;&nbsp;<\/p>\n\n\n\n<p>\u00cen 2016, pe l\u00e2ng\u0103 multe alte probleme, inspectorii Cur\u021bii de Conturi aveau s\u0103 descopere o factur\u0103 \u00een valoare de aproape un milion de euro pentru lucr\u0103rile de la sta\u021bia de epurare \u201eFerme 4\u201d.&nbsp; <\/p>\n\n\n\n<p>Documentul a fost \u00eenregistrat \u00een contabilitatea Prim\u0103riei Otopeni \u0219i suma a fost achitat\u0103 \u201e<strong>f\u0103r\u0103 ca acestea (lucr\u0103rile \u2013 n.r.) s\u0103 fie puse \u00een oper\u0103<\/strong>\u201d, nota la vremea respectiv\u0103 cotidianul<a href=\"https:\/\/romanialibera.ro\/sport\/formula-1\/blat-romstrade-a-bombardat-otopeniul-pentru-un-sfert-de-miliard-de-euro-contract-urias-acordat-cu-dedicatie-celui-mai-penal-baron-al-asfaltului-433580\/\"> Rom\u00e2nia Liber\u0103<\/a>.&nbsp; Cu alte cuvinte, primarul Silviu Gheorghe a pl\u0103tit banii f\u0103r\u0103 ca lucr\u0103rile s\u0103 fie realizate.<\/p>\n\n\n\n<p>Un an mai t\u00e2rziu, la un control ulterior, Camera de Conturi Ilfov avea s\u0103 descopere o situa\u021bie similar\u0103. De dat\u0103 aceasta, lipsea de la fa\u021ba locului o component\u0103 principal\u0103 a sta\u021biei de epurare de pe strada Valea Pas\u0103rea, de peste drum de aeroport: mecanismul de pompare, adic\u0103 \u201cinima\u201d instala\u021biei.<\/p>\n\n\n\n<figure class=\"wp-block-image size-large is-resized\"><img fetchpriority=\"high\" decoding=\"async\" src=\"data:image\/gif;base64,R0lGODlhAQABAAAAACH5BAEKAAEALAAAAAABAAEAAAICTAEAOw==\" data-src=\"https:\/\/buletin.de\/bucuresti\/wp-content\/uploads\/statie-de-epurare-900x411.jpg\" alt=\"\" class=\"wp-image-46289 lazyload\" style=\"width:840px;height:383px\" width=\"840\" height=\"383\" data-sizes=\"auto\" data-srcset=\"https:\/\/buletin.de\/bucuresti\/wp-content\/uploads\/statie-de-epurare-900x411.jpg 900w, https:\/\/buletin.de\/bucuresti\/wp-content\/uploads\/statie-de-epurare-300x137.jpg 300w, https:\/\/buletin.de\/bucuresti\/wp-content\/uploads\/statie-de-epurare-768x351.jpg 768w, https:\/\/buletin.de\/bucuresti\/wp-content\/uploads\/statie-de-epurare-1060x484.jpg 1060w, https:\/\/buletin.de\/bucuresti\/wp-content\/uploads\/statie-de-epurare-550x251.jpg 550w, https:\/\/buletin.de\/bucuresti\/wp-content\/uploads\/statie-de-epurare-1095x500.jpg 1095w, https:\/\/buletin.de\/bucuresti\/wp-content\/uploads\/statie-de-epurare-600x274.jpg 600w, https:\/\/buletin.de\/bucuresti\/wp-content\/uploads\/statie-de-epurare.jpg 1205w\" sizes=\"(max-width: 840px) 100vw, 840px\" \/><figcaption class=\"wp-element-caption\"><em>Extras din Sinteza Ac\u021biunii de Audit a Camerei de Conturi Ilfov din 2017.<\/em><\/figcaption><\/figure>\n\n\n\n<p>Dup\u0103 modelul din 2016, inspectorii mai descoper\u0103 \u0219i o factur\u0103 t\u0103iat\u0103 \u0219i pl\u0103tit\u0103 pentru capacele \u0219i ramele aferente lucr\u0103rilor la sistemul de canalizare din cartierul Od\u0103i. Prin compara\u021bie cu milioanele decontate afaceristului Nelu Iordache, \u00een acest caz este vorba despre 30 000 de euro.<\/p>\n\n\n\n<figure class=\"wp-block-image size-large\"><img decoding=\"async\" width=\"900\" height=\"443\" src=\"data:image\/gif;base64,R0lGODlhAQABAAAAACH5BAEKAAEALAAAAAABAAEAAAICTAEAOw==\" data-src=\"https:\/\/buletin.de\/bucuresti\/wp-content\/uploads\/capace-de-canalizare-900x443.jpg\" alt=\"\" class=\"wp-image-46290 lazyload\" data-sizes=\"auto\" data-srcset=\"https:\/\/buletin.de\/bucuresti\/wp-content\/uploads\/capace-de-canalizare-900x443.jpg 900w, https:\/\/buletin.de\/bucuresti\/wp-content\/uploads\/capace-de-canalizare-300x148.jpg 300w, https:\/\/buletin.de\/bucuresti\/wp-content\/uploads\/capace-de-canalizare-768x378.jpg 768w, https:\/\/buletin.de\/bucuresti\/wp-content\/uploads\/capace-de-canalizare-1060x522.jpg 1060w, https:\/\/buletin.de\/bucuresti\/wp-content\/uploads\/capace-de-canalizare-550x271.jpg 550w, https:\/\/buletin.de\/bucuresti\/wp-content\/uploads\/capace-de-canalizare-1016x500.jpg 1016w, https:\/\/buletin.de\/bucuresti\/wp-content\/uploads\/capace-de-canalizare-600x295.jpg 600w, https:\/\/buletin.de\/bucuresti\/wp-content\/uploads\/capace-de-canalizare.jpg 1201w\" sizes=\"(max-width: 900px) 100vw, 900px\" \/><figcaption class=\"wp-element-caption\"><em>Extras din Sinteza Ac\u021biunii de Audit a Camerei de Conturi Ilfov din 2017.<\/em><\/figcaption><\/figure>\n\n\n\n<h2 class=\"wp-block-heading\">&#8220;<strong>Solu\u021bia&#8221; lui Gheorghe<\/strong><\/h2>\n\n\n\n<p>Cu un sistem de canalizare subdimensionat \u0219i cu investi\u021bii critice deturnate, liberalul Silviu Constantin Gheorghe apeleaz\u0103 la o solu\u021bie simpl\u0103: deversarea direct \u00een natur\u0103 a apelor fecaloid menajere, \u00een inima localit\u0103\u021bii. Iar acest lucru este asumat \u00een mod oficial.<\/p>\n\n\n\n<p>\u201c<em>Apele uzate menajere \u00een amestec cu cele meteorice sunt evacuate \u00een canalul de desecare CC III(nr. &#8211; \u00een zona str\u0103zii \u021aibles) printr-o conduct\u0103 de o\u021bel de  400 mm, \u00een lungime de 350m<\/em>\u201d, se arat\u0103 \u00een Raportul de Mediu la Plan Urbanistic General al ora\u0219ului Otopeni.<\/p>\n\n\n\n<figure class=\"wp-block-image size-large\"><img decoding=\"async\" width=\"900\" height=\"459\" src=\"data:image\/gif;base64,R0lGODlhAQABAAAAACH5BAEKAAEALAAAAAABAAEAAAICTAEAOw==\" data-src=\"https:\/\/buletin.de\/bucuresti\/wp-content\/uploads\/canal-CC-III-900x459.jpg\" alt=\"\" class=\"wp-image-46292 lazyload\" data-sizes=\"auto\" data-srcset=\"https:\/\/buletin.de\/bucuresti\/wp-content\/uploads\/canal-CC-III-900x459.jpg 900w, https:\/\/buletin.de\/bucuresti\/wp-content\/uploads\/canal-CC-III-300x153.jpg 300w, https:\/\/buletin.de\/bucuresti\/wp-content\/uploads\/canal-CC-III-768x392.jpg 768w, https:\/\/buletin.de\/bucuresti\/wp-content\/uploads\/canal-CC-III-1536x783.jpg 1536w, https:\/\/buletin.de\/bucuresti\/wp-content\/uploads\/canal-CC-III-1060x541.jpg 1060w, https:\/\/buletin.de\/bucuresti\/wp-content\/uploads\/canal-CC-III-550x281.jpg 550w, https:\/\/buletin.de\/bucuresti\/wp-content\/uploads\/canal-CC-III-980x500.jpg 980w, https:\/\/buletin.de\/bucuresti\/wp-content\/uploads\/canal-CC-III-1920x979.jpg 1920w, https:\/\/buletin.de\/bucuresti\/wp-content\/uploads\/canal-CC-III-600x306.jpg 600w, https:\/\/buletin.de\/bucuresti\/wp-content\/uploads\/canal-CC-III.jpg 2000w\" sizes=\"(max-width: 900px) 100vw, 900px\" \/><figcaption class=\"wp-element-caption\"><em>Traseul Canalului Colector III, aflat \u00een administrarea Agen\u021biei Na\u021bionale de \u00cembun\u0103t\u0103\u021biri Funciare \u0219i punctele oficiale de deversare a apelor din re\u021beaua de canalizare a ora\u0219ului Otopeni.&nbsp;&nbsp;<\/em><\/figcaption><\/figure>\n\n\n\n<p>Canalului Colector III a fost s\u0103pat \u00een anii \u201970 pentru a drena apa \u00een exces din Nordul ml\u0103\u0219tinos al Capitalei. Inginerii au g\u00e2ndit ca surplusul s\u0103 fie preluat de R\u00e2ul Pas\u0103rea, un afluent direct al R\u00e2ului D\u00e2mbovi\u021ba care str\u0103bate aproape 10 localit\u0103\u021bi \u0219i care alimenteaz\u0103 acviferul din zon\u0103. <\/p>\n\n\n\n<figure class=\"wp-block-image size-large\"><img loading=\"lazy\" decoding=\"async\" width=\"900\" height=\"583\" src=\"data:image\/gif;base64,R0lGODlhAQABAAAAACH5BAEKAAEALAAAAAABAAEAAAICTAEAOw==\" data-src=\"https:\/\/buletin.de\/bucuresti\/wp-content\/uploads\/curs-raul-pasarea-900x583.jpg\" alt=\"\" class=\"wp-image-45073 lazyload\" data-sizes=\"auto\" data-srcset=\"https:\/\/buletin.de\/bucuresti\/wp-content\/uploads\/curs-raul-pasarea-900x583.jpg 900w, https:\/\/buletin.de\/bucuresti\/wp-content\/uploads\/curs-raul-pasarea-300x194.jpg 300w, https:\/\/buletin.de\/bucuresti\/wp-content\/uploads\/curs-raul-pasarea-768x498.jpg 768w, https:\/\/buletin.de\/bucuresti\/wp-content\/uploads\/curs-raul-pasarea-1536x996.jpg 1536w, https:\/\/buletin.de\/bucuresti\/wp-content\/uploads\/curs-raul-pasarea-1060x687.jpg 1060w, https:\/\/buletin.de\/bucuresti\/wp-content\/uploads\/curs-raul-pasarea-550x357.jpg 550w, https:\/\/buletin.de\/bucuresti\/wp-content\/uploads\/curs-raul-pasarea-771x500.jpg 771w, https:\/\/buletin.de\/bucuresti\/wp-content\/uploads\/curs-raul-pasarea-600x389.jpg 600w, https:\/\/buletin.de\/bucuresti\/wp-content\/uploads\/curs-raul-pasarea.jpg 1555w\" sizes=\"(max-width: 900px) 100vw, 900px\" \/><figcaption class=\"wp-element-caption\"><em>Cursul R\u00e2ului Pas\u0103rea, de la izvoare p\u00e2n\u0103 la v\u0103rsare.<\/em><\/figcaption><\/figure>\n\n\n\n<p>Pe l\u00e2ng\u0103 mirosurile insuportabile \u0219i poluarea p\u00e2nzei freatice, pe lacurile din aval ale V\u0103ii Pas\u0103rea sunt \u00eenregistrate frecvent episoade de mortalitate piscicol\u0103, ultimul av\u00e2nd loc \u00een urm\u0103 cu aproximativ o lun\u0103, despre care Buletin de Bucure\u0219ti a relatat <a href=\"https:\/\/buletin.de\/bucuresti\/video-dezastru-ecologic-la-tunari-sute-de-pesti-morti-pe-raul-pasarea-in-aval-de-statia-de-epurare-din-otopeni\/\">aici<\/a>.<\/p>\n\n\n\n<div class=\"infogram-embed\" data-id=\"3cf3e609-13c0-45b0-97ee-7692ded2fa1d\" data-type=\"interactive\" data-title=\"Deversari Otopeni Raul Pasarea\"><\/div><script>!function(e,i,n,s){var t=\"InfogramEmbeds\",d=e.getElementsByTagName(\"script\")[0];if(window[t]&&window[t].initialized)window[t].process&&window[t].process();else if(!e.getElementById(n)){var o=e.createElement(\"script\");o.async=1,o.id=n,o.src=\"https:\/\/e.infogram.com\/js\/dist\/embed-loader-min.js\",d.parentNode.insertBefore(o,d)}}(document,0,\"infogram-async\");<\/script>\n\n\n\n<p><\/p>\n\n\n\n<p>Descinderea procurorilor DNA la prim\u0103ria condus\u0103 de 26 de ani de liberalul Silviu Gheorghe au vizat fix investi\u021biile \u00een re\u021beaua de ap\u0103 \u0219i canal. Prejudiciul estimat se ridic\u0103 la peste 7 milioane de euro, potrivit <a href=\"http:\/\/g4media.ro\">G4media<\/a>.<\/p>\n\n\n\n<h2 class=\"wp-block-heading\"><strong>Dosarul &#8220;fantom\u0103&#8221; la Buftea<\/strong><\/h2>\n\n\n\n<p>Cercet\u0103rile de la Prim\u0103ria Otopeni vin pe fondului verific\u0103rilor \u00een ritm de melc ale procurorilor din Buftea, \u00eentr-o spe\u021b\u0103 din acela\u0219i registru. <\/p>\n\n\n\n<figure class=\"wp-block-image size-large\"><img loading=\"lazy\" decoding=\"async\" width=\"900\" height=\"713\" src=\"data:image\/gif;base64,R0lGODlhAQABAAAAACH5BAEKAAEALAAAAAABAAEAAAICTAEAOw==\" data-src=\"https:\/\/buletin.de\/bucuresti\/wp-content\/uploads\/parchet-tribunal-900x713.jpg\" alt=\"\" class=\"wp-image-46235 lazyload\" data-sizes=\"auto\" data-srcset=\"https:\/\/buletin.de\/bucuresti\/wp-content\/uploads\/parchet-tribunal-900x713.jpg 900w, https:\/\/buletin.de\/bucuresti\/wp-content\/uploads\/parchet-tribunal-300x238.jpg 300w, https:\/\/buletin.de\/bucuresti\/wp-content\/uploads\/parchet-tribunal-768x608.jpg 768w, https:\/\/buletin.de\/bucuresti\/wp-content\/uploads\/parchet-tribunal-550x436.jpg 550w, https:\/\/buletin.de\/bucuresti\/wp-content\/uploads\/parchet-tribunal-631x500.jpg 631w, https:\/\/buletin.de\/bucuresti\/wp-content\/uploads\/parchet-tribunal-600x475.jpg 600w, https:\/\/buletin.de\/bucuresti\/wp-content\/uploads\/parchet-tribunal.jpg 943w\" sizes=\"(max-width: 900px) 100vw, 900px\" \/><\/figure>\n\n\n\n<p>De\u0219i pl\u00e2ngerea penal\u0103 a inspectorilor de la Apele Rom\u00e2ne pentru poluarea de la sta\u021bia de epurare subdimensionat\u0103 a ora\u0219ului a fost \u00eenregistrat\u0103 \u00een 2019, dosarul a fost transferat recent de la Parchetul de pe l\u00e2ng\u0103 Judec\u0103toria Buftea, la cel de pe l\u00e2ng\u0103 Tribunalul Buftea, institu\u021bie aflat\u0103 la 400 de metri distan\u021b\u0103. <\/p>\n\n\n\n<figure class=\"wp-block-image size-large\"><img loading=\"lazy\" decoding=\"async\" width=\"900\" height=\"486\" src=\"data:image\/gif;base64,R0lGODlhAQABAAAAACH5BAEKAAEALAAAAAABAAEAAAICTAEAOw==\" data-src=\"https:\/\/buletin.de\/bucuresti\/wp-content\/uploads\/apa-900x486.jpg\" alt=\"\" class=\"wp-image-46309 lazyload\" data-sizes=\"auto\" data-srcset=\"https:\/\/buletin.de\/bucuresti\/wp-content\/uploads\/apa-900x486.jpg 900w, https:\/\/buletin.de\/bucuresti\/wp-content\/uploads\/apa-300x162.jpg 300w, https:\/\/buletin.de\/bucuresti\/wp-content\/uploads\/apa-768x415.jpg 768w, https:\/\/buletin.de\/bucuresti\/wp-content\/uploads\/apa-1536x830.jpg 1536w, https:\/\/buletin.de\/bucuresti\/wp-content\/uploads\/apa-2048x1107.jpg 2048w, https:\/\/buletin.de\/bucuresti\/wp-content\/uploads\/apa-1060x573.jpg 1060w, https:\/\/buletin.de\/bucuresti\/wp-content\/uploads\/apa-550x297.jpg 550w, https:\/\/buletin.de\/bucuresti\/wp-content\/uploads\/apa-925x500.jpg 925w, https:\/\/buletin.de\/bucuresti\/wp-content\/uploads\/apa-1920x1038.jpg 1920w, https:\/\/buletin.de\/bucuresti\/wp-content\/uploads\/apa-1999x1080.jpg 1999w, https:\/\/buletin.de\/bucuresti\/wp-content\/uploads\/apa-600x324.jpg 600w\" sizes=\"(max-width: 900px) 100vw, 900px\" \/><figcaption class=\"wp-element-caption\"><em>C\u0103lug\u0103rul de deversare al sta\u021biei de epurare din strada Transilvaniei. Imagine din 28 iulie 2022.<\/em><\/figcaption><\/figure>\n\n\n\n<p>\u0218i la aceast\u0103 or\u0103 procurorii cerceteaz\u0103 dac\u0103 s-a petrecut fapta, adic\u0103 dac\u0103 Prim\u0103ria din Otopeni a deversat ape fecaloid-menajere \u00een canalul care alimenteaz\u0103 R\u00e2ul Pas\u0103rea.<\/p>\n\n\n\n<p><\/p>\n\n\n\n<h2 class=\"wp-block-heading\">Canalizare deficitar\u0103 pe credit?<\/h2>\n\n\n\n<p>\u00cen coresponden\u021ba oficial\u0103 cu Apele Rom\u00e2ne, prim\u0103ria condus\u0103 de Silviu Constantin Gheorghe sus\u021bine c\u0103 nu dispune de fonduri pentru extinderea capacit\u0103\u021bilor de epurare. \u00cen realitate, localitatea se afl\u0103 \u00een topul comunit\u0103\u021bilor cu cel mai mare PIB per capita din \u021bar\u0103. <\/p>\n\n\n\n<p>La asta se adaug\u0103 \u0219i un buget de <strong>36 de milioane de euro anual<\/strong>, venituri care provin \u00een principal din taxele pl\u0103tite de aeroportul Henri Coand\u0103 \u0219i industria care s-a dezvoltat natural datorit\u0103 Centurii Capitalei \u0219i a Drumului Na\u021bional 1. <\/p>\n\n\n\n<p>Prin compara\u021bie, ora\u0219ul M\u0103gurele, aflat la polul opus, \u00een Sudul capitalei, \u0219i cu o popula\u021bie similar\u0103, are un buget de <strong>7 milioane de euro.<\/strong><\/p>\n\n\n\n<p>Potrivit execu\u021biei bugetare pe 2021 a Otopeniului, canalizarea ora\u0219ului a \u00eensemnat 2,6 milioane de euro. Aproape jum\u0103tate din bani, 1,2 milioane de euro s-au dus pe \u201c<strong>Ramburs\u0103ri de credite aferente datoriei publice interne&nbsp; locale<\/strong>\u201d.<\/p>\n\n\n\n<p>Asta \u00een timp ce \u00eentre\u021binerea parcurilor a costat peste dou\u0103 milioane de euro, Clubul Sportiv 850 de mii de euro, ajutoarele sociale 1,4 milioane de euro iar func\u021bionarea Primariei, cu \u00eentreg aparatul administrativ, peste 5 milioane de euro.<\/p>\n\n\n\n<h2 class=\"wp-block-heading\"><strong>\u00cen lumea lui Gheorghe<\/strong><\/h2>\n\n\n\n<p>De altfel, despre investi\u021biile prioritare ale edilului din Otopeni afl\u0103m periodic dintr-o produc\u021bie de propagand\u0103, pl\u0103tit\u0103 din bani publici, intitulat\u0103 \u201cJurnal de Otopeni\u201d. <a href=\"https:\/\/buletin.de\/bucuresti\/in-pandemie-primaria-otopeni-a-dat-sute-de-mii-de-lei-unor-firme-cu-conexiuni-politice-principalul-beneficiar-primarul-chitila\/\">Buletin de Bucure\u0219ti a dezv\u0103luit \u00een august 2020<\/a> c\u0103 doar website-ul jurnaluldeotopeni.ro a costat aproape 5.000 de euro \u0219i c\u0103 a reprezentat o prioritate, \u00een perioada st\u0103rii de urgen\u021b\u0103 aferent\u0103 pandemiei de Covid-19, pentru Prim\u0103ria Otopeni.&nbsp;&nbsp;<\/p>\n\n\n\n<iframe width=\"560\" height=\"315\" src=\"https:\/\/www.youtube.com\/embed\/jDhBl3e41n8\" title=\"YouTube video player\" frameborder=\"0\" allow=\"accelerometer; autoplay; clipboard-write; encrypted-media; gyroscope; picture-in-picture\" allowfullscreen=\"\"><\/iframe>\n\n\n\n<p><\/p>\n\n\n\n<p>\u00cen cadrul montajelor video sunt prezentate lucr\u0103ri de alimentare cu apa \u201cspectaculoase\u201d, \u201culuitoarele transform\u0103ri\u201d ale ora\u0219ului, ori pia\u021ba \u201cultramodern\u0103\u201d a Otopeniul care, \u00een fapt, este o pia\u021b\u0103 normal\u0103 ce func\u021bioneaz\u0103 \u00eentr-un spa\u021biu \u00eenchis.<\/p>\n\n\n\n<p>Serviciile de propagand\u0103 sunt prestate de M\u0103d\u0103lin Ionescu, fost prezentator al unei emisiuni de cancan. Acesta este \u0219i gazda unei emisiuni de sear\u0103 la Metropola TV, televiziune care func\u021bioneaz\u0103 cu bani de la bugetul local al ora\u0219ului Voluntari \u0219i controlat\u0103 de primarul Florentin Pandele \u0219i <a href=\"https:\/\/buletin.de\/bucuresti\/pandele-pluseaza-la-rectificarea-bugetara-inca-5-milioane-de-lei-pentru-fc-voluntari-si-metropola-tv\/\">care de cur\u00e2nd a primit bani \u00een plus \u00een urma rectific\u0103rii de buget.&nbsp;&nbsp;<\/a><\/p>\n\n\n\n<iframe width=\"560\" height=\"315\" src=\"https:\/\/www.youtube.com\/embed\/B7eztAO1s6g\" title=\"YouTube video player\" frameborder=\"0\" allow=\"accelerometer; autoplay; clipboard-write; encrypted-media; gyroscope; picture-in-picture\" allowfullscreen=\"\"><\/iframe>\n\n\n\n<p>Buletin de Bucure\u0219ti s-a adresat \u00een scris secretariatului Prim\u0103riei Otopeni cu privire la un punct de vedere al edilului Silviu Constantin Gheorghe \u00een legatur\u0103 cu descinderile procurorilor DNA. P\u00e2n\u0103 la ora public\u0103rii articolului nu am primit niciun r\u0103spuns.<\/p>\n\n\n\n<p>CITE\u0218TE \u0218I<\/p>\n\n\n\n<figure class=\"wp-block-embed is-type-wp-embed is-provider-buletin-de-bucure\u0219ti wp-block-embed-buletin-de-bucure\u0219ti\"><div class=\"wp-block-embed__wrapper\">\n<blockquote class=\"wp-embedded-content\" data-secret=\"Liv8GFid3O\"><a href=\"https:\/\/buletin.de\/bucuresti\/video-dezastru-ecologic-la-tunari-sute-de-pesti-morti-pe-raul-pasarea-in-aval-de-statia-de-epurare-din-otopeni\/\">VIDEO | Dezastru ecologic la Tunari. Sute de pe\u0219ti mor\u021bi pe R\u00e2ul Pas\u0103rea, \u00een aval de sta\u021bia de epurare din Otopeni<\/a><\/blockquote><iframe class=\"wp-embedded-content\" sandbox=\"allow-scripts\" security=\"restricted\" style=\"position: absolute; clip: rect(1px, 1px, 1px, 1px);\" title=\"&#8222;VIDEO | Dezastru ecologic la Tunari. Sute de pe\u0219ti mor\u021bi pe R\u00e2ul Pas\u0103rea, \u00een aval de sta\u021bia de epurare din Otopeni&#8221; &#8212; Buletin de Bucure\u0219ti\" src=\"https:\/\/buletin.de\/bucuresti\/video-dezastru-ecologic-la-tunari-sute-de-pesti-morti-pe-raul-pasarea-in-aval-de-statia-de-epurare-din-otopeni\/embed\/#?secret=YmTUFxcxoz#?secret=Liv8GFid3O\" data-secret=\"Liv8GFid3O\" width=\"600\" height=\"338\" frameborder=\"0\" marginwidth=\"0\" marginheight=\"0\" scrolling=\"no\"><\/iframe>\n<\/div><\/figure>\n\n\n\n<figure class=\"wp-block-embed is-type-wp-embed is-provider-buletin-de-bucure\u0219ti wp-block-embed-buletin-de-bucure\u0219ti\"><div class=\"wp-block-embed__wrapper\">\n<blockquote class=\"wp-embedded-content\" data-secret=\"PQ9LEz2qwf\"><a href=\"https:\/\/buletin.de\/bucuresti\/editorial-cnezatul-faradelegilor-de-langa-bucuresti-de-le-sectorul-0-din-mogosoaia-la-kilometrul-0-al-coruptiei-din-romania\/\">EDITORIAL | Cnezatul f\u0103r\u0103delegilor de l\u00e2ng\u0103 Bucure\u015fti. De le \u201eSectorul 0\u201d din Mogo\u015foaia, la \u201eKilometrul 0\u201d al corup\u021biei din Rom\u00e2nia<\/a><\/blockquote><iframe class=\"wp-embedded-content\" sandbox=\"allow-scripts\" security=\"restricted\" style=\"position: absolute; clip: rect(1px, 1px, 1px, 1px);\" title=\"&#8222;EDITORIAL | Cnezatul f\u0103r\u0103delegilor de l\u00e2ng\u0103 Bucure\u015fti. De le \u201eSectorul 0\u201d din Mogo\u015foaia, la \u201eKilometrul 0\u201d al corup\u021biei din Rom\u00e2nia&#8221; &#8212; Buletin de Bucure\u0219ti\" src=\"https:\/\/buletin.de\/bucuresti\/editorial-cnezatul-faradelegilor-de-langa-bucuresti-de-le-sectorul-0-din-mogosoaia-la-kilometrul-0-al-coruptiei-din-romania\/embed\/#?secret=POsUGj81ek#?secret=PQ9LEz2qwf\" data-secret=\"PQ9LEz2qwf\" width=\"600\" height=\"338\" frameborder=\"0\" marginwidth=\"0\" marginheight=\"0\" scrolling=\"no\"><\/iframe>\n<\/div><\/figure>\n","protected":false},"excerpt":{"rendered":"<p>Dezastrul urbanistic \u00een materie de re\u021bele edilitare din Otopeni este vizat de procurorii DNA care au descins, \u00een premier\u0103, la prim\u0103ria din localitate. Ora\u0219ul este condus, din 1996, de liberalul Silviu Constantin Gheorghe \u0219i, \u00een ciuda faptului c\u0103 aici se \u00eenregistreaz\u0103 unul dintre cele mai mari PIB-uri per capita din \u021bar\u0103, apele fecaloid-menajere sunt deversate [&hellip;]<\/p>\n","protected":false},"author":10,"featured_media":46293,"comment_status":"closed","ping_status":"open","sticky":false,"template":"","format":"standard","meta":{"_acf_changed":false,"inline_featured_image":false,"ngg_post_thumbnail":0,"footnotes":""},"categories":[1432,62],"tags":[1510,4558,1101,750,132,4391,1722],"ppma_author":[22575],"class_list":["post-46288","post","type-post","status-publish","format-standard","has-post-thumbnail","hentry","category-buletin-de-ilfov","category-stiri","tag-deversari","tag-gheorghe","tag-investitii","tag-otopeni","tag-poluare","tag-raul-pasarea","tag-statie-de-epurare"],"acf":[],"yoast_head":"<!-- This site is optimized with the Yoast SEO Premium plugin v25.3 (Yoast SEO v27.4) - https:\/\/yoast.com\/product\/yoast-seo-premium-wordpress\/ -->\n<title>\u201cTunurile\u201d ur\u00e2t mirositoare ale primarului din Otopeni: de la capace de canalizare disp\u0103rute \u00een acte, p\u00e2n\u0103 la sta\u021bii de epurare pl\u0103tite \u0219i neexecutate - Buletin de Bucure\u0219ti<\/title>\n<meta name=\"robots\" content=\"index, follow, max-snippet:-1, max-image-preview:large, max-video-preview:-1\" \/>\n<link rel=\"canonical\" href=\"https:\/\/buletin.de\/bucuresti\/tunurile-urat-mirositoare-ale-primarului-din-otopeni-de-la-capace-de-canalizare-disparute-in-acte-pana-la-statii-de-epurare-platite-si-neexecutate\/\" \/>\n<meta property=\"og:locale\" content=\"en_GB\" \/>\n<meta property=\"og:type\" content=\"article\" \/>\n<meta property=\"og:title\" content=\"\u201cTunurile\u201d ur\u00e2t mirositoare ale primarului din Otopeni: de la capace de canalizare disp\u0103rute \u00een acte, p\u00e2n\u0103 la sta\u021bii de epurare pl\u0103tite \u0219i neexecutate\" \/>\n<meta property=\"og:description\" content=\"Dezastrul urbanistic \u00een materie de re\u021bele edilitare din Otopeni este vizat de procurorii DNA care au descins, \u00een premier\u0103, la prim\u0103ria din localitate. Ora\u0219ul este condus, din 1996, de liberalul Silviu Constantin Gheorghe \u0219i, \u00een ciuda faptului c\u0103 aici se \u00eenregistreaz\u0103 unul dintre cele mai mari PIB-uri per capita din \u021bar\u0103, apele fecaloid-menajere sunt deversate [&hellip;]\" \/>\n<meta property=\"og:url\" content=\"https:\/\/buletin.de\/bucuresti\/tunurile-urat-mirositoare-ale-primarului-din-otopeni-de-la-capace-de-canalizare-disparute-in-acte-pana-la-statii-de-epurare-platite-si-neexecutate\/\" \/>\n<meta property=\"og:site_name\" content=\"Buletin de Bucure\u0219ti\" \/>\n<meta property=\"article:publisher\" content=\"https:\/\/www.facebook.com\/buletin.de.buc\" \/>\n<meta property=\"article:published_time\" content=\"2022-09-14T14:57:49+00:00\" \/>\n<meta property=\"article:modified_time\" content=\"2023-09-19T13:31:25+00:00\" \/>\n<meta property=\"og:image\" content=\"https:\/\/buletin.de\/bucuresti\/wp-content\/uploads\/deversari-otopeni-1.jpg\" \/>\n\t<meta property=\"og:image:width\" content=\"2000\" \/>\n\t<meta property=\"og:image:height\" content=\"941\" \/>\n\t<meta property=\"og:image:type\" content=\"image\/jpeg\" \/>\n<meta name=\"author\" content=\"C\u0103t\u0103lin Dosca\u0219\" \/>\n<meta name=\"twitter:card\" content=\"summary_large_image\" \/>\n<meta name=\"twitter:label1\" content=\"Written by\" \/>\n\t<meta name=\"twitter:data1\" content=\"C\u0103t\u0103lin Dosca\u0219\" \/>\n\t<meta name=\"twitter:label2\" content=\"Estimated reading time\" \/>\n\t<meta name=\"twitter:data2\" content=\"6 minutes\" \/>\n<script type=\"application\/ld+json\" class=\"yoast-schema-graph\">{\"@context\":\"https:\\\/\\\/schema.org\",\"@graph\":[{\"@type\":\"Article\",\"@id\":\"https:\\\/\\\/buletin.de\\\/bucuresti\\\/tunurile-urat-mirositoare-ale-primarului-din-otopeni-de-la-capace-de-canalizare-disparute-in-acte-pana-la-statii-de-epurare-platite-si-neexecutate\\\/#article\",\"isPartOf\":{\"@id\":\"https:\\\/\\\/buletin.de\\\/bucuresti\\\/tunurile-urat-mirositoare-ale-primarului-din-otopeni-de-la-capace-de-canalizare-disparute-in-acte-pana-la-statii-de-epurare-platite-si-neexecutate\\\/\"},\"author\":{\"name\":\"C\u0103t\u0103lin Dosca\u0219\",\"@id\":\"https:\\\/\\\/buletin.de\\\/bucuresti\\\/#\\\/schema\\\/person\\\/31117187ed4d0bdb0a4c7d6acc79d0f8\"},\"headline\":\"\u201cTunurile\u201d ur\u00e2t mirositoare ale primarului din Otopeni: de la capace de canalizare disp\u0103rute \u00een acte, p\u00e2n\u0103 la sta\u021bii de epurare pl\u0103tite \u0219i neexecutate\",\"datePublished\":\"2022-09-14T14:57:49+00:00\",\"dateModified\":\"2023-09-19T13:31:25+00:00\",\"mainEntityOfPage\":{\"@id\":\"https:\\\/\\\/buletin.de\\\/bucuresti\\\/tunurile-urat-mirositoare-ale-primarului-din-otopeni-de-la-capace-de-canalizare-disparute-in-acte-pana-la-statii-de-epurare-platite-si-neexecutate\\\/\"},\"wordCount\":1258,\"publisher\":{\"@id\":\"https:\\\/\\\/buletin.de\\\/bucuresti\\\/#organization\"},\"image\":{\"@id\":\"https:\\\/\\\/buletin.de\\\/bucuresti\\\/tunurile-urat-mirositoare-ale-primarului-din-otopeni-de-la-capace-de-canalizare-disparute-in-acte-pana-la-statii-de-epurare-platite-si-neexecutate\\\/#primaryimage\"},\"thumbnailUrl\":\"https:\\\/\\\/buletin.de\\\/bucuresti\\\/wp-content\\\/uploads\\\/deversari-otopeni-1.jpg\",\"keywords\":[\"deversari\",\"gheorghe\",\"investitii\",\"otopeni\",\"poluare\",\"raul pasarea\",\"statie de epurare\"],\"articleSection\":[\"Buletin de Ilfov\",\"\u0218tiri\"],\"inLanguage\":\"en-GB\",\"copyrightYear\":\"2022\",\"copyrightHolder\":{\"@id\":\"https:\\\/\\\/buletin.de\\\/bucuresti\\\/#organization\"}},{\"@type\":\"WebPage\",\"@id\":\"https:\\\/\\\/buletin.de\\\/bucuresti\\\/tunurile-urat-mirositoare-ale-primarului-din-otopeni-de-la-capace-de-canalizare-disparute-in-acte-pana-la-statii-de-epurare-platite-si-neexecutate\\\/\",\"url\":\"https:\\\/\\\/buletin.de\\\/bucuresti\\\/tunurile-urat-mirositoare-ale-primarului-din-otopeni-de-la-capace-de-canalizare-disparute-in-acte-pana-la-statii-de-epurare-platite-si-neexecutate\\\/\",\"name\":\"\u201cTunurile\u201d ur\u00e2t mirositoare ale primarului din Otopeni: de la capace de canalizare disp\u0103rute \u00een acte, p\u00e2n\u0103 la sta\u021bii de epurare pl\u0103tite \u0219i neexecutate - Buletin de Bucure\u0219ti\",\"isPartOf\":{\"@id\":\"https:\\\/\\\/buletin.de\\\/bucuresti\\\/#website\"},\"primaryImageOfPage\":{\"@id\":\"https:\\\/\\\/buletin.de\\\/bucuresti\\\/tunurile-urat-mirositoare-ale-primarului-din-otopeni-de-la-capace-de-canalizare-disparute-in-acte-pana-la-statii-de-epurare-platite-si-neexecutate\\\/#primaryimage\"},\"image\":{\"@id\":\"https:\\\/\\\/buletin.de\\\/bucuresti\\\/tunurile-urat-mirositoare-ale-primarului-din-otopeni-de-la-capace-de-canalizare-disparute-in-acte-pana-la-statii-de-epurare-platite-si-neexecutate\\\/#primaryimage\"},\"thumbnailUrl\":\"https:\\\/\\\/buletin.de\\\/bucuresti\\\/wp-content\\\/uploads\\\/deversari-otopeni-1.jpg\",\"datePublished\":\"2022-09-14T14:57:49+00:00\",\"dateModified\":\"2023-09-19T13:31:25+00:00\",\"breadcrumb\":{\"@id\":\"https:\\\/\\\/buletin.de\\\/bucuresti\\\/tunurile-urat-mirositoare-ale-primarului-din-otopeni-de-la-capace-de-canalizare-disparute-in-acte-pana-la-statii-de-epurare-platite-si-neexecutate\\\/#breadcrumb\"},\"inLanguage\":\"en-GB\",\"potentialAction\":[{\"@type\":\"ReadAction\",\"target\":[\"https:\\\/\\\/buletin.de\\\/bucuresti\\\/tunurile-urat-mirositoare-ale-primarului-din-otopeni-de-la-capace-de-canalizare-disparute-in-acte-pana-la-statii-de-epurare-platite-si-neexecutate\\\/\"]}]},{\"@type\":\"ImageObject\",\"inLanguage\":\"en-GB\",\"@id\":\"https:\\\/\\\/buletin.de\\\/bucuresti\\\/tunurile-urat-mirositoare-ale-primarului-din-otopeni-de-la-capace-de-canalizare-disparute-in-acte-pana-la-statii-de-epurare-platite-si-neexecutate\\\/#primaryimage\",\"url\":\"https:\\\/\\\/buletin.de\\\/bucuresti\\\/wp-content\\\/uploads\\\/deversari-otopeni-1.jpg\",\"contentUrl\":\"https:\\\/\\\/buletin.de\\\/bucuresti\\\/wp-content\\\/uploads\\\/deversari-otopeni-1.jpg\",\"width\":2000,\"height\":941},{\"@type\":\"BreadcrumbList\",\"@id\":\"https:\\\/\\\/buletin.de\\\/bucuresti\\\/tunurile-urat-mirositoare-ale-primarului-din-otopeni-de-la-capace-de-canalizare-disparute-in-acte-pana-la-statii-de-epurare-platite-si-neexecutate\\\/#breadcrumb\",\"itemListElement\":[{\"@type\":\"ListItem\",\"position\":1,\"name\":\"Acas\u0103\",\"item\":\"https:\\\/\\\/buletin.de\\\/bucuresti\\\/\"},{\"@type\":\"ListItem\",\"position\":2,\"name\":\"\u201cTunurile\u201d ur\u00e2t mirositoare ale primarului din Otopeni: de la capace de canalizare disp\u0103rute \u00een acte, p\u00e2n\u0103 la sta\u021bii de epurare pl\u0103tite \u0219i neexecutate\"}]},{\"@type\":\"WebSite\",\"@id\":\"https:\\\/\\\/buletin.de\\\/bucuresti\\\/#website\",\"url\":\"https:\\\/\\\/buletin.de\\\/bucuresti\\\/\",\"name\":\"Buletin de Bucure\u0219ti\",\"description\":\"\u0218tiri \u0219i investiga\u021bii esen\u021biale din capital\u0103\",\"publisher\":{\"@id\":\"https:\\\/\\\/buletin.de\\\/bucuresti\\\/#organization\"},\"potentialAction\":[{\"@type\":\"SearchAction\",\"target\":{\"@type\":\"EntryPoint\",\"urlTemplate\":\"https:\\\/\\\/buletin.de\\\/bucuresti\\\/?s={search_term_string}\"},\"query-input\":{\"@type\":\"PropertyValueSpecification\",\"valueRequired\":true,\"valueName\":\"search_term_string\"}}],\"inLanguage\":\"en-GB\"},{\"@type\":\"Organization\",\"@id\":\"https:\\\/\\\/buletin.de\\\/bucuresti\\\/#organization\",\"name\":\"Buletin de Bucure\u0219ti\",\"url\":\"https:\\\/\\\/buletin.de\\\/bucuresti\\\/\",\"logo\":{\"@type\":\"ImageObject\",\"inLanguage\":\"en-GB\",\"@id\":\"https:\\\/\\\/buletin.de\\\/bucuresti\\\/#\\\/schema\\\/logo\\\/image\\\/\",\"url\":\"https:\\\/\\\/buletin.de\\\/bucuresti\\\/wp-content\\\/uploads\\\/logo-bdb-full-wide-vernil-transparent.png\",\"contentUrl\":\"https:\\\/\\\/buletin.de\\\/bucuresti\\\/wp-content\\\/uploads\\\/logo-bdb-full-wide-vernil-transparent.png\",\"width\":1782,\"height\":626,\"caption\":\"Buletin de Bucure\u0219ti\"},\"image\":{\"@id\":\"https:\\\/\\\/buletin.de\\\/bucuresti\\\/#\\\/schema\\\/logo\\\/image\\\/\"},\"sameAs\":[\"https:\\\/\\\/www.facebook.com\\\/buletin.de.buc\",\"https:\\\/\\\/www.instagram.com\\\/buletinde.bucuresti\\\/\"]},{\"@type\":\"Person\",\"@id\":\"https:\\\/\\\/buletin.de\\\/bucuresti\\\/#\\\/schema\\\/person\\\/31117187ed4d0bdb0a4c7d6acc79d0f8\",\"name\":\"C\u0103t\u0103lin Dosca\u0219\",\"image\":{\"@type\":\"ImageObject\",\"inLanguage\":\"en-GB\",\"@id\":\"https:\\\/\\\/buletin.de\\\/bucuresti\\\/wp-content\\\/uploads\\\/Catalin-Doscas-e1732731064764-96x96.jpga93e2943bb3b1c1f9ead823df6e6317a\",\"url\":\"https:\\\/\\\/buletin.de\\\/bucuresti\\\/wp-content\\\/uploads\\\/Catalin-Doscas-e1732731064764-96x96.jpg\",\"contentUrl\":\"https:\\\/\\\/buletin.de\\\/bucuresti\\\/wp-content\\\/uploads\\\/Catalin-Doscas-e1732731064764-96x96.jpg\",\"caption\":\"C\u0103t\u0103lin Dosca\u0219\"},\"description\":\"Reporter \u0219i redactor-\u0219ef Buletin de Bucure\u0219ti. Lucreaz\u0103 \u00een mass-media de la v\u00e2rsta de 15 ani, c\u00e2nd a publicat primele articole \u00een presa local\u0103 din Tecuci. \u00cen Bucure\u0219ti a lucrat \u00een redac\u021bii radio ca reporter, redactor \u0219i prezentator (StudentFM, Na\u021bionalFM, Radio Total, Smart FM), unde a acoperit domeniile politic, economic, social \u0219i externe. Ulterior, a fost editor-coordonator al postului Realitatea FM. Experien\u021ba \u00een jurnalismul online a dob\u00e2ndit-o la portalul B365.ro, unde a fost editor. \u00cen 2012 s-a angajat \u00een televiziune. La Realitatea TV a fost, pe r\u00e2nd, reporter la sec\u021bia Social, reporter special la emisiunea de reportaje \u0219i anchete \u201eReporterii Realit\u0103\u021bii\u201d, dar \u0219i editor al jurnalelor de \u0219tiri. Ulterior, a f\u0103cut parte din sec\u021bia de Investiga\u021bii de la Digi24 \u0219i a lucrat la campania \u201eRom\u00e2nia furat\u0103\u201d. A revenit \u00een presa scris\u0103 \u00een 2017, ca reporter special, \u00een cadrul unui proiect de repozi\u021bionare a tabloidului Libertatea \u00een cotidian generalist. Este jurnalist Buletin de Bucure\u0219ti din 2019.\",\"url\":\"https:\\\/\\\/buletin.de\\\/bucuresti\\\/author\\\/catalin\\\/\"}]}<\/script>\n<!-- \/ Yoast SEO Premium plugin. -->","yoast_head_json":{"title":"\u201cTunurile\u201d ur\u00e2t mirositoare ale primarului din Otopeni: de la capace de canalizare disp\u0103rute \u00een acte, p\u00e2n\u0103 la sta\u021bii de epurare pl\u0103tite \u0219i neexecutate - Buletin de Bucure\u0219ti","robots":{"index":"index","follow":"follow","max-snippet":"max-snippet:-1","max-image-preview":"max-image-preview:large","max-video-preview":"max-video-preview:-1"},"canonical":"https:\/\/buletin.de\/bucuresti\/tunurile-urat-mirositoare-ale-primarului-din-otopeni-de-la-capace-de-canalizare-disparute-in-acte-pana-la-statii-de-epurare-platite-si-neexecutate\/","og_locale":"en_GB","og_type":"article","og_title":"\u201cTunurile\u201d ur\u00e2t mirositoare ale primarului din Otopeni: de la capace de canalizare disp\u0103rute \u00een acte, p\u00e2n\u0103 la sta\u021bii de epurare pl\u0103tite \u0219i neexecutate","og_description":"Dezastrul urbanistic \u00een materie de re\u021bele edilitare din Otopeni este vizat de procurorii DNA care au descins, \u00een premier\u0103, la prim\u0103ria din localitate. Ora\u0219ul este condus, din 1996, de liberalul Silviu Constantin Gheorghe \u0219i, \u00een ciuda faptului c\u0103 aici se \u00eenregistreaz\u0103 unul dintre cele mai mari PIB-uri per capita din \u021bar\u0103, apele fecaloid-menajere sunt deversate [&hellip;]","og_url":"https:\/\/buletin.de\/bucuresti\/tunurile-urat-mirositoare-ale-primarului-din-otopeni-de-la-capace-de-canalizare-disparute-in-acte-pana-la-statii-de-epurare-platite-si-neexecutate\/","og_site_name":"Buletin de Bucure\u0219ti","article_publisher":"https:\/\/www.facebook.com\/buletin.de.buc","article_published_time":"2022-09-14T14:57:49+00:00","article_modified_time":"2023-09-19T13:31:25+00:00","og_image":[{"width":2000,"height":941,"url":"https:\/\/buletin.de\/bucuresti\/wp-content\/uploads\/deversari-otopeni-1.jpg","type":"image\/jpeg"}],"author":"C\u0103t\u0103lin Dosca\u0219","twitter_card":"summary_large_image","twitter_misc":{"Written by":"C\u0103t\u0103lin Dosca\u0219","Estimated reading time":"6 minutes"},"schema":{"@context":"https:\/\/schema.org","@graph":[{"@type":"Article","@id":"https:\/\/buletin.de\/bucuresti\/tunurile-urat-mirositoare-ale-primarului-din-otopeni-de-la-capace-de-canalizare-disparute-in-acte-pana-la-statii-de-epurare-platite-si-neexecutate\/#article","isPartOf":{"@id":"https:\/\/buletin.de\/bucuresti\/tunurile-urat-mirositoare-ale-primarului-din-otopeni-de-la-capace-de-canalizare-disparute-in-acte-pana-la-statii-de-epurare-platite-si-neexecutate\/"},"author":{"name":"C\u0103t\u0103lin Dosca\u0219","@id":"https:\/\/buletin.de\/bucuresti\/#\/schema\/person\/31117187ed4d0bdb0a4c7d6acc79d0f8"},"headline":"\u201cTunurile\u201d ur\u00e2t mirositoare ale primarului din Otopeni: de la capace de canalizare disp\u0103rute \u00een acte, p\u00e2n\u0103 la sta\u021bii de epurare pl\u0103tite \u0219i neexecutate","datePublished":"2022-09-14T14:57:49+00:00","dateModified":"2023-09-19T13:31:25+00:00","mainEntityOfPage":{"@id":"https:\/\/buletin.de\/bucuresti\/tunurile-urat-mirositoare-ale-primarului-din-otopeni-de-la-capace-de-canalizare-disparute-in-acte-pana-la-statii-de-epurare-platite-si-neexecutate\/"},"wordCount":1258,"publisher":{"@id":"https:\/\/buletin.de\/bucuresti\/#organization"},"image":{"@id":"https:\/\/buletin.de\/bucuresti\/tunurile-urat-mirositoare-ale-primarului-din-otopeni-de-la-capace-de-canalizare-disparute-in-acte-pana-la-statii-de-epurare-platite-si-neexecutate\/#primaryimage"},"thumbnailUrl":"https:\/\/buletin.de\/bucuresti\/wp-content\/uploads\/deversari-otopeni-1.jpg","keywords":["deversari","gheorghe","investitii","otopeni","poluare","raul pasarea","statie de epurare"],"articleSection":["Buletin de Ilfov","\u0218tiri"],"inLanguage":"en-GB","copyrightYear":"2022","copyrightHolder":{"@id":"https:\/\/buletin.de\/bucuresti\/#organization"}},{"@type":"WebPage","@id":"https:\/\/buletin.de\/bucuresti\/tunurile-urat-mirositoare-ale-primarului-din-otopeni-de-la-capace-de-canalizare-disparute-in-acte-pana-la-statii-de-epurare-platite-si-neexecutate\/","url":"https:\/\/buletin.de\/bucuresti\/tunurile-urat-mirositoare-ale-primarului-din-otopeni-de-la-capace-de-canalizare-disparute-in-acte-pana-la-statii-de-epurare-platite-si-neexecutate\/","name":"\u201cTunurile\u201d ur\u00e2t mirositoare ale primarului din Otopeni: de la capace de canalizare disp\u0103rute \u00een acte, p\u00e2n\u0103 la sta\u021bii de epurare pl\u0103tite \u0219i neexecutate - Buletin de Bucure\u0219ti","isPartOf":{"@id":"https:\/\/buletin.de\/bucuresti\/#website"},"primaryImageOfPage":{"@id":"https:\/\/buletin.de\/bucuresti\/tunurile-urat-mirositoare-ale-primarului-din-otopeni-de-la-capace-de-canalizare-disparute-in-acte-pana-la-statii-de-epurare-platite-si-neexecutate\/#primaryimage"},"image":{"@id":"https:\/\/buletin.de\/bucuresti\/tunurile-urat-mirositoare-ale-primarului-din-otopeni-de-la-capace-de-canalizare-disparute-in-acte-pana-la-statii-de-epurare-platite-si-neexecutate\/#primaryimage"},"thumbnailUrl":"https:\/\/buletin.de\/bucuresti\/wp-content\/uploads\/deversari-otopeni-1.jpg","datePublished":"2022-09-14T14:57:49+00:00","dateModified":"2023-09-19T13:31:25+00:00","breadcrumb":{"@id":"https:\/\/buletin.de\/bucuresti\/tunurile-urat-mirositoare-ale-primarului-din-otopeni-de-la-capace-de-canalizare-disparute-in-acte-pana-la-statii-de-epurare-platite-si-neexecutate\/#breadcrumb"},"inLanguage":"en-GB","potentialAction":[{"@type":"ReadAction","target":["https:\/\/buletin.de\/bucuresti\/tunurile-urat-mirositoare-ale-primarului-din-otopeni-de-la-capace-de-canalizare-disparute-in-acte-pana-la-statii-de-epurare-platite-si-neexecutate\/"]}]},{"@type":"ImageObject","inLanguage":"en-GB","@id":"https:\/\/buletin.de\/bucuresti\/tunurile-urat-mirositoare-ale-primarului-din-otopeni-de-la-capace-de-canalizare-disparute-in-acte-pana-la-statii-de-epurare-platite-si-neexecutate\/#primaryimage","url":"https:\/\/buletin.de\/bucuresti\/wp-content\/uploads\/deversari-otopeni-1.jpg","contentUrl":"https:\/\/buletin.de\/bucuresti\/wp-content\/uploads\/deversari-otopeni-1.jpg","width":2000,"height":941},{"@type":"BreadcrumbList","@id":"https:\/\/buletin.de\/bucuresti\/tunurile-urat-mirositoare-ale-primarului-din-otopeni-de-la-capace-de-canalizare-disparute-in-acte-pana-la-statii-de-epurare-platite-si-neexecutate\/#breadcrumb","itemListElement":[{"@type":"ListItem","position":1,"name":"Acas\u0103","item":"https:\/\/buletin.de\/bucuresti\/"},{"@type":"ListItem","position":2,"name":"\u201cTunurile\u201d ur\u00e2t mirositoare ale primarului din Otopeni: de la capace de canalizare disp\u0103rute \u00een acte, p\u00e2n\u0103 la sta\u021bii de epurare pl\u0103tite \u0219i neexecutate"}]},{"@type":"WebSite","@id":"https:\/\/buletin.de\/bucuresti\/#website","url":"https:\/\/buletin.de\/bucuresti\/","name":"Buletin de Bucure\u0219ti","description":"\u0218tiri \u0219i investiga\u021bii esen\u021biale din capital\u0103","publisher":{"@id":"https:\/\/buletin.de\/bucuresti\/#organization"},"potentialAction":[{"@type":"SearchAction","target":{"@type":"EntryPoint","urlTemplate":"https:\/\/buletin.de\/bucuresti\/?s={search_term_string}"},"query-input":{"@type":"PropertyValueSpecification","valueRequired":true,"valueName":"search_term_string"}}],"inLanguage":"en-GB"},{"@type":"Organization","@id":"https:\/\/buletin.de\/bucuresti\/#organization","name":"Buletin de Bucure\u0219ti","url":"https:\/\/buletin.de\/bucuresti\/","logo":{"@type":"ImageObject","inLanguage":"en-GB","@id":"https:\/\/buletin.de\/bucuresti\/#\/schema\/logo\/image\/","url":"https:\/\/buletin.de\/bucuresti\/wp-content\/uploads\/logo-bdb-full-wide-vernil-transparent.png","contentUrl":"https:\/\/buletin.de\/bucuresti\/wp-content\/uploads\/logo-bdb-full-wide-vernil-transparent.png","width":1782,"height":626,"caption":"Buletin de Bucure\u0219ti"},"image":{"@id":"https:\/\/buletin.de\/bucuresti\/#\/schema\/logo\/image\/"},"sameAs":["https:\/\/www.facebook.com\/buletin.de.buc","https:\/\/www.instagram.com\/buletinde.bucuresti\/"]},{"@type":"Person","@id":"https:\/\/buletin.de\/bucuresti\/#\/schema\/person\/31117187ed4d0bdb0a4c7d6acc79d0f8","name":"C\u0103t\u0103lin Dosca\u0219","image":{"@type":"ImageObject","inLanguage":"en-GB","@id":"https:\/\/buletin.de\/bucuresti\/wp-content\/uploads\/Catalin-Doscas-e1732731064764-96x96.jpga93e2943bb3b1c1f9ead823df6e6317a","url":"https:\/\/buletin.de\/bucuresti\/wp-content\/uploads\/Catalin-Doscas-e1732731064764-96x96.jpg","contentUrl":"https:\/\/buletin.de\/bucuresti\/wp-content\/uploads\/Catalin-Doscas-e1732731064764-96x96.jpg","caption":"C\u0103t\u0103lin Dosca\u0219"},"description":"Reporter \u0219i redactor-\u0219ef Buletin de Bucure\u0219ti. Lucreaz\u0103 \u00een mass-media de la v\u00e2rsta de 15 ani, c\u00e2nd a publicat primele articole \u00een presa local\u0103 din Tecuci. \u00cen Bucure\u0219ti a lucrat \u00een redac\u021bii radio ca reporter, redactor \u0219i prezentator (StudentFM, Na\u021bionalFM, Radio Total, Smart FM), unde a acoperit domeniile politic, economic, social \u0219i externe. Ulterior, a fost editor-coordonator al postului Realitatea FM. Experien\u021ba \u00een jurnalismul online a dob\u00e2ndit-o la portalul B365.ro, unde a fost editor. \u00cen 2012 s-a angajat \u00een televiziune. La Realitatea TV a fost, pe r\u00e2nd, reporter la sec\u021bia Social, reporter special la emisiunea de reportaje \u0219i anchete \u201eReporterii Realit\u0103\u021bii\u201d, dar \u0219i editor al jurnalelor de \u0219tiri. Ulterior, a f\u0103cut parte din sec\u021bia de Investiga\u021bii de la Digi24 \u0219i a lucrat la campania \u201eRom\u00e2nia furat\u0103\u201d. A revenit \u00een presa scris\u0103 \u00een 2017, ca reporter special, \u00een cadrul unui proiect de repozi\u021bionare a tabloidului Libertatea \u00een cotidian generalist. Este jurnalist Buletin de Bucure\u0219ti din 2019.","url":"https:\/\/buletin.de\/bucuresti\/author\/catalin\/"}]}},"authors":[{"term_id":22575,"user_id":10,"is_guest":0,"slug":"catalin","display_name":"C\u0103t\u0103lin Dosca\u0219","avatar_url":"https:\/\/buletin.de\/bucuresti\/wp-content\/uploads\/Catalin-Doscas-e1732731064764-96x96.jpg","0":null,"1":"","2":"","3":"","4":"","5":"","6":"","7":"","8":""}],"_links":{"self":[{"href":"https:\/\/buletin.de\/bucuresti\/wp-json\/wp\/v2\/posts\/46288","targetHints":{"allow":["GET"]}}],"collection":[{"href":"https:\/\/buletin.de\/bucuresti\/wp-json\/wp\/v2\/posts"}],"about":[{"href":"https:\/\/buletin.de\/bucuresti\/wp-json\/wp\/v2\/types\/post"}],"author":[{"embeddable":true,"href":"https:\/\/buletin.de\/bucuresti\/wp-json\/wp\/v2\/users\/10"}],"replies":[{"embeddable":true,"href":"https:\/\/buletin.de\/bucuresti\/wp-json\/wp\/v2\/comments?post=46288"}],"version-history":[{"count":17,"href":"https:\/\/buletin.de\/bucuresti\/wp-json\/wp\/v2\/posts\/46288\/revisions"}],"predecessor-version":[{"id":62756,"href":"https:\/\/buletin.de\/bucuresti\/wp-json\/wp\/v2\/posts\/46288\/revisions\/62756"}],"wp:featuredmedia":[{"embeddable":true,"href":"https:\/\/buletin.de\/bucuresti\/wp-json\/wp\/v2\/media\/46293"}],"wp:attachment":[{"href":"https:\/\/buletin.de\/bucuresti\/wp-json\/wp\/v2\/media?parent=46288"}],"wp:term":[{"taxonomy":"category","embeddable":true,"href":"https:\/\/buletin.de\/bucuresti\/wp-json\/wp\/v2\/categories?post=46288"},{"taxonomy":"post_tag","embeddable":true,"href":"https:\/\/buletin.de\/bucuresti\/wp-json\/wp\/v2\/tags?post=46288"},{"taxonomy":"author","embeddable":true,"href":"https:\/\/buletin.de\/bucuresti\/wp-json\/wp\/v2\/ppma_author?post=46288"}],"curies":[{"name":"wp","href":"https:\/\/api.w.org\/{rel}","templated":true}]}}