{"id":46281,"date":"2022-09-14T16:10:06","date_gmt":"2022-09-14T14:10:06","guid":{"rendered":"https:\/\/buletin.de\/bucuresti\/?p=46281"},"modified":"2022-09-14T16:10:07","modified_gmt":"2022-09-14T14:10:07","slug":"au-inceput-lucrarile-pentru-reabilitarea-buclei-de-tramvai-de-pe-bulevardul-aerogarii","status":"publish","type":"post","link":"https:\/\/buletin.de\/bucuresti\/au-inceput-lucrarile-pentru-reabilitarea-buclei-de-tramvai-de-pe-bulevardul-aerogarii\/","title":{"rendered":"Au \u00eenceput lucr\u0103rile pentru reabilitarea buclei de tramvai de pe bulevardul Aerog\u0103rii"},"content":{"rendered":"\n<p>Lucr\u0103rile pentru continuarea \u0219i finalizarea proiectului de reabilitare a buclei de tramvai de pe bulevardul Aerog\u0103rii au \u00eenceput, dup\u0103 mai bine de zece ani \u00een care linia care trece pe acolo a fost \u00eenchis\u0103 din cauza unor probleme juridice legate de exproprieri. Anun\u021bul a fost f\u0103cut de c\u0103tre Nicu\u0219or Dan, pe pagina sa de Facebook. Lucr\u0103rile vor fi realizate de c\u0103tre Societatea de Transport Bucure\u0219ti (STB). <\/p>\n\n\n\n<p>Potrivit contractului, lucr\u0103rile vor fi finalizate \u00een jum\u0103tate de an. Urmeaz\u0103 modernizarea liniei de tramvai, a re\u021belei de contact \u0219i a peroanelor. De asemenea, va fi ref\u0103cut\u0103 canaliza\u021bia pentru semafoare, iar carosabilul \u0219i trotuarele vor beneficia de tehnologie de tip LED.<\/p>\n\n\n\n<figure class=\"wp-block-image size-large is-resized\"><img fetchpriority=\"high\" decoding=\"async\" src=\"data:image\/gif;base64,R0lGODlhAQABAAAAACH5BAEKAAEALAAAAAABAAEAAAICTAEAOw==\" data-src=\"https:\/\/buletin.de\/bucuresti\/wp-content\/uploads\/306935519_628865181923233_5740712954857833197_n-600x900.jpg\" alt=\"\" class=\"wp-image-46284 lazyload\" width=\"445\" height=\"668\" data-sizes=\"auto\" data-srcset=\"https:\/\/buletin.de\/bucuresti\/wp-content\/uploads\/306935519_628865181923233_5740712954857833197_n-600x901.jpg 600w, https:\/\/buletin.de\/bucuresti\/wp-content\/uploads\/306935519_628865181923233_5740712954857833197_n-200x300.jpg 200w, https:\/\/buletin.de\/bucuresti\/wp-content\/uploads\/306935519_628865181923233_5740712954857833197_n-768x1153.jpg 768w, https:\/\/buletin.de\/bucuresti\/wp-content\/uploads\/306935519_628865181923233_5740712954857833197_n-1023x1536.jpg 1023w, https:\/\/buletin.de\/bucuresti\/wp-content\/uploads\/306935519_628865181923233_5740712954857833197_n-1060x1591.jpg 1060w, https:\/\/buletin.de\/bucuresti\/wp-content\/uploads\/306935519_628865181923233_5740712954857833197_n-550x826.jpg 550w, https:\/\/buletin.de\/bucuresti\/wp-content\/uploads\/306935519_628865181923233_5740712954857833197_n-333x500.jpg 333w, https:\/\/buletin.de\/bucuresti\/wp-content\/uploads\/306935519_628865181923233_5740712954857833197_n-720x1080.jpg 720w, https:\/\/buletin.de\/bucuresti\/wp-content\/uploads\/306935519_628865181923233_5740712954857833197_n.jpg 1066w\" sizes=\"(max-width: 445px) 100vw, 445px\" \/><figcaption>Surs\u0103 foto: Facebook Nicu\u0219or Dan<\/figcaption><\/figure>\n\n\n\n<p>\u201eLucr\u0103rile presupun \u0219i construc\u021bia unui peron \u00een bucla de \u00eentoarcere, astfel \u00eenc\u00e2t c\u0103l\u0103torii care folosesc acest traseu vor fi mult mai aproape de obiective de interes precum aeroportul B\u0103neasa. Prin reactivarea buclei de \u00eentoarcere se va realiza o mai bun\u0103 desf\u0103\u0219urare a parcului de tramvaie ce deserve\u0219te linia 5, se reduc semnificativ timpii de a\u0219teptare a vagoanelor asigur\u00e2ndu-se un flux continuu al acestora\u201d, explic\u0103 edilul.<\/p>\n\n\n\n<figure class=\"wp-block-image size-large is-resized\"><img decoding=\"async\" src=\"data:image\/gif;base64,R0lGODlhAQABAAAAACH5BAEKAAEALAAAAAABAAEAAAICTAEAOw==\" data-src=\"https:\/\/buletin.de\/bucuresti\/wp-content\/uploads\/306958574_628865078589910_4516358321170028995_n-1-900x600.jpg\" alt=\"\" class=\"wp-image-46286 lazyload\" width=\"488\" height=\"325\" data-sizes=\"auto\" data-srcset=\"https:\/\/buletin.de\/bucuresti\/wp-content\/uploads\/306958574_628865078589910_4516358321170028995_n-1-900x600.jpg 900w, https:\/\/buletin.de\/bucuresti\/wp-content\/uploads\/306958574_628865078589910_4516358321170028995_n-1-300x200.jpg 300w, https:\/\/buletin.de\/bucuresti\/wp-content\/uploads\/306958574_628865078589910_4516358321170028995_n-1-768x512.jpg 768w, https:\/\/buletin.de\/bucuresti\/wp-content\/uploads\/306958574_628865078589910_4516358321170028995_n-1-1536x1023.jpg 1536w, https:\/\/buletin.de\/bucuresti\/wp-content\/uploads\/306958574_628865078589910_4516358321170028995_n-1-1060x706.jpg 1060w, https:\/\/buletin.de\/bucuresti\/wp-content\/uploads\/306958574_628865078589910_4516358321170028995_n-1-550x366.jpg 550w, https:\/\/buletin.de\/bucuresti\/wp-content\/uploads\/306958574_628865078589910_4516358321170028995_n-1-750x500.jpg 750w, https:\/\/buletin.de\/bucuresti\/wp-content\/uploads\/306958574_628865078589910_4516358321170028995_n-1-600x400.jpg 600w, https:\/\/buletin.de\/bucuresti\/wp-content\/uploads\/306958574_628865078589910_4516358321170028995_n-1.jpg 1600w\" sizes=\"(max-width: 488px) 100vw, 488px\" \/><figcaption>Surs\u0103 foto: Facebook Nicu\u0219or Dan<\/figcaption><\/figure>\n\n\n\n<p>Linia 5 este \u00eenchis\u0103 de cinci ani, timp \u00een care a devenit o parcare, potrivit HotNews.ro. Principalul motiv care st\u0103 la baz\u0103 este litigiul privind terenul aferent buclei de \u00eentoarcere de la Bulevardul Aerog\u0103rii. De asemenea, un alt lucru care a dus la \u00eenchiderea liniei a fost infrastructura care avea nevoie de repara\u021bii, dup\u0103 cum arat\u0103 datelor oferite de Prim\u0103ria Capitalei celor de la HotNews.ro.<\/p>\n\n\n\n<p>\u0218ina de la bulevardul Aerog\u0103rii a fost scoas\u0103 \u00een 2012, pentru modernizare. Motivul pentru care investi\u021biile nu au continuat este situa\u021bia juridic\u0103 neclar\u0103 \u00een care se afla. O solu\u021bie dat\u0103 de c\u0103tre municipalitate este folosirea unor tramvaie cu dublu cap, care nu au nevoie de o bucl\u0103 de \u00eentoarcere.<\/p>\n\n\n\n<p>Surs\u0103 foto cover: Facebook Nicu\u0219or Dan<\/p>\n","protected":false},"excerpt":{"rendered":"<p>Lucr\u0103rile pentru continuarea \u0219i finalizarea proiectului de reabilitare a buclei de tramvai de pe bulevardul Aerog\u0103rii au \u00eenceput, dup\u0103 mai bine de zece ani \u00een care linia care trece pe acolo a fost \u00eenchis\u0103 din cauza unor probleme juridice legate de exproprieri. Anun\u021bul a fost f\u0103cut de c\u0103tre Nicu\u0219or Dan, pe pagina sa de Facebook. [&hellip;]<\/p>\n","protected":false},"author":42,"featured_media":46283,"comment_status":"closed","ping_status":"open","sticky":false,"template":"","format":"standard","meta":{"_acf_changed":false,"inline_featured_image":false,"ngg_post_thumbnail":0,"footnotes":""},"categories":[62],"tags":[4557,9,4226,223,1402,402,564],"ppma_author":[22603],"class_list":["post-46281","post","type-post","status-publish","format-standard","has-post-thumbnail","hentry","category-stiri","tag-bd-aerogarii","tag-bucuresti","tag-linia-5","tag-nicusor-dan","tag-reabilitare","tag-stb","tag-tramvai"],"acf":[],"yoast_head":"<!-- This site is optimized with the Yoast SEO Premium plugin v25.3 (Yoast SEO v27.4) - https:\/\/yoast.com\/product\/yoast-seo-premium-wordpress\/ -->\n<title>Au \u00eenceput lucr\u0103rile pentru reabilitarea buclei de tramvai de pe bulevardul Aerog\u0103rii - Buletin de Bucure\u0219ti<\/title>\n<meta name=\"description\" content=\"Lucr\u0103rile pentru continuarea \u0219i finalizarea proiectului de reabilitare a buclei de tramvai de pe bd. Aerog\u0103rii au \u00eenceput, dup\u0103 zece ani.\" \/>\n<meta name=\"robots\" content=\"index, follow, max-snippet:-1, max-image-preview:large, max-video-preview:-1\" \/>\n<link rel=\"canonical\" href=\"https:\/\/buletin.de\/bucuresti\/au-inceput-lucrarile-pentru-reabilitarea-buclei-de-tramvai-de-pe-bulevardul-aerogarii\/\" \/>\n<meta property=\"og:locale\" content=\"en_GB\" \/>\n<meta property=\"og:type\" content=\"article\" \/>\n<meta property=\"og:title\" content=\"Au \u00eenceput lucr\u0103rile pentru reabilitarea buclei de tramvai de pe bulevardul Aerog\u0103rii\" \/>\n<meta property=\"og:description\" content=\"Lucr\u0103rile pentru continuarea \u0219i finalizarea proiectului de reabilitare a buclei de tramvai de pe bd. Aerog\u0103rii au \u00eenceput, dup\u0103 zece ani.\" \/>\n<meta property=\"og:url\" content=\"https:\/\/buletin.de\/bucuresti\/au-inceput-lucrarile-pentru-reabilitarea-buclei-de-tramvai-de-pe-bulevardul-aerogarii\/\" \/>\n<meta property=\"og:site_name\" content=\"Buletin de Bucure\u0219ti\" \/>\n<meta property=\"article:publisher\" content=\"https:\/\/www.facebook.com\/buletin.de.buc\" \/>\n<meta property=\"article:published_time\" content=\"2022-09-14T14:10:06+00:00\" \/>\n<meta property=\"article:modified_time\" content=\"2022-09-14T14:10:07+00:00\" \/>\n<meta property=\"og:image\" content=\"https:\/\/buletin.de\/bucuresti\/wp-content\/uploads\/306980169_628865188589899_2703753633875716190_n.jpg\" \/>\n\t<meta property=\"og:image:width\" content=\"1600\" \/>\n\t<meta property=\"og:image:height\" content=\"1066\" \/>\n\t<meta property=\"og:image:type\" content=\"image\/jpeg\" \/>\n<meta name=\"author\" content=\"Andra Mure\u0219an\" \/>\n<meta name=\"twitter:card\" content=\"summary_large_image\" \/>\n<meta name=\"twitter:label1\" content=\"Written by\" \/>\n\t<meta name=\"twitter:data1\" content=\"Andra Mure\u0219an\" \/>\n\t<meta name=\"twitter:label2\" content=\"Estimated reading time\" \/>\n\t<meta name=\"twitter:data2\" content=\"2 minutes\" \/>\n<script type=\"application\/ld+json\" class=\"yoast-schema-graph\">{\"@context\":\"https:\\\/\\\/schema.org\",\"@graph\":[{\"@type\":\"Article\",\"@id\":\"https:\\\/\\\/buletin.de\\\/bucuresti\\\/au-inceput-lucrarile-pentru-reabilitarea-buclei-de-tramvai-de-pe-bulevardul-aerogarii\\\/#article\",\"isPartOf\":{\"@id\":\"https:\\\/\\\/buletin.de\\\/bucuresti\\\/au-inceput-lucrarile-pentru-reabilitarea-buclei-de-tramvai-de-pe-bulevardul-aerogarii\\\/\"},\"author\":{\"name\":\"Andra Mure\u0219an\",\"@id\":\"https:\\\/\\\/buletin.de\\\/bucuresti\\\/#\\\/schema\\\/person\\\/2305426a193cfbaadc0b30023ee5d01c\"},\"headline\":\"Au \u00eenceput lucr\u0103rile pentru reabilitarea buclei de tramvai de pe bulevardul Aerog\u0103rii\",\"datePublished\":\"2022-09-14T14:10:06+00:00\",\"dateModified\":\"2022-09-14T14:10:07+00:00\",\"mainEntityOfPage\":{\"@id\":\"https:\\\/\\\/buletin.de\\\/bucuresti\\\/au-inceput-lucrarile-pentru-reabilitarea-buclei-de-tramvai-de-pe-bulevardul-aerogarii\\\/\"},\"wordCount\":350,\"publisher\":{\"@id\":\"https:\\\/\\\/buletin.de\\\/bucuresti\\\/#organization\"},\"image\":{\"@id\":\"https:\\\/\\\/buletin.de\\\/bucuresti\\\/au-inceput-lucrarile-pentru-reabilitarea-buclei-de-tramvai-de-pe-bulevardul-aerogarii\\\/#primaryimage\"},\"thumbnailUrl\":\"https:\\\/\\\/buletin.de\\\/bucuresti\\\/wp-content\\\/uploads\\\/306980169_628865188589899_2703753633875716190_n.jpg\",\"keywords\":[\"bd aerogarii\",\"bucuresti\",\"linia 5\",\"nicusor dan\",\"reabilitare\",\"stb\",\"tramvai\"],\"articleSection\":[\"\u0218tiri\"],\"inLanguage\":\"en-GB\",\"copyrightYear\":\"2022\",\"copyrightHolder\":{\"@id\":\"https:\\\/\\\/buletin.de\\\/bucuresti\\\/#organization\"}},{\"@type\":\"WebPage\",\"@id\":\"https:\\\/\\\/buletin.de\\\/bucuresti\\\/au-inceput-lucrarile-pentru-reabilitarea-buclei-de-tramvai-de-pe-bulevardul-aerogarii\\\/\",\"url\":\"https:\\\/\\\/buletin.de\\\/bucuresti\\\/au-inceput-lucrarile-pentru-reabilitarea-buclei-de-tramvai-de-pe-bulevardul-aerogarii\\\/\",\"name\":\"Au \u00eenceput lucr\u0103rile pentru reabilitarea buclei de tramvai de pe bulevardul Aerog\u0103rii - Buletin de Bucure\u0219ti\",\"isPartOf\":{\"@id\":\"https:\\\/\\\/buletin.de\\\/bucuresti\\\/#website\"},\"primaryImageOfPage\":{\"@id\":\"https:\\\/\\\/buletin.de\\\/bucuresti\\\/au-inceput-lucrarile-pentru-reabilitarea-buclei-de-tramvai-de-pe-bulevardul-aerogarii\\\/#primaryimage\"},\"image\":{\"@id\":\"https:\\\/\\\/buletin.de\\\/bucuresti\\\/au-inceput-lucrarile-pentru-reabilitarea-buclei-de-tramvai-de-pe-bulevardul-aerogarii\\\/#primaryimage\"},\"thumbnailUrl\":\"https:\\\/\\\/buletin.de\\\/bucuresti\\\/wp-content\\\/uploads\\\/306980169_628865188589899_2703753633875716190_n.jpg\",\"datePublished\":\"2022-09-14T14:10:06+00:00\",\"dateModified\":\"2022-09-14T14:10:07+00:00\",\"description\":\"Lucr\u0103rile pentru continuarea \u0219i finalizarea proiectului de reabilitare a buclei de tramvai de pe bd. Aerog\u0103rii au \u00eenceput, dup\u0103 zece ani.\",\"breadcrumb\":{\"@id\":\"https:\\\/\\\/buletin.de\\\/bucuresti\\\/au-inceput-lucrarile-pentru-reabilitarea-buclei-de-tramvai-de-pe-bulevardul-aerogarii\\\/#breadcrumb\"},\"inLanguage\":\"en-GB\",\"potentialAction\":[{\"@type\":\"ReadAction\",\"target\":[\"https:\\\/\\\/buletin.de\\\/bucuresti\\\/au-inceput-lucrarile-pentru-reabilitarea-buclei-de-tramvai-de-pe-bulevardul-aerogarii\\\/\"]}]},{\"@type\":\"ImageObject\",\"inLanguage\":\"en-GB\",\"@id\":\"https:\\\/\\\/buletin.de\\\/bucuresti\\\/au-inceput-lucrarile-pentru-reabilitarea-buclei-de-tramvai-de-pe-bulevardul-aerogarii\\\/#primaryimage\",\"url\":\"https:\\\/\\\/buletin.de\\\/bucuresti\\\/wp-content\\\/uploads\\\/306980169_628865188589899_2703753633875716190_n.jpg\",\"contentUrl\":\"https:\\\/\\\/buletin.de\\\/bucuresti\\\/wp-content\\\/uploads\\\/306980169_628865188589899_2703753633875716190_n.jpg\",\"width\":1600,\"height\":1066},{\"@type\":\"BreadcrumbList\",\"@id\":\"https:\\\/\\\/buletin.de\\\/bucuresti\\\/au-inceput-lucrarile-pentru-reabilitarea-buclei-de-tramvai-de-pe-bulevardul-aerogarii\\\/#breadcrumb\",\"itemListElement\":[{\"@type\":\"ListItem\",\"position\":1,\"name\":\"Acas\u0103\",\"item\":\"https:\\\/\\\/buletin.de\\\/bucuresti\\\/\"},{\"@type\":\"ListItem\",\"position\":2,\"name\":\"Au \u00eenceput lucr\u0103rile pentru reabilitarea buclei de tramvai de pe bulevardul Aerog\u0103rii\"}]},{\"@type\":\"WebSite\",\"@id\":\"https:\\\/\\\/buletin.de\\\/bucuresti\\\/#website\",\"url\":\"https:\\\/\\\/buletin.de\\\/bucuresti\\\/\",\"name\":\"Buletin de Bucure\u0219ti\",\"description\":\"\u0218tiri \u0219i investiga\u021bii esen\u021biale din capital\u0103\",\"publisher\":{\"@id\":\"https:\\\/\\\/buletin.de\\\/bucuresti\\\/#organization\"},\"potentialAction\":[{\"@type\":\"SearchAction\",\"target\":{\"@type\":\"EntryPoint\",\"urlTemplate\":\"https:\\\/\\\/buletin.de\\\/bucuresti\\\/?s={search_term_string}\"},\"query-input\":{\"@type\":\"PropertyValueSpecification\",\"valueRequired\":true,\"valueName\":\"search_term_string\"}}],\"inLanguage\":\"en-GB\"},{\"@type\":\"Organization\",\"@id\":\"https:\\\/\\\/buletin.de\\\/bucuresti\\\/#organization\",\"name\":\"Buletin de Bucure\u0219ti\",\"url\":\"https:\\\/\\\/buletin.de\\\/bucuresti\\\/\",\"logo\":{\"@type\":\"ImageObject\",\"inLanguage\":\"en-GB\",\"@id\":\"https:\\\/\\\/buletin.de\\\/bucuresti\\\/#\\\/schema\\\/logo\\\/image\\\/\",\"url\":\"https:\\\/\\\/buletin.de\\\/bucuresti\\\/wp-content\\\/uploads\\\/logo-bdb-full-wide-vernil-transparent.png\",\"contentUrl\":\"https:\\\/\\\/buletin.de\\\/bucuresti\\\/wp-content\\\/uploads\\\/logo-bdb-full-wide-vernil-transparent.png\",\"width\":1782,\"height\":626,\"caption\":\"Buletin de Bucure\u0219ti\"},\"image\":{\"@id\":\"https:\\\/\\\/buletin.de\\\/bucuresti\\\/#\\\/schema\\\/logo\\\/image\\\/\"},\"sameAs\":[\"https:\\\/\\\/www.facebook.com\\\/buletin.de.buc\",\"https:\\\/\\\/www.instagram.com\\\/buletinde.bucuresti\\\/\"]},{\"@type\":\"Person\",\"@id\":\"https:\\\/\\\/buletin.de\\\/bucuresti\\\/#\\\/schema\\\/person\\\/2305426a193cfbaadc0b30023ee5d01c\",\"name\":\"Andra Mure\u0219an\",\"image\":{\"@type\":\"ImageObject\",\"inLanguage\":\"en-GB\",\"@id\":\"https:\\\/\\\/secure.gravatar.com\\\/avatar\\\/0f89940de76acadc8ab9c36e6cec5b672fc84ab1bf1537562fa8584e29dfa8a5?s=96&d=monsterid&r=g30a40ed95e1c0fc67315c6f2c6fa871e\",\"url\":\"https:\\\/\\\/secure.gravatar.com\\\/avatar\\\/0f89940de76acadc8ab9c36e6cec5b672fc84ab1bf1537562fa8584e29dfa8a5?s=96&d=monsterid&r=g\",\"contentUrl\":\"https:\\\/\\\/secure.gravatar.com\\\/avatar\\\/0f89940de76acadc8ab9c36e6cec5b672fc84ab1bf1537562fa8584e29dfa8a5?s=96&d=monsterid&r=g\",\"caption\":\"Andra Mure\u0219an\"},\"url\":\"https:\\\/\\\/buletin.de\\\/bucuresti\\\/author\\\/andra\\\/\"}]}<\/script>\n<!-- \/ Yoast SEO Premium plugin. -->","yoast_head_json":{"title":"Au \u00eenceput lucr\u0103rile pentru reabilitarea buclei de tramvai de pe bulevardul Aerog\u0103rii - Buletin de Bucure\u0219ti","description":"Lucr\u0103rile pentru continuarea \u0219i finalizarea proiectului de reabilitare a buclei de tramvai de pe bd. Aerog\u0103rii au \u00eenceput, dup\u0103 zece ani.","robots":{"index":"index","follow":"follow","max-snippet":"max-snippet:-1","max-image-preview":"max-image-preview:large","max-video-preview":"max-video-preview:-1"},"canonical":"https:\/\/buletin.de\/bucuresti\/au-inceput-lucrarile-pentru-reabilitarea-buclei-de-tramvai-de-pe-bulevardul-aerogarii\/","og_locale":"en_GB","og_type":"article","og_title":"Au \u00eenceput lucr\u0103rile pentru reabilitarea buclei de tramvai de pe bulevardul Aerog\u0103rii","og_description":"Lucr\u0103rile pentru continuarea \u0219i finalizarea proiectului de reabilitare a buclei de tramvai de pe bd. Aerog\u0103rii au \u00eenceput, dup\u0103 zece ani.","og_url":"https:\/\/buletin.de\/bucuresti\/au-inceput-lucrarile-pentru-reabilitarea-buclei-de-tramvai-de-pe-bulevardul-aerogarii\/","og_site_name":"Buletin de Bucure\u0219ti","article_publisher":"https:\/\/www.facebook.com\/buletin.de.buc","article_published_time":"2022-09-14T14:10:06+00:00","article_modified_time":"2022-09-14T14:10:07+00:00","og_image":[{"width":1600,"height":1066,"url":"https:\/\/buletin.de\/bucuresti\/wp-content\/uploads\/306980169_628865188589899_2703753633875716190_n.jpg","type":"image\/jpeg"}],"author":"Andra Mure\u0219an","twitter_card":"summary_large_image","twitter_misc":{"Written by":"Andra Mure\u0219an","Estimated reading time":"2 minutes"},"schema":{"@context":"https:\/\/schema.org","@graph":[{"@type":"Article","@id":"https:\/\/buletin.de\/bucuresti\/au-inceput-lucrarile-pentru-reabilitarea-buclei-de-tramvai-de-pe-bulevardul-aerogarii\/#article","isPartOf":{"@id":"https:\/\/buletin.de\/bucuresti\/au-inceput-lucrarile-pentru-reabilitarea-buclei-de-tramvai-de-pe-bulevardul-aerogarii\/"},"author":{"name":"Andra Mure\u0219an","@id":"https:\/\/buletin.de\/bucuresti\/#\/schema\/person\/2305426a193cfbaadc0b30023ee5d01c"},"headline":"Au \u00eenceput lucr\u0103rile pentru reabilitarea buclei de tramvai de pe bulevardul Aerog\u0103rii","datePublished":"2022-09-14T14:10:06+00:00","dateModified":"2022-09-14T14:10:07+00:00","mainEntityOfPage":{"@id":"https:\/\/buletin.de\/bucuresti\/au-inceput-lucrarile-pentru-reabilitarea-buclei-de-tramvai-de-pe-bulevardul-aerogarii\/"},"wordCount":350,"publisher":{"@id":"https:\/\/buletin.de\/bucuresti\/#organization"},"image":{"@id":"https:\/\/buletin.de\/bucuresti\/au-inceput-lucrarile-pentru-reabilitarea-buclei-de-tramvai-de-pe-bulevardul-aerogarii\/#primaryimage"},"thumbnailUrl":"https:\/\/buletin.de\/bucuresti\/wp-content\/uploads\/306980169_628865188589899_2703753633875716190_n.jpg","keywords":["bd aerogarii","bucuresti","linia 5","nicusor dan","reabilitare","stb","tramvai"],"articleSection":["\u0218tiri"],"inLanguage":"en-GB","copyrightYear":"2022","copyrightHolder":{"@id":"https:\/\/buletin.de\/bucuresti\/#organization"}},{"@type":"WebPage","@id":"https:\/\/buletin.de\/bucuresti\/au-inceput-lucrarile-pentru-reabilitarea-buclei-de-tramvai-de-pe-bulevardul-aerogarii\/","url":"https:\/\/buletin.de\/bucuresti\/au-inceput-lucrarile-pentru-reabilitarea-buclei-de-tramvai-de-pe-bulevardul-aerogarii\/","name":"Au \u00eenceput lucr\u0103rile pentru reabilitarea buclei de tramvai de pe bulevardul Aerog\u0103rii - Buletin de Bucure\u0219ti","isPartOf":{"@id":"https:\/\/buletin.de\/bucuresti\/#website"},"primaryImageOfPage":{"@id":"https:\/\/buletin.de\/bucuresti\/au-inceput-lucrarile-pentru-reabilitarea-buclei-de-tramvai-de-pe-bulevardul-aerogarii\/#primaryimage"},"image":{"@id":"https:\/\/buletin.de\/bucuresti\/au-inceput-lucrarile-pentru-reabilitarea-buclei-de-tramvai-de-pe-bulevardul-aerogarii\/#primaryimage"},"thumbnailUrl":"https:\/\/buletin.de\/bucuresti\/wp-content\/uploads\/306980169_628865188589899_2703753633875716190_n.jpg","datePublished":"2022-09-14T14:10:06+00:00","dateModified":"2022-09-14T14:10:07+00:00","description":"Lucr\u0103rile pentru continuarea \u0219i finalizarea proiectului de reabilitare a buclei de tramvai de pe bd. Aerog\u0103rii au \u00eenceput, dup\u0103 zece ani.","breadcrumb":{"@id":"https:\/\/buletin.de\/bucuresti\/au-inceput-lucrarile-pentru-reabilitarea-buclei-de-tramvai-de-pe-bulevardul-aerogarii\/#breadcrumb"},"inLanguage":"en-GB","potentialAction":[{"@type":"ReadAction","target":["https:\/\/buletin.de\/bucuresti\/au-inceput-lucrarile-pentru-reabilitarea-buclei-de-tramvai-de-pe-bulevardul-aerogarii\/"]}]},{"@type":"ImageObject","inLanguage":"en-GB","@id":"https:\/\/buletin.de\/bucuresti\/au-inceput-lucrarile-pentru-reabilitarea-buclei-de-tramvai-de-pe-bulevardul-aerogarii\/#primaryimage","url":"https:\/\/buletin.de\/bucuresti\/wp-content\/uploads\/306980169_628865188589899_2703753633875716190_n.jpg","contentUrl":"https:\/\/buletin.de\/bucuresti\/wp-content\/uploads\/306980169_628865188589899_2703753633875716190_n.jpg","width":1600,"height":1066},{"@type":"BreadcrumbList","@id":"https:\/\/buletin.de\/bucuresti\/au-inceput-lucrarile-pentru-reabilitarea-buclei-de-tramvai-de-pe-bulevardul-aerogarii\/#breadcrumb","itemListElement":[{"@type":"ListItem","position":1,"name":"Acas\u0103","item":"https:\/\/buletin.de\/bucuresti\/"},{"@type":"ListItem","position":2,"name":"Au \u00eenceput lucr\u0103rile pentru reabilitarea buclei de tramvai de pe bulevardul Aerog\u0103rii"}]},{"@type":"WebSite","@id":"https:\/\/buletin.de\/bucuresti\/#website","url":"https:\/\/buletin.de\/bucuresti\/","name":"Buletin de Bucure\u0219ti","description":"\u0218tiri \u0219i investiga\u021bii esen\u021biale din capital\u0103","publisher":{"@id":"https:\/\/buletin.de\/bucuresti\/#organization"},"potentialAction":[{"@type":"SearchAction","target":{"@type":"EntryPoint","urlTemplate":"https:\/\/buletin.de\/bucuresti\/?s={search_term_string}"},"query-input":{"@type":"PropertyValueSpecification","valueRequired":true,"valueName":"search_term_string"}}],"inLanguage":"en-GB"},{"@type":"Organization","@id":"https:\/\/buletin.de\/bucuresti\/#organization","name":"Buletin de Bucure\u0219ti","url":"https:\/\/buletin.de\/bucuresti\/","logo":{"@type":"ImageObject","inLanguage":"en-GB","@id":"https:\/\/buletin.de\/bucuresti\/#\/schema\/logo\/image\/","url":"https:\/\/buletin.de\/bucuresti\/wp-content\/uploads\/logo-bdb-full-wide-vernil-transparent.png","contentUrl":"https:\/\/buletin.de\/bucuresti\/wp-content\/uploads\/logo-bdb-full-wide-vernil-transparent.png","width":1782,"height":626,"caption":"Buletin de Bucure\u0219ti"},"image":{"@id":"https:\/\/buletin.de\/bucuresti\/#\/schema\/logo\/image\/"},"sameAs":["https:\/\/www.facebook.com\/buletin.de.buc","https:\/\/www.instagram.com\/buletinde.bucuresti\/"]},{"@type":"Person","@id":"https:\/\/buletin.de\/bucuresti\/#\/schema\/person\/2305426a193cfbaadc0b30023ee5d01c","name":"Andra Mure\u0219an","image":{"@type":"ImageObject","inLanguage":"en-GB","@id":"https:\/\/secure.gravatar.com\/avatar\/0f89940de76acadc8ab9c36e6cec5b672fc84ab1bf1537562fa8584e29dfa8a5?s=96&d=monsterid&r=g30a40ed95e1c0fc67315c6f2c6fa871e","url":"https:\/\/secure.gravatar.com\/avatar\/0f89940de76acadc8ab9c36e6cec5b672fc84ab1bf1537562fa8584e29dfa8a5?s=96&d=monsterid&r=g","contentUrl":"https:\/\/secure.gravatar.com\/avatar\/0f89940de76acadc8ab9c36e6cec5b672fc84ab1bf1537562fa8584e29dfa8a5?s=96&d=monsterid&r=g","caption":"Andra Mure\u0219an"},"url":"https:\/\/buletin.de\/bucuresti\/author\/andra\/"}]}},"authors":[{"term_id":22603,"user_id":42,"is_guest":0,"slug":"andra","display_name":"Andra Mure\u0219an","avatar_url":"https:\/\/secure.gravatar.com\/avatar\/0f89940de76acadc8ab9c36e6cec5b672fc84ab1bf1537562fa8584e29dfa8a5?s=96&d=monsterid&r=g","0":null,"1":"","2":"","3":"","4":"","5":"","6":"","7":"","8":""}],"_links":{"self":[{"href":"https:\/\/buletin.de\/bucuresti\/wp-json\/wp\/v2\/posts\/46281","targetHints":{"allow":["GET"]}}],"collection":[{"href":"https:\/\/buletin.de\/bucuresti\/wp-json\/wp\/v2\/posts"}],"about":[{"href":"https:\/\/buletin.de\/bucuresti\/wp-json\/wp\/v2\/types\/post"}],"author":[{"embeddable":true,"href":"https:\/\/buletin.de\/bucuresti\/wp-json\/wp\/v2\/users\/42"}],"replies":[{"embeddable":true,"href":"https:\/\/buletin.de\/bucuresti\/wp-json\/wp\/v2\/comments?post=46281"}],"version-history":[{"count":1,"href":"https:\/\/buletin.de\/bucuresti\/wp-json\/wp\/v2\/posts\/46281\/revisions"}],"predecessor-version":[{"id":46287,"href":"https:\/\/buletin.de\/bucuresti\/wp-json\/wp\/v2\/posts\/46281\/revisions\/46287"}],"wp:featuredmedia":[{"embeddable":true,"href":"https:\/\/buletin.de\/bucuresti\/wp-json\/wp\/v2\/media\/46283"}],"wp:attachment":[{"href":"https:\/\/buletin.de\/bucuresti\/wp-json\/wp\/v2\/media?parent=46281"}],"wp:term":[{"taxonomy":"category","embeddable":true,"href":"https:\/\/buletin.de\/bucuresti\/wp-json\/wp\/v2\/categories?post=46281"},{"taxonomy":"post_tag","embeddable":true,"href":"https:\/\/buletin.de\/bucuresti\/wp-json\/wp\/v2\/tags?post=46281"},{"taxonomy":"author","embeddable":true,"href":"https:\/\/buletin.de\/bucuresti\/wp-json\/wp\/v2\/ppma_author?post=46281"}],"curies":[{"name":"wp","href":"https:\/\/api.w.org\/{rel}","templated":true}]}}