{"id":46277,"date":"2022-09-14T13:56:05","date_gmt":"2022-09-14T11:56:05","guid":{"rendered":"https:\/\/buletin.de\/bucuresti\/?p=46277"},"modified":"2022-09-14T13:57:17","modified_gmt":"2022-09-14T11:57:17","slug":"sectorul-6-achizitiile-publice-se-vor-face-centralizat-pentru-toate-institutiile-subordonate","status":"publish","type":"post","link":"https:\/\/buletin.de\/bucuresti\/sectorul-6-achizitiile-publice-se-vor-face-centralizat-pentru-toate-institutiile-subordonate\/","title":{"rendered":"Sectorul 6 | Achizi\u021biile publice se vor face centralizat, pentru toate institu\u021biile subordonate Consiliului Local"},"content":{"rendered":"\n<p>Prim\u0103ria Sector 6 va implementa un proiect ini\u021biat de Agen\u021bia Na\u021bional\u0103 pentru Achizi\u021bii Publice, de centralizare a achizi\u021biilor publice pentru toate institu\u021biile subordonate. \u00cen acest scop, va fi \u00eenfiin\u021bat\u0103 o Unitate Centralizat\u0103 de Achizi\u021bii care va cump\u0103ra bunuri \u0219i servicii pentru toate institu\u021biile. Scopul acestui proiect este, \u00een primul r\u00e2nd, de a reduce cheltuielile din bani publici. <\/p>\n\n\n\n<p><\/p>\n\n\n\n<p>Procedura de achizi\u021bii se desf\u0103\u0219ura, p\u00e2n\u0103 acum, independent pentru fiecare din cele opt institu\u021bii \u00een parte \u0219i pentru prim\u0103rie.  Pentru fiecare cheltuial\u0103 \u00een parte se fac proceduri de atribuire, se \u00eenfiin\u021beaz\u0103 comisii de evaluare, se deruleaz\u0103 licita\u021bii, se monitorizeaz\u0103 implementarea contractelor. <\/p>\n\n\n\n<p>\u00cenfiin\u021barea unei singure entit\u0103\u021bi care s\u0103 fac\u0103 achizi\u021bii pentru toate cele nou\u0103 institu\u021bii, Unitatea Centralizat\u0103 de Achizi\u021bii, va aduce o serie avantaje, conform comunicatului transmis de Prim\u0103ria Sector 6.<\/p>\n\n\n\n<ul class=\"wp-block-list\"><li>Se reduc costurile. Una este s\u0103-\u0219i cumpere fiecare institu\u021bie c\u00e2te 100 de pixuri, de modele \u0219i pre\u021buri diferite, \u0219i alta e ca o singur\u0103 entitate s\u0103 achizi\u021bioneze pentru ele 900 de pixuri. Cu c\u00e2t cantiatea este mai mare, cu at\u00e2t puterea de negociere este mai mare \u0219i pre\u021bul mai bun;<\/li><li>Uniformizarea\/standardizarea gamei de produse \u0219i servicii este un alt avantaj;<\/li><li>Comisia de evaluare a ofertelor este format\u0103 din reprezentan\u021bi ai tuturor institu\u021biilor, ceea ce elimin\u0103 corup\u021bia. <\/li><li>Se c\u00e2\u0219tig\u0103 timp \u0219i se diminueaz\u0103 riscul de contesta\u021bii;<\/li><\/ul>\n\n\n\n<p><em>Este un control suplimentar, pentru c\u0103 la aceste proceduri particip\u0103 opt institu\u021bii din subordinea prim\u0103riei, fiecare cu c\u00e2te un om, fiecare superviz\u00e2ndu-se reciproc. Deci vorbim despre o comisie l\u0103rgit\u0103<\/em>\u201d, a precizat <strong>primarul Sectorului 6, Ciprian Ciucu<\/strong>;<\/p>\n\n\n\n<p>Un alt avantaj al noului sistem ar fi faptul c\u0103, contractele nu se mai fac pe 3-4 ani, a\u0219a cum se \u00eent\u00e2mpl\u0103 \u00een cazul achizi\u021biilor individuale, ceea ce ar permite ca mai mul\u021bi furniz\u0103ri s\u0103 beneficieze de rela\u021bii contractuale cu institu\u021biile din sectorul 6.<\/p>\n\n\n\n<p>\u201e<em>UCA \u00eendepline\u0219te rolul de intermediar, colecteaz\u0103 necesit\u0103\u021bile de la subordonate, le analizeaz\u0103, standardizeaz\u0103 cerin\u021bele \u0219i tipologiile de produse necesare, astfel \u00eenc\u00e2t toat\u0103 lumea s\u0103 fie mul\u021bumit\u0103. Dup\u0103 ce analizeaz\u0103 necesarul de produse \u0219i servicii, UCA cerceteaz\u0103 pia\u021ba, intr\u0103 \u00een dialog cu operatorii economici, poate primi ofertele \u0219i online. Iar contractele nu se mai fac pe 3-4 ani cu un sigur operator care a c\u00e2\u0219tigat licita\u021bia, ci po\u021bi s\u0103-i dai primului clasat o comand\u0103, urm\u0103torului operator economic o alt\u0103 comand\u0103, astfel \u00eenc\u00e2t s\u0103-i \u021bii pe to\u021bi interesa\u021bi. Este un sistem dinamic care m\u0103re\u0219te foarte mult concuren\u021ba \u0219i nu blocheaz\u0103 pia\u021ba<\/em>\u201d, a explicat <strong>Alexandra Mihai, expert \u00een achizi\u021bii din partea Ernst &amp; Young.<\/strong><\/p>\n\n\n\n<p>Unit\u0103\u021bile de Achizi\u021bii Publice Centralizate la nivel local sunt utilizate frecvent \u00een administra\u021biile na\u021bionale \u0219i locale din Uniunea European\u0103 de peste 15 ani. \u00cen Rom\u00e2nia, vor fi implementate la 12 autorit\u0103\u021bi publice locale, care s-au \u00eenscris \u0219i au trecut procesul de selec\u021bie ANAP. Deja au fost \u00eenfiin\u021bate unit\u0103\u021bi centralizate locale la Consiliul Jude\u021bean Harghita, Consiliul Jude\u021bean Sibiu \u0219i Prim\u0103ria Muncipiului Timi\u0219oara. Urmeaz\u0103 Prim\u0103ria Sectorului 6.<\/p>\n\n\n\n<p><\/p>\n","protected":false},"excerpt":{"rendered":"<p>Prim\u0103ria Sector 6 va implementa un proiect ini\u021biat de Agen\u021bia Na\u021bional\u0103 pentru Achizi\u021bii Publice, de centralizare a achizi\u021biilor publice pentru toate institu\u021biile subordonate. \u00cen acest scop, va fi \u00eenfiin\u021bat\u0103 o Unitate Centralizat\u0103 de Achizi\u021bii care va cump\u0103ra bunuri \u0219i servicii pentru toate institu\u021biile. Scopul acestui proiect este, \u00een primul r\u00e2nd, de a reduce cheltuielile din [&hellip;]<\/p>\n","protected":false},"author":18,"featured_media":46279,"comment_status":"closed","ping_status":"open","sticky":false,"template":"","format":"standard","meta":{"_acf_changed":false,"inline_featured_image":false,"ngg_post_thumbnail":0,"footnotes":""},"categories":[24,62],"tags":[4556,2089,523],"ppma_author":[22579],"class_list":["post-46277","post","type-post","status-publish","format-standard","has-post-thumbnail","hentry","category-primarie","category-stiri","tag-achizitii-centralizate","tag-ciprian-ciucu","tag-sector-6"],"acf":[],"yoast_head":"<!-- This site is optimized with the Yoast SEO Premium plugin v25.3 (Yoast SEO v27.4) - https:\/\/yoast.com\/product\/yoast-seo-premium-wordpress\/ -->\n<title>Sectorul 6 | Achizi\u021biile publice se vor face centralizat, pentru toate institu\u021biile subordonate Consiliului Local - Buletin de Bucure\u0219ti<\/title>\n<meta name=\"robots\" content=\"index, follow, max-snippet:-1, max-image-preview:large, max-video-preview:-1\" \/>\n<link rel=\"canonical\" href=\"https:\/\/buletin.de\/bucuresti\/sectorul-6-achizitiile-publice-se-vor-face-centralizat-pentru-toate-institutiile-subordonate\/\" \/>\n<meta property=\"og:locale\" content=\"en_GB\" \/>\n<meta property=\"og:type\" content=\"article\" \/>\n<meta property=\"og:title\" content=\"Sectorul 6 | Achizi\u021biile publice se vor face centralizat, pentru toate institu\u021biile subordonate Consiliului Local\" \/>\n<meta property=\"og:description\" content=\"Prim\u0103ria Sector 6 va implementa un proiect ini\u021biat de Agen\u021bia Na\u021bional\u0103 pentru Achizi\u021bii Publice, de centralizare a achizi\u021biilor publice pentru toate institu\u021biile subordonate. \u00cen acest scop, va fi \u00eenfiin\u021bat\u0103 o Unitate Centralizat\u0103 de Achizi\u021bii care va cump\u0103ra bunuri \u0219i servicii pentru toate institu\u021biile. Scopul acestui proiect este, \u00een primul r\u00e2nd, de a reduce cheltuielile din [&hellip;]\" \/>\n<meta property=\"og:url\" content=\"https:\/\/buletin.de\/bucuresti\/sectorul-6-achizitiile-publice-se-vor-face-centralizat-pentru-toate-institutiile-subordonate\/\" \/>\n<meta property=\"og:site_name\" content=\"Buletin de Bucure\u0219ti\" \/>\n<meta property=\"article:publisher\" content=\"https:\/\/www.facebook.com\/buletin.de.buc\" \/>\n<meta property=\"article:published_time\" content=\"2022-09-14T11:56:05+00:00\" \/>\n<meta property=\"article:modified_time\" content=\"2022-09-14T11:57:17+00:00\" \/>\n<meta property=\"og:image\" content=\"https:\/\/buletin.de\/bucuresti\/wp-content\/uploads\/UCA-S6.jpg\" \/>\n\t<meta property=\"og:image:width\" content=\"2048\" \/>\n\t<meta property=\"og:image:height\" content=\"1365\" \/>\n\t<meta property=\"og:image:type\" content=\"image\/jpeg\" \/>\n<meta name=\"author\" content=\"Teodora Stroe\" \/>\n<meta name=\"twitter:card\" content=\"summary_large_image\" \/>\n<meta name=\"twitter:label1\" content=\"Written by\" \/>\n\t<meta name=\"twitter:data1\" content=\"Teodora Stroe\" \/>\n\t<meta name=\"twitter:label2\" content=\"Estimated reading time\" \/>\n\t<meta name=\"twitter:data2\" content=\"3 minutes\" \/>\n<script type=\"application\/ld+json\" class=\"yoast-schema-graph\">{\"@context\":\"https:\\\/\\\/schema.org\",\"@graph\":[{\"@type\":\"Article\",\"@id\":\"https:\\\/\\\/buletin.de\\\/bucuresti\\\/sectorul-6-achizitiile-publice-se-vor-face-centralizat-pentru-toate-institutiile-subordonate\\\/#article\",\"isPartOf\":{\"@id\":\"https:\\\/\\\/buletin.de\\\/bucuresti\\\/sectorul-6-achizitiile-publice-se-vor-face-centralizat-pentru-toate-institutiile-subordonate\\\/\"},\"author\":{\"name\":\"Teodora Stroe\",\"@id\":\"https:\\\/\\\/buletin.de\\\/bucuresti\\\/#\\\/schema\\\/person\\\/d369d7ddc775abece205795e0b804614\"},\"headline\":\"Sectorul 6 | Achizi\u021biile publice se vor face centralizat, pentru toate institu\u021biile subordonate Consiliului Local\",\"datePublished\":\"2022-09-14T11:56:05+00:00\",\"dateModified\":\"2022-09-14T11:57:17+00:00\",\"mainEntityOfPage\":{\"@id\":\"https:\\\/\\\/buletin.de\\\/bucuresti\\\/sectorul-6-achizitiile-publice-se-vor-face-centralizat-pentru-toate-institutiile-subordonate\\\/\"},\"wordCount\":560,\"publisher\":{\"@id\":\"https:\\\/\\\/buletin.de\\\/bucuresti\\\/#organization\"},\"image\":{\"@id\":\"https:\\\/\\\/buletin.de\\\/bucuresti\\\/sectorul-6-achizitiile-publice-se-vor-face-centralizat-pentru-toate-institutiile-subordonate\\\/#primaryimage\"},\"thumbnailUrl\":\"https:\\\/\\\/buletin.de\\\/bucuresti\\\/wp-content\\\/uploads\\\/UCA-S6.jpg\",\"keywords\":[\"achizitii centralizate\",\"ciprian ciucu\",\"Sector 6\"],\"articleSection\":[\"Prim\u0103rie\",\"\u0218tiri\"],\"inLanguage\":\"en-GB\",\"copyrightYear\":\"2022\",\"copyrightHolder\":{\"@id\":\"https:\\\/\\\/buletin.de\\\/bucuresti\\\/#organization\"}},{\"@type\":\"WebPage\",\"@id\":\"https:\\\/\\\/buletin.de\\\/bucuresti\\\/sectorul-6-achizitiile-publice-se-vor-face-centralizat-pentru-toate-institutiile-subordonate\\\/\",\"url\":\"https:\\\/\\\/buletin.de\\\/bucuresti\\\/sectorul-6-achizitiile-publice-se-vor-face-centralizat-pentru-toate-institutiile-subordonate\\\/\",\"name\":\"Sectorul 6 | Achizi\u021biile publice se vor face centralizat, pentru toate institu\u021biile subordonate Consiliului Local - Buletin de Bucure\u0219ti\",\"isPartOf\":{\"@id\":\"https:\\\/\\\/buletin.de\\\/bucuresti\\\/#website\"},\"primaryImageOfPage\":{\"@id\":\"https:\\\/\\\/buletin.de\\\/bucuresti\\\/sectorul-6-achizitiile-publice-se-vor-face-centralizat-pentru-toate-institutiile-subordonate\\\/#primaryimage\"},\"image\":{\"@id\":\"https:\\\/\\\/buletin.de\\\/bucuresti\\\/sectorul-6-achizitiile-publice-se-vor-face-centralizat-pentru-toate-institutiile-subordonate\\\/#primaryimage\"},\"thumbnailUrl\":\"https:\\\/\\\/buletin.de\\\/bucuresti\\\/wp-content\\\/uploads\\\/UCA-S6.jpg\",\"datePublished\":\"2022-09-14T11:56:05+00:00\",\"dateModified\":\"2022-09-14T11:57:17+00:00\",\"breadcrumb\":{\"@id\":\"https:\\\/\\\/buletin.de\\\/bucuresti\\\/sectorul-6-achizitiile-publice-se-vor-face-centralizat-pentru-toate-institutiile-subordonate\\\/#breadcrumb\"},\"inLanguage\":\"en-GB\",\"potentialAction\":[{\"@type\":\"ReadAction\",\"target\":[\"https:\\\/\\\/buletin.de\\\/bucuresti\\\/sectorul-6-achizitiile-publice-se-vor-face-centralizat-pentru-toate-institutiile-subordonate\\\/\"]}]},{\"@type\":\"ImageObject\",\"inLanguage\":\"en-GB\",\"@id\":\"https:\\\/\\\/buletin.de\\\/bucuresti\\\/sectorul-6-achizitiile-publice-se-vor-face-centralizat-pentru-toate-institutiile-subordonate\\\/#primaryimage\",\"url\":\"https:\\\/\\\/buletin.de\\\/bucuresti\\\/wp-content\\\/uploads\\\/UCA-S6.jpg\",\"contentUrl\":\"https:\\\/\\\/buletin.de\\\/bucuresti\\\/wp-content\\\/uploads\\\/UCA-S6.jpg\",\"width\":2048,\"height\":1365},{\"@type\":\"BreadcrumbList\",\"@id\":\"https:\\\/\\\/buletin.de\\\/bucuresti\\\/sectorul-6-achizitiile-publice-se-vor-face-centralizat-pentru-toate-institutiile-subordonate\\\/#breadcrumb\",\"itemListElement\":[{\"@type\":\"ListItem\",\"position\":1,\"name\":\"Acas\u0103\",\"item\":\"https:\\\/\\\/buletin.de\\\/bucuresti\\\/\"},{\"@type\":\"ListItem\",\"position\":2,\"name\":\"Sectorul 6 | Achizi\u021biile publice se vor face centralizat, pentru toate institu\u021biile subordonate Consiliului Local\"}]},{\"@type\":\"WebSite\",\"@id\":\"https:\\\/\\\/buletin.de\\\/bucuresti\\\/#website\",\"url\":\"https:\\\/\\\/buletin.de\\\/bucuresti\\\/\",\"name\":\"Buletin de Bucure\u0219ti\",\"description\":\"\u0218tiri \u0219i investiga\u021bii esen\u021biale din capital\u0103\",\"publisher\":{\"@id\":\"https:\\\/\\\/buletin.de\\\/bucuresti\\\/#organization\"},\"potentialAction\":[{\"@type\":\"SearchAction\",\"target\":{\"@type\":\"EntryPoint\",\"urlTemplate\":\"https:\\\/\\\/buletin.de\\\/bucuresti\\\/?s={search_term_string}\"},\"query-input\":{\"@type\":\"PropertyValueSpecification\",\"valueRequired\":true,\"valueName\":\"search_term_string\"}}],\"inLanguage\":\"en-GB\"},{\"@type\":\"Organization\",\"@id\":\"https:\\\/\\\/buletin.de\\\/bucuresti\\\/#organization\",\"name\":\"Buletin de Bucure\u0219ti\",\"url\":\"https:\\\/\\\/buletin.de\\\/bucuresti\\\/\",\"logo\":{\"@type\":\"ImageObject\",\"inLanguage\":\"en-GB\",\"@id\":\"https:\\\/\\\/buletin.de\\\/bucuresti\\\/#\\\/schema\\\/logo\\\/image\\\/\",\"url\":\"https:\\\/\\\/buletin.de\\\/bucuresti\\\/wp-content\\\/uploads\\\/logo-bdb-full-wide-vernil-transparent.png\",\"contentUrl\":\"https:\\\/\\\/buletin.de\\\/bucuresti\\\/wp-content\\\/uploads\\\/logo-bdb-full-wide-vernil-transparent.png\",\"width\":1782,\"height\":626,\"caption\":\"Buletin de Bucure\u0219ti\"},\"image\":{\"@id\":\"https:\\\/\\\/buletin.de\\\/bucuresti\\\/#\\\/schema\\\/logo\\\/image\\\/\"},\"sameAs\":[\"https:\\\/\\\/www.facebook.com\\\/buletin.de.buc\",\"https:\\\/\\\/www.instagram.com\\\/buletinde.bucuresti\\\/\"]},{\"@type\":\"Person\",\"@id\":\"https:\\\/\\\/buletin.de\\\/bucuresti\\\/#\\\/schema\\\/person\\\/d369d7ddc775abece205795e0b804614\",\"name\":\"Teodora Stroe\",\"image\":{\"@type\":\"ImageObject\",\"inLanguage\":\"en-GB\",\"@id\":\"https:\\\/\\\/secure.gravatar.com\\\/avatar\\\/2560b4cd9f5f1bc100b123158e657d75584bd1c3e1d9c69285720b9457c1b78d?s=96&d=monsterid&r=gc104800242ba5f2d78dd5d7dc4df08b6\",\"url\":\"https:\\\/\\\/secure.gravatar.com\\\/avatar\\\/2560b4cd9f5f1bc100b123158e657d75584bd1c3e1d9c69285720b9457c1b78d?s=96&d=monsterid&r=g\",\"contentUrl\":\"https:\\\/\\\/secure.gravatar.com\\\/avatar\\\/2560b4cd9f5f1bc100b123158e657d75584bd1c3e1d9c69285720b9457c1b78d?s=96&d=monsterid&r=g\",\"caption\":\"Teodora Stroe\"},\"url\":\"https:\\\/\\\/buletin.de\\\/bucuresti\\\/author\\\/simonacarlugea\\\/\"}]}<\/script>\n<!-- \/ Yoast SEO Premium plugin. -->","yoast_head_json":{"title":"Sectorul 6 | Achizi\u021biile publice se vor face centralizat, pentru toate institu\u021biile subordonate Consiliului Local - Buletin de Bucure\u0219ti","robots":{"index":"index","follow":"follow","max-snippet":"max-snippet:-1","max-image-preview":"max-image-preview:large","max-video-preview":"max-video-preview:-1"},"canonical":"https:\/\/buletin.de\/bucuresti\/sectorul-6-achizitiile-publice-se-vor-face-centralizat-pentru-toate-institutiile-subordonate\/","og_locale":"en_GB","og_type":"article","og_title":"Sectorul 6 | Achizi\u021biile publice se vor face centralizat, pentru toate institu\u021biile subordonate Consiliului Local","og_description":"Prim\u0103ria Sector 6 va implementa un proiect ini\u021biat de Agen\u021bia Na\u021bional\u0103 pentru Achizi\u021bii Publice, de centralizare a achizi\u021biilor publice pentru toate institu\u021biile subordonate. \u00cen acest scop, va fi \u00eenfiin\u021bat\u0103 o Unitate Centralizat\u0103 de Achizi\u021bii care va cump\u0103ra bunuri \u0219i servicii pentru toate institu\u021biile. Scopul acestui proiect este, \u00een primul r\u00e2nd, de a reduce cheltuielile din [&hellip;]","og_url":"https:\/\/buletin.de\/bucuresti\/sectorul-6-achizitiile-publice-se-vor-face-centralizat-pentru-toate-institutiile-subordonate\/","og_site_name":"Buletin de Bucure\u0219ti","article_publisher":"https:\/\/www.facebook.com\/buletin.de.buc","article_published_time":"2022-09-14T11:56:05+00:00","article_modified_time":"2022-09-14T11:57:17+00:00","og_image":[{"width":2048,"height":1365,"url":"https:\/\/buletin.de\/bucuresti\/wp-content\/uploads\/UCA-S6.jpg","type":"image\/jpeg"}],"author":"Teodora Stroe","twitter_card":"summary_large_image","twitter_misc":{"Written by":"Teodora Stroe","Estimated reading time":"3 minutes"},"schema":{"@context":"https:\/\/schema.org","@graph":[{"@type":"Article","@id":"https:\/\/buletin.de\/bucuresti\/sectorul-6-achizitiile-publice-se-vor-face-centralizat-pentru-toate-institutiile-subordonate\/#article","isPartOf":{"@id":"https:\/\/buletin.de\/bucuresti\/sectorul-6-achizitiile-publice-se-vor-face-centralizat-pentru-toate-institutiile-subordonate\/"},"author":{"name":"Teodora Stroe","@id":"https:\/\/buletin.de\/bucuresti\/#\/schema\/person\/d369d7ddc775abece205795e0b804614"},"headline":"Sectorul 6 | Achizi\u021biile publice se vor face centralizat, pentru toate institu\u021biile subordonate Consiliului Local","datePublished":"2022-09-14T11:56:05+00:00","dateModified":"2022-09-14T11:57:17+00:00","mainEntityOfPage":{"@id":"https:\/\/buletin.de\/bucuresti\/sectorul-6-achizitiile-publice-se-vor-face-centralizat-pentru-toate-institutiile-subordonate\/"},"wordCount":560,"publisher":{"@id":"https:\/\/buletin.de\/bucuresti\/#organization"},"image":{"@id":"https:\/\/buletin.de\/bucuresti\/sectorul-6-achizitiile-publice-se-vor-face-centralizat-pentru-toate-institutiile-subordonate\/#primaryimage"},"thumbnailUrl":"https:\/\/buletin.de\/bucuresti\/wp-content\/uploads\/UCA-S6.jpg","keywords":["achizitii centralizate","ciprian ciucu","Sector 6"],"articleSection":["Prim\u0103rie","\u0218tiri"],"inLanguage":"en-GB","copyrightYear":"2022","copyrightHolder":{"@id":"https:\/\/buletin.de\/bucuresti\/#organization"}},{"@type":"WebPage","@id":"https:\/\/buletin.de\/bucuresti\/sectorul-6-achizitiile-publice-se-vor-face-centralizat-pentru-toate-institutiile-subordonate\/","url":"https:\/\/buletin.de\/bucuresti\/sectorul-6-achizitiile-publice-se-vor-face-centralizat-pentru-toate-institutiile-subordonate\/","name":"Sectorul 6 | Achizi\u021biile publice se vor face centralizat, pentru toate institu\u021biile subordonate Consiliului Local - Buletin de Bucure\u0219ti","isPartOf":{"@id":"https:\/\/buletin.de\/bucuresti\/#website"},"primaryImageOfPage":{"@id":"https:\/\/buletin.de\/bucuresti\/sectorul-6-achizitiile-publice-se-vor-face-centralizat-pentru-toate-institutiile-subordonate\/#primaryimage"},"image":{"@id":"https:\/\/buletin.de\/bucuresti\/sectorul-6-achizitiile-publice-se-vor-face-centralizat-pentru-toate-institutiile-subordonate\/#primaryimage"},"thumbnailUrl":"https:\/\/buletin.de\/bucuresti\/wp-content\/uploads\/UCA-S6.jpg","datePublished":"2022-09-14T11:56:05+00:00","dateModified":"2022-09-14T11:57:17+00:00","breadcrumb":{"@id":"https:\/\/buletin.de\/bucuresti\/sectorul-6-achizitiile-publice-se-vor-face-centralizat-pentru-toate-institutiile-subordonate\/#breadcrumb"},"inLanguage":"en-GB","potentialAction":[{"@type":"ReadAction","target":["https:\/\/buletin.de\/bucuresti\/sectorul-6-achizitiile-publice-se-vor-face-centralizat-pentru-toate-institutiile-subordonate\/"]}]},{"@type":"ImageObject","inLanguage":"en-GB","@id":"https:\/\/buletin.de\/bucuresti\/sectorul-6-achizitiile-publice-se-vor-face-centralizat-pentru-toate-institutiile-subordonate\/#primaryimage","url":"https:\/\/buletin.de\/bucuresti\/wp-content\/uploads\/UCA-S6.jpg","contentUrl":"https:\/\/buletin.de\/bucuresti\/wp-content\/uploads\/UCA-S6.jpg","width":2048,"height":1365},{"@type":"BreadcrumbList","@id":"https:\/\/buletin.de\/bucuresti\/sectorul-6-achizitiile-publice-se-vor-face-centralizat-pentru-toate-institutiile-subordonate\/#breadcrumb","itemListElement":[{"@type":"ListItem","position":1,"name":"Acas\u0103","item":"https:\/\/buletin.de\/bucuresti\/"},{"@type":"ListItem","position":2,"name":"Sectorul 6 | Achizi\u021biile publice se vor face centralizat, pentru toate institu\u021biile subordonate Consiliului Local"}]},{"@type":"WebSite","@id":"https:\/\/buletin.de\/bucuresti\/#website","url":"https:\/\/buletin.de\/bucuresti\/","name":"Buletin de Bucure\u0219ti","description":"\u0218tiri \u0219i investiga\u021bii esen\u021biale din capital\u0103","publisher":{"@id":"https:\/\/buletin.de\/bucuresti\/#organization"},"potentialAction":[{"@type":"SearchAction","target":{"@type":"EntryPoint","urlTemplate":"https:\/\/buletin.de\/bucuresti\/?s={search_term_string}"},"query-input":{"@type":"PropertyValueSpecification","valueRequired":true,"valueName":"search_term_string"}}],"inLanguage":"en-GB"},{"@type":"Organization","@id":"https:\/\/buletin.de\/bucuresti\/#organization","name":"Buletin de Bucure\u0219ti","url":"https:\/\/buletin.de\/bucuresti\/","logo":{"@type":"ImageObject","inLanguage":"en-GB","@id":"https:\/\/buletin.de\/bucuresti\/#\/schema\/logo\/image\/","url":"https:\/\/buletin.de\/bucuresti\/wp-content\/uploads\/logo-bdb-full-wide-vernil-transparent.png","contentUrl":"https:\/\/buletin.de\/bucuresti\/wp-content\/uploads\/logo-bdb-full-wide-vernil-transparent.png","width":1782,"height":626,"caption":"Buletin de Bucure\u0219ti"},"image":{"@id":"https:\/\/buletin.de\/bucuresti\/#\/schema\/logo\/image\/"},"sameAs":["https:\/\/www.facebook.com\/buletin.de.buc","https:\/\/www.instagram.com\/buletinde.bucuresti\/"]},{"@type":"Person","@id":"https:\/\/buletin.de\/bucuresti\/#\/schema\/person\/d369d7ddc775abece205795e0b804614","name":"Teodora Stroe","image":{"@type":"ImageObject","inLanguage":"en-GB","@id":"https:\/\/secure.gravatar.com\/avatar\/2560b4cd9f5f1bc100b123158e657d75584bd1c3e1d9c69285720b9457c1b78d?s=96&d=monsterid&r=gc104800242ba5f2d78dd5d7dc4df08b6","url":"https:\/\/secure.gravatar.com\/avatar\/2560b4cd9f5f1bc100b123158e657d75584bd1c3e1d9c69285720b9457c1b78d?s=96&d=monsterid&r=g","contentUrl":"https:\/\/secure.gravatar.com\/avatar\/2560b4cd9f5f1bc100b123158e657d75584bd1c3e1d9c69285720b9457c1b78d?s=96&d=monsterid&r=g","caption":"Teodora Stroe"},"url":"https:\/\/buletin.de\/bucuresti\/author\/simonacarlugea\/"}]}},"authors":[{"term_id":22579,"user_id":18,"is_guest":0,"slug":"simonacarlugea","display_name":"Teodora Stroe","avatar_url":"https:\/\/secure.gravatar.com\/avatar\/2560b4cd9f5f1bc100b123158e657d75584bd1c3e1d9c69285720b9457c1b78d?s=96&d=monsterid&r=g","0":null,"1":"","2":"","3":"","4":"","5":"","6":"","7":"","8":""}],"_links":{"self":[{"href":"https:\/\/buletin.de\/bucuresti\/wp-json\/wp\/v2\/posts\/46277","targetHints":{"allow":["GET"]}}],"collection":[{"href":"https:\/\/buletin.de\/bucuresti\/wp-json\/wp\/v2\/posts"}],"about":[{"href":"https:\/\/buletin.de\/bucuresti\/wp-json\/wp\/v2\/types\/post"}],"author":[{"embeddable":true,"href":"https:\/\/buletin.de\/bucuresti\/wp-json\/wp\/v2\/users\/18"}],"replies":[{"embeddable":true,"href":"https:\/\/buletin.de\/bucuresti\/wp-json\/wp\/v2\/comments?post=46277"}],"version-history":[{"count":2,"href":"https:\/\/buletin.de\/bucuresti\/wp-json\/wp\/v2\/posts\/46277\/revisions"}],"predecessor-version":[{"id":46280,"href":"https:\/\/buletin.de\/bucuresti\/wp-json\/wp\/v2\/posts\/46277\/revisions\/46280"}],"wp:featuredmedia":[{"embeddable":true,"href":"https:\/\/buletin.de\/bucuresti\/wp-json\/wp\/v2\/media\/46279"}],"wp:attachment":[{"href":"https:\/\/buletin.de\/bucuresti\/wp-json\/wp\/v2\/media?parent=46277"}],"wp:term":[{"taxonomy":"category","embeddable":true,"href":"https:\/\/buletin.de\/bucuresti\/wp-json\/wp\/v2\/categories?post=46277"},{"taxonomy":"post_tag","embeddable":true,"href":"https:\/\/buletin.de\/bucuresti\/wp-json\/wp\/v2\/tags?post=46277"},{"taxonomy":"author","embeddable":true,"href":"https:\/\/buletin.de\/bucuresti\/wp-json\/wp\/v2\/ppma_author?post=46277"}],"curies":[{"name":"wp","href":"https:\/\/api.w.org\/{rel}","templated":true}]}}