{"id":46145,"date":"2022-09-12T19:02:34","date_gmt":"2022-09-12T17:02:34","guid":{"rendered":"https:\/\/buletin.de\/bucuresti\/?p=46145"},"modified":"2024-09-11T08:57:03","modified_gmt":"2024-09-11T05:57:03","slug":"interviu-cat-costa-reabilitarea-forturilor-bucurestilor-patru-poluri-despre-istorie-natura-arte-si-divertisment","status":"publish","type":"post","link":"https:\/\/buletin.de\/bucuresti\/interviu-cat-costa-reabilitarea-forturilor-bucurestilor-patru-poluri-despre-istorie-natura-arte-si-divertisment\/","title":{"rendered":"INTERVIU | C\u00e2t cost\u0103 reabilitarea Forturilor Bucure\u0219tilor: patru poluri despre Istorie, Natur\u0103, Arte \u0219i Divertisment"},"content":{"rendered":"\n<p><strong>Bucure\u0219tiul este \u00eenconjurat de 18 forturi \u0219i 18 baterii construite pe vremea regelui Carol I cu scopul de a ap\u0103ra Capitala \u00een cazul unui r\u0103zboi. Construc\u021bia acestor edificii a fost f\u0103cut\u0103 \u00eentre 1884-1903, iar costurile au fost imense, dep\u0103\u0219ind 600 de milioane de euro \u00een banii de azi. Pe l\u00e2ng\u0103 perspectiva turistic\u0103, reabilitatea acestora \u00eenseamn\u0103 \u0219i beneficii directe pentru locuitorii din Capital\u0103 \u0219i zona metropolitan\u0103. C\u00e2t cost\u0103 reabilitarea Forturilor Bucure\u0219tilor<\/strong>?<\/p>\n\n\n\n<h2 class=\"wp-block-heading\" id=\"h-care-a-fost-rolul-forturilor-bucure\u0219tiului\">Care a fost rolul forturilor Bucure\u0219tiului<\/h2>\n\n\n\n<p>O mare parte dintre dintre forturile \u0219i bateriile Capitalei sunt \u00een proprietatea Ministerului Ap\u0103r\u0103rii Na\u021bionale (MApN) sau \u00een proprietatea altor ministere. <\/p>\n\n\n\n<p>Cu c\u00e2teva excep\u021bii, forturile \u0219i bateriile din jurul Bucure\u0219tiului sunt abandonate \u0219i \u00eentr-o stare de degradare vizibil\u0103, unele fiind inundate, pline de gunoi sau pur \u0219i simplu l\u0103sate \u00een paragin\u0103<strong>. <\/strong><\/p>\n\n\n\n<p>De\u0219i sunt proiectate de acela\u0219i arhitct, Henri Alexis Brialmont, \u00een Belgia forturile au o soart\u0103 cu totul diferit\u0103, fiind integrate \u00een peisajul urbanistic al ora\u0219elor \u0219i puse \u00een valoare. <\/p>\n\n\n\n<p>\u00cen unele cazuri, forturile din Vest au devenit baze sportive, muzee pentru copii, depozite pentru institu\u021bii agricole sau chiar oaze de verdea\u021b\u0103 pentru ora\u0219e.<\/p>\n\n\n\n<figure class=\"wp-block-gallery has-nested-images columns-default is-cropped wp-block-gallery-1 is-layout-flex wp-block-gallery-is-layout-flex\">\n<figure class=\"wp-block-image size-large\"><a href=\"https:\/\/buletin.de\/bucuresti\/wp-content\/uploads\/DSC7862.jpg\"><img fetchpriority=\"high\" decoding=\"async\" width=\"900\" height=\"600\" data-id=\"46154\" src=\"data:image\/gif;base64,R0lGODlhAQABAAAAACH5BAEKAAEALAAAAAABAAEAAAICTAEAOw==\" data-src=\"https:\/\/buletin.de\/bucuresti\/wp-content\/uploads\/DSC7862-900x600.jpg\" alt=\"\" class=\"wp-image-46154 lazyload\" data-sizes=\"auto\" data-srcset=\"https:\/\/buletin.de\/bucuresti\/wp-content\/uploads\/DSC7862-900x600.jpg 900w, https:\/\/buletin.de\/bucuresti\/wp-content\/uploads\/DSC7862-300x200.jpg 300w, https:\/\/buletin.de\/bucuresti\/wp-content\/uploads\/DSC7862-768x512.jpg 768w, https:\/\/buletin.de\/bucuresti\/wp-content\/uploads\/DSC7862-550x367.jpg 550w, https:\/\/buletin.de\/bucuresti\/wp-content\/uploads\/DSC7862-750x500.jpg 750w, https:\/\/buletin.de\/bucuresti\/wp-content\/uploads\/DSC7862-600x400.jpg 600w, https:\/\/buletin.de\/bucuresti\/wp-content\/uploads\/DSC7862.jpg 1000w\" sizes=\"(max-width: 900px) 100vw, 900px\" \/><\/a><figcaption class=\"wp-element-caption\">Cum arat\u0103 \u00een prezent Fortul I Chitila. Surs\u0103 Foto: Forturi.ro <\/figcaption><\/figure>\n\n\n\n<figure class=\"wp-block-image size-large\"><a href=\"https:\/\/buletin.de\/bucuresti\/wp-content\/uploads\/IMG_0919-1.jpg\"><img decoding=\"async\" width=\"900\" height=\"675\" data-id=\"46153\" src=\"data:image\/gif;base64,R0lGODlhAQABAAAAACH5BAEKAAEALAAAAAABAAEAAAICTAEAOw==\" data-src=\"https:\/\/buletin.de\/bucuresti\/wp-content\/uploads\/IMG_0919-1-900x675.jpg\" alt=\"\" class=\"wp-image-46153 lazyload\" data-sizes=\"auto\" data-srcset=\"https:\/\/buletin.de\/bucuresti\/wp-content\/uploads\/IMG_0919-1-900x675.jpg 900w, https:\/\/buletin.de\/bucuresti\/wp-content\/uploads\/IMG_0919-1-300x225.jpg 300w, https:\/\/buletin.de\/bucuresti\/wp-content\/uploads\/IMG_0919-1-768x576.jpg 768w, https:\/\/buletin.de\/bucuresti\/wp-content\/uploads\/IMG_0919-1-550x413.jpg 550w, https:\/\/buletin.de\/bucuresti\/wp-content\/uploads\/IMG_0919-1-667x500.jpg 667w, https:\/\/buletin.de\/bucuresti\/wp-content\/uploads\/IMG_0919-1-600x450.jpg 600w, https:\/\/buletin.de\/bucuresti\/wp-content\/uploads\/IMG_0919-1.jpg 1000w\" sizes=\"(max-width: 900px) 100vw, 900px\" \/><\/a><figcaption class=\"wp-element-caption\">Cum arat\u0103 \u00een prezent Bateria 4-5 Tunari, surs\u0103 foto: Forturi.ro <\/figcaption><\/figure>\n<\/figure>\n\n\n\n<h2 class=\"wp-block-heading\" id=\"h-cat-costa-reabilitarea-forturilor-bucure\u0219tilor\">C\u00e2t cost\u0103 reabilitarea Forturilor Bucure\u0219tilor<\/h2>\n\n\n\n<p>Buletin de Bucure\u0219ti a stat de vorb\u0103 cu Ciprian Pl\u0103ia\u0219u, pre\u0219edintele al Asocia\u021biei Turism Istoric, care a lansat recent un proiect pentru reabilitarea vestigiilor. Cu studii de specialitate \u00een istorie la Universitatea din Bucure\u0219ti, el se ocup\u0103 de promovarea patrimoniului cultural.<\/p>\n\n\n\n<figure class=\"wp-block-image size-large\"><a href=\"https:\/\/buletin.de\/bucuresti\/wp-content\/uploads\/DSC8016.jpeg\"><img decoding=\"async\" width=\"900\" height=\"600\" src=\"data:image\/gif;base64,R0lGODlhAQABAAAAACH5BAEKAAEALAAAAAABAAEAAAICTAEAOw==\" data-src=\"https:\/\/buletin.de\/bucuresti\/wp-content\/uploads\/DSC8016-900x600.jpeg\" alt=\"\" class=\"wp-image-46147 lazyload\" data-sizes=\"auto\" data-srcset=\"https:\/\/buletin.de\/bucuresti\/wp-content\/uploads\/DSC8016-900x600.jpeg 900w, https:\/\/buletin.de\/bucuresti\/wp-content\/uploads\/DSC8016-300x200.jpeg 300w, https:\/\/buletin.de\/bucuresti\/wp-content\/uploads\/DSC8016-768x512.jpeg 768w, https:\/\/buletin.de\/bucuresti\/wp-content\/uploads\/DSC8016-1536x1024.jpeg 1536w, https:\/\/buletin.de\/bucuresti\/wp-content\/uploads\/DSC8016-1060x707.jpeg 1060w, https:\/\/buletin.de\/bucuresti\/wp-content\/uploads\/DSC8016-550x367.jpeg 550w, https:\/\/buletin.de\/bucuresti\/wp-content\/uploads\/DSC8016-750x500.jpeg 750w, https:\/\/buletin.de\/bucuresti\/wp-content\/uploads\/DSC8016-1620x1080.jpeg 1620w, https:\/\/buletin.de\/bucuresti\/wp-content\/uploads\/DSC8016-600x400.jpeg 600w, https:\/\/buletin.de\/bucuresti\/wp-content\/uploads\/DSC8016.jpeg 1920w\" sizes=\"(max-width: 900px) 100vw, 900px\" \/><\/a><figcaption class=\"wp-element-caption\">Ciprian Pl\u0103ia\u0219u, \u00een unul dintre cele 18 forturi din jurul Bucure\u0219tiului. Surs\u0103 Foto: Forturi.ro <\/figcaption><\/figure>\n\n\n\n<p>Ciprian face parte din proiectul <a href=\"https:\/\/forturi.ro\/\">Forturi.ro<\/a>, o platform\u0103 care \u00ee\u0219i propune s\u0103 aduc\u0103 \u00een prim plan vechile forturi construite de Regele Carol I, nu doar ca obiective militare, istorice \u0219i poten\u021bial de patrimoniu, ci \u0219i ca locuri care, \u00een baza unor propuneri de revitalizare, s\u0103 devin\u0103 zone de interes \u0219i de atrac\u021bie pentru bucure\u0219teni \u0219i nu numai. <\/p>\n\n\n\n<p><\/p>\n\n\n\n<h2 class=\"wp-block-heading\" id=\"h-care-este-statul-juridic-al-acestor-edificii\"><strong>Care este statul juridic al acestor edificii<\/strong>?<\/h2>\n\n\n\n<p>\u00cen prezent, complex. La finalul anului 2020 cei care facem parte din echipa de proiect a actualei expozi\u021bii (aceasta fiind doar o parte a proiectului de fa\u021b\u0103), am realizat un studiu de oportunitate pentru Consiliul Jude\u021bean Ilfov \u00een care s-a \u00eencercat s\u0103 se ob\u021bin\u0103 o imagine c\u00e2t mai clar\u0103 a situa\u021biei juridice a centurii de fortifica\u021bii. Am observat c\u0103 aproape jum\u0103tate din fortifica\u021bii (forturi si baterii intermediare) se g\u0103sesc \u00een patrimoniul MApN. Restul au diver\u0219i proprietari: fie institu\u021bii ale statului (Ministerul de Interne, Consilii locale etc), fie priva\u021bi (persoane fizice sau firme). Fiecare fort sau baterie \u00een parte &#8211; din cele 30 r\u0103mase au situa\u021bii aparte.<\/p>\n\n\n\n<h2 class=\"wp-block-heading\" id=\"h-se-afla-acestea-in-zone-unde-terenurile-aferente-au-fost-retrocedate-nbsp\"><strong>Se afl\u0103 acestea \u00een zone unde terenurile aferente au fost retrocedate?&nbsp;<\/strong><\/h2>\n\n\n\n<p><em>Ca s\u0103 v\u0103 pot r\u0103spunde la aceast\u0103 \u00eentrebare ar trebui s\u0103 v\u0103 ofer un context. Orice lucrare de utilitate public\u0103, c\u0103 e autostrad\u0103 sau baza militar\u0103, \u00een perioadele \u00een care proprietatea privat\u0103 era respectat\u0103, se realizeaz\u0103 cu desp\u0103gubirea fo\u0219tilor proprietari. <\/em><\/p>\n\n\n\n<p><em>Deci cu excep\u021bia perioadei comuniste, toate celelalte au f\u0103cut exproprieri pentru a realiza astfel de obiective. <\/em><\/p>\n\n\n\n<p><em>Prin decrete regale, Carol I a expropriat, la finele secolului al XIX-lea, to\u021bi proprietarii priva\u021bi de pe raza fortifica\u021biilor, precum \u0219i de pe raza \u0219oselei de centur\u0103 \u0219i a centurii feroviare. <\/em><\/p>\n\n\n\n<p><em>Toate aceste trei componente au fost realizate \u00een aceea\u0219i perioad\u0103 &#8211; \u0219oseaua (in propor\u021bie de 90% pe acela\u0219i tronson ca \u0219i azi) \u0219i calea ferat\u0103 au fost construite ca s\u0103 asigure suportul logistic al forturilor \u0219i bateriilor.<\/em><\/p>\n\n\n\n<p><em>A\u0219adar nu putem vorbi de retroced\u0103ri \u00een sensul c\u0103 cineva a avut p\u0103m\u00e2nt unde azi e Fortul I Chitila \u0219i \u00eel vrea \u00eenapoi. Putem \u00eens\u0103 discuta de un alt fenomen: cel al punerilor in posesie. Pe multe extrase de c\u0103r\u021bi funciare apare aceast\u0103 men\u021biune: persona X sau firma Y a fost pus\u0103 \u00een posesie.<\/em><\/p>\n\n\n\n<figure class=\"wp-block-gallery has-nested-images columns-default is-cropped wp-block-gallery-2 is-layout-flex wp-block-gallery-is-layout-flex\">\n<figure class=\"wp-block-image size-large\"><a href=\"https:\/\/buletin.de\/bucuresti\/wp-content\/uploads\/Chitila-intrare.jpg\"><img loading=\"lazy\" decoding=\"async\" width=\"900\" height=\"500\" data-id=\"46155\" src=\"data:image\/gif;base64,R0lGODlhAQABAAAAACH5BAEKAAEALAAAAAABAAEAAAICTAEAOw==\" data-src=\"https:\/\/buletin.de\/bucuresti\/wp-content\/uploads\/Chitila-intrare-900x500.jpg\" alt=\"\" class=\"wp-image-46155 lazyload\" data-sizes=\"auto\" data-srcset=\"https:\/\/buletin.de\/bucuresti\/wp-content\/uploads\/Chitila-intrare-900x500.jpg 900w, https:\/\/buletin.de\/bucuresti\/wp-content\/uploads\/Chitila-intrare-300x167.jpg 300w, https:\/\/buletin.de\/bucuresti\/wp-content\/uploads\/Chitila-intrare-768x426.jpg 768w, https:\/\/buletin.de\/bucuresti\/wp-content\/uploads\/Chitila-intrare-550x305.jpg 550w, https:\/\/buletin.de\/bucuresti\/wp-content\/uploads\/Chitila-intrare-901x500.jpg 901w, https:\/\/buletin.de\/bucuresti\/wp-content\/uploads\/Chitila-intrare-600x333.jpg 600w, https:\/\/buletin.de\/bucuresti\/wp-content\/uploads\/Chitila-intrare.jpg 1000w\" sizes=\"(max-width: 900px) 100vw, 900px\" \/><\/a><figcaption class=\"wp-element-caption\">Fortul I Chitila \u00een prezent \u00eemp\u00e2nzit de vegeta\u021bie \u0219i copaci.  Foto: Forturi.ro <\/figcaption><\/figure>\n\n\n\n<figure class=\"wp-block-image size-large\"><a href=\"https:\/\/buletin.de\/bucuresti\/wp-content\/uploads\/Chitila-intrare-min.jpg\"><img loading=\"lazy\" decoding=\"async\" width=\"900\" height=\"507\" data-id=\"46156\" src=\"data:image\/gif;base64,R0lGODlhAQABAAAAACH5BAEKAAEALAAAAAABAAEAAAICTAEAOw==\" data-src=\"https:\/\/buletin.de\/bucuresti\/wp-content\/uploads\/Chitila-intrare-min-900x507.jpg\" alt=\"\" class=\"wp-image-46156 lazyload\" data-sizes=\"auto\" data-srcset=\"https:\/\/buletin.de\/bucuresti\/wp-content\/uploads\/Chitila-intrare-min-900x507.jpg 900w, https:\/\/buletin.de\/bucuresti\/wp-content\/uploads\/Chitila-intrare-min-300x169.jpg 300w, https:\/\/buletin.de\/bucuresti\/wp-content\/uploads\/Chitila-intrare-min-768x432.jpg 768w, https:\/\/buletin.de\/bucuresti\/wp-content\/uploads\/Chitila-intrare-min-550x310.jpg 550w, https:\/\/buletin.de\/bucuresti\/wp-content\/uploads\/Chitila-intrare-min-888x500.jpg 888w, https:\/\/buletin.de\/bucuresti\/wp-content\/uploads\/Chitila-intrare-min-600x338.jpg 600w, https:\/\/buletin.de\/bucuresti\/wp-content\/uploads\/Chitila-intrare-min.jpg 1000w\" sizes=\"(max-width: 900px) 100vw, 900px\" \/><\/a><figcaption class=\"wp-element-caption\">Cum ar putea ar\u0103ta Fortul I Chitila daca ar fi reabilitat. Foto: Forturi.ro <\/figcaption><\/figure>\n<\/figure>\n\n\n\n<p><\/p>\n\n\n\n<p>\u00ce<em>n perioada comunist\u0103, prin anii 60, unele dintre forturi \u0219i baterii au trecut de la Ministerul Ap\u0103r\u0103rii Na\u021bionale la diverse alte ministere &#8211; cele mai multe la Ministerul Agriculturii &#8211; pentru a putea fi folosite ca spa\u021bii de depozitare pentru Sectorul Agricol Ilfov. <\/em><\/p>\n\n\n\n<p><em>De la aceste entit\u0103\u021bi ele au ajuns la prim\u0103rii \u0219i acestea au pus \u00een posesie diverse persoane. A\u021bi putea \u00eentreba cum e posibil o prim\u0103rie s\u0103 pun\u0103 \u00een posesie un privat peste o bucat\u0103 de fortifica\u021bie? <\/em><\/p>\n\n\n\n<p><em>\u00cen primul r\u00e2nd fiind obiective militare, nu a exista obligativitatea legal\u0103 pentru Ministerul Ap\u0103r\u0103rii (sau de R\u0103zboi, depinde de perioad\u0103) de a face cadastru pentru spa\u021biul construit, iar trecerea parcelei, de multe ori, s-a f\u0103cut doar ca teren arabil sau p\u0103dure. Uneori noii proprietari au f\u0103cut cadastru, alteori nu.<\/em><\/p>\n\n\n\n<h2 class=\"wp-block-heading\" id=\"h-exista-cai-de-acces-publice-catre-aceste-forturi\"><strong>Exist\u0103 c\u0103i de acces publice c\u0103tre aceste forturi?<\/strong><\/h2>\n\n\n\n<p><em>Regele Carol I a prev\u0103zut c\u0103i de acces directe de la fortifica\u021bii la \u0219osea \u0219i la calea ferat\u0103. Exista inclusiv o normativ\u0103 \u00een ceea ce putem numi \u201ecaiet de sarcini\u201d care s\u0103 fie distan\u021ba de la fort\/ baterie la calea ferat\u0103 (undeva \u00eentre 100-200 m). <\/em><\/p>\n\n\n\n<p><em>De asemenea fiecare fort sau baterie avea dincolo de suprafa\u021ba construit\u0103 o arie de protec\u021bie. Astfel tarlaua pe care era construit\u0103 o baterie putea sa varieze \u00eentre 6-8 ha, iar \u00een cazul forturilor \u00eentre 25-40 ha. Azi \u00een schimb multe dintre intr\u0103rile \u00een fortifica\u021bii sunt obturate de diverse propriet\u0103\u021bi private a\u0219ezate \u00eentre \u0219osea \u0219i fortifica\u021bie. Sunt \u0219i c\u00e2teva exemple unde accesul este direct \u0219i facil din \u0218oseaua de Centur\u0103.<\/em><\/p>\n\n\n\n<h2 class=\"wp-block-heading\" id=\"h-care-sunt-costurile-estimate-pentru-reabilitarea-acestor-forturi\"><strong>Care sunt costurile estimate pentru reabilitarea acestor forturi?<\/strong><\/h2>\n\n\n\n<p><em>Este greu de estimat din mai multe puncte de vedere. At\u00e2t studiul din 2020, c\u00e2t \u0219i proiectul de fa\u021b\u0103 nu a putut nici m\u0103car s\u0103 evalueze toate fortifica\u021biile existente. Cum aminteam multe sunt \u00een proprietatea MApN sau MAI \u0219i multe dintre ele sunt \u00een incinta unor unit\u0103\u021bi militare active. <\/em><\/p>\n\n\n\n<p><em>Exist\u0103 o parte, de exemplu Fortul de la Bragadiru, care juridic sunt \u00een proprietatea MApN, dar sunt abandonate \u0219i accesul este liber. A\u0219adar ca s\u0103 pot oferi un r\u0103spuns fiecare fortifica\u021bie are particularit\u0103\u021bile ei de degradare: unele sunt\/ au fost par\u021bial inundate, altele nu, fiind ceva mai bine \u00eentre\u021binute, unele sunt destul de curate, altele pline de gunoi. <\/em><\/p>\n\n\n\n<figure class=\"wp-block-image size-large\"><a href=\"https:\/\/buletin.de\/bucuresti\/wp-content\/uploads\/IMG_20201121_102226-1.jpg\"><img loading=\"lazy\" decoding=\"async\" width=\"900\" height=\"675\" src=\"data:image\/gif;base64,R0lGODlhAQABAAAAACH5BAEKAAEALAAAAAABAAEAAAICTAEAOw==\" data-src=\"https:\/\/buletin.de\/bucuresti\/wp-content\/uploads\/IMG_20201121_102226-1-900x675.jpg\" alt=\"\" class=\"wp-image-46158 lazyload\" data-sizes=\"auto\" data-srcset=\"https:\/\/buletin.de\/bucuresti\/wp-content\/uploads\/IMG_20201121_102226-1-900x675.jpg 900w, https:\/\/buletin.de\/bucuresti\/wp-content\/uploads\/IMG_20201121_102226-1-300x225.jpg 300w, https:\/\/buletin.de\/bucuresti\/wp-content\/uploads\/IMG_20201121_102226-1-768x576.jpg 768w, https:\/\/buletin.de\/bucuresti\/wp-content\/uploads\/IMG_20201121_102226-1-550x413.jpg 550w, https:\/\/buletin.de\/bucuresti\/wp-content\/uploads\/IMG_20201121_102226-1-667x500.jpg 667w, https:\/\/buletin.de\/bucuresti\/wp-content\/uploads\/IMG_20201121_102226-1-600x450.jpg 600w, https:\/\/buletin.de\/bucuresti\/wp-content\/uploads\/IMG_20201121_102226-1.jpg 1000w\" sizes=\"(max-width: 900px) 100vw, 900px\" \/><\/a><figcaption class=\"wp-element-caption\">Bateria 4-5 Otopeni, \u00een prezent l\u0103sat\u0103 \u00een paragin\u0103. Surs\u0103 Foto: Forturi.ro <\/figcaption><\/figure>\n\n\n\n<p><\/p>\n\n\n\n<p><em>De asemenea costurile sunt \u0219i in func\u021bie de m\u0103rimea fiec\u0103rei fortifica\u021bii.Am \u00eencercat s\u0103 oferim cu ajutorul arhitectului nostru Dorothee Hasnas \u0219i a constructorilor cu care d\u00e2nsa a lucrat c\u00e2teva repere de costuri. <\/em><\/p>\n\n\n\n<p><em>Pentru o etap\u0103 de igienizare, punere \u00een siguran\u021b\u0103 \u0219i eventual crearea unor trasee sigure pentru cei care vor s\u0103 il vada, la un fort costurile pot ajunge la 500 000 de euro. Iar la o baterie probabil pe la 200 000 &#8211; 300 000 de euro. Conteaz\u0103 mult \u0219i accesibilitatea &#8211; construirea unei parc\u0103ri etc. <\/em><\/p>\n\n\n\n<p><em>\u00cen ceea ce prive\u0219te reabilitarea, din nou un cost mediu pentru forturi ar fi pe la 8 milioane de euro, iar pentru o baterie pe la jum\u0103tate. \u0218tim c\u0103 aceste costuri sperie, dar ideea era \u00eentr-o etapizare lucr\u0103rilor \u0219i \u00eentr-o asigurare a sustenabilit\u0103\u021bii proiectului pe termen lung.<\/em><\/p>\n\n\n\n<figure class=\"wp-block-image size-large\"><img loading=\"lazy\" decoding=\"async\" width=\"900\" height=\"507\" src=\"data:image\/gif;base64,R0lGODlhAQABAAAAACH5BAEKAAEALAAAAAABAAEAAAICTAEAOw==\" data-src=\"https:\/\/buletin.de\/bucuresti\/wp-content\/uploads\/Domnesti1-min-900x507.jpg\" alt=\"\" class=\"wp-image-46157 lazyload\" data-sizes=\"auto\" data-srcset=\"https:\/\/buletin.de\/bucuresti\/wp-content\/uploads\/Domnesti1-min-900x507.jpg 900w, https:\/\/buletin.de\/bucuresti\/wp-content\/uploads\/Domnesti1-min-300x169.jpg 300w, https:\/\/buletin.de\/bucuresti\/wp-content\/uploads\/Domnesti1-min-768x432.jpg 768w, https:\/\/buletin.de\/bucuresti\/wp-content\/uploads\/Domnesti1-min-550x310.jpg 550w, https:\/\/buletin.de\/bucuresti\/wp-content\/uploads\/Domnesti1-min-888x500.jpg 888w, https:\/\/buletin.de\/bucuresti\/wp-content\/uploads\/Domnesti1-min-600x338.jpg 600w, https:\/\/buletin.de\/bucuresti\/wp-content\/uploads\/Domnesti1-min.jpg 1000w\" sizes=\"(max-width: 900px) 100vw, 900px\" \/><figcaption class=\"wp-element-caption\">Cum ar putea ar\u0103ta Fortul Domne\u0219ti, care se afl\u0103 \u00een dreptul CET Vest Militari. Surs\u0103 Foto: Forturi.ro <\/figcaption><\/figure>\n\n\n\n<p><\/p>\n\n\n\n<h2 class=\"wp-block-heading\" id=\"h-cat-de-mare-a-fost-efortul-financiar-pentru-construc\u021bia-acestora-nbsp\"><strong>C\u00e2t de mare a fost efortul financiar pentru construc\u021bia acestora?&nbsp;<\/strong><\/h2>\n\n\n\n<p><em>Exorbitant. Devizul ini\u021bial era &nbsp;de 88.275.080 lei, la final a costat 111,5 milioane lei aur, cu tot cu costul exproprierilor necesare. Mai exact, lucr\u0103rilor de fortificare au fost \u00een valoare de 85.000.000 lei: construc\u021bii 47.400.000 lei, armament \u0219i muni\u021bii 34.000.000 lei; c\u0103i ferate \u0219i \u0219osele: 3.000.000 lei; planta\u021bii \u2013 200.000 lei.<\/em><\/p>\n\n\n\n<p><em>Restul p\u00e2n\u0103 la 111.500.000 lei au fost exproprierile. Transform\u00e2nd \u00eentr-o unitate cunoscut\u0103 azi, costul preconizat ini\u021bial era de aproximativ 500 milioane euro, iar la final s-a cheltuit 614 milioane euro. E adev\u0103rat c\u0103 ele nu au fost folosite \u00een r\u0103zboi niciodat\u0103<\/em>. <\/p>\n\n\n\n<h2 class=\"wp-block-heading\" id=\"h-cum-a-fost-aleasa-in-cadrul-proiectului-dvs-impar\u021birea-forturilor-in-cele-patru-poluri\"><strong>Cum a fost aleas\u0103, \u00een cadrul proiectului dvs., \u00eemp\u0103r\u021birea forturilor \u00een cele patru poluri?<\/strong><\/h2>\n\n\n\n<p><em>Cum aminteam la baza proiectului de azi stau ni\u0219te studii f\u0103cute \u00een urm\u0103 cu un an jum\u0103tate. Atunci am realizat c\u0103 dincolo de particularit\u0103\u021bile forturilor (de exemplu Fortul XIII Jilava a fost puscarie din 1907), exist\u0103 o sum\u0103 de necesit\u0103\u021bi ale ora\u0219ului. Am avut \u00een vedere \u0219i exemplele din alte \u021b\u0103ri. <\/em><\/p>\n\n\n\n<p><em>Primul pol creat a fost cel Rosu, concentrat pe dou\u0103 fortifica\u021bii care au o istorie aparte fa\u021b\u0103 de restul centurii Fortul XIII Jilava \u0219i Bateria 13-14 Jilava. Primul a fost pusc\u0103rie si are o istorie aparte deosebit\u0103, cealalt\u0103 are o istorie legat\u0103 de cinematografie \u0219i Arhiva Na\u021bional\u0103 de Film. <\/em><\/p>\n\n\n\n<p><em>Toate celelalte fortifica\u021bii din acest pol venind cumva s\u0103 sus\u021bin\u0103 cele dou\u0103 fortifica\u021bii \u00een activitatea cultural-istoric\u0103. <\/em><\/p>\n\n\n\n<p><em>Al doilea pol creat a fost cel Verde. Zona de sud \u0219i sud est a Bucure\u0219tiului este in plin\u0103 dezvoltare imobiliar\u0103, din p\u0103cate prea pu\u021bin controlat\u0103 de autorit\u0103\u021bile locale din Bucure\u0219ti, respectiv Ilfov. <\/em><\/p>\n\n\n\n<p><em>Acest fapt a dus la o lips\u0103 acut\u0103 de spa\u021bii verzi \u0219i de agrement pentru locuitorii acestei zone. Polul Verde ar \u00eencerca s\u0103 amelioreze aceast\u0103 situa\u021bie, oferind zone mixte de agrement \u0219i comunitare pentru cei care locuiesc aici. <\/em><\/p>\n\n\n\n<p><em>Polul Galben a fost g\u00e2ndit ca un pol dedicat Artelor. Necesitatea s-a ivit \u00een urma unor discu\u021bii cu o serie de arti\u0219ti plastici care se pl\u00e2ngeau de dispari\u021bia Institului Fondului Plastic \u0219i a spa\u021biilor \u00een care diversele categorii de arti\u0219ti ar putea lucra f\u0103r\u0103 s\u0103 deranjeze. <\/em><\/p>\n\n\n\n<p><em>\u00cen plus \u00een ajutorul arti\u0219tilor am g\u0103sit o formul\u0103 prin care publicul larg poate s\u0103 ajung\u0103 \u00een contact cu lucr\u0103rile lor. Astfel dac\u0103 Forturile Afuma\u021bi, respectiv Cernica ar putea servi ca ateliere de lucru, cu tot felul de spa\u021bii adiacente, Bateria 9-10 de la C\u0103\u021belu poate fi cel mai bun loc de \u00eent\u00e2lnire al publicului cu arti\u0219tii. Infrastructura existent\u0103 &#8211; metrou \u0219i linii de STB reu\u0219esc s\u0103 lege aceast\u0103 fortifica\u021bie de restul ora\u0219ului. <\/em><\/p>\n\n\n\n<p><em>Astfel aici pot fi organizate s\u0103li de expozi\u021bie \u0219i alte zone artistice. <\/em><\/p>\n\n\n\n<figure class=\"wp-block-gallery has-nested-images columns-default is-cropped wp-block-gallery-3 is-layout-flex wp-block-gallery-is-layout-flex\">\n<figure class=\"wp-block-image size-large\"><img loading=\"lazy\" decoding=\"async\" width=\"900\" height=\"675\" data-id=\"46162\" src=\"data:image\/gif;base64,R0lGODlhAQABAAAAACH5BAEKAAEALAAAAAABAAEAAAICTAEAOw==\" data-src=\"https:\/\/buletin.de\/bucuresti\/wp-content\/uploads\/IMG_1348-1-900x675.jpg\" alt=\"\" class=\"wp-image-46162 lazyload\" data-sizes=\"auto\" data-srcset=\"https:\/\/buletin.de\/bucuresti\/wp-content\/uploads\/IMG_1348-1-900x675.jpg 900w, https:\/\/buletin.de\/bucuresti\/wp-content\/uploads\/IMG_1348-1-300x225.jpg 300w, https:\/\/buletin.de\/bucuresti\/wp-content\/uploads\/IMG_1348-1-768x576.jpg 768w, https:\/\/buletin.de\/bucuresti\/wp-content\/uploads\/IMG_1348-1-550x413.jpg 550w, https:\/\/buletin.de\/bucuresti\/wp-content\/uploads\/IMG_1348-1-667x500.jpg 667w, https:\/\/buletin.de\/bucuresti\/wp-content\/uploads\/IMG_1348-1-600x450.jpg 600w, https:\/\/buletin.de\/bucuresti\/wp-content\/uploads\/IMG_1348-1.jpg 1000w\" sizes=\"(max-width: 900px) 100vw, 900px\" \/><figcaption class=\"wp-element-caption\">Cum arat\u0103 \u00een prezent Bateria 9-10 C\u0103\u021belu, abandonat\u0103. Surs\u0103 Foto: Forturi.ro <\/figcaption><\/figure>\n\n\n\n<figure class=\"wp-block-image size-large\"><img loading=\"lazy\" decoding=\"async\" width=\"900\" height=\"507\" data-id=\"46159\" src=\"data:image\/gif;base64,R0lGODlhAQABAAAAACH5BAEKAAEALAAAAAABAAEAAAICTAEAOw==\" data-src=\"https:\/\/buletin.de\/bucuresti\/wp-content\/uploads\/Catelu-arte-min-1-900x507.jpg\" alt=\"\" class=\"wp-image-46159 lazyload\" data-sizes=\"auto\" data-srcset=\"https:\/\/buletin.de\/bucuresti\/wp-content\/uploads\/Catelu-arte-min-1-900x507.jpg 900w, https:\/\/buletin.de\/bucuresti\/wp-content\/uploads\/Catelu-arte-min-1-300x169.jpg 300w, https:\/\/buletin.de\/bucuresti\/wp-content\/uploads\/Catelu-arte-min-1-768x432.jpg 768w, https:\/\/buletin.de\/bucuresti\/wp-content\/uploads\/Catelu-arte-min-1-550x310.jpg 550w, https:\/\/buletin.de\/bucuresti\/wp-content\/uploads\/Catelu-arte-min-1-888x500.jpg 888w, https:\/\/buletin.de\/bucuresti\/wp-content\/uploads\/Catelu-arte-min-1-600x338.jpg 600w, https:\/\/buletin.de\/bucuresti\/wp-content\/uploads\/Catelu-arte-min-1.jpg 1000w\" sizes=\"(max-width: 900px) 100vw, 900px\" \/><figcaption class=\"wp-element-caption\">Cum ar putea ar\u0103ta Bateria 9-10 de la C\u0103\u021belu, care ar putea  fi cel mai bun loc de \u00eent\u00e2lnire al publicului cu arti\u0219tii. Surs\u0103 Foto: Forturi.ro <\/figcaption><\/figure>\n<\/figure>\n\n\n\n<p><\/p>\n\n\n\n<p><em>Polul Albastru &#8211; de altfel cel mai mare dintre toate, care este asezat pe \u00eentreaga zon\u0103 de nord precum si p\u0103r\u021bi din partea de vest, respectiv est &#8211; este g\u00e2ndit ca un pol cu func\u021bionalit\u0103\u021bi mixte (de la cele de agrement, la zone gastro sau de petrecere a timpului liber, p\u00e2n\u0103 la unit\u0103\u021bi de cazare sau alte facilit\u0103\u021bi) care s\u0103 asigure autofinan\u021barea fiec\u0103rei fortifica\u021bii, dar \u0219i a centurii \u00een ansamblu.<\/em><\/p>\n\n\n\n<h2 class=\"wp-block-heading\" id=\"h-care-este-diferen\u021ba-intre-cum-au-fost-construite-\u0219i-puse-in-valoare-forturile-din-belgia-spre-exemplu-\u0219i-cum-sunt-construite-\u0219i-puse-in-valoare-cele-din-romania-nbsp\"><strong>Care este diferen\u021ba \u00eentre cum au fost construite \u0219i puse \u00een valoare forturile din Belgia, spre exemplu, \u0219i cum sunt construite \u0219i puse \u00een valoare cele din Rom\u00e2nia?&nbsp;<\/strong><\/h2>\n\n\n\n<p><em>\u00cen vest &#8211; nu doar Belgia are sisteme de forturi \u0219i fortifica\u021bii &#8211; aceste facilit\u0103\u021bi militare au fost &#8211; \u00een cea mai mare parte a lor integrate \u00een peisajul urbanistic \u00een func\u021bie de necesit\u0103\u021bi. <\/em><\/p>\n\n\n\n<p><em>Dac\u0103 e s\u0103 ne referim la contruc\u021biile realizate de acela\u0219i arhitect care a proiectat centura Bucure\u0219tiului &#8211; generalul Henri Brialmont &#8211; ele \u00een prezent servesc sub numeroase forme &#8211; de la forturi dedicate agrementului cu escalada, tirolian\u0103, airsoft etc, la forturi culturale cu s\u0103li de conferinte, ateliere \u0219i mici muzee pentru copii (cu multe replici cu care ace\u0219tia s\u0103 se joace \u0219i s\u0103 le ating\u0103). Se reg\u0103sesc \u0219i fortifica\u021bii care \u00een prezent sunt unit\u0103\u021bi de cazare cu crame sau restaurante luxoase. <\/em><\/p>\n\n\n\n<figure class=\"wp-block-image size-large\"><img loading=\"lazy\" decoding=\"async\" width=\"900\" height=\"600\" src=\"data:image\/gif;base64,R0lGODlhAQABAAAAACH5BAEKAAEALAAAAAABAAEAAAICTAEAOw==\" data-src=\"https:\/\/buletin.de\/bucuresti\/wp-content\/uploads\/14297598865_7ffe700132_b-900x600.jpeg\" alt=\"\" class=\"wp-image-46160 lazyload\" data-sizes=\"auto\" data-srcset=\"https:\/\/buletin.de\/bucuresti\/wp-content\/uploads\/14297598865_7ffe700132_b-900x600.jpeg 900w, https:\/\/buletin.de\/bucuresti\/wp-content\/uploads\/14297598865_7ffe700132_b-300x200.jpeg 300w, https:\/\/buletin.de\/bucuresti\/wp-content\/uploads\/14297598865_7ffe700132_b-768x512.jpeg 768w, https:\/\/buletin.de\/bucuresti\/wp-content\/uploads\/14297598865_7ffe700132_b-550x367.jpeg 550w, https:\/\/buletin.de\/bucuresti\/wp-content\/uploads\/14297598865_7ffe700132_b-750x500.jpeg 750w, https:\/\/buletin.de\/bucuresti\/wp-content\/uploads\/14297598865_7ffe700132_b-600x400.jpeg 600w, https:\/\/buletin.de\/bucuresti\/wp-content\/uploads\/14297598865_7ffe700132_b.jpeg 1024w\" sizes=\"(max-width: 900px) 100vw, 900px\" \/><figcaption class=\"wp-element-caption\">Fortul 8 Hoboken, din centura fortificat\u0103 a ora\u0219ului Antwerpen din Belgia, proiectat\u0103 de <em>generalul Henri Brialmont<\/em><\/figcaption><\/figure>\n\n\n\n<p><\/p>\n\n\n\n<p><em>Unul dintre forturile mari, care dispune de c\u00e2teva \u00eenc\u0103peri de dimensiuni considerabile a fost transformat \u00een baza sportiv\u0103. <\/em><\/p>\n\n\n\n<p><em>O alt\u0103 observa\u021bie constant\u0103 este aceea c\u0103 sunt destul de multe care \u00eenc\u0103 nu au un scop bine definit \u0219i nici nu au existat resursele s\u0103 le transforme \u00een ceva sustenabil pe termen lung. <\/em><\/p>\n\n\n\n<p><em>\u00cen aceste cazuri forturile si bateriile au devenit parcuri \u0219i oaze de verdea\u021b\u0103, iar construc\u021biile \u00een sine au fost puse \u00een siguran\u021b\u0103, \u0219i tot \u00een siguran\u021b\u0103 este \u0219i publicul pentru c\u0103 zonele cu poten\u021bial periculos au fost delimitate \u0219i izolate.<\/em><\/p>\n\n\n\n<h2 class=\"wp-block-heading\" id=\"h-daca-s-ar-pune-in-practica-propunerea-de-reutilizare-a-forturilor-pe-care-o-propune\u021bi-ce-ar-ca\u0219tiga-bucure\u0219tenii-ilfovenii-sau-chiar-turi\u0219tii-nbsp\"><strong>Dac\u0103 s-ar pune \u00een practic\u0103 propunerea de reutilizare a forturilor pe care o propune\u021bi ce ar c\u00e2\u0219tiga bucure\u0219tenii, ilfovenii sau chiar turi\u0219tii?&nbsp;<\/strong><\/h2>\n\n\n\n<p><em>Dac\u0103 s-ar opta strict pentru varianta cea mai ieftin\u0103 (doar igienizarea, toaletarea vegeta\u021biei, g\u0103sirea unor formule de drenaj, punerea \u00een siguran\u021b\u0103 a cl\u0103dirii \u0219i delimitarea spa\u021biilor de acces, precum \u0219i realizarea unui drum velo \u00eentre fortifica\u021bii) Bucure\u0219tiul \u0219i Ilfov ar c\u00e2\u0219tiga o centura verde cu o dimensiune intre 600 &#8211; 800 de hectare de parcuri \u0219i spa\u021bii pentru activit\u0103\u021bi \u00een aer liber &#8211; prin comapatie Parcul Herastrau care are 74 ha. <\/em><\/p>\n\n\n\n<p><em>E de \u00eenteles c\u0103 nu se pot accesa toate fortifica\u021biile (de exemplu Bateria de la \u0218tef\u0103ne\u0219ti a fost reabilitat\u0103 de MApN \u0219i este zon\u0103 de agrement dedicat\u0103 personalului militar sau Fortul de la Tunari este \u00een cadrul unei unit\u0103\u021bi militare active NATO). <\/em><\/p>\n\n\n\n<p><em>Dar l\u0103s\u00e2nd deoparte aceste cazuri \u0219i folosind strict doar fortifica\u021biile propune de noi \u00een cadrul proiectului Forturile Bucure\u0219tiului. 30 de imagini din viitor (care sunt mai pu\u021bin de jum\u0103tate), tot se pot ob\u021bine cam de trei ori dimensiunea parcului Her\u0103str\u0103u.<\/em><\/p>\n\n\n\n<figure class=\"wp-block-gallery has-nested-images columns-default is-cropped wp-block-gallery-4 is-layout-flex wp-block-gallery-is-layout-flex\">\n<figure class=\"wp-block-image size-large\"><img loading=\"lazy\" decoding=\"async\" width=\"900\" height=\"608\" data-id=\"46164\" src=\"data:image\/gif;base64,R0lGODlhAQABAAAAACH5BAEKAAEALAAAAAABAAEAAAICTAEAOw==\" data-src=\"https:\/\/buletin.de\/bucuresti\/wp-content\/uploads\/20201011_112747-1000x675-1-900x608.jpeg\" alt=\"\" class=\"wp-image-46164 lazyload\" data-sizes=\"auto\" data-srcset=\"https:\/\/buletin.de\/bucuresti\/wp-content\/uploads\/20201011_112747-1000x675-1-900x608.jpeg 900w, https:\/\/buletin.de\/bucuresti\/wp-content\/uploads\/20201011_112747-1000x675-1-300x203.jpeg 300w, https:\/\/buletin.de\/bucuresti\/wp-content\/uploads\/20201011_112747-1000x675-1-768x518.jpeg 768w, https:\/\/buletin.de\/bucuresti\/wp-content\/uploads\/20201011_112747-1000x675-1-550x371.jpeg 550w, https:\/\/buletin.de\/bucuresti\/wp-content\/uploads\/20201011_112747-1000x675-1-741x500.jpeg 741w, https:\/\/buletin.de\/bucuresti\/wp-content\/uploads\/20201011_112747-1000x675-1-600x405.jpeg 600w, https:\/\/buletin.de\/bucuresti\/wp-content\/uploads\/20201011_112747-1000x675-1.jpeg 1000w\" sizes=\"(max-width: 900px) 100vw, 900px\" \/><figcaption class=\"wp-element-caption\">Cum arat\u0103 \u00een prezent Fortul 10 Leurdeni. Surs\u0103 Foto: Forturi.ro <\/figcaption><\/figure>\n\n\n\n<figure class=\"wp-block-image size-large\"><img loading=\"lazy\" decoding=\"async\" width=\"900\" height=\"509\" data-id=\"46163\" src=\"data:image\/gif;base64,R0lGODlhAQABAAAAACH5BAEKAAEALAAAAAABAAEAAAICTAEAOw==\" data-src=\"https:\/\/buletin.de\/bucuresti\/wp-content\/uploads\/03_Horticol_A2m-af-900x509.jpeg\" alt=\"\" class=\"wp-image-46163 lazyload\" data-sizes=\"auto\" data-srcset=\"https:\/\/buletin.de\/bucuresti\/wp-content\/uploads\/03_Horticol_A2m-af-900x509.jpeg 900w, https:\/\/buletin.de\/bucuresti\/wp-content\/uploads\/03_Horticol_A2m-af-300x170.jpeg 300w, https:\/\/buletin.de\/bucuresti\/wp-content\/uploads\/03_Horticol_A2m-af-768x434.jpeg 768w, https:\/\/buletin.de\/bucuresti\/wp-content\/uploads\/03_Horticol_A2m-af-550x311.jpeg 550w, https:\/\/buletin.de\/bucuresti\/wp-content\/uploads\/03_Horticol_A2m-af-885x500.jpeg 885w, https:\/\/buletin.de\/bucuresti\/wp-content\/uploads\/03_Horticol_A2m-af-600x339.jpeg 600w, https:\/\/buletin.de\/bucuresti\/wp-content\/uploads\/03_Horticol_A2m-af.jpeg 952w\" sizes=\"(max-width: 900px) 100vw, 900px\" \/><figcaption class=\"wp-element-caption\">Cum ar putea ar\u0103ta Fortul 10 Leurdeni. Surs\u0103 Foto: Forturi.ro <\/figcaption><\/figure>\n<\/figure>\n\n\n\n<p><\/p>\n\n\n\n<p>Forturi.ro a realizat o expozi\u021bie, care prezint\u0103 o panoram\u0103 de idei ce s-ar putea concretiza \u00eentr-un plan apropiat, cu forturile din jurul Bucure\u0219tiului. Expozi\u021bia a \u00eenceput pe 7 septembrie \u0219i se \u00eencheie m\u00e2ine, pe 13 septembrie. <\/p>\n\n\n\n<p>La Expohub OAR Bucure\u0219ti, din strada Sf. Constantin nr. 32, va fi g\u0103zduit\u0103 expozi\u021bia \u201eForturile Capitalei, imagini din viitor\u201d. Autorii expozi\u021biei sunt arh.\u00a0<a href=\"https:\/\/www.facebook.com\/dhasnas?__cft__[0]=AZWTbT2Swmx2g8tnlQqJ9C2LX3nA5ytbbmx23Q6465KEnR42_Qs2_lc4AY2d8WcZ_PKmhPVrSNZyvTSg3ojWIqTjhbaur-LjiL8wdwJtt1qykq958MZmSNslcwY-cqE9eiilBRqoCEV15-Eu9FeJTHyj&amp;__tn__=-]K-R\">Dorothee Hasnas<\/a>, ist. Ciprian Pl\u0103ia\u0219u \u0219i manager cultural Costin Zamfir. Design: stud.arh. Sergiu Silivestru. Expozi\u021bia paote fi v\u0103zut\u0103 \u0219i online pe Forturi.ro.<\/p>\n\n\n\n<div class=\"wp-block-buttons is-content-justification-center is-layout-flex wp-container-core-buttons-is-layout-16018d1d wp-block-buttons-is-layout-flex\">\n<div class=\"wp-block-button\"><a class=\"wp-block-button__link has-vivid-red-color has-luminous-vivid-amber-background-color has-text-color has-background wp-element-button\" href=\"https:\/\/forturi.ro\/\"><strong>Platforma Forturi.ro<\/strong><\/a><\/div>\n<\/div>\n\n\n\n<p><\/p>\n\n\n\n<p>Surs\u0103 Cover: Forturi.ro <\/p>\n","protected":false},"excerpt":{"rendered":"<p>Bucure\u0219tiul este \u00eenconjurat de 18 forturi \u0219i 18 baterii construite pe vremea regelui Carol I cu scopul de a ap\u0103ra Capitala \u00een cazul unui r\u0103zboi. Construc\u021bia acestor edificii a fost f\u0103cut\u0103 \u00eentre 1884-1903, iar costurile au fost imense, dep\u0103\u0219ind 600 de milioane de euro \u00een banii de azi. Pe l\u00e2ng\u0103 perspectiva turistic\u0103, reabilitatea acestora \u00eenseamn\u0103 [&hellip;]<\/p>\n","protected":false},"author":17,"featured_media":46159,"comment_status":"closed","ping_status":"open","sticky":false,"template":"","format":"standard","meta":{"_acf_changed":false,"inline_featured_image":false,"ngg_post_thumbnail":0,"footnotes":""},"categories":[3419,3238],"tags":[],"ppma_author":[22576],"class_list":["post-46145","post","type-post","status-publish","format-standard","has-post-thumbnail","hentry","category-featured","category-interviu"],"acf":[],"yoast_head":"<!-- This site is optimized with the Yoast SEO Premium plugin v25.3 (Yoast SEO v27.4) - https:\/\/yoast.com\/product\/yoast-seo-premium-wordpress\/ -->\n<title>INTERVIU | C\u00e2t cost\u0103 reabilitarea Forturilor Bucure\u0219tilor: patru poluri despre Istorie, Natur\u0103, Arte \u0219i Divertisment - Buletin de Bucure\u0219ti<\/title>\n<meta name=\"description\" content=\"C\u00e2t cost\u0103 reabilitarea Forturilor Bucure\u0219tilor. BdB a stat de vorb\u0103 cu Ciprian Pl\u0103ia\u0219u, pre\u0219edintelele Asocia\u021biei Turism Istoric.\" \/>\n<meta name=\"robots\" content=\"index, follow, max-snippet:-1, max-image-preview:large, max-video-preview:-1\" \/>\n<link rel=\"canonical\" href=\"https:\/\/buletin.de\/bucuresti\/interviu-cat-costa-reabilitarea-forturilor-bucurestilor-patru-poluri-despre-istorie-natura-arte-si-divertisment\/\" \/>\n<meta property=\"og:locale\" content=\"en_GB\" \/>\n<meta property=\"og:type\" content=\"article\" \/>\n<meta property=\"og:title\" content=\"INTERVIU | C\u00e2t cost\u0103 reabilitarea Forturilor Bucure\u0219tilor: patru poluri despre Istorie, Natur\u0103, Arte \u0219i Divertisment\" \/>\n<meta property=\"og:description\" content=\"C\u00e2t cost\u0103 reabilitarea Forturilor Bucure\u0219tilor. BdB a stat de vorb\u0103 cu Ciprian Pl\u0103ia\u0219u, pre\u0219edintelele Asocia\u021biei Turism Istoric.\" \/>\n<meta property=\"og:url\" content=\"https:\/\/buletin.de\/bucuresti\/interviu-cat-costa-reabilitarea-forturilor-bucurestilor-patru-poluri-despre-istorie-natura-arte-si-divertisment\/\" \/>\n<meta property=\"og:site_name\" content=\"Buletin de Bucure\u0219ti\" \/>\n<meta property=\"article:publisher\" content=\"https:\/\/www.facebook.com\/buletin.de.buc\" \/>\n<meta property=\"article:published_time\" content=\"2022-09-12T17:02:34+00:00\" \/>\n<meta property=\"article:modified_time\" content=\"2024-09-11T05:57:03+00:00\" \/>\n<meta property=\"og:image\" content=\"https:\/\/buletin.de\/bucuresti\/wp-content\/uploads\/Catelu-arte-min-1.jpg\" \/>\n\t<meta property=\"og:image:width\" content=\"1000\" \/>\n\t<meta property=\"og:image:height\" content=\"563\" \/>\n\t<meta property=\"og:image:type\" content=\"image\/jpeg\" \/>\n<meta name=\"author\" content=\"Florin R\u00e2\u0219teiu\" \/>\n<meta name=\"twitter:card\" content=\"summary_large_image\" \/>\n<meta name=\"twitter:label1\" content=\"Written by\" \/>\n\t<meta name=\"twitter:data1\" content=\"Florin R\u00e2\u0219teiu\" \/>\n\t<meta name=\"twitter:label2\" content=\"Estimated reading time\" \/>\n\t<meta name=\"twitter:data2\" content=\"13 minutes\" \/>\n<script type=\"application\/ld+json\" class=\"yoast-schema-graph\">{\"@context\":\"https:\\\/\\\/schema.org\",\"@graph\":[{\"@type\":\"Article\",\"@id\":\"https:\\\/\\\/buletin.de\\\/bucuresti\\\/interviu-cat-costa-reabilitarea-forturilor-bucurestilor-patru-poluri-despre-istorie-natura-arte-si-divertisment\\\/#article\",\"isPartOf\":{\"@id\":\"https:\\\/\\\/buletin.de\\\/bucuresti\\\/interviu-cat-costa-reabilitarea-forturilor-bucurestilor-patru-poluri-despre-istorie-natura-arte-si-divertisment\\\/\"},\"author\":{\"name\":\"Florin R\u00e2\u0219teiu\",\"@id\":\"https:\\\/\\\/buletin.de\\\/bucuresti\\\/#\\\/schema\\\/person\\\/b0686d7a8b666c6afc78239777fd8a89\"},\"headline\":\"INTERVIU | C\u00e2t cost\u0103 reabilitarea Forturilor Bucure\u0219tilor: patru poluri despre Istorie, Natur\u0103, Arte \u0219i Divertisment\",\"datePublished\":\"2022-09-12T17:02:34+00:00\",\"dateModified\":\"2024-09-11T05:57:03+00:00\",\"mainEntityOfPage\":{\"@id\":\"https:\\\/\\\/buletin.de\\\/bucuresti\\\/interviu-cat-costa-reabilitarea-forturilor-bucurestilor-patru-poluri-despre-istorie-natura-arte-si-divertisment\\\/\"},\"wordCount\":2502,\"publisher\":{\"@id\":\"https:\\\/\\\/buletin.de\\\/bucuresti\\\/#organization\"},\"image\":{\"@id\":\"https:\\\/\\\/buletin.de\\\/bucuresti\\\/interviu-cat-costa-reabilitarea-forturilor-bucurestilor-patru-poluri-despre-istorie-natura-arte-si-divertisment\\\/#primaryimage\"},\"thumbnailUrl\":\"https:\\\/\\\/buletin.de\\\/bucuresti\\\/wp-content\\\/uploads\\\/Catelu-arte-min-1.jpg\",\"articleSection\":[\"Featured\",\"Interviu\"],\"inLanguage\":\"en-GB\",\"copyrightYear\":\"2022\",\"copyrightHolder\":{\"@id\":\"https:\\\/\\\/buletin.de\\\/bucuresti\\\/#organization\"}},{\"@type\":\"WebPage\",\"@id\":\"https:\\\/\\\/buletin.de\\\/bucuresti\\\/interviu-cat-costa-reabilitarea-forturilor-bucurestilor-patru-poluri-despre-istorie-natura-arte-si-divertisment\\\/\",\"url\":\"https:\\\/\\\/buletin.de\\\/bucuresti\\\/interviu-cat-costa-reabilitarea-forturilor-bucurestilor-patru-poluri-despre-istorie-natura-arte-si-divertisment\\\/\",\"name\":\"INTERVIU | C\u00e2t cost\u0103 reabilitarea Forturilor Bucure\u0219tilor: patru poluri despre Istorie, Natur\u0103, Arte \u0219i Divertisment - Buletin de Bucure\u0219ti\",\"isPartOf\":{\"@id\":\"https:\\\/\\\/buletin.de\\\/bucuresti\\\/#website\"},\"primaryImageOfPage\":{\"@id\":\"https:\\\/\\\/buletin.de\\\/bucuresti\\\/interviu-cat-costa-reabilitarea-forturilor-bucurestilor-patru-poluri-despre-istorie-natura-arte-si-divertisment\\\/#primaryimage\"},\"image\":{\"@id\":\"https:\\\/\\\/buletin.de\\\/bucuresti\\\/interviu-cat-costa-reabilitarea-forturilor-bucurestilor-patru-poluri-despre-istorie-natura-arte-si-divertisment\\\/#primaryimage\"},\"thumbnailUrl\":\"https:\\\/\\\/buletin.de\\\/bucuresti\\\/wp-content\\\/uploads\\\/Catelu-arte-min-1.jpg\",\"datePublished\":\"2022-09-12T17:02:34+00:00\",\"dateModified\":\"2024-09-11T05:57:03+00:00\",\"description\":\"C\u00e2t cost\u0103 reabilitarea Forturilor Bucure\u0219tilor. BdB a stat de vorb\u0103 cu Ciprian Pl\u0103ia\u0219u, pre\u0219edintelele Asocia\u021biei Turism Istoric.\",\"breadcrumb\":{\"@id\":\"https:\\\/\\\/buletin.de\\\/bucuresti\\\/interviu-cat-costa-reabilitarea-forturilor-bucurestilor-patru-poluri-despre-istorie-natura-arte-si-divertisment\\\/#breadcrumb\"},\"inLanguage\":\"en-GB\",\"potentialAction\":[{\"@type\":\"ReadAction\",\"target\":[\"https:\\\/\\\/buletin.de\\\/bucuresti\\\/interviu-cat-costa-reabilitarea-forturilor-bucurestilor-patru-poluri-despre-istorie-natura-arte-si-divertisment\\\/\"]}]},{\"@type\":\"ImageObject\",\"inLanguage\":\"en-GB\",\"@id\":\"https:\\\/\\\/buletin.de\\\/bucuresti\\\/interviu-cat-costa-reabilitarea-forturilor-bucurestilor-patru-poluri-despre-istorie-natura-arte-si-divertisment\\\/#primaryimage\",\"url\":\"https:\\\/\\\/buletin.de\\\/bucuresti\\\/wp-content\\\/uploads\\\/Catelu-arte-min-1.jpg\",\"contentUrl\":\"https:\\\/\\\/buletin.de\\\/bucuresti\\\/wp-content\\\/uploads\\\/Catelu-arte-min-1.jpg\",\"width\":1000,\"height\":563,\"caption\":\"C\u00e2t cost\u0103 reabilitarea Forturilor Bucure\u0219tilor. BdB a stat de vorb\u0103 cu Ciprian Pl\u0103ia\u0219u\"},{\"@type\":\"BreadcrumbList\",\"@id\":\"https:\\\/\\\/buletin.de\\\/bucuresti\\\/interviu-cat-costa-reabilitarea-forturilor-bucurestilor-patru-poluri-despre-istorie-natura-arte-si-divertisment\\\/#breadcrumb\",\"itemListElement\":[{\"@type\":\"ListItem\",\"position\":1,\"name\":\"Acas\u0103\",\"item\":\"https:\\\/\\\/buletin.de\\\/bucuresti\\\/\"},{\"@type\":\"ListItem\",\"position\":2,\"name\":\"INTERVIU | C\u00e2t cost\u0103 reabilitarea Forturilor Bucure\u0219tilor: patru poluri despre Istorie, Natur\u0103, Arte \u0219i Divertisment\"}]},{\"@type\":\"WebSite\",\"@id\":\"https:\\\/\\\/buletin.de\\\/bucuresti\\\/#website\",\"url\":\"https:\\\/\\\/buletin.de\\\/bucuresti\\\/\",\"name\":\"Buletin de Bucure\u0219ti\",\"description\":\"\u0218tiri \u0219i investiga\u021bii esen\u021biale din capital\u0103\",\"publisher\":{\"@id\":\"https:\\\/\\\/buletin.de\\\/bucuresti\\\/#organization\"},\"potentialAction\":[{\"@type\":\"SearchAction\",\"target\":{\"@type\":\"EntryPoint\",\"urlTemplate\":\"https:\\\/\\\/buletin.de\\\/bucuresti\\\/?s={search_term_string}\"},\"query-input\":{\"@type\":\"PropertyValueSpecification\",\"valueRequired\":true,\"valueName\":\"search_term_string\"}}],\"inLanguage\":\"en-GB\"},{\"@type\":\"Organization\",\"@id\":\"https:\\\/\\\/buletin.de\\\/bucuresti\\\/#organization\",\"name\":\"Buletin de Bucure\u0219ti\",\"url\":\"https:\\\/\\\/buletin.de\\\/bucuresti\\\/\",\"logo\":{\"@type\":\"ImageObject\",\"inLanguage\":\"en-GB\",\"@id\":\"https:\\\/\\\/buletin.de\\\/bucuresti\\\/#\\\/schema\\\/logo\\\/image\\\/\",\"url\":\"https:\\\/\\\/buletin.de\\\/bucuresti\\\/wp-content\\\/uploads\\\/logo-bdb-full-wide-vernil-transparent.png\",\"contentUrl\":\"https:\\\/\\\/buletin.de\\\/bucuresti\\\/wp-content\\\/uploads\\\/logo-bdb-full-wide-vernil-transparent.png\",\"width\":1782,\"height\":626,\"caption\":\"Buletin de Bucure\u0219ti\"},\"image\":{\"@id\":\"https:\\\/\\\/buletin.de\\\/bucuresti\\\/#\\\/schema\\\/logo\\\/image\\\/\"},\"sameAs\":[\"https:\\\/\\\/www.facebook.com\\\/buletin.de.buc\",\"https:\\\/\\\/www.instagram.com\\\/buletinde.bucuresti\\\/\"]},{\"@type\":\"Person\",\"@id\":\"https:\\\/\\\/buletin.de\\\/bucuresti\\\/#\\\/schema\\\/person\\\/b0686d7a8b666c6afc78239777fd8a89\",\"name\":\"Florin R\u00e2\u0219teiu\",\"image\":{\"@type\":\"ImageObject\",\"inLanguage\":\"en-GB\",\"@id\":\"https:\\\/\\\/buletin.de\\\/bucuresti\\\/wp-content\\\/uploads\\\/Florin-Rasteiu-96x96.jpgf0a6fe28453aa12f0a60e4d0a2e3a78c\",\"url\":\"https:\\\/\\\/buletin.de\\\/bucuresti\\\/wp-content\\\/uploads\\\/Florin-Rasteiu-96x96.jpg\",\"contentUrl\":\"https:\\\/\\\/buletin.de\\\/bucuresti\\\/wp-content\\\/uploads\\\/Florin-Rasteiu-96x96.jpg\",\"caption\":\"Florin R\u00e2\u0219teiu\"},\"description\":\"Jurnalist de investiga\u021bie. Lucreaz\u0103 de aproape 6 ani la Buletin de Bucure\u0219ti, unde a publicat articole care scot la suprafa\u021b\u0103 corup\u021bia din Capital\u0103. Analizeaz\u0103 baze de date zilnic \u0219i scoate pove\u0219ti din exceluri pline de cifre. Pune reflectorul pe adev\u0103r cu fiecare ocazie. A c\u00e2\u0219tigat premiul I la categoria Pres\u0103 Local\u0103 \u00een 2025 \u0219i locul al II-lea la aceea\u0219i categorie \u00een 2024 \u00een cadrul Premiilor Superscrieri pentru jurnalism independent.\",\"url\":\"https:\\\/\\\/buletin.de\\\/bucuresti\\\/author\\\/florinrasteiu\\\/\"}]}<\/script>\n<!-- \/ Yoast SEO Premium plugin. -->","yoast_head_json":{"title":"INTERVIU | C\u00e2t cost\u0103 reabilitarea Forturilor Bucure\u0219tilor: patru poluri despre Istorie, Natur\u0103, Arte \u0219i Divertisment - Buletin de Bucure\u0219ti","description":"C\u00e2t cost\u0103 reabilitarea Forturilor Bucure\u0219tilor. BdB a stat de vorb\u0103 cu Ciprian Pl\u0103ia\u0219u, pre\u0219edintelele Asocia\u021biei Turism Istoric.","robots":{"index":"index","follow":"follow","max-snippet":"max-snippet:-1","max-image-preview":"max-image-preview:large","max-video-preview":"max-video-preview:-1"},"canonical":"https:\/\/buletin.de\/bucuresti\/interviu-cat-costa-reabilitarea-forturilor-bucurestilor-patru-poluri-despre-istorie-natura-arte-si-divertisment\/","og_locale":"en_GB","og_type":"article","og_title":"INTERVIU | C\u00e2t cost\u0103 reabilitarea Forturilor Bucure\u0219tilor: patru poluri despre Istorie, Natur\u0103, Arte \u0219i Divertisment","og_description":"C\u00e2t cost\u0103 reabilitarea Forturilor Bucure\u0219tilor. BdB a stat de vorb\u0103 cu Ciprian Pl\u0103ia\u0219u, pre\u0219edintelele Asocia\u021biei Turism Istoric.","og_url":"https:\/\/buletin.de\/bucuresti\/interviu-cat-costa-reabilitarea-forturilor-bucurestilor-patru-poluri-despre-istorie-natura-arte-si-divertisment\/","og_site_name":"Buletin de Bucure\u0219ti","article_publisher":"https:\/\/www.facebook.com\/buletin.de.buc","article_published_time":"2022-09-12T17:02:34+00:00","article_modified_time":"2024-09-11T05:57:03+00:00","og_image":[{"width":1000,"height":563,"url":"https:\/\/buletin.de\/bucuresti\/wp-content\/uploads\/Catelu-arte-min-1.jpg","type":"image\/jpeg"}],"author":"Florin R\u00e2\u0219teiu","twitter_card":"summary_large_image","twitter_misc":{"Written by":"Florin R\u00e2\u0219teiu","Estimated reading time":"13 minutes"},"schema":{"@context":"https:\/\/schema.org","@graph":[{"@type":"Article","@id":"https:\/\/buletin.de\/bucuresti\/interviu-cat-costa-reabilitarea-forturilor-bucurestilor-patru-poluri-despre-istorie-natura-arte-si-divertisment\/#article","isPartOf":{"@id":"https:\/\/buletin.de\/bucuresti\/interviu-cat-costa-reabilitarea-forturilor-bucurestilor-patru-poluri-despre-istorie-natura-arte-si-divertisment\/"},"author":{"name":"Florin R\u00e2\u0219teiu","@id":"https:\/\/buletin.de\/bucuresti\/#\/schema\/person\/b0686d7a8b666c6afc78239777fd8a89"},"headline":"INTERVIU | C\u00e2t cost\u0103 reabilitarea Forturilor Bucure\u0219tilor: patru poluri despre Istorie, Natur\u0103, Arte \u0219i Divertisment","datePublished":"2022-09-12T17:02:34+00:00","dateModified":"2024-09-11T05:57:03+00:00","mainEntityOfPage":{"@id":"https:\/\/buletin.de\/bucuresti\/interviu-cat-costa-reabilitarea-forturilor-bucurestilor-patru-poluri-despre-istorie-natura-arte-si-divertisment\/"},"wordCount":2502,"publisher":{"@id":"https:\/\/buletin.de\/bucuresti\/#organization"},"image":{"@id":"https:\/\/buletin.de\/bucuresti\/interviu-cat-costa-reabilitarea-forturilor-bucurestilor-patru-poluri-despre-istorie-natura-arte-si-divertisment\/#primaryimage"},"thumbnailUrl":"https:\/\/buletin.de\/bucuresti\/wp-content\/uploads\/Catelu-arte-min-1.jpg","articleSection":["Featured","Interviu"],"inLanguage":"en-GB","copyrightYear":"2022","copyrightHolder":{"@id":"https:\/\/buletin.de\/bucuresti\/#organization"}},{"@type":"WebPage","@id":"https:\/\/buletin.de\/bucuresti\/interviu-cat-costa-reabilitarea-forturilor-bucurestilor-patru-poluri-despre-istorie-natura-arte-si-divertisment\/","url":"https:\/\/buletin.de\/bucuresti\/interviu-cat-costa-reabilitarea-forturilor-bucurestilor-patru-poluri-despre-istorie-natura-arte-si-divertisment\/","name":"INTERVIU | C\u00e2t cost\u0103 reabilitarea Forturilor Bucure\u0219tilor: patru poluri despre Istorie, Natur\u0103, Arte \u0219i Divertisment - Buletin de Bucure\u0219ti","isPartOf":{"@id":"https:\/\/buletin.de\/bucuresti\/#website"},"primaryImageOfPage":{"@id":"https:\/\/buletin.de\/bucuresti\/interviu-cat-costa-reabilitarea-forturilor-bucurestilor-patru-poluri-despre-istorie-natura-arte-si-divertisment\/#primaryimage"},"image":{"@id":"https:\/\/buletin.de\/bucuresti\/interviu-cat-costa-reabilitarea-forturilor-bucurestilor-patru-poluri-despre-istorie-natura-arte-si-divertisment\/#primaryimage"},"thumbnailUrl":"https:\/\/buletin.de\/bucuresti\/wp-content\/uploads\/Catelu-arte-min-1.jpg","datePublished":"2022-09-12T17:02:34+00:00","dateModified":"2024-09-11T05:57:03+00:00","description":"C\u00e2t cost\u0103 reabilitarea Forturilor Bucure\u0219tilor. BdB a stat de vorb\u0103 cu Ciprian Pl\u0103ia\u0219u, pre\u0219edintelele Asocia\u021biei Turism Istoric.","breadcrumb":{"@id":"https:\/\/buletin.de\/bucuresti\/interviu-cat-costa-reabilitarea-forturilor-bucurestilor-patru-poluri-despre-istorie-natura-arte-si-divertisment\/#breadcrumb"},"inLanguage":"en-GB","potentialAction":[{"@type":"ReadAction","target":["https:\/\/buletin.de\/bucuresti\/interviu-cat-costa-reabilitarea-forturilor-bucurestilor-patru-poluri-despre-istorie-natura-arte-si-divertisment\/"]}]},{"@type":"ImageObject","inLanguage":"en-GB","@id":"https:\/\/buletin.de\/bucuresti\/interviu-cat-costa-reabilitarea-forturilor-bucurestilor-patru-poluri-despre-istorie-natura-arte-si-divertisment\/#primaryimage","url":"https:\/\/buletin.de\/bucuresti\/wp-content\/uploads\/Catelu-arte-min-1.jpg","contentUrl":"https:\/\/buletin.de\/bucuresti\/wp-content\/uploads\/Catelu-arte-min-1.jpg","width":1000,"height":563,"caption":"C\u00e2t cost\u0103 reabilitarea Forturilor Bucure\u0219tilor. BdB a stat de vorb\u0103 cu Ciprian Pl\u0103ia\u0219u"},{"@type":"BreadcrumbList","@id":"https:\/\/buletin.de\/bucuresti\/interviu-cat-costa-reabilitarea-forturilor-bucurestilor-patru-poluri-despre-istorie-natura-arte-si-divertisment\/#breadcrumb","itemListElement":[{"@type":"ListItem","position":1,"name":"Acas\u0103","item":"https:\/\/buletin.de\/bucuresti\/"},{"@type":"ListItem","position":2,"name":"INTERVIU | C\u00e2t cost\u0103 reabilitarea Forturilor Bucure\u0219tilor: patru poluri despre Istorie, Natur\u0103, Arte \u0219i Divertisment"}]},{"@type":"WebSite","@id":"https:\/\/buletin.de\/bucuresti\/#website","url":"https:\/\/buletin.de\/bucuresti\/","name":"Buletin de Bucure\u0219ti","description":"\u0218tiri \u0219i investiga\u021bii esen\u021biale din capital\u0103","publisher":{"@id":"https:\/\/buletin.de\/bucuresti\/#organization"},"potentialAction":[{"@type":"SearchAction","target":{"@type":"EntryPoint","urlTemplate":"https:\/\/buletin.de\/bucuresti\/?s={search_term_string}"},"query-input":{"@type":"PropertyValueSpecification","valueRequired":true,"valueName":"search_term_string"}}],"inLanguage":"en-GB"},{"@type":"Organization","@id":"https:\/\/buletin.de\/bucuresti\/#organization","name":"Buletin de Bucure\u0219ti","url":"https:\/\/buletin.de\/bucuresti\/","logo":{"@type":"ImageObject","inLanguage":"en-GB","@id":"https:\/\/buletin.de\/bucuresti\/#\/schema\/logo\/image\/","url":"https:\/\/buletin.de\/bucuresti\/wp-content\/uploads\/logo-bdb-full-wide-vernil-transparent.png","contentUrl":"https:\/\/buletin.de\/bucuresti\/wp-content\/uploads\/logo-bdb-full-wide-vernil-transparent.png","width":1782,"height":626,"caption":"Buletin de Bucure\u0219ti"},"image":{"@id":"https:\/\/buletin.de\/bucuresti\/#\/schema\/logo\/image\/"},"sameAs":["https:\/\/www.facebook.com\/buletin.de.buc","https:\/\/www.instagram.com\/buletinde.bucuresti\/"]},{"@type":"Person","@id":"https:\/\/buletin.de\/bucuresti\/#\/schema\/person\/b0686d7a8b666c6afc78239777fd8a89","name":"Florin R\u00e2\u0219teiu","image":{"@type":"ImageObject","inLanguage":"en-GB","@id":"https:\/\/buletin.de\/bucuresti\/wp-content\/uploads\/Florin-Rasteiu-96x96.jpgf0a6fe28453aa12f0a60e4d0a2e3a78c","url":"https:\/\/buletin.de\/bucuresti\/wp-content\/uploads\/Florin-Rasteiu-96x96.jpg","contentUrl":"https:\/\/buletin.de\/bucuresti\/wp-content\/uploads\/Florin-Rasteiu-96x96.jpg","caption":"Florin R\u00e2\u0219teiu"},"description":"Jurnalist de investiga\u021bie. Lucreaz\u0103 de aproape 6 ani la Buletin de Bucure\u0219ti, unde a publicat articole care scot la suprafa\u021b\u0103 corup\u021bia din Capital\u0103. Analizeaz\u0103 baze de date zilnic \u0219i scoate pove\u0219ti din exceluri pline de cifre. Pune reflectorul pe adev\u0103r cu fiecare ocazie. A c\u00e2\u0219tigat premiul I la categoria Pres\u0103 Local\u0103 \u00een 2025 \u0219i locul al II-lea la aceea\u0219i categorie \u00een 2024 \u00een cadrul Premiilor Superscrieri pentru jurnalism independent.","url":"https:\/\/buletin.de\/bucuresti\/author\/florinrasteiu\/"}]}},"authors":[{"term_id":22576,"user_id":17,"is_guest":0,"slug":"florinrasteiu","display_name":"Florin R\u00e2\u0219teiu","avatar_url":"https:\/\/buletin.de\/bucuresti\/wp-content\/uploads\/Florin-Rasteiu-96x96.jpg","0":null,"1":"","2":"","3":"","4":"","5":"","6":"","7":"","8":""}],"_links":{"self":[{"href":"https:\/\/buletin.de\/bucuresti\/wp-json\/wp\/v2\/posts\/46145","targetHints":{"allow":["GET"]}}],"collection":[{"href":"https:\/\/buletin.de\/bucuresti\/wp-json\/wp\/v2\/posts"}],"about":[{"href":"https:\/\/buletin.de\/bucuresti\/wp-json\/wp\/v2\/types\/post"}],"author":[{"embeddable":true,"href":"https:\/\/buletin.de\/bucuresti\/wp-json\/wp\/v2\/users\/17"}],"replies":[{"embeddable":true,"href":"https:\/\/buletin.de\/bucuresti\/wp-json\/wp\/v2\/comments?post=46145"}],"version-history":[{"count":14,"href":"https:\/\/buletin.de\/bucuresti\/wp-json\/wp\/v2\/posts\/46145\/revisions"}],"predecessor-version":[{"id":97764,"href":"https:\/\/buletin.de\/bucuresti\/wp-json\/wp\/v2\/posts\/46145\/revisions\/97764"}],"wp:featuredmedia":[{"embeddable":true,"href":"https:\/\/buletin.de\/bucuresti\/wp-json\/wp\/v2\/media\/46159"}],"wp:attachment":[{"href":"https:\/\/buletin.de\/bucuresti\/wp-json\/wp\/v2\/media?parent=46145"}],"wp:term":[{"taxonomy":"category","embeddable":true,"href":"https:\/\/buletin.de\/bucuresti\/wp-json\/wp\/v2\/categories?post=46145"},{"taxonomy":"post_tag","embeddable":true,"href":"https:\/\/buletin.de\/bucuresti\/wp-json\/wp\/v2\/tags?post=46145"},{"taxonomy":"author","embeddable":true,"href":"https:\/\/buletin.de\/bucuresti\/wp-json\/wp\/v2\/ppma_author?post=46145"}],"curies":[{"name":"wp","href":"https:\/\/api.w.org\/{rel}","templated":true}]}}