{"id":46092,"date":"2022-09-09T11:52:29","date_gmt":"2022-09-09T09:52:29","guid":{"rendered":"https:\/\/buletin.de\/bucuresti\/?p=46092"},"modified":"2023-09-19T14:43:36","modified_gmt":"2023-09-19T12:43:36","slug":"nicusor-dan-bucurestenii-vor-avea-o-iarna-mai-usoara-decat-anul-trecut","status":"publish","type":"post","link":"https:\/\/buletin.de\/bucuresti\/nicusor-dan-bucurestenii-vor-avea-o-iarna-mai-usoara-decat-anul-trecut\/","title":{"rendered":"Nicu\u0219or Dan: &#8220;Bucure\u0219tenii vor avea o iarn\u0103 mai u\u0219oar\u0103 dec\u00e2t anul trecut&#8221;"},"content":{"rendered":"\n<p>Primarul Capitalei a declarat, \u00eentr-un interviu pentru <a href=\"https:\/\/romania.europalibera.org\/a\/nicusor-dan-despre-cum-va-fi-iarna-in-bucuresti-avarii-retea-de-termoficare-si-despre-o-noua-candidatura-la-primaria-capitalei\/32024023.html\">Europa Liber\u0103,<\/a> c\u0103 iarna aceasta vor fi mai pu\u021bine probleme legate de c\u0103ldur\u0103 fa\u021b\u0103 de anul trecut. Totodat\u0103, edilul a anun\u021bat, ieri, c\u0103 centrala provizorie din Titan va fi pus\u0103 \u00een func\u021biune p\u00e2n\u0103 la sf\u00e2r\u0219itul anului. Asta \u00eenseamn\u0103 c\u0103 locuitorii din Colentina, Tei \u0219i Pantelimon vor avea ap\u0103 cald\u0103 \u0219i c\u0103ldur\u0103 \u00een parametri normali. <\/p>\n\n\n\n<p>Primarul recunoa\u0219te c\u0103 \u0219i anul acesta vor fi probleme legate de c\u0103ldur\u0103, \u00eens\u0103 sus\u021bine c\u0103 vor fi mai pu\u021bine dec\u00e2t \u00een trecut.<\/p>\n\n\n\n<p>\u201eIarna asta va fi mai bine dec\u00e2t iarna trecut\u0103. Asta e cert! (&#8230;) 2023 o s\u0103 fie mai bine pentru c\u0103, \u00een primul r\u00e2nd, avem o central\u0103 provizorie pe care o mont\u0103m la Titan, loca\u021bia fostului CET Titan, \u0219i care o s\u0103 fie gata, sper\u0103m, \u00een decembrie \u0219i asta o s\u0103 rezolve pe partea de Est, pentru c\u0103 problema cea mai mare \u00een Bucure\u0219ti pe sistemul de termoficare vine din dispari\u021bia CET Titan, CET Pipera. \u0218i atunci, trebuie s\u0103 zicem, din Sud, toat\u0103 apa cald\u0103, p\u00e2n\u0103 \u00een zona de Nord, pun\u00e2nd o central\u0103 provizorie la mijlocul acestei distan\u021be, o s\u0103 rezolv\u0103m o parte din problem\u0103. Al doilea punct, am f\u0103cut o parte din acele repara\u021bii care trebuiau f\u0103cute\u201d, a declarat edilul pentru Europa Liber\u0103.<\/p>\n\n\n\n<p>Iarna trecut\u0103 media a fost de 5% apartamente din Bucure\u0219ti care nu au avut c\u0103ldur\u0103 sau care au avut probleme cu apa cald\u0103, potrivit declara\u021biilor f\u0103cute de primar. De asemenea, el a spus c\u0103 iarna din 2020 a fost mai r\u0103u de at\u00e2t \u0219i a amintit de avaria major\u0103 care a avut loc \u00een ajun de Cr\u0103ciun \u0219i a l\u0103sat oameni f\u0103r\u0103 ap\u0103 cald\u0103 dou\u0103 &#8211; trei s\u0103pt\u0103m\u00e2ni. <\/p>\n\n\n\n<p>&#8220;Noi trebuie s\u0103 privim problema termofic\u0103rii \u00een perspectiv\u0103, s\u0103 vedem de unde vine \u0219i anume dintr-o lips\u0103 de finan\u021bare. Sunt dou\u0103 date care sunt relevante. O dat\u0103, \u00een 10 ani, s-au dat cu dou\u0103 miliarde \u0219i jum\u0103tate de lei mai pu\u021bin pentru sistemul de termoficare, o medie sub 700 de milioane, c\u00e2nd trebuia s\u0103 se dea 950 de milioane de lei.<\/p>\n\n\n\n<p>Al doilea aspect, indicatorul cel mai corect pentru ce \u00eenseamn\u0103 calitatea sistemului de termoficare: c\u00e2t\u0103 ap\u0103 pierdem. Exist\u0103 un grafic pe ani, \u00een care se vede c\u0103, \u00een urm\u0103 cu 10 ani, eram la 23% &#8211; 24% pierdere \u0219i am ajuns \u00een 2020 la 37% pierdere&#8221;, a mai spus Nicu\u0219or Dan, \u00een interviul dat. <\/p>\n\n\n\n<p>Referitor la lucr\u0103rile de refacere a re\u021belei de termoficare, primarul spune c\u0103, \u00een prezent, sunt patru \u0219antiere mari: Ferentari, Berceni, Pantelimon \u0219i Mihalache-Amzei. \u00cen total sunt 13 km de conducte de re\u021bea primar\u0103 care au fost schimba\u021bi. La acestea urmeaz\u0103 s\u0103 se adauge alte cinci \u0219antiere noi, \u00een prim\u0103vara viitoare, odat\u0103 ce se \u00eencheie contractele. <\/p>\n\n\n\n<p>Surs\u0103 foto cover: Ion Mate\u0219<\/p>\n","protected":false},"excerpt":{"rendered":"<p>Primarul Capitalei a declarat, \u00eentr-un interviu pentru Europa Liber\u0103, c\u0103 iarna aceasta vor fi mai pu\u021bine probleme legate de c\u0103ldur\u0103 fa\u021b\u0103 de anul trecut. Totodat\u0103, edilul a anun\u021bat, ieri, c\u0103 centrala provizorie din Titan va fi pus\u0103 \u00een func\u021biune p\u00e2n\u0103 la sf\u00e2r\u0219itul anului. Asta \u00eenseamn\u0103 c\u0103 locuitorii din Colentina, Tei \u0219i Pantelimon vor avea ap\u0103 [&hellip;]<\/p>\n","protected":false},"author":42,"featured_media":46097,"comment_status":"closed","ping_status":"open","sticky":false,"template":"","format":"standard","meta":{"_acf_changed":false,"inline_featured_image":false,"ngg_post_thumbnail":0,"footnotes":""},"categories":[62,6214],"tags":[9,248,4537,223,533],"ppma_author":[22603],"class_list":["post-46092","post","type-post","status-publish","format-standard","has-post-thumbnail","hentry","category-stiri","category-termo","tag-bucuresti","tag-caldura","tag-europa-libera","tag-nicusor-dan","tag-termoenergetica"],"acf":[],"yoast_head":"<!-- This site is optimized with the Yoast SEO Premium plugin v25.3 (Yoast SEO v27.4) - https:\/\/yoast.com\/product\/yoast-seo-premium-wordpress\/ -->\n<title>Nicu\u0219or Dan: &quot;Bucure\u0219tenii vor avea o iarn\u0103 mai u\u0219oar\u0103 dec\u00e2t anul trecut&quot; - Buletin de Bucure\u0219ti<\/title>\n<meta name=\"description\" content=\"Primarul Capitalei a vorbit ieri, \u00eentr-o conferin\u021b\u0103 de pres\u0103, \u0219i a anun\u021bat c\u0103 centrala provizorie din Titan va fi pus\u0103 \u00een func\u021biune p\u00e2n\u0103 la sf\u00e2r\u0219itul anului.\" \/>\n<meta name=\"robots\" content=\"index, follow, max-snippet:-1, max-image-preview:large, max-video-preview:-1\" \/>\n<link rel=\"canonical\" href=\"https:\/\/buletin.de\/bucuresti\/nicusor-dan-bucurestenii-vor-avea-o-iarna-mai-usoara-decat-anul-trecut\/\" \/>\n<meta property=\"og:locale\" content=\"en_GB\" \/>\n<meta property=\"og:type\" content=\"article\" \/>\n<meta property=\"og:title\" content=\"Nicu\u0219or Dan: &quot;Bucure\u0219tenii vor avea o iarn\u0103 mai u\u0219oar\u0103 dec\u00e2t anul trecut&quot;\" \/>\n<meta property=\"og:description\" content=\"Primarul Capitalei a vorbit ieri, \u00eentr-o conferin\u021b\u0103 de pres\u0103, \u0219i a anun\u021bat c\u0103 centrala provizorie din Titan va fi pus\u0103 \u00een func\u021biune p\u00e2n\u0103 la sf\u00e2r\u0219itul anului.\" \/>\n<meta property=\"og:url\" content=\"https:\/\/buletin.de\/bucuresti\/nicusor-dan-bucurestenii-vor-avea-o-iarna-mai-usoara-decat-anul-trecut\/\" \/>\n<meta property=\"og:site_name\" content=\"Buletin de Bucure\u0219ti\" \/>\n<meta property=\"article:publisher\" content=\"https:\/\/www.facebook.com\/buletin.de.buc\" \/>\n<meta property=\"article:published_time\" content=\"2022-09-09T09:52:29+00:00\" \/>\n<meta property=\"article:modified_time\" content=\"2023-09-19T12:43:36+00:00\" \/>\n<meta property=\"og:image\" content=\"https:\/\/buletin.de\/bucuresti\/wp-content\/uploads\/byJohnny-364-013.jpg\" \/>\n\t<meta property=\"og:image:width\" content=\"2000\" \/>\n\t<meta property=\"og:image:height\" content=\"1333\" \/>\n\t<meta property=\"og:image:type\" content=\"image\/jpeg\" \/>\n<meta name=\"author\" content=\"Andra Mure\u0219an\" \/>\n<meta name=\"twitter:card\" content=\"summary_large_image\" \/>\n<meta name=\"twitter:label1\" content=\"Written by\" \/>\n\t<meta name=\"twitter:data1\" content=\"Andra Mure\u0219an\" \/>\n\t<meta name=\"twitter:label2\" content=\"Estimated reading time\" \/>\n\t<meta name=\"twitter:data2\" content=\"2 minutes\" \/>\n<script type=\"application\/ld+json\" class=\"yoast-schema-graph\">{\"@context\":\"https:\\\/\\\/schema.org\",\"@graph\":[{\"@type\":\"Article\",\"@id\":\"https:\\\/\\\/buletin.de\\\/bucuresti\\\/nicusor-dan-bucurestenii-vor-avea-o-iarna-mai-usoara-decat-anul-trecut\\\/#article\",\"isPartOf\":{\"@id\":\"https:\\\/\\\/buletin.de\\\/bucuresti\\\/nicusor-dan-bucurestenii-vor-avea-o-iarna-mai-usoara-decat-anul-trecut\\\/\"},\"author\":{\"name\":\"Andra Mure\u0219an\",\"@id\":\"https:\\\/\\\/buletin.de\\\/bucuresti\\\/#\\\/schema\\\/person\\\/2305426a193cfbaadc0b30023ee5d01c\"},\"headline\":\"Nicu\u0219or Dan: &#8220;Bucure\u0219tenii vor avea o iarn\u0103 mai u\u0219oar\u0103 dec\u00e2t anul trecut&#8221;\",\"datePublished\":\"2022-09-09T09:52:29+00:00\",\"dateModified\":\"2023-09-19T12:43:36+00:00\",\"mainEntityOfPage\":{\"@id\":\"https:\\\/\\\/buletin.de\\\/bucuresti\\\/nicusor-dan-bucurestenii-vor-avea-o-iarna-mai-usoara-decat-anul-trecut\\\/\"},\"wordCount\":504,\"publisher\":{\"@id\":\"https:\\\/\\\/buletin.de\\\/bucuresti\\\/#organization\"},\"image\":{\"@id\":\"https:\\\/\\\/buletin.de\\\/bucuresti\\\/nicusor-dan-bucurestenii-vor-avea-o-iarna-mai-usoara-decat-anul-trecut\\\/#primaryimage\"},\"thumbnailUrl\":\"https:\\\/\\\/buletin.de\\\/bucuresti\\\/wp-content\\\/uploads\\\/byJohnny-364-013.jpg\",\"keywords\":[\"bucuresti\",\"caldura\",\"europa libera\",\"nicusor dan\",\"termoenergetica\"],\"articleSection\":[\"\u0218tiri\",\"Termoficare\"],\"inLanguage\":\"en-GB\",\"copyrightYear\":\"2022\",\"copyrightHolder\":{\"@id\":\"https:\\\/\\\/buletin.de\\\/bucuresti\\\/#organization\"}},{\"@type\":\"WebPage\",\"@id\":\"https:\\\/\\\/buletin.de\\\/bucuresti\\\/nicusor-dan-bucurestenii-vor-avea-o-iarna-mai-usoara-decat-anul-trecut\\\/\",\"url\":\"https:\\\/\\\/buletin.de\\\/bucuresti\\\/nicusor-dan-bucurestenii-vor-avea-o-iarna-mai-usoara-decat-anul-trecut\\\/\",\"name\":\"Nicu\u0219or Dan: \\\"Bucure\u0219tenii vor avea o iarn\u0103 mai u\u0219oar\u0103 dec\u00e2t anul trecut\\\" - Buletin de Bucure\u0219ti\",\"isPartOf\":{\"@id\":\"https:\\\/\\\/buletin.de\\\/bucuresti\\\/#website\"},\"primaryImageOfPage\":{\"@id\":\"https:\\\/\\\/buletin.de\\\/bucuresti\\\/nicusor-dan-bucurestenii-vor-avea-o-iarna-mai-usoara-decat-anul-trecut\\\/#primaryimage\"},\"image\":{\"@id\":\"https:\\\/\\\/buletin.de\\\/bucuresti\\\/nicusor-dan-bucurestenii-vor-avea-o-iarna-mai-usoara-decat-anul-trecut\\\/#primaryimage\"},\"thumbnailUrl\":\"https:\\\/\\\/buletin.de\\\/bucuresti\\\/wp-content\\\/uploads\\\/byJohnny-364-013.jpg\",\"datePublished\":\"2022-09-09T09:52:29+00:00\",\"dateModified\":\"2023-09-19T12:43:36+00:00\",\"description\":\"Primarul Capitalei a vorbit ieri, \u00eentr-o conferin\u021b\u0103 de pres\u0103, \u0219i a anun\u021bat c\u0103 centrala provizorie din Titan va fi pus\u0103 \u00een func\u021biune p\u00e2n\u0103 la sf\u00e2r\u0219itul anului.\",\"breadcrumb\":{\"@id\":\"https:\\\/\\\/buletin.de\\\/bucuresti\\\/nicusor-dan-bucurestenii-vor-avea-o-iarna-mai-usoara-decat-anul-trecut\\\/#breadcrumb\"},\"inLanguage\":\"en-GB\",\"potentialAction\":[{\"@type\":\"ReadAction\",\"target\":[\"https:\\\/\\\/buletin.de\\\/bucuresti\\\/nicusor-dan-bucurestenii-vor-avea-o-iarna-mai-usoara-decat-anul-trecut\\\/\"]}]},{\"@type\":\"ImageObject\",\"inLanguage\":\"en-GB\",\"@id\":\"https:\\\/\\\/buletin.de\\\/bucuresti\\\/nicusor-dan-bucurestenii-vor-avea-o-iarna-mai-usoara-decat-anul-trecut\\\/#primaryimage\",\"url\":\"https:\\\/\\\/buletin.de\\\/bucuresti\\\/wp-content\\\/uploads\\\/byJohnny-364-013.jpg\",\"contentUrl\":\"https:\\\/\\\/buletin.de\\\/bucuresti\\\/wp-content\\\/uploads\\\/byJohnny-364-013.jpg\",\"width\":2000,\"height\":1333},{\"@type\":\"BreadcrumbList\",\"@id\":\"https:\\\/\\\/buletin.de\\\/bucuresti\\\/nicusor-dan-bucurestenii-vor-avea-o-iarna-mai-usoara-decat-anul-trecut\\\/#breadcrumb\",\"itemListElement\":[{\"@type\":\"ListItem\",\"position\":1,\"name\":\"Acas\u0103\",\"item\":\"https:\\\/\\\/buletin.de\\\/bucuresti\\\/\"},{\"@type\":\"ListItem\",\"position\":2,\"name\":\"Nicu\u0219or Dan: &#8220;Bucure\u0219tenii vor avea o iarn\u0103 mai u\u0219oar\u0103 dec\u00e2t anul trecut&#8221;\"}]},{\"@type\":\"WebSite\",\"@id\":\"https:\\\/\\\/buletin.de\\\/bucuresti\\\/#website\",\"url\":\"https:\\\/\\\/buletin.de\\\/bucuresti\\\/\",\"name\":\"Buletin de Bucure\u0219ti\",\"description\":\"\u0218tiri \u0219i investiga\u021bii esen\u021biale din capital\u0103\",\"publisher\":{\"@id\":\"https:\\\/\\\/buletin.de\\\/bucuresti\\\/#organization\"},\"potentialAction\":[{\"@type\":\"SearchAction\",\"target\":{\"@type\":\"EntryPoint\",\"urlTemplate\":\"https:\\\/\\\/buletin.de\\\/bucuresti\\\/?s={search_term_string}\"},\"query-input\":{\"@type\":\"PropertyValueSpecification\",\"valueRequired\":true,\"valueName\":\"search_term_string\"}}],\"inLanguage\":\"en-GB\"},{\"@type\":\"Organization\",\"@id\":\"https:\\\/\\\/buletin.de\\\/bucuresti\\\/#organization\",\"name\":\"Buletin de Bucure\u0219ti\",\"url\":\"https:\\\/\\\/buletin.de\\\/bucuresti\\\/\",\"logo\":{\"@type\":\"ImageObject\",\"inLanguage\":\"en-GB\",\"@id\":\"https:\\\/\\\/buletin.de\\\/bucuresti\\\/#\\\/schema\\\/logo\\\/image\\\/\",\"url\":\"https:\\\/\\\/buletin.de\\\/bucuresti\\\/wp-content\\\/uploads\\\/logo-bdb-full-wide-vernil-transparent.png\",\"contentUrl\":\"https:\\\/\\\/buletin.de\\\/bucuresti\\\/wp-content\\\/uploads\\\/logo-bdb-full-wide-vernil-transparent.png\",\"width\":1782,\"height\":626,\"caption\":\"Buletin de Bucure\u0219ti\"},\"image\":{\"@id\":\"https:\\\/\\\/buletin.de\\\/bucuresti\\\/#\\\/schema\\\/logo\\\/image\\\/\"},\"sameAs\":[\"https:\\\/\\\/www.facebook.com\\\/buletin.de.buc\",\"https:\\\/\\\/www.instagram.com\\\/buletinde.bucuresti\\\/\"]},{\"@type\":\"Person\",\"@id\":\"https:\\\/\\\/buletin.de\\\/bucuresti\\\/#\\\/schema\\\/person\\\/2305426a193cfbaadc0b30023ee5d01c\",\"name\":\"Andra Mure\u0219an\",\"image\":{\"@type\":\"ImageObject\",\"inLanguage\":\"en-GB\",\"@id\":\"https:\\\/\\\/secure.gravatar.com\\\/avatar\\\/0f89940de76acadc8ab9c36e6cec5b672fc84ab1bf1537562fa8584e29dfa8a5?s=96&d=monsterid&r=g30a40ed95e1c0fc67315c6f2c6fa871e\",\"url\":\"https:\\\/\\\/secure.gravatar.com\\\/avatar\\\/0f89940de76acadc8ab9c36e6cec5b672fc84ab1bf1537562fa8584e29dfa8a5?s=96&d=monsterid&r=g\",\"contentUrl\":\"https:\\\/\\\/secure.gravatar.com\\\/avatar\\\/0f89940de76acadc8ab9c36e6cec5b672fc84ab1bf1537562fa8584e29dfa8a5?s=96&d=monsterid&r=g\",\"caption\":\"Andra Mure\u0219an\"},\"url\":\"https:\\\/\\\/buletin.de\\\/bucuresti\\\/author\\\/andra\\\/\"}]}<\/script>\n<!-- \/ Yoast SEO Premium plugin. -->","yoast_head_json":{"title":"Nicu\u0219or Dan: \"Bucure\u0219tenii vor avea o iarn\u0103 mai u\u0219oar\u0103 dec\u00e2t anul trecut\" - Buletin de Bucure\u0219ti","description":"Primarul Capitalei a vorbit ieri, \u00eentr-o conferin\u021b\u0103 de pres\u0103, \u0219i a anun\u021bat c\u0103 centrala provizorie din Titan va fi pus\u0103 \u00een func\u021biune p\u00e2n\u0103 la sf\u00e2r\u0219itul anului.","robots":{"index":"index","follow":"follow","max-snippet":"max-snippet:-1","max-image-preview":"max-image-preview:large","max-video-preview":"max-video-preview:-1"},"canonical":"https:\/\/buletin.de\/bucuresti\/nicusor-dan-bucurestenii-vor-avea-o-iarna-mai-usoara-decat-anul-trecut\/","og_locale":"en_GB","og_type":"article","og_title":"Nicu\u0219or Dan: \"Bucure\u0219tenii vor avea o iarn\u0103 mai u\u0219oar\u0103 dec\u00e2t anul trecut\"","og_description":"Primarul Capitalei a vorbit ieri, \u00eentr-o conferin\u021b\u0103 de pres\u0103, \u0219i a anun\u021bat c\u0103 centrala provizorie din Titan va fi pus\u0103 \u00een func\u021biune p\u00e2n\u0103 la sf\u00e2r\u0219itul anului.","og_url":"https:\/\/buletin.de\/bucuresti\/nicusor-dan-bucurestenii-vor-avea-o-iarna-mai-usoara-decat-anul-trecut\/","og_site_name":"Buletin de Bucure\u0219ti","article_publisher":"https:\/\/www.facebook.com\/buletin.de.buc","article_published_time":"2022-09-09T09:52:29+00:00","article_modified_time":"2023-09-19T12:43:36+00:00","og_image":[{"width":2000,"height":1333,"url":"https:\/\/buletin.de\/bucuresti\/wp-content\/uploads\/byJohnny-364-013.jpg","type":"image\/jpeg"}],"author":"Andra Mure\u0219an","twitter_card":"summary_large_image","twitter_misc":{"Written by":"Andra Mure\u0219an","Estimated reading time":"2 minutes"},"schema":{"@context":"https:\/\/schema.org","@graph":[{"@type":"Article","@id":"https:\/\/buletin.de\/bucuresti\/nicusor-dan-bucurestenii-vor-avea-o-iarna-mai-usoara-decat-anul-trecut\/#article","isPartOf":{"@id":"https:\/\/buletin.de\/bucuresti\/nicusor-dan-bucurestenii-vor-avea-o-iarna-mai-usoara-decat-anul-trecut\/"},"author":{"name":"Andra Mure\u0219an","@id":"https:\/\/buletin.de\/bucuresti\/#\/schema\/person\/2305426a193cfbaadc0b30023ee5d01c"},"headline":"Nicu\u0219or Dan: &#8220;Bucure\u0219tenii vor avea o iarn\u0103 mai u\u0219oar\u0103 dec\u00e2t anul trecut&#8221;","datePublished":"2022-09-09T09:52:29+00:00","dateModified":"2023-09-19T12:43:36+00:00","mainEntityOfPage":{"@id":"https:\/\/buletin.de\/bucuresti\/nicusor-dan-bucurestenii-vor-avea-o-iarna-mai-usoara-decat-anul-trecut\/"},"wordCount":504,"publisher":{"@id":"https:\/\/buletin.de\/bucuresti\/#organization"},"image":{"@id":"https:\/\/buletin.de\/bucuresti\/nicusor-dan-bucurestenii-vor-avea-o-iarna-mai-usoara-decat-anul-trecut\/#primaryimage"},"thumbnailUrl":"https:\/\/buletin.de\/bucuresti\/wp-content\/uploads\/byJohnny-364-013.jpg","keywords":["bucuresti","caldura","europa libera","nicusor dan","termoenergetica"],"articleSection":["\u0218tiri","Termoficare"],"inLanguage":"en-GB","copyrightYear":"2022","copyrightHolder":{"@id":"https:\/\/buletin.de\/bucuresti\/#organization"}},{"@type":"WebPage","@id":"https:\/\/buletin.de\/bucuresti\/nicusor-dan-bucurestenii-vor-avea-o-iarna-mai-usoara-decat-anul-trecut\/","url":"https:\/\/buletin.de\/bucuresti\/nicusor-dan-bucurestenii-vor-avea-o-iarna-mai-usoara-decat-anul-trecut\/","name":"Nicu\u0219or Dan: \"Bucure\u0219tenii vor avea o iarn\u0103 mai u\u0219oar\u0103 dec\u00e2t anul trecut\" - Buletin de Bucure\u0219ti","isPartOf":{"@id":"https:\/\/buletin.de\/bucuresti\/#website"},"primaryImageOfPage":{"@id":"https:\/\/buletin.de\/bucuresti\/nicusor-dan-bucurestenii-vor-avea-o-iarna-mai-usoara-decat-anul-trecut\/#primaryimage"},"image":{"@id":"https:\/\/buletin.de\/bucuresti\/nicusor-dan-bucurestenii-vor-avea-o-iarna-mai-usoara-decat-anul-trecut\/#primaryimage"},"thumbnailUrl":"https:\/\/buletin.de\/bucuresti\/wp-content\/uploads\/byJohnny-364-013.jpg","datePublished":"2022-09-09T09:52:29+00:00","dateModified":"2023-09-19T12:43:36+00:00","description":"Primarul Capitalei a vorbit ieri, \u00eentr-o conferin\u021b\u0103 de pres\u0103, \u0219i a anun\u021bat c\u0103 centrala provizorie din Titan va fi pus\u0103 \u00een func\u021biune p\u00e2n\u0103 la sf\u00e2r\u0219itul anului.","breadcrumb":{"@id":"https:\/\/buletin.de\/bucuresti\/nicusor-dan-bucurestenii-vor-avea-o-iarna-mai-usoara-decat-anul-trecut\/#breadcrumb"},"inLanguage":"en-GB","potentialAction":[{"@type":"ReadAction","target":["https:\/\/buletin.de\/bucuresti\/nicusor-dan-bucurestenii-vor-avea-o-iarna-mai-usoara-decat-anul-trecut\/"]}]},{"@type":"ImageObject","inLanguage":"en-GB","@id":"https:\/\/buletin.de\/bucuresti\/nicusor-dan-bucurestenii-vor-avea-o-iarna-mai-usoara-decat-anul-trecut\/#primaryimage","url":"https:\/\/buletin.de\/bucuresti\/wp-content\/uploads\/byJohnny-364-013.jpg","contentUrl":"https:\/\/buletin.de\/bucuresti\/wp-content\/uploads\/byJohnny-364-013.jpg","width":2000,"height":1333},{"@type":"BreadcrumbList","@id":"https:\/\/buletin.de\/bucuresti\/nicusor-dan-bucurestenii-vor-avea-o-iarna-mai-usoara-decat-anul-trecut\/#breadcrumb","itemListElement":[{"@type":"ListItem","position":1,"name":"Acas\u0103","item":"https:\/\/buletin.de\/bucuresti\/"},{"@type":"ListItem","position":2,"name":"Nicu\u0219or Dan: &#8220;Bucure\u0219tenii vor avea o iarn\u0103 mai u\u0219oar\u0103 dec\u00e2t anul trecut&#8221;"}]},{"@type":"WebSite","@id":"https:\/\/buletin.de\/bucuresti\/#website","url":"https:\/\/buletin.de\/bucuresti\/","name":"Buletin de Bucure\u0219ti","description":"\u0218tiri \u0219i investiga\u021bii esen\u021biale din capital\u0103","publisher":{"@id":"https:\/\/buletin.de\/bucuresti\/#organization"},"potentialAction":[{"@type":"SearchAction","target":{"@type":"EntryPoint","urlTemplate":"https:\/\/buletin.de\/bucuresti\/?s={search_term_string}"},"query-input":{"@type":"PropertyValueSpecification","valueRequired":true,"valueName":"search_term_string"}}],"inLanguage":"en-GB"},{"@type":"Organization","@id":"https:\/\/buletin.de\/bucuresti\/#organization","name":"Buletin de Bucure\u0219ti","url":"https:\/\/buletin.de\/bucuresti\/","logo":{"@type":"ImageObject","inLanguage":"en-GB","@id":"https:\/\/buletin.de\/bucuresti\/#\/schema\/logo\/image\/","url":"https:\/\/buletin.de\/bucuresti\/wp-content\/uploads\/logo-bdb-full-wide-vernil-transparent.png","contentUrl":"https:\/\/buletin.de\/bucuresti\/wp-content\/uploads\/logo-bdb-full-wide-vernil-transparent.png","width":1782,"height":626,"caption":"Buletin de Bucure\u0219ti"},"image":{"@id":"https:\/\/buletin.de\/bucuresti\/#\/schema\/logo\/image\/"},"sameAs":["https:\/\/www.facebook.com\/buletin.de.buc","https:\/\/www.instagram.com\/buletinde.bucuresti\/"]},{"@type":"Person","@id":"https:\/\/buletin.de\/bucuresti\/#\/schema\/person\/2305426a193cfbaadc0b30023ee5d01c","name":"Andra Mure\u0219an","image":{"@type":"ImageObject","inLanguage":"en-GB","@id":"https:\/\/secure.gravatar.com\/avatar\/0f89940de76acadc8ab9c36e6cec5b672fc84ab1bf1537562fa8584e29dfa8a5?s=96&d=monsterid&r=g30a40ed95e1c0fc67315c6f2c6fa871e","url":"https:\/\/secure.gravatar.com\/avatar\/0f89940de76acadc8ab9c36e6cec5b672fc84ab1bf1537562fa8584e29dfa8a5?s=96&d=monsterid&r=g","contentUrl":"https:\/\/secure.gravatar.com\/avatar\/0f89940de76acadc8ab9c36e6cec5b672fc84ab1bf1537562fa8584e29dfa8a5?s=96&d=monsterid&r=g","caption":"Andra Mure\u0219an"},"url":"https:\/\/buletin.de\/bucuresti\/author\/andra\/"}]}},"authors":[{"term_id":22603,"user_id":42,"is_guest":0,"slug":"andra","display_name":"Andra Mure\u0219an","avatar_url":"https:\/\/secure.gravatar.com\/avatar\/0f89940de76acadc8ab9c36e6cec5b672fc84ab1bf1537562fa8584e29dfa8a5?s=96&d=monsterid&r=g","0":null,"1":"","2":"","3":"","4":"","5":"","6":"","7":"","8":""}],"_links":{"self":[{"href":"https:\/\/buletin.de\/bucuresti\/wp-json\/wp\/v2\/posts\/46092","targetHints":{"allow":["GET"]}}],"collection":[{"href":"https:\/\/buletin.de\/bucuresti\/wp-json\/wp\/v2\/posts"}],"about":[{"href":"https:\/\/buletin.de\/bucuresti\/wp-json\/wp\/v2\/types\/post"}],"author":[{"embeddable":true,"href":"https:\/\/buletin.de\/bucuresti\/wp-json\/wp\/v2\/users\/42"}],"replies":[{"embeddable":true,"href":"https:\/\/buletin.de\/bucuresti\/wp-json\/wp\/v2\/comments?post=46092"}],"version-history":[{"count":4,"href":"https:\/\/buletin.de\/bucuresti\/wp-json\/wp\/v2\/posts\/46092\/revisions"}],"predecessor-version":[{"id":46102,"href":"https:\/\/buletin.de\/bucuresti\/wp-json\/wp\/v2\/posts\/46092\/revisions\/46102"}],"wp:featuredmedia":[{"embeddable":true,"href":"https:\/\/buletin.de\/bucuresti\/wp-json\/wp\/v2\/media\/46097"}],"wp:attachment":[{"href":"https:\/\/buletin.de\/bucuresti\/wp-json\/wp\/v2\/media?parent=46092"}],"wp:term":[{"taxonomy":"category","embeddable":true,"href":"https:\/\/buletin.de\/bucuresti\/wp-json\/wp\/v2\/categories?post=46092"},{"taxonomy":"post_tag","embeddable":true,"href":"https:\/\/buletin.de\/bucuresti\/wp-json\/wp\/v2\/tags?post=46092"},{"taxonomy":"author","embeddable":true,"href":"https:\/\/buletin.de\/bucuresti\/wp-json\/wp\/v2\/ppma_author?post=46092"}],"curies":[{"name":"wp","href":"https:\/\/api.w.org\/{rel}","templated":true}]}}